{"id":1061,"date":"2022-04-11T07:00:00","date_gmt":"2022-04-11T10:00:00","guid":{"rendered":"https:\/\/sinepe-rs.org.br\/educacaoempauta\/?p=1061"},"modified":"2022-06-28T12:15:47","modified_gmt":"2022-06-28T15:15:47","slug":"por-que-apostar-em-podcast-como-recurso-pedagogico","status":"publish","type":"post","link":"https:\/\/sinepe-rs.org.br\/educacaoempauta\/inspire-se\/por-que-apostar-em-podcast-como-recurso-pedagogico\/","title":{"rendered":"Por que apostar em podcast como recurso pedag\u00f3gico"},"content":{"rendered":"\n<p>Youtube, Spotify, iTunes, SoundCloud: muitos formatos est\u00e3o dispon\u00edveis na internet para desfrutar de conte\u00fados por \u00e1udio, seja em casa, no trabalho ou na sala de aula. <a href=\"https:\/\/exame.com\/casual\/ranking-os-podcasts-mais-ouvidos-e-amados-pelos-brasileiros\/\" target=\"_blank\" rel=\"noreferrer noopener\"><strong>O Brasil \u00e9 o terceiro que mais consome podcast no mundo, com mais de 30 milh\u00f5es de ouvintes<\/strong><\/a>, ficando atr\u00e1s apenas da Su\u00e9cia e Irlanda, segundo pesquisa da plataforma CupomValido.com.br, com dados da Statista e Ibope.&nbsp;<\/p>\n\n\n\n<p>Mais de 40% dos brasileiros escutam podcast pelo menos uma vez nos \u00faltimos 12 meses. A grande prefer\u00eancia em rela\u00e7\u00e3o \u00e0 plataforma de \u00e1udio \u00e9 pelo Spotify (25%). Em segundo e terceiro lugar est\u00e3o a Apple Podcasts e Google Podcasts, com 25% e 20%, respectivamente.<\/p>\n\n\n\n<p>Essa populariza\u00e7\u00e3o dos podcasts no pa\u00eds, principalmente na \u00e1rea do entretenimento, abre caminho para a aplica\u00e7\u00e3o em sala de aula. A ades\u00e3o por parte dos estudantes para esse tipo de aprendizagem j\u00e1 \u00e9 uma realidade e pode ainda ser mais explorada pelos professores.&nbsp;<\/p>\n\n\n\n<p><strong>Podcast na educa\u00e7\u00e3o foi objeto de estudo<\/strong><\/p>\n\n\n\n<p>Antes da pandemia, mais precisamente em 2019, Maur\u00edcio Severo da Silva, atual coordenador do setor de Educa\u00e7\u00e3o a Dist\u00e2ncia (EaD) da Univates, escreveu uma disserta\u00e7\u00e3o sobre o recurso de aprendizagem que possibilita aos docentes estimular a autonomia de estudos e autoria discente. O estudo fez parte do trabalho de mestrado do Programa de P\u00f3s-Gradua\u00e7\u00e3o em Ensino, na mesma universidade. A proposta foi estudar o impacto do podcast na educa\u00e7\u00e3o e foi aplicado em alunos de gradua\u00e7\u00e3o da Computa\u00e7\u00e3o.<\/p>\n\n\n\n<p>Neste trabalho intitulado &#8220;<a href=\"https:\/\/www.univates.br\/bdu\/bitstream\/10737\/2533\/1\/2019MauricioSeverodaSilva.pdf\" target=\"_blank\" rel=\"noreferrer noopener\">O uso do podcast como recurso de aprendizagem no ensino superior<\/a>\u201d, \u00e9 referido que: \u201cSua percep\u00e7\u00e3o \u00e9 que os estudantes compreenderam a import\u00e2ncia de seu papel frente ao pr\u00f3prio aprendizado. Outro ponto a ser destacado foi o engajamento demonstrado pelos estudantes ao longo das aulas, algo que o pesquisador nunca havia experimentado enquanto docente. Al\u00e9m disso, os desdobramentos da an\u00e1lise das aulas fizeram com que o pesquisador compreendesse alguns dos poss\u00edveis motivos que levam alguns estudantes a se manterem passivos em sala de aula.\u201d<\/p>\n\n\n\n<p>H\u00e1 15 anos em contato com podcast, o coordenador de EaD da Univates comenta que nesse estudo, apesar da reclama\u00e7\u00e3o da quantidade de leitura para elaborar um conte\u00fado mais denso para produzir o podcast, essa dedica\u00e7\u00e3o partiu dos pr\u00f3prios estudantes. \u201cIdentifiquei muitos pontos de aprendizado a partir deste objeto de pesquisa&#8221;, conclui.<\/p>\n\n\n\n<p><strong>Recurso deve ser mais usual no ensino<\/strong><\/p>\n\n\n\n<p>Para o professor da Escola de Comunica\u00e7\u00e3o, Artes e Design da Pontif\u00edcia Universidade Cat\u00f3lica do Rio Grande do Sul (PUCRS) e podcaster, T\u00e9rcio Saccol, os docentes podem usar o recurso de \u00e1udio dentro de uma constru\u00e7\u00e3o de elementos. \u201cO que conta \u00e9 a portabilidade, escutar a qualquer momento, em deslocamento; al\u00e9m disso, traz o conceito de acessibilidade, pois todo mundo pode escutar. Os conte\u00fados da aula se expandem e avan\u00e7am a discuss\u00e3o sobre os temas propostos\u201d, frisa.<\/p>\n\n\n\n<p>Soccol acredita na produ\u00e7\u00e3o colaborativa dos alunos. \u201cVai caber ao professor transmitir o beab\u00e1 aos estudantes, definir as atividades, as fun\u00e7\u00f5es dos grupos, os fluxos, as estrat\u00e9gias de distribui\u00e7\u00e3o de tarefas, os prazos e como ser\u00e1 organizado em sala de aula\u201d, sinaliza.<\/p>\n\n\n\n<p>J\u00e1 o especialista em podcast e fundador da Voz e Conte\u00fado, Gustavo Passi, relata que, no ano passado, teve uma grata surpresa ao ensinar docentes e seus alunos sobre a cria\u00e7\u00e3o de programas de \u00e1udio. \u201cEm uma institui\u00e7\u00e3o de ensino superior realizei uma aula de transforma\u00e7\u00e3o digital sobre intraempreendedorismo. O formato de entrega de trabalho de conclus\u00e3o de MBA dos estudantes foi tanto em v\u00eddeoaulas como em conversas mais gostosas via podcast. No ensino m\u00e9dio, notei que o movimento ainda est\u00e1 t\u00edmido, mas com bom interesse\u201d, comenta.<\/p>\n\n\n\n<p>Passi discorda do pensamento que o podcast \u00e9 um entretenimento disfar\u00e7ado de ensino, pois todo o tipo de conversa tem um aprendizado e a educa\u00e7\u00e3o sempre teve inclu\u00edda a troca de di\u00e1logos. Pelo potencial de recursos dispon\u00edveis, a movimenta\u00e7\u00e3o do podcast na educa\u00e7\u00e3o ainda \u00e9 t\u00edmida. \u201cAs plataformas t\u00eam interesse por esse tipo de conte\u00fado, tanto no gratuito como no pago. \u00c9 um caminho sem volta, o podcast ser\u00e1 obrigat\u00f3rio nos pr\u00f3ximos tr\u00eas a cinco anos. Se pode visualizar a partir do investimento das empresas em tecnologias relacionadas, como, por exemplo, na Alexa (tecnologia da Amazon) e no Google Assistente\u201d, projeta.<\/p>\n\n\n\n<p><strong>Geografia ensinada por streaming<\/strong><\/p>\n\n\n\n<p>No in\u00edcio de 2021, ainda na incerteza da Covid-19, o professor de geografia do Col\u00e9gio Anchieta, Diego Neves Sampaio, teve um momento para fazer as reflex\u00f5es acerca das novas estrat\u00e9gias de ensino. Dessa forma, houve a necessidade de reinventar pr\u00e1ticas pedag\u00f3gicas aplicadas ao ent\u00e3o chamado novo normal e, assim, foi criado o podcast <a href=\"https:\/\/open.spotify.com\/show\/6UGVQ3uUjHNAibSZvOfy3C\" target=\"_blank\" rel=\"noreferrer noopener\">Geografia do Dieguito<\/a>, transmitido pelo aplicativo Anchor e distribu\u00eddo para as principais plataformas como, por exemplo, Spotify e iTunes.&nbsp;<\/p>\n\n\n\n<p>\u201cEssa pr\u00e1tica visa a analisar e a difundir pr\u00e1ticas pedag\u00f3gicas associadas ao ensino e \u00e0 aprendizagem em Geografia, bem como refletir sobre as diferentes formas de ensinar e aprender, utilizando ferramentas digitais, especificamente o podcast. Ainda assim, o uso de ferramentas digitais, no ensino e aprendizagem, potencializa e ressignifica as rela\u00e7\u00f5es entre o estudante e a sua no\u00e7\u00e3o sobre a import\u00e2ncia do componente curricular, na resolu\u00e7\u00e3o de situa\u00e7\u00f5es problemas\u201d, comenta o professor.&nbsp;&nbsp;<\/p>\n\n\n\n<p>Conforme destaca Sampaio, a ferramenta \u00e9 um agente potencializador nas rela\u00e7\u00f5es estabelecidas em sala de aula, principalmente em tempos pand\u00eamicos.&nbsp;<\/p>\n\n\n\n<p>\u201cO professor \u00e9 muito mais que um mero transmissor de objetos de conhecimentos, \u00e9 aquele que conduz o sujeito estudante ao seu mundo, atrav\u00e9s da cr\u00edtica e da constru\u00e7\u00e3o das rela\u00e7\u00f5es existentes na sociedade\u201d, complementa.<\/p>\n\n\n\n<p>Com diversos epis\u00f3dios j\u00e1 gravados, em uma m\u00e9dia de dura\u00e7\u00e3o de 10 a 20 minutos cada um, e com grande intera\u00e7\u00e3o, o professor utiliza a ferramenta para ensinar cerca de 700 alunos do col\u00e9gio. &#8220;\u00c9 uma forma de fixar o conte\u00fado, tornar a aprendizagem mais significativa. Pode ser para uma revis\u00e3o de prova ou reflex\u00e3o. J\u00e1 \u00e9 um processo pedag\u00f3gico. Futuramente, pretendo chamar os estudantes para dar relatos no podcast, isso para contarem como foi a experi\u00eancia\u201d, enfatiza.<\/p>\n\n\n\n<p><strong>Apresenta\u00e7\u00e3o de trabalhos por podcast<\/strong><\/p>\n\n\n\n<p>Do aluno para o docente. O caminho inverso da aplica\u00e7\u00e3o do programa de a\u00fadio gravado tamb\u00e9m \u00e9 utilizado em salas de aula. Desde 2019, a professora e coordenadora da \u00c1rea de Ci\u00eancias Humanas da UniRitter, Raquel Bello V\u00e1zquez, deixa \u00e0 escolha dos seus estudantes apresentarem os seus projetos de semestre por meio de podcasts ou artigos cient\u00edficos. \u201c\u00c9 um formato que muitos estudantes gostam, se identificam, pois costumam consumir, escutar. Percebo que eles se sentem mais engajados. Tem toda a facilidade em incluir m\u00fasica e coletar depoimentos via Whatsapp\u201d, complementa.&nbsp;<\/p>\n\n\n\n<p>Segundo a professora, metade dos alunos de cada turma aderem a expor seus trabalhos por meio do podcast, que s\u00e3o veiculados por Spotify, SoundCloud ou Youtube (em formato fechado). \u201cNotei que esses alunos pesquisam bastante, com conte\u00fados bem completos. Os resultados s\u00e3o muito bons, a motiva\u00e7\u00e3o \u00e9 maior para fazer esse produto e, al\u00e9m disso, os colegas querem escutar, se empolgam\u201d, relata.<\/p>\n\n\n\n<p>Para encerrar essa reportagem, segue uma lista de podcasts para se inspirar.<\/p>\n\n\n\n<p><a href=\"https:\/\/www.escribacafe.com\/\" target=\"_blank\" rel=\"noreferrer noopener\">Escriba Caf\u00e9<\/a><\/p>\n\n\n\n<p><a href=\"https:\/\/open.spotify.com\/show\/3n2o8vpsRalBeU5U7kWbLX\" target=\"_blank\" rel=\"noreferrer noopener\">Fronteiras da Ci\u00eancia<\/a><\/p>\n\n\n\n<p><a href=\"https:\/\/open.spotify.com\/show\/1ia9VOADtILrmOnrQ3iRSE\" target=\"_blank\" rel=\"noreferrer noopener\">Papo Reto<\/a><\/p>\n\n\n\n<p><a href=\"https:\/\/music.amazon.com.br\/podcasts\/96e3c0ba-fc2e-48c4-b3eb-c20f5c0b2184\/xadrez-verbal?ref_=dmm_acq_mrn_d_ds_z_-c_c_580948086658_g_129230823780\" target=\"_blank\" rel=\"noreferrer noopener\">Xadrez Verbal<\/a><\/p>\n\n\n\n<p><\/p>\n\n\n\n<div class=\"wp-block-image\"><figure class=\"aligncenter size-large\"><img loading=\"lazy\" decoding=\"async\" width=\"499\" height=\"1024\" src=\"https:\/\/sinepe-rs.org.br\/educacaoempauta\/wp-content\/uploads\/2022\/04\/sinepe_infografico_30_podcast_sala_aula-499x1024.png\" alt=\"\" class=\"wp-image-1062\" srcset=\"https:\/\/sinepe-rs.org.br\/educacaoempauta\/wp-content\/uploads\/2022\/04\/sinepe_infografico_30_podcast_sala_aula-499x1024.png 499w, https:\/\/sinepe-rs.org.br\/educacaoempauta\/wp-content\/uploads\/2022\/04\/sinepe_infografico_30_podcast_sala_aula-146x300.png 146w, https:\/\/sinepe-rs.org.br\/educacaoempauta\/wp-content\/uploads\/2022\/04\/sinepe_infografico_30_podcast_sala_aula-768x1576.png 768w, https:\/\/sinepe-rs.org.br\/educacaoempauta\/wp-content\/uploads\/2022\/04\/sinepe_infografico_30_podcast_sala_aula-748x1536.png 748w, https:\/\/sinepe-rs.org.br\/educacaoempauta\/wp-content\/uploads\/2022\/04\/sinepe_infografico_30_podcast_sala_aula.png 818w\" sizes=\"auto, (max-width: 499px) 100vw, 499px\" \/><\/figure><\/div>\n\n\n\n<hr class=\"wp-block-separator\"\/>\n\n\n\n<p><strong>&gt;&gt; Al\u00e9m da sala de aula: conhe\u00e7a o podcast &#8216;Caminhos da Educa\u00e7\u00e3o&#8217;, produzido pelo Sinepe\/RS<\/strong><\/p>\n\n\n\n<figure class=\"wp-block-embed is-type-rich is-provider-spotify wp-block-embed-spotify wp-embed-aspect-21-9 wp-has-aspect-ratio\"><div class=\"wp-block-embed__wrapper\">\n<iframe title=\"Spotify Embed: Caminhos da Educa\u00e7\u00e3o\" style=\"border-radius: 12px\" width=\"100%\" height=\"152\" frameborder=\"0\" allowfullscreen allow=\"autoplay; clipboard-write; encrypted-media; fullscreen; picture-in-picture\" loading=\"lazy\" src=\"https:\/\/open.spotify.com\/embed\/show\/00c1xBGjRpiYTjHW4gYCHg?si=4d856423521a4396&#038;utm_source=oembed\"><\/iframe>\n<\/div><\/figure>\n","protected":false},"excerpt":{"rendered":"<p>Com a diversidade de alternativas tecnol\u00f3gicas, baixo investimento para gravar e grande ades\u00e3o por parte dos alunos, o programa em \u00e1udio deve ganhar espa\u00e7o nas salas de aulas<\/p>\n","protected":false},"author":3,"featured_media":1067,"comment_status":"open","ping_status":"open","sticky":false,"template":"","format":"standard","meta":{"footnotes":""},"categories":[7],"tags":[66,67,56],"class_list":["post-1061","post","type-post","status-publish","format-standard","has-post-thumbnail","hentry","category-inspire-se","tag-podcast","tag-saladeaula","tag-sinepers"],"acf":[],"yoast_head":"<!-- This site is optimized with the Yoast SEO plugin v24.6 - https:\/\/yoast.com\/wordpress\/plugins\/seo\/ -->\n<title>Por que apostar em podcast como recurso pedag\u00f3gico<\/title>\n<meta name=\"description\" content=\"Com a diversidade tecnol\u00f3gicas, baixo investimento e grande ades\u00e3o por parte dos alunos, podcast deve ganhar espa\u00e7o nas salas de aulas\" \/>\n<meta name=\"robots\" content=\"index, follow, max-snippet:-1, max-image-preview:large, max-video-preview:-1\" \/>\n<link rel=\"canonical\" href=\"https:\/\/sinepe-rs.org.br\/educacaoempauta\/inspire-se\/por-que-apostar-em-podcast-como-recurso-pedagogico\/\" \/>\n<meta property=\"og:locale\" content=\"pt_BR\" \/>\n<meta property=\"og:type\" content=\"article\" \/>\n<meta property=\"og:title\" content=\"Por que apostar em podcast como recurso pedag\u00f3gico\" \/>\n<meta property=\"og:description\" content=\"Com a diversidade tecnol\u00f3gicas, baixo investimento e grande ades\u00e3o por parte dos alunos, podcast deve ganhar espa\u00e7o nas salas de aulas\" \/>\n<meta property=\"og:url\" content=\"https:\/\/sinepe-rs.org.br\/educacaoempauta\/inspire-se\/por-que-apostar-em-podcast-como-recurso-pedagogico\/\" \/>\n<meta property=\"og:site_name\" content=\"Educa\u00e7\u00e3o em Pauta: Portal de reportagens de Educa\u00e7\u00e3o\" \/>\n<meta property=\"article:published_time\" content=\"2022-04-11T10:00:00+00:00\" \/>\n<meta property=\"article:modified_time\" content=\"2022-06-28T15:15:47+00:00\" \/>\n<meta property=\"og:image\" content=\"https:\/\/sinepe-rs.org.br\/educacaoempauta\/wp-content\/uploads\/2022\/04\/30-PODCAST-Depositphotos_482996262_L.png\" \/>\n\t<meta property=\"og:image:width\" content=\"1366\" \/>\n\t<meta property=\"og:image:height\" content=\"450\" \/>\n\t<meta property=\"og:image:type\" content=\"image\/png\" \/>\n<meta name=\"author\" content=\"Alexandra Zanela\" \/>\n<meta name=\"twitter:card\" content=\"summary_large_image\" \/>\n<meta name=\"twitter:label1\" content=\"Escrito por\" \/>\n\t<meta name=\"twitter:data1\" content=\"Alexandra Zanela\" \/>\n\t<meta name=\"twitter:label2\" content=\"Est. tempo de leitura\" \/>\n\t<meta name=\"twitter:data2\" content=\"7 minutos\" \/>\n<script type=\"application\/ld+json\" class=\"yoast-schema-graph\">{\"@context\":\"https:\/\/schema.org\",\"@graph\":[{\"@type\":\"WebPage\",\"@id\":\"https:\/\/sinepe-rs.org.br\/educacaoempauta\/inspire-se\/por-que-apostar-em-podcast-como-recurso-pedagogico\/\",\"url\":\"https:\/\/sinepe-rs.org.br\/educacaoempauta\/inspire-se\/por-que-apostar-em-podcast-como-recurso-pedagogico\/\",\"name\":\"Por que apostar em podcast como recurso pedag\u00f3gico\",\"isPartOf\":{\"@id\":\"https:\/\/sinepe-rs.org.br\/educacaoempauta\/#website\"},\"primaryImageOfPage\":{\"@id\":\"https:\/\/sinepe-rs.org.br\/educacaoempauta\/inspire-se\/por-que-apostar-em-podcast-como-recurso-pedagogico\/#primaryimage\"},\"image\":{\"@id\":\"https:\/\/sinepe-rs.org.br\/educacaoempauta\/inspire-se\/por-que-apostar-em-podcast-como-recurso-pedagogico\/#primaryimage\"},\"thumbnailUrl\":\"https:\/\/sinepe-rs.org.br\/educacaoempauta\/wp-content\/uploads\/2022\/04\/30-PODCAST-Depositphotos_482996262_L.png\",\"datePublished\":\"2022-04-11T10:00:00+00:00\",\"dateModified\":\"2022-06-28T15:15:47+00:00\",\"author\":{\"@id\":\"https:\/\/sinepe-rs.org.br\/educacaoempauta\/#\/schema\/person\/c542073558983d5792101d1b5240d841\"},\"description\":\"Com a diversidade tecnol\u00f3gicas, baixo investimento e grande ades\u00e3o por parte dos alunos, podcast deve ganhar espa\u00e7o nas salas de aulas\",\"breadcrumb\":{\"@id\":\"https:\/\/sinepe-rs.org.br\/educacaoempauta\/inspire-se\/por-que-apostar-em-podcast-como-recurso-pedagogico\/#breadcrumb\"},\"inLanguage\":\"pt-BR\",\"potentialAction\":[{\"@type\":\"ReadAction\",\"target\":[\"https:\/\/sinepe-rs.org.br\/educacaoempauta\/inspire-se\/por-que-apostar-em-podcast-como-recurso-pedagogico\/\"]}]},{\"@type\":\"ImageObject\",\"inLanguage\":\"pt-BR\",\"@id\":\"https:\/\/sinepe-rs.org.br\/educacaoempauta\/inspire-se\/por-que-apostar-em-podcast-como-recurso-pedagogico\/#primaryimage\",\"url\":\"https:\/\/sinepe-rs.org.br\/educacaoempauta\/wp-content\/uploads\/2022\/04\/30-PODCAST-Depositphotos_482996262_L.png\",\"contentUrl\":\"https:\/\/sinepe-rs.org.br\/educacaoempauta\/wp-content\/uploads\/2022\/04\/30-PODCAST-Depositphotos_482996262_L.png\",\"width\":1366,\"height\":450,\"caption\":\"Por que apostar em podcast como recurso pedag\u00f3gico\"},{\"@type\":\"BreadcrumbList\",\"@id\":\"https:\/\/sinepe-rs.org.br\/educacaoempauta\/inspire-se\/por-que-apostar-em-podcast-como-recurso-pedagogico\/#breadcrumb\",\"itemListElement\":[{\"@type\":\"ListItem\",\"position\":1,\"name\":\"Home\",\"item\":\"https:\/\/sinepe-rs.org.br\/educacaoempauta\/\"},{\"@type\":\"ListItem\",\"position\":2,\"name\":\"Por que apostar em podcast como recurso pedag\u00f3gico\"}]},{\"@type\":\"WebSite\",\"@id\":\"https:\/\/sinepe-rs.org.br\/educacaoempauta\/#website\",\"url\":\"https:\/\/sinepe-rs.org.br\/educacaoempauta\/\",\"name\":\"Educa\u00e7\u00e3o em Pauta: Portal de reportagens de Educa\u00e7\u00e3o\",\"description\":\"Sinepe-RS\",\"potentialAction\":[{\"@type\":\"SearchAction\",\"target\":{\"@type\":\"EntryPoint\",\"urlTemplate\":\"https:\/\/sinepe-rs.org.br\/educacaoempauta\/?s={search_term_string}\"},\"query-input\":{\"@type\":\"PropertyValueSpecification\",\"valueRequired\":true,\"valueName\":\"search_term_string\"}}],\"inLanguage\":\"pt-BR\"},{\"@type\":\"Person\",\"@id\":\"https:\/\/sinepe-rs.org.br\/educacaoempauta\/#\/schema\/person\/c542073558983d5792101d1b5240d841\",\"name\":\"Alexandra Zanela\",\"image\":{\"@type\":\"ImageObject\",\"inLanguage\":\"pt-BR\",\"@id\":\"https:\/\/sinepe-rs.org.br\/educacaoempauta\/#\/schema\/person\/image\/\",\"url\":\"https:\/\/secure.gravatar.com\/avatar\/aab8da397152551fad5132b4b20cb891945e7bc931de8d0d72495261a983a371?s=96&d=mm&r=g\",\"contentUrl\":\"https:\/\/secure.gravatar.com\/avatar\/aab8da397152551fad5132b4b20cb891945e7bc931de8d0d72495261a983a371?s=96&d=mm&r=g\",\"caption\":\"Alexandra Zanela\"},\"url\":\"https:\/\/sinepe-rs.org.br\/educacaoempauta\/author\/alexandra\/\"}]}<\/script>\n<!-- \/ Yoast SEO plugin. -->","yoast_head_json":{"title":"Por que apostar em podcast como recurso pedag\u00f3gico","description":"Com a diversidade tecnol\u00f3gicas, baixo investimento e grande ades\u00e3o por parte dos alunos, podcast deve ganhar espa\u00e7o nas salas de aulas","robots":{"index":"index","follow":"follow","max-snippet":"max-snippet:-1","max-image-preview":"max-image-preview:large","max-video-preview":"max-video-preview:-1"},"canonical":"https:\/\/sinepe-rs.org.br\/educacaoempauta\/inspire-se\/por-que-apostar-em-podcast-como-recurso-pedagogico\/","og_locale":"pt_BR","og_type":"article","og_title":"Por que apostar em podcast como recurso pedag\u00f3gico","og_description":"Com a diversidade tecnol\u00f3gicas, baixo investimento e grande ades\u00e3o por parte dos alunos, podcast deve ganhar espa\u00e7o nas salas de aulas","og_url":"https:\/\/sinepe-rs.org.br\/educacaoempauta\/inspire-se\/por-que-apostar-em-podcast-como-recurso-pedagogico\/","og_site_name":"Educa\u00e7\u00e3o em Pauta: Portal de reportagens de Educa\u00e7\u00e3o","article_published_time":"2022-04-11T10:00:00+00:00","article_modified_time":"2022-06-28T15:15:47+00:00","og_image":[{"width":1366,"height":450,"url":"https:\/\/sinepe-rs.org.br\/educacaoempauta\/wp-content\/uploads\/2022\/04\/30-PODCAST-Depositphotos_482996262_L.png","type":"image\/png"}],"author":"Alexandra Zanela","twitter_card":"summary_large_image","twitter_misc":{"Escrito por":"Alexandra Zanela","Est. tempo de leitura":"7 minutos"},"schema":{"@context":"https:\/\/schema.org","@graph":[{"@type":"WebPage","@id":"https:\/\/sinepe-rs.org.br\/educacaoempauta\/inspire-se\/por-que-apostar-em-podcast-como-recurso-pedagogico\/","url":"https:\/\/sinepe-rs.org.br\/educacaoempauta\/inspire-se\/por-que-apostar-em-podcast-como-recurso-pedagogico\/","name":"Por que apostar em podcast como recurso pedag\u00f3gico","isPartOf":{"@id":"https:\/\/sinepe-rs.org.br\/educacaoempauta\/#website"},"primaryImageOfPage":{"@id":"https:\/\/sinepe-rs.org.br\/educacaoempauta\/inspire-se\/por-que-apostar-em-podcast-como-recurso-pedagogico\/#primaryimage"},"image":{"@id":"https:\/\/sinepe-rs.org.br\/educacaoempauta\/inspire-se\/por-que-apostar-em-podcast-como-recurso-pedagogico\/#primaryimage"},"thumbnailUrl":"https:\/\/sinepe-rs.org.br\/educacaoempauta\/wp-content\/uploads\/2022\/04\/30-PODCAST-Depositphotos_482996262_L.png","datePublished":"2022-04-11T10:00:00+00:00","dateModified":"2022-06-28T15:15:47+00:00","author":{"@id":"https:\/\/sinepe-rs.org.br\/educacaoempauta\/#\/schema\/person\/c542073558983d5792101d1b5240d841"},"description":"Com a diversidade tecnol\u00f3gicas, baixo investimento e grande ades\u00e3o por parte dos alunos, podcast deve ganhar espa\u00e7o nas salas de aulas","breadcrumb":{"@id":"https:\/\/sinepe-rs.org.br\/educacaoempauta\/inspire-se\/por-que-apostar-em-podcast-como-recurso-pedagogico\/#breadcrumb"},"inLanguage":"pt-BR","potentialAction":[{"@type":"ReadAction","target":["https:\/\/sinepe-rs.org.br\/educacaoempauta\/inspire-se\/por-que-apostar-em-podcast-como-recurso-pedagogico\/"]}]},{"@type":"ImageObject","inLanguage":"pt-BR","@id":"https:\/\/sinepe-rs.org.br\/educacaoempauta\/inspire-se\/por-que-apostar-em-podcast-como-recurso-pedagogico\/#primaryimage","url":"https:\/\/sinepe-rs.org.br\/educacaoempauta\/wp-content\/uploads\/2022\/04\/30-PODCAST-Depositphotos_482996262_L.png","contentUrl":"https:\/\/sinepe-rs.org.br\/educacaoempauta\/wp-content\/uploads\/2022\/04\/30-PODCAST-Depositphotos_482996262_L.png","width":1366,"height":450,"caption":"Por que apostar em podcast como recurso pedag\u00f3gico"},{"@type":"BreadcrumbList","@id":"https:\/\/sinepe-rs.org.br\/educacaoempauta\/inspire-se\/por-que-apostar-em-podcast-como-recurso-pedagogico\/#breadcrumb","itemListElement":[{"@type":"ListItem","position":1,"name":"Home","item":"https:\/\/sinepe-rs.org.br\/educacaoempauta\/"},{"@type":"ListItem","position":2,"name":"Por que apostar em podcast como recurso pedag\u00f3gico"}]},{"@type":"WebSite","@id":"https:\/\/sinepe-rs.org.br\/educacaoempauta\/#website","url":"https:\/\/sinepe-rs.org.br\/educacaoempauta\/","name":"Educa\u00e7\u00e3o em Pauta: Portal de reportagens de Educa\u00e7\u00e3o","description":"Sinepe-RS","potentialAction":[{"@type":"SearchAction","target":{"@type":"EntryPoint","urlTemplate":"https:\/\/sinepe-rs.org.br\/educacaoempauta\/?s={search_term_string}"},"query-input":{"@type":"PropertyValueSpecification","valueRequired":true,"valueName":"search_term_string"}}],"inLanguage":"pt-BR"},{"@type":"Person","@id":"https:\/\/sinepe-rs.org.br\/educacaoempauta\/#\/schema\/person\/c542073558983d5792101d1b5240d841","name":"Alexandra Zanela","image":{"@type":"ImageObject","inLanguage":"pt-BR","@id":"https:\/\/sinepe-rs.org.br\/educacaoempauta\/#\/schema\/person\/image\/","url":"https:\/\/secure.gravatar.com\/avatar\/aab8da397152551fad5132b4b20cb891945e7bc931de8d0d72495261a983a371?s=96&d=mm&r=g","contentUrl":"https:\/\/secure.gravatar.com\/avatar\/aab8da397152551fad5132b4b20cb891945e7bc931de8d0d72495261a983a371?s=96&d=mm&r=g","caption":"Alexandra Zanela"},"url":"https:\/\/sinepe-rs.org.br\/educacaoempauta\/author\/alexandra\/"}]}},"_links":{"self":[{"href":"https:\/\/sinepe-rs.org.br\/educacaoempauta\/wp-json\/wp\/v2\/posts\/1061","targetHints":{"allow":["GET"]}}],"collection":[{"href":"https:\/\/sinepe-rs.org.br\/educacaoempauta\/wp-json\/wp\/v2\/posts"}],"about":[{"href":"https:\/\/sinepe-rs.org.br\/educacaoempauta\/wp-json\/wp\/v2\/types\/post"}],"author":[{"embeddable":true,"href":"https:\/\/sinepe-rs.org.br\/educacaoempauta\/wp-json\/wp\/v2\/users\/3"}],"replies":[{"embeddable":true,"href":"https:\/\/sinepe-rs.org.br\/educacaoempauta\/wp-json\/wp\/v2\/comments?post=1061"}],"version-history":[{"count":8,"href":"https:\/\/sinepe-rs.org.br\/educacaoempauta\/wp-json\/wp\/v2\/posts\/1061\/revisions"}],"predecessor-version":[{"id":1567,"href":"https:\/\/sinepe-rs.org.br\/educacaoempauta\/wp-json\/wp\/v2\/posts\/1061\/revisions\/1567"}],"wp:featuredmedia":[{"embeddable":true,"href":"https:\/\/sinepe-rs.org.br\/educacaoempauta\/wp-json\/wp\/v2\/media\/1067"}],"wp:attachment":[{"href":"https:\/\/sinepe-rs.org.br\/educacaoempauta\/wp-json\/wp\/v2\/media?parent=1061"}],"wp:term":[{"taxonomy":"category","embeddable":true,"href":"https:\/\/sinepe-rs.org.br\/educacaoempauta\/wp-json\/wp\/v2\/categories?post=1061"},{"taxonomy":"post_tag","embeddable":true,"href":"https:\/\/sinepe-rs.org.br\/educacaoempauta\/wp-json\/wp\/v2\/tags?post=1061"}],"curies":[{"name":"wp","href":"https:\/\/api.w.org\/{rel}","templated":true}]}}