{"id":1318,"date":"2022-05-25T14:39:40","date_gmt":"2022-05-25T17:39:40","guid":{"rendered":"https:\/\/sinepe-rs.org.br\/educacaoempauta\/?p=1318"},"modified":"2022-05-25T14:54:32","modified_gmt":"2022-05-25T17:54:32","slug":"as-tecnologias-jamais-vao-substituir-os-professores","status":"publish","type":"post","link":"https:\/\/sinepe-rs.org.br\/educacaoempauta\/com-a-palavra\/as-tecnologias-jamais-vao-substituir-os-professores\/","title":{"rendered":"\u201cAs tecnologias jamais v\u00e3o substituir os professores\u201d"},"content":{"rendered":"\n<p>Apesar do avan\u00e7o do n\u00famero de matr\u00edculas nas escolas, o Brasil ainda precisa vencer muitos desafios na educa\u00e7\u00e3o. O pa\u00eds sofre com uma grande queda na aprendizagem e um aumento na desigualdade escolar. Em ano eleitoral, os pr\u00f3ximos governantes ter\u00e3o essa miss\u00e3o de confrontar essas realidades.&nbsp;<\/p>\n\n\n\n<p>Neste ano, o Fundo de Emerg\u00eancia Internacional das Na\u00e7\u00f5es Unidas para a Inf\u00e2ncia (Unicef) divulgou um <a href=\"https:\/\/www.unicef.org\/brazil\/comunicados-de-imprensa\/covid-19-extensao-da-perda-na-educacao-no-mundo-e-grave\" target=\"_blank\" rel=\"noreferrer noopener\">informe<\/a> que revela a dimens\u00e3o do impacto da Covid-19. Entre os conte\u00fados, refere-se: &#8220;Em v\u00e1rios Estados brasileiros, cerca de tr\u00eas em cada quatro crian\u00e7as do 2\u00ba ano est\u00e3o fora dos padr\u00f5es de leitura, n\u00famero acima da m\u00e9dia de uma em cada duas crian\u00e7as antes da pandemia&#8221;.<\/p>\n\n\n\n<p>Para ampliar esse tema, <strong>Educa\u00e7\u00e3o em Pauta <\/strong>entrevistou Mozart Neves Ramos, membro do Conselho Nacional de Educa\u00e7\u00e3o e titular da C\u00e1tedra S\u00e9rgio Henrique Ferreira do Instituto de Estudos Avan\u00e7ados da Universidade de S\u00e3o Paulo (USP) \u2013 Ribeir\u00e3o Preto.<\/p>\n\n\n\n<p>\u201cA forma\u00e7\u00e3o do professor \u00e9 o fator mais importante para melhorar a aprendizagem escolar, seguido de perto pela qualidade da gest\u00e3o escolar\u201d, sustenta.<\/p>\n\n\n\n<p>O professor foi ex-secret\u00e1rio de Educa\u00e7\u00e3o de Pernambuco, ex-presidente executivo do Todos Pela Educa\u00e7\u00e3o e ex-diretor de Articula\u00e7\u00e3o e Inova\u00e7\u00e3o do Instituto Ayrton Senna. Com vasta experi\u00eancia, aborda temas como a forma\u00e7\u00e3o continuada:<\/p>\n\n\n\n<p>\u201cNas nossas diretrizes de forma\u00e7\u00e3o continuada claramente a gente coloca, invoca a necessidade da colabora\u00e7\u00e3o da quest\u00e3o da tutoria, da quest\u00e3o vinculada \u00e0s aulas divertidas, trabalhar com aprendizagem baseada em projetos, a forma\u00e7\u00e3o por pares.\u201d<\/p>\n\n\n\n<p>Em 2008, Mozart foi eleito pela revista \u00c9poca como uma das 100 pessoas mais influentes do pa\u00eds. \u00c9 autor dos livros \u201cEduca\u00e7\u00e3o Sustent\u00e1vel\u201d (2006) e \u201cEduca\u00e7\u00e3o Brasileira: uma agenda inadi\u00e1vel\u201d (2015) e co-autor de \u201cA Urg\u00eancia da Educa\u00e7\u00e3o\u201d (2011) e \u201cSem Educa\u00e7\u00e3o n\u00e3o haver\u00e1 futuro\u201d (2019). E defende trocas entre as redes privada e p\u00fablica, de forma a melhorar a qualidade da educa\u00e7\u00e3o.<\/p>\n\n\n\n<p>\u201cO sistema particular pode criar redes de colabora\u00e7\u00e3o para trocar experi\u00eancias, como o enfrentamento do p\u00f3s-pandemia no retorno presencial ou como est\u00e3o desenvolvendo as quest\u00f5es social e emocional em suas escolas. Isso n\u00e3o custa dinheiro, \u00e9 apenas troca de conhecimentos. Ao meu ver, \u00e9 muito importante!\u201d<\/p>\n\n\n\n<p>Confira os principais trechos da entrevista.<\/p>\n\n\n\n<p><strong>Educa\u00e7\u00e3o em Pauta \u2013 O que precisa mudar para a educa\u00e7\u00e3o avan\u00e7ar no Brasil?<\/strong><\/p>\n\n\n\n<p><strong>Mozart Neves Ramos \u2013<\/strong> O grande desafio do nosso pa\u00eds \u00e9 colocar em uma mesma equa\u00e7\u00e3o quantidade e qualidade. O Brasil teve avan\u00e7o importante quanto ao acesso \u00e0 escola, entretanto, n\u00e3o obstante (<a href=\"https:\/\/g1.globo.com\/educacao\/volta-as-aulas\/noticia\/2021\/01\/28\/brasil-tem-quase-14-milhao-de-criancas-e-adolescentes-fora-da-escola-diz-estudo-do-unicef-com-dados-do-ibge.ghtml\" target=\"_blank\" rel=\"noreferrer noopener\">dados de 2021 da Unicef e do IBGE<\/a>), s\u00e3o 1,4 milh\u00e3o entre crian\u00e7as e adolescentes ainda fora da escola.\u00a0<\/p>\n\n\n\n<p>O desafio est\u00e1 na aprendizagem. Se olharmos o p\u00f3s-pandemia, todas as avalia\u00e7\u00f5es mostraram uma queda abrupta na aprendizagem escolar e um aumento na desigualdade. Eu diria que o foco deveria ser nesses dois aspectos. Para isso, o nosso pa\u00eds precisa ter uma pol\u00edtica de m\u00e9dio e longo prazos, pois sofre muito com as descontinuidades das pol\u00edticas p\u00fablicas, principalmente no campo da educa\u00e7\u00e3o.<\/p>\n\n\n\n<p>\u00c9 preciso ter uma pol\u00edtica com base em evid\u00eancias, em pesquisas, n\u00e3o se pautar por \u201cachismo\u201d. A forma\u00e7\u00e3o do professor \u00e9 o fator mais importante para melhorar a aprendizagem escolar, seguido de perto pela qualidade da gest\u00e3o escolar. Ainda mais nesse momento de retomada das aulas presenciais. Na sua larga maioria, as escolas particulares tiveram maior capacidade de dar uma resposta em que concerne \u00e0s atividades presenciais. Foram menos afetadas pela pandemia, mas a gente sabe que 80% das matr\u00edculas da educa\u00e7\u00e3o b\u00e1sica est\u00e3o concentradas no ensino p\u00fablico.&nbsp;<\/p>\n\n\n\n<p>O regime de colabora\u00e7\u00e3o \u00e9 muito importante para essa retomada. Um documento recente que a Unesco lan\u00e7ou \u00e9 pautado exatamente no pensar o futuro, construir a educa\u00e7\u00e3o tendo como refer\u00eancia a quest\u00e3o da coopera\u00e7\u00e3o da colabora\u00e7\u00e3o. Isso vai ser muito importante para que o pa\u00eds possa novamente a retomada em rela\u00e7\u00e3o \u00e0 qualidade. O acesso \u00e0 escola no Brasil vai bem, a perman\u00eancia ainda \u00e9 um desafio, ainda mais porque o pa\u00eds tem uma cultura da reprova\u00e7\u00e3o alta. Isso naturalmente implica no abandono escolar. A conclus\u00e3o da educa\u00e7\u00e3o na idade certa ainda tem uma defasagem relativamente alta.&nbsp;<\/p>\n\n\n\n<p>Antes da pandemia j\u00e1 t\u00ednhamos um grande desafio. A cada 100 jovens da escola p\u00fablica e particular que conclu\u00edram o ensino m\u00e9dio em matem\u00e1tica, apenas cinco aprenderam dentro do esperado. Em l\u00edngua portuguesa n\u00e3o \u00e9 muito diferente, a cada 100 estudantes, 28 possuem aprendizagem adequada. Todos s\u00e3o dados de antes da pandemia, de 2019.&nbsp;<\/p>\n\n\n\n<p>Como as avalia\u00e7\u00f5es mostraram que houve uma queda, um retrocesso muito grande na profici\u00eancia escolar, o Brasil vai ter que fazer um grande esfor\u00e7o de coopera\u00e7\u00e3o e colabora\u00e7\u00e3o entre redes e sistemas de ensino e focar na qualidade.&nbsp;<\/p>\n\n\n\n<p><strong>Educa\u00e7\u00e3o em Pauta \u2013 E como desenvolver a forma\u00e7\u00e3o continuada para os docentes?<\/strong><\/p>\n\n\n\n<p><strong>Mozart Neves Ramos \u2013 <\/strong>Primeiramente, no \u00e2mbito do Conselho Nacional de Educa\u00e7\u00e3o, fui o relator dessa mat\u00e9ria. J\u00e1 foram homologados os dois pareceres tanto da forma\u00e7\u00e3o inicial das novas diretrizes como tamb\u00e9m da forma\u00e7\u00e3o continuada. Ambas as diretrizes dialogam diretamente com a Base Nacional Comum Curricular (BNCC).&nbsp;<\/p>\n\n\n\n<p>A forma\u00e7\u00e3o continuada, pautada em evid\u00eancias, mostra claramente que o Brasil precisa avan\u00e7ar em rela\u00e7\u00e3o \u00e0 pr\u00e1tica profissional. A nossa forma\u00e7\u00e3o \u00e9 muito te\u00f3rica e, de certa maneira, precisa cobrir aquelas lacunas da forma\u00e7\u00e3o inicial, deveria ser uma atualiza\u00e7\u00e3o, um aperfei\u00e7oamento docente.&nbsp;<\/p>\n\n\n\n<p>Nas nossas diretrizes de forma\u00e7\u00e3o continuada claramente a gente coloca, invoca a necessidade da colabora\u00e7\u00e3o da quest\u00e3o da tutoria, da quest\u00e3o vinculada \u00e0s aulas divertidas, trabalhar com aprendizagem baseada em projetos, a forma\u00e7\u00e3o por pares.<\/p>\n\n\n\n<p>Acredito que \u00e9 muito importante os professores, n\u00e3o somente os mais experientes ajudando os mais jovens, mas todos terem essa forma\u00e7\u00e3o, esse trabalho mais colaborativo. Portanto, trabalhar com base tamb\u00e9m no uso dessas novas tecnologias. Esse per\u00edodo da pandemia nos mostrou que as tecnologias jamais v\u00e3o substituir os professores, mas poder\u00e3o ser muito importantes para alavancar a qualidade da educa\u00e7\u00e3o.<\/p>\n\n\n\n<p>O ensino do s\u00e9culo 21 n\u00e3o ser\u00e1 apenas uma sala de aula, logo, a forma\u00e7\u00e3o continuada tem que exatamente prever o professor com novas habilidades e compet\u00eancias para viver nesse cen\u00e1rio disruptivo. A descontinuidade tecnol\u00f3gica t\u00eam influenciado de uma maneira muito forte na educa\u00e7\u00e3o.&nbsp;<\/p>\n\n\n\n<p>Essa capacita\u00e7\u00e3o precisa levar em conta todos esses aspectos no sentido de preparar o professor para uma nova pr\u00e1tica docente, para o desenvolvimento de compet\u00eancias e habilidades. Tem uma frase de um matem\u00e1tico americano, que eu gosto muito, Richard Hammer, que diz o seguinte: \u201co professor deveria preparar o aluno para o futuro do aluno e n\u00e3o para o passado do professor.\u201d&nbsp;<\/p>\n\n\n\n<p>Esse \u00e9 um grande desafio e a forma\u00e7\u00e3o continuada exerce um papel central nesse processo de desenvolvimento profissional do professor. \u00c9 preciso que as redes e os sistemas de ensino tenham, cada vez mais, uma estrat\u00e9gia apropriada nas suas pol\u00edticas.<\/p>\n\n\n\n<p><strong>Educa\u00e7\u00e3o em Pauta \u2013 Com pandemia, a varia\u00e7\u00e3o de formatos de ensino (h\u00edbrido, remoto e presencial) est\u00e3o mais presentes. Como o senhor enxerga essas possibilidades?<\/strong><\/p>\n\n\n\n<p><strong>Mozart Neves Ramos \u2013 <\/strong>No caso da educa\u00e7\u00e3o b\u00e1sica, particularmente, entendo que as aulas presenciais devem ser o grande carro-chefe. Todas as experi\u00eancias do mundo mostraram que com crian\u00e7as menores o ensino on-line n\u00e3o funciona. A tecnologia n\u00e3o prende as suas aten\u00e7\u00f5es. Agora, usar novas tecnologias nesse processo de ensino presencial \u00e9 o que podemos chamar de um ensino h\u00edbrido, a\u00ed sim pode ser naturalmente um elemento central.&nbsp;<\/p>\n\n\n\n<p>O ex-ministro da Educa\u00e7\u00e3o, Cristovam Buarque, em uma live que fiz com ele, usou uma express\u00e3o que gostei muito:<strong> \u201c<\/strong><a href=\"https:\/\/www.correiobraziliense.com.br\/opiniao\/2021\/07\/4939914-cristovam-buarque-o-espirito-do-tempo-e-a-educacao.html\" target=\"_blank\" rel=\"noreferrer noopener\"><strong>a educa\u00e7\u00e3o cinematogr\u00e1fica<\/strong><\/a><strong>\u201d<\/strong>. Estamos saindo de uma educa\u00e7\u00e3o mais de teatral para uma cinematogr\u00e1fica. As tecnologias v\u00e3o permitir a gente viajar pelo mundo. Voc\u00ea d\u00e1 uma aula de hist\u00f3ria da arte pelo Museu do Louvre ou uma aula de biologia por dentro do corpo humano. Essas novas tecnologias v\u00e3o mudar completamente a maneira de ensinar e aprender.<\/p>\n\n\n\n<p>Cada vez mais, o professor vai precisar estar preparado para o uso dessas novas tecnologias. Da\u00ed, a forma\u00e7\u00e3o continuada vai ser muito importante para preparar esse professor, que vai usar o digital para o processo de ensino e de aprendizagem. Vai ser um grande avan\u00e7o do ponto de vista at\u00e9 de aprendizado motivacional da crian\u00e7a e do adolescente.&nbsp;<\/p>\n\n\n\n<p><strong>Educa\u00e7\u00e3o em Pauta \u2013 Resgatando o que o senhor comentou anteriormente, de que n\u00e3o se pode pautar por \u201cachismos\u201d, as pesquisas na \u00e1rea da educa\u00e7\u00e3o merecem uma aten\u00e7\u00e3o especial?<\/strong><\/p>\n\n\n\n<p><strong>Mozart Neves Ramos \u2013 <\/strong>N\u00e3o basta a gente pensar que isso funciona, quando n\u00e3o h\u00e1 evid\u00eancias claras. Por exemplo, uma medica\u00e7\u00e3o vai funcionar se tiver antes uma pesquisa. A mesma coisa se aplica na educa\u00e7\u00e3o. N\u00e3o adianta usar determinados programas ou metodologias se n\u00e3o tiver uma evid\u00eancia de que funcionam, se realmente o aluno est\u00e1 aprendendo, se desenvolvendo.&nbsp;<\/p>\n\n\n\n<p>Na educa\u00e7\u00e3o integral, a gente tem que ir al\u00e9m dos aspectos cognitivos, o que exige tamb\u00e9m o desenvolvimento das habilidades socioemocionais como: criatividade, pensamento cr\u00edtico e resili\u00eancia. Pesquisas demonstram que quando uma crian\u00e7a det\u00e9m essas habilidades, elas possuem impactos muito importantes na profici\u00eancia escolar, tanto em l\u00edngua portuguesa, matem\u00e1tica, ci\u00eancias, entre outras \u00e1reas.<\/p>\n\n\n\n<p>Uma escola que promove o desenvolvimento pleno de uma educa\u00e7\u00e3o integral impacta muito na profici\u00eancia escolar. Certamente, hoje em dia, o maior desafio na educa\u00e7\u00e3o b\u00e1sica, n\u00e3o s\u00f3 no Brasil como no mundo, \u00e9 como a gente vai melhorar a aprendizagem escolar. Nada melhor do que ter uma educa\u00e7\u00e3o integral, uma sala de aula em que o aluno vai desenvolver a criatividade, o pensamento e a colabora\u00e7\u00e3o.<\/p>\n\n\n\n<p>A Fapesp, a funda\u00e7\u00e3o de ci\u00eancia e tecnologia mais importante do Brasil, lan\u00e7ou, recentemente, uma parceria que est\u00e1 em vig\u00eancia. Est\u00e1 recebendo projetos com foco em pesquisas e evid\u00eancias para melhorar a aprendizagem e reduzir a desigualdade educacional. \u00c9 um <a href=\"https:\/\/fapesp.br\/15324\/fapesp-e-secretaria-da-educacao-investirao-r-30-milhoes-em-pesquisa-em-educacao-basica\">edital <\/a>no valor de R$ 30 milh\u00f5es. Daqui para frente, precisamos ter uma pol\u00edtica de educa\u00e7\u00e3o baseada em evid\u00eancias e pesquisas.<\/p>\n\n\n\n<p><strong>Educa\u00e7\u00e3o em Pauta \u2013 Na sua vis\u00e3o, como a escola particular pode ajudar a p\u00fablica para alavancar a qualidade?<\/strong><\/p>\n\n\n\n<p><strong>Mozart Neves Ramos \u2013 <\/strong>A gente sabe que 80% das matr\u00edculas est\u00e3o no setor p\u00fablico. Os 20% est\u00e3o no particular, sendo que os alunos, na sua maioria, est\u00e3o em um patamar financeiro mais elevado. O fator socioecon\u00f4mico \u00e9 muito importante para a aprendizagem, para o desenvolvimento do aluno. Muitas pesquisas mostram isso.&nbsp;<\/p>\n\n\n\n<p>Existem escolas p\u00fablicas de boa qualidade, tem escolas particulares que podem melhorar e existe uma qualidade compat\u00edvel com a m\u00e9dia das escolas particulares. Na minha vis\u00e3o, esse conjunto de quantidade e qualidade precisa ser mais integrado.<\/p>\n\n\n\n<p>O papel da educa\u00e7\u00e3o \u00e9 desenvolver plenamente as pessoas, est\u00e1 l\u00e1 no <a href=\"http:\/\/portal.mec.gov.br\/seesp\/arquivos\/pdf\/constituicao.pdf\" target=\"_blank\" rel=\"noreferrer noopener\">artigo 205<\/a>, da LDB <em>(Lei de Diretrizes e Bases da Educa\u00e7\u00e3o Nacional)<\/em>, da Constitui\u00e7\u00e3o Federal. O regime de colabora\u00e7\u00e3o entre escolas p\u00fablicas e particulares deveria ser algo incentivado.<\/p>\n\n\n\n<p>O sistema particular pode criar redes de colabora\u00e7\u00e3o para trocar experi\u00eancias, como o enfrentamento do p\u00f3s-pandemia no retorno presencial ou como est\u00e3o desenvolvendo as quest\u00f5es social e emocional em suas escolas. Isso n\u00e3o custa dinheiro, \u00e9 apenas troca de conhecimentos. Ao meu ver, \u00e9 muito importante!&nbsp;<\/p>\n\n\n\n<p>O poder p\u00fablico, com as redes particulares de ensino, pode pensar em uma educa\u00e7\u00e3o na qual a maior preocupa\u00e7\u00e3o fosse com o desenvolvimento pleno da crian\u00e7a e do jovem.<\/p>\n\n\n\n<p>O primeiro ano do Novo Ensino M\u00e9dio, quanto \u00e0 implementa\u00e7\u00e3o, tem os itiner\u00e1rios formativos. As escolas particulares podem ser cases muito interessantes para ajudar e inspirar as p\u00fablicas. A pr\u00f3pria escola particular pode aprender com a p\u00fablica, porque existe mais pluralidade e diversidade.&nbsp;<\/p>\n\n\n\n<p>A colabora\u00e7\u00e3o vai ser fundamental daqui para frente e, n\u00e3o foi \u00e0 toa, que fui relator de uma mat\u00e9ria de diretriz operacional do regime de colabora\u00e7\u00e3o. \u00c9 com base em arranjos de desenvolvimento da educa\u00e7\u00e3o que j\u00e1 foi homologado este meu parecer no Minist\u00e9rio da Educa\u00e7\u00e3o. Foi uma dedica\u00e7\u00e3o nesse regime de colabora\u00e7\u00e3o em escolas p\u00fablicas trabalharem com as particulares.&nbsp;<\/p>\n\n\n\n<p><strong>Educa\u00e7\u00e3o em Pauta \u2013 Como o senhor avalia a implementa\u00e7\u00e3o do Novo Ensino M\u00e9dio e o novo Enem?<\/strong><\/p>\n\n\n\n<p><strong>Mozart Neves Ramos \u2013 <\/strong>O Novo Ensino M\u00e9dio j\u00e1 recebeu muito investimento, n\u00e3o s\u00f3 de tempo, mas financeiro tamb\u00e9m. Para preparar tanto as redes p\u00fablicas como as particulares, muito esfor\u00e7o tem sido feito. Naturalmente, quando voc\u00ea come\u00e7a a meter a m\u00e3o na massa, as escolas ainda t\u00eam d\u00favidas sobre essa implementa\u00e7\u00e3o, por isso que \u00e9 muito importante que o pr\u00f3prio Minist\u00e9rio da Educa\u00e7\u00e3o assuma mais esse papel de coordena\u00e7\u00e3o nacional, ajudando nesse processo, assim como tem feito o Conselho de Educa\u00e7\u00e3o. O conselho tem feito diretrizes, estudos e debates para ajudar as escolas.<\/p>\n\n\n\n<p>Outras quest\u00f5es precisam ser sanadas, como organizar por \u00e1reas de conhecimento. O 9\u00b0 ano do Ensino Fundamental trabalha com base em disciplinas e o 1\u00b0 ano do Ensino M\u00e9dio trabalha por \u00e1reas de conhecimento, e isso cria dificuldades.<\/p>\n\n\n\n<p>\u00c9 come\u00e7ar a trabalhar com interdisciplinaridade. \u00c9 necess\u00e1rio incentivar o Ensino M\u00e9dio a trabalhar por \u00e1reas de conhecimento. Os professores v\u00e3o precisar montar seus planos de aula de maneira mais articulada.&nbsp;<\/p>\n\n\n\n<p>O Brasil pode aprender com o Brasil. \u00c9 o caso de Pernambuco, com as escolas de educa\u00e7\u00e3o integral que v\u00eam dando resultados muito significativos j\u00e1 em grande escala.<\/p>\n\n\n\n<p>Em rela\u00e7\u00e3o ao Enem, tenho acompanhado as mudan\u00e7as e demiss\u00f5es de t\u00e9cnicos e a troca na presid\u00eancia do Instituto Nacional de Estudos e Pesquisas Educacionais An\u00edsio Teixeira (Inep), o que atrapalhou a agenda do instituto. O quanto antes \u00e9 preciso publicar as matrizes das habilidades e compet\u00eancias que tratam do Ensino M\u00e9dio para que os especialistas possam elaborar as quest\u00f5es para a teoria de resposta. O banco de quest\u00f5es do Inep ainda \u00e9 muito pequeno e pode comprometer, inclusive, a implementa\u00e7\u00e3o do Novo Ensino M\u00e9dio.&nbsp;<\/p>\n\n\n\n<p>Me preocupa muito essa situa\u00e7\u00e3o do Enem pelo fato de que claramente est\u00e1 atrasado em seu processo de mudan\u00e7a.<\/p>\n\n\n\n<div class=\"wp-block-image\"><figure class=\"aligncenter size-large\"><img loading=\"lazy\" decoding=\"async\" width=\"493\" height=\"1024\" src=\"https:\/\/sinepe-rs.org.br\/educacaoempauta\/wp-content\/uploads\/2022\/05\/sinepe_infografico_48_mozart_com_palavra_ok-493x1024.png\" alt=\"\" class=\"wp-image-1320\" srcset=\"https:\/\/sinepe-rs.org.br\/educacaoempauta\/wp-content\/uploads\/2022\/05\/sinepe_infografico_48_mozart_com_palavra_ok-493x1024.png 493w, https:\/\/sinepe-rs.org.br\/educacaoempauta\/wp-content\/uploads\/2022\/05\/sinepe_infografico_48_mozart_com_palavra_ok-144x300.png 144w, https:\/\/sinepe-rs.org.br\/educacaoempauta\/wp-content\/uploads\/2022\/05\/sinepe_infografico_48_mozart_com_palavra_ok-768x1595.png 768w, https:\/\/sinepe-rs.org.br\/educacaoempauta\/wp-content\/uploads\/2022\/05\/sinepe_infografico_48_mozart_com_palavra_ok-740x1536.png 740w, https:\/\/sinepe-rs.org.br\/educacaoempauta\/wp-content\/uploads\/2022\/05\/sinepe_infografico_48_mozart_com_palavra_ok-986x2048.png 986w, https:\/\/sinepe-rs.org.br\/educacaoempauta\/wp-content\/uploads\/2022\/05\/sinepe_infografico_48_mozart_com_palavra_ok.png 1080w\" sizes=\"auto, (max-width: 493px) 100vw, 493px\" \/><\/figure><\/div>\n\n\n\n<p><strong>Educa\u00e7\u00e3o em Pauta \u2013 Em uma das suas obras \u00e9 abordada a educa\u00e7\u00e3o sustent\u00e1vel no pa\u00eds. Est\u00e1 sendo aplicada?<\/strong><\/p>\n\n\n\n<p><strong>Mozart Neves Ramos \u2013 <\/strong>Nesse primeiro livro, que tem mais de 15 anos, at\u00e9 estava relendo, folheando um dia desses, apesar de alguns n\u00fameros terem mudado, \u00e9 natural ter mais desafios, mas alguns continuam.&nbsp;<\/p>\n\n\n\n<p>O conceito da educa\u00e7\u00e3o sustent\u00e1vel est\u00e1 muito mais ligado ao desafio do financiamento da qualidade da gest\u00e3o, articulada com a qualidade da aprendizagem. A sustentabilidade da educa\u00e7\u00e3o passa pela capacidade que o pa\u00eds tem de colocar em uma mesma equa\u00e7\u00e3o quantidade e qualidade. Justamente o que comentei, ao longo dessa entrevista.<\/p>\n\n\n\n<p>Qual \u00e9 a colabora\u00e7\u00e3o que o pa\u00eds precisa ter? Ter um sistema que promova a coopera\u00e7\u00e3o entre redes e sistemas de ensino. \u00c9 olhar a educa\u00e7\u00e3o dentro de uma vis\u00e3o sist\u00eamica de pa\u00eds. Esse \u00e9 o grande desafio que est\u00e1 por tr\u00e1s da educa\u00e7\u00e3o sustent\u00e1vel.&nbsp;<\/p>\n\n\n\n<p><strong>Educa\u00e7\u00e3o em Pauta \u2013 Em um outro livro o senhor destaca a urg\u00eancia da educa\u00e7\u00e3o. O que \u00e9 necess\u00e1rio priorizar?<\/strong><\/p>\n\n\n\n<p><strong>Mozart Neves Ramos \u2013 <\/strong>Essa obra foi escrita na perspectiva de alertar o pa\u00eds para quest\u00f5es que eram prementes h\u00e1 10 anos. Foi baseada em artigos, mostrei que o Brasil estava estagnado do ponto de vista da aprendizagem escolar, principalmente nos exames finais do Ensino Fundamental e, sobretudo, no Ensino M\u00e9dio.&nbsp;<\/p>\n\n\n\n<p>Naquele momento em que foi escrito o livro, era uma preocupa\u00e7\u00e3o de que precis\u00e1vamos sair desse patamar de estabilidade em um plat\u00f4 muito baixo. O pa\u00eds est\u00e1 em uma estagna\u00e7\u00e3o de 20 anos na quest\u00e3o da aprendizagem, em um patamar muito baixo.&nbsp;<\/p>\n\n\n\n<p>O Brasil precisa acordar para o fato de que criar uma educa\u00e7\u00e3o de qualidade no pa\u00eds n\u00e3o vai ser protagonista nesse cen\u00e1rio que n\u00f3s estamos vivendo.<\/p>\n\n\n\n<p>Todos n\u00f3s sabemos que est\u00e1 em curso uma mudan\u00e7a na janela demogr\u00e1fica. Se olhar o perfil demogr\u00e1fico no mundo, inclusive do Brasil, a taxa de natalidade come\u00e7a a ficar negativa.<\/p>\n\n\n\n<p>O pa\u00eds precisa investir fortemente na sua juventude, para que possa ter jovens muito bem preparados para sustentar a pir\u00e2mide demogr\u00e1fica, porque o topo da pir\u00e2mide est\u00e1 crescendo e alargando. Quem vai sustentar esse pa\u00eds? A urg\u00eancia a que a gente se referia era na sustentabilidade do pr\u00f3prio pa\u00eds e, para isso, era preciso acordar para a quest\u00e3o da qualidade da educa\u00e7\u00e3o e preparar os jovens \u2013 e n\u00e3o perder nenhum jovem.&nbsp;<\/p>\n\n\n\n<p>No Brasil, 500 mil jovens abandonam o Ensino M\u00e9dio por ano. \u00c9 quase um por minuto.<\/p>\n\n\n\n<p>O pa\u00eds n\u00e3o pode cuidar desse luxo e o pior \u00e9 que quando o jovem deixa a escola, o que acontece? Ele ingressa naquele grupo chamado \u201cnem nem\u201d, nem estudam, nem trabalham. Infelizmente, parte desse grupo engrossa mais adiante a taxa de homic\u00eddio juvenil.&nbsp;<\/p>\n\n\n\n<p>Muitas vezes, principalmente no governo atual, se perdeu muito tempo com quest\u00f5es ideol\u00f3gicas que n\u00e3o correspondem naturalmente \u00e0 agenda que o Brasil precisa. \u00c9 fortemente investir no professor e na qualidade da gest\u00e3o, fazer com que a aprendizagem ocorra para todos os alunos e ter escolas que estejam alinhadas com os desafios do s\u00e9culo 21.&nbsp;<\/p>\n\n\n\n<p><strong>Educa\u00e7\u00e3o em Pauta \u2013 Falamos de passado e presente e temos elei\u00e7\u00f5es pela frente. Quais s\u00e3o as principais medidas que o MEC precisa adotar para os pr\u00f3ximos quatro anos?<\/strong><\/p>\n\n\n\n<p><strong>Mozart Neves Ramos \u2013 <\/strong>Em primeiro lugar, vou falar independente de quem seja o pr\u00f3ximo governante desse pa\u00eds. \u00c9 preciso que ele entenda que a educa\u00e7\u00e3o \u00e9 estrat\u00e9gica para o desenvolvimento de qualquer pa\u00eds. Uma educa\u00e7\u00e3o que dialogue os interesses maiores de uma sociedade e n\u00e3o de um determinado segmento.<\/p>\n\n\n\n<p>O segundo ponto \u00e9 entender que a pol\u00edtica educacional se faz em colabora\u00e7\u00e3o com a popula\u00e7\u00e3o. Uma educa\u00e7\u00e3o que se desenvolva plenamente, entender que a escola brasileira \u00e9 plural e diversificada e, cada vez mais, avan\u00e7ar a valoriza\u00e7\u00e3o do professor na implementa\u00e7\u00e3o de um curr\u00edculo que n\u00e3o \u00e9 a BNCC. A entidade \u00e9 uma b\u00fassola do curr\u00edculo, mas que se tenha um curr\u00edculo voltado para as exig\u00eancias do s\u00e9culo 21. Al\u00e9m disso, uma avalia\u00e7\u00e3o que pudesse de alguma maneira detectar se de fato os nossos estudantes est\u00e3o se desenvolvendo plenamente. N\u00e3o \u00e9 mais somente uma educa\u00e7\u00e3o com base em aspectos conteudistas.&nbsp;<\/p>\n\n\n\n<p>\u00c9 muito importante que a gente tenha uma agenda de qualidade para a educa\u00e7\u00e3o, clara em parceria com a sociedade, em parceria com as escolas e as redes, para que o Brasil possa avan\u00e7ar.&nbsp;<\/p>\n\n\n\n<p>O papel central do MEC \u00e9 na coordena\u00e7\u00e3o pol\u00edtica e n\u00e3o somente repassando o dinheiro. \u00c9 articular esse financiamento com os Estados, os munic\u00edpios e os sistemas de redes particulares de ensino. \u00c9 essa educa\u00e7\u00e3o com mobiliza\u00e7\u00e3o, com envolvimento da sociedade, fazer o que a Coreia do Sul fez. Foi uma grande mudan\u00e7a, intitulada \u201ca febre da educa\u00e7\u00e3o\u201d e, para isso, mobilizaram a sociedade em prol da educa\u00e7\u00e3o.&nbsp;<\/p>\n\n\n\n<p>O importante \u00e9 ter uma pol\u00edtica que n\u00e3o seja de governo, uma pol\u00edtica de Estado e, principalmente, que leva em conta que o Brasil pode aprender com o Brasil. Veja, na alfabetiza\u00e7\u00e3o a gente tem a \u201cb\u00fassola cearense\u201d. Naquele Estado foram alfabetizadas crian\u00e7as aos sete anos de idade. Por que n\u00e3o implementar isso de maneira coordenada nacionalmente?&nbsp;<\/p>\n\n\n\n<p>Outro exemplo \u00e9 Pernambuco, que \u00e9 um modelo de Ensino M\u00e9dio, com educa\u00e7\u00e3o integral e vitorioso, <a href=\"https:\/\/g1.globo.com\/pe\/pernambuco\/educacao\/noticia\/2021\/11\/24\/pernambuco-amplia-oferta-do-ensino-integral-e-anuncia-novas-escolas-tecnicas-para-2022.ghtml\" target=\"_blank\" rel=\"noreferrer noopener\">j\u00e1 est\u00e1 com mais 70% da rede com escola de tempo integral<\/a>. Quer dizer, \u00e9 olhar isso e mostrar para o pa\u00eds. Se a gente conseguir essa agenda m\u00ednima de articula\u00e7\u00e3o para que possa ser trabalhado de maneira colaborativa.\u00a0<\/p>\n\n\n\n<p>No sul do pa\u00eds, tem in\u00fameras redes de sistemas de ensino que podem nos ajudar.&nbsp;<\/p>\n\n\n\n<p>O pr\u00f3ximo governo tem que entender que o Brasil tem riquezas no campo da educa\u00e7\u00e3o. \u00c9 unir aquilo que est\u00e1 funcionando, colocar \u201cluz\u201d e dinheiro nisso para que a gente possa ter uma educa\u00e7\u00e3o de qualidade.<\/p>\n\n\n\n<p><strong>Educa\u00e7\u00e3o em Pauta \u2013 De modo geral, qual \u00e9 o futuro da educa\u00e7\u00e3o?<\/strong><\/p>\n\n\n\n<p><strong>Mozart Neves Ramos \u2013 <\/strong>Sem educa\u00e7\u00e3o n\u00e3o haver\u00e1 futuro. Ent\u00e3o, o nosso futuro depende essencialmente da boa educa\u00e7\u00e3o, n\u00e3o de qualquer educa\u00e7\u00e3o. \u00c9 ter uma educa\u00e7\u00e3o que desenvolva plenamente as pessoas em colabora\u00e7\u00e3o com a sociedade, tamb\u00e9m para cumprir o seu papel. Isso para que essas pessoas possam exercer a cidadania de maneira plena, que estejam preparados para esse mundo de trabalho.&nbsp;<\/p>\n\n\n\n<p>A gente precisa entender que o futuro passa pela qualidade das pessoas que n\u00f3s queremos formar para que a gente tenha um pa\u00eds de melhor qualidade. Esse futuro da educa\u00e7\u00e3o vai ser determinante para o pr\u00f3prio futuro do pa\u00eds.<\/p>\n","protected":false},"excerpt":{"rendered":"<p>Em entrevista, ex-presidente do Todos Pela Educa\u00e7\u00e3o, Mozart Neves Ramos, diz que recursos tecnol\u00f3gicos podem ajudar a melhorar a qualidade da educa\u00e7\u00e3o \u2013 e comenta os desafios do setor frente a um cen\u00e1rio de elei\u00e7\u00f5es<\/p>\n","protected":false},"author":5,"featured_media":1327,"comment_status":"open","ping_status":"open","sticky":false,"template":"","format":"standard","meta":{"footnotes":""},"categories":[4],"tags":[85,93,43,78],"class_list":["post-1318","post","type-post","status-publish","format-standard","has-post-thumbnail","hentry","category-com-a-palavra","tag-educacao-2","tag-entrevista","tag-sinepe-rs-2","tag-tecnologia"],"acf":[],"yoast_head":"<!-- This site is optimized with the Yoast SEO plugin v24.6 - https:\/\/yoast.com\/wordpress\/plugins\/seo\/ -->\n<title>\u201cAs tecnologias jamais v\u00e3o substituir os professores\u201d - Educa\u00e7\u00e3o em Pauta: Portal de reportagens de Educa\u00e7\u00e3o<\/title>\n<meta name=\"robots\" content=\"index, follow, max-snippet:-1, max-image-preview:large, max-video-preview:-1\" \/>\n<link rel=\"canonical\" href=\"https:\/\/sinepe-rs.org.br\/educacaoempauta\/com-a-palavra\/as-tecnologias-jamais-vao-substituir-os-professores\/\" \/>\n<meta property=\"og:locale\" content=\"pt_BR\" \/>\n<meta property=\"og:type\" content=\"article\" \/>\n<meta property=\"og:title\" content=\"\u201cAs tecnologias jamais v\u00e3o substituir os professores\u201d - Educa\u00e7\u00e3o em Pauta: Portal de reportagens de Educa\u00e7\u00e3o\" \/>\n<meta property=\"og:description\" content=\"Em entrevista, ex-presidente do Todos Pela Educa\u00e7\u00e3o, Mozart Neves Ramos, diz que recursos tecnol\u00f3gicos podem ajudar a melhorar a qualidade da educa\u00e7\u00e3o \u2013 e comenta os desafios do setor frente a um cen\u00e1rio de elei\u00e7\u00f5es\" \/>\n<meta property=\"og:url\" content=\"https:\/\/sinepe-rs.org.br\/educacaoempauta\/com-a-palavra\/as-tecnologias-jamais-vao-substituir-os-professores\/\" \/>\n<meta property=\"og:site_name\" content=\"Educa\u00e7\u00e3o em Pauta: Portal de reportagens de Educa\u00e7\u00e3o\" \/>\n<meta property=\"article:published_time\" content=\"2022-05-25T17:39:40+00:00\" \/>\n<meta property=\"article:modified_time\" content=\"2022-05-25T17:54:32+00:00\" \/>\n<meta property=\"og:image\" content=\"https:\/\/sinepe-rs.org.br\/educacaoempauta\/wp-content\/uploads\/2022\/05\/Mozart-Neves-Ramos_divulgacao-1_capa.png\" \/>\n\t<meta property=\"og:image:width\" content=\"1366\" \/>\n\t<meta property=\"og:image:height\" content=\"450\" \/>\n\t<meta property=\"og:image:type\" content=\"image\/png\" \/>\n<meta name=\"author\" content=\"Pedro Pereira\" \/>\n<meta name=\"twitter:card\" content=\"summary_large_image\" \/>\n<meta name=\"twitter:label1\" content=\"Escrito por\" \/>\n\t<meta name=\"twitter:data1\" content=\"Pedro Pereira\" \/>\n\t<meta name=\"twitter:label2\" content=\"Est. tempo de leitura\" \/>\n\t<meta name=\"twitter:data2\" content=\"19 minutos\" \/>\n<script type=\"application\/ld+json\" class=\"yoast-schema-graph\">{\"@context\":\"https:\/\/schema.org\",\"@graph\":[{\"@type\":\"WebPage\",\"@id\":\"https:\/\/sinepe-rs.org.br\/educacaoempauta\/com-a-palavra\/as-tecnologias-jamais-vao-substituir-os-professores\/\",\"url\":\"https:\/\/sinepe-rs.org.br\/educacaoempauta\/com-a-palavra\/as-tecnologias-jamais-vao-substituir-os-professores\/\",\"name\":\"\u201cAs tecnologias jamais v\u00e3o substituir os professores\u201d - Educa\u00e7\u00e3o em Pauta: Portal de reportagens de Educa\u00e7\u00e3o\",\"isPartOf\":{\"@id\":\"https:\/\/sinepe-rs.org.br\/educacaoempauta\/#website\"},\"primaryImageOfPage\":{\"@id\":\"https:\/\/sinepe-rs.org.br\/educacaoempauta\/com-a-palavra\/as-tecnologias-jamais-vao-substituir-os-professores\/#primaryimage\"},\"image\":{\"@id\":\"https:\/\/sinepe-rs.org.br\/educacaoempauta\/com-a-palavra\/as-tecnologias-jamais-vao-substituir-os-professores\/#primaryimage\"},\"thumbnailUrl\":\"https:\/\/sinepe-rs.org.br\/educacaoempauta\/wp-content\/uploads\/2022\/05\/Mozart-Neves-Ramos_divulgacao-1_capa.png\",\"datePublished\":\"2022-05-25T17:39:40+00:00\",\"dateModified\":\"2022-05-25T17:54:32+00:00\",\"author\":{\"@id\":\"https:\/\/sinepe-rs.org.br\/educacaoempauta\/#\/schema\/person\/eb03b166eff55e90344ab3969f61e654\"},\"breadcrumb\":{\"@id\":\"https:\/\/sinepe-rs.org.br\/educacaoempauta\/com-a-palavra\/as-tecnologias-jamais-vao-substituir-os-professores\/#breadcrumb\"},\"inLanguage\":\"pt-BR\",\"potentialAction\":[{\"@type\":\"ReadAction\",\"target\":[\"https:\/\/sinepe-rs.org.br\/educacaoempauta\/com-a-palavra\/as-tecnologias-jamais-vao-substituir-os-professores\/\"]}]},{\"@type\":\"ImageObject\",\"inLanguage\":\"pt-BR\",\"@id\":\"https:\/\/sinepe-rs.org.br\/educacaoempauta\/com-a-palavra\/as-tecnologias-jamais-vao-substituir-os-professores\/#primaryimage\",\"url\":\"https:\/\/sinepe-rs.org.br\/educacaoempauta\/wp-content\/uploads\/2022\/05\/Mozart-Neves-Ramos_divulgacao-1_capa.png\",\"contentUrl\":\"https:\/\/sinepe-rs.org.br\/educacaoempauta\/wp-content\/uploads\/2022\/05\/Mozart-Neves-Ramos_divulgacao-1_capa.png\",\"width\":1366,\"height\":450,\"caption\":\"Mozart Neves Ramos\"},{\"@type\":\"BreadcrumbList\",\"@id\":\"https:\/\/sinepe-rs.org.br\/educacaoempauta\/com-a-palavra\/as-tecnologias-jamais-vao-substituir-os-professores\/#breadcrumb\",\"itemListElement\":[{\"@type\":\"ListItem\",\"position\":1,\"name\":\"Home\",\"item\":\"https:\/\/sinepe-rs.org.br\/educacaoempauta\/\"},{\"@type\":\"ListItem\",\"position\":2,\"name\":\"\u201cAs tecnologias jamais v\u00e3o substituir os professores\u201d\"}]},{\"@type\":\"WebSite\",\"@id\":\"https:\/\/sinepe-rs.org.br\/educacaoempauta\/#website\",\"url\":\"https:\/\/sinepe-rs.org.br\/educacaoempauta\/\",\"name\":\"Educa\u00e7\u00e3o em Pauta: Portal de reportagens de Educa\u00e7\u00e3o\",\"description\":\"Sinepe-RS\",\"potentialAction\":[{\"@type\":\"SearchAction\",\"target\":{\"@type\":\"EntryPoint\",\"urlTemplate\":\"https:\/\/sinepe-rs.org.br\/educacaoempauta\/?s={search_term_string}\"},\"query-input\":{\"@type\":\"PropertyValueSpecification\",\"valueRequired\":true,\"valueName\":\"search_term_string\"}}],\"inLanguage\":\"pt-BR\"},{\"@type\":\"Person\",\"@id\":\"https:\/\/sinepe-rs.org.br\/educacaoempauta\/#\/schema\/person\/eb03b166eff55e90344ab3969f61e654\",\"name\":\"Pedro Pereira\",\"image\":{\"@type\":\"ImageObject\",\"inLanguage\":\"pt-BR\",\"@id\":\"https:\/\/sinepe-rs.org.br\/educacaoempauta\/#\/schema\/person\/image\/\",\"url\":\"https:\/\/secure.gravatar.com\/avatar\/03e4e53cd25b4a04347e452bc96ba09bdba38ab525c0b2e33ca18d87eda53291?s=96&d=mm&r=g\",\"contentUrl\":\"https:\/\/secure.gravatar.com\/avatar\/03e4e53cd25b4a04347e452bc96ba09bdba38ab525c0b2e33ca18d87eda53291?s=96&d=mm&r=g\",\"caption\":\"Pedro Pereira\"},\"url\":\"https:\/\/sinepe-rs.org.br\/educacaoempauta\/author\/perdro\/\"}]}<\/script>\n<!-- \/ Yoast SEO plugin. -->","yoast_head_json":{"title":"\u201cAs tecnologias jamais v\u00e3o substituir os professores\u201d - Educa\u00e7\u00e3o em Pauta: Portal de reportagens de Educa\u00e7\u00e3o","robots":{"index":"index","follow":"follow","max-snippet":"max-snippet:-1","max-image-preview":"max-image-preview:large","max-video-preview":"max-video-preview:-1"},"canonical":"https:\/\/sinepe-rs.org.br\/educacaoempauta\/com-a-palavra\/as-tecnologias-jamais-vao-substituir-os-professores\/","og_locale":"pt_BR","og_type":"article","og_title":"\u201cAs tecnologias jamais v\u00e3o substituir os professores\u201d - Educa\u00e7\u00e3o em Pauta: Portal de reportagens de Educa\u00e7\u00e3o","og_description":"Em entrevista, ex-presidente do Todos Pela Educa\u00e7\u00e3o, Mozart Neves Ramos, diz que recursos tecnol\u00f3gicos podem ajudar a melhorar a qualidade da educa\u00e7\u00e3o \u2013 e comenta os desafios do setor frente a um cen\u00e1rio de elei\u00e7\u00f5es","og_url":"https:\/\/sinepe-rs.org.br\/educacaoempauta\/com-a-palavra\/as-tecnologias-jamais-vao-substituir-os-professores\/","og_site_name":"Educa\u00e7\u00e3o em Pauta: Portal de reportagens de Educa\u00e7\u00e3o","article_published_time":"2022-05-25T17:39:40+00:00","article_modified_time":"2022-05-25T17:54:32+00:00","og_image":[{"width":1366,"height":450,"url":"https:\/\/sinepe-rs.org.br\/educacaoempauta\/wp-content\/uploads\/2022\/05\/Mozart-Neves-Ramos_divulgacao-1_capa.png","type":"image\/png"}],"author":"Pedro Pereira","twitter_card":"summary_large_image","twitter_misc":{"Escrito por":"Pedro Pereira","Est. tempo de leitura":"19 minutos"},"schema":{"@context":"https:\/\/schema.org","@graph":[{"@type":"WebPage","@id":"https:\/\/sinepe-rs.org.br\/educacaoempauta\/com-a-palavra\/as-tecnologias-jamais-vao-substituir-os-professores\/","url":"https:\/\/sinepe-rs.org.br\/educacaoempauta\/com-a-palavra\/as-tecnologias-jamais-vao-substituir-os-professores\/","name":"\u201cAs tecnologias jamais v\u00e3o substituir os professores\u201d - Educa\u00e7\u00e3o em Pauta: Portal de reportagens de Educa\u00e7\u00e3o","isPartOf":{"@id":"https:\/\/sinepe-rs.org.br\/educacaoempauta\/#website"},"primaryImageOfPage":{"@id":"https:\/\/sinepe-rs.org.br\/educacaoempauta\/com-a-palavra\/as-tecnologias-jamais-vao-substituir-os-professores\/#primaryimage"},"image":{"@id":"https:\/\/sinepe-rs.org.br\/educacaoempauta\/com-a-palavra\/as-tecnologias-jamais-vao-substituir-os-professores\/#primaryimage"},"thumbnailUrl":"https:\/\/sinepe-rs.org.br\/educacaoempauta\/wp-content\/uploads\/2022\/05\/Mozart-Neves-Ramos_divulgacao-1_capa.png","datePublished":"2022-05-25T17:39:40+00:00","dateModified":"2022-05-25T17:54:32+00:00","author":{"@id":"https:\/\/sinepe-rs.org.br\/educacaoempauta\/#\/schema\/person\/eb03b166eff55e90344ab3969f61e654"},"breadcrumb":{"@id":"https:\/\/sinepe-rs.org.br\/educacaoempauta\/com-a-palavra\/as-tecnologias-jamais-vao-substituir-os-professores\/#breadcrumb"},"inLanguage":"pt-BR","potentialAction":[{"@type":"ReadAction","target":["https:\/\/sinepe-rs.org.br\/educacaoempauta\/com-a-palavra\/as-tecnologias-jamais-vao-substituir-os-professores\/"]}]},{"@type":"ImageObject","inLanguage":"pt-BR","@id":"https:\/\/sinepe-rs.org.br\/educacaoempauta\/com-a-palavra\/as-tecnologias-jamais-vao-substituir-os-professores\/#primaryimage","url":"https:\/\/sinepe-rs.org.br\/educacaoempauta\/wp-content\/uploads\/2022\/05\/Mozart-Neves-Ramos_divulgacao-1_capa.png","contentUrl":"https:\/\/sinepe-rs.org.br\/educacaoempauta\/wp-content\/uploads\/2022\/05\/Mozart-Neves-Ramos_divulgacao-1_capa.png","width":1366,"height":450,"caption":"Mozart Neves Ramos"},{"@type":"BreadcrumbList","@id":"https:\/\/sinepe-rs.org.br\/educacaoempauta\/com-a-palavra\/as-tecnologias-jamais-vao-substituir-os-professores\/#breadcrumb","itemListElement":[{"@type":"ListItem","position":1,"name":"Home","item":"https:\/\/sinepe-rs.org.br\/educacaoempauta\/"},{"@type":"ListItem","position":2,"name":"\u201cAs tecnologias jamais v\u00e3o substituir os professores\u201d"}]},{"@type":"WebSite","@id":"https:\/\/sinepe-rs.org.br\/educacaoempauta\/#website","url":"https:\/\/sinepe-rs.org.br\/educacaoempauta\/","name":"Educa\u00e7\u00e3o em Pauta: Portal de reportagens de Educa\u00e7\u00e3o","description":"Sinepe-RS","potentialAction":[{"@type":"SearchAction","target":{"@type":"EntryPoint","urlTemplate":"https:\/\/sinepe-rs.org.br\/educacaoempauta\/?s={search_term_string}"},"query-input":{"@type":"PropertyValueSpecification","valueRequired":true,"valueName":"search_term_string"}}],"inLanguage":"pt-BR"},{"@type":"Person","@id":"https:\/\/sinepe-rs.org.br\/educacaoempauta\/#\/schema\/person\/eb03b166eff55e90344ab3969f61e654","name":"Pedro Pereira","image":{"@type":"ImageObject","inLanguage":"pt-BR","@id":"https:\/\/sinepe-rs.org.br\/educacaoempauta\/#\/schema\/person\/image\/","url":"https:\/\/secure.gravatar.com\/avatar\/03e4e53cd25b4a04347e452bc96ba09bdba38ab525c0b2e33ca18d87eda53291?s=96&d=mm&r=g","contentUrl":"https:\/\/secure.gravatar.com\/avatar\/03e4e53cd25b4a04347e452bc96ba09bdba38ab525c0b2e33ca18d87eda53291?s=96&d=mm&r=g","caption":"Pedro Pereira"},"url":"https:\/\/sinepe-rs.org.br\/educacaoempauta\/author\/perdro\/"}]}},"_links":{"self":[{"href":"https:\/\/sinepe-rs.org.br\/educacaoempauta\/wp-json\/wp\/v2\/posts\/1318","targetHints":{"allow":["GET"]}}],"collection":[{"href":"https:\/\/sinepe-rs.org.br\/educacaoempauta\/wp-json\/wp\/v2\/posts"}],"about":[{"href":"https:\/\/sinepe-rs.org.br\/educacaoempauta\/wp-json\/wp\/v2\/types\/post"}],"author":[{"embeddable":true,"href":"https:\/\/sinepe-rs.org.br\/educacaoempauta\/wp-json\/wp\/v2\/users\/5"}],"replies":[{"embeddable":true,"href":"https:\/\/sinepe-rs.org.br\/educacaoempauta\/wp-json\/wp\/v2\/comments?post=1318"}],"version-history":[{"count":6,"href":"https:\/\/sinepe-rs.org.br\/educacaoempauta\/wp-json\/wp\/v2\/posts\/1318\/revisions"}],"predecessor-version":[{"id":1328,"href":"https:\/\/sinepe-rs.org.br\/educacaoempauta\/wp-json\/wp\/v2\/posts\/1318\/revisions\/1328"}],"wp:featuredmedia":[{"embeddable":true,"href":"https:\/\/sinepe-rs.org.br\/educacaoempauta\/wp-json\/wp\/v2\/media\/1327"}],"wp:attachment":[{"href":"https:\/\/sinepe-rs.org.br\/educacaoempauta\/wp-json\/wp\/v2\/media?parent=1318"}],"wp:term":[{"taxonomy":"category","embeddable":true,"href":"https:\/\/sinepe-rs.org.br\/educacaoempauta\/wp-json\/wp\/v2\/categories?post=1318"},{"taxonomy":"post_tag","embeddable":true,"href":"https:\/\/sinepe-rs.org.br\/educacaoempauta\/wp-json\/wp\/v2\/tags?post=1318"}],"curies":[{"name":"wp","href":"https:\/\/api.w.org\/{rel}","templated":true}]}}