{"id":1404,"date":"2022-06-06T07:00:00","date_gmt":"2022-06-06T10:00:00","guid":{"rendered":"https:\/\/sinepe-rs.org.br\/educacaoempauta\/?p=1404"},"modified":"2022-06-28T12:11:02","modified_gmt":"2022-06-28T15:11:02","slug":"transtorno-do-espectro-autista-dicas-para-uma-educacao-inclusiva-e-eficiente","status":"publish","type":"post","link":"https:\/\/sinepe-rs.org.br\/educacaoempauta\/pedagogico\/transtorno-do-espectro-autista-dicas-para-uma-educacao-inclusiva-e-eficiente\/","title":{"rendered":"Transtorno do Espectro Autista: dicas para uma educa\u00e7\u00e3o inclusiva e eficiente"},"content":{"rendered":"\n<p>Normativa do Conselho Estadual de Educa\u00e7\u00e3o (CEEd\/RS) <a href=\"https:\/\/www.diariooficial.rs.gov.br\/materia?id=681403\">publicada no Di\u00e1rio Oficial<\/a> em mar\u00e7o deste ano ratifica a oferta de educa\u00e7\u00e3o especial em todas as institui\u00e7\u00f5es escolares. Na pr\u00e1tica, pouco muda. O que tamb\u00e9m n\u00e3o \u00e9 novidade para os educadores \u00e9 o desafio de desenvolver atividades curriculares que atendam de forma inclusiva os alunos p\u00fablico-alvo da Educa\u00e7\u00e3o Especial, como os que apresentam o Transtorno do Espectro Autista (TEA).<\/p>\n\n\n\n<p>No Rio Grande do Sul, segundo o Censo Escolar, a rede privada de ensino conta com 5,2 mil alunos com defici\u00eancias, transtorno do espectro autista e altas habilidades\/superdota\u00e7\u00e3o em classes comuns, dos quais 2,1 mil convivem com o TEA. J\u00e1 nas classes exclusivas, a rede privada ga\u00facha atende quase 11 mil alunos, sendo 1 mil com TEA.<\/p>\n\n\n\n<p>Desde janeiro de 2022, o transtorno consta como um diagn\u00f3stico unificado na nova Classifica\u00e7\u00e3o Estat\u00edstica Internacional de Doen\u00e7as e Problemas Relacionados \u00e0 Sa\u00fade, a CID-11, lan\u00e7ada pela Organiza\u00e7\u00e3o Mundial da Sa\u00fade (OMS). Agora, todos os transtornos fazem parte do espectro de autismo \u2013 entram nessa lista autismo infantil, S\u00edndrome de Rett, S\u00edndrome de Asperger, transtorno desintegrativo da inf\u00e2ncia e o transtorno com hipercinesia.<\/p>\n\n\n\n<p>O TEA pode ser classificado em tr\u00eas n\u00edveis, de acordo com a quantidade de apoio que a pessoa necessita para desempenhar a maior parte das atividades do seu dia a dia. \u201cAquela que apresenta maior capacidade de realizar suas fun\u00e7\u00f5es de forma aut\u00f4noma apresenta n\u00edvel 1, ou leve, e a que necessita de apoio para quase todas suas fun\u00e7\u00f5es apresenta n\u00edvel 3, ou grave\u201d, explica a m\u00e9dica psiquiatra do Hospital Moinhos de Vento Ana Soledade Graeff Martins.<\/p>\n\n\n\n<p>Entre as principais caracter\u00edsticas do TEA est\u00e3o dificuldades na intera\u00e7\u00e3o e na comunica\u00e7\u00e3o social e uma gama de sintomas, que correspondem a um apego muito grande a rotinas e a comportamentos repetitivos, que podem ser tanto movimentos quanto interesses espec\u00edficos e exagerados por algum assunto. Outras maneiras que podem estar presentes e v\u00eam sendo mais estudadas s\u00e3o os d\u00e9ficits de processamento sensorial: hipo ou hipersensibilidade a est\u00edmulos auditivos, visuais e t\u00e1teis, entre outros.<\/p>\n\n\n\n<p>Em rela\u00e7\u00e3o a como inserir crian\u00e7as e adolescentes na escola regular, \u00e9 necess\u00e1rio que se identifique que tipo de apoio \u00e9 preciso, pois as demandas s\u00e3o muito variadas. \u201cA maioria dos jovens necessita de adapta\u00e7\u00e3o no curr\u00edculo escolar\u201d, ressalta Ana Soledade.<\/p>\n\n\n\n<p><strong>Experi\u00eancias de um autista: aluno e professor<\/strong><\/p>\n\n\n\n<p>Mestrando em Inform\u00e1tica na Educa\u00e7\u00e3o, Willian Chimura apresenta TEA leve, antes intitulado S\u00edndrome de Asperger. Ele tamb\u00e9m \u00e9 programador e <em>youtuber<\/em> \u2013 em 2019, criou o canal que leva seu nome, onde apresenta o \u201cuniverso do autismo\u201d. \u00c9 uma maneira de facilitar a compreens\u00e3o de como agem as pessoas com TEA.<\/p>\n\n\n\n<figure class=\"wp-block-embed is-type-video is-provider-youtube wp-block-embed-youtube wp-embed-aspect-16-9 wp-has-aspect-ratio\"><div class=\"wp-block-embed__wrapper\">\n<iframe loading=\"lazy\" title=\"Autista responde 10 perguntas do Google sobre AUTISMO\" width=\"500\" height=\"281\" src=\"https:\/\/www.youtube.com\/embed\/pZ4rBas6_Gg?feature=oembed\" frameborder=\"0\" allow=\"accelerometer; autoplay; clipboard-write; encrypted-media; gyroscope; picture-in-picture; web-share\" referrerpolicy=\"strict-origin-when-cross-origin\" allowfullscreen><\/iframe>\n<\/div><\/figure>\n\n\n\n<p>Com o olhar de professor, Chimura acredita que<strong> <\/strong>cada aluno merece aten\u00e7\u00e3o e \u00e9 preciso uma maior articula\u00e7\u00e3o entre escola, profissionais de sa\u00fade e fam\u00edlia. \u201cN\u00e3o envolve somente o autista, \u00e9 dif\u00edcil separar s\u00f3 sa\u00fade ou educa\u00e7\u00e3o. Para acolher melhor o autista \u00e9 preciso dessa uni\u00e3o da fam\u00edlia e de quem lida com a sa\u00fade e a educa\u00e7\u00e3o das pessoas com TEA\u201d, sugere.<\/p>\n\n\n\n<p>Chimura acredita que a tecnologia pode auxiliar os alunos em sala de aula \u2013 e n\u00e3o precisa ser a mais sofisticada, basta algo convencional como o uso de uma impressora ou um software b\u00e1sico de edi\u00e7\u00e3o. \u201cConsiderando que os interesses dos autistas s\u00e3o muito restritos e intensos por um determinado tema ou personagem, o professor adapta uma atividade em sala de aula. Quem sabe, em um futuro pr\u00f3ximo, possam ser inseridas as mesas digitais\u201d, projeta.<\/p>\n\n\n\n<p><strong>A forma de lecionar e o ambiente de sala de aula<\/strong><\/p>\n\n\n\n<p>Para a terapeuta ocupacional e psicopedagoga Viviane de Leon, primeiramente \u00e9 de suma import\u00e2ncia promover uma capacita\u00e7\u00e3o aos professores e orienta\u00e7\u00e3o aos pais. \u201cO TEA de base neurobiol\u00f3gica e gen\u00e9tica afeta a forma como a crian\u00e7a aprende e se desenvolve. Portanto, uma s\u00e9rie de estrat\u00e9gias de suporte precisa ser aplicada na escola e em casa, com a devida orienta\u00e7\u00e3o de equipe transdisciplinar especializada no tema\u201d, explica.<\/p>\n\n\n\n<p>Autora de diversos <a href=\"http:\/\/vivianedeleon.com.br\/publicacoes\/\">livros sobre autismo<\/a>, Viviane acredita que todos devem promover a psicoeduca\u00e7\u00e3o desde as habilidades mais iniciais de intera\u00e7\u00e3o social. \u201cDesde olhar e apontar, passando por ensinar a brincar e, na escola, procurar tamb\u00e9m o avan\u00e7o em habilidades acad\u00eamicas. Em casa, a \u00eanfase deve ser na autonomia\u201d, completa.<\/p>\n\n\n\n<p>S\u00e3o necess\u00e1rias diversas adapta\u00e7\u00f5es para deixar a sala de aula apta a receber alunos de diferentes espectros \u2013 como o ajuste do tamanho de mesas e cadeiras, promo\u00e7\u00e3o de espa\u00e7os sensoriais e de relaxamento. \u201cCrian\u00e7as com extrema hiperreatividade sensorial podem usar dispositivos como mordedores, \u00f3culos, coletes de peso, abafadores sensoriais e momentos de pausa fora da sala. Desde que haja recomenda\u00e7\u00e3o da equipe especialista\u201d, ressalta Viviane de Leon.<\/p>\n\n\n\n<p><strong>Forma\u00e7\u00e3o continuada para docentes<\/strong><\/p>\n\n\n\n<p>O Instituto Rodrigo Mendes (IRM) mant\u00e9m uma plataforma de Ensino a Dist\u00e2ncia (EAD) com <a href=\"https:\/\/formacao.institutorodrigomendes.org.br\/\">cursos (alguns gratuitos)<\/a> sobre educa\u00e7\u00e3o especial. O objetivo \u00e9 promover a forma\u00e7\u00e3o de educadores e gestores sobre educa\u00e7\u00e3o na perspectiva inclusiva em larga escala, oferecendo um cat\u00e1logo de cursos. A iniciativa permite a consolida\u00e7\u00e3o e a amplia\u00e7\u00e3o de portf\u00f3lio de solu\u00e7\u00f5es e estrat\u00e9gias pedag\u00f3gicas, bem como o fortalecimento da rede de boas pr\u00e1ticas.<\/p>\n\n\n\n<p>\u201cA ideia veio com o intuito da forma\u00e7\u00e3o continuada em servi\u00e7o na \u00e1rea da educa\u00e7\u00e3o. J\u00e1 estamos com mais de 110 mil docentes inscritos em todo o pa\u00eds at\u00e9 o momento. Essa foi uma maneira de inserirmos a educa\u00e7\u00e3o inclusiva. Voc\u00ea n\u00e3o muda a forma de pensar de uma hora para outra, com apenas uma lei. Existe todo um processo e demos o pontap\u00e9 inicial para isso\u201d, explica o Luiz Concei\u00e7\u00e3o, coordenador de forma\u00e7\u00e3o do Instituto Rodrigo Mendes.<\/p>\n\n\n\n<p><strong>Sala de aula adaptada aos autistas&nbsp;<\/strong><\/p>\n\n\n\n<p>Desde 2016, o Col\u00e9gio Conc\u00f3rdia de Porto Alegre criou o seu plano pedag\u00f3gico para o atendimento de crian\u00e7as da Educa\u00e7\u00e3o Infantil aos jovens do Ensino M\u00e9dio. Muitas fam\u00edlias procuram o col\u00e9gio para o acolhimento dos seus filhos devido ao modo de aprendizagem: dos 45 alunos de inclus\u00e3o matriculados na institui\u00e7\u00e3o, 36 se enquadram no TEA.<\/p>\n\n\n\n<p>Um dos grandes diferenciais do Conc\u00f3rdia \u00e9 a sala de recursos multifuncionais, onde s\u00e3o realizadas atividades no turno inverso. Equipada de um espa\u00e7o sensorial, que regula sons e luminosidade, al\u00e9m de jogos e brinquedos, o local busca realizar atividades que complementam o trabalho da sala de aula regular.<\/p>\n\n\n\n<p>A m\u00e9dia de uso deste espa\u00e7o \u00e9 de uma a duas vezes por semana, com acompanhamento de um professor. \u201c\u00c9 o momento de organiza\u00e7\u00e3o motora desses estudantes. Podem usar de maneira individual ou em grupo, de acordo com a faixa et\u00e1ria e seus interesses. Tudo \u00e9 realizado dentro de uma rotina, com previsibilidade do que vai acontecer. Se houver imprevisto, os preparamos para isso\u201d, comenta a coordenadora de inclus\u00e3o do Col\u00e9gio Conc\u00f3rdia Porto Alegre, Cristiane de Lorenzo.<\/p>\n\n\n\n<p>O Atendimento Educacional Especializado (AEE) j\u00e1 demonstra resultados. A implementa\u00e7\u00e3o desse processo mostrou ganhos acad\u00eamicos efetivos, com jovens com TEA ingressando em universidades \u2013 e tamb\u00e9m benef\u00edcios na vida em geral, tornando-os pessoas mais preparadas para situa\u00e7\u00f5es como atravessar a rua ou fazer refei\u00e7\u00f5es em locais p\u00fablicos de grande circula\u00e7\u00e3o.<\/p>\n\n\n\n<div class=\"wp-block-image\"><figure class=\"aligncenter size-large\"><img loading=\"lazy\" decoding=\"async\" width=\"445\" height=\"1024\" src=\"https:\/\/sinepe-rs.org.br\/educacaoempauta\/wp-content\/uploads\/2022\/06\/sinepe_infografico_46_autismo-445x1024.png\" alt=\"\" class=\"wp-image-1397\" srcset=\"https:\/\/sinepe-rs.org.br\/educacaoempauta\/wp-content\/uploads\/2022\/06\/sinepe_infografico_46_autismo-445x1024.png 445w, https:\/\/sinepe-rs.org.br\/educacaoempauta\/wp-content\/uploads\/2022\/06\/sinepe_infografico_46_autismo-130x300.png 130w, https:\/\/sinepe-rs.org.br\/educacaoempauta\/wp-content\/uploads\/2022\/06\/sinepe_infografico_46_autismo-768x1768.png 768w, https:\/\/sinepe-rs.org.br\/educacaoempauta\/wp-content\/uploads\/2022\/06\/sinepe_infografico_46_autismo-667x1536.png 667w, https:\/\/sinepe-rs.org.br\/educacaoempauta\/wp-content\/uploads\/2022\/06\/sinepe_infografico_46_autismo.png 800w\" sizes=\"auto, (max-width: 445px) 100vw, 445px\" \/><\/figure><\/div>\n","protected":false},"excerpt":{"rendered":"<p>Caracter\u00edsticas inerentes a quem convive com a condi\u00e7\u00e3o exigem aten\u00e7\u00e3o especial dos educadores. Forma\u00e7\u00e3o continuada e adapta\u00e7\u00e3o dos espa\u00e7os de aprendizagem est\u00e3o entre as solu\u00e7\u00f5es<\/p>\n","protected":false},"author":3,"featured_media":1398,"comment_status":"open","ping_status":"open","sticky":false,"template":"","format":"standard","meta":{"footnotes":""},"categories":[6],"tags":[101,61,103,43,102],"class_list":["post-1404","post","type-post","status-publish","format-standard","has-post-thumbnail","hentry","category-pedagogico","tag-autismo","tag-educacao","tag-educacao-inclusiva","tag-sinepe-rs-2","tag-tea"],"acf":[],"yoast_head":"<!-- This site is optimized with the Yoast SEO plugin v24.6 - https:\/\/yoast.com\/wordpress\/plugins\/seo\/ -->\n<title>Transtorno do Espectro Autista: dicas para uma educa\u00e7\u00e3o inclusiva<\/title>\n<meta name=\"description\" content=\"Forma\u00e7\u00e3o continuada e adapta\u00e7\u00e3o dos espa\u00e7os de aprendizagem est\u00e3o entre as solu\u00e7\u00f5es que exigem aten\u00e7\u00e3o dos educadores\" \/>\n<meta name=\"robots\" content=\"index, follow, max-snippet:-1, max-image-preview:large, max-video-preview:-1\" \/>\n<link rel=\"canonical\" href=\"https:\/\/sinepe-rs.org.br\/educacaoempauta\/pedagogico\/transtorno-do-espectro-autista-dicas-para-uma-educacao-inclusiva-e-eficiente\/\" \/>\n<meta property=\"og:locale\" content=\"pt_BR\" \/>\n<meta property=\"og:type\" content=\"article\" \/>\n<meta property=\"og:title\" content=\"Transtorno do Espectro Autista: dicas para uma educa\u00e7\u00e3o inclusiva\" \/>\n<meta property=\"og:description\" content=\"Forma\u00e7\u00e3o continuada e adapta\u00e7\u00e3o dos espa\u00e7os de aprendizagem est\u00e3o entre as solu\u00e7\u00f5es que exigem aten\u00e7\u00e3o dos educadores\" \/>\n<meta property=\"og:url\" content=\"https:\/\/sinepe-rs.org.br\/educacaoempauta\/pedagogico\/transtorno-do-espectro-autista-dicas-para-uma-educacao-inclusiva-e-eficiente\/\" \/>\n<meta property=\"og:site_name\" content=\"Educa\u00e7\u00e3o em Pauta: Portal de reportagens de Educa\u00e7\u00e3o\" \/>\n<meta property=\"article:published_time\" content=\"2022-06-06T10:00:00+00:00\" \/>\n<meta property=\"article:modified_time\" content=\"2022-06-28T15:11:02+00:00\" \/>\n<meta property=\"og:image\" content=\"https:\/\/sinepe-rs.org.br\/educacaoempauta\/wp-content\/uploads\/2022\/06\/46-AUTISMO-Depositphotos_355831958_L.png\" \/>\n\t<meta property=\"og:image:width\" content=\"1366\" \/>\n\t<meta property=\"og:image:height\" content=\"450\" \/>\n\t<meta property=\"og:image:type\" content=\"image\/png\" \/>\n<meta name=\"author\" content=\"Alexandra Zanela\" \/>\n<meta name=\"twitter:card\" content=\"summary_large_image\" \/>\n<meta name=\"twitter:label1\" content=\"Escrito por\" \/>\n\t<meta name=\"twitter:data1\" content=\"Alexandra Zanela\" \/>\n\t<meta name=\"twitter:label2\" content=\"Est. tempo de leitura\" \/>\n\t<meta name=\"twitter:data2\" content=\"7 minutos\" \/>\n<script type=\"application\/ld+json\" class=\"yoast-schema-graph\">{\"@context\":\"https:\/\/schema.org\",\"@graph\":[{\"@type\":\"WebPage\",\"@id\":\"https:\/\/sinepe-rs.org.br\/educacaoempauta\/pedagogico\/transtorno-do-espectro-autista-dicas-para-uma-educacao-inclusiva-e-eficiente\/\",\"url\":\"https:\/\/sinepe-rs.org.br\/educacaoempauta\/pedagogico\/transtorno-do-espectro-autista-dicas-para-uma-educacao-inclusiva-e-eficiente\/\",\"name\":\"Transtorno do Espectro Autista: dicas para uma educa\u00e7\u00e3o inclusiva\",\"isPartOf\":{\"@id\":\"https:\/\/sinepe-rs.org.br\/educacaoempauta\/#website\"},\"primaryImageOfPage\":{\"@id\":\"https:\/\/sinepe-rs.org.br\/educacaoempauta\/pedagogico\/transtorno-do-espectro-autista-dicas-para-uma-educacao-inclusiva-e-eficiente\/#primaryimage\"},\"image\":{\"@id\":\"https:\/\/sinepe-rs.org.br\/educacaoempauta\/pedagogico\/transtorno-do-espectro-autista-dicas-para-uma-educacao-inclusiva-e-eficiente\/#primaryimage\"},\"thumbnailUrl\":\"https:\/\/sinepe-rs.org.br\/educacaoempauta\/wp-content\/uploads\/2022\/06\/46-AUTISMO-Depositphotos_355831958_L.png\",\"datePublished\":\"2022-06-06T10:00:00+00:00\",\"dateModified\":\"2022-06-28T15:11:02+00:00\",\"author\":{\"@id\":\"https:\/\/sinepe-rs.org.br\/educacaoempauta\/#\/schema\/person\/c542073558983d5792101d1b5240d841\"},\"description\":\"Forma\u00e7\u00e3o continuada e adapta\u00e7\u00e3o dos espa\u00e7os de aprendizagem est\u00e3o entre as solu\u00e7\u00f5es que exigem aten\u00e7\u00e3o dos educadores\",\"breadcrumb\":{\"@id\":\"https:\/\/sinepe-rs.org.br\/educacaoempauta\/pedagogico\/transtorno-do-espectro-autista-dicas-para-uma-educacao-inclusiva-e-eficiente\/#breadcrumb\"},\"inLanguage\":\"pt-BR\",\"potentialAction\":[{\"@type\":\"ReadAction\",\"target\":[\"https:\/\/sinepe-rs.org.br\/educacaoempauta\/pedagogico\/transtorno-do-espectro-autista-dicas-para-uma-educacao-inclusiva-e-eficiente\/\"]}]},{\"@type\":\"ImageObject\",\"inLanguage\":\"pt-BR\",\"@id\":\"https:\/\/sinepe-rs.org.br\/educacaoempauta\/pedagogico\/transtorno-do-espectro-autista-dicas-para-uma-educacao-inclusiva-e-eficiente\/#primaryimage\",\"url\":\"https:\/\/sinepe-rs.org.br\/educacaoempauta\/wp-content\/uploads\/2022\/06\/46-AUTISMO-Depositphotos_355831958_L.png\",\"contentUrl\":\"https:\/\/sinepe-rs.org.br\/educacaoempauta\/wp-content\/uploads\/2022\/06\/46-AUTISMO-Depositphotos_355831958_L.png\",\"width\":1366,\"height\":450,\"caption\":\"Transtorno do Espectro Autista: dicas para uma educa\u00e7\u00e3o inclusiva e eficiente\"},{\"@type\":\"BreadcrumbList\",\"@id\":\"https:\/\/sinepe-rs.org.br\/educacaoempauta\/pedagogico\/transtorno-do-espectro-autista-dicas-para-uma-educacao-inclusiva-e-eficiente\/#breadcrumb\",\"itemListElement\":[{\"@type\":\"ListItem\",\"position\":1,\"name\":\"Home\",\"item\":\"https:\/\/sinepe-rs.org.br\/educacaoempauta\/\"},{\"@type\":\"ListItem\",\"position\":2,\"name\":\"Transtorno do Espectro Autista: dicas para uma educa\u00e7\u00e3o inclusiva e eficiente\"}]},{\"@type\":\"WebSite\",\"@id\":\"https:\/\/sinepe-rs.org.br\/educacaoempauta\/#website\",\"url\":\"https:\/\/sinepe-rs.org.br\/educacaoempauta\/\",\"name\":\"Educa\u00e7\u00e3o em Pauta: Portal de reportagens de Educa\u00e7\u00e3o\",\"description\":\"Sinepe-RS\",\"potentialAction\":[{\"@type\":\"SearchAction\",\"target\":{\"@type\":\"EntryPoint\",\"urlTemplate\":\"https:\/\/sinepe-rs.org.br\/educacaoempauta\/?s={search_term_string}\"},\"query-input\":{\"@type\":\"PropertyValueSpecification\",\"valueRequired\":true,\"valueName\":\"search_term_string\"}}],\"inLanguage\":\"pt-BR\"},{\"@type\":\"Person\",\"@id\":\"https:\/\/sinepe-rs.org.br\/educacaoempauta\/#\/schema\/person\/c542073558983d5792101d1b5240d841\",\"name\":\"Alexandra Zanela\",\"image\":{\"@type\":\"ImageObject\",\"inLanguage\":\"pt-BR\",\"@id\":\"https:\/\/sinepe-rs.org.br\/educacaoempauta\/#\/schema\/person\/image\/\",\"url\":\"https:\/\/secure.gravatar.com\/avatar\/aab8da397152551fad5132b4b20cb891945e7bc931de8d0d72495261a983a371?s=96&d=mm&r=g\",\"contentUrl\":\"https:\/\/secure.gravatar.com\/avatar\/aab8da397152551fad5132b4b20cb891945e7bc931de8d0d72495261a983a371?s=96&d=mm&r=g\",\"caption\":\"Alexandra Zanela\"},\"url\":\"https:\/\/sinepe-rs.org.br\/educacaoempauta\/author\/alexandra\/\"}]}<\/script>\n<!-- \/ Yoast SEO plugin. -->","yoast_head_json":{"title":"Transtorno do Espectro Autista: dicas para uma educa\u00e7\u00e3o inclusiva","description":"Forma\u00e7\u00e3o continuada e adapta\u00e7\u00e3o dos espa\u00e7os de aprendizagem est\u00e3o entre as solu\u00e7\u00f5es que exigem aten\u00e7\u00e3o dos educadores","robots":{"index":"index","follow":"follow","max-snippet":"max-snippet:-1","max-image-preview":"max-image-preview:large","max-video-preview":"max-video-preview:-1"},"canonical":"https:\/\/sinepe-rs.org.br\/educacaoempauta\/pedagogico\/transtorno-do-espectro-autista-dicas-para-uma-educacao-inclusiva-e-eficiente\/","og_locale":"pt_BR","og_type":"article","og_title":"Transtorno do Espectro Autista: dicas para uma educa\u00e7\u00e3o inclusiva","og_description":"Forma\u00e7\u00e3o continuada e adapta\u00e7\u00e3o dos espa\u00e7os de aprendizagem est\u00e3o entre as solu\u00e7\u00f5es que exigem aten\u00e7\u00e3o dos educadores","og_url":"https:\/\/sinepe-rs.org.br\/educacaoempauta\/pedagogico\/transtorno-do-espectro-autista-dicas-para-uma-educacao-inclusiva-e-eficiente\/","og_site_name":"Educa\u00e7\u00e3o em Pauta: Portal de reportagens de Educa\u00e7\u00e3o","article_published_time":"2022-06-06T10:00:00+00:00","article_modified_time":"2022-06-28T15:11:02+00:00","og_image":[{"width":1366,"height":450,"url":"https:\/\/sinepe-rs.org.br\/educacaoempauta\/wp-content\/uploads\/2022\/06\/46-AUTISMO-Depositphotos_355831958_L.png","type":"image\/png"}],"author":"Alexandra Zanela","twitter_card":"summary_large_image","twitter_misc":{"Escrito por":"Alexandra Zanela","Est. tempo de leitura":"7 minutos"},"schema":{"@context":"https:\/\/schema.org","@graph":[{"@type":"WebPage","@id":"https:\/\/sinepe-rs.org.br\/educacaoempauta\/pedagogico\/transtorno-do-espectro-autista-dicas-para-uma-educacao-inclusiva-e-eficiente\/","url":"https:\/\/sinepe-rs.org.br\/educacaoempauta\/pedagogico\/transtorno-do-espectro-autista-dicas-para-uma-educacao-inclusiva-e-eficiente\/","name":"Transtorno do Espectro Autista: dicas para uma educa\u00e7\u00e3o inclusiva","isPartOf":{"@id":"https:\/\/sinepe-rs.org.br\/educacaoempauta\/#website"},"primaryImageOfPage":{"@id":"https:\/\/sinepe-rs.org.br\/educacaoempauta\/pedagogico\/transtorno-do-espectro-autista-dicas-para-uma-educacao-inclusiva-e-eficiente\/#primaryimage"},"image":{"@id":"https:\/\/sinepe-rs.org.br\/educacaoempauta\/pedagogico\/transtorno-do-espectro-autista-dicas-para-uma-educacao-inclusiva-e-eficiente\/#primaryimage"},"thumbnailUrl":"https:\/\/sinepe-rs.org.br\/educacaoempauta\/wp-content\/uploads\/2022\/06\/46-AUTISMO-Depositphotos_355831958_L.png","datePublished":"2022-06-06T10:00:00+00:00","dateModified":"2022-06-28T15:11:02+00:00","author":{"@id":"https:\/\/sinepe-rs.org.br\/educacaoempauta\/#\/schema\/person\/c542073558983d5792101d1b5240d841"},"description":"Forma\u00e7\u00e3o continuada e adapta\u00e7\u00e3o dos espa\u00e7os de aprendizagem est\u00e3o entre as solu\u00e7\u00f5es que exigem aten\u00e7\u00e3o dos educadores","breadcrumb":{"@id":"https:\/\/sinepe-rs.org.br\/educacaoempauta\/pedagogico\/transtorno-do-espectro-autista-dicas-para-uma-educacao-inclusiva-e-eficiente\/#breadcrumb"},"inLanguage":"pt-BR","potentialAction":[{"@type":"ReadAction","target":["https:\/\/sinepe-rs.org.br\/educacaoempauta\/pedagogico\/transtorno-do-espectro-autista-dicas-para-uma-educacao-inclusiva-e-eficiente\/"]}]},{"@type":"ImageObject","inLanguage":"pt-BR","@id":"https:\/\/sinepe-rs.org.br\/educacaoempauta\/pedagogico\/transtorno-do-espectro-autista-dicas-para-uma-educacao-inclusiva-e-eficiente\/#primaryimage","url":"https:\/\/sinepe-rs.org.br\/educacaoempauta\/wp-content\/uploads\/2022\/06\/46-AUTISMO-Depositphotos_355831958_L.png","contentUrl":"https:\/\/sinepe-rs.org.br\/educacaoempauta\/wp-content\/uploads\/2022\/06\/46-AUTISMO-Depositphotos_355831958_L.png","width":1366,"height":450,"caption":"Transtorno do Espectro Autista: dicas para uma educa\u00e7\u00e3o inclusiva e eficiente"},{"@type":"BreadcrumbList","@id":"https:\/\/sinepe-rs.org.br\/educacaoempauta\/pedagogico\/transtorno-do-espectro-autista-dicas-para-uma-educacao-inclusiva-e-eficiente\/#breadcrumb","itemListElement":[{"@type":"ListItem","position":1,"name":"Home","item":"https:\/\/sinepe-rs.org.br\/educacaoempauta\/"},{"@type":"ListItem","position":2,"name":"Transtorno do Espectro Autista: dicas para uma educa\u00e7\u00e3o inclusiva e eficiente"}]},{"@type":"WebSite","@id":"https:\/\/sinepe-rs.org.br\/educacaoempauta\/#website","url":"https:\/\/sinepe-rs.org.br\/educacaoempauta\/","name":"Educa\u00e7\u00e3o em Pauta: Portal de reportagens de Educa\u00e7\u00e3o","description":"Sinepe-RS","potentialAction":[{"@type":"SearchAction","target":{"@type":"EntryPoint","urlTemplate":"https:\/\/sinepe-rs.org.br\/educacaoempauta\/?s={search_term_string}"},"query-input":{"@type":"PropertyValueSpecification","valueRequired":true,"valueName":"search_term_string"}}],"inLanguage":"pt-BR"},{"@type":"Person","@id":"https:\/\/sinepe-rs.org.br\/educacaoempauta\/#\/schema\/person\/c542073558983d5792101d1b5240d841","name":"Alexandra Zanela","image":{"@type":"ImageObject","inLanguage":"pt-BR","@id":"https:\/\/sinepe-rs.org.br\/educacaoempauta\/#\/schema\/person\/image\/","url":"https:\/\/secure.gravatar.com\/avatar\/aab8da397152551fad5132b4b20cb891945e7bc931de8d0d72495261a983a371?s=96&d=mm&r=g","contentUrl":"https:\/\/secure.gravatar.com\/avatar\/aab8da397152551fad5132b4b20cb891945e7bc931de8d0d72495261a983a371?s=96&d=mm&r=g","caption":"Alexandra Zanela"},"url":"https:\/\/sinepe-rs.org.br\/educacaoempauta\/author\/alexandra\/"}]}},"_links":{"self":[{"href":"https:\/\/sinepe-rs.org.br\/educacaoempauta\/wp-json\/wp\/v2\/posts\/1404","targetHints":{"allow":["GET"]}}],"collection":[{"href":"https:\/\/sinepe-rs.org.br\/educacaoempauta\/wp-json\/wp\/v2\/posts"}],"about":[{"href":"https:\/\/sinepe-rs.org.br\/educacaoempauta\/wp-json\/wp\/v2\/types\/post"}],"author":[{"embeddable":true,"href":"https:\/\/sinepe-rs.org.br\/educacaoempauta\/wp-json\/wp\/v2\/users\/3"}],"replies":[{"embeddable":true,"href":"https:\/\/sinepe-rs.org.br\/educacaoempauta\/wp-json\/wp\/v2\/comments?post=1404"}],"version-history":[{"count":5,"href":"https:\/\/sinepe-rs.org.br\/educacaoempauta\/wp-json\/wp\/v2\/posts\/1404\/revisions"}],"predecessor-version":[{"id":1557,"href":"https:\/\/sinepe-rs.org.br\/educacaoempauta\/wp-json\/wp\/v2\/posts\/1404\/revisions\/1557"}],"wp:featuredmedia":[{"embeddable":true,"href":"https:\/\/sinepe-rs.org.br\/educacaoempauta\/wp-json\/wp\/v2\/media\/1398"}],"wp:attachment":[{"href":"https:\/\/sinepe-rs.org.br\/educacaoempauta\/wp-json\/wp\/v2\/media?parent=1404"}],"wp:term":[{"taxonomy":"category","embeddable":true,"href":"https:\/\/sinepe-rs.org.br\/educacaoempauta\/wp-json\/wp\/v2\/categories?post=1404"},{"taxonomy":"post_tag","embeddable":true,"href":"https:\/\/sinepe-rs.org.br\/educacaoempauta\/wp-json\/wp\/v2\/tags?post=1404"}],"curies":[{"name":"wp","href":"https:\/\/api.w.org\/{rel}","templated":true}]}}