{"id":1798,"date":"2022-08-12T07:00:00","date_gmt":"2022-08-12T10:00:00","guid":{"rendered":"https:\/\/sinepe-rs.org.br\/educacaoempauta\/?p=1798"},"modified":"2022-08-29T14:13:19","modified_gmt":"2022-08-29T17:13:19","slug":"pais-educadores-como-e-a-vida-entre-ensinar-alunos-e-cuidar-dos-filhos","status":"publish","type":"post","link":"https:\/\/sinepe-rs.org.br\/educacaoempauta\/inspire-se\/pais-educadores-como-e-a-vida-entre-ensinar-alunos-e-cuidar-dos-filhos\/","title":{"rendered":"Pais educadores: como \u00e9 a vida entre ensinar alunos e cuidar dos filhos"},"content":{"rendered":"\n<p>Por defini\u00e7\u00e3o (e por que n\u00e3o mencionar \u201cpor cora\u00e7\u00e3o\u201d), professor \u00e9 aquele que cria e educa uma crian\u00e7a, um adolescente e, at\u00e9 mesmo, um adulto. Para celebrar o Dia dos Pais, contaremos tr\u00eas hist\u00f3rias: de um m\u00fasico, de um engenheiro e de um agr\u00f4nomo. Todos professores, cada um representando diferentes fases da vida escolar: Educa\u00e7\u00e3o B\u00e1sica, Ensino T\u00e9cnico e Educa\u00e7\u00e3o Superior.<\/p>\n\n\n\n<p>Em suas hist\u00f3rias de vida eles relatam sobre o que aprenderam com a paternidade, as qualidades adquiridas e que foram transpostas, de alguma forma, aos seus alunos em sala de aula.&nbsp;<\/p>\n\n\n\n<figure class=\"wp-block-image size-large\"><img loading=\"lazy\" decoding=\"async\" width=\"1024\" height=\"576\" src=\"https:\/\/sinepe-rs.org.br\/educacaoempauta\/wp-content\/uploads\/2022\/08\/75-prof-Colegio-Coracao-Sagrado-de-Jesus-arquivo-pessoal-1024x576.jpeg\" alt=\"\" class=\"wp-image-1800\" srcset=\"https:\/\/sinepe-rs.org.br\/educacaoempauta\/wp-content\/uploads\/2022\/08\/75-prof-Colegio-Coracao-Sagrado-de-Jesus-arquivo-pessoal-1024x576.jpeg 1024w, https:\/\/sinepe-rs.org.br\/educacaoempauta\/wp-content\/uploads\/2022\/08\/75-prof-Colegio-Coracao-Sagrado-de-Jesus-arquivo-pessoal-300x169.jpeg 300w, https:\/\/sinepe-rs.org.br\/educacaoempauta\/wp-content\/uploads\/2022\/08\/75-prof-Colegio-Coracao-Sagrado-de-Jesus-arquivo-pessoal-768x432.jpeg 768w, https:\/\/sinepe-rs.org.br\/educacaoempauta\/wp-content\/uploads\/2022\/08\/75-prof-Colegio-Coracao-Sagrado-de-Jesus-arquivo-pessoal-1536x864.jpeg 1536w, https:\/\/sinepe-rs.org.br\/educacaoempauta\/wp-content\/uploads\/2022\/08\/75-prof-Colegio-Coracao-Sagrado-de-Jesus-arquivo-pessoal.jpeg 1600w\" sizes=\"auto, (max-width: 1024px) 100vw, 1024px\" \/><figcaption> Cristiano Augusto Mundt e seu filho, o pequeno Martim (Foto: Arquivo Pessoal)<\/figcaption><\/figure>\n\n\n\n<p><strong>No compasso da aprendizagem<\/strong><\/p>\n\n\n\n<p>Al\u00e9m de educador musical, Cristiano Augusto Mundt \u00e9 trompetista, trombonista e saxofonista. Desde o segundo semestre do ano passado d\u00e1 aulas de m\u00fasica no Col\u00e9gio Cora\u00e7\u00e3o Sagrado de Jesus, em Arroio do Tigre. Leciona nos turnos da manh\u00e3 e tarde para alunos da Educa\u00e7\u00e3o Infantil at\u00e9 do 9\u00b0 ano do Ensino Fundamental.<\/p>\n\n\n\n<p>Al\u00e9m do col\u00e9gio, atua tamb\u00e9m em uma escola municipal em Passa Sete. Nesse ambiente escolar tem a responsabilidade de reger a banda marcial.<\/p>\n\n\n\n<p>A recente chegada de Martim, de nove meses (que no meio da entrevista engatinhava em seus p\u00e9s), modificou a sua vida. A alegria de acompanhar cada \u201csinfonia\u201d de aprendizado do filho \u00e9 algo especial. \u201cMudou bastante meu modo de viver, s\u00e3o outras preocupa\u00e7\u00f5es. O grande foco \u00e9 estar em casa para cuid\u00e1-lo\u201d, diz.&nbsp;<\/p>\n\n\n\n<p>Aten\u00e7\u00e3o e paci\u00eancia s\u00e3o algumas das atribui\u00e7\u00f5es desenvolvidas na vida de um pai, ainda mais para quem \u00e9 de primeira viagem, com muitas novidades.&nbsp;<\/p>\n\n\n\n<p>Para o docente, escutar mais seus estudantes \u00e9 algo que se tornou recorrente, fruto dessa conviv\u00eancia com o filho. \u201cMeus alunos v\u00eam contar as suas historinhas, do que aconteceu na semana. Falam tamb\u00e9m das suas evolu\u00e7\u00f5es musicais\u201d, refor\u00e7a.&nbsp;<\/p>\n\n\n\n<p>Essa maneira de agir em casa facilita o trabalho na escola, ainda mais diante de uma faixa et\u00e1ria variada. Com os menores, o professor usa mais a m\u00fasica como divertimento, ensina movimentos, coreografias e cantos. J\u00e1 para os maiores \u00e9 faz\u00ea-los entender o conte\u00fado musical, ler partituras e ensin\u00e1-los a tocar a flauta doce. Em alguns momentos, os estudantes mostram o que aprenderam em apresenta\u00e7\u00f5es de homenagem ao Dia das M\u00e3es ou ao Dia dos Pais.<\/p>\n\n\n\n<p>Para o educador, o seu desejo \u00e9 proporcionar o melhor poss\u00edvel ao filho. Classificado como \u201cbem calmo\u201d, Martim gosta quando seu pai toca um viol\u00e3o para ele escutar, mas at\u00e9 um certo tempo. \u201cAt\u00e9 querer meter a m\u00e3o nas cordas\u201d, brinca o pai de, quem sabe, um futuro m\u00fasico.<\/p>\n\n\n\n<div class=\"wp-block-image\"><figure class=\"aligncenter size-large\"><img loading=\"lazy\" decoding=\"async\" width=\"649\" height=\"1024\" src=\"https:\/\/sinepe-rs.org.br\/educacaoempauta\/wp-content\/uploads\/2022\/08\/75-Dia-dos-pais-prof-Bom-Pastor-2-649x1024.jpeg\" alt=\"\" class=\"wp-image-1801\" srcset=\"https:\/\/sinepe-rs.org.br\/educacaoempauta\/wp-content\/uploads\/2022\/08\/75-Dia-dos-pais-prof-Bom-Pastor-2-649x1024.jpeg 649w, https:\/\/sinepe-rs.org.br\/educacaoempauta\/wp-content\/uploads\/2022\/08\/75-Dia-dos-pais-prof-Bom-Pastor-2-190x300.jpeg 190w, https:\/\/sinepe-rs.org.br\/educacaoempauta\/wp-content\/uploads\/2022\/08\/75-Dia-dos-pais-prof-Bom-Pastor-2-768x1212.jpeg 768w, https:\/\/sinepe-rs.org.br\/educacaoempauta\/wp-content\/uploads\/2022\/08\/75-Dia-dos-pais-prof-Bom-Pastor-2-973x1536.jpeg 973w, https:\/\/sinepe-rs.org.br\/educacaoempauta\/wp-content\/uploads\/2022\/08\/75-Dia-dos-pais-prof-Bom-Pastor-2.jpeg 1014w\" sizes=\"auto, (max-width: 649px) 100vw, 649px\" \/><figcaption>O professor Marciano Carneiro ao lado da esposa Kelly e dos filhos, Felippo e Sofia (Foto: Arquivo Pessoal)<\/figcaption><\/figure><\/div>\n\n\n\n<p><strong>A engenharia para voltar a estar com os filhos<\/strong><\/p>\n\n\n\n<p>Durante a semana, o professor t\u00e9cnico e coordenador do curso de Agrimensura da Escola Bom Pastor, Marciano Carneiro, enfrenta a estrada para transmitir seus conhecimentos para estudantes. Com resid\u00eancia em Porto Alegre, o pai da Sofia, de cinco anos, e do Filippo, de oito anos, se desloca quase todos os fins de semana para Nova Petr\u00f3polis. Em algumas ocasi\u00f5es, d\u00e1 aulas em S\u00e3o Leopoldo e Santa Maria.<\/p>\n\n\n\n<p>\u00c0s sextas-feiras, o professor inicia uma esp\u00e9cie de engenharia log\u00edstica. Pela manh\u00e3, pega seu carro e deixa as crian\u00e7as na escola e, por volta das 17h, ruma para a Serra Ga\u00facha para lecionar \u00e0 noite. Pernoita na cidade e, no s\u00e1bado, seguem as aulas para, no final da tarde, voltar \u00e0 capital ga\u00facha. A\u00ed, sim, \u00e9 hora do programa familiar com os filhos e sua mulher, Kelly.&nbsp;<\/p>\n\n\n\n<p>Com as crian\u00e7as, Carneiro destaca que foi uma nova e diferente etapa da vida do casal. O modo de viver se tornou ainda mais respons\u00e1vel, com um forte sentimento de compromisso, educa\u00e7\u00e3o e presen\u00e7a. \u201cPor mais que tenham esses momentos de dist\u00e2ncia, estar presente com eles \u00e9 a minha prioridade\u201d, frisa.<\/p>\n\n\n\n<p>Desde 2011, \u00e9 professor, por\u00e9m, com a chegada dos filhos, notou que a sua din\u00e2mica em sala de aula se transformou. Com alunos do curso t\u00e9cnico, que variam de 17 a 60 anos, a proposta \u00e9 trazer um conte\u00fado din\u00e2mico, independentemente da idade. \u201cSinto que mudou muito o meu comportamental, tento transmitir o conhecimento de uma maneira mais f\u00e1cil e com paci\u00eancia\u201d, salienta.<\/p>\n\n\n\n<div class=\"wp-block-image\"><figure class=\"aligncenter size-large\"><img loading=\"lazy\" decoding=\"async\" width=\"1024\" height=\"768\" src=\"https:\/\/sinepe-rs.org.br\/educacaoempauta\/wp-content\/uploads\/2022\/08\/75-Dia-dos-pais-prof-Setrem-1-arquivo-pessoal-1024x768.jpeg\" alt=\"\" class=\"wp-image-1802\" srcset=\"https:\/\/sinepe-rs.org.br\/educacaoempauta\/wp-content\/uploads\/2022\/08\/75-Dia-dos-pais-prof-Setrem-1-arquivo-pessoal-1024x768.jpeg 1024w, https:\/\/sinepe-rs.org.br\/educacaoempauta\/wp-content\/uploads\/2022\/08\/75-Dia-dos-pais-prof-Setrem-1-arquivo-pessoal-300x225.jpeg 300w, https:\/\/sinepe-rs.org.br\/educacaoempauta\/wp-content\/uploads\/2022\/08\/75-Dia-dos-pais-prof-Setrem-1-arquivo-pessoal-768x576.jpeg 768w, https:\/\/sinepe-rs.org.br\/educacaoempauta\/wp-content\/uploads\/2022\/08\/75-Dia-dos-pais-prof-Setrem-1-arquivo-pessoal.jpeg 1280w\" sizes=\"auto, (max-width: 1024px) 100vw, 1024px\" \/><figcaption>Rodrigo ao lado da esposa e do filho, Ricardo, de 5 anos (Foto: Arquivo Pessoal)<\/figcaption><\/figure><\/div>\n\n\n\n<p><strong>Plantando o orgulho pela profiss\u00e3o<\/strong><\/p>\n\n\n\n<p>\u201cMeu pai \u00e9 professor\u201d. Com muito orgulho, o pequeno Ricardo, de cinco anos (rec\u00e9m completados em junho), disse essa frase algumas vezes para suas professoras de escola, conta o pai, pesquisador e professor do curso de Agronomia da Faculdade Setrem, Rodrigo Danielowski.<\/p>\n\n\n\n<p>Com todos os familiares em Pelotas, o educador aceitou, em 2018, o convite de ser docente na institui\u00e7\u00e3o de Ensino Superior em Tr\u00eas de Maio. A vantagem de morar em uma cidade pequena, com cerca de 23 mil habitantes, permite que a rotina com o filho seja mais presente.&nbsp;<\/p>\n\n\n\n<p>Pela manh\u00e3 e \u00e0 tarde, atua na \u00e1rea da pesquisa e, \u00e0 noite, leciona. Pela proximidade de onde reside, consegue sair da faculdade e almo\u00e7ar em casa com Ricardo e sua esposa. Ap\u00f3s a refei\u00e7\u00e3o, volta para a institui\u00e7\u00e3o de ensino e seu regresso ao lar \u00e9 por volta das 22h, mas a\u00ed s\u00f3 consegue ver Ricardo dormindo. S\u00e1bados e domingos est\u00e3o liberados \u2013 momentos para desfrutarem as viv\u00eancias juntos.&nbsp;<\/p>\n\n\n\n<p>Para Danielowski, o professor tem uma simbologia de ser um ponto refer\u00eancia, algo que representa o que \u00e9 correto. \u00c9 aquele que transmite saberes. Ele acredita que o orgulho do seu filho pela sua profiss\u00e3o esteja associado a isso.<\/p>\n\n\n\n<p>A responsabilidade de ser pai muda completamente o modo de raciocinar, pois se pensa muito mais de forma conjunta. A chegada de um filho vem solidificar a fam\u00edlia de vez. Para seus estudantes, o docente consegue, por meio da sua paternidade, transmitir essa proximidade e dar essa aten\u00e7\u00e3o. \u201cDe certa forma, o professor se torna algu\u00e9m que pode servir de exemplo. \u00c9 a quem os alunos buscam obter mais informa\u00e7\u00f5es para aprender. A rela\u00e7\u00e3o com o filho permite isso, passar os conhecimentos para educar\u201d, pontua.<\/p>\n\n\n\n<p>Enquanto Ricardo sonha em ser m\u00e1gico quando crescer, como aluno, j\u00e1 se destaca, \u00e9 interessado em aprender assuntos avan\u00e7ados para sua idade. Um dos seus lazeres \u00e9 ver s\u00e9ries educativas por streaming.&nbsp;<\/p>\n\n\n\n<p>\u201cUm dia desses, ele estava me falando sobre os gl\u00f3bulos vermelhos\u201d, relata o orgulhoso pai e professor.<\/p>\n","protected":false},"excerpt":{"rendered":"<p>Em alus\u00e3o ao Dia dos Pais, professores contam como s\u00e3o suas rotinas e os aprendizados que tiveram com essa fase diferenciada de suas vidas<\/p>\n","protected":false},"author":3,"featured_media":1799,"comment_status":"open","ping_status":"open","sticky":false,"template":"","format":"standard","meta":{"footnotes":""},"categories":[7],"tags":[163,164,43],"class_list":["post-1798","post","type-post","status-publish","format-standard","has-post-thumbnail","hentry","category-inspire-se","tag-dia-dos-pais","tag-pais-educadores","tag-sinepe-rs-2"],"acf":[],"yoast_head":"<!-- This site is optimized with the Yoast SEO plugin v24.6 - https:\/\/yoast.com\/wordpress\/plugins\/seo\/ -->\n<title>Pais educadores: como \u00e9 a vida entre ensinar alunos e cuidar dos filhos<\/title>\n<meta name=\"description\" content=\"Em alus\u00e3o ao Dia dos Pais, professores contam como s\u00e3o suas rotinas e os aprendizados que tiveram com essa fase diferenciada de suas vidas\" \/>\n<meta name=\"robots\" content=\"index, follow, max-snippet:-1, max-image-preview:large, max-video-preview:-1\" \/>\n<link rel=\"canonical\" href=\"https:\/\/sinepe-rs.org.br\/educacaoempauta\/inspire-se\/pais-educadores-como-e-a-vida-entre-ensinar-alunos-e-cuidar-dos-filhos\/\" \/>\n<meta property=\"og:locale\" content=\"pt_BR\" \/>\n<meta property=\"og:type\" content=\"article\" \/>\n<meta property=\"og:title\" content=\"Pais educadores: como \u00e9 a vida entre ensinar alunos e cuidar dos filhos\" \/>\n<meta property=\"og:description\" content=\"Em alus\u00e3o ao Dia dos Pais, professores contam como s\u00e3o suas rotinas e os aprendizados que tiveram com essa fase diferenciada de suas vidas\" \/>\n<meta property=\"og:url\" content=\"https:\/\/sinepe-rs.org.br\/educacaoempauta\/inspire-se\/pais-educadores-como-e-a-vida-entre-ensinar-alunos-e-cuidar-dos-filhos\/\" \/>\n<meta property=\"og:site_name\" content=\"Educa\u00e7\u00e3o em Pauta: Portal de reportagens de Educa\u00e7\u00e3o\" \/>\n<meta property=\"article:published_time\" content=\"2022-08-12T10:00:00+00:00\" \/>\n<meta property=\"article:modified_time\" content=\"2022-08-29T17:13:19+00:00\" \/>\n<meta property=\"og:image\" content=\"https:\/\/sinepe-rs.org.br\/educacaoempauta\/wp-content\/uploads\/2022\/08\/75-Dia-dos-pais-ABERTURA-Depositphotos_94874906_L.jpg\" \/>\n\t<meta property=\"og:image:width\" content=\"1366\" \/>\n\t<meta property=\"og:image:height\" content=\"450\" \/>\n\t<meta property=\"og:image:type\" content=\"image\/jpeg\" \/>\n<meta name=\"author\" content=\"Alexandra Zanela\" \/>\n<meta name=\"twitter:card\" content=\"summary_large_image\" \/>\n<meta name=\"twitter:label1\" content=\"Escrito por\" \/>\n\t<meta name=\"twitter:data1\" content=\"Alexandra Zanela\" \/>\n\t<meta name=\"twitter:label2\" content=\"Est. tempo de leitura\" \/>\n\t<meta name=\"twitter:data2\" content=\"7 minutos\" \/>\n<script type=\"application\/ld+json\" class=\"yoast-schema-graph\">{\"@context\":\"https:\/\/schema.org\",\"@graph\":[{\"@type\":\"WebPage\",\"@id\":\"https:\/\/sinepe-rs.org.br\/educacaoempauta\/inspire-se\/pais-educadores-como-e-a-vida-entre-ensinar-alunos-e-cuidar-dos-filhos\/\",\"url\":\"https:\/\/sinepe-rs.org.br\/educacaoempauta\/inspire-se\/pais-educadores-como-e-a-vida-entre-ensinar-alunos-e-cuidar-dos-filhos\/\",\"name\":\"Pais educadores: como \u00e9 a vida entre ensinar alunos e cuidar dos filhos\",\"isPartOf\":{\"@id\":\"https:\/\/sinepe-rs.org.br\/educacaoempauta\/#website\"},\"primaryImageOfPage\":{\"@id\":\"https:\/\/sinepe-rs.org.br\/educacaoempauta\/inspire-se\/pais-educadores-como-e-a-vida-entre-ensinar-alunos-e-cuidar-dos-filhos\/#primaryimage\"},\"image\":{\"@id\":\"https:\/\/sinepe-rs.org.br\/educacaoempauta\/inspire-se\/pais-educadores-como-e-a-vida-entre-ensinar-alunos-e-cuidar-dos-filhos\/#primaryimage\"},\"thumbnailUrl\":\"https:\/\/sinepe-rs.org.br\/educacaoempauta\/wp-content\/uploads\/2022\/08\/75-Dia-dos-pais-ABERTURA-Depositphotos_94874906_L.jpg\",\"datePublished\":\"2022-08-12T10:00:00+00:00\",\"dateModified\":\"2022-08-29T17:13:19+00:00\",\"author\":{\"@id\":\"https:\/\/sinepe-rs.org.br\/educacaoempauta\/#\/schema\/person\/c542073558983d5792101d1b5240d841\"},\"description\":\"Em alus\u00e3o ao Dia dos Pais, professores contam como s\u00e3o suas rotinas e os aprendizados que tiveram com essa fase diferenciada de suas vidas\",\"breadcrumb\":{\"@id\":\"https:\/\/sinepe-rs.org.br\/educacaoempauta\/inspire-se\/pais-educadores-como-e-a-vida-entre-ensinar-alunos-e-cuidar-dos-filhos\/#breadcrumb\"},\"inLanguage\":\"pt-BR\",\"potentialAction\":[{\"@type\":\"ReadAction\",\"target\":[\"https:\/\/sinepe-rs.org.br\/educacaoempauta\/inspire-se\/pais-educadores-como-e-a-vida-entre-ensinar-alunos-e-cuidar-dos-filhos\/\"]}]},{\"@type\":\"ImageObject\",\"inLanguage\":\"pt-BR\",\"@id\":\"https:\/\/sinepe-rs.org.br\/educacaoempauta\/inspire-se\/pais-educadores-como-e-a-vida-entre-ensinar-alunos-e-cuidar-dos-filhos\/#primaryimage\",\"url\":\"https:\/\/sinepe-rs.org.br\/educacaoempauta\/wp-content\/uploads\/2022\/08\/75-Dia-dos-pais-ABERTURA-Depositphotos_94874906_L.jpg\",\"contentUrl\":\"https:\/\/sinepe-rs.org.br\/educacaoempauta\/wp-content\/uploads\/2022\/08\/75-Dia-dos-pais-ABERTURA-Depositphotos_94874906_L.jpg\",\"width\":1366,\"height\":450,\"caption\":\"Pais educadores: como \u00e9 a vida entre ensinar alunos e cuidar dos filhos\"},{\"@type\":\"BreadcrumbList\",\"@id\":\"https:\/\/sinepe-rs.org.br\/educacaoempauta\/inspire-se\/pais-educadores-como-e-a-vida-entre-ensinar-alunos-e-cuidar-dos-filhos\/#breadcrumb\",\"itemListElement\":[{\"@type\":\"ListItem\",\"position\":1,\"name\":\"Home\",\"item\":\"https:\/\/sinepe-rs.org.br\/educacaoempauta\/\"},{\"@type\":\"ListItem\",\"position\":2,\"name\":\"Pais educadores: como \u00e9 a vida entre ensinar alunos e cuidar dos filhos\"}]},{\"@type\":\"WebSite\",\"@id\":\"https:\/\/sinepe-rs.org.br\/educacaoempauta\/#website\",\"url\":\"https:\/\/sinepe-rs.org.br\/educacaoempauta\/\",\"name\":\"Educa\u00e7\u00e3o em Pauta: Portal de reportagens de Educa\u00e7\u00e3o\",\"description\":\"Sinepe-RS\",\"potentialAction\":[{\"@type\":\"SearchAction\",\"target\":{\"@type\":\"EntryPoint\",\"urlTemplate\":\"https:\/\/sinepe-rs.org.br\/educacaoempauta\/?s={search_term_string}\"},\"query-input\":{\"@type\":\"PropertyValueSpecification\",\"valueRequired\":true,\"valueName\":\"search_term_string\"}}],\"inLanguage\":\"pt-BR\"},{\"@type\":\"Person\",\"@id\":\"https:\/\/sinepe-rs.org.br\/educacaoempauta\/#\/schema\/person\/c542073558983d5792101d1b5240d841\",\"name\":\"Alexandra Zanela\",\"image\":{\"@type\":\"ImageObject\",\"inLanguage\":\"pt-BR\",\"@id\":\"https:\/\/sinepe-rs.org.br\/educacaoempauta\/#\/schema\/person\/image\/\",\"url\":\"https:\/\/secure.gravatar.com\/avatar\/aab8da397152551fad5132b4b20cb891945e7bc931de8d0d72495261a983a371?s=96&d=mm&r=g\",\"contentUrl\":\"https:\/\/secure.gravatar.com\/avatar\/aab8da397152551fad5132b4b20cb891945e7bc931de8d0d72495261a983a371?s=96&d=mm&r=g\",\"caption\":\"Alexandra Zanela\"},\"url\":\"https:\/\/sinepe-rs.org.br\/educacaoempauta\/author\/alexandra\/\"}]}<\/script>\n<!-- \/ Yoast SEO plugin. -->","yoast_head_json":{"title":"Pais educadores: como \u00e9 a vida entre ensinar alunos e cuidar dos filhos","description":"Em alus\u00e3o ao Dia dos Pais, professores contam como s\u00e3o suas rotinas e os aprendizados que tiveram com essa fase diferenciada de suas vidas","robots":{"index":"index","follow":"follow","max-snippet":"max-snippet:-1","max-image-preview":"max-image-preview:large","max-video-preview":"max-video-preview:-1"},"canonical":"https:\/\/sinepe-rs.org.br\/educacaoempauta\/inspire-se\/pais-educadores-como-e-a-vida-entre-ensinar-alunos-e-cuidar-dos-filhos\/","og_locale":"pt_BR","og_type":"article","og_title":"Pais educadores: como \u00e9 a vida entre ensinar alunos e cuidar dos filhos","og_description":"Em alus\u00e3o ao Dia dos Pais, professores contam como s\u00e3o suas rotinas e os aprendizados que tiveram com essa fase diferenciada de suas vidas","og_url":"https:\/\/sinepe-rs.org.br\/educacaoempauta\/inspire-se\/pais-educadores-como-e-a-vida-entre-ensinar-alunos-e-cuidar-dos-filhos\/","og_site_name":"Educa\u00e7\u00e3o em Pauta: Portal de reportagens de Educa\u00e7\u00e3o","article_published_time":"2022-08-12T10:00:00+00:00","article_modified_time":"2022-08-29T17:13:19+00:00","og_image":[{"width":1366,"height":450,"url":"https:\/\/sinepe-rs.org.br\/educacaoempauta\/wp-content\/uploads\/2022\/08\/75-Dia-dos-pais-ABERTURA-Depositphotos_94874906_L.jpg","type":"image\/jpeg"}],"author":"Alexandra Zanela","twitter_card":"summary_large_image","twitter_misc":{"Escrito por":"Alexandra Zanela","Est. tempo de leitura":"7 minutos"},"schema":{"@context":"https:\/\/schema.org","@graph":[{"@type":"WebPage","@id":"https:\/\/sinepe-rs.org.br\/educacaoempauta\/inspire-se\/pais-educadores-como-e-a-vida-entre-ensinar-alunos-e-cuidar-dos-filhos\/","url":"https:\/\/sinepe-rs.org.br\/educacaoempauta\/inspire-se\/pais-educadores-como-e-a-vida-entre-ensinar-alunos-e-cuidar-dos-filhos\/","name":"Pais educadores: como \u00e9 a vida entre ensinar alunos e cuidar dos filhos","isPartOf":{"@id":"https:\/\/sinepe-rs.org.br\/educacaoempauta\/#website"},"primaryImageOfPage":{"@id":"https:\/\/sinepe-rs.org.br\/educacaoempauta\/inspire-se\/pais-educadores-como-e-a-vida-entre-ensinar-alunos-e-cuidar-dos-filhos\/#primaryimage"},"image":{"@id":"https:\/\/sinepe-rs.org.br\/educacaoempauta\/inspire-se\/pais-educadores-como-e-a-vida-entre-ensinar-alunos-e-cuidar-dos-filhos\/#primaryimage"},"thumbnailUrl":"https:\/\/sinepe-rs.org.br\/educacaoempauta\/wp-content\/uploads\/2022\/08\/75-Dia-dos-pais-ABERTURA-Depositphotos_94874906_L.jpg","datePublished":"2022-08-12T10:00:00+00:00","dateModified":"2022-08-29T17:13:19+00:00","author":{"@id":"https:\/\/sinepe-rs.org.br\/educacaoempauta\/#\/schema\/person\/c542073558983d5792101d1b5240d841"},"description":"Em alus\u00e3o ao Dia dos Pais, professores contam como s\u00e3o suas rotinas e os aprendizados que tiveram com essa fase diferenciada de suas vidas","breadcrumb":{"@id":"https:\/\/sinepe-rs.org.br\/educacaoempauta\/inspire-se\/pais-educadores-como-e-a-vida-entre-ensinar-alunos-e-cuidar-dos-filhos\/#breadcrumb"},"inLanguage":"pt-BR","potentialAction":[{"@type":"ReadAction","target":["https:\/\/sinepe-rs.org.br\/educacaoempauta\/inspire-se\/pais-educadores-como-e-a-vida-entre-ensinar-alunos-e-cuidar-dos-filhos\/"]}]},{"@type":"ImageObject","inLanguage":"pt-BR","@id":"https:\/\/sinepe-rs.org.br\/educacaoempauta\/inspire-se\/pais-educadores-como-e-a-vida-entre-ensinar-alunos-e-cuidar-dos-filhos\/#primaryimage","url":"https:\/\/sinepe-rs.org.br\/educacaoempauta\/wp-content\/uploads\/2022\/08\/75-Dia-dos-pais-ABERTURA-Depositphotos_94874906_L.jpg","contentUrl":"https:\/\/sinepe-rs.org.br\/educacaoempauta\/wp-content\/uploads\/2022\/08\/75-Dia-dos-pais-ABERTURA-Depositphotos_94874906_L.jpg","width":1366,"height":450,"caption":"Pais educadores: como \u00e9 a vida entre ensinar alunos e cuidar dos filhos"},{"@type":"BreadcrumbList","@id":"https:\/\/sinepe-rs.org.br\/educacaoempauta\/inspire-se\/pais-educadores-como-e-a-vida-entre-ensinar-alunos-e-cuidar-dos-filhos\/#breadcrumb","itemListElement":[{"@type":"ListItem","position":1,"name":"Home","item":"https:\/\/sinepe-rs.org.br\/educacaoempauta\/"},{"@type":"ListItem","position":2,"name":"Pais educadores: como \u00e9 a vida entre ensinar alunos e cuidar dos filhos"}]},{"@type":"WebSite","@id":"https:\/\/sinepe-rs.org.br\/educacaoempauta\/#website","url":"https:\/\/sinepe-rs.org.br\/educacaoempauta\/","name":"Educa\u00e7\u00e3o em Pauta: Portal de reportagens de Educa\u00e7\u00e3o","description":"Sinepe-RS","potentialAction":[{"@type":"SearchAction","target":{"@type":"EntryPoint","urlTemplate":"https:\/\/sinepe-rs.org.br\/educacaoempauta\/?s={search_term_string}"},"query-input":{"@type":"PropertyValueSpecification","valueRequired":true,"valueName":"search_term_string"}}],"inLanguage":"pt-BR"},{"@type":"Person","@id":"https:\/\/sinepe-rs.org.br\/educacaoempauta\/#\/schema\/person\/c542073558983d5792101d1b5240d841","name":"Alexandra Zanela","image":{"@type":"ImageObject","inLanguage":"pt-BR","@id":"https:\/\/sinepe-rs.org.br\/educacaoempauta\/#\/schema\/person\/image\/","url":"https:\/\/secure.gravatar.com\/avatar\/aab8da397152551fad5132b4b20cb891945e7bc931de8d0d72495261a983a371?s=96&d=mm&r=g","contentUrl":"https:\/\/secure.gravatar.com\/avatar\/aab8da397152551fad5132b4b20cb891945e7bc931de8d0d72495261a983a371?s=96&d=mm&r=g","caption":"Alexandra Zanela"},"url":"https:\/\/sinepe-rs.org.br\/educacaoempauta\/author\/alexandra\/"}]}},"_links":{"self":[{"href":"https:\/\/sinepe-rs.org.br\/educacaoempauta\/wp-json\/wp\/v2\/posts\/1798","targetHints":{"allow":["GET"]}}],"collection":[{"href":"https:\/\/sinepe-rs.org.br\/educacaoempauta\/wp-json\/wp\/v2\/posts"}],"about":[{"href":"https:\/\/sinepe-rs.org.br\/educacaoempauta\/wp-json\/wp\/v2\/types\/post"}],"author":[{"embeddable":true,"href":"https:\/\/sinepe-rs.org.br\/educacaoempauta\/wp-json\/wp\/v2\/users\/3"}],"replies":[{"embeddable":true,"href":"https:\/\/sinepe-rs.org.br\/educacaoempauta\/wp-json\/wp\/v2\/comments?post=1798"}],"version-history":[{"count":6,"href":"https:\/\/sinepe-rs.org.br\/educacaoempauta\/wp-json\/wp\/v2\/posts\/1798\/revisions"}],"predecessor-version":[{"id":1893,"href":"https:\/\/sinepe-rs.org.br\/educacaoempauta\/wp-json\/wp\/v2\/posts\/1798\/revisions\/1893"}],"wp:featuredmedia":[{"embeddable":true,"href":"https:\/\/sinepe-rs.org.br\/educacaoempauta\/wp-json\/wp\/v2\/media\/1799"}],"wp:attachment":[{"href":"https:\/\/sinepe-rs.org.br\/educacaoempauta\/wp-json\/wp\/v2\/media?parent=1798"}],"wp:term":[{"taxonomy":"category","embeddable":true,"href":"https:\/\/sinepe-rs.org.br\/educacaoempauta\/wp-json\/wp\/v2\/categories?post=1798"},{"taxonomy":"post_tag","embeddable":true,"href":"https:\/\/sinepe-rs.org.br\/educacaoempauta\/wp-json\/wp\/v2\/tags?post=1798"}],"curies":[{"name":"wp","href":"https:\/\/api.w.org\/{rel}","templated":true}]}}