{"id":1810,"date":"2022-08-15T07:00:00","date_gmt":"2022-08-15T10:00:00","guid":{"rendered":"https:\/\/sinepe-rs.org.br\/educacaoempauta\/?p=1810"},"modified":"2022-08-12T14:15:17","modified_gmt":"2022-08-12T17:15:17","slug":"qual-papel-da-escola-confessional","status":"publish","type":"post","link":"https:\/\/sinepe-rs.org.br\/educacaoempauta\/inspire-se\/qual-papel-da-escola-confessional\/","title":{"rendered":"Qual papel da escola confessional?"},"content":{"rendered":"\n<div class=\"wp-block-media-text alignwide is-stacked-on-mobile\" style=\"grid-template-columns:26% auto\"><figure class=\"wp-block-media-text__media\"><img loading=\"lazy\" decoding=\"async\" width=\"640\" height=\"640\" src=\"https:\/\/sinepe-rs.org.br\/educacaoempauta\/wp-content\/uploads\/2022\/08\/118-artigo-Luciano-Centenaro.jpg\" alt=\"\" class=\"wp-image-1811 size-full\" srcset=\"https:\/\/sinepe-rs.org.br\/educacaoempauta\/wp-content\/uploads\/2022\/08\/118-artigo-Luciano-Centenaro.jpg 640w, https:\/\/sinepe-rs.org.br\/educacaoempauta\/wp-content\/uploads\/2022\/08\/118-artigo-Luciano-Centenaro-300x300.jpg 300w, https:\/\/sinepe-rs.org.br\/educacaoempauta\/wp-content\/uploads\/2022\/08\/118-artigo-Luciano-Centenaro-150x150.jpg 150w\" sizes=\"auto, (max-width: 640px) 100vw, 640px\" \/><\/figure><div class=\"wp-block-media-text__content\">\n<p style=\"font-size:15px\"><strong>Luciano Centenaro\u00a0<\/strong><\/p>\n\n\n\n<p style=\"font-size:15px\">Gerente Educacional dos Col\u00e9gios da Rede Marista&nbsp;<\/p>\n<\/div><\/div>\n\n\n\n<p>Na exorta\u00e7\u00e3o apost\u00f3lica <em>Evangelii Gaudium: a alegria do evangelho<\/em>, o Papa Francisco convida a sermos &#8220;Igreja em Sa\u00edda&#8221;. Como tal, faz chamamento para que n\u00e3o sejamos uma organiza\u00e7\u00e3o que se basta em si mesma, por\u00e9m que assuma sua voca\u00e7\u00e3o mission\u00e1ria. Trata-se de uma Igreja comprometida com o movimento de estar em busca, de ir ao encontro, de colocar-se pr\u00f3xima, especialmente daqueles que mais necessitam. Que fa\u00e7a sentido na propaga\u00e7\u00e3o de um evangelho que n\u00e3o reproduza as exclus\u00f5es e que atinja a todos.\u00a0<\/p>\n\n\n\n<p>Tenho refletido sobre o papel da escola confessional, crist\u00e3 e cat\u00f3lica na miss\u00e3o de sermos Igreja em nossos espa\u00e7os de miss\u00e3o. Por muitos e muitos anos foi poss\u00edvel esperar pacientemente que nossas crian\u00e7as e jovens viessem at\u00e9 nossos sagrados espa\u00e7os escolares e pudessem receber os ensinamentos necess\u00e1rios para que professassem sua f\u00e9 de maneira \u00e9tica e solid\u00e1ria \u00e0 luz do evangelho de Jesus Cristo.&nbsp;<\/p>\n\n\n\n<p>Seria isso o suficiente nos dias atuais? Seria esse o convite feito pelo Papa Francisco por meio da <em>Evangeli Gaudium<\/em> e de potentes ferramentas, como o Pacto Educativo Global e a Igreja Sinodal, que nos convidam a caminhar juntos?&nbsp;<\/p>\n\n\n\n<p>Na livre e espont\u00e2nea tradu\u00e7\u00e3o dos ensinamentos legados at\u00e9 ent\u00e3o pelo Papa Francisco, entendo que a escola confessional hoje precisa buscar outra maneira de atua\u00e7\u00e3o. Verdade que muitas iniciativas s\u00e3o feitas no sentido de minimizar as dificuldades sociais encontradas, principalmente no que diz respeito \u00e0 assist\u00eancia social, importante ferramenta para diminuir a dor daqueles que mais sofrem com necessidades b\u00e1sicas. Por\u00e9m, o que se espera, na minha percep\u00e7\u00e3o, \u00e9 mais do que um olhar &#8220;de dentro para fora&#8221;.&nbsp;<\/p>\n\n\n\n<p>Trata-se de pensar uma escola confessional de &#8220;portas abertas&#8221;, uma escola cujo legado esteja na sua capacidade de transcender seus muros e contribuir para uma sociedade que preze pelos valores do evangelho. Uma escola que possa fazer a diferen\u00e7a por meio do empreendedorismo social, voluntariado e constru\u00e7\u00e3o de uma economia menos excludente e pautada nas reflex\u00f5es contempor\u00e2neas da nova economia de Clara e Francisco. Uma escola que possa mostrar alternativas para a sociedade, mesmo que esta insista em n\u00e3o disponibilizar as menores condi\u00e7\u00f5es aos mais necessitados.&nbsp;&nbsp;<\/p>\n\n\n\n<p>Pensar um universo escolar em que os conhecimentos historicamente constru\u00eddos sirvam de subs\u00eddios para a melhor tomada de decis\u00e3o. Uma escola que possa ir ao encontro e n\u00e3o de encontro com quem pensa diferente. Uma escola que n\u00e3o fique apenas na reflex\u00e3o, mas que ocupe os espa\u00e7os externos com campanhas, projetos, pesquisas e a\u00e7\u00f5es que possam alterar para melhor as condi\u00e7\u00f5es da comunidade que a cerca. Uma escola que valorize a arte, filosofia, matem\u00e1tica, sociologia, linguagens e ci\u00eancias, entre outras, e que seja reconhecida pela sua capacidade criativa, construtiva e reflexiva. Que n\u00e3o seja autorit\u00e1ria com o saber e que compreenda a natureza das diferentes formas de pensar.&nbsp;<\/p>\n\n\n\n<p>Fa\u00e7o votos que possamos ver esta escola de &#8220;joelhos ralados&#8221;, que se ajoelha para orar pelos mais necessitados e tamb\u00e9m para brincar e defender nossas crian\u00e7as. Uma escola que, apesar de sua idade, se faz nova, todo dia. E que, a cada dia que passa, consegue reconstruir um universo de possibilidades a partir dos conhecimentos nela desenvolvidos. Uma escola aberta, acess\u00edvel, participativa, cocriativa, realizada, feliz&#8230; uma &#8220;escola em sa\u00edda&#8221;, que n\u00e3o cabe mais dentro de si pr\u00f3pria pelo desejo de ir ao encontro.<\/p>\n","protected":false},"excerpt":{"rendered":"<p>Para Luciano Centenaro, gerente educacional dos Col\u00e9gios da Rede Marista, o modelo aplicado hoje precisa buscar outra maneira de atua\u00e7\u00e3o<\/p>\n","protected":false},"author":3,"featured_media":1812,"comment_status":"open","ping_status":"open","sticky":false,"template":"","format":"standard","meta":{"footnotes":""},"categories":[7],"tags":[121,165,96,43],"class_list":["post-1810","post","type-post","status-publish","format-standard","has-post-thumbnail","hentry","category-inspire-se","tag-artigo","tag-escola-confessional","tag-rede-marista","tag-sinepe-rs-2"],"acf":[],"yoast_head":"<!-- This site is optimized with the Yoast SEO plugin v24.6 - https:\/\/yoast.com\/wordpress\/plugins\/seo\/ -->\n<title>Qual papel da escola confessional?<\/title>\n<meta name=\"description\" content=\"Para Luciano Centenaro, gerente educacional dos Col\u00e9gios da Rede Marista, o modelo aplicado hoje precisa buscar outra maneira de atua\u00e7\u00e3o\" \/>\n<meta name=\"robots\" content=\"index, follow, max-snippet:-1, max-image-preview:large, max-video-preview:-1\" \/>\n<link rel=\"canonical\" href=\"https:\/\/sinepe-rs.org.br\/educacaoempauta\/inspire-se\/qual-papel-da-escola-confessional\/\" \/>\n<meta property=\"og:locale\" content=\"pt_BR\" \/>\n<meta property=\"og:type\" content=\"article\" \/>\n<meta property=\"og:title\" content=\"Qual papel da escola confessional?\" \/>\n<meta property=\"og:description\" content=\"Para Luciano Centenaro, gerente educacional dos Col\u00e9gios da Rede Marista, o modelo aplicado hoje precisa buscar outra maneira de atua\u00e7\u00e3o\" \/>\n<meta property=\"og:url\" content=\"https:\/\/sinepe-rs.org.br\/educacaoempauta\/inspire-se\/qual-papel-da-escola-confessional\/\" \/>\n<meta property=\"og:site_name\" content=\"Educa\u00e7\u00e3o em Pauta: Portal de reportagens de Educa\u00e7\u00e3o\" \/>\n<meta property=\"article:published_time\" content=\"2022-08-15T10:00:00+00:00\" \/>\n<meta property=\"og:image\" content=\"https:\/\/sinepe-rs.org.br\/educacaoempauta\/wp-content\/uploads\/2022\/08\/118-Artigo-Luciano-Centenaro-Depositphotos_408317974_L.jpg\" \/>\n\t<meta property=\"og:image:width\" content=\"1366\" \/>\n\t<meta property=\"og:image:height\" content=\"450\" \/>\n\t<meta property=\"og:image:type\" content=\"image\/jpeg\" \/>\n<meta name=\"author\" content=\"Alexandra Zanela\" \/>\n<meta name=\"twitter:card\" content=\"summary_large_image\" \/>\n<meta name=\"twitter:label1\" content=\"Escrito por\" \/>\n\t<meta name=\"twitter:data1\" content=\"Alexandra Zanela\" \/>\n\t<meta name=\"twitter:label2\" content=\"Est. tempo de leitura\" \/>\n\t<meta name=\"twitter:data2\" content=\"4 minutos\" \/>\n<script type=\"application\/ld+json\" class=\"yoast-schema-graph\">{\"@context\":\"https:\/\/schema.org\",\"@graph\":[{\"@type\":\"WebPage\",\"@id\":\"https:\/\/sinepe-rs.org.br\/educacaoempauta\/inspire-se\/qual-papel-da-escola-confessional\/\",\"url\":\"https:\/\/sinepe-rs.org.br\/educacaoempauta\/inspire-se\/qual-papel-da-escola-confessional\/\",\"name\":\"Qual papel da escola confessional?\",\"isPartOf\":{\"@id\":\"https:\/\/sinepe-rs.org.br\/educacaoempauta\/#website\"},\"primaryImageOfPage\":{\"@id\":\"https:\/\/sinepe-rs.org.br\/educacaoempauta\/inspire-se\/qual-papel-da-escola-confessional\/#primaryimage\"},\"image\":{\"@id\":\"https:\/\/sinepe-rs.org.br\/educacaoempauta\/inspire-se\/qual-papel-da-escola-confessional\/#primaryimage\"},\"thumbnailUrl\":\"https:\/\/sinepe-rs.org.br\/educacaoempauta\/wp-content\/uploads\/2022\/08\/118-Artigo-Luciano-Centenaro-Depositphotos_408317974_L.jpg\",\"datePublished\":\"2022-08-15T10:00:00+00:00\",\"author\":{\"@id\":\"https:\/\/sinepe-rs.org.br\/educacaoempauta\/#\/schema\/person\/c542073558983d5792101d1b5240d841\"},\"description\":\"Para Luciano Centenaro, gerente educacional dos Col\u00e9gios da Rede Marista, o modelo aplicado hoje precisa buscar outra maneira de atua\u00e7\u00e3o\",\"breadcrumb\":{\"@id\":\"https:\/\/sinepe-rs.org.br\/educacaoempauta\/inspire-se\/qual-papel-da-escola-confessional\/#breadcrumb\"},\"inLanguage\":\"pt-BR\",\"potentialAction\":[{\"@type\":\"ReadAction\",\"target\":[\"https:\/\/sinepe-rs.org.br\/educacaoempauta\/inspire-se\/qual-papel-da-escola-confessional\/\"]}]},{\"@type\":\"ImageObject\",\"inLanguage\":\"pt-BR\",\"@id\":\"https:\/\/sinepe-rs.org.br\/educacaoempauta\/inspire-se\/qual-papel-da-escola-confessional\/#primaryimage\",\"url\":\"https:\/\/sinepe-rs.org.br\/educacaoempauta\/wp-content\/uploads\/2022\/08\/118-Artigo-Luciano-Centenaro-Depositphotos_408317974_L.jpg\",\"contentUrl\":\"https:\/\/sinepe-rs.org.br\/educacaoempauta\/wp-content\/uploads\/2022\/08\/118-Artigo-Luciano-Centenaro-Depositphotos_408317974_L.jpg\",\"width\":1366,\"height\":450,\"caption\":\"Qual papel da escola confessional?\"},{\"@type\":\"BreadcrumbList\",\"@id\":\"https:\/\/sinepe-rs.org.br\/educacaoempauta\/inspire-se\/qual-papel-da-escola-confessional\/#breadcrumb\",\"itemListElement\":[{\"@type\":\"ListItem\",\"position\":1,\"name\":\"Home\",\"item\":\"https:\/\/sinepe-rs.org.br\/educacaoempauta\/\"},{\"@type\":\"ListItem\",\"position\":2,\"name\":\"Qual papel da escola confessional?\"}]},{\"@type\":\"WebSite\",\"@id\":\"https:\/\/sinepe-rs.org.br\/educacaoempauta\/#website\",\"url\":\"https:\/\/sinepe-rs.org.br\/educacaoempauta\/\",\"name\":\"Educa\u00e7\u00e3o em Pauta: Portal de reportagens de Educa\u00e7\u00e3o\",\"description\":\"Sinepe-RS\",\"potentialAction\":[{\"@type\":\"SearchAction\",\"target\":{\"@type\":\"EntryPoint\",\"urlTemplate\":\"https:\/\/sinepe-rs.org.br\/educacaoempauta\/?s={search_term_string}\"},\"query-input\":{\"@type\":\"PropertyValueSpecification\",\"valueRequired\":true,\"valueName\":\"search_term_string\"}}],\"inLanguage\":\"pt-BR\"},{\"@type\":\"Person\",\"@id\":\"https:\/\/sinepe-rs.org.br\/educacaoempauta\/#\/schema\/person\/c542073558983d5792101d1b5240d841\",\"name\":\"Alexandra Zanela\",\"image\":{\"@type\":\"ImageObject\",\"inLanguage\":\"pt-BR\",\"@id\":\"https:\/\/sinepe-rs.org.br\/educacaoempauta\/#\/schema\/person\/image\/\",\"url\":\"https:\/\/secure.gravatar.com\/avatar\/aab8da397152551fad5132b4b20cb891945e7bc931de8d0d72495261a983a371?s=96&d=mm&r=g\",\"contentUrl\":\"https:\/\/secure.gravatar.com\/avatar\/aab8da397152551fad5132b4b20cb891945e7bc931de8d0d72495261a983a371?s=96&d=mm&r=g\",\"caption\":\"Alexandra Zanela\"},\"url\":\"https:\/\/sinepe-rs.org.br\/educacaoempauta\/author\/alexandra\/\"}]}<\/script>\n<!-- \/ Yoast SEO plugin. -->","yoast_head_json":{"title":"Qual papel da escola confessional?","description":"Para Luciano Centenaro, gerente educacional dos Col\u00e9gios da Rede Marista, o modelo aplicado hoje precisa buscar outra maneira de atua\u00e7\u00e3o","robots":{"index":"index","follow":"follow","max-snippet":"max-snippet:-1","max-image-preview":"max-image-preview:large","max-video-preview":"max-video-preview:-1"},"canonical":"https:\/\/sinepe-rs.org.br\/educacaoempauta\/inspire-se\/qual-papel-da-escola-confessional\/","og_locale":"pt_BR","og_type":"article","og_title":"Qual papel da escola confessional?","og_description":"Para Luciano Centenaro, gerente educacional dos Col\u00e9gios da Rede Marista, o modelo aplicado hoje precisa buscar outra maneira de atua\u00e7\u00e3o","og_url":"https:\/\/sinepe-rs.org.br\/educacaoempauta\/inspire-se\/qual-papel-da-escola-confessional\/","og_site_name":"Educa\u00e7\u00e3o em Pauta: Portal de reportagens de Educa\u00e7\u00e3o","article_published_time":"2022-08-15T10:00:00+00:00","og_image":[{"width":1366,"height":450,"url":"https:\/\/sinepe-rs.org.br\/educacaoempauta\/wp-content\/uploads\/2022\/08\/118-Artigo-Luciano-Centenaro-Depositphotos_408317974_L.jpg","type":"image\/jpeg"}],"author":"Alexandra Zanela","twitter_card":"summary_large_image","twitter_misc":{"Escrito por":"Alexandra Zanela","Est. tempo de leitura":"4 minutos"},"schema":{"@context":"https:\/\/schema.org","@graph":[{"@type":"WebPage","@id":"https:\/\/sinepe-rs.org.br\/educacaoempauta\/inspire-se\/qual-papel-da-escola-confessional\/","url":"https:\/\/sinepe-rs.org.br\/educacaoempauta\/inspire-se\/qual-papel-da-escola-confessional\/","name":"Qual papel da escola confessional?","isPartOf":{"@id":"https:\/\/sinepe-rs.org.br\/educacaoempauta\/#website"},"primaryImageOfPage":{"@id":"https:\/\/sinepe-rs.org.br\/educacaoempauta\/inspire-se\/qual-papel-da-escola-confessional\/#primaryimage"},"image":{"@id":"https:\/\/sinepe-rs.org.br\/educacaoempauta\/inspire-se\/qual-papel-da-escola-confessional\/#primaryimage"},"thumbnailUrl":"https:\/\/sinepe-rs.org.br\/educacaoempauta\/wp-content\/uploads\/2022\/08\/118-Artigo-Luciano-Centenaro-Depositphotos_408317974_L.jpg","datePublished":"2022-08-15T10:00:00+00:00","author":{"@id":"https:\/\/sinepe-rs.org.br\/educacaoempauta\/#\/schema\/person\/c542073558983d5792101d1b5240d841"},"description":"Para Luciano Centenaro, gerente educacional dos Col\u00e9gios da Rede Marista, o modelo aplicado hoje precisa buscar outra maneira de atua\u00e7\u00e3o","breadcrumb":{"@id":"https:\/\/sinepe-rs.org.br\/educacaoempauta\/inspire-se\/qual-papel-da-escola-confessional\/#breadcrumb"},"inLanguage":"pt-BR","potentialAction":[{"@type":"ReadAction","target":["https:\/\/sinepe-rs.org.br\/educacaoempauta\/inspire-se\/qual-papel-da-escola-confessional\/"]}]},{"@type":"ImageObject","inLanguage":"pt-BR","@id":"https:\/\/sinepe-rs.org.br\/educacaoempauta\/inspire-se\/qual-papel-da-escola-confessional\/#primaryimage","url":"https:\/\/sinepe-rs.org.br\/educacaoempauta\/wp-content\/uploads\/2022\/08\/118-Artigo-Luciano-Centenaro-Depositphotos_408317974_L.jpg","contentUrl":"https:\/\/sinepe-rs.org.br\/educacaoempauta\/wp-content\/uploads\/2022\/08\/118-Artigo-Luciano-Centenaro-Depositphotos_408317974_L.jpg","width":1366,"height":450,"caption":"Qual papel da escola confessional?"},{"@type":"BreadcrumbList","@id":"https:\/\/sinepe-rs.org.br\/educacaoempauta\/inspire-se\/qual-papel-da-escola-confessional\/#breadcrumb","itemListElement":[{"@type":"ListItem","position":1,"name":"Home","item":"https:\/\/sinepe-rs.org.br\/educacaoempauta\/"},{"@type":"ListItem","position":2,"name":"Qual papel da escola confessional?"}]},{"@type":"WebSite","@id":"https:\/\/sinepe-rs.org.br\/educacaoempauta\/#website","url":"https:\/\/sinepe-rs.org.br\/educacaoempauta\/","name":"Educa\u00e7\u00e3o em Pauta: Portal de reportagens de Educa\u00e7\u00e3o","description":"Sinepe-RS","potentialAction":[{"@type":"SearchAction","target":{"@type":"EntryPoint","urlTemplate":"https:\/\/sinepe-rs.org.br\/educacaoempauta\/?s={search_term_string}"},"query-input":{"@type":"PropertyValueSpecification","valueRequired":true,"valueName":"search_term_string"}}],"inLanguage":"pt-BR"},{"@type":"Person","@id":"https:\/\/sinepe-rs.org.br\/educacaoempauta\/#\/schema\/person\/c542073558983d5792101d1b5240d841","name":"Alexandra Zanela","image":{"@type":"ImageObject","inLanguage":"pt-BR","@id":"https:\/\/sinepe-rs.org.br\/educacaoempauta\/#\/schema\/person\/image\/","url":"https:\/\/secure.gravatar.com\/avatar\/aab8da397152551fad5132b4b20cb891945e7bc931de8d0d72495261a983a371?s=96&d=mm&r=g","contentUrl":"https:\/\/secure.gravatar.com\/avatar\/aab8da397152551fad5132b4b20cb891945e7bc931de8d0d72495261a983a371?s=96&d=mm&r=g","caption":"Alexandra Zanela"},"url":"https:\/\/sinepe-rs.org.br\/educacaoempauta\/author\/alexandra\/"}]}},"_links":{"self":[{"href":"https:\/\/sinepe-rs.org.br\/educacaoempauta\/wp-json\/wp\/v2\/posts\/1810","targetHints":{"allow":["GET"]}}],"collection":[{"href":"https:\/\/sinepe-rs.org.br\/educacaoempauta\/wp-json\/wp\/v2\/posts"}],"about":[{"href":"https:\/\/sinepe-rs.org.br\/educacaoempauta\/wp-json\/wp\/v2\/types\/post"}],"author":[{"embeddable":true,"href":"https:\/\/sinepe-rs.org.br\/educacaoempauta\/wp-json\/wp\/v2\/users\/3"}],"replies":[{"embeddable":true,"href":"https:\/\/sinepe-rs.org.br\/educacaoempauta\/wp-json\/wp\/v2\/comments?post=1810"}],"version-history":[{"count":5,"href":"https:\/\/sinepe-rs.org.br\/educacaoempauta\/wp-json\/wp\/v2\/posts\/1810\/revisions"}],"predecessor-version":[{"id":1819,"href":"https:\/\/sinepe-rs.org.br\/educacaoempauta\/wp-json\/wp\/v2\/posts\/1810\/revisions\/1819"}],"wp:featuredmedia":[{"embeddable":true,"href":"https:\/\/sinepe-rs.org.br\/educacaoempauta\/wp-json\/wp\/v2\/media\/1812"}],"wp:attachment":[{"href":"https:\/\/sinepe-rs.org.br\/educacaoempauta\/wp-json\/wp\/v2\/media?parent=1810"}],"wp:term":[{"taxonomy":"category","embeddable":true,"href":"https:\/\/sinepe-rs.org.br\/educacaoempauta\/wp-json\/wp\/v2\/categories?post=1810"},{"taxonomy":"post_tag","embeddable":true,"href":"https:\/\/sinepe-rs.org.br\/educacaoempauta\/wp-json\/wp\/v2\/tags?post=1810"}],"curies":[{"name":"wp","href":"https:\/\/api.w.org\/{rel}","templated":true}]}}