{"id":1937,"date":"2022-09-14T07:00:00","date_gmt":"2022-09-14T10:00:00","guid":{"rendered":"https:\/\/sinepe-rs.org.br\/educacaoempauta\/?p=1937"},"modified":"2022-09-23T16:09:35","modified_gmt":"2022-09-23T19:09:35","slug":"setembro-amarelo-a-escola-precisa-estar-preparada-para-agir-todos-os-meses-do-ano","status":"publish","type":"post","link":"https:\/\/sinepe-rs.org.br\/educacaoempauta\/pedagogico\/setembro-amarelo-a-escola-precisa-estar-preparada-para-agir-todos-os-meses-do-ano\/","title":{"rendered":"\u2018A escola precisa estar preparada para agir todos os meses do ano\u2019"},"content":{"rendered":"\n<p>\u201cUm verdadeiro pesadelo\u201d. \u00c9 assim que a m\u00e3e de um adolescente de 13 anos, aluno da 9\u00aa s\u00e9rie de uma escola de Canoas, qualificou a tentativa de suic\u00eddio do filho. Ainda que ela e o marido tivessem identificado uma mudan\u00e7a dr\u00e1stica no comportamento do garoto desde o in\u00edcio da pandemia, eles jamais acreditaram que, em seu desespero, o menino tentaria o autoexterm\u00ednio.<\/p>\n\n\n\n<p>\u201c\u00c9 claro que n\u00f3s sempre ouvimos falar que crian\u00e7as e adolescentes tamb\u00e9m est\u00e3o suscet\u00edveis \u00e0 depress\u00e3o e a transtornos que acometem os adultos, mas isso \u00e9 sempre uma coisa que parece distante, longe de n\u00f3s. Algo que acontece com os outros. Quando aconteceu conosco foi como se o ch\u00e3o sumisse\u201d, desabafa a advogada, que pediu para ter sua identidade preservada.<\/p>\n\n\n\n<p>Conforme a Organiza\u00e7\u00e3o Mundial da Sa\u00fade (OMS), em m\u00e9dia, s\u00e3o 2,2 mil casos de morte autoinflingida por dia, um a cada 40 segundos, o que representa 1,4% de todas as mortes no mundo. No Brasil, a m\u00e9dia \u00e9 de uma morte por suic\u00eddio a cada 45 minutos, sendo que \u00e9 a quarta causa de morte entre adolescentes de 15 e 19 anos no pa\u00eds. Ainda que bem informado, voc\u00ea, leitor, pode estar estarrecido por n\u00e3o conhecer esses dados. \u00c9 mais uma evid\u00eancia de que o tema \u2018suic\u00eddio&#8217; ainda \u00e9 um tabu. E ele precisa ser derrubado para evitar a amplia\u00e7\u00e3o dessas estat\u00edsticas.<\/p>\n\n\n\n<p>\u201cH\u00e1 uma cren\u00e7a em nossa sociedade de que falar em suic\u00eddio incentivaria suicidas em potencial. Quase n\u00e3o se ouve falar de casos na imprensa, por exemplo. Mas jogar para baixo do tapete perpetua-se o nocivo estigma que rodeia o tema. Falar sobre suic\u00eddio n\u00e3o aumenta o risco de autoexterm\u00ednio. Ao contr\u00e1rio, a gente precisa que os brasileiros aprendam a falar sobre suas ang\u00fastias, medos e tens\u00f5es que podem levar \u00e0 idea\u00e7\u00e3o suicida\u201d, argumenta a pedagoga Ana Ester Cunha.<\/p>\n\n\n\n<p>Foi para acabar com o sil\u00eancio ao redor do tema que, em 2014, a Associa\u00e7\u00e3o Brasileira de Psiquiatria (ABP), em parceria com o Conselho Federal de Medicina, instituiu o Setembro Amarelo, um m\u00eas dedicado a orientar a popula\u00e7\u00e3o sobre a preven\u00e7\u00e3o de novos casos. E a educa\u00e7\u00e3o, claro, passa pela escola.<\/p>\n\n\n\n<p>No Col\u00e9gio Nossa Senhora de F\u00e1tima, de Santa Maria, a data serve de base para a execu\u00e7\u00e3o de atividades do projeto Juntos Somos Mais Fortes, desenvolvido com alunos do Ensino M\u00e9dio. A a\u00e7\u00e3o tem como objetivo promover uma cultura de paz e de valoriza\u00e7\u00e3o da vida.&nbsp;<\/p>\n\n\n\n<p>\u201cO projeto visa despertar para mudan\u00e7a de atitudes para a vida, desenvolver a arte de ouvir e ser ouvido, compreender a import\u00e2ncia do cuidado com a sa\u00fade f\u00edsica, emocional e mental, realizando a\u00e7\u00f5es individuais e coletivas, possibilitando a\u00e7\u00f5es por meio de pr\u00e1ticas de valoriza\u00e7\u00e3o da vida, de promo\u00e7\u00e3o da integra\u00e7\u00e3o social e discuss\u00f5es sobre temas relacionados \u00e0 qualidade de vida\u201d, informou a dire\u00e7\u00e3o da escola.<\/p>\n\n\n\n<p>No come\u00e7o deste m\u00eas, por exemplo, os alunos do 1\u00ba ano participaram de uma roda de conversa com a psic\u00f3loga Mariana Pfitscher, sobre emo\u00e7\u00f5es. Logo ap\u00f3s, fizeram uma Oficina de Zine proposta dentro da disciplina de Artes, nos quais produziram materiais relacionados \u00e0 conversa.<\/p>\n\n\n\n<p><strong>Quanto mais cedo melhor<\/strong><\/p>\n\n\n\n<p>Conforme o doutor em Psicologia Luan Paris Feij\u00f3, professor da UniLasalle, embora a exist\u00eancia de uma data alusiva \u00e0 preven\u00e7\u00e3o do suic\u00eddio favore\u00e7a as discuss\u00f5es em contexto escolar, seria importante que as institui\u00e7\u00f5es implantassem projetos de educa\u00e7\u00e3o e sa\u00fade permanentes, que inclu\u00edssem desde [as turmas] muito jovens.&nbsp;<\/p>\n\n\n\n<p>\u201cSabemos que existem d\u00favidas e um tabu muito grande, e isso pode contribuir para que o Brasil seja um dos 10 pa\u00edses do mundo com mais casos de suic\u00eddio e para cada caso de suic\u00eddio, h\u00e1 outras 20 tentativas\u201d, afirma.<\/p>\n\n\n\n<p>Segundo o especialista, crian\u00e7as e adolescentes podem sofrer de transtornos mentais motivados por diferentes fatores \u2013 desde os gen\u00e9ticos, passando por disfun\u00e7\u00f5es na vida familiar e situa\u00e7\u00f5es indutoras de estresse; viol\u00eancia urbana e fatores biol\u00f3gicos, relacionados a situa\u00e7\u00f5es de anormalidades do sistema nervoso central, que podem ser causadas por les\u00f5es, infec\u00e7\u00f5es, desnutri\u00e7\u00e3o ou exposi\u00e7\u00e3o a toxinas. Ou seja, o p\u00fablico jovem pode entrar em sofrimento ps\u00edquico quando menos se percebe.&nbsp;<\/p>\n\n\n\n<p>\u201cMuitas crian\u00e7as e adolescentes t\u00eam dificuldades para expressarem seus sentimentos ou conseguirem compreender suas emo\u00e7\u00f5es. A fam\u00edlia e a escola t\u00eam papel fundamental em ajud\u00e1-los nesse sentido\u201d, diz Feij\u00f3.&nbsp;&nbsp;<\/p>\n\n\n\n<p>A sugest\u00e3o do especialista \u00e9 que as escolas trabalhem primeiro com a preven\u00e7\u00e3o.<\/p>\n\n\n\n<p>\u201cIsso pode ser feito divulgando cartilhas sobre sa\u00fade mental e educa\u00e7\u00e3o emocional, combatendo preconceito e o bullying (de forma verbal ou escrita), promovendo semin\u00e1rios sobre inclus\u00e3o, debates e palestras com profissionais da \u00e1rea da sa\u00fade. A meta \u00e9 envolver os alunos com atividades de divulga\u00e7\u00e3o, concomitantemente com o envolvimento da fam\u00edlia nesse trabalho, formando uma rede de prote\u00e7\u00e3o\u201d, sugere o psic\u00f3logo.<\/p>\n\n\n\n<p>Durante a pandemia, sentimentos como medo, inseguran\u00e7a e at\u00e9 ansiedade surgiram com mais frequ\u00eancia e intensidade, sendo ainda mais necess\u00e1rio que familiares e professores observem o comportamento das crian\u00e7as. Alguns sintomas e\/ou sinais podem indicar se uma crian\u00e7a est\u00e1 com problemas e precisa de ajuda, como dificuldade de concentra\u00e7\u00e3o, aumento na agressividade, fadiga ou falta de motiva\u00e7\u00e3o.<\/p>\n\n\n\n<p>Depois tem as atividades de posven\u00e7\u00e3o (a\u00e7\u00f5es de suporte e assist\u00eancia dentro da escola que trazem al\u00edvio ao sentimento de perda e conscientizam sobre o tema), que ocorrem quando j\u00e1 houve um suic\u00eddio e \u00e9 preciso lidar com o luto ou com o comportamento de risco que possa causar estresse nessa comunidade.&nbsp;<\/p>\n\n\n\n<p>\u201cCaso percebam que a crian\u00e7a e ou o adolescente apresentem sintomas de doen\u00e7as psiqui\u00e1tricas, \u00e9 importante que os professores alertem os pais para que possam buscar ajuda profissional adequada. Isso \u00e9 a preven\u00e7\u00e3o. E tamb\u00e9m h\u00e1 os trabalhos de posven\u00e7\u00e3o: homenagens ou atividades para lembrar o aluno devem ser feitas com bastante respeito e cautela, sem compartilhar detalhes de como foi o suic\u00eddio. A escola precisa estar preparada para agir todos os meses do ano\u201d, ensina Feij\u00f3.<\/p>\n\n\n\n<div class=\"wp-block-image\"><figure class=\"aligncenter size-large\"><img loading=\"lazy\" decoding=\"async\" width=\"611\" height=\"1024\" src=\"https:\/\/sinepe-rs.org.br\/educacaoempauta\/wp-content\/uploads\/2022\/09\/sinepe_infografico_138_setembro_amarelo-611x1024.png\" alt=\"\" class=\"wp-image-1939\" srcset=\"https:\/\/sinepe-rs.org.br\/educacaoempauta\/wp-content\/uploads\/2022\/09\/sinepe_infografico_138_setembro_amarelo-611x1024.png 611w, https:\/\/sinepe-rs.org.br\/educacaoempauta\/wp-content\/uploads\/2022\/09\/sinepe_infografico_138_setembro_amarelo-179x300.png 179w, https:\/\/sinepe-rs.org.br\/educacaoempauta\/wp-content\/uploads\/2022\/09\/sinepe_infografico_138_setembro_amarelo-768x1288.png 768w, https:\/\/sinepe-rs.org.br\/educacaoempauta\/wp-content\/uploads\/2022\/09\/sinepe_infografico_138_setembro_amarelo.png 912w\" sizes=\"auto, (max-width: 611px) 100vw, 611px\" \/><\/figure><\/div>\n\n\n\n<p><\/p>\n","protected":false},"excerpt":{"rendered":"<p>Setembro Amarelo: Para especialista, a preven\u00e7\u00e3o ao suic\u00eddio de crian\u00e7as e adolescentes passa por a\u00e7\u00f5es permanentes dentro do contexto escolar<\/p>\n","protected":false},"author":3,"featured_media":1938,"comment_status":"open","ping_status":"open","sticky":false,"template":"","format":"standard","meta":{"footnotes":""},"categories":[6],"tags":[184,183,43],"class_list":["post-1937","post","type-post","status-publish","format-standard","has-post-thumbnail","hentry","category-pedagogico","tag-prevencao","tag-setembro-amarelo-2","tag-sinepe-rs-2"],"acf":[],"yoast_head":"<!-- This site is optimized with the Yoast SEO plugin v24.6 - https:\/\/yoast.com\/wordpress\/plugins\/seo\/ -->\n<title>\u2018A escola precisa estar preparada para agir todos os meses do ano\u2019<\/title>\n<meta name=\"description\" content=\"Para especialista, a preven\u00e7\u00e3o ao suic\u00eddio de crian\u00e7as e adolescentes passa por a\u00e7\u00f5es permanentes dentro do contexto escolar\" \/>\n<meta name=\"robots\" content=\"index, follow, max-snippet:-1, max-image-preview:large, max-video-preview:-1\" \/>\n<link rel=\"canonical\" href=\"https:\/\/sinepe-rs.org.br\/educacaoempauta\/pedagogico\/setembro-amarelo-a-escola-precisa-estar-preparada-para-agir-todos-os-meses-do-ano\/\" \/>\n<meta property=\"og:locale\" content=\"pt_BR\" \/>\n<meta property=\"og:type\" content=\"article\" \/>\n<meta property=\"og:title\" content=\"\u2018A escola precisa estar preparada para agir todos os meses do ano\u2019\" \/>\n<meta property=\"og:description\" content=\"Para especialista, a preven\u00e7\u00e3o ao suic\u00eddio de crian\u00e7as e adolescentes passa por a\u00e7\u00f5es permanentes dentro do contexto escolar\" \/>\n<meta property=\"og:url\" content=\"https:\/\/sinepe-rs.org.br\/educacaoempauta\/pedagogico\/setembro-amarelo-a-escola-precisa-estar-preparada-para-agir-todos-os-meses-do-ano\/\" \/>\n<meta property=\"og:site_name\" content=\"Educa\u00e7\u00e3o em Pauta: Portal de reportagens de Educa\u00e7\u00e3o\" \/>\n<meta property=\"article:published_time\" content=\"2022-09-14T10:00:00+00:00\" \/>\n<meta property=\"article:modified_time\" content=\"2022-09-23T19:09:35+00:00\" \/>\n<meta property=\"og:image\" content=\"https:\/\/sinepe-rs.org.br\/educacaoempauta\/wp-content\/uploads\/2022\/09\/138-Depositphotos_472989824_L.jpg\" \/>\n\t<meta property=\"og:image:width\" content=\"1366\" \/>\n\t<meta property=\"og:image:height\" content=\"455\" \/>\n\t<meta property=\"og:image:type\" content=\"image\/jpeg\" \/>\n<meta name=\"author\" content=\"Alexandra Zanela\" \/>\n<meta name=\"twitter:card\" content=\"summary_large_image\" \/>\n<meta name=\"twitter:label1\" content=\"Escrito por\" \/>\n\t<meta name=\"twitter:data1\" content=\"Alexandra Zanela\" \/>\n\t<meta name=\"twitter:label2\" content=\"Est. tempo de leitura\" \/>\n\t<meta name=\"twitter:data2\" content=\"6 minutos\" \/>\n<script type=\"application\/ld+json\" class=\"yoast-schema-graph\">{\"@context\":\"https:\/\/schema.org\",\"@graph\":[{\"@type\":\"WebPage\",\"@id\":\"https:\/\/sinepe-rs.org.br\/educacaoempauta\/pedagogico\/setembro-amarelo-a-escola-precisa-estar-preparada-para-agir-todos-os-meses-do-ano\/\",\"url\":\"https:\/\/sinepe-rs.org.br\/educacaoempauta\/pedagogico\/setembro-amarelo-a-escola-precisa-estar-preparada-para-agir-todos-os-meses-do-ano\/\",\"name\":\"\u2018A escola precisa estar preparada para agir todos os meses do ano\u2019\",\"isPartOf\":{\"@id\":\"https:\/\/sinepe-rs.org.br\/educacaoempauta\/#website\"},\"primaryImageOfPage\":{\"@id\":\"https:\/\/sinepe-rs.org.br\/educacaoempauta\/pedagogico\/setembro-amarelo-a-escola-precisa-estar-preparada-para-agir-todos-os-meses-do-ano\/#primaryimage\"},\"image\":{\"@id\":\"https:\/\/sinepe-rs.org.br\/educacaoempauta\/pedagogico\/setembro-amarelo-a-escola-precisa-estar-preparada-para-agir-todos-os-meses-do-ano\/#primaryimage\"},\"thumbnailUrl\":\"https:\/\/sinepe-rs.org.br\/educacaoempauta\/wp-content\/uploads\/2022\/09\/138-Depositphotos_472989824_L.jpg\",\"datePublished\":\"2022-09-14T10:00:00+00:00\",\"dateModified\":\"2022-09-23T19:09:35+00:00\",\"author\":{\"@id\":\"https:\/\/sinepe-rs.org.br\/educacaoempauta\/#\/schema\/person\/c542073558983d5792101d1b5240d841\"},\"description\":\"Para especialista, a preven\u00e7\u00e3o ao suic\u00eddio de crian\u00e7as e adolescentes passa por a\u00e7\u00f5es permanentes dentro do contexto escolar\",\"breadcrumb\":{\"@id\":\"https:\/\/sinepe-rs.org.br\/educacaoempauta\/pedagogico\/setembro-amarelo-a-escola-precisa-estar-preparada-para-agir-todos-os-meses-do-ano\/#breadcrumb\"},\"inLanguage\":\"pt-BR\",\"potentialAction\":[{\"@type\":\"ReadAction\",\"target\":[\"https:\/\/sinepe-rs.org.br\/educacaoempauta\/pedagogico\/setembro-amarelo-a-escola-precisa-estar-preparada-para-agir-todos-os-meses-do-ano\/\"]}]},{\"@type\":\"ImageObject\",\"inLanguage\":\"pt-BR\",\"@id\":\"https:\/\/sinepe-rs.org.br\/educacaoempauta\/pedagogico\/setembro-amarelo-a-escola-precisa-estar-preparada-para-agir-todos-os-meses-do-ano\/#primaryimage\",\"url\":\"https:\/\/sinepe-rs.org.br\/educacaoempauta\/wp-content\/uploads\/2022\/09\/138-Depositphotos_472989824_L.jpg\",\"contentUrl\":\"https:\/\/sinepe-rs.org.br\/educacaoempauta\/wp-content\/uploads\/2022\/09\/138-Depositphotos_472989824_L.jpg\",\"width\":1366,\"height\":455,\"caption\":\"Setembro Amarelo: \u2018A escola precisa estar preparada para agir todos os meses do ano\u2019\"},{\"@type\":\"BreadcrumbList\",\"@id\":\"https:\/\/sinepe-rs.org.br\/educacaoempauta\/pedagogico\/setembro-amarelo-a-escola-precisa-estar-preparada-para-agir-todos-os-meses-do-ano\/#breadcrumb\",\"itemListElement\":[{\"@type\":\"ListItem\",\"position\":1,\"name\":\"Home\",\"item\":\"https:\/\/sinepe-rs.org.br\/educacaoempauta\/\"},{\"@type\":\"ListItem\",\"position\":2,\"name\":\"\u2018A escola precisa estar preparada para agir todos os meses do ano\u2019\"}]},{\"@type\":\"WebSite\",\"@id\":\"https:\/\/sinepe-rs.org.br\/educacaoempauta\/#website\",\"url\":\"https:\/\/sinepe-rs.org.br\/educacaoempauta\/\",\"name\":\"Educa\u00e7\u00e3o em Pauta: Portal de reportagens de Educa\u00e7\u00e3o\",\"description\":\"Sinepe-RS\",\"potentialAction\":[{\"@type\":\"SearchAction\",\"target\":{\"@type\":\"EntryPoint\",\"urlTemplate\":\"https:\/\/sinepe-rs.org.br\/educacaoempauta\/?s={search_term_string}\"},\"query-input\":{\"@type\":\"PropertyValueSpecification\",\"valueRequired\":true,\"valueName\":\"search_term_string\"}}],\"inLanguage\":\"pt-BR\"},{\"@type\":\"Person\",\"@id\":\"https:\/\/sinepe-rs.org.br\/educacaoempauta\/#\/schema\/person\/c542073558983d5792101d1b5240d841\",\"name\":\"Alexandra Zanela\",\"image\":{\"@type\":\"ImageObject\",\"inLanguage\":\"pt-BR\",\"@id\":\"https:\/\/sinepe-rs.org.br\/educacaoempauta\/#\/schema\/person\/image\/\",\"url\":\"https:\/\/secure.gravatar.com\/avatar\/aab8da397152551fad5132b4b20cb891945e7bc931de8d0d72495261a983a371?s=96&d=mm&r=g\",\"contentUrl\":\"https:\/\/secure.gravatar.com\/avatar\/aab8da397152551fad5132b4b20cb891945e7bc931de8d0d72495261a983a371?s=96&d=mm&r=g\",\"caption\":\"Alexandra Zanela\"},\"url\":\"https:\/\/sinepe-rs.org.br\/educacaoempauta\/author\/alexandra\/\"}]}<\/script>\n<!-- \/ Yoast SEO plugin. -->","yoast_head_json":{"title":"\u2018A escola precisa estar preparada para agir todos os meses do ano\u2019","description":"Para especialista, a preven\u00e7\u00e3o ao suic\u00eddio de crian\u00e7as e adolescentes passa por a\u00e7\u00f5es permanentes dentro do contexto escolar","robots":{"index":"index","follow":"follow","max-snippet":"max-snippet:-1","max-image-preview":"max-image-preview:large","max-video-preview":"max-video-preview:-1"},"canonical":"https:\/\/sinepe-rs.org.br\/educacaoempauta\/pedagogico\/setembro-amarelo-a-escola-precisa-estar-preparada-para-agir-todos-os-meses-do-ano\/","og_locale":"pt_BR","og_type":"article","og_title":"\u2018A escola precisa estar preparada para agir todos os meses do ano\u2019","og_description":"Para especialista, a preven\u00e7\u00e3o ao suic\u00eddio de crian\u00e7as e adolescentes passa por a\u00e7\u00f5es permanentes dentro do contexto escolar","og_url":"https:\/\/sinepe-rs.org.br\/educacaoempauta\/pedagogico\/setembro-amarelo-a-escola-precisa-estar-preparada-para-agir-todos-os-meses-do-ano\/","og_site_name":"Educa\u00e7\u00e3o em Pauta: Portal de reportagens de Educa\u00e7\u00e3o","article_published_time":"2022-09-14T10:00:00+00:00","article_modified_time":"2022-09-23T19:09:35+00:00","og_image":[{"width":1366,"height":455,"url":"https:\/\/sinepe-rs.org.br\/educacaoempauta\/wp-content\/uploads\/2022\/09\/138-Depositphotos_472989824_L.jpg","type":"image\/jpeg"}],"author":"Alexandra Zanela","twitter_card":"summary_large_image","twitter_misc":{"Escrito por":"Alexandra Zanela","Est. tempo de leitura":"6 minutos"},"schema":{"@context":"https:\/\/schema.org","@graph":[{"@type":"WebPage","@id":"https:\/\/sinepe-rs.org.br\/educacaoempauta\/pedagogico\/setembro-amarelo-a-escola-precisa-estar-preparada-para-agir-todos-os-meses-do-ano\/","url":"https:\/\/sinepe-rs.org.br\/educacaoempauta\/pedagogico\/setembro-amarelo-a-escola-precisa-estar-preparada-para-agir-todos-os-meses-do-ano\/","name":"\u2018A escola precisa estar preparada para agir todos os meses do ano\u2019","isPartOf":{"@id":"https:\/\/sinepe-rs.org.br\/educacaoempauta\/#website"},"primaryImageOfPage":{"@id":"https:\/\/sinepe-rs.org.br\/educacaoempauta\/pedagogico\/setembro-amarelo-a-escola-precisa-estar-preparada-para-agir-todos-os-meses-do-ano\/#primaryimage"},"image":{"@id":"https:\/\/sinepe-rs.org.br\/educacaoempauta\/pedagogico\/setembro-amarelo-a-escola-precisa-estar-preparada-para-agir-todos-os-meses-do-ano\/#primaryimage"},"thumbnailUrl":"https:\/\/sinepe-rs.org.br\/educacaoempauta\/wp-content\/uploads\/2022\/09\/138-Depositphotos_472989824_L.jpg","datePublished":"2022-09-14T10:00:00+00:00","dateModified":"2022-09-23T19:09:35+00:00","author":{"@id":"https:\/\/sinepe-rs.org.br\/educacaoempauta\/#\/schema\/person\/c542073558983d5792101d1b5240d841"},"description":"Para especialista, a preven\u00e7\u00e3o ao suic\u00eddio de crian\u00e7as e adolescentes passa por a\u00e7\u00f5es permanentes dentro do contexto escolar","breadcrumb":{"@id":"https:\/\/sinepe-rs.org.br\/educacaoempauta\/pedagogico\/setembro-amarelo-a-escola-precisa-estar-preparada-para-agir-todos-os-meses-do-ano\/#breadcrumb"},"inLanguage":"pt-BR","potentialAction":[{"@type":"ReadAction","target":["https:\/\/sinepe-rs.org.br\/educacaoempauta\/pedagogico\/setembro-amarelo-a-escola-precisa-estar-preparada-para-agir-todos-os-meses-do-ano\/"]}]},{"@type":"ImageObject","inLanguage":"pt-BR","@id":"https:\/\/sinepe-rs.org.br\/educacaoempauta\/pedagogico\/setembro-amarelo-a-escola-precisa-estar-preparada-para-agir-todos-os-meses-do-ano\/#primaryimage","url":"https:\/\/sinepe-rs.org.br\/educacaoempauta\/wp-content\/uploads\/2022\/09\/138-Depositphotos_472989824_L.jpg","contentUrl":"https:\/\/sinepe-rs.org.br\/educacaoempauta\/wp-content\/uploads\/2022\/09\/138-Depositphotos_472989824_L.jpg","width":1366,"height":455,"caption":"Setembro Amarelo: \u2018A escola precisa estar preparada para agir todos os meses do ano\u2019"},{"@type":"BreadcrumbList","@id":"https:\/\/sinepe-rs.org.br\/educacaoempauta\/pedagogico\/setembro-amarelo-a-escola-precisa-estar-preparada-para-agir-todos-os-meses-do-ano\/#breadcrumb","itemListElement":[{"@type":"ListItem","position":1,"name":"Home","item":"https:\/\/sinepe-rs.org.br\/educacaoempauta\/"},{"@type":"ListItem","position":2,"name":"\u2018A escola precisa estar preparada para agir todos os meses do ano\u2019"}]},{"@type":"WebSite","@id":"https:\/\/sinepe-rs.org.br\/educacaoempauta\/#website","url":"https:\/\/sinepe-rs.org.br\/educacaoempauta\/","name":"Educa\u00e7\u00e3o em Pauta: Portal de reportagens de Educa\u00e7\u00e3o","description":"Sinepe-RS","potentialAction":[{"@type":"SearchAction","target":{"@type":"EntryPoint","urlTemplate":"https:\/\/sinepe-rs.org.br\/educacaoempauta\/?s={search_term_string}"},"query-input":{"@type":"PropertyValueSpecification","valueRequired":true,"valueName":"search_term_string"}}],"inLanguage":"pt-BR"},{"@type":"Person","@id":"https:\/\/sinepe-rs.org.br\/educacaoempauta\/#\/schema\/person\/c542073558983d5792101d1b5240d841","name":"Alexandra Zanela","image":{"@type":"ImageObject","inLanguage":"pt-BR","@id":"https:\/\/sinepe-rs.org.br\/educacaoempauta\/#\/schema\/person\/image\/","url":"https:\/\/secure.gravatar.com\/avatar\/aab8da397152551fad5132b4b20cb891945e7bc931de8d0d72495261a983a371?s=96&d=mm&r=g","contentUrl":"https:\/\/secure.gravatar.com\/avatar\/aab8da397152551fad5132b4b20cb891945e7bc931de8d0d72495261a983a371?s=96&d=mm&r=g","caption":"Alexandra Zanela"},"url":"https:\/\/sinepe-rs.org.br\/educacaoempauta\/author\/alexandra\/"}]}},"_links":{"self":[{"href":"https:\/\/sinepe-rs.org.br\/educacaoempauta\/wp-json\/wp\/v2\/posts\/1937","targetHints":{"allow":["GET"]}}],"collection":[{"href":"https:\/\/sinepe-rs.org.br\/educacaoempauta\/wp-json\/wp\/v2\/posts"}],"about":[{"href":"https:\/\/sinepe-rs.org.br\/educacaoempauta\/wp-json\/wp\/v2\/types\/post"}],"author":[{"embeddable":true,"href":"https:\/\/sinepe-rs.org.br\/educacaoempauta\/wp-json\/wp\/v2\/users\/3"}],"replies":[{"embeddable":true,"href":"https:\/\/sinepe-rs.org.br\/educacaoempauta\/wp-json\/wp\/v2\/comments?post=1937"}],"version-history":[{"count":5,"href":"https:\/\/sinepe-rs.org.br\/educacaoempauta\/wp-json\/wp\/v2\/posts\/1937\/revisions"}],"predecessor-version":[{"id":1998,"href":"https:\/\/sinepe-rs.org.br\/educacaoempauta\/wp-json\/wp\/v2\/posts\/1937\/revisions\/1998"}],"wp:featuredmedia":[{"embeddable":true,"href":"https:\/\/sinepe-rs.org.br\/educacaoempauta\/wp-json\/wp\/v2\/media\/1938"}],"wp:attachment":[{"href":"https:\/\/sinepe-rs.org.br\/educacaoempauta\/wp-json\/wp\/v2\/media?parent=1937"}],"wp:term":[{"taxonomy":"category","embeddable":true,"href":"https:\/\/sinepe-rs.org.br\/educacaoempauta\/wp-json\/wp\/v2\/categories?post=1937"},{"taxonomy":"post_tag","embeddable":true,"href":"https:\/\/sinepe-rs.org.br\/educacaoempauta\/wp-json\/wp\/v2\/tags?post=1937"}],"curies":[{"name":"wp","href":"https:\/\/api.w.org\/{rel}","templated":true}]}}