{"id":2101,"date":"2022-10-10T07:00:00","date_gmt":"2022-10-10T10:00:00","guid":{"rendered":"https:\/\/sinepe-rs.org.br\/educacaoempauta\/?p=2101"},"modified":"2022-10-10T09:35:55","modified_gmt":"2022-10-10T12:35:55","slug":"as-escolas-nao-sao-predios-sao-pessoas-com-uma-nova-visao-de-mundo","status":"publish","type":"post","link":"https:\/\/sinepe-rs.org.br\/educacaoempauta\/com-a-palavra\/as-escolas-nao-sao-predios-sao-pessoas-com-uma-nova-visao-de-mundo\/","title":{"rendered":"\u201cAs escolas n\u00e3o s\u00e3o pr\u00e9dios, s\u00e3o pessoas com uma nova vis\u00e3o de mundo\u201d"},"content":{"rendered":"\n<p>Educador, antrop\u00f3logo e pedagogo, o portugu\u00eas <a href=\"https:\/\/josepacheco.com.br\/\" target=\"_blank\" rel=\"noreferrer noopener\">Jos\u00e9 Francisco de Almeida Pacheco <\/a>\u00e9 defensor de uma escola sem turmas, sem ciclos, sem provas e sem reprova\u00e7\u00f5es. Para saber mais sobre essa forma diferenciada de pensar sobre a escola, ele foi entrevistado pelo <strong>Educa\u00e7\u00e3o em Pauta<\/strong>.&nbsp;<\/p>\n\n\n\n<p>De 1976 a 2004, coordenou o projeto \u201cFazer a Ponte\u201d, realizado na Escola da Ponte, de Portugal, na qual \u00e9 idealizador, tendo como foco a autonomia e o protagonismo do aluno. A Escola foi vencedora do 1\u00ba Pr\u00eamio do \u201cConcurso Experi\u00eancias Inovadoras no Ensino&#8221;, promovido pelo Minist\u00e9rio da Educa\u00e7\u00e3o portugu\u00eas.<\/p>\n\n\n\n<p>Em decorr\u00eancia dos seus trabalhos relacionados ao ensino, possui a &#8220;Comenda da Ordem da Instru\u00e7\u00e3o P\u00fablica&#8221;, atribu\u00edda pela Presid\u00eancia da Rep\u00fablica. Tamb\u00e9m foi membro do Conselho Nacional de Educa\u00e7\u00e3o de Portugal.&nbsp;<\/p>\n\n\n\n<p>Em 2005, passou a residir no Brasil e, desde ent\u00e3o, viaja pelo pa\u00eds, mobilizando educadores que acreditam em uma educa\u00e7\u00e3o transformadora e democr\u00e1tica. Colaborou diretamente com o Projeto \u00c2ncora, uma ONG em Cotia, em S\u00e3o Paulo, iniciativa que originou a <strong><a href=\"https:\/\/www.escolaaberta.org\/\" target=\"_blank\" rel=\"noreferrer noopener\">Escola Aberta de S\u00e3o Paulo<\/a>.<\/strong><\/p>\n\n\n\n<p><strong><a href=\"https:\/\/sinepe-rs.org.br\/educacaoempauta\/inspire-se\/e-possivel-ensinar-sem-aulas-series-turmas-e-provas\/\" target=\"_blank\" rel=\"noreferrer noopener\">&gt;&gt; Confira a mat\u00e9ria sobre o modo de ensinar na Escola Aberta de S\u00e3o Paulo<\/a><\/strong><\/p>\n\n\n\n<p>Pacheco coordenou a pesquisa sobre indicadores de boa qualidade da educa\u00e7\u00e3o para o Instituto Brasileiro de Informa\u00e7\u00e3o em Ci\u00eancia e Tecnologia (IBICT) e, no Minist\u00e9rio da Educa\u00e7\u00e3o (MEC), integrou o Grupo de Trabalho de Inova\u00e7\u00e3o e Criatividade da Educa\u00e7\u00e3o B\u00e1sica.<\/p>\n\n\n\n<p>Atualmente, \u00e9 o coordenador pedag\u00f3gico da EcoHabitare Projetos, uma empresa social que promove uma educa\u00e7\u00e3o conectada com as necessidades sociais do S\u00e9culo XXI.&nbsp;<\/p>\n\n\n\n<p><strong>Educa\u00e7\u00e3o em Pauta \u2013 Para o senhor, qual \u00e9 o papel da educa\u00e7\u00e3o?<\/strong><\/p>\n\n\n\n<p><strong>Jos\u00e9 Francisco de Almeida Pacheco \u2013 <\/strong>Etimologicamente, a palavra educa\u00e7\u00e3o tem origem no termo &#8220;educatio&#8221;, no \u00e9timo latino &#8220;educare&#8221;, que significa nutrir, fazer crescer. \u00c9 o movimento &#8220;de dentro para fora&#8221;, extrair algo do educando, &#8220;trazer \u00e0 luz&#8221;, ajudar a crian\u00e7a a passar da pot\u00eancia ao ato, a desenvolver voca\u00e7\u00f5es, talentos.<\/p>\n\n\n\n<p>O modelo educacional imposto \u00e0s escolas est\u00e1 fundado em outra origem etimol\u00f3gica \u2013 no &#8220;educere&#8221; \u2013 e as salas de aula s\u00e3o cemit\u00e9rios de talentos. A&nbsp; educa\u00e7\u00e3o \u00e9 o processo constante de cria\u00e7\u00e3o do conhecimento e de busca da transforma\u00e7\u00e3o da realidade, por meio da a\u00e7\u00e3o e da reflex\u00e3o.<\/p>\n\n\n\n<p>O papel primordial da educa\u00e7\u00e3o \u00e9 garantir o pleno desenvolvimento do indiv\u00edduo e do cidad\u00e3o e, como reza a Constitui\u00e7\u00e3o, \u00e9 dever da sociedade, da fam\u00edlia e do Estado, por meio da Escola.<\/p>\n\n\n\n<figure class=\"wp-block-pullquote\"><blockquote><p><strong>&#8220;Salas de aula s\u00e3o cemit\u00e9rios de talentos no atual modelo educacional&#8221;<\/strong><\/p><cite><strong>Jos\u00e9 Francisco de Almeida Pacheco<\/strong><\/cite><\/blockquote><\/figure>\n\n\n\n<p><strong>Educa\u00e7\u00e3o em Pauta \u2013 Qual foi a base para criar o m\u00e9todo da Escola da Ponte?<\/strong><\/p>\n\n\n\n<p>A Ponte n\u00e3o \u00e9 um &#8220;m\u00e9todo&#8221;. O projeto &#8220;Fazer a Ponte&#8221; foi uma tentativa, plena de \u00eaxito, de encontrar um modo que a todos garantisse o direito (constitucional) \u00e0 educa\u00e7\u00e3o e a uma educa\u00e7\u00e3o de excel\u00eancia acad\u00eamica com inclus\u00e3o social.<\/p>\n\n\n\n<p>Partiu-se daquilo que a lei prescreve e permite, e juntamos contribui\u00e7\u00f5es das ci\u00eancias da educa\u00e7\u00e3o. Partimos daquilo que \u00e9ramos, para elaborarmos a nossa cultura pessoal e profissional.<\/p>\n\n\n\n<p><strong><strong>Educa\u00e7\u00e3o em Pauta \u2013 <\/strong>&#8220;Aprender em Comunidade&#8221; \u00e9 um dos princ\u00edpios deste modelo de aprendizagem. Como \u00e9 poss\u00edvel realiz\u00e1-lo, tendo em vista que h\u00e1 um grande engajamento de pessoas?<\/strong><\/p>\n\n\n\n<p>Se do modo como trabalh\u00e1vamos, n\u00e3o conseguimos ensinar tudo a todos, modificamos o nosso modo de educar. E, como uma escola n\u00e3o muda toda ao mesmo tempo, mudaram aqueles que tomaram a decis\u00e3o \u00e9tica de mudar. Depois, como todos os professores amam e respeitam os seus alunos, todos os professores da escola aderiram \u00e0s novas pr\u00e1ticas.<\/p>\n\n\n\n<p><strong>Educa\u00e7\u00e3o em Pauta \u2013 Quais s\u00e3o os resultados mensur\u00e1veis de ensino na Escola da Ponte?<\/strong><\/p>\n\n\n\n<p>S\u00e3o aqueles que os relat\u00f3rios de avalia\u00e7\u00e3o externa revelam. Um deles provou que, quando passavam para outras escolas, os nossos alunos obtinham melhores notas do que alunos provindos de outras. Mais informa\u00e7\u00f5es est\u00e3o em um de nossos <a href=\"https:\/\/sinepe-rs.org.br\/educacaoempauta\/wp-content\/uploads\/2022\/10\/Relatorio-Escola-da-Ponte.pdf\" target=\"_blank\" rel=\"noreferrer noopener\">relat\u00f3rios (abaixo).<\/a><\/p>\n\n\n\n<div data-wp-interactive=\"core\/file\" class=\"wp-block-file aligncenter\"><object data-wp-bind--hidden=\"!state.hasPdfPreview\" hidden class=\"wp-block-file__embed\" data=\"https:\/\/sinepe-rs.org.br\/educacaoempauta\/wp-content\/uploads\/2022\/10\/Relatorio-Escola-da-Ponte.pdf\" type=\"application\/pdf\" style=\"width:100%;height:551px\" aria-label=\"Incorporado de Incorporado de Relat\u00f3rio Escola da Ponte..\"><\/object><a id=\"wp-block-file--media-10a57a2f-0b2f-4172-b40e-df0563fc6fa7\" href=\"https:\/\/sinepe-rs.org.br\/educacaoempauta\/wp-content\/uploads\/2022\/10\/Relatorio-Escola-da-Ponte.pdf\" target=\"_blank\" rel=\"noreferrer noopener\">Relat\u00f3rio Escola da Ponte<\/a><a href=\"https:\/\/sinepe-rs.org.br\/educacaoempauta\/wp-content\/uploads\/2022\/10\/Relatorio-Escola-da-Ponte.pdf\" class=\"wp-block-file__button\" download aria-describedby=\"wp-block-file--media-10a57a2f-0b2f-4172-b40e-df0563fc6fa7\">Baixar<\/a><\/div>\n\n\n\n<p>Por\u00e9m, como o ser humano \u00e9 multidimensional \u2013 n\u00e3o \u00e9 apenas cogni\u00e7\u00e3o, \u00e9 afeto, emo\u00e7\u00e3o, \u00e9tica, etc \u2013 os nossos ex-alunos de 30, 50, 60 anos, s\u00e3o seres humanos realizados socialmente, profissionalmente. E, como um professor n\u00e3o ensina aquilo que diz e transmite aquilo que \u00e9, s\u00e3o pessoas que cultivam os valores do projeto da Ponte: autonomia, responsabilidade e solidariedade.<\/p>\n\n\n\n<p><strong>Educa\u00e7\u00e3o em Pauta \u2013 Quais s\u00e3o os pa\u00edses que conseguiram aplicar o conceito de maneira eficaz?<\/strong><\/p>\n\n\n\n<p>Que eu saiba, h\u00e1 mais de mil projetos inspirados na Ponte, mas \u00e9 no Brasil que se encontram aqueles que mais fielmente trabalham o conceito e a pr\u00e1tica. Muitos deles foram reconhecidos pelo Minist\u00e9rio da Educa\u00e7\u00e3o como projetos inovadores.<\/p>\n\n\n\n<p><strong>Educa\u00e7\u00e3o em Pauta \u2013 Como surgiu essa aproxima\u00e7\u00e3o com a Escola Aberta de S\u00e3o Paulo? E como o senhor avalia a sua atua\u00e7\u00e3o no ensino?<\/strong><\/p>\n\n\n\n<p>A <a href=\"https:\/\/sinepe-rs.org.br\/educacaoempauta\/inspire-se\/e-possivel-ensinar-sem-aulas-series-turmas-e-provas\/\" target=\"_blank\" rel=\"noreferrer noopener\">Escola Aberta de S\u00e3o Paulo<\/a> foi concebida por professores oriundos da Escola do Projeto \u00c2ncora e por um filantropo. \u00c9, talvez, a melhor das escolas brasileiras da atualidade. \u00c9 uma excelente escola, inspiradora de outra excelente escola: a Open Learning School.<\/p>\n\n\n\n<p><strong>Educa\u00e7\u00e3o em Pauta \u2013 Existe a ideia de disseminar o m\u00e9todo em outros locais do Brasil?<\/strong><\/p>\n\n\n\n<p>N\u00e3o o &#8220;m\u00e9todo&#8221;, mas o exemplo. S\u00e3o mais de cem os projetos, que acompanho, milhares os professores que vou ajudar a melhorar as suas pr\u00e1ticas. S\u00e3o pessoas que visam a coer\u00eancia entre teoria e pr\u00e1tica.&nbsp;<\/p>\n\n\n\n<p>A maioria das escolas n\u00e3o cumpre o seu projeto, aquilo que nele est\u00e1 escrito \u00e9 o contr\u00e1rio da pr\u00e1tica. Esses profissionais tentam concretizar os projetos educativos das suas escolas e a &#8220;dissemina\u00e7\u00e3o&#8221; acontece.<\/p>\n\n\n\n<p><strong>Educa\u00e7\u00e3o em Pauta \u2013 \u00c9 poss\u00edvel aplicar o que \u00e9 realizado na Escola da Ponte em um modelo tradicional? O que pode ser adaptado?<\/strong><\/p>\n\n\n\n<p>Partimos do &#8220;tradicional&#8221; e sem fazer das crian\u00e7as \u201ccobaias de laborat\u00f3rio\u201d. Se os professores sabem dar aula, valorizamos essa compet\u00eancia e deles cuidamos, respeitando o seu ritmo de integra\u00e7\u00e3o nos novos projetos.<\/p>\n\n\n\n<p><strong>Educa\u00e7\u00e3o em Pauta \u2013 Quais s\u00e3o os planos nos pr\u00f3ximos anos?<\/strong><\/p>\n\n\n\n<p>Estou envolvido em mais um projeto, a cria\u00e7\u00e3o de um prot\u00f3tipo de comunidade de aprendizagem. N\u00e3o se trata de mais um paliativo do velho e obsoleto modelo educacional. As escolas n\u00e3o s\u00e3o pr\u00e9dios, nem salas de aula. As escolas s\u00e3o pessoas com uma nova vis\u00e3o de mundo, que agem amorosamente, corajosamente.<\/p>\n","protected":false},"excerpt":{"rendered":"<p>Jos\u00e9 Pacheco \u00e9 fundador da Escola da Ponte, de Portugal, um projeto educativo baseado na autonomia dos estudantes, o qual tem disseminado pelo mundo, inclusive no Brasil<\/p>\n","protected":false},"author":3,"featured_media":2131,"comment_status":"open","ping_status":"open","sticky":false,"template":"","format":"standard","meta":{"footnotes":""},"categories":[4],"tags":[160,93,199,200,43],"class_list":["post-2101","post","type-post","status-publish","format-standard","has-post-thumbnail","hentry","category-com-a-palavra","tag-aprendizagem","tag-entrevista","tag-escola-da-ponte","tag-jose-pacheco","tag-sinepe-rs-2"],"acf":[],"yoast_head":"<!-- This site is optimized with the Yoast SEO plugin v24.6 - https:\/\/yoast.com\/wordpress\/plugins\/seo\/ -->\n<title>\u201cAs escolas n\u00e3o s\u00e3o pr\u00e9dios, s\u00e3o pessoas com uma nova vis\u00e3o de mundo\u201d<\/title>\n<meta name=\"description\" content=\"Jos\u00e9 Pacheco \u00e9 fundador da Escola da Ponte, de Portugal, um projeto educativo baseado na autonomia dos estudantes, o qual tem disseminado pelo mundo, inclusive no Brasil\" \/>\n<meta name=\"robots\" content=\"index, follow, max-snippet:-1, max-image-preview:large, max-video-preview:-1\" \/>\n<link rel=\"canonical\" href=\"https:\/\/sinepe-rs.org.br\/educacaoempauta\/com-a-palavra\/as-escolas-nao-sao-predios-sao-pessoas-com-uma-nova-visao-de-mundo\/\" \/>\n<meta property=\"og:locale\" content=\"pt_BR\" \/>\n<meta property=\"og:type\" content=\"article\" \/>\n<meta property=\"og:title\" content=\"\u201cAs escolas n\u00e3o s\u00e3o pr\u00e9dios, s\u00e3o pessoas com uma nova vis\u00e3o de mundo\u201d\" \/>\n<meta property=\"og:description\" content=\"Jos\u00e9 Pacheco \u00e9 fundador da Escola da Ponte, de Portugal, um projeto educativo baseado na autonomia dos estudantes, o qual tem disseminado pelo mundo, inclusive no Brasil\" \/>\n<meta property=\"og:url\" content=\"https:\/\/sinepe-rs.org.br\/educacaoempauta\/com-a-palavra\/as-escolas-nao-sao-predios-sao-pessoas-com-uma-nova-visao-de-mundo\/\" \/>\n<meta property=\"og:site_name\" content=\"Educa\u00e7\u00e3o em Pauta: Portal de reportagens de Educa\u00e7\u00e3o\" \/>\n<meta property=\"article:published_time\" content=\"2022-10-10T10:00:00+00:00\" \/>\n<meta property=\"article:modified_time\" content=\"2022-10-10T12:35:55+00:00\" \/>\n<meta property=\"og:image\" content=\"https:\/\/sinepe-rs.org.br\/educacaoempauta\/wp-content\/uploads\/2022\/10\/147-Entrevista-Jose-Pacheco-credito-Alyne-Pinheiro_Secretaria-de-Educacao-e-Esportes-de-Pernambuco.png\" \/>\n\t<meta property=\"og:image:width\" content=\"1366\" \/>\n\t<meta property=\"og:image:height\" content=\"450\" \/>\n\t<meta property=\"og:image:type\" content=\"image\/png\" \/>\n<meta name=\"author\" content=\"Alexandra Zanela\" \/>\n<meta name=\"twitter:card\" content=\"summary_large_image\" \/>\n<meta name=\"twitter:label1\" content=\"Escrito por\" \/>\n\t<meta name=\"twitter:data1\" content=\"Alexandra Zanela\" \/>\n\t<meta name=\"twitter:label2\" content=\"Est. tempo de leitura\" \/>\n\t<meta name=\"twitter:data2\" content=\"6 minutos\" \/>\n<script type=\"application\/ld+json\" class=\"yoast-schema-graph\">{\"@context\":\"https:\/\/schema.org\",\"@graph\":[{\"@type\":\"WebPage\",\"@id\":\"https:\/\/sinepe-rs.org.br\/educacaoempauta\/com-a-palavra\/as-escolas-nao-sao-predios-sao-pessoas-com-uma-nova-visao-de-mundo\/\",\"url\":\"https:\/\/sinepe-rs.org.br\/educacaoempauta\/com-a-palavra\/as-escolas-nao-sao-predios-sao-pessoas-com-uma-nova-visao-de-mundo\/\",\"name\":\"\u201cAs escolas n\u00e3o s\u00e3o pr\u00e9dios, s\u00e3o pessoas com uma nova vis\u00e3o de mundo\u201d\",\"isPartOf\":{\"@id\":\"https:\/\/sinepe-rs.org.br\/educacaoempauta\/#website\"},\"primaryImageOfPage\":{\"@id\":\"https:\/\/sinepe-rs.org.br\/educacaoempauta\/com-a-palavra\/as-escolas-nao-sao-predios-sao-pessoas-com-uma-nova-visao-de-mundo\/#primaryimage\"},\"image\":{\"@id\":\"https:\/\/sinepe-rs.org.br\/educacaoempauta\/com-a-palavra\/as-escolas-nao-sao-predios-sao-pessoas-com-uma-nova-visao-de-mundo\/#primaryimage\"},\"thumbnailUrl\":\"https:\/\/sinepe-rs.org.br\/educacaoempauta\/wp-content\/uploads\/2022\/10\/147-Entrevista-Jose-Pacheco-credito-Alyne-Pinheiro_Secretaria-de-Educacao-e-Esportes-de-Pernambuco.png\",\"datePublished\":\"2022-10-10T10:00:00+00:00\",\"dateModified\":\"2022-10-10T12:35:55+00:00\",\"author\":{\"@id\":\"https:\/\/sinepe-rs.org.br\/educacaoempauta\/#\/schema\/person\/c542073558983d5792101d1b5240d841\"},\"description\":\"Jos\u00e9 Pacheco \u00e9 fundador da Escola da Ponte, de Portugal, um projeto educativo baseado na autonomia dos estudantes, o qual tem disseminado pelo mundo, inclusive no Brasil\",\"breadcrumb\":{\"@id\":\"https:\/\/sinepe-rs.org.br\/educacaoempauta\/com-a-palavra\/as-escolas-nao-sao-predios-sao-pessoas-com-uma-nova-visao-de-mundo\/#breadcrumb\"},\"inLanguage\":\"pt-BR\",\"potentialAction\":[{\"@type\":\"ReadAction\",\"target\":[\"https:\/\/sinepe-rs.org.br\/educacaoempauta\/com-a-palavra\/as-escolas-nao-sao-predios-sao-pessoas-com-uma-nova-visao-de-mundo\/\"]}]},{\"@type\":\"ImageObject\",\"inLanguage\":\"pt-BR\",\"@id\":\"https:\/\/sinepe-rs.org.br\/educacaoempauta\/com-a-palavra\/as-escolas-nao-sao-predios-sao-pessoas-com-uma-nova-visao-de-mundo\/#primaryimage\",\"url\":\"https:\/\/sinepe-rs.org.br\/educacaoempauta\/wp-content\/uploads\/2022\/10\/147-Entrevista-Jose-Pacheco-credito-Alyne-Pinheiro_Secretaria-de-Educacao-e-Esportes-de-Pernambuco.png\",\"contentUrl\":\"https:\/\/sinepe-rs.org.br\/educacaoempauta\/wp-content\/uploads\/2022\/10\/147-Entrevista-Jose-Pacheco-credito-Alyne-Pinheiro_Secretaria-de-Educacao-e-Esportes-de-Pernambuco.png\",\"width\":1366,\"height\":450,\"caption\":\"\u201cAs escolas n\u00e3o s\u00e3o pr\u00e9dios, s\u00e3o pessoas com uma nova vis\u00e3o de mundo\u201d\"},{\"@type\":\"BreadcrumbList\",\"@id\":\"https:\/\/sinepe-rs.org.br\/educacaoempauta\/com-a-palavra\/as-escolas-nao-sao-predios-sao-pessoas-com-uma-nova-visao-de-mundo\/#breadcrumb\",\"itemListElement\":[{\"@type\":\"ListItem\",\"position\":1,\"name\":\"Home\",\"item\":\"https:\/\/sinepe-rs.org.br\/educacaoempauta\/\"},{\"@type\":\"ListItem\",\"position\":2,\"name\":\"\u201cAs escolas n\u00e3o s\u00e3o pr\u00e9dios, s\u00e3o pessoas com uma nova vis\u00e3o de mundo\u201d\"}]},{\"@type\":\"WebSite\",\"@id\":\"https:\/\/sinepe-rs.org.br\/educacaoempauta\/#website\",\"url\":\"https:\/\/sinepe-rs.org.br\/educacaoempauta\/\",\"name\":\"Educa\u00e7\u00e3o em Pauta: Portal de reportagens de Educa\u00e7\u00e3o\",\"description\":\"Sinepe-RS\",\"potentialAction\":[{\"@type\":\"SearchAction\",\"target\":{\"@type\":\"EntryPoint\",\"urlTemplate\":\"https:\/\/sinepe-rs.org.br\/educacaoempauta\/?s={search_term_string}\"},\"query-input\":{\"@type\":\"PropertyValueSpecification\",\"valueRequired\":true,\"valueName\":\"search_term_string\"}}],\"inLanguage\":\"pt-BR\"},{\"@type\":\"Person\",\"@id\":\"https:\/\/sinepe-rs.org.br\/educacaoempauta\/#\/schema\/person\/c542073558983d5792101d1b5240d841\",\"name\":\"Alexandra Zanela\",\"image\":{\"@type\":\"ImageObject\",\"inLanguage\":\"pt-BR\",\"@id\":\"https:\/\/sinepe-rs.org.br\/educacaoempauta\/#\/schema\/person\/image\/\",\"url\":\"https:\/\/secure.gravatar.com\/avatar\/aab8da397152551fad5132b4b20cb891945e7bc931de8d0d72495261a983a371?s=96&d=mm&r=g\",\"contentUrl\":\"https:\/\/secure.gravatar.com\/avatar\/aab8da397152551fad5132b4b20cb891945e7bc931de8d0d72495261a983a371?s=96&d=mm&r=g\",\"caption\":\"Alexandra Zanela\"},\"url\":\"https:\/\/sinepe-rs.org.br\/educacaoempauta\/author\/alexandra\/\"}]}<\/script>\n<!-- \/ Yoast SEO plugin. -->","yoast_head_json":{"title":"\u201cAs escolas n\u00e3o s\u00e3o pr\u00e9dios, s\u00e3o pessoas com uma nova vis\u00e3o de mundo\u201d","description":"Jos\u00e9 Pacheco \u00e9 fundador da Escola da Ponte, de Portugal, um projeto educativo baseado na autonomia dos estudantes, o qual tem disseminado pelo mundo, inclusive no Brasil","robots":{"index":"index","follow":"follow","max-snippet":"max-snippet:-1","max-image-preview":"max-image-preview:large","max-video-preview":"max-video-preview:-1"},"canonical":"https:\/\/sinepe-rs.org.br\/educacaoempauta\/com-a-palavra\/as-escolas-nao-sao-predios-sao-pessoas-com-uma-nova-visao-de-mundo\/","og_locale":"pt_BR","og_type":"article","og_title":"\u201cAs escolas n\u00e3o s\u00e3o pr\u00e9dios, s\u00e3o pessoas com uma nova vis\u00e3o de mundo\u201d","og_description":"Jos\u00e9 Pacheco \u00e9 fundador da Escola da Ponte, de Portugal, um projeto educativo baseado na autonomia dos estudantes, o qual tem disseminado pelo mundo, inclusive no Brasil","og_url":"https:\/\/sinepe-rs.org.br\/educacaoempauta\/com-a-palavra\/as-escolas-nao-sao-predios-sao-pessoas-com-uma-nova-visao-de-mundo\/","og_site_name":"Educa\u00e7\u00e3o em Pauta: Portal de reportagens de Educa\u00e7\u00e3o","article_published_time":"2022-10-10T10:00:00+00:00","article_modified_time":"2022-10-10T12:35:55+00:00","og_image":[{"width":1366,"height":450,"url":"https:\/\/sinepe-rs.org.br\/educacaoempauta\/wp-content\/uploads\/2022\/10\/147-Entrevista-Jose-Pacheco-credito-Alyne-Pinheiro_Secretaria-de-Educacao-e-Esportes-de-Pernambuco.png","type":"image\/png"}],"author":"Alexandra Zanela","twitter_card":"summary_large_image","twitter_misc":{"Escrito por":"Alexandra Zanela","Est. tempo de leitura":"6 minutos"},"schema":{"@context":"https:\/\/schema.org","@graph":[{"@type":"WebPage","@id":"https:\/\/sinepe-rs.org.br\/educacaoempauta\/com-a-palavra\/as-escolas-nao-sao-predios-sao-pessoas-com-uma-nova-visao-de-mundo\/","url":"https:\/\/sinepe-rs.org.br\/educacaoempauta\/com-a-palavra\/as-escolas-nao-sao-predios-sao-pessoas-com-uma-nova-visao-de-mundo\/","name":"\u201cAs escolas n\u00e3o s\u00e3o pr\u00e9dios, s\u00e3o pessoas com uma nova vis\u00e3o de mundo\u201d","isPartOf":{"@id":"https:\/\/sinepe-rs.org.br\/educacaoempauta\/#website"},"primaryImageOfPage":{"@id":"https:\/\/sinepe-rs.org.br\/educacaoempauta\/com-a-palavra\/as-escolas-nao-sao-predios-sao-pessoas-com-uma-nova-visao-de-mundo\/#primaryimage"},"image":{"@id":"https:\/\/sinepe-rs.org.br\/educacaoempauta\/com-a-palavra\/as-escolas-nao-sao-predios-sao-pessoas-com-uma-nova-visao-de-mundo\/#primaryimage"},"thumbnailUrl":"https:\/\/sinepe-rs.org.br\/educacaoempauta\/wp-content\/uploads\/2022\/10\/147-Entrevista-Jose-Pacheco-credito-Alyne-Pinheiro_Secretaria-de-Educacao-e-Esportes-de-Pernambuco.png","datePublished":"2022-10-10T10:00:00+00:00","dateModified":"2022-10-10T12:35:55+00:00","author":{"@id":"https:\/\/sinepe-rs.org.br\/educacaoempauta\/#\/schema\/person\/c542073558983d5792101d1b5240d841"},"description":"Jos\u00e9 Pacheco \u00e9 fundador da Escola da Ponte, de Portugal, um projeto educativo baseado na autonomia dos estudantes, o qual tem disseminado pelo mundo, inclusive no Brasil","breadcrumb":{"@id":"https:\/\/sinepe-rs.org.br\/educacaoempauta\/com-a-palavra\/as-escolas-nao-sao-predios-sao-pessoas-com-uma-nova-visao-de-mundo\/#breadcrumb"},"inLanguage":"pt-BR","potentialAction":[{"@type":"ReadAction","target":["https:\/\/sinepe-rs.org.br\/educacaoempauta\/com-a-palavra\/as-escolas-nao-sao-predios-sao-pessoas-com-uma-nova-visao-de-mundo\/"]}]},{"@type":"ImageObject","inLanguage":"pt-BR","@id":"https:\/\/sinepe-rs.org.br\/educacaoempauta\/com-a-palavra\/as-escolas-nao-sao-predios-sao-pessoas-com-uma-nova-visao-de-mundo\/#primaryimage","url":"https:\/\/sinepe-rs.org.br\/educacaoempauta\/wp-content\/uploads\/2022\/10\/147-Entrevista-Jose-Pacheco-credito-Alyne-Pinheiro_Secretaria-de-Educacao-e-Esportes-de-Pernambuco.png","contentUrl":"https:\/\/sinepe-rs.org.br\/educacaoempauta\/wp-content\/uploads\/2022\/10\/147-Entrevista-Jose-Pacheco-credito-Alyne-Pinheiro_Secretaria-de-Educacao-e-Esportes-de-Pernambuco.png","width":1366,"height":450,"caption":"\u201cAs escolas n\u00e3o s\u00e3o pr\u00e9dios, s\u00e3o pessoas com uma nova vis\u00e3o de mundo\u201d"},{"@type":"BreadcrumbList","@id":"https:\/\/sinepe-rs.org.br\/educacaoempauta\/com-a-palavra\/as-escolas-nao-sao-predios-sao-pessoas-com-uma-nova-visao-de-mundo\/#breadcrumb","itemListElement":[{"@type":"ListItem","position":1,"name":"Home","item":"https:\/\/sinepe-rs.org.br\/educacaoempauta\/"},{"@type":"ListItem","position":2,"name":"\u201cAs escolas n\u00e3o s\u00e3o pr\u00e9dios, s\u00e3o pessoas com uma nova vis\u00e3o de mundo\u201d"}]},{"@type":"WebSite","@id":"https:\/\/sinepe-rs.org.br\/educacaoempauta\/#website","url":"https:\/\/sinepe-rs.org.br\/educacaoempauta\/","name":"Educa\u00e7\u00e3o em Pauta: Portal de reportagens de Educa\u00e7\u00e3o","description":"Sinepe-RS","potentialAction":[{"@type":"SearchAction","target":{"@type":"EntryPoint","urlTemplate":"https:\/\/sinepe-rs.org.br\/educacaoempauta\/?s={search_term_string}"},"query-input":{"@type":"PropertyValueSpecification","valueRequired":true,"valueName":"search_term_string"}}],"inLanguage":"pt-BR"},{"@type":"Person","@id":"https:\/\/sinepe-rs.org.br\/educacaoempauta\/#\/schema\/person\/c542073558983d5792101d1b5240d841","name":"Alexandra Zanela","image":{"@type":"ImageObject","inLanguage":"pt-BR","@id":"https:\/\/sinepe-rs.org.br\/educacaoempauta\/#\/schema\/person\/image\/","url":"https:\/\/secure.gravatar.com\/avatar\/aab8da397152551fad5132b4b20cb891945e7bc931de8d0d72495261a983a371?s=96&d=mm&r=g","contentUrl":"https:\/\/secure.gravatar.com\/avatar\/aab8da397152551fad5132b4b20cb891945e7bc931de8d0d72495261a983a371?s=96&d=mm&r=g","caption":"Alexandra Zanela"},"url":"https:\/\/sinepe-rs.org.br\/educacaoempauta\/author\/alexandra\/"}]}},"_links":{"self":[{"href":"https:\/\/sinepe-rs.org.br\/educacaoempauta\/wp-json\/wp\/v2\/posts\/2101","targetHints":{"allow":["GET"]}}],"collection":[{"href":"https:\/\/sinepe-rs.org.br\/educacaoempauta\/wp-json\/wp\/v2\/posts"}],"about":[{"href":"https:\/\/sinepe-rs.org.br\/educacaoempauta\/wp-json\/wp\/v2\/types\/post"}],"author":[{"embeddable":true,"href":"https:\/\/sinepe-rs.org.br\/educacaoempauta\/wp-json\/wp\/v2\/users\/3"}],"replies":[{"embeddable":true,"href":"https:\/\/sinepe-rs.org.br\/educacaoempauta\/wp-json\/wp\/v2\/comments?post=2101"}],"version-history":[{"count":12,"href":"https:\/\/sinepe-rs.org.br\/educacaoempauta\/wp-json\/wp\/v2\/posts\/2101\/revisions"}],"predecessor-version":[{"id":2140,"href":"https:\/\/sinepe-rs.org.br\/educacaoempauta\/wp-json\/wp\/v2\/posts\/2101\/revisions\/2140"}],"wp:featuredmedia":[{"embeddable":true,"href":"https:\/\/sinepe-rs.org.br\/educacaoempauta\/wp-json\/wp\/v2\/media\/2131"}],"wp:attachment":[{"href":"https:\/\/sinepe-rs.org.br\/educacaoempauta\/wp-json\/wp\/v2\/media?parent=2101"}],"wp:term":[{"taxonomy":"category","embeddable":true,"href":"https:\/\/sinepe-rs.org.br\/educacaoempauta\/wp-json\/wp\/v2\/categories?post=2101"},{"taxonomy":"post_tag","embeddable":true,"href":"https:\/\/sinepe-rs.org.br\/educacaoempauta\/wp-json\/wp\/v2\/tags?post=2101"}],"curies":[{"name":"wp","href":"https:\/\/api.w.org\/{rel}","templated":true}]}}