{"id":2114,"date":"2022-10-07T07:00:00","date_gmt":"2022-10-07T10:00:00","guid":{"rendered":"https:\/\/sinepe-rs.org.br\/educacaoempauta\/?p=2114"},"modified":"2022-10-19T11:11:33","modified_gmt":"2022-10-19T14:11:33","slug":"o-5g-pode-transformar-definitivamente-a-maneira-de-estudar","status":"publish","type":"post","link":"https:\/\/sinepe-rs.org.br\/educacaoempauta\/tendencias\/o-5g-pode-transformar-definitivamente-a-maneira-de-estudar\/","title":{"rendered":"O 5G pode transformar definitivamente a maneira de estudar"},"content":{"rendered":"\n<div class=\"wp-block-media-text alignwide is-stacked-on-mobile\" style=\"grid-template-columns:21% auto\"><figure class=\"wp-block-media-text__media\"><img loading=\"lazy\" decoding=\"async\" width=\"682\" height=\"1024\" src=\"https:\/\/sinepe-rs.org.br\/educacaoempauta\/wp-content\/uploads\/2022\/10\/52184370949_b3a4ce506b_o-682x1024.jpg\" alt=\"\" class=\"wp-image-2115 size-full\" srcset=\"https:\/\/sinepe-rs.org.br\/educacaoempauta\/wp-content\/uploads\/2022\/10\/52184370949_b3a4ce506b_o-682x1024.jpg 682w, https:\/\/sinepe-rs.org.br\/educacaoempauta\/wp-content\/uploads\/2022\/10\/52184370949_b3a4ce506b_o-200x300.jpg 200w, https:\/\/sinepe-rs.org.br\/educacaoempauta\/wp-content\/uploads\/2022\/10\/52184370949_b3a4ce506b_o-768x1154.jpg 768w, https:\/\/sinepe-rs.org.br\/educacaoempauta\/wp-content\/uploads\/2022\/10\/52184370949_b3a4ce506b_o-1022x1536.jpg 1022w, https:\/\/sinepe-rs.org.br\/educacaoempauta\/wp-content\/uploads\/2022\/10\/52184370949_b3a4ce506b_o-1363x2048.jpg 1363w, https:\/\/sinepe-rs.org.br\/educacaoempauta\/wp-content\/uploads\/2022\/10\/52184370949_b3a4ce506b_o-scaled.jpg 1704w\" sizes=\"auto, (max-width: 682px) 100vw, 682px\" \/><\/figure><div class=\"wp-block-media-text__content\">\n<p style=\"font-size:15px\"><strong>Marcos Ferrari<\/strong><\/p>\n\n\n\n<p style=\"font-size:14px\">Presidente-executivo da Conexis Brasil Digital. \u00c9 doutor em Economia pelo Instituto de Economia Industrial da UFRJ e foi diretor de Infraestrutura e Governo do BNDES. Foi tamb\u00e9m secret\u00e1rio de Assuntos Econ\u00f4micos do Minist\u00e9rio do Planejamento, de 2016 a 2018, e anteriormente chefe da Assessoria Econ\u00f4mica do Minist\u00e9rio do Planejamento e secret\u00e1rio adjunto de Pol\u00edtica Econ\u00f4mica do Minist\u00e9rio da Fazenda. Exerceu o papel de presidente da Funda\u00e7\u00e3o de Amparo \u00e0 Pesquisa do Esp\u00edrito Santo.<\/p>\n<\/div><\/div>\n\n\n\n<p>Quando candidatos pol\u00edticos apresentam seus planos para o futuro do Brasil, invariavelmente discorrem sobre o setor historicamente considerado como a principal alavanca para o desenvolvimento humano e econ\u00f4mico. N\u00e3o \u00e9 por menos. A educa\u00e7\u00e3o no Brasil ainda n\u00e3o pode ser considerada uma refer\u00eancia mundial. O pa\u00eds ocupa hoje a 54\u00aa posi\u00e7\u00e3o entre os 65 pa\u00edses avaliados pelo PISA (Programa Internacional de Avalia\u00e7\u00e3o de Alunos, realizado pela OCDE).<\/p>\n\n\n\n<p>Ainda assim, \u00e9 poss\u00edvel encontrar diversos exemplos de sucesso, sobretudo em institui\u00e7\u00f5es que procuram se manter atualizadas, adotando pr\u00e1ticas modernas de gest\u00e3o e, tamb\u00e9m, dentro da sala de aula. Pois o conceito de modernidade est\u00e1 ganhando contornos cada vez mais abrangentes no mercado brasileiro.&nbsp;<\/p>\n\n\n\n<p>A chegada do 5G tem o potencial de causar uma verdadeira transforma\u00e7\u00e3o no setor de ensino. O primeiro ponto a se destacar \u00e9 o fato de Porto Alegre possuir uma legisla\u00e7\u00e3o considerada modelo para instala\u00e7\u00e3o de antenas. A nova gera\u00e7\u00e3o de transmiss\u00e3o de dados requer muito mais antenas que o 4G e a praticidade para implanta\u00e7\u00e3o da infraestrutura \u00e9 fundamental para uma boa conectividade.&nbsp;<\/p>\n\n\n\n<p>Os casos de uso s\u00e3o in\u00fameros. Um deles \u00e9 o uso das realidades aumentada e virtual nas salas de aula, capazes de simular com perfei\u00e7\u00e3o uma visita ao Museu do Louvre em uma aula de hist\u00f3ria da arte, por exemplo, e estudantes de ci\u00eancias biol\u00f3gicas poder\u00e3o estudar os \u00f3rg\u00e3os humanos com grande precis\u00e3o. \u00c9 poss\u00edvel prever uma enorme gama de possibilidades por meio da Internet das Coisas (IoT, da sigla em ingl\u00eas), incluindo a rob\u00f3tica.&nbsp;<\/p>\n\n\n\n<p>S\u00e3o avan\u00e7os que estimulam experi\u00eancias imersivas e interativas em uma intensidade sem precedentes. Novos m\u00e9todos capazes de agu\u00e7ar aspectos sensoriais e estimular o desenvolvimento de habilidades condizentes com um novo mundo multiconectado. Os avan\u00e7os tamb\u00e9m ser\u00e3o notados nas atividades de ensino a dist\u00e2ncia, que contar\u00e3o com uma rede muito mais est\u00e1vel e veloz. Trata-se de um caminho para potencializar e democratizar o acesso \u00e0 educa\u00e7\u00e3o.<\/p>\n\n\n\n<p>Importante notar que a efetividade da transforma\u00e7\u00e3o no setor passa necessariamente por um novo programa estruturado de educa\u00e7\u00e3o, que vai muito al\u00e9m de simplesmente levar internet para as escolas e universidades. \u00c9 preciso que os professores, os m\u00e9todos did\u00e1ticos, as instala\u00e7\u00f5es f\u00edsicas, entre tantos outros componentes, estejam aptos e qualificados para fazer o melhor uso da tecnologia. Importante tamb\u00e9m haver investimentos em pesquisa e desenvolvimento das novas solu\u00e7\u00f5es habilitadas pela rec\u00e9m-chegada tecnologia.&nbsp;<\/p>\n\n\n\n<p>A hist\u00f3ria do 5G na educa\u00e7\u00e3o est\u00e1 come\u00e7ando e as possibilidades s\u00e3o inimagin\u00e1veis. Em breve, poderemos afirmar que estudar nunca foi t\u00e3o tecnol\u00f3gico e interessante.&nbsp;<\/p>\n","protected":false},"excerpt":{"rendered":"<p>Marcos Ferrari, presidente-executivo da Conexis Brasil Digital, entidade que re\u00fane as empresas de telecomunica\u00e7\u00f5es e de conectividade, avalia que a nova tecnologia tem o potencial de causar uma verdadeira transforma\u00e7\u00e3o no setor de ensino<\/p>\n","protected":false},"author":3,"featured_media":2119,"comment_status":"open","ping_status":"open","sticky":false,"template":"","format":"standard","meta":{"footnotes":""},"categories":[8],"tags":[198,61,43,78],"class_list":["post-2114","post","type-post","status-publish","format-standard","has-post-thumbnail","hentry","category-tendencias","tag-5g","tag-educacao","tag-sinepe-rs-2","tag-tecnologia"],"acf":[],"yoast_head":"<!-- This site is optimized with the Yoast SEO plugin v24.6 - https:\/\/yoast.com\/wordpress\/plugins\/seo\/ -->\n<title>O 5G pode transformar definitivamente a maneira de estudar<\/title>\n<meta name=\"description\" content=\"Marcos Ferrari, presidente-executivo da Conexis Brasil Digital, avalia que a nova tecnologia tem o potencial de causar uma verdadeira transforma\u00e7\u00e3o no setor de ensino\" \/>\n<meta name=\"robots\" content=\"index, follow, max-snippet:-1, max-image-preview:large, max-video-preview:-1\" \/>\n<link rel=\"canonical\" href=\"https:\/\/sinepe-rs.org.br\/educacaoempauta\/tendencias\/o-5g-pode-transformar-definitivamente-a-maneira-de-estudar\/\" \/>\n<meta property=\"og:locale\" content=\"pt_BR\" \/>\n<meta property=\"og:type\" content=\"article\" \/>\n<meta property=\"og:title\" content=\"O 5G pode transformar definitivamente a maneira de estudar\" \/>\n<meta property=\"og:description\" content=\"Marcos Ferrari, presidente-executivo da Conexis Brasil Digital, avalia que a nova tecnologia tem o potencial de causar uma verdadeira transforma\u00e7\u00e3o no setor de ensino\" \/>\n<meta property=\"og:url\" content=\"https:\/\/sinepe-rs.org.br\/educacaoempauta\/tendencias\/o-5g-pode-transformar-definitivamente-a-maneira-de-estudar\/\" \/>\n<meta property=\"og:site_name\" content=\"Educa\u00e7\u00e3o em Pauta: Portal de reportagens de Educa\u00e7\u00e3o\" \/>\n<meta property=\"article:published_time\" content=\"2022-10-07T10:00:00+00:00\" \/>\n<meta property=\"article:modified_time\" content=\"2022-10-19T14:11:33+00:00\" \/>\n<meta property=\"og:image\" content=\"https:\/\/sinepe-rs.org.br\/educacaoempauta\/wp-content\/uploads\/2022\/10\/113-Artigo-Marcos-Ferrari-5G-e-Educacao-AdobeStock_359653278.jpg\" \/>\n\t<meta property=\"og:image:width\" content=\"1366\" \/>\n\t<meta property=\"og:image:height\" content=\"455\" \/>\n\t<meta property=\"og:image:type\" content=\"image\/jpeg\" \/>\n<meta name=\"author\" content=\"Alexandra Zanela\" \/>\n<meta name=\"twitter:card\" content=\"summary_large_image\" \/>\n<meta name=\"twitter:label1\" content=\"Escrito por\" \/>\n\t<meta name=\"twitter:data1\" content=\"Alexandra Zanela\" \/>\n\t<meta name=\"twitter:label2\" content=\"Est. tempo de leitura\" \/>\n\t<meta name=\"twitter:data2\" content=\"3 minutos\" \/>\n<script type=\"application\/ld+json\" class=\"yoast-schema-graph\">{\"@context\":\"https:\/\/schema.org\",\"@graph\":[{\"@type\":\"WebPage\",\"@id\":\"https:\/\/sinepe-rs.org.br\/educacaoempauta\/tendencias\/o-5g-pode-transformar-definitivamente-a-maneira-de-estudar\/\",\"url\":\"https:\/\/sinepe-rs.org.br\/educacaoempauta\/tendencias\/o-5g-pode-transformar-definitivamente-a-maneira-de-estudar\/\",\"name\":\"O 5G pode transformar definitivamente a maneira de estudar\",\"isPartOf\":{\"@id\":\"https:\/\/sinepe-rs.org.br\/educacaoempauta\/#website\"},\"primaryImageOfPage\":{\"@id\":\"https:\/\/sinepe-rs.org.br\/educacaoempauta\/tendencias\/o-5g-pode-transformar-definitivamente-a-maneira-de-estudar\/#primaryimage\"},\"image\":{\"@id\":\"https:\/\/sinepe-rs.org.br\/educacaoempauta\/tendencias\/o-5g-pode-transformar-definitivamente-a-maneira-de-estudar\/#primaryimage\"},\"thumbnailUrl\":\"https:\/\/sinepe-rs.org.br\/educacaoempauta\/wp-content\/uploads\/2022\/10\/113-Artigo-Marcos-Ferrari-5G-e-Educacao-AdobeStock_359653278.jpg\",\"datePublished\":\"2022-10-07T10:00:00+00:00\",\"dateModified\":\"2022-10-19T14:11:33+00:00\",\"author\":{\"@id\":\"https:\/\/sinepe-rs.org.br\/educacaoempauta\/#\/schema\/person\/c542073558983d5792101d1b5240d841\"},\"description\":\"Marcos Ferrari, presidente-executivo da Conexis Brasil Digital, avalia que a nova tecnologia tem o potencial de causar uma verdadeira transforma\u00e7\u00e3o no setor de ensino\",\"breadcrumb\":{\"@id\":\"https:\/\/sinepe-rs.org.br\/educacaoempauta\/tendencias\/o-5g-pode-transformar-definitivamente-a-maneira-de-estudar\/#breadcrumb\"},\"inLanguage\":\"pt-BR\",\"potentialAction\":[{\"@type\":\"ReadAction\",\"target\":[\"https:\/\/sinepe-rs.org.br\/educacaoempauta\/tendencias\/o-5g-pode-transformar-definitivamente-a-maneira-de-estudar\/\"]}]},{\"@type\":\"ImageObject\",\"inLanguage\":\"pt-BR\",\"@id\":\"https:\/\/sinepe-rs.org.br\/educacaoempauta\/tendencias\/o-5g-pode-transformar-definitivamente-a-maneira-de-estudar\/#primaryimage\",\"url\":\"https:\/\/sinepe-rs.org.br\/educacaoempauta\/wp-content\/uploads\/2022\/10\/113-Artigo-Marcos-Ferrari-5G-e-Educacao-AdobeStock_359653278.jpg\",\"contentUrl\":\"https:\/\/sinepe-rs.org.br\/educacaoempauta\/wp-content\/uploads\/2022\/10\/113-Artigo-Marcos-Ferrari-5G-e-Educacao-AdobeStock_359653278.jpg\",\"width\":1366,\"height\":455,\"caption\":\"O 5G pode transformar definitivamente a maneira de estudar\"},{\"@type\":\"BreadcrumbList\",\"@id\":\"https:\/\/sinepe-rs.org.br\/educacaoempauta\/tendencias\/o-5g-pode-transformar-definitivamente-a-maneira-de-estudar\/#breadcrumb\",\"itemListElement\":[{\"@type\":\"ListItem\",\"position\":1,\"name\":\"Home\",\"item\":\"https:\/\/sinepe-rs.org.br\/educacaoempauta\/\"},{\"@type\":\"ListItem\",\"position\":2,\"name\":\"O 5G pode transformar definitivamente a maneira de estudar\"}]},{\"@type\":\"WebSite\",\"@id\":\"https:\/\/sinepe-rs.org.br\/educacaoempauta\/#website\",\"url\":\"https:\/\/sinepe-rs.org.br\/educacaoempauta\/\",\"name\":\"Educa\u00e7\u00e3o em Pauta: Portal de reportagens de Educa\u00e7\u00e3o\",\"description\":\"Sinepe-RS\",\"potentialAction\":[{\"@type\":\"SearchAction\",\"target\":{\"@type\":\"EntryPoint\",\"urlTemplate\":\"https:\/\/sinepe-rs.org.br\/educacaoempauta\/?s={search_term_string}\"},\"query-input\":{\"@type\":\"PropertyValueSpecification\",\"valueRequired\":true,\"valueName\":\"search_term_string\"}}],\"inLanguage\":\"pt-BR\"},{\"@type\":\"Person\",\"@id\":\"https:\/\/sinepe-rs.org.br\/educacaoempauta\/#\/schema\/person\/c542073558983d5792101d1b5240d841\",\"name\":\"Alexandra Zanela\",\"image\":{\"@type\":\"ImageObject\",\"inLanguage\":\"pt-BR\",\"@id\":\"https:\/\/sinepe-rs.org.br\/educacaoempauta\/#\/schema\/person\/image\/\",\"url\":\"https:\/\/secure.gravatar.com\/avatar\/aab8da397152551fad5132b4b20cb891945e7bc931de8d0d72495261a983a371?s=96&d=mm&r=g\",\"contentUrl\":\"https:\/\/secure.gravatar.com\/avatar\/aab8da397152551fad5132b4b20cb891945e7bc931de8d0d72495261a983a371?s=96&d=mm&r=g\",\"caption\":\"Alexandra Zanela\"},\"url\":\"https:\/\/sinepe-rs.org.br\/educacaoempauta\/author\/alexandra\/\"}]}<\/script>\n<!-- \/ Yoast SEO plugin. -->","yoast_head_json":{"title":"O 5G pode transformar definitivamente a maneira de estudar","description":"Marcos Ferrari, presidente-executivo da Conexis Brasil Digital, avalia que a nova tecnologia tem o potencial de causar uma verdadeira transforma\u00e7\u00e3o no setor de ensino","robots":{"index":"index","follow":"follow","max-snippet":"max-snippet:-1","max-image-preview":"max-image-preview:large","max-video-preview":"max-video-preview:-1"},"canonical":"https:\/\/sinepe-rs.org.br\/educacaoempauta\/tendencias\/o-5g-pode-transformar-definitivamente-a-maneira-de-estudar\/","og_locale":"pt_BR","og_type":"article","og_title":"O 5G pode transformar definitivamente a maneira de estudar","og_description":"Marcos Ferrari, presidente-executivo da Conexis Brasil Digital, avalia que a nova tecnologia tem o potencial de causar uma verdadeira transforma\u00e7\u00e3o no setor de ensino","og_url":"https:\/\/sinepe-rs.org.br\/educacaoempauta\/tendencias\/o-5g-pode-transformar-definitivamente-a-maneira-de-estudar\/","og_site_name":"Educa\u00e7\u00e3o em Pauta: Portal de reportagens de Educa\u00e7\u00e3o","article_published_time":"2022-10-07T10:00:00+00:00","article_modified_time":"2022-10-19T14:11:33+00:00","og_image":[{"width":1366,"height":455,"url":"https:\/\/sinepe-rs.org.br\/educacaoempauta\/wp-content\/uploads\/2022\/10\/113-Artigo-Marcos-Ferrari-5G-e-Educacao-AdobeStock_359653278.jpg","type":"image\/jpeg"}],"author":"Alexandra Zanela","twitter_card":"summary_large_image","twitter_misc":{"Escrito por":"Alexandra Zanela","Est. tempo de leitura":"3 minutos"},"schema":{"@context":"https:\/\/schema.org","@graph":[{"@type":"WebPage","@id":"https:\/\/sinepe-rs.org.br\/educacaoempauta\/tendencias\/o-5g-pode-transformar-definitivamente-a-maneira-de-estudar\/","url":"https:\/\/sinepe-rs.org.br\/educacaoempauta\/tendencias\/o-5g-pode-transformar-definitivamente-a-maneira-de-estudar\/","name":"O 5G pode transformar definitivamente a maneira de estudar","isPartOf":{"@id":"https:\/\/sinepe-rs.org.br\/educacaoempauta\/#website"},"primaryImageOfPage":{"@id":"https:\/\/sinepe-rs.org.br\/educacaoempauta\/tendencias\/o-5g-pode-transformar-definitivamente-a-maneira-de-estudar\/#primaryimage"},"image":{"@id":"https:\/\/sinepe-rs.org.br\/educacaoempauta\/tendencias\/o-5g-pode-transformar-definitivamente-a-maneira-de-estudar\/#primaryimage"},"thumbnailUrl":"https:\/\/sinepe-rs.org.br\/educacaoempauta\/wp-content\/uploads\/2022\/10\/113-Artigo-Marcos-Ferrari-5G-e-Educacao-AdobeStock_359653278.jpg","datePublished":"2022-10-07T10:00:00+00:00","dateModified":"2022-10-19T14:11:33+00:00","author":{"@id":"https:\/\/sinepe-rs.org.br\/educacaoempauta\/#\/schema\/person\/c542073558983d5792101d1b5240d841"},"description":"Marcos Ferrari, presidente-executivo da Conexis Brasil Digital, avalia que a nova tecnologia tem o potencial de causar uma verdadeira transforma\u00e7\u00e3o no setor de ensino","breadcrumb":{"@id":"https:\/\/sinepe-rs.org.br\/educacaoempauta\/tendencias\/o-5g-pode-transformar-definitivamente-a-maneira-de-estudar\/#breadcrumb"},"inLanguage":"pt-BR","potentialAction":[{"@type":"ReadAction","target":["https:\/\/sinepe-rs.org.br\/educacaoempauta\/tendencias\/o-5g-pode-transformar-definitivamente-a-maneira-de-estudar\/"]}]},{"@type":"ImageObject","inLanguage":"pt-BR","@id":"https:\/\/sinepe-rs.org.br\/educacaoempauta\/tendencias\/o-5g-pode-transformar-definitivamente-a-maneira-de-estudar\/#primaryimage","url":"https:\/\/sinepe-rs.org.br\/educacaoempauta\/wp-content\/uploads\/2022\/10\/113-Artigo-Marcos-Ferrari-5G-e-Educacao-AdobeStock_359653278.jpg","contentUrl":"https:\/\/sinepe-rs.org.br\/educacaoempauta\/wp-content\/uploads\/2022\/10\/113-Artigo-Marcos-Ferrari-5G-e-Educacao-AdobeStock_359653278.jpg","width":1366,"height":455,"caption":"O 5G pode transformar definitivamente a maneira de estudar"},{"@type":"BreadcrumbList","@id":"https:\/\/sinepe-rs.org.br\/educacaoempauta\/tendencias\/o-5g-pode-transformar-definitivamente-a-maneira-de-estudar\/#breadcrumb","itemListElement":[{"@type":"ListItem","position":1,"name":"Home","item":"https:\/\/sinepe-rs.org.br\/educacaoempauta\/"},{"@type":"ListItem","position":2,"name":"O 5G pode transformar definitivamente a maneira de estudar"}]},{"@type":"WebSite","@id":"https:\/\/sinepe-rs.org.br\/educacaoempauta\/#website","url":"https:\/\/sinepe-rs.org.br\/educacaoempauta\/","name":"Educa\u00e7\u00e3o em Pauta: Portal de reportagens de Educa\u00e7\u00e3o","description":"Sinepe-RS","potentialAction":[{"@type":"SearchAction","target":{"@type":"EntryPoint","urlTemplate":"https:\/\/sinepe-rs.org.br\/educacaoempauta\/?s={search_term_string}"},"query-input":{"@type":"PropertyValueSpecification","valueRequired":true,"valueName":"search_term_string"}}],"inLanguage":"pt-BR"},{"@type":"Person","@id":"https:\/\/sinepe-rs.org.br\/educacaoempauta\/#\/schema\/person\/c542073558983d5792101d1b5240d841","name":"Alexandra Zanela","image":{"@type":"ImageObject","inLanguage":"pt-BR","@id":"https:\/\/sinepe-rs.org.br\/educacaoempauta\/#\/schema\/person\/image\/","url":"https:\/\/secure.gravatar.com\/avatar\/aab8da397152551fad5132b4b20cb891945e7bc931de8d0d72495261a983a371?s=96&d=mm&r=g","contentUrl":"https:\/\/secure.gravatar.com\/avatar\/aab8da397152551fad5132b4b20cb891945e7bc931de8d0d72495261a983a371?s=96&d=mm&r=g","caption":"Alexandra Zanela"},"url":"https:\/\/sinepe-rs.org.br\/educacaoempauta\/author\/alexandra\/"}]}},"_links":{"self":[{"href":"https:\/\/sinepe-rs.org.br\/educacaoempauta\/wp-json\/wp\/v2\/posts\/2114","targetHints":{"allow":["GET"]}}],"collection":[{"href":"https:\/\/sinepe-rs.org.br\/educacaoempauta\/wp-json\/wp\/v2\/posts"}],"about":[{"href":"https:\/\/sinepe-rs.org.br\/educacaoempauta\/wp-json\/wp\/v2\/types\/post"}],"author":[{"embeddable":true,"href":"https:\/\/sinepe-rs.org.br\/educacaoempauta\/wp-json\/wp\/v2\/users\/3"}],"replies":[{"embeddable":true,"href":"https:\/\/sinepe-rs.org.br\/educacaoempauta\/wp-json\/wp\/v2\/comments?post=2114"}],"version-history":[{"count":5,"href":"https:\/\/sinepe-rs.org.br\/educacaoempauta\/wp-json\/wp\/v2\/posts\/2114\/revisions"}],"predecessor-version":[{"id":2186,"href":"https:\/\/sinepe-rs.org.br\/educacaoempauta\/wp-json\/wp\/v2\/posts\/2114\/revisions\/2186"}],"wp:featuredmedia":[{"embeddable":true,"href":"https:\/\/sinepe-rs.org.br\/educacaoempauta\/wp-json\/wp\/v2\/media\/2119"}],"wp:attachment":[{"href":"https:\/\/sinepe-rs.org.br\/educacaoempauta\/wp-json\/wp\/v2\/media?parent=2114"}],"wp:term":[{"taxonomy":"category","embeddable":true,"href":"https:\/\/sinepe-rs.org.br\/educacaoempauta\/wp-json\/wp\/v2\/categories?post=2114"},{"taxonomy":"post_tag","embeddable":true,"href":"https:\/\/sinepe-rs.org.br\/educacaoempauta\/wp-json\/wp\/v2\/tags?post=2114"}],"curies":[{"name":"wp","href":"https:\/\/api.w.org\/{rel}","templated":true}]}}