{"id":2232,"date":"2022-10-28T07:00:00","date_gmt":"2022-10-28T10:00:00","guid":{"rendered":"https:\/\/sinepe-rs.org.br\/educacaoempauta\/?p=2232"},"modified":"2022-11-04T09:49:39","modified_gmt":"2022-11-04T12:49:39","slug":"por-que-e-preciso-fazer-a-transformacao-digital-da-ies","status":"publish","type":"post","link":"https:\/\/sinepe-rs.org.br\/educacaoempauta\/inspire-se\/por-que-e-preciso-fazer-a-transformacao-digital-da-ies\/","title":{"rendered":"Por que \u00e9 preciso fazer a transforma\u00e7\u00e3o digital da IES?"},"content":{"rendered":"\n<div class=\"wp-block-media-text alignwide is-stacked-on-mobile\" style=\"grid-template-columns:29% auto\"><figure class=\"wp-block-media-text__media\"><img loading=\"lazy\" decoding=\"async\" width=\"601\" height=\"773\" src=\"https:\/\/sinepe-rs.org.br\/educacaoempauta\/wp-content\/uploads\/2022\/10\/126-Fabio-Reis-Arquivo-Pessoal.jpg\" alt=\"\" class=\"wp-image-2235 size-full\" srcset=\"https:\/\/sinepe-rs.org.br\/educacaoempauta\/wp-content\/uploads\/2022\/10\/126-Fabio-Reis-Arquivo-Pessoal.jpg 601w, https:\/\/sinepe-rs.org.br\/educacaoempauta\/wp-content\/uploads\/2022\/10\/126-Fabio-Reis-Arquivo-Pessoal-233x300.jpg 233w\" sizes=\"auto, (max-width: 601px) 100vw, 601px\" \/><\/figure><div class=\"wp-block-media-text__content\">\n<p style=\"font-size:15px\"><strong>F\u00e1bio Reis <\/strong><\/p>\n\n\n\n<p style=\"font-size:14px\"><em>Licenciado em Hist\u00f3ria, Doutor em Hist\u00f3ria Social pela Universidade de S\u00e3o Paulo, Diretor de Inova\u00e7\u00e3o e Redes de Coopera\u00e7\u00e3o do Semesp, Secret\u00e1rio Executivo da MetaRed Brasil, Presidente do Cons\u00f3rcio STHEM Brasil e Consultor da \u00e1rea de Inova\u00e7\u00e3o Acad\u00eamica da Faesa<\/em><\/p>\n<\/div><\/div>\n\n\n\n<p>O tema transforma\u00e7\u00e3o digital (TD) \u00e9 um assunto recorrente em nossos debates e est\u00e1 na pauta dos gestores. Recentemente, em conversa com um reitor, falamos sobre por que uma IES deve investir na TD. Antes de falar do porqu\u00ea, vou apresentar algumas defini\u00e7\u00f5es e fazer uma r\u00e1pida an\u00e1lise de contexto, para facilitar a compreens\u00e3o.&nbsp;<\/p>\n\n\n\n<p>No <a href=\"https:\/\/www.educause.edu\/focus-areas-and-initiatives\/digital-transformation)\" target=\"_blank\" rel=\"noreferrer noopener\">site da Educase<\/a>, encontramos boas an\u00e1lises e uma defini\u00e7\u00e3o que nos leva a entender a TD como \u201co processo de <strong>otimiza\u00e7\u00e3o<\/strong> e transforma\u00e7\u00e3o das opera\u00e7\u00f5es, dire\u00e7\u00f5es estrat\u00e9gicas e propostas de valor das institui\u00e7\u00f5es, atrav\u00e9s de <strong>mudan\u00e7as<\/strong> profundas e coordenadas em <strong>cultura, pessoal e tecnologia<\/strong>\u201d.&nbsp;<\/p>\n\n\n\n<p>A <a href=\"https:\/\/aws.amazon.com\/pt\/what-is\/digital-transformation\/\" target=\"_blank\" rel=\"noreferrer noopener\">Amazon<\/a> entende a TD como um \u201cprocesso que uma organiza\u00e7\u00e3o aplica para <strong>integrar tecnologias digitais<\/strong> em todas as \u00e1reas de um neg\u00f3cio, modificando fundamentalmente a maneira como ela <strong>agrega valor aos clientes<\/strong>\u201d. A <a href=\"https:\/\/www.startse.com\/noticia\/nova-economia\/o-que-e-transformacao-digital-11-dicas-de-como-fazer-isso-muito-bem\/\" target=\"_blank\" rel=\"noreferrer noopener\">Starse<\/a>, como o \u201cprocesso de mudan\u00e7a ou melhoria de <strong>desempenho de um modelo de neg\u00f3cio corporativo<\/strong>, com base na utiliza\u00e7\u00e3o de <strong>ferramentas digitais e tecnologias inovadoras<\/strong>, para que ocorra a substitui\u00e7\u00e3o de pr\u00e1ticas exercidas anteriormente, aprimorando ainda mais a <strong>experi\u00eancia do cliente<\/strong>, bem como a obten\u00e7\u00e3o de vantagens competitivas\u201d. No site da <a href=\"https:\/\/fia.com.br\/blog\/transformacao-digital\/\" target=\"_blank\" rel=\"noreferrer noopener\">FIA<\/a>, encontramos a seguinte defini\u00e7\u00e3o: \u201c\u00e9 <strong>uma mudan\u00e7a de mentalidade <\/strong>que as empresas passam com o objetivo de se tornarem mais modernas e acompanharem os avan\u00e7os tecnol\u00f3gicos que n\u00e3o param de surgir\u201d.&nbsp;&nbsp;<\/p>\n\n\n\n<blockquote class=\"wp-block-quote is-style-large is-layout-flow wp-block-quote-is-layout-flow\" style=\"font-size:15px\"><p>&#8220;A transforma\u00e7\u00e3o digital tem como alicerce o uso das tecnologias, mas [&#8230;] o que garante o sucesso \u00e9 a mudan\u00e7a de mentalidade, \u00e9 a abertura para o novo, \u00e9 a vontade de priorizar a experi\u00eancia dos usu\u00e1rios, especialmente dos estudantes.&#8221;<\/p><cite>F\u00e1bio Reis<\/cite><\/blockquote>\n\n\n\n<p>As defini\u00e7\u00f5es s\u00e3o convergentes e apontam semelhan\u00e7as nos conceitos, com palavras que s\u00e3o chaves para compreender a TD: processo, estrat\u00e9gias para otimizar, competitividade, mudan\u00e7a de cultura e mentalidade, integra\u00e7\u00e3o das tecnologias, novas tecnologias e melhoria do desempenho institucional e aprimoramento da experi\u00eancia do cliente. A TD n\u00e3o \u00e9 um modismo, \u00e9 uma necessidade. O tema est\u00e1 presente nos debates desde a d\u00e9cada de 1990, todavia, com o avan\u00e7o das tecnologias da informa\u00e7\u00e3o e com a pandemia, o debate sobre o tema se intensificou. H\u00e1 uma tentativa de se compreender seu significado, impacto e import\u00e2ncia para as IES.&nbsp;<\/p>\n\n\n\n<p>Os \u00faltimos dois anos foram de crises e de aprendizados, que abriram espa\u00e7o para as oportunidades. O contexto \u00e9 de escassez de recursos financeiros, dificuldade de captar novos estudantes, concorr\u00eancia intensa e baseada no pre\u00e7o das mensalidades, desconfian\u00e7a sobre o valor do ensino superior, novos concorrentes que oferecem forma\u00e7\u00e3o para o mercado de trabalho com pre\u00e7o e tempo menores, avan\u00e7o dos neg\u00f3cios da educa\u00e7\u00e3o, disponibilidade de novas tecnologias, mudan\u00e7a do comportamento e dos valores dos jovens, entre outros fatores que incidem na din\u00e2mica e organiza\u00e7\u00e3o das IES. Num ambiente de incertezas, todos esses fatores est\u00e3o em um liquidificador, sendo misturados. Imagine o caldo complexo e dif\u00edcil de descrever, com a mistura de tudo isto. A sensa\u00e7\u00e3o \u00e9 de que precisamos fazer mais, com menos recursos e melhor.&nbsp;<\/p>\n\n\n\n<p><mark style=\"background-color:#ff6900\" class=\"has-inline-color\">Cabe ao gestor zelar pela viabilidade financeira da institui\u00e7\u00e3o e pela qualidade da oferta do servi\u00e7o educacional.<\/mark> Ele, provavelmente, busca melhorar a efici\u00eancia institucional atrav\u00e9s de processos que otimizam o desempenho financeiro, garantam a perenidade da IES, intensifiquem as experi\u00eancias e a satisfa\u00e7\u00e3o dos usu\u00e1rios e qualifiquem o modelo acad\u00eamico, porque \u00e9 isto que, no \u201cfinal do dia\u201d, garante a supera\u00e7\u00e3o das crises e o sucesso institucional.\u00a0<\/p>\n\n\n\n<p>Portanto, tendo como par\u00e2metro esse contexto, porque uma IES precisa fazer TD? Uma resposta poss\u00edvel \u00e9: para melhorar a performance dos processos, servi\u00e7os e projetos acad\u00eamicos e administrativos, com estrat\u00e9gias que utilizem a tecnologia digital, garantam a boa experi\u00eancia dos usu\u00e1rios e gerem mudan\u00e7as na cultura institucional. <mark style=\"background-color:#ff6900\" class=\"has-inline-color\">A TD deve proporcionar a otimiza\u00e7\u00e3o da opera\u00e7\u00e3o institucional ou at\u00e9 ser um dos pilares da mudan\u00e7a do modelo de neg\u00f3cio.<\/mark>&nbsp;<\/p>\n\n\n\n<p>A transforma\u00e7\u00e3o digital n\u00e3o \u00e9 uma a\u00e7\u00e3o que se faz em um ano. Ela \u00e9 um processo que requer planejamento e o desenho de um plano. A IES que se prop\u00f5e a fazer TD precisa estar disposta a mapear as tecnologias dispon\u00edveis, a destinar um or\u00e7amento para viabilizar essa transforma\u00e7\u00e3o, a designar um grupo respons\u00e1vel pelo projeto e a ter uma \u201ccarta de navega\u00e7\u00e3o\u201d, para saber aonde quer chegar.&nbsp;<\/p>\n\n\n\n<p>A TD, ao melhorar os processos e torn\u00e1-los \u00e1geis na secretaria acad\u00eamica e em outros setores, ao fornecer indicadores de desempenho e possibilitar a an\u00e1lise preditiva das informa\u00e7\u00f5es institucionais, ao melhorar a experi\u00eancia do usu\u00e1rio e a aprendizagem dos estudantes e ao ter a tecnologia como instrumento de mudan\u00e7a institucional, indica que desconsider\u00e1-la \u00e9 navegar por tempestades, consider\u00e1-la como estrat\u00e9gia \u00e9 buscar luz e perspectiva de um futuro provavelmente saud\u00e1vel.&nbsp;&nbsp;&nbsp;<\/p>\n\n\n\n<p>A transforma\u00e7\u00e3o digital tem como alicerce o uso das tecnologias, mas n\u00e3o \u00e9 isto que garante o sucesso da transforma\u00e7\u00e3o. O que garante o sucesso \u00e9 a mudan\u00e7a de mentalidade, \u00e9 a abertura para o novo, \u00e9 a vontade de priorizar a experi\u00eancia dos usu\u00e1rios, especialmente dos estudantes.&nbsp;<\/p>\n\n\n\n<p>O gestor de uma IES, ao declarar que prioriza a TD ter\u00e1 que induzir a institui\u00e7\u00e3o a utilizar as tecnologias digitais nos seus diversos setores, com planejamento. Muito provavelmente, as institui\u00e7\u00f5es j\u00e1 possuem a\u00e7\u00f5es e processos de TD, mas \u00e9 importante que as a\u00e7\u00f5es estejam conectadas, desenhadas e planejadas, para que n\u00e3o se transformem em \u201cpenduricalhos de tecnologias\u201d fragmentadas.&nbsp;&nbsp;<\/p>\n\n\n\n<p>Espero que os gestores iniciem ou fortale\u00e7am a transforma\u00e7\u00e3o em diferentes setores da IES, mas fa\u00e7am isso o mais r\u00e1pido poss\u00edvel. Definitivamente, conhecer e utilizar os recursos tecnol\u00f3gicos digitais indica que a IES quer melhorar seu desempenho acad\u00eamico e administrativo.<\/p>\n","protected":false},"excerpt":{"rendered":"<p>Para especialista, a TD deve proporcionar a otimiza\u00e7\u00e3o da opera\u00e7\u00e3o institucional ou at\u00e9 ser um dos pilares da mudan\u00e7a do modelo de neg\u00f3cio<\/p>\n","protected":false},"author":3,"featured_media":2275,"comment_status":"open","ping_status":"open","sticky":false,"template":"","format":"standard","meta":{"footnotes":""},"categories":[7],"tags":[121,211,43,210],"class_list":["post-2232","post","type-post","status-publish","format-standard","has-post-thumbnail","hentry","category-inspire-se","tag-artigo","tag-ies","tag-sinepe-rs-2","tag-transformacao-digital"],"acf":[],"yoast_head":"<!-- This site is optimized with the Yoast SEO plugin v24.6 - https:\/\/yoast.com\/wordpress\/plugins\/seo\/ -->\n<title>Por que \u00e9 preciso fazer a transforma\u00e7\u00e3o digital da IES?<\/title>\n<meta name=\"description\" content=\"Para especialista, a TD deve proporcionar a otimiza\u00e7\u00e3o da opera\u00e7\u00e3o institucional ou at\u00e9 ser um dos pilares da mudan\u00e7a do modelo de neg\u00f3cio\" \/>\n<meta name=\"robots\" content=\"index, follow, max-snippet:-1, max-image-preview:large, max-video-preview:-1\" \/>\n<link rel=\"canonical\" href=\"https:\/\/sinepe-rs.org.br\/educacaoempauta\/inspire-se\/por-que-e-preciso-fazer-a-transformacao-digital-da-ies\/\" \/>\n<meta property=\"og:locale\" content=\"pt_BR\" \/>\n<meta property=\"og:type\" content=\"article\" \/>\n<meta property=\"og:title\" content=\"Por que \u00e9 preciso fazer a transforma\u00e7\u00e3o digital da IES?\" \/>\n<meta property=\"og:description\" content=\"Para especialista, a TD deve proporcionar a otimiza\u00e7\u00e3o da opera\u00e7\u00e3o institucional ou at\u00e9 ser um dos pilares da mudan\u00e7a do modelo de neg\u00f3cio\" \/>\n<meta property=\"og:url\" content=\"https:\/\/sinepe-rs.org.br\/educacaoempauta\/inspire-se\/por-que-e-preciso-fazer-a-transformacao-digital-da-ies\/\" \/>\n<meta property=\"og:site_name\" content=\"Educa\u00e7\u00e3o em Pauta: Portal de reportagens de Educa\u00e7\u00e3o\" \/>\n<meta property=\"article:published_time\" content=\"2022-10-28T10:00:00+00:00\" \/>\n<meta property=\"article:modified_time\" content=\"2022-11-04T12:49:39+00:00\" \/>\n<meta property=\"og:image\" content=\"https:\/\/sinepe-rs.org.br\/educacaoempauta\/wp-content\/uploads\/2022\/10\/126-Artigo-Fabio-Reis-Freepik.jpg\" \/>\n\t<meta property=\"og:image:width\" content=\"1366\" \/>\n\t<meta property=\"og:image:height\" content=\"450\" \/>\n\t<meta property=\"og:image:type\" content=\"image\/jpeg\" \/>\n<meta name=\"author\" content=\"Alexandra Zanela\" \/>\n<meta name=\"twitter:card\" content=\"summary_large_image\" \/>\n<meta name=\"twitter:label1\" content=\"Escrito por\" \/>\n\t<meta name=\"twitter:data1\" content=\"Alexandra Zanela\" \/>\n\t<meta name=\"twitter:label2\" content=\"Est. tempo de leitura\" \/>\n\t<meta name=\"twitter:data2\" content=\"6 minutos\" \/>\n<script type=\"application\/ld+json\" class=\"yoast-schema-graph\">{\"@context\":\"https:\/\/schema.org\",\"@graph\":[{\"@type\":\"WebPage\",\"@id\":\"https:\/\/sinepe-rs.org.br\/educacaoempauta\/inspire-se\/por-que-e-preciso-fazer-a-transformacao-digital-da-ies\/\",\"url\":\"https:\/\/sinepe-rs.org.br\/educacaoempauta\/inspire-se\/por-que-e-preciso-fazer-a-transformacao-digital-da-ies\/\",\"name\":\"Por que \u00e9 preciso fazer a transforma\u00e7\u00e3o digital da IES?\",\"isPartOf\":{\"@id\":\"https:\/\/sinepe-rs.org.br\/educacaoempauta\/#website\"},\"primaryImageOfPage\":{\"@id\":\"https:\/\/sinepe-rs.org.br\/educacaoempauta\/inspire-se\/por-que-e-preciso-fazer-a-transformacao-digital-da-ies\/#primaryimage\"},\"image\":{\"@id\":\"https:\/\/sinepe-rs.org.br\/educacaoempauta\/inspire-se\/por-que-e-preciso-fazer-a-transformacao-digital-da-ies\/#primaryimage\"},\"thumbnailUrl\":\"https:\/\/sinepe-rs.org.br\/educacaoempauta\/wp-content\/uploads\/2022\/10\/126-Artigo-Fabio-Reis-Freepik.jpg\",\"datePublished\":\"2022-10-28T10:00:00+00:00\",\"dateModified\":\"2022-11-04T12:49:39+00:00\",\"author\":{\"@id\":\"https:\/\/sinepe-rs.org.br\/educacaoempauta\/#\/schema\/person\/c542073558983d5792101d1b5240d841\"},\"description\":\"Para especialista, a TD deve proporcionar a otimiza\u00e7\u00e3o da opera\u00e7\u00e3o institucional ou at\u00e9 ser um dos pilares da mudan\u00e7a do modelo de neg\u00f3cio\",\"breadcrumb\":{\"@id\":\"https:\/\/sinepe-rs.org.br\/educacaoempauta\/inspire-se\/por-que-e-preciso-fazer-a-transformacao-digital-da-ies\/#breadcrumb\"},\"inLanguage\":\"pt-BR\",\"potentialAction\":[{\"@type\":\"ReadAction\",\"target\":[\"https:\/\/sinepe-rs.org.br\/educacaoempauta\/inspire-se\/por-que-e-preciso-fazer-a-transformacao-digital-da-ies\/\"]}]},{\"@type\":\"ImageObject\",\"inLanguage\":\"pt-BR\",\"@id\":\"https:\/\/sinepe-rs.org.br\/educacaoempauta\/inspire-se\/por-que-e-preciso-fazer-a-transformacao-digital-da-ies\/#primaryimage\",\"url\":\"https:\/\/sinepe-rs.org.br\/educacaoempauta\/wp-content\/uploads\/2022\/10\/126-Artigo-Fabio-Reis-Freepik.jpg\",\"contentUrl\":\"https:\/\/sinepe-rs.org.br\/educacaoempauta\/wp-content\/uploads\/2022\/10\/126-Artigo-Fabio-Reis-Freepik.jpg\",\"width\":1366,\"height\":450,\"caption\":\"Por que \u00e9 preciso fazer a transforma\u00e7\u00e3o digital da IES?\"},{\"@type\":\"BreadcrumbList\",\"@id\":\"https:\/\/sinepe-rs.org.br\/educacaoempauta\/inspire-se\/por-que-e-preciso-fazer-a-transformacao-digital-da-ies\/#breadcrumb\",\"itemListElement\":[{\"@type\":\"ListItem\",\"position\":1,\"name\":\"Home\",\"item\":\"https:\/\/sinepe-rs.org.br\/educacaoempauta\/\"},{\"@type\":\"ListItem\",\"position\":2,\"name\":\"Por que \u00e9 preciso fazer a transforma\u00e7\u00e3o digital da IES?\"}]},{\"@type\":\"WebSite\",\"@id\":\"https:\/\/sinepe-rs.org.br\/educacaoempauta\/#website\",\"url\":\"https:\/\/sinepe-rs.org.br\/educacaoempauta\/\",\"name\":\"Educa\u00e7\u00e3o em Pauta: Portal de reportagens de Educa\u00e7\u00e3o\",\"description\":\"Sinepe-RS\",\"potentialAction\":[{\"@type\":\"SearchAction\",\"target\":{\"@type\":\"EntryPoint\",\"urlTemplate\":\"https:\/\/sinepe-rs.org.br\/educacaoempauta\/?s={search_term_string}\"},\"query-input\":{\"@type\":\"PropertyValueSpecification\",\"valueRequired\":true,\"valueName\":\"search_term_string\"}}],\"inLanguage\":\"pt-BR\"},{\"@type\":\"Person\",\"@id\":\"https:\/\/sinepe-rs.org.br\/educacaoempauta\/#\/schema\/person\/c542073558983d5792101d1b5240d841\",\"name\":\"Alexandra Zanela\",\"image\":{\"@type\":\"ImageObject\",\"inLanguage\":\"pt-BR\",\"@id\":\"https:\/\/sinepe-rs.org.br\/educacaoempauta\/#\/schema\/person\/image\/\",\"url\":\"https:\/\/secure.gravatar.com\/avatar\/aab8da397152551fad5132b4b20cb891945e7bc931de8d0d72495261a983a371?s=96&d=mm&r=g\",\"contentUrl\":\"https:\/\/secure.gravatar.com\/avatar\/aab8da397152551fad5132b4b20cb891945e7bc931de8d0d72495261a983a371?s=96&d=mm&r=g\",\"caption\":\"Alexandra Zanela\"},\"url\":\"https:\/\/sinepe-rs.org.br\/educacaoempauta\/author\/alexandra\/\"}]}<\/script>\n<!-- \/ Yoast SEO plugin. -->","yoast_head_json":{"title":"Por que \u00e9 preciso fazer a transforma\u00e7\u00e3o digital da IES?","description":"Para especialista, a TD deve proporcionar a otimiza\u00e7\u00e3o da opera\u00e7\u00e3o institucional ou at\u00e9 ser um dos pilares da mudan\u00e7a do modelo de neg\u00f3cio","robots":{"index":"index","follow":"follow","max-snippet":"max-snippet:-1","max-image-preview":"max-image-preview:large","max-video-preview":"max-video-preview:-1"},"canonical":"https:\/\/sinepe-rs.org.br\/educacaoempauta\/inspire-se\/por-que-e-preciso-fazer-a-transformacao-digital-da-ies\/","og_locale":"pt_BR","og_type":"article","og_title":"Por que \u00e9 preciso fazer a transforma\u00e7\u00e3o digital da IES?","og_description":"Para especialista, a TD deve proporcionar a otimiza\u00e7\u00e3o da opera\u00e7\u00e3o institucional ou at\u00e9 ser um dos pilares da mudan\u00e7a do modelo de neg\u00f3cio","og_url":"https:\/\/sinepe-rs.org.br\/educacaoempauta\/inspire-se\/por-que-e-preciso-fazer-a-transformacao-digital-da-ies\/","og_site_name":"Educa\u00e7\u00e3o em Pauta: Portal de reportagens de Educa\u00e7\u00e3o","article_published_time":"2022-10-28T10:00:00+00:00","article_modified_time":"2022-11-04T12:49:39+00:00","og_image":[{"width":1366,"height":450,"url":"https:\/\/sinepe-rs.org.br\/educacaoempauta\/wp-content\/uploads\/2022\/10\/126-Artigo-Fabio-Reis-Freepik.jpg","type":"image\/jpeg"}],"author":"Alexandra Zanela","twitter_card":"summary_large_image","twitter_misc":{"Escrito por":"Alexandra Zanela","Est. tempo de leitura":"6 minutos"},"schema":{"@context":"https:\/\/schema.org","@graph":[{"@type":"WebPage","@id":"https:\/\/sinepe-rs.org.br\/educacaoempauta\/inspire-se\/por-que-e-preciso-fazer-a-transformacao-digital-da-ies\/","url":"https:\/\/sinepe-rs.org.br\/educacaoempauta\/inspire-se\/por-que-e-preciso-fazer-a-transformacao-digital-da-ies\/","name":"Por que \u00e9 preciso fazer a transforma\u00e7\u00e3o digital da IES?","isPartOf":{"@id":"https:\/\/sinepe-rs.org.br\/educacaoempauta\/#website"},"primaryImageOfPage":{"@id":"https:\/\/sinepe-rs.org.br\/educacaoempauta\/inspire-se\/por-que-e-preciso-fazer-a-transformacao-digital-da-ies\/#primaryimage"},"image":{"@id":"https:\/\/sinepe-rs.org.br\/educacaoempauta\/inspire-se\/por-que-e-preciso-fazer-a-transformacao-digital-da-ies\/#primaryimage"},"thumbnailUrl":"https:\/\/sinepe-rs.org.br\/educacaoempauta\/wp-content\/uploads\/2022\/10\/126-Artigo-Fabio-Reis-Freepik.jpg","datePublished":"2022-10-28T10:00:00+00:00","dateModified":"2022-11-04T12:49:39+00:00","author":{"@id":"https:\/\/sinepe-rs.org.br\/educacaoempauta\/#\/schema\/person\/c542073558983d5792101d1b5240d841"},"description":"Para especialista, a TD deve proporcionar a otimiza\u00e7\u00e3o da opera\u00e7\u00e3o institucional ou at\u00e9 ser um dos pilares da mudan\u00e7a do modelo de neg\u00f3cio","breadcrumb":{"@id":"https:\/\/sinepe-rs.org.br\/educacaoempauta\/inspire-se\/por-que-e-preciso-fazer-a-transformacao-digital-da-ies\/#breadcrumb"},"inLanguage":"pt-BR","potentialAction":[{"@type":"ReadAction","target":["https:\/\/sinepe-rs.org.br\/educacaoempauta\/inspire-se\/por-que-e-preciso-fazer-a-transformacao-digital-da-ies\/"]}]},{"@type":"ImageObject","inLanguage":"pt-BR","@id":"https:\/\/sinepe-rs.org.br\/educacaoempauta\/inspire-se\/por-que-e-preciso-fazer-a-transformacao-digital-da-ies\/#primaryimage","url":"https:\/\/sinepe-rs.org.br\/educacaoempauta\/wp-content\/uploads\/2022\/10\/126-Artigo-Fabio-Reis-Freepik.jpg","contentUrl":"https:\/\/sinepe-rs.org.br\/educacaoempauta\/wp-content\/uploads\/2022\/10\/126-Artigo-Fabio-Reis-Freepik.jpg","width":1366,"height":450,"caption":"Por que \u00e9 preciso fazer a transforma\u00e7\u00e3o digital da IES?"},{"@type":"BreadcrumbList","@id":"https:\/\/sinepe-rs.org.br\/educacaoempauta\/inspire-se\/por-que-e-preciso-fazer-a-transformacao-digital-da-ies\/#breadcrumb","itemListElement":[{"@type":"ListItem","position":1,"name":"Home","item":"https:\/\/sinepe-rs.org.br\/educacaoempauta\/"},{"@type":"ListItem","position":2,"name":"Por que \u00e9 preciso fazer a transforma\u00e7\u00e3o digital da IES?"}]},{"@type":"WebSite","@id":"https:\/\/sinepe-rs.org.br\/educacaoempauta\/#website","url":"https:\/\/sinepe-rs.org.br\/educacaoempauta\/","name":"Educa\u00e7\u00e3o em Pauta: Portal de reportagens de Educa\u00e7\u00e3o","description":"Sinepe-RS","potentialAction":[{"@type":"SearchAction","target":{"@type":"EntryPoint","urlTemplate":"https:\/\/sinepe-rs.org.br\/educacaoempauta\/?s={search_term_string}"},"query-input":{"@type":"PropertyValueSpecification","valueRequired":true,"valueName":"search_term_string"}}],"inLanguage":"pt-BR"},{"@type":"Person","@id":"https:\/\/sinepe-rs.org.br\/educacaoempauta\/#\/schema\/person\/c542073558983d5792101d1b5240d841","name":"Alexandra Zanela","image":{"@type":"ImageObject","inLanguage":"pt-BR","@id":"https:\/\/sinepe-rs.org.br\/educacaoempauta\/#\/schema\/person\/image\/","url":"https:\/\/secure.gravatar.com\/avatar\/aab8da397152551fad5132b4b20cb891945e7bc931de8d0d72495261a983a371?s=96&d=mm&r=g","contentUrl":"https:\/\/secure.gravatar.com\/avatar\/aab8da397152551fad5132b4b20cb891945e7bc931de8d0d72495261a983a371?s=96&d=mm&r=g","caption":"Alexandra Zanela"},"url":"https:\/\/sinepe-rs.org.br\/educacaoempauta\/author\/alexandra\/"}]}},"_links":{"self":[{"href":"https:\/\/sinepe-rs.org.br\/educacaoempauta\/wp-json\/wp\/v2\/posts\/2232","targetHints":{"allow":["GET"]}}],"collection":[{"href":"https:\/\/sinepe-rs.org.br\/educacaoempauta\/wp-json\/wp\/v2\/posts"}],"about":[{"href":"https:\/\/sinepe-rs.org.br\/educacaoempauta\/wp-json\/wp\/v2\/types\/post"}],"author":[{"embeddable":true,"href":"https:\/\/sinepe-rs.org.br\/educacaoempauta\/wp-json\/wp\/v2\/users\/3"}],"replies":[{"embeddable":true,"href":"https:\/\/sinepe-rs.org.br\/educacaoempauta\/wp-json\/wp\/v2\/comments?post=2232"}],"version-history":[{"count":25,"href":"https:\/\/sinepe-rs.org.br\/educacaoempauta\/wp-json\/wp\/v2\/posts\/2232\/revisions"}],"predecessor-version":[{"id":2305,"href":"https:\/\/sinepe-rs.org.br\/educacaoempauta\/wp-json\/wp\/v2\/posts\/2232\/revisions\/2305"}],"wp:featuredmedia":[{"embeddable":true,"href":"https:\/\/sinepe-rs.org.br\/educacaoempauta\/wp-json\/wp\/v2\/media\/2275"}],"wp:attachment":[{"href":"https:\/\/sinepe-rs.org.br\/educacaoempauta\/wp-json\/wp\/v2\/media?parent=2232"}],"wp:term":[{"taxonomy":"category","embeddable":true,"href":"https:\/\/sinepe-rs.org.br\/educacaoempauta\/wp-json\/wp\/v2\/categories?post=2232"},{"taxonomy":"post_tag","embeddable":true,"href":"https:\/\/sinepe-rs.org.br\/educacaoempauta\/wp-json\/wp\/v2\/tags?post=2232"}],"curies":[{"name":"wp","href":"https:\/\/api.w.org\/{rel}","templated":true}]}}