{"id":2336,"date":"2022-11-11T07:07:00","date_gmt":"2022-11-11T10:07:00","guid":{"rendered":"https:\/\/sinepe-rs.org.br\/educacaoempauta\/?p=2336"},"modified":"2022-11-11T12:49:57","modified_gmt":"2022-11-11T15:49:57","slug":"mediacao-como-instrumento-pacificador-do-reequilibrio-das-relacoes-no-ambiente-escolar","status":"publish","type":"post","link":"https:\/\/sinepe-rs.org.br\/educacaoempauta\/inspire-se\/mediacao-como-instrumento-pacificador-do-reequilibrio-das-relacoes-no-ambiente-escolar\/","title":{"rendered":"Media\u00e7\u00e3o como instrumento pacificador no ambiente escolar"},"content":{"rendered":"\n<div class=\"wp-block-media-text alignwide is-stacked-on-mobile\" style=\"grid-template-columns:34% auto\"><figure class=\"wp-block-media-text__media\"><img loading=\"lazy\" decoding=\"async\" width=\"936\" height=\"1024\" src=\"https:\/\/sinepe-rs.org.br\/educacaoempauta\/wp-content\/uploads\/2022\/11\/WhatsApp-Image-2022-11-10-at-08.59.29-1-1-936x1024.jpeg\" alt=\"\" class=\"wp-image-2338 size-full\" srcset=\"https:\/\/sinepe-rs.org.br\/educacaoempauta\/wp-content\/uploads\/2022\/11\/WhatsApp-Image-2022-11-10-at-08.59.29-1-1-936x1024.jpeg 936w, https:\/\/sinepe-rs.org.br\/educacaoempauta\/wp-content\/uploads\/2022\/11\/WhatsApp-Image-2022-11-10-at-08.59.29-1-1-274x300.jpeg 274w, https:\/\/sinepe-rs.org.br\/educacaoempauta\/wp-content\/uploads\/2022\/11\/WhatsApp-Image-2022-11-10-at-08.59.29-1-1-768x841.jpeg 768w, https:\/\/sinepe-rs.org.br\/educacaoempauta\/wp-content\/uploads\/2022\/11\/WhatsApp-Image-2022-11-10-at-08.59.29-1-1.jpeg 1079w\" sizes=\"auto, (max-width: 936px) 100vw, 936px\" \/><\/figure><div class=\"wp-block-media-text__content\">\n<p class=\"has-small-font-size\"><strong>Luciana Severo<br><\/strong>Mediadora Judicial, Mediadora de conflitos escolares, Familiares e Empresariais. S\u00f3cia da Acr\u00f3pole C\u00e2mara de Media\u00e7\u00e3o e Concilia\u00e7\u00e3o. Mestranda em Solu\u00e7\u00e3o de Conflitos &#8211; AMBRA University\/USA. P\u00f3s-graduada em T\u00e9cnicas de Negocia\u00e7\u00e3o, Concilia\u00e7\u00e3o, Media\u00e7\u00e3o e arbitragem &#8211; UNIVALI\/SC. Forma\u00e7\u00e3o e Aperfei\u00e7oamento na \u201cPrimera visita t\u00e9cnica intensiva sobre Mediaci\u00f3n Escolar em Buenos Aires\u201d. Participou da primeira turma de Media\u00e7\u00e3o no Contexto Escolar &#8211; Universidade Lus\u00f3fona do Porto \u2013 Portugal.<\/p>\n<\/div><\/div>\n\n\n\n<p><\/p>\n\n\n\n<p>O contexto pol\u00edtico atual, conjugado com os efeitos da pandemia, acirrou os conflitos na sociedade, em n\u00edveis hist\u00f3ricos e sem precedentes, recaindo nas rela\u00e7\u00f5es institucionais, sociais, profissionais, familiares, conjugais, e consequentemente, nas escolares. A intoler\u00e2ncia pol\u00edtica, vivenciada nos ambientes urbanos e internalizadas nas pr\u00f3prias fam\u00edlias, reflete diretamente no perfil comportamental e rela\u00e7\u00f5es de crian\u00e7as e adolescentes. In\u00fameras ocorr\u00eancias veiculadas nas m\u00eddias locais revelam o descontrole de certos impulsos, no ambiente escolar, que acionam a espiral do conflito, sem os jovens sequer ter a dimens\u00e3o reflexa e consequente de seus atos ou palavras. Mas a quest\u00e3o \u00e9, como orient\u00e1-los para tratar com diverg\u00eancias de opini\u00e3o?<\/p>\n\n\n\n<p>Importante relembrar que a gera\u00e7\u00e3o dos jovens restou severamente impactada pela pandemia, permanecendo sem o conv\u00edvio presencial, durante expressivo per\u00edodo temporal, agravado por ser impacto negativo, em relevante fase de forma\u00e7\u00e3o e crescimento, afetando assim, a integra\u00e7\u00e3o e socializa\u00e7\u00e3o.<\/p>\n\n\n\n<p>Esse cen\u00e1rio pret\u00e9rito, por si s\u00f3, j\u00e1 caracterizou a necess\u00e1ria inser\u00e7\u00e3o da cultura de paz nas escolas, objetivando a pr\u00e1tica e o desenvolvimento de alternativas atrav\u00e9s do di\u00e1logo, e por essa via, superar suas desaven\u00e7as.<\/p>\n\n\n\n<p>Percebe-se a import\u00e2ncia de incluir os princ\u00edpios da n\u00e3o viol\u00eancia e a pr\u00e1tica do di\u00e1logo frente aos conflitos, acolhendo as naturais diferen\u00e7as, propondo a\u00e7\u00f5es din\u00e2micas e did\u00e1ticas que reorganizem o ambiente escolar e que resgatem o prazer da intera\u00e7\u00e3o, incorporando o respeito ao pr\u00f3ximo. Uma vez que a escola \u00e9 o ambiente adequado para in\u00edcio da aprendizagem da conviv\u00eancia, \u00e9 poss\u00edvel contemplar din\u00e2micas no espa\u00e7o de sala de aula e no protagonismo dos professores, dos alunos e seus familiares.&nbsp;<\/p>\n\n\n\n<p>Nessa dire\u00e7\u00e3o, a renova\u00e7\u00e3o qualitativa dos processos de ensino-aprendizagem, deve estar voltada a reestrutura\u00e7\u00e3o organizacional, repensando a cultura disciplinar, demonstrando que a educa\u00e7\u00e3o deve estimular e orientar para a autonomia no lugar da submiss\u00e3o, a responsabilidade em detrimento da disciplina, a coopera\u00e7\u00e3o ao inv\u00e9s da competi\u00e7\u00e3o, e a solidariedade em substitui\u00e7\u00e3o da rivalidade.<\/p>\n\n\n\n<p>Em raz\u00e3o do conflito ser inerente a natureza humana, dever\u00e1 ser administrado, proporcionando as oportunidades da transforma\u00e7\u00e3o, supera\u00e7\u00e3o e harmoniza\u00e7\u00e3o. Esse \u00e9 o enfoque adequado para o ambiente escolar, cujo perfil apresenta contendas pelo conv\u00edvio interpessoal com diversidade de idade, origem, sexo, etnia, cultura, pensamentos e condi\u00e7\u00f5es socioecon\u00f4micas.<\/p>\n\n\n\n<p>A ado\u00e7\u00e3o da media\u00e7\u00e3o (M\u00e9todo adequado de resolu\u00e7\u00e3o de conflitos autocompositivo amparado pela Lei 13.140 de 26\/06\/2015), seus princ\u00edpios e t\u00e9cnicas no ambiente escolar, visa potencializar habilidades tanto sociais, como emocionais e cognitivas. De acordo com a defini\u00e7\u00e3o de Media\u00e7\u00e3o Escolar &#8211; \u201co encontro de sujeitos do conflito, com a presen\u00e7a do terceiro facilitador, que coordena os trabalhos suscitando o di\u00e1logo e a reflex\u00e3o na busca de uma solu\u00e7\u00e3o que vise o benef\u00edcio de todos os intervenientes\u201d(SALES, DAMASCENO, 2014), mediante a percep\u00e7\u00e3o coletiva e rec\u00edproca dos envolvidos; permitir o reconhecimento das diferen\u00e7as sem amea\u00e7as, ajudar a definir as identidades das partes com suas posi\u00e7\u00f5es; permitir racionalizar as estrat\u00e9gias de compet\u00eancia e coopera\u00e7\u00e3o; ensinar aos jovens que a desaven\u00e7a \u00e9 uma oportunidade de crescimento e desenvolvimento humano.<\/p>\n\n\n\n<p>A media\u00e7\u00e3o al\u00e9m de constituir-se de corol\u00e1rio para tratar conflitos escolares, estimula a reconstru\u00e7\u00e3o da conviv\u00eancia cidad\u00e3, consoante l\u00f3gica resolutiva, reparadora, educativa e inclusiva, bem como vai ao encontro dos quatro pilares sugeridos pela Comiss\u00e3o Internacional sobre Educa\u00e7\u00e3o para o s\u00e9culo XXI da UNESCO, aprender a conhecer, aprender a fazer, aprender a ser e aprender a conviver.<\/p>\n\n\n\n<p>No Brasil e no Exterior os projetos de media\u00e7\u00e3o escolar est\u00e3o sendo aplicados, revelando a multiplicidade de experi\u00eancias eficazes como t\u00e9cnica socioeducativa. Elisabete Pinto da Costa (2019) salienta como ponto comum nos projetos, o resultado do empoderamento dos sujeitos na melhoria do desempenho pessoal, social e profissional na gest\u00e3o das rela\u00e7\u00f5es interpessoais e dos conflitos. A autora destaca que a comunidade escolar de Portugal, em que atua na implanta\u00e7\u00e3o de projetos, entendeu e reconheceu que a cultura da media\u00e7\u00e3o requer maior conhecimento e reconhecimento na comunidade educativa (COSTA, 2019).<\/p>\n\n\n\n<p>No Brasil, na cidade do Rio de Janeiro, o projeto Petr\u00f3polis da Paz 1 foi o pioneiro a introduzir a media\u00e7\u00e3o escolar como Programa Municipal de Pacifica\u00e7\u00e3o Restaurativa, institu\u00eddo por lei em 2017. A escola, que manteve ativo o projeto inclusive durante a pandemia, acolheu os conflitos como resultantes naturais da exist\u00eancia das interrela\u00e7\u00f5es humanas, e que os tratar de forma positiva e prospectiva faz parte do aprendizado cotidiano.<\/p>\n\n\n\n<p><strong><a href=\"https:\/\/www.petropolis.rj.gov.br\/petropolisdapaz\/arquivos\/projeto-mediacao-escolar.pdf\" target=\"_blank\" rel=\"noreferrer noopener\">:: Conhe\u00e7a mais sobre o programa Projeto Media\u00e7\u00e3o Escolar \u2013 Petr\u00f3polis da Paz<\/a><\/strong><\/p>\n\n\n\n<p>Cabe referir-se tamb\u00e9m o projeto de media\u00e7\u00e3o iniciado no Munic\u00edpio de Canoas\/RS, em escola privada, por\u00e9m esse teve decis\u00e3o favor\u00e1vel a interrup\u00e7\u00e3o durante a pandemia, com a finalidade de cuidado aos alunos no tocante a possibilidade de cont\u00e1gio. Entretanto, a oportuna continuidade da implanta\u00e7\u00e3o est\u00e1 plenamente interiorizada, incorporando os valores que ser\u00e3o agregados perante a comunidade e cultura escolar: est\u00edmulo as atitudes de respeito rec\u00edproco entre alunos; reconhecimento e valoriza\u00e7\u00e3o aos sentimentos; colaborar no aprendizado das compet\u00eancias sociais; promover atitudes cooperativas no tratamento dos conflitos; incentivar capacita\u00e7\u00e3o de linguagem n\u00e3o violenta; favorecer a autonomia nas negocia\u00e7\u00f5es di\u00e1rias, entre outras.<\/p>\n\n\n\n<p>Diante das narrativas e intensas veicula\u00e7\u00f5es, na m\u00eddia e redes sociais, dos discursos de \u00f3dio, com total aus\u00eancia de toler\u00e2ncia e falta de empatia, diuturnamente vivenciadas nas escolas, se faz imperativo e urgente, o planejamento e implanta\u00e7\u00e3o da cultura da pacifica\u00e7\u00e3o no ambiente escolar, com foco na forma\u00e7\u00e3o de jovens peacemakers, disseminadores de paz, capazes de constru\u00e7\u00e3o e mudan\u00e7a atrav\u00e9s da transforma\u00e7\u00e3o do conflito.<\/p>\n","protected":false},"excerpt":{"rendered":"<p>A intoler\u00e2ncia pol\u00edtica vivenciada na sociedade chegou tamb\u00e9m ao ambiente escolar, sem os jovens sequer terem a dimens\u00e3o reflexa e consequente de seus atos ou palavras. Mas a quest\u00e3o \u00e9, como orient\u00e1-los para tratar com diverg\u00eancias de opini\u00e3o?<\/p>\n","protected":false},"author":3,"featured_media":2357,"comment_status":"open","ping_status":"open","sticky":false,"template":"","format":"standard","meta":{"footnotes":""},"categories":[7],"tags":[223,43],"class_list":["post-2336","post","type-post","status-publish","format-standard","has-post-thumbnail","hentry","category-inspire-se","tag-mediacao-de-conflitos","tag-sinepe-rs-2"],"acf":[],"yoast_head":"<!-- This site is optimized with the Yoast SEO plugin v24.6 - https:\/\/yoast.com\/wordpress\/plugins\/seo\/ -->\n<title>Media\u00e7\u00e3o como instrumento pacificador no ambiente escolar<\/title>\n<meta name=\"description\" content=\"A renova\u00e7\u00e3o qualitativa dos processos de ensino-aprendizagem deve estar voltada a reestrutura\u00e7\u00e3o organizacional, repensando a cultura disciplinar\" \/>\n<meta name=\"robots\" content=\"index, follow, max-snippet:-1, max-image-preview:large, max-video-preview:-1\" \/>\n<link rel=\"canonical\" href=\"https:\/\/sinepe-rs.org.br\/educacaoempauta\/inspire-se\/mediacao-como-instrumento-pacificador-do-reequilibrio-das-relacoes-no-ambiente-escolar\/\" \/>\n<meta property=\"og:locale\" content=\"pt_BR\" \/>\n<meta property=\"og:type\" content=\"article\" \/>\n<meta property=\"og:title\" content=\"Media\u00e7\u00e3o como instrumento pacificador no ambiente escolar\" \/>\n<meta property=\"og:description\" content=\"A renova\u00e7\u00e3o qualitativa dos processos de ensino-aprendizagem deve estar voltada a reestrutura\u00e7\u00e3o organizacional, repensando a cultura disciplinar\" \/>\n<meta property=\"og:url\" content=\"https:\/\/sinepe-rs.org.br\/educacaoempauta\/inspire-se\/mediacao-como-instrumento-pacificador-do-reequilibrio-das-relacoes-no-ambiente-escolar\/\" \/>\n<meta property=\"og:site_name\" content=\"Educa\u00e7\u00e3o em Pauta: Portal de reportagens de Educa\u00e7\u00e3o\" \/>\n<meta property=\"article:published_time\" content=\"2022-11-11T10:07:00+00:00\" \/>\n<meta property=\"article:modified_time\" content=\"2022-11-11T15:49:57+00:00\" \/>\n<meta property=\"og:image\" content=\"https:\/\/sinepe-rs.org.br\/educacaoempauta\/wp-content\/uploads\/2022\/11\/160-AdobeStock_128131457.jpg\" \/>\n\t<meta property=\"og:image:width\" content=\"1366\" \/>\n\t<meta property=\"og:image:height\" content=\"455\" \/>\n\t<meta property=\"og:image:type\" content=\"image\/jpeg\" \/>\n<meta name=\"author\" content=\"Alexandra Zanela\" \/>\n<meta name=\"twitter:card\" content=\"summary_large_image\" \/>\n<meta name=\"twitter:label1\" content=\"Escrito por\" \/>\n\t<meta name=\"twitter:data1\" content=\"Alexandra Zanela\" \/>\n\t<meta name=\"twitter:label2\" content=\"Est. tempo de leitura\" \/>\n\t<meta name=\"twitter:data2\" content=\"6 minutos\" \/>\n<script type=\"application\/ld+json\" class=\"yoast-schema-graph\">{\"@context\":\"https:\/\/schema.org\",\"@graph\":[{\"@type\":\"WebPage\",\"@id\":\"https:\/\/sinepe-rs.org.br\/educacaoempauta\/inspire-se\/mediacao-como-instrumento-pacificador-do-reequilibrio-das-relacoes-no-ambiente-escolar\/\",\"url\":\"https:\/\/sinepe-rs.org.br\/educacaoempauta\/inspire-se\/mediacao-como-instrumento-pacificador-do-reequilibrio-das-relacoes-no-ambiente-escolar\/\",\"name\":\"Media\u00e7\u00e3o como instrumento pacificador no ambiente escolar\",\"isPartOf\":{\"@id\":\"https:\/\/sinepe-rs.org.br\/educacaoempauta\/#website\"},\"primaryImageOfPage\":{\"@id\":\"https:\/\/sinepe-rs.org.br\/educacaoempauta\/inspire-se\/mediacao-como-instrumento-pacificador-do-reequilibrio-das-relacoes-no-ambiente-escolar\/#primaryimage\"},\"image\":{\"@id\":\"https:\/\/sinepe-rs.org.br\/educacaoempauta\/inspire-se\/mediacao-como-instrumento-pacificador-do-reequilibrio-das-relacoes-no-ambiente-escolar\/#primaryimage\"},\"thumbnailUrl\":\"https:\/\/sinepe-rs.org.br\/educacaoempauta\/wp-content\/uploads\/2022\/11\/160-AdobeStock_128131457.jpg\",\"datePublished\":\"2022-11-11T10:07:00+00:00\",\"dateModified\":\"2022-11-11T15:49:57+00:00\",\"author\":{\"@id\":\"https:\/\/sinepe-rs.org.br\/educacaoempauta\/#\/schema\/person\/c542073558983d5792101d1b5240d841\"},\"description\":\"A renova\u00e7\u00e3o qualitativa dos processos de ensino-aprendizagem deve estar voltada a reestrutura\u00e7\u00e3o organizacional, repensando a cultura disciplinar\",\"breadcrumb\":{\"@id\":\"https:\/\/sinepe-rs.org.br\/educacaoempauta\/inspire-se\/mediacao-como-instrumento-pacificador-do-reequilibrio-das-relacoes-no-ambiente-escolar\/#breadcrumb\"},\"inLanguage\":\"pt-BR\",\"potentialAction\":[{\"@type\":\"ReadAction\",\"target\":[\"https:\/\/sinepe-rs.org.br\/educacaoempauta\/inspire-se\/mediacao-como-instrumento-pacificador-do-reequilibrio-das-relacoes-no-ambiente-escolar\/\"]}]},{\"@type\":\"ImageObject\",\"inLanguage\":\"pt-BR\",\"@id\":\"https:\/\/sinepe-rs.org.br\/educacaoempauta\/inspire-se\/mediacao-como-instrumento-pacificador-do-reequilibrio-das-relacoes-no-ambiente-escolar\/#primaryimage\",\"url\":\"https:\/\/sinepe-rs.org.br\/educacaoempauta\/wp-content\/uploads\/2022\/11\/160-AdobeStock_128131457.jpg\",\"contentUrl\":\"https:\/\/sinepe-rs.org.br\/educacaoempauta\/wp-content\/uploads\/2022\/11\/160-AdobeStock_128131457.jpg\",\"width\":1366,\"height\":455,\"caption\":\"Media\u00e7\u00e3o como instrumento pacificador do reequil\u00edbrio das rela\u00e7\u00f5es no ambiente escolar\"},{\"@type\":\"BreadcrumbList\",\"@id\":\"https:\/\/sinepe-rs.org.br\/educacaoempauta\/inspire-se\/mediacao-como-instrumento-pacificador-do-reequilibrio-das-relacoes-no-ambiente-escolar\/#breadcrumb\",\"itemListElement\":[{\"@type\":\"ListItem\",\"position\":1,\"name\":\"Home\",\"item\":\"https:\/\/sinepe-rs.org.br\/educacaoempauta\/\"},{\"@type\":\"ListItem\",\"position\":2,\"name\":\"Media\u00e7\u00e3o como instrumento pacificador no ambiente escolar\"}]},{\"@type\":\"WebSite\",\"@id\":\"https:\/\/sinepe-rs.org.br\/educacaoempauta\/#website\",\"url\":\"https:\/\/sinepe-rs.org.br\/educacaoempauta\/\",\"name\":\"Educa\u00e7\u00e3o em Pauta: Portal de reportagens de Educa\u00e7\u00e3o\",\"description\":\"Sinepe-RS\",\"potentialAction\":[{\"@type\":\"SearchAction\",\"target\":{\"@type\":\"EntryPoint\",\"urlTemplate\":\"https:\/\/sinepe-rs.org.br\/educacaoempauta\/?s={search_term_string}\"},\"query-input\":{\"@type\":\"PropertyValueSpecification\",\"valueRequired\":true,\"valueName\":\"search_term_string\"}}],\"inLanguage\":\"pt-BR\"},{\"@type\":\"Person\",\"@id\":\"https:\/\/sinepe-rs.org.br\/educacaoempauta\/#\/schema\/person\/c542073558983d5792101d1b5240d841\",\"name\":\"Alexandra Zanela\",\"image\":{\"@type\":\"ImageObject\",\"inLanguage\":\"pt-BR\",\"@id\":\"https:\/\/sinepe-rs.org.br\/educacaoempauta\/#\/schema\/person\/image\/\",\"url\":\"https:\/\/secure.gravatar.com\/avatar\/aab8da397152551fad5132b4b20cb891945e7bc931de8d0d72495261a983a371?s=96&d=mm&r=g\",\"contentUrl\":\"https:\/\/secure.gravatar.com\/avatar\/aab8da397152551fad5132b4b20cb891945e7bc931de8d0d72495261a983a371?s=96&d=mm&r=g\",\"caption\":\"Alexandra Zanela\"},\"url\":\"https:\/\/sinepe-rs.org.br\/educacaoempauta\/author\/alexandra\/\"}]}<\/script>\n<!-- \/ Yoast SEO plugin. -->","yoast_head_json":{"title":"Media\u00e7\u00e3o como instrumento pacificador no ambiente escolar","description":"A renova\u00e7\u00e3o qualitativa dos processos de ensino-aprendizagem deve estar voltada a reestrutura\u00e7\u00e3o organizacional, repensando a cultura disciplinar","robots":{"index":"index","follow":"follow","max-snippet":"max-snippet:-1","max-image-preview":"max-image-preview:large","max-video-preview":"max-video-preview:-1"},"canonical":"https:\/\/sinepe-rs.org.br\/educacaoempauta\/inspire-se\/mediacao-como-instrumento-pacificador-do-reequilibrio-das-relacoes-no-ambiente-escolar\/","og_locale":"pt_BR","og_type":"article","og_title":"Media\u00e7\u00e3o como instrumento pacificador no ambiente escolar","og_description":"A renova\u00e7\u00e3o qualitativa dos processos de ensino-aprendizagem deve estar voltada a reestrutura\u00e7\u00e3o organizacional, repensando a cultura disciplinar","og_url":"https:\/\/sinepe-rs.org.br\/educacaoempauta\/inspire-se\/mediacao-como-instrumento-pacificador-do-reequilibrio-das-relacoes-no-ambiente-escolar\/","og_site_name":"Educa\u00e7\u00e3o em Pauta: Portal de reportagens de Educa\u00e7\u00e3o","article_published_time":"2022-11-11T10:07:00+00:00","article_modified_time":"2022-11-11T15:49:57+00:00","og_image":[{"width":1366,"height":455,"url":"https:\/\/sinepe-rs.org.br\/educacaoempauta\/wp-content\/uploads\/2022\/11\/160-AdobeStock_128131457.jpg","type":"image\/jpeg"}],"author":"Alexandra Zanela","twitter_card":"summary_large_image","twitter_misc":{"Escrito por":"Alexandra Zanela","Est. tempo de leitura":"6 minutos"},"schema":{"@context":"https:\/\/schema.org","@graph":[{"@type":"WebPage","@id":"https:\/\/sinepe-rs.org.br\/educacaoempauta\/inspire-se\/mediacao-como-instrumento-pacificador-do-reequilibrio-das-relacoes-no-ambiente-escolar\/","url":"https:\/\/sinepe-rs.org.br\/educacaoempauta\/inspire-se\/mediacao-como-instrumento-pacificador-do-reequilibrio-das-relacoes-no-ambiente-escolar\/","name":"Media\u00e7\u00e3o como instrumento pacificador no ambiente escolar","isPartOf":{"@id":"https:\/\/sinepe-rs.org.br\/educacaoempauta\/#website"},"primaryImageOfPage":{"@id":"https:\/\/sinepe-rs.org.br\/educacaoempauta\/inspire-se\/mediacao-como-instrumento-pacificador-do-reequilibrio-das-relacoes-no-ambiente-escolar\/#primaryimage"},"image":{"@id":"https:\/\/sinepe-rs.org.br\/educacaoempauta\/inspire-se\/mediacao-como-instrumento-pacificador-do-reequilibrio-das-relacoes-no-ambiente-escolar\/#primaryimage"},"thumbnailUrl":"https:\/\/sinepe-rs.org.br\/educacaoempauta\/wp-content\/uploads\/2022\/11\/160-AdobeStock_128131457.jpg","datePublished":"2022-11-11T10:07:00+00:00","dateModified":"2022-11-11T15:49:57+00:00","author":{"@id":"https:\/\/sinepe-rs.org.br\/educacaoempauta\/#\/schema\/person\/c542073558983d5792101d1b5240d841"},"description":"A renova\u00e7\u00e3o qualitativa dos processos de ensino-aprendizagem deve estar voltada a reestrutura\u00e7\u00e3o organizacional, repensando a cultura disciplinar","breadcrumb":{"@id":"https:\/\/sinepe-rs.org.br\/educacaoempauta\/inspire-se\/mediacao-como-instrumento-pacificador-do-reequilibrio-das-relacoes-no-ambiente-escolar\/#breadcrumb"},"inLanguage":"pt-BR","potentialAction":[{"@type":"ReadAction","target":["https:\/\/sinepe-rs.org.br\/educacaoempauta\/inspire-se\/mediacao-como-instrumento-pacificador-do-reequilibrio-das-relacoes-no-ambiente-escolar\/"]}]},{"@type":"ImageObject","inLanguage":"pt-BR","@id":"https:\/\/sinepe-rs.org.br\/educacaoempauta\/inspire-se\/mediacao-como-instrumento-pacificador-do-reequilibrio-das-relacoes-no-ambiente-escolar\/#primaryimage","url":"https:\/\/sinepe-rs.org.br\/educacaoempauta\/wp-content\/uploads\/2022\/11\/160-AdobeStock_128131457.jpg","contentUrl":"https:\/\/sinepe-rs.org.br\/educacaoempauta\/wp-content\/uploads\/2022\/11\/160-AdobeStock_128131457.jpg","width":1366,"height":455,"caption":"Media\u00e7\u00e3o como instrumento pacificador do reequil\u00edbrio das rela\u00e7\u00f5es no ambiente escolar"},{"@type":"BreadcrumbList","@id":"https:\/\/sinepe-rs.org.br\/educacaoempauta\/inspire-se\/mediacao-como-instrumento-pacificador-do-reequilibrio-das-relacoes-no-ambiente-escolar\/#breadcrumb","itemListElement":[{"@type":"ListItem","position":1,"name":"Home","item":"https:\/\/sinepe-rs.org.br\/educacaoempauta\/"},{"@type":"ListItem","position":2,"name":"Media\u00e7\u00e3o como instrumento pacificador no ambiente escolar"}]},{"@type":"WebSite","@id":"https:\/\/sinepe-rs.org.br\/educacaoempauta\/#website","url":"https:\/\/sinepe-rs.org.br\/educacaoempauta\/","name":"Educa\u00e7\u00e3o em Pauta: Portal de reportagens de Educa\u00e7\u00e3o","description":"Sinepe-RS","potentialAction":[{"@type":"SearchAction","target":{"@type":"EntryPoint","urlTemplate":"https:\/\/sinepe-rs.org.br\/educacaoempauta\/?s={search_term_string}"},"query-input":{"@type":"PropertyValueSpecification","valueRequired":true,"valueName":"search_term_string"}}],"inLanguage":"pt-BR"},{"@type":"Person","@id":"https:\/\/sinepe-rs.org.br\/educacaoempauta\/#\/schema\/person\/c542073558983d5792101d1b5240d841","name":"Alexandra Zanela","image":{"@type":"ImageObject","inLanguage":"pt-BR","@id":"https:\/\/sinepe-rs.org.br\/educacaoempauta\/#\/schema\/person\/image\/","url":"https:\/\/secure.gravatar.com\/avatar\/aab8da397152551fad5132b4b20cb891945e7bc931de8d0d72495261a983a371?s=96&d=mm&r=g","contentUrl":"https:\/\/secure.gravatar.com\/avatar\/aab8da397152551fad5132b4b20cb891945e7bc931de8d0d72495261a983a371?s=96&d=mm&r=g","caption":"Alexandra Zanela"},"url":"https:\/\/sinepe-rs.org.br\/educacaoempauta\/author\/alexandra\/"}]}},"_links":{"self":[{"href":"https:\/\/sinepe-rs.org.br\/educacaoempauta\/wp-json\/wp\/v2\/posts\/2336","targetHints":{"allow":["GET"]}}],"collection":[{"href":"https:\/\/sinepe-rs.org.br\/educacaoempauta\/wp-json\/wp\/v2\/posts"}],"about":[{"href":"https:\/\/sinepe-rs.org.br\/educacaoempauta\/wp-json\/wp\/v2\/types\/post"}],"author":[{"embeddable":true,"href":"https:\/\/sinepe-rs.org.br\/educacaoempauta\/wp-json\/wp\/v2\/users\/3"}],"replies":[{"embeddable":true,"href":"https:\/\/sinepe-rs.org.br\/educacaoempauta\/wp-json\/wp\/v2\/comments?post=2336"}],"version-history":[{"count":19,"href":"https:\/\/sinepe-rs.org.br\/educacaoempauta\/wp-json\/wp\/v2\/posts\/2336\/revisions"}],"predecessor-version":[{"id":2363,"href":"https:\/\/sinepe-rs.org.br\/educacaoempauta\/wp-json\/wp\/v2\/posts\/2336\/revisions\/2363"}],"wp:featuredmedia":[{"embeddable":true,"href":"https:\/\/sinepe-rs.org.br\/educacaoempauta\/wp-json\/wp\/v2\/media\/2357"}],"wp:attachment":[{"href":"https:\/\/sinepe-rs.org.br\/educacaoempauta\/wp-json\/wp\/v2\/media?parent=2336"}],"wp:term":[{"taxonomy":"category","embeddable":true,"href":"https:\/\/sinepe-rs.org.br\/educacaoempauta\/wp-json\/wp\/v2\/categories?post=2336"},{"taxonomy":"post_tag","embeddable":true,"href":"https:\/\/sinepe-rs.org.br\/educacaoempauta\/wp-json\/wp\/v2\/tags?post=2336"}],"curies":[{"name":"wp","href":"https:\/\/api.w.org\/{rel}","templated":true}]}}