{"id":2426,"date":"2022-11-25T07:07:00","date_gmt":"2022-11-25T10:07:00","guid":{"rendered":"https:\/\/sinepe-rs.org.br\/educacaoempauta\/?p=2426"},"modified":"2022-11-30T10:01:26","modified_gmt":"2022-11-30T13:01:26","slug":"boas-praticas-sobre-empreendedorismo-em-sala-de-aula-para-inspirar","status":"publish","type":"post","link":"https:\/\/sinepe-rs.org.br\/educacaoempauta\/inspire-se\/boas-praticas-sobre-empreendedorismo-em-sala-de-aula-para-inspirar\/","title":{"rendered":"Boas pr\u00e1ticas sobre empreendedorismo em sala de aula para inspirar"},"content":{"rendered":"\n<p>A educa\u00e7\u00e3o empreendedora tornou-se um processo necess\u00e1rio para preparar os alunos para o mundo real. De acordo com dados da Receita Federal, 80% dos neg\u00f3cios abertos em 2021 s\u00e3o de MEI, o que representa mais de 3 milh\u00f5es de novos microempreendedores individuais no pa\u00eds s\u00f3 no ano passado.<strong><br><\/strong><strong><br><\/strong>A Base Nacional Comum Curricular (BNCC) j\u00e1 reconhece o empreendedorismo como aprendizagem essencial da Educa\u00e7\u00e3o B\u00e1sica, sendo este um dos quatro eixos estruturantes dos caminhos formativos propostos no documento.<\/p>\n\n\n\n<p>Para a professora empreendedora, mentora e consultora de neg\u00f3cios Vanessa Batisti, \u00e9 de suma import\u00e2ncia resgatar a capacidade de sonhar nos jovens. \u201cO empreendedorismo acaba desenvolvendo o protagonismo, a iniciativa, a autonomia, aceita\u00e7\u00e3o aos riscos, trabalhar em equipes multidisciplinares, a criatividade, o pensamento cr\u00edtico, mas a palavra-chave para trabalhar com o jovem \u00e9 o desenvolvimento da autonomia e a sua capacidade de sonhar. A educa\u00e7\u00e3o empreendedora tem essa fun\u00e7\u00e3o a resgatar\u201d, analisa Vanessa.<\/p>\n\n\n\n<p>E uma das maneiras de implementar a educa\u00e7\u00e3o empreendedora em sala de aula nas escolas ga\u00fachas \u00e9 a plataforma digital e colaborativa do Sebrae RS com mais de 450 educadores inscritos.<br><br>O <a href=\"https:\/\/hubdeprofessores.com.br\/\" target=\"_blank\" rel=\"noreferrer noopener\"><strong>Hub de Professores<\/strong><\/a> \u00e9 uma esp\u00e9cie de central de distribui\u00e7\u00e3o e compartilhamento de conte\u00fados online, que podem ser replicados em sala de aula. O acesso ao portal \u00e9 gratuito e vale para os mestres de institui\u00e7\u00f5es p\u00fablicas e privadas, dos ensinos Fundamental e M\u00e9dio e tem uma aba voltada s\u00f3 para a troca de conhecimento entre professores.<\/p>\n\n\n\n<figure class=\"wp-block-pullquote\" style=\"font-size:14px\"><blockquote><p>\u201cO empreendedorismo acaba desenvolvendo o protagonismo, a iniciativa, a autonomia, aceita\u00e7\u00e3o aos riscos, trabalhar em equipes multidisciplinares, a criatividade, o pensamento cr\u00edtico, mas a palavra-chave para trabalhar com o jovem \u00e9 o desenvolvimento da autonomia e a sua capacidade de sonhar&#8221;<\/p><cite>Vanessa Batisti, professora empreendedora, mentora e consultora de neg\u00f3cios<\/cite><\/blockquote><\/figure>\n\n\n\n<p>No portal, os docentes encontram material de trabalho, um canal de intera\u00e7\u00e3o para trocar experi\u00eancias e sugest\u00f5es sobre como estimular habilidades relacionadas ao empreendedorismo entre os estudantes, seguindo as diretrizes da BNCC.<br><br>\u201c\u00c9 um olhar novo. Muita gente acha que a educa\u00e7\u00e3o empreendedora s\u00f3 serve para&nbsp; alunos que querem um dia ter uma empresa, mas a inten\u00e7\u00e3o \u00e9 desenvolver habilidades empreendedoras nos alunos para chegar em outros n\u00edveis na sua carreira. Uma forma de estar mais preparado para encarar o mundo, desenvolver a habilidade de autocr\u00edtica de saber realizar o trabalho em grupo, a resolu\u00e7\u00e3o de problemas e ter autonomia\u201d, destaca Vanessa Motta, gestora de Pol\u00edticas P\u00fablicas do Sebrae RS.<em><br><br><\/em>A ferramenta \u00e9 uma maneira de estimular os jovens por meio de propostas que os professores trazem da sua pr\u00e1tica, como uma dica de filme, ou uma m\u00fasica. \u201cInspirar e ser inspirado \u00e9 o grande valor do Hub\u201d, acredita a gestora do Sebrae.<br><br>Em Porto Alegre, o Col\u00e9gio Farroupilha oferece diferentes atividades curriculares e complementares para o desenvolvimento de habilidades relacionadas \u00e0 lideran\u00e7a, \u00e0 inova\u00e7\u00e3o e ao empreendedorismo. O destaque \u00e9 para o projeto com as turmas de 8\u00ba ano chamado Temperos do Mundo, que re\u00fane muitas experi\u00eancias.&nbsp;<\/p>\n\n\n\n<p>\u201cA resolu\u00e7\u00e3o de problemas, a curiosidade, a criatividade, a resili\u00eancia e o trabalho em equipe s\u00e3o habilidades essenciais para o desenvolvimento de uma postura empreendedora\u201d, afirma a assessora pedag\u00f3gica do Col\u00e9gio Farroupilha,<em><br><\/em>Mar\u00edlia Dal Moro Bing.<br><\/p>\n\n\n\n<p>Os alunos partem da problem\u00e1tica de como elaborar pratos tradicionais da culin\u00e1ria mundial para pessoas com restri\u00e7\u00f5es alimentares. Na proposta, os estudantes precisam preparar um card\u00e1pio de um determinado pa\u00eds e que seja adequado ao consumo de pessoas com restri\u00e7\u00f5es alimentares.<br><br>Neste ano, a assessora pedag\u00f3gica conta que os estudantes pensaram em refei\u00e7\u00f5es para pessoas com algum tipo de restri\u00e7\u00e3o alimentar, como o veganismo, intoler\u00e2ncia \u00e0 lactose, doen\u00e7a cel\u00edaca, diabetes, hipertens\u00e3o e hipercolesterolemia, e tiveram que adapt\u00e1-la a um pa\u00eds (Tail\u00e2ndia, Marrocos, Alemanha, Espanha, Peru e Estados Unidos).&nbsp;<\/p>\n\n\n\n<p>O projeto inclui pesquisa e planejamento pr\u00e9vio, trabalho em equipe, pensamento r\u00e1pido e estrat\u00e9gico, al\u00e9m de criatividade e resili\u00eancia frente aos desafios, tais como o tempo e a agilidade para mobiliza\u00e7\u00e3o de diferentes recursos. \u201c\u00c9 uma experi\u00eancia marcante, que os estudantes adoram e trabalham nela com empenho. \u00c9 um projeto que gera muito engajamento\u201d, conta Mar\u00edlia.<\/p>\n\n\n\n<p>Ela fala ainda que cresce o n\u00famero de alunos interessados em participar das atividades do curr\u00edculo complementar e que, nos \u00faltimos anos, houve um aumento de mais de 20% de participantes, o que gerou a necessidade de amplia\u00e7\u00e3o de oferta de op\u00e7\u00f5es.&nbsp;<\/p>\n\n\n\n<p><strong>Est\u00edmulo ao pensamento cr\u00edtico<br><br><\/strong>Para que os gestores escolares possam desenvolver esse novo olhar, Vanessa Battisti ressalta a necessidade da forma\u00e7\u00e3o dos professores, para que eles consigam conversar e pensar no corpo docente da escola. <mark style=\"background-color:#ff6900\" class=\"has-inline-color\">\u201cA dire\u00e7\u00e3o da institui\u00e7\u00e3o tem que possibilitar esse caminho e pensar em como a escola serve de base de recursos para esses jovens\u201d<\/mark>, refor\u00e7a.<\/p>\n\n\n\n<p>O papel do professor est\u00e1 modificado e ele tem que \u201cassumir esse papel de empoderar o aluno para que busque o conhecimento e consiga, assim, desenvolver suas habilidades\u201d, declara a professora Vanessa.<br><strong><br><\/strong>J\u00e1 para Mar\u00edlia, <mark style=\"background-color:#ff6900\" class=\"has-inline-color\">h\u00e1 a necessidade de investimento nos professores, tanto em forma\u00e7\u00e3o para a educa\u00e7\u00e3o empreendedora quanto em momentos em que eles possam trabalhar colaborativamente.<\/mark> \u201cPenso que n\u00e3o h\u00e1 solu\u00e7\u00e3o mais eficaz do que um grupo docente atento, criativo, que se motive com as conquistas dos seus estudantes. E, para que esse grupo se forme, \u00e9 necess\u00e1rio investimento em planejamento e forma\u00e7\u00e3o. Os pr\u00f3prios professores precisam empreender seus projetos, seus desejos e seus interesses na escola\u201d, declara.<\/p>\n\n\n\n<p>As gestoras deixam claro que, neste processo de empreender, o jovem pode e deve experimentar. Colocar em pr\u00e1tica e saber tirar proveito do que n\u00e3o deu certo, na realidade \u00e9 uma fonte de aprendizagem. \u201cO erro tem que ser entendido como algo que faz parte do processo e a gente aprende com isso. N\u00e3o tem certo e errado, \u00e9 necess\u00e1rio avaliar o todo e construir o conhecimento. O que faz sentido para um pode n\u00e3o fazer para o outro, e juntos se vai mais longe\u201d, acrescenta Vanessa Batisti.<\/p>\n\n\n\n<div class=\"wp-block-image\"><figure class=\"aligncenter size-full\"><img loading=\"lazy\" decoding=\"async\" width=\"800\" height=\"1666\" src=\"https:\/\/sinepe-rs.org.br\/educacaoempauta\/wp-content\/uploads\/2022\/11\/sinepe_infografico_157_educacao_empreendedora_ok_ok.jpg\" alt=\"\" class=\"wp-image-2428\" srcset=\"https:\/\/sinepe-rs.org.br\/educacaoempauta\/wp-content\/uploads\/2022\/11\/sinepe_infografico_157_educacao_empreendedora_ok_ok.jpg 800w, https:\/\/sinepe-rs.org.br\/educacaoempauta\/wp-content\/uploads\/2022\/11\/sinepe_infografico_157_educacao_empreendedora_ok_ok-144x300.jpg 144w, https:\/\/sinepe-rs.org.br\/educacaoempauta\/wp-content\/uploads\/2022\/11\/sinepe_infografico_157_educacao_empreendedora_ok_ok-492x1024.jpg 492w, https:\/\/sinepe-rs.org.br\/educacaoempauta\/wp-content\/uploads\/2022\/11\/sinepe_infografico_157_educacao_empreendedora_ok_ok-768x1599.jpg 768w, https:\/\/sinepe-rs.org.br\/educacaoempauta\/wp-content\/uploads\/2022\/11\/sinepe_infografico_157_educacao_empreendedora_ok_ok-738x1536.jpg 738w\" sizes=\"auto, (max-width: 800px) 100vw, 800px\" \/><\/figure><\/div>\n","protected":false},"excerpt":{"rendered":"<p>Sebrae lan\u00e7ou plataforma para compartilhar conte\u00fados e planos de aula de como trabalhar o empreendedorismo com os estudantes<\/p>\n","protected":false},"author":3,"featured_media":2427,"comment_status":"open","ping_status":"open","sticky":false,"template":"","format":"standard","meta":{"footnotes":""},"categories":[7],"tags":[227,228,43],"class_list":["post-2426","post","type-post","status-publish","format-standard","has-post-thumbnail","hentry","category-inspire-se","tag-educacao-empreendedora","tag-empreendedorismo","tag-sinepe-rs-2"],"acf":[],"yoast_head":"<!-- This site is optimized with the Yoast SEO plugin v24.6 - https:\/\/yoast.com\/wordpress\/plugins\/seo\/ -->\n<title>Boas pr\u00e1ticas sobre empreendedorismo em sala de aula para inspirar<\/title>\n<meta name=\"description\" content=\"Sebrae lan\u00e7ou plataforma para compartilhar conte\u00fados e planos de aula de como trabalhar o empreendedorismo com os estudantes\" \/>\n<meta name=\"robots\" content=\"index, follow, max-snippet:-1, max-image-preview:large, max-video-preview:-1\" \/>\n<link rel=\"canonical\" href=\"https:\/\/sinepe-rs.org.br\/educacaoempauta\/inspire-se\/boas-praticas-sobre-empreendedorismo-em-sala-de-aula-para-inspirar\/\" \/>\n<meta property=\"og:locale\" content=\"pt_BR\" \/>\n<meta property=\"og:type\" content=\"article\" \/>\n<meta property=\"og:title\" content=\"Boas pr\u00e1ticas sobre empreendedorismo em sala de aula para inspirar\" \/>\n<meta property=\"og:description\" content=\"Sebrae lan\u00e7ou plataforma para compartilhar conte\u00fados e planos de aula de como trabalhar o empreendedorismo com os estudantes\" \/>\n<meta property=\"og:url\" content=\"https:\/\/sinepe-rs.org.br\/educacaoempauta\/inspire-se\/boas-praticas-sobre-empreendedorismo-em-sala-de-aula-para-inspirar\/\" \/>\n<meta property=\"og:site_name\" content=\"Educa\u00e7\u00e3o em Pauta: Portal de reportagens de Educa\u00e7\u00e3o\" \/>\n<meta property=\"article:published_time\" content=\"2022-11-25T10:07:00+00:00\" \/>\n<meta property=\"article:modified_time\" content=\"2022-11-30T13:01:26+00:00\" \/>\n<meta property=\"og:image\" content=\"https:\/\/sinepe-rs.org.br\/educacaoempauta\/wp-content\/uploads\/2022\/11\/157-Educacao-Empreendedora-AdobeStock_361054810.jpg\" \/>\n\t<meta property=\"og:image:width\" content=\"1366\" \/>\n\t<meta property=\"og:image:height\" content=\"450\" \/>\n\t<meta property=\"og:image:type\" content=\"image\/jpeg\" \/>\n<meta name=\"author\" content=\"Alexandra Zanela\" \/>\n<meta name=\"twitter:card\" content=\"summary_large_image\" \/>\n<meta name=\"twitter:label1\" content=\"Escrito por\" \/>\n\t<meta name=\"twitter:data1\" content=\"Alexandra Zanela\" \/>\n\t<meta name=\"twitter:label2\" content=\"Est. tempo de leitura\" \/>\n\t<meta name=\"twitter:data2\" content=\"6 minutos\" \/>\n<script type=\"application\/ld+json\" class=\"yoast-schema-graph\">{\"@context\":\"https:\/\/schema.org\",\"@graph\":[{\"@type\":\"WebPage\",\"@id\":\"https:\/\/sinepe-rs.org.br\/educacaoempauta\/inspire-se\/boas-praticas-sobre-empreendedorismo-em-sala-de-aula-para-inspirar\/\",\"url\":\"https:\/\/sinepe-rs.org.br\/educacaoempauta\/inspire-se\/boas-praticas-sobre-empreendedorismo-em-sala-de-aula-para-inspirar\/\",\"name\":\"Boas pr\u00e1ticas sobre empreendedorismo em sala de aula para inspirar\",\"isPartOf\":{\"@id\":\"https:\/\/sinepe-rs.org.br\/educacaoempauta\/#website\"},\"primaryImageOfPage\":{\"@id\":\"https:\/\/sinepe-rs.org.br\/educacaoempauta\/inspire-se\/boas-praticas-sobre-empreendedorismo-em-sala-de-aula-para-inspirar\/#primaryimage\"},\"image\":{\"@id\":\"https:\/\/sinepe-rs.org.br\/educacaoempauta\/inspire-se\/boas-praticas-sobre-empreendedorismo-em-sala-de-aula-para-inspirar\/#primaryimage\"},\"thumbnailUrl\":\"https:\/\/sinepe-rs.org.br\/educacaoempauta\/wp-content\/uploads\/2022\/11\/157-Educacao-Empreendedora-AdobeStock_361054810.jpg\",\"datePublished\":\"2022-11-25T10:07:00+00:00\",\"dateModified\":\"2022-11-30T13:01:26+00:00\",\"author\":{\"@id\":\"https:\/\/sinepe-rs.org.br\/educacaoempauta\/#\/schema\/person\/c542073558983d5792101d1b5240d841\"},\"description\":\"Sebrae lan\u00e7ou plataforma para compartilhar conte\u00fados e planos de aula de como trabalhar o empreendedorismo com os estudantes\",\"breadcrumb\":{\"@id\":\"https:\/\/sinepe-rs.org.br\/educacaoempauta\/inspire-se\/boas-praticas-sobre-empreendedorismo-em-sala-de-aula-para-inspirar\/#breadcrumb\"},\"inLanguage\":\"pt-BR\",\"potentialAction\":[{\"@type\":\"ReadAction\",\"target\":[\"https:\/\/sinepe-rs.org.br\/educacaoempauta\/inspire-se\/boas-praticas-sobre-empreendedorismo-em-sala-de-aula-para-inspirar\/\"]}]},{\"@type\":\"ImageObject\",\"inLanguage\":\"pt-BR\",\"@id\":\"https:\/\/sinepe-rs.org.br\/educacaoempauta\/inspire-se\/boas-praticas-sobre-empreendedorismo-em-sala-de-aula-para-inspirar\/#primaryimage\",\"url\":\"https:\/\/sinepe-rs.org.br\/educacaoempauta\/wp-content\/uploads\/2022\/11\/157-Educacao-Empreendedora-AdobeStock_361054810.jpg\",\"contentUrl\":\"https:\/\/sinepe-rs.org.br\/educacaoempauta\/wp-content\/uploads\/2022\/11\/157-Educacao-Empreendedora-AdobeStock_361054810.jpg\",\"width\":1366,\"height\":450,\"caption\":\"Boas pr\u00e1ticas sobre empreendedorismo em sala de aula para inspirar\"},{\"@type\":\"BreadcrumbList\",\"@id\":\"https:\/\/sinepe-rs.org.br\/educacaoempauta\/inspire-se\/boas-praticas-sobre-empreendedorismo-em-sala-de-aula-para-inspirar\/#breadcrumb\",\"itemListElement\":[{\"@type\":\"ListItem\",\"position\":1,\"name\":\"Home\",\"item\":\"https:\/\/sinepe-rs.org.br\/educacaoempauta\/\"},{\"@type\":\"ListItem\",\"position\":2,\"name\":\"Boas pr\u00e1ticas sobre empreendedorismo em sala de aula para inspirar\"}]},{\"@type\":\"WebSite\",\"@id\":\"https:\/\/sinepe-rs.org.br\/educacaoempauta\/#website\",\"url\":\"https:\/\/sinepe-rs.org.br\/educacaoempauta\/\",\"name\":\"Educa\u00e7\u00e3o em Pauta: Portal de reportagens de Educa\u00e7\u00e3o\",\"description\":\"Sinepe-RS\",\"potentialAction\":[{\"@type\":\"SearchAction\",\"target\":{\"@type\":\"EntryPoint\",\"urlTemplate\":\"https:\/\/sinepe-rs.org.br\/educacaoempauta\/?s={search_term_string}\"},\"query-input\":{\"@type\":\"PropertyValueSpecification\",\"valueRequired\":true,\"valueName\":\"search_term_string\"}}],\"inLanguage\":\"pt-BR\"},{\"@type\":\"Person\",\"@id\":\"https:\/\/sinepe-rs.org.br\/educacaoempauta\/#\/schema\/person\/c542073558983d5792101d1b5240d841\",\"name\":\"Alexandra Zanela\",\"image\":{\"@type\":\"ImageObject\",\"inLanguage\":\"pt-BR\",\"@id\":\"https:\/\/sinepe-rs.org.br\/educacaoempauta\/#\/schema\/person\/image\/\",\"url\":\"https:\/\/secure.gravatar.com\/avatar\/aab8da397152551fad5132b4b20cb891945e7bc931de8d0d72495261a983a371?s=96&d=mm&r=g\",\"contentUrl\":\"https:\/\/secure.gravatar.com\/avatar\/aab8da397152551fad5132b4b20cb891945e7bc931de8d0d72495261a983a371?s=96&d=mm&r=g\",\"caption\":\"Alexandra Zanela\"},\"url\":\"https:\/\/sinepe-rs.org.br\/educacaoempauta\/author\/alexandra\/\"}]}<\/script>\n<!-- \/ Yoast SEO plugin. -->","yoast_head_json":{"title":"Boas pr\u00e1ticas sobre empreendedorismo em sala de aula para inspirar","description":"Sebrae lan\u00e7ou plataforma para compartilhar conte\u00fados e planos de aula de como trabalhar o empreendedorismo com os estudantes","robots":{"index":"index","follow":"follow","max-snippet":"max-snippet:-1","max-image-preview":"max-image-preview:large","max-video-preview":"max-video-preview:-1"},"canonical":"https:\/\/sinepe-rs.org.br\/educacaoempauta\/inspire-se\/boas-praticas-sobre-empreendedorismo-em-sala-de-aula-para-inspirar\/","og_locale":"pt_BR","og_type":"article","og_title":"Boas pr\u00e1ticas sobre empreendedorismo em sala de aula para inspirar","og_description":"Sebrae lan\u00e7ou plataforma para compartilhar conte\u00fados e planos de aula de como trabalhar o empreendedorismo com os estudantes","og_url":"https:\/\/sinepe-rs.org.br\/educacaoempauta\/inspire-se\/boas-praticas-sobre-empreendedorismo-em-sala-de-aula-para-inspirar\/","og_site_name":"Educa\u00e7\u00e3o em Pauta: Portal de reportagens de Educa\u00e7\u00e3o","article_published_time":"2022-11-25T10:07:00+00:00","article_modified_time":"2022-11-30T13:01:26+00:00","og_image":[{"width":1366,"height":450,"url":"https:\/\/sinepe-rs.org.br\/educacaoempauta\/wp-content\/uploads\/2022\/11\/157-Educacao-Empreendedora-AdobeStock_361054810.jpg","type":"image\/jpeg"}],"author":"Alexandra Zanela","twitter_card":"summary_large_image","twitter_misc":{"Escrito por":"Alexandra Zanela","Est. tempo de leitura":"6 minutos"},"schema":{"@context":"https:\/\/schema.org","@graph":[{"@type":"WebPage","@id":"https:\/\/sinepe-rs.org.br\/educacaoempauta\/inspire-se\/boas-praticas-sobre-empreendedorismo-em-sala-de-aula-para-inspirar\/","url":"https:\/\/sinepe-rs.org.br\/educacaoempauta\/inspire-se\/boas-praticas-sobre-empreendedorismo-em-sala-de-aula-para-inspirar\/","name":"Boas pr\u00e1ticas sobre empreendedorismo em sala de aula para inspirar","isPartOf":{"@id":"https:\/\/sinepe-rs.org.br\/educacaoempauta\/#website"},"primaryImageOfPage":{"@id":"https:\/\/sinepe-rs.org.br\/educacaoempauta\/inspire-se\/boas-praticas-sobre-empreendedorismo-em-sala-de-aula-para-inspirar\/#primaryimage"},"image":{"@id":"https:\/\/sinepe-rs.org.br\/educacaoempauta\/inspire-se\/boas-praticas-sobre-empreendedorismo-em-sala-de-aula-para-inspirar\/#primaryimage"},"thumbnailUrl":"https:\/\/sinepe-rs.org.br\/educacaoempauta\/wp-content\/uploads\/2022\/11\/157-Educacao-Empreendedora-AdobeStock_361054810.jpg","datePublished":"2022-11-25T10:07:00+00:00","dateModified":"2022-11-30T13:01:26+00:00","author":{"@id":"https:\/\/sinepe-rs.org.br\/educacaoempauta\/#\/schema\/person\/c542073558983d5792101d1b5240d841"},"description":"Sebrae lan\u00e7ou plataforma para compartilhar conte\u00fados e planos de aula de como trabalhar o empreendedorismo com os estudantes","breadcrumb":{"@id":"https:\/\/sinepe-rs.org.br\/educacaoempauta\/inspire-se\/boas-praticas-sobre-empreendedorismo-em-sala-de-aula-para-inspirar\/#breadcrumb"},"inLanguage":"pt-BR","potentialAction":[{"@type":"ReadAction","target":["https:\/\/sinepe-rs.org.br\/educacaoempauta\/inspire-se\/boas-praticas-sobre-empreendedorismo-em-sala-de-aula-para-inspirar\/"]}]},{"@type":"ImageObject","inLanguage":"pt-BR","@id":"https:\/\/sinepe-rs.org.br\/educacaoempauta\/inspire-se\/boas-praticas-sobre-empreendedorismo-em-sala-de-aula-para-inspirar\/#primaryimage","url":"https:\/\/sinepe-rs.org.br\/educacaoempauta\/wp-content\/uploads\/2022\/11\/157-Educacao-Empreendedora-AdobeStock_361054810.jpg","contentUrl":"https:\/\/sinepe-rs.org.br\/educacaoempauta\/wp-content\/uploads\/2022\/11\/157-Educacao-Empreendedora-AdobeStock_361054810.jpg","width":1366,"height":450,"caption":"Boas pr\u00e1ticas sobre empreendedorismo em sala de aula para inspirar"},{"@type":"BreadcrumbList","@id":"https:\/\/sinepe-rs.org.br\/educacaoempauta\/inspire-se\/boas-praticas-sobre-empreendedorismo-em-sala-de-aula-para-inspirar\/#breadcrumb","itemListElement":[{"@type":"ListItem","position":1,"name":"Home","item":"https:\/\/sinepe-rs.org.br\/educacaoempauta\/"},{"@type":"ListItem","position":2,"name":"Boas pr\u00e1ticas sobre empreendedorismo em sala de aula para inspirar"}]},{"@type":"WebSite","@id":"https:\/\/sinepe-rs.org.br\/educacaoempauta\/#website","url":"https:\/\/sinepe-rs.org.br\/educacaoempauta\/","name":"Educa\u00e7\u00e3o em Pauta: Portal de reportagens de Educa\u00e7\u00e3o","description":"Sinepe-RS","potentialAction":[{"@type":"SearchAction","target":{"@type":"EntryPoint","urlTemplate":"https:\/\/sinepe-rs.org.br\/educacaoempauta\/?s={search_term_string}"},"query-input":{"@type":"PropertyValueSpecification","valueRequired":true,"valueName":"search_term_string"}}],"inLanguage":"pt-BR"},{"@type":"Person","@id":"https:\/\/sinepe-rs.org.br\/educacaoempauta\/#\/schema\/person\/c542073558983d5792101d1b5240d841","name":"Alexandra Zanela","image":{"@type":"ImageObject","inLanguage":"pt-BR","@id":"https:\/\/sinepe-rs.org.br\/educacaoempauta\/#\/schema\/person\/image\/","url":"https:\/\/secure.gravatar.com\/avatar\/aab8da397152551fad5132b4b20cb891945e7bc931de8d0d72495261a983a371?s=96&d=mm&r=g","contentUrl":"https:\/\/secure.gravatar.com\/avatar\/aab8da397152551fad5132b4b20cb891945e7bc931de8d0d72495261a983a371?s=96&d=mm&r=g","caption":"Alexandra Zanela"},"url":"https:\/\/sinepe-rs.org.br\/educacaoempauta\/author\/alexandra\/"}]}},"_links":{"self":[{"href":"https:\/\/sinepe-rs.org.br\/educacaoempauta\/wp-json\/wp\/v2\/posts\/2426","targetHints":{"allow":["GET"]}}],"collection":[{"href":"https:\/\/sinepe-rs.org.br\/educacaoempauta\/wp-json\/wp\/v2\/posts"}],"about":[{"href":"https:\/\/sinepe-rs.org.br\/educacaoempauta\/wp-json\/wp\/v2\/types\/post"}],"author":[{"embeddable":true,"href":"https:\/\/sinepe-rs.org.br\/educacaoempauta\/wp-json\/wp\/v2\/users\/3"}],"replies":[{"embeddable":true,"href":"https:\/\/sinepe-rs.org.br\/educacaoempauta\/wp-json\/wp\/v2\/comments?post=2426"}],"version-history":[{"count":4,"href":"https:\/\/sinepe-rs.org.br\/educacaoempauta\/wp-json\/wp\/v2\/posts\/2426\/revisions"}],"predecessor-version":[{"id":2465,"href":"https:\/\/sinepe-rs.org.br\/educacaoempauta\/wp-json\/wp\/v2\/posts\/2426\/revisions\/2465"}],"wp:featuredmedia":[{"embeddable":true,"href":"https:\/\/sinepe-rs.org.br\/educacaoempauta\/wp-json\/wp\/v2\/media\/2427"}],"wp:attachment":[{"href":"https:\/\/sinepe-rs.org.br\/educacaoempauta\/wp-json\/wp\/v2\/media?parent=2426"}],"wp:term":[{"taxonomy":"category","embeddable":true,"href":"https:\/\/sinepe-rs.org.br\/educacaoempauta\/wp-json\/wp\/v2\/categories?post=2426"},{"taxonomy":"post_tag","embeddable":true,"href":"https:\/\/sinepe-rs.org.br\/educacaoempauta\/wp-json\/wp\/v2\/tags?post=2426"}],"curies":[{"name":"wp","href":"https:\/\/api.w.org\/{rel}","templated":true}]}}