{"id":2539,"date":"2022-12-14T07:07:00","date_gmt":"2022-12-14T10:07:00","guid":{"rendered":"https:\/\/sinepe-rs.org.br\/educacaoempauta\/?p=2539"},"modified":"2022-12-20T09:55:06","modified_gmt":"2022-12-20T12:55:06","slug":"a-escola-entra-em-campo-a-copa-do-mundo-na-sala-de-aula","status":"publish","type":"post","link":"https:\/\/sinepe-rs.org.br\/educacaoempauta\/inspire-se\/a-escola-entra-em-campo-a-copa-do-mundo-na-sala-de-aula\/","title":{"rendered":"A escola entra em campo: a Copa do Mundo na sala de aula"},"content":{"rendered":"\n<p>A primeira edi\u00e7\u00e3o da Copa do Mundo aconteceu em 1930, no Uruguai, pa\u00eds que al\u00e9m de sediar os jogos consagrou-se campe\u00e3o, num placar de 4&#215;2 contra a sele\u00e7\u00e3o da Argentina. Nossos hermanos foram pioneiros e, de l\u00e1 para c\u00e1, muita coisa mudou, tanto no futebol como na configura\u00e7\u00e3o da competi\u00e7\u00e3o. O que parece permanecer intacto \u00e9 o interesse dos torcedores pelos pa\u00edses participantes e toda a festa que une povos para admirar as jogadas feitas dentro das quatro linhas. E mesmo que o Brasil j\u00e1 esteja fora da disputa pela ta\u00e7a, a Copa do Mundo deixou sua marca nas escolas com projetos que movimentaram toda a comunidade escolar.&nbsp;<\/p>\n\n\n\n<p>A cada Copa que chega, a hist\u00f3ria se repete: bandeiras, camisas de diversos pa\u00edses e outros elementos ganham as salas de aula e fomentam atividades que v\u00e3o al\u00e9m do esporte. <mark style=\"background-color:#ff6900\" class=\"has-inline-color\">Em 2022, meses antes do in\u00edcio das atividades no Catar, pa\u00eds sede desta edi\u00e7\u00e3o da competi\u00e7\u00e3o, crian\u00e7as e adolescentes j\u00e1 estavam imersos em uma busca com ares de aventura: completar o \u00e1lbum de figurinhas da Copa do Mundo.<\/mark> Tradi\u00e7\u00e3o entre as gera\u00e7\u00f5es dos anos 60 e 70, os \u00e1lbuns movimentavam os torcedores e a figurinha mais cobi\u00e7ada quase sempre estampava um dos craques do momento.&nbsp;<\/p>\n\n\n\n<p>Mas e se esses \u00eddolos da torcida estivessem dentro da sala de aula? Foi com essa premissa que as professoras Francielle Difante e Shaiane Limberger Corr\u00eaa, da Escola Medianeira, em Santa Maria, desenvolveram o \u00e1lbum Craques da Escola. Composto por figurinhas que trazem as imagens de professores, funcion\u00e1rios e alunos dos anos finais do Ensino Fundamental, o trabalho foi o ponto alto de uma s\u00e9rie de atividades realizadas ao longo do ano letivo junto \u00e0s turmas de 6\u00ba, 7\u00ba, 8\u00ba e 9\u00ba anos. Com a uni\u00e3o das disciplinas de Hist\u00f3ria e Educa\u00e7\u00e3o F\u00edsica, ministradas por Francielle e Shaiane, respectivamente, foi criado um Semin\u00e1rio Integrado cujo tema era a Hist\u00f3ria do Esporte.&nbsp;<\/p>\n\n\n\n<figure class=\"wp-block-image\"><img decoding=\"async\" src=\"https:\/\/lh3.googleusercontent.com\/39kGffcb2iWMg8zh3KhytOxZYRa0jG5h9EGc2nnZnuiB44KpZwMwZ3nrXRuKes6oGAcqd1suqdeZvPaJ4szFa6Ufy0J9oO9Bviai5kAoiGUwlF41Xa7KF_F3CtObaEFWsfvwbFL5mJDkmxE45WRX9RQ2CqburDohx75a2HQ5RSeVlO-l_78dC86w8mc-kgmc\" alt=\"\"\/><figcaption><em>Professoras Shaiane e Francielle, da Escola Medianeira, em Santa Maria, organizaram \u00e1lbum de figurinhas com com registros de alunos, professores e funcion\u00e1rios. Foto: Kristhel de Lima Cezar \/ Comunica\u00e7\u00e3o Escola Medianeira<\/em><\/figcaption><\/figure>\n\n\n\n<p>\u201cCome\u00e7amos propondo trabalhos que envolviam os jogos ol\u00edmpicos. As turmas desenvolveram pesquisas sobre as formas de competi\u00e7\u00e3o na Gr\u00e9cia Antiga. Um outro grupo de alunos ficou respons\u00e1vel pelo resgate hist\u00f3rico das Copas do Mundo, buscando entender que os jogos envolvem quest\u00f5es econ\u00f4micas e sociais para al\u00e9m do futebol\u201d, explica Francielle.&nbsp;<\/p>\n\n\n\n<p>A coordenadora pedag\u00f3gica Naiara Pires Vidotto, que acompanhou de perto todo o envolvimento dos alunos e professores na proposta, ressalta o perfil de trabalho interdisciplinar nas s\u00e9ries finais dentro da escola.&nbsp;<\/p>\n\n\n\n<p>\u201cQuando o tema escolhido para a nossa gincana anual foi a Copa do Mundo, houve uma movimenta\u00e7\u00e3o muito positiva dos alunos, um envolvimento com os temas propostos. A gincana passou e as professoras tiveram a sensibilidade de organizar o projeto do \u00e1lbum, que foi uma surpresa para todos\u201d, relembra Naiara.&nbsp;<\/p>\n\n\n\n<p>Mas como surgiu a ideia de criar um \u00e1lbum onde \u00eddolos como Richarlison e Messi d\u00e3o lugar a quem faz a escola acontecer? Shaiane relembra que foi o comportamento dos pr\u00f3prios alunos que guiou a escolha.&nbsp;<\/p>\n\n\n\n<p>\u201cPercebemos o quanto a troca de figurinhas envolvia os alunos. Foi quando optamos por fazer um \u00e1lbum da escola, contendo todas as pessoas que est\u00e3o envolvidas com os anos finais\u201d, explica.&nbsp;<\/p>\n\n\n\n<p>O momento da revela\u00e7\u00e3o do \u00e1lbum Craques da Escola foi marcado pela euforia das turmas que puderam se encontrar nas p\u00e1ginas inspiradas no \u00e1lbum oficial da Fifa, um trabalho que coube a Kristhel de Lima Cezar, respons\u00e1vel pela \u00e1rea de comunica\u00e7\u00e3o e marketing da Escola Medianeira. O resultado agradou tanto que muitos pais queriam informa\u00e7\u00f5es sobre como conseguir um exemplar. Mas esse foi apenas um dos resultados positivos do \u00e1lbum.<\/p>\n\n\n\n<p>\u201cUma aluna veio nos falar que comentou com o pai sobre o gol perdido do jogador Baggio, da It\u00e1lia, na Copa de 94. Percebemos que eles levaram o assunto para casa e houve uma troca com a fam\u00edlia\u201d, reflete Naiara.&nbsp;&nbsp;<\/p>\n\n\n\n<p><strong>Figurinos bons de bola<\/strong><\/p>\n\n\n\n<p>Se integrar um \u00e1lbum de figurinhas j\u00e1 \u00e9 divertido, imagine criar uma roupa do zero inspirado pelos pa\u00edses que disputam a Copa do Mundo? No sul do Estado, na cidade de Pelotas, um dos eventos tradicionais do Col\u00e9gio Gonzaga ganhou as cores e as formas de pa\u00edses como Alemanha e Cro\u00e1cia. O Gonzaga Fashion \u00e9 um projeto ligado \u00e0s disciplinas de artes dos 6\u00ba e 7\u00ba ano da institui\u00e7\u00e3o onde os alunos, divididos em grupos, criam croquis e confeccionam roupas a partir de materiais recicl\u00e1veis, sempre partindo de um tema proposto pelas professoras Sabrine Evangelista e Marina Heineck. Para 2022, o tema n\u00e3o poderia fugir da grande festa do futebol mundial e as cria\u00e7\u00f5es foram inspiradas nos pa\u00edses presentes na competi\u00e7\u00e3o.<\/p>\n\n\n\n<p>\u201cNesse ano, foram 46 modelos criados. H\u00e1 um corpo de jurados que escolhe as melhores cria\u00e7\u00f5es. Eles tamb\u00e9m precisam apresentar um texto criado a partir da pesquisa de cada grupo sobre o pa\u00eds pelo qual ficou respons\u00e1vel\u201d, explica Carla Santo, coordenadora pedag\u00f3gica do Col\u00e9gio Gonzaga.&nbsp;<\/p>\n\n\n\n<figure class=\"wp-block-image\"><img decoding=\"async\" src=\"https:\/\/lh3.googleusercontent.com\/Kd946bQ2MEGw1AgX2RQrHhU1ABCXwOnTRNEmT6lorSX1hmglSWjWzjbe3BNBA12r0xQGrU-rbdBTa4WCzPwtbd05PnEahFbKjZfjYWdak-MIMhLRj1_gIERkIVE9wJvWj-B1YQcxh-fiQoaQT1n3G3Bmuhtn_X2fgHU5iREyFZU3IKv1t-kagfbmgaa0npUZ\" alt=\"\"\/><figcaption><em>Alunos do Col\u00e9gio Gonzaga criaram roupas a partir de pesquisas sobre os pa\u00edses participantes da Copa do Mundo. Foto: Setor de Comunica\u00e7\u00e3o do Col\u00e9gio Gonzaga<\/em><\/figcaption><\/figure>\n\n\n\n<p>Paralelo aos processos desenvolvidos nas aulas de artes, h\u00e1 todo um envolvimento de outros componentes curriculares, como Hist\u00f3ria, Geografia e L\u00edngua Portuguesa, que colaboram para a execu\u00e7\u00e3o dos projetos de cada roupa que envolvem o conhecimento da cultura e das tradi\u00e7\u00f5es de cada pa\u00eds para que isso reflita na roupa criada pela equipe. O desfile da edi\u00e7\u00e3o Copa do Mundo do Gonzaga Fashion aconteceu no dia 17 de novembro, no gin\u00e1sio do col\u00e9gio e reuniu centenas de pessoas.&nbsp;<\/p>\n\n\n\n<p>\u201cN\u00f3s organizamos toda a estrutura de som e luz para que os alunos apresentassem o resultado de suas pesquisas e tamb\u00e9m as roupas criadas. Os alunos desfilaram e tamb\u00e9m convidamos pessoas de fora da escola para participarem. Esse ano, por exemplo, um pai e uma av\u00f3 de aluno desfilaram\u201d, recorda Carla.&nbsp;<\/p>\n\n\n\n<p><strong>&gt;&gt; Confira o v\u00eddeo do Gonzaga Fashion Edi\u00e7\u00e3o Copa do Mundo:<\/strong><\/p>\n\n\n\n<figure class=\"wp-block-embed is-type-video is-provider-youtube wp-block-embed-youtube wp-embed-aspect-16-9 wp-has-aspect-ratio\"><div class=\"wp-block-embed__wrapper\">\n<iframe loading=\"lazy\" title=\"Gonzaga Fashion\" width=\"500\" height=\"281\" src=\"https:\/\/www.youtube.com\/embed\/y6caMnPrxP4?feature=oembed\" frameborder=\"0\" allow=\"accelerometer; autoplay; clipboard-write; encrypted-media; gyroscope; picture-in-picture; web-share\" referrerpolicy=\"strict-origin-when-cross-origin\" allowfullscreen><\/iframe>\n<\/div><\/figure>\n","protected":false},"excerpt":{"rendered":"<p>Competi\u00e7\u00e3o esportiva inspirou atividades em institui\u00e7\u00f5es de ensino que v\u00e3o de \u00e1lbum de figurinhas at\u00e9 desfile de modas<\/p>\n","protected":false},"author":3,"featured_media":2540,"comment_status":"open","ping_status":"open","sticky":false,"template":"","format":"standard","meta":{"footnotes":""},"categories":[7],"tags":[239,136,240,43],"class_list":["post-2539","post","type-post","status-publish","format-standard","has-post-thumbnail","hentry","category-inspire-se","tag-copa-do-mundo","tag-escola","tag-esporte","tag-sinepe-rs-2"],"acf":[],"yoast_head":"<!-- This site is optimized with the Yoast SEO plugin v24.6 - https:\/\/yoast.com\/wordpress\/plugins\/seo\/ -->\n<title>A escola entra em campo: a Copa do Mundo na sala de aula<\/title>\n<meta name=\"description\" content=\"Competi\u00e7\u00e3o esportiva inspirou atividades em institui\u00e7\u00f5es de ensino que v\u00e3o de \u00e1lbum de figurinhas at\u00e9 desfile de modas\" \/>\n<meta name=\"robots\" content=\"index, follow, max-snippet:-1, max-image-preview:large, max-video-preview:-1\" \/>\n<link rel=\"canonical\" href=\"https:\/\/sinepe-rs.org.br\/educacaoempauta\/inspire-se\/a-escola-entra-em-campo-a-copa-do-mundo-na-sala-de-aula\/\" \/>\n<meta property=\"og:locale\" content=\"pt_BR\" \/>\n<meta property=\"og:type\" content=\"article\" \/>\n<meta property=\"og:title\" content=\"A escola entra em campo: a Copa do Mundo na sala de aula\" \/>\n<meta property=\"og:description\" content=\"Competi\u00e7\u00e3o esportiva inspirou atividades em institui\u00e7\u00f5es de ensino que v\u00e3o de \u00e1lbum de figurinhas at\u00e9 desfile de modas\" \/>\n<meta property=\"og:url\" content=\"https:\/\/sinepe-rs.org.br\/educacaoempauta\/inspire-se\/a-escola-entra-em-campo-a-copa-do-mundo-na-sala-de-aula\/\" \/>\n<meta property=\"og:site_name\" content=\"Educa\u00e7\u00e3o em Pauta: Portal de reportagens de Educa\u00e7\u00e3o\" \/>\n<meta property=\"article:published_time\" content=\"2022-12-14T10:07:00+00:00\" \/>\n<meta property=\"article:modified_time\" content=\"2022-12-20T12:55:06+00:00\" \/>\n<meta property=\"og:image\" content=\"https:\/\/sinepe-rs.org.br\/educacaoempauta\/wp-content\/uploads\/2022\/12\/168-AdobeStock_515586788.jpg\" \/>\n\t<meta property=\"og:image:width\" content=\"1366\" \/>\n\t<meta property=\"og:image:height\" content=\"455\" \/>\n\t<meta property=\"og:image:type\" content=\"image\/jpeg\" \/>\n<meta name=\"author\" content=\"Alexandra Zanela\" \/>\n<meta name=\"twitter:card\" content=\"summary_large_image\" \/>\n<meta name=\"twitter:label1\" content=\"Escrito por\" \/>\n\t<meta name=\"twitter:data1\" content=\"Alexandra Zanela\" \/>\n\t<meta name=\"twitter:label2\" content=\"Est. tempo de leitura\" \/>\n\t<meta name=\"twitter:data2\" content=\"6 minutos\" \/>\n<script type=\"application\/ld+json\" class=\"yoast-schema-graph\">{\"@context\":\"https:\/\/schema.org\",\"@graph\":[{\"@type\":\"WebPage\",\"@id\":\"https:\/\/sinepe-rs.org.br\/educacaoempauta\/inspire-se\/a-escola-entra-em-campo-a-copa-do-mundo-na-sala-de-aula\/\",\"url\":\"https:\/\/sinepe-rs.org.br\/educacaoempauta\/inspire-se\/a-escola-entra-em-campo-a-copa-do-mundo-na-sala-de-aula\/\",\"name\":\"A escola entra em campo: a Copa do Mundo na sala de aula\",\"isPartOf\":{\"@id\":\"https:\/\/sinepe-rs.org.br\/educacaoempauta\/#website\"},\"primaryImageOfPage\":{\"@id\":\"https:\/\/sinepe-rs.org.br\/educacaoempauta\/inspire-se\/a-escola-entra-em-campo-a-copa-do-mundo-na-sala-de-aula\/#primaryimage\"},\"image\":{\"@id\":\"https:\/\/sinepe-rs.org.br\/educacaoempauta\/inspire-se\/a-escola-entra-em-campo-a-copa-do-mundo-na-sala-de-aula\/#primaryimage\"},\"thumbnailUrl\":\"https:\/\/sinepe-rs.org.br\/educacaoempauta\/wp-content\/uploads\/2022\/12\/168-AdobeStock_515586788.jpg\",\"datePublished\":\"2022-12-14T10:07:00+00:00\",\"dateModified\":\"2022-12-20T12:55:06+00:00\",\"author\":{\"@id\":\"https:\/\/sinepe-rs.org.br\/educacaoempauta\/#\/schema\/person\/c542073558983d5792101d1b5240d841\"},\"description\":\"Competi\u00e7\u00e3o esportiva inspirou atividades em institui\u00e7\u00f5es de ensino que v\u00e3o de \u00e1lbum de figurinhas at\u00e9 desfile de modas\",\"breadcrumb\":{\"@id\":\"https:\/\/sinepe-rs.org.br\/educacaoempauta\/inspire-se\/a-escola-entra-em-campo-a-copa-do-mundo-na-sala-de-aula\/#breadcrumb\"},\"inLanguage\":\"pt-BR\",\"potentialAction\":[{\"@type\":\"ReadAction\",\"target\":[\"https:\/\/sinepe-rs.org.br\/educacaoempauta\/inspire-se\/a-escola-entra-em-campo-a-copa-do-mundo-na-sala-de-aula\/\"]}]},{\"@type\":\"ImageObject\",\"inLanguage\":\"pt-BR\",\"@id\":\"https:\/\/sinepe-rs.org.br\/educacaoempauta\/inspire-se\/a-escola-entra-em-campo-a-copa-do-mundo-na-sala-de-aula\/#primaryimage\",\"url\":\"https:\/\/sinepe-rs.org.br\/educacaoempauta\/wp-content\/uploads\/2022\/12\/168-AdobeStock_515586788.jpg\",\"contentUrl\":\"https:\/\/sinepe-rs.org.br\/educacaoempauta\/wp-content\/uploads\/2022\/12\/168-AdobeStock_515586788.jpg\",\"width\":1366,\"height\":455,\"caption\":\"A escola entra em campo: a Copa do Mundo na sala de aula\"},{\"@type\":\"BreadcrumbList\",\"@id\":\"https:\/\/sinepe-rs.org.br\/educacaoempauta\/inspire-se\/a-escola-entra-em-campo-a-copa-do-mundo-na-sala-de-aula\/#breadcrumb\",\"itemListElement\":[{\"@type\":\"ListItem\",\"position\":1,\"name\":\"Home\",\"item\":\"https:\/\/sinepe-rs.org.br\/educacaoempauta\/\"},{\"@type\":\"ListItem\",\"position\":2,\"name\":\"A escola entra em campo: a Copa do Mundo na sala de aula\"}]},{\"@type\":\"WebSite\",\"@id\":\"https:\/\/sinepe-rs.org.br\/educacaoempauta\/#website\",\"url\":\"https:\/\/sinepe-rs.org.br\/educacaoempauta\/\",\"name\":\"Educa\u00e7\u00e3o em Pauta: Portal de reportagens de Educa\u00e7\u00e3o\",\"description\":\"Sinepe-RS\",\"potentialAction\":[{\"@type\":\"SearchAction\",\"target\":{\"@type\":\"EntryPoint\",\"urlTemplate\":\"https:\/\/sinepe-rs.org.br\/educacaoempauta\/?s={search_term_string}\"},\"query-input\":{\"@type\":\"PropertyValueSpecification\",\"valueRequired\":true,\"valueName\":\"search_term_string\"}}],\"inLanguage\":\"pt-BR\"},{\"@type\":\"Person\",\"@id\":\"https:\/\/sinepe-rs.org.br\/educacaoempauta\/#\/schema\/person\/c542073558983d5792101d1b5240d841\",\"name\":\"Alexandra Zanela\",\"image\":{\"@type\":\"ImageObject\",\"inLanguage\":\"pt-BR\",\"@id\":\"https:\/\/sinepe-rs.org.br\/educacaoempauta\/#\/schema\/person\/image\/\",\"url\":\"https:\/\/secure.gravatar.com\/avatar\/aab8da397152551fad5132b4b20cb891945e7bc931de8d0d72495261a983a371?s=96&d=mm&r=g\",\"contentUrl\":\"https:\/\/secure.gravatar.com\/avatar\/aab8da397152551fad5132b4b20cb891945e7bc931de8d0d72495261a983a371?s=96&d=mm&r=g\",\"caption\":\"Alexandra Zanela\"},\"url\":\"https:\/\/sinepe-rs.org.br\/educacaoempauta\/author\/alexandra\/\"}]}<\/script>\n<!-- \/ Yoast SEO plugin. -->","yoast_head_json":{"title":"A escola entra em campo: a Copa do Mundo na sala de aula","description":"Competi\u00e7\u00e3o esportiva inspirou atividades em institui\u00e7\u00f5es de ensino que v\u00e3o de \u00e1lbum de figurinhas at\u00e9 desfile de modas","robots":{"index":"index","follow":"follow","max-snippet":"max-snippet:-1","max-image-preview":"max-image-preview:large","max-video-preview":"max-video-preview:-1"},"canonical":"https:\/\/sinepe-rs.org.br\/educacaoempauta\/inspire-se\/a-escola-entra-em-campo-a-copa-do-mundo-na-sala-de-aula\/","og_locale":"pt_BR","og_type":"article","og_title":"A escola entra em campo: a Copa do Mundo na sala de aula","og_description":"Competi\u00e7\u00e3o esportiva inspirou atividades em institui\u00e7\u00f5es de ensino que v\u00e3o de \u00e1lbum de figurinhas at\u00e9 desfile de modas","og_url":"https:\/\/sinepe-rs.org.br\/educacaoempauta\/inspire-se\/a-escola-entra-em-campo-a-copa-do-mundo-na-sala-de-aula\/","og_site_name":"Educa\u00e7\u00e3o em Pauta: Portal de reportagens de Educa\u00e7\u00e3o","article_published_time":"2022-12-14T10:07:00+00:00","article_modified_time":"2022-12-20T12:55:06+00:00","og_image":[{"width":1366,"height":455,"url":"https:\/\/sinepe-rs.org.br\/educacaoempauta\/wp-content\/uploads\/2022\/12\/168-AdobeStock_515586788.jpg","type":"image\/jpeg"}],"author":"Alexandra Zanela","twitter_card":"summary_large_image","twitter_misc":{"Escrito por":"Alexandra Zanela","Est. tempo de leitura":"6 minutos"},"schema":{"@context":"https:\/\/schema.org","@graph":[{"@type":"WebPage","@id":"https:\/\/sinepe-rs.org.br\/educacaoempauta\/inspire-se\/a-escola-entra-em-campo-a-copa-do-mundo-na-sala-de-aula\/","url":"https:\/\/sinepe-rs.org.br\/educacaoempauta\/inspire-se\/a-escola-entra-em-campo-a-copa-do-mundo-na-sala-de-aula\/","name":"A escola entra em campo: a Copa do Mundo na sala de aula","isPartOf":{"@id":"https:\/\/sinepe-rs.org.br\/educacaoempauta\/#website"},"primaryImageOfPage":{"@id":"https:\/\/sinepe-rs.org.br\/educacaoempauta\/inspire-se\/a-escola-entra-em-campo-a-copa-do-mundo-na-sala-de-aula\/#primaryimage"},"image":{"@id":"https:\/\/sinepe-rs.org.br\/educacaoempauta\/inspire-se\/a-escola-entra-em-campo-a-copa-do-mundo-na-sala-de-aula\/#primaryimage"},"thumbnailUrl":"https:\/\/sinepe-rs.org.br\/educacaoempauta\/wp-content\/uploads\/2022\/12\/168-AdobeStock_515586788.jpg","datePublished":"2022-12-14T10:07:00+00:00","dateModified":"2022-12-20T12:55:06+00:00","author":{"@id":"https:\/\/sinepe-rs.org.br\/educacaoempauta\/#\/schema\/person\/c542073558983d5792101d1b5240d841"},"description":"Competi\u00e7\u00e3o esportiva inspirou atividades em institui\u00e7\u00f5es de ensino que v\u00e3o de \u00e1lbum de figurinhas at\u00e9 desfile de modas","breadcrumb":{"@id":"https:\/\/sinepe-rs.org.br\/educacaoempauta\/inspire-se\/a-escola-entra-em-campo-a-copa-do-mundo-na-sala-de-aula\/#breadcrumb"},"inLanguage":"pt-BR","potentialAction":[{"@type":"ReadAction","target":["https:\/\/sinepe-rs.org.br\/educacaoempauta\/inspire-se\/a-escola-entra-em-campo-a-copa-do-mundo-na-sala-de-aula\/"]}]},{"@type":"ImageObject","inLanguage":"pt-BR","@id":"https:\/\/sinepe-rs.org.br\/educacaoempauta\/inspire-se\/a-escola-entra-em-campo-a-copa-do-mundo-na-sala-de-aula\/#primaryimage","url":"https:\/\/sinepe-rs.org.br\/educacaoempauta\/wp-content\/uploads\/2022\/12\/168-AdobeStock_515586788.jpg","contentUrl":"https:\/\/sinepe-rs.org.br\/educacaoempauta\/wp-content\/uploads\/2022\/12\/168-AdobeStock_515586788.jpg","width":1366,"height":455,"caption":"A escola entra em campo: a Copa do Mundo na sala de aula"},{"@type":"BreadcrumbList","@id":"https:\/\/sinepe-rs.org.br\/educacaoempauta\/inspire-se\/a-escola-entra-em-campo-a-copa-do-mundo-na-sala-de-aula\/#breadcrumb","itemListElement":[{"@type":"ListItem","position":1,"name":"Home","item":"https:\/\/sinepe-rs.org.br\/educacaoempauta\/"},{"@type":"ListItem","position":2,"name":"A escola entra em campo: a Copa do Mundo na sala de aula"}]},{"@type":"WebSite","@id":"https:\/\/sinepe-rs.org.br\/educacaoempauta\/#website","url":"https:\/\/sinepe-rs.org.br\/educacaoempauta\/","name":"Educa\u00e7\u00e3o em Pauta: Portal de reportagens de Educa\u00e7\u00e3o","description":"Sinepe-RS","potentialAction":[{"@type":"SearchAction","target":{"@type":"EntryPoint","urlTemplate":"https:\/\/sinepe-rs.org.br\/educacaoempauta\/?s={search_term_string}"},"query-input":{"@type":"PropertyValueSpecification","valueRequired":true,"valueName":"search_term_string"}}],"inLanguage":"pt-BR"},{"@type":"Person","@id":"https:\/\/sinepe-rs.org.br\/educacaoempauta\/#\/schema\/person\/c542073558983d5792101d1b5240d841","name":"Alexandra Zanela","image":{"@type":"ImageObject","inLanguage":"pt-BR","@id":"https:\/\/sinepe-rs.org.br\/educacaoempauta\/#\/schema\/person\/image\/","url":"https:\/\/secure.gravatar.com\/avatar\/aab8da397152551fad5132b4b20cb891945e7bc931de8d0d72495261a983a371?s=96&d=mm&r=g","contentUrl":"https:\/\/secure.gravatar.com\/avatar\/aab8da397152551fad5132b4b20cb891945e7bc931de8d0d72495261a983a371?s=96&d=mm&r=g","caption":"Alexandra Zanela"},"url":"https:\/\/sinepe-rs.org.br\/educacaoempauta\/author\/alexandra\/"}]}},"_links":{"self":[{"href":"https:\/\/sinepe-rs.org.br\/educacaoempauta\/wp-json\/wp\/v2\/posts\/2539","targetHints":{"allow":["GET"]}}],"collection":[{"href":"https:\/\/sinepe-rs.org.br\/educacaoempauta\/wp-json\/wp\/v2\/posts"}],"about":[{"href":"https:\/\/sinepe-rs.org.br\/educacaoempauta\/wp-json\/wp\/v2\/types\/post"}],"author":[{"embeddable":true,"href":"https:\/\/sinepe-rs.org.br\/educacaoempauta\/wp-json\/wp\/v2\/users\/3"}],"replies":[{"embeddable":true,"href":"https:\/\/sinepe-rs.org.br\/educacaoempauta\/wp-json\/wp\/v2\/comments?post=2539"}],"version-history":[{"count":6,"href":"https:\/\/sinepe-rs.org.br\/educacaoempauta\/wp-json\/wp\/v2\/posts\/2539\/revisions"}],"predecessor-version":[{"id":2566,"href":"https:\/\/sinepe-rs.org.br\/educacaoempauta\/wp-json\/wp\/v2\/posts\/2539\/revisions\/2566"}],"wp:featuredmedia":[{"embeddable":true,"href":"https:\/\/sinepe-rs.org.br\/educacaoempauta\/wp-json\/wp\/v2\/media\/2540"}],"wp:attachment":[{"href":"https:\/\/sinepe-rs.org.br\/educacaoempauta\/wp-json\/wp\/v2\/media?parent=2539"}],"wp:term":[{"taxonomy":"category","embeddable":true,"href":"https:\/\/sinepe-rs.org.br\/educacaoempauta\/wp-json\/wp\/v2\/categories?post=2539"},{"taxonomy":"post_tag","embeddable":true,"href":"https:\/\/sinepe-rs.org.br\/educacaoempauta\/wp-json\/wp\/v2\/tags?post=2539"}],"curies":[{"name":"wp","href":"https:\/\/api.w.org\/{rel}","templated":true}]}}