{"id":2782,"date":"2023-02-15T07:03:00","date_gmt":"2023-02-15T10:03:00","guid":{"rendered":"https:\/\/sinepe-rs.org.br\/educacaoempauta\/?p=2782"},"modified":"2023-02-22T11:59:33","modified_gmt":"2023-02-22T14:59:33","slug":"rede-brasileira-de-aprendizagem-criativa-integra-programa-lancado-no-forum-economico-mundial","status":"publish","type":"post","link":"https:\/\/sinepe-rs.org.br\/educacaoempauta\/inspire-se\/rede-brasileira-de-aprendizagem-criativa-integra-programa-lancado-no-forum-economico-mundial\/","title":{"rendered":"Rede busca ajudar professores a desenvolver a criatividade em sala de aula"},"content":{"rendered":"\n<p>Observar crian\u00e7as no jardim da inf\u00e2ncia pode ser uma atividade mais que divertida, mas inspiradora. Foi justamente com uma observa\u00e7\u00e3o atenta no modo como os pequenos e pequenas desenvolvem novas habilidades que surgiu o conceito de aprendizagem criativa.<\/p>\n\n\n\n<figure class=\"wp-block-pullquote\" style=\"font-size:14px\"><blockquote><p>\u201cA aprendizagem criativa \u00e9 uma abordagem pedag\u00f3gica proposta pelo grupo de pesquisa Lifelong Kindergarten, do MIT Media Lab, nos Estados Unidos, que se inspira na forma como a aprendizagem acontece no jardim de inf\u00e2ncia. Na educa\u00e7\u00e3o infantil, as crian\u00e7as aprendem motivadas pela curiosidade e interesse, criando projetos, em um ambiente colaborativo e de forma livre para errar, refazer, testar materiais e tecnologias diferentes e refletir sobre o que est\u00e3o criando.\u201d<\/p><cite>Andr\u00e9 Peres, professor do IFRS e integrante da Rede Brasileira de Aprendizagem Criativa (RBAC)<\/cite><\/blockquote><\/figure>\n\n\n\n<p>A aprendizagem criativa foi proposta por Mitchel Resnick, pesquisador do MIT Media Lab (Massachusetts Institute of Technology), nos Estados Unidos. A ideia central \u00e9 baseada principalmente no construcionismo de Seymour Papert, tamb\u00e9m pesquisador do MIT.&nbsp;<\/p>\n\n\n\n<p>Influenciada por pensadores da educa\u00e7\u00e3o como Piaget, Paulo Freire e Maria Montessori, a aprendizagem criativa tem como norteadores o que chamamos de 4P\u2019s. S\u00e3o eles:<\/p>\n\n\n\n<div class=\"wp-block-image\"><figure class=\"aligncenter size-full\"><img loading=\"lazy\" decoding=\"async\" width=\"784\" height=\"368\" src=\"https:\/\/sinepe-rs.org.br\/educacaoempauta\/wp-content\/uploads\/2023\/02\/sinepe_infografico_196_aprendizagem_criativa.jpg\" alt=\"\" class=\"wp-image-2783\" srcset=\"https:\/\/sinepe-rs.org.br\/educacaoempauta\/wp-content\/uploads\/2023\/02\/sinepe_infografico_196_aprendizagem_criativa.jpg 784w, https:\/\/sinepe-rs.org.br\/educacaoempauta\/wp-content\/uploads\/2023\/02\/sinepe_infografico_196_aprendizagem_criativa-300x141.jpg 300w, https:\/\/sinepe-rs.org.br\/educacaoempauta\/wp-content\/uploads\/2023\/02\/sinepe_infografico_196_aprendizagem_criativa-768x360.jpg 768w\" sizes=\"auto, (max-width: 784px) 100vw, 784px\" \/><\/figure><\/div>\n\n\n\n<p>\u201cA aprendizagem criativa \u00e9 uma abordagem pedag\u00f3gica proposta pelo grupo de pesquisa Lifelong Kindergarten, do MIT Media Lab, nos Estados Unidos, que se inspira na forma como a aprendizagem acontece no jardim de inf\u00e2ncia. Na educa\u00e7\u00e3o infantil, as crian\u00e7as aprendem motivadas pela curiosidade e interesse, criando projetos, em um ambiente colaborativo e de forma livre para errar, refazer, testar materiais e tecnologias diferentes e refletir sobre o que est\u00e3o criando. Esses s\u00e3o os 4 P&#8217;s da aprendizagem criativa: Paix\u00e3o, Projetos, Parcerias e Pensar brincando\u201d, contextualiza Andr\u00e9 Peres, professor do Instituto Federal do Rio Grande do Sul (IFRS) e integrante da Rede Brasileira de Aprendizagem Criativa (RBAC).&nbsp;<\/p>\n\n\n\n<p>Criada em 2015 por um grupo que engloba educadores, artistas, pais, pesquisadores, empreendedores, alunos e organiza\u00e7\u00f5es que promovem pr\u00e1ticas criativas e processos \u201cm\u00e3o na massa\u201d, a RBAC possui n\u00facleos regionais que atuam diretamente com as comunidades escolares e tamb\u00e9m em parceria com empresas e outras institui\u00e7\u00f5es de ensino. No Rio Grande do Sul, o N\u00facleo Porto Alegre iniciou suas atividades em 2018 e \u00e9 sediado dentro do POALab, no IFRS, em Porto Alegre, e atua em toda a regi\u00e3o metropolitana. A iniciativa para a capital ter o seu pr\u00f3prio n\u00facleo da RBAC partiu de Peres, que buscava uma alternativa para renovar os processos de aprendizagem no IFRS.&nbsp;<\/p>\n\n\n\n<p>\u201cEm 2015, eu criei o POALab e, logo em seguida, em 2016, teve in\u00edcio a primeira turma do Mestrado Profissional em Inform\u00e1tica na Educa\u00e7\u00e3o. Nessa \u00e9poca, eu estava estudando como alinhar um espa\u00e7o m\u00e3o na massa com tecnologias digitais e a cria\u00e7\u00e3o de experi\u00eancias de aprendizagem. Comecei a estudar os trabalhos de Seymour Papert, Gary Stager, David Cavallo, Paulo Blikstein e Mitchel Resnick. Foi quando conheci a RBAC e, a partir da participa\u00e7\u00e3o nas reuni\u00f5es do N\u00facleo de Pelotas, fui inspirado para criar o de Porto Alegre\u201d, lembra Peres.<\/p>\n\n\n\n<p>O n\u00facleo serve como refer\u00eancia e apoio para professores, alunos e quem mais estiver interessado na ado\u00e7\u00e3o da aprendizagem criativa. Peres explica que esse apoio \u00e9 realizado por meio de encontros, eventos, capacita\u00e7\u00f5es e, principalmente, troca de experi\u00eancias.&nbsp;<\/p>\n\n\n\n<p>\u201c\u00c9 um espa\u00e7o de constru\u00e7\u00e3o de conhecimento que acontece de forma coletiva. D\u00e1 espa\u00e7o e valoriza as experi\u00eancias e opini\u00f5es de alunos e professores na cria\u00e7\u00e3o de experi\u00eancias de aprendizagem alinhadas com a aprendizagem criativa\u201d, explica.<\/p>\n\n\n\n<p>Na \u00faltima edi\u00e7\u00e3o do F\u00f3rum Econ\u00f4mico Mundial, na cidade de Davos, na Su\u00ed\u00e7a, a aprendizagem criativa ganhou destaque com o an\u00fancio da cria\u00e7\u00e3o da Education 4.0 Lighthouses (Far\u00f3is da Educa\u00e7\u00e3o 4.0, em tradu\u00e7\u00e3o livre), uma rede de iniciativas que promovem experi\u00eancias educacionais inovadoras. Formado por 16 institui\u00e7\u00f5es, a ideia \u00e9 promover e apoiar experi\u00eancias que estimulem novas formas de aprender e ensinar, elementos que integram a lista de habilidades para o que est\u00e1 sendo chamado de 4\u00aa Revolu\u00e7\u00e3o Industrial, <mark style=\"background-color:#ff6900\" class=\"has-inline-color\">momento que pede transforma\u00e7\u00f5es educacionais que coloquem o aluno no centro do processo de aprendizagem. A RBAC ganhou a responsabilidade de representar o Brasil neste espa\u00e7o de relev\u00e2ncia para o tema.<\/mark> Desafiadora desde a sua chegada, a aprendizagem criativa ganha luz ap\u00f3s a cria\u00e7\u00e3o da rede, o que promete uma aten\u00e7\u00e3o maior para propostas que coloquem o aluno no centro do processo educativo.<\/p>\n\n\n\n<p>Para que isso ocorra, as tecnologias utilizadas s\u00e3o adequadas \u00e0 idade: giz de cera, massa de modelar, tinta e materiais n\u00e3o estruturados. Mas quais seriam as tecnologias poss\u00edveis para trazer a aprendizagem criativa para a educa\u00e7\u00e3o b\u00e1sica e superior? Segundo Peres, \u00e9 esse desafio que move a RBAC.&nbsp;<\/p>\n\n\n\n<p>\u201cNa pr\u00e1tica, o professor realiza um projeto com os alunos, refletindo sobre o conhecimento que deseja que eles aprendam e como despertar o interesse no assunto. Ou seja, como conectar o tema \u00e0 paix\u00e3o deles. \u00c9 uma aula de geografia? O aluno pode estudar sobre times de futebol daquele pa\u00eds, ou bandas de rock, ou simular uma viagem pesquisando hot\u00e9is, museus e pontos tur\u00edsticos. Neste projeto, \u00e9 importante respeitar as diferentes formas de express\u00e3o: um grupo pode fazer um v\u00eddeo, outro grupo uma m\u00fasica, um texto\u201d, explica o professor.&nbsp;<\/p>\n\n\n\n<p>Uma forma de avaliar a ado\u00e7\u00e3o da aprendizagem criativa \u00e9 por meio do produto final: se cada grupo apresenta algo completamente diferente dos demais e surpreende o professor, a aprendizagem criativa aconteceu. Tecnologias digitais entram no processo com o mesmo intuito da massinha de modelar na educa\u00e7\u00e3o infantil. <mark style=\"background-color:#ff6900\" class=\"has-inline-color\">Criar algo novo, a partir da pesquisa e do estudo, juntamente com o aux\u00edlio dos professores, \u00e9 o que motiva a abordagem e torna a aprendizagem efetiva.<\/mark>&nbsp;<\/p>\n\n\n\n<p>\u201cMuitos professores j\u00e1 fazem atividades muito alinhadas com a aprendizagem criativa. \u00c0s vezes, se sentem isolados em suas escolas, ou gostariam de mudar sua pr\u00e1tica. A primeira coisa a fazer \u00e9 participar de um n\u00facleo da RBAC. As teorias e conceitos est\u00e3o dispon\u00edveis na internet, mas o valor continua nas pessoas. Ent\u00e3o, esse \u00e9 o primeiro movimento a ser feito: se conecte \u00e0 rede de pessoas\u201d, orienta Peres, que tamb\u00e9m destaca que o reconhecimento da RBAC e da abordagem da aprendizagem criativa pelo FEM ajuda na constru\u00e7\u00e3o de uma vis\u00e3o uniforme do que significa essa abordagem, da sua import\u00e2ncia e impacto efetivo.&nbsp;<\/p>\n\n\n\n<p>\u201cAl\u00e9m dos n\u00facleos como comunidades de pr\u00e1tica, atualmente o programa Escolas Criativas trabalha diretamente com secretarias de educa\u00e7\u00e3o na ado\u00e7\u00e3o sist\u00eamica da aprendizagem criativa em todo Brasil. Esse reconhecimento traz mais for\u00e7a para a ado\u00e7\u00e3o da aprendizagem criativa no Brasil atrav\u00e9s da influ\u00eancia do FEM na constru\u00e7\u00e3o de pol\u00edticas p\u00fablicas. Tamb\u00e9m serve como reflex\u00e3o para que n\u00e3o adotemos essa abordagem pedag\u00f3gica para a cria\u00e7\u00e3o de apenas trabalhadores criativos, mas de cidad\u00e3os criativos, cr\u00edticos e conscientes de seu papel, conhecimento e capacidades\u201d, conclui.&nbsp;<\/p>\n","protected":false},"excerpt":{"rendered":"<p>Conceito surgido a partir da educa\u00e7\u00e3o infantil, aprendizagem criativa colabora para transforma\u00e7\u00f5es na educa\u00e7\u00e3o em diferentes n\u00edveis<\/p>\n","protected":false},"author":3,"featured_media":2784,"comment_status":"open","ping_status":"open","sticky":false,"template":"","format":"standard","meta":{"footnotes":""},"categories":[7],"tags":[274,43],"class_list":["post-2782","post","type-post","status-publish","format-standard","has-post-thumbnail","hentry","category-inspire-se","tag-aprendizagem-criativa","tag-sinepe-rs-2"],"acf":[],"yoast_head":"<!-- This site is optimized with the Yoast SEO plugin v24.6 - https:\/\/yoast.com\/wordpress\/plugins\/seo\/ -->\n<title>Rede de Aprendizagem Criativa integra programa do F\u00f3rum Econ\u00f4mico Mundial<\/title>\n<meta name=\"description\" content=\"Conceito surgido a partir da educa\u00e7\u00e3o infantil, aprendizagem criativa colabora para transforma\u00e7\u00f5es na educa\u00e7\u00e3o em diferentes n\u00edveis\" \/>\n<meta name=\"robots\" content=\"index, follow, max-snippet:-1, max-image-preview:large, max-video-preview:-1\" \/>\n<link rel=\"canonical\" href=\"https:\/\/sinepe-rs.org.br\/educacaoempauta\/inspire-se\/rede-brasileira-de-aprendizagem-criativa-integra-programa-lancado-no-forum-economico-mundial\/\" \/>\n<meta property=\"og:locale\" content=\"pt_BR\" \/>\n<meta property=\"og:type\" content=\"article\" \/>\n<meta property=\"og:title\" content=\"Rede de Aprendizagem Criativa integra programa do F\u00f3rum Econ\u00f4mico Mundial\" \/>\n<meta property=\"og:description\" content=\"Conceito surgido a partir da educa\u00e7\u00e3o infantil, aprendizagem criativa colabora para transforma\u00e7\u00f5es na educa\u00e7\u00e3o em diferentes n\u00edveis\" \/>\n<meta property=\"og:url\" content=\"https:\/\/sinepe-rs.org.br\/educacaoempauta\/inspire-se\/rede-brasileira-de-aprendizagem-criativa-integra-programa-lancado-no-forum-economico-mundial\/\" \/>\n<meta property=\"og:site_name\" content=\"Educa\u00e7\u00e3o em Pauta: Portal de reportagens de Educa\u00e7\u00e3o\" \/>\n<meta property=\"article:published_time\" content=\"2023-02-15T10:03:00+00:00\" \/>\n<meta property=\"article:modified_time\" content=\"2023-02-22T14:59:33+00:00\" \/>\n<meta property=\"og:image\" content=\"https:\/\/sinepe-rs.org.br\/educacaoempauta\/wp-content\/uploads\/2023\/02\/196-AdobeStock_557995010.jpg\" \/>\n\t<meta property=\"og:image:width\" content=\"1366\" \/>\n\t<meta property=\"og:image:height\" content=\"455\" \/>\n\t<meta property=\"og:image:type\" content=\"image\/jpeg\" \/>\n<meta name=\"author\" content=\"Alexandra Zanela\" \/>\n<meta name=\"twitter:card\" content=\"summary_large_image\" \/>\n<meta name=\"twitter:label1\" content=\"Escrito por\" \/>\n\t<meta name=\"twitter:data1\" content=\"Alexandra Zanela\" \/>\n\t<meta name=\"twitter:label2\" content=\"Est. tempo de leitura\" \/>\n\t<meta name=\"twitter:data2\" content=\"7 minutos\" \/>\n<script type=\"application\/ld+json\" class=\"yoast-schema-graph\">{\"@context\":\"https:\/\/schema.org\",\"@graph\":[{\"@type\":\"WebPage\",\"@id\":\"https:\/\/sinepe-rs.org.br\/educacaoempauta\/inspire-se\/rede-brasileira-de-aprendizagem-criativa-integra-programa-lancado-no-forum-economico-mundial\/\",\"url\":\"https:\/\/sinepe-rs.org.br\/educacaoempauta\/inspire-se\/rede-brasileira-de-aprendizagem-criativa-integra-programa-lancado-no-forum-economico-mundial\/\",\"name\":\"Rede de Aprendizagem Criativa integra programa do F\u00f3rum Econ\u00f4mico Mundial\",\"isPartOf\":{\"@id\":\"https:\/\/sinepe-rs.org.br\/educacaoempauta\/#website\"},\"primaryImageOfPage\":{\"@id\":\"https:\/\/sinepe-rs.org.br\/educacaoempauta\/inspire-se\/rede-brasileira-de-aprendizagem-criativa-integra-programa-lancado-no-forum-economico-mundial\/#primaryimage\"},\"image\":{\"@id\":\"https:\/\/sinepe-rs.org.br\/educacaoempauta\/inspire-se\/rede-brasileira-de-aprendizagem-criativa-integra-programa-lancado-no-forum-economico-mundial\/#primaryimage\"},\"thumbnailUrl\":\"https:\/\/sinepe-rs.org.br\/educacaoempauta\/wp-content\/uploads\/2023\/02\/196-AdobeStock_557995010.jpg\",\"datePublished\":\"2023-02-15T10:03:00+00:00\",\"dateModified\":\"2023-02-22T14:59:33+00:00\",\"author\":{\"@id\":\"https:\/\/sinepe-rs.org.br\/educacaoempauta\/#\/schema\/person\/c542073558983d5792101d1b5240d841\"},\"description\":\"Conceito surgido a partir da educa\u00e7\u00e3o infantil, aprendizagem criativa colabora para transforma\u00e7\u00f5es na educa\u00e7\u00e3o em diferentes n\u00edveis\",\"breadcrumb\":{\"@id\":\"https:\/\/sinepe-rs.org.br\/educacaoempauta\/inspire-se\/rede-brasileira-de-aprendizagem-criativa-integra-programa-lancado-no-forum-economico-mundial\/#breadcrumb\"},\"inLanguage\":\"pt-BR\",\"potentialAction\":[{\"@type\":\"ReadAction\",\"target\":[\"https:\/\/sinepe-rs.org.br\/educacaoempauta\/inspire-se\/rede-brasileira-de-aprendizagem-criativa-integra-programa-lancado-no-forum-economico-mundial\/\"]}]},{\"@type\":\"ImageObject\",\"inLanguage\":\"pt-BR\",\"@id\":\"https:\/\/sinepe-rs.org.br\/educacaoempauta\/inspire-se\/rede-brasileira-de-aprendizagem-criativa-integra-programa-lancado-no-forum-economico-mundial\/#primaryimage\",\"url\":\"https:\/\/sinepe-rs.org.br\/educacaoempauta\/wp-content\/uploads\/2023\/02\/196-AdobeStock_557995010.jpg\",\"contentUrl\":\"https:\/\/sinepe-rs.org.br\/educacaoempauta\/wp-content\/uploads\/2023\/02\/196-AdobeStock_557995010.jpg\",\"width\":1366,\"height\":455,\"caption\":\"Rede Brasileira de Aprendizagem Criativa integra programa lan\u00e7ado no F\u00f3rum Econ\u00f4mico Mundial\"},{\"@type\":\"BreadcrumbList\",\"@id\":\"https:\/\/sinepe-rs.org.br\/educacaoempauta\/inspire-se\/rede-brasileira-de-aprendizagem-criativa-integra-programa-lancado-no-forum-economico-mundial\/#breadcrumb\",\"itemListElement\":[{\"@type\":\"ListItem\",\"position\":1,\"name\":\"Home\",\"item\":\"https:\/\/sinepe-rs.org.br\/educacaoempauta\/\"},{\"@type\":\"ListItem\",\"position\":2,\"name\":\"Rede busca ajudar professores a desenvolver a criatividade em sala de aula\"}]},{\"@type\":\"WebSite\",\"@id\":\"https:\/\/sinepe-rs.org.br\/educacaoempauta\/#website\",\"url\":\"https:\/\/sinepe-rs.org.br\/educacaoempauta\/\",\"name\":\"Educa\u00e7\u00e3o em Pauta: Portal de reportagens de Educa\u00e7\u00e3o\",\"description\":\"Sinepe-RS\",\"potentialAction\":[{\"@type\":\"SearchAction\",\"target\":{\"@type\":\"EntryPoint\",\"urlTemplate\":\"https:\/\/sinepe-rs.org.br\/educacaoempauta\/?s={search_term_string}\"},\"query-input\":{\"@type\":\"PropertyValueSpecification\",\"valueRequired\":true,\"valueName\":\"search_term_string\"}}],\"inLanguage\":\"pt-BR\"},{\"@type\":\"Person\",\"@id\":\"https:\/\/sinepe-rs.org.br\/educacaoempauta\/#\/schema\/person\/c542073558983d5792101d1b5240d841\",\"name\":\"Alexandra Zanela\",\"image\":{\"@type\":\"ImageObject\",\"inLanguage\":\"pt-BR\",\"@id\":\"https:\/\/sinepe-rs.org.br\/educacaoempauta\/#\/schema\/person\/image\/\",\"url\":\"https:\/\/secure.gravatar.com\/avatar\/aab8da397152551fad5132b4b20cb891945e7bc931de8d0d72495261a983a371?s=96&d=mm&r=g\",\"contentUrl\":\"https:\/\/secure.gravatar.com\/avatar\/aab8da397152551fad5132b4b20cb891945e7bc931de8d0d72495261a983a371?s=96&d=mm&r=g\",\"caption\":\"Alexandra Zanela\"},\"url\":\"https:\/\/sinepe-rs.org.br\/educacaoempauta\/author\/alexandra\/\"}]}<\/script>\n<!-- \/ Yoast SEO plugin. -->","yoast_head_json":{"title":"Rede de Aprendizagem Criativa integra programa do F\u00f3rum Econ\u00f4mico Mundial","description":"Conceito surgido a partir da educa\u00e7\u00e3o infantil, aprendizagem criativa colabora para transforma\u00e7\u00f5es na educa\u00e7\u00e3o em diferentes n\u00edveis","robots":{"index":"index","follow":"follow","max-snippet":"max-snippet:-1","max-image-preview":"max-image-preview:large","max-video-preview":"max-video-preview:-1"},"canonical":"https:\/\/sinepe-rs.org.br\/educacaoempauta\/inspire-se\/rede-brasileira-de-aprendizagem-criativa-integra-programa-lancado-no-forum-economico-mundial\/","og_locale":"pt_BR","og_type":"article","og_title":"Rede de Aprendizagem Criativa integra programa do F\u00f3rum Econ\u00f4mico Mundial","og_description":"Conceito surgido a partir da educa\u00e7\u00e3o infantil, aprendizagem criativa colabora para transforma\u00e7\u00f5es na educa\u00e7\u00e3o em diferentes n\u00edveis","og_url":"https:\/\/sinepe-rs.org.br\/educacaoempauta\/inspire-se\/rede-brasileira-de-aprendizagem-criativa-integra-programa-lancado-no-forum-economico-mundial\/","og_site_name":"Educa\u00e7\u00e3o em Pauta: Portal de reportagens de Educa\u00e7\u00e3o","article_published_time":"2023-02-15T10:03:00+00:00","article_modified_time":"2023-02-22T14:59:33+00:00","og_image":[{"width":1366,"height":455,"url":"https:\/\/sinepe-rs.org.br\/educacaoempauta\/wp-content\/uploads\/2023\/02\/196-AdobeStock_557995010.jpg","type":"image\/jpeg"}],"author":"Alexandra Zanela","twitter_card":"summary_large_image","twitter_misc":{"Escrito por":"Alexandra Zanela","Est. tempo de leitura":"7 minutos"},"schema":{"@context":"https:\/\/schema.org","@graph":[{"@type":"WebPage","@id":"https:\/\/sinepe-rs.org.br\/educacaoempauta\/inspire-se\/rede-brasileira-de-aprendizagem-criativa-integra-programa-lancado-no-forum-economico-mundial\/","url":"https:\/\/sinepe-rs.org.br\/educacaoempauta\/inspire-se\/rede-brasileira-de-aprendizagem-criativa-integra-programa-lancado-no-forum-economico-mundial\/","name":"Rede de Aprendizagem Criativa integra programa do F\u00f3rum Econ\u00f4mico Mundial","isPartOf":{"@id":"https:\/\/sinepe-rs.org.br\/educacaoempauta\/#website"},"primaryImageOfPage":{"@id":"https:\/\/sinepe-rs.org.br\/educacaoempauta\/inspire-se\/rede-brasileira-de-aprendizagem-criativa-integra-programa-lancado-no-forum-economico-mundial\/#primaryimage"},"image":{"@id":"https:\/\/sinepe-rs.org.br\/educacaoempauta\/inspire-se\/rede-brasileira-de-aprendizagem-criativa-integra-programa-lancado-no-forum-economico-mundial\/#primaryimage"},"thumbnailUrl":"https:\/\/sinepe-rs.org.br\/educacaoempauta\/wp-content\/uploads\/2023\/02\/196-AdobeStock_557995010.jpg","datePublished":"2023-02-15T10:03:00+00:00","dateModified":"2023-02-22T14:59:33+00:00","author":{"@id":"https:\/\/sinepe-rs.org.br\/educacaoempauta\/#\/schema\/person\/c542073558983d5792101d1b5240d841"},"description":"Conceito surgido a partir da educa\u00e7\u00e3o infantil, aprendizagem criativa colabora para transforma\u00e7\u00f5es na educa\u00e7\u00e3o em diferentes n\u00edveis","breadcrumb":{"@id":"https:\/\/sinepe-rs.org.br\/educacaoempauta\/inspire-se\/rede-brasileira-de-aprendizagem-criativa-integra-programa-lancado-no-forum-economico-mundial\/#breadcrumb"},"inLanguage":"pt-BR","potentialAction":[{"@type":"ReadAction","target":["https:\/\/sinepe-rs.org.br\/educacaoempauta\/inspire-se\/rede-brasileira-de-aprendizagem-criativa-integra-programa-lancado-no-forum-economico-mundial\/"]}]},{"@type":"ImageObject","inLanguage":"pt-BR","@id":"https:\/\/sinepe-rs.org.br\/educacaoempauta\/inspire-se\/rede-brasileira-de-aprendizagem-criativa-integra-programa-lancado-no-forum-economico-mundial\/#primaryimage","url":"https:\/\/sinepe-rs.org.br\/educacaoempauta\/wp-content\/uploads\/2023\/02\/196-AdobeStock_557995010.jpg","contentUrl":"https:\/\/sinepe-rs.org.br\/educacaoempauta\/wp-content\/uploads\/2023\/02\/196-AdobeStock_557995010.jpg","width":1366,"height":455,"caption":"Rede Brasileira de Aprendizagem Criativa integra programa lan\u00e7ado no F\u00f3rum Econ\u00f4mico Mundial"},{"@type":"BreadcrumbList","@id":"https:\/\/sinepe-rs.org.br\/educacaoempauta\/inspire-se\/rede-brasileira-de-aprendizagem-criativa-integra-programa-lancado-no-forum-economico-mundial\/#breadcrumb","itemListElement":[{"@type":"ListItem","position":1,"name":"Home","item":"https:\/\/sinepe-rs.org.br\/educacaoempauta\/"},{"@type":"ListItem","position":2,"name":"Rede busca ajudar professores a desenvolver a criatividade em sala de aula"}]},{"@type":"WebSite","@id":"https:\/\/sinepe-rs.org.br\/educacaoempauta\/#website","url":"https:\/\/sinepe-rs.org.br\/educacaoempauta\/","name":"Educa\u00e7\u00e3o em Pauta: Portal de reportagens de Educa\u00e7\u00e3o","description":"Sinepe-RS","potentialAction":[{"@type":"SearchAction","target":{"@type":"EntryPoint","urlTemplate":"https:\/\/sinepe-rs.org.br\/educacaoempauta\/?s={search_term_string}"},"query-input":{"@type":"PropertyValueSpecification","valueRequired":true,"valueName":"search_term_string"}}],"inLanguage":"pt-BR"},{"@type":"Person","@id":"https:\/\/sinepe-rs.org.br\/educacaoempauta\/#\/schema\/person\/c542073558983d5792101d1b5240d841","name":"Alexandra Zanela","image":{"@type":"ImageObject","inLanguage":"pt-BR","@id":"https:\/\/sinepe-rs.org.br\/educacaoempauta\/#\/schema\/person\/image\/","url":"https:\/\/secure.gravatar.com\/avatar\/aab8da397152551fad5132b4b20cb891945e7bc931de8d0d72495261a983a371?s=96&d=mm&r=g","contentUrl":"https:\/\/secure.gravatar.com\/avatar\/aab8da397152551fad5132b4b20cb891945e7bc931de8d0d72495261a983a371?s=96&d=mm&r=g","caption":"Alexandra Zanela"},"url":"https:\/\/sinepe-rs.org.br\/educacaoempauta\/author\/alexandra\/"}]}},"_links":{"self":[{"href":"https:\/\/sinepe-rs.org.br\/educacaoempauta\/wp-json\/wp\/v2\/posts\/2782","targetHints":{"allow":["GET"]}}],"collection":[{"href":"https:\/\/sinepe-rs.org.br\/educacaoempauta\/wp-json\/wp\/v2\/posts"}],"about":[{"href":"https:\/\/sinepe-rs.org.br\/educacaoempauta\/wp-json\/wp\/v2\/types\/post"}],"author":[{"embeddable":true,"href":"https:\/\/sinepe-rs.org.br\/educacaoempauta\/wp-json\/wp\/v2\/users\/3"}],"replies":[{"embeddable":true,"href":"https:\/\/sinepe-rs.org.br\/educacaoempauta\/wp-json\/wp\/v2\/comments?post=2782"}],"version-history":[{"count":5,"href":"https:\/\/sinepe-rs.org.br\/educacaoempauta\/wp-json\/wp\/v2\/posts\/2782\/revisions"}],"predecessor-version":[{"id":2811,"href":"https:\/\/sinepe-rs.org.br\/educacaoempauta\/wp-json\/wp\/v2\/posts\/2782\/revisions\/2811"}],"wp:featuredmedia":[{"embeddable":true,"href":"https:\/\/sinepe-rs.org.br\/educacaoempauta\/wp-json\/wp\/v2\/media\/2784"}],"wp:attachment":[{"href":"https:\/\/sinepe-rs.org.br\/educacaoempauta\/wp-json\/wp\/v2\/media?parent=2782"}],"wp:term":[{"taxonomy":"category","embeddable":true,"href":"https:\/\/sinepe-rs.org.br\/educacaoempauta\/wp-json\/wp\/v2\/categories?post=2782"},{"taxonomy":"post_tag","embeddable":true,"href":"https:\/\/sinepe-rs.org.br\/educacaoempauta\/wp-json\/wp\/v2\/tags?post=2782"}],"curies":[{"name":"wp","href":"https:\/\/api.w.org\/{rel}","templated":true}]}}