{"id":2830,"date":"2023-03-01T07:07:00","date_gmt":"2023-03-01T10:07:00","guid":{"rendered":"https:\/\/sinepe-rs.org.br\/educacaoempauta\/?p=2830"},"modified":"2023-03-10T09:18:26","modified_gmt":"2023-03-10T12:18:26","slug":"intercambios-na-educacao-no-pos-pandemia-o-que-mudou","status":"publish","type":"post","link":"https:\/\/sinepe-rs.org.br\/educacaoempauta\/tendencias\/intercambios-na-educacao-no-pos-pandemia-o-que-mudou\/","title":{"rendered":"Interc\u00e2mbios na educa\u00e7\u00e3o no p\u00f3s-pandemia: o que mudou?"},"content":{"rendered":"\n<p>O interc\u00e2mbio nada mais \u00e9 do que a reciprocidade de rela\u00e7\u00f5es entre na\u00e7\u00f5es. Na educa\u00e7\u00e3o \u00e9 muito comum estar associado \u00e0s experi\u00eancias presenciais em outros pa\u00edses. Devido \u00e0 necessidade de criar solu\u00e7\u00f5es em meio \u00e0 pandemia, essa forma de aprender ganhou variados dispositivos online.<\/p>\n\n\n\n<p>A coordenadora Regional da Associa\u00e7\u00e3o Brasileira de Ag\u00eancias de Interc\u00e2mbio (Belta) no RS, Carla Mussoi, comenta que durante o isolamento social, as institui\u00e7\u00f5es de ensino do exterior come\u00e7aram a desenvolver suas pr\u00f3prias plataformas online. No Brasil, as aulas virtuais em grupo, com estudantes internacionais, se difundiram.&nbsp;<\/p>\n\n\n\n<p>Com a pandemia mais controlada, o presencial apresenta indicativos de normalidade. A pesquisa de mercado Selo Belta 2022, que contempla os meses de janeiro a setembro de 2022, indica que o envio de estudantes para o exterior obteve uma m\u00e9dia de crescimento de 13% comparado ao ano de 2019. Nesse mesmo per\u00edodo, em 2022, foram enviados 327,1 mil alunos para realizar a experi\u00eancia. Em 2019, foram 289,5 mil, no mesmo per\u00edodo de janeiro a setembro&nbsp;<\/p>\n\n\n\n<p>Por\u00e9m, Carla acredita que muitos alunos gostaram da metodologia de ensino no virtual, o que permitiu abrir novas fronteiras. Ela frisa que <mark style=\"background-color:#ff6900\" class=\"has-inline-color\">muitas universidades norte-americanas transformaram seus cursos presenciais para o virtual, facilitando o acesso de pessoas de diversas partes do mundo.<\/mark>&nbsp;<\/p>\n\n\n\n<p>Em rela\u00e7\u00e3o \u00e0 educa\u00e7\u00e3o b\u00e1sica, ela comenta que muitas escolas possuem parcerias com ag\u00eancias de interc\u00e2mbios e, agora, \u00e9 vi\u00e1vel aprender no formato omnichannel, ou seja, iniciar um interc\u00e2mbio no virtual e terminar no presencial. \u201cOs alunos podem estar tanto nas pr\u00f3prias salas de aula, como tamb\u00e9m aprender online por meio de uma c\u00e2mera no computador de casa\u201d, exemplifica.&nbsp;<\/p>\n\n\n\n<p><strong>Lives para conhecer as institui\u00e7\u00f5es estrangeiras<\/strong><\/p>\n\n\n\n<p>Uma representativa mudan\u00e7a aconteceu no Col\u00e9gio Sinodal por meio das lives promovidas por institui\u00e7\u00f5es de ensino de fora do pa\u00eds. A partir desta iniciativa, os alunos do 9\u00b0 ano do Ensino Fundamental e do Ensino M\u00e9dio est\u00e3o, constantemente, escolhendo quais ser\u00e3o seus destinos.&nbsp;<\/p>\n\n\n\n<p>Um dos pa\u00edses que o Sinodal possui parceria \u00e9 a Alemanha, com um contato direto com o governo alem\u00e3o, o que permite uma maior integra\u00e7\u00e3o. \u201cAs universidades de l\u00e1 se apresentam e comentam seus crit\u00e9rios para que os estudantes possam se decidir. Isso tem sido muito positivo&#8221;, relata a coordenadora pedag\u00f3gica do Col\u00e9gio Sinodal, Merlinde Kohl.<\/p>\n\n\n\n<p>Outra na\u00e7\u00e3o com esse tipo de envolvimento \u00e9 os Estados Unidos. O v\u00ednculo est\u00e1 atrelado a uma empresa de um ex-aluno do col\u00e9gio, respons\u00e1vel pela media\u00e7\u00e3o entre os alunos e os representantes das universidades norte-americanas. \u201cTudo isso facilitou muito o interc\u00e2mbio, antes tinha que ser tudo presencial. Virtualmente, os estudantes conseguem obter, de maneira pr\u00e9via, muitas informa\u00e7\u00f5es para estudar no exterior\u201d, constata.<\/p>\n\n\n\n<p>&gt;&gt; <em><strong>Veja o v\u00eddeo com a explica\u00e7\u00e3o de como s\u00e3o os interc\u00e2mbios no Col\u00e9gio<\/strong><\/em><\/p>\n\n\n\n<figure class=\"wp-block-embed is-type-video is-provider-youtube wp-block-embed-youtube wp-embed-aspect-16-9 wp-has-aspect-ratio\"><div class=\"wp-block-embed__wrapper\">\n<iframe loading=\"lazy\" title=\"Voc\u00ea sabia que aqui do Sinodal voc\u00ea sai preparado para entrar nas melhores universidades do mundo?\" width=\"500\" height=\"281\" src=\"https:\/\/www.youtube.com\/embed\/oRsku5I---s?feature=oembed\" frameborder=\"0\" allow=\"accelerometer; autoplay; clipboard-write; encrypted-media; gyroscope; picture-in-picture; web-share\" referrerpolicy=\"strict-origin-when-cross-origin\" allowfullscreen><\/iframe>\n<\/div><\/figure>\n\n\n\n<p><strong>Mobilidade virtual: uma oportunidade inclusiva<\/strong><\/p>\n\n\n\n<p>\u201cA mobilidade virtual veio para ficar\u201d. \u00c9 o que acredita a l\u00edder do Centro Internacional de Hospitalidade da Unilasalle, Gabriela Pedroso. Origin\u00e1rio no per\u00edodo de pandemia, esse modo de estudar est\u00e1 dispon\u00edvel para os alunos da universidade a cada in\u00edcio de semestre, quando ocorrem as aberturas dos editais.&nbsp;<\/p>\n\n\n\n<p>Por participar da Organiza\u00e7\u00e3o das Universidades Cat\u00f3licas da Am\u00e9rica Latina e do Caribe (Oducal), a Unilasalle j\u00e1 possu\u00eda uma estrutura robusta de interc\u00e2mbios, o que possibilitou uma grande oferta de institui\u00e7\u00f5es estrangeiras, al\u00e9m de uma r\u00e1pida migra\u00e7\u00e3o para o virtual. Ao todo, s\u00e3o mais de 100 universidades conveniadas pelo mundo.<\/p>\n\n\n\n<p>Atualmente, Gabriela comenta que, em sua ess\u00eancia, s\u00e3o dois tipos de p\u00fablicos de alunos que usufruem da mobilidade virtual. \u201cAqueles que n\u00e3o t\u00eam condi\u00e7\u00f5es financeiras para ir ao exterior e aqueles que n\u00e3o possuem tanto tempo dispon\u00edvel para viagens com maior dura\u00e7\u00e3o\u201d, sinaliza.<\/p>\n\n\n\n<p><mark style=\"background-color:#ff6900\" class=\"has-inline-color\">Mesmo com a volta mais consistente dos interc\u00e2mbios presenciais, a mobilidade virtual segue com espa\u00e7o garantido tanto na gradua\u00e7\u00e3o quanto na p\u00f3s-gradua\u00e7\u00e3o.<\/mark> Gabriela lembra de uma aluna do M\u00e9xico, da Univar, de Guadalajara, uma institui\u00e7\u00e3o vinculada \u00e0 Oducal. Recentemente, ela concluiu o MBA de Marketing pela Unilasalle sem ter vindo uma vez ao Brasil. Ali\u00e1s, sua solenidade de cola\u00e7\u00e3o foi \u00e0 dist\u00e2ncia.<\/p>\n\n\n\n<p>Outro caso recordado foi de um estudante brasileiro do curso de gradua\u00e7\u00e3o de Direito que se beneficiou da plataforma de mobilidade virtual para realizar duas disciplinas, uma na Argentina e outra na Col\u00f4mbia. \u201cJ\u00e1 at\u00e9 solicitou o certificado, os comprovantes e o diploma para continuar seus estudos no Chile\u201d, complementa.<\/p>\n\n\n\n<p>&gt;&gt; <em><strong>Confira o v\u00eddeo sobre o bate-papo sobre a Mobilidade Acad\u00eamica<\/strong><\/em>:<\/p>\n\n\n\n<figure class=\"wp-block-embed is-type-video is-provider-youtube wp-block-embed-youtube wp-embed-aspect-16-9 wp-has-aspect-ratio\"><div class=\"wp-block-embed__wrapper\">\n<iframe loading=\"lazy\" title=\"Bate Papo Mobilidade Acad\u00eamica\" width=\"500\" height=\"281\" src=\"https:\/\/www.youtube.com\/embed\/GuWyEB5rySs?feature=oembed\" frameborder=\"0\" allow=\"accelerometer; autoplay; clipboard-write; encrypted-media; gyroscope; picture-in-picture; web-share\" referrerpolicy=\"strict-origin-when-cross-origin\" allowfullscreen><\/iframe>\n<\/div><\/figure>\n\n\n\n<p><strong>Potencializar projetos de pesquisas<\/strong><\/p>\n\n\n\n<p>O modo de colabora\u00e7\u00e3o na \u00e1rea de pesquisa teve impactos relevantes no Instituto Ivoti. Por meio do conv\u00eanio com a Universidade Friedrich Schiller de Jena, da Alemanha, os horizontes foram ampliados por meio de recursos virtuais.<\/p>\n\n\n\n<p>Os alunos da gradua\u00e7\u00e3o de licenciatura de Letras Portugu\u00eas e Alem\u00e3o participam do projeto FLinKUS, que \u00e9 focado na aprendizagem por meio da pesquisa. A iniciativa envolve institui\u00e7\u00f5es da Am\u00e9rica Latina, como a Universidade do Estado do Rio de Janeiro (UERJ), a Universidade Federal do Rio de Janeiro (UFRJ), a Universidade Nacional de C\u00f3rdoba (UNC) e a Universidade Nacional de Assun\u00e7\u00e3o (UNA).&nbsp;<\/p>\n\n\n\n<p>No FLinKUS, os estudos est\u00e3o relacionados \u00e0s formas de proporcionar ensino de qualidade a pessoas que querem aprender o idioma alem\u00e3o. Al\u00e9m de se envolverem nessa iniciativa, uma grande vantagem para os estudantes de Letras que participam deste projeto \u00e9 o aproveitamento do conte\u00fado produzido para os seus respectivos TCCs.<\/p>\n\n\n\n<p>Segundo o diretor geral do Instituto Ivoti, Everton Augustin, os resultados alcan\u00e7ados s\u00e3o excelentes. Os encontros virtuais permitem \u201cp\u00f4r em dia\u201d o andamento das pesquisas, com trocas de informa\u00e7\u00f5es com a universidade alem\u00e3. \u201cCertamente, potencializou os estudos e, semanalmente, s\u00e3o realizadas as videochamadas, que funcionam muito bem\u201d, relata.&nbsp;<\/p>\n","protected":false},"excerpt":{"rendered":"<p>Diante do isolamento social, muitos recursos online foram desenvolvidos para manter a experi\u00eancia do ensino no exterior, o que se tornou um h\u00e1bito nos dias atuais <\/p>\n","protected":false},"author":3,"featured_media":2837,"comment_status":"open","ping_status":"open","sticky":false,"template":"","format":"standard","meta":{"footnotes":""},"categories":[8],"tags":[281,31,43],"class_list":["post-2830","post","type-post","status-publish","format-standard","has-post-thumbnail","hentry","category-tendencias","tag-intercambio","tag-pos-pandemia-2","tag-sinepe-rs-2"],"acf":[],"yoast_head":"<!-- This site is optimized with the Yoast SEO plugin v24.6 - https:\/\/yoast.com\/wordpress\/plugins\/seo\/ -->\n<title>Interc\u00e2mbios na educa\u00e7\u00e3o no p\u00f3s-pandemia: o que mudou?<\/title>\n<meta name=\"description\" content=\"Diante do isolamento social, muitos recursos online foram desenvolvidos para manter a experi\u00eancia do ensino no exterior\" \/>\n<meta name=\"robots\" content=\"index, follow, max-snippet:-1, max-image-preview:large, max-video-preview:-1\" \/>\n<link rel=\"canonical\" href=\"https:\/\/sinepe-rs.org.br\/educacaoempauta\/tendencias\/intercambios-na-educacao-no-pos-pandemia-o-que-mudou\/\" \/>\n<meta property=\"og:locale\" content=\"pt_BR\" \/>\n<meta property=\"og:type\" content=\"article\" \/>\n<meta property=\"og:title\" content=\"Interc\u00e2mbios na educa\u00e7\u00e3o no p\u00f3s-pandemia: o que mudou?\" \/>\n<meta property=\"og:description\" content=\"Diante do isolamento social, muitos recursos online foram desenvolvidos para manter a experi\u00eancia do ensino no exterior\" \/>\n<meta property=\"og:url\" content=\"https:\/\/sinepe-rs.org.br\/educacaoempauta\/tendencias\/intercambios-na-educacao-no-pos-pandemia-o-que-mudou\/\" \/>\n<meta property=\"og:site_name\" content=\"Educa\u00e7\u00e3o em Pauta: Portal de reportagens de Educa\u00e7\u00e3o\" \/>\n<meta property=\"article:published_time\" content=\"2023-03-01T10:07:00+00:00\" \/>\n<meta property=\"article:modified_time\" content=\"2023-03-10T12:18:26+00:00\" \/>\n<meta property=\"og:image\" content=\"https:\/\/sinepe-rs.org.br\/educacaoempauta\/wp-content\/uploads\/2023\/02\/189_Intercambio_pos-pandemia_-_AdobeStock_374848491.jpg\" \/>\n\t<meta property=\"og:image:width\" content=\"1368\" \/>\n\t<meta property=\"og:image:height\" content=\"455\" \/>\n\t<meta property=\"og:image:type\" content=\"image\/jpeg\" \/>\n<meta name=\"author\" content=\"Alexandra Zanela\" \/>\n<meta name=\"twitter:card\" content=\"summary_large_image\" \/>\n<meta name=\"twitter:label1\" content=\"Escrito por\" \/>\n\t<meta name=\"twitter:data1\" content=\"Alexandra Zanela\" \/>\n\t<meta name=\"twitter:label2\" content=\"Est. tempo de leitura\" \/>\n\t<meta name=\"twitter:data2\" content=\"6 minutos\" \/>\n<script type=\"application\/ld+json\" class=\"yoast-schema-graph\">{\"@context\":\"https:\/\/schema.org\",\"@graph\":[{\"@type\":\"WebPage\",\"@id\":\"https:\/\/sinepe-rs.org.br\/educacaoempauta\/tendencias\/intercambios-na-educacao-no-pos-pandemia-o-que-mudou\/\",\"url\":\"https:\/\/sinepe-rs.org.br\/educacaoempauta\/tendencias\/intercambios-na-educacao-no-pos-pandemia-o-que-mudou\/\",\"name\":\"Interc\u00e2mbios na educa\u00e7\u00e3o no p\u00f3s-pandemia: o que mudou?\",\"isPartOf\":{\"@id\":\"https:\/\/sinepe-rs.org.br\/educacaoempauta\/#website\"},\"primaryImageOfPage\":{\"@id\":\"https:\/\/sinepe-rs.org.br\/educacaoempauta\/tendencias\/intercambios-na-educacao-no-pos-pandemia-o-que-mudou\/#primaryimage\"},\"image\":{\"@id\":\"https:\/\/sinepe-rs.org.br\/educacaoempauta\/tendencias\/intercambios-na-educacao-no-pos-pandemia-o-que-mudou\/#primaryimage\"},\"thumbnailUrl\":\"https:\/\/sinepe-rs.org.br\/educacaoempauta\/wp-content\/uploads\/2023\/02\/189_Intercambio_pos-pandemia_-_AdobeStock_374848491.jpg\",\"datePublished\":\"2023-03-01T10:07:00+00:00\",\"dateModified\":\"2023-03-10T12:18:26+00:00\",\"author\":{\"@id\":\"https:\/\/sinepe-rs.org.br\/educacaoempauta\/#\/schema\/person\/c542073558983d5792101d1b5240d841\"},\"description\":\"Diante do isolamento social, muitos recursos online foram desenvolvidos para manter a experi\u00eancia do ensino no exterior\",\"breadcrumb\":{\"@id\":\"https:\/\/sinepe-rs.org.br\/educacaoempauta\/tendencias\/intercambios-na-educacao-no-pos-pandemia-o-que-mudou\/#breadcrumb\"},\"inLanguage\":\"pt-BR\",\"potentialAction\":[{\"@type\":\"ReadAction\",\"target\":[\"https:\/\/sinepe-rs.org.br\/educacaoempauta\/tendencias\/intercambios-na-educacao-no-pos-pandemia-o-que-mudou\/\"]}]},{\"@type\":\"ImageObject\",\"inLanguage\":\"pt-BR\",\"@id\":\"https:\/\/sinepe-rs.org.br\/educacaoempauta\/tendencias\/intercambios-na-educacao-no-pos-pandemia-o-que-mudou\/#primaryimage\",\"url\":\"https:\/\/sinepe-rs.org.br\/educacaoempauta\/wp-content\/uploads\/2023\/02\/189_Intercambio_pos-pandemia_-_AdobeStock_374848491.jpg\",\"contentUrl\":\"https:\/\/sinepe-rs.org.br\/educacaoempauta\/wp-content\/uploads\/2023\/02\/189_Intercambio_pos-pandemia_-_AdobeStock_374848491.jpg\",\"width\":1368,\"height\":455,\"caption\":\"Interc\u00e2mbios na educa\u00e7\u00e3o no p\u00f3s-pandemia: o que mudou?\"},{\"@type\":\"BreadcrumbList\",\"@id\":\"https:\/\/sinepe-rs.org.br\/educacaoempauta\/tendencias\/intercambios-na-educacao-no-pos-pandemia-o-que-mudou\/#breadcrumb\",\"itemListElement\":[{\"@type\":\"ListItem\",\"position\":1,\"name\":\"Home\",\"item\":\"https:\/\/sinepe-rs.org.br\/educacaoempauta\/\"},{\"@type\":\"ListItem\",\"position\":2,\"name\":\"Interc\u00e2mbios na educa\u00e7\u00e3o no p\u00f3s-pandemia: o que mudou?\"}]},{\"@type\":\"WebSite\",\"@id\":\"https:\/\/sinepe-rs.org.br\/educacaoempauta\/#website\",\"url\":\"https:\/\/sinepe-rs.org.br\/educacaoempauta\/\",\"name\":\"Educa\u00e7\u00e3o em Pauta: Portal de reportagens de Educa\u00e7\u00e3o\",\"description\":\"Sinepe-RS\",\"potentialAction\":[{\"@type\":\"SearchAction\",\"target\":{\"@type\":\"EntryPoint\",\"urlTemplate\":\"https:\/\/sinepe-rs.org.br\/educacaoempauta\/?s={search_term_string}\"},\"query-input\":{\"@type\":\"PropertyValueSpecification\",\"valueRequired\":true,\"valueName\":\"search_term_string\"}}],\"inLanguage\":\"pt-BR\"},{\"@type\":\"Person\",\"@id\":\"https:\/\/sinepe-rs.org.br\/educacaoempauta\/#\/schema\/person\/c542073558983d5792101d1b5240d841\",\"name\":\"Alexandra Zanela\",\"image\":{\"@type\":\"ImageObject\",\"inLanguage\":\"pt-BR\",\"@id\":\"https:\/\/sinepe-rs.org.br\/educacaoempauta\/#\/schema\/person\/image\/\",\"url\":\"https:\/\/secure.gravatar.com\/avatar\/aab8da397152551fad5132b4b20cb891945e7bc931de8d0d72495261a983a371?s=96&d=mm&r=g\",\"contentUrl\":\"https:\/\/secure.gravatar.com\/avatar\/aab8da397152551fad5132b4b20cb891945e7bc931de8d0d72495261a983a371?s=96&d=mm&r=g\",\"caption\":\"Alexandra Zanela\"},\"url\":\"https:\/\/sinepe-rs.org.br\/educacaoempauta\/author\/alexandra\/\"}]}<\/script>\n<!-- \/ Yoast SEO plugin. -->","yoast_head_json":{"title":"Interc\u00e2mbios na educa\u00e7\u00e3o no p\u00f3s-pandemia: o que mudou?","description":"Diante do isolamento social, muitos recursos online foram desenvolvidos para manter a experi\u00eancia do ensino no exterior","robots":{"index":"index","follow":"follow","max-snippet":"max-snippet:-1","max-image-preview":"max-image-preview:large","max-video-preview":"max-video-preview:-1"},"canonical":"https:\/\/sinepe-rs.org.br\/educacaoempauta\/tendencias\/intercambios-na-educacao-no-pos-pandemia-o-que-mudou\/","og_locale":"pt_BR","og_type":"article","og_title":"Interc\u00e2mbios na educa\u00e7\u00e3o no p\u00f3s-pandemia: o que mudou?","og_description":"Diante do isolamento social, muitos recursos online foram desenvolvidos para manter a experi\u00eancia do ensino no exterior","og_url":"https:\/\/sinepe-rs.org.br\/educacaoempauta\/tendencias\/intercambios-na-educacao-no-pos-pandemia-o-que-mudou\/","og_site_name":"Educa\u00e7\u00e3o em Pauta: Portal de reportagens de Educa\u00e7\u00e3o","article_published_time":"2023-03-01T10:07:00+00:00","article_modified_time":"2023-03-10T12:18:26+00:00","og_image":[{"width":1368,"height":455,"url":"https:\/\/sinepe-rs.org.br\/educacaoempauta\/wp-content\/uploads\/2023\/02\/189_Intercambio_pos-pandemia_-_AdobeStock_374848491.jpg","type":"image\/jpeg"}],"author":"Alexandra Zanela","twitter_card":"summary_large_image","twitter_misc":{"Escrito por":"Alexandra Zanela","Est. tempo de leitura":"6 minutos"},"schema":{"@context":"https:\/\/schema.org","@graph":[{"@type":"WebPage","@id":"https:\/\/sinepe-rs.org.br\/educacaoempauta\/tendencias\/intercambios-na-educacao-no-pos-pandemia-o-que-mudou\/","url":"https:\/\/sinepe-rs.org.br\/educacaoempauta\/tendencias\/intercambios-na-educacao-no-pos-pandemia-o-que-mudou\/","name":"Interc\u00e2mbios na educa\u00e7\u00e3o no p\u00f3s-pandemia: o que mudou?","isPartOf":{"@id":"https:\/\/sinepe-rs.org.br\/educacaoempauta\/#website"},"primaryImageOfPage":{"@id":"https:\/\/sinepe-rs.org.br\/educacaoempauta\/tendencias\/intercambios-na-educacao-no-pos-pandemia-o-que-mudou\/#primaryimage"},"image":{"@id":"https:\/\/sinepe-rs.org.br\/educacaoempauta\/tendencias\/intercambios-na-educacao-no-pos-pandemia-o-que-mudou\/#primaryimage"},"thumbnailUrl":"https:\/\/sinepe-rs.org.br\/educacaoempauta\/wp-content\/uploads\/2023\/02\/189_Intercambio_pos-pandemia_-_AdobeStock_374848491.jpg","datePublished":"2023-03-01T10:07:00+00:00","dateModified":"2023-03-10T12:18:26+00:00","author":{"@id":"https:\/\/sinepe-rs.org.br\/educacaoempauta\/#\/schema\/person\/c542073558983d5792101d1b5240d841"},"description":"Diante do isolamento social, muitos recursos online foram desenvolvidos para manter a experi\u00eancia do ensino no exterior","breadcrumb":{"@id":"https:\/\/sinepe-rs.org.br\/educacaoempauta\/tendencias\/intercambios-na-educacao-no-pos-pandemia-o-que-mudou\/#breadcrumb"},"inLanguage":"pt-BR","potentialAction":[{"@type":"ReadAction","target":["https:\/\/sinepe-rs.org.br\/educacaoempauta\/tendencias\/intercambios-na-educacao-no-pos-pandemia-o-que-mudou\/"]}]},{"@type":"ImageObject","inLanguage":"pt-BR","@id":"https:\/\/sinepe-rs.org.br\/educacaoempauta\/tendencias\/intercambios-na-educacao-no-pos-pandemia-o-que-mudou\/#primaryimage","url":"https:\/\/sinepe-rs.org.br\/educacaoempauta\/wp-content\/uploads\/2023\/02\/189_Intercambio_pos-pandemia_-_AdobeStock_374848491.jpg","contentUrl":"https:\/\/sinepe-rs.org.br\/educacaoempauta\/wp-content\/uploads\/2023\/02\/189_Intercambio_pos-pandemia_-_AdobeStock_374848491.jpg","width":1368,"height":455,"caption":"Interc\u00e2mbios na educa\u00e7\u00e3o no p\u00f3s-pandemia: o que mudou?"},{"@type":"BreadcrumbList","@id":"https:\/\/sinepe-rs.org.br\/educacaoempauta\/tendencias\/intercambios-na-educacao-no-pos-pandemia-o-que-mudou\/#breadcrumb","itemListElement":[{"@type":"ListItem","position":1,"name":"Home","item":"https:\/\/sinepe-rs.org.br\/educacaoempauta\/"},{"@type":"ListItem","position":2,"name":"Interc\u00e2mbios na educa\u00e7\u00e3o no p\u00f3s-pandemia: o que mudou?"}]},{"@type":"WebSite","@id":"https:\/\/sinepe-rs.org.br\/educacaoempauta\/#website","url":"https:\/\/sinepe-rs.org.br\/educacaoempauta\/","name":"Educa\u00e7\u00e3o em Pauta: Portal de reportagens de Educa\u00e7\u00e3o","description":"Sinepe-RS","potentialAction":[{"@type":"SearchAction","target":{"@type":"EntryPoint","urlTemplate":"https:\/\/sinepe-rs.org.br\/educacaoempauta\/?s={search_term_string}"},"query-input":{"@type":"PropertyValueSpecification","valueRequired":true,"valueName":"search_term_string"}}],"inLanguage":"pt-BR"},{"@type":"Person","@id":"https:\/\/sinepe-rs.org.br\/educacaoempauta\/#\/schema\/person\/c542073558983d5792101d1b5240d841","name":"Alexandra Zanela","image":{"@type":"ImageObject","inLanguage":"pt-BR","@id":"https:\/\/sinepe-rs.org.br\/educacaoempauta\/#\/schema\/person\/image\/","url":"https:\/\/secure.gravatar.com\/avatar\/aab8da397152551fad5132b4b20cb891945e7bc931de8d0d72495261a983a371?s=96&d=mm&r=g","contentUrl":"https:\/\/secure.gravatar.com\/avatar\/aab8da397152551fad5132b4b20cb891945e7bc931de8d0d72495261a983a371?s=96&d=mm&r=g","caption":"Alexandra Zanela"},"url":"https:\/\/sinepe-rs.org.br\/educacaoempauta\/author\/alexandra\/"}]}},"_links":{"self":[{"href":"https:\/\/sinepe-rs.org.br\/educacaoempauta\/wp-json\/wp\/v2\/posts\/2830","targetHints":{"allow":["GET"]}}],"collection":[{"href":"https:\/\/sinepe-rs.org.br\/educacaoempauta\/wp-json\/wp\/v2\/posts"}],"about":[{"href":"https:\/\/sinepe-rs.org.br\/educacaoempauta\/wp-json\/wp\/v2\/types\/post"}],"author":[{"embeddable":true,"href":"https:\/\/sinepe-rs.org.br\/educacaoempauta\/wp-json\/wp\/v2\/users\/3"}],"replies":[{"embeddable":true,"href":"https:\/\/sinepe-rs.org.br\/educacaoempauta\/wp-json\/wp\/v2\/comments?post=2830"}],"version-history":[{"count":7,"href":"https:\/\/sinepe-rs.org.br\/educacaoempauta\/wp-json\/wp\/v2\/posts\/2830\/revisions"}],"predecessor-version":[{"id":2896,"href":"https:\/\/sinepe-rs.org.br\/educacaoempauta\/wp-json\/wp\/v2\/posts\/2830\/revisions\/2896"}],"wp:featuredmedia":[{"embeddable":true,"href":"https:\/\/sinepe-rs.org.br\/educacaoempauta\/wp-json\/wp\/v2\/media\/2837"}],"wp:attachment":[{"href":"https:\/\/sinepe-rs.org.br\/educacaoempauta\/wp-json\/wp\/v2\/media?parent=2830"}],"wp:term":[{"taxonomy":"category","embeddable":true,"href":"https:\/\/sinepe-rs.org.br\/educacaoempauta\/wp-json\/wp\/v2\/categories?post=2830"},{"taxonomy":"post_tag","embeddable":true,"href":"https:\/\/sinepe-rs.org.br\/educacaoempauta\/wp-json\/wp\/v2\/tags?post=2830"}],"curies":[{"name":"wp","href":"https:\/\/api.w.org\/{rel}","templated":true}]}}