{"id":2921,"date":"2023-03-17T07:02:00","date_gmt":"2023-03-17T10:02:00","guid":{"rendered":"https:\/\/sinepe-rs.org.br\/educacaoempauta\/?p=2921"},"modified":"2023-07-31T11:05:51","modified_gmt":"2023-07-31T14:05:51","slug":"a-formacao-docente-no-seculo-xxi-personalizacao-e-coletividade","status":"publish","type":"post","link":"https:\/\/sinepe-rs.org.br\/educacaoempauta\/pedagogico\/a-formacao-docente-no-seculo-xxi-personalizacao-e-coletividade\/","title":{"rendered":"A forma\u00e7\u00e3o docente no s\u00e9culo XXI: personaliza\u00e7\u00e3o e coletividade"},"content":{"rendered":"\n<div class=\"wp-block-media-text alignwide is-stacked-on-mobile\" style=\"grid-template-columns:22% auto\"><figure class=\"wp-block-media-text__media\"><img loading=\"lazy\" decoding=\"async\" width=\"683\" height=\"1024\" src=\"https:\/\/sinepe-rs.org.br\/educacaoempauta\/wp-content\/uploads\/2023\/03\/SINEPE-06092022-0198-683x1024.jpg\" alt=\"\" class=\"wp-image-2924 size-full\" srcset=\"https:\/\/sinepe-rs.org.br\/educacaoempauta\/wp-content\/uploads\/2023\/03\/SINEPE-06092022-0198-683x1024.jpg 683w, https:\/\/sinepe-rs.org.br\/educacaoempauta\/wp-content\/uploads\/2023\/03\/SINEPE-06092022-0198-200x300.jpg 200w, https:\/\/sinepe-rs.org.br\/educacaoempauta\/wp-content\/uploads\/2023\/03\/SINEPE-06092022-0198-768x1152.jpg 768w, https:\/\/sinepe-rs.org.br\/educacaoempauta\/wp-content\/uploads\/2023\/03\/SINEPE-06092022-0198-1024x1536.jpg 1024w, https:\/\/sinepe-rs.org.br\/educacaoempauta\/wp-content\/uploads\/2023\/03\/SINEPE-06092022-0198-1365x2048.jpg 1365w, https:\/\/sinepe-rs.org.br\/educacaoempauta\/wp-content\/uploads\/2023\/03\/SINEPE-06092022-0198-scaled.jpg 1707w\" sizes=\"auto, (max-width: 683px) 100vw, 683px\" \/><\/figure><div class=\"wp-block-media-text__content\">\n<p style=\"font-size:14px\"><strong>Mar\u00edcia Ferri<\/strong><\/p>\n\n\n\n<p style=\"font-size:14px\">Doutora em Educa\u00e7\u00e3o, atua h\u00e1 mais de 20 anos na \u00e1rea educacional, com \u00eanfase em Gest\u00e3o Escolar. Cocriadora da Escola de Professores Inquietos. Diretora Pedag\u00f3gica do Col\u00e9gio Farroupilha e membro da Diretoria do SINEPE\/RS<\/p>\n<\/div><\/div>\n\n\n\n<p>Para discutirmos a tem\u00e1tica da forma\u00e7\u00e3o continuada dos profissionais que atuam na Educa\u00e7\u00e3o B\u00e1sica, \u00e9 preciso, antes de qualquer coisa, considerar sua previs\u00e3o na Lei de Diretrizes e Bases da Educa\u00e7\u00e3o Brasileira (LDB), de 1996. A inser\u00e7\u00e3o e a garantia dessa pr\u00e1tica no texto do dispositivo legal atribuem \u00e0 forma\u00e7\u00e3o dos profissionais da educa\u00e7\u00e3o n\u00e3o apenas um aspecto fundamental, mas um car\u00e1ter necess\u00e1rio frente \u00e0s m\u00faltiplas e incessantes mudan\u00e7as impostas pela contemporaneidade. E s\u00e3o esses desafios que nos convidam a uma atua\u00e7\u00e3o conjunta e epistemologicamente embasada na garantia da educa\u00e7\u00e3o e do desenvolvimento de nossas crian\u00e7as e de nossos jovens.<\/p>\n\n\n\n<figure class=\"wp-block-pullquote has-small-font-size\"><blockquote><p><strong>&#8220;A personaliza\u00e7\u00e3o da\u00a0forma\u00e7\u00e3o\u00a0docente \u00e9 essencial para que possamos, de fato, auxiliar o educador em seu\u00a0crescimento pessoal e profissional.\u00a0Em que pesem os desafios dessa implementa\u00e7\u00e3o,\u00a0o ideal \u00e9 que o mesmo processo seja extensivo a outros profissionais da educa\u00e7\u00e3o&#8221;<\/strong><\/p><cite><strong>Mar\u00edcia Ferri<\/strong> &#8211; Diretora Pedag\u00f3gica do Col\u00e9gio Farroupilha e membro da Diretoria do SINEPE\/RS<\/cite><\/blockquote><\/figure>\n\n\n\n<p>No bojo dessa realidade educacional em constante mudan\u00e7a, \u00e9 poss\u00edvel observar, no espa\u00e7o escolar, a presen\u00e7a dos mais variados temas que nos convocam \u00e0 reflex\u00e3o e \u00e0 a\u00e7\u00e3o. S\u00e3o, nesse sentido, as inquieta\u00e7\u00f5es no \u00e2mbito pedag\u00f3gico que produzem os deslocamentos impulsionadores de um pensar sobre a forma\u00e7\u00e3o continuada na Educa\u00e7\u00e3o B\u00e1sica.<\/p>\n\n\n\n<p>Pensar, por exemplo, a respeito do que deve ser considerado, em qual deve ser a metodologia ou de que modo envolver e tranquilizar os pais nos casos de adapta\u00e7\u00e3o das crian\u00e7as \u00e0 escola, al\u00e9m de ponderar sobre \u201ccomo\u201d os profissionais das equipes pedag\u00f3gicas e os docentes t\u00eam planejado as experi\u00eancias de aprendizagem dos estudantes, sem deixar de refletir sobre a organiza\u00e7\u00e3o e as formas de ocorr\u00eancia dos processos avaliativos. Na perspectiva dessa an\u00e1lise, \u00e9 tamb\u00e9m imperativa a reflex\u00e3o acerca da intelig\u00eancia artificial, que impacta e impactar\u00e1 cada vez mais a experi\u00eancia de nossos alunos, ou, ainda, do desenvolvimento de <em>soft skills<\/em> no ciclo b\u00e1sico da educa\u00e7\u00e3o. Essas s\u00e3o algumas das pondera\u00e7\u00f5es que perpassam o cotidiano escolar e que, s\u00f3 ancoradas em um vi\u00e9s formativo, dar\u00e3o aos profissionais que atuam nas escolas condi\u00e7\u00f5es m\u00ednimas de compreens\u00e3o dos fen\u00f4menos que dirigem o tempo presente \u2013 afetando os modos de ser, estar e agir (por meio de decis\u00f5es que impactam vidas) dentro e fora do ambiente escolar.<\/p>\n\n\n\n<p>Percebe-se como algo&nbsp;comum, as institui\u00e7\u00f5es organizarem momentos de forma\u00e7\u00e3o&nbsp;no in\u00edcio do ano letivo. No entanto,&nbsp;cabe lembrar que&nbsp;<mark style=\"background-color:#ff6900\" class=\"has-inline-color\">as demandas que envolvem mudan\u00e7as sociais, pol\u00edticas e culturais s\u00e3o cada vez mais c\u00e9leres, e, em raz\u00e3o disso, a oportunidade de reflex\u00e3o pedag\u00f3gica deveria&nbsp;perpassar todo o ano&nbsp;letivo,&nbsp;abordando&nbsp;pautas que venham ao encontro das necessidades&nbsp;da comunidade escolar.<\/mark>&nbsp;Aqui, me refiro tanto \u00e0s forma\u00e7\u00f5es que atendem a uma demanda t\u00e9cnica, quanto \u00e0quelas que visam ao debate em torno de outras quest\u00f5es, independentemente de dizerem respeito a um campo espec\u00edfico ou ao campo da forma\u00e7\u00e3o docente com seus saberes did\u00e1tico-metodol\u00f3gicos. Nesse contexto,&nbsp;inclusive, pode haver&nbsp;temas que demandam maior discuss\u00e3o e aprofundamento, como ocorre com as tem\u00e1ticas da avalia\u00e7\u00e3o e das metodologias ativas.&nbsp;<\/p>\n\n\n\n<p><mark style=\"background-color:#ff6900\" class=\"has-inline-color\">Para al\u00e9m das quest\u00f5es t\u00e9cnicas, as rela\u00e7\u00f5es\u00a0interpessoais est\u00e3o presentes nos processos formativos. <\/mark>Muitos adultos passam a maior parte do seu tempo no ambiente escolar, sendo comum o surgimento de conflitos. Essa abordagem, portanto, precisa fazer parte do programa de desenvolvimento dos profissionais, sendo inserida na forma\u00e7\u00e3o pedag\u00f3gica.<\/p>\n\n\n\n<p><mark style=\"background-color:#ff6900\" class=\"has-inline-color\">Ainda, na perspectiva da gest\u00e3o escolar, \u00e9 importante considerarmos como os adultos aprendem e quais metodologias s\u00e3o necess\u00e1rias aos momentos de forma\u00e7\u00e3o. Al\u00e9m disso, \u00e9 preciso entendermos as reais necessidades dos professores. <\/mark>Nesse sentido, a personaliza\u00e7\u00e3o da\u00a0forma\u00e7\u00e3o\u00a0docente \u00e9 essencial para que possamos, de fato, auxiliar o educador em seu\u00a0crescimento pessoal e profissional.\u00a0Em que pesem os desafios dessa implementa\u00e7\u00e3o,\u00a0o ideal \u00e9 que o mesmo processo seja extensivo a outros profissionais da educa\u00e7\u00e3o. <\/p>\n\n\n\n<p>Ao longo de 2022, o Col\u00e9gio Farroupilha convidou as escolas que participaram do movimento&nbsp; \u201cPorto Alegre \u2013 Cidade Educadora\u201d para cocriarem um evento que visasse \u00e0 forma\u00e7\u00e3o de professores: o Intelig\u00eancia Coletiva. As experi\u00eancias foram divididas a partir de relatos organizados no interior de palestras e <em>workshops<\/em> que proporcionaram momentos significativos de aprendizagem e reflex\u00e3o docente, consolidando-se, ent\u00e3o, uma perspectiva de extrema import\u00e2ncia: reunir escolas com o prop\u00f3sito de colocar no centro do debate, em nossa cidade e em nosso Estado, melhorias para a educa\u00e7\u00e3o, as quais, invariavelmente, devem passar pela dimens\u00e3o formativa.<\/p>\n","protected":false},"excerpt":{"rendered":"<p>Especialista em gest\u00e3o escolar fala sobre os desafios e as oportunidades na forma\u00e7\u00e3o continuada de profissionais para auxiliar o educador <\/p>\n","protected":false},"author":3,"featured_media":2925,"comment_status":"open","ping_status":"open","sticky":false,"template":"","format":"standard","meta":{"footnotes":""},"categories":[6],"tags":[294,292,17,293,43],"class_list":["post-2921","post","type-post","status-publish","format-standard","has-post-thumbnail","hentry","category-pedagogico","tag-coletividade","tag-formacao-docente","tag-gestao","tag-personalizacao","tag-sinepe-rs-2"],"acf":[],"yoast_head":"<!-- This site is optimized with the Yoast SEO plugin v24.6 - https:\/\/yoast.com\/wordpress\/plugins\/seo\/ -->\n<title>A forma\u00e7\u00e3o docente no s\u00e9culo XXI: personaliza\u00e7\u00e3o e coletividade<\/title>\n<meta name=\"description\" content=\"Especialista em gest\u00e3o escolar fala sobre os desafios e as oportunidades na forma\u00e7\u00e3o continuada de profissionais para auxiliar o educador\" \/>\n<meta name=\"robots\" content=\"index, follow, max-snippet:-1, max-image-preview:large, max-video-preview:-1\" \/>\n<link rel=\"canonical\" href=\"https:\/\/sinepe-rs.org.br\/educacaoempauta\/pedagogico\/a-formacao-docente-no-seculo-xxi-personalizacao-e-coletividade\/\" \/>\n<meta property=\"og:locale\" content=\"pt_BR\" \/>\n<meta property=\"og:type\" content=\"article\" \/>\n<meta property=\"og:title\" content=\"A forma\u00e7\u00e3o docente no s\u00e9culo XXI: personaliza\u00e7\u00e3o e coletividade\" \/>\n<meta property=\"og:description\" content=\"Especialista em gest\u00e3o escolar fala sobre os desafios e as oportunidades na forma\u00e7\u00e3o continuada de profissionais para auxiliar o educador\" \/>\n<meta property=\"og:url\" content=\"https:\/\/sinepe-rs.org.br\/educacaoempauta\/pedagogico\/a-formacao-docente-no-seculo-xxi-personalizacao-e-coletividade\/\" \/>\n<meta property=\"og:site_name\" content=\"Educa\u00e7\u00e3o em Pauta: Portal de reportagens de Educa\u00e7\u00e3o\" \/>\n<meta property=\"article:published_time\" content=\"2023-03-17T10:02:00+00:00\" \/>\n<meta property=\"article:modified_time\" content=\"2023-07-31T14:05:51+00:00\" \/>\n<meta property=\"og:image\" content=\"https:\/\/sinepe-rs.org.br\/educacaoempauta\/wp-content\/uploads\/2023\/03\/213-Artigo-Maricia-Ferri-AdobeStock_578012463.jpg\" \/>\n\t<meta property=\"og:image:width\" content=\"1366\" \/>\n\t<meta property=\"og:image:height\" content=\"450\" \/>\n\t<meta property=\"og:image:type\" content=\"image\/jpeg\" \/>\n<meta name=\"author\" content=\"Alexandra Zanela\" \/>\n<meta name=\"twitter:card\" content=\"summary_large_image\" \/>\n<meta name=\"twitter:label1\" content=\"Escrito por\" \/>\n\t<meta name=\"twitter:data1\" content=\"Alexandra Zanela\" \/>\n\t<meta name=\"twitter:label2\" content=\"Est. tempo de leitura\" \/>\n\t<meta name=\"twitter:data2\" content=\"5 minutos\" \/>\n<script type=\"application\/ld+json\" class=\"yoast-schema-graph\">{\"@context\":\"https:\/\/schema.org\",\"@graph\":[{\"@type\":\"WebPage\",\"@id\":\"https:\/\/sinepe-rs.org.br\/educacaoempauta\/pedagogico\/a-formacao-docente-no-seculo-xxi-personalizacao-e-coletividade\/\",\"url\":\"https:\/\/sinepe-rs.org.br\/educacaoempauta\/pedagogico\/a-formacao-docente-no-seculo-xxi-personalizacao-e-coletividade\/\",\"name\":\"A forma\u00e7\u00e3o docente no s\u00e9culo XXI: personaliza\u00e7\u00e3o e coletividade\",\"isPartOf\":{\"@id\":\"https:\/\/sinepe-rs.org.br\/educacaoempauta\/#website\"},\"primaryImageOfPage\":{\"@id\":\"https:\/\/sinepe-rs.org.br\/educacaoempauta\/pedagogico\/a-formacao-docente-no-seculo-xxi-personalizacao-e-coletividade\/#primaryimage\"},\"image\":{\"@id\":\"https:\/\/sinepe-rs.org.br\/educacaoempauta\/pedagogico\/a-formacao-docente-no-seculo-xxi-personalizacao-e-coletividade\/#primaryimage\"},\"thumbnailUrl\":\"https:\/\/sinepe-rs.org.br\/educacaoempauta\/wp-content\/uploads\/2023\/03\/213-Artigo-Maricia-Ferri-AdobeStock_578012463.jpg\",\"datePublished\":\"2023-03-17T10:02:00+00:00\",\"dateModified\":\"2023-07-31T14:05:51+00:00\",\"author\":{\"@id\":\"https:\/\/sinepe-rs.org.br\/educacaoempauta\/#\/schema\/person\/c542073558983d5792101d1b5240d841\"},\"description\":\"Especialista em gest\u00e3o escolar fala sobre os desafios e as oportunidades na forma\u00e7\u00e3o continuada de profissionais para auxiliar o educador\",\"breadcrumb\":{\"@id\":\"https:\/\/sinepe-rs.org.br\/educacaoempauta\/pedagogico\/a-formacao-docente-no-seculo-xxi-personalizacao-e-coletividade\/#breadcrumb\"},\"inLanguage\":\"pt-BR\",\"potentialAction\":[{\"@type\":\"ReadAction\",\"target\":[\"https:\/\/sinepe-rs.org.br\/educacaoempauta\/pedagogico\/a-formacao-docente-no-seculo-xxi-personalizacao-e-coletividade\/\"]}]},{\"@type\":\"ImageObject\",\"inLanguage\":\"pt-BR\",\"@id\":\"https:\/\/sinepe-rs.org.br\/educacaoempauta\/pedagogico\/a-formacao-docente-no-seculo-xxi-personalizacao-e-coletividade\/#primaryimage\",\"url\":\"https:\/\/sinepe-rs.org.br\/educacaoempauta\/wp-content\/uploads\/2023\/03\/213-Artigo-Maricia-Ferri-AdobeStock_578012463.jpg\",\"contentUrl\":\"https:\/\/sinepe-rs.org.br\/educacaoempauta\/wp-content\/uploads\/2023\/03\/213-Artigo-Maricia-Ferri-AdobeStock_578012463.jpg\",\"width\":1366,\"height\":450,\"caption\":\"A forma\u00e7\u00e3o docente no s\u00e9culo XXI: personaliza\u00e7\u00e3o e coletividade\"},{\"@type\":\"BreadcrumbList\",\"@id\":\"https:\/\/sinepe-rs.org.br\/educacaoempauta\/pedagogico\/a-formacao-docente-no-seculo-xxi-personalizacao-e-coletividade\/#breadcrumb\",\"itemListElement\":[{\"@type\":\"ListItem\",\"position\":1,\"name\":\"Home\",\"item\":\"https:\/\/sinepe-rs.org.br\/educacaoempauta\/\"},{\"@type\":\"ListItem\",\"position\":2,\"name\":\"A forma\u00e7\u00e3o docente no s\u00e9culo XXI: personaliza\u00e7\u00e3o e coletividade\"}]},{\"@type\":\"WebSite\",\"@id\":\"https:\/\/sinepe-rs.org.br\/educacaoempauta\/#website\",\"url\":\"https:\/\/sinepe-rs.org.br\/educacaoempauta\/\",\"name\":\"Educa\u00e7\u00e3o em Pauta: Portal de reportagens de Educa\u00e7\u00e3o\",\"description\":\"Sinepe-RS\",\"potentialAction\":[{\"@type\":\"SearchAction\",\"target\":{\"@type\":\"EntryPoint\",\"urlTemplate\":\"https:\/\/sinepe-rs.org.br\/educacaoempauta\/?s={search_term_string}\"},\"query-input\":{\"@type\":\"PropertyValueSpecification\",\"valueRequired\":true,\"valueName\":\"search_term_string\"}}],\"inLanguage\":\"pt-BR\"},{\"@type\":\"Person\",\"@id\":\"https:\/\/sinepe-rs.org.br\/educacaoempauta\/#\/schema\/person\/c542073558983d5792101d1b5240d841\",\"name\":\"Alexandra Zanela\",\"image\":{\"@type\":\"ImageObject\",\"inLanguage\":\"pt-BR\",\"@id\":\"https:\/\/sinepe-rs.org.br\/educacaoempauta\/#\/schema\/person\/image\/\",\"url\":\"https:\/\/secure.gravatar.com\/avatar\/aab8da397152551fad5132b4b20cb891945e7bc931de8d0d72495261a983a371?s=96&d=mm&r=g\",\"contentUrl\":\"https:\/\/secure.gravatar.com\/avatar\/aab8da397152551fad5132b4b20cb891945e7bc931de8d0d72495261a983a371?s=96&d=mm&r=g\",\"caption\":\"Alexandra Zanela\"},\"url\":\"https:\/\/sinepe-rs.org.br\/educacaoempauta\/author\/alexandra\/\"}]}<\/script>\n<!-- \/ Yoast SEO plugin. -->","yoast_head_json":{"title":"A forma\u00e7\u00e3o docente no s\u00e9culo XXI: personaliza\u00e7\u00e3o e coletividade","description":"Especialista em gest\u00e3o escolar fala sobre os desafios e as oportunidades na forma\u00e7\u00e3o continuada de profissionais para auxiliar o educador","robots":{"index":"index","follow":"follow","max-snippet":"max-snippet:-1","max-image-preview":"max-image-preview:large","max-video-preview":"max-video-preview:-1"},"canonical":"https:\/\/sinepe-rs.org.br\/educacaoempauta\/pedagogico\/a-formacao-docente-no-seculo-xxi-personalizacao-e-coletividade\/","og_locale":"pt_BR","og_type":"article","og_title":"A forma\u00e7\u00e3o docente no s\u00e9culo XXI: personaliza\u00e7\u00e3o e coletividade","og_description":"Especialista em gest\u00e3o escolar fala sobre os desafios e as oportunidades na forma\u00e7\u00e3o continuada de profissionais para auxiliar o educador","og_url":"https:\/\/sinepe-rs.org.br\/educacaoempauta\/pedagogico\/a-formacao-docente-no-seculo-xxi-personalizacao-e-coletividade\/","og_site_name":"Educa\u00e7\u00e3o em Pauta: Portal de reportagens de Educa\u00e7\u00e3o","article_published_time":"2023-03-17T10:02:00+00:00","article_modified_time":"2023-07-31T14:05:51+00:00","og_image":[{"width":1366,"height":450,"url":"https:\/\/sinepe-rs.org.br\/educacaoempauta\/wp-content\/uploads\/2023\/03\/213-Artigo-Maricia-Ferri-AdobeStock_578012463.jpg","type":"image\/jpeg"}],"author":"Alexandra Zanela","twitter_card":"summary_large_image","twitter_misc":{"Escrito por":"Alexandra Zanela","Est. tempo de leitura":"5 minutos"},"schema":{"@context":"https:\/\/schema.org","@graph":[{"@type":"WebPage","@id":"https:\/\/sinepe-rs.org.br\/educacaoempauta\/pedagogico\/a-formacao-docente-no-seculo-xxi-personalizacao-e-coletividade\/","url":"https:\/\/sinepe-rs.org.br\/educacaoempauta\/pedagogico\/a-formacao-docente-no-seculo-xxi-personalizacao-e-coletividade\/","name":"A forma\u00e7\u00e3o docente no s\u00e9culo XXI: personaliza\u00e7\u00e3o e coletividade","isPartOf":{"@id":"https:\/\/sinepe-rs.org.br\/educacaoempauta\/#website"},"primaryImageOfPage":{"@id":"https:\/\/sinepe-rs.org.br\/educacaoempauta\/pedagogico\/a-formacao-docente-no-seculo-xxi-personalizacao-e-coletividade\/#primaryimage"},"image":{"@id":"https:\/\/sinepe-rs.org.br\/educacaoempauta\/pedagogico\/a-formacao-docente-no-seculo-xxi-personalizacao-e-coletividade\/#primaryimage"},"thumbnailUrl":"https:\/\/sinepe-rs.org.br\/educacaoempauta\/wp-content\/uploads\/2023\/03\/213-Artigo-Maricia-Ferri-AdobeStock_578012463.jpg","datePublished":"2023-03-17T10:02:00+00:00","dateModified":"2023-07-31T14:05:51+00:00","author":{"@id":"https:\/\/sinepe-rs.org.br\/educacaoempauta\/#\/schema\/person\/c542073558983d5792101d1b5240d841"},"description":"Especialista em gest\u00e3o escolar fala sobre os desafios e as oportunidades na forma\u00e7\u00e3o continuada de profissionais para auxiliar o educador","breadcrumb":{"@id":"https:\/\/sinepe-rs.org.br\/educacaoempauta\/pedagogico\/a-formacao-docente-no-seculo-xxi-personalizacao-e-coletividade\/#breadcrumb"},"inLanguage":"pt-BR","potentialAction":[{"@type":"ReadAction","target":["https:\/\/sinepe-rs.org.br\/educacaoempauta\/pedagogico\/a-formacao-docente-no-seculo-xxi-personalizacao-e-coletividade\/"]}]},{"@type":"ImageObject","inLanguage":"pt-BR","@id":"https:\/\/sinepe-rs.org.br\/educacaoempauta\/pedagogico\/a-formacao-docente-no-seculo-xxi-personalizacao-e-coletividade\/#primaryimage","url":"https:\/\/sinepe-rs.org.br\/educacaoempauta\/wp-content\/uploads\/2023\/03\/213-Artigo-Maricia-Ferri-AdobeStock_578012463.jpg","contentUrl":"https:\/\/sinepe-rs.org.br\/educacaoempauta\/wp-content\/uploads\/2023\/03\/213-Artigo-Maricia-Ferri-AdobeStock_578012463.jpg","width":1366,"height":450,"caption":"A forma\u00e7\u00e3o docente no s\u00e9culo XXI: personaliza\u00e7\u00e3o e coletividade"},{"@type":"BreadcrumbList","@id":"https:\/\/sinepe-rs.org.br\/educacaoempauta\/pedagogico\/a-formacao-docente-no-seculo-xxi-personalizacao-e-coletividade\/#breadcrumb","itemListElement":[{"@type":"ListItem","position":1,"name":"Home","item":"https:\/\/sinepe-rs.org.br\/educacaoempauta\/"},{"@type":"ListItem","position":2,"name":"A forma\u00e7\u00e3o docente no s\u00e9culo XXI: personaliza\u00e7\u00e3o e coletividade"}]},{"@type":"WebSite","@id":"https:\/\/sinepe-rs.org.br\/educacaoempauta\/#website","url":"https:\/\/sinepe-rs.org.br\/educacaoempauta\/","name":"Educa\u00e7\u00e3o em Pauta: Portal de reportagens de Educa\u00e7\u00e3o","description":"Sinepe-RS","potentialAction":[{"@type":"SearchAction","target":{"@type":"EntryPoint","urlTemplate":"https:\/\/sinepe-rs.org.br\/educacaoempauta\/?s={search_term_string}"},"query-input":{"@type":"PropertyValueSpecification","valueRequired":true,"valueName":"search_term_string"}}],"inLanguage":"pt-BR"},{"@type":"Person","@id":"https:\/\/sinepe-rs.org.br\/educacaoempauta\/#\/schema\/person\/c542073558983d5792101d1b5240d841","name":"Alexandra Zanela","image":{"@type":"ImageObject","inLanguage":"pt-BR","@id":"https:\/\/sinepe-rs.org.br\/educacaoempauta\/#\/schema\/person\/image\/","url":"https:\/\/secure.gravatar.com\/avatar\/aab8da397152551fad5132b4b20cb891945e7bc931de8d0d72495261a983a371?s=96&d=mm&r=g","contentUrl":"https:\/\/secure.gravatar.com\/avatar\/aab8da397152551fad5132b4b20cb891945e7bc931de8d0d72495261a983a371?s=96&d=mm&r=g","caption":"Alexandra Zanela"},"url":"https:\/\/sinepe-rs.org.br\/educacaoempauta\/author\/alexandra\/"}]}},"_links":{"self":[{"href":"https:\/\/sinepe-rs.org.br\/educacaoempauta\/wp-json\/wp\/v2\/posts\/2921","targetHints":{"allow":["GET"]}}],"collection":[{"href":"https:\/\/sinepe-rs.org.br\/educacaoempauta\/wp-json\/wp\/v2\/posts"}],"about":[{"href":"https:\/\/sinepe-rs.org.br\/educacaoempauta\/wp-json\/wp\/v2\/types\/post"}],"author":[{"embeddable":true,"href":"https:\/\/sinepe-rs.org.br\/educacaoempauta\/wp-json\/wp\/v2\/users\/3"}],"replies":[{"embeddable":true,"href":"https:\/\/sinepe-rs.org.br\/educacaoempauta\/wp-json\/wp\/v2\/comments?post=2921"}],"version-history":[{"count":7,"href":"https:\/\/sinepe-rs.org.br\/educacaoempauta\/wp-json\/wp\/v2\/posts\/2921\/revisions"}],"predecessor-version":[{"id":3643,"href":"https:\/\/sinepe-rs.org.br\/educacaoempauta\/wp-json\/wp\/v2\/posts\/2921\/revisions\/3643"}],"wp:featuredmedia":[{"embeddable":true,"href":"https:\/\/sinepe-rs.org.br\/educacaoempauta\/wp-json\/wp\/v2\/media\/2925"}],"wp:attachment":[{"href":"https:\/\/sinepe-rs.org.br\/educacaoempauta\/wp-json\/wp\/v2\/media?parent=2921"}],"wp:term":[{"taxonomy":"category","embeddable":true,"href":"https:\/\/sinepe-rs.org.br\/educacaoempauta\/wp-json\/wp\/v2\/categories?post=2921"},{"taxonomy":"post_tag","embeddable":true,"href":"https:\/\/sinepe-rs.org.br\/educacaoempauta\/wp-json\/wp\/v2\/tags?post=2921"}],"curies":[{"name":"wp","href":"https:\/\/api.w.org\/{rel}","templated":true}]}}