{"id":3001,"date":"2023-03-31T07:07:00","date_gmt":"2023-03-31T10:07:00","guid":{"rendered":"https:\/\/sinepe-rs.org.br\/educacaoempauta\/?p=3001"},"modified":"2023-04-05T10:16:25","modified_gmt":"2023-04-05T13:16:25","slug":"autismo-caracteristicas-e-como-esses-alunos-aprendem","status":"publish","type":"post","link":"https:\/\/sinepe-rs.org.br\/educacaoempauta\/pedagogico\/autismo-caracteristicas-e-como-esses-alunos-aprendem\/","title":{"rendered":"Autismo: caracter\u00edsticas e como esses alunos aprendem"},"content":{"rendered":"\n<p>\u201cEspectro significa que n\u00e3o existe um padr\u00e3o \u00fanico. Os autistas podem ser muito diferentes\u201d. A frase \u00e9 da neuropediatra do Instituto do C\u00e9rebro (Inscer), Marta Hemb, que representa muito bem essa forma de viver, que ainda tem muito a ser compreendida, tendo em vista os avan\u00e7os de diagn\u00f3sticos e estudos relacionados que mostram o qu\u00e3o \u00e9 representativo pessoas com o transtorno do espectro autista (TEA).&nbsp; <mark style=\"background-color:#ff6900\" class=\"has-inline-color\">Em 2 de abril, \u00e9 celebrado o Dia Mundial de Conscientiza\u00e7\u00e3o do Autismo, e o Educa\u00e7\u00e3o em Pauta traz \u00e0 tona algumas quest\u00f5es importantes sobre o assunto.&nbsp;<\/mark><\/p>\n\n\n\n<p>1 em cada 36 crian\u00e7as de 8 anos s\u00e3o autistas nos Estados Unidos, o que significa 2,8% daquela popula\u00e7\u00e3o. O dado \u00e9 do Centro de Controle de Preven\u00e7\u00e3o e Doen\u00e7as (CDC), do governo americano. <mark style=\"background-color:#ff6900\" class=\"has-inline-color\">Entre as principais caracter\u00edsticas do TEA, est\u00e3o as dificuldades e os atrasos na comunica\u00e7\u00e3o.<\/mark> \u00c9 o que frisa o psiquiatra da inf\u00e2ncia e adolesc\u00eancia do Centro Especializado em Reabilita\u00e7\u00e3o Intelectual e Auditiva (CER II) do Hospital Santa Ana, Pedro Victor Santos.<\/p>\n\n\n\n<p>O m\u00e9dico explica que <mark style=\"background-color:#ff6900\" class=\"has-inline-color\">na comunica\u00e7\u00e3o verbal, a crian\u00e7a, at\u00e9 os dois anos de idade, n\u00e3o usa palavras ou emite frases como &#8220;me d\u00e1&#8221; ou \u201ceu quero\u201d, que expressem desejos. Na comunica\u00e7\u00e3o n\u00e3o verbal, as crian\u00e7as apresentam falta de capacidade de se fazer entender e a fazem por meio de gestos, sem direcionar o olhar e sem compreender gestos simples.<\/mark> \u201cElas usam as pessoas como instrumentos, puxam a m\u00e3o de algu\u00e9m para levar at\u00e9 o objeto desejado\u201d, explica.<\/p>\n\n\n\n<p>Outra maneira de perceber \u00e9 pela comunica\u00e7\u00e3o social, o buscar pelo contato com outras pessoas, aceitar a intera\u00e7\u00e3o ou sorrir de volta. Tamb\u00e9m tem a dificuldade de compreender essas &#8220;deixas sociais&#8221; em crian\u00e7as mais velhas, o que \u00e9 a chamada &#8220;teoria da mente\u201d, por n\u00e3o compreender que seu pensar \u00e9 diferente.<\/p>\n\n\n\n<p>Quanto \u00e0s causas que levam ao autismo, o psiquiatra frisa que ainda se sabe muito pouco da origem, mas alguns casos t\u00eam rela\u00e7\u00e3o com o uso de alguns f\u00e1rmacos durante a gesta\u00e7\u00e3o ou s\u00edndromes gen\u00e9ticas.<\/p>\n\n\n\n<p><strong>Est\u00edmulos para aprendizagem<\/strong><\/p>\n\n\n\n<p>Para a pedagoga e coordenadora do N\u00facleo de Apoio ao Discente (NADi) e do N\u00facleo de Apoio ao Docente (NAD) da Universidade Luterana do Brasil (Ulbra) de Canoas, Mara L\u00facia Salazar Machado, \u00e9 complexo responder como estimular um c\u00e9rebro de autista, isso devido a suas individualidades. Por ser tamb\u00e9m pesquisadora no Trabalho Educacional e Terap\u00eautico com crian\u00e7as e adolescentes com diagn\u00f3stico no TEA na universidade, ela comenta que tem alunos que podem ser tocados, que n\u00e3o gostam do contato \u201colho no olho\u201d, e outros n\u00e3o. Alguns t\u00eam maior dificuldade cognitiva, outros j\u00e1 n\u00e3o a possuem. Tudo vai depender muito caso a caso e a estimula\u00e7\u00e3o vai variar.&nbsp;<\/p>\n\n\n\n<p>Desde os anos 1990, Maria L\u00facia atende crian\u00e7as, adolescentes e adultos com autismo, comenta que alguns alunos possuem est\u00edmulos visuais, ou seja, \u00e9 necess\u00e1rio explorar mais recursos de imagens e v\u00eddeos em sala de aula. J\u00e1 aqueles com a audi\u00e7\u00e3o mais apurada, a estimula\u00e7\u00e3o sonora precisa estar mais presente. \u201cAs singularidades s\u00e3o infinitas. Cada estudante possui uma forma de estimula\u00e7\u00e3o cognitiva. J\u00e1 os profissionais do ensino precisam acompanhar sistematicamente as necessidades e, se preciso, fazer ajustes nessas orienta\u00e7\u00f5es\u201d, enfatiza.<\/p>\n\n\n\n<p>A neuropediatra do Inscer, Marta Hemb, comenta que para estimular a reabilita\u00e7\u00e3o, quanto mais precoce, mais qualificada ser\u00e1. Normalmente, \u00e9 feita a terapia ocupacional com integra\u00e7\u00e3o sensorial, fonoaudiologia, psicomotricidade e fisioterapia.&nbsp;<\/p>\n\n\n\n<p>Ela tamb\u00e9m sinaliza a terapia ABA (uma ci\u00eancia cujas interven\u00e7\u00f5es derivam dos princ\u00edpios do comportamento e possui como objetivo aprimorar comportamentos socialmente relevantes) e m\u00e9todo Denver (t\u00e9cnica que promove o desenvolvimento da crian\u00e7a por meio de novos contatos sociais cont\u00ednuos e prazerosos). \u201cO est\u00edmulo \u00e9 por meio de incentivos nas \u00e1reas que t\u00eam desenvolvimento falho, que s\u00e3o essas supracitadas\u201d, ressalta.<\/p>\n\n\n\n<p><strong>Incentivos ao contato social<\/strong><\/p>\n\n\n\n<p>O neurologista Infantil e neurofisiologista cl\u00ednico do Hospital de Cl\u00ednicas de Porto Alegre (HCPA), Josemar Marchezan, destaca que \u00e9 recomendado que uma crian\u00e7a autista n\u00e3o fique isolada em casa, que ela v\u00e1 at\u00e9 uma pra\u00e7a e, se tiver em idade escolar, que frequente o col\u00e9gio. \u201cExiste at\u00e9 melhoras das suas habilidades. Funciona melhor a intera\u00e7\u00e3o crian\u00e7a com crian\u00e7a do que com um adulto\u201d, complementa.<\/p>\n\n\n\n<p>Marchezan comenta que tem pacientes do espectro N\u00edvel 1 que s\u00e3o os melhores em sala de aula. J\u00e1 atendeu crian\u00e7as com dois anos de idade, que ainda n\u00e3o falam, mas j\u00e1 est\u00e3o alfabetizadas. O hiperfoco permite saber mais que os seus colegas.<\/p>\n\n\n\n<p>\u201cA dificuldade vai ser em entender algo que \u00e9 solicitado em grupo. Se uma professora falar \u2018abram o livro na p\u00e1gina 75\u2019, eles n\u00e3o v\u00e3o entender. Mas se falar \u2018Jo\u00e3o, abra a p\u00e1gina 75\u2019, a compreens\u00e3o ser\u00e1 feita prontamente. S\u00e3o pequenas sutilezas a serem realizadas\u201d, menciona.<\/p>\n\n\n\n<p>J\u00e1 para o N\u00edvel 3 se faz necess\u00e1rio um ensino totalmente estruturado. Os autistas precisam ter bem estabelecidas suas rotinas, saber o que vai ocorrer, ter uma sequ\u00eancia l\u00f3gica.<\/p>\n\n\n\n<p>Para a psicopedagoga Camila Fumagalli Eichenberg<strong>, <\/strong>o contato social \u00e9 muito importante, no entanto, estimular esse conv\u00edvio pode ser desafiador e demanda aten\u00e7\u00e3o de quem promove a intera\u00e7\u00e3o. Para isso, ela aponta que \u00e9 preciso observar as quest\u00f5es sensoriais e a pr\u00f3pria dificuldade de intera\u00e7\u00e3o que faz parte do diagn\u00f3stico.&nbsp;<\/p>\n\n\n\n<p><mark style=\"background-color:#ff6900\" class=\"has-inline-color\">O autista pode n\u00e3o querer socializar e sua vontade deve ser levada em conta.<\/mark> \u201cPara os adolescentes e os adultos pode ser interessante um grupo de habilidades sociais, mas \u00e9 imprescind\u00edvel a vontade de participar\u201d, pontua.<\/p>\n\n\n\n<p>J\u00e1 a coordenadora do NADi e do NAD da Ulbra ressalta que o contato social necessita de cautela e bom senso. Maria L\u00facia comenta que, profissionalmente, gosta de estar <em>in loco<\/em> para orientar melhor os professores.&nbsp;<\/p>\n\n\n\n<p>Ela relata que uma aluna, que a acompanha constantemente, precisa fazer reuni\u00f5es com os professores, os quais a atendem. As orienta\u00e7\u00f5es s\u00e3o para que n\u00e3o aconte\u00e7am riscos a esse tipo de pessoa, organiza\u00e7\u00e3o e rela\u00e7\u00f5es interpessoais diferentes. \u201c\u00c9 preciso ter uma rede de apoio para que essas orienta\u00e7\u00f5es aconte\u00e7am de forma singular e uma instrumenta\u00e7\u00e3o dos docentes da melhor maneira para interagir\u201d, diz.<\/p>\n\n\n\n<div class=\"wp-block-image\"><figure class=\"aligncenter size-full\"><img loading=\"lazy\" decoding=\"async\" width=\"800\" height=\"844\" src=\"https:\/\/sinepe-rs.org.br\/educacaoempauta\/wp-content\/uploads\/2023\/03\/sinepe_infografico_215_autismo_ok.jpg\" alt=\"\" class=\"wp-image-3006\" srcset=\"https:\/\/sinepe-rs.org.br\/educacaoempauta\/wp-content\/uploads\/2023\/03\/sinepe_infografico_215_autismo_ok.jpg 800w, https:\/\/sinepe-rs.org.br\/educacaoempauta\/wp-content\/uploads\/2023\/03\/sinepe_infografico_215_autismo_ok-284x300.jpg 284w, https:\/\/sinepe-rs.org.br\/educacaoempauta\/wp-content\/uploads\/2023\/03\/sinepe_infografico_215_autismo_ok-768x810.jpg 768w\" sizes=\"auto, (max-width: 800px) 100vw, 800px\" \/><\/figure><\/div>\n","protected":false},"excerpt":{"rendered":"<p>Com mais incid\u00eancias na popula\u00e7\u00e3o mundial, as pessoas com transtorno do espectro autista possuem determinadas formas de se desenvolverem, principalmente no modo de aprender<\/p>\n","protected":false},"author":3,"featured_media":3005,"comment_status":"open","ping_status":"open","sticky":false,"template":"","format":"standard","meta":{"footnotes":""},"categories":[6],"tags":[302,101,43,102,303],"class_list":["post-3001","post","type-post","status-publish","format-standard","has-post-thumbnail","hentry","category-pedagogico","tag-2-de-abril","tag-autismo","tag-sinepe-rs-2","tag-tea","tag-transtorno-do-espectro-autista"],"acf":[],"yoast_head":"<!-- This site is optimized with the Yoast SEO plugin v24.6 - https:\/\/yoast.com\/wordpress\/plugins\/seo\/ -->\n<title>Autismo: caracter\u00edsticas e como esses alunos aprendem<\/title>\n<meta name=\"description\" content=\"Com mais incid\u00eancias na popula\u00e7\u00e3o mundial, as pessoas com transtorno do espectro autista possuem determinadas formas de aprender\" \/>\n<meta name=\"robots\" content=\"index, follow, max-snippet:-1, max-image-preview:large, max-video-preview:-1\" \/>\n<link rel=\"canonical\" href=\"https:\/\/sinepe-rs.org.br\/educacaoempauta\/pedagogico\/autismo-caracteristicas-e-como-esses-alunos-aprendem\/\" \/>\n<meta property=\"og:locale\" content=\"pt_BR\" \/>\n<meta property=\"og:type\" content=\"article\" \/>\n<meta property=\"og:title\" content=\"Autismo: caracter\u00edsticas e como esses alunos aprendem\" \/>\n<meta property=\"og:description\" content=\"Com mais incid\u00eancias na popula\u00e7\u00e3o mundial, as pessoas com transtorno do espectro autista possuem determinadas formas de aprender\" \/>\n<meta property=\"og:url\" content=\"https:\/\/sinepe-rs.org.br\/educacaoempauta\/pedagogico\/autismo-caracteristicas-e-como-esses-alunos-aprendem\/\" \/>\n<meta property=\"og:site_name\" content=\"Educa\u00e7\u00e3o em Pauta: Portal de reportagens de Educa\u00e7\u00e3o\" \/>\n<meta property=\"article:published_time\" content=\"2023-03-31T10:07:00+00:00\" \/>\n<meta property=\"article:modified_time\" content=\"2023-04-05T13:16:25+00:00\" \/>\n<meta property=\"og:image\" content=\"https:\/\/sinepe-rs.org.br\/educacaoempauta\/wp-content\/uploads\/2023\/03\/215-Autismo-AdobeStock_292139190.jpg\" \/>\n\t<meta property=\"og:image:width\" content=\"1366\" \/>\n\t<meta property=\"og:image:height\" content=\"450\" \/>\n\t<meta property=\"og:image:type\" content=\"image\/jpeg\" \/>\n<meta name=\"author\" content=\"Alexandra Zanela\" \/>\n<meta name=\"twitter:card\" content=\"summary_large_image\" \/>\n<meta name=\"twitter:label1\" content=\"Escrito por\" \/>\n\t<meta name=\"twitter:data1\" content=\"Alexandra Zanela\" \/>\n\t<meta name=\"twitter:label2\" content=\"Est. tempo de leitura\" \/>\n\t<meta name=\"twitter:data2\" content=\"6 minutos\" \/>\n<script type=\"application\/ld+json\" class=\"yoast-schema-graph\">{\"@context\":\"https:\/\/schema.org\",\"@graph\":[{\"@type\":\"WebPage\",\"@id\":\"https:\/\/sinepe-rs.org.br\/educacaoempauta\/pedagogico\/autismo-caracteristicas-e-como-esses-alunos-aprendem\/\",\"url\":\"https:\/\/sinepe-rs.org.br\/educacaoempauta\/pedagogico\/autismo-caracteristicas-e-como-esses-alunos-aprendem\/\",\"name\":\"Autismo: caracter\u00edsticas e como esses alunos aprendem\",\"isPartOf\":{\"@id\":\"https:\/\/sinepe-rs.org.br\/educacaoempauta\/#website\"},\"primaryImageOfPage\":{\"@id\":\"https:\/\/sinepe-rs.org.br\/educacaoempauta\/pedagogico\/autismo-caracteristicas-e-como-esses-alunos-aprendem\/#primaryimage\"},\"image\":{\"@id\":\"https:\/\/sinepe-rs.org.br\/educacaoempauta\/pedagogico\/autismo-caracteristicas-e-como-esses-alunos-aprendem\/#primaryimage\"},\"thumbnailUrl\":\"https:\/\/sinepe-rs.org.br\/educacaoempauta\/wp-content\/uploads\/2023\/03\/215-Autismo-AdobeStock_292139190.jpg\",\"datePublished\":\"2023-03-31T10:07:00+00:00\",\"dateModified\":\"2023-04-05T13:16:25+00:00\",\"author\":{\"@id\":\"https:\/\/sinepe-rs.org.br\/educacaoempauta\/#\/schema\/person\/c542073558983d5792101d1b5240d841\"},\"description\":\"Com mais incid\u00eancias na popula\u00e7\u00e3o mundial, as pessoas com transtorno do espectro autista possuem determinadas formas de aprender\",\"breadcrumb\":{\"@id\":\"https:\/\/sinepe-rs.org.br\/educacaoempauta\/pedagogico\/autismo-caracteristicas-e-como-esses-alunos-aprendem\/#breadcrumb\"},\"inLanguage\":\"pt-BR\",\"potentialAction\":[{\"@type\":\"ReadAction\",\"target\":[\"https:\/\/sinepe-rs.org.br\/educacaoempauta\/pedagogico\/autismo-caracteristicas-e-como-esses-alunos-aprendem\/\"]}]},{\"@type\":\"ImageObject\",\"inLanguage\":\"pt-BR\",\"@id\":\"https:\/\/sinepe-rs.org.br\/educacaoempauta\/pedagogico\/autismo-caracteristicas-e-como-esses-alunos-aprendem\/#primaryimage\",\"url\":\"https:\/\/sinepe-rs.org.br\/educacaoempauta\/wp-content\/uploads\/2023\/03\/215-Autismo-AdobeStock_292139190.jpg\",\"contentUrl\":\"https:\/\/sinepe-rs.org.br\/educacaoempauta\/wp-content\/uploads\/2023\/03\/215-Autismo-AdobeStock_292139190.jpg\",\"width\":1366,\"height\":450,\"caption\":\"Autismo: caracter\u00edsticas e como esses alunos aprendem\"},{\"@type\":\"BreadcrumbList\",\"@id\":\"https:\/\/sinepe-rs.org.br\/educacaoempauta\/pedagogico\/autismo-caracteristicas-e-como-esses-alunos-aprendem\/#breadcrumb\",\"itemListElement\":[{\"@type\":\"ListItem\",\"position\":1,\"name\":\"Home\",\"item\":\"https:\/\/sinepe-rs.org.br\/educacaoempauta\/\"},{\"@type\":\"ListItem\",\"position\":2,\"name\":\"Autismo: caracter\u00edsticas e como esses alunos aprendem\"}]},{\"@type\":\"WebSite\",\"@id\":\"https:\/\/sinepe-rs.org.br\/educacaoempauta\/#website\",\"url\":\"https:\/\/sinepe-rs.org.br\/educacaoempauta\/\",\"name\":\"Educa\u00e7\u00e3o em Pauta: Portal de reportagens de Educa\u00e7\u00e3o\",\"description\":\"Sinepe-RS\",\"potentialAction\":[{\"@type\":\"SearchAction\",\"target\":{\"@type\":\"EntryPoint\",\"urlTemplate\":\"https:\/\/sinepe-rs.org.br\/educacaoempauta\/?s={search_term_string}\"},\"query-input\":{\"@type\":\"PropertyValueSpecification\",\"valueRequired\":true,\"valueName\":\"search_term_string\"}}],\"inLanguage\":\"pt-BR\"},{\"@type\":\"Person\",\"@id\":\"https:\/\/sinepe-rs.org.br\/educacaoempauta\/#\/schema\/person\/c542073558983d5792101d1b5240d841\",\"name\":\"Alexandra Zanela\",\"image\":{\"@type\":\"ImageObject\",\"inLanguage\":\"pt-BR\",\"@id\":\"https:\/\/sinepe-rs.org.br\/educacaoempauta\/#\/schema\/person\/image\/\",\"url\":\"https:\/\/secure.gravatar.com\/avatar\/aab8da397152551fad5132b4b20cb891945e7bc931de8d0d72495261a983a371?s=96&d=mm&r=g\",\"contentUrl\":\"https:\/\/secure.gravatar.com\/avatar\/aab8da397152551fad5132b4b20cb891945e7bc931de8d0d72495261a983a371?s=96&d=mm&r=g\",\"caption\":\"Alexandra Zanela\"},\"url\":\"https:\/\/sinepe-rs.org.br\/educacaoempauta\/author\/alexandra\/\"}]}<\/script>\n<!-- \/ Yoast SEO plugin. -->","yoast_head_json":{"title":"Autismo: caracter\u00edsticas e como esses alunos aprendem","description":"Com mais incid\u00eancias na popula\u00e7\u00e3o mundial, as pessoas com transtorno do espectro autista possuem determinadas formas de aprender","robots":{"index":"index","follow":"follow","max-snippet":"max-snippet:-1","max-image-preview":"max-image-preview:large","max-video-preview":"max-video-preview:-1"},"canonical":"https:\/\/sinepe-rs.org.br\/educacaoempauta\/pedagogico\/autismo-caracteristicas-e-como-esses-alunos-aprendem\/","og_locale":"pt_BR","og_type":"article","og_title":"Autismo: caracter\u00edsticas e como esses alunos aprendem","og_description":"Com mais incid\u00eancias na popula\u00e7\u00e3o mundial, as pessoas com transtorno do espectro autista possuem determinadas formas de aprender","og_url":"https:\/\/sinepe-rs.org.br\/educacaoempauta\/pedagogico\/autismo-caracteristicas-e-como-esses-alunos-aprendem\/","og_site_name":"Educa\u00e7\u00e3o em Pauta: Portal de reportagens de Educa\u00e7\u00e3o","article_published_time":"2023-03-31T10:07:00+00:00","article_modified_time":"2023-04-05T13:16:25+00:00","og_image":[{"width":1366,"height":450,"url":"https:\/\/sinepe-rs.org.br\/educacaoempauta\/wp-content\/uploads\/2023\/03\/215-Autismo-AdobeStock_292139190.jpg","type":"image\/jpeg"}],"author":"Alexandra Zanela","twitter_card":"summary_large_image","twitter_misc":{"Escrito por":"Alexandra Zanela","Est. tempo de leitura":"6 minutos"},"schema":{"@context":"https:\/\/schema.org","@graph":[{"@type":"WebPage","@id":"https:\/\/sinepe-rs.org.br\/educacaoempauta\/pedagogico\/autismo-caracteristicas-e-como-esses-alunos-aprendem\/","url":"https:\/\/sinepe-rs.org.br\/educacaoempauta\/pedagogico\/autismo-caracteristicas-e-como-esses-alunos-aprendem\/","name":"Autismo: caracter\u00edsticas e como esses alunos aprendem","isPartOf":{"@id":"https:\/\/sinepe-rs.org.br\/educacaoempauta\/#website"},"primaryImageOfPage":{"@id":"https:\/\/sinepe-rs.org.br\/educacaoempauta\/pedagogico\/autismo-caracteristicas-e-como-esses-alunos-aprendem\/#primaryimage"},"image":{"@id":"https:\/\/sinepe-rs.org.br\/educacaoempauta\/pedagogico\/autismo-caracteristicas-e-como-esses-alunos-aprendem\/#primaryimage"},"thumbnailUrl":"https:\/\/sinepe-rs.org.br\/educacaoempauta\/wp-content\/uploads\/2023\/03\/215-Autismo-AdobeStock_292139190.jpg","datePublished":"2023-03-31T10:07:00+00:00","dateModified":"2023-04-05T13:16:25+00:00","author":{"@id":"https:\/\/sinepe-rs.org.br\/educacaoempauta\/#\/schema\/person\/c542073558983d5792101d1b5240d841"},"description":"Com mais incid\u00eancias na popula\u00e7\u00e3o mundial, as pessoas com transtorno do espectro autista possuem determinadas formas de aprender","breadcrumb":{"@id":"https:\/\/sinepe-rs.org.br\/educacaoempauta\/pedagogico\/autismo-caracteristicas-e-como-esses-alunos-aprendem\/#breadcrumb"},"inLanguage":"pt-BR","potentialAction":[{"@type":"ReadAction","target":["https:\/\/sinepe-rs.org.br\/educacaoempauta\/pedagogico\/autismo-caracteristicas-e-como-esses-alunos-aprendem\/"]}]},{"@type":"ImageObject","inLanguage":"pt-BR","@id":"https:\/\/sinepe-rs.org.br\/educacaoempauta\/pedagogico\/autismo-caracteristicas-e-como-esses-alunos-aprendem\/#primaryimage","url":"https:\/\/sinepe-rs.org.br\/educacaoempauta\/wp-content\/uploads\/2023\/03\/215-Autismo-AdobeStock_292139190.jpg","contentUrl":"https:\/\/sinepe-rs.org.br\/educacaoempauta\/wp-content\/uploads\/2023\/03\/215-Autismo-AdobeStock_292139190.jpg","width":1366,"height":450,"caption":"Autismo: caracter\u00edsticas e como esses alunos aprendem"},{"@type":"BreadcrumbList","@id":"https:\/\/sinepe-rs.org.br\/educacaoempauta\/pedagogico\/autismo-caracteristicas-e-como-esses-alunos-aprendem\/#breadcrumb","itemListElement":[{"@type":"ListItem","position":1,"name":"Home","item":"https:\/\/sinepe-rs.org.br\/educacaoempauta\/"},{"@type":"ListItem","position":2,"name":"Autismo: caracter\u00edsticas e como esses alunos aprendem"}]},{"@type":"WebSite","@id":"https:\/\/sinepe-rs.org.br\/educacaoempauta\/#website","url":"https:\/\/sinepe-rs.org.br\/educacaoempauta\/","name":"Educa\u00e7\u00e3o em Pauta: Portal de reportagens de Educa\u00e7\u00e3o","description":"Sinepe-RS","potentialAction":[{"@type":"SearchAction","target":{"@type":"EntryPoint","urlTemplate":"https:\/\/sinepe-rs.org.br\/educacaoempauta\/?s={search_term_string}"},"query-input":{"@type":"PropertyValueSpecification","valueRequired":true,"valueName":"search_term_string"}}],"inLanguage":"pt-BR"},{"@type":"Person","@id":"https:\/\/sinepe-rs.org.br\/educacaoempauta\/#\/schema\/person\/c542073558983d5792101d1b5240d841","name":"Alexandra Zanela","image":{"@type":"ImageObject","inLanguage":"pt-BR","@id":"https:\/\/sinepe-rs.org.br\/educacaoempauta\/#\/schema\/person\/image\/","url":"https:\/\/secure.gravatar.com\/avatar\/aab8da397152551fad5132b4b20cb891945e7bc931de8d0d72495261a983a371?s=96&d=mm&r=g","contentUrl":"https:\/\/secure.gravatar.com\/avatar\/aab8da397152551fad5132b4b20cb891945e7bc931de8d0d72495261a983a371?s=96&d=mm&r=g","caption":"Alexandra Zanela"},"url":"https:\/\/sinepe-rs.org.br\/educacaoempauta\/author\/alexandra\/"}]}},"_links":{"self":[{"href":"https:\/\/sinepe-rs.org.br\/educacaoempauta\/wp-json\/wp\/v2\/posts\/3001","targetHints":{"allow":["GET"]}}],"collection":[{"href":"https:\/\/sinepe-rs.org.br\/educacaoempauta\/wp-json\/wp\/v2\/posts"}],"about":[{"href":"https:\/\/sinepe-rs.org.br\/educacaoempauta\/wp-json\/wp\/v2\/types\/post"}],"author":[{"embeddable":true,"href":"https:\/\/sinepe-rs.org.br\/educacaoempauta\/wp-json\/wp\/v2\/users\/3"}],"replies":[{"embeddable":true,"href":"https:\/\/sinepe-rs.org.br\/educacaoempauta\/wp-json\/wp\/v2\/comments?post=3001"}],"version-history":[{"count":9,"href":"https:\/\/sinepe-rs.org.br\/educacaoempauta\/wp-json\/wp\/v2\/posts\/3001\/revisions"}],"predecessor-version":[{"id":3035,"href":"https:\/\/sinepe-rs.org.br\/educacaoempauta\/wp-json\/wp\/v2\/posts\/3001\/revisions\/3035"}],"wp:featuredmedia":[{"embeddable":true,"href":"https:\/\/sinepe-rs.org.br\/educacaoempauta\/wp-json\/wp\/v2\/media\/3005"}],"wp:attachment":[{"href":"https:\/\/sinepe-rs.org.br\/educacaoempauta\/wp-json\/wp\/v2\/media?parent=3001"}],"wp:term":[{"taxonomy":"category","embeddable":true,"href":"https:\/\/sinepe-rs.org.br\/educacaoempauta\/wp-json\/wp\/v2\/categories?post=3001"},{"taxonomy":"post_tag","embeddable":true,"href":"https:\/\/sinepe-rs.org.br\/educacaoempauta\/wp-json\/wp\/v2\/tags?post=3001"}],"curies":[{"name":"wp","href":"https:\/\/api.w.org\/{rel}","templated":true}]}}