{"id":3013,"date":"2023-04-03T07:07:00","date_gmt":"2023-04-03T10:07:00","guid":{"rendered":"https:\/\/sinepe-rs.org.br\/educacaoempauta\/?p=3013"},"modified":"2023-04-10T11:27:35","modified_gmt":"2023-04-10T14:27:35","slug":"leitura-na-infancia-a-importancia-de-desenvolver-habitos-com-os-livros","status":"publish","type":"post","link":"https:\/\/sinepe-rs.org.br\/educacaoempauta\/inspire-se\/leitura-na-infancia-a-importancia-de-desenvolver-habitos-com-os-livros\/","title":{"rendered":"Leitura na inf\u00e2ncia: a import\u00e2ncia de desenvolver h\u00e1bitos com os livros"},"content":{"rendered":"\n<p>F\u00e1bulas, contos, lendas\u2026 existe um amplo universo para ingressar no mundo da leitura desde os primeiros anos de vida. Esse objeto t\u00e3o importante no desenvolvimento intelectual conta, em 2 de abril, com a celebra\u00e7\u00e3o do Dia Internacional do Livro Infantil. Para isso, o Educa\u00e7\u00e3o em Pauta traz reflex\u00f5es sobre os h\u00e1bitos de leitura na primeira inf\u00e2ncia.&nbsp;<\/p>\n\n\n\n<p>Esta intera\u00e7\u00e3o dos mais novos com o livro \u00e9 representativa no Brasil. A faixa et\u00e1ria dos 5 aos 10 anos de idade \u00e9 o perfil com maior frequ\u00eancia de consumo de livros de literatura, independentemente do suporte. Essas crian\u00e7as representam 23% de toda a popula\u00e7\u00e3o e costumam ler diariamente ou quase todos os dias por vontade pr\u00f3pria.&nbsp;<\/p>\n\n\n\n<p>Estes dados constam na \u00faltima edi\u00e7\u00e3o da pesquisa <a href=\"https:\/\/www.prolivro.org.br\/5a-edicao-de-retratos-da-leitura-no-brasil-2\/principal-do-livro\/apresentacao\/\" target=\"_blank\" rel=\"noreferrer noopener\">Retratos da Leitura no Brasil<\/a>, realizado pelo Instituto Pr\u00f3-Livro (IPL), em parceria com a Associa\u00e7\u00e3o Brasileira de Livros e Conte\u00fados Educacionais (Abrelivros), a C\u00e2mara Brasileira de Livros e o Sindicato Nacional dos Editores de Livros (Snel).<\/p>\n\n\n\n<p>Ainda beb\u00ea, o livro pode estar presente. Aquele de pl\u00e1stico, que vira brinquedo na hora do banho, \u00e9 uma forma de ter o primeiro contato com a leitura. A professora do curso de Pedagogia da UniRitter, Vanessa Kopp, comenta que somente o fato de manipul\u00e1-lo possibilita reconhecer um livro, tornando o ato de ler algo natural. \u201c\u00c9 importante que a fam\u00edlia leia para as crian\u00e7as, pois v\u00e3o se apropriar das hist\u00f3rias. Quando s\u00e3o capazes de uma comunica\u00e7\u00e3o verbal, podem fingir que est\u00e3o contando a mesma hist\u00f3ria\u201d, salienta.&nbsp;<\/p>\n\n\n\n<p>Na escola, ela acredita que os professores, ao contarem hist\u00f3rias com est\u00edmulos visuais, como dedoches, ampliam as chances de criar futuros adoradores de livros. &#8220;Al\u00e9m disso, as visitas \u00e0 biblioteca e a intera\u00e7\u00e3o com quem trabalha nesse ambiente deve formar um leitor efetivo\u201d, salienta.<\/p>\n\n\n\n<p>A professora da UniRitter destaca que \u00e9 importante montar uma rotina para as crian\u00e7as. Ter uma programa\u00e7\u00e3o semanal que tenha, por exemplo, dois dias de leitura digital e dois de livros anal\u00f3gicos. \u201cEsse h\u00e1bito vai se perpetuar na adolesc\u00eancia e na vida adulta\u201d, comenta.<\/p>\n\n\n\n<p>Quanto ao letramento liter\u00e1rio, Vanessa frisa que \u00e9 importante que as crian\u00e7as tenham a percep\u00e7\u00e3o da origem do autor, o que ele j\u00e1 escreveu, o que traz de outros escritores. Bem como provocar interatividades, \u00e9 importante ressaltar a rela\u00e7\u00e3o dos textos com o cotidiano, com mat\u00e9rias jornal\u00edsticas, com m\u00fasicas, ou seja, entender os contextos que os conte\u00fados foram escritos.&nbsp;<\/p>\n\n\n\n<p>Outro fator fundamental \u00e9 respeitar os interesses de leituras dos pequenos. \u201cDessa maneira, \u00e9 poss\u00edvel alternar com outros tipos de conte\u00fados para ampliar a forma\u00e7\u00e3o&#8221;, enfatiza.<\/p>\n\n\n\n<p>Acostumada com o dia-a-dia escolar, a coordenadora de L\u00edngua Portuguesa do Ensino Fundamental e Anos Iniciais do Col\u00e9gio Rio Branco, de S\u00e3o Paulo, Elody Nunes Moraes, ratifica que ao combinar a escrita com fotos, ilustra\u00e7\u00f5es, sons variados, falas, m\u00fasicas, gestos e movimentos, os alunos se aproximam de uma linguagem mais contempor\u00e2nea, t\u00edpica da era digital que vivemos, construindo sentidos e dialogando com outras formas de express\u00e3o.&nbsp;<\/p>\n\n\n\n<p>Ao compreender as rela\u00e7\u00f5es entre palavras, imagens e sons, os estudantes estar\u00e3o desenvolvendo outras compet\u00eancias que os ajudar\u00e3o a compreender melhor o mundo em que vivem. \u201cNesse sentido, incentivar a leitura de livros f\u00edsicos e digitais com recursos multimodais, pode ser uma forma de ajud\u00e1-los a se transformarem em usu\u00e1rios competentes da l\u00edngua, al\u00e9m de agu\u00e7ar o prazer pela leitura\u201d, salienta.<\/p>\n\n\n\n<p><strong>Na vis\u00e3o de um escritor<\/strong><\/p>\n\n\n\n<p>Autor de obras para o p\u00fablico infanto-juvenil, o escritor Ant\u00f4nio Schimeneck comenta que a literatura ajuda a elaborar o processo de humaniza\u00e7\u00e3o. \u201cA leitura desde a inf\u00e2ncia \u00e9 t\u00e3o imprescind\u00edvel. As narrativas liter\u00e1rias n\u00e3o estiveram presentes nessa primeira fase da minha vida. Foi s\u00f3 na entrada da adolesc\u00eancia que, em uma biblioteca escolar, comecei a trilhar os caminhos das palavra\u201d, relata.<\/p>\n\n\n\n<p>Ao escrever suas obras, ele comenta que procura criar para o \u201cAnt\u00f4nio crian\u00e7a\u201d e para \u201co Ant\u00f4nio jovem\u201d. \u201cAssim, permane\u00e7o fiel ao sonho e \u00e0 fantasia, elementos que permitem olhar para o real com alguma esperan\u00e7a\u201d, diz.&nbsp;<\/p>\n\n\n\n<p><strong>Livros digitais e suas possibilidades<\/strong><\/p>\n\n\n\n<p>Os livros digitais s\u00e3o de f\u00e1cil acesso e, em alguns casos, constitu\u00eddos de novos recursos que ajudam na promo\u00e7\u00e3o do gosto pela leitura. \u00c9 o que sinaliza a CEO da <a href=\"https:\/\/www.elefanteletrado.com.br\/\" target=\"_blank\" rel=\"noreferrer noopener\">Elefante Letrado<\/a>, M\u00f4nica Timm de Carvalho. A plataforma digital de leitura foi criada para estudantes do Ensino Fundamental 1 e, em seus pr\u00f3prios registros, conta com mais de 10 milh\u00f5es de livros lidos.&nbsp;<\/p>\n\n\n\n<p>M\u00f4nica comenta que o resultado do contato de crian\u00e7as com bibliotecas digitais tem sido a mais r\u00e1pida forma\u00e7\u00e3o do h\u00e1bito da leitura, sem qualquer perda de interesse pelos livros f\u00edsicos.<\/p>\n\n\n\n<p>Ela ainda sinaliza que para ler textos em movimento, como ocorre quando se interage em m\u00eddias digitais, se mobiliza habilidades distintas daquelas que s\u00e3o empregadas ao ler textos parados e impressos. \u201cAssim, uma pessoa s\u00f3 estar\u00e1 plenamente integrada \u00e0 vida no s\u00e9culo 21 quando ela conseguir ler, com compet\u00eancia, textos impressos e digitais, que exigem tanto um processamento linear quanto uma leitura eventualmente permeada por hiperlinks\u201d, frisa.<\/p>\n\n\n\n<p><strong>Projeto Meu Primeiro Livro<\/strong><\/p>\n\n\n\n<p>No \u201cProjeto Meu Primeiro Livro\u201d, os estudantes do 4\u00ba ano do Col\u00e9gio Anchieta, de Porto Alegre, escrevem poesias autorais e ilustram com desenho. Quando os estudantes passam para o 5\u00ba ano, esta atividade se transforma em um livro impresso, com direito a lan\u00e7amento e uma sess\u00e3o de aut\u00f3grafos, que \u00e9 realizada durante a Semana Liter\u00e1ria e Cultural do col\u00e9gio.&nbsp;<\/p>\n\n\n\n<figure class=\"wp-block-image\"><img decoding=\"async\" src=\"https:\/\/lh4.googleusercontent.com\/-LDhN_XB-4EEDrMN4Io-P_cbNwy7Xkk3RRjdpTUtP22YczZiYxcVyvS9XrpdXOYSdfLypk3Fhex3vcckJO4zeoQMVFAirNP2m6W27yI3bjpTrAculTTme0XOhYTops3-6lYH2f1YxSfn36-WwUhzuM4\" alt=\"\"\/><figcaption><em>Sess\u00e3o de aut\u00f3grafos na Semana Liter\u00e1ria 2022 | Foto: Col\u00e9gio Anchieta\/Divulga\u00e7\u00e3o<\/em><\/figcaption><\/figure>\n\n\n\n<p>O objetivo dessa a\u00e7\u00e3o \u00e9 possibilitar \u00e0s crian\u00e7as o conhecimento de textos po\u00e9ticos, levando-as \u00e0 motiva\u00e7\u00e3o e interesse para ouvir, ler e escrever poesias, bem como, praticar a\u00e7\u00f5es leitoras com outros tipos de textos. \u201cOs alunos escrevem muito e produzem uma narrativa com in\u00edcio, meio e fim. A poesia \u00e9 mais complexa de se elaborar e possibilita expressar sentimentos\u201d, salienta a coordenadora do Servi\u00e7o de Orienta\u00e7\u00e3o Pedag\u00f3gica do 4\u00ba e 5\u00ba Ano do Col\u00e9gio Anchieta, Adriana Bassi.<\/p>\n\n\n\n<p>A metodologia aplicada visa relacionar e conhecer poemas diversos, sensibilizar os alunos para uma observa\u00e7\u00e3o mais apurada dos elementos com as quais as palavras se entrela\u00e7am em uma poesia, oportunizar o acesso \u00e0 linguagem po\u00e9tica e expressar suas emo\u00e7\u00f5es criando seus pr\u00f3prios poemas.&nbsp;<\/p>\n\n\n\n<p>Tamb\u00e9m proporciona ao estudante, por meio da oralidade, leitura e escrita, ampliar sua capacidade comunicativa e sua inser\u00e7\u00e3o no espa\u00e7o em que vive, tornando-o um aluno mais motivado, mais participativo e mais questionador, ampliando suas possibilidades de aprendizagem.&nbsp;<\/p>\n\n\n\n<p>Lan\u00e7ados anualmente, j\u00e1 s\u00e3o mais de 15 livros impressos. Durante o per\u00edodo da pandemia, duas publica\u00e7\u00f5es ganharam vers\u00f5es digitais: <a href=\"https:\/\/www.colegioanchieta.g12.br\/wp-content\/uploads\/2021\/05\/Anchieta_Poesias2020_4ano_FINAL.pdf\" target=\"_blank\" rel=\"noreferrer noopener\"><em>Poema em Tempos de Pandemia<\/em><\/a> e <a href=\"https:\/\/www.colegioanchieta.g12.br\/wp-content\/uploads\/2023\/03\/130-Anos-em-Versos.pdf\" target=\"_blank\" rel=\"noreferrer noopener\"><em>130 Anos em Versos<\/em><\/a>.&nbsp;<\/p>\n\n\n\n<p>Em alguns poemas, os estudantes expressaram o quanto adoram os livros:<\/p>\n\n\n\n<p><strong>Biblioteca!<\/strong> <\/p>\n\n\n\n<p>por Marina Torres Kalil<\/p>\n\n\n\n<p><em>Na biblioteca, quando leio<br>Um livro, fico a pensar<br>Se eu estivesse na hist\u00f3ria<br>Fico sempre a imaginar.<br>Biblioteca tem hist\u00f3rias<br>Tem conto de fadas, tem a\u00e7\u00e3o,<br>Tem mist\u00e9rio, tem poesia,<br>E muita emo\u00e7\u00e3o.<br>Tem centenas de livros,<br>Com diversos assuntos.<br>Me perco entre eles,<br>Quero ler todos juntos.<\/em><\/p>\n\n\n\n<p><\/p>\n\n\n\n<p><strong>O que eu acho legal<\/strong><\/p>\n\n\n\n<p>por Leonardo Andr\u00e9 da Silva<\/p>\n\n\n\n<p><em>Nos passeios eu aprendi<br>Sobre os imigrantes<br>Italianos e alem\u00e3es<br>Grandes viajantes<br>Na aula pela Hist\u00f3ria viajei<br>Sobre a\u00e7orianos e africanos estudei<br>Na biblioteca eu mergulhei<br>No livro tem tanto conhecimento<br>Que as ideias entram como vento<br>No p\u00e1tio eu brinquei<br>No escorrega e gira-gira<br>E muitos amigos conquistei.<\/em><\/p>\n","protected":false},"excerpt":{"rendered":"<p>Profissionais de v\u00e1rias \u00e1reas fazem reflex\u00f5es e sugerem estrat\u00e9gias para estimular as crian\u00e7as a se tornarem adultos que tenham prazer em ler  <\/p>\n","protected":false},"author":3,"featured_media":3016,"comment_status":"open","ping_status":"open","sticky":false,"template":"","format":"standard","meta":{"footnotes":""},"categories":[7],"tags":[305,166,306,167,304,43],"class_list":["post-3013","post","type-post","status-publish","format-standard","has-post-thumbnail","hentry","category-inspire-se","tag-dia-internacional-do-livro-infantil","tag-leitura","tag-leitura-na-infancia","tag-literatura","tag-livro-infantil","tag-sinepe-rs-2"],"acf":[],"yoast_head":"<!-- This site is optimized with the Yoast SEO plugin v24.6 - https:\/\/yoast.com\/wordpress\/plugins\/seo\/ -->\n<title>Leitura na inf\u00e2ncia: a import\u00e2ncia de desenvolver h\u00e1bitos com os livro<\/title>\n<meta name=\"description\" content=\"Profissionais de v\u00e1rias \u00e1reas fazem reflex\u00f5es e sugerem estrat\u00e9gias para estimular as crian\u00e7as a se tornarem adultos que tenham prazer em ler\" \/>\n<meta name=\"robots\" content=\"index, follow, max-snippet:-1, max-image-preview:large, max-video-preview:-1\" \/>\n<link rel=\"canonical\" href=\"https:\/\/sinepe-rs.org.br\/educacaoempauta\/inspire-se\/leitura-na-infancia-a-importancia-de-desenvolver-habitos-com-os-livros\/\" \/>\n<meta property=\"og:locale\" content=\"pt_BR\" \/>\n<meta property=\"og:type\" content=\"article\" \/>\n<meta property=\"og:title\" content=\"Leitura na inf\u00e2ncia: a import\u00e2ncia de desenvolver h\u00e1bitos com os livro\" \/>\n<meta property=\"og:description\" content=\"Profissionais de v\u00e1rias \u00e1reas fazem reflex\u00f5es e sugerem estrat\u00e9gias para estimular as crian\u00e7as a se tornarem adultos que tenham prazer em ler\" \/>\n<meta property=\"og:url\" content=\"https:\/\/sinepe-rs.org.br\/educacaoempauta\/inspire-se\/leitura-na-infancia-a-importancia-de-desenvolver-habitos-com-os-livros\/\" \/>\n<meta property=\"og:site_name\" content=\"Educa\u00e7\u00e3o em Pauta: Portal de reportagens de Educa\u00e7\u00e3o\" \/>\n<meta property=\"article:published_time\" content=\"2023-04-03T10:07:00+00:00\" \/>\n<meta property=\"article:modified_time\" content=\"2023-04-10T14:27:35+00:00\" \/>\n<meta property=\"og:image\" content=\"https:\/\/sinepe-rs.org.br\/educacaoempauta\/wp-content\/uploads\/2023\/04\/217-educacaoempauta-sinepers-livro-infantil.jpg\" \/>\n\t<meta property=\"og:image:width\" content=\"1366\" \/>\n\t<meta property=\"og:image:height\" content=\"450\" \/>\n\t<meta property=\"og:image:type\" content=\"image\/jpeg\" \/>\n<meta name=\"author\" content=\"Alexandra Zanela\" \/>\n<meta name=\"twitter:card\" content=\"summary_large_image\" \/>\n<meta name=\"twitter:label1\" content=\"Escrito por\" \/>\n\t<meta name=\"twitter:data1\" content=\"Alexandra Zanela\" \/>\n\t<meta name=\"twitter:label2\" content=\"Est. tempo de leitura\" \/>\n\t<meta name=\"twitter:data2\" content=\"7 minutos\" \/>\n<script type=\"application\/ld+json\" class=\"yoast-schema-graph\">{\"@context\":\"https:\/\/schema.org\",\"@graph\":[{\"@type\":\"WebPage\",\"@id\":\"https:\/\/sinepe-rs.org.br\/educacaoempauta\/inspire-se\/leitura-na-infancia-a-importancia-de-desenvolver-habitos-com-os-livros\/\",\"url\":\"https:\/\/sinepe-rs.org.br\/educacaoempauta\/inspire-se\/leitura-na-infancia-a-importancia-de-desenvolver-habitos-com-os-livros\/\",\"name\":\"Leitura na inf\u00e2ncia: a import\u00e2ncia de desenvolver h\u00e1bitos com os livro\",\"isPartOf\":{\"@id\":\"https:\/\/sinepe-rs.org.br\/educacaoempauta\/#website\"},\"primaryImageOfPage\":{\"@id\":\"https:\/\/sinepe-rs.org.br\/educacaoempauta\/inspire-se\/leitura-na-infancia-a-importancia-de-desenvolver-habitos-com-os-livros\/#primaryimage\"},\"image\":{\"@id\":\"https:\/\/sinepe-rs.org.br\/educacaoempauta\/inspire-se\/leitura-na-infancia-a-importancia-de-desenvolver-habitos-com-os-livros\/#primaryimage\"},\"thumbnailUrl\":\"https:\/\/sinepe-rs.org.br\/educacaoempauta\/wp-content\/uploads\/2023\/04\/217-educacaoempauta-sinepers-livro-infantil.jpg\",\"datePublished\":\"2023-04-03T10:07:00+00:00\",\"dateModified\":\"2023-04-10T14:27:35+00:00\",\"author\":{\"@id\":\"https:\/\/sinepe-rs.org.br\/educacaoempauta\/#\/schema\/person\/c542073558983d5792101d1b5240d841\"},\"description\":\"Profissionais de v\u00e1rias \u00e1reas fazem reflex\u00f5es e sugerem estrat\u00e9gias para estimular as crian\u00e7as a se tornarem adultos que tenham prazer em ler\",\"breadcrumb\":{\"@id\":\"https:\/\/sinepe-rs.org.br\/educacaoempauta\/inspire-se\/leitura-na-infancia-a-importancia-de-desenvolver-habitos-com-os-livros\/#breadcrumb\"},\"inLanguage\":\"pt-BR\",\"potentialAction\":[{\"@type\":\"ReadAction\",\"target\":[\"https:\/\/sinepe-rs.org.br\/educacaoempauta\/inspire-se\/leitura-na-infancia-a-importancia-de-desenvolver-habitos-com-os-livros\/\"]}]},{\"@type\":\"ImageObject\",\"inLanguage\":\"pt-BR\",\"@id\":\"https:\/\/sinepe-rs.org.br\/educacaoempauta\/inspire-se\/leitura-na-infancia-a-importancia-de-desenvolver-habitos-com-os-livros\/#primaryimage\",\"url\":\"https:\/\/sinepe-rs.org.br\/educacaoempauta\/wp-content\/uploads\/2023\/04\/217-educacaoempauta-sinepers-livro-infantil.jpg\",\"contentUrl\":\"https:\/\/sinepe-rs.org.br\/educacaoempauta\/wp-content\/uploads\/2023\/04\/217-educacaoempauta-sinepers-livro-infantil.jpg\",\"width\":1366,\"height\":450,\"caption\":\"Leitura na inf\u00e2ncia: a import\u00e2ncia de desenvolver h\u00e1bitos com os livro\"},{\"@type\":\"BreadcrumbList\",\"@id\":\"https:\/\/sinepe-rs.org.br\/educacaoempauta\/inspire-se\/leitura-na-infancia-a-importancia-de-desenvolver-habitos-com-os-livros\/#breadcrumb\",\"itemListElement\":[{\"@type\":\"ListItem\",\"position\":1,\"name\":\"Home\",\"item\":\"https:\/\/sinepe-rs.org.br\/educacaoempauta\/\"},{\"@type\":\"ListItem\",\"position\":2,\"name\":\"Leitura na inf\u00e2ncia: a import\u00e2ncia de desenvolver h\u00e1bitos com os livros\"}]},{\"@type\":\"WebSite\",\"@id\":\"https:\/\/sinepe-rs.org.br\/educacaoempauta\/#website\",\"url\":\"https:\/\/sinepe-rs.org.br\/educacaoempauta\/\",\"name\":\"Educa\u00e7\u00e3o em Pauta: Portal de reportagens de Educa\u00e7\u00e3o\",\"description\":\"Sinepe-RS\",\"potentialAction\":[{\"@type\":\"SearchAction\",\"target\":{\"@type\":\"EntryPoint\",\"urlTemplate\":\"https:\/\/sinepe-rs.org.br\/educacaoempauta\/?s={search_term_string}\"},\"query-input\":{\"@type\":\"PropertyValueSpecification\",\"valueRequired\":true,\"valueName\":\"search_term_string\"}}],\"inLanguage\":\"pt-BR\"},{\"@type\":\"Person\",\"@id\":\"https:\/\/sinepe-rs.org.br\/educacaoempauta\/#\/schema\/person\/c542073558983d5792101d1b5240d841\",\"name\":\"Alexandra Zanela\",\"image\":{\"@type\":\"ImageObject\",\"inLanguage\":\"pt-BR\",\"@id\":\"https:\/\/sinepe-rs.org.br\/educacaoempauta\/#\/schema\/person\/image\/\",\"url\":\"https:\/\/secure.gravatar.com\/avatar\/aab8da397152551fad5132b4b20cb891945e7bc931de8d0d72495261a983a371?s=96&d=mm&r=g\",\"contentUrl\":\"https:\/\/secure.gravatar.com\/avatar\/aab8da397152551fad5132b4b20cb891945e7bc931de8d0d72495261a983a371?s=96&d=mm&r=g\",\"caption\":\"Alexandra Zanela\"},\"url\":\"https:\/\/sinepe-rs.org.br\/educacaoempauta\/author\/alexandra\/\"}]}<\/script>\n<!-- \/ Yoast SEO plugin. -->","yoast_head_json":{"title":"Leitura na inf\u00e2ncia: a import\u00e2ncia de desenvolver h\u00e1bitos com os livro","description":"Profissionais de v\u00e1rias \u00e1reas fazem reflex\u00f5es e sugerem estrat\u00e9gias para estimular as crian\u00e7as a se tornarem adultos que tenham prazer em ler","robots":{"index":"index","follow":"follow","max-snippet":"max-snippet:-1","max-image-preview":"max-image-preview:large","max-video-preview":"max-video-preview:-1"},"canonical":"https:\/\/sinepe-rs.org.br\/educacaoempauta\/inspire-se\/leitura-na-infancia-a-importancia-de-desenvolver-habitos-com-os-livros\/","og_locale":"pt_BR","og_type":"article","og_title":"Leitura na inf\u00e2ncia: a import\u00e2ncia de desenvolver h\u00e1bitos com os livro","og_description":"Profissionais de v\u00e1rias \u00e1reas fazem reflex\u00f5es e sugerem estrat\u00e9gias para estimular as crian\u00e7as a se tornarem adultos que tenham prazer em ler","og_url":"https:\/\/sinepe-rs.org.br\/educacaoempauta\/inspire-se\/leitura-na-infancia-a-importancia-de-desenvolver-habitos-com-os-livros\/","og_site_name":"Educa\u00e7\u00e3o em Pauta: Portal de reportagens de Educa\u00e7\u00e3o","article_published_time":"2023-04-03T10:07:00+00:00","article_modified_time":"2023-04-10T14:27:35+00:00","og_image":[{"width":1366,"height":450,"url":"https:\/\/sinepe-rs.org.br\/educacaoempauta\/wp-content\/uploads\/2023\/04\/217-educacaoempauta-sinepers-livro-infantil.jpg","type":"image\/jpeg"}],"author":"Alexandra Zanela","twitter_card":"summary_large_image","twitter_misc":{"Escrito por":"Alexandra Zanela","Est. tempo de leitura":"7 minutos"},"schema":{"@context":"https:\/\/schema.org","@graph":[{"@type":"WebPage","@id":"https:\/\/sinepe-rs.org.br\/educacaoempauta\/inspire-se\/leitura-na-infancia-a-importancia-de-desenvolver-habitos-com-os-livros\/","url":"https:\/\/sinepe-rs.org.br\/educacaoempauta\/inspire-se\/leitura-na-infancia-a-importancia-de-desenvolver-habitos-com-os-livros\/","name":"Leitura na inf\u00e2ncia: a import\u00e2ncia de desenvolver h\u00e1bitos com os livro","isPartOf":{"@id":"https:\/\/sinepe-rs.org.br\/educacaoempauta\/#website"},"primaryImageOfPage":{"@id":"https:\/\/sinepe-rs.org.br\/educacaoempauta\/inspire-se\/leitura-na-infancia-a-importancia-de-desenvolver-habitos-com-os-livros\/#primaryimage"},"image":{"@id":"https:\/\/sinepe-rs.org.br\/educacaoempauta\/inspire-se\/leitura-na-infancia-a-importancia-de-desenvolver-habitos-com-os-livros\/#primaryimage"},"thumbnailUrl":"https:\/\/sinepe-rs.org.br\/educacaoempauta\/wp-content\/uploads\/2023\/04\/217-educacaoempauta-sinepers-livro-infantil.jpg","datePublished":"2023-04-03T10:07:00+00:00","dateModified":"2023-04-10T14:27:35+00:00","author":{"@id":"https:\/\/sinepe-rs.org.br\/educacaoempauta\/#\/schema\/person\/c542073558983d5792101d1b5240d841"},"description":"Profissionais de v\u00e1rias \u00e1reas fazem reflex\u00f5es e sugerem estrat\u00e9gias para estimular as crian\u00e7as a se tornarem adultos que tenham prazer em ler","breadcrumb":{"@id":"https:\/\/sinepe-rs.org.br\/educacaoempauta\/inspire-se\/leitura-na-infancia-a-importancia-de-desenvolver-habitos-com-os-livros\/#breadcrumb"},"inLanguage":"pt-BR","potentialAction":[{"@type":"ReadAction","target":["https:\/\/sinepe-rs.org.br\/educacaoempauta\/inspire-se\/leitura-na-infancia-a-importancia-de-desenvolver-habitos-com-os-livros\/"]}]},{"@type":"ImageObject","inLanguage":"pt-BR","@id":"https:\/\/sinepe-rs.org.br\/educacaoempauta\/inspire-se\/leitura-na-infancia-a-importancia-de-desenvolver-habitos-com-os-livros\/#primaryimage","url":"https:\/\/sinepe-rs.org.br\/educacaoempauta\/wp-content\/uploads\/2023\/04\/217-educacaoempauta-sinepers-livro-infantil.jpg","contentUrl":"https:\/\/sinepe-rs.org.br\/educacaoempauta\/wp-content\/uploads\/2023\/04\/217-educacaoempauta-sinepers-livro-infantil.jpg","width":1366,"height":450,"caption":"Leitura na inf\u00e2ncia: a import\u00e2ncia de desenvolver h\u00e1bitos com os livro"},{"@type":"BreadcrumbList","@id":"https:\/\/sinepe-rs.org.br\/educacaoempauta\/inspire-se\/leitura-na-infancia-a-importancia-de-desenvolver-habitos-com-os-livros\/#breadcrumb","itemListElement":[{"@type":"ListItem","position":1,"name":"Home","item":"https:\/\/sinepe-rs.org.br\/educacaoempauta\/"},{"@type":"ListItem","position":2,"name":"Leitura na inf\u00e2ncia: a import\u00e2ncia de desenvolver h\u00e1bitos com os livros"}]},{"@type":"WebSite","@id":"https:\/\/sinepe-rs.org.br\/educacaoempauta\/#website","url":"https:\/\/sinepe-rs.org.br\/educacaoempauta\/","name":"Educa\u00e7\u00e3o em Pauta: Portal de reportagens de Educa\u00e7\u00e3o","description":"Sinepe-RS","potentialAction":[{"@type":"SearchAction","target":{"@type":"EntryPoint","urlTemplate":"https:\/\/sinepe-rs.org.br\/educacaoempauta\/?s={search_term_string}"},"query-input":{"@type":"PropertyValueSpecification","valueRequired":true,"valueName":"search_term_string"}}],"inLanguage":"pt-BR"},{"@type":"Person","@id":"https:\/\/sinepe-rs.org.br\/educacaoempauta\/#\/schema\/person\/c542073558983d5792101d1b5240d841","name":"Alexandra Zanela","image":{"@type":"ImageObject","inLanguage":"pt-BR","@id":"https:\/\/sinepe-rs.org.br\/educacaoempauta\/#\/schema\/person\/image\/","url":"https:\/\/secure.gravatar.com\/avatar\/aab8da397152551fad5132b4b20cb891945e7bc931de8d0d72495261a983a371?s=96&d=mm&r=g","contentUrl":"https:\/\/secure.gravatar.com\/avatar\/aab8da397152551fad5132b4b20cb891945e7bc931de8d0d72495261a983a371?s=96&d=mm&r=g","caption":"Alexandra Zanela"},"url":"https:\/\/sinepe-rs.org.br\/educacaoempauta\/author\/alexandra\/"}]}},"_links":{"self":[{"href":"https:\/\/sinepe-rs.org.br\/educacaoempauta\/wp-json\/wp\/v2\/posts\/3013","targetHints":{"allow":["GET"]}}],"collection":[{"href":"https:\/\/sinepe-rs.org.br\/educacaoempauta\/wp-json\/wp\/v2\/posts"}],"about":[{"href":"https:\/\/sinepe-rs.org.br\/educacaoempauta\/wp-json\/wp\/v2\/types\/post"}],"author":[{"embeddable":true,"href":"https:\/\/sinepe-rs.org.br\/educacaoempauta\/wp-json\/wp\/v2\/users\/3"}],"replies":[{"embeddable":true,"href":"https:\/\/sinepe-rs.org.br\/educacaoempauta\/wp-json\/wp\/v2\/comments?post=3013"}],"version-history":[{"count":7,"href":"https:\/\/sinepe-rs.org.br\/educacaoempauta\/wp-json\/wp\/v2\/posts\/3013\/revisions"}],"predecessor-version":[{"id":3047,"href":"https:\/\/sinepe-rs.org.br\/educacaoempauta\/wp-json\/wp\/v2\/posts\/3013\/revisions\/3047"}],"wp:featuredmedia":[{"embeddable":true,"href":"https:\/\/sinepe-rs.org.br\/educacaoempauta\/wp-json\/wp\/v2\/media\/3016"}],"wp:attachment":[{"href":"https:\/\/sinepe-rs.org.br\/educacaoempauta\/wp-json\/wp\/v2\/media?parent=3013"}],"wp:term":[{"taxonomy":"category","embeddable":true,"href":"https:\/\/sinepe-rs.org.br\/educacaoempauta\/wp-json\/wp\/v2\/categories?post=3013"},{"taxonomy":"post_tag","embeddable":true,"href":"https:\/\/sinepe-rs.org.br\/educacaoempauta\/wp-json\/wp\/v2\/tags?post=3013"}],"curies":[{"name":"wp","href":"https:\/\/api.w.org\/{rel}","templated":true}]}}