{"id":3040,"date":"2023-04-10T07:07:00","date_gmt":"2023-04-10T10:07:00","guid":{"rendered":"https:\/\/sinepe-rs.org.br\/educacaoempauta\/?p=3040"},"modified":"2023-04-19T09:53:59","modified_gmt":"2023-04-19T12:53:59","slug":"como-a-ciencia-de-dados-pode-ajudar-na-gestao-escolar","status":"publish","type":"post","link":"https:\/\/sinepe-rs.org.br\/educacaoempauta\/com-a-palavra\/como-a-ciencia-de-dados-pode-ajudar-na-gestao-escolar\/","title":{"rendered":"Especialista fala sobre como a ci\u00eancia de dados pode ajudar na gest\u00e3o escolar"},"content":{"rendered":"\n<p>Classificados como &#8220;o novo ouro&#8221;, os dados podem tornar empresas ou organiza\u00e7\u00f5es mais inteligentes. Logo, <mark style=\"background-color:#ff6900\" class=\"has-inline-color\">a ci\u00eancia de dados est\u00e1 dispon\u00edvel para demonstrar que as informa\u00e7\u00f5es permitem que sejam extra\u00eddos <em>insights<\/em> significativos para empreendimentos, como uma escola ou uma universidade.<\/mark><\/p>\n\n\n\n<p>Para elucidar esse tema, o Educa\u00e7\u00e3o em Pauta realizou uma entrevista exclusiva com o pesquisador de cultura anal\u00edtica, autor e empreendedor da \u00e1rea de tecnologia da informa\u00e7\u00e3o, Ricardo Cappra, fundador do Cappra Institute for Data Science, onde pesquisa o impacto dos dados na sociedade e nos neg\u00f3cios. Ele est\u00e1 \u00e0 frente para criar m\u00e9todos, projetos, laborat\u00f3rios e neg\u00f3cios que aceleram o desenvolvimento anal\u00edtico de pessoas e empresas ao redor do mundo.&nbsp;<\/p>\n\n\n\n<p>O especialista j\u00e1 colaborou para organiza\u00e7\u00f5es como governo dos Estados Unidos, Abbott Laboratories, Unilever, B3, Banco do Brasil, Gol Linhas A\u00e9reas, Banco Santander, UOL, Whirlpool, Banco Mundial, Rede Globo, Banco Ita\u00fa e Ambev.<\/p>\n\n\n\n<p><strong>Como est\u00e1 o cen\u00e1rio da cultura anal\u00edtica e ci\u00eancia de dados no Brasil?<\/strong><\/p>\n\n\n\n<p>A cultura anal\u00edtica \u00e9 resultado do desenvolvimento de habilidades anal\u00edticas e utiliza\u00e7\u00e3o de recursos que promovam a transforma\u00e7\u00e3o de dados em informa\u00e7\u00f5es acion\u00e1veis. As habilidades anal\u00edticas envolvem desde a abordagem certa para perguntas de neg\u00f3cios, passando por maneiras avan\u00e7adas para lidar com tanta informa\u00e7\u00e3o, impactando na capacidade de tomar melhores decis\u00f5es orientadas por dados. <mark style=\"background-color:#ff6900\" class=\"has-inline-color\">Recursos anal\u00edticos s\u00e3o as fontes, dados, tecnologias e t\u00e9cnicas que s\u00e3o utilizadas para transforma\u00e7\u00e3o em informa\u00e7\u00e3o qualificada, organizada e acion\u00e1vel.<\/mark><\/p>\n\n\n\n<figure class=\"wp-block-pullquote\" style=\"font-size:14px\"><blockquote><p>&#8220;O comportamento anal\u00edtico \u00e9 uma caracter\u00edstica de uma sociedade hiperconectada, que precisa pensar e analisar problemas atrav\u00e9s dos dados, lidar com grandes volumes de informa\u00e7\u00e3o e, para isso, utiliza-se de tecnologias para facilitar o seu dia-a-dia&#8221;<\/p><cite>Ricardo Capra &#8211; pesquisador de cultura anal\u00edtica<\/cite><\/blockquote><\/figure>\n\n\n\n<p>Estabelecida essas duas premissas, a ci\u00eancia de dados, como um recurso t\u00e9cnico, avan\u00e7ou muito r\u00e1pido em raz\u00e3o de ferramentas e capacita\u00e7\u00f5es amplamente difundidas para profissionais com perfil t\u00e9cnico-cient\u00edfico. Por outro lado, a cultura, que envolve as <em>soft skills<\/em> e o engajamento de profissionais para desenvolvimento de habilidades anal\u00edticas, acabou ficando para tr\u00e1s nessa acelerada era da informa\u00e7\u00e3o. Isso, na pr\u00e1tica, significa que temos um grande aparato t\u00e9cnico \u00e0 disposi\u00e7\u00e3o, mas uma subutiliza\u00e7\u00e3o do potencial dos dados nos ambientes de neg\u00f3cios.&nbsp;<\/p>\n\n\n\n<p><strong>Em alguns rankings, o Brasil aparece entre os pa\u00edses que mais contabilizaram epis\u00f3dios de vazamento de dados. Como voc\u00ea avalia essa situa\u00e7\u00e3o, bem como a implanta\u00e7\u00e3o da Lei Geral de Prote\u00e7\u00e3o de Dados Pessoais (LGDP)?<\/strong><\/p>\n\n\n\n<p>O Brasil \u00e9 um dos pa\u00edses que se destaca nos rankings de acesso \u00e0 internet, redes sociais e e-commerce, isso acelerou a necessidade de leis para regular o meio digital. Essa r\u00e1pida ades\u00e3o tecnol\u00f3gica associada ao complexo sistema de regulamenta\u00e7\u00e3o ativo tornou mais aparente as situa\u00e7\u00f5es de vazamento de dados. \u00c9 interessante lembrar que as leis relacionadas aos dados adotadas no Brasil s\u00e3o inspiradas nas regulamenta\u00e7\u00f5es europ\u00e9ias, j\u00e1 que nos Estados Unidos, por exemplo, ainda n\u00e3o existem leis t\u00e3o claras estabelecidas para prote\u00e7\u00e3o de dados pessoais.&nbsp;<\/p>\n\n\n\n<p>\u00c9 natural que pa\u00edses precursores desses movimentos sofram mais com essa mudan\u00e7a. Fato \u00e9 que empresas, governos e sociedade precisam se adaptar a esse novo cen\u00e1rio, que \u00e9 obviamente necess\u00e1rio, mas apresenta uma s\u00e9rie de oportunidades e amea\u00e7as. Uma sociedade aperfei\u00e7oada para navegar, viver e fazer neg\u00f3cios no meio digital est\u00e1 surgindo, assim como tamb\u00e9m surgem novos questionamentos pr\u00e1ticos e \u00e9ticos, mas tudo isso colabora para o desenvolvimento de indiv\u00edduos e organiza\u00e7\u00f5es melhores preparados para essa era da informa\u00e7\u00e3o que vivemos no s\u00e9culo XXI.<\/p>\n\n\n\n<p><strong>De que forma os dados podem ajudar o gestor de escola?<\/strong><\/p>\n\n\n\n<p>Gestores de escola, assim como gestores de qualquer tipo de neg\u00f3cio, atualmente, possuem muitos dados e avan\u00e7ados recursos tecnol\u00f3gicos para monitorar, mensurar e analisar sua evolu\u00e7\u00e3o, mas pouco disso ainda \u00e9 transformado efetivamente em rotinas que potencializam as escolhas dos decisores do neg\u00f3cio. Muitas das decis\u00f5es continuam sendo baseadas em <em>feeling<\/em> e negocia\u00e7\u00e3o, enquanto dados s\u00e3o usados como \u00faltimo recurso, mais como uma argumenta\u00e7\u00e3o do que de fato como instrumento de suporte.&nbsp;<\/p>\n\n\n\n<p><mark style=\"background-color:#ff6900\" class=\"has-inline-color\">O gestor de escola costuma ser um profissional com caracter\u00edsticas anal\u00edticas, mas ele possui dificuldades de replicar essas habilidades para outros tomadores de decis\u00e3o<\/mark>, muitas vezes mantendo uma gest\u00e3o centralizada ou com grandes silos de informa\u00e7\u00e3o.\u00a0<\/p>\n\n\n\n<p>A cultura anal\u00edtica \u00e9 resultado de uma mudan\u00e7a de h\u00e1bitos e rotinas, quando os fluxos de informa\u00e7\u00e3o s\u00e3o o principal elemento de mudan\u00e7a do pr\u00f3prio neg\u00f3cio, j\u00e1 que <mark style=\"background-color:#ff6900\" class=\"has-inline-color\">esses recursos tamb\u00e9m criam uma tomada de decis\u00e3o baseada em evid\u00eancias e promovem uma gest\u00e3o descentralizada.<\/mark>&nbsp;<\/p>\n\n\n\n<figure class=\"wp-block-pullquote\" style=\"font-size:14px\"><blockquote><p>&#8220;Em uma era moldada pela informa\u00e7\u00e3o, a escola assume um papel de orienta\u00e7\u00e3o, curadoria e mentoria, n\u00e3o sendo mais a respons\u00e1vel pela narrativa. A narrativa vir\u00e1 do pr\u00f3prio aluno, que precisa aprender a discernir aquilo que \u00e9 verdadeiro, dialogar as quest\u00f5es \u00e9ticas e precisa ter acesso \u00e0s ferramentas utilizadas nesse mundo hiperconectado e de big data&#8221;<\/p><cite>Ricardo Capra &#8211; pesquisador de cultura anal\u00edtica<\/cite><\/blockquote><\/figure>\n\n\n\n<p><strong>De que forma a Intelig\u00eancia Artificial \u00e9 uma aliada nos dados?<\/strong><\/p>\n\n\n\n<p>A Intelig\u00eancia Artificial (I.A.) \u00e9 resultado de dados armazenados, classificados, organizados e com regras de a\u00e7\u00e3o pr\u00e9-estabelecidas, ou seja, sempre que utilizamos o termo I.A. estamos imediatamente nos referindo a um determinado grupo de dados que foi programado para uma a\u00e7\u00e3o futura. <mark style=\"background-color:#ff6900\" class=\"has-inline-color\">A I.A., como artefato t\u00e9cnico, tem um potencial de uso interessante para melhorar a qualidade de dados por meio de rotinas de aprendizado de m\u00e1quina e redes neurais, permitindo um processo autom\u00e1tico de limpeza e qualifica\u00e7\u00e3o da informa\u00e7\u00e3o.<\/mark>&nbsp;<\/p>\n\n\n\n<p>Um trabalho antes extenuante para humanos, hoje \u00e9 realizado em segundos por m\u00e1quinas com a supervis\u00e3o humana, possibilitando assim que o indiv\u00edduo se concentre em atividades mais interessantes e produtivas do que a higieniza\u00e7\u00e3o dos dados. Mas ainda estamos em uma fase muito inicial da real utiliza\u00e7\u00e3o de I.A. no dia a dia, ainda existe muita necessidade de retrabalho. Al\u00e9m disso, os sistemas gen\u00e9ricos de I.A. precisam de muitas customiza\u00e7\u00f5es para serem utilizados em problemas reais. \u00c9 encantador o momento que vivemos, mas ainda estamos distantes das &#8220;Intelig\u00eancias Artificiais Personalizadas&#8221; para cada tipo de neg\u00f3cio.<\/p>\n\n\n\n<p><strong>Quais s\u00e3o os erros mais usuais nos \u201cdados do futuro\u201d, no caso, as an\u00e1lises preditivas?<\/strong><\/p>\n\n\n\n<p>An\u00e1lises preditivas falham fundamentalmente por quatro motivos: 1) quando as bases de dados n\u00e3o t\u00eam qualidade suficiente para servirem como subs\u00eddios aos modelos; 2) quando os modelos n\u00e3o foram desenvolvidos da maneira adequadas ou possuem falhas; 3) quando elementos\/vari\u00e1veis que podem gerar oscila\u00e7\u00e3o no modelo n\u00e3o s\u00e3o inseridos na constru\u00e7\u00e3o da an\u00e1lise; 4) quando n\u00e3o h\u00e1 supervis\u00e3o do funcionamento da an\u00e1lise preditiva e atualiza\u00e7\u00e3o dos modelos para as mudan\u00e7as no tempo.&nbsp;<\/p>\n\n\n\n<p>Quando qualquer um desses acontece, a an\u00e1lise preditiva torna-se inst\u00e1vel, precisando passar por reconfigura\u00e7\u00e3o para atingir resultados melhores. As an\u00e1lises preditivas precisam ser tratadas como orientadores de caminhos e n\u00e3o como \u00fanica dire\u00e7\u00e3o. Considerar um modelo preditivo como definitivo ou perfeito costuma ser um erro comum, que traz consequ\u00eancias bem negativas.<\/p>\n\n\n\n<p><strong>Quais s\u00e3o as habilidades mais importantes que os alunos precisam ter e desenvolver para seguir nessa \u00e1rea?<\/strong><\/p>\n\n\n\n<p>A sociedade n\u00e3o foi preparada para lidar com tanta informa\u00e7\u00e3o e tecnologia, exceto aqueles com forma\u00e7\u00e3o t\u00e9cnica que tiveram alguma oportunidade de aprender algo relacionado ao tema nas escolas ou universidades. <mark style=\"background-color:#ff6900\" class=\"has-inline-color\">Atualmente, qualquer neg\u00f3cio, trabalho ou aspecto da vida depende da tecnologia da informa\u00e7\u00e3o, por isso n\u00e3o devemos tratar como uma \u00e1rea de conhecimento, e sim como um comportamento para o futuro.<\/mark>&nbsp;<\/p>\n\n\n\n<p>O comportamento anal\u00edtico \u00e9 uma caracter\u00edstica de uma sociedade hiperconectada, que precisa pensar e analisar problemas atrav\u00e9s dos dados, lidar com grandes volumes de informa\u00e7\u00e3o e, para isso, utiliza-se de tecnologias para facilitar o seu dia-a-dia.<\/p>\n\n\n\n<p><mark style=\"background-color:#ff6900\" class=\"has-inline-color\">As habilidades mais importantes s\u00e3o o pensamento cr\u00edtico, facilidade com recursos computacionais e o aprimoramento cont\u00ednuo da capacidade anal\u00edtica<\/mark>, essa \u00e9 resultado de uma pr\u00e1tica cont\u00ednua de an\u00e1lise e tomada de decis\u00e3o orientada por dados.\u00a0<\/p>\n\n\n\n<p>Um estudo de janeiro de 2023 do F\u00f3rum Econ\u00f4mico Mundial chamado de <em>Defining Education 4.0: A Taxonomy for the Future of Learning<\/em> faz uma detalhada visita na taxonomia dessas habilidades para o trabalho do futuro. Muitas delas s\u00e3o ligadas ao desenvolvimento anal\u00edtico, demonstrando que <mark style=\"background-color:#ff6900\" class=\"has-inline-color\">ambientes de aprendizagem que n\u00e3o considerarem essa mudan\u00e7a correm um s\u00e9rio risco de se tornarem obsoletos em raz\u00e3o da acelerada transforma\u00e7\u00e3o da sociedade.<\/mark><\/p>\n\n\n\n<p><strong>Qual \u00e9 o papel da escola para formar esse tipo de profissional?<\/strong><\/p>\n\n\n\n<p>As escolas precisam ajudar a nova gera\u00e7\u00e3o a lidar com tanta informa\u00e7\u00e3o e tecnologia. Atualmente, as escolas se concentram em roteirizar \u00e1reas de conhecimento em conte\u00fados clusterizados (informa\u00e7\u00f5es agrupadas), formato adequado para quando os fluxos de informa\u00e7\u00e3o eram limitados.&nbsp;<\/p>\n\n\n\n<p>Em uma era moldada pela informa\u00e7\u00e3o, a escola assume um papel de orienta\u00e7\u00e3o, curadoria e mentoria, n\u00e3o sendo mais a respons\u00e1vel pela narrativa. A narrativa vir\u00e1 do pr\u00f3prio aluno, que precisa aprender a discernir aquilo que \u00e9 verdadeiro, dialogar as quest\u00f5es \u00e9ticas e precisa ter acesso \u00e0s ferramentas utilizadas nesse mundo hiperconectado e de big data. Mario Sergio Cortella e Gilberto Dimenstein t\u00eam um livro muito interessante sobre esse tema, chamado A Era da Curadoria, que explora um pouco desse novo papel da escola e de professores no s\u00e9culo XXI.<\/p>\n\n\n\n<p><strong>Como criar o h\u00e1bito da educa\u00e7\u00e3o anal\u00edtica?<\/strong><\/p>\n\n\n\n<p>Gosto de citar algo que o neurocientista Stuart Firestein aborda no seu livro chamado &#8220;<em>Ignor\u00e2ncia: como ela impulsiona a ci\u00eancia&#8221;<\/em>. O autor fala que para ser um bom cientista \u00e9 fundamental tr\u00eas h\u00e1bitos: 1) manter a ignor\u00e2ncia ativa (explorar o desconhecido); 2) enfrentar a incerteza (sem verdades pr\u00e9-estabelecidas em ambientes de experimentos); 3) estar aberto ao fracasso (voc\u00ea vai falhar na jornada).&nbsp;<\/p>\n\n\n\n<p>Na educa\u00e7\u00e3o anal\u00edtica, para explorar os problemas do mundo por meio do uso da tecnologia e dados, \u00e9 fundamental manter esses mesmos tr\u00eas h\u00e1bitos: a partir da ignor\u00e2ncia \u00e9 poss\u00edvel fazer descobertas no big data, na incerteza utiliza-se de ci\u00eancia de dados para navegar nas hip\u00f3teses, e do fracasso surgem novas maneiras anal\u00edticas de abordar os problemas.&nbsp;<\/p>\n\n\n\n<p><mark style=\"background-color:#ff6900\" class=\"has-inline-color\">A constru\u00e7\u00e3o de conhecimento a partir desses h\u00e1bitos permite uma evolu\u00e7\u00e3o anal\u00edtica mais completa, explorando o potencial do uso de dados, da tecnologia e da ci\u00eancia, aplicados em situa\u00e7\u00f5es reais atrav\u00e9s de pr\u00e1ticas que exploram a capacidade anal\u00edtica do indiv\u00edduo.<\/mark><\/p>\n\n\n\n<p><strong>Para os pr\u00f3ximos anos, o que se pode esperar da cultura anal\u00edtica?<\/strong><\/p>\n\n\n\n<p>A cultura anal\u00edtica \u00e9 um tema cada vez mais presente em raz\u00e3o da acelerada transforma\u00e7\u00e3o digital, quando tudo ao nosso redor s\u00e3o dados, e a tecnologia \u00e9 um instrumento cada vez mais simples para ativar e automatizar a informa\u00e7\u00e3o. <mark style=\"background-color:#ff6900\" class=\"has-inline-color\">Torna-se fundamental estabelecer novos h\u00e1bitos para um futuro inevitavelmente mais anal\u00edtico.&nbsp;<\/mark><\/p>\n\n\n\n<p>Nesses pr\u00f3ximos anos, algumas mudan\u00e7as ser\u00e3o fundamentais. Destaco algumas delas:<\/p>\n\n\n\n<p>1) <em>Self-service analytics<\/em>: todos os indiv\u00edduos transformam-se em analistas de dados, j\u00e1 que possuem acesso \u00e0s fontes, recursos informacionais e est\u00e3o, a cada dia, aprimorando suas habilidades para lidar com tudo isso.<\/p>\n\n\n\n<p>2) <em>AI-driven<\/em>: a pr\u00f3xima gera\u00e7\u00e3o n\u00e3o ser\u00e1 orientada por dados (data-driven), e sim AI-Driven, ou seja, ser\u00e1 orientada por intelig\u00eancia artificial.<\/p>\n\n\n\n<p>3) Ci\u00eancia de neg\u00f3cios: as organiza\u00e7\u00f5es est\u00e3o criando ambientes de tomada de decis\u00e3o como s\u00e3o os laborat\u00f3rios de ci\u00eancias, em que os recursos s\u00e3o os dados do neg\u00f3cio e os experimentos s\u00e3o as an\u00e1lises, com o objetivo de trabalhar com informa\u00e7\u00f5es de melhor qualidade.<\/p>\n\n\n\n<p><em>4) Inforganiza\u00e7\u00f5es:<\/em> as organiza\u00e7\u00f5es n\u00e3o ser\u00e3o mais orientadas por processos e modelos hier\u00e1rquicos, e sim por fluxos de informa\u00e7\u00e3o e sistemas inteligentes como algoritmos e IA, que ser\u00e3o os verdadeiros recursos adaptativos dos ambientes tanto corporativos quanto governamentais.<\/p>\n\n\n\n<p>5) CEO (Chief Executive Officer) e\/ou CIO (Chief Information Officer): a lideran\u00e7a principal, al\u00e9m do papel executivo, tamb\u00e9m precisa assumir a responsabilidade da transforma\u00e7\u00e3o com rela\u00e7\u00e3o \u00e0 forma como se lida com informa\u00e7\u00e3o em todos ambientes da organiza\u00e7\u00e3o, empoderando, assim, gestores e tomadores de decis\u00e3o.<\/p>\n","protected":false},"excerpt":{"rendered":"<p>Pesquisador de cultura anal\u00edtica, Ricardo Cappra comenta tamb\u00e9m sobre o futuro desse novo campo do conhecimento e como a escola pode preparar profissionais para esse mercado<\/p>\n","protected":false},"author":3,"featured_media":3041,"comment_status":"open","ping_status":"open","sticky":false,"template":"","format":"standard","meta":{"footnotes":""},"categories":[4],"tags":[310,312,17,29,311,43],"class_list":["post-3040","post","type-post","status-publish","format-standard","has-post-thumbnail","hentry","category-com-a-palavra","tag-ciencia-de-dados","tag-cultura-analitica","tag-gestao","tag-gestao-escolar","tag-ricardo-capra","tag-sinepe-rs-2"],"acf":[],"yoast_head":"<!-- This site is optimized with the Yoast SEO plugin v24.6 - https:\/\/yoast.com\/wordpress\/plugins\/seo\/ -->\n<title>Como a ci\u00eancia de dados pode ajudar na gest\u00e3o escolar<\/title>\n<meta name=\"description\" content=\"Pesquisador de cultura anal\u00edtica, Ricardo Cappra comenta tamb\u00e9m sobre o futuro desse novo campo do conhecimento e como a escola pode preparar profissionais para esse mercado\" \/>\n<meta name=\"robots\" content=\"index, follow, max-snippet:-1, max-image-preview:large, max-video-preview:-1\" \/>\n<link rel=\"canonical\" href=\"https:\/\/sinepe-rs.org.br\/educacaoempauta\/com-a-palavra\/como-a-ciencia-de-dados-pode-ajudar-na-gestao-escolar\/\" \/>\n<meta property=\"og:locale\" content=\"pt_BR\" \/>\n<meta property=\"og:type\" content=\"article\" \/>\n<meta property=\"og:title\" content=\"Como a ci\u00eancia de dados pode ajudar na gest\u00e3o escolar\" \/>\n<meta property=\"og:description\" content=\"Pesquisador de cultura anal\u00edtica, Ricardo Cappra comenta tamb\u00e9m sobre o futuro desse novo campo do conhecimento e como a escola pode preparar profissionais para esse mercado\" \/>\n<meta property=\"og:url\" content=\"https:\/\/sinepe-rs.org.br\/educacaoempauta\/com-a-palavra\/como-a-ciencia-de-dados-pode-ajudar-na-gestao-escolar\/\" \/>\n<meta property=\"og:site_name\" content=\"Educa\u00e7\u00e3o em Pauta: Portal de reportagens de Educa\u00e7\u00e3o\" \/>\n<meta property=\"article:published_time\" content=\"2023-04-10T10:07:00+00:00\" \/>\n<meta property=\"article:modified_time\" content=\"2023-04-19T12:53:59+00:00\" \/>\n<meta property=\"og:image\" content=\"https:\/\/sinepe-rs.org.br\/educacaoempauta\/wp-content\/uploads\/2023\/04\/222-educacao-em-pauta-ricardo-capra.jpg\" \/>\n\t<meta property=\"og:image:width\" content=\"1366\" \/>\n\t<meta property=\"og:image:height\" content=\"450\" \/>\n\t<meta property=\"og:image:type\" content=\"image\/jpeg\" \/>\n<meta name=\"author\" content=\"Alexandra Zanela\" \/>\n<meta name=\"twitter:card\" content=\"summary_large_image\" \/>\n<meta name=\"twitter:label1\" content=\"Escrito por\" \/>\n\t<meta name=\"twitter:data1\" content=\"Alexandra Zanela\" \/>\n\t<meta name=\"twitter:label2\" content=\"Est. tempo de leitura\" \/>\n\t<meta name=\"twitter:data2\" content=\"11 minutos\" \/>\n<script type=\"application\/ld+json\" class=\"yoast-schema-graph\">{\"@context\":\"https:\/\/schema.org\",\"@graph\":[{\"@type\":\"WebPage\",\"@id\":\"https:\/\/sinepe-rs.org.br\/educacaoempauta\/com-a-palavra\/como-a-ciencia-de-dados-pode-ajudar-na-gestao-escolar\/\",\"url\":\"https:\/\/sinepe-rs.org.br\/educacaoempauta\/com-a-palavra\/como-a-ciencia-de-dados-pode-ajudar-na-gestao-escolar\/\",\"name\":\"Como a ci\u00eancia de dados pode ajudar na gest\u00e3o escolar\",\"isPartOf\":{\"@id\":\"https:\/\/sinepe-rs.org.br\/educacaoempauta\/#website\"},\"primaryImageOfPage\":{\"@id\":\"https:\/\/sinepe-rs.org.br\/educacaoempauta\/com-a-palavra\/como-a-ciencia-de-dados-pode-ajudar-na-gestao-escolar\/#primaryimage\"},\"image\":{\"@id\":\"https:\/\/sinepe-rs.org.br\/educacaoempauta\/com-a-palavra\/como-a-ciencia-de-dados-pode-ajudar-na-gestao-escolar\/#primaryimage\"},\"thumbnailUrl\":\"https:\/\/sinepe-rs.org.br\/educacaoempauta\/wp-content\/uploads\/2023\/04\/222-educacao-em-pauta-ricardo-capra.jpg\",\"datePublished\":\"2023-04-10T10:07:00+00:00\",\"dateModified\":\"2023-04-19T12:53:59+00:00\",\"author\":{\"@id\":\"https:\/\/sinepe-rs.org.br\/educacaoempauta\/#\/schema\/person\/c542073558983d5792101d1b5240d841\"},\"description\":\"Pesquisador de cultura anal\u00edtica, Ricardo Cappra comenta tamb\u00e9m sobre o futuro desse novo campo do conhecimento e como a escola pode preparar profissionais para esse mercado\",\"breadcrumb\":{\"@id\":\"https:\/\/sinepe-rs.org.br\/educacaoempauta\/com-a-palavra\/como-a-ciencia-de-dados-pode-ajudar-na-gestao-escolar\/#breadcrumb\"},\"inLanguage\":\"pt-BR\",\"potentialAction\":[{\"@type\":\"ReadAction\",\"target\":[\"https:\/\/sinepe-rs.org.br\/educacaoempauta\/com-a-palavra\/como-a-ciencia-de-dados-pode-ajudar-na-gestao-escolar\/\"]}]},{\"@type\":\"ImageObject\",\"inLanguage\":\"pt-BR\",\"@id\":\"https:\/\/sinepe-rs.org.br\/educacaoempauta\/com-a-palavra\/como-a-ciencia-de-dados-pode-ajudar-na-gestao-escolar\/#primaryimage\",\"url\":\"https:\/\/sinepe-rs.org.br\/educacaoempauta\/wp-content\/uploads\/2023\/04\/222-educacao-em-pauta-ricardo-capra.jpg\",\"contentUrl\":\"https:\/\/sinepe-rs.org.br\/educacaoempauta\/wp-content\/uploads\/2023\/04\/222-educacao-em-pauta-ricardo-capra.jpg\",\"width\":1366,\"height\":450,\"caption\":\"Especialista fala sobre como a ci\u00eancia dos dados pode ajudar na gest\u00e3o escolar\"},{\"@type\":\"BreadcrumbList\",\"@id\":\"https:\/\/sinepe-rs.org.br\/educacaoempauta\/com-a-palavra\/como-a-ciencia-de-dados-pode-ajudar-na-gestao-escolar\/#breadcrumb\",\"itemListElement\":[{\"@type\":\"ListItem\",\"position\":1,\"name\":\"Home\",\"item\":\"https:\/\/sinepe-rs.org.br\/educacaoempauta\/\"},{\"@type\":\"ListItem\",\"position\":2,\"name\":\"Especialista fala sobre como a ci\u00eancia de dados pode ajudar na gest\u00e3o escolar\"}]},{\"@type\":\"WebSite\",\"@id\":\"https:\/\/sinepe-rs.org.br\/educacaoempauta\/#website\",\"url\":\"https:\/\/sinepe-rs.org.br\/educacaoempauta\/\",\"name\":\"Educa\u00e7\u00e3o em Pauta: Portal de reportagens de Educa\u00e7\u00e3o\",\"description\":\"Sinepe-RS\",\"potentialAction\":[{\"@type\":\"SearchAction\",\"target\":{\"@type\":\"EntryPoint\",\"urlTemplate\":\"https:\/\/sinepe-rs.org.br\/educacaoempauta\/?s={search_term_string}\"},\"query-input\":{\"@type\":\"PropertyValueSpecification\",\"valueRequired\":true,\"valueName\":\"search_term_string\"}}],\"inLanguage\":\"pt-BR\"},{\"@type\":\"Person\",\"@id\":\"https:\/\/sinepe-rs.org.br\/educacaoempauta\/#\/schema\/person\/c542073558983d5792101d1b5240d841\",\"name\":\"Alexandra Zanela\",\"image\":{\"@type\":\"ImageObject\",\"inLanguage\":\"pt-BR\",\"@id\":\"https:\/\/sinepe-rs.org.br\/educacaoempauta\/#\/schema\/person\/image\/\",\"url\":\"https:\/\/secure.gravatar.com\/avatar\/aab8da397152551fad5132b4b20cb891945e7bc931de8d0d72495261a983a371?s=96&d=mm&r=g\",\"contentUrl\":\"https:\/\/secure.gravatar.com\/avatar\/aab8da397152551fad5132b4b20cb891945e7bc931de8d0d72495261a983a371?s=96&d=mm&r=g\",\"caption\":\"Alexandra Zanela\"},\"url\":\"https:\/\/sinepe-rs.org.br\/educacaoempauta\/author\/alexandra\/\"}]}<\/script>\n<!-- \/ Yoast SEO plugin. -->","yoast_head_json":{"title":"Como a ci\u00eancia de dados pode ajudar na gest\u00e3o escolar","description":"Pesquisador de cultura anal\u00edtica, Ricardo Cappra comenta tamb\u00e9m sobre o futuro desse novo campo do conhecimento e como a escola pode preparar profissionais para esse mercado","robots":{"index":"index","follow":"follow","max-snippet":"max-snippet:-1","max-image-preview":"max-image-preview:large","max-video-preview":"max-video-preview:-1"},"canonical":"https:\/\/sinepe-rs.org.br\/educacaoempauta\/com-a-palavra\/como-a-ciencia-de-dados-pode-ajudar-na-gestao-escolar\/","og_locale":"pt_BR","og_type":"article","og_title":"Como a ci\u00eancia de dados pode ajudar na gest\u00e3o escolar","og_description":"Pesquisador de cultura anal\u00edtica, Ricardo Cappra comenta tamb\u00e9m sobre o futuro desse novo campo do conhecimento e como a escola pode preparar profissionais para esse mercado","og_url":"https:\/\/sinepe-rs.org.br\/educacaoempauta\/com-a-palavra\/como-a-ciencia-de-dados-pode-ajudar-na-gestao-escolar\/","og_site_name":"Educa\u00e7\u00e3o em Pauta: Portal de reportagens de Educa\u00e7\u00e3o","article_published_time":"2023-04-10T10:07:00+00:00","article_modified_time":"2023-04-19T12:53:59+00:00","og_image":[{"width":1366,"height":450,"url":"https:\/\/sinepe-rs.org.br\/educacaoempauta\/wp-content\/uploads\/2023\/04\/222-educacao-em-pauta-ricardo-capra.jpg","type":"image\/jpeg"}],"author":"Alexandra Zanela","twitter_card":"summary_large_image","twitter_misc":{"Escrito por":"Alexandra Zanela","Est. tempo de leitura":"11 minutos"},"schema":{"@context":"https:\/\/schema.org","@graph":[{"@type":"WebPage","@id":"https:\/\/sinepe-rs.org.br\/educacaoempauta\/com-a-palavra\/como-a-ciencia-de-dados-pode-ajudar-na-gestao-escolar\/","url":"https:\/\/sinepe-rs.org.br\/educacaoempauta\/com-a-palavra\/como-a-ciencia-de-dados-pode-ajudar-na-gestao-escolar\/","name":"Como a ci\u00eancia de dados pode ajudar na gest\u00e3o escolar","isPartOf":{"@id":"https:\/\/sinepe-rs.org.br\/educacaoempauta\/#website"},"primaryImageOfPage":{"@id":"https:\/\/sinepe-rs.org.br\/educacaoempauta\/com-a-palavra\/como-a-ciencia-de-dados-pode-ajudar-na-gestao-escolar\/#primaryimage"},"image":{"@id":"https:\/\/sinepe-rs.org.br\/educacaoempauta\/com-a-palavra\/como-a-ciencia-de-dados-pode-ajudar-na-gestao-escolar\/#primaryimage"},"thumbnailUrl":"https:\/\/sinepe-rs.org.br\/educacaoempauta\/wp-content\/uploads\/2023\/04\/222-educacao-em-pauta-ricardo-capra.jpg","datePublished":"2023-04-10T10:07:00+00:00","dateModified":"2023-04-19T12:53:59+00:00","author":{"@id":"https:\/\/sinepe-rs.org.br\/educacaoempauta\/#\/schema\/person\/c542073558983d5792101d1b5240d841"},"description":"Pesquisador de cultura anal\u00edtica, Ricardo Cappra comenta tamb\u00e9m sobre o futuro desse novo campo do conhecimento e como a escola pode preparar profissionais para esse mercado","breadcrumb":{"@id":"https:\/\/sinepe-rs.org.br\/educacaoempauta\/com-a-palavra\/como-a-ciencia-de-dados-pode-ajudar-na-gestao-escolar\/#breadcrumb"},"inLanguage":"pt-BR","potentialAction":[{"@type":"ReadAction","target":["https:\/\/sinepe-rs.org.br\/educacaoempauta\/com-a-palavra\/como-a-ciencia-de-dados-pode-ajudar-na-gestao-escolar\/"]}]},{"@type":"ImageObject","inLanguage":"pt-BR","@id":"https:\/\/sinepe-rs.org.br\/educacaoempauta\/com-a-palavra\/como-a-ciencia-de-dados-pode-ajudar-na-gestao-escolar\/#primaryimage","url":"https:\/\/sinepe-rs.org.br\/educacaoempauta\/wp-content\/uploads\/2023\/04\/222-educacao-em-pauta-ricardo-capra.jpg","contentUrl":"https:\/\/sinepe-rs.org.br\/educacaoempauta\/wp-content\/uploads\/2023\/04\/222-educacao-em-pauta-ricardo-capra.jpg","width":1366,"height":450,"caption":"Especialista fala sobre como a ci\u00eancia dos dados pode ajudar na gest\u00e3o escolar"},{"@type":"BreadcrumbList","@id":"https:\/\/sinepe-rs.org.br\/educacaoempauta\/com-a-palavra\/como-a-ciencia-de-dados-pode-ajudar-na-gestao-escolar\/#breadcrumb","itemListElement":[{"@type":"ListItem","position":1,"name":"Home","item":"https:\/\/sinepe-rs.org.br\/educacaoempauta\/"},{"@type":"ListItem","position":2,"name":"Especialista fala sobre como a ci\u00eancia de dados pode ajudar na gest\u00e3o escolar"}]},{"@type":"WebSite","@id":"https:\/\/sinepe-rs.org.br\/educacaoempauta\/#website","url":"https:\/\/sinepe-rs.org.br\/educacaoempauta\/","name":"Educa\u00e7\u00e3o em Pauta: Portal de reportagens de Educa\u00e7\u00e3o","description":"Sinepe-RS","potentialAction":[{"@type":"SearchAction","target":{"@type":"EntryPoint","urlTemplate":"https:\/\/sinepe-rs.org.br\/educacaoempauta\/?s={search_term_string}"},"query-input":{"@type":"PropertyValueSpecification","valueRequired":true,"valueName":"search_term_string"}}],"inLanguage":"pt-BR"},{"@type":"Person","@id":"https:\/\/sinepe-rs.org.br\/educacaoempauta\/#\/schema\/person\/c542073558983d5792101d1b5240d841","name":"Alexandra Zanela","image":{"@type":"ImageObject","inLanguage":"pt-BR","@id":"https:\/\/sinepe-rs.org.br\/educacaoempauta\/#\/schema\/person\/image\/","url":"https:\/\/secure.gravatar.com\/avatar\/aab8da397152551fad5132b4b20cb891945e7bc931de8d0d72495261a983a371?s=96&d=mm&r=g","contentUrl":"https:\/\/secure.gravatar.com\/avatar\/aab8da397152551fad5132b4b20cb891945e7bc931de8d0d72495261a983a371?s=96&d=mm&r=g","caption":"Alexandra Zanela"},"url":"https:\/\/sinepe-rs.org.br\/educacaoempauta\/author\/alexandra\/"}]}},"_links":{"self":[{"href":"https:\/\/sinepe-rs.org.br\/educacaoempauta\/wp-json\/wp\/v2\/posts\/3040","targetHints":{"allow":["GET"]}}],"collection":[{"href":"https:\/\/sinepe-rs.org.br\/educacaoempauta\/wp-json\/wp\/v2\/posts"}],"about":[{"href":"https:\/\/sinepe-rs.org.br\/educacaoempauta\/wp-json\/wp\/v2\/types\/post"}],"author":[{"embeddable":true,"href":"https:\/\/sinepe-rs.org.br\/educacaoempauta\/wp-json\/wp\/v2\/users\/3"}],"replies":[{"embeddable":true,"href":"https:\/\/sinepe-rs.org.br\/educacaoempauta\/wp-json\/wp\/v2\/comments?post=3040"}],"version-history":[{"count":5,"href":"https:\/\/sinepe-rs.org.br\/educacaoempauta\/wp-json\/wp\/v2\/posts\/3040\/revisions"}],"predecessor-version":[{"id":3093,"href":"https:\/\/sinepe-rs.org.br\/educacaoempauta\/wp-json\/wp\/v2\/posts\/3040\/revisions\/3093"}],"wp:featuredmedia":[{"embeddable":true,"href":"https:\/\/sinepe-rs.org.br\/educacaoempauta\/wp-json\/wp\/v2\/media\/3041"}],"wp:attachment":[{"href":"https:\/\/sinepe-rs.org.br\/educacaoempauta\/wp-json\/wp\/v2\/media?parent=3040"}],"wp:term":[{"taxonomy":"category","embeddable":true,"href":"https:\/\/sinepe-rs.org.br\/educacaoempauta\/wp-json\/wp\/v2\/categories?post=3040"},{"taxonomy":"post_tag","embeddable":true,"href":"https:\/\/sinepe-rs.org.br\/educacaoempauta\/wp-json\/wp\/v2\/tags?post=3040"}],"curies":[{"name":"wp","href":"https:\/\/api.w.org\/{rel}","templated":true}]}}