{"id":3226,"date":"2023-05-17T07:01:00","date_gmt":"2023-05-17T10:01:00","guid":{"rendered":"https:\/\/sinepe-rs.org.br\/educacaoempauta\/?p=3226"},"modified":"2023-05-29T12:06:07","modified_gmt":"2023-05-29T15:06:07","slug":"especialista-faz-reflexoes-sobre-violencia-sentido-da-vida-e-papel-das-escolas","status":"publish","type":"post","link":"https:\/\/sinepe-rs.org.br\/educacaoempauta\/com-a-palavra\/especialista-faz-reflexoes-sobre-violencia-sentido-da-vida-e-papel-das-escolas\/","title":{"rendered":"&#8220;Passou da hora de a gente rever os curr\u00edculos escolares&#8221;"},"content":{"rendered":"\n<p>Nos \u00faltimos 22 anos, o Brasil registrou 24 ataques em escolas, conforme indica uma pesquisa da Universidade Estadual de Campinas (Unicamp). O \u00faltimo atentado aconteceu em abril deste ano em uma creche em Blumenau.<\/p>\n\n\n\n<p>Para contextualizar sobre a viol\u00eancia e o quanto as escolas s\u00e3o fundamentais para que sejam ambientes acolhedores a todos, o <strong>Educa\u00e7\u00e3o em Pauta<\/strong> entrevistou o psicoterapeuta, palestrante internacional, escritor e autor de mais de 20 livros, <a href=\"https:\/\/leofraiman.com.br\" target=\"_blank\" rel=\"noreferrer noopener\">Leo Fraiman<\/a>.<\/p>\n\n\n\n<p>O especialista desenvolveu a Metodologia OPEE (Projeto de Vida e Atitude Empreendedora), sendo condecorado com a Medalha da Ordem do M\u00e9rito da For\u00e7a da Paz do Brasil. A honraria \u00e9 o reconhecimento de seu trabalho na \u00e1rea da sa\u00fade mental e do desenvolvimento das compet\u00eancias socioemocionais.<\/p>\n\n\n\n<figure class=\"wp-block-pullquote\"><blockquote><p>&#8220;Sem qualifica\u00e7\u00e3o e visibilidade, al\u00e9m da aus\u00eancia de um projeto de pol\u00edticas pedag\u00f3gicas educacional, o milagre da transforma\u00e7\u00e3o n\u00e3o vai acontecer&#8221;<\/p><cite>Leo Fraiman &#8211; psicoterapeuta, palestrante e escritor<\/cite><\/blockquote><\/figure>\n\n\n\n<p>Foi conferencista na Organiza\u00e7\u00e3o das Na\u00e7\u00f5es Unidas (ONU) pelo Simp\u00f3sio Internacional \u2013 Formando lideran\u00e7as para o desenvolvimento futuro, em Genebra\/Su\u00ed\u00e7a, e foi membro do Comit\u00ea Mundial de Educa\u00e7\u00e3o para a Autonomia, em Paris.&nbsp;<\/p>\n\n\n\n<p><strong>Educa\u00e7\u00e3o em Pauta \u2013 Qual \u00e9 a sua vis\u00e3o diante dos \u00faltimos incidentes envolvendo os ambientes escolares no Brasil?&nbsp;<\/strong><\/p>\n\n\n\n<p><strong>Leo Fraiman \u2013 <\/strong>Hoje em dia, vivemos em uma sociedade muito violenta, seja nas not\u00edcias, nos programas radiof\u00f4nicos, nos conte\u00fados veiculados na televis\u00e3o, nos games mais consumidos, nas s\u00e9ries ou nos cinemas. Observe como a viol\u00eancia est\u00e1 propagada o tempo todo. Quando acontece um crime, quem vai para capa de uma revista? O criminoso, o policial ou o professor que teve uma atitude heroica?&nbsp;<\/p>\n\n\n\n<p>\u00c9 preciso que se fa\u00e7a uma revis\u00e3o geral de que projeto de pa\u00eds queremos. N\u00e3o temos sequer um Minist\u00e9rio da Juventude, uma pol\u00edtica de m\u00e9dio a longo prazo para a educa\u00e7\u00e3o ou mesmo para o jovem brasileiro. Vivemos no contr\u00e1rio disso, com uma popula\u00e7\u00e3o que mata pessoas de baixa renda, um dos pa\u00edses mais perigosos para mulheres e minorias.&nbsp;<\/p>\n\n\n\n<p>O que trago de reflex\u00e3o \u00e9 que n\u00e3o \u00e9 somente a escola que tem responsabilidade, por\u00e9m esta tem um papel fundamental e crucial nas solu\u00e7\u00f5es de m\u00e9dio e longo prazo para a constru\u00e7\u00e3o de uma sociedade mais harm\u00f4nica e menos violenta.<\/p>\n\n\n\n<p><strong>&gt;&gt; <em>Em v\u00eddeo, Leo Fraiman comentou os incidentes recentes em escolas brasileiras<\/em><\/strong>:<\/p>\n\n\n\n<figure class=\"wp-block-embed is-type-video is-provider-youtube wp-block-embed-youtube wp-embed-aspect-16-9 wp-has-aspect-ratio\"><div class=\"wp-block-embed__wrapper\">\n<iframe loading=\"lazy\" title=\"Massacre nas escola! Vamos falar s\u00e9rio! Com a palavra Leo Fraiman\" width=\"500\" height=\"281\" src=\"https:\/\/www.youtube.com\/embed\/g1IUgU3kHps?feature=oembed\" frameborder=\"0\" allow=\"accelerometer; autoplay; clipboard-write; encrypted-media; gyroscope; picture-in-picture; web-share\" referrerpolicy=\"strict-origin-when-cross-origin\" allowfullscreen><\/iframe>\n<\/div><\/figure>\n\n\n\n<p><strong>Educa\u00e7\u00e3o em Pauta \u2013 Uma das suas especialidades \u00e9 a logoterapia, relacionada ao sentido da vida. Em momentos traum\u00e1ticos como estes, como superar e reagir?<\/strong><\/p>\n\n\n\n<p><strong>Leo Fraiman \u2013 <\/strong>Eu sou autor de uma metodologia de projeto de vida e atitude empreendedora baseada na logoterapia e na psicologia cognitiva. J\u00e1 observei mais de 1,5 mil institui\u00e7\u00f5es de ensino e 350 mil alunos envolvidos. Posso constatar que <mark style=\"background-color:#ff6900\" class=\"has-inline-color\">o trabalho sist\u00eamico com interven\u00e7\u00f5es semanais, voltadas para o auto desenvolvimento da intelig\u00eancia emocional e para o fortalecimento de valores e virtudes humanas trazem resultados muito positivos. Especialmente quando desenvolvido por meio de atividades e de projetos especiais dedicados aos alunos, educadores e familiares.&nbsp;<\/mark><\/p>\n\n\n\n<p>Este \u00e9 o \u00fanico caminho dentro de tudo o que j\u00e1 estudei durante estes 30 anos na \u00e1rea educacional. Acredito que sejamos capazes de construir uma conviv\u00eancia mais harm\u00f4nica, mais humanizada e at\u00e9 mais feliz para se viver, porque a paz \u00e9 feita a partir da constru\u00e7\u00e3o da percep\u00e7\u00e3o que a vida tem valor. A\u00ed entra a logoterapia, que faz toda a diferen\u00e7a, porque essa abordagem nos mostra um projeto constru\u00eddo por meio da sensa\u00e7\u00e3o de que a vida tem um sentido.<\/p>\n\n\n\n<p><strong>Educa\u00e7\u00e3o em Pauta \u2013 Voc\u00ea declarou que a &#8220;sociedade est\u00e1 mais doente&#8221;. O que pode ter acontecido?<\/strong><\/p>\n\n\n\n<p><strong>Leo Fraiman \u2013 <\/strong>Uma mat\u00e9ria educacional que privilegiava as compet\u00eancias cognitivas faliu, caducou, simples assim. Felizmente, atualmente, parece que a sociedade est\u00e1 acordando para uma forma\u00e7\u00e3o integral e integrada. Nas escolas, assim como nas empresas de primeira linha, \u00e9 mais abordado o prop\u00f3sito de vida.&nbsp;<\/p>\n\n\n\n<p>Por exemplo: a L\u00edngua Portuguesa n\u00e3o pode ser s\u00f3 um conjunto de regras para escrever bem um texto para que depois, ao final de toda vida escolar, o aluno n\u00e3o queira mais saber deste conte\u00fado. O estudante precisa entender que a linguagem \u00e9 uma forma de transforma\u00e7\u00e3o da pr\u00f3pria vida, afinal de contas, somos o efeito da linguagem dentro de n\u00f3s mesmos, uns com os outros. Esse jovem pode pegar gosto por profiss\u00f5es como Jornalismo, Direto ou Sociologia.<\/p>\n\n\n\n<p>Ent\u00e3o, uma aula vazia \u00e9 uma forma de viol\u00eancia. No entanto, o professor que d\u00e1 essa aula pode tamb\u00e9m ter sido violentado por n\u00e3o ter sido inspirado, acolhido, orientado, visualizado dentro do pr\u00f3prio contexto escolar.&nbsp;<\/p>\n\n\n\n<p><mark style=\"background-color:#ff6900\" class=\"has-inline-color\">Sempre falamos dos alunos, mas quem tem feito os cuidados das compet\u00eancias sociais e emocionais dos profissionais da escola? <\/mark>Tanto o professor, a merendeira, os seguran\u00e7as, enfim, outros profissionais da escola que, muitas vezes, possuem uma influ\u00eancia muito forte sobre os alunos.\u00a0<\/p>\n\n\n\n<p>O que defendo \u00e9 que <mark style=\"background-color:#ff6900\" class=\"has-inline-color\">uma educa\u00e7\u00e3o integral e integrada n\u00e3o pode ser focada unicamente no aluno. \u00c9 preciso uma forma\u00e7\u00e3o cont\u00ednua com todos os profissionais da escola, como tamb\u00e9m com as fam\u00edlias. <\/mark>Sem isso, teremos uma escola esvaziada de sentido que, por si s\u00f3, \u00e9 uma das maiores viol\u00eancias que podem acontecer.<\/p>\n\n\n\n<p><strong>Educa\u00e7\u00e3o em Pauta \u2013 \u00c9 poss\u00edvel resgatar a conex\u00e3o humana? De que maneira?<\/strong><\/p>\n\n\n\n<p><strong>Leo Fraiman \u2013 <\/strong>\u00c9 totalmente poss\u00edvel. Existem solu\u00e7\u00f5es que est\u00e3o sendo encontradas e vemos isso em muitas escolas pelo pa\u00eds. H\u00e1 dois anos, fiz parte do lan\u00e7amento do pr\u00eamio <em>A\u00e7\u00f5es Transformadoras,<\/em> que envolveu centenas de escolas de todo o Brasil, sendo que houveram a\u00e7\u00f5es com crian\u00e7as oferecendo aulas de educa\u00e7\u00e3o financeira para seus pr\u00f3prios pais, feiras de trocas de informa\u00e7\u00f5es, compartilhamento de boas pr\u00e1ticas entre educadores, e centenas de outras.&nbsp;<\/p>\n\n\n\n<p><mark style=\"background-color:#ff6900\" class=\"has-inline-color\">Existem muitas solu\u00e7\u00f5es, mas o que falta \u00e9 um plano de forma\u00e7\u00e3o continuada em que os profissionais da escola percebam seus valores, reconhe\u00e7am a si, pensem no sentido das suas vidas, se sintam valorizados, amados e queridos.<\/mark> Sem qualifica\u00e7\u00e3o e visibilidade, al\u00e9m da aus\u00eancia de um projeto de pol\u00edticas pedag\u00f3gicas educacional, o milagre da transforma\u00e7\u00e3o n\u00e3o vai acontecer.\u00a0<\/p>\n\n\n\n<p><mark style=\"background-color:#ff6900\" class=\"has-inline-color\">Quando os gestores tomam a decis\u00e3o de fazer das escolas um ambiente de transforma\u00e7\u00e3o, os recursos aparecem e \u00e9 fortalecida a conex\u00e3o com a sociedade de pais e mestres.<\/mark> \u00c9 importante incentivar comit\u00eas de sa\u00fade mental, rodas de conversa entre as crian\u00e7as, leituras conjuntas, entre outras iniciativas. Dessa forma, n\u00e3o teremos apenas a escola dos sonhos, mas sim a escola dos projetos de vida, com vida e para a vida. Com certeza, temos muitos caminhos para resgatar a conex\u00e3o humana.\u00a0<\/p>\n\n\n\n<p><strong>Educa\u00e7\u00e3o em Pauta \u2013 Em outras declara\u00e7\u00f5es, voc\u00ea utilizou o termo \u201cdesblindar a vida\u201d. Quais s\u00e3o as compet\u00eancias socioemocionais necess\u00e1rias para este desbloqueio?<\/strong><\/p>\n\n\n\n<p><strong>Leo Fraiman \u2013 <\/strong>Um grande acerto da Base Nacional Comum Curricular (BNCC) foi quando ela trouxe as <a href=\"http:\/\/basenacionalcomum.mec.gov.br\/a-base\" target=\"_blank\" rel=\"noreferrer noopener\">dez compet\u00eancias<\/a>. Afinal de contas, a vida \u00e9 uma grande mandala de compet\u00eancias. Temos contempladas a empatia, a compaix\u00e3o, a an\u00e1lise cr\u00edtica, a criatividade, os projetos de vida, entre outros. Na verdade, o que menos me importa \u00e9 o nome, mas mais a atitude.&nbsp;<\/p>\n\n\n\n<p>No pa\u00eds, muitas escolas, tanto p\u00fablicas quanto particulares, t\u00eam como afinidade formar pessoas. O ser humano n\u00e3o se forma somente em Matem\u00e1tica, Biologia ou Hist\u00f3ria. \u00c9 por isso que gosto da abordagem da logoterapia, pois temos influ\u00eancias biol\u00f3gicas, sociais e psicol\u00f3gicas, mas, acima de tudo, somos seres espirituais transcendentes. \u00c9 muito mais sobre o que fazemos, como aprendemos a lidar com a psique e o que vamos fazer com as influ\u00eancias sociais que recebemos.&nbsp;<\/p>\n\n\n\n<p>Se queremos alunos protagonistas transformadores socialmente, precisamos lembrar da sistem\u00e1tica de crian\u00e7as e adolescentes, que na vida o que se tem s\u00e3o condi\u00e7\u00f5es, mas, raramente, s\u00e3o condena\u00e7\u00f5es. Como referiu Sartre (Jean-Paul Sartre, fil\u00f3sofo): \u201cN\u00e3o importa o que a vida fez de voc\u00ea, mas o que voc\u00ea faz com o que a vida fez de voc\u00ea.\u201d<\/p>\n\n\n\n<p>Acredito profundamente que somos seres espirituais com a capacidade de escolher em algum grau o que fazer com o nosso sentido. Por exemplo, uma planta n\u00e3o tem essa possibilidade, uma ang\u00fastia de se tornar uma \u00e1rvore. Por um lado, se Deus deu a n\u00f3s, humanos, essa ang\u00fastia, concedeu a liberdade para potencializar a semente da vida que carregamos dentro de n\u00f3s. O que estou dizendo \u00e9 que as pessoas mudam. \u00c9 preciso lembrar que cada um tem a responsabilidade com seu pr\u00f3prio destino. N\u00e3o pode ser deleg\u00e1vel, n\u00e3o pode ser tercerizado.<\/p>\n\n\n\n<p><strong>Educa\u00e7\u00e3o em Pauta \u2013 O que os pais e as escolas n\u00e3o est\u00e3o enxergando para evitar acontecimentos violentos?&nbsp;<\/strong><\/p>\n\n\n\n<p><strong>Leo Fraiman \u2013 <\/strong>Eles n\u00e3o est\u00e3o enxergando uns aos outros. Tanto \u00e9 que uma escola que tem uma rela\u00e7\u00e3o boa com a comunidade tem muito menos casos de viol\u00eancia. <mark style=\"background-color:#ff6900\" class=\"has-inline-color\">Quando existe um plano pol\u00edtico pedag\u00f3gico de forma\u00e7\u00e3o, se constituem la\u00e7os com as fam\u00edlias e os resultados aparecem.&nbsp;<\/mark><\/p>\n\n\n\n<p>\u00c9 bem frequente que as fam\u00edlias somente sejam chamadas \u00e0 escola para receber not\u00edcias ruins sobre os filhos. Na realidade, \u00e9 importante mostrar quando o aluno teve um progresso ou uma atitude de empatia. \u00c9 preciso promover uma reuni\u00e3o de pais e mestres que reforce valores, compet\u00eancias, afetividade e humanidade. <mark style=\"background-color:#ff6900\" class=\"has-inline-color\">Quando os pais recebem comunica\u00e7\u00f5es mais positivas, criativas, assertivas e afetuosas por parte dos agentes escolares, os resultados s\u00e3o bem diferentes, tanto no andamento como no rendimento escolar. <\/mark>Isso \u00e9 extensivamente analisado no mundo acad\u00eamico. \u00c9 fato que a parceria entre fam\u00edlia e escola \u00e9 extremamente ben\u00e9fica.&nbsp;<\/p>\n\n\n\n<p>\u00c9 muito f\u00e1cil se esconder em falas como \u201cj\u00e1 tentamos\u201d, \u201cos pais s\u00e3o complicados\u201d, \u201celes s\u00f3 querem reclamar\u201d, \u201cas fam\u00edlias n\u00e3o ajudam\u201d. Ok, tudo isso \u00e9 uma condi\u00e7\u00e3o, mas n\u00e3o \u00e9 uma condena\u00e7\u00e3o. As grandes perguntas a fazer s\u00e3o: o que vamos fazer com isso? Como podemos mudar esse quadro? O que foi feito em outra escola que teve resultado positivo? Praticamente em tudo na vida voc\u00ea adota uma neur\u00f3tica, a \u00f3tica da neura, do problema, das dificuldades, das desculpas. Voc\u00ea vai encontrar uma \u00f3tica empreendedora, transformadora, que faz a diferen\u00e7a. Esses s\u00e3o os far\u00f3is para usar e guiar em momentos obscuros que estamos vivendo.<\/p>\n\n\n\n<p><strong>Educa\u00e7\u00e3o em Pauta \u2013 Quais s\u00e3o os sinais que podem indicar que uma crian\u00e7a ou um adolescente est\u00e1 com problemas emocionais?&nbsp;<\/strong><\/p>\n\n\n\n<p><strong>Leo Fraiman \u2013 <\/strong>Altera\u00e7\u00f5es comportamentais, humor, sono e falta de apetite. Ou, quando est\u00e3o muito irrequietas e desinteressadas na escola. Em um dia de calor, est\u00e1 vestindo um moletom cobrindo o rosto. Tudo isso podem ser pedidos de ajuda.&nbsp;<\/p>\n\n\n\n<p>Por isso, \u00e9 importante ter um psic\u00f3logo no contexto escolar. N\u00e3o psicoterapia individual, mas que possam ajudar os professores a se perceberem, para que tamb\u00e9m tenham acolhimento com quem conversar e consigam identificar a falta de brilho nos olhos dos alunos. <mark style=\"background-color:#ff6900\" class=\"has-inline-color\">Mas, para que isso aconte\u00e7a, eles precisam ser tratados como algu\u00e9m que o brilho nos olhos tamb\u00e9m importe.<\/mark>&nbsp;<\/p>\n\n\n\n<p>Esses \u00faltimos acontecimentos fazem com que possamos lembrar a import\u00e2ncia da vida, dos nossos sentimentos, lembrar que como humanos somos vulner\u00e1veis e que precisamos de acolhimento, de motiva\u00e7\u00e3o, de um olhar. <mark style=\"background-color:#ff6900\" class=\"has-inline-color\">O professor s\u00f3 vai conseguir perceber se alunos n\u00e3o est\u00e3o bem quando ele mesmo tiver um espa\u00e7o para se conhecer, se perceber, se olhar e se sentir amado. Hoje em dia, percebo com muita clareza que quando os gestores escolares amam seus professores, estes tendem amar ainda mais seus alunos.<\/mark><\/p>\n\n\n\n<p><strong>Educa\u00e7\u00e3o em Pauta \u2013 E \u00e9 poss\u00edvel prevenir esses tipos de situa\u00e7\u00f5es traum\u00e1ticas?&nbsp;<\/strong><\/p>\n\n\n\n<p><strong>Leo Fraiman \u2013 <\/strong>N\u00e3o s\u00f3 \u00e9 poss\u00edvel, como necess\u00e1rio. <mark style=\"background-color:#ff6900\" class=\"has-inline-color\">Passou da hora de a gente rever os curr\u00edculos escolares.<\/mark> De termos mais tra\u00e7\u00e3o a interven\u00e7\u00f5es sistem\u00e1ticas voltadas a projetos de vida e compet\u00eancias sociais e emocionais. <mark style=\"background-color:#ff6900\" class=\"has-inline-color\">O ser humano \u00e9 mais que a Matem\u00e1tica, F\u00edsica e Biologia. \u00c9 composto por sonhos, medos, frustra\u00e7\u00f5es e projetos.<\/mark> Somos movidos pelo sentido da vida, como nos ensina Viktor Frankl (psic\u00f3logo). O sentido da vida \u00e9 constru\u00eddo por uma obra, por uma a\u00e7\u00e3o, por aquilo que fazemos no mundo. \u00c9 encontrado por experi\u00eancias emocionais transformadoras. \u00c9 constru\u00eddo a partir da atitude que temos diante da dor, do sentimento, da falta e da vida real.&nbsp;<\/p>\n\n\n\n<p>Com essas reflex\u00f5es, deixo para voc\u00ea, meu amigo e amiga educadora, algumas perguntas. Quais s\u00e3o seus sonhos, suas aspira\u00e7\u00f5es, suas esperan\u00e7as? Quais s\u00e3o as atitudes para que seus sonhos se transformem em uma realidade diferente? \u00c9 preciso lembrar que a sociedade \u00e9 feita a partir de cada um e de todos n\u00f3s juntos. E como diz o ditado: \u201cN\u00e3o tem ningu\u00e9m melhor do que todos n\u00f3s juntos\u201d. Que sejamos todos guardi\u00f5es da certeza de que a vida vale a pena.<\/p>\n","protected":false},"excerpt":{"rendered":"<p>Leo Fraiman \u00e9 um dos expoentes em sa\u00fade mental e no desenvolvimento das compet\u00eancias socioemocionais. \u00c9 criador de uma metodologia baseada em projeto de vida e atitude empreendedora<\/p>\n","protected":false},"author":3,"featured_media":3227,"comment_status":"open","ping_status":"open","sticky":false,"template":"","format":"standard","meta":{"footnotes":""},"categories":[4],"tags":[334,93,341,192,43,340],"class_list":["post-3226","post","type-post","status-publish","format-standard","has-post-thumbnail","hentry","category-com-a-palavra","tag-competencias-socioemocionais","tag-entrevista","tag-leo-fraiman","tag-saude-mental","tag-sinepe-rs-2","tag-violencia-escolar"],"acf":[],"yoast_head":"<!-- This site is optimized with the Yoast SEO plugin v24.6 - https:\/\/yoast.com\/wordpress\/plugins\/seo\/ -->\n<title>Especialista faz reflex\u00f5es sobre viol\u00eancia e papel das escolas<\/title>\n<meta name=\"description\" content=\"Leo Fraiman \u00e9 um dos expoentes em sa\u00fade mental e no desenvolvimento das compet\u00eancias socioemocionais\" \/>\n<meta name=\"robots\" content=\"index, follow, max-snippet:-1, max-image-preview:large, max-video-preview:-1\" \/>\n<link rel=\"canonical\" href=\"https:\/\/sinepe-rs.org.br\/educacaoempauta\/com-a-palavra\/especialista-faz-reflexoes-sobre-violencia-sentido-da-vida-e-papel-das-escolas\/\" \/>\n<meta property=\"og:locale\" content=\"pt_BR\" \/>\n<meta property=\"og:type\" content=\"article\" \/>\n<meta property=\"og:title\" content=\"Especialista faz reflex\u00f5es sobre viol\u00eancia e papel das escolas\" \/>\n<meta property=\"og:description\" content=\"Leo Fraiman \u00e9 um dos expoentes em sa\u00fade mental e no desenvolvimento das compet\u00eancias socioemocionais\" \/>\n<meta property=\"og:url\" content=\"https:\/\/sinepe-rs.org.br\/educacaoempauta\/com-a-palavra\/especialista-faz-reflexoes-sobre-violencia-sentido-da-vida-e-papel-das-escolas\/\" \/>\n<meta property=\"og:site_name\" content=\"Educa\u00e7\u00e3o em Pauta: Portal de reportagens de Educa\u00e7\u00e3o\" \/>\n<meta property=\"article:published_time\" content=\"2023-05-17T10:01:00+00:00\" \/>\n<meta property=\"article:modified_time\" content=\"2023-05-29T15:06:07+00:00\" \/>\n<meta property=\"og:image\" content=\"https:\/\/sinepe-rs.org.br\/educacaoempauta\/wp-content\/uploads\/2023\/05\/231_EducacaoEmPauta_SinepeRS_ComAPalavra_leofraiman_miniatura.jpg\" \/>\n\t<meta property=\"og:image:width\" content=\"1366\" \/>\n\t<meta property=\"og:image:height\" content=\"450\" \/>\n\t<meta property=\"og:image:type\" content=\"image\/jpeg\" \/>\n<meta name=\"author\" content=\"Alexandra Zanela\" \/>\n<meta name=\"twitter:card\" content=\"summary_large_image\" \/>\n<meta name=\"twitter:label1\" content=\"Escrito por\" \/>\n\t<meta name=\"twitter:data1\" content=\"Alexandra Zanela\" \/>\n\t<meta name=\"twitter:label2\" content=\"Est. tempo de leitura\" \/>\n\t<meta name=\"twitter:data2\" content=\"12 minutos\" \/>\n<script type=\"application\/ld+json\" class=\"yoast-schema-graph\">{\"@context\":\"https:\/\/schema.org\",\"@graph\":[{\"@type\":\"WebPage\",\"@id\":\"https:\/\/sinepe-rs.org.br\/educacaoempauta\/com-a-palavra\/especialista-faz-reflexoes-sobre-violencia-sentido-da-vida-e-papel-das-escolas\/\",\"url\":\"https:\/\/sinepe-rs.org.br\/educacaoempauta\/com-a-palavra\/especialista-faz-reflexoes-sobre-violencia-sentido-da-vida-e-papel-das-escolas\/\",\"name\":\"Especialista faz reflex\u00f5es sobre viol\u00eancia e papel das escolas\",\"isPartOf\":{\"@id\":\"https:\/\/sinepe-rs.org.br\/educacaoempauta\/#website\"},\"primaryImageOfPage\":{\"@id\":\"https:\/\/sinepe-rs.org.br\/educacaoempauta\/com-a-palavra\/especialista-faz-reflexoes-sobre-violencia-sentido-da-vida-e-papel-das-escolas\/#primaryimage\"},\"image\":{\"@id\":\"https:\/\/sinepe-rs.org.br\/educacaoempauta\/com-a-palavra\/especialista-faz-reflexoes-sobre-violencia-sentido-da-vida-e-papel-das-escolas\/#primaryimage\"},\"thumbnailUrl\":\"https:\/\/sinepe-rs.org.br\/educacaoempauta\/wp-content\/uploads\/2023\/05\/231_EducacaoEmPauta_SinepeRS_ComAPalavra_leofraiman_miniatura.jpg\",\"datePublished\":\"2023-05-17T10:01:00+00:00\",\"dateModified\":\"2023-05-29T15:06:07+00:00\",\"author\":{\"@id\":\"https:\/\/sinepe-rs.org.br\/educacaoempauta\/#\/schema\/person\/c542073558983d5792101d1b5240d841\"},\"description\":\"Leo Fraiman \u00e9 um dos expoentes em sa\u00fade mental e no desenvolvimento das compet\u00eancias socioemocionais\",\"breadcrumb\":{\"@id\":\"https:\/\/sinepe-rs.org.br\/educacaoempauta\/com-a-palavra\/especialista-faz-reflexoes-sobre-violencia-sentido-da-vida-e-papel-das-escolas\/#breadcrumb\"},\"inLanguage\":\"pt-BR\",\"potentialAction\":[{\"@type\":\"ReadAction\",\"target\":[\"https:\/\/sinepe-rs.org.br\/educacaoempauta\/com-a-palavra\/especialista-faz-reflexoes-sobre-violencia-sentido-da-vida-e-papel-das-escolas\/\"]}]},{\"@type\":\"ImageObject\",\"inLanguage\":\"pt-BR\",\"@id\":\"https:\/\/sinepe-rs.org.br\/educacaoempauta\/com-a-palavra\/especialista-faz-reflexoes-sobre-violencia-sentido-da-vida-e-papel-das-escolas\/#primaryimage\",\"url\":\"https:\/\/sinepe-rs.org.br\/educacaoempauta\/wp-content\/uploads\/2023\/05\/231_EducacaoEmPauta_SinepeRS_ComAPalavra_leofraiman_miniatura.jpg\",\"contentUrl\":\"https:\/\/sinepe-rs.org.br\/educacaoempauta\/wp-content\/uploads\/2023\/05\/231_EducacaoEmPauta_SinepeRS_ComAPalavra_leofraiman_miniatura.jpg\",\"width\":1366,\"height\":450,\"caption\":\"Especialista faz reflex\u00f5es sobre viol\u00eancia, sentido da vida e papel das escolas\"},{\"@type\":\"BreadcrumbList\",\"@id\":\"https:\/\/sinepe-rs.org.br\/educacaoempauta\/com-a-palavra\/especialista-faz-reflexoes-sobre-violencia-sentido-da-vida-e-papel-das-escolas\/#breadcrumb\",\"itemListElement\":[{\"@type\":\"ListItem\",\"position\":1,\"name\":\"Home\",\"item\":\"https:\/\/sinepe-rs.org.br\/educacaoempauta\/\"},{\"@type\":\"ListItem\",\"position\":2,\"name\":\"&#8220;Passou da hora de a gente rever os curr\u00edculos escolares&#8221;\"}]},{\"@type\":\"WebSite\",\"@id\":\"https:\/\/sinepe-rs.org.br\/educacaoempauta\/#website\",\"url\":\"https:\/\/sinepe-rs.org.br\/educacaoempauta\/\",\"name\":\"Educa\u00e7\u00e3o em Pauta: Portal de reportagens de Educa\u00e7\u00e3o\",\"description\":\"Sinepe-RS\",\"potentialAction\":[{\"@type\":\"SearchAction\",\"target\":{\"@type\":\"EntryPoint\",\"urlTemplate\":\"https:\/\/sinepe-rs.org.br\/educacaoempauta\/?s={search_term_string}\"},\"query-input\":{\"@type\":\"PropertyValueSpecification\",\"valueRequired\":true,\"valueName\":\"search_term_string\"}}],\"inLanguage\":\"pt-BR\"},{\"@type\":\"Person\",\"@id\":\"https:\/\/sinepe-rs.org.br\/educacaoempauta\/#\/schema\/person\/c542073558983d5792101d1b5240d841\",\"name\":\"Alexandra Zanela\",\"image\":{\"@type\":\"ImageObject\",\"inLanguage\":\"pt-BR\",\"@id\":\"https:\/\/sinepe-rs.org.br\/educacaoempauta\/#\/schema\/person\/image\/\",\"url\":\"https:\/\/secure.gravatar.com\/avatar\/aab8da397152551fad5132b4b20cb891945e7bc931de8d0d72495261a983a371?s=96&d=mm&r=g\",\"contentUrl\":\"https:\/\/secure.gravatar.com\/avatar\/aab8da397152551fad5132b4b20cb891945e7bc931de8d0d72495261a983a371?s=96&d=mm&r=g\",\"caption\":\"Alexandra Zanela\"},\"url\":\"https:\/\/sinepe-rs.org.br\/educacaoempauta\/author\/alexandra\/\"}]}<\/script>\n<!-- \/ Yoast SEO plugin. -->","yoast_head_json":{"title":"Especialista faz reflex\u00f5es sobre viol\u00eancia e papel das escolas","description":"Leo Fraiman \u00e9 um dos expoentes em sa\u00fade mental e no desenvolvimento das compet\u00eancias socioemocionais","robots":{"index":"index","follow":"follow","max-snippet":"max-snippet:-1","max-image-preview":"max-image-preview:large","max-video-preview":"max-video-preview:-1"},"canonical":"https:\/\/sinepe-rs.org.br\/educacaoempauta\/com-a-palavra\/especialista-faz-reflexoes-sobre-violencia-sentido-da-vida-e-papel-das-escolas\/","og_locale":"pt_BR","og_type":"article","og_title":"Especialista faz reflex\u00f5es sobre viol\u00eancia e papel das escolas","og_description":"Leo Fraiman \u00e9 um dos expoentes em sa\u00fade mental e no desenvolvimento das compet\u00eancias socioemocionais","og_url":"https:\/\/sinepe-rs.org.br\/educacaoempauta\/com-a-palavra\/especialista-faz-reflexoes-sobre-violencia-sentido-da-vida-e-papel-das-escolas\/","og_site_name":"Educa\u00e7\u00e3o em Pauta: Portal de reportagens de Educa\u00e7\u00e3o","article_published_time":"2023-05-17T10:01:00+00:00","article_modified_time":"2023-05-29T15:06:07+00:00","og_image":[{"width":1366,"height":450,"url":"https:\/\/sinepe-rs.org.br\/educacaoempauta\/wp-content\/uploads\/2023\/05\/231_EducacaoEmPauta_SinepeRS_ComAPalavra_leofraiman_miniatura.jpg","type":"image\/jpeg"}],"author":"Alexandra Zanela","twitter_card":"summary_large_image","twitter_misc":{"Escrito por":"Alexandra Zanela","Est. tempo de leitura":"12 minutos"},"schema":{"@context":"https:\/\/schema.org","@graph":[{"@type":"WebPage","@id":"https:\/\/sinepe-rs.org.br\/educacaoempauta\/com-a-palavra\/especialista-faz-reflexoes-sobre-violencia-sentido-da-vida-e-papel-das-escolas\/","url":"https:\/\/sinepe-rs.org.br\/educacaoempauta\/com-a-palavra\/especialista-faz-reflexoes-sobre-violencia-sentido-da-vida-e-papel-das-escolas\/","name":"Especialista faz reflex\u00f5es sobre viol\u00eancia e papel das escolas","isPartOf":{"@id":"https:\/\/sinepe-rs.org.br\/educacaoempauta\/#website"},"primaryImageOfPage":{"@id":"https:\/\/sinepe-rs.org.br\/educacaoempauta\/com-a-palavra\/especialista-faz-reflexoes-sobre-violencia-sentido-da-vida-e-papel-das-escolas\/#primaryimage"},"image":{"@id":"https:\/\/sinepe-rs.org.br\/educacaoempauta\/com-a-palavra\/especialista-faz-reflexoes-sobre-violencia-sentido-da-vida-e-papel-das-escolas\/#primaryimage"},"thumbnailUrl":"https:\/\/sinepe-rs.org.br\/educacaoempauta\/wp-content\/uploads\/2023\/05\/231_EducacaoEmPauta_SinepeRS_ComAPalavra_leofraiman_miniatura.jpg","datePublished":"2023-05-17T10:01:00+00:00","dateModified":"2023-05-29T15:06:07+00:00","author":{"@id":"https:\/\/sinepe-rs.org.br\/educacaoempauta\/#\/schema\/person\/c542073558983d5792101d1b5240d841"},"description":"Leo Fraiman \u00e9 um dos expoentes em sa\u00fade mental e no desenvolvimento das compet\u00eancias socioemocionais","breadcrumb":{"@id":"https:\/\/sinepe-rs.org.br\/educacaoempauta\/com-a-palavra\/especialista-faz-reflexoes-sobre-violencia-sentido-da-vida-e-papel-das-escolas\/#breadcrumb"},"inLanguage":"pt-BR","potentialAction":[{"@type":"ReadAction","target":["https:\/\/sinepe-rs.org.br\/educacaoempauta\/com-a-palavra\/especialista-faz-reflexoes-sobre-violencia-sentido-da-vida-e-papel-das-escolas\/"]}]},{"@type":"ImageObject","inLanguage":"pt-BR","@id":"https:\/\/sinepe-rs.org.br\/educacaoempauta\/com-a-palavra\/especialista-faz-reflexoes-sobre-violencia-sentido-da-vida-e-papel-das-escolas\/#primaryimage","url":"https:\/\/sinepe-rs.org.br\/educacaoempauta\/wp-content\/uploads\/2023\/05\/231_EducacaoEmPauta_SinepeRS_ComAPalavra_leofraiman_miniatura.jpg","contentUrl":"https:\/\/sinepe-rs.org.br\/educacaoempauta\/wp-content\/uploads\/2023\/05\/231_EducacaoEmPauta_SinepeRS_ComAPalavra_leofraiman_miniatura.jpg","width":1366,"height":450,"caption":"Especialista faz reflex\u00f5es sobre viol\u00eancia, sentido da vida e papel das escolas"},{"@type":"BreadcrumbList","@id":"https:\/\/sinepe-rs.org.br\/educacaoempauta\/com-a-palavra\/especialista-faz-reflexoes-sobre-violencia-sentido-da-vida-e-papel-das-escolas\/#breadcrumb","itemListElement":[{"@type":"ListItem","position":1,"name":"Home","item":"https:\/\/sinepe-rs.org.br\/educacaoempauta\/"},{"@type":"ListItem","position":2,"name":"&#8220;Passou da hora de a gente rever os curr\u00edculos escolares&#8221;"}]},{"@type":"WebSite","@id":"https:\/\/sinepe-rs.org.br\/educacaoempauta\/#website","url":"https:\/\/sinepe-rs.org.br\/educacaoempauta\/","name":"Educa\u00e7\u00e3o em Pauta: Portal de reportagens de Educa\u00e7\u00e3o","description":"Sinepe-RS","potentialAction":[{"@type":"SearchAction","target":{"@type":"EntryPoint","urlTemplate":"https:\/\/sinepe-rs.org.br\/educacaoempauta\/?s={search_term_string}"},"query-input":{"@type":"PropertyValueSpecification","valueRequired":true,"valueName":"search_term_string"}}],"inLanguage":"pt-BR"},{"@type":"Person","@id":"https:\/\/sinepe-rs.org.br\/educacaoempauta\/#\/schema\/person\/c542073558983d5792101d1b5240d841","name":"Alexandra Zanela","image":{"@type":"ImageObject","inLanguage":"pt-BR","@id":"https:\/\/sinepe-rs.org.br\/educacaoempauta\/#\/schema\/person\/image\/","url":"https:\/\/secure.gravatar.com\/avatar\/aab8da397152551fad5132b4b20cb891945e7bc931de8d0d72495261a983a371?s=96&d=mm&r=g","contentUrl":"https:\/\/secure.gravatar.com\/avatar\/aab8da397152551fad5132b4b20cb891945e7bc931de8d0d72495261a983a371?s=96&d=mm&r=g","caption":"Alexandra Zanela"},"url":"https:\/\/sinepe-rs.org.br\/educacaoempauta\/author\/alexandra\/"}]}},"_links":{"self":[{"href":"https:\/\/sinepe-rs.org.br\/educacaoempauta\/wp-json\/wp\/v2\/posts\/3226","targetHints":{"allow":["GET"]}}],"collection":[{"href":"https:\/\/sinepe-rs.org.br\/educacaoempauta\/wp-json\/wp\/v2\/posts"}],"about":[{"href":"https:\/\/sinepe-rs.org.br\/educacaoempauta\/wp-json\/wp\/v2\/types\/post"}],"author":[{"embeddable":true,"href":"https:\/\/sinepe-rs.org.br\/educacaoempauta\/wp-json\/wp\/v2\/users\/3"}],"replies":[{"embeddable":true,"href":"https:\/\/sinepe-rs.org.br\/educacaoempauta\/wp-json\/wp\/v2\/comments?post=3226"}],"version-history":[{"count":9,"href":"https:\/\/sinepe-rs.org.br\/educacaoempauta\/wp-json\/wp\/v2\/posts\/3226\/revisions"}],"predecessor-version":[{"id":3324,"href":"https:\/\/sinepe-rs.org.br\/educacaoempauta\/wp-json\/wp\/v2\/posts\/3226\/revisions\/3324"}],"wp:featuredmedia":[{"embeddable":true,"href":"https:\/\/sinepe-rs.org.br\/educacaoempauta\/wp-json\/wp\/v2\/media\/3227"}],"wp:attachment":[{"href":"https:\/\/sinepe-rs.org.br\/educacaoempauta\/wp-json\/wp\/v2\/media?parent=3226"}],"wp:term":[{"taxonomy":"category","embeddable":true,"href":"https:\/\/sinepe-rs.org.br\/educacaoempauta\/wp-json\/wp\/v2\/categories?post=3226"},{"taxonomy":"post_tag","embeddable":true,"href":"https:\/\/sinepe-rs.org.br\/educacaoempauta\/wp-json\/wp\/v2\/tags?post=3226"}],"curies":[{"name":"wp","href":"https:\/\/api.w.org\/{rel}","templated":true}]}}