{"id":3526,"date":"2023-07-07T15:06:53","date_gmt":"2023-07-07T18:06:53","guid":{"rendered":"https:\/\/sinepe-rs.org.br\/educacaoempauta\/?p=3526"},"modified":"2023-07-17T09:53:22","modified_gmt":"2023-07-17T12:53:22","slug":"por-que-estimular-a-pesquisa-cientifica-desde-a-infancia","status":"publish","type":"post","link":"https:\/\/sinepe-rs.org.br\/educacaoempauta\/pedagogico\/por-que-estimular-a-pesquisa-cientifica-desde-a-infancia\/","title":{"rendered":"Por que estimular a pesquisa cient\u00edfica desde a inf\u00e2ncia?"},"content":{"rendered":"\n<p>Um estudo comprovou que tanto os praticantes regulares de atividades f\u00edsicas quanto os chamados \u201catletas de fim de semana\u201d t\u00eam taxas de \u00f3bito reduzidas se comparados aos sedent\u00e1rios. Uma outra pesquisa demonstrou que parte das diretrizes cl\u00ednicas de tratamento para quadros de depress\u00e3o n\u00e3o define com clareza os crit\u00e9rios necess\u00e1rios para a avalia\u00e7\u00e3o da resposta dos pacientes \u00e0 terapia inicial.<\/p>\n\n\n\n<p>Esses s\u00e3o alguns exemplos de descobertas que t\u00eam algo em comum: foram realizadas por pesquisadores brasileiros e lan\u00e7adas em 2022.&nbsp;<\/p>\n\n\n\n<p>Nos \u00faltimos 20 anos, a produ\u00e7\u00e3o cient\u00edfica nacional nas \u00e1reas da sa\u00fade dobrou sua participa\u00e7\u00e3o na produ\u00e7\u00e3o mundial. Ao todo, foram cerca de 237 mil publica\u00e7\u00f5es catalogadas, o equivalente a 2,6% da produ\u00e7\u00e3o cient\u00edfica mundial nesse per\u00edodo, conforme apontam <a href=\"https:\/\/www.ipea.gov.br\/cts\/pt\/central-de-conteudo\/artigos\/artigos\/179-um-panorama-da-pesquisa-em-saude-no-brasil\" target=\"_blank\" rel=\"noreferrer noopener\">dados do Centro de Pesquisa em Ci\u00eancia, Tecnologia e Sociedade do Instituto de Pesquisa Econ\u00f4mica Aplicada (IPEA)<\/a>.<\/p>\n\n\n\n<p>Al\u00e9m do volume de estudos, a credibilidade \u00e9 representativa no pa\u00eds. A maioria dos brasileiros (68,9%) declarou confiar ou confiar muito na ci\u00eancia, de acordo com o estudo <a href=\"https:\/\/agenciabrasil.ebc.com.br\/saude\/noticia\/2022-12\/maioria-da-populacao-brasileira-acredita-na-ciencia-aponta-pesquisa\" target=\"_blank\" rel=\"noreferrer noopener\">Confian\u00e7a na Ci\u00eancia no Brasil em tempos de pandemia<\/a>, conduzido pelo Instituto Nacional de Ci\u00eancia e Tecnologia em Comunica\u00e7\u00e3o P\u00fablica da Ci\u00eancia e da Tecnologia (INCT-CPCT).<\/p>\n\n\n\n<p>Para celebrar as pesquisas cient\u00edficas, foi institu\u00eddo que o dia 8 de julho \u00e9 o <strong>Dia Nacional da Ci\u00eancia e do Pesquisador Cient\u00edfico.<\/strong> A data \u00e9 em alus\u00e3o \u00e0 cria\u00e7\u00e3o da <a href=\"http:\/\/portal.sbpcnet.org.br\/\" target=\"_blank\" rel=\"noreferrer noopener\">Sociedade Brasileira para o Progresso da Ci\u00eancia (SBPC)<\/a>, em 1948.&nbsp;<\/p>\n\n\n\n<p>Mesmo diante de desafios (como falta de incentivos e burocratiza\u00e7\u00e3o) para tornar as pesquisas cient\u00edficas ainda mais relevantes no pa\u00eds, muitas iniciativas t\u00eam proporcionado com que crian\u00e7as e adolescentes almejem ser futuros pesquisadores.<\/p>\n\n\n\n<p><strong>Pesquisar ainda crian\u00e7a<\/strong><\/p>\n\n\n\n<p>A flexibilidade de escolha das tem\u00e1ticas a serem desenvolvidas dentro da \u00e1rea de pesquisa tem gerado um grande engajamento entre os jovens do <a href=\"https:\/\/colegios.redemarista.org.br\/santa-maria\" target=\"_blank\" rel=\"noreferrer noopener\">Col\u00e9gio Marista Santa Maria<\/a>. <mark style=\"background-color:#ff6900\" class=\"has-inline-color\">A inicia\u00e7\u00e3o cient\u00edfica faz parte do curr\u00edculo de todas as etapas da Educa\u00e7\u00e3o B\u00e1sica.&nbsp;<\/mark><\/p>\n\n\n\n<p>Conforme salienta a coordenadora pedag\u00f3gica dos Anos Finais e Ensino M\u00e9dio do col\u00e9gio, Carla Denise Machado Borba, <mark style=\"background-color:#ff6900\" class=\"has-inline-color\">os estudantes s\u00e3o inseridos no contexto da investiga\u00e7\u00e3o cient\u00edfica, onde os professores s\u00e3o mediadores do percurso de constru\u00e7\u00e3o e reconstru\u00e7\u00e3o de conhecimentos.<\/mark> Todas as tem\u00e1ticas de pesquisa partem do interesse dos estudantes e os professores direcionam os estudos quanto \u00e0 \u00e1rea do conhecimento e orientam as etapas do projeto.&nbsp;<\/p>\n\n\n\n<p>Diante disso, toda pesquisa \u00e9 relevante, pois para aquela equipe de alunos, representa o produto de suas descobertas e suas curiosidades. \u201cNesse contexto, somos agraciados com projetos como o <a href=\"https:\/\/sinepe-rs.org.br\/educacaoempauta\/inspire-se\/alunas-criam-inseticida-a-base-de-bergamota-para-combater-o-mosquito-da-dengue\/\" target=\"_blank\" rel=\"noreferrer noopener\">Bergacida<\/a>, F\u00f3sforo Ecol\u00f3gico, Hidroponia, que ganham relev\u00e2ncia para al\u00e9m dos muros da escola, pela sua responsabilidade social e sustentabilidade do planeta\u201d, pontua.<\/p>\n\n\n\n<p>Quanto \u00e0 percep\u00e7\u00e3o dos alunos do Col\u00e9gio ao ingressarem no Ensino Superior, Carla destaca que os estudantes chegam com uma bagagem muito significativa quanto \u00e0 pesquisa. Principalmente em rela\u00e7\u00e3o \u00e0s viv\u00eancias proporcionadas ainda na Educa\u00e7\u00e3o B\u00e1sica, como em mostras de inicia\u00e7\u00e3o cient\u00edfica, que podem culminar em premia\u00e7\u00f5es. \u201cTal como foi com o Bergacida, em que duas estudantes foram premiadas com bolsa CNPQ, da Universidade Franciscana de Santa Maria e do projeto: <em>An\u00e1lise de operadores argumentativos, da \u00e1rea de linguagens<\/em>, que foi destaque da \u00faltima JAI Jovem da UFSM, com premia\u00e7\u00e3o de Jovem Extensionista\u201d, complementa.<\/p>\n\n\n\n<p><strong><mark style=\"background-color:#fcb900\" class=\"has-inline-color\">Leia tamb\u00e9m:&nbsp;<br><\/mark><\/strong><mark style=\"background-color:#fcb900\" class=\"has-inline-color\"><strong><a href=\"https:\/\/sinepe-rs.org.br\/educacaoempauta\/inspire-se\/alunas-criam-inseticida-a-base-de-bergamota-para-combater-o-mosquito-da-dengue\/\" target=\"_blank\" rel=\"noreferrer noopener\">&gt;&gt; Alunas criam inseticida \u00e0 base de bergamota para combater o mosquito da dengue<br><\/a><a href=\"https:\/\/sinepe-rs.org.br\/educacaoempauta\/inspire-se\/iniciacao-cientifica-uma-aliada-da-educacao\/\" target=\"_blank\" rel=\"noreferrer noopener\">&gt;&gt; Inicia\u00e7\u00e3o cient\u00edfica: uma aliada da educa\u00e7\u00e3o<\/a><\/strong><\/mark><\/p>\n\n\n\n<p><strong>Feira de ci\u00eancias ininterrupta<\/strong><\/p>\n\n\n\n<p>No processo de aprendizagem, os alunos da <a href=\"https:\/\/ienh.com.br\/paginas\/vestibular\/?gclid=CjwKCAjw44mlBhAQEiwAqP3eVnmORlUdk9q9ROj3E9TvS34pPTKXeUZYXXPUoXNdnkjTfvJSzrwrNhoCjIcQAvD_BwE\" target=\"_blank\" rel=\"noreferrer noopener\">Institui\u00e7\u00e3o Evang\u00e9lica de Novo Hamburgo (IENH)<\/a> tem em sua Feira de Ci\u00eancias a materializa\u00e7\u00e3o da inicia\u00e7\u00e3o cient\u00edfica. Neste ano, o evento vai para sua 47\u00aa edi\u00e7\u00e3o e, mesmo na pandemia, ocorreu de forma ininterrupta.<\/p>\n\n\n\n<p>Na institui\u00e7\u00e3o de ensino, a motiva\u00e7\u00e3o pela ci\u00eancia e pela pesquisa \u00e9 algo bem presente durante o per\u00edodo escolar. Conforme salienta a coordenadora da \u00e1rea de Ci\u00eancias da Natureza e da Feira de Ci\u00eancias da IENH, Ana Paula Machado, as crian\u00e7as s\u00e3o curiosas por natureza. Sendo assim, na Educa\u00e7\u00e3o Infantil e nos primeiros anos do Ensino Fundamental, <mark style=\"background-color:#ff6900\" class=\"has-inline-color\">s\u00e3o motivadas pelos professores a buscar respostas para suas hip\u00f3teses durante os projetos de pesquisa realizados pelas turmas. Ap\u00f3s o trabalho de investiga\u00e7\u00e3o, s\u00e3o desafiadas a divulgar seus resultados nas Feiras de Projetos.&nbsp;<\/mark><\/p>\n\n\n\n<p>Do 6\u00ba ano at\u00e9 a segunda s\u00e9rie do Ensino M\u00e9dio, os estudantes est\u00e3o mais preparados para a realiza\u00e7\u00e3o de projetos de inicia\u00e7\u00e3o cient\u00edfica em duplas ou trios. <mark style=\"background-color:#ff6900\" class=\"has-inline-color\">Os alunos realizam a escolha do tema de pesquisa, formulam suas hip\u00f3teses, elaboram sua metodologia e com a orienta\u00e7\u00e3o dos professores, desenvolvem suas pesquisas.<\/mark><\/p>\n\n\n\n<p>Na Unidade Funda\u00e7\u00e3o Evang\u00e9lica, os alunos desenvolvem seus projetos com os professores tutores. A divulga\u00e7\u00e3o dos resultados obtidos, na Feira de Ci\u00eancias da IENH, podem demonstrar suas descobertas e passar\u00e3o pela avalia\u00e7\u00e3o de avaliadores externos. \u201cEsse processo se faz necess\u00e1rio, visto que nossa Feira \u00e9 afiliada de outras, como a Mostratec, a Febrace, a Cientec, entre outras. Os melhores avaliados recebem credenciais para participarem dessas feiras\u201d, frisa.<\/p>\n\n\n\n<p><strong>Acesso \u00e0 universidade desde cedo<\/strong><\/p>\n\n\n\n<p><mark style=\"background-color:#ff6900\" class=\"has-inline-color\">\u00c9 na universidade onde os conhecimentos s\u00e3o aprofundados, os contatos s\u00e3o realizados e se inicia a carreira na \u00e1rea da pesquisa. <\/mark>Para incentivar alunos da Educa\u00e7\u00e3o B\u00e1sica, a <a href=\"https:\/\/www.ulbra.br\/\" target=\"_blank\" rel=\"noreferrer noopener\">Universidade Luterana do Brasil (Ulbra)<\/a> participa do Programa de Inicia\u00e7\u00e3o Cient\u00edfica J\u00fanior do CNPq (PIBIC-EM) em que os estudantes do Ensino M\u00e9dio t\u00eam a oportunidade de ter uma viv\u00eancia do m\u00e9todo cient\u00edfico, bem como a experi\u00eancia de serem orientados por pesquisadores doutores e aprenderem a fazer ci\u00eancia.\u00a0<\/p>\n\n\n\n<p>\u201cEles passam a trabalhar em um grupo que cont\u00e9m tamb\u00e9m alunos de inicia\u00e7\u00e3o cient\u00edfica da gradua\u00e7\u00e3o, mestrandos e doutorandos; al\u00e9m do pesquisador s\u00eanior e, com isso, j\u00e1 t\u00eam contato direto com a vida acad\u00eamica do Ensino Superior\u201d, relata a coordenadora de P\u00f3s-gradua\u00e7\u00e3o Stricto Sensu e Pesquisa da Ulbra, Ester Schmidt Rieder.&nbsp;<\/p>\n\n\n\n<p>Outra forma de promover a intera\u00e7\u00e3o das escolas de Educa\u00e7\u00e3o Infantil e Ensino Fundamental com a universidade \u00e9 por meio da <a href=\"https:\/\/www.ulbra.br\/expoulbra\" target=\"_blank\" rel=\"noreferrer noopener\">Mostra de Ci\u00eancias e Inova\u00e7\u00e3o da Ulbra<\/a>. Em sua sexta edi\u00e7\u00e3o, sempre promovido em outubro, o evento busca a socializa\u00e7\u00e3o dos estudantes de Educa\u00e7\u00e3o Infantil, Ensino Fundamental, Anos Iniciais e Finais, para trocar experi\u00eancias e estimular o desenvolvimento do pensar cient\u00edfico e inovador.<\/p>\n\n\n\n<p>Ao ingressar na universidade, os alunos da gradua\u00e7\u00e3o possuem um acesso a projetos de pesquisa envolvendo pesquisadores s\u00eaniores. \u201cEsse contato permite um aprendizado pr\u00e1tico do como fazer e por que fazer, do desenvolvimento de habilidades e compet\u00eancias importantes como a capacidade de pensar criticamente, trabalhar em equipe, aprender a lidar com desafios e desenvolver solu\u00e7\u00f5es criativas\u201d, sinaliza.&nbsp;<\/p>\n\n\n\n<p>Para permanecer nesse ramo, a institui\u00e7\u00e3o de ensino disponibiliza cotas para bolsistas por meio de um programa pr\u00f3prio institucional de Inicia\u00e7\u00e3o Cient\u00edfica e Tecnol\u00f3gica (PROICT\/Ulbra), al\u00e9m de cotas dos Programas Institucionais de Inicia\u00e7\u00e3o Cient\u00edfica (PIBIC), Inicia\u00e7\u00e3o Tecnol\u00f3gica (PIBITI) e Inicia\u00e7\u00e3o Cient\u00edfica J\u00fanior (PIBIC-EM) do CNPq. Os bolsistas, inseridos nas linhas de pesquisa dos professores dos programas, participam muitas vezes dos projetos dos alunos mestrandos e doutorandos e s\u00e3o coorientados por estes.&nbsp;<\/p>\n\n\n\n<p>Conforme ressalta Ester, <mark style=\"background-color:#ff6900\" class=\"has-inline-color\">a pesquisa \u00e9 um elemento norteador e incentivador da pr\u00e1tica educativa. <\/mark>\u201cIndica a necessidade de uma educa\u00e7\u00e3o ser questionadora, do indiv\u00edduo saber pensar e saber fazer\u201d, complementa.<\/p>\n\n\n<div class=\"wp-block-image\">\n<figure class=\"aligncenter size-full\"><img loading=\"lazy\" decoding=\"async\" width=\"2560\" height=\"1562\" src=\"https:\/\/sinepe-rs.org.br\/educacaoempauta\/wp-content\/uploads\/2023\/07\/sinepe_infografico_252_dia_da_ciencia_e_do_pesquisador-scaled.jpg\" alt=\"\" class=\"wp-image-3527\" srcset=\"https:\/\/sinepe-rs.org.br\/educacaoempauta\/wp-content\/uploads\/2023\/07\/sinepe_infografico_252_dia_da_ciencia_e_do_pesquisador-scaled.jpg 2560w, https:\/\/sinepe-rs.org.br\/educacaoempauta\/wp-content\/uploads\/2023\/07\/sinepe_infografico_252_dia_da_ciencia_e_do_pesquisador-300x183.jpg 300w, https:\/\/sinepe-rs.org.br\/educacaoempauta\/wp-content\/uploads\/2023\/07\/sinepe_infografico_252_dia_da_ciencia_e_do_pesquisador-1024x625.jpg 1024w, https:\/\/sinepe-rs.org.br\/educacaoempauta\/wp-content\/uploads\/2023\/07\/sinepe_infografico_252_dia_da_ciencia_e_do_pesquisador-768x469.jpg 768w, https:\/\/sinepe-rs.org.br\/educacaoempauta\/wp-content\/uploads\/2023\/07\/sinepe_infografico_252_dia_da_ciencia_e_do_pesquisador-1536x937.jpg 1536w, https:\/\/sinepe-rs.org.br\/educacaoempauta\/wp-content\/uploads\/2023\/07\/sinepe_infografico_252_dia_da_ciencia_e_do_pesquisador-2048x1250.jpg 2048w\" sizes=\"auto, (max-width: 2560px) 100vw, 2560px\" \/><\/figure>\n<\/div>","protected":false},"excerpt":{"rendered":"<p>Em comemora\u00e7\u00e3o ao Dia Nacional da Ci\u00eancia e do Pesquisador, especialistas comentam iniciativas para que a ci\u00eancia e a pesquisa estejam mais presentes na Educa\u00e7\u00e3o B\u00e1sica<\/p>\n","protected":false},"author":3,"featured_media":3528,"comment_status":"closed","ping_status":"closed","sticky":false,"template":"","format":"standard","meta":{"footnotes":""},"categories":[6],"tags":[381,36,141,382,43],"class_list":["post-3526","post","type-post","status-publish","format-standard","has-post-thumbnail","hentry","category-pedagogico","tag-ciencia","tag-educacao-basica","tag-pesquisa","tag-pesquisa-cientifica","tag-sinepe-rs-2"],"acf":[],"yoast_head":"<!-- This site is optimized with the Yoast SEO plugin v24.6 - https:\/\/yoast.com\/wordpress\/plugins\/seo\/ -->\n<title>Por que estimular a pesquisa cient\u00edfica desde a inf\u00e2ncia?<\/title>\n<meta name=\"description\" content=\"Especialistas comentam iniciativas para que a ci\u00eancia e a pesquisa estejam mais presentes na Educa\u00e7\u00e3o B\u00e1sica\" \/>\n<meta name=\"robots\" content=\"index, follow, max-snippet:-1, max-image-preview:large, max-video-preview:-1\" \/>\n<link rel=\"canonical\" href=\"https:\/\/sinepe-rs.org.br\/educacaoempauta\/pedagogico\/por-que-estimular-a-pesquisa-cientifica-desde-a-infancia\/\" \/>\n<meta property=\"og:locale\" content=\"pt_BR\" \/>\n<meta property=\"og:type\" content=\"article\" \/>\n<meta property=\"og:title\" content=\"Por que estimular a pesquisa cient\u00edfica desde a inf\u00e2ncia?\" \/>\n<meta property=\"og:description\" content=\"Especialistas comentam iniciativas para que a ci\u00eancia e a pesquisa estejam mais presentes na Educa\u00e7\u00e3o B\u00e1sica\" \/>\n<meta property=\"og:url\" content=\"https:\/\/sinepe-rs.org.br\/educacaoempauta\/pedagogico\/por-que-estimular-a-pesquisa-cientifica-desde-a-infancia\/\" \/>\n<meta property=\"og:site_name\" content=\"Educa\u00e7\u00e3o em Pauta: Portal de reportagens de Educa\u00e7\u00e3o\" \/>\n<meta property=\"article:published_time\" content=\"2023-07-07T18:06:53+00:00\" \/>\n<meta property=\"article:modified_time\" content=\"2023-07-17T12:53:22+00:00\" \/>\n<meta property=\"og:image\" content=\"https:\/\/sinepe-rs.org.br\/educacaoempauta\/wp-content\/uploads\/2023\/07\/252_Educacao_Em_Pauta_SinepeRS_Dia_da_Ciencia_e_do_Pesquisador.jpg\" \/>\n\t<meta property=\"og:image:width\" content=\"1366\" \/>\n\t<meta property=\"og:image:height\" content=\"450\" \/>\n\t<meta property=\"og:image:type\" content=\"image\/jpeg\" \/>\n<meta name=\"author\" content=\"Alexandra Zanela\" \/>\n<meta name=\"twitter:card\" content=\"summary_large_image\" \/>\n<meta name=\"twitter:label1\" content=\"Escrito por\" \/>\n\t<meta name=\"twitter:data1\" content=\"Alexandra Zanela\" \/>\n\t<meta name=\"twitter:label2\" content=\"Est. tempo de leitura\" \/>\n\t<meta name=\"twitter:data2\" content=\"7 minutos\" \/>\n<script type=\"application\/ld+json\" class=\"yoast-schema-graph\">{\"@context\":\"https:\/\/schema.org\",\"@graph\":[{\"@type\":\"WebPage\",\"@id\":\"https:\/\/sinepe-rs.org.br\/educacaoempauta\/pedagogico\/por-que-estimular-a-pesquisa-cientifica-desde-a-infancia\/\",\"url\":\"https:\/\/sinepe-rs.org.br\/educacaoempauta\/pedagogico\/por-que-estimular-a-pesquisa-cientifica-desde-a-infancia\/\",\"name\":\"Por que estimular a pesquisa cient\u00edfica desde a inf\u00e2ncia?\",\"isPartOf\":{\"@id\":\"https:\/\/sinepe-rs.org.br\/educacaoempauta\/#website\"},\"primaryImageOfPage\":{\"@id\":\"https:\/\/sinepe-rs.org.br\/educacaoempauta\/pedagogico\/por-que-estimular-a-pesquisa-cientifica-desde-a-infancia\/#primaryimage\"},\"image\":{\"@id\":\"https:\/\/sinepe-rs.org.br\/educacaoempauta\/pedagogico\/por-que-estimular-a-pesquisa-cientifica-desde-a-infancia\/#primaryimage\"},\"thumbnailUrl\":\"https:\/\/sinepe-rs.org.br\/educacaoempauta\/wp-content\/uploads\/2023\/07\/252_Educacao_Em_Pauta_SinepeRS_Dia_da_Ciencia_e_do_Pesquisador.jpg\",\"datePublished\":\"2023-07-07T18:06:53+00:00\",\"dateModified\":\"2023-07-17T12:53:22+00:00\",\"author\":{\"@id\":\"https:\/\/sinepe-rs.org.br\/educacaoempauta\/#\/schema\/person\/c542073558983d5792101d1b5240d841\"},\"description\":\"Especialistas comentam iniciativas para que a ci\u00eancia e a pesquisa estejam mais presentes na Educa\u00e7\u00e3o B\u00e1sica\",\"breadcrumb\":{\"@id\":\"https:\/\/sinepe-rs.org.br\/educacaoempauta\/pedagogico\/por-que-estimular-a-pesquisa-cientifica-desde-a-infancia\/#breadcrumb\"},\"inLanguage\":\"pt-BR\",\"potentialAction\":[{\"@type\":\"ReadAction\",\"target\":[\"https:\/\/sinepe-rs.org.br\/educacaoempauta\/pedagogico\/por-que-estimular-a-pesquisa-cientifica-desde-a-infancia\/\"]}]},{\"@type\":\"ImageObject\",\"inLanguage\":\"pt-BR\",\"@id\":\"https:\/\/sinepe-rs.org.br\/educacaoempauta\/pedagogico\/por-que-estimular-a-pesquisa-cientifica-desde-a-infancia\/#primaryimage\",\"url\":\"https:\/\/sinepe-rs.org.br\/educacaoempauta\/wp-content\/uploads\/2023\/07\/252_Educacao_Em_Pauta_SinepeRS_Dia_da_Ciencia_e_do_Pesquisador.jpg\",\"contentUrl\":\"https:\/\/sinepe-rs.org.br\/educacaoempauta\/wp-content\/uploads\/2023\/07\/252_Educacao_Em_Pauta_SinepeRS_Dia_da_Ciencia_e_do_Pesquisador.jpg\",\"width\":1366,\"height\":450,\"caption\":\"Por que estimular a pesquisa cient\u00edfica desde a inf\u00e2ncia?\"},{\"@type\":\"BreadcrumbList\",\"@id\":\"https:\/\/sinepe-rs.org.br\/educacaoempauta\/pedagogico\/por-que-estimular-a-pesquisa-cientifica-desde-a-infancia\/#breadcrumb\",\"itemListElement\":[{\"@type\":\"ListItem\",\"position\":1,\"name\":\"Home\",\"item\":\"https:\/\/sinepe-rs.org.br\/educacaoempauta\/\"},{\"@type\":\"ListItem\",\"position\":2,\"name\":\"Por que estimular a pesquisa cient\u00edfica desde a inf\u00e2ncia?\"}]},{\"@type\":\"WebSite\",\"@id\":\"https:\/\/sinepe-rs.org.br\/educacaoempauta\/#website\",\"url\":\"https:\/\/sinepe-rs.org.br\/educacaoempauta\/\",\"name\":\"Educa\u00e7\u00e3o em Pauta: Portal de reportagens de Educa\u00e7\u00e3o\",\"description\":\"Sinepe-RS\",\"potentialAction\":[{\"@type\":\"SearchAction\",\"target\":{\"@type\":\"EntryPoint\",\"urlTemplate\":\"https:\/\/sinepe-rs.org.br\/educacaoempauta\/?s={search_term_string}\"},\"query-input\":{\"@type\":\"PropertyValueSpecification\",\"valueRequired\":true,\"valueName\":\"search_term_string\"}}],\"inLanguage\":\"pt-BR\"},{\"@type\":\"Person\",\"@id\":\"https:\/\/sinepe-rs.org.br\/educacaoempauta\/#\/schema\/person\/c542073558983d5792101d1b5240d841\",\"name\":\"Alexandra Zanela\",\"image\":{\"@type\":\"ImageObject\",\"inLanguage\":\"pt-BR\",\"@id\":\"https:\/\/sinepe-rs.org.br\/educacaoempauta\/#\/schema\/person\/image\/\",\"url\":\"https:\/\/secure.gravatar.com\/avatar\/aab8da397152551fad5132b4b20cb891945e7bc931de8d0d72495261a983a371?s=96&d=mm&r=g\",\"contentUrl\":\"https:\/\/secure.gravatar.com\/avatar\/aab8da397152551fad5132b4b20cb891945e7bc931de8d0d72495261a983a371?s=96&d=mm&r=g\",\"caption\":\"Alexandra Zanela\"},\"url\":\"https:\/\/sinepe-rs.org.br\/educacaoempauta\/author\/alexandra\/\"}]}<\/script>\n<!-- \/ Yoast SEO plugin. -->","yoast_head_json":{"title":"Por que estimular a pesquisa cient\u00edfica desde a inf\u00e2ncia?","description":"Especialistas comentam iniciativas para que a ci\u00eancia e a pesquisa estejam mais presentes na Educa\u00e7\u00e3o B\u00e1sica","robots":{"index":"index","follow":"follow","max-snippet":"max-snippet:-1","max-image-preview":"max-image-preview:large","max-video-preview":"max-video-preview:-1"},"canonical":"https:\/\/sinepe-rs.org.br\/educacaoempauta\/pedagogico\/por-que-estimular-a-pesquisa-cientifica-desde-a-infancia\/","og_locale":"pt_BR","og_type":"article","og_title":"Por que estimular a pesquisa cient\u00edfica desde a inf\u00e2ncia?","og_description":"Especialistas comentam iniciativas para que a ci\u00eancia e a pesquisa estejam mais presentes na Educa\u00e7\u00e3o B\u00e1sica","og_url":"https:\/\/sinepe-rs.org.br\/educacaoempauta\/pedagogico\/por-que-estimular-a-pesquisa-cientifica-desde-a-infancia\/","og_site_name":"Educa\u00e7\u00e3o em Pauta: Portal de reportagens de Educa\u00e7\u00e3o","article_published_time":"2023-07-07T18:06:53+00:00","article_modified_time":"2023-07-17T12:53:22+00:00","og_image":[{"width":1366,"height":450,"url":"https:\/\/sinepe-rs.org.br\/educacaoempauta\/wp-content\/uploads\/2023\/07\/252_Educacao_Em_Pauta_SinepeRS_Dia_da_Ciencia_e_do_Pesquisador.jpg","type":"image\/jpeg"}],"author":"Alexandra Zanela","twitter_card":"summary_large_image","twitter_misc":{"Escrito por":"Alexandra Zanela","Est. tempo de leitura":"7 minutos"},"schema":{"@context":"https:\/\/schema.org","@graph":[{"@type":"WebPage","@id":"https:\/\/sinepe-rs.org.br\/educacaoempauta\/pedagogico\/por-que-estimular-a-pesquisa-cientifica-desde-a-infancia\/","url":"https:\/\/sinepe-rs.org.br\/educacaoempauta\/pedagogico\/por-que-estimular-a-pesquisa-cientifica-desde-a-infancia\/","name":"Por que estimular a pesquisa cient\u00edfica desde a inf\u00e2ncia?","isPartOf":{"@id":"https:\/\/sinepe-rs.org.br\/educacaoempauta\/#website"},"primaryImageOfPage":{"@id":"https:\/\/sinepe-rs.org.br\/educacaoempauta\/pedagogico\/por-que-estimular-a-pesquisa-cientifica-desde-a-infancia\/#primaryimage"},"image":{"@id":"https:\/\/sinepe-rs.org.br\/educacaoempauta\/pedagogico\/por-que-estimular-a-pesquisa-cientifica-desde-a-infancia\/#primaryimage"},"thumbnailUrl":"https:\/\/sinepe-rs.org.br\/educacaoempauta\/wp-content\/uploads\/2023\/07\/252_Educacao_Em_Pauta_SinepeRS_Dia_da_Ciencia_e_do_Pesquisador.jpg","datePublished":"2023-07-07T18:06:53+00:00","dateModified":"2023-07-17T12:53:22+00:00","author":{"@id":"https:\/\/sinepe-rs.org.br\/educacaoempauta\/#\/schema\/person\/c542073558983d5792101d1b5240d841"},"description":"Especialistas comentam iniciativas para que a ci\u00eancia e a pesquisa estejam mais presentes na Educa\u00e7\u00e3o B\u00e1sica","breadcrumb":{"@id":"https:\/\/sinepe-rs.org.br\/educacaoempauta\/pedagogico\/por-que-estimular-a-pesquisa-cientifica-desde-a-infancia\/#breadcrumb"},"inLanguage":"pt-BR","potentialAction":[{"@type":"ReadAction","target":["https:\/\/sinepe-rs.org.br\/educacaoempauta\/pedagogico\/por-que-estimular-a-pesquisa-cientifica-desde-a-infancia\/"]}]},{"@type":"ImageObject","inLanguage":"pt-BR","@id":"https:\/\/sinepe-rs.org.br\/educacaoempauta\/pedagogico\/por-que-estimular-a-pesquisa-cientifica-desde-a-infancia\/#primaryimage","url":"https:\/\/sinepe-rs.org.br\/educacaoempauta\/wp-content\/uploads\/2023\/07\/252_Educacao_Em_Pauta_SinepeRS_Dia_da_Ciencia_e_do_Pesquisador.jpg","contentUrl":"https:\/\/sinepe-rs.org.br\/educacaoempauta\/wp-content\/uploads\/2023\/07\/252_Educacao_Em_Pauta_SinepeRS_Dia_da_Ciencia_e_do_Pesquisador.jpg","width":1366,"height":450,"caption":"Por que estimular a pesquisa cient\u00edfica desde a inf\u00e2ncia?"},{"@type":"BreadcrumbList","@id":"https:\/\/sinepe-rs.org.br\/educacaoempauta\/pedagogico\/por-que-estimular-a-pesquisa-cientifica-desde-a-infancia\/#breadcrumb","itemListElement":[{"@type":"ListItem","position":1,"name":"Home","item":"https:\/\/sinepe-rs.org.br\/educacaoempauta\/"},{"@type":"ListItem","position":2,"name":"Por que estimular a pesquisa cient\u00edfica desde a inf\u00e2ncia?"}]},{"@type":"WebSite","@id":"https:\/\/sinepe-rs.org.br\/educacaoempauta\/#website","url":"https:\/\/sinepe-rs.org.br\/educacaoempauta\/","name":"Educa\u00e7\u00e3o em Pauta: Portal de reportagens de Educa\u00e7\u00e3o","description":"Sinepe-RS","potentialAction":[{"@type":"SearchAction","target":{"@type":"EntryPoint","urlTemplate":"https:\/\/sinepe-rs.org.br\/educacaoempauta\/?s={search_term_string}"},"query-input":{"@type":"PropertyValueSpecification","valueRequired":true,"valueName":"search_term_string"}}],"inLanguage":"pt-BR"},{"@type":"Person","@id":"https:\/\/sinepe-rs.org.br\/educacaoempauta\/#\/schema\/person\/c542073558983d5792101d1b5240d841","name":"Alexandra Zanela","image":{"@type":"ImageObject","inLanguage":"pt-BR","@id":"https:\/\/sinepe-rs.org.br\/educacaoempauta\/#\/schema\/person\/image\/","url":"https:\/\/secure.gravatar.com\/avatar\/aab8da397152551fad5132b4b20cb891945e7bc931de8d0d72495261a983a371?s=96&d=mm&r=g","contentUrl":"https:\/\/secure.gravatar.com\/avatar\/aab8da397152551fad5132b4b20cb891945e7bc931de8d0d72495261a983a371?s=96&d=mm&r=g","caption":"Alexandra Zanela"},"url":"https:\/\/sinepe-rs.org.br\/educacaoempauta\/author\/alexandra\/"}]}},"_links":{"self":[{"href":"https:\/\/sinepe-rs.org.br\/educacaoempauta\/wp-json\/wp\/v2\/posts\/3526","targetHints":{"allow":["GET"]}}],"collection":[{"href":"https:\/\/sinepe-rs.org.br\/educacaoempauta\/wp-json\/wp\/v2\/posts"}],"about":[{"href":"https:\/\/sinepe-rs.org.br\/educacaoempauta\/wp-json\/wp\/v2\/types\/post"}],"author":[{"embeddable":true,"href":"https:\/\/sinepe-rs.org.br\/educacaoempauta\/wp-json\/wp\/v2\/users\/3"}],"replies":[{"embeddable":true,"href":"https:\/\/sinepe-rs.org.br\/educacaoempauta\/wp-json\/wp\/v2\/comments?post=3526"}],"version-history":[{"count":8,"href":"https:\/\/sinepe-rs.org.br\/educacaoempauta\/wp-json\/wp\/v2\/posts\/3526\/revisions"}],"predecessor-version":[{"id":3572,"href":"https:\/\/sinepe-rs.org.br\/educacaoempauta\/wp-json\/wp\/v2\/posts\/3526\/revisions\/3572"}],"wp:featuredmedia":[{"embeddable":true,"href":"https:\/\/sinepe-rs.org.br\/educacaoempauta\/wp-json\/wp\/v2\/media\/3528"}],"wp:attachment":[{"href":"https:\/\/sinepe-rs.org.br\/educacaoempauta\/wp-json\/wp\/v2\/media?parent=3526"}],"wp:term":[{"taxonomy":"category","embeddable":true,"href":"https:\/\/sinepe-rs.org.br\/educacaoempauta\/wp-json\/wp\/v2\/categories?post=3526"},{"taxonomy":"post_tag","embeddable":true,"href":"https:\/\/sinepe-rs.org.br\/educacaoempauta\/wp-json\/wp\/v2\/tags?post=3526"}],"curies":[{"name":"wp","href":"https:\/\/api.w.org\/{rel}","templated":true}]}}