{"id":3960,"date":"2023-10-04T07:01:00","date_gmt":"2023-10-04T10:01:00","guid":{"rendered":"https:\/\/sinepe-rs.org.br\/educacaoempauta\/?p=3960"},"modified":"2023-10-09T09:34:00","modified_gmt":"2023-10-09T12:34:00","slug":"escolas-criam-formas-criativas-para-estimular-a-aprendizagem","status":"publish","type":"post","link":"https:\/\/sinepe-rs.org.br\/educacaoempauta\/inspire-se\/escolas-criam-formas-criativas-para-estimular-a-aprendizagem\/","title":{"rendered":"Escolas criam formas criativas para estimular a aprendizagem"},"content":{"rendered":"\n<p>As atividades escolares sempre necessitam de alguma inova\u00e7\u00e3o e de um diferencial. <mark style=\"background-color:#ff6900\" class=\"has-inline-color\">Fidelizar ou conquistar alunos e, principalmente, garantir a excel\u00eancia na aprendizagem, \u00e9 algo que sempre est\u00e1 no radar de uma gest\u00e3o escolar. Para isso, \u00e9 preciso usar a criatividade e implantar projetos diferenciados.<\/mark>&nbsp;<\/p>\n\n\n\n<p>Pensando nisso, a reportagem do Educa\u00e7\u00e3o em Pauta selecionou alguns projetos de col\u00e9gios que escutaram as solicita\u00e7\u00f5es da comunidade escolar e conseguiram traduzir em a\u00e7\u00f5es.&nbsp;<\/p>\n\n\n\n<p><mark style=\"background-color:#fcb900\" class=\"has-inline-color\"><strong>Leia tamb\u00e9m:<\/strong><br><strong><a href=\"https:\/\/sinepe-rs.org.br\/educacaoempauta\/tendencias\/como-desenvolver-a-criatividade-entre-alunos-e-professores\/\" target=\"_blank\" rel=\"noreferrer noopener\">>> Como desenvolver a criatividade entre alunos e professores<\/a><\/strong><br><a href=\"https:\/\/sinepe-rs.org.br\/educacaoempauta\/inspire-se\/rede-brasileira-de-aprendizagem-criativa-integra-programa-lancado-no-forum-economico-mundial\/\" target=\"_blank\" rel=\"noreferrer noopener\"><strong>>> Rede busca ajudar professores a desenvolver a criatividade em sala de aula<\/strong><\/a><br><a href=\"https:\/\/sinepe-rs.org.br\/educacaoempauta\/gestao\/estrategias-para-engajamento-dos-professores-no-uso-de-metodologias-ativas\/\" target=\"_blank\" rel=\"noreferrer noopener\"><strong>>> Estrat\u00e9gias para engajamento dos professores no uso de metodologias ativas<\/strong><\/a><\/mark><\/p>\n\n\n\n<p><strong>Aprender por m\u00fasica&nbsp;<\/strong><\/p>\n\n\n\n<p>Em Teut\u00f4nia, uma institui\u00e7\u00e3o de ensino utiliza a m\u00fasica para educar. Fundado em 1998, o Conjunto Instrumental do <a href=\"https:\/\/www.colegioteutonia.com.br\/\" target=\"_blank\" rel=\"noreferrer noopener\">Col\u00e9gio Teut\u00f4nia<\/a> contou com o envolvimento de mais de 300 alunos. Em m\u00e9dia, s\u00e3o 25 apresenta\u00e7\u00f5es por ano.<\/p>\n\n\n\n<p>O grupo possui uma proje\u00e7\u00e3o internacional. J\u00e1 realizou quatro edi\u00e7\u00f5es de concertos fora do Brasil. Os jovens tiveram a oportunidade de se apresentar em pa\u00edses europeus, como It\u00e1lia, Holanda, \u00c1ustria, Fran\u00e7a e Su\u00ed\u00e7a. Neste ano estiveram em uma turn\u00ea na Alemanha, na Rep\u00fablica Tcheca, no Reino Unido e na B\u00e9lgica.<\/p>\n\n\n\n<p>Al\u00e9m disso, a institui\u00e7\u00e3o de ensino \u00e9 anfitri\u00e3 do <a href=\"http:\/\/www.festivaldemusicadeteutonia.com.br\" target=\"_blank\" rel=\"noreferrer noopener\">Festival de M\u00fasica de Teut\u00f4nia<\/a>. Esta \u00e9 uma oportunidade para m\u00fasicos e estudantes de m\u00fasica de v\u00e1rias cidades do Estado se aperfei\u00e7oarem por meio de cursos dos mais diversos instrumentos.<\/p>\n\n\n\n<p>Conforme explica o maestro do col\u00e9gio, Lucas Eduardo Grave, a escolha do instrumento parte do aluno, com aux\u00edlio da fam\u00edlia. Atualmente, as oficinas de m\u00fasica contam com aulas de flauta, flauta transversal, soprano, clarinete, saxofone alto, saxofone tenor, trompete, teclado, violino, violoncelo, viol\u00e3o, guitarra, baixo el\u00e9trico e bateria.&nbsp;<\/p>\n\n\n\n<p>Para os estudantes ingressarem no conjunto, as indica\u00e7\u00f5es ficam a cargo dos professores de m\u00fasica. \u201cTudo vai depender como est\u00e1 a atua\u00e7\u00e3o na aula de instrumento musical\u201d, frisa o maestro.<\/p>\n\n\n\n<p>O coordenador das atividades extraclasse do Projeto de M\u00fasica do col\u00e9gio, Harry Baukat, que tamb\u00e9m \u00e9 professor de violino, leciona para crian\u00e7as a partir dos 4 anos de idade. Ele destaca que os alunos, durante os anos na escola, t\u00eam aulas individuais de todos os instrumentos e, quando ingressam ao conjunto, possuem uma leitura musical apurada.<\/p>\n\n\n\n<p>Este projeto da institui\u00e7\u00e3o de ensino adv\u00e9m de uma forte liga\u00e7\u00e3o do munic\u00edpio com a m\u00fasica. \u201c\u00c9 um desejo das fam\u00edlias e dos estudantes que a m\u00fasica seja valorizada e que tenha espa\u00e7o dentro do col\u00e9gio\u201d, informa Grave.<\/p>\n\n\n\n<p>Para o diretor do Col\u00e9gio, Mauro Alberto N\u00fcske, a m\u00fasica tem contribu\u00eddo para a forma\u00e7\u00e3o dos estudantes enquanto cidad\u00e3os e no processo de aprendizagem. Al\u00e9m disso, auxilia na concentra\u00e7\u00e3o, na socializa\u00e7\u00e3o e no envolvimento com a responsabilidade, isso pelo fato de participarem das turn\u00eas. \u201cPoderiam estar dentro dos celulares, utilizando a cabe\u00e7a para v\u00e1rias outras coisas. N\u00e3o temos d\u00favida que o nosso papel enquanto institui\u00e7\u00e3o a gente tem feito de forma bem efetiva\u201d, frisa.<\/p>\n\n\n\n<figure class=\"wp-block-embed is-type-video is-provider-youtube wp-block-embed-youtube wp-embed-aspect-16-9 wp-has-aspect-ratio\"><div class=\"wp-block-embed__wrapper\">\n<iframe loading=\"lazy\" title=\"Tour Europa - Conjunto Instrumental do Col\u00e9gio Teut\u00f4nia\" width=\"500\" height=\"281\" src=\"https:\/\/www.youtube.com\/embed\/videoseries?list=PLPW0SONktDaDDgC178vLpUzYKTuJY7afV\" frameborder=\"0\" allow=\"accelerometer; autoplay; clipboard-write; encrypted-media; gyroscope; picture-in-picture; web-share\" referrerpolicy=\"strict-origin-when-cross-origin\" allowfullscreen><\/iframe>\n<\/div><figcaption class=\"wp-element-caption\">Apresenta\u00e7\u00e3o na cidade de Bad Gandersheim, na Alemanha<\/figcaption><\/figure>\n\n\n\n<p><strong>Express\u00e3o do corpo<\/strong><\/p>\n\n\n\n<p>Ap\u00f3s dois anos de isolamento social devido \u00e0 pandemia do Covid-19, no retorno dos seus alunos, a coordena\u00e7\u00e3o <a href=\"https:\/\/sinodalibiruba.com.br\/pt_BR\" target=\"_blank\" rel=\"noreferrer noopener\">Col\u00e9gio Sinodal Ibirub\u00e1<\/a> percebeu a necessidade de explorar a express\u00e3o corporal, algo importante para o desenvolvimento da sa\u00fade mental e para o exerc\u00edcio de qualquer profiss\u00e3o. Desta forma, neste ano, iniciou a Oficina de Comunica\u00e7\u00e3o e Express\u00e3o Corporal, que \u00e9 oferecida, de forma gratuita, aos estudantes do Ensino Fundamental, sendo organizada em grupos de acordo com a faixa et\u00e1ria.<\/p>\n\n\n\n<p>Por meio do programa socioemocional do col\u00e9gio, intitulado L\u00edder em Mim, foi percebido a necessidade de trabalhar a comunica\u00e7\u00e3o positiva em todos os ambientes da escola, principalmente na resolu\u00e7\u00e3o de conflitos. \u201cAl\u00e9m disso, diante de uma sociedade tecnol\u00f3gica e individualista, trabalhar a express\u00e3o corporal favorece a comunica\u00e7\u00e3o efetiva, o estabelecimento da empatia e da conex\u00e3o, a autoconfian\u00e7a e a autoestima\u201d, complementa a coordenadora pedag\u00f3gica do Col\u00e9gio, Vanessa Wottrich.<\/p>\n\n\n\n<p>Ao todo, s\u00e3o 60 crian\u00e7as e adolescentes que desfrutam dessa atividade. Vanessa destaca que os alunos est\u00e3o sempre motivados a participar e gostam das din\u00e2micas e das metodologias aplicadas na oficina. \u201cAs fam\u00edlias j\u00e1 perceberam a melhora na desenvoltura, desinibi\u00e7\u00e3o e, consequentemente, na comunica\u00e7\u00e3o\u201d, relata.<\/p>\n\n\n\n<p>Ela comenta que os estudantes do turno da manh\u00e3 escreveram uma pe\u00e7a de teatro a partir dos conhecimentos adquiridos na oficina. J\u00e1 os alunos dos anos iniciais participar\u00e3o de um teatro com dan\u00e7as. \u201cEstamos nos organizando para fazer a primeira apresenta\u00e7\u00e3o do grupo todo no m\u00eas de outubro\u201d, acrescenta.<\/p>\n\n\n\n<p>&gt;&gt; <em><strong>Veja o v\u00eddeo com a professora Roberta Marione, respons\u00e1vel pela Oficina de Comunica\u00e7\u00e3o e Express\u00e3o Corporal:<\/strong><\/em><\/p>\n\n\n\n<blockquote class=\"instagram-media\" data-instgrm-captioned data-instgrm-permalink=\"https:\/\/www.instagram.com\/reel\/CwgGDarJhAY\/?utm_source=ig_embed&amp;utm_campaign=loading\" data-instgrm-version=\"14\" style=\" background:#FFF; border:0; border-radius:3px; box-shadow:0 0 1px 0 rgba(0,0,0,0.5),0 1px 10px 0 rgba(0,0,0,0.15); margin: 1px; max-width:540px; min-width:326px; padding:0; width:99.375%; width:-webkit-calc(100% - 2px); width:calc(100% - 2px);\"><div style=\"padding:16px;\"> <a href=\"https:\/\/www.instagram.com\/reel\/CwgGDarJhAY\/?utm_source=ig_embed&amp;utm_campaign=loading\" style=\" background:#FFFFFF; line-height:0; padding:0 0; text-align:center; text-decoration:none; width:100%;\" target=\"_blank\" rel=\"noopener\"> <div style=\" display: flex; flex-direction: row; align-items: center;\"> <div style=\"background-color: #F4F4F4; border-radius: 50%; flex-grow: 0; height: 40px; margin-right: 14px; width: 40px;\"><\/div> <div style=\"display: flex; flex-direction: column; flex-grow: 1; justify-content: center;\"> <div style=\" background-color: #F4F4F4; border-radius: 4px; flex-grow: 0; height: 14px; margin-bottom: 6px; width: 100px;\"><\/div> <div style=\" background-color: #F4F4F4; border-radius: 4px; flex-grow: 0; height: 14px; width: 60px;\"><\/div><\/div><\/div><div style=\"padding: 19% 0;\"><\/div> <div style=\"display:block; height:50px; margin:0 auto 12px; width:50px;\"><svg width=\"50px\" height=\"50px\" viewBox=\"0 0 60 60\" version=\"1.1\" xmlns=\"https:\/\/www.w3.org\/2000\/svg\" xmlns:xlink=\"https:\/\/www.w3.org\/1999\/xlink\"><g stroke=\"none\" stroke-width=\"1\" fill=\"none\" fill-rule=\"evenodd\"><g transform=\"translate(-511.000000, -20.000000)\" fill=\"#000000\"><g><path d=\"M556.869,30.41 C554.814,30.41 553.148,32.076 553.148,34.131 C553.148,36.186 554.814,37.852 556.869,37.852 C558.924,37.852 560.59,36.186 560.59,34.131 C560.59,32.076 558.924,30.41 556.869,30.41 M541,60.657 C535.114,60.657 530.342,55.887 530.342,50 C530.342,44.114 535.114,39.342 541,39.342 C546.887,39.342 551.658,44.114 551.658,50 C551.658,55.887 546.887,60.657 541,60.657 M541,33.886 C532.1,33.886 524.886,41.1 524.886,50 C524.886,58.899 532.1,66.113 541,66.113 C549.9,66.113 557.115,58.899 557.115,50 C557.115,41.1 549.9,33.886 541,33.886 M565.378,62.101 C565.244,65.022 564.756,66.606 564.346,67.663 C563.803,69.06 563.154,70.057 562.106,71.106 C561.058,72.155 560.06,72.803 558.662,73.347 C557.607,73.757 556.021,74.244 553.102,74.378 C549.944,74.521 548.997,74.552 541,74.552 C533.003,74.552 532.056,74.521 528.898,74.378 C525.979,74.244 524.393,73.757 523.338,73.347 C521.94,72.803 520.942,72.155 519.894,71.106 C518.846,70.057 518.197,69.06 517.654,67.663 C517.244,66.606 516.755,65.022 516.623,62.101 C516.479,58.943 516.448,57.996 516.448,50 C516.448,42.003 516.479,41.056 516.623,37.899 C516.755,34.978 517.244,33.391 517.654,32.338 C518.197,30.938 518.846,29.942 519.894,28.894 C520.942,27.846 521.94,27.196 523.338,26.654 C524.393,26.244 525.979,25.756 528.898,25.623 C532.057,25.479 533.004,25.448 541,25.448 C548.997,25.448 549.943,25.479 553.102,25.623 C556.021,25.756 557.607,26.244 558.662,26.654 C560.06,27.196 561.058,27.846 562.106,28.894 C563.154,29.942 563.803,30.938 564.346,32.338 C564.756,33.391 565.244,34.978 565.378,37.899 C565.522,41.056 565.552,42.003 565.552,50 C565.552,57.996 565.522,58.943 565.378,62.101 M570.82,37.631 C570.674,34.438 570.167,32.258 569.425,30.349 C568.659,28.377 567.633,26.702 565.965,25.035 C564.297,23.368 562.623,22.342 560.652,21.575 C558.743,20.834 556.562,20.326 553.369,20.18 C550.169,20.033 549.148,20 541,20 C532.853,20 531.831,20.033 528.631,20.18 C525.438,20.326 523.257,20.834 521.349,21.575 C519.376,22.342 517.703,23.368 516.035,25.035 C514.368,26.702 513.342,28.377 512.574,30.349 C511.834,32.258 511.326,34.438 511.181,37.631 C511.035,40.831 511,41.851 511,50 C511,58.147 511.035,59.17 511.181,62.369 C511.326,65.562 511.834,67.743 512.574,69.651 C513.342,71.625 514.368,73.296 516.035,74.965 C517.703,76.634 519.376,77.658 521.349,78.425 C523.257,79.167 525.438,79.673 528.631,79.82 C531.831,79.965 532.853,80.001 541,80.001 C549.148,80.001 550.169,79.965 553.369,79.82 C556.562,79.673 558.743,79.167 560.652,78.425 C562.623,77.658 564.297,76.634 565.965,74.965 C567.633,73.296 568.659,71.625 569.425,69.651 C570.167,67.743 570.674,65.562 570.82,62.369 C570.966,59.17 571,58.147 571,50 C571,41.851 570.966,40.831 570.82,37.631\"><\/path><\/g><\/g><\/g><\/svg><\/div><div style=\"padding-top: 8px;\"> <div style=\" color:#3897f0; font-family:Arial,sans-serif; font-size:14px; font-style:normal; font-weight:550; line-height:18px;\">Ver essa foto no Instagram<\/div><\/div><div style=\"padding: 12.5% 0;\"><\/div> <div style=\"display: flex; flex-direction: row; margin-bottom: 14px; align-items: center;\"><div> <div style=\"background-color: #F4F4F4; border-radius: 50%; height: 12.5px; width: 12.5px; transform: translateX(0px) translateY(7px);\"><\/div> <div style=\"background-color: #F4F4F4; height: 12.5px; transform: rotate(-45deg) translateX(3px) translateY(1px); width: 12.5px; flex-grow: 0; margin-right: 14px; margin-left: 2px;\"><\/div> <div style=\"background-color: #F4F4F4; border-radius: 50%; height: 12.5px; width: 12.5px; transform: translateX(9px) translateY(-18px);\"><\/div><\/div><div style=\"margin-left: 8px;\"> <div style=\" background-color: #F4F4F4; border-radius: 50%; flex-grow: 0; height: 20px; width: 20px;\"><\/div> <div style=\" width: 0; height: 0; border-top: 2px solid transparent; border-left: 6px solid #f4f4f4; border-bottom: 2px solid transparent; transform: translateX(16px) translateY(-4px) rotate(30deg)\"><\/div><\/div><div style=\"margin-left: auto;\"> <div style=\" width: 0px; border-top: 8px solid #F4F4F4; border-right: 8px solid transparent; transform: translateY(16px);\"><\/div> <div style=\" background-color: #F4F4F4; flex-grow: 0; height: 12px; width: 16px; transform: translateY(-4px);\"><\/div> <div style=\" width: 0; height: 0; border-top: 8px solid #F4F4F4; border-left: 8px solid transparent; transform: translateY(-4px) translateX(8px);\"><\/div><\/div><\/div> <div style=\"display: flex; flex-direction: column; flex-grow: 1; justify-content: center; margin-bottom: 24px;\"> <div style=\" background-color: #F4F4F4; border-radius: 4px; flex-grow: 0; height: 14px; margin-bottom: 6px; width: 224px;\"><\/div> <div style=\" background-color: #F4F4F4; border-radius: 4px; flex-grow: 0; height: 14px; width: 144px;\"><\/div><\/div><\/a><p style=\" color:#c9c8cd; font-family:Arial,sans-serif; font-size:14px; line-height:17px; margin-bottom:0; margin-top:8px; overflow:hidden; padding:8px 0 7px; text-align:center; text-overflow:ellipsis; white-space:nowrap;\"><a href=\"https:\/\/www.instagram.com\/reel\/CwgGDarJhAY\/?utm_source=ig_embed&amp;utm_campaign=loading\" style=\" color:#c9c8cd; font-family:Arial,sans-serif; font-size:14px; font-style:normal; font-weight:normal; line-height:17px; text-decoration:none;\" target=\"_blank\" rel=\"noopener\">Uma publica\u00e7\u00e3o compartilhada por Col\u00e9gio Sinodal Ibirub\u00e1 (@colegiosinodalibiruba)<\/a><\/p><\/div><\/blockquote> <script async src=\"\/\/www.instagram.com\/embed.js\"><\/script>\n\n\n\n<p>Para 2024, o audit\u00f3rio do Sinodal Ibirub\u00e1 estar\u00e1 conclu\u00eddo, o que facilitar\u00e1 ainda mais o desenvolvimento das atividades da oficina e os encontros entre fam\u00edlia e escola para o compartilhamento dessas atividades. \u201cO projeto \u00e9 novo e desafiador. Acreditamos que \u00e9 uma excelente ferramenta para a crian\u00e7a e para o adolescente se desenvolverem em sua totalidade, aprendendo a lidar com os seus sentimentos e com os dos outros. Podem descobrir o seu papel no mundo\u201d, conclui.<\/p>\n\n\n\n<p><strong>Acolher na primeira inf\u00e2ncia<\/strong><\/p>\n\n\n\n<p>Em Lajeado, a educa\u00e7\u00e3o na primeira inf\u00e2ncia tem um cuidado especial. No <a href=\"https:\/\/www.redeicm.org.br\/madrebarbara\/\" target=\"_blank\" rel=\"noreferrer noopener\">Col\u00e9gio Madre B\u00e1rbara<\/a>, desde a sua origem, crian\u00e7as a partir dos 4 anos de idade s\u00e3o atendidas. Ap\u00f3s uma solicita\u00e7\u00e3o da comunidade para acolher crian\u00e7as de zero a 3 anos, teve in\u00edcio o projeto de implanta\u00e7\u00e3o da Educa\u00e7\u00e3o Infantil desde o ber\u00e7\u00e1rio, em 2015. \u201cFoi bastante inovador, come\u00e7amos com 27 crian\u00e7as e, atualmente, estamos com 358\u201d, ressalta a coordenadora pedag\u00f3gica do Col\u00e9gio, Vanessa Delwing Ely.<\/p>\n\n\n\n<p>Os atendimentos s\u00e3o realizados em hor\u00e1rios flex\u00edveis. Existe o turno da manh\u00e3, da tarde e o integral, de acordo com a necessidade da fam\u00edlia. J\u00e1 as turmas s\u00e3o divididas em idades. Conforme relata Vanessa, os grupos s\u00e3o bastante unidos, homog\u00eaneos de idade, mas heterog\u00eaneos em rela\u00e7\u00e3o ao desenvolvimento.&nbsp;<\/p>\n\n\n\n<p>Ao todo s\u00e3o 66 professoras e monitoras na escola que trabalham de forma conjunta. \u201cPrezamos muito pelo conhecimento do desenvolvimento infantil. \u00c9 uma responsabilidade muito grande estar com essas crian\u00e7as. As professoras acabam se aperfei\u00e7oando muito para cada faixa et\u00e1ria\u201d, refor\u00e7a.<\/p>\n\n\n\n<figure class=\"wp-block-image\"><img loading=\"lazy\" decoding=\"async\" width=\"1600\" height=\"1202\" src=\"https:\/\/sinepe-rs.org.br\/educacaoempauta\/wp-content\/uploads\/2023\/10\/image-1.jpeg\" alt=\"\" class=\"wp-image-3965\" srcset=\"https:\/\/sinepe-rs.org.br\/educacaoempauta\/wp-content\/uploads\/2023\/10\/image-1.jpeg 1600w, https:\/\/sinepe-rs.org.br\/educacaoempauta\/wp-content\/uploads\/2023\/10\/image-1-300x225.jpeg 300w, https:\/\/sinepe-rs.org.br\/educacaoempauta\/wp-content\/uploads\/2023\/10\/image-1-1024x769.jpeg 1024w, https:\/\/sinepe-rs.org.br\/educacaoempauta\/wp-content\/uploads\/2023\/10\/image-1-768x577.jpeg 768w, https:\/\/sinepe-rs.org.br\/educacaoempauta\/wp-content\/uploads\/2023\/10\/image-1-1536x1154.jpeg 1536w\" sizes=\"auto, (max-width: 1600px) 100vw, 1600px\" \/><figcaption class=\"wp-element-caption\"><em>Com muitas cores, o pr\u00e9dio foi constru\u00eddo para crian\u00e7as na primeira inf\u00e2ncia&nbsp;<\/em>| <em>Cr\u00e9dito: Renata Leal \/ Divulga\u00e7\u00e3o<\/em><\/figcaption><\/figure>\n\n\n\n<p>Todos os olhos das professoras e monitoras acabam sendo os olhos das fam\u00edlias dentro da escola. \u201cO desenvolvimento que se d\u00e1 \u00e9 na primeira inf\u00e2ncia. Quando adulto, esquecemos do qu\u00e3o complexo foram essas aprendizagens, mas quando se acompanha as crian\u00e7as se percebe o quanto \u00e9 altamente significativo\u201d, reflete.<\/p>\n\n\n\n<p>Em rela\u00e7\u00e3o ao ambiente onde ficam os pequenos, Vanessa comenta que houve um estudo desenvolvido com uma arquiteta para a constru\u00e7\u00e3o do pr\u00e9dio planejado para a primeira inf\u00e2ncia. Al\u00e9m da fundamenta\u00e7\u00e3o pedag\u00f3gica do col\u00e9gio, existe a fundamenta\u00e7\u00e3o arquitet\u00f4nica em que se definem as cores, os m\u00f3veis, os tapetes, entre outros elementos. \u201cPassamos o nosso olhar da pedagogia \u00e0 arquiteta. As salas t\u00eam dormit\u00f3rio anexo, com os bercinhos de cada crian\u00e7a. Trabalhamos com acolhimento, n\u00e3o com a adapta\u00e7\u00e3o\u201d, frisa.<\/p>\n\n\n\n<figure class=\"wp-block-image\"><img loading=\"lazy\" decoding=\"async\" width=\"1600\" height=\"1200\" src=\"https:\/\/sinepe-rs.org.br\/educacaoempauta\/wp-content\/uploads\/2023\/10\/image.jpeg\" alt=\"\" class=\"wp-image-3964\" srcset=\"https:\/\/sinepe-rs.org.br\/educacaoempauta\/wp-content\/uploads\/2023\/10\/image.jpeg 1600w, https:\/\/sinepe-rs.org.br\/educacaoempauta\/wp-content\/uploads\/2023\/10\/image-300x225.jpeg 300w, https:\/\/sinepe-rs.org.br\/educacaoempauta\/wp-content\/uploads\/2023\/10\/image-1024x768.jpeg 1024w, https:\/\/sinepe-rs.org.br\/educacaoempauta\/wp-content\/uploads\/2023\/10\/image-768x576.jpeg 768w, https:\/\/sinepe-rs.org.br\/educacaoempauta\/wp-content\/uploads\/2023\/10\/image-1536x1152.jpeg 1536w\" sizes=\"auto, (max-width: 1600px) 100vw, 1600px\" \/><figcaption class=\"wp-element-caption\"><em>Toda a decora\u00e7\u00e3o das salas teve participa\u00e7\u00e3o da equipe pedag\u00f3gica<\/em> | <em>Cr\u00e9dito: Renata Leal<\/em><\/figcaption><\/figure>\n\n\n\n<p>A coordenadora pedag\u00f3gica do col\u00e9gio destaca que \u00e9 percept\u00edvel a inser\u00e7\u00e3o desses alunos desde beb\u00eas no meio escolar de um modo bem diferente daqueles colegas que ingressam mais tarde. Ela refor\u00e7a que j\u00e1 possuem toda a filosofia de trabalho do col\u00e9gio, entendendo como \u00e9 a pr\u00e1tica pedag\u00f3gica. \u201cS\u00e3o crian\u00e7as que j\u00e1 t\u00eam uma din\u00e2mica muito grande\u201d, pontua.<\/p>\n\n\n\n<p>O projeto proporcionou \u00e0 escola um aumento no n\u00famero de alunos nos anos iniciais ap\u00f3s essa implanta\u00e7\u00e3o na Educa\u00e7\u00e3o Infantil. \u201cEm per\u00edodo de campanha de matr\u00edculas, muitos pais acabam me chamando via WhatsApp ou at\u00e9 nos corredores da escola. Eles pedem para fazer uma reserva de vaga, em alguns casos, quando o filho que ainda vai nascer\u201d, exemplifica Vanessa.<\/p>\n\n\n\n<p>Para o pr\u00f3ximo ano ser\u00e1 inclu\u00eddo o <em>ateli\u00earista na escola<\/em>. O profissional vai desenvolver todo um trabalho relacionado \u00e0s artes, \u00e0 natureza e \u00e0 cria\u00e7\u00e3o. \u201cCada ano a gente busca trazer algumas coisas. Tudo \u00e9 muito estudado em respeito \u00e0 inf\u00e2ncia. Se for algo para o desenvolvimento das crian\u00e7as, vamos implantar\u201d, diz.<\/p>\n","protected":false},"excerpt":{"rendered":"<p>Com resultados pr\u00e1ticos, as iniciativas envolvem arte, cuidados com a primeira inf\u00e2ncia e express\u00e3o corporal<\/p>\n","protected":false},"author":3,"featured_media":3963,"comment_status":"closed","ping_status":"closed","sticky":false,"template":"","format":"standard","meta":{"footnotes":""},"categories":[7],"tags":[160,516,515,514,513,43],"class_list":["post-3960","post","type-post","status-publish","format-standard","has-post-thumbnail","hentry","category-inspire-se","tag-aprendizagem","tag-colegio-madre-barbara","tag-colegio-siinodal-ibiruba","tag-colegio-teutonia","tag-projetos","tag-sinepe-rs-2"],"acf":[],"yoast_head":"<!-- This site is optimized with the Yoast SEO plugin v24.6 - https:\/\/yoast.com\/wordpress\/plugins\/seo\/ -->\n<title>Escolas criam formas criativas para estimular a aprendizagem<\/title>\n<meta name=\"description\" content=\"Com resultados pr\u00e1ticos, as iniciativas envolvem arte, cuidados com a primeira inf\u00e2ncia e express\u00e3o corporal\" \/>\n<meta name=\"robots\" content=\"index, follow, max-snippet:-1, max-image-preview:large, max-video-preview:-1\" \/>\n<link rel=\"canonical\" href=\"https:\/\/sinepe-rs.org.br\/educacaoempauta\/inspire-se\/escolas-criam-formas-criativas-para-estimular-a-aprendizagem\/\" \/>\n<meta property=\"og:locale\" content=\"pt_BR\" \/>\n<meta property=\"og:type\" content=\"article\" \/>\n<meta property=\"og:title\" content=\"Escolas criam formas criativas para estimular a aprendizagem\" \/>\n<meta property=\"og:description\" content=\"Com resultados pr\u00e1ticos, as iniciativas envolvem arte, cuidados com a primeira inf\u00e2ncia e express\u00e3o corporal\" \/>\n<meta property=\"og:url\" content=\"https:\/\/sinepe-rs.org.br\/educacaoempauta\/inspire-se\/escolas-criam-formas-criativas-para-estimular-a-aprendizagem\/\" \/>\n<meta property=\"og:site_name\" content=\"Educa\u00e7\u00e3o em Pauta: Portal de reportagens de Educa\u00e7\u00e3o\" \/>\n<meta property=\"article:published_time\" content=\"2023-10-04T10:01:00+00:00\" \/>\n<meta property=\"article:modified_time\" content=\"2023-10-09T12:34:00+00:00\" \/>\n<meta property=\"og:image\" content=\"https:\/\/sinepe-rs.org.br\/educacaoempauta\/wp-content\/uploads\/2023\/10\/293_SinepeRS_Educacao_Em_Pauta_Projetos_Escolas_Criatividade_Aprendizagem.jpg\" \/>\n\t<meta property=\"og:image:width\" content=\"1366\" \/>\n\t<meta property=\"og:image:height\" content=\"450\" \/>\n\t<meta property=\"og:image:type\" content=\"image\/jpeg\" \/>\n<meta name=\"author\" content=\"Alexandra Zanela\" \/>\n<meta name=\"twitter:card\" content=\"summary_large_image\" \/>\n<meta name=\"twitter:label1\" content=\"Escrito por\" \/>\n\t<meta name=\"twitter:data1\" content=\"Alexandra Zanela\" \/>\n\t<meta name=\"twitter:label2\" content=\"Est. tempo de leitura\" \/>\n\t<meta name=\"twitter:data2\" content=\"8 minutos\" \/>\n<script type=\"application\/ld+json\" class=\"yoast-schema-graph\">{\"@context\":\"https:\/\/schema.org\",\"@graph\":[{\"@type\":\"WebPage\",\"@id\":\"https:\/\/sinepe-rs.org.br\/educacaoempauta\/inspire-se\/escolas-criam-formas-criativas-para-estimular-a-aprendizagem\/\",\"url\":\"https:\/\/sinepe-rs.org.br\/educacaoempauta\/inspire-se\/escolas-criam-formas-criativas-para-estimular-a-aprendizagem\/\",\"name\":\"Escolas criam formas criativas para estimular a aprendizagem\",\"isPartOf\":{\"@id\":\"https:\/\/sinepe-rs.org.br\/educacaoempauta\/#website\"},\"primaryImageOfPage\":{\"@id\":\"https:\/\/sinepe-rs.org.br\/educacaoempauta\/inspire-se\/escolas-criam-formas-criativas-para-estimular-a-aprendizagem\/#primaryimage\"},\"image\":{\"@id\":\"https:\/\/sinepe-rs.org.br\/educacaoempauta\/inspire-se\/escolas-criam-formas-criativas-para-estimular-a-aprendizagem\/#primaryimage\"},\"thumbnailUrl\":\"https:\/\/sinepe-rs.org.br\/educacaoempauta\/wp-content\/uploads\/2023\/10\/293_SinepeRS_Educacao_Em_Pauta_Projetos_Escolas_Criatividade_Aprendizagem.jpg\",\"datePublished\":\"2023-10-04T10:01:00+00:00\",\"dateModified\":\"2023-10-09T12:34:00+00:00\",\"author\":{\"@id\":\"https:\/\/sinepe-rs.org.br\/educacaoempauta\/#\/schema\/person\/c542073558983d5792101d1b5240d841\"},\"description\":\"Com resultados pr\u00e1ticos, as iniciativas envolvem arte, cuidados com a primeira inf\u00e2ncia e express\u00e3o corporal\",\"breadcrumb\":{\"@id\":\"https:\/\/sinepe-rs.org.br\/educacaoempauta\/inspire-se\/escolas-criam-formas-criativas-para-estimular-a-aprendizagem\/#breadcrumb\"},\"inLanguage\":\"pt-BR\",\"potentialAction\":[{\"@type\":\"ReadAction\",\"target\":[\"https:\/\/sinepe-rs.org.br\/educacaoempauta\/inspire-se\/escolas-criam-formas-criativas-para-estimular-a-aprendizagem\/\"]}]},{\"@type\":\"ImageObject\",\"inLanguage\":\"pt-BR\",\"@id\":\"https:\/\/sinepe-rs.org.br\/educacaoempauta\/inspire-se\/escolas-criam-formas-criativas-para-estimular-a-aprendizagem\/#primaryimage\",\"url\":\"https:\/\/sinepe-rs.org.br\/educacaoempauta\/wp-content\/uploads\/2023\/10\/293_SinepeRS_Educacao_Em_Pauta_Projetos_Escolas_Criatividade_Aprendizagem.jpg\",\"contentUrl\":\"https:\/\/sinepe-rs.org.br\/educacaoempauta\/wp-content\/uploads\/2023\/10\/293_SinepeRS_Educacao_Em_Pauta_Projetos_Escolas_Criatividade_Aprendizagem.jpg\",\"width\":1366,\"height\":450,\"caption\":\"Escolas criam formas criativas para estimular a aprendizagem\"},{\"@type\":\"BreadcrumbList\",\"@id\":\"https:\/\/sinepe-rs.org.br\/educacaoempauta\/inspire-se\/escolas-criam-formas-criativas-para-estimular-a-aprendizagem\/#breadcrumb\",\"itemListElement\":[{\"@type\":\"ListItem\",\"position\":1,\"name\":\"Home\",\"item\":\"https:\/\/sinepe-rs.org.br\/educacaoempauta\/\"},{\"@type\":\"ListItem\",\"position\":2,\"name\":\"Escolas criam formas criativas para estimular a aprendizagem\"}]},{\"@type\":\"WebSite\",\"@id\":\"https:\/\/sinepe-rs.org.br\/educacaoempauta\/#website\",\"url\":\"https:\/\/sinepe-rs.org.br\/educacaoempauta\/\",\"name\":\"Educa\u00e7\u00e3o em Pauta: Portal de reportagens de Educa\u00e7\u00e3o\",\"description\":\"Sinepe-RS\",\"potentialAction\":[{\"@type\":\"SearchAction\",\"target\":{\"@type\":\"EntryPoint\",\"urlTemplate\":\"https:\/\/sinepe-rs.org.br\/educacaoempauta\/?s={search_term_string}\"},\"query-input\":{\"@type\":\"PropertyValueSpecification\",\"valueRequired\":true,\"valueName\":\"search_term_string\"}}],\"inLanguage\":\"pt-BR\"},{\"@type\":\"Person\",\"@id\":\"https:\/\/sinepe-rs.org.br\/educacaoempauta\/#\/schema\/person\/c542073558983d5792101d1b5240d841\",\"name\":\"Alexandra Zanela\",\"image\":{\"@type\":\"ImageObject\",\"inLanguage\":\"pt-BR\",\"@id\":\"https:\/\/sinepe-rs.org.br\/educacaoempauta\/#\/schema\/person\/image\/\",\"url\":\"https:\/\/secure.gravatar.com\/avatar\/aab8da397152551fad5132b4b20cb891945e7bc931de8d0d72495261a983a371?s=96&d=mm&r=g\",\"contentUrl\":\"https:\/\/secure.gravatar.com\/avatar\/aab8da397152551fad5132b4b20cb891945e7bc931de8d0d72495261a983a371?s=96&d=mm&r=g\",\"caption\":\"Alexandra Zanela\"},\"url\":\"https:\/\/sinepe-rs.org.br\/educacaoempauta\/author\/alexandra\/\"}]}<\/script>\n<!-- \/ Yoast SEO plugin. -->","yoast_head_json":{"title":"Escolas criam formas criativas para estimular a aprendizagem","description":"Com resultados pr\u00e1ticos, as iniciativas envolvem arte, cuidados com a primeira inf\u00e2ncia e express\u00e3o corporal","robots":{"index":"index","follow":"follow","max-snippet":"max-snippet:-1","max-image-preview":"max-image-preview:large","max-video-preview":"max-video-preview:-1"},"canonical":"https:\/\/sinepe-rs.org.br\/educacaoempauta\/inspire-se\/escolas-criam-formas-criativas-para-estimular-a-aprendizagem\/","og_locale":"pt_BR","og_type":"article","og_title":"Escolas criam formas criativas para estimular a aprendizagem","og_description":"Com resultados pr\u00e1ticos, as iniciativas envolvem arte, cuidados com a primeira inf\u00e2ncia e express\u00e3o corporal","og_url":"https:\/\/sinepe-rs.org.br\/educacaoempauta\/inspire-se\/escolas-criam-formas-criativas-para-estimular-a-aprendizagem\/","og_site_name":"Educa\u00e7\u00e3o em Pauta: Portal de reportagens de Educa\u00e7\u00e3o","article_published_time":"2023-10-04T10:01:00+00:00","article_modified_time":"2023-10-09T12:34:00+00:00","og_image":[{"width":1366,"height":450,"url":"https:\/\/sinepe-rs.org.br\/educacaoempauta\/wp-content\/uploads\/2023\/10\/293_SinepeRS_Educacao_Em_Pauta_Projetos_Escolas_Criatividade_Aprendizagem.jpg","type":"image\/jpeg"}],"author":"Alexandra Zanela","twitter_card":"summary_large_image","twitter_misc":{"Escrito por":"Alexandra Zanela","Est. tempo de leitura":"8 minutos"},"schema":{"@context":"https:\/\/schema.org","@graph":[{"@type":"WebPage","@id":"https:\/\/sinepe-rs.org.br\/educacaoempauta\/inspire-se\/escolas-criam-formas-criativas-para-estimular-a-aprendizagem\/","url":"https:\/\/sinepe-rs.org.br\/educacaoempauta\/inspire-se\/escolas-criam-formas-criativas-para-estimular-a-aprendizagem\/","name":"Escolas criam formas criativas para estimular a aprendizagem","isPartOf":{"@id":"https:\/\/sinepe-rs.org.br\/educacaoempauta\/#website"},"primaryImageOfPage":{"@id":"https:\/\/sinepe-rs.org.br\/educacaoempauta\/inspire-se\/escolas-criam-formas-criativas-para-estimular-a-aprendizagem\/#primaryimage"},"image":{"@id":"https:\/\/sinepe-rs.org.br\/educacaoempauta\/inspire-se\/escolas-criam-formas-criativas-para-estimular-a-aprendizagem\/#primaryimage"},"thumbnailUrl":"https:\/\/sinepe-rs.org.br\/educacaoempauta\/wp-content\/uploads\/2023\/10\/293_SinepeRS_Educacao_Em_Pauta_Projetos_Escolas_Criatividade_Aprendizagem.jpg","datePublished":"2023-10-04T10:01:00+00:00","dateModified":"2023-10-09T12:34:00+00:00","author":{"@id":"https:\/\/sinepe-rs.org.br\/educacaoempauta\/#\/schema\/person\/c542073558983d5792101d1b5240d841"},"description":"Com resultados pr\u00e1ticos, as iniciativas envolvem arte, cuidados com a primeira inf\u00e2ncia e express\u00e3o corporal","breadcrumb":{"@id":"https:\/\/sinepe-rs.org.br\/educacaoempauta\/inspire-se\/escolas-criam-formas-criativas-para-estimular-a-aprendizagem\/#breadcrumb"},"inLanguage":"pt-BR","potentialAction":[{"@type":"ReadAction","target":["https:\/\/sinepe-rs.org.br\/educacaoempauta\/inspire-se\/escolas-criam-formas-criativas-para-estimular-a-aprendizagem\/"]}]},{"@type":"ImageObject","inLanguage":"pt-BR","@id":"https:\/\/sinepe-rs.org.br\/educacaoempauta\/inspire-se\/escolas-criam-formas-criativas-para-estimular-a-aprendizagem\/#primaryimage","url":"https:\/\/sinepe-rs.org.br\/educacaoempauta\/wp-content\/uploads\/2023\/10\/293_SinepeRS_Educacao_Em_Pauta_Projetos_Escolas_Criatividade_Aprendizagem.jpg","contentUrl":"https:\/\/sinepe-rs.org.br\/educacaoempauta\/wp-content\/uploads\/2023\/10\/293_SinepeRS_Educacao_Em_Pauta_Projetos_Escolas_Criatividade_Aprendizagem.jpg","width":1366,"height":450,"caption":"Escolas criam formas criativas para estimular a aprendizagem"},{"@type":"BreadcrumbList","@id":"https:\/\/sinepe-rs.org.br\/educacaoempauta\/inspire-se\/escolas-criam-formas-criativas-para-estimular-a-aprendizagem\/#breadcrumb","itemListElement":[{"@type":"ListItem","position":1,"name":"Home","item":"https:\/\/sinepe-rs.org.br\/educacaoempauta\/"},{"@type":"ListItem","position":2,"name":"Escolas criam formas criativas para estimular a aprendizagem"}]},{"@type":"WebSite","@id":"https:\/\/sinepe-rs.org.br\/educacaoempauta\/#website","url":"https:\/\/sinepe-rs.org.br\/educacaoempauta\/","name":"Educa\u00e7\u00e3o em Pauta: Portal de reportagens de Educa\u00e7\u00e3o","description":"Sinepe-RS","potentialAction":[{"@type":"SearchAction","target":{"@type":"EntryPoint","urlTemplate":"https:\/\/sinepe-rs.org.br\/educacaoempauta\/?s={search_term_string}"},"query-input":{"@type":"PropertyValueSpecification","valueRequired":true,"valueName":"search_term_string"}}],"inLanguage":"pt-BR"},{"@type":"Person","@id":"https:\/\/sinepe-rs.org.br\/educacaoempauta\/#\/schema\/person\/c542073558983d5792101d1b5240d841","name":"Alexandra Zanela","image":{"@type":"ImageObject","inLanguage":"pt-BR","@id":"https:\/\/sinepe-rs.org.br\/educacaoempauta\/#\/schema\/person\/image\/","url":"https:\/\/secure.gravatar.com\/avatar\/aab8da397152551fad5132b4b20cb891945e7bc931de8d0d72495261a983a371?s=96&d=mm&r=g","contentUrl":"https:\/\/secure.gravatar.com\/avatar\/aab8da397152551fad5132b4b20cb891945e7bc931de8d0d72495261a983a371?s=96&d=mm&r=g","caption":"Alexandra Zanela"},"url":"https:\/\/sinepe-rs.org.br\/educacaoempauta\/author\/alexandra\/"}]}},"_links":{"self":[{"href":"https:\/\/sinepe-rs.org.br\/educacaoempauta\/wp-json\/wp\/v2\/posts\/3960","targetHints":{"allow":["GET"]}}],"collection":[{"href":"https:\/\/sinepe-rs.org.br\/educacaoempauta\/wp-json\/wp\/v2\/posts"}],"about":[{"href":"https:\/\/sinepe-rs.org.br\/educacaoempauta\/wp-json\/wp\/v2\/types\/post"}],"author":[{"embeddable":true,"href":"https:\/\/sinepe-rs.org.br\/educacaoempauta\/wp-json\/wp\/v2\/users\/3"}],"replies":[{"embeddable":true,"href":"https:\/\/sinepe-rs.org.br\/educacaoempauta\/wp-json\/wp\/v2\/comments?post=3960"}],"version-history":[{"count":7,"href":"https:\/\/sinepe-rs.org.br\/educacaoempauta\/wp-json\/wp\/v2\/posts\/3960\/revisions"}],"predecessor-version":[{"id":3990,"href":"https:\/\/sinepe-rs.org.br\/educacaoempauta\/wp-json\/wp\/v2\/posts\/3960\/revisions\/3990"}],"wp:featuredmedia":[{"embeddable":true,"href":"https:\/\/sinepe-rs.org.br\/educacaoempauta\/wp-json\/wp\/v2\/media\/3963"}],"wp:attachment":[{"href":"https:\/\/sinepe-rs.org.br\/educacaoempauta\/wp-json\/wp\/v2\/media?parent=3960"}],"wp:term":[{"taxonomy":"category","embeddable":true,"href":"https:\/\/sinepe-rs.org.br\/educacaoempauta\/wp-json\/wp\/v2\/categories?post=3960"},{"taxonomy":"post_tag","embeddable":true,"href":"https:\/\/sinepe-rs.org.br\/educacaoempauta\/wp-json\/wp\/v2\/tags?post=3960"}],"curies":[{"name":"wp","href":"https:\/\/api.w.org\/{rel}","templated":true}]}}