{"id":4006,"date":"2023-10-16T10:09:44","date_gmt":"2023-10-16T13:09:44","guid":{"rendered":"https:\/\/sinepe-rs.org.br\/educacaoempauta\/?p=4006"},"modified":"2023-10-20T09:23:39","modified_gmt":"2023-10-20T12:23:39","slug":"o-que-podemos-aprender-com-a-educacao-da-estonia-e-da-finlandia","status":"publish","type":"post","link":"https:\/\/sinepe-rs.org.br\/educacaoempauta\/inspire-se\/o-que-podemos-aprender-com-a-educacao-da-estonia-e-da-finlandia\/","title":{"rendered":"O que podemos aprender com a educa\u00e7\u00e3o da Est\u00f4nia e da Finl\u00e2ndia"},"content":{"rendered":"\n<p>Segundo o <a href=\"https:\/\/www.datapandas.org\/ranking\/pisa-scores-by-country\">\u00faltimo ranking<\/a> do Programa Internacional de Avalia\u00e7\u00e3o de Alunos (PISA), realizado a cada tr\u00eas anos pela <a href=\"https:\/\/www.oecd.org\/latin-america\/paises\/brasil-portugues\/\" target=\"_blank\" rel=\"noreferrer noopener\">Organiza\u00e7\u00e3o para Coopera\u00e7\u00e3o e Desenvolvimento Econ\u00f4mico (OCDE)<\/a>, a Est\u00f4nia est\u00e1 em terceiro lugar e a Finl\u00e2ndia em oitavo em qualidade de ensino no mundo. Os dois pa\u00edses s\u00e3o destaque em rela\u00e7\u00e3o ao conhecimento e habilidades de estudantes de 15 anos de idade em leitura, matem\u00e1tica e ci\u00eancias. Nesta lista, a t\u00edtulo de curiosidade, o Brasil est\u00e1 na 63\u00aa posi\u00e7\u00e3o.<\/p>\n\n\n\n<p>Segundo o relat\u00f3rio, &#8220;\u00e9 interessante notar que na\u00e7\u00f5es menores, como a Est\u00f4nia e a Finl\u00e2ndia, tiveram desempenho superior ao de pa\u00edses maiores, demonstrando que o tamanho e o poder econ\u00f4mico nem sempre se correlacionam com o desempenho educacional.&#8221;<\/p>\n\n\n\n<p>Com o intuito de compreender como essas na\u00e7\u00f5es se tornaram refer\u00eancias mundiais, a <a href=\"https:\/\/www.fenep.org.br\/home\/\" target=\"_blank\" rel=\"noreferrer noopener\">Federa\u00e7\u00e3o Nacional das Escolas Particulares (FENEP)<\/a> realizou uma miss\u00e3o educacional com brasileiros durante 10 dias, de 17 a 27 de setembro. Nesse per\u00edodo, diretores de diversas escolas do Rio Grande do Sul, Santa Catarina, Paran\u00e1 e Rio de Janeiro puderam realizar visitas t\u00e9cnicas em escolas, universidades, embaixadas e <em>edtechs<\/em>, al\u00e9m de participar de <em>city tours<\/em> nas capitais Tallinn e Helsinque e <em>workshops<\/em> com especialistas.<\/p>\n\n\n\n<figure class=\"wp-block-image\"><img decoding=\"async\" src=\"https:\/\/lh5.googleusercontent.com\/wrW2luW0SoF-csnWamcbS_D16o0pMTegWnTMqJG1GcnS0eQEmFeT5ed_0-dDmRQZXK9yLi0kT4Wv5ut_9rOz3ZSVvxvjQr2zz7-Bp-qk3ID2xpiJ9uX0jKBAO1n0iElv9Wu2Vu3zO284MuJVYoxhyoA\" alt=\"\"\/><figcaption class=\"wp-element-caption\"><em>Em Tallinn, o grupo de brasileiros conheceu mais sobre os h\u00e1bitos dos estonianos \/ Cr\u00e9dito: Divulga\u00e7\u00e3o<\/em><\/figcaption><\/figure>\n\n\n\n<p>Para essa miss\u00e3o educacional, a organiza\u00e7\u00e3o foi realizada pelo <a href=\"https:\/\/estoniahub.com.br\/\" target=\"_blank\" rel=\"noreferrer noopener\">Est\u00f4nia Hub<\/a>. Conforme salienta o CEO do ecossistema de neg\u00f3cios, Raphael Fassoni, visitar a Est\u00f4nia e a Finl\u00e2ndia \u00e9 quase que uma necessidade, um perfil de excel\u00eancia, de alta performance. \u201cO objetivo era ver realmente <em>in loco<\/em> e conversar com especialistas, professores, com os diretores e at\u00e9 com os alunos sobre como funciona nesse pa\u00eds\u201d, frisa.<\/p>\n\n\n\n<p>Fassoni acredita que os participantes da miss\u00e3o puderam ver de modo pontual quais s\u00e3o os modelos pedag\u00f3gicos que podem ser replicados no Brasil e continuar agregando. Al\u00e9m disso, tamb\u00e9m foi poss\u00edvel renovar o ponto de vista de motiva\u00e7\u00e3o, de inspira\u00e7\u00e3o e at\u00e9 ter uma vis\u00e3o um pouco mais ampla de sociedade. \u201cTamb\u00e9m \u00e9 uma possibilidade de conhecer outros brasileiros com o mesmo prop\u00f3sito de mudan\u00e7a\u201d, complementa.<\/p>\n\n\n\n<p><strong>Percep\u00e7\u00f5es do que \u00e9 poss\u00edvel aplicar<\/strong><\/p>\n\n\n\n<p>Presente na miss\u00e3o, o 1\u00ba vice-presidente do <a href=\"https:\/\/www.sinepe-rs.org.br\/\" target=\"_blank\" rel=\"noreferrer noopener\">SINEPE\/RS<\/a>, Nestor Raschen, se surpreendeu positivamente com a visita \u00e0 escola bil\u00edngue, a Tallinn English College. Na sua vis\u00e3o, \u00e9 um grande exemplo a ser seguido e aproveitar o movimento que algumas institui\u00e7\u00f5es de ensino brasileiras est\u00e3o fazendo em implementar dois idiomas na aprendizagem.<\/p>\n\n\n\n<figure class=\"wp-block-image\"><img decoding=\"async\" src=\"https:\/\/lh4.googleusercontent.com\/VlUNmPUIM-GVIodXZE67qsgMznQqu3YQGvtLhMPF7sHl8qDl9z2-8Xp83MfGtsawAFdJpi6PIEo2T8Krf2TB4eKB4hQGDhEmtuEo2PIfStWWXcwt8mHNXxTG2Fhv56y11m4t4qPvlY87e_OHKNgwuR4\" alt=\"\"\/><figcaption class=\"wp-element-caption\"><em>Visita realizada na Tallinn English College \/ Cr\u00e9dito: Divulga\u00e7\u00e3o<\/em><\/figcaption><\/figure>\n\n\n\n<p>Outra observa\u00e7\u00e3o de Raschen foi quanto \u00e0s crian\u00e7as terem mais responsabilidades, como controle dos seus materiais escolares e de lanches. Ele lembra de uma cena em que avistou alunos se deslocando de bicicleta para a escola, com seus pais os acompanhando, e deixando seus transportes em lugar destinado. \u201cJ\u00e1 dentro da sala de aula, notei o desenvolvimento desde pequeno da autonomia das crian\u00e7as. Esse \u00e9 um par\u00e2metro a ser analisado na nossa educa\u00e7\u00e3o infantil\u201d, frisa.<\/p>\n\n\n\n<p><mark style=\"background-color:#fcb900\" class=\"has-inline-color\"><strong>Leia tamb\u00e9m:\u00a0<\/strong><br><a href=\"https:\/\/sinepe-rs.org.br\/educacaoempauta\/inspire-se\/o-que-podemos-aprender-com-a-educacao-de-israel\/\" target=\"_blank\" rel=\"noreferrer noopener\"><strong>>> O que podemos aprender com a educa\u00e7\u00e3o de Israel<\/strong><\/a><br><a href=\"https:\/\/sinepe-rs.org.br\/educacaoempauta\/pedagogico\/learning-by-doing-o-jeito-de-fazer-educacao-bilingue\/\" target=\"_blank\" rel=\"noreferrer noopener\"><strong>>> Learning by doing: o jeito de fazer educa\u00e7\u00e3o bil\u00edngue<\/strong><\/a><br><a href=\"https:\/\/sinepe-rs.org.br\/educacaoempauta\/gestao\/formacao-continuada-de-professores-ganha-novos-formatos\/\" target=\"_blank\" rel=\"noreferrer noopener\"><strong>>> Forma\u00e7\u00e3o continuada de professores ganha novos formatos<\/strong><\/a><\/mark><\/p>\n\n\n\n<p>Ele tamb\u00e9m destaca que tanto a sociedade como o governo est\u00e3o empenhados em uma educa\u00e7\u00e3o de qualidade, com forte participa\u00e7\u00e3o das fam\u00edlias. \u201cO governo tem uma grande prioridade nesses dois pa\u00edses: a educa\u00e7\u00e3o. L\u00e1, o governo tamb\u00e9m paga a mensalidade em escolas particulares\u201d, ressalta.<\/p>\n\n\n\n<figure class=\"wp-block-image\"><img decoding=\"async\" src=\"https:\/\/lh6.googleusercontent.com\/AB_Y6DIG4r1KfyhuS3RdiN4BtLrMnu7GXGBHagTOfKmExUfcD-lvgDLp70oWUA7QyPrGesahMP_sQWy86HcVtDU2q4XlXtmmjNGexwmYKecirpV3SAnKV0WC0P1Mx_1EJyjGvD4FS4iK5T0LpfviWHA\" alt=\"\"\/><figcaption class=\"wp-element-caption\"><em>Encontro ocorrido na Embaixada do Brasil, em Tallinn \/ Cr\u00e9dito: Divulga\u00e7\u00e3o<\/em><\/figcaption><\/figure>\n\n\n\n<p>J\u00e1 o 2\u00ba vice-presidente do SINEPE\/RS, Bruno Eizerik, refor\u00e7a que a pol\u00edtica de forma\u00e7\u00e3o dos docentes \u00e9 um modelo que pode ser copiado e adaptado para o Brasil. Segundo Eizerik, os professores est\u00e3o sempre se atualizando por meio de cursos de aperfei\u00e7oamento. As capacita\u00e7\u00f5es s\u00e3o fornecidas pelo estado e, em grande parte, s\u00e3o gratuitas. Tamb\u00e9m s\u00e3o promovidas viagens ao exterior para estudar, al\u00e9m de interc\u00e2mbios. \u201c\u00c9 um pa\u00eds que optou pela transpar\u00eancia em investir em educa\u00e7\u00e3o. Eles copiaram o modelo da Finl\u00e2ndia. Toda a vez que voc\u00ea copia algo e aperfei\u00e7oa, tem uma grande chance de dar certo\u201d, diz.<\/p>\n\n\n\n<p>Por\u00e9m, o representante do SINEPE\/RS acredita que enquanto n\u00e3o houver uma modifica\u00e7\u00e3o de como se pensa a educa\u00e7\u00e3o no Brasil, as altera\u00e7\u00f5es n\u00e3o acontecer\u00e3o. \u201cVoltei de l\u00e1 pensando diferente. A sociedade tem que entender a real import\u00e2ncia da educa\u00e7\u00e3o. \u00c9 aprender a respeitar ainda mais esses valores\u201d, pontua.<\/p>\n\n\n\n<p><strong>Perspectivas de ser professor na Est\u00f4nia<\/strong><\/p>\n\n\n\n<p>H\u00e1 quatro anos em solo estoniano, o professor Guilherme Struecker leciona Ingl\u00eas e Ci\u00eancias Humanas na <a href=\"https:\/\/tes.edu.ee\/\" target=\"_blank\" rel=\"noreferrer noopener\">Tallinn European School<\/a>. Em um jantar, ele se encontrou com o grupo da miss\u00e3o na Universidade de Tallinn. Foi um momento de transmitir como \u00e9 ser professor na Est\u00f4nia, quais s\u00e3o os benef\u00edcios, as diferen\u00e7as culturais, entre outros assuntos.<\/p>\n\n\n\n<p>Struecker comenta que a forma\u00e7\u00e3o na Est\u00f4nia \u00e9 cont\u00ednua, pelo menos duas vezes ao ano. As suas \u00faltimas capacita\u00e7\u00f5es foram em diversidade e inclus\u00e3o na sala de aula. \u201cRealmente, existe um tempo para o professor e para o aluno estudar e trabalhar, como tem que ser. Conseguimos dedicar tempo ao que realmente importa\u201d, ressalta.<\/p>\n","protected":false},"excerpt":{"rendered":"<p>Diretores do SINEPE\/RS participaram de Miss\u00e3o Educacional e relatam percep\u00e7\u00f5es destes pa\u00edses expoentes do ensino no mundo<\/p>\n","protected":false},"author":3,"featured_media":4007,"comment_status":"closed","ping_status":"closed","sticky":false,"template":"","format":"standard","meta":{"footnotes":""},"categories":[7],"tags":[61,526,527,525,43],"class_list":["post-4006","post","type-post","status-publish","format-standard","has-post-thumbnail","hentry","category-inspire-se","tag-educacao","tag-estonia","tag-finlandia","tag-missao-educacional","tag-sinepe-rs-2"],"acf":[],"yoast_head":"<!-- This site is optimized with the Yoast SEO plugin v24.6 - https:\/\/yoast.com\/wordpress\/plugins\/seo\/ -->\n<title>O que podemos aprender com a educa\u00e7\u00e3o da Est\u00f4nia e Finl\u00e2ndia<\/title>\n<meta name=\"description\" content=\"Diretores do SINEPE\/RS participaram de Miss\u00e3o Educacional e relatam percep\u00e7\u00f5es destes pa\u00edses expoentes do ensino no mundo\" \/>\n<meta name=\"robots\" content=\"index, follow, max-snippet:-1, max-image-preview:large, max-video-preview:-1\" \/>\n<link rel=\"canonical\" href=\"https:\/\/sinepe-rs.org.br\/educacaoempauta\/inspire-se\/o-que-podemos-aprender-com-a-educacao-da-estonia-e-da-finlandia\/\" \/>\n<meta property=\"og:locale\" content=\"pt_BR\" \/>\n<meta property=\"og:type\" content=\"article\" \/>\n<meta property=\"og:title\" content=\"O que podemos aprender com a educa\u00e7\u00e3o da Est\u00f4nia e Finl\u00e2ndia\" \/>\n<meta property=\"og:description\" content=\"Diretores do SINEPE\/RS participaram de Miss\u00e3o Educacional e relatam percep\u00e7\u00f5es destes pa\u00edses expoentes do ensino no mundo\" \/>\n<meta property=\"og:url\" content=\"https:\/\/sinepe-rs.org.br\/educacaoempauta\/inspire-se\/o-que-podemos-aprender-com-a-educacao-da-estonia-e-da-finlandia\/\" \/>\n<meta property=\"og:site_name\" content=\"Educa\u00e7\u00e3o em Pauta: Portal de reportagens de Educa\u00e7\u00e3o\" \/>\n<meta property=\"article:published_time\" content=\"2023-10-16T13:09:44+00:00\" \/>\n<meta property=\"article:modified_time\" content=\"2023-10-20T12:23:39+00:00\" \/>\n<meta property=\"og:image\" content=\"https:\/\/sinepe-rs.org.br\/educacaoempauta\/wp-content\/uploads\/2023\/10\/301_SinepeRS_Educacao_Em_Pauta_Missao_Educacional_Estonia_Finlandia.jpg\" \/>\n\t<meta property=\"og:image:width\" content=\"1366\" \/>\n\t<meta property=\"og:image:height\" content=\"450\" \/>\n\t<meta property=\"og:image:type\" content=\"image\/jpeg\" \/>\n<meta name=\"author\" content=\"Alexandra Zanela\" \/>\n<meta name=\"twitter:card\" content=\"summary_large_image\" \/>\n<meta name=\"twitter:label1\" content=\"Escrito por\" \/>\n\t<meta name=\"twitter:data1\" content=\"Alexandra Zanela\" \/>\n\t<meta name=\"twitter:label2\" content=\"Est. tempo de leitura\" \/>\n\t<meta name=\"twitter:data2\" content=\"6 minutos\" \/>\n<script type=\"application\/ld+json\" class=\"yoast-schema-graph\">{\"@context\":\"https:\/\/schema.org\",\"@graph\":[{\"@type\":\"WebPage\",\"@id\":\"https:\/\/sinepe-rs.org.br\/educacaoempauta\/inspire-se\/o-que-podemos-aprender-com-a-educacao-da-estonia-e-da-finlandia\/\",\"url\":\"https:\/\/sinepe-rs.org.br\/educacaoempauta\/inspire-se\/o-que-podemos-aprender-com-a-educacao-da-estonia-e-da-finlandia\/\",\"name\":\"O que podemos aprender com a educa\u00e7\u00e3o da Est\u00f4nia e Finl\u00e2ndia\",\"isPartOf\":{\"@id\":\"https:\/\/sinepe-rs.org.br\/educacaoempauta\/#website\"},\"primaryImageOfPage\":{\"@id\":\"https:\/\/sinepe-rs.org.br\/educacaoempauta\/inspire-se\/o-que-podemos-aprender-com-a-educacao-da-estonia-e-da-finlandia\/#primaryimage\"},\"image\":{\"@id\":\"https:\/\/sinepe-rs.org.br\/educacaoempauta\/inspire-se\/o-que-podemos-aprender-com-a-educacao-da-estonia-e-da-finlandia\/#primaryimage\"},\"thumbnailUrl\":\"https:\/\/sinepe-rs.org.br\/educacaoempauta\/wp-content\/uploads\/2023\/10\/301_SinepeRS_Educacao_Em_Pauta_Missao_Educacional_Estonia_Finlandia.jpg\",\"datePublished\":\"2023-10-16T13:09:44+00:00\",\"dateModified\":\"2023-10-20T12:23:39+00:00\",\"author\":{\"@id\":\"https:\/\/sinepe-rs.org.br\/educacaoempauta\/#\/schema\/person\/c542073558983d5792101d1b5240d841\"},\"description\":\"Diretores do SINEPE\/RS participaram de Miss\u00e3o Educacional e relatam percep\u00e7\u00f5es destes pa\u00edses expoentes do ensino no mundo\",\"breadcrumb\":{\"@id\":\"https:\/\/sinepe-rs.org.br\/educacaoempauta\/inspire-se\/o-que-podemos-aprender-com-a-educacao-da-estonia-e-da-finlandia\/#breadcrumb\"},\"inLanguage\":\"pt-BR\",\"potentialAction\":[{\"@type\":\"ReadAction\",\"target\":[\"https:\/\/sinepe-rs.org.br\/educacaoempauta\/inspire-se\/o-que-podemos-aprender-com-a-educacao-da-estonia-e-da-finlandia\/\"]}]},{\"@type\":\"ImageObject\",\"inLanguage\":\"pt-BR\",\"@id\":\"https:\/\/sinepe-rs.org.br\/educacaoempauta\/inspire-se\/o-que-podemos-aprender-com-a-educacao-da-estonia-e-da-finlandia\/#primaryimage\",\"url\":\"https:\/\/sinepe-rs.org.br\/educacaoempauta\/wp-content\/uploads\/2023\/10\/301_SinepeRS_Educacao_Em_Pauta_Missao_Educacional_Estonia_Finlandia.jpg\",\"contentUrl\":\"https:\/\/sinepe-rs.org.br\/educacaoempauta\/wp-content\/uploads\/2023\/10\/301_SinepeRS_Educacao_Em_Pauta_Missao_Educacional_Estonia_Finlandia.jpg\",\"width\":1366,\"height\":450,\"caption\":\"O que podemos aprender com a educa\u00e7\u00e3o da Est\u00f4nia e da Finl\u00e2ndia\"},{\"@type\":\"BreadcrumbList\",\"@id\":\"https:\/\/sinepe-rs.org.br\/educacaoempauta\/inspire-se\/o-que-podemos-aprender-com-a-educacao-da-estonia-e-da-finlandia\/#breadcrumb\",\"itemListElement\":[{\"@type\":\"ListItem\",\"position\":1,\"name\":\"Home\",\"item\":\"https:\/\/sinepe-rs.org.br\/educacaoempauta\/\"},{\"@type\":\"ListItem\",\"position\":2,\"name\":\"O que podemos aprender com a educa\u00e7\u00e3o da Est\u00f4nia e da Finl\u00e2ndia\"}]},{\"@type\":\"WebSite\",\"@id\":\"https:\/\/sinepe-rs.org.br\/educacaoempauta\/#website\",\"url\":\"https:\/\/sinepe-rs.org.br\/educacaoempauta\/\",\"name\":\"Educa\u00e7\u00e3o em Pauta: Portal de reportagens de Educa\u00e7\u00e3o\",\"description\":\"Sinepe-RS\",\"potentialAction\":[{\"@type\":\"SearchAction\",\"target\":{\"@type\":\"EntryPoint\",\"urlTemplate\":\"https:\/\/sinepe-rs.org.br\/educacaoempauta\/?s={search_term_string}\"},\"query-input\":{\"@type\":\"PropertyValueSpecification\",\"valueRequired\":true,\"valueName\":\"search_term_string\"}}],\"inLanguage\":\"pt-BR\"},{\"@type\":\"Person\",\"@id\":\"https:\/\/sinepe-rs.org.br\/educacaoempauta\/#\/schema\/person\/c542073558983d5792101d1b5240d841\",\"name\":\"Alexandra Zanela\",\"image\":{\"@type\":\"ImageObject\",\"inLanguage\":\"pt-BR\",\"@id\":\"https:\/\/sinepe-rs.org.br\/educacaoempauta\/#\/schema\/person\/image\/\",\"url\":\"https:\/\/secure.gravatar.com\/avatar\/aab8da397152551fad5132b4b20cb891945e7bc931de8d0d72495261a983a371?s=96&d=mm&r=g\",\"contentUrl\":\"https:\/\/secure.gravatar.com\/avatar\/aab8da397152551fad5132b4b20cb891945e7bc931de8d0d72495261a983a371?s=96&d=mm&r=g\",\"caption\":\"Alexandra Zanela\"},\"url\":\"https:\/\/sinepe-rs.org.br\/educacaoempauta\/author\/alexandra\/\"}]}<\/script>\n<!-- \/ Yoast SEO plugin. -->","yoast_head_json":{"title":"O que podemos aprender com a educa\u00e7\u00e3o da Est\u00f4nia e Finl\u00e2ndia","description":"Diretores do SINEPE\/RS participaram de Miss\u00e3o Educacional e relatam percep\u00e7\u00f5es destes pa\u00edses expoentes do ensino no mundo","robots":{"index":"index","follow":"follow","max-snippet":"max-snippet:-1","max-image-preview":"max-image-preview:large","max-video-preview":"max-video-preview:-1"},"canonical":"https:\/\/sinepe-rs.org.br\/educacaoempauta\/inspire-se\/o-que-podemos-aprender-com-a-educacao-da-estonia-e-da-finlandia\/","og_locale":"pt_BR","og_type":"article","og_title":"O que podemos aprender com a educa\u00e7\u00e3o da Est\u00f4nia e Finl\u00e2ndia","og_description":"Diretores do SINEPE\/RS participaram de Miss\u00e3o Educacional e relatam percep\u00e7\u00f5es destes pa\u00edses expoentes do ensino no mundo","og_url":"https:\/\/sinepe-rs.org.br\/educacaoempauta\/inspire-se\/o-que-podemos-aprender-com-a-educacao-da-estonia-e-da-finlandia\/","og_site_name":"Educa\u00e7\u00e3o em Pauta: Portal de reportagens de Educa\u00e7\u00e3o","article_published_time":"2023-10-16T13:09:44+00:00","article_modified_time":"2023-10-20T12:23:39+00:00","og_image":[{"width":1366,"height":450,"url":"https:\/\/sinepe-rs.org.br\/educacaoempauta\/wp-content\/uploads\/2023\/10\/301_SinepeRS_Educacao_Em_Pauta_Missao_Educacional_Estonia_Finlandia.jpg","type":"image\/jpeg"}],"author":"Alexandra Zanela","twitter_card":"summary_large_image","twitter_misc":{"Escrito por":"Alexandra Zanela","Est. tempo de leitura":"6 minutos"},"schema":{"@context":"https:\/\/schema.org","@graph":[{"@type":"WebPage","@id":"https:\/\/sinepe-rs.org.br\/educacaoempauta\/inspire-se\/o-que-podemos-aprender-com-a-educacao-da-estonia-e-da-finlandia\/","url":"https:\/\/sinepe-rs.org.br\/educacaoempauta\/inspire-se\/o-que-podemos-aprender-com-a-educacao-da-estonia-e-da-finlandia\/","name":"O que podemos aprender com a educa\u00e7\u00e3o da Est\u00f4nia e Finl\u00e2ndia","isPartOf":{"@id":"https:\/\/sinepe-rs.org.br\/educacaoempauta\/#website"},"primaryImageOfPage":{"@id":"https:\/\/sinepe-rs.org.br\/educacaoempauta\/inspire-se\/o-que-podemos-aprender-com-a-educacao-da-estonia-e-da-finlandia\/#primaryimage"},"image":{"@id":"https:\/\/sinepe-rs.org.br\/educacaoempauta\/inspire-se\/o-que-podemos-aprender-com-a-educacao-da-estonia-e-da-finlandia\/#primaryimage"},"thumbnailUrl":"https:\/\/sinepe-rs.org.br\/educacaoempauta\/wp-content\/uploads\/2023\/10\/301_SinepeRS_Educacao_Em_Pauta_Missao_Educacional_Estonia_Finlandia.jpg","datePublished":"2023-10-16T13:09:44+00:00","dateModified":"2023-10-20T12:23:39+00:00","author":{"@id":"https:\/\/sinepe-rs.org.br\/educacaoempauta\/#\/schema\/person\/c542073558983d5792101d1b5240d841"},"description":"Diretores do SINEPE\/RS participaram de Miss\u00e3o Educacional e relatam percep\u00e7\u00f5es destes pa\u00edses expoentes do ensino no mundo","breadcrumb":{"@id":"https:\/\/sinepe-rs.org.br\/educacaoempauta\/inspire-se\/o-que-podemos-aprender-com-a-educacao-da-estonia-e-da-finlandia\/#breadcrumb"},"inLanguage":"pt-BR","potentialAction":[{"@type":"ReadAction","target":["https:\/\/sinepe-rs.org.br\/educacaoempauta\/inspire-se\/o-que-podemos-aprender-com-a-educacao-da-estonia-e-da-finlandia\/"]}]},{"@type":"ImageObject","inLanguage":"pt-BR","@id":"https:\/\/sinepe-rs.org.br\/educacaoempauta\/inspire-se\/o-que-podemos-aprender-com-a-educacao-da-estonia-e-da-finlandia\/#primaryimage","url":"https:\/\/sinepe-rs.org.br\/educacaoempauta\/wp-content\/uploads\/2023\/10\/301_SinepeRS_Educacao_Em_Pauta_Missao_Educacional_Estonia_Finlandia.jpg","contentUrl":"https:\/\/sinepe-rs.org.br\/educacaoempauta\/wp-content\/uploads\/2023\/10\/301_SinepeRS_Educacao_Em_Pauta_Missao_Educacional_Estonia_Finlandia.jpg","width":1366,"height":450,"caption":"O que podemos aprender com a educa\u00e7\u00e3o da Est\u00f4nia e da Finl\u00e2ndia"},{"@type":"BreadcrumbList","@id":"https:\/\/sinepe-rs.org.br\/educacaoempauta\/inspire-se\/o-que-podemos-aprender-com-a-educacao-da-estonia-e-da-finlandia\/#breadcrumb","itemListElement":[{"@type":"ListItem","position":1,"name":"Home","item":"https:\/\/sinepe-rs.org.br\/educacaoempauta\/"},{"@type":"ListItem","position":2,"name":"O que podemos aprender com a educa\u00e7\u00e3o da Est\u00f4nia e da Finl\u00e2ndia"}]},{"@type":"WebSite","@id":"https:\/\/sinepe-rs.org.br\/educacaoempauta\/#website","url":"https:\/\/sinepe-rs.org.br\/educacaoempauta\/","name":"Educa\u00e7\u00e3o em Pauta: Portal de reportagens de Educa\u00e7\u00e3o","description":"Sinepe-RS","potentialAction":[{"@type":"SearchAction","target":{"@type":"EntryPoint","urlTemplate":"https:\/\/sinepe-rs.org.br\/educacaoempauta\/?s={search_term_string}"},"query-input":{"@type":"PropertyValueSpecification","valueRequired":true,"valueName":"search_term_string"}}],"inLanguage":"pt-BR"},{"@type":"Person","@id":"https:\/\/sinepe-rs.org.br\/educacaoempauta\/#\/schema\/person\/c542073558983d5792101d1b5240d841","name":"Alexandra Zanela","image":{"@type":"ImageObject","inLanguage":"pt-BR","@id":"https:\/\/sinepe-rs.org.br\/educacaoempauta\/#\/schema\/person\/image\/","url":"https:\/\/secure.gravatar.com\/avatar\/aab8da397152551fad5132b4b20cb891945e7bc931de8d0d72495261a983a371?s=96&d=mm&r=g","contentUrl":"https:\/\/secure.gravatar.com\/avatar\/aab8da397152551fad5132b4b20cb891945e7bc931de8d0d72495261a983a371?s=96&d=mm&r=g","caption":"Alexandra Zanela"},"url":"https:\/\/sinepe-rs.org.br\/educacaoempauta\/author\/alexandra\/"}]}},"_links":{"self":[{"href":"https:\/\/sinepe-rs.org.br\/educacaoempauta\/wp-json\/wp\/v2\/posts\/4006","targetHints":{"allow":["GET"]}}],"collection":[{"href":"https:\/\/sinepe-rs.org.br\/educacaoempauta\/wp-json\/wp\/v2\/posts"}],"about":[{"href":"https:\/\/sinepe-rs.org.br\/educacaoempauta\/wp-json\/wp\/v2\/types\/post"}],"author":[{"embeddable":true,"href":"https:\/\/sinepe-rs.org.br\/educacaoempauta\/wp-json\/wp\/v2\/users\/3"}],"replies":[{"embeddable":true,"href":"https:\/\/sinepe-rs.org.br\/educacaoempauta\/wp-json\/wp\/v2\/comments?post=4006"}],"version-history":[{"count":3,"href":"https:\/\/sinepe-rs.org.br\/educacaoempauta\/wp-json\/wp\/v2\/posts\/4006\/revisions"}],"predecessor-version":[{"id":4037,"href":"https:\/\/sinepe-rs.org.br\/educacaoempauta\/wp-json\/wp\/v2\/posts\/4006\/revisions\/4037"}],"wp:featuredmedia":[{"embeddable":true,"href":"https:\/\/sinepe-rs.org.br\/educacaoempauta\/wp-json\/wp\/v2\/media\/4007"}],"wp:attachment":[{"href":"https:\/\/sinepe-rs.org.br\/educacaoempauta\/wp-json\/wp\/v2\/media?parent=4006"}],"wp:term":[{"taxonomy":"category","embeddable":true,"href":"https:\/\/sinepe-rs.org.br\/educacaoempauta\/wp-json\/wp\/v2\/categories?post=4006"},{"taxonomy":"post_tag","embeddable":true,"href":"https:\/\/sinepe-rs.org.br\/educacaoempauta\/wp-json\/wp\/v2\/tags?post=4006"}],"curies":[{"name":"wp","href":"https:\/\/api.w.org\/{rel}","templated":true}]}}