{"id":4482,"date":"2024-02-29T10:42:07","date_gmt":"2024-02-29T13:42:07","guid":{"rendered":"https:\/\/sinepe-rs.org.br\/educacaoempauta\/?p=4482"},"modified":"2024-03-05T09:46:07","modified_gmt":"2024-03-05T12:46:07","slug":"pisa-2022-gestao-e-fundamental-para-elevar-a-qualidade-da-educacao","status":"publish","type":"post","link":"https:\/\/sinepe-rs.org.br\/educacaoempauta\/gestao\/pisa-2022-gestao-e-fundamental-para-elevar-a-qualidade-da-educacao\/","title":{"rendered":"PISA 2022: gest\u00e3o \u00e9 fundamental para elevar a qualidade da educa\u00e7\u00e3o"},"content":{"rendered":"\n<div class=\"wp-block-media-text is-stacked-on-mobile\" style=\"grid-template-columns:22% auto\"><figure class=\"wp-block-media-text__media\"><img loading=\"lazy\" decoding=\"async\" width=\"683\" height=\"1024\" src=\"https:\/\/sinepe-rs.org.br\/educacaoempauta\/wp-content\/uploads\/2024\/02\/338_SinepeRS_Educacao_Em_Pauta_Sonia_Colombo_Pisa_2022_Arquivo_Pessoal-683x1024.jpg\" alt=\"\" class=\"wp-image-4484 size-full\" srcset=\"https:\/\/sinepe-rs.org.br\/educacaoempauta\/wp-content\/uploads\/2024\/02\/338_SinepeRS_Educacao_Em_Pauta_Sonia_Colombo_Pisa_2022_Arquivo_Pessoal-683x1024.jpg 683w, https:\/\/sinepe-rs.org.br\/educacaoempauta\/wp-content\/uploads\/2024\/02\/338_SinepeRS_Educacao_Em_Pauta_Sonia_Colombo_Pisa_2022_Arquivo_Pessoal-200x300.jpg 200w, https:\/\/sinepe-rs.org.br\/educacaoempauta\/wp-content\/uploads\/2024\/02\/338_SinepeRS_Educacao_Em_Pauta_Sonia_Colombo_Pisa_2022_Arquivo_Pessoal-768x1152.jpg 768w, https:\/\/sinepe-rs.org.br\/educacaoempauta\/wp-content\/uploads\/2024\/02\/338_SinepeRS_Educacao_Em_Pauta_Sonia_Colombo_Pisa_2022_Arquivo_Pessoal-1024x1536.jpg 1024w, https:\/\/sinepe-rs.org.br\/educacaoempauta\/wp-content\/uploads\/2024\/02\/338_SinepeRS_Educacao_Em_Pauta_Sonia_Colombo_Pisa_2022_Arquivo_Pessoal-1365x2048.jpg 1365w, https:\/\/sinepe-rs.org.br\/educacaoempauta\/wp-content\/uploads\/2024\/02\/338_SinepeRS_Educacao_Em_Pauta_Sonia_Colombo_Pisa_2022_Arquivo_Pessoal-scaled.jpg 1707w\" sizes=\"auto, (max-width: 683px) 100vw, 683px\" \/><\/figure><div class=\"wp-block-media-text__content\">\n<p class=\"has-small-font-size\"><strong>Sonia Sim\u00f5es Colombo<\/strong><\/p>\n\n\n\n<p class=\"has-small-font-size\"><em>CEO da <\/em><a href=\"https:\/\/www.humus.com.br\/\" target=\"_blank\" rel=\"noreferrer noopener\"><em>HUMUS Educa\u00e7\u00e3o<\/em><\/a><em>, Presidente do Instituto ELA Educadoras do Brasil e Curadora do GEduc \u2013 Congresso Brasileiro de Gest\u00e3o Educacional<\/em><\/p>\n<\/div><\/div>\n\n\n\n<p>O desempenho do Brasil no PISA n\u00e3o foi surpresa\u2026 A nossa na\u00e7\u00e3o n\u00e3o tem feito o dever de casa para melhorar a qualidade da educa\u00e7\u00e3o. <mark style=\"background-color:#ff6900\" class=\"has-inline-color\">Faltam pol\u00edticas p\u00fablicas que coloquem a educa\u00e7\u00e3o brasileira no patamar de prioridades de investimentos em todas as esferas do espa\u00e7o educativo.<\/mark>\u00a0<\/p>\n\n\n\n<p>As desigualdades sociais s\u00e3o realidades presentes em todos os estados brasileiros prejudicando a aprendizagem dos alunos. A desvaloriza\u00e7\u00e3o do professor \u00e9 um fato que est\u00e1 enraizado em nossa cultura, impactando na atra\u00e7\u00e3o de novos talentos, forma\u00e7\u00e3o acad\u00eamica primorosa, educa\u00e7\u00e3o continuada plena e reconhecimento do trabalho docente.<\/p>\n\n\n\n<p>Em muitos locais encontramos uma atmosfera negativa no ambiente escolar que n\u00e3o estimula o aluno ao desenvolvimento de toda a sua potencialidade.&nbsp;Se n\u00e3o temos discentes estimulados para a realiza\u00e7\u00e3o das atividades e felizes por estarem em uma sala de aula, dificilmente ir\u00e3o absorver o que \u00e9 proposto no processo de ensino-aprendizagem.&nbsp;<\/p>\n\n\n\n<p>Existem muitas falhas no nosso sistema de ensino que n\u00e3o prev\u00ea recursos suficientes englobando a estrutura escolar, as metodologias, as tecnologias, a capacita\u00e7\u00e3o cont\u00ednua de todos os atores envolvidos na educa\u00e7\u00e3o (professores, gestores e equipe de apoio).<\/p>\n\n\n\n<p>Logo ap\u00f3s a divulga\u00e7\u00e3o dos resultados, de cada edi\u00e7\u00e3o do PISA, ouvimos, frequentemente, as autoridades afirmando que v\u00e3o direcionar mais esfor\u00e7os para melhorar a nossa educa\u00e7\u00e3o, mas, infelizmente a inten\u00e7\u00e3o fica apenas no discurso n\u00e3o se colocando em pr\u00e1tica as a\u00e7\u00f5es para que ocorra uma transforma\u00e7\u00e3o educacional plena.&nbsp;<\/p>\n\n\n\n<p><mark style=\"background-color:#ff6900\" class=\"has-inline-color\">E o que os gestores, de cada escola, podem fazer diante destas realidades? <\/mark>Considero que os l\u00edderes educacionais do nosso Brasil precisam fortalecer as suas compet\u00eancias para colaborarem em v\u00e1rias frentes, pois com o pragmatismo de uma boa gest\u00e3o as mudan\u00e7as ocorrem.<\/p>\n\n\n\n<p>A a\u00e7\u00e3o do diretor escolar tem um impacto direto nas pr\u00e1ticas dos professores e nos desempenhos dos seus alunos. Um bom diretor contagia positivamente todos os membros da comunidade escolar aumentando as oportunidades de aprendizagem. J\u00e1 o diretor, sem foco para a busca permanente da excel\u00eancia, influencia negativamente todo o processo acad\u00eamico.&nbsp;<\/p>\n\n\n\n<p>Portanto, <mark style=\"background-color:#ff6900\" class=\"has-inline-color\">investir na gest\u00e3o educacional tamb\u00e9m \u00e9 crucial para elevar a qualidade da educa\u00e7\u00e3o em nosso pa\u00eds.<\/mark> Podemos elencar 11 pontos cruciais para o diretor de uma institui\u00e7\u00e3o de ensino:<\/p>\n\n\n\n<ol class=\"wp-block-list\">\n<li>Realizar um diagn\u00f3stico hol\u00edstico de toda a escola, englobando o desempenho dos alunos, as compet\u00eancias dos professores, as metodologias de ensino que est\u00e3o sendo utilizadas, as estruturas, os recursos etc.;<\/li>\n\n\n\n<li>Elaborar um planejamento com foco no aprimoramento do projeto pedag\u00f3gico da escola, da performance dos estudantes, da equipe docente e de apoio;<\/li>\n\n\n\n<li>Definir as prioridades que impactam diretamente para o \u00f3timo desempenho escolar, colocando o aluno no centro do processo educativo;<\/li>\n\n\n\n<li>Incentivar, apoiar e oferecer capacita\u00e7\u00f5es para toda a equipe. A forma\u00e7\u00e3o cont\u00ednua dos professores \u00e9 algo que os l\u00edderes de cada escola n\u00e3o podem deixar de lado. Precisam oferecer oportunidades de desenvolvimento para acompanharem o movimento das mudan\u00e7as no mundo atual.<\/li>\n\n\n\n<li>Estabelecer uma gest\u00e3o financeira equilibrada;<\/li>\n\n\n\n<li>Zelar pela boa comunica\u00e7\u00e3o com toda a comunidade escolar. Analisar, divulgar e utilizar os resultados obtidos pela institui\u00e7\u00e3o de ensino e realizar tudo que precisa ser melhorado;<\/li>\n\n\n\n<li>Adotar as tecnologias que possam otimizar o trabalho docente e a organiza\u00e7\u00e3o escolar;<\/li>\n\n\n\n<li>Avaliar continuamente a performance de toda a equipe;<\/li>\n\n\n\n<li>Adotar pr\u00e1ticas regulares de feedback e feedforward. Reconhecer e valorizar as boas pr\u00e1ticas. Orientar e mostrar os caminhos para a melhoria quando o desempenho estiver abaixo do esperado;<\/li>\n\n\n\n<li>Zelar pelo clima reinante na escola. \u00c9 importante ter ci\u00eancia dos n\u00edveis de satisfa\u00e7\u00e3o da equipe. Educadores e estudantes felizes possuem melhores desempenhos;<\/li>\n\n\n\n<li>Se autoavaliar como gestor e realizar uma an\u00e1lise cr\u00edtica no que precisa melhorar. Lembrando que uma sistem\u00e1tica de avalia\u00e7\u00e3o de desempenho n\u00e3o deve ser somente dos alunos e da equipe, mas de todos que participam do processo educativo.<\/li>\n<\/ol>\n\n\n\n<p>N\u00e3o podemos continuar a ser \u201co pa\u00eds do futuro\u201d. <mark style=\"background-color:#ff6900\" class=\"has-inline-color\">As pol\u00edticas e diretrizes p\u00fablicas juntamente com as pr\u00e1ticas de gest\u00e3o, implementadas por cada l\u00edder educacional, precisam acontecer agora e continuar sendo implementadas por todas escolas e redes educacionais<\/mark> sem perdermos o foco da import\u00e2ncia desta transforma\u00e7\u00e3o para o nosso Brasil.<\/p>\n","protected":false},"excerpt":{"rendered":"<p>Especialista elenca 11 pontos cruciais para qualificar o trabalho do diretor de uma institui\u00e7\u00e3o de ensino<\/p>\n","protected":false},"author":3,"featured_media":4485,"comment_status":"closed","ping_status":"closed","sticky":false,"template":"","format":"standard","meta":{"footnotes":""},"categories":[5],"tags":[17,619,20,618,43],"class_list":["post-4482","post","type-post","status-publish","format-standard","has-post-thumbnail","hentry","category-gestao","tag-gestao","tag-gestao-educacional","tag-pisa","tag-pisa-2022","tag-sinepe-rs-2"],"acf":[],"yoast_head":"<!-- This site is optimized with the Yoast SEO plugin v24.6 - https:\/\/yoast.com\/wordpress\/plugins\/seo\/ -->\n<title>Gest\u00e3o \u00e9 fundamental para elevar a qualidade da educa\u00e7\u00e3o<\/title>\n<meta name=\"description\" content=\"Especialista elenca 11 pontos cruciais para qualificar o trabalho do diretor de uma institui\u00e7\u00e3o de ensino\" \/>\n<meta name=\"robots\" content=\"index, follow, max-snippet:-1, max-image-preview:large, max-video-preview:-1\" \/>\n<link rel=\"canonical\" href=\"https:\/\/sinepe-rs.org.br\/educacaoempauta\/gestao\/pisa-2022-gestao-e-fundamental-para-elevar-a-qualidade-da-educacao\/\" \/>\n<meta property=\"og:locale\" content=\"pt_BR\" \/>\n<meta property=\"og:type\" content=\"article\" \/>\n<meta property=\"og:title\" content=\"Gest\u00e3o \u00e9 fundamental para elevar a qualidade da educa\u00e7\u00e3o\" \/>\n<meta property=\"og:description\" content=\"Especialista elenca 11 pontos cruciais para qualificar o trabalho do diretor de uma institui\u00e7\u00e3o de ensino\" \/>\n<meta property=\"og:url\" content=\"https:\/\/sinepe-rs.org.br\/educacaoempauta\/gestao\/pisa-2022-gestao-e-fundamental-para-elevar-a-qualidade-da-educacao\/\" \/>\n<meta property=\"og:site_name\" content=\"Educa\u00e7\u00e3o em Pauta: Portal de reportagens de Educa\u00e7\u00e3o\" \/>\n<meta property=\"article:published_time\" content=\"2024-02-29T13:42:07+00:00\" \/>\n<meta property=\"article:modified_time\" content=\"2024-03-05T12:46:07+00:00\" \/>\n<meta property=\"og:image\" content=\"https:\/\/sinepe-rs.org.br\/educacaoempauta\/wp-content\/uploads\/2024\/02\/338_SinepeRS_Educacao_Em_Pauta_Sonia_Colombo_Pisa_2022.jpg\" \/>\n\t<meta property=\"og:image:width\" content=\"1366\" \/>\n\t<meta property=\"og:image:height\" content=\"450\" \/>\n\t<meta property=\"og:image:type\" content=\"image\/jpeg\" \/>\n<meta name=\"author\" content=\"Alexandra Zanela\" \/>\n<meta name=\"twitter:card\" content=\"summary_large_image\" \/>\n<meta name=\"twitter:label1\" content=\"Escrito por\" \/>\n\t<meta name=\"twitter:data1\" content=\"Alexandra Zanela\" \/>\n\t<meta name=\"twitter:label2\" content=\"Est. tempo de leitura\" \/>\n\t<meta name=\"twitter:data2\" content=\"4 minutos\" \/>\n<script type=\"application\/ld+json\" class=\"yoast-schema-graph\">{\"@context\":\"https:\/\/schema.org\",\"@graph\":[{\"@type\":\"WebPage\",\"@id\":\"https:\/\/sinepe-rs.org.br\/educacaoempauta\/gestao\/pisa-2022-gestao-e-fundamental-para-elevar-a-qualidade-da-educacao\/\",\"url\":\"https:\/\/sinepe-rs.org.br\/educacaoempauta\/gestao\/pisa-2022-gestao-e-fundamental-para-elevar-a-qualidade-da-educacao\/\",\"name\":\"Gest\u00e3o \u00e9 fundamental para elevar a qualidade da educa\u00e7\u00e3o\",\"isPartOf\":{\"@id\":\"https:\/\/sinepe-rs.org.br\/educacaoempauta\/#website\"},\"primaryImageOfPage\":{\"@id\":\"https:\/\/sinepe-rs.org.br\/educacaoempauta\/gestao\/pisa-2022-gestao-e-fundamental-para-elevar-a-qualidade-da-educacao\/#primaryimage\"},\"image\":{\"@id\":\"https:\/\/sinepe-rs.org.br\/educacaoempauta\/gestao\/pisa-2022-gestao-e-fundamental-para-elevar-a-qualidade-da-educacao\/#primaryimage\"},\"thumbnailUrl\":\"https:\/\/sinepe-rs.org.br\/educacaoempauta\/wp-content\/uploads\/2024\/02\/338_SinepeRS_Educacao_Em_Pauta_Sonia_Colombo_Pisa_2022.jpg\",\"datePublished\":\"2024-02-29T13:42:07+00:00\",\"dateModified\":\"2024-03-05T12:46:07+00:00\",\"author\":{\"@id\":\"https:\/\/sinepe-rs.org.br\/educacaoempauta\/#\/schema\/person\/c542073558983d5792101d1b5240d841\"},\"description\":\"Especialista elenca 11 pontos cruciais para qualificar o trabalho do diretor de uma institui\u00e7\u00e3o de ensino\",\"breadcrumb\":{\"@id\":\"https:\/\/sinepe-rs.org.br\/educacaoempauta\/gestao\/pisa-2022-gestao-e-fundamental-para-elevar-a-qualidade-da-educacao\/#breadcrumb\"},\"inLanguage\":\"pt-BR\",\"potentialAction\":[{\"@type\":\"ReadAction\",\"target\":[\"https:\/\/sinepe-rs.org.br\/educacaoempauta\/gestao\/pisa-2022-gestao-e-fundamental-para-elevar-a-qualidade-da-educacao\/\"]}]},{\"@type\":\"ImageObject\",\"inLanguage\":\"pt-BR\",\"@id\":\"https:\/\/sinepe-rs.org.br\/educacaoempauta\/gestao\/pisa-2022-gestao-e-fundamental-para-elevar-a-qualidade-da-educacao\/#primaryimage\",\"url\":\"https:\/\/sinepe-rs.org.br\/educacaoempauta\/wp-content\/uploads\/2024\/02\/338_SinepeRS_Educacao_Em_Pauta_Sonia_Colombo_Pisa_2022.jpg\",\"contentUrl\":\"https:\/\/sinepe-rs.org.br\/educacaoempauta\/wp-content\/uploads\/2024\/02\/338_SinepeRS_Educacao_Em_Pauta_Sonia_Colombo_Pisa_2022.jpg\",\"width\":1366,\"height\":450,\"caption\":\"PISA 2022: gest\u00e3o \u00e9 fundamental para elevar a qualidade da educa\u00e7\u00e3o\"},{\"@type\":\"BreadcrumbList\",\"@id\":\"https:\/\/sinepe-rs.org.br\/educacaoempauta\/gestao\/pisa-2022-gestao-e-fundamental-para-elevar-a-qualidade-da-educacao\/#breadcrumb\",\"itemListElement\":[{\"@type\":\"ListItem\",\"position\":1,\"name\":\"Home\",\"item\":\"https:\/\/sinepe-rs.org.br\/educacaoempauta\/\"},{\"@type\":\"ListItem\",\"position\":2,\"name\":\"PISA 2022: gest\u00e3o \u00e9 fundamental para elevar a qualidade da educa\u00e7\u00e3o\"}]},{\"@type\":\"WebSite\",\"@id\":\"https:\/\/sinepe-rs.org.br\/educacaoempauta\/#website\",\"url\":\"https:\/\/sinepe-rs.org.br\/educacaoempauta\/\",\"name\":\"Educa\u00e7\u00e3o em Pauta: Portal de reportagens de Educa\u00e7\u00e3o\",\"description\":\"Sinepe-RS\",\"potentialAction\":[{\"@type\":\"SearchAction\",\"target\":{\"@type\":\"EntryPoint\",\"urlTemplate\":\"https:\/\/sinepe-rs.org.br\/educacaoempauta\/?s={search_term_string}\"},\"query-input\":{\"@type\":\"PropertyValueSpecification\",\"valueRequired\":true,\"valueName\":\"search_term_string\"}}],\"inLanguage\":\"pt-BR\"},{\"@type\":\"Person\",\"@id\":\"https:\/\/sinepe-rs.org.br\/educacaoempauta\/#\/schema\/person\/c542073558983d5792101d1b5240d841\",\"name\":\"Alexandra Zanela\",\"image\":{\"@type\":\"ImageObject\",\"inLanguage\":\"pt-BR\",\"@id\":\"https:\/\/sinepe-rs.org.br\/educacaoempauta\/#\/schema\/person\/image\/\",\"url\":\"https:\/\/secure.gravatar.com\/avatar\/aab8da397152551fad5132b4b20cb891945e7bc931de8d0d72495261a983a371?s=96&d=mm&r=g\",\"contentUrl\":\"https:\/\/secure.gravatar.com\/avatar\/aab8da397152551fad5132b4b20cb891945e7bc931de8d0d72495261a983a371?s=96&d=mm&r=g\",\"caption\":\"Alexandra Zanela\"},\"url\":\"https:\/\/sinepe-rs.org.br\/educacaoempauta\/author\/alexandra\/\"}]}<\/script>\n<!-- \/ Yoast SEO plugin. -->","yoast_head_json":{"title":"Gest\u00e3o \u00e9 fundamental para elevar a qualidade da educa\u00e7\u00e3o","description":"Especialista elenca 11 pontos cruciais para qualificar o trabalho do diretor de uma institui\u00e7\u00e3o de ensino","robots":{"index":"index","follow":"follow","max-snippet":"max-snippet:-1","max-image-preview":"max-image-preview:large","max-video-preview":"max-video-preview:-1"},"canonical":"https:\/\/sinepe-rs.org.br\/educacaoempauta\/gestao\/pisa-2022-gestao-e-fundamental-para-elevar-a-qualidade-da-educacao\/","og_locale":"pt_BR","og_type":"article","og_title":"Gest\u00e3o \u00e9 fundamental para elevar a qualidade da educa\u00e7\u00e3o","og_description":"Especialista elenca 11 pontos cruciais para qualificar o trabalho do diretor de uma institui\u00e7\u00e3o de ensino","og_url":"https:\/\/sinepe-rs.org.br\/educacaoempauta\/gestao\/pisa-2022-gestao-e-fundamental-para-elevar-a-qualidade-da-educacao\/","og_site_name":"Educa\u00e7\u00e3o em Pauta: Portal de reportagens de Educa\u00e7\u00e3o","article_published_time":"2024-02-29T13:42:07+00:00","article_modified_time":"2024-03-05T12:46:07+00:00","og_image":[{"width":1366,"height":450,"url":"https:\/\/sinepe-rs.org.br\/educacaoempauta\/wp-content\/uploads\/2024\/02\/338_SinepeRS_Educacao_Em_Pauta_Sonia_Colombo_Pisa_2022.jpg","type":"image\/jpeg"}],"author":"Alexandra Zanela","twitter_card":"summary_large_image","twitter_misc":{"Escrito por":"Alexandra Zanela","Est. tempo de leitura":"4 minutos"},"schema":{"@context":"https:\/\/schema.org","@graph":[{"@type":"WebPage","@id":"https:\/\/sinepe-rs.org.br\/educacaoempauta\/gestao\/pisa-2022-gestao-e-fundamental-para-elevar-a-qualidade-da-educacao\/","url":"https:\/\/sinepe-rs.org.br\/educacaoempauta\/gestao\/pisa-2022-gestao-e-fundamental-para-elevar-a-qualidade-da-educacao\/","name":"Gest\u00e3o \u00e9 fundamental para elevar a qualidade da educa\u00e7\u00e3o","isPartOf":{"@id":"https:\/\/sinepe-rs.org.br\/educacaoempauta\/#website"},"primaryImageOfPage":{"@id":"https:\/\/sinepe-rs.org.br\/educacaoempauta\/gestao\/pisa-2022-gestao-e-fundamental-para-elevar-a-qualidade-da-educacao\/#primaryimage"},"image":{"@id":"https:\/\/sinepe-rs.org.br\/educacaoempauta\/gestao\/pisa-2022-gestao-e-fundamental-para-elevar-a-qualidade-da-educacao\/#primaryimage"},"thumbnailUrl":"https:\/\/sinepe-rs.org.br\/educacaoempauta\/wp-content\/uploads\/2024\/02\/338_SinepeRS_Educacao_Em_Pauta_Sonia_Colombo_Pisa_2022.jpg","datePublished":"2024-02-29T13:42:07+00:00","dateModified":"2024-03-05T12:46:07+00:00","author":{"@id":"https:\/\/sinepe-rs.org.br\/educacaoempauta\/#\/schema\/person\/c542073558983d5792101d1b5240d841"},"description":"Especialista elenca 11 pontos cruciais para qualificar o trabalho do diretor de uma institui\u00e7\u00e3o de ensino","breadcrumb":{"@id":"https:\/\/sinepe-rs.org.br\/educacaoempauta\/gestao\/pisa-2022-gestao-e-fundamental-para-elevar-a-qualidade-da-educacao\/#breadcrumb"},"inLanguage":"pt-BR","potentialAction":[{"@type":"ReadAction","target":["https:\/\/sinepe-rs.org.br\/educacaoempauta\/gestao\/pisa-2022-gestao-e-fundamental-para-elevar-a-qualidade-da-educacao\/"]}]},{"@type":"ImageObject","inLanguage":"pt-BR","@id":"https:\/\/sinepe-rs.org.br\/educacaoempauta\/gestao\/pisa-2022-gestao-e-fundamental-para-elevar-a-qualidade-da-educacao\/#primaryimage","url":"https:\/\/sinepe-rs.org.br\/educacaoempauta\/wp-content\/uploads\/2024\/02\/338_SinepeRS_Educacao_Em_Pauta_Sonia_Colombo_Pisa_2022.jpg","contentUrl":"https:\/\/sinepe-rs.org.br\/educacaoempauta\/wp-content\/uploads\/2024\/02\/338_SinepeRS_Educacao_Em_Pauta_Sonia_Colombo_Pisa_2022.jpg","width":1366,"height":450,"caption":"PISA 2022: gest\u00e3o \u00e9 fundamental para elevar a qualidade da educa\u00e7\u00e3o"},{"@type":"BreadcrumbList","@id":"https:\/\/sinepe-rs.org.br\/educacaoempauta\/gestao\/pisa-2022-gestao-e-fundamental-para-elevar-a-qualidade-da-educacao\/#breadcrumb","itemListElement":[{"@type":"ListItem","position":1,"name":"Home","item":"https:\/\/sinepe-rs.org.br\/educacaoempauta\/"},{"@type":"ListItem","position":2,"name":"PISA 2022: gest\u00e3o \u00e9 fundamental para elevar a qualidade da educa\u00e7\u00e3o"}]},{"@type":"WebSite","@id":"https:\/\/sinepe-rs.org.br\/educacaoempauta\/#website","url":"https:\/\/sinepe-rs.org.br\/educacaoempauta\/","name":"Educa\u00e7\u00e3o em Pauta: Portal de reportagens de Educa\u00e7\u00e3o","description":"Sinepe-RS","potentialAction":[{"@type":"SearchAction","target":{"@type":"EntryPoint","urlTemplate":"https:\/\/sinepe-rs.org.br\/educacaoempauta\/?s={search_term_string}"},"query-input":{"@type":"PropertyValueSpecification","valueRequired":true,"valueName":"search_term_string"}}],"inLanguage":"pt-BR"},{"@type":"Person","@id":"https:\/\/sinepe-rs.org.br\/educacaoempauta\/#\/schema\/person\/c542073558983d5792101d1b5240d841","name":"Alexandra Zanela","image":{"@type":"ImageObject","inLanguage":"pt-BR","@id":"https:\/\/sinepe-rs.org.br\/educacaoempauta\/#\/schema\/person\/image\/","url":"https:\/\/secure.gravatar.com\/avatar\/aab8da397152551fad5132b4b20cb891945e7bc931de8d0d72495261a983a371?s=96&d=mm&r=g","contentUrl":"https:\/\/secure.gravatar.com\/avatar\/aab8da397152551fad5132b4b20cb891945e7bc931de8d0d72495261a983a371?s=96&d=mm&r=g","caption":"Alexandra Zanela"},"url":"https:\/\/sinepe-rs.org.br\/educacaoempauta\/author\/alexandra\/"}]}},"_links":{"self":[{"href":"https:\/\/sinepe-rs.org.br\/educacaoempauta\/wp-json\/wp\/v2\/posts\/4482","targetHints":{"allow":["GET"]}}],"collection":[{"href":"https:\/\/sinepe-rs.org.br\/educacaoempauta\/wp-json\/wp\/v2\/posts"}],"about":[{"href":"https:\/\/sinepe-rs.org.br\/educacaoempauta\/wp-json\/wp\/v2\/types\/post"}],"author":[{"embeddable":true,"href":"https:\/\/sinepe-rs.org.br\/educacaoempauta\/wp-json\/wp\/v2\/users\/3"}],"replies":[{"embeddable":true,"href":"https:\/\/sinepe-rs.org.br\/educacaoempauta\/wp-json\/wp\/v2\/comments?post=4482"}],"version-history":[{"count":5,"href":"https:\/\/sinepe-rs.org.br\/educacaoempauta\/wp-json\/wp\/v2\/posts\/4482\/revisions"}],"predecessor-version":[{"id":4501,"href":"https:\/\/sinepe-rs.org.br\/educacaoempauta\/wp-json\/wp\/v2\/posts\/4482\/revisions\/4501"}],"wp:featuredmedia":[{"embeddable":true,"href":"https:\/\/sinepe-rs.org.br\/educacaoempauta\/wp-json\/wp\/v2\/media\/4485"}],"wp:attachment":[{"href":"https:\/\/sinepe-rs.org.br\/educacaoempauta\/wp-json\/wp\/v2\/media?parent=4482"}],"wp:term":[{"taxonomy":"category","embeddable":true,"href":"https:\/\/sinepe-rs.org.br\/educacaoempauta\/wp-json\/wp\/v2\/categories?post=4482"},{"taxonomy":"post_tag","embeddable":true,"href":"https:\/\/sinepe-rs.org.br\/educacaoempauta\/wp-json\/wp\/v2\/tags?post=4482"}],"curies":[{"name":"wp","href":"https:\/\/api.w.org\/{rel}","templated":true}]}}