{"id":4510,"date":"2024-03-12T07:01:00","date_gmt":"2024-03-12T10:01:00","guid":{"rendered":"https:\/\/sinepe-rs.org.br\/educacaoempauta\/?p=4510"},"modified":"2024-04-16T09:44:59","modified_gmt":"2024-04-16T12:44:59","slug":"longe-das-telas-a-experiencia-de-escolas-que-limitaram-o-uso-dos-celulares","status":"publish","type":"post","link":"https:\/\/sinepe-rs.org.br\/educacaoempauta\/tendencias\/longe-das-telas-a-experiencia-de-escolas-que-limitaram-o-uso-dos-celulares\/","title":{"rendered":"Longe das telas: a experi\u00eancia de escolas que limitaram o uso dos celulares"},"content":{"rendered":"\n<p>Quais os itens indispens\u00e1veis na mochila de um aluno da Educa\u00e7\u00e3o B\u00e1sica? A resposta mais comum seriam cadernos, livros e outros materiais para estudo. Mas o que n\u00e3o falta na lista de muitos estudantes \u00e9 um aparelho pequeno, mas que ocupa um espa\u00e7o cada vez maior na vida de adultos e crian\u00e7as: o celular. Pensar a nossa vida sem tecnologia j\u00e1 n\u00e3o \u00e9 uma alternativa. Da organiza\u00e7\u00e3o da agenda at\u00e9 o entretenimento, as telas de celulares e outros dispositivos eletr\u00f4nicos s\u00e3o parte do nosso cotidiano. Por\u00e9m, o ambiente escolar tem sido prejudicado em muitos pontos por conta da presen\u00e7a destes aparelhos, a ponto de preocupar organiza\u00e7\u00f5es importantes.&nbsp;<\/p>\n\n\n\n<p>Em julho do ano passado, a Organiza\u00e7\u00e3o das Na\u00e7\u00f5es Unidas (ONU) publicou um <a href=\"https:\/\/unesdoc.unesco.org\/ark:\/48223\/pf0000386147_por\" target=\"_blank\" rel=\"noreferrer noopener\">relat\u00f3rio apontando preocupa\u00e7\u00f5es sobre o uso excessivo de celulares em sala de aula.<\/a> De acordo com a ag\u00eancia da ONU para Educa\u00e7\u00e3o, Ci\u00eancia e Cultura (Unesco), tal uso impacta o aprendizado e tamb\u00e9m as rela\u00e7\u00f5es sociais entre os estudantes.&nbsp;<\/p>\n\n\n\n<p>Mudan\u00e7as para frear os problemas causados pelo uso de celulares nas escolas j\u00e1 come\u00e7am a aparecer. No mesmo estudo, a Unesco aponta que <mark style=\"background-color:#ff6900\" class=\"has-inline-color\">pelo menos um em cada quatro pa\u00edses j\u00e1 pro\u00edbe ou limita dispositivos eletr\u00f4nicos em sala de aula.<\/mark> Se a palavra proibi\u00e7\u00e3o pode soar censuradora e at\u00e9 ofensiva, <mark style=\"background-color:#ff6900\" class=\"has-inline-color\">algumas escolas est\u00e3o investindo na conscientiza\u00e7\u00e3o para que o celular seja utilizado como ferramenta pedag\u00f3gica e n\u00e3o como um companheiro insepar\u00e1vel dos alunos.<\/mark> O diretor do <a href=\"https:\/\/maua.g12.br\/site\/\" target=\"_blank\" rel=\"noreferrer noopener\">Col\u00e9gio Mau\u00e1, de Santa Cruz do Sul<\/a>, e vice-presidente do <a href=\"https:\/\/www.sinepe-rs.org.br\/\" target=\"_blank\" rel=\"noreferrer noopener\">SINEPE\/RS<\/a>, Nestor Raschen, vivenciou o in\u00edcio de um processo que a partir deste ano vai limitar o uso de celulares para os alunos, inclusive durante os intervalos.&nbsp;<\/p>\n\n\n\n<p>\u201cAo longo do ano passado, organizamos palestras para os pais, alertando para o uso excessivo dos eletr\u00f4nicos. Eles participaram deste processo ativamente. Tamb\u00e9m realizamos uma pesquisa com os alunos do 5\u00ba ano do Ensino Fundamental para entender o tempo de uso dos celulares. Nos surpreendeu que 50% deles estavam utilizando o celular por mais de tr\u00eas horas por dia. Isso nos assustou\u201d, lembra Raschen.&nbsp;<\/p>\n\n\n\n<p>Esse panorama fez com que a escola adotasse a <mark style=\"background-color:#ff6900\" class=\"has-inline-color\">recomenda\u00e7\u00e3o de restringir o uso dos dispositivos ao m\u00ednimo, inclusive orientando os alunos a n\u00e3o levarem os aparelhos para a escola.<\/mark> Em caso da necessidade de uma pesquisa para alguma atividade proposta pelo professor, os alunos devem realizar a busca em casa e trazerem suas anota\u00e7\u00f5es para desenvolverem o trabalho em sala de aula. Isso j\u00e1 era uma praxe para as turmas at\u00e9 o 4\u00ba ano, mas 2024 marca uma mudan\u00e7a para os alunos do 5\u00ba ano, que n\u00e3o poder\u00e3o utilizar celulares tamb\u00e9m nos per\u00edodos de intervalo.&nbsp;<\/p>\n\n\n\n<figure class=\"wp-block-image size-large\"><img loading=\"lazy\" decoding=\"async\" width=\"1024\" height=\"684\" src=\"https:\/\/sinepe-rs.org.br\/educacaoempauta\/wp-content\/uploads\/2024\/03\/Sinepe-1-1024x684.jpg\" alt=\"\" class=\"wp-image-4523\" srcset=\"https:\/\/sinepe-rs.org.br\/educacaoempauta\/wp-content\/uploads\/2024\/03\/Sinepe-1-1024x684.jpg 1024w, https:\/\/sinepe-rs.org.br\/educacaoempauta\/wp-content\/uploads\/2024\/03\/Sinepe-1-300x200.jpg 300w, https:\/\/sinepe-rs.org.br\/educacaoempauta\/wp-content\/uploads\/2024\/03\/Sinepe-1-768x513.jpg 768w, https:\/\/sinepe-rs.org.br\/educacaoempauta\/wp-content\/uploads\/2024\/03\/Sinepe-1-1536x1025.jpg 1536w, https:\/\/sinepe-rs.org.br\/educacaoempauta\/wp-content\/uploads\/2024\/03\/Sinepe-1.jpg 1600w\" sizes=\"auto, (max-width: 1024px) 100vw, 1024px\" \/><figcaption class=\"wp-element-caption\">Col\u00e9gio Mau\u00e1, em Santa Cruz do Sul, limitou o uso dos celulares para promover maior intera\u00e7\u00e3o entre os estudantes, inclusive nos intervalos das aulas | Foto: Regina Colombelli \/ Divulga\u00e7\u00e3o<\/figcaption><\/figure>\n\n\n\n<p>\u201cA partir do 6\u00ba ano, recomendamos que eles sigam n\u00e3o utilizando os celulares. Mas nossa inten\u00e7\u00e3o \u00e9 implantar essa normativa avan\u00e7ando a cada ano em uma nova etapa de turmas, at\u00e9 o final do Ensino M\u00e9dio. Desejamos que eles tenham um espa\u00e7o de conviv\u00eancia no intervalo e n\u00e3o ficar cada um no seu aparelho. Temos um espa\u00e7o privilegiado aqui na escola e eles podem aproveit\u00e1-lo longe da tecnologia\u201d, explica Raschen, que afirma que a resposta dos alunos \u00e0 normativa tem sido positiva.&nbsp;<\/p>\n\n\n\n<p><strong><mark style=\"background-color:#fcb900\" class=\"has-inline-color\">Leia tamb\u00e9m: <br><\/mark><\/strong><a href=\"https:\/\/sinepe-rs.org.br\/educacaoempauta\/tendencias\/as-regras-e-o-bom-uso-do-celular-em-sala-de-aula\/\" target=\"_blank\" rel=\"noreferrer noopener\"><mark style=\"background-color:#fcb900\" class=\"has-inline-color\"><strong>&gt;&gt; As regras e o bom uso do celular em sala de aula<br><\/strong><\/mark><\/a><a href=\"https:\/\/sinepe-rs.org.br\/educacaoempauta\/pedagogico\/os-impactos-da-tecnologia-no-desenvolvimento-de-criancas-e-adolescentes\/\" target=\"_blank\" rel=\"noreferrer noopener\"><mark style=\"background-color:#fcb900\" class=\"has-inline-color\"><strong>&gt;&gt; Os impactos da tecnologia no desenvolvimento de crian\u00e7as e adolescentes<\/strong><\/mark><\/a><\/p>\n\n\n\n<p>Mais do que trabalhar a quest\u00e3o da concentra\u00e7\u00e3o dos alunos, a sa\u00fade tamb\u00e9m \u00e9 um dos focos do Col\u00e9gio Mau\u00e1 com a normativa. <mark style=\"background-color:#ff6900\" class=\"has-inline-color\">A intoxica\u00e7\u00e3o digital e o cuidado com as <em>fake news<\/em> s\u00e3o temas discutidos por alunos e professores, que tamb\u00e9m s\u00e3o orientados a usarem seus celulares de uma forma inteligente.<\/mark>&nbsp;<\/p>\n\n\n\n<p><strong>Desplugar para interagir<\/strong><\/p>\n\n\n\n<p>Um outro exemplo vem do noroeste do Estado. A escola <a href=\"https:\/\/lasalle.edu.br\/medianeira\" target=\"_blank\" rel=\"noreferrer noopener\">La Salle Medianeira<\/a> instituiu o projeto Desplugado, onde os estudantes deixam seus aparelhos em um porta-celular fixo nas paredes das salas de aula e personalizado com o nome de cada aluno. Em alguns casos, sob autoriza\u00e7\u00e3o dos professores, os aparelhos podem ser utilizados para atividades pedag\u00f3gicas. J\u00e1 no intervalo das aulas, os celulares podem ser utilizados para a compra de lanches por meio de PIX. A vice-diretora e coordenadora pedag\u00f3gica da escola Marlete Gut destaca que o celular n\u00e3o \u00e9 considerado material escolar, uma vez que a institui\u00e7\u00e3o disponibiliza Chromebooks para os estudantes e que a diretriz da escola \u00e9 embasada em pesquisas que evidenciam os efeitos prejudiciais do uso excessivo de celulares e tamb\u00e9m nos feedbacks dos professores.<\/p>\n\n\n\n<p>\u201cJ\u00e1 \u00e9 comprovado que o abuso dos dispositivos eletr\u00f4nicos pode levar a danos cognitivos, dificuldades de socializa\u00e7\u00e3o e aprendizado, e afetar a aten\u00e7\u00e3o, em todas as idades. Alguns dos nossos professores sinalizaram alguns pontos, como a falta de leitura e a desaten\u00e7\u00e3o em sala de aula\u201d, afirma.&nbsp;<\/p>\n\n\n\n<p>Outro momento que evidenciou ainda mais a for\u00e7a dos eletr\u00f4nicos foi uma experi\u00eancia proposta pela professora Sandra Balb\u00e9 de Freitas, da disciplina de Sociologia: um almo\u00e7o na escola para os estudantes do Ensino M\u00e9dio, em que os celulares n\u00e3o poderiam ser utilizados por, pelo menos, duas horas.&nbsp;<\/p>\n\n\n\n<p>\u201cAlguns alunos acharam que seria imposs\u00edvel, mas essa din\u00e2mica fez com que eles percebessem e enxergassem os outros. Conversaram e praticaram esportes, ao inv\u00e9s de cada um ficar no seu canto sozinho. Eles aprovaram a ideia e reconheceram que a intera\u00e7\u00e3o com os colegas melhorou muito e que a ansiedade diminuiu\u201d, relata Marlete.&nbsp;<\/p>\n\n\n\n<figure class=\"wp-block-image\"><img decoding=\"async\" src=\"https:\/\/lh7-us.googleusercontent.com\/nuuQwszK31OlzjjpQKt6Xck6Is3P5Z5EG6kglY5yR2Y92aodsOrqHsNxQ1EipMkfYiLnGzgFFOcYA6Z85d16zrTzD_Kvl2i9EIoVfqxZEC4WJov05rYaoqOJq3RuBoBq1HL31iQdVl6J\" alt=\"\"\/><figcaption class=\"wp-element-caption\">Alunos da La Salle Medianeira organizaram almo\u00e7o \u201cdesplugado\u201d para incentivar o di\u00e1logo entre os estudantes. O Momento tamb\u00e9m contou com m\u00fasica e jogos | Foto: Ir. Junior Schnorremberger \/ Divulga\u00e7\u00e3o<\/figcaption><\/figure>\n\n\n\n<p>O resultado \u00e9 que outros almo\u00e7os e at\u00e9 um torneio foram organizados pelos pr\u00f3prios alunos, tudo isso longe das telas. Se \u201cdesplugar\u201d passou a ser uma op\u00e7\u00e3o bem-vinda e que trouxe novas possibilidades de trocas. A partir do m\u00eas de abril, as sextas-feiras ser\u00e3o de m\u00fasica e conversa nos intervalos, momento em que os alunos ser\u00e3o orientados a sequer trazer o celular na mochila. E h\u00e1 ainda um projeto para incentivar que os livros f\u00edsicos dominem as m\u00e3os t\u00e3o h\u00e1beis em dar cliques.&nbsp;<\/p>\n\n\n\n<p>\u201cTemos um projeto de um dia da semana ter um momento de leitura para todos que est\u00e3o na escola. Vamos parar, inclusive os auxiliares, profissionais de servi\u00e7os gerais e professores, para se dedicar \u00e0 leitura de livros e reportagens. Ap\u00f3s os porta-celulares, a pr\u00f3xima etapa ser\u00e1 restringir o uso dos aparelhos durante um dia da semana, e a\u00ed at\u00e9 mesmo nos intervalos. A inten\u00e7\u00e3o n\u00e3o \u00e9 proibir simplesmente, mas fazer com que os estudantes percebam que os aparelhos n\u00e3o s\u00e3o t\u00e3o necess\u00e1rios quanto parecem\u201d, finaliza a vice-diretora.&nbsp;<\/p>\n\n\n\n<p>As mudan\u00e7as tamb\u00e9m foram sentidas em sala de aula. Para a professora de biologia da institui\u00e7\u00e3o, Tieli Menzel, <mark style=\"background-color:#ff6900\" class=\"has-inline-color\">as medidas de restri\u00e7\u00e3o ao uso de celulares t\u00eam estimulado intera\u00e7\u00f5es mais significativas entre os estudantes, promovendo discuss\u00f5es e debates mais frequentes durante as aulas<\/mark> e garantindo uma nova, digamos, trilha sonora.<\/p>\n\n\n\n<p>\u201cAo n\u00e3o poderem recorrer instantaneamente aos seus celulares para buscar informa\u00e7\u00f5es, os alunos s\u00e3o obrigados a pensar de forma cr\u00edtica e a dialogar entre si, o que fortalece o processo de ensino e aprendizado. Ou seja, a sala ficou mais &#8220;barulhenta&#8221;, mas no sentido bom: com mais discuss\u00f5es, debates e trocas de ideias\u201d, avalia a educadora.<\/p>\n\n\n\n<p>A tecnologia proporciona in\u00fameras possibilidades para a educa\u00e7\u00e3o e professores e gestores t\u00eam investido nela como mais uma alternativa para chamar a aten\u00e7\u00e3o dos alunos para os conte\u00fados de diferentes disciplinas. Por\u00e9m, olhar no olho, trocar experi\u00eancias que v\u00e3o al\u00e9m de emojis e figurinhas e se divertir e aprender com romances, contos e poesias em p\u00e1ginas de papel tamb\u00e9m t\u00eam um grande valor na forma\u00e7\u00e3o dos estudantes. \u00c9 de conhecimento que adultos tamb\u00e9m sofrem com o v\u00edcio em celulares e outros dispositivos, mas h\u00e1 um trabalho \u00e1rduo sendo realizado na educa\u00e7\u00e3o para que a trend da vez seja descobrir o mundo no formato off-line.&nbsp;<\/p>\n","protected":false},"excerpt":{"rendered":"<p>Institui\u00e7\u00f5es mostram que resultados s\u00e3o positivos e percebidos por fam\u00edlias e pelos pr\u00f3prios estudantes<\/p>\n","protected":false},"author":3,"featured_media":4513,"comment_status":"closed","ping_status":"closed","sticky":false,"template":"","format":"standard","meta":{"footnotes":""},"categories":[8],"tags":[491,625,624,43],"class_list":["post-4510","post","type-post","status-publish","format-standard","has-post-thumbnail","hentry","category-tendencias","tag-celular-em-sala-de-aula","tag-limite-uso-de-celular","tag-restricoes-de-uso-de-celular","tag-sinepe-rs-2"],"acf":[],"yoast_head":"<!-- This site is optimized with the Yoast SEO plugin v24.6 - https:\/\/yoast.com\/wordpress\/plugins\/seo\/ -->\n<title>A experi\u00eancia de escolas que limitaram o uso dos celulares<\/title>\n<meta name=\"description\" content=\"Institui\u00e7\u00f5es mostram que resultados s\u00e3o positivos e percebidos por fam\u00edlias e pelos pr\u00f3prios estudantes\" \/>\n<meta name=\"robots\" content=\"index, follow, max-snippet:-1, max-image-preview:large, max-video-preview:-1\" \/>\n<link rel=\"canonical\" href=\"https:\/\/sinepe-rs.org.br\/educacaoempauta\/tendencias\/longe-das-telas-a-experiencia-de-escolas-que-limitaram-o-uso-dos-celulares\/\" \/>\n<meta property=\"og:locale\" content=\"pt_BR\" \/>\n<meta property=\"og:type\" content=\"article\" \/>\n<meta property=\"og:title\" content=\"A experi\u00eancia de escolas que limitaram o uso dos celulares\" \/>\n<meta property=\"og:description\" content=\"Institui\u00e7\u00f5es mostram que resultados s\u00e3o positivos e percebidos por fam\u00edlias e pelos pr\u00f3prios estudantes\" \/>\n<meta property=\"og:url\" content=\"https:\/\/sinepe-rs.org.br\/educacaoempauta\/tendencias\/longe-das-telas-a-experiencia-de-escolas-que-limitaram-o-uso-dos-celulares\/\" \/>\n<meta property=\"og:site_name\" content=\"Educa\u00e7\u00e3o em Pauta: Portal de reportagens de Educa\u00e7\u00e3o\" \/>\n<meta property=\"article:published_time\" content=\"2024-03-12T10:01:00+00:00\" \/>\n<meta property=\"article:modified_time\" content=\"2024-04-16T12:44:59+00:00\" \/>\n<meta property=\"og:image\" content=\"https:\/\/sinepe-rs.org.br\/educacaoempauta\/wp-content\/uploads\/2024\/03\/356_SinepeRS_Educacao_Em_Pauta_Uso_Celulares_Sala_de_Aula.jpg\" \/>\n\t<meta property=\"og:image:width\" content=\"1366\" \/>\n\t<meta property=\"og:image:height\" content=\"450\" \/>\n\t<meta property=\"og:image:type\" content=\"image\/jpeg\" \/>\n<meta name=\"author\" content=\"Alexandra Zanela\" \/>\n<meta name=\"twitter:card\" content=\"summary_large_image\" \/>\n<meta name=\"twitter:label1\" content=\"Escrito por\" \/>\n\t<meta name=\"twitter:data1\" content=\"Alexandra Zanela\" \/>\n\t<meta name=\"twitter:label2\" content=\"Est. tempo de leitura\" \/>\n\t<meta name=\"twitter:data2\" content=\"8 minutos\" \/>\n<script type=\"application\/ld+json\" class=\"yoast-schema-graph\">{\"@context\":\"https:\/\/schema.org\",\"@graph\":[{\"@type\":\"WebPage\",\"@id\":\"https:\/\/sinepe-rs.org.br\/educacaoempauta\/tendencias\/longe-das-telas-a-experiencia-de-escolas-que-limitaram-o-uso-dos-celulares\/\",\"url\":\"https:\/\/sinepe-rs.org.br\/educacaoempauta\/tendencias\/longe-das-telas-a-experiencia-de-escolas-que-limitaram-o-uso-dos-celulares\/\",\"name\":\"A experi\u00eancia de escolas que limitaram o uso dos celulares\",\"isPartOf\":{\"@id\":\"https:\/\/sinepe-rs.org.br\/educacaoempauta\/#website\"},\"primaryImageOfPage\":{\"@id\":\"https:\/\/sinepe-rs.org.br\/educacaoempauta\/tendencias\/longe-das-telas-a-experiencia-de-escolas-que-limitaram-o-uso-dos-celulares\/#primaryimage\"},\"image\":{\"@id\":\"https:\/\/sinepe-rs.org.br\/educacaoempauta\/tendencias\/longe-das-telas-a-experiencia-de-escolas-que-limitaram-o-uso-dos-celulares\/#primaryimage\"},\"thumbnailUrl\":\"https:\/\/sinepe-rs.org.br\/educacaoempauta\/wp-content\/uploads\/2024\/03\/356_SinepeRS_Educacao_Em_Pauta_Uso_Celulares_Sala_de_Aula.jpg\",\"datePublished\":\"2024-03-12T10:01:00+00:00\",\"dateModified\":\"2024-04-16T12:44:59+00:00\",\"author\":{\"@id\":\"https:\/\/sinepe-rs.org.br\/educacaoempauta\/#\/schema\/person\/c542073558983d5792101d1b5240d841\"},\"description\":\"Institui\u00e7\u00f5es mostram que resultados s\u00e3o positivos e percebidos por fam\u00edlias e pelos pr\u00f3prios estudantes\",\"breadcrumb\":{\"@id\":\"https:\/\/sinepe-rs.org.br\/educacaoempauta\/tendencias\/longe-das-telas-a-experiencia-de-escolas-que-limitaram-o-uso-dos-celulares\/#breadcrumb\"},\"inLanguage\":\"pt-BR\",\"potentialAction\":[{\"@type\":\"ReadAction\",\"target\":[\"https:\/\/sinepe-rs.org.br\/educacaoempauta\/tendencias\/longe-das-telas-a-experiencia-de-escolas-que-limitaram-o-uso-dos-celulares\/\"]}]},{\"@type\":\"ImageObject\",\"inLanguage\":\"pt-BR\",\"@id\":\"https:\/\/sinepe-rs.org.br\/educacaoempauta\/tendencias\/longe-das-telas-a-experiencia-de-escolas-que-limitaram-o-uso-dos-celulares\/#primaryimage\",\"url\":\"https:\/\/sinepe-rs.org.br\/educacaoempauta\/wp-content\/uploads\/2024\/03\/356_SinepeRS_Educacao_Em_Pauta_Uso_Celulares_Sala_de_Aula.jpg\",\"contentUrl\":\"https:\/\/sinepe-rs.org.br\/educacaoempauta\/wp-content\/uploads\/2024\/03\/356_SinepeRS_Educacao_Em_Pauta_Uso_Celulares_Sala_de_Aula.jpg\",\"width\":1366,\"height\":450,\"caption\":\"Longe das telas: a experi\u00eancia de escolas que limitaram o uso dos celulares\"},{\"@type\":\"BreadcrumbList\",\"@id\":\"https:\/\/sinepe-rs.org.br\/educacaoempauta\/tendencias\/longe-das-telas-a-experiencia-de-escolas-que-limitaram-o-uso-dos-celulares\/#breadcrumb\",\"itemListElement\":[{\"@type\":\"ListItem\",\"position\":1,\"name\":\"Home\",\"item\":\"https:\/\/sinepe-rs.org.br\/educacaoempauta\/\"},{\"@type\":\"ListItem\",\"position\":2,\"name\":\"Longe das telas: a experi\u00eancia de escolas que limitaram o uso dos celulares\"}]},{\"@type\":\"WebSite\",\"@id\":\"https:\/\/sinepe-rs.org.br\/educacaoempauta\/#website\",\"url\":\"https:\/\/sinepe-rs.org.br\/educacaoempauta\/\",\"name\":\"Educa\u00e7\u00e3o em Pauta: Portal de reportagens de Educa\u00e7\u00e3o\",\"description\":\"Sinepe-RS\",\"potentialAction\":[{\"@type\":\"SearchAction\",\"target\":{\"@type\":\"EntryPoint\",\"urlTemplate\":\"https:\/\/sinepe-rs.org.br\/educacaoempauta\/?s={search_term_string}\"},\"query-input\":{\"@type\":\"PropertyValueSpecification\",\"valueRequired\":true,\"valueName\":\"search_term_string\"}}],\"inLanguage\":\"pt-BR\"},{\"@type\":\"Person\",\"@id\":\"https:\/\/sinepe-rs.org.br\/educacaoempauta\/#\/schema\/person\/c542073558983d5792101d1b5240d841\",\"name\":\"Alexandra Zanela\",\"image\":{\"@type\":\"ImageObject\",\"inLanguage\":\"pt-BR\",\"@id\":\"https:\/\/sinepe-rs.org.br\/educacaoempauta\/#\/schema\/person\/image\/\",\"url\":\"https:\/\/secure.gravatar.com\/avatar\/aab8da397152551fad5132b4b20cb891945e7bc931de8d0d72495261a983a371?s=96&d=mm&r=g\",\"contentUrl\":\"https:\/\/secure.gravatar.com\/avatar\/aab8da397152551fad5132b4b20cb891945e7bc931de8d0d72495261a983a371?s=96&d=mm&r=g\",\"caption\":\"Alexandra Zanela\"},\"url\":\"https:\/\/sinepe-rs.org.br\/educacaoempauta\/author\/alexandra\/\"}]}<\/script>\n<!-- \/ Yoast SEO plugin. -->","yoast_head_json":{"title":"A experi\u00eancia de escolas que limitaram o uso dos celulares","description":"Institui\u00e7\u00f5es mostram que resultados s\u00e3o positivos e percebidos por fam\u00edlias e pelos pr\u00f3prios estudantes","robots":{"index":"index","follow":"follow","max-snippet":"max-snippet:-1","max-image-preview":"max-image-preview:large","max-video-preview":"max-video-preview:-1"},"canonical":"https:\/\/sinepe-rs.org.br\/educacaoempauta\/tendencias\/longe-das-telas-a-experiencia-de-escolas-que-limitaram-o-uso-dos-celulares\/","og_locale":"pt_BR","og_type":"article","og_title":"A experi\u00eancia de escolas que limitaram o uso dos celulares","og_description":"Institui\u00e7\u00f5es mostram que resultados s\u00e3o positivos e percebidos por fam\u00edlias e pelos pr\u00f3prios estudantes","og_url":"https:\/\/sinepe-rs.org.br\/educacaoempauta\/tendencias\/longe-das-telas-a-experiencia-de-escolas-que-limitaram-o-uso-dos-celulares\/","og_site_name":"Educa\u00e7\u00e3o em Pauta: Portal de reportagens de Educa\u00e7\u00e3o","article_published_time":"2024-03-12T10:01:00+00:00","article_modified_time":"2024-04-16T12:44:59+00:00","og_image":[{"width":1366,"height":450,"url":"https:\/\/sinepe-rs.org.br\/educacaoempauta\/wp-content\/uploads\/2024\/03\/356_SinepeRS_Educacao_Em_Pauta_Uso_Celulares_Sala_de_Aula.jpg","type":"image\/jpeg"}],"author":"Alexandra Zanela","twitter_card":"summary_large_image","twitter_misc":{"Escrito por":"Alexandra Zanela","Est. tempo de leitura":"8 minutos"},"schema":{"@context":"https:\/\/schema.org","@graph":[{"@type":"WebPage","@id":"https:\/\/sinepe-rs.org.br\/educacaoempauta\/tendencias\/longe-das-telas-a-experiencia-de-escolas-que-limitaram-o-uso-dos-celulares\/","url":"https:\/\/sinepe-rs.org.br\/educacaoempauta\/tendencias\/longe-das-telas-a-experiencia-de-escolas-que-limitaram-o-uso-dos-celulares\/","name":"A experi\u00eancia de escolas que limitaram o uso dos celulares","isPartOf":{"@id":"https:\/\/sinepe-rs.org.br\/educacaoempauta\/#website"},"primaryImageOfPage":{"@id":"https:\/\/sinepe-rs.org.br\/educacaoempauta\/tendencias\/longe-das-telas-a-experiencia-de-escolas-que-limitaram-o-uso-dos-celulares\/#primaryimage"},"image":{"@id":"https:\/\/sinepe-rs.org.br\/educacaoempauta\/tendencias\/longe-das-telas-a-experiencia-de-escolas-que-limitaram-o-uso-dos-celulares\/#primaryimage"},"thumbnailUrl":"https:\/\/sinepe-rs.org.br\/educacaoempauta\/wp-content\/uploads\/2024\/03\/356_SinepeRS_Educacao_Em_Pauta_Uso_Celulares_Sala_de_Aula.jpg","datePublished":"2024-03-12T10:01:00+00:00","dateModified":"2024-04-16T12:44:59+00:00","author":{"@id":"https:\/\/sinepe-rs.org.br\/educacaoempauta\/#\/schema\/person\/c542073558983d5792101d1b5240d841"},"description":"Institui\u00e7\u00f5es mostram que resultados s\u00e3o positivos e percebidos por fam\u00edlias e pelos pr\u00f3prios estudantes","breadcrumb":{"@id":"https:\/\/sinepe-rs.org.br\/educacaoempauta\/tendencias\/longe-das-telas-a-experiencia-de-escolas-que-limitaram-o-uso-dos-celulares\/#breadcrumb"},"inLanguage":"pt-BR","potentialAction":[{"@type":"ReadAction","target":["https:\/\/sinepe-rs.org.br\/educacaoempauta\/tendencias\/longe-das-telas-a-experiencia-de-escolas-que-limitaram-o-uso-dos-celulares\/"]}]},{"@type":"ImageObject","inLanguage":"pt-BR","@id":"https:\/\/sinepe-rs.org.br\/educacaoempauta\/tendencias\/longe-das-telas-a-experiencia-de-escolas-que-limitaram-o-uso-dos-celulares\/#primaryimage","url":"https:\/\/sinepe-rs.org.br\/educacaoempauta\/wp-content\/uploads\/2024\/03\/356_SinepeRS_Educacao_Em_Pauta_Uso_Celulares_Sala_de_Aula.jpg","contentUrl":"https:\/\/sinepe-rs.org.br\/educacaoempauta\/wp-content\/uploads\/2024\/03\/356_SinepeRS_Educacao_Em_Pauta_Uso_Celulares_Sala_de_Aula.jpg","width":1366,"height":450,"caption":"Longe das telas: a experi\u00eancia de escolas que limitaram o uso dos celulares"},{"@type":"BreadcrumbList","@id":"https:\/\/sinepe-rs.org.br\/educacaoempauta\/tendencias\/longe-das-telas-a-experiencia-de-escolas-que-limitaram-o-uso-dos-celulares\/#breadcrumb","itemListElement":[{"@type":"ListItem","position":1,"name":"Home","item":"https:\/\/sinepe-rs.org.br\/educacaoempauta\/"},{"@type":"ListItem","position":2,"name":"Longe das telas: a experi\u00eancia de escolas que limitaram o uso dos celulares"}]},{"@type":"WebSite","@id":"https:\/\/sinepe-rs.org.br\/educacaoempauta\/#website","url":"https:\/\/sinepe-rs.org.br\/educacaoempauta\/","name":"Educa\u00e7\u00e3o em Pauta: Portal de reportagens de Educa\u00e7\u00e3o","description":"Sinepe-RS","potentialAction":[{"@type":"SearchAction","target":{"@type":"EntryPoint","urlTemplate":"https:\/\/sinepe-rs.org.br\/educacaoempauta\/?s={search_term_string}"},"query-input":{"@type":"PropertyValueSpecification","valueRequired":true,"valueName":"search_term_string"}}],"inLanguage":"pt-BR"},{"@type":"Person","@id":"https:\/\/sinepe-rs.org.br\/educacaoempauta\/#\/schema\/person\/c542073558983d5792101d1b5240d841","name":"Alexandra Zanela","image":{"@type":"ImageObject","inLanguage":"pt-BR","@id":"https:\/\/sinepe-rs.org.br\/educacaoempauta\/#\/schema\/person\/image\/","url":"https:\/\/secure.gravatar.com\/avatar\/aab8da397152551fad5132b4b20cb891945e7bc931de8d0d72495261a983a371?s=96&d=mm&r=g","contentUrl":"https:\/\/secure.gravatar.com\/avatar\/aab8da397152551fad5132b4b20cb891945e7bc931de8d0d72495261a983a371?s=96&d=mm&r=g","caption":"Alexandra Zanela"},"url":"https:\/\/sinepe-rs.org.br\/educacaoempauta\/author\/alexandra\/"}]}},"_links":{"self":[{"href":"https:\/\/sinepe-rs.org.br\/educacaoempauta\/wp-json\/wp\/v2\/posts\/4510","targetHints":{"allow":["GET"]}}],"collection":[{"href":"https:\/\/sinepe-rs.org.br\/educacaoempauta\/wp-json\/wp\/v2\/posts"}],"about":[{"href":"https:\/\/sinepe-rs.org.br\/educacaoempauta\/wp-json\/wp\/v2\/types\/post"}],"author":[{"embeddable":true,"href":"https:\/\/sinepe-rs.org.br\/educacaoempauta\/wp-json\/wp\/v2\/users\/3"}],"replies":[{"embeddable":true,"href":"https:\/\/sinepe-rs.org.br\/educacaoempauta\/wp-json\/wp\/v2\/comments?post=4510"}],"version-history":[{"count":11,"href":"https:\/\/sinepe-rs.org.br\/educacaoempauta\/wp-json\/wp\/v2\/posts\/4510\/revisions"}],"predecessor-version":[{"id":4670,"href":"https:\/\/sinepe-rs.org.br\/educacaoempauta\/wp-json\/wp\/v2\/posts\/4510\/revisions\/4670"}],"wp:featuredmedia":[{"embeddable":true,"href":"https:\/\/sinepe-rs.org.br\/educacaoempauta\/wp-json\/wp\/v2\/media\/4513"}],"wp:attachment":[{"href":"https:\/\/sinepe-rs.org.br\/educacaoempauta\/wp-json\/wp\/v2\/media?parent=4510"}],"wp:term":[{"taxonomy":"category","embeddable":true,"href":"https:\/\/sinepe-rs.org.br\/educacaoempauta\/wp-json\/wp\/v2\/categories?post=4510"},{"taxonomy":"post_tag","embeddable":true,"href":"https:\/\/sinepe-rs.org.br\/educacaoempauta\/wp-json\/wp\/v2\/tags?post=4510"}],"curies":[{"name":"wp","href":"https:\/\/api.w.org\/{rel}","templated":true}]}}