{"id":4534,"date":"2024-03-19T07:45:00","date_gmt":"2024-03-19T10:45:00","guid":{"rendered":"https:\/\/sinepe-rs.org.br\/educacaoempauta\/?p=4534"},"modified":"2024-04-02T09:33:40","modified_gmt":"2024-04-02T12:33:40","slug":"colegio-cria-movimento-que-coloca-alunos-e-suas-acoes-em-evidencia","status":"publish","type":"post","link":"https:\/\/sinepe-rs.org.br\/educacaoempauta\/inspire-se\/colegio-cria-movimento-que-coloca-alunos-e-suas-acoes-em-evidencia\/","title":{"rendered":"Col\u00e9gio cria movimento que coloca alunos e suas a\u00e7\u00f5es em evid\u00eancia"},"content":{"rendered":"\n<p>Intitulado como \u201c<a href=\"https:\/\/www.farroupilha.g12.br\/novo\/da-escola-para-o-mundo\/\"><strong>Da escola para o mundo<\/strong><\/a><a href=\"https:\/\/www.farroupilha.g12.br\/novo\/da-escola-para-o-mundo\/\" target=\"_blank\" rel=\"noreferrer noopener\">\u201d<\/a>, o <mark style=\"background-color:#ff6900\" class=\"has-inline-color\">Col\u00e9gio Farroupilha criou um movimento em que comunica a toda a comunidade o quanto os seus alunos est\u00e3o fazendo a diferen\u00e7a no modo de aprende<\/mark>r, isso por interm\u00e9dio dos seus trabalhos. Essa campanha de relacionamento para a comunidade escolar tem o intuito de compartilhar projetos reais que impactam na vida dos outros.&nbsp;<\/p>\n\n\n\n<p>Conforme comenta a gerente de marketing do col\u00e9gio, \u00c2ngela Sosa, a comunica\u00e7\u00e3o do Farroupilha tem como particularidade sempre acompanhar o que acontece na \u00e1rea da pedagogia. \u201cSomos um apoio para tentar entender as oportunidades, enxergar o cen\u00e1rio e trabalhar em cima disso, porque tem que ser algo verdadeiro. Eu brinco que o nosso trabalho n\u00e3o \u00e9 fazer campanha de matr\u00edcula, mas sim refor\u00e7ar o que acontece por aqui, pois todos os dias os estudantes do Farroupilha est\u00e3o fazendo a diferen\u00e7a\u201d, diz.&nbsp;<\/p>\n\n\n\n<p>Iniciado em 2018, esse <mark style=\"background-color:#ff6900\" class=\"has-inline-color\">movimento \u00e9 fruto das observa\u00e7\u00f5es do que \u00e9 desenvolvido pelos corredores do col\u00e9gio<\/mark>. No entanto, em 2022, houve um processo diferenciado para as escolhas das hist\u00f3rias dos alunos ganharem mais visibilidade, principalmente com a imprensa.&nbsp;<\/p>\n\n\n\n<p>Para isso, foram estimuladas as inscri\u00e7\u00f5es entre os estudantes para mostrar o que estavam fazendo de relevante para a sociedade. A equipe de comunica\u00e7\u00e3o e marketing contou com o apoio dos educadores para descobrir estes projetos e incentivar o envio, chegando a marca de mais de 70 hist\u00f3rias recebidas.&nbsp;<\/p>\n\n\n\n<p><strong>Leia tamb\u00e9m:<br><\/strong><a href=\"https:\/\/sinepe-rs.org.br\/educacaoempauta\/inspire-se\/colegio-farroupilha-desenvolve-projeto-em-prol-de-uma-educacao-universal\/\" target=\"_blank\" rel=\"noreferrer noopener\"><strong>&gt;&gt; Col\u00e9gio Farroupilha desenvolve projeto em prol de uma educa\u00e7\u00e3o universal<\/strong><\/a><br><a href=\"https:\/\/sinepe-rs.org.br\/educacaoempauta\/inspire-se\/empreendimento-criado-por-alunos-resulta-em-impactos-sociais\/\" target=\"_blank\" rel=\"noreferrer noopener\"><strong>&gt;&gt; Empreendimento criado por alunos resulta em impactos sociais<\/strong><\/a><br><a href=\"https:\/\/sinepe-rs.org.br\/educacaoempauta\/inspire-se\/escola-de-barra-do-ribeiro-cria-sus-para-os-animais\/\" target=\"_blank\" rel=\"noreferrer noopener\"><strong>&gt;&gt; Escola de Barra do Ribeiro cria SUS para os animais<\/strong><\/a><\/p>\n\n\n\n<p>Logo, foi preciso incentivo dentro da sala de aula para as inscri\u00e7\u00f5es. \u201cOs professores comentaram com os estudantes o quanto determinadas a\u00e7\u00f5es que fizeram eram importantes de serem mostradas. Assim, podemos descobrir esses trabalhos e contamos muito com a ajuda da \u00e1rea pedag\u00f3gica, que tamb\u00e9m nos ajudou a localizar, incentivar e escolher\u201d, recorda.<\/p>\n\n\n\n<p>Entre os crit\u00e9rios para a sele\u00e7\u00e3o, um de grande import\u00e2ncia era o impacto social, para mensurar a diferen\u00e7a na sociedade. O objetivo era compartilhar projetos reais que fizeram impacto na vida do outro, da sociedade. Desta maneira, algumas hist\u00f3rias de estudantes tiveram mais proje\u00e7\u00e3o, isso a partir de um plano de comunica\u00e7\u00e3o.<\/p>\n\n\n\n<p>As estrat\u00e9gias foram montadas, principalmente, para m\u00eddias direcionadas para atingir os p\u00fablicos de interesse (estudantes, ex-alunos, educadores, fam\u00edlias e sociedade). Com os personagens definidos, foram criadas a\u00e7\u00f5es de assessoria de imprensa, utilizando os ve\u00edculos de comunica\u00e7\u00e3o (jornais, TVs, sites e r\u00e1dios), bem como redes sociais, outdoors e busdoor.<\/p>\n\n\n\n<p><mark style=\"background-color:#ff6900\" class=\"has-inline-color\">Como \u00e9 o caso de <a href=\"https:\/\/www.farroupilha.g12.br\/novo\/da-marcella-para-o-mundo\/\" target=\"_blank\" rel=\"noreferrer noopener\"><strong>Marcella Cesa Bertoluci<\/strong><\/a>, que, aos 16 anos, quando era estudante do 2\u00ba ano do Ensino M\u00e9dio, teve o desejo de mudar a realidade de crian\u00e7as e adolescentes acolhidos em abrigos e casas lares. <\/mark>O projeto da jovem, chamado \u201cMiss\u00e3o Divers\u00e3o\u201d, come\u00e7ou como uma tentativa de unir as duas pontas do processo de ado\u00e7\u00e3o, voltada para a integra\u00e7\u00e3o.\u00a0<\/p>\n\n\n\n<figure class=\"wp-block-image size-large\"><img loading=\"lazy\" decoding=\"async\" width=\"1024\" height=\"694\" src=\"https:\/\/sinepe-rs.org.br\/educacaoempauta\/wp-content\/uploads\/2024\/03\/campanha_2022_site-1-1024x694.jpg\" alt=\"\" class=\"wp-image-4545\" srcset=\"https:\/\/sinepe-rs.org.br\/educacaoempauta\/wp-content\/uploads\/2024\/03\/campanha_2022_site-1-1024x694.jpg 1024w, https:\/\/sinepe-rs.org.br\/educacaoempauta\/wp-content\/uploads\/2024\/03\/campanha_2022_site-1-300x203.jpg 300w, https:\/\/sinepe-rs.org.br\/educacaoempauta\/wp-content\/uploads\/2024\/03\/campanha_2022_site-1-768x521.jpg 768w, https:\/\/sinepe-rs.org.br\/educacaoempauta\/wp-content\/uploads\/2024\/03\/campanha_2022_site-1-1536x1041.jpg 1536w, https:\/\/sinepe-rs.org.br\/educacaoempauta\/wp-content\/uploads\/2024\/03\/campanha_2022_site-1.jpg 1593w\" sizes=\"auto, (max-width: 1024px) 100vw, 1024px\" \/><figcaption class=\"wp-element-caption\"><em>Para as redes sociais, a equipe de comunica\u00e7\u00e3o e marketing do col\u00e9gio criou anima\u00e7\u00f5es contando as hist\u00f3rias dos alunos | Cr\u00e9dito: Col\u00e9gio Farrou\u00edlha \/ Divulga\u00e7\u00e3o<\/em><\/figcaption><\/figure>\n\n\n\n<p><\/p>\n\n\n\n<p>Essa a\u00e7\u00e3o da Marcella contou com parceiros, como um juiz da 2\u00aa Vara da Inf\u00e2ncia e Juventude de Porto Alegre, al\u00e9m do Col\u00e9gio Farroupilha. Para explicar a sua ideia, ela concedeu entrevistas para os ve\u00edculos de comunica\u00e7\u00e3o, como o portal G1, que publicou uma mat\u00e9ria com a manchete<a href=\"https:\/\/g1.globo.com\/rs\/rio-grande-do-sul\/noticia\/2019\/06\/17\/estudante-do-rs-e-finalista-em-premiacao-internacional-com-projeto-para-incentivar-adocao-tardia.ghtml\"> <\/a><strong><a href=\"https:\/\/g1.globo.com\/rs\/rio-grande-do-sul\/noticia\/2019\/06\/17\/estudante-do-rs-e-finalista-em-premiacao-internacional-com-projeto-para-incentivar-adocao-tardia.ghtml\" target=\"_blank\" rel=\"noreferrer noopener\"><em>Estudante do RS \u00e9 finalista em premia\u00e7\u00e3o internacional com projeto para incentivar ado\u00e7\u00e3o tardia<\/em><\/a>.<\/strong><\/p>\n\n\n\n<p><em>Confira o depoimento da estudante sobre o seu projeto:<\/em><\/p>\n\n\n\n<figure class=\"wp-block-embed is-type-video is-provider-youtube wp-block-embed-youtube wp-embed-aspect-16-9 wp-has-aspect-ratio\"><div class=\"wp-block-embed__wrapper\">\n<iframe loading=\"lazy\" title=\"Miss\u00e3o Divers\u00e3o\" width=\"500\" height=\"281\" src=\"https:\/\/www.youtube.com\/embed\/BoWxh8Bkt10?feature=oembed\" frameborder=\"0\" allow=\"accelerometer; autoplay; clipboard-write; encrypted-media; gyroscope; picture-in-picture; web-share\" referrerpolicy=\"strict-origin-when-cross-origin\" allowfullscreen><\/iframe>\n<\/div><\/figure>\n\n\n\n<p><mark style=\"background-color:#ff6900\" class=\"has-inline-color\">Tamb\u00e9m esteve em evid\u00eancia o bolsista do Farroupilha entre 2018 e 2021, <a href=\"https:\/\/www.farroupilha.g12.br\/novo\/do-henrique-para-o-mundo\/\" target=\"_blank\" rel=\"noreferrer noopener\"><strong>Henrique Vieira Soares<\/strong><\/a>. Quando concluiu o Ensino M\u00e9dio, o jovem foi um dos 13 brasileiros e o \u00fanico ga\u00facho selecionado para o programa residencial da United World Colleges (UWC).<\/mark>\u00a0<\/p>\n\n\n\n<p>Ele embarcou para Singapura, onde ir\u00e1 morar e estudar, com bolsa integral, por dois anos. Antes da sua partida para a \u00c1sia, teve a aten\u00e7\u00e3o da imprensa, sendo destaque no portal GZH, com a mat\u00e9ria <a href=\"https:\/\/gauchazh.clicrbs.com.br\/colunistas\/juliana-bublitz\/noticia\/2022\/06\/da-lomba-do-pinheiro-para-singapura-estudante-conquista-bolsa-de-estudos-integral-no-exterior-cl504y7ca000x0167hqlt3ed3.html\" target=\"_blank\" rel=\"noreferrer noopener\"><strong><em>Da Lomba do Pinheiro para Singapura: estudante conquista bolsa de estudos integral no Exterior<\/em>.<\/strong><\/a><\/p>\n\n\n\n<figure class=\"wp-block-image\"><img loading=\"lazy\" decoding=\"async\" width=\"1279\" height=\"694\" src=\"https:\/\/sinepe-rs.org.br\/educacaoempauta\/wp-content\/uploads\/2024\/03\/image-1.png\" alt=\"\" class=\"wp-image-4540\" srcset=\"https:\/\/sinepe-rs.org.br\/educacaoempauta\/wp-content\/uploads\/2024\/03\/image-1.png 1279w, https:\/\/sinepe-rs.org.br\/educacaoempauta\/wp-content\/uploads\/2024\/03\/image-1-300x163.png 300w, https:\/\/sinepe-rs.org.br\/educacaoempauta\/wp-content\/uploads\/2024\/03\/image-1-1024x556.png 1024w, https:\/\/sinepe-rs.org.br\/educacaoempauta\/wp-content\/uploads\/2024\/03\/image-1-768x417.png 768w\" sizes=\"auto, (max-width: 1279px) 100vw, 1279px\" \/><figcaption class=\"wp-element-caption\"><em>Col\u00e9gio destacou os projetos da institui\u00e7\u00e3o em busdoors | Cr\u00e9dito: Col\u00e9gio Farroupilha \/ Divulga\u00e7\u00e3o<\/em><br><\/figcaption><\/figure>\n\n\n\n<p><strong>Resultados e planos<\/strong><\/p>\n\n\n\n<p>Na vis\u00e3o de \u00c2ngela, o maior resultado de toda essa a\u00e7\u00e3o foi refor\u00e7ar e dar visibilidade ao que acontece de verdade todos os dias dentro do col\u00e9gio. \u201cTivemos um \u00edndice de participa\u00e7\u00e3o e reconhecimento muito grande da comunidade escolar. No fim do ano, quando perguntamos o quanto eles achavam que a escola realmente prepara o aluno estudante para o mundo, o \u00edndice de satisfa\u00e7\u00e3o foi alto, mais de 90%\u201d, relata.<\/p>\n\n\n\n<p><mark style=\"background-color:#ff6900\" class=\"has-inline-color\">Em 2022, foram mais de 15 publica\u00e7\u00f5es em ve\u00edculos de comunica\u00e7\u00e3o diferentes, o equivalente a mais de R$ 700 mil em m\u00eddia espont\u00e2nea<\/mark>. Quanto \u00e0s postagens nas redes sociais do col\u00e9gio, foram mais de 2 mil curtidas, que alcan\u00e7aram, em m\u00e9dia, 4 mil pessoas.\u00a0<\/p>\n\n\n\n<p>Em raz\u00e3o destes retornos e dados, o Farroupilha recebeu um grande reconhecimento no ano passado. O col\u00e9gio foi <a href=\"https:\/\/www.sinepe-rs.org.br\/noticias\/premio-inovacao-sinepers-2023-revelou-vencedores-e-comemorou-75-anos-do-sindicato\" target=\"_blank\" rel=\"noreferrer noopener\"><strong>ouro na categoria Comunica\u00e7\u00e3o e Marketing no Pr\u00eamio Sinepe\/RS Inova\u00e7\u00e3<\/strong><\/a><a href=\"https:\/\/www.sinepe-rs.org.br\/noticias\/premio-inovacao-sinepers-2023-revelou-vencedores-e-comemorou-75-anos-do-sindicato\"><strong>o 2023.<\/strong><\/a><\/p>\n\n\n\n<p><a href=\"https:\/\/www.sinepersplay.com.br\/app\/premio-inovacao-sinepe-rs\/defesa-dos-projetos-finalistas-2023\/da-escola-para-o-mundo-o-posicionamento-do-colegio-farroupilha-em-pratica\" target=\"_blank\" rel=\"noreferrer noopener\"><strong>&gt;&gt; Confira o v\u00eddeo de apresenta\u00e7\u00e3o do projeto na Defesa P\u00fablica do Pr\u00eamio Inova\u00e7\u00e3o SINEPE\/RS<\/strong><\/a><\/p>\n\n\n\n<p>Para dar sequ\u00eancia ao que j\u00e1 foi realizado, \u00c2ngela comenta que existe a fase 2 do movimento \u201cDa escola para o mundo\u201d. Um fator que contribui para esse novo momento s\u00e3o as obras que est\u00e3o sendo realizadas atualmente, o que permitir\u00e1 novos espa\u00e7os de aprendizagem, que, por vez, promover\u00e3o novas viv\u00eancias aos estudantes.&nbsp;<\/p>\n\n\n\n<p>A equipe de comunica\u00e7\u00e3o e marketing do Farroupilha pretende colocar ainda mais em evid\u00eancia os estudantes. \u201c\u00c9 a nossa hist\u00f3ria em movimento, continuar tendo o aluno como protagonista. Ali\u00e1s, eles nunca saem daqui eles voltam para encontrar os ex-colegas, matricular e acompanhar os filhos \u2013 temos fam\u00edlias que est\u00e3o na terceira gera\u00e7\u00e3o, promover projetos com o col\u00e9gio, ou s\u00f3 uma visita para relembrar os bons momentos da vida escolar. O Farroupilha prepara para o mundo, mas o cora\u00e7\u00e3o segue por aqui\u201d, ressalta.&nbsp;<\/p>\n","protected":false},"excerpt":{"rendered":"<p>Por meio de uma curadoria de hist\u00f3rias, o \u201cDa escola para o mundo\u201d fez com que os estudantes projetassem seus trabalhos na m\u00eddia e nas redes sociais<\/p>\n","protected":false},"author":3,"featured_media":4547,"comment_status":"closed","ping_status":"closed","sticky":false,"template":"","format":"standard","meta":{"footnotes":""},"categories":[7],"tags":[126,43],"class_list":["post-4534","post","type-post","status-publish","format-standard","has-post-thumbnail","hentry","category-inspire-se","tag-colegio-farroupilha","tag-sinepe-rs-2"],"acf":[],"yoast_head":"<!-- This site is optimized with the Yoast SEO plugin v24.6 - https:\/\/yoast.com\/wordpress\/plugins\/seo\/ -->\n<title>Col\u00e9gio cria movimento que coloca alunos em evid\u00eancia<\/title>\n<meta name=\"description\" content=\"O \u201cDa escola para o mundo\u201d fez com que os estudantes projetassem seus trabalhos na m\u00eddia e nas redes sociais\" \/>\n<meta name=\"robots\" content=\"index, follow, max-snippet:-1, max-image-preview:large, max-video-preview:-1\" \/>\n<link rel=\"canonical\" href=\"https:\/\/sinepe-rs.org.br\/educacaoempauta\/inspire-se\/colegio-cria-movimento-que-coloca-alunos-e-suas-acoes-em-evidencia\/\" \/>\n<meta property=\"og:locale\" content=\"pt_BR\" \/>\n<meta property=\"og:type\" content=\"article\" \/>\n<meta property=\"og:title\" content=\"Col\u00e9gio cria movimento que coloca alunos em evid\u00eancia\" \/>\n<meta property=\"og:description\" content=\"O \u201cDa escola para o mundo\u201d fez com que os estudantes projetassem seus trabalhos na m\u00eddia e nas redes sociais\" \/>\n<meta property=\"og:url\" content=\"https:\/\/sinepe-rs.org.br\/educacaoempauta\/inspire-se\/colegio-cria-movimento-que-coloca-alunos-e-suas-acoes-em-evidencia\/\" \/>\n<meta property=\"og:site_name\" content=\"Educa\u00e7\u00e3o em Pauta: Portal de reportagens de Educa\u00e7\u00e3o\" \/>\n<meta property=\"article:published_time\" content=\"2024-03-19T10:45:00+00:00\" \/>\n<meta property=\"article:modified_time\" content=\"2024-04-02T12:33:40+00:00\" \/>\n<meta property=\"og:image\" content=\"https:\/\/sinepe-rs.org.br\/educacaoempauta\/wp-content\/uploads\/2024\/03\/355_Sinepe_RS_Educacao_Em_Pauta_colegio_farroupilha_divulgacao.jpeg.png\" \/>\n\t<meta property=\"og:image:width\" content=\"1366\" \/>\n\t<meta property=\"og:image:height\" content=\"450\" \/>\n\t<meta property=\"og:image:type\" content=\"image\/png\" \/>\n<meta name=\"author\" content=\"Alexandra Zanela\" \/>\n<meta name=\"twitter:card\" content=\"summary_large_image\" \/>\n<meta name=\"twitter:label1\" content=\"Escrito por\" \/>\n\t<meta name=\"twitter:data1\" content=\"Alexandra Zanela\" \/>\n\t<meta name=\"twitter:label2\" content=\"Est. tempo de leitura\" \/>\n\t<meta name=\"twitter:data2\" content=\"6 minutos\" \/>\n<script type=\"application\/ld+json\" class=\"yoast-schema-graph\">{\"@context\":\"https:\/\/schema.org\",\"@graph\":[{\"@type\":\"WebPage\",\"@id\":\"https:\/\/sinepe-rs.org.br\/educacaoempauta\/inspire-se\/colegio-cria-movimento-que-coloca-alunos-e-suas-acoes-em-evidencia\/\",\"url\":\"https:\/\/sinepe-rs.org.br\/educacaoempauta\/inspire-se\/colegio-cria-movimento-que-coloca-alunos-e-suas-acoes-em-evidencia\/\",\"name\":\"Col\u00e9gio cria movimento que coloca alunos em evid\u00eancia\",\"isPartOf\":{\"@id\":\"https:\/\/sinepe-rs.org.br\/educacaoempauta\/#website\"},\"primaryImageOfPage\":{\"@id\":\"https:\/\/sinepe-rs.org.br\/educacaoempauta\/inspire-se\/colegio-cria-movimento-que-coloca-alunos-e-suas-acoes-em-evidencia\/#primaryimage\"},\"image\":{\"@id\":\"https:\/\/sinepe-rs.org.br\/educacaoempauta\/inspire-se\/colegio-cria-movimento-que-coloca-alunos-e-suas-acoes-em-evidencia\/#primaryimage\"},\"thumbnailUrl\":\"https:\/\/sinepe-rs.org.br\/educacaoempauta\/wp-content\/uploads\/2024\/03\/355_Sinepe_RS_Educacao_Em_Pauta_colegio_farroupilha_divulgacao.jpeg.png\",\"datePublished\":\"2024-03-19T10:45:00+00:00\",\"dateModified\":\"2024-04-02T12:33:40+00:00\",\"author\":{\"@id\":\"https:\/\/sinepe-rs.org.br\/educacaoempauta\/#\/schema\/person\/c542073558983d5792101d1b5240d841\"},\"description\":\"O \u201cDa escola para o mundo\u201d fez com que os estudantes projetassem seus trabalhos na m\u00eddia e nas redes sociais\",\"breadcrumb\":{\"@id\":\"https:\/\/sinepe-rs.org.br\/educacaoempauta\/inspire-se\/colegio-cria-movimento-que-coloca-alunos-e-suas-acoes-em-evidencia\/#breadcrumb\"},\"inLanguage\":\"pt-BR\",\"potentialAction\":[{\"@type\":\"ReadAction\",\"target\":[\"https:\/\/sinepe-rs.org.br\/educacaoempauta\/inspire-se\/colegio-cria-movimento-que-coloca-alunos-e-suas-acoes-em-evidencia\/\"]}]},{\"@type\":\"ImageObject\",\"inLanguage\":\"pt-BR\",\"@id\":\"https:\/\/sinepe-rs.org.br\/educacaoempauta\/inspire-se\/colegio-cria-movimento-que-coloca-alunos-e-suas-acoes-em-evidencia\/#primaryimage\",\"url\":\"https:\/\/sinepe-rs.org.br\/educacaoempauta\/wp-content\/uploads\/2024\/03\/355_Sinepe_RS_Educacao_Em_Pauta_colegio_farroupilha_divulgacao.jpeg.png\",\"contentUrl\":\"https:\/\/sinepe-rs.org.br\/educacaoempauta\/wp-content\/uploads\/2024\/03\/355_Sinepe_RS_Educacao_Em_Pauta_colegio_farroupilha_divulgacao.jpeg.png\",\"width\":1366,\"height\":450,\"caption\":\"\u201cDa escola para o mundo\u201d fez com que os estudantes projetassem seus trabalhos na m\u00eddia e nas redes sociais\"},{\"@type\":\"BreadcrumbList\",\"@id\":\"https:\/\/sinepe-rs.org.br\/educacaoempauta\/inspire-se\/colegio-cria-movimento-que-coloca-alunos-e-suas-acoes-em-evidencia\/#breadcrumb\",\"itemListElement\":[{\"@type\":\"ListItem\",\"position\":1,\"name\":\"Home\",\"item\":\"https:\/\/sinepe-rs.org.br\/educacaoempauta\/\"},{\"@type\":\"ListItem\",\"position\":2,\"name\":\"Col\u00e9gio cria movimento que coloca alunos e suas a\u00e7\u00f5es em evid\u00eancia\"}]},{\"@type\":\"WebSite\",\"@id\":\"https:\/\/sinepe-rs.org.br\/educacaoempauta\/#website\",\"url\":\"https:\/\/sinepe-rs.org.br\/educacaoempauta\/\",\"name\":\"Educa\u00e7\u00e3o em Pauta: Portal de reportagens de Educa\u00e7\u00e3o\",\"description\":\"Sinepe-RS\",\"potentialAction\":[{\"@type\":\"SearchAction\",\"target\":{\"@type\":\"EntryPoint\",\"urlTemplate\":\"https:\/\/sinepe-rs.org.br\/educacaoempauta\/?s={search_term_string}\"},\"query-input\":{\"@type\":\"PropertyValueSpecification\",\"valueRequired\":true,\"valueName\":\"search_term_string\"}}],\"inLanguage\":\"pt-BR\"},{\"@type\":\"Person\",\"@id\":\"https:\/\/sinepe-rs.org.br\/educacaoempauta\/#\/schema\/person\/c542073558983d5792101d1b5240d841\",\"name\":\"Alexandra Zanela\",\"image\":{\"@type\":\"ImageObject\",\"inLanguage\":\"pt-BR\",\"@id\":\"https:\/\/sinepe-rs.org.br\/educacaoempauta\/#\/schema\/person\/image\/\",\"url\":\"https:\/\/secure.gravatar.com\/avatar\/aab8da397152551fad5132b4b20cb891945e7bc931de8d0d72495261a983a371?s=96&d=mm&r=g\",\"contentUrl\":\"https:\/\/secure.gravatar.com\/avatar\/aab8da397152551fad5132b4b20cb891945e7bc931de8d0d72495261a983a371?s=96&d=mm&r=g\",\"caption\":\"Alexandra Zanela\"},\"url\":\"https:\/\/sinepe-rs.org.br\/educacaoempauta\/author\/alexandra\/\"}]}<\/script>\n<!-- \/ Yoast SEO plugin. -->","yoast_head_json":{"title":"Col\u00e9gio cria movimento que coloca alunos em evid\u00eancia","description":"O \u201cDa escola para o mundo\u201d fez com que os estudantes projetassem seus trabalhos na m\u00eddia e nas redes sociais","robots":{"index":"index","follow":"follow","max-snippet":"max-snippet:-1","max-image-preview":"max-image-preview:large","max-video-preview":"max-video-preview:-1"},"canonical":"https:\/\/sinepe-rs.org.br\/educacaoempauta\/inspire-se\/colegio-cria-movimento-que-coloca-alunos-e-suas-acoes-em-evidencia\/","og_locale":"pt_BR","og_type":"article","og_title":"Col\u00e9gio cria movimento que coloca alunos em evid\u00eancia","og_description":"O \u201cDa escola para o mundo\u201d fez com que os estudantes projetassem seus trabalhos na m\u00eddia e nas redes sociais","og_url":"https:\/\/sinepe-rs.org.br\/educacaoempauta\/inspire-se\/colegio-cria-movimento-que-coloca-alunos-e-suas-acoes-em-evidencia\/","og_site_name":"Educa\u00e7\u00e3o em Pauta: Portal de reportagens de Educa\u00e7\u00e3o","article_published_time":"2024-03-19T10:45:00+00:00","article_modified_time":"2024-04-02T12:33:40+00:00","og_image":[{"width":1366,"height":450,"url":"https:\/\/sinepe-rs.org.br\/educacaoempauta\/wp-content\/uploads\/2024\/03\/355_Sinepe_RS_Educacao_Em_Pauta_colegio_farroupilha_divulgacao.jpeg.png","type":"image\/png"}],"author":"Alexandra Zanela","twitter_card":"summary_large_image","twitter_misc":{"Escrito por":"Alexandra Zanela","Est. tempo de leitura":"6 minutos"},"schema":{"@context":"https:\/\/schema.org","@graph":[{"@type":"WebPage","@id":"https:\/\/sinepe-rs.org.br\/educacaoempauta\/inspire-se\/colegio-cria-movimento-que-coloca-alunos-e-suas-acoes-em-evidencia\/","url":"https:\/\/sinepe-rs.org.br\/educacaoempauta\/inspire-se\/colegio-cria-movimento-que-coloca-alunos-e-suas-acoes-em-evidencia\/","name":"Col\u00e9gio cria movimento que coloca alunos em evid\u00eancia","isPartOf":{"@id":"https:\/\/sinepe-rs.org.br\/educacaoempauta\/#website"},"primaryImageOfPage":{"@id":"https:\/\/sinepe-rs.org.br\/educacaoempauta\/inspire-se\/colegio-cria-movimento-que-coloca-alunos-e-suas-acoes-em-evidencia\/#primaryimage"},"image":{"@id":"https:\/\/sinepe-rs.org.br\/educacaoempauta\/inspire-se\/colegio-cria-movimento-que-coloca-alunos-e-suas-acoes-em-evidencia\/#primaryimage"},"thumbnailUrl":"https:\/\/sinepe-rs.org.br\/educacaoempauta\/wp-content\/uploads\/2024\/03\/355_Sinepe_RS_Educacao_Em_Pauta_colegio_farroupilha_divulgacao.jpeg.png","datePublished":"2024-03-19T10:45:00+00:00","dateModified":"2024-04-02T12:33:40+00:00","author":{"@id":"https:\/\/sinepe-rs.org.br\/educacaoempauta\/#\/schema\/person\/c542073558983d5792101d1b5240d841"},"description":"O \u201cDa escola para o mundo\u201d fez com que os estudantes projetassem seus trabalhos na m\u00eddia e nas redes sociais","breadcrumb":{"@id":"https:\/\/sinepe-rs.org.br\/educacaoempauta\/inspire-se\/colegio-cria-movimento-que-coloca-alunos-e-suas-acoes-em-evidencia\/#breadcrumb"},"inLanguage":"pt-BR","potentialAction":[{"@type":"ReadAction","target":["https:\/\/sinepe-rs.org.br\/educacaoempauta\/inspire-se\/colegio-cria-movimento-que-coloca-alunos-e-suas-acoes-em-evidencia\/"]}]},{"@type":"ImageObject","inLanguage":"pt-BR","@id":"https:\/\/sinepe-rs.org.br\/educacaoempauta\/inspire-se\/colegio-cria-movimento-que-coloca-alunos-e-suas-acoes-em-evidencia\/#primaryimage","url":"https:\/\/sinepe-rs.org.br\/educacaoempauta\/wp-content\/uploads\/2024\/03\/355_Sinepe_RS_Educacao_Em_Pauta_colegio_farroupilha_divulgacao.jpeg.png","contentUrl":"https:\/\/sinepe-rs.org.br\/educacaoempauta\/wp-content\/uploads\/2024\/03\/355_Sinepe_RS_Educacao_Em_Pauta_colegio_farroupilha_divulgacao.jpeg.png","width":1366,"height":450,"caption":"\u201cDa escola para o mundo\u201d fez com que os estudantes projetassem seus trabalhos na m\u00eddia e nas redes sociais"},{"@type":"BreadcrumbList","@id":"https:\/\/sinepe-rs.org.br\/educacaoempauta\/inspire-se\/colegio-cria-movimento-que-coloca-alunos-e-suas-acoes-em-evidencia\/#breadcrumb","itemListElement":[{"@type":"ListItem","position":1,"name":"Home","item":"https:\/\/sinepe-rs.org.br\/educacaoempauta\/"},{"@type":"ListItem","position":2,"name":"Col\u00e9gio cria movimento que coloca alunos e suas a\u00e7\u00f5es em evid\u00eancia"}]},{"@type":"WebSite","@id":"https:\/\/sinepe-rs.org.br\/educacaoempauta\/#website","url":"https:\/\/sinepe-rs.org.br\/educacaoempauta\/","name":"Educa\u00e7\u00e3o em Pauta: Portal de reportagens de Educa\u00e7\u00e3o","description":"Sinepe-RS","potentialAction":[{"@type":"SearchAction","target":{"@type":"EntryPoint","urlTemplate":"https:\/\/sinepe-rs.org.br\/educacaoempauta\/?s={search_term_string}"},"query-input":{"@type":"PropertyValueSpecification","valueRequired":true,"valueName":"search_term_string"}}],"inLanguage":"pt-BR"},{"@type":"Person","@id":"https:\/\/sinepe-rs.org.br\/educacaoempauta\/#\/schema\/person\/c542073558983d5792101d1b5240d841","name":"Alexandra Zanela","image":{"@type":"ImageObject","inLanguage":"pt-BR","@id":"https:\/\/sinepe-rs.org.br\/educacaoempauta\/#\/schema\/person\/image\/","url":"https:\/\/secure.gravatar.com\/avatar\/aab8da397152551fad5132b4b20cb891945e7bc931de8d0d72495261a983a371?s=96&d=mm&r=g","contentUrl":"https:\/\/secure.gravatar.com\/avatar\/aab8da397152551fad5132b4b20cb891945e7bc931de8d0d72495261a983a371?s=96&d=mm&r=g","caption":"Alexandra Zanela"},"url":"https:\/\/sinepe-rs.org.br\/educacaoempauta\/author\/alexandra\/"}]}},"_links":{"self":[{"href":"https:\/\/sinepe-rs.org.br\/educacaoempauta\/wp-json\/wp\/v2\/posts\/4534","targetHints":{"allow":["GET"]}}],"collection":[{"href":"https:\/\/sinepe-rs.org.br\/educacaoempauta\/wp-json\/wp\/v2\/posts"}],"about":[{"href":"https:\/\/sinepe-rs.org.br\/educacaoempauta\/wp-json\/wp\/v2\/types\/post"}],"author":[{"embeddable":true,"href":"https:\/\/sinepe-rs.org.br\/educacaoempauta\/wp-json\/wp\/v2\/users\/3"}],"replies":[{"embeddable":true,"href":"https:\/\/sinepe-rs.org.br\/educacaoempauta\/wp-json\/wp\/v2\/comments?post=4534"}],"version-history":[{"count":14,"href":"https:\/\/sinepe-rs.org.br\/educacaoempauta\/wp-json\/wp\/v2\/posts\/4534\/revisions"}],"predecessor-version":[{"id":4622,"href":"https:\/\/sinepe-rs.org.br\/educacaoempauta\/wp-json\/wp\/v2\/posts\/4534\/revisions\/4622"}],"wp:featuredmedia":[{"embeddable":true,"href":"https:\/\/sinepe-rs.org.br\/educacaoempauta\/wp-json\/wp\/v2\/media\/4547"}],"wp:attachment":[{"href":"https:\/\/sinepe-rs.org.br\/educacaoempauta\/wp-json\/wp\/v2\/media?parent=4534"}],"wp:term":[{"taxonomy":"category","embeddable":true,"href":"https:\/\/sinepe-rs.org.br\/educacaoempauta\/wp-json\/wp\/v2\/categories?post=4534"},{"taxonomy":"post_tag","embeddable":true,"href":"https:\/\/sinepe-rs.org.br\/educacaoempauta\/wp-json\/wp\/v2\/tags?post=4534"}],"curies":[{"name":"wp","href":"https:\/\/api.w.org\/{rel}","templated":true}]}}