{"id":4671,"date":"2024-04-18T07:23:00","date_gmt":"2024-04-18T10:23:00","guid":{"rendered":"https:\/\/sinepe-rs.org.br\/educacaoempauta\/?p=4671"},"modified":"2024-04-30T09:44:27","modified_gmt":"2024-04-30T12:44:27","slug":"complexo-de-formacao-de-professores-da-ufrj-deixa-licoes-importantes","status":"publish","type":"post","link":"https:\/\/sinepe-rs.org.br\/educacaoempauta\/inspire-se\/complexo-de-formacao-de-professores-da-ufrj-deixa-licoes-importantes\/","title":{"rendered":"Complexo de Forma\u00e7\u00e3o de Professores da UFRJ deixa li\u00e7\u00f5es importantes"},"content":{"rendered":"\n<p>N\u00e3o por acaso, a <a href=\"https:\/\/sinepe-rs.org.br\/educacaoempauta\/?s=Forma%C3%A7%C3%A3o%20de%20professores\" target=\"_blank\" rel=\"noreferrer noopener\">forma\u00e7\u00e3o de professores<\/a> \u00e9 assunto recorrente no <strong>Educa\u00e7\u00e3o em Pauta<\/strong>. <mark style=\"background-color:#ff6900\" class=\"has-inline-color\">O gargalo \u00e9 apontado com frequ\u00eancia, pelos especialistas, como um dos principais entraves para o desenvolvimento da educa\u00e7\u00e3o em n\u00edvel nacional. Ainda que trabalhe a forma\u00e7\u00e3o continuada, no ensino privado o cen\u00e1rio n\u00e3o \u00e9 muito diferente: com desafios novos a cada instante, a capacita\u00e7\u00e3o de docentes e gestores \u00e9 uma preocupa\u00e7\u00e3o incessante.<\/mark><\/p>\n\n\n\n<p>Ciente desse cen\u00e1rio, a Universidade Federal do Rio de Janeiro (UFRJ) resolveu dar aten\u00e7\u00e3o especial ao tema. Assim, foi criado o <a href=\"https:\/\/formacaodeprofessores.ufrj.br\/\" target=\"_blank\" rel=\"noreferrer noopener\">Complexo de Forma\u00e7\u00e3o de Professores (CFP)<\/a>. Para se ter uma ideia da import\u00e2ncia dessa iniciativa, a universidade conta com apenas dois complexos: o hospitalar e o de forma\u00e7\u00e3o de professores. \u201cIsso sinaliza muito esse compromisso republicano da universidade p\u00fablica com sa\u00fade e educa\u00e7\u00e3o\u201d, aponta a ex-diretora da Faculdade de Educa\u00e7\u00e3o da UFRJ e atual representante da institui\u00e7\u00e3o no Complexo de Forma\u00e7\u00e3o de Professores, Maria Muanis.<\/p>\n\n\n\n<p><mark style=\"background-color:#fcb900\" class=\"has-inline-color\"><strong>Leia tamb\u00e9m: <br><\/strong><a href=\"https:\/\/sinepe-rs.org.br\/educacaoempauta\/com-a-palavra\/antonio-novoa-o-problema-mais-grave-da-educacao-brasileira-e-a-formacao-de-professores\/\"><strong>>> \u201cO problema da educa\u00e7\u00e3o brasileira \u00e9 a forma\u00e7\u00e3o de professores\u201d<\/strong><\/a><br><a href=\"https:\/\/sinepe-rs.org.br\/educacaoempauta\/gestao\/gestao-escolar-formacao-de-professores-e-metodologias-ativas\/\" target=\"_blank\" rel=\"noreferrer noopener\"><strong>>> Gest\u00e3o escolar, forma\u00e7\u00e3o de professores e metodologias ativas<\/strong><\/a><br><a href=\"https:\/\/sinepe-rs.org.br\/educacaoempauta\/com-a-palavra\/antonio-novoa-o-problema-mais-grave-da-educacao-brasileira-e-a-formacao-de-professores\/\" target=\"_blank\" rel=\"noreferrer noopener\"><strong>>> O que pode mudar na avalia\u00e7\u00e3o da forma\u00e7\u00e3o de professores?<\/strong><\/a><\/mark><\/p>\n\n\n\n<p>O complexo surge da compreens\u00e3o de que \u00e9 papel das institui\u00e7\u00f5es p\u00fablicas promover uma forma\u00e7\u00e3o qualificada de professores, mas \u00e9 poss\u00edvel tirar uma s\u00e9rie de li\u00e7\u00f5es universais desse processo para o ensino privado tamb\u00e9m. A primeira delas \u00e9 o conceito basilar do m\u00e9todo desenvolvido pelo CFP: o de <strong>Casa Comum<\/strong>.<\/p>\n\n\n\n<p>Em linhas gerais, <mark style=\"background-color:#ff6900\" class=\"has-inline-color\">Casa Comum \u00e9 o espa\u00e7o onde institui\u00e7\u00f5es de Ensino Superior e de Educa\u00e7\u00e3o B\u00e1sica se encontram, de forma horizontal e em igualdade de pap\u00e9is, para debater e criar solu\u00e7\u00f5es na forma\u00e7\u00e3o de professores. <\/mark>Essa ideia foi concebida pelo consultor Ant\u00f3nio N\u00f3voa, que <a href=\"https:\/\/sinepe-rs.org.br\/educacaoempauta\/com-a-palavra\/antonio-novoa-o-problema-mais-grave-da-educacao-brasileira-e-a-formacao-de-professores\/\" target=\"_blank\" rel=\"noreferrer noopener\">j\u00e1 havia citado a cria\u00e7\u00e3o do complexo em entrevista ao <strong>Educa\u00e7\u00e3o em Pauta<\/strong><\/a>. Ele foi um dos mentores do CFP.<\/p>\n\n\n\n<p><mark style=\"background-color:#ff6900\" class=\"has-inline-color\">A aproxima\u00e7\u00e3o entre essas duas frentes faz com que a forma\u00e7\u00e3o se d\u00ea equilibrada entre teoria e pr\u00e1tica, acompanhada de perto pelos formadores dos novos professores.<\/mark> Muanis lembra de uma ilustra\u00e7\u00e3o habitualmente trazida por N\u00f3voa: ningu\u00e9m confiaria um tratamento de sa\u00fade a um m\u00e9dico formado apenas pela universidade, sem jamais ter pisado em um hospital; por outro lado, tamb\u00e9m n\u00e3o o faria se fosse um profissional formado apenas pela pr\u00e1tica, sem entrar na sala de aula.\u00a0<\/p>\n\n\n\n<p><strong>Valoriza\u00e7\u00e3o<\/strong><\/p>\n\n\n\n<p>Segundo Muanis, o primeiro desafio come\u00e7ou pela valoriza\u00e7\u00e3o dos cursos de licenciatura, inclusive internamente. N\u00e3o era raro que eles fossem considerados meros ap\u00eandices dos bacharelados. Este tornou-se um dos eixos principais do trabalho do CFP e j\u00e1 vem dando resultado, com coordenadores de curso, advindos do bacharelado, compreendendo melhor a complexidade e a import\u00e2ncia de se dar aten\u00e7\u00e3o \u00e0s licenciaturas \u2013 a UFRJ oferece 29 presenciais e 3 a dist\u00e2ncia.<\/p>\n\n\n\n<p>Outro eixo fundamental foi alinhar as licenciaturas pelo que elas t\u00eam em comum, ou seja, justamente a quest\u00e3o da doc\u00eancia. <mark style=\"background-color:#ff6900\" class=\"has-inline-color\">Unidos por essa especificidade, os cursos come\u00e7am a ter um padr\u00e3o na forma\u00e7\u00e3o dos professores.<\/mark><\/p>\n\n\n\n<p>S\u00f3 depois dessa concep\u00e7\u00e3o \u00e9 que aparece a Casa Comum. Trata-se de mais do que uma soma entre universidade e escola, pois enseja o surgimento de um terceiro espa\u00e7o. <mark style=\"background-color:#ff6900\" class=\"has-inline-color\">\u201cA Casa Comum significa pensar, articular e realizar essa forma\u00e7\u00e3o nesse espa\u00e7o de planejamento e execu\u00e7\u00e3o conjuntos. Um terceiro espa\u00e7o, formado pela articula\u00e7\u00e3o\u201d<\/mark>, define Muanis.<\/p>\n\n\n\n<p><strong>Estrutura<\/strong><\/p>\n\n\n\n<p>O CFP \u00e9 composto por todas as licenciaturas da UFRJ, mas com especial aten\u00e7\u00e3o \u00e0 Pedagogia, seu objeto de pesquisa \u2013 embora todos os cursos tamb\u00e9m se debrucem sobre o tema. Foi a partir de um curso de extens\u00e3o, com participa\u00e7\u00e3o de N\u00f3voa, que surgiu um grupo de trabalho, que se mostraria, mais tarde, o embri\u00e3o do complexo.<\/p>\n\n\n\n<p>Provocado sobre o melhor caminho para come\u00e7ar, N\u00f3voa apontou para as escolas parceiras. A formula\u00e7\u00e3o partiu da\u00ed: selecionando escolas de Educa\u00e7\u00e3o B\u00e1sica que tivessem interesse em integrar a Casa Comum do CFP. Essa formata\u00e7\u00e3o, segundo Muanis, n\u00e3o \u00e9 simples. \u201cN\u00e3o temos uma super infraestrutura, or\u00e7amento, trabalhamos muito com ideias e pessoas que fazem essa aposta dentro da universidade e, tamb\u00e9m, v\u00e1rias a\u00e7\u00f5es\u201d, conta.<\/p>\n\n\n\n<p>Segundo o regimento do CFP, cada licenciatura precisa constituir um N\u00facleo de Planejamento Pedag\u00f3gico de Licenciatura (NPPL), formado pelo coordenador do curso, o respons\u00e1vel pela parte de extens\u00e3o, integrantes do col\u00e9gio de aplica\u00e7\u00e3o e das escolas b\u00e1sicas parceiras na forma\u00e7\u00e3o. <mark style=\"background-color:#ff6900\" class=\"has-inline-color\">A ideia \u00e9 que esse planejamento constante, com avalia\u00e7\u00e3o da pr\u00f3pria licenciatura, seja feito pelos professores da mesma, por docentes da Faculdade de Educa\u00e7\u00e3o, do Col\u00e9gio de Aplica\u00e7\u00e3o e pelas escolas parceiras.<\/mark><\/p>\n\n\n\n<p>Al\u00e9m do NPPL, cada curso tamb\u00e9m precisa ter um ou mais Grupos de Orienta\u00e7\u00e3o Pedag\u00f3gica (GOP) atuando nos primeiros semestres, ou per\u00edodos. \u201cOs professores orientadores, de prefer\u00eancia bem variados e com a escola b\u00e1sica junto, fazem o acolhimento dos alunos da licenciatura. Eles s\u00e3o acolhidos no exerc\u00edcio da doc\u00eancia, pois muitos ingressam sem nem saber que se trata de uma forma\u00e7\u00e3o de professores\u201d, alerta a professora.<\/p>\n\n\n\n<p>Esse acolhimento se d\u00e1, at\u00e9 mesmo, em rela\u00e7\u00e3o \u00e0 pr\u00f3pria vida universit\u00e1ria. \u00c9 um trabalho com foco na perman\u00eancia do aluno no curso de licenciatura, mas que tamb\u00e9m vai articulando a entrada desse acad\u00eamico na escola b\u00e1sica desde o come\u00e7o. <mark style=\"background-color:#ff6900\" class=\"has-inline-color\">\u201cMuitas vezes, os est\u00e1gios ficam muito adiante, s\u00f3 entra o olhar do professor em forma\u00e7\u00e3o no fim do curso. Isso \u00e9 um problema da forma\u00e7\u00e3o de professores em todo o Brasil\u201d<\/mark>, defende Muanis.<\/p>\n\n\n\n<p>Ela lembra que at\u00e9 houve uma tentativa de inserir a escola b\u00e1sica na rotina dos acad\u00eamicos ainda nos primeiros per\u00edodos do curso, mas os professores sentiram que n\u00e3o era o momento. A rela\u00e7\u00e3o \u00e9 mais no sentido de elucidar d\u00favidas sobre a atua\u00e7\u00e3o como professor e o mundo acad\u00eamico em geral. \u201cS\u00e3o encontros e cada professor orientador atua com sua din\u00e2mica, variando de um curso para outro. Na Pedagogia, onde participei, faz\u00edamos encontros de todos esses professores para alinhar estrat\u00e9gias. Os GOPs passaram a ter veteranos fazendo o acolhimento, isso \u00e9 muito legal\u201d, recorda.<\/p>\n\n\n\n<p><strong>Parceria<\/strong><\/p>\n\n\n\n<p>Uma dificuldade, no entanto, \u00e9 justamente mobilizar professores da rede p\u00fablica de educa\u00e7\u00e3o b\u00e1sica. Eles dificilmente disp\u00f5em de tempo para se dedicar \u00e0 iniciativa. Reuni\u00f5es t\u00eam sido feitas com a Secretaria Municipal de Educa\u00e7\u00e3o do Rio de Janeiro, a fim de mostrar a import\u00e2ncia desse tempo de forma\u00e7\u00e3o, al\u00e9m do planejamento. Ainda n\u00e3o foi firmado um conv\u00eanio amplo, mas h\u00e1 parceria.&nbsp;<\/p>\n\n\n\n<p>Inicialmente, 40 escolas foram selecionadas, mas as a\u00e7\u00f5es ficaram um pouco dispersas e esse n\u00famero foi reduzido para 12. \u201cA Casa Comum ultrapassa a ideia da parceria entre um professor da universidade e um da escola. Ela \u00e9 institucional, com objetivo de ter v\u00e1rias a\u00e7\u00f5es em conjunto. O saber da escola e o da universidade s\u00e3o horizontais e o professor da b\u00e1sica precisa ser t\u00e3o valorizado quanto o da universidade\u201d, sustenta Muanis.<\/p>\n\n\n\n<p><mark style=\"background-color:#ff6900\" class=\"has-inline-color\">O CFP faz a articula\u00e7\u00e3o de todas as a\u00e7\u00f5es e cuida da rela\u00e7\u00e3o com a rede b\u00e1sica. Tudo de forma conjunta para entender as realidades, demandas, o que \u00e9 importante para essas escolas no sentido da forma\u00e7\u00e3o de professores \u2013 n\u00e3o apenas para os professores j\u00e1 no mercado, mas tamb\u00e9m para aqueles que est\u00e3o na sala de aula da universidade.<\/mark> Hoje, o aluno de qualquer licenciatura pode participar das atividades de extens\u00e3o, mas o incentivo \u00e9 para que sejam em maioria voltadas \u00e0 doc\u00eancia.<\/p>\n\n\n\n<p><strong>Resultados<\/strong><\/p>\n\n\n\n<p>Criado oficialmente em 2018, o CFP ainda \u00e9 incipiente, mas sua atua\u00e7\u00e3o j\u00e1 mostra alguns reflexos. Maria Muanis fala de avan\u00e7os na compreens\u00e3o da doc\u00eancia \u2013 o aumento da valoriza\u00e7\u00e3o das licenciaturas dentro da pr\u00f3pria UFRJ, referido no come\u00e7o do texto. O refor\u00e7o do v\u00ednculo com as escolas, especialmente das v\u00e1rias licenciaturas, para al\u00e9m da Faculdade de Educa\u00e7\u00e3o, \u00e9 outro ponto destacado por ela.<\/p>\n\n\n\n<p>\u201cA pr\u00f3pria forma\u00e7\u00e3o ainda est\u00e1 aqu\u00e9m do que a gente deseja, mas come\u00e7a a melhorar. [A forma\u00e7\u00e3o] dos pr\u00f3prios professores que est\u00e3o nas licenciaturas, os coordenadores. Em entrevistas, a gente percebe que eles compreendem melhor o que \u00e9 uma licenciatura, que n\u00e3o \u00e9 s\u00f3 o conhecimento espec\u00edfico da \u00e1rea. Coisas b\u00e1sicas para quem \u00e9 da \u00e1rea de forma\u00e7\u00e3o de professores, mas para muitos professores das licenciaturas isso n\u00e3o \u00e9 \u00f3bvio. Esse tipo de forma\u00e7\u00e3o a gente vem conseguindo fazer, de alguma forma\u201d, comemora.&nbsp;<\/p>\n\n\n\n<p>O contato com a Educa\u00e7\u00e3o B\u00e1sica tamb\u00e9m \u00e9 enriquecedor para professores dos cursos de licenciatura que s\u00e3o bachar\u00e9is. Muitos est\u00e3o tendo, a partir do CFP, os primeiros contatos com a escola b\u00e1sica p\u00fablica.&nbsp;<\/p>\n\n\n\n<p>Embora tenha toda a espinha dorsal formada por e para o ensino p\u00fablico, o Complexo de Forma\u00e7\u00e3o de Professores da UFRJ deixa li\u00e7\u00f5es importantes para quem deseja aprimorar a forma\u00e7\u00e3o de professores. <mark style=\"background-color:#ff6900\" class=\"has-inline-color\">Ambientar o acad\u00eamico ao que \u00e9 o fazer docente, lev\u00e1-lo \u00e0 atmosfera da Educa\u00e7\u00e3o B\u00e1sica e conscientizar professores e coordenadores das licenciaturas s\u00e3o os primeiros passos.<\/mark><\/p>\n\n\n\n<p><mark style=\"background-color:#ff6900\" class=\"has-inline-color\">\u201cA ideia, em suma, \u00e9 que tanto alunos licenciandos quanto professores da rede b\u00e1sica e da universidade tenham acesso a uma cartografia da forma\u00e7\u00e3o docente completa\u201d<\/mark>, conclui Muanis.<\/p>\n","protected":false},"excerpt":{"rendered":"<p>Iniciativa teve a participa\u00e7\u00e3o de Ant\u00f3nio N\u00f3voa em sua concep\u00e7\u00e3o e trabalha com a aproxima\u00e7\u00e3o entre Ensino Superior e Educa\u00e7\u00e3o B\u00e1sica com fundamenta\u00e7\u00e3o no conceito de Casa Comum<\/p>\n","protected":false},"author":3,"featured_media":4672,"comment_status":"closed","ping_status":"closed","sticky":false,"template":"","format":"standard","meta":{"footnotes":""},"categories":[7],"tags":[289,43,633],"class_list":["post-4671","post","type-post","status-publish","format-standard","has-post-thumbnail","hentry","category-inspire-se","tag-formacao-de-professores","tag-sinepe-rs-2","tag-ufrj"],"acf":[],"yoast_head":"<!-- This site is optimized with the Yoast SEO plugin v24.6 - https:\/\/yoast.com\/wordpress\/plugins\/seo\/ -->\n<title>As li\u00e7\u00f5es do Complexo de Forma\u00e7\u00e3o de Professores da UFRJ<\/title>\n<meta name=\"description\" content=\"Iniciativa teve a participa\u00e7\u00e3o de Ant\u00f3nio N\u00f3voa em sua concep\u00e7\u00e3o e trabalha com a aproxima\u00e7\u00e3o entre Ensino Superior e Educa\u00e7\u00e3o B\u00e1sica\" \/>\n<meta name=\"robots\" content=\"index, follow, max-snippet:-1, max-image-preview:large, max-video-preview:-1\" \/>\n<link rel=\"canonical\" href=\"https:\/\/sinepe-rs.org.br\/educacaoempauta\/inspire-se\/complexo-de-formacao-de-professores-da-ufrj-deixa-licoes-importantes\/\" \/>\n<meta property=\"og:locale\" content=\"pt_BR\" \/>\n<meta property=\"og:type\" content=\"article\" \/>\n<meta property=\"og:title\" content=\"As li\u00e7\u00f5es do Complexo de Forma\u00e7\u00e3o de Professores da UFRJ\" \/>\n<meta property=\"og:description\" content=\"Iniciativa teve a participa\u00e7\u00e3o de Ant\u00f3nio N\u00f3voa em sua concep\u00e7\u00e3o e trabalha com a aproxima\u00e7\u00e3o entre Ensino Superior e Educa\u00e7\u00e3o B\u00e1sica\" \/>\n<meta property=\"og:url\" content=\"https:\/\/sinepe-rs.org.br\/educacaoempauta\/inspire-se\/complexo-de-formacao-de-professores-da-ufrj-deixa-licoes-importantes\/\" \/>\n<meta property=\"og:site_name\" content=\"Educa\u00e7\u00e3o em Pauta: Portal de reportagens de Educa\u00e7\u00e3o\" \/>\n<meta property=\"article:published_time\" content=\"2024-04-18T10:23:00+00:00\" \/>\n<meta property=\"article:modified_time\" content=\"2024-04-30T12:44:27+00:00\" \/>\n<meta property=\"og:image\" content=\"https:\/\/sinepe-rs.org.br\/educacaoempauta\/wp-content\/uploads\/2024\/04\/360_SinepeRS_Educacao_Em_Pauta_Complexo_Formacao_Professores_UFRJ.jpg\" \/>\n\t<meta property=\"og:image:width\" content=\"1366\" \/>\n\t<meta property=\"og:image:height\" content=\"450\" \/>\n\t<meta property=\"og:image:type\" content=\"image\/jpeg\" \/>\n<meta name=\"author\" content=\"Alexandra Zanela\" \/>\n<meta name=\"twitter:card\" content=\"summary_large_image\" \/>\n<meta name=\"twitter:label1\" content=\"Escrito por\" \/>\n\t<meta name=\"twitter:data1\" content=\"Alexandra Zanela\" \/>\n\t<meta name=\"twitter:label2\" content=\"Est. tempo de leitura\" \/>\n\t<meta name=\"twitter:data2\" content=\"8 minutos\" \/>\n<script type=\"application\/ld+json\" class=\"yoast-schema-graph\">{\"@context\":\"https:\/\/schema.org\",\"@graph\":[{\"@type\":\"WebPage\",\"@id\":\"https:\/\/sinepe-rs.org.br\/educacaoempauta\/inspire-se\/complexo-de-formacao-de-professores-da-ufrj-deixa-licoes-importantes\/\",\"url\":\"https:\/\/sinepe-rs.org.br\/educacaoempauta\/inspire-se\/complexo-de-formacao-de-professores-da-ufrj-deixa-licoes-importantes\/\",\"name\":\"As li\u00e7\u00f5es do Complexo de Forma\u00e7\u00e3o de Professores da UFRJ\",\"isPartOf\":{\"@id\":\"https:\/\/sinepe-rs.org.br\/educacaoempauta\/#website\"},\"primaryImageOfPage\":{\"@id\":\"https:\/\/sinepe-rs.org.br\/educacaoempauta\/inspire-se\/complexo-de-formacao-de-professores-da-ufrj-deixa-licoes-importantes\/#primaryimage\"},\"image\":{\"@id\":\"https:\/\/sinepe-rs.org.br\/educacaoempauta\/inspire-se\/complexo-de-formacao-de-professores-da-ufrj-deixa-licoes-importantes\/#primaryimage\"},\"thumbnailUrl\":\"https:\/\/sinepe-rs.org.br\/educacaoempauta\/wp-content\/uploads\/2024\/04\/360_SinepeRS_Educacao_Em_Pauta_Complexo_Formacao_Professores_UFRJ.jpg\",\"datePublished\":\"2024-04-18T10:23:00+00:00\",\"dateModified\":\"2024-04-30T12:44:27+00:00\",\"author\":{\"@id\":\"https:\/\/sinepe-rs.org.br\/educacaoempauta\/#\/schema\/person\/c542073558983d5792101d1b5240d841\"},\"description\":\"Iniciativa teve a participa\u00e7\u00e3o de Ant\u00f3nio N\u00f3voa em sua concep\u00e7\u00e3o e trabalha com a aproxima\u00e7\u00e3o entre Ensino Superior e Educa\u00e7\u00e3o B\u00e1sica\",\"breadcrumb\":{\"@id\":\"https:\/\/sinepe-rs.org.br\/educacaoempauta\/inspire-se\/complexo-de-formacao-de-professores-da-ufrj-deixa-licoes-importantes\/#breadcrumb\"},\"inLanguage\":\"pt-BR\",\"potentialAction\":[{\"@type\":\"ReadAction\",\"target\":[\"https:\/\/sinepe-rs.org.br\/educacaoempauta\/inspire-se\/complexo-de-formacao-de-professores-da-ufrj-deixa-licoes-importantes\/\"]}]},{\"@type\":\"ImageObject\",\"inLanguage\":\"pt-BR\",\"@id\":\"https:\/\/sinepe-rs.org.br\/educacaoempauta\/inspire-se\/complexo-de-formacao-de-professores-da-ufrj-deixa-licoes-importantes\/#primaryimage\",\"url\":\"https:\/\/sinepe-rs.org.br\/educacaoempauta\/wp-content\/uploads\/2024\/04\/360_SinepeRS_Educacao_Em_Pauta_Complexo_Formacao_Professores_UFRJ.jpg\",\"contentUrl\":\"https:\/\/sinepe-rs.org.br\/educacaoempauta\/wp-content\/uploads\/2024\/04\/360_SinepeRS_Educacao_Em_Pauta_Complexo_Formacao_Professores_UFRJ.jpg\",\"width\":1366,\"height\":450,\"caption\":\"Complexo de Forma\u00e7\u00e3o de Professores da UFRJ deixa li\u00e7\u00f5es importantes\"},{\"@type\":\"BreadcrumbList\",\"@id\":\"https:\/\/sinepe-rs.org.br\/educacaoempauta\/inspire-se\/complexo-de-formacao-de-professores-da-ufrj-deixa-licoes-importantes\/#breadcrumb\",\"itemListElement\":[{\"@type\":\"ListItem\",\"position\":1,\"name\":\"Home\",\"item\":\"https:\/\/sinepe-rs.org.br\/educacaoempauta\/\"},{\"@type\":\"ListItem\",\"position\":2,\"name\":\"Complexo de Forma\u00e7\u00e3o de Professores da UFRJ deixa li\u00e7\u00f5es importantes\"}]},{\"@type\":\"WebSite\",\"@id\":\"https:\/\/sinepe-rs.org.br\/educacaoempauta\/#website\",\"url\":\"https:\/\/sinepe-rs.org.br\/educacaoempauta\/\",\"name\":\"Educa\u00e7\u00e3o em Pauta: Portal de reportagens de Educa\u00e7\u00e3o\",\"description\":\"Sinepe-RS\",\"potentialAction\":[{\"@type\":\"SearchAction\",\"target\":{\"@type\":\"EntryPoint\",\"urlTemplate\":\"https:\/\/sinepe-rs.org.br\/educacaoempauta\/?s={search_term_string}\"},\"query-input\":{\"@type\":\"PropertyValueSpecification\",\"valueRequired\":true,\"valueName\":\"search_term_string\"}}],\"inLanguage\":\"pt-BR\"},{\"@type\":\"Person\",\"@id\":\"https:\/\/sinepe-rs.org.br\/educacaoempauta\/#\/schema\/person\/c542073558983d5792101d1b5240d841\",\"name\":\"Alexandra Zanela\",\"image\":{\"@type\":\"ImageObject\",\"inLanguage\":\"pt-BR\",\"@id\":\"https:\/\/sinepe-rs.org.br\/educacaoempauta\/#\/schema\/person\/image\/\",\"url\":\"https:\/\/secure.gravatar.com\/avatar\/aab8da397152551fad5132b4b20cb891945e7bc931de8d0d72495261a983a371?s=96&d=mm&r=g\",\"contentUrl\":\"https:\/\/secure.gravatar.com\/avatar\/aab8da397152551fad5132b4b20cb891945e7bc931de8d0d72495261a983a371?s=96&d=mm&r=g\",\"caption\":\"Alexandra Zanela\"},\"url\":\"https:\/\/sinepe-rs.org.br\/educacaoempauta\/author\/alexandra\/\"}]}<\/script>\n<!-- \/ Yoast SEO plugin. -->","yoast_head_json":{"title":"As li\u00e7\u00f5es do Complexo de Forma\u00e7\u00e3o de Professores da UFRJ","description":"Iniciativa teve a participa\u00e7\u00e3o de Ant\u00f3nio N\u00f3voa em sua concep\u00e7\u00e3o e trabalha com a aproxima\u00e7\u00e3o entre Ensino Superior e Educa\u00e7\u00e3o B\u00e1sica","robots":{"index":"index","follow":"follow","max-snippet":"max-snippet:-1","max-image-preview":"max-image-preview:large","max-video-preview":"max-video-preview:-1"},"canonical":"https:\/\/sinepe-rs.org.br\/educacaoempauta\/inspire-se\/complexo-de-formacao-de-professores-da-ufrj-deixa-licoes-importantes\/","og_locale":"pt_BR","og_type":"article","og_title":"As li\u00e7\u00f5es do Complexo de Forma\u00e7\u00e3o de Professores da UFRJ","og_description":"Iniciativa teve a participa\u00e7\u00e3o de Ant\u00f3nio N\u00f3voa em sua concep\u00e7\u00e3o e trabalha com a aproxima\u00e7\u00e3o entre Ensino Superior e Educa\u00e7\u00e3o B\u00e1sica","og_url":"https:\/\/sinepe-rs.org.br\/educacaoempauta\/inspire-se\/complexo-de-formacao-de-professores-da-ufrj-deixa-licoes-importantes\/","og_site_name":"Educa\u00e7\u00e3o em Pauta: Portal de reportagens de Educa\u00e7\u00e3o","article_published_time":"2024-04-18T10:23:00+00:00","article_modified_time":"2024-04-30T12:44:27+00:00","og_image":[{"width":1366,"height":450,"url":"https:\/\/sinepe-rs.org.br\/educacaoempauta\/wp-content\/uploads\/2024\/04\/360_SinepeRS_Educacao_Em_Pauta_Complexo_Formacao_Professores_UFRJ.jpg","type":"image\/jpeg"}],"author":"Alexandra Zanela","twitter_card":"summary_large_image","twitter_misc":{"Escrito por":"Alexandra Zanela","Est. tempo de leitura":"8 minutos"},"schema":{"@context":"https:\/\/schema.org","@graph":[{"@type":"WebPage","@id":"https:\/\/sinepe-rs.org.br\/educacaoempauta\/inspire-se\/complexo-de-formacao-de-professores-da-ufrj-deixa-licoes-importantes\/","url":"https:\/\/sinepe-rs.org.br\/educacaoempauta\/inspire-se\/complexo-de-formacao-de-professores-da-ufrj-deixa-licoes-importantes\/","name":"As li\u00e7\u00f5es do Complexo de Forma\u00e7\u00e3o de Professores da UFRJ","isPartOf":{"@id":"https:\/\/sinepe-rs.org.br\/educacaoempauta\/#website"},"primaryImageOfPage":{"@id":"https:\/\/sinepe-rs.org.br\/educacaoempauta\/inspire-se\/complexo-de-formacao-de-professores-da-ufrj-deixa-licoes-importantes\/#primaryimage"},"image":{"@id":"https:\/\/sinepe-rs.org.br\/educacaoempauta\/inspire-se\/complexo-de-formacao-de-professores-da-ufrj-deixa-licoes-importantes\/#primaryimage"},"thumbnailUrl":"https:\/\/sinepe-rs.org.br\/educacaoempauta\/wp-content\/uploads\/2024\/04\/360_SinepeRS_Educacao_Em_Pauta_Complexo_Formacao_Professores_UFRJ.jpg","datePublished":"2024-04-18T10:23:00+00:00","dateModified":"2024-04-30T12:44:27+00:00","author":{"@id":"https:\/\/sinepe-rs.org.br\/educacaoempauta\/#\/schema\/person\/c542073558983d5792101d1b5240d841"},"description":"Iniciativa teve a participa\u00e7\u00e3o de Ant\u00f3nio N\u00f3voa em sua concep\u00e7\u00e3o e trabalha com a aproxima\u00e7\u00e3o entre Ensino Superior e Educa\u00e7\u00e3o B\u00e1sica","breadcrumb":{"@id":"https:\/\/sinepe-rs.org.br\/educacaoempauta\/inspire-se\/complexo-de-formacao-de-professores-da-ufrj-deixa-licoes-importantes\/#breadcrumb"},"inLanguage":"pt-BR","potentialAction":[{"@type":"ReadAction","target":["https:\/\/sinepe-rs.org.br\/educacaoempauta\/inspire-se\/complexo-de-formacao-de-professores-da-ufrj-deixa-licoes-importantes\/"]}]},{"@type":"ImageObject","inLanguage":"pt-BR","@id":"https:\/\/sinepe-rs.org.br\/educacaoempauta\/inspire-se\/complexo-de-formacao-de-professores-da-ufrj-deixa-licoes-importantes\/#primaryimage","url":"https:\/\/sinepe-rs.org.br\/educacaoempauta\/wp-content\/uploads\/2024\/04\/360_SinepeRS_Educacao_Em_Pauta_Complexo_Formacao_Professores_UFRJ.jpg","contentUrl":"https:\/\/sinepe-rs.org.br\/educacaoempauta\/wp-content\/uploads\/2024\/04\/360_SinepeRS_Educacao_Em_Pauta_Complexo_Formacao_Professores_UFRJ.jpg","width":1366,"height":450,"caption":"Complexo de Forma\u00e7\u00e3o de Professores da UFRJ deixa li\u00e7\u00f5es importantes"},{"@type":"BreadcrumbList","@id":"https:\/\/sinepe-rs.org.br\/educacaoempauta\/inspire-se\/complexo-de-formacao-de-professores-da-ufrj-deixa-licoes-importantes\/#breadcrumb","itemListElement":[{"@type":"ListItem","position":1,"name":"Home","item":"https:\/\/sinepe-rs.org.br\/educacaoempauta\/"},{"@type":"ListItem","position":2,"name":"Complexo de Forma\u00e7\u00e3o de Professores da UFRJ deixa li\u00e7\u00f5es importantes"}]},{"@type":"WebSite","@id":"https:\/\/sinepe-rs.org.br\/educacaoempauta\/#website","url":"https:\/\/sinepe-rs.org.br\/educacaoempauta\/","name":"Educa\u00e7\u00e3o em Pauta: Portal de reportagens de Educa\u00e7\u00e3o","description":"Sinepe-RS","potentialAction":[{"@type":"SearchAction","target":{"@type":"EntryPoint","urlTemplate":"https:\/\/sinepe-rs.org.br\/educacaoempauta\/?s={search_term_string}"},"query-input":{"@type":"PropertyValueSpecification","valueRequired":true,"valueName":"search_term_string"}}],"inLanguage":"pt-BR"},{"@type":"Person","@id":"https:\/\/sinepe-rs.org.br\/educacaoempauta\/#\/schema\/person\/c542073558983d5792101d1b5240d841","name":"Alexandra Zanela","image":{"@type":"ImageObject","inLanguage":"pt-BR","@id":"https:\/\/sinepe-rs.org.br\/educacaoempauta\/#\/schema\/person\/image\/","url":"https:\/\/secure.gravatar.com\/avatar\/aab8da397152551fad5132b4b20cb891945e7bc931de8d0d72495261a983a371?s=96&d=mm&r=g","contentUrl":"https:\/\/secure.gravatar.com\/avatar\/aab8da397152551fad5132b4b20cb891945e7bc931de8d0d72495261a983a371?s=96&d=mm&r=g","caption":"Alexandra Zanela"},"url":"https:\/\/sinepe-rs.org.br\/educacaoempauta\/author\/alexandra\/"}]}},"_links":{"self":[{"href":"https:\/\/sinepe-rs.org.br\/educacaoempauta\/wp-json\/wp\/v2\/posts\/4671","targetHints":{"allow":["GET"]}}],"collection":[{"href":"https:\/\/sinepe-rs.org.br\/educacaoempauta\/wp-json\/wp\/v2\/posts"}],"about":[{"href":"https:\/\/sinepe-rs.org.br\/educacaoempauta\/wp-json\/wp\/v2\/types\/post"}],"author":[{"embeddable":true,"href":"https:\/\/sinepe-rs.org.br\/educacaoempauta\/wp-json\/wp\/v2\/users\/3"}],"replies":[{"embeddable":true,"href":"https:\/\/sinepe-rs.org.br\/educacaoempauta\/wp-json\/wp\/v2\/comments?post=4671"}],"version-history":[{"count":3,"href":"https:\/\/sinepe-rs.org.br\/educacaoempauta\/wp-json\/wp\/v2\/posts\/4671\/revisions"}],"predecessor-version":[{"id":4701,"href":"https:\/\/sinepe-rs.org.br\/educacaoempauta\/wp-json\/wp\/v2\/posts\/4671\/revisions\/4701"}],"wp:featuredmedia":[{"embeddable":true,"href":"https:\/\/sinepe-rs.org.br\/educacaoempauta\/wp-json\/wp\/v2\/media\/4672"}],"wp:attachment":[{"href":"https:\/\/sinepe-rs.org.br\/educacaoempauta\/wp-json\/wp\/v2\/media?parent=4671"}],"wp:term":[{"taxonomy":"category","embeddable":true,"href":"https:\/\/sinepe-rs.org.br\/educacaoempauta\/wp-json\/wp\/v2\/categories?post=4671"},{"taxonomy":"post_tag","embeddable":true,"href":"https:\/\/sinepe-rs.org.br\/educacaoempauta\/wp-json\/wp\/v2\/tags?post=4671"}],"curies":[{"name":"wp","href":"https:\/\/api.w.org\/{rel}","templated":true}]}}