{"id":4772,"date":"2024-06-06T07:00:00","date_gmt":"2024-06-06T10:00:00","guid":{"rendered":"https:\/\/sinepe-rs.org.br\/educacaoempauta\/?p=4772"},"modified":"2024-06-18T09:58:07","modified_gmt":"2024-06-18T12:58:07","slug":"enchentes-no-rs-trazem-licoes-de-humanidade-na-pratica","status":"publish","type":"post","link":"https:\/\/sinepe-rs.org.br\/educacaoempauta\/inspire-se\/enchentes-no-rs-trazem-licoes-de-humanidade-na-pratica\/","title":{"rendered":"Enchentes no RS trazem li\u00e7\u00f5es de humanidade na pr\u00e1tica"},"content":{"rendered":"\n<p>Em setembro de 2023, a cidade de Passo Fundo foi atingida pelas fortes chuvas que causaram danos em v\u00e1rias regi\u00f5es do Rio Grande do Sul. Apesar dos estragos das enchentes terem sido apenas materiais para algumas fam\u00edlias e empreendimentos, perceber as \u00e1guas dos rios subindo e chegando pr\u00f3ximos \u00e0s casas deixou muitas pessoas assustadas. J\u00e1 naquele momento, v\u00e1rias entidades se mobilizaram para colaborar com quem teve perdas, incluindo o <a href=\"https:\/\/passofundo.notredame.org.br\/\" target=\"_blank\" rel=\"noreferrer noopener\">Col\u00e9gio Notre Dame Passo Fundo<\/a> e a <a href=\"https:\/\/meninojesus.notredame.org.br\/\" target=\"_blank\" rel=\"noreferrer noopener\">Escola Notre Dame Menino Jesus<\/a>, ambas integrantes da <a href=\"https:\/\/portal.notredame.org.br\/rede-de-educacao-notre-dame\/\" target=\"_blank\" rel=\"noreferrer noopener\">Rede de Educa\u00e7\u00e3o Notre Dame<\/a>, presente em todo o Brasil. Agora, quando o Estado vive uma de suas maiores trag\u00e9dias ambientais, as institui\u00e7\u00f5es voltam a unir for\u00e7as numa corrente de solidariedade e humanidade para ajudar quem precisa recome\u00e7ar.\u00a0<\/p>\n\n\n\n<p>\u201cAqui em Passo Fundo, n\u00e3o fomos t\u00e3o atingidos e n\u00e3o temos casos de pessoas desabrigadas. Por\u00e9m, nossa comunidade ainda estava sensibilizada com a enchente de 2023. Por isso, num primeiro momento, criamos uma a\u00e7\u00e3o chamada Mutir\u00e3o da Solidariedade, onde arrecadamos colch\u00f5es, cobertores e toalhas, al\u00e9m de material de limpeza\u201d, explica o coordenador de Comunica\u00e7\u00e3o e Marketing da Rede de Educa\u00e7\u00e3o Notre Dame, Erni da Rosa.&nbsp;<\/p>\n\n\n\n<p>Num segundo momento, a campanha focou na arrecada\u00e7\u00e3o de produtos de higiene pessoal, que seguem at\u00e9 hoje, j\u00e1 que as informa\u00e7\u00f5es apontam para um longo per\u00edodo de recupera\u00e7\u00e3o em todo o Rio Grande do Sul.<\/p>\n\n\n\n<p><strong><mark style=\"background-color:#fcb900\" class=\"has-inline-color\">Leia tamb\u00e9m: <br><\/mark><\/strong><a href=\"https:\/\/sinepe-rs.org.br\/educacaoempauta\/inspire-se\/programa-acolhe-comunidade-escolar-afetada-pelas-enchentes\/\" target=\"_blank\" rel=\"noreferrer noopener\"><mark style=\"background-color:#fcb900\" class=\"has-inline-color\"><strong>&gt;&gt; Programa acolhe comunidade escolar afetada pelas enchentes<br>&gt;&gt; Escolas realizam a\u00e7\u00f5es para acolher comunidades em meio a trag\u00e9dia no RS<br><\/strong><\/mark><\/a><a href=\"https:\/\/sinepe-rs.org.br\/educacaoempauta\/com-a-palavra\/como-entender-e-acolher-os-afetados-pelas-enchentes\/\" target=\"_blank\" rel=\"noreferrer noopener\"><mark style=\"background-color:#fcb900\" class=\"has-inline-color\"><strong>&gt;&gt; Como entender e acolher os afetados pelas enchentes<\/strong><\/mark><\/a><\/p>\n\n\n<div class=\"wp-block-image\">\n<figure class=\"aligncenter size-full is-resized\"><img loading=\"lazy\" decoding=\"async\" width=\"567\" height=\"378\" src=\"https:\/\/sinepe-rs.org.br\/educacaoempauta\/wp-content\/uploads\/2024\/06\/382_SinepeRS_Educacao_Em_Pauta_382_SOLIDARIEDADE_Colegio_Notre_Dame_Divulgacao.png\" alt=\"\" class=\"wp-image-4774\" style=\"width:666px;height:auto\" srcset=\"https:\/\/sinepe-rs.org.br\/educacaoempauta\/wp-content\/uploads\/2024\/06\/382_SinepeRS_Educacao_Em_Pauta_382_SOLIDARIEDADE_Colegio_Notre_Dame_Divulgacao.png 567w, https:\/\/sinepe-rs.org.br\/educacaoempauta\/wp-content\/uploads\/2024\/06\/382_SinepeRS_Educacao_Em_Pauta_382_SOLIDARIEDADE_Colegio_Notre_Dame_Divulgacao-300x200.png 300w\" sizes=\"auto, (max-width: 567px) 100vw, 567px\" \/><figcaption class=\"wp-element-caption\"><em>&nbsp;Alunos de escolas da Rede de Educa\u00e7\u00e3o Notre Dame atuaram como volunt\u00e1rios na triagem e tamb\u00e9m na distribui\u00e7\u00e3o de doa\u00e7\u00f5es para a popula\u00e7\u00e3o atingida pelas chuvas em Passo Fundo | Foto: Assessoria de Comunica\u00e7\u00e3o Rede de Educa\u00e7\u00e3o Notre Dame<\/em><\/figcaption><\/figure>\n<\/div>\n\n\n<p>Todas as doa\u00e7\u00f5es recebidas pelas escolas foram encaminhadas para a Defesa Civil do Estado, para a realiza\u00e7\u00e3o da log\u00edstica das entregas. \u201cContamos com o apoio de tr\u00eas unidades da nossa rede, das cidades do Rio de Janeiro e de S\u00e3o Paulo, que tamb\u00e9m realizaram uma campanha de arrecada\u00e7\u00e3o entre os seus alunos. Agora, com a volta \u00e0s aulas em muitas cidades, nosso foco ser\u00e1 a arrecada\u00e7\u00e3o de material escolar\u201d, informa o coordenador.&nbsp;<\/p>\n\n\n\n<p>Com o envolvimento de cerca de tr\u00eas mil fam\u00edlias de professores, colaboradores e alunos, o Mutir\u00e3o de Solidariedade da Rede Notre Dame de Passo Fundo, al\u00e9m de ajudar quem mais precisa nesse momento delicado, tamb\u00e9m d\u00e1 aula de bom voluntariado. Com o apoio da Pastoral Escolar, estudantes do Ensino M\u00e9dio trabalharam ativamente na triagem de doa\u00e7\u00f5es e at\u00e9 os mais jovens come\u00e7aram a entender a import\u00e2ncia de se ajudar o pr\u00f3ximo. \u201cTemos relatos de pais que levaram seus filhos para comprar itens para doa\u00e7\u00e3o, onde houve uma troca importante para que a crian\u00e7a entenda esse processo e a sua import\u00e2ncia para a nossa sociedade\u201d, avalia Erni.&nbsp;<\/p>\n\n\n\n<p><strong>Uma escola transformada em lar<\/strong><\/p>\n\n\n\n<p>Num outro ponto do Rio Grande do Sul, a Regi\u00e3o Central, a cidade de Candel\u00e1ria viveu momentos de terror, quando mais de 100 pessoas aguardavam resgate nos telhados de suas casas, completamente cobertas pelas \u00e1guas do Rio Pardo, que contorna o munic\u00edpio. Desde que as primeiras fam\u00edlias foram resgatadas, no dia 3 de maio, o <a href=\"https:\/\/www.medianeiracandelaria.com.br\/\" target=\"_blank\" rel=\"noreferrer noopener\">Col\u00e9gio Nossa Senhora Medianeira<\/a> abriu suas portas para receber os desabrigados. A prefeitura municipal montou um abrigo no Gin\u00e1sio Jo\u00e3o Corr\u00eaa e tamb\u00e9m disponibilizou salas de aula para as equipes de sa\u00fade atuarem, al\u00e9m de banheiros e cozinha. O espa\u00e7o da pra\u00e7a, destinado para a Educa\u00e7\u00e3o Infantil, tamb\u00e9m foi aberto para que as crian\u00e7as abrigadas pudessem utilizar os brinquedos. \u201cRecebemos 160 pessoas e a nossa comunidade colaborou bastante. Chegamos a ter 200 volunt\u00e1rios atuando diretamente no local. Tamb\u00e9m reservamos um espa\u00e7o para os animais e recebemos muitas doa\u00e7\u00f5es de ra\u00e7\u00e3o\u201d, lembra o diretor da institui\u00e7\u00e3o, Alan Patrick Wagner.&nbsp;<\/p>\n\n\n<div class=\"wp-block-image\">\n<figure class=\"aligncenter size-full is-resized\"><img loading=\"lazy\" decoding=\"async\" width=\"567\" height=\"425\" src=\"https:\/\/sinepe-rs.org.br\/educacaoempauta\/wp-content\/uploads\/2024\/06\/382_SinepeRS_Educacao_Em_Pauta_382_SOLIDARIEDADE_Coegio_Medianeira_Divulgacao.jpg\" alt=\"\" class=\"wp-image-4775\" style=\"width:711px;height:auto\" srcset=\"https:\/\/sinepe-rs.org.br\/educacaoempauta\/wp-content\/uploads\/2024\/06\/382_SinepeRS_Educacao_Em_Pauta_382_SOLIDARIEDADE_Coegio_Medianeira_Divulgacao.jpg 567w, https:\/\/sinepe-rs.org.br\/educacaoempauta\/wp-content\/uploads\/2024\/06\/382_SinepeRS_Educacao_Em_Pauta_382_SOLIDARIEDADE_Coegio_Medianeira_Divulgacao-300x225.jpg 300w\" sizes=\"auto, (max-width: 567px) 100vw, 567px\" \/><figcaption class=\"wp-element-caption\"><em>O Gin\u00e1sio do Col\u00e9gio Nossa Senhora Medianeira, em Candel\u00e1ria, recebeu 160 pessoas durante 10 dias, al\u00e9m de disponibilizar salas de aula e alimenta\u00e7\u00e3o | Foto: Assessoria Col\u00e9gio Medianeira<\/em><\/figcaption><\/figure>\n<\/div>\n\n\n<p>Al\u00e9m de receberem doa\u00e7\u00f5es e garantirem alimenta\u00e7\u00e3o e agasalho para quem se encontrava no gin\u00e1sio, a escola tamb\u00e9m proporcionou momentos de reflex\u00e3o e cultura, com m\u00fasica e celebra\u00e7\u00e3o de missas no local.&nbsp; Ap\u00f3s 10 dias, as fam\u00edlias acolhidas pela comunidade escolar foram realocadas para a casa de familiares ou para novas resid\u00eancias. As aulas, que foram retomadas no dia 14, agora tornaram-se tamb\u00e9m espa\u00e7o para se debater a quest\u00e3o ambiental e o poder da solidariedade em momentos extremos como o que vive o Rio Grande do Sul.&nbsp;<\/p>\n\n\n\n<p>\u201cTivemos v\u00e1rios alunos que atuaram como volunt\u00e1rios, todos muito comprometidos em auxiliar a comunidade. Tamb\u00e9m tivemos alunos que foram afetados, especialmente os que moram no interior. Nossa psic\u00f3loga tem relatado que ainda existe uma apreens\u00e3o por parte desses alunos. Mas o que nos d\u00e1 esperan\u00e7a \u00e9 que todos est\u00e3o se ajudando\u201d, avalia o diretor.&nbsp;<\/p>\n","protected":false},"excerpt":{"rendered":"<p>Institui\u00e7\u00f5es das cidades de Passo Fundo e Candel\u00e1ria mobilizaram fam\u00edlias para arrecadar donativos para as v\u00edtimas das enchentes no Estado<\/p>\n","protected":false},"author":3,"featured_media":4773,"comment_status":"closed","ping_status":"closed","sticky":false,"template":"","format":"standard","meta":{"footnotes":""},"categories":[7],"tags":[647,646,637,648,43],"class_list":["post-4772","post","type-post","status-publish","format-standard","has-post-thumbnail","hentry","category-inspire-se","tag-candelaria","tag-doacoes","tag-enchentes","tag-passo-fundo","tag-sinepe-rs-2"],"acf":[],"yoast_head":"<!-- This site is optimized with the Yoast SEO plugin v24.6 - https:\/\/yoast.com\/wordpress\/plugins\/seo\/ -->\n<title>Enchentes no RS trazem li\u00e7\u00f5es de solidariedade na pr\u00e1tica<\/title>\n<meta name=\"description\" content=\"Institui\u00e7\u00f5es das cidades de Passo Fundo e Candel\u00e1ria mobilizaram fam\u00edlias para arrecadar donativos para as v\u00edtimas das enchentes no Estado\" \/>\n<meta name=\"robots\" content=\"index, follow, max-snippet:-1, max-image-preview:large, max-video-preview:-1\" \/>\n<link rel=\"canonical\" href=\"https:\/\/sinepe-rs.org.br\/educacaoempauta\/inspire-se\/enchentes-no-rs-trazem-licoes-de-humanidade-na-pratica\/\" \/>\n<meta property=\"og:locale\" content=\"pt_BR\" \/>\n<meta property=\"og:type\" content=\"article\" \/>\n<meta property=\"og:title\" content=\"Enchentes no RS trazem li\u00e7\u00f5es de solidariedade na pr\u00e1tica\" \/>\n<meta property=\"og:description\" content=\"Institui\u00e7\u00f5es das cidades de Passo Fundo e Candel\u00e1ria mobilizaram fam\u00edlias para arrecadar donativos para as v\u00edtimas das enchentes no Estado\" \/>\n<meta property=\"og:url\" content=\"https:\/\/sinepe-rs.org.br\/educacaoempauta\/inspire-se\/enchentes-no-rs-trazem-licoes-de-humanidade-na-pratica\/\" \/>\n<meta property=\"og:site_name\" content=\"Educa\u00e7\u00e3o em Pauta: Portal de reportagens de Educa\u00e7\u00e3o\" \/>\n<meta property=\"article:published_time\" content=\"2024-06-06T10:00:00+00:00\" \/>\n<meta property=\"article:modified_time\" content=\"2024-06-18T12:58:07+00:00\" \/>\n<meta property=\"og:image\" content=\"https:\/\/sinepe-rs.org.br\/educacaoempauta\/wp-content\/uploads\/2024\/06\/382_SinepeRS_Educacao_Em_Pauta_382_SOLIDARIEDADE.jpg\" \/>\n\t<meta property=\"og:image:width\" content=\"1366\" \/>\n\t<meta property=\"og:image:height\" content=\"450\" \/>\n\t<meta property=\"og:image:type\" content=\"image\/jpeg\" \/>\n<meta name=\"author\" content=\"Alexandra Zanela\" \/>\n<meta name=\"twitter:card\" content=\"summary_large_image\" \/>\n<meta name=\"twitter:label1\" content=\"Escrito por\" \/>\n\t<meta name=\"twitter:data1\" content=\"Alexandra Zanela\" \/>\n\t<meta name=\"twitter:label2\" content=\"Est. tempo de leitura\" \/>\n\t<meta name=\"twitter:data2\" content=\"5 minutos\" \/>\n<script type=\"application\/ld+json\" class=\"yoast-schema-graph\">{\"@context\":\"https:\/\/schema.org\",\"@graph\":[{\"@type\":\"WebPage\",\"@id\":\"https:\/\/sinepe-rs.org.br\/educacaoempauta\/inspire-se\/enchentes-no-rs-trazem-licoes-de-humanidade-na-pratica\/\",\"url\":\"https:\/\/sinepe-rs.org.br\/educacaoempauta\/inspire-se\/enchentes-no-rs-trazem-licoes-de-humanidade-na-pratica\/\",\"name\":\"Enchentes no RS trazem li\u00e7\u00f5es de solidariedade na pr\u00e1tica\",\"isPartOf\":{\"@id\":\"https:\/\/sinepe-rs.org.br\/educacaoempauta\/#website\"},\"primaryImageOfPage\":{\"@id\":\"https:\/\/sinepe-rs.org.br\/educacaoempauta\/inspire-se\/enchentes-no-rs-trazem-licoes-de-humanidade-na-pratica\/#primaryimage\"},\"image\":{\"@id\":\"https:\/\/sinepe-rs.org.br\/educacaoempauta\/inspire-se\/enchentes-no-rs-trazem-licoes-de-humanidade-na-pratica\/#primaryimage\"},\"thumbnailUrl\":\"https:\/\/sinepe-rs.org.br\/educacaoempauta\/wp-content\/uploads\/2024\/06\/382_SinepeRS_Educacao_Em_Pauta_382_SOLIDARIEDADE.jpg\",\"datePublished\":\"2024-06-06T10:00:00+00:00\",\"dateModified\":\"2024-06-18T12:58:07+00:00\",\"author\":{\"@id\":\"https:\/\/sinepe-rs.org.br\/educacaoempauta\/#\/schema\/person\/c542073558983d5792101d1b5240d841\"},\"description\":\"Institui\u00e7\u00f5es das cidades de Passo Fundo e Candel\u00e1ria mobilizaram fam\u00edlias para arrecadar donativos para as v\u00edtimas das enchentes no Estado\",\"breadcrumb\":{\"@id\":\"https:\/\/sinepe-rs.org.br\/educacaoempauta\/inspire-se\/enchentes-no-rs-trazem-licoes-de-humanidade-na-pratica\/#breadcrumb\"},\"inLanguage\":\"pt-BR\",\"potentialAction\":[{\"@type\":\"ReadAction\",\"target\":[\"https:\/\/sinepe-rs.org.br\/educacaoempauta\/inspire-se\/enchentes-no-rs-trazem-licoes-de-humanidade-na-pratica\/\"]}]},{\"@type\":\"ImageObject\",\"inLanguage\":\"pt-BR\",\"@id\":\"https:\/\/sinepe-rs.org.br\/educacaoempauta\/inspire-se\/enchentes-no-rs-trazem-licoes-de-humanidade-na-pratica\/#primaryimage\",\"url\":\"https:\/\/sinepe-rs.org.br\/educacaoempauta\/wp-content\/uploads\/2024\/06\/382_SinepeRS_Educacao_Em_Pauta_382_SOLIDARIEDADE.jpg\",\"contentUrl\":\"https:\/\/sinepe-rs.org.br\/educacaoempauta\/wp-content\/uploads\/2024\/06\/382_SinepeRS_Educacao_Em_Pauta_382_SOLIDARIEDADE.jpg\",\"width\":1366,\"height\":450,\"caption\":\"Enchentes no RS trazem li\u00e7\u00f5es de solidariedade na pr\u00e1tica\"},{\"@type\":\"BreadcrumbList\",\"@id\":\"https:\/\/sinepe-rs.org.br\/educacaoempauta\/inspire-se\/enchentes-no-rs-trazem-licoes-de-humanidade-na-pratica\/#breadcrumb\",\"itemListElement\":[{\"@type\":\"ListItem\",\"position\":1,\"name\":\"Home\",\"item\":\"https:\/\/sinepe-rs.org.br\/educacaoempauta\/\"},{\"@type\":\"ListItem\",\"position\":2,\"name\":\"Enchentes no RS trazem li\u00e7\u00f5es de humanidade na pr\u00e1tica\"}]},{\"@type\":\"WebSite\",\"@id\":\"https:\/\/sinepe-rs.org.br\/educacaoempauta\/#website\",\"url\":\"https:\/\/sinepe-rs.org.br\/educacaoempauta\/\",\"name\":\"Educa\u00e7\u00e3o em Pauta: Portal de reportagens de Educa\u00e7\u00e3o\",\"description\":\"Sinepe-RS\",\"potentialAction\":[{\"@type\":\"SearchAction\",\"target\":{\"@type\":\"EntryPoint\",\"urlTemplate\":\"https:\/\/sinepe-rs.org.br\/educacaoempauta\/?s={search_term_string}\"},\"query-input\":{\"@type\":\"PropertyValueSpecification\",\"valueRequired\":true,\"valueName\":\"search_term_string\"}}],\"inLanguage\":\"pt-BR\"},{\"@type\":\"Person\",\"@id\":\"https:\/\/sinepe-rs.org.br\/educacaoempauta\/#\/schema\/person\/c542073558983d5792101d1b5240d841\",\"name\":\"Alexandra Zanela\",\"image\":{\"@type\":\"ImageObject\",\"inLanguage\":\"pt-BR\",\"@id\":\"https:\/\/sinepe-rs.org.br\/educacaoempauta\/#\/schema\/person\/image\/\",\"url\":\"https:\/\/secure.gravatar.com\/avatar\/aab8da397152551fad5132b4b20cb891945e7bc931de8d0d72495261a983a371?s=96&d=mm&r=g\",\"contentUrl\":\"https:\/\/secure.gravatar.com\/avatar\/aab8da397152551fad5132b4b20cb891945e7bc931de8d0d72495261a983a371?s=96&d=mm&r=g\",\"caption\":\"Alexandra Zanela\"},\"url\":\"https:\/\/sinepe-rs.org.br\/educacaoempauta\/author\/alexandra\/\"}]}<\/script>\n<!-- \/ Yoast SEO plugin. -->","yoast_head_json":{"title":"Enchentes no RS trazem li\u00e7\u00f5es de solidariedade na pr\u00e1tica","description":"Institui\u00e7\u00f5es das cidades de Passo Fundo e Candel\u00e1ria mobilizaram fam\u00edlias para arrecadar donativos para as v\u00edtimas das enchentes no Estado","robots":{"index":"index","follow":"follow","max-snippet":"max-snippet:-1","max-image-preview":"max-image-preview:large","max-video-preview":"max-video-preview:-1"},"canonical":"https:\/\/sinepe-rs.org.br\/educacaoempauta\/inspire-se\/enchentes-no-rs-trazem-licoes-de-humanidade-na-pratica\/","og_locale":"pt_BR","og_type":"article","og_title":"Enchentes no RS trazem li\u00e7\u00f5es de solidariedade na pr\u00e1tica","og_description":"Institui\u00e7\u00f5es das cidades de Passo Fundo e Candel\u00e1ria mobilizaram fam\u00edlias para arrecadar donativos para as v\u00edtimas das enchentes no Estado","og_url":"https:\/\/sinepe-rs.org.br\/educacaoempauta\/inspire-se\/enchentes-no-rs-trazem-licoes-de-humanidade-na-pratica\/","og_site_name":"Educa\u00e7\u00e3o em Pauta: Portal de reportagens de Educa\u00e7\u00e3o","article_published_time":"2024-06-06T10:00:00+00:00","article_modified_time":"2024-06-18T12:58:07+00:00","og_image":[{"width":1366,"height":450,"url":"https:\/\/sinepe-rs.org.br\/educacaoempauta\/wp-content\/uploads\/2024\/06\/382_SinepeRS_Educacao_Em_Pauta_382_SOLIDARIEDADE.jpg","type":"image\/jpeg"}],"author":"Alexandra Zanela","twitter_card":"summary_large_image","twitter_misc":{"Escrito por":"Alexandra Zanela","Est. tempo de leitura":"5 minutos"},"schema":{"@context":"https:\/\/schema.org","@graph":[{"@type":"WebPage","@id":"https:\/\/sinepe-rs.org.br\/educacaoempauta\/inspire-se\/enchentes-no-rs-trazem-licoes-de-humanidade-na-pratica\/","url":"https:\/\/sinepe-rs.org.br\/educacaoempauta\/inspire-se\/enchentes-no-rs-trazem-licoes-de-humanidade-na-pratica\/","name":"Enchentes no RS trazem li\u00e7\u00f5es de solidariedade na pr\u00e1tica","isPartOf":{"@id":"https:\/\/sinepe-rs.org.br\/educacaoempauta\/#website"},"primaryImageOfPage":{"@id":"https:\/\/sinepe-rs.org.br\/educacaoempauta\/inspire-se\/enchentes-no-rs-trazem-licoes-de-humanidade-na-pratica\/#primaryimage"},"image":{"@id":"https:\/\/sinepe-rs.org.br\/educacaoempauta\/inspire-se\/enchentes-no-rs-trazem-licoes-de-humanidade-na-pratica\/#primaryimage"},"thumbnailUrl":"https:\/\/sinepe-rs.org.br\/educacaoempauta\/wp-content\/uploads\/2024\/06\/382_SinepeRS_Educacao_Em_Pauta_382_SOLIDARIEDADE.jpg","datePublished":"2024-06-06T10:00:00+00:00","dateModified":"2024-06-18T12:58:07+00:00","author":{"@id":"https:\/\/sinepe-rs.org.br\/educacaoempauta\/#\/schema\/person\/c542073558983d5792101d1b5240d841"},"description":"Institui\u00e7\u00f5es das cidades de Passo Fundo e Candel\u00e1ria mobilizaram fam\u00edlias para arrecadar donativos para as v\u00edtimas das enchentes no Estado","breadcrumb":{"@id":"https:\/\/sinepe-rs.org.br\/educacaoempauta\/inspire-se\/enchentes-no-rs-trazem-licoes-de-humanidade-na-pratica\/#breadcrumb"},"inLanguage":"pt-BR","potentialAction":[{"@type":"ReadAction","target":["https:\/\/sinepe-rs.org.br\/educacaoempauta\/inspire-se\/enchentes-no-rs-trazem-licoes-de-humanidade-na-pratica\/"]}]},{"@type":"ImageObject","inLanguage":"pt-BR","@id":"https:\/\/sinepe-rs.org.br\/educacaoempauta\/inspire-se\/enchentes-no-rs-trazem-licoes-de-humanidade-na-pratica\/#primaryimage","url":"https:\/\/sinepe-rs.org.br\/educacaoempauta\/wp-content\/uploads\/2024\/06\/382_SinepeRS_Educacao_Em_Pauta_382_SOLIDARIEDADE.jpg","contentUrl":"https:\/\/sinepe-rs.org.br\/educacaoempauta\/wp-content\/uploads\/2024\/06\/382_SinepeRS_Educacao_Em_Pauta_382_SOLIDARIEDADE.jpg","width":1366,"height":450,"caption":"Enchentes no RS trazem li\u00e7\u00f5es de solidariedade na pr\u00e1tica"},{"@type":"BreadcrumbList","@id":"https:\/\/sinepe-rs.org.br\/educacaoempauta\/inspire-se\/enchentes-no-rs-trazem-licoes-de-humanidade-na-pratica\/#breadcrumb","itemListElement":[{"@type":"ListItem","position":1,"name":"Home","item":"https:\/\/sinepe-rs.org.br\/educacaoempauta\/"},{"@type":"ListItem","position":2,"name":"Enchentes no RS trazem li\u00e7\u00f5es de humanidade na pr\u00e1tica"}]},{"@type":"WebSite","@id":"https:\/\/sinepe-rs.org.br\/educacaoempauta\/#website","url":"https:\/\/sinepe-rs.org.br\/educacaoempauta\/","name":"Educa\u00e7\u00e3o em Pauta: Portal de reportagens de Educa\u00e7\u00e3o","description":"Sinepe-RS","potentialAction":[{"@type":"SearchAction","target":{"@type":"EntryPoint","urlTemplate":"https:\/\/sinepe-rs.org.br\/educacaoempauta\/?s={search_term_string}"},"query-input":{"@type":"PropertyValueSpecification","valueRequired":true,"valueName":"search_term_string"}}],"inLanguage":"pt-BR"},{"@type":"Person","@id":"https:\/\/sinepe-rs.org.br\/educacaoempauta\/#\/schema\/person\/c542073558983d5792101d1b5240d841","name":"Alexandra Zanela","image":{"@type":"ImageObject","inLanguage":"pt-BR","@id":"https:\/\/sinepe-rs.org.br\/educacaoempauta\/#\/schema\/person\/image\/","url":"https:\/\/secure.gravatar.com\/avatar\/aab8da397152551fad5132b4b20cb891945e7bc931de8d0d72495261a983a371?s=96&d=mm&r=g","contentUrl":"https:\/\/secure.gravatar.com\/avatar\/aab8da397152551fad5132b4b20cb891945e7bc931de8d0d72495261a983a371?s=96&d=mm&r=g","caption":"Alexandra Zanela"},"url":"https:\/\/sinepe-rs.org.br\/educacaoempauta\/author\/alexandra\/"}]}},"_links":{"self":[{"href":"https:\/\/sinepe-rs.org.br\/educacaoempauta\/wp-json\/wp\/v2\/posts\/4772","targetHints":{"allow":["GET"]}}],"collection":[{"href":"https:\/\/sinepe-rs.org.br\/educacaoempauta\/wp-json\/wp\/v2\/posts"}],"about":[{"href":"https:\/\/sinepe-rs.org.br\/educacaoempauta\/wp-json\/wp\/v2\/types\/post"}],"author":[{"embeddable":true,"href":"https:\/\/sinepe-rs.org.br\/educacaoempauta\/wp-json\/wp\/v2\/users\/3"}],"replies":[{"embeddable":true,"href":"https:\/\/sinepe-rs.org.br\/educacaoempauta\/wp-json\/wp\/v2\/comments?post=4772"}],"version-history":[{"count":9,"href":"https:\/\/sinepe-rs.org.br\/educacaoempauta\/wp-json\/wp\/v2\/posts\/4772\/revisions"}],"predecessor-version":[{"id":4807,"href":"https:\/\/sinepe-rs.org.br\/educacaoempauta\/wp-json\/wp\/v2\/posts\/4772\/revisions\/4807"}],"wp:featuredmedia":[{"embeddable":true,"href":"https:\/\/sinepe-rs.org.br\/educacaoempauta\/wp-json\/wp\/v2\/media\/4773"}],"wp:attachment":[{"href":"https:\/\/sinepe-rs.org.br\/educacaoempauta\/wp-json\/wp\/v2\/media?parent=4772"}],"wp:term":[{"taxonomy":"category","embeddable":true,"href":"https:\/\/sinepe-rs.org.br\/educacaoempauta\/wp-json\/wp\/v2\/categories?post=4772"},{"taxonomy":"post_tag","embeddable":true,"href":"https:\/\/sinepe-rs.org.br\/educacaoempauta\/wp-json\/wp\/v2\/tags?post=4772"}],"curies":[{"name":"wp","href":"https:\/\/api.w.org\/{rel}","templated":true}]}}