{"id":4817,"date":"2024-06-25T07:00:00","date_gmt":"2024-06-25T10:00:00","guid":{"rendered":"https:\/\/sinepe-rs.org.br\/educacaoempauta\/?p=4817"},"modified":"2024-07-02T11:45:39","modified_gmt":"2024-07-02T14:45:39","slug":"avaec-adota-escola-de-sao-leopoldo-atingida-pela-enchente","status":"publish","type":"post","link":"https:\/\/sinepe-rs.org.br\/educacaoempauta\/inspire-se\/avaec-adota-escola-de-sao-leopoldo-atingida-pela-enchente\/","title":{"rendered":"AVAEC adota escola de S\u00e3o Leopoldo atingida pela enchente"},"content":{"rendered":"\n<p>A enchente que transformou rotinas no Rio Grande do Sul,&nbsp; em maio deste ano, fez com que muitas escolas repensassem suas estruturas e at\u00e9 sua prepara\u00e7\u00e3o em casos de desastres ambientais. A cidade de S\u00e3o Leopoldo, na regi\u00e3o metropolitana de Porto Alegre, foi uma das mais atingidas, com 75% da popula\u00e7\u00e3o afetada por conta da cheia no Rio dos Sinos. Entre as muitas institui\u00e7\u00f5es que sofreram com a enchente, est\u00e1 o <a href=\"https:\/\/colegiogusch.com.br\/\" target=\"_blank\" rel=\"noreferrer noopener\">Col\u00e9gio&nbsp;Professor Gustavo Schreiber (GUSCH)<\/a>.&nbsp; Al\u00e9m de contar com a ajuda da comunidade escolar, uma colabora\u00e7\u00e3o muito bem-vinda chega da cidade de Veran\u00f3polis para auxiliar na limpeza e na reposi\u00e7\u00e3o de m\u00f3veis e outros materiais.&nbsp;<\/p>\n\n\n\n<p>A <a href=\"https:\/\/www.avaec.com.br\/\" target=\"_blank\" rel=\"noreferrer noopener\">Academia Veranense de Assist\u00eancia em Educa\u00e7\u00e3o e Cultura (AVAEC)<\/a>, sensibilizada com a situa\u00e7\u00e3o do Col\u00e9gio GUSCH, que teve preju\u00edzos em salas de aula e tamb\u00e9m em equipamentos eletr\u00f4nicos, resolveu transformar o seu tradicional festejo junino em um encontro de solidariedade.&nbsp;<\/p>\n\n\n\n<p><strong><mark style=\"background-color:#fcb900\" class=\"has-inline-color\">Leia tamb\u00e9m: <br><a href=\"https:\/\/sinepe-rs.org.br\/educacaoempauta\/inspire-se\/movimentos-solidarios-de-colegios-acolhem-profissionais-da-educacao\/\">&gt;&gt; Movimentos solid\u00e1rios de col\u00e9gios acolhem profissionais da educa\u00e7\u00e3o<\/a><br><a href=\"https:\/\/sinepe-rs.org.br\/educacaoempauta\/gestao\/a-importancia-do-planejamento-para-prevencao-de-riscos-e-gestao-de-crises\/\">&gt;&gt; A import\u00e2ncia do planejamento para preven\u00e7\u00e3o de riscos e gest\u00e3o de crises<\/a><br><a href=\"https:\/\/sinepe-rs.org.br\/educacaoempauta\/inspire-se\/enchentes-no-rs-trazem-licoes-de-humanidade-na-pratica\/\">&gt;&gt; Enchentes no RS trazem li\u00e7\u00f5es de humanidade na pr\u00e1tica<\/a><\/mark><\/strong><\/p>\n\n\n\n<p>\u201cNossa festa estava marcada para o in\u00edcio do m\u00eas de junho e a divulga\u00e7\u00e3o deveria come\u00e7ar na metade do m\u00eas de maio, per\u00edodo do auge dos problemas com as enchentes. Por isso, nos questionamos, enquanto equipe, o que poder\u00edamos fazer para manter a festa como proposta pedag\u00f3gica e tamb\u00e9m ajudar alguma escola que sofreu com as inunda\u00e7\u00f5es\u201d, lembra Cleciane Moro, diretora geral da AVAEC.&nbsp;<\/p>\n\n\n\n<figure class=\"wp-block-image size-large\"><img loading=\"lazy\" decoding=\"async\" width=\"1024\" height=\"682\" src=\"https:\/\/sinepe-rs.org.br\/educacaoempauta\/wp-content\/uploads\/2024\/06\/388_SinepeRS_Educacao_Em_Pauta_AVAEC_adota_escola_enchente_Divulgacao_1-1024x682.jpeg\" alt=\"\" class=\"wp-image-4818\" srcset=\"https:\/\/sinepe-rs.org.br\/educacaoempauta\/wp-content\/uploads\/2024\/06\/388_SinepeRS_Educacao_Em_Pauta_AVAEC_adota_escola_enchente_Divulgacao_1-1024x682.jpeg 1024w, https:\/\/sinepe-rs.org.br\/educacaoempauta\/wp-content\/uploads\/2024\/06\/388_SinepeRS_Educacao_Em_Pauta_AVAEC_adota_escola_enchente_Divulgacao_1-300x200.jpeg 300w, https:\/\/sinepe-rs.org.br\/educacaoempauta\/wp-content\/uploads\/2024\/06\/388_SinepeRS_Educacao_Em_Pauta_AVAEC_adota_escola_enchente_Divulgacao_1-768x512.jpeg 768w, https:\/\/sinepe-rs.org.br\/educacaoempauta\/wp-content\/uploads\/2024\/06\/388_SinepeRS_Educacao_Em_Pauta_AVAEC_adota_escola_enchente_Divulgacao_1-1536x1023.jpeg 1536w, https:\/\/sinepe-rs.org.br\/educacaoempauta\/wp-content\/uploads\/2024\/06\/388_SinepeRS_Educacao_Em_Pauta_AVAEC_adota_escola_enchente_Divulgacao_1.jpeg 1600w\" sizes=\"auto, (max-width: 1024px) 100vw, 1024px\" \/><figcaption class=\"wp-element-caption\"><em>As apresenta\u00e7\u00f5es marcaram o primeiro S\u00e3o Jo\u00e3o Fraterno da AVAEC, que arrecadou quase R$ 7 mil e movimentou estudantes e fam\u00edlias | Foto: Cl\u00f3vis Moraes, Divulga\u00e7\u00e3o AVAEC<\/em><\/figcaption><\/figure>\n\n\n\n<p>A sa\u00edda encontrada foi trazer um diferencial para a tradicional festa, sem perder o engajamento dos alunos. Assim nasceu o <strong>S\u00e3o Jo\u00e3o Fraterno<\/strong>, organizado dentro das depend\u00eancias da escola e com foco nos alunos dos diferentes n\u00edveis de ensino da institui\u00e7\u00e3o.<\/p>\n\n\n\n<p>\u201cConvidamos as fam\u00edlias para adquirirem o Combo Fraterno, que dava direito a uma pescaria, um docinho e um estalinho, e tamb\u00e9m um Combo Extra, no valor de R$ 20, para auxiliar a escola coirm\u00e3\u201d, explica a diretora, que comemora a grande colabora\u00e7\u00e3o dos pais e alunos junto \u00e0 iniciativa.&nbsp;<\/p>\n\n\n\n<p>At\u00e9 agora, com a realiza\u00e7\u00e3o das festividades junto aos alunos da Educa\u00e7\u00e3o Infantil e dos anos iniciais do Ensino Fundamental, a AVAEC j\u00e1 arrecadou cerca de R$ 7 mil, um valor considerado satisfat\u00f3rio para a dire\u00e7\u00e3o da institui\u00e7\u00e3o.&nbsp;<\/p>\n\n\n\n<p>\u201cSomos uma escola com cerca de 550 alunos e ficamos muito felizes que nossa iniciativa agradou as fam\u00edlias dos nossos estudantes. Tamb\u00e9m foi uma forma de fazer com que os alunos entendessem que estavam ajudando crian\u00e7as de uma outra escola\u201d, avalia Cleciane.&nbsp;<\/p>\n\n\n\n<p>Para a supervisora de ensino da AVAEC, Jane Lourdes Dal Pai Giugno, a colabora\u00e7\u00e3o das fam\u00edlias tamb\u00e9m se deve a um projeto realizado com o apoio da R\u00e1dio Veranense, que tem abrang\u00eancia na cidade e tamb\u00e9m nos munic\u00edpios da regi\u00e3o, que veiculou slogans sobre solidariedade gravados por professores e alunos.&nbsp;<\/p>\n\n\n\n<figure class=\"wp-block-image size-large\"><img loading=\"lazy\" decoding=\"async\" width=\"1024\" height=\"768\" src=\"https:\/\/sinepe-rs.org.br\/educacaoempauta\/wp-content\/uploads\/2024\/06\/388_SinepeRS_Educacao_Em_Pauta_AVAEC_adota_escola_enchente_Divulgacao_2-1024x768.jpeg\" alt=\"\" class=\"wp-image-4819\" srcset=\"https:\/\/sinepe-rs.org.br\/educacaoempauta\/wp-content\/uploads\/2024\/06\/388_SinepeRS_Educacao_Em_Pauta_AVAEC_adota_escola_enchente_Divulgacao_2-1024x768.jpeg 1024w, https:\/\/sinepe-rs.org.br\/educacaoempauta\/wp-content\/uploads\/2024\/06\/388_SinepeRS_Educacao_Em_Pauta_AVAEC_adota_escola_enchente_Divulgacao_2-300x225.jpeg 300w, https:\/\/sinepe-rs.org.br\/educacaoempauta\/wp-content\/uploads\/2024\/06\/388_SinepeRS_Educacao_Em_Pauta_AVAEC_adota_escola_enchente_Divulgacao_2-768x576.jpeg 768w, https:\/\/sinepe-rs.org.br\/educacaoempauta\/wp-content\/uploads\/2024\/06\/388_SinepeRS_Educacao_Em_Pauta_AVAEC_adota_escola_enchente_Divulgacao_2-1536x1152.jpeg 1536w, https:\/\/sinepe-rs.org.br\/educacaoempauta\/wp-content\/uploads\/2024\/06\/388_SinepeRS_Educacao_Em_Pauta_AVAEC_adota_escola_enchente_Divulgacao_2.jpeg 1600w\" sizes=\"auto, (max-width: 1024px) 100vw, 1024px\" \/><figcaption class=\"wp-element-caption\"><em>A pescaria, atividade que movimenta os alunos da Educa\u00e7\u00e3o Infantil, tamb\u00e9m foi focada na solidariedade, com as fam\u00edlias adquirindo combos extras para ajudar uma escola coirm\u00e3. Foto: Cida Cardoso, Divulga\u00e7\u00e3o AVAEC<\/em><\/figcaption><\/figure>\n\n\n\n<p>\u201cNossos professores tamb\u00e9m se envolveram. Temos aqui na escola, desde a Educa\u00e7\u00e3o Infantil, um momento de reflex\u00e3o, em que o professor trabalha o tema de se colocar no lugar do outro. Nossas crian\u00e7as vibraram ao verem a oferta do S\u00e3o Jo\u00e3o Fraterno, pois perceberam que iriam poder comemorar de uma forma diferente e ainda se solidarizaram com outros estudantes\u201d, aponta Jane.&nbsp;<\/p>\n\n\n\n<p>Para o futuro, a ideia \u00e9 promover um interc\u00e2mbio entre as escolas onde, por meio de chamadas de v\u00eddeo, os estudantes possam se conhecer e trocar experi\u00eancias. Jane tamb\u00e9m destaca que h\u00e1 o interesse dos professores da AVAEC em realizar discuss\u00f5es e trocas com os colegas do Col\u00e9gio GUSCH.<\/p>\n\n\n\n<p>\u201cS\u00e3o v\u00e1rias etapas. Ao longo do segundo semestre, temos projetos de realizar estes momentos de intera\u00e7\u00e3o e seguirmos em contato com nossa escola coirm\u00e3. \u00c9 uma constru\u00e7\u00e3o que ter\u00e1 v\u00e1rias etapas\u201d, prev\u00ea a supervisora.\u00a0<\/p>\n\n\n\n<p>O assessor administrativo do Col\u00e9gio GUSCH, Conrado Schreiber, conta que a comunidade escolar recebeu a not\u00edcia da ajuda da AVAEC em um dos momentos mais cr\u00edticos para a escola. A \u00e1gua, que chegou a atingir 2,80m em um dos pr\u00e9dios, havia baixado e o cen\u00e1rio era chocante.<\/p>\n\n\n\n<p>&#8220;Foi dif\u00edcil pensar como far\u00edamos a recupera\u00e7\u00e3o da escola naquele momento. Iniciamos a limpeza e a organiza\u00e7\u00e3o com o apoio dos pais, funcion\u00e1rios e professores. Levamos uma semana para realizar este trabalho. Quando recebemos a liga\u00e7\u00e3o da AVAEC, percebemos que n\u00e3o est\u00e1vamos sozinhos. Ficamos muito felizes com o carinho que nos foi enviado. S\u00f3 temos que agradecer e pretendemos fazer uma visita para retribuir a ajuda&#8221;, informa Conrado.<\/p>\n","protected":false},"excerpt":{"rendered":"<p>A organiza\u00e7\u00e3o de uma festa junina solid\u00e1ria auxilia na capta\u00e7\u00e3o de recursos para viabilizar reconstru\u00e7\u00e3o do Col\u00e9gio Professor Gustavo Schreiber<\/p>\n","protected":false},"author":3,"featured_media":4823,"comment_status":"closed","ping_status":"closed","sticky":false,"template":"","format":"standard","meta":{"footnotes":""},"categories":[7],"tags":[653,637,654,43,640],"class_list":["post-4817","post","type-post","status-publish","format-standard","has-post-thumbnail","hentry","category-inspire-se","tag-avaec","tag-enchentes","tag-sao-leopoldo","tag-sinepe-rs-2","tag-solidariedade"],"acf":[],"yoast_head":"<!-- This site is optimized with the Yoast SEO plugin v24.6 - https:\/\/yoast.com\/wordpress\/plugins\/seo\/ -->\n<title>AVAEC adota escola de S\u00e3o Leopoldo atingida pela enchente<\/title>\n<meta name=\"description\" content=\"A organiza\u00e7\u00e3o de uma festa junina solid\u00e1ria auxilia na capta\u00e7\u00e3o de recursos para viabilizar reconstru\u00e7\u00e3o do Col\u00e9gio Professor Gustavo Schreiber\" \/>\n<meta name=\"robots\" content=\"index, follow, max-snippet:-1, max-image-preview:large, max-video-preview:-1\" \/>\n<link rel=\"canonical\" href=\"https:\/\/sinepe-rs.org.br\/educacaoempauta\/inspire-se\/avaec-adota-escola-de-sao-leopoldo-atingida-pela-enchente\/\" \/>\n<meta property=\"og:locale\" content=\"pt_BR\" \/>\n<meta property=\"og:type\" content=\"article\" \/>\n<meta property=\"og:title\" content=\"AVAEC adota escola de S\u00e3o Leopoldo atingida pela enchente\" \/>\n<meta property=\"og:description\" content=\"A organiza\u00e7\u00e3o de uma festa junina solid\u00e1ria auxilia na capta\u00e7\u00e3o de recursos para viabilizar reconstru\u00e7\u00e3o do Col\u00e9gio Professor Gustavo Schreiber\" \/>\n<meta property=\"og:url\" content=\"https:\/\/sinepe-rs.org.br\/educacaoempauta\/inspire-se\/avaec-adota-escola-de-sao-leopoldo-atingida-pela-enchente\/\" \/>\n<meta property=\"og:site_name\" content=\"Educa\u00e7\u00e3o em Pauta: Portal de reportagens de Educa\u00e7\u00e3o\" \/>\n<meta property=\"article:published_time\" content=\"2024-06-25T10:00:00+00:00\" \/>\n<meta property=\"article:modified_time\" content=\"2024-07-02T14:45:39+00:00\" \/>\n<meta property=\"og:image\" content=\"https:\/\/sinepe-rs.org.br\/educacaoempauta\/wp-content\/uploads\/2024\/06\/388_SinepeRS_Educacao_Em_Pauta_AVAEC_adota_escola_enchente_Divulgacao.jpg\" \/>\n\t<meta property=\"og:image:width\" content=\"1366\" \/>\n\t<meta property=\"og:image:height\" content=\"450\" \/>\n\t<meta property=\"og:image:type\" content=\"image\/jpeg\" \/>\n<meta name=\"author\" content=\"Alexandra Zanela\" \/>\n<meta name=\"twitter:card\" content=\"summary_large_image\" \/>\n<meta name=\"twitter:label1\" content=\"Escrito por\" \/>\n\t<meta name=\"twitter:data1\" content=\"Alexandra Zanela\" \/>\n\t<meta name=\"twitter:label2\" content=\"Est. tempo de leitura\" \/>\n\t<meta name=\"twitter:data2\" content=\"5 minutos\" \/>\n<script type=\"application\/ld+json\" class=\"yoast-schema-graph\">{\"@context\":\"https:\/\/schema.org\",\"@graph\":[{\"@type\":\"WebPage\",\"@id\":\"https:\/\/sinepe-rs.org.br\/educacaoempauta\/inspire-se\/avaec-adota-escola-de-sao-leopoldo-atingida-pela-enchente\/\",\"url\":\"https:\/\/sinepe-rs.org.br\/educacaoempauta\/inspire-se\/avaec-adota-escola-de-sao-leopoldo-atingida-pela-enchente\/\",\"name\":\"AVAEC adota escola de S\u00e3o Leopoldo atingida pela enchente\",\"isPartOf\":{\"@id\":\"https:\/\/sinepe-rs.org.br\/educacaoempauta\/#website\"},\"primaryImageOfPage\":{\"@id\":\"https:\/\/sinepe-rs.org.br\/educacaoempauta\/inspire-se\/avaec-adota-escola-de-sao-leopoldo-atingida-pela-enchente\/#primaryimage\"},\"image\":{\"@id\":\"https:\/\/sinepe-rs.org.br\/educacaoempauta\/inspire-se\/avaec-adota-escola-de-sao-leopoldo-atingida-pela-enchente\/#primaryimage\"},\"thumbnailUrl\":\"https:\/\/sinepe-rs.org.br\/educacaoempauta\/wp-content\/uploads\/2024\/06\/388_SinepeRS_Educacao_Em_Pauta_AVAEC_adota_escola_enchente_Divulgacao.jpg\",\"datePublished\":\"2024-06-25T10:00:00+00:00\",\"dateModified\":\"2024-07-02T14:45:39+00:00\",\"author\":{\"@id\":\"https:\/\/sinepe-rs.org.br\/educacaoempauta\/#\/schema\/person\/c542073558983d5792101d1b5240d841\"},\"description\":\"A organiza\u00e7\u00e3o de uma festa junina solid\u00e1ria auxilia na capta\u00e7\u00e3o de recursos para viabilizar reconstru\u00e7\u00e3o do Col\u00e9gio Professor Gustavo Schreiber\",\"breadcrumb\":{\"@id\":\"https:\/\/sinepe-rs.org.br\/educacaoempauta\/inspire-se\/avaec-adota-escola-de-sao-leopoldo-atingida-pela-enchente\/#breadcrumb\"},\"inLanguage\":\"pt-BR\",\"potentialAction\":[{\"@type\":\"ReadAction\",\"target\":[\"https:\/\/sinepe-rs.org.br\/educacaoempauta\/inspire-se\/avaec-adota-escola-de-sao-leopoldo-atingida-pela-enchente\/\"]}]},{\"@type\":\"ImageObject\",\"inLanguage\":\"pt-BR\",\"@id\":\"https:\/\/sinepe-rs.org.br\/educacaoempauta\/inspire-se\/avaec-adota-escola-de-sao-leopoldo-atingida-pela-enchente\/#primaryimage\",\"url\":\"https:\/\/sinepe-rs.org.br\/educacaoempauta\/wp-content\/uploads\/2024\/06\/388_SinepeRS_Educacao_Em_Pauta_AVAEC_adota_escola_enchente_Divulgacao.jpg\",\"contentUrl\":\"https:\/\/sinepe-rs.org.br\/educacaoempauta\/wp-content\/uploads\/2024\/06\/388_SinepeRS_Educacao_Em_Pauta_AVAEC_adota_escola_enchente_Divulgacao.jpg\",\"width\":1366,\"height\":450,\"caption\":\"AVAEC adota escola de S\u00e3o Leopoldo atingida pela enchente\"},{\"@type\":\"BreadcrumbList\",\"@id\":\"https:\/\/sinepe-rs.org.br\/educacaoempauta\/inspire-se\/avaec-adota-escola-de-sao-leopoldo-atingida-pela-enchente\/#breadcrumb\",\"itemListElement\":[{\"@type\":\"ListItem\",\"position\":1,\"name\":\"Home\",\"item\":\"https:\/\/sinepe-rs.org.br\/educacaoempauta\/\"},{\"@type\":\"ListItem\",\"position\":2,\"name\":\"AVAEC adota escola de S\u00e3o Leopoldo atingida pela enchente\"}]},{\"@type\":\"WebSite\",\"@id\":\"https:\/\/sinepe-rs.org.br\/educacaoempauta\/#website\",\"url\":\"https:\/\/sinepe-rs.org.br\/educacaoempauta\/\",\"name\":\"Educa\u00e7\u00e3o em Pauta: Portal de reportagens de Educa\u00e7\u00e3o\",\"description\":\"Sinepe-RS\",\"potentialAction\":[{\"@type\":\"SearchAction\",\"target\":{\"@type\":\"EntryPoint\",\"urlTemplate\":\"https:\/\/sinepe-rs.org.br\/educacaoempauta\/?s={search_term_string}\"},\"query-input\":{\"@type\":\"PropertyValueSpecification\",\"valueRequired\":true,\"valueName\":\"search_term_string\"}}],\"inLanguage\":\"pt-BR\"},{\"@type\":\"Person\",\"@id\":\"https:\/\/sinepe-rs.org.br\/educacaoempauta\/#\/schema\/person\/c542073558983d5792101d1b5240d841\",\"name\":\"Alexandra Zanela\",\"image\":{\"@type\":\"ImageObject\",\"inLanguage\":\"pt-BR\",\"@id\":\"https:\/\/sinepe-rs.org.br\/educacaoempauta\/#\/schema\/person\/image\/\",\"url\":\"https:\/\/secure.gravatar.com\/avatar\/aab8da397152551fad5132b4b20cb891945e7bc931de8d0d72495261a983a371?s=96&d=mm&r=g\",\"contentUrl\":\"https:\/\/secure.gravatar.com\/avatar\/aab8da397152551fad5132b4b20cb891945e7bc931de8d0d72495261a983a371?s=96&d=mm&r=g\",\"caption\":\"Alexandra Zanela\"},\"url\":\"https:\/\/sinepe-rs.org.br\/educacaoempauta\/author\/alexandra\/\"}]}<\/script>\n<!-- \/ Yoast SEO plugin. -->","yoast_head_json":{"title":"AVAEC adota escola de S\u00e3o Leopoldo atingida pela enchente","description":"A organiza\u00e7\u00e3o de uma festa junina solid\u00e1ria auxilia na capta\u00e7\u00e3o de recursos para viabilizar reconstru\u00e7\u00e3o do Col\u00e9gio Professor Gustavo Schreiber","robots":{"index":"index","follow":"follow","max-snippet":"max-snippet:-1","max-image-preview":"max-image-preview:large","max-video-preview":"max-video-preview:-1"},"canonical":"https:\/\/sinepe-rs.org.br\/educacaoempauta\/inspire-se\/avaec-adota-escola-de-sao-leopoldo-atingida-pela-enchente\/","og_locale":"pt_BR","og_type":"article","og_title":"AVAEC adota escola de S\u00e3o Leopoldo atingida pela enchente","og_description":"A organiza\u00e7\u00e3o de uma festa junina solid\u00e1ria auxilia na capta\u00e7\u00e3o de recursos para viabilizar reconstru\u00e7\u00e3o do Col\u00e9gio Professor Gustavo Schreiber","og_url":"https:\/\/sinepe-rs.org.br\/educacaoempauta\/inspire-se\/avaec-adota-escola-de-sao-leopoldo-atingida-pela-enchente\/","og_site_name":"Educa\u00e7\u00e3o em Pauta: Portal de reportagens de Educa\u00e7\u00e3o","article_published_time":"2024-06-25T10:00:00+00:00","article_modified_time":"2024-07-02T14:45:39+00:00","og_image":[{"width":1366,"height":450,"url":"https:\/\/sinepe-rs.org.br\/educacaoempauta\/wp-content\/uploads\/2024\/06\/388_SinepeRS_Educacao_Em_Pauta_AVAEC_adota_escola_enchente_Divulgacao.jpg","type":"image\/jpeg"}],"author":"Alexandra Zanela","twitter_card":"summary_large_image","twitter_misc":{"Escrito por":"Alexandra Zanela","Est. tempo de leitura":"5 minutos"},"schema":{"@context":"https:\/\/schema.org","@graph":[{"@type":"WebPage","@id":"https:\/\/sinepe-rs.org.br\/educacaoempauta\/inspire-se\/avaec-adota-escola-de-sao-leopoldo-atingida-pela-enchente\/","url":"https:\/\/sinepe-rs.org.br\/educacaoempauta\/inspire-se\/avaec-adota-escola-de-sao-leopoldo-atingida-pela-enchente\/","name":"AVAEC adota escola de S\u00e3o Leopoldo atingida pela enchente","isPartOf":{"@id":"https:\/\/sinepe-rs.org.br\/educacaoempauta\/#website"},"primaryImageOfPage":{"@id":"https:\/\/sinepe-rs.org.br\/educacaoempauta\/inspire-se\/avaec-adota-escola-de-sao-leopoldo-atingida-pela-enchente\/#primaryimage"},"image":{"@id":"https:\/\/sinepe-rs.org.br\/educacaoempauta\/inspire-se\/avaec-adota-escola-de-sao-leopoldo-atingida-pela-enchente\/#primaryimage"},"thumbnailUrl":"https:\/\/sinepe-rs.org.br\/educacaoempauta\/wp-content\/uploads\/2024\/06\/388_SinepeRS_Educacao_Em_Pauta_AVAEC_adota_escola_enchente_Divulgacao.jpg","datePublished":"2024-06-25T10:00:00+00:00","dateModified":"2024-07-02T14:45:39+00:00","author":{"@id":"https:\/\/sinepe-rs.org.br\/educacaoempauta\/#\/schema\/person\/c542073558983d5792101d1b5240d841"},"description":"A organiza\u00e7\u00e3o de uma festa junina solid\u00e1ria auxilia na capta\u00e7\u00e3o de recursos para viabilizar reconstru\u00e7\u00e3o do Col\u00e9gio Professor Gustavo Schreiber","breadcrumb":{"@id":"https:\/\/sinepe-rs.org.br\/educacaoempauta\/inspire-se\/avaec-adota-escola-de-sao-leopoldo-atingida-pela-enchente\/#breadcrumb"},"inLanguage":"pt-BR","potentialAction":[{"@type":"ReadAction","target":["https:\/\/sinepe-rs.org.br\/educacaoempauta\/inspire-se\/avaec-adota-escola-de-sao-leopoldo-atingida-pela-enchente\/"]}]},{"@type":"ImageObject","inLanguage":"pt-BR","@id":"https:\/\/sinepe-rs.org.br\/educacaoempauta\/inspire-se\/avaec-adota-escola-de-sao-leopoldo-atingida-pela-enchente\/#primaryimage","url":"https:\/\/sinepe-rs.org.br\/educacaoempauta\/wp-content\/uploads\/2024\/06\/388_SinepeRS_Educacao_Em_Pauta_AVAEC_adota_escola_enchente_Divulgacao.jpg","contentUrl":"https:\/\/sinepe-rs.org.br\/educacaoempauta\/wp-content\/uploads\/2024\/06\/388_SinepeRS_Educacao_Em_Pauta_AVAEC_adota_escola_enchente_Divulgacao.jpg","width":1366,"height":450,"caption":"AVAEC adota escola de S\u00e3o Leopoldo atingida pela enchente"},{"@type":"BreadcrumbList","@id":"https:\/\/sinepe-rs.org.br\/educacaoempauta\/inspire-se\/avaec-adota-escola-de-sao-leopoldo-atingida-pela-enchente\/#breadcrumb","itemListElement":[{"@type":"ListItem","position":1,"name":"Home","item":"https:\/\/sinepe-rs.org.br\/educacaoempauta\/"},{"@type":"ListItem","position":2,"name":"AVAEC adota escola de S\u00e3o Leopoldo atingida pela enchente"}]},{"@type":"WebSite","@id":"https:\/\/sinepe-rs.org.br\/educacaoempauta\/#website","url":"https:\/\/sinepe-rs.org.br\/educacaoempauta\/","name":"Educa\u00e7\u00e3o em Pauta: Portal de reportagens de Educa\u00e7\u00e3o","description":"Sinepe-RS","potentialAction":[{"@type":"SearchAction","target":{"@type":"EntryPoint","urlTemplate":"https:\/\/sinepe-rs.org.br\/educacaoempauta\/?s={search_term_string}"},"query-input":{"@type":"PropertyValueSpecification","valueRequired":true,"valueName":"search_term_string"}}],"inLanguage":"pt-BR"},{"@type":"Person","@id":"https:\/\/sinepe-rs.org.br\/educacaoempauta\/#\/schema\/person\/c542073558983d5792101d1b5240d841","name":"Alexandra Zanela","image":{"@type":"ImageObject","inLanguage":"pt-BR","@id":"https:\/\/sinepe-rs.org.br\/educacaoempauta\/#\/schema\/person\/image\/","url":"https:\/\/secure.gravatar.com\/avatar\/aab8da397152551fad5132b4b20cb891945e7bc931de8d0d72495261a983a371?s=96&d=mm&r=g","contentUrl":"https:\/\/secure.gravatar.com\/avatar\/aab8da397152551fad5132b4b20cb891945e7bc931de8d0d72495261a983a371?s=96&d=mm&r=g","caption":"Alexandra Zanela"},"url":"https:\/\/sinepe-rs.org.br\/educacaoempauta\/author\/alexandra\/"}]}},"_links":{"self":[{"href":"https:\/\/sinepe-rs.org.br\/educacaoempauta\/wp-json\/wp\/v2\/posts\/4817","targetHints":{"allow":["GET"]}}],"collection":[{"href":"https:\/\/sinepe-rs.org.br\/educacaoempauta\/wp-json\/wp\/v2\/posts"}],"about":[{"href":"https:\/\/sinepe-rs.org.br\/educacaoempauta\/wp-json\/wp\/v2\/types\/post"}],"author":[{"embeddable":true,"href":"https:\/\/sinepe-rs.org.br\/educacaoempauta\/wp-json\/wp\/v2\/users\/3"}],"replies":[{"embeddable":true,"href":"https:\/\/sinepe-rs.org.br\/educacaoempauta\/wp-json\/wp\/v2\/comments?post=4817"}],"version-history":[{"count":9,"href":"https:\/\/sinepe-rs.org.br\/educacaoempauta\/wp-json\/wp\/v2\/posts\/4817\/revisions"}],"predecessor-version":[{"id":4860,"href":"https:\/\/sinepe-rs.org.br\/educacaoempauta\/wp-json\/wp\/v2\/posts\/4817\/revisions\/4860"}],"wp:featuredmedia":[{"embeddable":true,"href":"https:\/\/sinepe-rs.org.br\/educacaoempauta\/wp-json\/wp\/v2\/media\/4823"}],"wp:attachment":[{"href":"https:\/\/sinepe-rs.org.br\/educacaoempauta\/wp-json\/wp\/v2\/media?parent=4817"}],"wp:term":[{"taxonomy":"category","embeddable":true,"href":"https:\/\/sinepe-rs.org.br\/educacaoempauta\/wp-json\/wp\/v2\/categories?post=4817"},{"taxonomy":"post_tag","embeddable":true,"href":"https:\/\/sinepe-rs.org.br\/educacaoempauta\/wp-json\/wp\/v2\/tags?post=4817"}],"curies":[{"name":"wp","href":"https:\/\/api.w.org\/{rel}","templated":true}]}}