{"id":4848,"date":"2024-07-02T07:01:00","date_gmt":"2024-07-02T10:01:00","guid":{"rendered":"https:\/\/sinepe-rs.org.br\/educacaoempauta\/?p=4848"},"modified":"2024-07-11T10:05:04","modified_gmt":"2024-07-11T13:05:04","slug":"psicologa-defende-dialogo-mais-frequente-e-aberto-entre-familia-e-escola","status":"publish","type":"post","link":"https:\/\/sinepe-rs.org.br\/educacaoempauta\/com-a-palavra\/psicologa-defende-dialogo-mais-frequente-e-aberto-entre-familia-e-escola\/","title":{"rendered":"Psic\u00f3loga defende di\u00e1logo mais frequente e aberto entre fam\u00edlia e escola"},"content":{"rendered":"\n<p>O envolvimento da fam\u00edlia tem sido muito mais com o filho na escola do que com a pr\u00f3pria escola. \u00c9 o que constata a psic\u00f3loga, refer\u00eancia nacional em educa\u00e7\u00e3o e fam\u00edlia, <a href=\"https:\/\/www.instagram.com\/roselysayao\/\" target=\"_blank\" rel=\"noreferrer noopener\">Rosely Say\u00e3o<\/a>, a partir de suas observa\u00e7\u00f5es e retornos recebidos tanto de pais como de profissionais envolvidos com o ensino.<\/p>\n\n\n<div class=\"wp-block-image\">\n<figure class=\"aligncenter size-large is-resized\"><img loading=\"lazy\" decoding=\"async\" width=\"768\" height=\"1024\" src=\"https:\/\/sinepe-rs.org.br\/educacaoempauta\/wp-content\/uploads\/2024\/07\/370_SINEPERS_Educacao_Em_Pauta_Rosely_Sayao_Familia_e_escola_Arquivo_Pessoal-768x1024.jpg\" alt=\"Refer\u00eancia nacional em educa\u00e7\u00e3o e fam\u00edlia, Rosely Say\u00e3o faz reflex\u00f5es e apontamentos para que haja mais contribui\u00e7\u00f5es entre escola e fam\u00edlia\" class=\"wp-image-4856\" style=\"width:531px;height:auto\" srcset=\"https:\/\/sinepe-rs.org.br\/educacaoempauta\/wp-content\/uploads\/2024\/07\/370_SINEPERS_Educacao_Em_Pauta_Rosely_Sayao_Familia_e_escola_Arquivo_Pessoal-768x1024.jpg 768w, https:\/\/sinepe-rs.org.br\/educacaoempauta\/wp-content\/uploads\/2024\/07\/370_SINEPERS_Educacao_Em_Pauta_Rosely_Sayao_Familia_e_escola_Arquivo_Pessoal-225x300.jpg 225w, https:\/\/sinepe-rs.org.br\/educacaoempauta\/wp-content\/uploads\/2024\/07\/370_SINEPERS_Educacao_Em_Pauta_Rosely_Sayao_Familia_e_escola_Arquivo_Pessoal.jpg 960w\" sizes=\"auto, (max-width: 768px) 100vw, 768px\" \/><figcaption class=\"wp-element-caption\"><em>Rosely Say\u00e3o \u00e9 psic\u00f3loga, consultora educacional, palestrante e colunista | Foto: Arquivo Pessoal<\/em><\/figcaption><\/figure>\n<\/div>\n\n\n<p>Segundo a especialista, de algumas d\u00e9cadas para c\u00e1, a educa\u00e7\u00e3o virou um bem de consumo. \u201cOs pais est\u00e3o preocupados que o filho passe de ano, tenha boas notas, muito mais do que realmente com a aprendizagem que obt\u00e9m na escola\u201d, salienta.<\/p>\n\n\n\n<p>Rosely \u00e9 psic\u00f3loga, consultora educacional, palestrante e colunista na Band News FM. Juntamente com a jornalista Thais Dias, apresenta o podcast <a href=\"https:\/\/open.spotify.com\/show\/7kQVH7Qhqc6CByOEi0ceA4\" target=\"_blank\" rel=\"noreferrer noopener\">Seus Filhos<\/a>. Tamb\u00e9m foi colunista dos jornais Folha de S\u00e3o Paulo e Not\u00edcias Populares e \u00e9 autora de v\u00e1rios livros, entre eles, <a href=\"https:\/\/www.amazon.com.br\/Fam%C3%ADlia-Modos-Usar-Rosely-Say%C3%A3o\/dp\/8561773138\" target=\"_blank\" rel=\"noreferrer noopener\">Fam\u00edlia: modos de usar<\/a> (2006) e <a href=\"https:\/\/www.amazon.com.br\/Educa%C3%A7%C3%A3o-sem-bla\/dp\/8568493270\">Educa\u00e7\u00e3o sem Bl\u00e1-bl\u00e1-bl\u00e1<\/a> (2016).&nbsp;<\/p>\n\n\n\n<p>O Educa\u00e7\u00e3o em Pauta fez uma entrevista exclusiva com Rosely Say\u00e3o. Confira:&nbsp;<\/p>\n\n\n\n<p><strong>Educa\u00e7\u00e3o em Pauta \u2013 Qual \u00e9 o papel da fam\u00edlia na educa\u00e7\u00e3o de crian\u00e7as e adolescentes?<\/strong><\/p>\n\n\n\n<p><strong>Rosely Say\u00e3o \u2013<\/strong> \u00c9 fazer aquilo que a gente chama de socializa\u00e7\u00e3o prim\u00e1ria, ou seja, ensinar o b\u00e1sico para a crian\u00e7a, que \u00e9 aprender a seguir regras, a se vestir, a comer junto com os outros, a compartilhar coisas. Isso tudo faz parte desse preparo da crian\u00e7a para saber conviver com pessoas conhecidas, com parentes.&nbsp;<\/p>\n\n\n\n<p><mark style=\"background-color:#ff6900\" class=\"has-inline-color\">A fam\u00edlia n\u00e3o consegue preparar a crian\u00e7a para o conv\u00edvio com a sociedade<\/mark>, a n\u00e3o ser essa micro sociedade que engloba a fam\u00edlia e todos os que est\u00e3o ao redor. <mark style=\"background-color:#ff6900\" class=\"has-inline-color\">\u00c9 na escola que a crian\u00e7a vai aprender a conviver com o diferente, com o desconhecido, com a pessoa com quem ela n\u00e3o simpatiza. \u00c9 na escola que se aprende, de fato, a conviv\u00eancia p\u00fablica.<\/mark><\/p>\n\n\n\n<p><strong>Educa\u00e7\u00e3o em Pauta \u2013 Em um dos seus livros, voc\u00ea aborda que existem alguns casos de pais que promovem a \u201cterceiriza\u00e7\u00e3o\u201d na cria\u00e7\u00e3o de crian\u00e7as e adolescentes. Como \u00e9 poss\u00edvel contribuir para mudar esse mindset?<\/strong><\/p>\n\n\n\n<p><strong>Rosely Say\u00e3o \u2013 <\/strong>O ensinamento da escola e da fam\u00edlia s\u00e3o complementares. Isso que a gente tem chamado de terceiriza\u00e7\u00e3o vem muito por conta desta ideologia de produtividade profissional que a gente vive. Parece que quanto mais a gente trabalha, melhor a gente \u00e9. E a\u00ed \u00e9 claro que junto a isso n\u00f3s temos tamb\u00e9m a ideologia da juventude. \u00c9 dif\u00edcil ser adulto nesse mundo. Ent\u00e3o, essa terceiriza\u00e7\u00e3o com crian\u00e7as em per\u00edodo integral na escola, por exemplo, e uma van que leva e busca com motorista, \u00e9 basicamente fruto da maneira como vivemos no mundo atual.<\/p>\n\n\n\n<p><mark style=\"background-color:#ff6900\" class=\"has-inline-color\">\u00c9 nesse momento que a responsabilidade social da escola aumenta.<\/mark> De um lado, n\u00e3o \u00e9 bom para a escola, porque ela tem que fazer aquilo que a fam\u00edlia n\u00e3o fez ou n\u00e3o faz, mas \u00e9 desse jeito que n\u00f3s temos condi\u00e7\u00e3o de preparar o cidad\u00e3o. Para muitas crian\u00e7as e adolescentes, a escola \u00e9 a salva\u00e7\u00e3o delas nesse sentido, no sentido da forma\u00e7\u00e3o. Os pais que s\u00e3o leigos, ou mesmo aqueles que s\u00e3o professores, mas n\u00e3o do seu filho, possuem expectativas geradas a partir da press\u00e3o social.&nbsp;<\/p>\n\n\n\n<p><strong>Educa\u00e7\u00e3o em Pauta \u2013 E quais s\u00e3o as ideias mais confusas que os pais t\u00eam sobre o ensino?<\/strong><\/p>\n\n\n\n<p><strong>Rosely Say\u00e3o \u2013 <\/strong>Os pais fazem muita confus\u00e3o com a quantidade de conte\u00fado que o filho precisa ou deve aprender. Eles consideram muito o Exame do Ensino M\u00e9dio (Enem) e o vestibular. <mark style=\"background-color:#ff6900\" class=\"has-inline-color\">N\u00e3o \u00e9 a quantidade de conte\u00fado que importa para uma boa aprendizagem, mas sim a profundidade desse ensinamento.<\/mark>&nbsp;<\/p>\n\n\n\n<p>Quando um aluno aprende uma coisa mais profundamente, fica mais tempo pensando naquilo, aprende tamb\u00e9m, paralelamente, a lidar com outros conte\u00fados que n\u00e3o \u00e9 esse que aprendeu, pois aprendeu a metodologia.&nbsp;<\/p>\n\n\n\n<p><strong>Educa\u00e7\u00e3o em Pauta \u2013 Quais s\u00e3o as recomenda\u00e7\u00f5es voc\u00ea daria a um professor para ajudar nessa intera\u00e7\u00e3o com as fam\u00edlias dos alunos?<\/strong><\/p>\n\n\n\n<p><strong>Rosely Say\u00e3o \u2013 <\/strong>Eu acho que \u00e9 dif\u00edcil para um professor estabelecer uma boa rela\u00e7\u00e3o com a fam\u00edlia dos seus alunos, porque \u00e9 mediada pela escola. A institui\u00e7\u00e3o de ensino tem muitas outras facetas que n\u00e3o apenas o professor. Ent\u00e3o, <mark style=\"background-color:#ff6900\" class=\"has-inline-color\">quem deve assumir essa responsabilidade \u00e9 a escola e o gestor, que tem uma grande responsabilidade nisso.<\/mark>&nbsp;<\/p>\n\n\n\n<p>Primeiramente, preparar os professores naquilo que chamamos de <a href=\"https:\/\/sinepe-rs.org.br\/educacaoempauta\/?s=forma%C3%A7%C3%A3o+continuada\" target=\"_blank\" rel=\"noreferrer noopener\">forma\u00e7\u00e3o continuada<\/a> em servi\u00e7o. Aprender a respeitar as fam\u00edlias no sentido de que cada fam\u00edlia faz o que sabe, o que pode, ensinar aquilo que sabe ensinar, inclusive as cren\u00e7as que t\u00eam, e a escola vai ensinar tudo sob o olhar do investimento formal, sistematizado, al\u00e9m de preparar seus professores para esse respeito \u00e0s fam\u00edlias, para a diversidade familiar, inclus\u00e3o e tudo mais.<\/p>\n\n\n\n<p><strong>Educa\u00e7\u00e3o em Pauta \u2013 Aproveitando que voc\u00ea mencionou os gestores escolares, quais caminhos voc\u00ea indicaria?<\/strong><\/p>\n\n\n\n<p><strong>Rosely Say\u00e3o \u2013 <\/strong><mark style=\"background-color:#ff6900\" class=\"has-inline-color\">Eles devem preparar as fam\u00edlias para ter um di\u00e1logo mais frequente, mais aberto.<\/mark> Vejo que h\u00e1 pouco espa\u00e7o para participa\u00e7\u00e3o das fam\u00edlias, a n\u00e3o ser ouvir e questionar aquilo que ouvem. Uma boa parceria deveria ser previamente combinada entre a escola e as fam\u00edlias dos seus alunos. O que esta comunidade quer para a forma\u00e7\u00e3o desses alunos? Eu acho que uma boa parceria seria essa. N\u00f3s temos tamb\u00e9m uma tradi\u00e7\u00e3o de que as escolas brasileiras acham que elas precisam ser iguais entre si. N\u00e3o precisam.&nbsp;<\/p>\n\n\n\n<p>Hoje em dia, com todo o novo conhecimento que a gente tem, sabemos que h\u00e1 muitas maneiras de uma escola se organizar de formas muito diferentes, mas parece que \u00e9 um receio de compara\u00e7\u00e3o. H\u00e1 muita competi\u00e7\u00e3o entre as escolas, n\u00e3o s\u00f3 as privadas, mas as p\u00fablicas tamb\u00e9m. Isso atrapalha a possibilidade de se organizarem de uma maneira diferente.&nbsp;<\/p>\n","protected":false},"excerpt":{"rendered":"<p>Refer\u00eancia nacional em educa\u00e7\u00e3o e fam\u00edlia, Rosely Say\u00e3o faz reflex\u00f5es e apontamentos para que haja mais contribui\u00e7\u00f5es m\u00fatuas<\/p>\n","protected":false},"author":3,"featured_media":4854,"comment_status":"closed","ping_status":"closed","sticky":false,"template":"","format":"standard","meta":{"footnotes":""},"categories":[4],"tags":[93,58,659,658,43],"class_list":["post-4848","post","type-post","status-publish","format-standard","has-post-thumbnail","hentry","category-com-a-palavra","tag-entrevista","tag-familia","tag-familia-e-escola","tag-rosely-sayao","tag-sinepe-rs-2"],"acf":[],"yoast_head":"<!-- This site is optimized with the Yoast SEO plugin v24.6 - https:\/\/yoast.com\/wordpress\/plugins\/seo\/ -->\n<title>Psic\u00f3loga defende di\u00e1logo mais frequente entre fam\u00edlia e escola<\/title>\n<meta name=\"description\" content=\"Refer\u00eancia nacional em educa\u00e7\u00e3o e fam\u00edlia, Rosely Say\u00e3o faz reflex\u00f5es e apontamentos para que haja mais contribui\u00e7\u00f5es m\u00fatuas\" \/>\n<meta name=\"robots\" content=\"index, follow, max-snippet:-1, max-image-preview:large, max-video-preview:-1\" \/>\n<link rel=\"canonical\" href=\"https:\/\/sinepe-rs.org.br\/educacaoempauta\/com-a-palavra\/psicologa-defende-dialogo-mais-frequente-e-aberto-entre-familia-e-escola\/\" \/>\n<meta property=\"og:locale\" content=\"pt_BR\" \/>\n<meta property=\"og:type\" content=\"article\" \/>\n<meta property=\"og:title\" content=\"Psic\u00f3loga defende di\u00e1logo mais frequente entre fam\u00edlia e escola\" \/>\n<meta property=\"og:description\" content=\"Refer\u00eancia nacional em educa\u00e7\u00e3o e fam\u00edlia, Rosely Say\u00e3o faz reflex\u00f5es e apontamentos para que haja mais contribui\u00e7\u00f5es m\u00fatuas\" \/>\n<meta property=\"og:url\" content=\"https:\/\/sinepe-rs.org.br\/educacaoempauta\/com-a-palavra\/psicologa-defende-dialogo-mais-frequente-e-aberto-entre-familia-e-escola\/\" \/>\n<meta property=\"og:site_name\" content=\"Educa\u00e7\u00e3o em Pauta: Portal de reportagens de Educa\u00e7\u00e3o\" \/>\n<meta property=\"article:published_time\" content=\"2024-07-02T10:01:00+00:00\" \/>\n<meta property=\"article:modified_time\" content=\"2024-07-11T13:05:04+00:00\" \/>\n<meta property=\"og:image\" content=\"https:\/\/sinepe-rs.org.br\/educacaoempauta\/wp-content\/uploads\/2024\/07\/370_SINEPERS_Educacao_Em_Pauta_Rosely_Sayao_Familia_e_escola-2.jpg\" \/>\n\t<meta property=\"og:image:width\" content=\"1366\" \/>\n\t<meta property=\"og:image:height\" content=\"450\" \/>\n\t<meta property=\"og:image:type\" content=\"image\/jpeg\" \/>\n<meta name=\"author\" content=\"Alexandra Zanela\" \/>\n<meta name=\"twitter:card\" content=\"summary_large_image\" \/>\n<meta name=\"twitter:label1\" content=\"Escrito por\" \/>\n\t<meta name=\"twitter:data1\" content=\"Alexandra Zanela\" \/>\n\t<meta name=\"twitter:label2\" content=\"Est. tempo de leitura\" \/>\n\t<meta name=\"twitter:data2\" content=\"6 minutos\" \/>\n<script type=\"application\/ld+json\" class=\"yoast-schema-graph\">{\"@context\":\"https:\/\/schema.org\",\"@graph\":[{\"@type\":\"WebPage\",\"@id\":\"https:\/\/sinepe-rs.org.br\/educacaoempauta\/com-a-palavra\/psicologa-defende-dialogo-mais-frequente-e-aberto-entre-familia-e-escola\/\",\"url\":\"https:\/\/sinepe-rs.org.br\/educacaoempauta\/com-a-palavra\/psicologa-defende-dialogo-mais-frequente-e-aberto-entre-familia-e-escola\/\",\"name\":\"Psic\u00f3loga defende di\u00e1logo mais frequente entre fam\u00edlia e escola\",\"isPartOf\":{\"@id\":\"https:\/\/sinepe-rs.org.br\/educacaoempauta\/#website\"},\"primaryImageOfPage\":{\"@id\":\"https:\/\/sinepe-rs.org.br\/educacaoempauta\/com-a-palavra\/psicologa-defende-dialogo-mais-frequente-e-aberto-entre-familia-e-escola\/#primaryimage\"},\"image\":{\"@id\":\"https:\/\/sinepe-rs.org.br\/educacaoempauta\/com-a-palavra\/psicologa-defende-dialogo-mais-frequente-e-aberto-entre-familia-e-escola\/#primaryimage\"},\"thumbnailUrl\":\"https:\/\/sinepe-rs.org.br\/educacaoempauta\/wp-content\/uploads\/2024\/07\/370_SINEPERS_Educacao_Em_Pauta_Rosely_Sayao_Familia_e_escola-2.jpg\",\"datePublished\":\"2024-07-02T10:01:00+00:00\",\"dateModified\":\"2024-07-11T13:05:04+00:00\",\"author\":{\"@id\":\"https:\/\/sinepe-rs.org.br\/educacaoempauta\/#\/schema\/person\/c542073558983d5792101d1b5240d841\"},\"description\":\"Refer\u00eancia nacional em educa\u00e7\u00e3o e fam\u00edlia, Rosely Say\u00e3o faz reflex\u00f5es e apontamentos para que haja mais contribui\u00e7\u00f5es m\u00fatuas\",\"breadcrumb\":{\"@id\":\"https:\/\/sinepe-rs.org.br\/educacaoempauta\/com-a-palavra\/psicologa-defende-dialogo-mais-frequente-e-aberto-entre-familia-e-escola\/#breadcrumb\"},\"inLanguage\":\"pt-BR\",\"potentialAction\":[{\"@type\":\"ReadAction\",\"target\":[\"https:\/\/sinepe-rs.org.br\/educacaoempauta\/com-a-palavra\/psicologa-defende-dialogo-mais-frequente-e-aberto-entre-familia-e-escola\/\"]}]},{\"@type\":\"ImageObject\",\"inLanguage\":\"pt-BR\",\"@id\":\"https:\/\/sinepe-rs.org.br\/educacaoempauta\/com-a-palavra\/psicologa-defende-dialogo-mais-frequente-e-aberto-entre-familia-e-escola\/#primaryimage\",\"url\":\"https:\/\/sinepe-rs.org.br\/educacaoempauta\/wp-content\/uploads\/2024\/07\/370_SINEPERS_Educacao_Em_Pauta_Rosely_Sayao_Familia_e_escola-2.jpg\",\"contentUrl\":\"https:\/\/sinepe-rs.org.br\/educacaoempauta\/wp-content\/uploads\/2024\/07\/370_SINEPERS_Educacao_Em_Pauta_Rosely_Sayao_Familia_e_escola-2.jpg\",\"width\":1366,\"height\":450,\"caption\":\"Psic\u00f3loga defende di\u00e1logo mais frequente e aberto entre fam\u00edlia e escola\"},{\"@type\":\"BreadcrumbList\",\"@id\":\"https:\/\/sinepe-rs.org.br\/educacaoempauta\/com-a-palavra\/psicologa-defende-dialogo-mais-frequente-e-aberto-entre-familia-e-escola\/#breadcrumb\",\"itemListElement\":[{\"@type\":\"ListItem\",\"position\":1,\"name\":\"Home\",\"item\":\"https:\/\/sinepe-rs.org.br\/educacaoempauta\/\"},{\"@type\":\"ListItem\",\"position\":2,\"name\":\"Psic\u00f3loga defende di\u00e1logo mais frequente e aberto entre fam\u00edlia e escola\"}]},{\"@type\":\"WebSite\",\"@id\":\"https:\/\/sinepe-rs.org.br\/educacaoempauta\/#website\",\"url\":\"https:\/\/sinepe-rs.org.br\/educacaoempauta\/\",\"name\":\"Educa\u00e7\u00e3o em Pauta: Portal de reportagens de Educa\u00e7\u00e3o\",\"description\":\"Sinepe-RS\",\"potentialAction\":[{\"@type\":\"SearchAction\",\"target\":{\"@type\":\"EntryPoint\",\"urlTemplate\":\"https:\/\/sinepe-rs.org.br\/educacaoempauta\/?s={search_term_string}\"},\"query-input\":{\"@type\":\"PropertyValueSpecification\",\"valueRequired\":true,\"valueName\":\"search_term_string\"}}],\"inLanguage\":\"pt-BR\"},{\"@type\":\"Person\",\"@id\":\"https:\/\/sinepe-rs.org.br\/educacaoempauta\/#\/schema\/person\/c542073558983d5792101d1b5240d841\",\"name\":\"Alexandra Zanela\",\"image\":{\"@type\":\"ImageObject\",\"inLanguage\":\"pt-BR\",\"@id\":\"https:\/\/sinepe-rs.org.br\/educacaoempauta\/#\/schema\/person\/image\/\",\"url\":\"https:\/\/secure.gravatar.com\/avatar\/aab8da397152551fad5132b4b20cb891945e7bc931de8d0d72495261a983a371?s=96&d=mm&r=g\",\"contentUrl\":\"https:\/\/secure.gravatar.com\/avatar\/aab8da397152551fad5132b4b20cb891945e7bc931de8d0d72495261a983a371?s=96&d=mm&r=g\",\"caption\":\"Alexandra Zanela\"},\"url\":\"https:\/\/sinepe-rs.org.br\/educacaoempauta\/author\/alexandra\/\"}]}<\/script>\n<!-- \/ Yoast SEO plugin. -->","yoast_head_json":{"title":"Psic\u00f3loga defende di\u00e1logo mais frequente entre fam\u00edlia e escola","description":"Refer\u00eancia nacional em educa\u00e7\u00e3o e fam\u00edlia, Rosely Say\u00e3o faz reflex\u00f5es e apontamentos para que haja mais contribui\u00e7\u00f5es m\u00fatuas","robots":{"index":"index","follow":"follow","max-snippet":"max-snippet:-1","max-image-preview":"max-image-preview:large","max-video-preview":"max-video-preview:-1"},"canonical":"https:\/\/sinepe-rs.org.br\/educacaoempauta\/com-a-palavra\/psicologa-defende-dialogo-mais-frequente-e-aberto-entre-familia-e-escola\/","og_locale":"pt_BR","og_type":"article","og_title":"Psic\u00f3loga defende di\u00e1logo mais frequente entre fam\u00edlia e escola","og_description":"Refer\u00eancia nacional em educa\u00e7\u00e3o e fam\u00edlia, Rosely Say\u00e3o faz reflex\u00f5es e apontamentos para que haja mais contribui\u00e7\u00f5es m\u00fatuas","og_url":"https:\/\/sinepe-rs.org.br\/educacaoempauta\/com-a-palavra\/psicologa-defende-dialogo-mais-frequente-e-aberto-entre-familia-e-escola\/","og_site_name":"Educa\u00e7\u00e3o em Pauta: Portal de reportagens de Educa\u00e7\u00e3o","article_published_time":"2024-07-02T10:01:00+00:00","article_modified_time":"2024-07-11T13:05:04+00:00","og_image":[{"width":1366,"height":450,"url":"https:\/\/sinepe-rs.org.br\/educacaoempauta\/wp-content\/uploads\/2024\/07\/370_SINEPERS_Educacao_Em_Pauta_Rosely_Sayao_Familia_e_escola-2.jpg","type":"image\/jpeg"}],"author":"Alexandra Zanela","twitter_card":"summary_large_image","twitter_misc":{"Escrito por":"Alexandra Zanela","Est. tempo de leitura":"6 minutos"},"schema":{"@context":"https:\/\/schema.org","@graph":[{"@type":"WebPage","@id":"https:\/\/sinepe-rs.org.br\/educacaoempauta\/com-a-palavra\/psicologa-defende-dialogo-mais-frequente-e-aberto-entre-familia-e-escola\/","url":"https:\/\/sinepe-rs.org.br\/educacaoempauta\/com-a-palavra\/psicologa-defende-dialogo-mais-frequente-e-aberto-entre-familia-e-escola\/","name":"Psic\u00f3loga defende di\u00e1logo mais frequente entre fam\u00edlia e escola","isPartOf":{"@id":"https:\/\/sinepe-rs.org.br\/educacaoempauta\/#website"},"primaryImageOfPage":{"@id":"https:\/\/sinepe-rs.org.br\/educacaoempauta\/com-a-palavra\/psicologa-defende-dialogo-mais-frequente-e-aberto-entre-familia-e-escola\/#primaryimage"},"image":{"@id":"https:\/\/sinepe-rs.org.br\/educacaoempauta\/com-a-palavra\/psicologa-defende-dialogo-mais-frequente-e-aberto-entre-familia-e-escola\/#primaryimage"},"thumbnailUrl":"https:\/\/sinepe-rs.org.br\/educacaoempauta\/wp-content\/uploads\/2024\/07\/370_SINEPERS_Educacao_Em_Pauta_Rosely_Sayao_Familia_e_escola-2.jpg","datePublished":"2024-07-02T10:01:00+00:00","dateModified":"2024-07-11T13:05:04+00:00","author":{"@id":"https:\/\/sinepe-rs.org.br\/educacaoempauta\/#\/schema\/person\/c542073558983d5792101d1b5240d841"},"description":"Refer\u00eancia nacional em educa\u00e7\u00e3o e fam\u00edlia, Rosely Say\u00e3o faz reflex\u00f5es e apontamentos para que haja mais contribui\u00e7\u00f5es m\u00fatuas","breadcrumb":{"@id":"https:\/\/sinepe-rs.org.br\/educacaoempauta\/com-a-palavra\/psicologa-defende-dialogo-mais-frequente-e-aberto-entre-familia-e-escola\/#breadcrumb"},"inLanguage":"pt-BR","potentialAction":[{"@type":"ReadAction","target":["https:\/\/sinepe-rs.org.br\/educacaoempauta\/com-a-palavra\/psicologa-defende-dialogo-mais-frequente-e-aberto-entre-familia-e-escola\/"]}]},{"@type":"ImageObject","inLanguage":"pt-BR","@id":"https:\/\/sinepe-rs.org.br\/educacaoempauta\/com-a-palavra\/psicologa-defende-dialogo-mais-frequente-e-aberto-entre-familia-e-escola\/#primaryimage","url":"https:\/\/sinepe-rs.org.br\/educacaoempauta\/wp-content\/uploads\/2024\/07\/370_SINEPERS_Educacao_Em_Pauta_Rosely_Sayao_Familia_e_escola-2.jpg","contentUrl":"https:\/\/sinepe-rs.org.br\/educacaoempauta\/wp-content\/uploads\/2024\/07\/370_SINEPERS_Educacao_Em_Pauta_Rosely_Sayao_Familia_e_escola-2.jpg","width":1366,"height":450,"caption":"Psic\u00f3loga defende di\u00e1logo mais frequente e aberto entre fam\u00edlia e escola"},{"@type":"BreadcrumbList","@id":"https:\/\/sinepe-rs.org.br\/educacaoempauta\/com-a-palavra\/psicologa-defende-dialogo-mais-frequente-e-aberto-entre-familia-e-escola\/#breadcrumb","itemListElement":[{"@type":"ListItem","position":1,"name":"Home","item":"https:\/\/sinepe-rs.org.br\/educacaoempauta\/"},{"@type":"ListItem","position":2,"name":"Psic\u00f3loga defende di\u00e1logo mais frequente e aberto entre fam\u00edlia e escola"}]},{"@type":"WebSite","@id":"https:\/\/sinepe-rs.org.br\/educacaoempauta\/#website","url":"https:\/\/sinepe-rs.org.br\/educacaoempauta\/","name":"Educa\u00e7\u00e3o em Pauta: Portal de reportagens de Educa\u00e7\u00e3o","description":"Sinepe-RS","potentialAction":[{"@type":"SearchAction","target":{"@type":"EntryPoint","urlTemplate":"https:\/\/sinepe-rs.org.br\/educacaoempauta\/?s={search_term_string}"},"query-input":{"@type":"PropertyValueSpecification","valueRequired":true,"valueName":"search_term_string"}}],"inLanguage":"pt-BR"},{"@type":"Person","@id":"https:\/\/sinepe-rs.org.br\/educacaoempauta\/#\/schema\/person\/c542073558983d5792101d1b5240d841","name":"Alexandra Zanela","image":{"@type":"ImageObject","inLanguage":"pt-BR","@id":"https:\/\/sinepe-rs.org.br\/educacaoempauta\/#\/schema\/person\/image\/","url":"https:\/\/secure.gravatar.com\/avatar\/aab8da397152551fad5132b4b20cb891945e7bc931de8d0d72495261a983a371?s=96&d=mm&r=g","contentUrl":"https:\/\/secure.gravatar.com\/avatar\/aab8da397152551fad5132b4b20cb891945e7bc931de8d0d72495261a983a371?s=96&d=mm&r=g","caption":"Alexandra Zanela"},"url":"https:\/\/sinepe-rs.org.br\/educacaoempauta\/author\/alexandra\/"}]}},"_links":{"self":[{"href":"https:\/\/sinepe-rs.org.br\/educacaoempauta\/wp-json\/wp\/v2\/posts\/4848","targetHints":{"allow":["GET"]}}],"collection":[{"href":"https:\/\/sinepe-rs.org.br\/educacaoempauta\/wp-json\/wp\/v2\/posts"}],"about":[{"href":"https:\/\/sinepe-rs.org.br\/educacaoempauta\/wp-json\/wp\/v2\/types\/post"}],"author":[{"embeddable":true,"href":"https:\/\/sinepe-rs.org.br\/educacaoempauta\/wp-json\/wp\/v2\/users\/3"}],"replies":[{"embeddable":true,"href":"https:\/\/sinepe-rs.org.br\/educacaoempauta\/wp-json\/wp\/v2\/comments?post=4848"}],"version-history":[{"count":5,"href":"https:\/\/sinepe-rs.org.br\/educacaoempauta\/wp-json\/wp\/v2\/posts\/4848\/revisions"}],"predecessor-version":[{"id":4886,"href":"https:\/\/sinepe-rs.org.br\/educacaoempauta\/wp-json\/wp\/v2\/posts\/4848\/revisions\/4886"}],"wp:featuredmedia":[{"embeddable":true,"href":"https:\/\/sinepe-rs.org.br\/educacaoempauta\/wp-json\/wp\/v2\/media\/4854"}],"wp:attachment":[{"href":"https:\/\/sinepe-rs.org.br\/educacaoempauta\/wp-json\/wp\/v2\/media?parent=4848"}],"wp:term":[{"taxonomy":"category","embeddable":true,"href":"https:\/\/sinepe-rs.org.br\/educacaoempauta\/wp-json\/wp\/v2\/categories?post=4848"},{"taxonomy":"post_tag","embeddable":true,"href":"https:\/\/sinepe-rs.org.br\/educacaoempauta\/wp-json\/wp\/v2\/tags?post=4848"}],"curies":[{"name":"wp","href":"https:\/\/api.w.org\/{rel}","templated":true}]}}