{"id":4987,"date":"2024-08-22T10:18:19","date_gmt":"2024-08-22T13:18:19","guid":{"rendered":"https:\/\/sinepe-rs.org.br\/educacaoempauta\/?p=4987"},"modified":"2024-09-03T10:03:51","modified_gmt":"2024-09-03T13:03:51","slug":"educacao-emocional-traz-beneficios-em-todas-as-etapas-da-vida-escolar","status":"publish","type":"post","link":"https:\/\/sinepe-rs.org.br\/educacaoempauta\/pedagogico\/educacao-emocional-traz-beneficios-em-todas-as-etapas-da-vida-escolar\/","title":{"rendered":"Educa\u00e7\u00e3o emocional traz benef\u00edcios em todas as etapas da vida escolar"},"content":{"rendered":"\n<p>Muitas s\u00e3o as estrat\u00e9gias utilizadas por pais e professores para falar sobre emo\u00e7\u00f5es com crian\u00e7as e adolescentes. O livro ilustrado <a href=\"https:\/\/www.amazon.com.br\/Emocion%C3%A1rio-Diga-que-voc%C3%AA-sente\/dp\/8543106591\/ref=sr_1_1?adgrpid=79538891205&amp;dib=eyJ2IjoiMSJ9.vEQlcZtr3Qf64mMexDbE-Ns2gQXSDxIOv3cuQSY2aZsDVbLumhNoeKpvtc4toFfD1d0WvScPUdbAbb647RWkd7u72CML17OOz0KiOh6wwePvX_OM8kIl0x9Ox2Geu5krjIGLisVQid1Z3RxT7fKDciDWAAl084qL3q3gPhIir1O2ZglvraewbiWVn42FuY_52NTl5FleUTcg0XJ24JY94gcECTngo5XP0ajqmfCmRkqm12UxUpyRGxtWWbjNEEL6AKM_fkP1u64TgoGE9b8FT50wkO4pW9--4ID8_7XHnn0.iT-YGBmiRIn7pVg5cS5a4w3rH7r60wkJ3vzGr-QOj8E&amp;dib_tag=se&amp;hvadid=426019538144&amp;hvdev=c&amp;hvlocphy=9102451&amp;hvnetw=g&amp;hvqmt=e&amp;hvrand=6111315413112398827&amp;hvtargid=kwd-770522477211&amp;hydadcr=5685_11235275&amp;keywords=emocion%C3%A1rio+diga+o+que+voc%C3%AA+sente&amp;qid=1724184225&amp;sr=8-1\" target=\"_blank\" rel=\"noreferrer noopener\">\u201cEmocion\u00e1rio: Diga o que voc\u00ea sente\u201d<\/a>, escrito por Cristina Nu\u00f1ez Pereira e Rafael R. Valc\u00e1rcel funciona como um dicion\u00e1rio de emo\u00e7\u00f5es. Por meio de exemplos claros, o leitor percorre uma s\u00e9rie de sentimentos, desde os mais cl\u00e1ssicos, como raiva e alegria, at\u00e9 os mais complexos de descrever, como orgulho e perplexidade.\u00a0<\/p>\n\n\n\n<p>Emo\u00e7\u00f5es cl\u00e1ssicas e complexas? Isso faz lembrar um filme que se tornou a maior bilheteria do pa\u00eds e levou espectadores de todas as idades ao cinema. \u201cDivertida Mente 2\u201d, longa-metragem de anima\u00e7\u00e3o lan\u00e7ado em julho deste ano, levantou quest\u00f5es interessantes sobre a import\u00e2ncia da educa\u00e7\u00e3o emocional para crian\u00e7as e jovens ao mostrar uma protagonista adolescente que passa a lidar com novas emo\u00e7\u00f5es no \u201cpainel de controle\u201d de sua mente. A chegada da Ansiedade e da Vergonha colocam a personagem diante de novos desafios na escola e na rela\u00e7\u00e3o com a fam\u00edlia e com os amigos.&nbsp;<\/p>\n\n\n\n<p>Mariana Arantes, doutora em educa\u00e7\u00e3o e especialista em intelig\u00eancia emocional, acredita que <mark style=\"background-color:#ff6900\" class=\"has-inline-color has-white-color\">as emo\u00e7\u00f5es devem fazer parte do cotidiano das institui\u00e7\u00f5es de ensino, j\u00e1 que \u00e9 um ambiente vivo e feito de pessoas para pessoas.<\/mark> \u201cMesmo que a escola n\u00e3o aborde diretamente o tema das emo\u00e7\u00f5es diretamente, ele j\u00e1 est\u00e1 l\u00e1, porque todo mundo \u00e9 um ser emocional\u201d, explica.\u00a0<\/p>\n\n\n\n<p><strong><mark style=\"background-color:#fcb900\" class=\"has-inline-color\">Leia tamb\u00e9m: <br><\/mark><\/strong><a href=\"https:\/\/sinepe-rs.org.br\/educacaoempauta\/pedagogico\/como-a-disciplina-positiva-pode-colaborar-na-aprendizagem\/\" target=\"_blank\" rel=\"noreferrer noopener\"><mark style=\"background-color:#fcb900\" class=\"has-inline-color\"><strong>>> Como a educa\u00e7\u00e3o positiva pode colaborar na aprendizagem<br><\/strong><\/mark><\/a><a href=\"https:\/\/sinepe-rs.org.br\/educacaoempauta\/pedagogico\/validacao-das-emocoes-pode-prevenir-o-suicidio-entre-criancas-e-adolescentes\/\" target=\"_blank\" rel=\"noreferrer noopener\"><mark style=\"background-color:#fcb900\" class=\"has-inline-color\"><strong>>> Valida\u00e7\u00e3o das emo\u00e7\u00f5es pode prevenir o suic\u00eddio entre crian\u00e7as e adolescentes<\/strong><\/mark><\/a><\/p>\n\n\n\n<p>Mariana tamb\u00e9m destaca uma orienta\u00e7\u00e3o presente na Base Nacional Comum Curricular (BNCC) sobre uma forma\u00e7\u00e3o integral dos estudantes, abrangendo o desenvolvimento de compet\u00eancias socioemocionais, como empatia, solidariedade e autoconhecimento. <mark style=\"background-color:#ff6900\" class=\"has-inline-color has-white-color\">E isso s\u00f3 se consegue, de acordo com a educadora, por meio de viv\u00eancias que permitam aos alunos exercitarem estas habilidades, que devem ser incentivadas pelas escolas desde a educa\u00e7\u00e3o infantil.<\/mark> \u201c\u00c9 necess\u00e1rio que se fale sobre isso desde cedo, inclusive para que a escola consiga enfrentar com mais efic\u00e1cia os casos de bullying, que explodiram, especialmente, entre as turmas de Fundamental 2\u201d, orienta.\u00a0<\/p>\n\n\n\n<p><mark style=\"background-color:#ff6900\" class=\"has-inline-color has-white-color\">Entender o que nos deixa alegres, tristes ou com raiva e como esses sentimentos interferem nas nossas a\u00e7\u00f5es traz benef\u00edcios n\u00e3o apenas para os estudantes, mas tamb\u00e9m para a comunidade escolar e as fam\u00edlias.<\/mark> Mariana aponta que houve um tempo em que demonstrar os sentimentos era um sinal de vulnerabilidade. \u201cSomos de uma gera\u00e7\u00e3o que aprendeu a esconder as nossas emo\u00e7\u00f5es e pontos fracos. Hoje, sabemos que ter uma intelig\u00eancia emocional desenvolvida nos d\u00e1 muita for\u00e7a\u201d, ressalta a pedagoga, que explica que existe uma lacuna na forma\u00e7\u00e3o de professores sobre este tema. Logo, <mark style=\"background-color:#ff6900\" class=\"has-inline-color has-white-color\">cabe aos gestores investirem no desenvolvimento da intelig\u00eancia emocional dos educadores e terem ci\u00eancia que este processo \u00e9 demorado.<\/mark>\u00a0<\/p>\n\n\n\n<p><strong>Caminhos e projetos<\/strong><\/p>\n\n\n\n<p>Abrir um espa\u00e7o para que os estudantes exponham suas emo\u00e7\u00f5es \u00e9 um primeiro passo importante, mas que traz d\u00favidas. Para orientar conversas e possibilitar um entendimento mais pleno dos processos emocionais por parte dos estudantes, a psic\u00f3loga Melinna Vieira, especialista em cl\u00ednica psicanal\u00edtica e que atende adolescentes, acredita que um dos caminhos mais efetivos \u00e9 a literatura. Segundo ela, se deparar com realidades diversas promove um olhar mais amplo sobre os pr\u00f3prios sentimentos e tamb\u00e9m o respeito \u00e0s m\u00faltiplas maneiras de vivenci\u00e1-los. \u201cA literatura \u00e9 atrativa e permite que a gente enxergue in\u00fameras maneiras de lidar com o medo, a vergonha e at\u00e9 a raiva. Um personagem pode estar passando por algo que j\u00e1 vivenciamos e isso nos traz acolhimento e repert\u00f3rio emocional\u201d, sugere.&nbsp;<\/p>\n\n\n\n<p>Melinna tamb\u00e9m destaca a import\u00e2ncia da busca por apoio profissional em alguns casos. Tornar a terapia uma possibilidade para ajudar crian\u00e7as e adolescentes a entenderem melhor suas emo\u00e7\u00f5es \u00e9 algo que deve ser trabalhado tanto em casa como nas escolas. \u201cA terapia colabora no desenvolvimento da intelig\u00eancia emocional e n\u00e3o precisa ser apenas associada a algum problema de comportamento. Isso tira um preconceito sobre a pr\u00e1tica e tamb\u00e9m sobre o peso que as emo\u00e7\u00f5es t\u00eam sobre nossas atitudes. Somos movidos pela emo\u00e7\u00e3o, independente do ambiente em que estamos\u201d, frisa a psic\u00f3loga.&nbsp;<\/p>\n\n\n\n<p><mark style=\"background-color:#ff6900\" class=\"has-inline-color has-white-color\">Estabelecer boas rela\u00e7\u00f5es e\u00a0 proporcionar uma conviv\u00eancia respeitosa na escola favorece o sentimento de bem-estar e os resultados aparecem tamb\u00e9m no \u00e2mbito da aprendizagem.<\/mark> Um estudo recente da Universidade de Illinois, nos Estados Unidos, mostrou que estudantes que tiveram a educa\u00e7\u00e3o emocional inserida no curr\u00edculo tinham uma tend\u00eancia a apresentar melhores resultados acad\u00eamicos, al\u00e9m de menor \u00edndice de comportamento agressivo e maior autoestima. <\/p>\n\n\n\n<p>Um exemplo de projeto voltado para a aten\u00e7\u00e3o \u00e0 educa\u00e7\u00e3o emocional vem do <a href=\"https:\/\/www.farroupilha.g12.br\/novo\/\" target=\"_blank\" rel=\"noreferrer noopener\">Col\u00e9gio Farroupilha<\/a>, em Porto Alegre. A institui\u00e7\u00e3o construiu uma Matriz Socioemocional, que contempla compet\u00eancias e habilidades socioemocionais para que a escola tamb\u00e9m atue na forma\u00e7\u00e3o integral dos estudantes. Para a psic\u00f3loga educacional do col\u00e9gio, Greicy de Ara\u00fajo,<mark style=\"background-color:#ff6900\" class=\"has-inline-color has-white-color\"> ao incluir estes temas em documentos norteadores da escola, \u00e9 poss\u00edvel garantir que estas habilidades estejam alinhadas em todos os n\u00edveis de ensino e no planejamento dos professores de forma intencional.<\/mark> \u201cOs professores podem inserir a tem\u00e1tica das emo\u00e7\u00f5es e o desenvolvimento das compet\u00eancias socioemocionais nas diferentes disciplinas que fazem parte do curr\u00edculo, como leitura de livros, semin\u00e1rios, discuss\u00e3o de trechos de filmes, oficinas interativas, produ\u00e7\u00f5es escritas, viv\u00eancias e reflex\u00f5es, al\u00e9m de projetos interdisciplinares\u201d, explica a psic\u00f3loga.\u00a0<\/p>\n\n\n\n<p>Para ela,&nbsp; ao realizar atividades em grupo, por exemplo, o estudante precisa trabalhar a ansiedade e se mostrar compreensivo a diferentes percep\u00e7\u00f5es e pontos de vista, que s\u00e3o situa\u00e7\u00f5es que envolvem a regula\u00e7\u00e3o das pr\u00f3prias emo\u00e7\u00f5es.&nbsp;<\/p>\n\n\n\n<p>Em algumas situa\u00e7\u00f5es, responder a pergunta \u201co que voc\u00ea sente?\u201d n\u00e3o \u00e9 uma tarefa f\u00e1cil. Mas as escolas est\u00e3o construindo um caminho para ajudar a encontrar as respostas.&nbsp;<\/p>\n\n\n\n<figure class=\"wp-block-image size-full\"><img loading=\"lazy\" decoding=\"async\" width=\"841\" height=\"990\" src=\"https:\/\/sinepe-rs.org.br\/educacaoempauta\/wp-content\/uploads\/2024\/08\/398_SinepeRS_Educacao_Em_Pauta_Educacao_Emocional_infografico.jpg\" alt=\"\" class=\"wp-image-4989\" srcset=\"https:\/\/sinepe-rs.org.br\/educacaoempauta\/wp-content\/uploads\/2024\/08\/398_SinepeRS_Educacao_Em_Pauta_Educacao_Emocional_infografico.jpg 841w, https:\/\/sinepe-rs.org.br\/educacaoempauta\/wp-content\/uploads\/2024\/08\/398_SinepeRS_Educacao_Em_Pauta_Educacao_Emocional_infografico-255x300.jpg 255w, https:\/\/sinepe-rs.org.br\/educacaoempauta\/wp-content\/uploads\/2024\/08\/398_SinepeRS_Educacao_Em_Pauta_Educacao_Emocional_infografico-768x904.jpg 768w\" sizes=\"auto, (max-width: 841px) 100vw, 841px\" \/><\/figure>\n","protected":false},"excerpt":{"rendered":"<p>Pedagoga e psic\u00f3logas comentam estrat\u00e9gias para trazer o assunto para o cotidiano da sala de aula<\/p>\n","protected":false},"author":3,"featured_media":4988,"comment_status":"closed","ping_status":"closed","sticky":false,"template":"","format":"standard","meta":{"footnotes":""},"categories":[6],"tags":[83,688,687,689,43],"class_list":["post-4987","post","type-post","status-publish","format-standard","has-post-thumbnail","hentry","category-pedagogico","tag-ansiedade","tag-divertida-mente-2","tag-educacao-emocional","tag-habilidades-socioemocionais","tag-sinepe-rs-2"],"acf":[],"yoast_head":"<!-- This site is optimized with the Yoast SEO plugin v24.6 - https:\/\/yoast.com\/wordpress\/plugins\/seo\/ -->\n<title>Educa\u00e7\u00e3o emocional traz benef\u00edcios para a vida escolar<\/title>\n<meta name=\"description\" content=\"Pedagoga e psic\u00f3logas tra\u00e7am estrat\u00e9gias para trazer o assunto para a sala de aula\" \/>\n<meta name=\"robots\" content=\"index, follow, max-snippet:-1, max-image-preview:large, max-video-preview:-1\" \/>\n<link rel=\"canonical\" href=\"https:\/\/sinepe-rs.org.br\/educacaoempauta\/pedagogico\/educacao-emocional-traz-beneficios-em-todas-as-etapas-da-vida-escolar\/\" \/>\n<meta property=\"og:locale\" content=\"pt_BR\" \/>\n<meta property=\"og:type\" content=\"article\" \/>\n<meta property=\"og:title\" content=\"Educa\u00e7\u00e3o emocional traz benef\u00edcios para a vida escolar\" \/>\n<meta property=\"og:description\" content=\"Pedagoga e psic\u00f3logas tra\u00e7am estrat\u00e9gias para trazer o assunto para a sala de aula\" \/>\n<meta property=\"og:url\" content=\"https:\/\/sinepe-rs.org.br\/educacaoempauta\/pedagogico\/educacao-emocional-traz-beneficios-em-todas-as-etapas-da-vida-escolar\/\" \/>\n<meta property=\"og:site_name\" content=\"Educa\u00e7\u00e3o em Pauta: Portal de reportagens de Educa\u00e7\u00e3o\" \/>\n<meta property=\"article:published_time\" content=\"2024-08-22T13:18:19+00:00\" \/>\n<meta property=\"article:modified_time\" content=\"2024-09-03T13:03:51+00:00\" \/>\n<meta property=\"og:image\" content=\"https:\/\/sinepe-rs.org.br\/educacaoempauta\/wp-content\/uploads\/2024\/08\/398_SinepeRS_Educacao_Em_Pauta_Educacao_Emocional.jpg\" \/>\n\t<meta property=\"og:image:width\" content=\"1366\" \/>\n\t<meta property=\"og:image:height\" content=\"450\" \/>\n\t<meta property=\"og:image:type\" content=\"image\/jpeg\" \/>\n<meta name=\"author\" content=\"Alexandra Zanela\" \/>\n<meta name=\"twitter:card\" content=\"summary_large_image\" \/>\n<meta name=\"twitter:label1\" content=\"Escrito por\" \/>\n\t<meta name=\"twitter:data1\" content=\"Alexandra Zanela\" \/>\n\t<meta name=\"twitter:label2\" content=\"Est. tempo de leitura\" \/>\n\t<meta name=\"twitter:data2\" content=\"6 minutos\" \/>\n<script type=\"application\/ld+json\" class=\"yoast-schema-graph\">{\"@context\":\"https:\/\/schema.org\",\"@graph\":[{\"@type\":\"WebPage\",\"@id\":\"https:\/\/sinepe-rs.org.br\/educacaoempauta\/pedagogico\/educacao-emocional-traz-beneficios-em-todas-as-etapas-da-vida-escolar\/\",\"url\":\"https:\/\/sinepe-rs.org.br\/educacaoempauta\/pedagogico\/educacao-emocional-traz-beneficios-em-todas-as-etapas-da-vida-escolar\/\",\"name\":\"Educa\u00e7\u00e3o emocional traz benef\u00edcios para a vida escolar\",\"isPartOf\":{\"@id\":\"https:\/\/sinepe-rs.org.br\/educacaoempauta\/#website\"},\"primaryImageOfPage\":{\"@id\":\"https:\/\/sinepe-rs.org.br\/educacaoempauta\/pedagogico\/educacao-emocional-traz-beneficios-em-todas-as-etapas-da-vida-escolar\/#primaryimage\"},\"image\":{\"@id\":\"https:\/\/sinepe-rs.org.br\/educacaoempauta\/pedagogico\/educacao-emocional-traz-beneficios-em-todas-as-etapas-da-vida-escolar\/#primaryimage\"},\"thumbnailUrl\":\"https:\/\/sinepe-rs.org.br\/educacaoempauta\/wp-content\/uploads\/2024\/08\/398_SinepeRS_Educacao_Em_Pauta_Educacao_Emocional.jpg\",\"datePublished\":\"2024-08-22T13:18:19+00:00\",\"dateModified\":\"2024-09-03T13:03:51+00:00\",\"author\":{\"@id\":\"https:\/\/sinepe-rs.org.br\/educacaoempauta\/#\/schema\/person\/c542073558983d5792101d1b5240d841\"},\"description\":\"Pedagoga e psic\u00f3logas tra\u00e7am estrat\u00e9gias para trazer o assunto para a sala de aula\",\"breadcrumb\":{\"@id\":\"https:\/\/sinepe-rs.org.br\/educacaoempauta\/pedagogico\/educacao-emocional-traz-beneficios-em-todas-as-etapas-da-vida-escolar\/#breadcrumb\"},\"inLanguage\":\"pt-BR\",\"potentialAction\":[{\"@type\":\"ReadAction\",\"target\":[\"https:\/\/sinepe-rs.org.br\/educacaoempauta\/pedagogico\/educacao-emocional-traz-beneficios-em-todas-as-etapas-da-vida-escolar\/\"]}]},{\"@type\":\"ImageObject\",\"inLanguage\":\"pt-BR\",\"@id\":\"https:\/\/sinepe-rs.org.br\/educacaoempauta\/pedagogico\/educacao-emocional-traz-beneficios-em-todas-as-etapas-da-vida-escolar\/#primaryimage\",\"url\":\"https:\/\/sinepe-rs.org.br\/educacaoempauta\/wp-content\/uploads\/2024\/08\/398_SinepeRS_Educacao_Em_Pauta_Educacao_Emocional.jpg\",\"contentUrl\":\"https:\/\/sinepe-rs.org.br\/educacaoempauta\/wp-content\/uploads\/2024\/08\/398_SinepeRS_Educacao_Em_Pauta_Educacao_Emocional.jpg\",\"width\":1366,\"height\":450,\"caption\":\"Educa\u00e7\u00e3o emocional traz benef\u00edcios em todas as etapas da vida escolar\"},{\"@type\":\"BreadcrumbList\",\"@id\":\"https:\/\/sinepe-rs.org.br\/educacaoempauta\/pedagogico\/educacao-emocional-traz-beneficios-em-todas-as-etapas-da-vida-escolar\/#breadcrumb\",\"itemListElement\":[{\"@type\":\"ListItem\",\"position\":1,\"name\":\"Home\",\"item\":\"https:\/\/sinepe-rs.org.br\/educacaoempauta\/\"},{\"@type\":\"ListItem\",\"position\":2,\"name\":\"Educa\u00e7\u00e3o emocional traz benef\u00edcios em todas as etapas da vida escolar\"}]},{\"@type\":\"WebSite\",\"@id\":\"https:\/\/sinepe-rs.org.br\/educacaoempauta\/#website\",\"url\":\"https:\/\/sinepe-rs.org.br\/educacaoempauta\/\",\"name\":\"Educa\u00e7\u00e3o em Pauta: Portal de reportagens de Educa\u00e7\u00e3o\",\"description\":\"Sinepe-RS\",\"potentialAction\":[{\"@type\":\"SearchAction\",\"target\":{\"@type\":\"EntryPoint\",\"urlTemplate\":\"https:\/\/sinepe-rs.org.br\/educacaoempauta\/?s={search_term_string}\"},\"query-input\":{\"@type\":\"PropertyValueSpecification\",\"valueRequired\":true,\"valueName\":\"search_term_string\"}}],\"inLanguage\":\"pt-BR\"},{\"@type\":\"Person\",\"@id\":\"https:\/\/sinepe-rs.org.br\/educacaoempauta\/#\/schema\/person\/c542073558983d5792101d1b5240d841\",\"name\":\"Alexandra Zanela\",\"image\":{\"@type\":\"ImageObject\",\"inLanguage\":\"pt-BR\",\"@id\":\"https:\/\/sinepe-rs.org.br\/educacaoempauta\/#\/schema\/person\/image\/\",\"url\":\"https:\/\/secure.gravatar.com\/avatar\/aab8da397152551fad5132b4b20cb891945e7bc931de8d0d72495261a983a371?s=96&d=mm&r=g\",\"contentUrl\":\"https:\/\/secure.gravatar.com\/avatar\/aab8da397152551fad5132b4b20cb891945e7bc931de8d0d72495261a983a371?s=96&d=mm&r=g\",\"caption\":\"Alexandra Zanela\"},\"url\":\"https:\/\/sinepe-rs.org.br\/educacaoempauta\/author\/alexandra\/\"}]}<\/script>\n<!-- \/ Yoast SEO plugin. -->","yoast_head_json":{"title":"Educa\u00e7\u00e3o emocional traz benef\u00edcios para a vida escolar","description":"Pedagoga e psic\u00f3logas tra\u00e7am estrat\u00e9gias para trazer o assunto para a sala de aula","robots":{"index":"index","follow":"follow","max-snippet":"max-snippet:-1","max-image-preview":"max-image-preview:large","max-video-preview":"max-video-preview:-1"},"canonical":"https:\/\/sinepe-rs.org.br\/educacaoempauta\/pedagogico\/educacao-emocional-traz-beneficios-em-todas-as-etapas-da-vida-escolar\/","og_locale":"pt_BR","og_type":"article","og_title":"Educa\u00e7\u00e3o emocional traz benef\u00edcios para a vida escolar","og_description":"Pedagoga e psic\u00f3logas tra\u00e7am estrat\u00e9gias para trazer o assunto para a sala de aula","og_url":"https:\/\/sinepe-rs.org.br\/educacaoempauta\/pedagogico\/educacao-emocional-traz-beneficios-em-todas-as-etapas-da-vida-escolar\/","og_site_name":"Educa\u00e7\u00e3o em Pauta: Portal de reportagens de Educa\u00e7\u00e3o","article_published_time":"2024-08-22T13:18:19+00:00","article_modified_time":"2024-09-03T13:03:51+00:00","og_image":[{"width":1366,"height":450,"url":"https:\/\/sinepe-rs.org.br\/educacaoempauta\/wp-content\/uploads\/2024\/08\/398_SinepeRS_Educacao_Em_Pauta_Educacao_Emocional.jpg","type":"image\/jpeg"}],"author":"Alexandra Zanela","twitter_card":"summary_large_image","twitter_misc":{"Escrito por":"Alexandra Zanela","Est. tempo de leitura":"6 minutos"},"schema":{"@context":"https:\/\/schema.org","@graph":[{"@type":"WebPage","@id":"https:\/\/sinepe-rs.org.br\/educacaoempauta\/pedagogico\/educacao-emocional-traz-beneficios-em-todas-as-etapas-da-vida-escolar\/","url":"https:\/\/sinepe-rs.org.br\/educacaoempauta\/pedagogico\/educacao-emocional-traz-beneficios-em-todas-as-etapas-da-vida-escolar\/","name":"Educa\u00e7\u00e3o emocional traz benef\u00edcios para a vida escolar","isPartOf":{"@id":"https:\/\/sinepe-rs.org.br\/educacaoempauta\/#website"},"primaryImageOfPage":{"@id":"https:\/\/sinepe-rs.org.br\/educacaoempauta\/pedagogico\/educacao-emocional-traz-beneficios-em-todas-as-etapas-da-vida-escolar\/#primaryimage"},"image":{"@id":"https:\/\/sinepe-rs.org.br\/educacaoempauta\/pedagogico\/educacao-emocional-traz-beneficios-em-todas-as-etapas-da-vida-escolar\/#primaryimage"},"thumbnailUrl":"https:\/\/sinepe-rs.org.br\/educacaoempauta\/wp-content\/uploads\/2024\/08\/398_SinepeRS_Educacao_Em_Pauta_Educacao_Emocional.jpg","datePublished":"2024-08-22T13:18:19+00:00","dateModified":"2024-09-03T13:03:51+00:00","author":{"@id":"https:\/\/sinepe-rs.org.br\/educacaoempauta\/#\/schema\/person\/c542073558983d5792101d1b5240d841"},"description":"Pedagoga e psic\u00f3logas tra\u00e7am estrat\u00e9gias para trazer o assunto para a sala de aula","breadcrumb":{"@id":"https:\/\/sinepe-rs.org.br\/educacaoempauta\/pedagogico\/educacao-emocional-traz-beneficios-em-todas-as-etapas-da-vida-escolar\/#breadcrumb"},"inLanguage":"pt-BR","potentialAction":[{"@type":"ReadAction","target":["https:\/\/sinepe-rs.org.br\/educacaoempauta\/pedagogico\/educacao-emocional-traz-beneficios-em-todas-as-etapas-da-vida-escolar\/"]}]},{"@type":"ImageObject","inLanguage":"pt-BR","@id":"https:\/\/sinepe-rs.org.br\/educacaoempauta\/pedagogico\/educacao-emocional-traz-beneficios-em-todas-as-etapas-da-vida-escolar\/#primaryimage","url":"https:\/\/sinepe-rs.org.br\/educacaoempauta\/wp-content\/uploads\/2024\/08\/398_SinepeRS_Educacao_Em_Pauta_Educacao_Emocional.jpg","contentUrl":"https:\/\/sinepe-rs.org.br\/educacaoempauta\/wp-content\/uploads\/2024\/08\/398_SinepeRS_Educacao_Em_Pauta_Educacao_Emocional.jpg","width":1366,"height":450,"caption":"Educa\u00e7\u00e3o emocional traz benef\u00edcios em todas as etapas da vida escolar"},{"@type":"BreadcrumbList","@id":"https:\/\/sinepe-rs.org.br\/educacaoempauta\/pedagogico\/educacao-emocional-traz-beneficios-em-todas-as-etapas-da-vida-escolar\/#breadcrumb","itemListElement":[{"@type":"ListItem","position":1,"name":"Home","item":"https:\/\/sinepe-rs.org.br\/educacaoempauta\/"},{"@type":"ListItem","position":2,"name":"Educa\u00e7\u00e3o emocional traz benef\u00edcios em todas as etapas da vida escolar"}]},{"@type":"WebSite","@id":"https:\/\/sinepe-rs.org.br\/educacaoempauta\/#website","url":"https:\/\/sinepe-rs.org.br\/educacaoempauta\/","name":"Educa\u00e7\u00e3o em Pauta: Portal de reportagens de Educa\u00e7\u00e3o","description":"Sinepe-RS","potentialAction":[{"@type":"SearchAction","target":{"@type":"EntryPoint","urlTemplate":"https:\/\/sinepe-rs.org.br\/educacaoempauta\/?s={search_term_string}"},"query-input":{"@type":"PropertyValueSpecification","valueRequired":true,"valueName":"search_term_string"}}],"inLanguage":"pt-BR"},{"@type":"Person","@id":"https:\/\/sinepe-rs.org.br\/educacaoempauta\/#\/schema\/person\/c542073558983d5792101d1b5240d841","name":"Alexandra Zanela","image":{"@type":"ImageObject","inLanguage":"pt-BR","@id":"https:\/\/sinepe-rs.org.br\/educacaoempauta\/#\/schema\/person\/image\/","url":"https:\/\/secure.gravatar.com\/avatar\/aab8da397152551fad5132b4b20cb891945e7bc931de8d0d72495261a983a371?s=96&d=mm&r=g","contentUrl":"https:\/\/secure.gravatar.com\/avatar\/aab8da397152551fad5132b4b20cb891945e7bc931de8d0d72495261a983a371?s=96&d=mm&r=g","caption":"Alexandra Zanela"},"url":"https:\/\/sinepe-rs.org.br\/educacaoempauta\/author\/alexandra\/"}]}},"_links":{"self":[{"href":"https:\/\/sinepe-rs.org.br\/educacaoempauta\/wp-json\/wp\/v2\/posts\/4987","targetHints":{"allow":["GET"]}}],"collection":[{"href":"https:\/\/sinepe-rs.org.br\/educacaoempauta\/wp-json\/wp\/v2\/posts"}],"about":[{"href":"https:\/\/sinepe-rs.org.br\/educacaoempauta\/wp-json\/wp\/v2\/types\/post"}],"author":[{"embeddable":true,"href":"https:\/\/sinepe-rs.org.br\/educacaoempauta\/wp-json\/wp\/v2\/users\/3"}],"replies":[{"embeddable":true,"href":"https:\/\/sinepe-rs.org.br\/educacaoempauta\/wp-json\/wp\/v2\/comments?post=4987"}],"version-history":[{"count":3,"href":"https:\/\/sinepe-rs.org.br\/educacaoempauta\/wp-json\/wp\/v2\/posts\/4987\/revisions"}],"predecessor-version":[{"id":5017,"href":"https:\/\/sinepe-rs.org.br\/educacaoempauta\/wp-json\/wp\/v2\/posts\/4987\/revisions\/5017"}],"wp:featuredmedia":[{"embeddable":true,"href":"https:\/\/sinepe-rs.org.br\/educacaoempauta\/wp-json\/wp\/v2\/media\/4988"}],"wp:attachment":[{"href":"https:\/\/sinepe-rs.org.br\/educacaoempauta\/wp-json\/wp\/v2\/media?parent=4987"}],"wp:term":[{"taxonomy":"category","embeddable":true,"href":"https:\/\/sinepe-rs.org.br\/educacaoempauta\/wp-json\/wp\/v2\/categories?post=4987"},{"taxonomy":"post_tag","embeddable":true,"href":"https:\/\/sinepe-rs.org.br\/educacaoempauta\/wp-json\/wp\/v2\/tags?post=4987"}],"curies":[{"name":"wp","href":"https:\/\/api.w.org\/{rel}","templated":true}]}}