{"id":5019,"date":"2024-09-05T07:00:00","date_gmt":"2024-09-05T10:00:00","guid":{"rendered":"https:\/\/sinepe-rs.org.br\/educacaoempauta\/?p=5019"},"modified":"2024-09-12T10:06:05","modified_gmt":"2024-09-12T13:06:05","slug":"taticas-para-promover-a-autorregulacao-do-uso-de-celular-na-escola","status":"publish","type":"post","link":"https:\/\/sinepe-rs.org.br\/educacaoempauta\/pedagogico\/taticas-para-promover-a-autorregulacao-do-uso-de-celular-na-escola\/","title":{"rendered":"T\u00e1ticas para promover a autorregula\u00e7\u00e3o do uso de celular na escola"},"content":{"rendered":"\n<div class=\"wp-block-media-text is-stacked-on-mobile\" style=\"grid-template-columns:30% auto\"><figure class=\"wp-block-media-text__media\"><img loading=\"lazy\" decoding=\"async\" width=\"1024\" height=\"1024\" src=\"https:\/\/sinepe-rs.org.br\/educacaoempauta\/wp-content\/uploads\/2024\/09\/373_Artigo_Jonas_Sousa_-Autorregulacao_uso_celular_Arquivo_Pessoal-1-1024x1024.jpg\" alt=\"\" class=\"wp-image-5020 size-full\" srcset=\"https:\/\/sinepe-rs.org.br\/educacaoempauta\/wp-content\/uploads\/2024\/09\/373_Artigo_Jonas_Sousa_-Autorregulacao_uso_celular_Arquivo_Pessoal-1-1024x1024.jpg 1024w, https:\/\/sinepe-rs.org.br\/educacaoempauta\/wp-content\/uploads\/2024\/09\/373_Artigo_Jonas_Sousa_-Autorregulacao_uso_celular_Arquivo_Pessoal-1-300x300.jpg 300w, https:\/\/sinepe-rs.org.br\/educacaoempauta\/wp-content\/uploads\/2024\/09\/373_Artigo_Jonas_Sousa_-Autorregulacao_uso_celular_Arquivo_Pessoal-1-150x150.jpg 150w, https:\/\/sinepe-rs.org.br\/educacaoempauta\/wp-content\/uploads\/2024\/09\/373_Artigo_Jonas_Sousa_-Autorregulacao_uso_celular_Arquivo_Pessoal-1-768x768.jpg 768w, https:\/\/sinepe-rs.org.br\/educacaoempauta\/wp-content\/uploads\/2024\/09\/373_Artigo_Jonas_Sousa_-Autorregulacao_uso_celular_Arquivo_Pessoal-1.jpg 1080w\" sizes=\"auto, (max-width: 1024px) 100vw, 1024px\" \/><\/figure><div class=\"wp-block-media-text__content\">\n<p><em><strong>* Jonas Sousa<\/strong><\/em><\/p>\n\n\n\n<p class=\"has-small-font-size\">A<em>ssessor pedag\u00f3gico da plataforma <\/em><a href=\"https:\/\/ampliaplataforma.com.br\/\" target=\"_blank\" rel=\"noreferrer noopener\"><em>Amplia.<\/em><\/a><em> Pedagogo pela Universidade Presbiteriana Mackenzie e p\u00f3s-graduando em Tecnologias Educacionais pela USP. Pesquisador na \u00e1rea de cultura digital, pr\u00e1tica docente e tecnologias na educa\u00e7\u00e3o<\/em><br><\/p>\n<\/div><\/div>\n\n\n\n<p>A introdu\u00e7\u00e3o da tecnologia digital na educa\u00e7\u00e3o trouxe consigo promessas de revolu\u00e7\u00e3o e avan\u00e7o no processo de ensino e aprendizagem. Especialmente durante a pandemia de Covid-19, o ensino online emergiu como uma solu\u00e7\u00e3o crucial para evitar o colapso da educa\u00e7\u00e3o, oferecendo op\u00e7\u00f5es vi\u00e1veis em um cen\u00e1rio de distanciamento social. No entanto, os benef\u00edcios e riscos associados ao uso da tecnologia na educa\u00e7\u00e3o merecem uma avalia\u00e7\u00e3o cr\u00edtica e aprofundada, considerando suas implica\u00e7\u00f5es a longo prazo.<\/p>\n\n\n\n<p>Embora a tecnologia digital tenha sido saudada como uma ferramenta transformadora na educa\u00e7\u00e3o, evid\u00eancias robustas do seu valor agregado ainda s\u00e3o escassas. Muitas das alega\u00e7\u00f5es sobre os benef\u00edcios da tecnologia na aprendizagem s\u00e3o promovidas por empresas que buscam comercializar essas solu\u00e7\u00f5es, destacando a necessidade de uma an\u00e1lise mais objetiva e imparcial sobre seu impacto no processo educacional.<\/p>\n\n\n\n<p><strong><mark style=\"background-color:#fcb900\" class=\"has-inline-color\">Leia tamb\u00e9m:<br><a href=\"https:\/\/sinepe-rs.org.br\/educacaoempauta\/tendencias\/longe-das-telas-a-experiencia-de-escolas-que-limitaram-o-uso-dos-celulares\/\" target=\"_blank\" rel=\"noreferrer noopener\">>> Longe das telas: a experi\u00eancia de escolas que limitaram o uso dos celulares<\/a><br><a href=\"https:\/\/sinepe-rs.org.br\/educacaoempauta\/tendencias\/as-regras-e-o-bom-uso-do-celular-em-sala-de-aula\/\" target=\"_blank\" rel=\"noreferrer noopener\">>> As regras e o bom uso do celular em sala de aula<\/a><\/mark><\/strong><\/p>\n\n\n\n<p>Estudos recentes indicam que <mark style=\"background-color:#ff6900\" class=\"has-inline-color has-white-color\">os efeitos da tecnologia e do uso do celular na aprendizagem podem variar de baixos a moderados, mas ainda existem importantes usos de finalidade pedag\u00f3gica para o dispositivo.<\/mark> Diante desse cen\u00e1rio, a pr\u00e1tica da autorregula\u00e7\u00e3o do uso do celular emerge como uma ferramenta vital para balancear os benef\u00edcios da tecnologia com uma vida equilibrada e saud\u00e1vel. <mark style=\"background-color:#ff6900\" class=\"has-inline-color has-white-color\">A autorregula\u00e7\u00e3o envolve a conscientiza\u00e7\u00e3o e o controle ativo sobre o tempo e a forma como utilizamos nossos dispositivos m\u00f3veis.<\/mark><\/p>\n\n\n\n<p><mark style=\"background-color:#ff6900\" class=\"has-inline-color has-white-color\">Essa depend\u00eancia excessiva do celular pode impactar negativamente no desempenho acad\u00eamico, afetando \u00e1reas como foco, sono e sa\u00fade mental. Al\u00e9m disso, a resist\u00eancia dos alunos \u00e0 restri\u00e7\u00e3o do uso do aparelho pode criar conflitos em sala de aula, aumentando os desafios de gerenciamento dentro do ambiente escolar.<\/mark> Para lidar com esses problemas, os professores e educadores adotam estrat\u00e9gias espec\u00edficas.<\/p>\n\n\n\n<p><mark style=\"background-color:#ff6900\" class=\"has-inline-color has-white-color\">A primeira estrat\u00e9gia para lidar com esses desafios \u00e9 estabelecer uma comunica\u00e7\u00e3o clara com os alunos sobre as consequ\u00eancias do uso impr\u00f3prio do celular.<\/mark> Al\u00e9m disso, criar oportunidades para atividades offline e integrar o celular de forma educacional nas atividades em sala de aula s\u00e3o abordagens eficazes para promover a autorregula\u00e7\u00e3o. O uso inapropriado pode acarretar efeitos negativos no aprendizado, como distra\u00e7\u00e3o e diminui\u00e7\u00e3o de atividade neural. Por\u00e9m, o seu uso com intencionalidade \u00e9 promissor para potencializar o processo de ensino e aprendizagem.<\/p>\n\n\n\n<p>Apesar dos desafios, o celular tem o potencial de ser uma ferramenta valiosa no processo de ensino e aprendizagem. Ao trabalhar essa autorregula\u00e7\u00e3o e aproveitar as capacidades educacionais dos dispositivos m\u00f3veis, os professores podem promover a colabora\u00e7\u00e3o, a criatividade e o engajamento dos alunos, alinhando-se com as aptid\u00f5es necess\u00e1rias para o s\u00e9culo XXI.<\/p>\n","protected":false},"excerpt":{"rendered":"<p>Educadores buscam maneiras eficazes de promover a autorregula\u00e7\u00e3o do uso do celular entre os jovens, reconhecendo sua import\u00e2ncia para um equil\u00edbrio saud\u00e1vel entre tecnologia e aprendizado<\/p>\n","protected":false},"author":3,"featured_media":5022,"comment_status":"closed","ping_status":"closed","sticky":false,"template":"","format":"standard","meta":{"footnotes":""},"categories":[6],"tags":[491,697,43],"class_list":["post-5019","post","type-post","status-publish","format-standard","has-post-thumbnail","hentry","category-pedagogico","tag-celular-em-sala-de-aula","tag-celular-na-escola","tag-sinepe-rs-2"],"acf":[],"yoast_head":"<!-- This site is optimized with the Yoast SEO plugin v24.6 - https:\/\/yoast.com\/wordpress\/plugins\/seo\/ -->\n<title>Como promover a autorregula\u00e7\u00e3o do uso de celular na escola<\/title>\n<meta name=\"description\" content=\"Educadores buscam maneiras eficazes de promover a autorregula\u00e7\u00e3o do uso do celular entre os jovens, para um equil\u00edbrio entre tecnologia e aprendizado\" \/>\n<meta name=\"robots\" content=\"index, follow, max-snippet:-1, max-image-preview:large, max-video-preview:-1\" \/>\n<link rel=\"canonical\" href=\"https:\/\/sinepe-rs.org.br\/educacaoempauta\/pedagogico\/taticas-para-promover-a-autorregulacao-do-uso-de-celular-na-escola\/\" \/>\n<meta property=\"og:locale\" content=\"pt_BR\" \/>\n<meta property=\"og:type\" content=\"article\" \/>\n<meta property=\"og:title\" content=\"Como promover a autorregula\u00e7\u00e3o do uso de celular na escola\" \/>\n<meta property=\"og:description\" content=\"Educadores buscam maneiras eficazes de promover a autorregula\u00e7\u00e3o do uso do celular entre os jovens, para um equil\u00edbrio entre tecnologia e aprendizado\" \/>\n<meta property=\"og:url\" content=\"https:\/\/sinepe-rs.org.br\/educacaoempauta\/pedagogico\/taticas-para-promover-a-autorregulacao-do-uso-de-celular-na-escola\/\" \/>\n<meta property=\"og:site_name\" content=\"Educa\u00e7\u00e3o em Pauta: Portal de reportagens de Educa\u00e7\u00e3o\" \/>\n<meta property=\"article:published_time\" content=\"2024-09-05T10:00:00+00:00\" \/>\n<meta property=\"article:modified_time\" content=\"2024-09-12T13:06:05+00:00\" \/>\n<meta property=\"og:image\" content=\"https:\/\/sinepe-rs.org.br\/educacaoempauta\/wp-content\/uploads\/2024\/09\/373_SinepeRS_Educacao_Em_Pauta_autorregulacao_uso_celular_na_escola.jpg\" \/>\n\t<meta property=\"og:image:width\" content=\"1366\" \/>\n\t<meta property=\"og:image:height\" content=\"450\" \/>\n\t<meta property=\"og:image:type\" content=\"image\/jpeg\" \/>\n<meta name=\"author\" content=\"Alexandra Zanela\" \/>\n<meta name=\"twitter:card\" content=\"summary_large_image\" \/>\n<meta name=\"twitter:label1\" content=\"Escrito por\" \/>\n\t<meta name=\"twitter:data1\" content=\"Alexandra Zanela\" \/>\n\t<meta name=\"twitter:label2\" content=\"Est. tempo de leitura\" \/>\n\t<meta name=\"twitter:data2\" content=\"1 minuto\" \/>\n<script type=\"application\/ld+json\" class=\"yoast-schema-graph\">{\"@context\":\"https:\/\/schema.org\",\"@graph\":[{\"@type\":\"WebPage\",\"@id\":\"https:\/\/sinepe-rs.org.br\/educacaoempauta\/pedagogico\/taticas-para-promover-a-autorregulacao-do-uso-de-celular-na-escola\/\",\"url\":\"https:\/\/sinepe-rs.org.br\/educacaoempauta\/pedagogico\/taticas-para-promover-a-autorregulacao-do-uso-de-celular-na-escola\/\",\"name\":\"Como promover a autorregula\u00e7\u00e3o do uso de celular na escola\",\"isPartOf\":{\"@id\":\"https:\/\/sinepe-rs.org.br\/educacaoempauta\/#website\"},\"primaryImageOfPage\":{\"@id\":\"https:\/\/sinepe-rs.org.br\/educacaoempauta\/pedagogico\/taticas-para-promover-a-autorregulacao-do-uso-de-celular-na-escola\/#primaryimage\"},\"image\":{\"@id\":\"https:\/\/sinepe-rs.org.br\/educacaoempauta\/pedagogico\/taticas-para-promover-a-autorregulacao-do-uso-de-celular-na-escola\/#primaryimage\"},\"thumbnailUrl\":\"https:\/\/sinepe-rs.org.br\/educacaoempauta\/wp-content\/uploads\/2024\/09\/373_SinepeRS_Educacao_Em_Pauta_autorregulacao_uso_celular_na_escola.jpg\",\"datePublished\":\"2024-09-05T10:00:00+00:00\",\"dateModified\":\"2024-09-12T13:06:05+00:00\",\"author\":{\"@id\":\"https:\/\/sinepe-rs.org.br\/educacaoempauta\/#\/schema\/person\/c542073558983d5792101d1b5240d841\"},\"description\":\"Educadores buscam maneiras eficazes de promover a autorregula\u00e7\u00e3o do uso do celular entre os jovens, para um equil\u00edbrio entre tecnologia e aprendizado\",\"breadcrumb\":{\"@id\":\"https:\/\/sinepe-rs.org.br\/educacaoempauta\/pedagogico\/taticas-para-promover-a-autorregulacao-do-uso-de-celular-na-escola\/#breadcrumb\"},\"inLanguage\":\"pt-BR\",\"potentialAction\":[{\"@type\":\"ReadAction\",\"target\":[\"https:\/\/sinepe-rs.org.br\/educacaoempauta\/pedagogico\/taticas-para-promover-a-autorregulacao-do-uso-de-celular-na-escola\/\"]}]},{\"@type\":\"ImageObject\",\"inLanguage\":\"pt-BR\",\"@id\":\"https:\/\/sinepe-rs.org.br\/educacaoempauta\/pedagogico\/taticas-para-promover-a-autorregulacao-do-uso-de-celular-na-escola\/#primaryimage\",\"url\":\"https:\/\/sinepe-rs.org.br\/educacaoempauta\/wp-content\/uploads\/2024\/09\/373_SinepeRS_Educacao_Em_Pauta_autorregulacao_uso_celular_na_escola.jpg\",\"contentUrl\":\"https:\/\/sinepe-rs.org.br\/educacaoempauta\/wp-content\/uploads\/2024\/09\/373_SinepeRS_Educacao_Em_Pauta_autorregulacao_uso_celular_na_escola.jpg\",\"width\":1366,\"height\":450,\"caption\":\"T\u00e1ticas para promover a autorregula\u00e7\u00e3o do uso de celular na escola\"},{\"@type\":\"BreadcrumbList\",\"@id\":\"https:\/\/sinepe-rs.org.br\/educacaoempauta\/pedagogico\/taticas-para-promover-a-autorregulacao-do-uso-de-celular-na-escola\/#breadcrumb\",\"itemListElement\":[{\"@type\":\"ListItem\",\"position\":1,\"name\":\"Home\",\"item\":\"https:\/\/sinepe-rs.org.br\/educacaoempauta\/\"},{\"@type\":\"ListItem\",\"position\":2,\"name\":\"T\u00e1ticas para promover a autorregula\u00e7\u00e3o do uso de celular na escola\"}]},{\"@type\":\"WebSite\",\"@id\":\"https:\/\/sinepe-rs.org.br\/educacaoempauta\/#website\",\"url\":\"https:\/\/sinepe-rs.org.br\/educacaoempauta\/\",\"name\":\"Educa\u00e7\u00e3o em Pauta: Portal de reportagens de Educa\u00e7\u00e3o\",\"description\":\"Sinepe-RS\",\"potentialAction\":[{\"@type\":\"SearchAction\",\"target\":{\"@type\":\"EntryPoint\",\"urlTemplate\":\"https:\/\/sinepe-rs.org.br\/educacaoempauta\/?s={search_term_string}\"},\"query-input\":{\"@type\":\"PropertyValueSpecification\",\"valueRequired\":true,\"valueName\":\"search_term_string\"}}],\"inLanguage\":\"pt-BR\"},{\"@type\":\"Person\",\"@id\":\"https:\/\/sinepe-rs.org.br\/educacaoempauta\/#\/schema\/person\/c542073558983d5792101d1b5240d841\",\"name\":\"Alexandra Zanela\",\"image\":{\"@type\":\"ImageObject\",\"inLanguage\":\"pt-BR\",\"@id\":\"https:\/\/sinepe-rs.org.br\/educacaoempauta\/#\/schema\/person\/image\/\",\"url\":\"https:\/\/secure.gravatar.com\/avatar\/aab8da397152551fad5132b4b20cb891945e7bc931de8d0d72495261a983a371?s=96&d=mm&r=g\",\"contentUrl\":\"https:\/\/secure.gravatar.com\/avatar\/aab8da397152551fad5132b4b20cb891945e7bc931de8d0d72495261a983a371?s=96&d=mm&r=g\",\"caption\":\"Alexandra Zanela\"},\"url\":\"https:\/\/sinepe-rs.org.br\/educacaoempauta\/author\/alexandra\/\"}]}<\/script>\n<!-- \/ Yoast SEO plugin. -->","yoast_head_json":{"title":"Como promover a autorregula\u00e7\u00e3o do uso de celular na escola","description":"Educadores buscam maneiras eficazes de promover a autorregula\u00e7\u00e3o do uso do celular entre os jovens, para um equil\u00edbrio entre tecnologia e aprendizado","robots":{"index":"index","follow":"follow","max-snippet":"max-snippet:-1","max-image-preview":"max-image-preview:large","max-video-preview":"max-video-preview:-1"},"canonical":"https:\/\/sinepe-rs.org.br\/educacaoempauta\/pedagogico\/taticas-para-promover-a-autorregulacao-do-uso-de-celular-na-escola\/","og_locale":"pt_BR","og_type":"article","og_title":"Como promover a autorregula\u00e7\u00e3o do uso de celular na escola","og_description":"Educadores buscam maneiras eficazes de promover a autorregula\u00e7\u00e3o do uso do celular entre os jovens, para um equil\u00edbrio entre tecnologia e aprendizado","og_url":"https:\/\/sinepe-rs.org.br\/educacaoempauta\/pedagogico\/taticas-para-promover-a-autorregulacao-do-uso-de-celular-na-escola\/","og_site_name":"Educa\u00e7\u00e3o em Pauta: Portal de reportagens de Educa\u00e7\u00e3o","article_published_time":"2024-09-05T10:00:00+00:00","article_modified_time":"2024-09-12T13:06:05+00:00","og_image":[{"width":1366,"height":450,"url":"https:\/\/sinepe-rs.org.br\/educacaoempauta\/wp-content\/uploads\/2024\/09\/373_SinepeRS_Educacao_Em_Pauta_autorregulacao_uso_celular_na_escola.jpg","type":"image\/jpeg"}],"author":"Alexandra Zanela","twitter_card":"summary_large_image","twitter_misc":{"Escrito por":"Alexandra Zanela","Est. tempo de leitura":"1 minuto"},"schema":{"@context":"https:\/\/schema.org","@graph":[{"@type":"WebPage","@id":"https:\/\/sinepe-rs.org.br\/educacaoempauta\/pedagogico\/taticas-para-promover-a-autorregulacao-do-uso-de-celular-na-escola\/","url":"https:\/\/sinepe-rs.org.br\/educacaoempauta\/pedagogico\/taticas-para-promover-a-autorregulacao-do-uso-de-celular-na-escola\/","name":"Como promover a autorregula\u00e7\u00e3o do uso de celular na escola","isPartOf":{"@id":"https:\/\/sinepe-rs.org.br\/educacaoempauta\/#website"},"primaryImageOfPage":{"@id":"https:\/\/sinepe-rs.org.br\/educacaoempauta\/pedagogico\/taticas-para-promover-a-autorregulacao-do-uso-de-celular-na-escola\/#primaryimage"},"image":{"@id":"https:\/\/sinepe-rs.org.br\/educacaoempauta\/pedagogico\/taticas-para-promover-a-autorregulacao-do-uso-de-celular-na-escola\/#primaryimage"},"thumbnailUrl":"https:\/\/sinepe-rs.org.br\/educacaoempauta\/wp-content\/uploads\/2024\/09\/373_SinepeRS_Educacao_Em_Pauta_autorregulacao_uso_celular_na_escola.jpg","datePublished":"2024-09-05T10:00:00+00:00","dateModified":"2024-09-12T13:06:05+00:00","author":{"@id":"https:\/\/sinepe-rs.org.br\/educacaoempauta\/#\/schema\/person\/c542073558983d5792101d1b5240d841"},"description":"Educadores buscam maneiras eficazes de promover a autorregula\u00e7\u00e3o do uso do celular entre os jovens, para um equil\u00edbrio entre tecnologia e aprendizado","breadcrumb":{"@id":"https:\/\/sinepe-rs.org.br\/educacaoempauta\/pedagogico\/taticas-para-promover-a-autorregulacao-do-uso-de-celular-na-escola\/#breadcrumb"},"inLanguage":"pt-BR","potentialAction":[{"@type":"ReadAction","target":["https:\/\/sinepe-rs.org.br\/educacaoempauta\/pedagogico\/taticas-para-promover-a-autorregulacao-do-uso-de-celular-na-escola\/"]}]},{"@type":"ImageObject","inLanguage":"pt-BR","@id":"https:\/\/sinepe-rs.org.br\/educacaoempauta\/pedagogico\/taticas-para-promover-a-autorregulacao-do-uso-de-celular-na-escola\/#primaryimage","url":"https:\/\/sinepe-rs.org.br\/educacaoempauta\/wp-content\/uploads\/2024\/09\/373_SinepeRS_Educacao_Em_Pauta_autorregulacao_uso_celular_na_escola.jpg","contentUrl":"https:\/\/sinepe-rs.org.br\/educacaoempauta\/wp-content\/uploads\/2024\/09\/373_SinepeRS_Educacao_Em_Pauta_autorregulacao_uso_celular_na_escola.jpg","width":1366,"height":450,"caption":"T\u00e1ticas para promover a autorregula\u00e7\u00e3o do uso de celular na escola"},{"@type":"BreadcrumbList","@id":"https:\/\/sinepe-rs.org.br\/educacaoempauta\/pedagogico\/taticas-para-promover-a-autorregulacao-do-uso-de-celular-na-escola\/#breadcrumb","itemListElement":[{"@type":"ListItem","position":1,"name":"Home","item":"https:\/\/sinepe-rs.org.br\/educacaoempauta\/"},{"@type":"ListItem","position":2,"name":"T\u00e1ticas para promover a autorregula\u00e7\u00e3o do uso de celular na escola"}]},{"@type":"WebSite","@id":"https:\/\/sinepe-rs.org.br\/educacaoempauta\/#website","url":"https:\/\/sinepe-rs.org.br\/educacaoempauta\/","name":"Educa\u00e7\u00e3o em Pauta: Portal de reportagens de Educa\u00e7\u00e3o","description":"Sinepe-RS","potentialAction":[{"@type":"SearchAction","target":{"@type":"EntryPoint","urlTemplate":"https:\/\/sinepe-rs.org.br\/educacaoempauta\/?s={search_term_string}"},"query-input":{"@type":"PropertyValueSpecification","valueRequired":true,"valueName":"search_term_string"}}],"inLanguage":"pt-BR"},{"@type":"Person","@id":"https:\/\/sinepe-rs.org.br\/educacaoempauta\/#\/schema\/person\/c542073558983d5792101d1b5240d841","name":"Alexandra Zanela","image":{"@type":"ImageObject","inLanguage":"pt-BR","@id":"https:\/\/sinepe-rs.org.br\/educacaoempauta\/#\/schema\/person\/image\/","url":"https:\/\/secure.gravatar.com\/avatar\/aab8da397152551fad5132b4b20cb891945e7bc931de8d0d72495261a983a371?s=96&d=mm&r=g","contentUrl":"https:\/\/secure.gravatar.com\/avatar\/aab8da397152551fad5132b4b20cb891945e7bc931de8d0d72495261a983a371?s=96&d=mm&r=g","caption":"Alexandra Zanela"},"url":"https:\/\/sinepe-rs.org.br\/educacaoempauta\/author\/alexandra\/"}]}},"_links":{"self":[{"href":"https:\/\/sinepe-rs.org.br\/educacaoempauta\/wp-json\/wp\/v2\/posts\/5019","targetHints":{"allow":["GET"]}}],"collection":[{"href":"https:\/\/sinepe-rs.org.br\/educacaoempauta\/wp-json\/wp\/v2\/posts"}],"about":[{"href":"https:\/\/sinepe-rs.org.br\/educacaoempauta\/wp-json\/wp\/v2\/types\/post"}],"author":[{"embeddable":true,"href":"https:\/\/sinepe-rs.org.br\/educacaoempauta\/wp-json\/wp\/v2\/users\/3"}],"replies":[{"embeddable":true,"href":"https:\/\/sinepe-rs.org.br\/educacaoempauta\/wp-json\/wp\/v2\/comments?post=5019"}],"version-history":[{"count":4,"href":"https:\/\/sinepe-rs.org.br\/educacaoempauta\/wp-json\/wp\/v2\/posts\/5019\/revisions"}],"predecessor-version":[{"id":5034,"href":"https:\/\/sinepe-rs.org.br\/educacaoempauta\/wp-json\/wp\/v2\/posts\/5019\/revisions\/5034"}],"wp:featuredmedia":[{"embeddable":true,"href":"https:\/\/sinepe-rs.org.br\/educacaoempauta\/wp-json\/wp\/v2\/media\/5022"}],"wp:attachment":[{"href":"https:\/\/sinepe-rs.org.br\/educacaoempauta\/wp-json\/wp\/v2\/media?parent=5019"}],"wp:term":[{"taxonomy":"category","embeddable":true,"href":"https:\/\/sinepe-rs.org.br\/educacaoempauta\/wp-json\/wp\/v2\/categories?post=5019"},{"taxonomy":"post_tag","embeddable":true,"href":"https:\/\/sinepe-rs.org.br\/educacaoempauta\/wp-json\/wp\/v2\/tags?post=5019"}],"curies":[{"name":"wp","href":"https:\/\/api.w.org\/{rel}","templated":true}]}}