{"id":5095,"date":"2024-10-10T07:00:00","date_gmt":"2024-10-10T10:00:00","guid":{"rendered":"https:\/\/sinepe-rs.org.br\/educacaoempauta\/?p=5095"},"modified":"2024-10-16T16:09:19","modified_gmt":"2024-10-16T19:09:19","slug":"tecnologia-e-docencia-precisam-dialogar-para-atender-a-bncc-da-computacao","status":"publish","type":"post","link":"https:\/\/sinepe-rs.org.br\/educacaoempauta\/tendencias\/tecnologia-e-docencia-precisam-dialogar-para-atender-a-bncc-da-computacao\/","title":{"rendered":"Tecnologia e doc\u00eancia precisam dialogar para atender \u00e0 BNCC da Computa\u00e7\u00e3o"},"content":{"rendered":"\n<p>O Minist\u00e9rio da Educa\u00e7\u00e3o (MEC) alerta para que as institui\u00e7\u00f5es de ensino reorganizem seus curr\u00edculos, inserindo a <a href=\"http:\/\/portal.mec.gov.br\/docman\/fevereiro-2022-pdf\/236791-anexo-ao-parecer-cneceb-n-2-2022-bncc-computacao\/file\" target=\"_blank\" rel=\"noreferrer noopener\">BNCC da Computa\u00e7\u00e3o<\/a> em todas as etapas da educa\u00e7\u00e3o b\u00e1sica e suas modalidades. Conforme sinaliza a conselheira do Conselho Estadual de Educa\u00e7\u00e3o (CEEd\/RS), Ana Rita Berti Bagestan, o <a href=\"https:\/\/h-curriculo.educacao.rs.gov.br\/Sobre\/Index\" target=\"_blank\" rel=\"noreferrer noopener\">Referencial Curricular Ga\u00facho<\/a> referente \u00e0 BNCC Computa\u00e7\u00e3o deve estar conclu\u00eddo e inserido no sistema do MEC, denominado Sistema Integrado de Monitoramento Execu\u00e7\u00e3o e Controle (SIMEC), at\u00e9 setembro de 2025.<\/p>\n\n\n\n<p>Ela recomenda que, desde j\u00e1, as redes de ensino estejam adaptadas, pois o <a href=\"https:\/\/www.planalto.gov.br\/ccivil_03\/_Ato2023-2026\/2023\/Lei\/L14533.htm\" target=\"_blank\" rel=\"noreferrer noopener\">art. 7 da Lei 14.533\/2023<\/a> indica esta implementa\u00e7\u00e3o desde o ano passado. \u201cPara que isso seja poss\u00edvel, \u00e9 l\u00f3gico que precisa ter professores habilitados em Licenciatura em Computa\u00e7\u00e3o ou bacharel na \u00e1rea, com forma\u00e7\u00e3o pedag\u00f3gica; para aqueles que j\u00e1 atuam em escola, uma forma\u00e7\u00e3o continuada\u201d, comenta.&nbsp;<\/p>\n\n\n\n<p><strong><mark style=\"background-color:#fcb900\" class=\"has-inline-color\">Leia tamb\u00e9m: <br><a href=\"https:\/\/sinepe-rs.org.br\/educacaoempauta\/tendencias\/desafios-para-implementacao-da-politica-nacional-de-educacao-digital\/\" target=\"_blank\" rel=\"noreferrer noopener\">&gt;&gt; Desafios para implementa\u00e7\u00e3o da Pol\u00edtica Nacional de Educa\u00e7\u00e3o Digital<\/a><br><a href=\"https:\/\/sinepe-rs.org.br\/educacaoempauta\/gestao\/a-implementacao-da-computacao-na-educacao-e-o-papel-dos-gestores\/\" target=\"_blank\" rel=\"noreferrer noopener\">&gt;&gt; A implementa\u00e7\u00e3o da computa\u00e7\u00e3o na educa\u00e7\u00e3o e o papel dos gestores<\/a><\/mark><\/strong><\/p>\n\n\n\n<p>Ainda, conforme Ana Rita, os curr\u00edculos escolares da educa\u00e7\u00e3o b\u00e1sica e suas modalidades devem incorporar e implementar as compet\u00eancias e habilidades dispostas na BNCC da Computa\u00e7\u00e3o no que diz respeito ao pensamento computacional, mundo digital e cultura digital. \u201cDeve ser garantido o direito do estudante ao letramento digital, isto \u00e9, aprender a ler, escrever, calcular e programar, e assim compreender os fundamentos da computa\u00e7\u00e3o\u201d, pontua.<\/p>\n\n\n\n<p>Para isso, as institui\u00e7\u00f5es de ensino devem adequar os documentos escolares por meio da proposta pedag\u00f3gica e planos curriculares. Atualizar os documentos inserindo a disciplina ou inserir a oferta da computa\u00e7\u00e3o de modo transversal com as respectivas compet\u00eancias e habilidades da referida BNCC Computa\u00e7\u00e3o.&nbsp;<\/p>\n\n\n\n<p>O professor de Computa\u00e7\u00e3o e mestre em Ensino de Ci\u00eancias Exatas Diego Berti Bagestan acrescenta que, segundo determina o <a href=\"https:\/\/www.planalto.gov.br\/ccivil_03\/leis\/l9394.htm\" target=\"_blank\" rel=\"noreferrer noopener\">art. 61 da Lei de diretrizes e bases da educa\u00e7\u00e3o nacional (LDB)<\/a>, a gradua\u00e7\u00e3o que habilita o professor para atuar com o componente curricular ou disciplina de computa\u00e7\u00e3o \u00e9 a Licenciatura em Computa\u00e7\u00e3o. \u201cQuando n\u00e3o h\u00e1 um professor habilitado, a pr\u00f3pria LDB, no mesmo artigo 61, orienta outras possibilidades de habilita\u00e7\u00e3o com forma\u00e7\u00e3o pedag\u00f3gica ou cursos de forma\u00e7\u00e3o continuada em servi\u00e7o para assegurar a oferta aos estudantes\u201d, pondera.<\/p>\n\n\n\n<p><strong>Prepara\u00e7\u00e3o dos professores<\/strong><\/p>\n\n\n\n<p>Diante disso, Ana Rita ressalta que o professor ter\u00e1 que se apropriar das compet\u00eancias que habilidades que constam no documento da BNCC da Computa\u00e7\u00e3o para conhecer a estrutura e organiza\u00e7\u00e3o prevista para cada etapa da educa\u00e7\u00e3o b\u00e1sica. Ela acredita que \u00e9 necess\u00e1rio estudar as compet\u00eancias e respectivas habilidades e conhecimentos que comp\u00f5em a proposta, a fim de saber promover as aprendizagens com as crian\u00e7as e os estudantes. \u201cO professor deve, tamb\u00e9m, conhecer, criar, selecionar e organizar materiais did\u00e1ticos, bem como utilizar recursos tecnol\u00f3gicos apropriados, como softwares educacionais e plataformas online\u201d, diz.<\/p>\n\n\n\n<p>Ao mesmo tempo, segundo Diego, \u00e9 essencial dar aten\u00e7\u00e3o \u00e0 forma\u00e7\u00e3o continuada. Para ele, atualmente existem poucos professores que possuem essa capacita\u00e7\u00e3o para exercer o componente curricular exigido. \u201cO n\u00e3o interesse em forma\u00e7\u00e3o na \u00e1rea da Licenciatura em Computa\u00e7\u00e3o acontece n\u00e3o pelo fato de ser uma \u00e1rea ligada ao magist\u00e9rio, mas sim porque n\u00e3o tem tantos empregos\u201d, constata.&nbsp;<\/p>\n\n\n\n<p>No seu ponto de vista, o fato da computa\u00e7\u00e3o estar prevista como componente curricular no Ensino Fundamental e Ensino M\u00e9dio, conforme a <a href=\"https:\/\/www.planalto.gov.br\/ccivil_03\/_ato2023-2026\/2023\/lei\/L14533.htm\" target=\"_blank\" rel=\"noreferrer noopener\">Lei Federal n\u00ba 14.533\/2023<\/a>, as institui\u00e7\u00f5es de ensino precisar\u00e3o estar atentas para a contrata\u00e7\u00e3o de profissionais habilitados, produzindo uma \u201crea\u00e7\u00e3o em cadeia\u201d, de modo que surjam mais cursos de forma\u00e7\u00e3o de professores na \u00e1rea da computa\u00e7\u00e3o. \u201cEles ter\u00e3o que buscar capacita\u00e7\u00e3o e aperfei\u00e7oamento, al\u00e9m de conhecer novas ferramentas de ensino tecnol\u00f3gico. O autodidatismo e a experimenta\u00e7\u00e3o com ferramentas digitais tamb\u00e9m ser\u00e3o fundamentais\u201d, indica.<\/p>\n\n\n\n<p>Ali\u00e1s, na s\u00e9rie \u201cBNCC da Computa\u00e7\u00e3o na sala de aula\u201d, do Sinepe\/RS Play, Diego <a href=\"https:\/\/www.sinepersplay.com.br\/app\/pedagogico\/temas-pedagogicos-de-gestao-e-socioemocionais-para-capacitacao-dos-docentes\/bncc-da-computacao-na-sala-de-aula\" target=\"_blank\" rel=\"noreferrer noopener\">participa de um dos epis\u00f3dios<\/a>. Em sua apresenta\u00e7\u00e3o, ele apresenta algumas dicas pr\u00e1ticas aos professores, como \u00e9 o caso do uso da rob\u00f3tica na educa\u00e7\u00e3o.<\/p>\n\n\n\n<p>Na compreens\u00e3o do doutor em Inform\u00e1tica na Educa\u00e7\u00e3o, professor e pesquisador da Univali, Andr\u00e9 Raabe, \u00e9 necess\u00e1rio preparar os professores para os conte\u00fados mais t\u00e9cnicos, mas, para isso, depender\u00e1 do formato adotado pela escola. Se a op\u00e7\u00e3o for trabalhar com projetos transversais, ensinando computa\u00e7\u00e3o junto com outros componentes curriculares, os educadores ter\u00e3o que receber uma forma\u00e7\u00e3o continuada. J\u00e1 se a escolha for pela inclus\u00e3o de uma nova disciplina, ter\u00e3o que ser contratados licenciados em computa\u00e7\u00e3o, tecnologia educacional ou com t\u00edtulos semelhantes.<\/p>\n\n\n\n<p><strong>Forma\u00e7\u00f5es online<\/strong><\/p>\n\n\n\n<p>Uma aliada para esse aprimoramento dos professores \u00e9 a internet, como \u00e9 o caso do YouTube. Para o professor do curso da Escola de Humanidades da PUCRS, Asafe Davi Cortina Silva, a plataforma \u00e9 muita rica em aprendizado, sendo poss\u00edvel encontrar diversos tutoriais. \u201cExistem v\u00eddeos muito bons e extremamente did\u00e1ticos\u201d, sugere.<\/p>\n\n\n\n<figure class=\"wp-block-embed is-type-video is-provider-youtube wp-block-embed-youtube wp-embed-aspect-16-9 wp-has-aspect-ratio\"><div class=\"wp-block-embed__wrapper\">\n<iframe loading=\"lazy\" title=\"Scratch para iniciantes! Aprenda a programa\u00e7\u00e3o b\u00e1sica agora!\" width=\"500\" height=\"281\" src=\"https:\/\/www.youtube.com\/embed\/OIDoKeEOXeo?feature=oembed\" frameborder=\"0\" allow=\"accelerometer; autoplay; clipboard-write; encrypted-media; gyroscope; picture-in-picture; web-share\" referrerpolicy=\"strict-origin-when-cross-origin\" allowfullscreen><\/iframe>\n<\/div><\/figure>\n\n\n\n<p>Da mesma forma, as redes sociais, como Instagram, Tik Tok e Pinterest, s\u00e3o interessantes para se atualizar sobre as tend\u00eancias. Silva relata que muitas dessas ferramentas trabalham com intelig\u00eancia artificial e, de acordo com as pesquisas e consumo, sugerem v\u00eddeos e posts relacionados. \u201cSe costumamos utilizar essas plataformas para aprender sobre tecnologias, o algoritmo constantemente nos sugere conte\u00fados sobre novos aplicativos, pr\u00e1ticas metodol\u00f3gicas com tecnologias, ideias de utiliza\u00e7\u00e3o de recursos em sala de aula e assim por diante\u201d, sinaliza.<\/p>\n\n\n\n<blockquote class=\"instagram-media\" data-instgrm-captioned data-instgrm-permalink=\"https:\/\/www.instagram.com\/reel\/C-kMEihsaoY\/?utm_source=ig_embed&amp;utm_campaign=loading\" data-instgrm-version=\"14\" style=\" background:#FFF; border:0; border-radius:3px; box-shadow:0 0 1px 0 rgba(0,0,0,0.5),0 1px 10px 0 rgba(0,0,0,0.15); margin: 1px; max-width:540px; min-width:326px; padding:0; width:99.375%; width:-webkit-calc(100% - 2px); width:calc(100% - 2px);\"><div style=\"padding:16px;\"> <a href=\"https:\/\/www.instagram.com\/reel\/C-kMEihsaoY\/?utm_source=ig_embed&amp;utm_campaign=loading\" style=\" background:#FFFFFF; line-height:0; padding:0 0; text-align:center; text-decoration:none; width:100%;\" target=\"_blank\" rel=\"noopener\"> <div style=\" display: flex; flex-direction: row; align-items: center;\"> <div style=\"background-color: #F4F4F4; border-radius: 50%; flex-grow: 0; height: 40px; margin-right: 14px; width: 40px;\"><\/div> <div style=\"display: flex; flex-direction: column; flex-grow: 1; justify-content: center;\"> <div style=\" background-color: #F4F4F4; border-radius: 4px; flex-grow: 0; height: 14px; margin-bottom: 6px; width: 100px;\"><\/div> <div style=\" background-color: #F4F4F4; border-radius: 4px; flex-grow: 0; height: 14px; width: 60px;\"><\/div><\/div><\/div><div style=\"padding: 19% 0;\"><\/div> <div style=\"display:block; height:50px; margin:0 auto 12px; width:50px;\"><svg width=\"50px\" height=\"50px\" viewBox=\"0 0 60 60\" version=\"1.1\" xmlns=\"https:\/\/www.w3.org\/2000\/svg\" xmlns:xlink=\"https:\/\/www.w3.org\/1999\/xlink\"><g stroke=\"none\" stroke-width=\"1\" fill=\"none\" fill-rule=\"evenodd\"><g transform=\"translate(-511.000000, -20.000000)\" fill=\"#000000\"><g><path d=\"M556.869,30.41 C554.814,30.41 553.148,32.076 553.148,34.131 C553.148,36.186 554.814,37.852 556.869,37.852 C558.924,37.852 560.59,36.186 560.59,34.131 C560.59,32.076 558.924,30.41 556.869,30.41 M541,60.657 C535.114,60.657 530.342,55.887 530.342,50 C530.342,44.114 535.114,39.342 541,39.342 C546.887,39.342 551.658,44.114 551.658,50 C551.658,55.887 546.887,60.657 541,60.657 M541,33.886 C532.1,33.886 524.886,41.1 524.886,50 C524.886,58.899 532.1,66.113 541,66.113 C549.9,66.113 557.115,58.899 557.115,50 C557.115,41.1 549.9,33.886 541,33.886 M565.378,62.101 C565.244,65.022 564.756,66.606 564.346,67.663 C563.803,69.06 563.154,70.057 562.106,71.106 C561.058,72.155 560.06,72.803 558.662,73.347 C557.607,73.757 556.021,74.244 553.102,74.378 C549.944,74.521 548.997,74.552 541,74.552 C533.003,74.552 532.056,74.521 528.898,74.378 C525.979,74.244 524.393,73.757 523.338,73.347 C521.94,72.803 520.942,72.155 519.894,71.106 C518.846,70.057 518.197,69.06 517.654,67.663 C517.244,66.606 516.755,65.022 516.623,62.101 C516.479,58.943 516.448,57.996 516.448,50 C516.448,42.003 516.479,41.056 516.623,37.899 C516.755,34.978 517.244,33.391 517.654,32.338 C518.197,30.938 518.846,29.942 519.894,28.894 C520.942,27.846 521.94,27.196 523.338,26.654 C524.393,26.244 525.979,25.756 528.898,25.623 C532.057,25.479 533.004,25.448 541,25.448 C548.997,25.448 549.943,25.479 553.102,25.623 C556.021,25.756 557.607,26.244 558.662,26.654 C560.06,27.196 561.058,27.846 562.106,28.894 C563.154,29.942 563.803,30.938 564.346,32.338 C564.756,33.391 565.244,34.978 565.378,37.899 C565.522,41.056 565.552,42.003 565.552,50 C565.552,57.996 565.522,58.943 565.378,62.101 M570.82,37.631 C570.674,34.438 570.167,32.258 569.425,30.349 C568.659,28.377 567.633,26.702 565.965,25.035 C564.297,23.368 562.623,22.342 560.652,21.575 C558.743,20.834 556.562,20.326 553.369,20.18 C550.169,20.033 549.148,20 541,20 C532.853,20 531.831,20.033 528.631,20.18 C525.438,20.326 523.257,20.834 521.349,21.575 C519.376,22.342 517.703,23.368 516.035,25.035 C514.368,26.702 513.342,28.377 512.574,30.349 C511.834,32.258 511.326,34.438 511.181,37.631 C511.035,40.831 511,41.851 511,50 C511,58.147 511.035,59.17 511.181,62.369 C511.326,65.562 511.834,67.743 512.574,69.651 C513.342,71.625 514.368,73.296 516.035,74.965 C517.703,76.634 519.376,77.658 521.349,78.425 C523.257,79.167 525.438,79.673 528.631,79.82 C531.831,79.965 532.853,80.001 541,80.001 C549.148,80.001 550.169,79.965 553.369,79.82 C556.562,79.673 558.743,79.167 560.652,78.425 C562.623,77.658 564.297,76.634 565.965,74.965 C567.633,73.296 568.659,71.625 569.425,69.651 C570.167,67.743 570.674,65.562 570.82,62.369 C570.966,59.17 571,58.147 571,50 C571,41.851 570.966,40.831 570.82,37.631\"><\/path><\/g><\/g><\/g><\/svg><\/div><div style=\"padding-top: 8px;\"> <div style=\" color:#3897f0; font-family:Arial,sans-serif; font-size:14px; font-style:normal; font-weight:550; line-height:18px;\">Ver essa foto no Instagram<\/div><\/div><div style=\"padding: 12.5% 0;\"><\/div> <div style=\"display: flex; flex-direction: row; margin-bottom: 14px; align-items: center;\"><div> <div style=\"background-color: #F4F4F4; border-radius: 50%; height: 12.5px; width: 12.5px; transform: translateX(0px) translateY(7px);\"><\/div> <div style=\"background-color: #F4F4F4; height: 12.5px; transform: rotate(-45deg) translateX(3px) translateY(1px); width: 12.5px; flex-grow: 0; margin-right: 14px; margin-left: 2px;\"><\/div> <div style=\"background-color: #F4F4F4; border-radius: 50%; height: 12.5px; width: 12.5px; transform: translateX(9px) translateY(-18px);\"><\/div><\/div><div style=\"margin-left: 8px;\"> <div style=\" background-color: #F4F4F4; border-radius: 50%; flex-grow: 0; height: 20px; width: 20px;\"><\/div> <div style=\" width: 0; height: 0; border-top: 2px solid transparent; border-left: 6px solid #f4f4f4; border-bottom: 2px solid transparent; transform: translateX(16px) translateY(-4px) rotate(30deg)\"><\/div><\/div><div style=\"margin-left: auto;\"> <div style=\" width: 0px; border-top: 8px solid #F4F4F4; border-right: 8px solid transparent; transform: translateY(16px);\"><\/div> <div style=\" background-color: #F4F4F4; flex-grow: 0; height: 12px; width: 16px; transform: translateY(-4px);\"><\/div> <div style=\" width: 0; height: 0; border-top: 8px solid #F4F4F4; border-left: 8px solid transparent; transform: translateY(-4px) translateX(8px);\"><\/div><\/div><\/div> <div style=\"display: flex; flex-direction: column; flex-grow: 1; justify-content: center; margin-bottom: 24px;\"> <div style=\" background-color: #F4F4F4; border-radius: 4px; flex-grow: 0; height: 14px; margin-bottom: 6px; width: 224px;\"><\/div> <div style=\" background-color: #F4F4F4; border-radius: 4px; flex-grow: 0; height: 14px; width: 144px;\"><\/div><\/div><\/a><p style=\" color:#c9c8cd; font-family:Arial,sans-serif; font-size:14px; line-height:17px; margin-bottom:0; margin-top:8px; overflow:hidden; padding:8px 0 7px; text-align:center; text-overflow:ellipsis; white-space:nowrap;\"><a href=\"https:\/\/www.instagram.com\/reel\/C-kMEihsaoY\/?utm_source=ig_embed&amp;utm_campaign=loading\" style=\" color:#c9c8cd; font-family:Arial,sans-serif; font-size:14px; font-style:normal; font-weight:normal; line-height:17px; text-decoration:none;\" target=\"_blank\" rel=\"noopener\">Uma publica\u00e7\u00e3o compartilhada por Professor PH | Forma\u00e7\u00e3o de Professores (@digiprofe)<\/a><\/p><\/div><\/blockquote>\n<script async src=\"\/\/www.instagram.com\/embed.js\"><\/script>\n\n\n\n<p><strong>An\u00e1lise do cen\u00e1rio escolar<\/strong><\/p>\n\n\n\n<p>Raabe aponta diferen\u00e7as na forma de ensinar computa\u00e7\u00e3o de acordo com as idades. No caso da Educa\u00e7\u00e3o Infantil, avalia como algo n\u00e3o t\u00e3o complexo, sendo necess\u00e1rios apenas alguns ajustes.&nbsp;<\/p>\n\n\n\n<p>Por\u00e9m, nos anos iniciais do Ensino Fundamental, a principal aposta \u00e9 a computa\u00e7\u00e3o desplugada, ou seja, atividades l\u00fadicas de computa\u00e7\u00e3o \u2013 sem utilizar o computador, mas objetos como papel, brincadeiras com rob\u00f4s, criptografia, entre outras atividades. \u201cNas minhas experi\u00eancias com a forma\u00e7\u00e3o de professores do Fundamental, essas pr\u00e1ticas t\u00eam sido muito bem aceitas, os professores enxergam contribui\u00e7\u00f5es, inclusive para outras \u00e1reas como a matem\u00e1tica e as linguagens\u201d, comenta.&nbsp;<\/p>\n\n\n\n<p>J\u00e1 nos anos finais do Ensino Fundamental, o conte\u00fado \u00e9 mais t\u00e9cnico, com uma programa\u00e7\u00e3o um pouco mais avan\u00e7ada e a necessidade de usar o computador, de criar programas, de testar hip\u00f3teses e usar simula\u00e7\u00f5es. Por fim, no Ensino M\u00e9dio, pode haver mais rela\u00e7\u00f5es com o ensino t\u00e9cnico e com o mundo das profiss\u00f5es.&nbsp;<\/p>\n\n\n\n<p>J\u00e1 Silva acredita que, primeiramente, \u00e9 necess\u00e1rio compreender a realidade em rela\u00e7\u00e3o \u00e0 computa\u00e7\u00e3o e \u00e0s tecnologias digitais e a gera\u00e7\u00e3o atual dos estudantes. \u201cExiste uma cren\u00e7a de que os alunos, por serem nativos digitais, j\u00e1 dominam tudo sobre tecnologia, mas a realidade n\u00e3o \u00e9 completamente assim. N\u00e3o significa que nascem sabendo\u201d, pondera.&nbsp;<\/p>\n\n\n\n<p>Ele comenta que \u00e9 curioso observar as facilidades e as dificuldades com a tecnologia. \u201cAs crian\u00e7as conseguem baixar aplicativos, gravar v\u00eddeos e editar fotos com muita facilidade. Por outro lado, fun\u00e7\u00f5es como formatar documentos, anexar arquivos em e-mails, mandar e-mails, salvar PDF etc. n\u00e3o s\u00e3o t\u00e3o f\u00e1ceis para elas, especialmente porque n\u00e3o precisam dessas tarefas com tanta frequ\u00eancia\u201d, analisa.&nbsp;&nbsp;&nbsp;<\/p>\n\n\n\n<p>Educar para as tecnologias digitais vai al\u00e9m de ensinar a utilizar recursos computacionais. Segundo ele, na era de informa\u00e7\u00f5es r\u00e1pidas e da alta exposi\u00e7\u00e3o em redes sociais, \u00e9 fun\u00e7\u00e3o dos professores orientar sobre pr\u00e1ticas corretas e \u00e9ticas com as tecnologias. \u201c\u00c9 preciso conscientizar nossos alunos sobre cuidados necess\u00e1rios ao utilizar recursos, como saber filtrar informa\u00e7\u00f5es para evitar fake news, ter cuidado sobre informa\u00e7\u00f5es pessoais e fotos postadas em redes sociais, cuidar com quem nos comunicamos etc\u201d, diz.<\/p>\n\n\n\n<p>E, para os educadores que n\u00e3o se sentem confort\u00e1veis de aprenderem sozinhos, existem v\u00e1rios cursos online que s\u00e3o gratuitos, al\u00e9m de diversos outros cursos de professores particulares, cujo nicho \u00e9 a Educa\u00e7\u00e3o Tecnol\u00f3gica.<\/p>\n\n\n\n<p><strong>Suporte para a forma\u00e7\u00e3o&nbsp;<\/strong><\/p>\n\n\n\n<p>Para que tudo isso seja poss\u00edvel, Silva destaca que as escolas devem dar oportunidades para que o corpo docente aprenda e se atualize de forma recorrente. Ele recorda um epis\u00f3dio, de quando foi professor em uma escola particular em Porto Alegre. Na ocasi\u00e3o, foi oferecida forma\u00e7\u00e3o constante para os docentes, n\u00e3o s\u00f3 a respeito de tecnologias, mas de metodologias e pr\u00e1ticas did\u00e1ticas e inovadoras. \u201cAlgumas vezes, eram convidados professores de fora para ensinar algum recurso ou ferramenta. Outras vezes contratavam um curso para que os professores pudessem frequentar por um determinado tempo\u201d, conta.<\/p>\n\n\n\n<p>Ap\u00f3s os encontros, era feito um mapeamento dos professores que entendiam os recursos tecnol\u00f3gicos, sendo solicitado aos mesmos lecionarem workshops ou cursos para seus colegas. \u201cNessas oficinas, os educadores tinham a oportunidade de ter contato com os recursos, discutiam e trocavam experi\u00eancias sobre como utiliz\u00e1-los de maneira a otimizar os processos de ensino e aprendizagem dos seus alunos\u201d, explica.&nbsp;&nbsp;<\/p>\n\n\n\n<p>Para Raabe, as redes privadas precisam desenhar essa mudan\u00e7a curricular. Conforme ressalta, a BNCC Computa\u00e7\u00e3o n\u00e3o possui um curr\u00edculo pronto para ser implantado na escola, ou seja, \u00e9 necess\u00e1rio adaptar \u00e0 realidade de cada rede escolar, tanto de materiais, quanto \u00e0s presen\u00e7as de laborat\u00f3rios e recursos humanos, bem como quest\u00f5es pedag\u00f3gicas. \u201cSe a escola tem perfil disciplinar, se \u00e9 uma escola baseada em projetos e assim por diante\u201d, refere.&nbsp;<\/p>\n\n\n\n<p>Um caminho sugerido \u00e9 buscar parcerias e consultorias de pessoas que entendam do tema para ajudar a fazer uma proposta que seja vi\u00e1vel e gradativa. \u201cA norma de computa\u00e7\u00e3o \u00e9 bastante exigente, \u00e9 dif\u00edcil implement\u00e1-la toda de uma vez\u201d, enfatiza.\u00a0<\/p>\n","protected":false},"excerpt":{"rendered":"<p>Documento prop\u00f5e \u00e0s escolas a oferta da computa\u00e7\u00e3o como componente curricular<\/p>\n","protected":false},"author":3,"featured_media":5096,"comment_status":"closed","ping_status":"closed","sticky":false,"template":"","format":"standard","meta":{"footnotes":""},"categories":[8],"tags":[583,720,76,43,78],"class_list":["post-5095","post","type-post","status-publish","format-standard","has-post-thumbnail","hentry","category-tendencias","tag-bncc","tag-bncc-da-computacao","tag-professores","tag-sinepe-rs-2","tag-tecnologia"],"acf":[],"yoast_head":"<!-- This site is optimized with the Yoast SEO plugin v24.6 - https:\/\/yoast.com\/wordpress\/plugins\/seo\/ -->\n<title>Tecnologia e doc\u00eancia precisam atender \u00e0 BNCC da Computa\u00e7\u00e3o<\/title>\n<meta name=\"description\" content=\"Documento prop\u00f5e \u00e0s escolas a oferta da computa\u00e7\u00e3o como componente curricular\" \/>\n<meta name=\"robots\" content=\"index, follow, max-snippet:-1, max-image-preview:large, max-video-preview:-1\" \/>\n<link rel=\"canonical\" href=\"https:\/\/sinepe-rs.org.br\/educacaoempauta\/tendencias\/tecnologia-e-docencia-precisam-dialogar-para-atender-a-bncc-da-computacao\/\" \/>\n<meta property=\"og:locale\" content=\"pt_BR\" \/>\n<meta property=\"og:type\" content=\"article\" \/>\n<meta property=\"og:title\" content=\"Tecnologia e doc\u00eancia precisam atender \u00e0 BNCC da Computa\u00e7\u00e3o\" \/>\n<meta property=\"og:description\" content=\"Documento prop\u00f5e \u00e0s escolas a oferta da computa\u00e7\u00e3o como componente curricular\" \/>\n<meta property=\"og:url\" content=\"https:\/\/sinepe-rs.org.br\/educacaoempauta\/tendencias\/tecnologia-e-docencia-precisam-dialogar-para-atender-a-bncc-da-computacao\/\" \/>\n<meta property=\"og:site_name\" content=\"Educa\u00e7\u00e3o em Pauta: Portal de reportagens de Educa\u00e7\u00e3o\" \/>\n<meta property=\"article:published_time\" content=\"2024-10-10T10:00:00+00:00\" \/>\n<meta property=\"article:modified_time\" content=\"2024-10-16T19:09:19+00:00\" \/>\n<meta property=\"og:image\" content=\"https:\/\/sinepe-rs.org.br\/educacaoempauta\/wp-content\/uploads\/2024\/10\/411_SinepeRS_Educacao_Em_Pauta_BNCC_Computacao.jpg\" \/>\n\t<meta property=\"og:image:width\" content=\"1366\" \/>\n\t<meta property=\"og:image:height\" content=\"450\" \/>\n\t<meta property=\"og:image:type\" content=\"image\/jpeg\" \/>\n<meta name=\"author\" content=\"Alexandra Zanela\" \/>\n<meta name=\"twitter:card\" content=\"summary_large_image\" \/>\n<meta name=\"twitter:label1\" content=\"Escrito por\" \/>\n\t<meta name=\"twitter:data1\" content=\"Alexandra Zanela\" \/>\n\t<meta name=\"twitter:label2\" content=\"Est. tempo de leitura\" \/>\n\t<meta name=\"twitter:data2\" content=\"9 minutos\" \/>\n<script type=\"application\/ld+json\" class=\"yoast-schema-graph\">{\"@context\":\"https:\/\/schema.org\",\"@graph\":[{\"@type\":\"WebPage\",\"@id\":\"https:\/\/sinepe-rs.org.br\/educacaoempauta\/tendencias\/tecnologia-e-docencia-precisam-dialogar-para-atender-a-bncc-da-computacao\/\",\"url\":\"https:\/\/sinepe-rs.org.br\/educacaoempauta\/tendencias\/tecnologia-e-docencia-precisam-dialogar-para-atender-a-bncc-da-computacao\/\",\"name\":\"Tecnologia e doc\u00eancia precisam atender \u00e0 BNCC da Computa\u00e7\u00e3o\",\"isPartOf\":{\"@id\":\"https:\/\/sinepe-rs.org.br\/educacaoempauta\/#website\"},\"primaryImageOfPage\":{\"@id\":\"https:\/\/sinepe-rs.org.br\/educacaoempauta\/tendencias\/tecnologia-e-docencia-precisam-dialogar-para-atender-a-bncc-da-computacao\/#primaryimage\"},\"image\":{\"@id\":\"https:\/\/sinepe-rs.org.br\/educacaoempauta\/tendencias\/tecnologia-e-docencia-precisam-dialogar-para-atender-a-bncc-da-computacao\/#primaryimage\"},\"thumbnailUrl\":\"https:\/\/sinepe-rs.org.br\/educacaoempauta\/wp-content\/uploads\/2024\/10\/411_SinepeRS_Educacao_Em_Pauta_BNCC_Computacao.jpg\",\"datePublished\":\"2024-10-10T10:00:00+00:00\",\"dateModified\":\"2024-10-16T19:09:19+00:00\",\"author\":{\"@id\":\"https:\/\/sinepe-rs.org.br\/educacaoempauta\/#\/schema\/person\/c542073558983d5792101d1b5240d841\"},\"description\":\"Documento prop\u00f5e \u00e0s escolas a oferta da computa\u00e7\u00e3o como componente curricular\",\"breadcrumb\":{\"@id\":\"https:\/\/sinepe-rs.org.br\/educacaoempauta\/tendencias\/tecnologia-e-docencia-precisam-dialogar-para-atender-a-bncc-da-computacao\/#breadcrumb\"},\"inLanguage\":\"pt-BR\",\"potentialAction\":[{\"@type\":\"ReadAction\",\"target\":[\"https:\/\/sinepe-rs.org.br\/educacaoempauta\/tendencias\/tecnologia-e-docencia-precisam-dialogar-para-atender-a-bncc-da-computacao\/\"]}]},{\"@type\":\"ImageObject\",\"inLanguage\":\"pt-BR\",\"@id\":\"https:\/\/sinepe-rs.org.br\/educacaoempauta\/tendencias\/tecnologia-e-docencia-precisam-dialogar-para-atender-a-bncc-da-computacao\/#primaryimage\",\"url\":\"https:\/\/sinepe-rs.org.br\/educacaoempauta\/wp-content\/uploads\/2024\/10\/411_SinepeRS_Educacao_Em_Pauta_BNCC_Computacao.jpg\",\"contentUrl\":\"https:\/\/sinepe-rs.org.br\/educacaoempauta\/wp-content\/uploads\/2024\/10\/411_SinepeRS_Educacao_Em_Pauta_BNCC_Computacao.jpg\",\"width\":1366,\"height\":450,\"caption\":\"Tecnologia e doc\u00eancia precisam dialogar para atender \u00e0 BNCC da Computa\u00e7\u00e3o\"},{\"@type\":\"BreadcrumbList\",\"@id\":\"https:\/\/sinepe-rs.org.br\/educacaoempauta\/tendencias\/tecnologia-e-docencia-precisam-dialogar-para-atender-a-bncc-da-computacao\/#breadcrumb\",\"itemListElement\":[{\"@type\":\"ListItem\",\"position\":1,\"name\":\"Home\",\"item\":\"https:\/\/sinepe-rs.org.br\/educacaoempauta\/\"},{\"@type\":\"ListItem\",\"position\":2,\"name\":\"Tecnologia e doc\u00eancia precisam dialogar para atender \u00e0 BNCC da Computa\u00e7\u00e3o\"}]},{\"@type\":\"WebSite\",\"@id\":\"https:\/\/sinepe-rs.org.br\/educacaoempauta\/#website\",\"url\":\"https:\/\/sinepe-rs.org.br\/educacaoempauta\/\",\"name\":\"Educa\u00e7\u00e3o em Pauta: Portal de reportagens de Educa\u00e7\u00e3o\",\"description\":\"Sinepe-RS\",\"potentialAction\":[{\"@type\":\"SearchAction\",\"target\":{\"@type\":\"EntryPoint\",\"urlTemplate\":\"https:\/\/sinepe-rs.org.br\/educacaoempauta\/?s={search_term_string}\"},\"query-input\":{\"@type\":\"PropertyValueSpecification\",\"valueRequired\":true,\"valueName\":\"search_term_string\"}}],\"inLanguage\":\"pt-BR\"},{\"@type\":\"Person\",\"@id\":\"https:\/\/sinepe-rs.org.br\/educacaoempauta\/#\/schema\/person\/c542073558983d5792101d1b5240d841\",\"name\":\"Alexandra Zanela\",\"image\":{\"@type\":\"ImageObject\",\"inLanguage\":\"pt-BR\",\"@id\":\"https:\/\/sinepe-rs.org.br\/educacaoempauta\/#\/schema\/person\/image\/\",\"url\":\"https:\/\/secure.gravatar.com\/avatar\/aab8da397152551fad5132b4b20cb891945e7bc931de8d0d72495261a983a371?s=96&d=mm&r=g\",\"contentUrl\":\"https:\/\/secure.gravatar.com\/avatar\/aab8da397152551fad5132b4b20cb891945e7bc931de8d0d72495261a983a371?s=96&d=mm&r=g\",\"caption\":\"Alexandra Zanela\"},\"url\":\"https:\/\/sinepe-rs.org.br\/educacaoempauta\/author\/alexandra\/\"}]}<\/script>\n<!-- \/ Yoast SEO plugin. -->","yoast_head_json":{"title":"Tecnologia e doc\u00eancia precisam atender \u00e0 BNCC da Computa\u00e7\u00e3o","description":"Documento prop\u00f5e \u00e0s escolas a oferta da computa\u00e7\u00e3o como componente curricular","robots":{"index":"index","follow":"follow","max-snippet":"max-snippet:-1","max-image-preview":"max-image-preview:large","max-video-preview":"max-video-preview:-1"},"canonical":"https:\/\/sinepe-rs.org.br\/educacaoempauta\/tendencias\/tecnologia-e-docencia-precisam-dialogar-para-atender-a-bncc-da-computacao\/","og_locale":"pt_BR","og_type":"article","og_title":"Tecnologia e doc\u00eancia precisam atender \u00e0 BNCC da Computa\u00e7\u00e3o","og_description":"Documento prop\u00f5e \u00e0s escolas a oferta da computa\u00e7\u00e3o como componente curricular","og_url":"https:\/\/sinepe-rs.org.br\/educacaoempauta\/tendencias\/tecnologia-e-docencia-precisam-dialogar-para-atender-a-bncc-da-computacao\/","og_site_name":"Educa\u00e7\u00e3o em Pauta: Portal de reportagens de Educa\u00e7\u00e3o","article_published_time":"2024-10-10T10:00:00+00:00","article_modified_time":"2024-10-16T19:09:19+00:00","og_image":[{"width":1366,"height":450,"url":"https:\/\/sinepe-rs.org.br\/educacaoempauta\/wp-content\/uploads\/2024\/10\/411_SinepeRS_Educacao_Em_Pauta_BNCC_Computacao.jpg","type":"image\/jpeg"}],"author":"Alexandra Zanela","twitter_card":"summary_large_image","twitter_misc":{"Escrito por":"Alexandra Zanela","Est. tempo de leitura":"9 minutos"},"schema":{"@context":"https:\/\/schema.org","@graph":[{"@type":"WebPage","@id":"https:\/\/sinepe-rs.org.br\/educacaoempauta\/tendencias\/tecnologia-e-docencia-precisam-dialogar-para-atender-a-bncc-da-computacao\/","url":"https:\/\/sinepe-rs.org.br\/educacaoempauta\/tendencias\/tecnologia-e-docencia-precisam-dialogar-para-atender-a-bncc-da-computacao\/","name":"Tecnologia e doc\u00eancia precisam atender \u00e0 BNCC da Computa\u00e7\u00e3o","isPartOf":{"@id":"https:\/\/sinepe-rs.org.br\/educacaoempauta\/#website"},"primaryImageOfPage":{"@id":"https:\/\/sinepe-rs.org.br\/educacaoempauta\/tendencias\/tecnologia-e-docencia-precisam-dialogar-para-atender-a-bncc-da-computacao\/#primaryimage"},"image":{"@id":"https:\/\/sinepe-rs.org.br\/educacaoempauta\/tendencias\/tecnologia-e-docencia-precisam-dialogar-para-atender-a-bncc-da-computacao\/#primaryimage"},"thumbnailUrl":"https:\/\/sinepe-rs.org.br\/educacaoempauta\/wp-content\/uploads\/2024\/10\/411_SinepeRS_Educacao_Em_Pauta_BNCC_Computacao.jpg","datePublished":"2024-10-10T10:00:00+00:00","dateModified":"2024-10-16T19:09:19+00:00","author":{"@id":"https:\/\/sinepe-rs.org.br\/educacaoempauta\/#\/schema\/person\/c542073558983d5792101d1b5240d841"},"description":"Documento prop\u00f5e \u00e0s escolas a oferta da computa\u00e7\u00e3o como componente curricular","breadcrumb":{"@id":"https:\/\/sinepe-rs.org.br\/educacaoempauta\/tendencias\/tecnologia-e-docencia-precisam-dialogar-para-atender-a-bncc-da-computacao\/#breadcrumb"},"inLanguage":"pt-BR","potentialAction":[{"@type":"ReadAction","target":["https:\/\/sinepe-rs.org.br\/educacaoempauta\/tendencias\/tecnologia-e-docencia-precisam-dialogar-para-atender-a-bncc-da-computacao\/"]}]},{"@type":"ImageObject","inLanguage":"pt-BR","@id":"https:\/\/sinepe-rs.org.br\/educacaoempauta\/tendencias\/tecnologia-e-docencia-precisam-dialogar-para-atender-a-bncc-da-computacao\/#primaryimage","url":"https:\/\/sinepe-rs.org.br\/educacaoempauta\/wp-content\/uploads\/2024\/10\/411_SinepeRS_Educacao_Em_Pauta_BNCC_Computacao.jpg","contentUrl":"https:\/\/sinepe-rs.org.br\/educacaoempauta\/wp-content\/uploads\/2024\/10\/411_SinepeRS_Educacao_Em_Pauta_BNCC_Computacao.jpg","width":1366,"height":450,"caption":"Tecnologia e doc\u00eancia precisam dialogar para atender \u00e0 BNCC da Computa\u00e7\u00e3o"},{"@type":"BreadcrumbList","@id":"https:\/\/sinepe-rs.org.br\/educacaoempauta\/tendencias\/tecnologia-e-docencia-precisam-dialogar-para-atender-a-bncc-da-computacao\/#breadcrumb","itemListElement":[{"@type":"ListItem","position":1,"name":"Home","item":"https:\/\/sinepe-rs.org.br\/educacaoempauta\/"},{"@type":"ListItem","position":2,"name":"Tecnologia e doc\u00eancia precisam dialogar para atender \u00e0 BNCC da Computa\u00e7\u00e3o"}]},{"@type":"WebSite","@id":"https:\/\/sinepe-rs.org.br\/educacaoempauta\/#website","url":"https:\/\/sinepe-rs.org.br\/educacaoempauta\/","name":"Educa\u00e7\u00e3o em Pauta: Portal de reportagens de Educa\u00e7\u00e3o","description":"Sinepe-RS","potentialAction":[{"@type":"SearchAction","target":{"@type":"EntryPoint","urlTemplate":"https:\/\/sinepe-rs.org.br\/educacaoempauta\/?s={search_term_string}"},"query-input":{"@type":"PropertyValueSpecification","valueRequired":true,"valueName":"search_term_string"}}],"inLanguage":"pt-BR"},{"@type":"Person","@id":"https:\/\/sinepe-rs.org.br\/educacaoempauta\/#\/schema\/person\/c542073558983d5792101d1b5240d841","name":"Alexandra Zanela","image":{"@type":"ImageObject","inLanguage":"pt-BR","@id":"https:\/\/sinepe-rs.org.br\/educacaoempauta\/#\/schema\/person\/image\/","url":"https:\/\/secure.gravatar.com\/avatar\/aab8da397152551fad5132b4b20cb891945e7bc931de8d0d72495261a983a371?s=96&d=mm&r=g","contentUrl":"https:\/\/secure.gravatar.com\/avatar\/aab8da397152551fad5132b4b20cb891945e7bc931de8d0d72495261a983a371?s=96&d=mm&r=g","caption":"Alexandra Zanela"},"url":"https:\/\/sinepe-rs.org.br\/educacaoempauta\/author\/alexandra\/"}]}},"_links":{"self":[{"href":"https:\/\/sinepe-rs.org.br\/educacaoempauta\/wp-json\/wp\/v2\/posts\/5095","targetHints":{"allow":["GET"]}}],"collection":[{"href":"https:\/\/sinepe-rs.org.br\/educacaoempauta\/wp-json\/wp\/v2\/posts"}],"about":[{"href":"https:\/\/sinepe-rs.org.br\/educacaoempauta\/wp-json\/wp\/v2\/types\/post"}],"author":[{"embeddable":true,"href":"https:\/\/sinepe-rs.org.br\/educacaoempauta\/wp-json\/wp\/v2\/users\/3"}],"replies":[{"embeddable":true,"href":"https:\/\/sinepe-rs.org.br\/educacaoempauta\/wp-json\/wp\/v2\/comments?post=5095"}],"version-history":[{"count":4,"href":"https:\/\/sinepe-rs.org.br\/educacaoempauta\/wp-json\/wp\/v2\/posts\/5095\/revisions"}],"predecessor-version":[{"id":5113,"href":"https:\/\/sinepe-rs.org.br\/educacaoempauta\/wp-json\/wp\/v2\/posts\/5095\/revisions\/5113"}],"wp:featuredmedia":[{"embeddable":true,"href":"https:\/\/sinepe-rs.org.br\/educacaoempauta\/wp-json\/wp\/v2\/media\/5096"}],"wp:attachment":[{"href":"https:\/\/sinepe-rs.org.br\/educacaoempauta\/wp-json\/wp\/v2\/media?parent=5095"}],"wp:term":[{"taxonomy":"category","embeddable":true,"href":"https:\/\/sinepe-rs.org.br\/educacaoempauta\/wp-json\/wp\/v2\/categories?post=5095"},{"taxonomy":"post_tag","embeddable":true,"href":"https:\/\/sinepe-rs.org.br\/educacaoempauta\/wp-json\/wp\/v2\/tags?post=5095"}],"curies":[{"name":"wp","href":"https:\/\/api.w.org\/{rel}","templated":true}]}}