{"id":5328,"date":"2025-01-16T07:00:00","date_gmt":"2025-01-16T10:00:00","guid":{"rendered":"https:\/\/sinepe-rs.org.br\/educacaoempauta\/?p=5328"},"modified":"2025-02-18T10:12:55","modified_gmt":"2025-02-18T13:12:55","slug":"os-avancos-e-as-potencialidades-do-ensino-hibrido-para-2025","status":"publish","type":"post","link":"https:\/\/sinepe-rs.org.br\/educacaoempauta\/tendencias\/os-avancos-e-as-potencialidades-do-ensino-hibrido-para-2025\/","title":{"rendered":"Os avan\u00e7os e as potencialidades do ensino h\u00edbrido para 2025"},"content":{"rendered":"\n<p>A velocidade das informa\u00e7\u00f5es e o avan\u00e7o das tecnologias t\u00eam mudado a din\u00e2mica das rela\u00e7\u00f5es na sociedade contempor\u00e2nea. O impacto dessa revolu\u00e7\u00e3o tecnol\u00f3gica incide tamb\u00e9m nos formatos com que aprendemos e assimilamos as informa\u00e7\u00f5es. Sob essa perspectiva, o ensino h\u00edbrido tem se apresentado como uma das tend\u00eancias de ensino-aprendizagem para 2025.<\/p>\n\n\n\n<p><mark style=\"background-color:#ff6900\" class=\"has-inline-color has-white-color\">Com a possibilidade de propor um equil\u00edbrio entre as intera\u00e7\u00f5es presenciais e o aprendizado remoto, a modalidade prev\u00ea uma educa\u00e7\u00e3o mais acess\u00edvel, ampla e adapt\u00e1vel, fatores que podem ser decisivos e essenciais para alguns cen\u00e1rios educacionais.<\/mark> A experi\u00eancia imersiva e a viabilidade de personalizar o conte\u00fado, considerando o ritmo de aprendizagem de cada aluno, surgem como pilares principais que trazem o ensino h\u00edbrido para o centro das discuss\u00f5es.<\/p>\n\n\n\n<p><strong><mark style=\"background-color:#fcb900\" class=\"has-inline-color\">Leia tamb\u00e9m:<br><\/mark><\/strong><a href=\"https:\/\/sinepe-rs.org.br\/educacaoempauta\/gestao\/os-desafios-e-as-metas-da-gestao-educacional-para-2025\/\" target=\"_blank\" rel=\"noreferrer noopener\"><mark style=\"background-color:#fcb900\" class=\"has-inline-color\"><strong>>> Os desafios e as metas da gest\u00e3o educacional para 2025<br><\/strong><\/mark><\/a><a href=\"https:\/\/sinepe-rs.org.br\/educacaoempauta\/tendencias\/como-a-inteligencia-artificial-ia-vai-mudar-o-trabalho-do-professor\/\" target=\"_blank\" rel=\"noreferrer noopener\"><mark style=\"background-color:#fcb900\" class=\"has-inline-color\"><strong>>> Como a Intelig\u00eancia Artificial (IA) vai mudar o trabalho do professor<br><\/strong><\/mark><\/a><a href=\"https:\/\/sinepe-rs.org.br\/educacaoempauta\/gestao\/as-licoes-do-ensino-privado-gaucho-em-2024\/\" target=\"_blank\" rel=\"noreferrer noopener\"><mark style=\"background-color:#fcb900\" class=\"has-inline-color\"><strong>>> As li\u00e7\u00f5es do ensino privado ga\u00facho em 2024<br><\/strong><\/mark><\/a><a href=\"https:\/\/sinepe-rs.org.br\/educacaoempauta\/tendencias\/o-ensino-hibrido-se-consolida-e-como-fica-o-professor\/\" target=\"_blank\" rel=\"noreferrer noopener\"><mark style=\"background-color:#fcb900\" class=\"has-inline-color\"><strong>>> O ensino h\u00edbrido se consolida; e como fica o professor?<\/strong><\/mark><\/a><\/p>\n\n\n\n<p>Os aspectos positivos das modalidades h\u00edbridas e remotas provocaram uma movimenta\u00e7\u00e3o no mercado das gest\u00f5es educacionais, especialmente diante das crises sanit\u00e1rias e clim\u00e1ticas dos \u00faltimos anos. Como alternativa para dar continuidade aos conte\u00fados ministrados, escolas e institui\u00e7\u00f5es passaram a considerar a modalidade n\u00e3o apenas como um recurso emergencial, mas como uma poderosa ferramenta de aprendizado individualizado.<\/p>\n\n\n\n<p><strong>E o que dizem os especialistas?<\/strong><strong><br><\/strong><strong><br><\/strong>Certificado pelo <em>Google for Education<\/em>, o especialista e doutor em Educa\u00e7\u00e3o Paulo Tomazinho explica que \u00e9 necess\u00e1rio diferenciar conceitos similares e compreender claramente o que \u00e9 o ensino h\u00edbrido. Ele ressalta que a tradu\u00e7\u00e3o do termo em ingl\u00eas pode causar confus\u00e3o. \u201cO termo, muitas vezes mal traduzido do conceito original <em>Blended Learning<\/em> como \u2018ensino h\u00edbrido\u2019, deveria ser melhor representado como \u2018aprendizagem combinada\u2019. Essa abordagem vai muito al\u00e9m da combina\u00e7\u00e3o entre presencial e online, englobando combina\u00e7\u00f5es como digital com anal\u00f3gico, individual com colaborativo, conte\u00fado com experi\u00eancias pr\u00e1ticas e avalia\u00e7\u00f5es formativas com somativas. Quando bem compreendida, a aprendizagem combinada permite flexibilidade e personaliza\u00e7\u00e3o, unindo a intera\u00e7\u00e3o presencial com recursos digitais\u201d, destaca Paulo.<\/p>\n\n\n\n<p>Al\u00e9m de definir claramente o conceito, Paulo defende a <mark style=\"background-color:#ff6900\" class=\"has-inline-color has-white-color\">capacita\u00e7\u00e3o efetiva do corpo docente, considerando que os professores precisam estar aptos e habituados \u00e0 nova metodologia.<\/mark> \u201c\u00c9 essencial investir na <a href=\"https:\/\/sinepe-rs.org.br\/educacaoempauta\/?s=forma%C3%A7%C3%A3o+continuada\" target=\"_blank\" rel=\"noreferrer noopener\">forma\u00e7\u00e3o continuada<\/a> dos professores, capacitando-os para integrar ferramentas digitais, gest\u00e3o de sala de aula e metodologias ativas de forma eficaz. O professor s\u00f3 utiliza aquilo em que tem clareza, seguran\u00e7a e conforto\u201d, afirma.<\/p>\n\n\n\n<p>Ao falar sobre os caminhos para implementar a metodologia, <mark style=\"background-color:#ff6900\" class=\"has-inline-color has-white-color\">o especialista sugere que as institui\u00e7\u00f5es invistam em projetos-piloto, analisem os resultados e os compartilhem com a comunidade acad\u00eamica. <\/mark>\u201cMinha recomenda\u00e7\u00e3o \u00e9 come\u00e7ar com disciplinas isoladas ou projetos interdisciplinares de curta dura\u00e7\u00e3o. Isso permite testar a metodologia, aprender no processo e realizar ajustes necess\u00e1rios de forma gradual. Essa abordagem progressiva d\u00e1 seguran\u00e7a aos professores, permitindo que desenvolvam confian\u00e7a no uso de novas pr\u00e1ticas. Ao mesmo tempo, os resultados desses experimentos podem ser compartilhados com as fam\u00edlias, demonstrando que a metodologia complementa, e n\u00e3o substitui, o ensino tradicional, trazendo benef\u00edcios reais\u201d, conclui.<\/p>\n\n\n\n<p><strong>Como o modelo tem funcionado para quem j\u00e1 implantou a metodologia?<\/strong><\/p>\n\n\n\n<p>A necessidade de adapta\u00e7\u00e3o dos processos frente aos desafios impostos pela pandemia de Covid-19 exigiram que as institui\u00e7\u00f5es desenvolvessem mais afinidade com os ambientes virtuais. De acordo com a coordenadora do curso de Especializa\u00e7\u00e3o em Gest\u00e3o Escolar do <a href=\"https:\/\/www.institutoivoti.com.br\/\" target=\"_blank\" rel=\"noreferrer noopener\">Instituto Ivoti<\/a>, Doris Helena Schaun Gerber, <mark style=\"background-color:#ff6900\" class=\"has-inline-color has-white-color\">o aprendizado do per\u00edodo pand\u00eamico foi essencial para iniciar os trabalhos de implementa\u00e7\u00e3o das atividades remotas.<\/mark><\/p>\n\n\n\n<p>\u201cEm 2020, n\u00f3s ingressamos na oferta online na gradua\u00e7\u00e3o e esse aprendizado foi essencial para incluir o ambiente virtual nos cursos de especializa\u00e7\u00e3o. Ap\u00f3s a defini\u00e7\u00e3o da estrutura curricular geral de cada curso, avaliou-se quais eram os componentes curriculares que obrigatoriamente deveriam ser presenciais e quais seriam realizados de forma remota, sempre considerando o m\u00e1ximo de 40% de aulas online permitidos pela legisla\u00e7\u00e3o\u201d, explica a gestora.<\/p>\n\n\n\n<p>Para al\u00e9m da flexibilidade no acesso proporcionada aos alunos, D\u00f3ris destaca os benef\u00edcios que j\u00e1 podem ser observados a partir da implementa\u00e7\u00e3o do modelo h\u00edbrido. \u201cComo principais ganhos desse modelo de aprendizagem \u00e9 poss\u00edvel apontar a redu\u00e7\u00e3o de despesas de deslocamento para os estudantes, j\u00e1 que 40% da carga hor\u00e1ria de cada curso \u00e9 remota, e a amplia\u00e7\u00e3o do quadro docente dos cursos que, neste modelo, permite a presen\u00e7a online de professores de diferentes regi\u00f5es do pa\u00eds\u201d, conclui.<\/p>\n\n\n\n<p>No mesmo sentido de <mark style=\"background-color:#ff6900\" class=\"has-inline-color has-white-color\">aprendizagem multiplataforma, h\u00edbrida e transversal<\/mark>, a <a href=\"https:\/\/www.unisinos.br\/\" target=\"_blank\" rel=\"noreferrer noopener\">Universidade do Vale do Rio dos Sinos (Unisinos)<\/a> tamb\u00e9m implementou a metodologia. A modalidade de ensino h\u00edbrido para as forma\u00e7\u00f5es de Ensino Superior foi oficialmente ofertada, em um primeiro momento, para o curso de Fisioterapia da institui\u00e7\u00e3o.<\/p>\n\n\n\n<p>A coordenadora do curso, a professora Ana Paula Barcellos Karolczak, explica como foi o processo de implementa\u00e7\u00e3o do formato. Assim como Paulo, Ana destaca que, para al\u00e9m de transformar o presencial em online, \u00e9 preciso entender as caracter\u00edsticas da metodologia de aprendizagem h\u00edbrida. \u201cMontar o projeto pedag\u00f3gico do curso, no formato h\u00edbrido, foi bem desafiador. Dentre os principais desafios \u00e9 poss\u00edvel elencar a necessidade de entender o modelo. Entender que n\u00e3o \u00e9 somente pegar o presencial e transformar em online. \u00c9 preciso aprender a metodologia de ensino do online, entender como funciona a aprendizagem nesse formato e, al\u00e9m disso, definir quais as pr\u00e1ticas ser\u00e3o presenciais\u201d, explica a coordenadora.<\/p>\n\n\n\n<p>Ana destaca, ainda, que, a partir do momento em que o formato foi efetivamente implementado, percebeu-se uma ades\u00e3o e uma receptividade muito positivas por parte dos alunos, especialmente daqueles que trabalham em turno integral e n\u00e3o teriam disponibilidade para estudar de forma 100% presencial. \u201cSem d\u00favida nenhuma, um dos principais ganhos desse formato \u00e9 a flexibilidade para o aluno trabalhador. A maioria dos nossos alunos t\u00eam esse perfil e, considerando que a Fisioterapia \u00e9 um curso longo, com uma carga hor\u00e1ria robusta, o formato presencial acaba por inviabilizar a gradua\u00e7\u00e3o para uma parcela grande de alunos que t\u00eam o sonho de obter essa forma\u00e7\u00e3o. Esse \u00e9 um relato que escutamos diversas vezes dos estudantes, que alegam que, se n\u00e3o fosse nessa modalidade, n\u00e3o seria poss\u00edvel fazer o curso\u201d, conclui Ana.<\/p>\n\n\n\n<p><strong>Alternativa tamb\u00e9m para o Ensino M\u00e9dio<\/strong><\/p>\n\n\n\n<p>A flexibilidade e o dinamismo oferecidos pelo modelo h\u00edbrido tamb\u00e9m foram potencialidades identificadas para trabalhos com alunos do Ensino M\u00e9dio. Com itiner\u00e1rios formativos h\u00edbridos, ainda em 2022, o <a href=\"https:\/\/colegios.redemarista.org.br\/rosario\" target=\"_blank\" rel=\"noreferrer noopener\">Col\u00e9gio Marista Ros\u00e1rio<\/a>, de Porto Alegre, implementou a metodologia para a disciplina de Arte e Design. A professora Fernanda Borges explica que <mark style=\"background-color:#ff6900\" class=\"has-inline-color has-white-color\">o formato adotado possibilita mais autonomia por parte dos estudantes e permite personalizar os conte\u00fados por meio das plataformas digitais.<\/mark> \u201cO itiner\u00e1rio h\u00edbrido de Arte e Design para Interven\u00e7\u00e3o Social considera a criatividade e o protagonismo dos estudantes como norteadores do processo de aprendizagem. No formato h\u00edbrido, as principais\u00a0 vantagens s\u00e3o a autonomia dos estudantes para realizar as atividades, ampliando o protagonismo discente, e a possibilidade de diversificar mais as atividades, contando com maior suporte digital\u201d, destaca a professora da Rede Marista.<\/p>\n\n\n\n<p><strong>Mas o que diz a legisla\u00e7\u00e3o quanto ao formato?<\/strong><\/p>\n\n\n\n<p>As potencialidades do ensino h\u00edbrido tamb\u00e9m levaram o assunto para o \u00e2mbito legal da legisla\u00e7\u00e3o brasileira. <strong>Apesar de ainda aguardar tramita\u00e7\u00e3o final<\/strong>, em julho de 2024, a Comiss\u00e3o de Educa\u00e7\u00e3o da C\u00e2mara de Deputados aprovou o <a href=\"https:\/\/www.camara.leg.br\/noticias\/1080579-comissao-aprova-projeto-que-preve-aulas-presenciais-e-remotas-na-educacao-basica\/\" target=\"_blank\" rel=\"noreferrer noopener\">Projeto de Lei de n\u00ba 2.497\/21<\/a>, de autoria da deputada Lu\u00edsa Canziani (PSD), que prev\u00ea a oferta da metodologia h\u00edbrida na Educa\u00e7\u00e3o B\u00e1sica, em articula\u00e7\u00e3o com a Base Nacional Comum Curricular (BNCC).<\/p>\n\n\n\n<p>Com texto substitutivo aprovado do relator, deputado Ismael dos Santos (PSD-SC), a reda\u00e7\u00e3o do PL destaca que a aprendizagem h\u00edbrida \u00e9 aquela que <mark style=\"background-color:#ff6900\" class=\"has-inline-color has-white-color\">\u201coferece diferentes perspectivas metodol\u00f3gicas com a possibilidade de conex\u00e3o digital e uso transversal das tecnologias dispon\u00edveis para o alcance dos objetivos de aprendizagem, incluindo atividades presenciais e n\u00e3o presenciais\u201d<\/mark>, pontua o texto.<\/p>\n\n\n\n<p>A proposta, <strong>ainda em est\u00e1gio de aprecia\u00e7\u00e3o<\/strong>, frisa que <mark style=\"background-color:#ff6900\" class=\"has-inline-color has-white-color\">a aprendizagem h\u00edbrida somente poder\u00e1 ser adotada na Educa\u00e7\u00e3o B\u00e1sica a partir dos anos finais do Ensino Fundamental ou em situa\u00e7\u00e3o de emerg\u00eancia reconhecida por lei.<\/mark> Ap\u00f3s aprova\u00e7\u00e3o em todas as inst\u00e2ncias necess\u00e1rias, as altera\u00e7\u00f5es devem contar com regulamenta\u00e7\u00e3o espec\u00edfica expedida pelo Minist\u00e9rio da Educa\u00e7\u00e3o (MEC).<\/p>\n\n\n\n<p>Ficaria definido ainda, a partir do texto aprovado, que em regime de colabora\u00e7\u00e3o, a Uni\u00e3o, os Estados, o Distrito Federal e os Munic\u00edpios, <mark style=\"background-color:#ff6900\" class=\"has-inline-color has-white-color\">dever\u00e3o elaborar pol\u00edticas p\u00fablicas a fim de promover a infraestrutura necess\u00e1ria para a conectividade, bem como desenvolver estrat\u00e9gias de inclus\u00e3o digital e assegurar a capacita\u00e7\u00e3o continuada dos profissionais da educa\u00e7\u00e3o.<\/mark><\/p>\n\n\n\n<p>A proposta tramita agora em car\u00e1ter conclusivo e deve ser apreciada pela Comiss\u00e3o de Constitui\u00e7\u00e3o, Justi\u00e7a e de Cidadania. Para, evidentemente, virar lei, o projeto ainda precisa ser aprovado pelo Senado e sancionado pelo presidente da Rep\u00fablica.<\/p>\n\n\n\n<p><strong>Confira o PL na \u00edntegra:<\/strong> <a href=\"https:\/\/www.camara.leg.br\/proposicoesWeb\/fichadetramitacao?idProposicao=2290236#:~:text=PL%202497%2F2021%20Inteiro%20teor,Projeto%20de%20Lei&amp;text=Disp%C3%B5e%20sobre%20a%20oferta%20de,Lei%20n%C2%BA%209.394%2C%20de%201996.&amp;text=Diretrizes%2C%20Sistema%20de%20ensino%2C%20educa%C3%A7%C3%A3o%20semipresencial%2C%20ensino%20m%C3%A9dio.\" target=\"_blank\" rel=\"noreferrer noopener\">Projeto de Lei de n\u00ba 2.497\/21<\/a>.<\/p>\n","protected":false},"excerpt":{"rendered":"<p>Modalidade se consolida como tend\u00eancia educacional, oferecendo flexibilidade e personaliza\u00e7\u00e3o, mas gera discuss\u00f5es sobre implementa\u00e7\u00e3o e regulamenta\u00e7\u00e3o<\/p>\n","protected":false},"author":3,"featured_media":5329,"comment_status":"closed","ping_status":"closed","sticky":false,"template":"","format":"standard","meta":{"footnotes":""},"categories":[8],"tags":[33,762,44,761,43,148],"class_list":["post-5328","post","type-post","status-publish","format-standard","has-post-thumbnail","hentry","category-tendencias","tag-ensinohibrido","tag-ensino-presencial","tag-ensino-remoto","tag-flexibilidade","tag-sinepe-rs-2","tag-tendencias"],"acf":[],"yoast_head":"<!-- This site is optimized with the Yoast SEO plugin v24.6 - https:\/\/yoast.com\/wordpress\/plugins\/seo\/ -->\n<title>Os avan\u00e7os e as potencialidades do ensino h\u00edbrido para 2025<\/title>\n<meta name=\"description\" content=\"Modalidade se consolida como tend\u00eancia educacional, oferecendo flexibilidade e personaliza\u00e7\u00e3o, mas gera discuss\u00f5es sobre implementa\u00e7\u00e3o e regulamenta\u00e7\u00e3o\" \/>\n<meta name=\"robots\" content=\"index, follow, max-snippet:-1, max-image-preview:large, max-video-preview:-1\" \/>\n<link rel=\"canonical\" href=\"https:\/\/sinepe-rs.org.br\/educacaoempauta\/tendencias\/os-avancos-e-as-potencialidades-do-ensino-hibrido-para-2025\/\" \/>\n<meta property=\"og:locale\" content=\"pt_BR\" \/>\n<meta property=\"og:type\" content=\"article\" \/>\n<meta property=\"og:title\" content=\"Os avan\u00e7os e as potencialidades do ensino h\u00edbrido para 2025\" \/>\n<meta property=\"og:description\" content=\"Modalidade se consolida como tend\u00eancia educacional, oferecendo flexibilidade e personaliza\u00e7\u00e3o, mas gera discuss\u00f5es sobre implementa\u00e7\u00e3o e regulamenta\u00e7\u00e3o\" \/>\n<meta property=\"og:url\" content=\"https:\/\/sinepe-rs.org.br\/educacaoempauta\/tendencias\/os-avancos-e-as-potencialidades-do-ensino-hibrido-para-2025\/\" \/>\n<meta property=\"og:site_name\" content=\"Educa\u00e7\u00e3o em Pauta: Portal de reportagens de Educa\u00e7\u00e3o\" \/>\n<meta property=\"article:published_time\" content=\"2025-01-16T10:00:00+00:00\" \/>\n<meta property=\"article:modified_time\" content=\"2025-02-18T13:12:55+00:00\" \/>\n<meta property=\"og:image\" content=\"https:\/\/sinepe-rs.org.br\/educacaoempauta\/wp-content\/uploads\/2025\/01\/444_SinepeRS_Educacao_Em_Pauta__Ensino_Hibrido_tendencia.jpg\" \/>\n\t<meta property=\"og:image:width\" content=\"1366\" \/>\n\t<meta property=\"og:image:height\" content=\"450\" \/>\n\t<meta property=\"og:image:type\" content=\"image\/jpeg\" \/>\n<meta name=\"author\" content=\"Alexandra Zanela\" \/>\n<meta name=\"twitter:card\" content=\"summary_large_image\" \/>\n<meta name=\"twitter:label1\" content=\"Escrito por\" \/>\n\t<meta name=\"twitter:data1\" content=\"Alexandra Zanela\" \/>\n\t<meta name=\"twitter:label2\" content=\"Est. tempo de leitura\" \/>\n\t<meta name=\"twitter:data2\" content=\"9 minutos\" \/>\n<script type=\"application\/ld+json\" class=\"yoast-schema-graph\">{\"@context\":\"https:\/\/schema.org\",\"@graph\":[{\"@type\":\"WebPage\",\"@id\":\"https:\/\/sinepe-rs.org.br\/educacaoempauta\/tendencias\/os-avancos-e-as-potencialidades-do-ensino-hibrido-para-2025\/\",\"url\":\"https:\/\/sinepe-rs.org.br\/educacaoempauta\/tendencias\/os-avancos-e-as-potencialidades-do-ensino-hibrido-para-2025\/\",\"name\":\"Os avan\u00e7os e as potencialidades do ensino h\u00edbrido para 2025\",\"isPartOf\":{\"@id\":\"https:\/\/sinepe-rs.org.br\/educacaoempauta\/#website\"},\"primaryImageOfPage\":{\"@id\":\"https:\/\/sinepe-rs.org.br\/educacaoempauta\/tendencias\/os-avancos-e-as-potencialidades-do-ensino-hibrido-para-2025\/#primaryimage\"},\"image\":{\"@id\":\"https:\/\/sinepe-rs.org.br\/educacaoempauta\/tendencias\/os-avancos-e-as-potencialidades-do-ensino-hibrido-para-2025\/#primaryimage\"},\"thumbnailUrl\":\"https:\/\/sinepe-rs.org.br\/educacaoempauta\/wp-content\/uploads\/2025\/01\/444_SinepeRS_Educacao_Em_Pauta__Ensino_Hibrido_tendencia.jpg\",\"datePublished\":\"2025-01-16T10:00:00+00:00\",\"dateModified\":\"2025-02-18T13:12:55+00:00\",\"author\":{\"@id\":\"https:\/\/sinepe-rs.org.br\/educacaoempauta\/#\/schema\/person\/c542073558983d5792101d1b5240d841\"},\"description\":\"Modalidade se consolida como tend\u00eancia educacional, oferecendo flexibilidade e personaliza\u00e7\u00e3o, mas gera discuss\u00f5es sobre implementa\u00e7\u00e3o e regulamenta\u00e7\u00e3o\",\"breadcrumb\":{\"@id\":\"https:\/\/sinepe-rs.org.br\/educacaoempauta\/tendencias\/os-avancos-e-as-potencialidades-do-ensino-hibrido-para-2025\/#breadcrumb\"},\"inLanguage\":\"pt-BR\",\"potentialAction\":[{\"@type\":\"ReadAction\",\"target\":[\"https:\/\/sinepe-rs.org.br\/educacaoempauta\/tendencias\/os-avancos-e-as-potencialidades-do-ensino-hibrido-para-2025\/\"]}]},{\"@type\":\"ImageObject\",\"inLanguage\":\"pt-BR\",\"@id\":\"https:\/\/sinepe-rs.org.br\/educacaoempauta\/tendencias\/os-avancos-e-as-potencialidades-do-ensino-hibrido-para-2025\/#primaryimage\",\"url\":\"https:\/\/sinepe-rs.org.br\/educacaoempauta\/wp-content\/uploads\/2025\/01\/444_SinepeRS_Educacao_Em_Pauta__Ensino_Hibrido_tendencia.jpg\",\"contentUrl\":\"https:\/\/sinepe-rs.org.br\/educacaoempauta\/wp-content\/uploads\/2025\/01\/444_SinepeRS_Educacao_Em_Pauta__Ensino_Hibrido_tendencia.jpg\",\"width\":1366,\"height\":450,\"caption\":\"Os avan\u00e7os e as potencialidades do ensino h\u00edbrido para 2025\"},{\"@type\":\"BreadcrumbList\",\"@id\":\"https:\/\/sinepe-rs.org.br\/educacaoempauta\/tendencias\/os-avancos-e-as-potencialidades-do-ensino-hibrido-para-2025\/#breadcrumb\",\"itemListElement\":[{\"@type\":\"ListItem\",\"position\":1,\"name\":\"Home\",\"item\":\"https:\/\/sinepe-rs.org.br\/educacaoempauta\/\"},{\"@type\":\"ListItem\",\"position\":2,\"name\":\"Os avan\u00e7os e as potencialidades do ensino h\u00edbrido para 2025\"}]},{\"@type\":\"WebSite\",\"@id\":\"https:\/\/sinepe-rs.org.br\/educacaoempauta\/#website\",\"url\":\"https:\/\/sinepe-rs.org.br\/educacaoempauta\/\",\"name\":\"Educa\u00e7\u00e3o em Pauta: Portal de reportagens de Educa\u00e7\u00e3o\",\"description\":\"Sinepe-RS\",\"potentialAction\":[{\"@type\":\"SearchAction\",\"target\":{\"@type\":\"EntryPoint\",\"urlTemplate\":\"https:\/\/sinepe-rs.org.br\/educacaoempauta\/?s={search_term_string}\"},\"query-input\":{\"@type\":\"PropertyValueSpecification\",\"valueRequired\":true,\"valueName\":\"search_term_string\"}}],\"inLanguage\":\"pt-BR\"},{\"@type\":\"Person\",\"@id\":\"https:\/\/sinepe-rs.org.br\/educacaoempauta\/#\/schema\/person\/c542073558983d5792101d1b5240d841\",\"name\":\"Alexandra Zanela\",\"image\":{\"@type\":\"ImageObject\",\"inLanguage\":\"pt-BR\",\"@id\":\"https:\/\/sinepe-rs.org.br\/educacaoempauta\/#\/schema\/person\/image\/\",\"url\":\"https:\/\/secure.gravatar.com\/avatar\/aab8da397152551fad5132b4b20cb891945e7bc931de8d0d72495261a983a371?s=96&d=mm&r=g\",\"contentUrl\":\"https:\/\/secure.gravatar.com\/avatar\/aab8da397152551fad5132b4b20cb891945e7bc931de8d0d72495261a983a371?s=96&d=mm&r=g\",\"caption\":\"Alexandra Zanela\"},\"url\":\"https:\/\/sinepe-rs.org.br\/educacaoempauta\/author\/alexandra\/\"}]}<\/script>\n<!-- \/ Yoast SEO plugin. -->","yoast_head_json":{"title":"Os avan\u00e7os e as potencialidades do ensino h\u00edbrido para 2025","description":"Modalidade se consolida como tend\u00eancia educacional, oferecendo flexibilidade e personaliza\u00e7\u00e3o, mas gera discuss\u00f5es sobre implementa\u00e7\u00e3o e regulamenta\u00e7\u00e3o","robots":{"index":"index","follow":"follow","max-snippet":"max-snippet:-1","max-image-preview":"max-image-preview:large","max-video-preview":"max-video-preview:-1"},"canonical":"https:\/\/sinepe-rs.org.br\/educacaoempauta\/tendencias\/os-avancos-e-as-potencialidades-do-ensino-hibrido-para-2025\/","og_locale":"pt_BR","og_type":"article","og_title":"Os avan\u00e7os e as potencialidades do ensino h\u00edbrido para 2025","og_description":"Modalidade se consolida como tend\u00eancia educacional, oferecendo flexibilidade e personaliza\u00e7\u00e3o, mas gera discuss\u00f5es sobre implementa\u00e7\u00e3o e regulamenta\u00e7\u00e3o","og_url":"https:\/\/sinepe-rs.org.br\/educacaoempauta\/tendencias\/os-avancos-e-as-potencialidades-do-ensino-hibrido-para-2025\/","og_site_name":"Educa\u00e7\u00e3o em Pauta: Portal de reportagens de Educa\u00e7\u00e3o","article_published_time":"2025-01-16T10:00:00+00:00","article_modified_time":"2025-02-18T13:12:55+00:00","og_image":[{"width":1366,"height":450,"url":"https:\/\/sinepe-rs.org.br\/educacaoempauta\/wp-content\/uploads\/2025\/01\/444_SinepeRS_Educacao_Em_Pauta__Ensino_Hibrido_tendencia.jpg","type":"image\/jpeg"}],"author":"Alexandra Zanela","twitter_card":"summary_large_image","twitter_misc":{"Escrito por":"Alexandra Zanela","Est. tempo de leitura":"9 minutos"},"schema":{"@context":"https:\/\/schema.org","@graph":[{"@type":"WebPage","@id":"https:\/\/sinepe-rs.org.br\/educacaoempauta\/tendencias\/os-avancos-e-as-potencialidades-do-ensino-hibrido-para-2025\/","url":"https:\/\/sinepe-rs.org.br\/educacaoempauta\/tendencias\/os-avancos-e-as-potencialidades-do-ensino-hibrido-para-2025\/","name":"Os avan\u00e7os e as potencialidades do ensino h\u00edbrido para 2025","isPartOf":{"@id":"https:\/\/sinepe-rs.org.br\/educacaoempauta\/#website"},"primaryImageOfPage":{"@id":"https:\/\/sinepe-rs.org.br\/educacaoempauta\/tendencias\/os-avancos-e-as-potencialidades-do-ensino-hibrido-para-2025\/#primaryimage"},"image":{"@id":"https:\/\/sinepe-rs.org.br\/educacaoempauta\/tendencias\/os-avancos-e-as-potencialidades-do-ensino-hibrido-para-2025\/#primaryimage"},"thumbnailUrl":"https:\/\/sinepe-rs.org.br\/educacaoempauta\/wp-content\/uploads\/2025\/01\/444_SinepeRS_Educacao_Em_Pauta__Ensino_Hibrido_tendencia.jpg","datePublished":"2025-01-16T10:00:00+00:00","dateModified":"2025-02-18T13:12:55+00:00","author":{"@id":"https:\/\/sinepe-rs.org.br\/educacaoempauta\/#\/schema\/person\/c542073558983d5792101d1b5240d841"},"description":"Modalidade se consolida como tend\u00eancia educacional, oferecendo flexibilidade e personaliza\u00e7\u00e3o, mas gera discuss\u00f5es sobre implementa\u00e7\u00e3o e regulamenta\u00e7\u00e3o","breadcrumb":{"@id":"https:\/\/sinepe-rs.org.br\/educacaoempauta\/tendencias\/os-avancos-e-as-potencialidades-do-ensino-hibrido-para-2025\/#breadcrumb"},"inLanguage":"pt-BR","potentialAction":[{"@type":"ReadAction","target":["https:\/\/sinepe-rs.org.br\/educacaoempauta\/tendencias\/os-avancos-e-as-potencialidades-do-ensino-hibrido-para-2025\/"]}]},{"@type":"ImageObject","inLanguage":"pt-BR","@id":"https:\/\/sinepe-rs.org.br\/educacaoempauta\/tendencias\/os-avancos-e-as-potencialidades-do-ensino-hibrido-para-2025\/#primaryimage","url":"https:\/\/sinepe-rs.org.br\/educacaoempauta\/wp-content\/uploads\/2025\/01\/444_SinepeRS_Educacao_Em_Pauta__Ensino_Hibrido_tendencia.jpg","contentUrl":"https:\/\/sinepe-rs.org.br\/educacaoempauta\/wp-content\/uploads\/2025\/01\/444_SinepeRS_Educacao_Em_Pauta__Ensino_Hibrido_tendencia.jpg","width":1366,"height":450,"caption":"Os avan\u00e7os e as potencialidades do ensino h\u00edbrido para 2025"},{"@type":"BreadcrumbList","@id":"https:\/\/sinepe-rs.org.br\/educacaoempauta\/tendencias\/os-avancos-e-as-potencialidades-do-ensino-hibrido-para-2025\/#breadcrumb","itemListElement":[{"@type":"ListItem","position":1,"name":"Home","item":"https:\/\/sinepe-rs.org.br\/educacaoempauta\/"},{"@type":"ListItem","position":2,"name":"Os avan\u00e7os e as potencialidades do ensino h\u00edbrido para 2025"}]},{"@type":"WebSite","@id":"https:\/\/sinepe-rs.org.br\/educacaoempauta\/#website","url":"https:\/\/sinepe-rs.org.br\/educacaoempauta\/","name":"Educa\u00e7\u00e3o em Pauta: Portal de reportagens de Educa\u00e7\u00e3o","description":"Sinepe-RS","potentialAction":[{"@type":"SearchAction","target":{"@type":"EntryPoint","urlTemplate":"https:\/\/sinepe-rs.org.br\/educacaoempauta\/?s={search_term_string}"},"query-input":{"@type":"PropertyValueSpecification","valueRequired":true,"valueName":"search_term_string"}}],"inLanguage":"pt-BR"},{"@type":"Person","@id":"https:\/\/sinepe-rs.org.br\/educacaoempauta\/#\/schema\/person\/c542073558983d5792101d1b5240d841","name":"Alexandra Zanela","image":{"@type":"ImageObject","inLanguage":"pt-BR","@id":"https:\/\/sinepe-rs.org.br\/educacaoempauta\/#\/schema\/person\/image\/","url":"https:\/\/secure.gravatar.com\/avatar\/aab8da397152551fad5132b4b20cb891945e7bc931de8d0d72495261a983a371?s=96&d=mm&r=g","contentUrl":"https:\/\/secure.gravatar.com\/avatar\/aab8da397152551fad5132b4b20cb891945e7bc931de8d0d72495261a983a371?s=96&d=mm&r=g","caption":"Alexandra Zanela"},"url":"https:\/\/sinepe-rs.org.br\/educacaoempauta\/author\/alexandra\/"}]}},"_links":{"self":[{"href":"https:\/\/sinepe-rs.org.br\/educacaoempauta\/wp-json\/wp\/v2\/posts\/5328","targetHints":{"allow":["GET"]}}],"collection":[{"href":"https:\/\/sinepe-rs.org.br\/educacaoempauta\/wp-json\/wp\/v2\/posts"}],"about":[{"href":"https:\/\/sinepe-rs.org.br\/educacaoempauta\/wp-json\/wp\/v2\/types\/post"}],"author":[{"embeddable":true,"href":"https:\/\/sinepe-rs.org.br\/educacaoempauta\/wp-json\/wp\/v2\/users\/3"}],"replies":[{"embeddable":true,"href":"https:\/\/sinepe-rs.org.br\/educacaoempauta\/wp-json\/wp\/v2\/comments?post=5328"}],"version-history":[{"count":3,"href":"https:\/\/sinepe-rs.org.br\/educacaoempauta\/wp-json\/wp\/v2\/posts\/5328\/revisions"}],"predecessor-version":[{"id":5475,"href":"https:\/\/sinepe-rs.org.br\/educacaoempauta\/wp-json\/wp\/v2\/posts\/5328\/revisions\/5475"}],"wp:featuredmedia":[{"embeddable":true,"href":"https:\/\/sinepe-rs.org.br\/educacaoempauta\/wp-json\/wp\/v2\/media\/5329"}],"wp:attachment":[{"href":"https:\/\/sinepe-rs.org.br\/educacaoempauta\/wp-json\/wp\/v2\/media?parent=5328"}],"wp:term":[{"taxonomy":"category","embeddable":true,"href":"https:\/\/sinepe-rs.org.br\/educacaoempauta\/wp-json\/wp\/v2\/categories?post=5328"},{"taxonomy":"post_tag","embeddable":true,"href":"https:\/\/sinepe-rs.org.br\/educacaoempauta\/wp-json\/wp\/v2\/tags?post=5328"}],"curies":[{"name":"wp","href":"https:\/\/api.w.org\/{rel}","templated":true}]}}