{"id":5332,"date":"2025-01-21T06:57:00","date_gmt":"2025-01-21T09:57:00","guid":{"rendered":"https:\/\/sinepe-rs.org.br\/educacaoempauta\/?p=5332"},"modified":"2025-02-18T10:12:18","modified_gmt":"2025-02-18T13:12:18","slug":"escola-tecnica-cristo-redentor-lanca-ensino-medio-inovador","status":"publish","type":"post","link":"https:\/\/sinepe-rs.org.br\/educacaoempauta\/inspire-se\/escola-tecnica-cristo-redentor-lanca-ensino-medio-inovador\/","title":{"rendered":"Escola T\u00e9cnica Cristo Redentor lan\u00e7a Ensino M\u00e9dio inovador"},"content":{"rendered":"\n<p>O ensino t\u00e9cnico vive um momento de crescimento na educa\u00e7\u00e3o brasileira. O Censo Escolar 2023, divulgado pelo Minist\u00e9rio da Educa\u00e7\u00e3o (MEC), mostrou que a educa\u00e7\u00e3o profissional e tecnol\u00f3gica (EPT) foi a modalidade de ensino que mais cresceu na Educa\u00e7\u00e3o B\u00e1sica do pa\u00eds. <\/p>\n\n\n\n<p><strong><a href=\"https:\/\/www.gov.br\/mec\/pt-br\/assuntos\/noticias\/2024\/fevereiro\/matriculas-na-educacao-profissional-aumentaram-12-1\" target=\"_blank\" rel=\"noreferrer noopener\">E<\/a><\/strong><a href=\"https:\/\/www.gov.br\/mec\/pt-br\/assuntos\/noticias\/2024\/fevereiro\/matriculas-na-educacao-profissional-aumentaram-12-1\" target=\"_blank\" rel=\"noreferrer noopener\"><strong>ntre 2022 e 2023, as matr\u00edculas nesta modalidade cresceram 12,1% em um ano, passando de 2,1 milh\u00f5es para 2,4 milh\u00f5es. Esse avan\u00e7o refor\u00e7a a import\u00e2ncia da forma\u00e7\u00e3o t\u00e9cnica na educa\u00e7\u00e3o brasileira.<\/strong><\/a> Outra possibilidade de educa\u00e7\u00e3o profissional, al\u00e9m da forma\u00e7\u00e3o t\u00e9cnica realizada em paralelo ou ap\u00f3s os estudos, \u00e9 o Ensino M\u00e9dio Integrado a cursos t\u00e9cnicos, modelo que a <strong><a href=\"https:\/\/etcr.com.br\/\" target=\"_blank\" rel=\"noreferrer noopener\">Escola T\u00e9cnica Cristo Redentor (ETCR)<\/a>,<\/strong> de Porto Alegre, passa a oferecer a partir deste ano. <\/p>\n\n\n\n<p>Com 28 anos de experi\u00eancia na educa\u00e7\u00e3o profissional, a institui\u00e7\u00e3o apresenta uma proposta inovadora com foco no autoconhecimento e na experimenta\u00e7\u00e3o dos estudantes, possibilitando uma escolha mais assertiva entre os sete cursos oferecidos: Enfermagem, Nutri\u00e7\u00e3o, Qu\u00edmica, Edifica\u00e7\u00f5es, Administra\u00e7\u00e3o, Publicidade e Inform\u00e1tica.<\/p>\n\n\n\n<p>Carlos Milioli, diretor da ETCR, explica que os al<mark style=\"background-color:#ff6900\" class=\"has-inline-color\">unos ter\u00e3o a Forma\u00e7\u00e3o Geral B\u00e1sica seguindo os objetivos da Base Nacional Comum Curricular (BNCC), em conjunto com disciplinas voltadas para Projeto de Vida e eletivas de \u00e1reas variadas nos dois primeiros anos do Ensino M\u00e9dio<\/mark>. A escolha do curso t\u00e9cnico acontece apenas no terceiro ano, o que \u00e9 uma inova\u00e7\u00e3o comparado aos modelos de cursos t\u00e9cnicos tradicionais. <\/p>\n\n\n\n<p>E \u00e9 neste momento em que, segundo Milioli, os alunos j\u00e1 v\u00e3o estar\u00a0 mais maduros ap\u00f3s uma s\u00e9rie de palestras com profissionais e outras formas de contato com as \u00e1reas das forma\u00e7\u00f5es oferecidas pela escola. \u201cTem amplas pesquisas no mercado apontando que o sal\u00e1rio m\u00e9dio do jovem com um curso t\u00e9cnico \u00e9 32% maior do que o de jovens sem esta forma\u00e7\u00e3o\u201d, lembra o diretor.\u00a0<\/p>\n\n\n\n<p><strong>Leia tamb\u00e9m:<\/strong><strong><br><\/strong><a href=\"https:\/\/sinepe-rs.org.br\/educacaoempauta\/inspire-se\/colegio-adota-educacao-baseada-em-resolucoes-de-problemas-reais\/\"><strong>&gt;&gt; Col\u00e9gio adota educa\u00e7\u00e3o baseada em resolu\u00e7\u00f5es de problemas reais<\/strong><strong><br><\/strong><\/a><a href=\"https:\/\/sinepe-rs.org.br\/educacaoempauta\/inspire-se\/complexo-de-formacao-de-professores-da-ufrj-deixa-licoes-importantes\/\"><strong>&gt;&gt; Complexo de Forma\u00e7\u00e3o de Professores da UFRJ deixa li\u00e7\u00f5es importantes<\/strong><\/a><\/p>\n\n\n\n<p>Al\u00e9m de garantir uma melhor coloca\u00e7\u00e3o no mercado de trabalho, realizar um Ensino M\u00e9dio Integrado a uma forma\u00e7\u00e3o t\u00e9cnica tamb\u00e9m pode garantir benef\u00edcios na continuidade dos estudos. Para muitas fam\u00edlias, de acordo com Milioli, um curso t\u00e9cnico \u00e9 uma etapa intermedi\u00e1ria para o ingresso no Ensino Superior. \u201c<mark style=\"background-color:#ff6900\" class=\"has-inline-color\">Sem d\u00favida, um jovem que chega em uma gradua\u00e7\u00e3o ap\u00f3s ter passado por um curso t\u00e9cnico ser\u00e1 um estudante que vai aproveitar melhor o bacharelado.<\/mark> N\u00e3o apenas por j\u00e1 ter uma forma\u00e7\u00e3o, mas por j\u00e1 estar inserido no mercado e conhecer quest\u00f5es mais pr\u00e1ticas da profiss\u00e3o\u201d, aponta.\u00a0<\/p>\n\n\n\n<p>Acolher as fam\u00edlias dos alunos para que participem do processo de decis\u00e3o dos jovens tamb\u00e9m \u00e9 outro diferencial do Ensino M\u00e9dio Integrado da ETCR. Proporcionar um di\u00e1logo aberto e que aposta na autonomia dos estudantes \u00e9 uma das marcas da escola e que se estende para pais e respons\u00e1veis, que muitas vezes trazem anseios diversos. \u201cEm entrevista recente, o empres\u00e1rio Jorge Gerdau afirmou que todos os estudantes de Ensino M\u00e9dio deveriam integrar sua forma\u00e7\u00e3o a um curso t\u00e9cnico. Na Alemanha, praticamente 70% das matr\u00edculas s\u00e3o em projetos de Ensino M\u00e9dio Integrado. Isso mostra como essa modalidade contribui para o desenvolvimento do mercado de trabalho, profissional, pessoal e financeiro das pessoas\u201d, conclui Milioli.&nbsp;<\/p>\n\n\n\n<p><strong>Prepara\u00e7\u00e3o docente<\/strong><\/p>\n\n\n\n<p>Para receber os estudantes para o Ensino M\u00e9dio Integrado, a <mark style=\"background-color:#ff6900\" class=\"has-inline-color\">equipe de professores da ETCR prepara um acolhimento focado na diversidade.<\/mark> O professor e coordenador pedag\u00f3gico Fernando Michel explica que uma das culturas da escola \u00e9 a valoriza\u00e7\u00e3o de educadores com experi\u00eancia pr\u00e1tica. \u201cEu comecei na escola como professor de anatomia no curso t\u00e9cnico de Enfermagem trazendo a minha bagagem e apresentando situa\u00e7\u00f5es do cotidiano da profiss\u00e3o. Como a forma\u00e7\u00e3o t\u00e9cnica tem uma dura\u00e7\u00e3o mais curta que uma gradua\u00e7\u00e3o, precisamos ser claros e diretos para que nosso aluno saia daqui pronto para atuar no mercado\u201d, lembra.\u00a0<\/p>\n\n\n\n<p>Com o desafio de orientar jovens com uma pluralidade de objetivos, a ETCR se vale de sua experi\u00eancia para compreender as particularidades de cada estudante e poder orient\u00e1-lo para uma escolha profissional mais assertiva. <mark style=\"background-color:#ff6900\" class=\"has-inline-color\">Al\u00e9m de palestras e feiras de profiss\u00f5es, a escola tamb\u00e9m orienta seus professores a trazerem o m\u00e1ximo de suas viv\u00eancias como profissionais para dentro da sala de aula<\/mark>. \u201cMais que teoria, nossos professores trazem problemas reais para instigar os alunos a encontrarem solu\u00e7\u00f5es inteligentes. Isso colabora para a forma\u00e7\u00e3o de um profissional ainda mais competente e preparado para atuar com precis\u00e3o, mesmo ainda jovem\u201d, explica Fernando.\u00a0<\/p>\n\n\n\n<p>Diante de uma gera\u00e7\u00e3o com grande acesso \u00e0 informa\u00e7\u00e3o, proporcionar um tempo para pensar sobre si e entender qual \u00e9 a sua miss\u00e3o no mundo tamb\u00e9m est\u00e1 no radar da ETCR. A disciplina de Projeto de Vida, inclu\u00edda na reformula\u00e7\u00e3o do Ensino M\u00e9dio tradicional, ganha uma import\u00e2ncia extra dentro da modalidade integrada com a educa\u00e7\u00e3o t\u00e9cnica. <\/p>\n\n\n\n<p>Proporcionar ao aluno momentos para entender suas aptid\u00f5es e talentos, juntamente com informa\u00e7\u00f5es sobre as mudan\u00e7as do mundo do trabalho trazem engajamento e uma oportunidade de autoconhecimento que colabora n\u00e3o apenas para a vida profissional. \u201cDepois de um primeiro ano descobrindo as \u00e1reas mais atraentes para ele, o nosso aluno chega em um momento de entender o que pode fazer com essas prefer\u00eancias. Na disciplina de Projeto de Vida, \u00e9 ele que vai norteando a sua pr\u00f3pria hist\u00f3ria, mediada pelo professor para, na transi\u00e7\u00e3o do segundo para o terceiro ano, optar por qual forma\u00e7\u00e3o t\u00e9cnica ir\u00e1 seguir\u201d, orienta o professor.<\/p>\n","protected":false},"excerpt":{"rendered":"<p>Modelo educacional combina disciplinas tradicionais, projetos personalizados e qualifica\u00e7\u00e3o profissional em sete \u00e1reas distintas<\/p>\n","protected":false},"author":3,"featured_media":5333,"comment_status":"closed","ping_status":"closed","sticky":false,"template":"","format":"standard","meta":{"footnotes":""},"categories":[7],"tags":[763,764,43],"class_list":["post-5332","post","type-post","status-publish","format-standard","has-post-thumbnail","hentry","category-inspire-se","tag-ensino-medio-tecnico","tag-escola-cristo-redentor","tag-sinepe-rs-2"],"acf":[],"yoast_head":"<!-- This site is optimized with the Yoast SEO plugin v24.6 - https:\/\/yoast.com\/wordpress\/plugins\/seo\/ -->\n<title>Escola T\u00e9cnica Cristo Redentor lan\u00e7a Ensino M\u00e9dio inovador<\/title>\n<meta name=\"description\" content=\"Modelo educacional combina disciplinas tradicionais, projetos personalizados e qualifica\u00e7\u00e3o profissional em sete \u00e1reas distintas\" \/>\n<meta name=\"robots\" content=\"index, follow, max-snippet:-1, max-image-preview:large, max-video-preview:-1\" \/>\n<link rel=\"canonical\" href=\"https:\/\/sinepe-rs.org.br\/educacaoempauta\/inspire-se\/escola-tecnica-cristo-redentor-lanca-ensino-medio-inovador\/\" \/>\n<meta property=\"og:locale\" content=\"pt_BR\" \/>\n<meta property=\"og:type\" content=\"article\" \/>\n<meta property=\"og:title\" content=\"Escola T\u00e9cnica Cristo Redentor lan\u00e7a Ensino M\u00e9dio inovador\" \/>\n<meta property=\"og:description\" content=\"Modelo educacional combina disciplinas tradicionais, projetos personalizados e qualifica\u00e7\u00e3o profissional em sete \u00e1reas distintas\" \/>\n<meta property=\"og:url\" content=\"https:\/\/sinepe-rs.org.br\/educacaoempauta\/inspire-se\/escola-tecnica-cristo-redentor-lanca-ensino-medio-inovador\/\" \/>\n<meta property=\"og:site_name\" content=\"Educa\u00e7\u00e3o em Pauta: Portal de reportagens de Educa\u00e7\u00e3o\" \/>\n<meta property=\"article:published_time\" content=\"2025-01-21T09:57:00+00:00\" \/>\n<meta property=\"article:modified_time\" content=\"2025-02-18T13:12:18+00:00\" \/>\n<meta property=\"og:image\" content=\"https:\/\/sinepe-rs.org.br\/educacaoempauta\/wp-content\/uploads\/2025\/01\/447_-_ETCR_-_Ensino_Medio_Integrado_inovador.jpg\" \/>\n\t<meta property=\"og:image:width\" content=\"1366\" \/>\n\t<meta property=\"og:image:height\" content=\"450\" \/>\n\t<meta property=\"og:image:type\" content=\"image\/jpeg\" \/>\n<meta name=\"author\" content=\"Alexandra Zanela\" \/>\n<meta name=\"twitter:card\" content=\"summary_large_image\" \/>\n<meta name=\"twitter:label1\" content=\"Escrito por\" \/>\n\t<meta name=\"twitter:data1\" content=\"Alexandra Zanela\" \/>\n\t<meta name=\"twitter:label2\" content=\"Est. tempo de leitura\" \/>\n\t<meta name=\"twitter:data2\" content=\"6 minutos\" \/>\n<script type=\"application\/ld+json\" class=\"yoast-schema-graph\">{\"@context\":\"https:\/\/schema.org\",\"@graph\":[{\"@type\":\"WebPage\",\"@id\":\"https:\/\/sinepe-rs.org.br\/educacaoempauta\/inspire-se\/escola-tecnica-cristo-redentor-lanca-ensino-medio-inovador\/\",\"url\":\"https:\/\/sinepe-rs.org.br\/educacaoempauta\/inspire-se\/escola-tecnica-cristo-redentor-lanca-ensino-medio-inovador\/\",\"name\":\"Escola T\u00e9cnica Cristo Redentor lan\u00e7a Ensino M\u00e9dio inovador\",\"isPartOf\":{\"@id\":\"https:\/\/sinepe-rs.org.br\/educacaoempauta\/#website\"},\"primaryImageOfPage\":{\"@id\":\"https:\/\/sinepe-rs.org.br\/educacaoempauta\/inspire-se\/escola-tecnica-cristo-redentor-lanca-ensino-medio-inovador\/#primaryimage\"},\"image\":{\"@id\":\"https:\/\/sinepe-rs.org.br\/educacaoempauta\/inspire-se\/escola-tecnica-cristo-redentor-lanca-ensino-medio-inovador\/#primaryimage\"},\"thumbnailUrl\":\"https:\/\/sinepe-rs.org.br\/educacaoempauta\/wp-content\/uploads\/2025\/01\/447_-_ETCR_-_Ensino_Medio_Integrado_inovador.jpg\",\"datePublished\":\"2025-01-21T09:57:00+00:00\",\"dateModified\":\"2025-02-18T13:12:18+00:00\",\"author\":{\"@id\":\"https:\/\/sinepe-rs.org.br\/educacaoempauta\/#\/schema\/person\/c542073558983d5792101d1b5240d841\"},\"description\":\"Modelo educacional combina disciplinas tradicionais, projetos personalizados e qualifica\u00e7\u00e3o profissional em sete \u00e1reas distintas\",\"breadcrumb\":{\"@id\":\"https:\/\/sinepe-rs.org.br\/educacaoempauta\/inspire-se\/escola-tecnica-cristo-redentor-lanca-ensino-medio-inovador\/#breadcrumb\"},\"inLanguage\":\"pt-BR\",\"potentialAction\":[{\"@type\":\"ReadAction\",\"target\":[\"https:\/\/sinepe-rs.org.br\/educacaoempauta\/inspire-se\/escola-tecnica-cristo-redentor-lanca-ensino-medio-inovador\/\"]}]},{\"@type\":\"ImageObject\",\"inLanguage\":\"pt-BR\",\"@id\":\"https:\/\/sinepe-rs.org.br\/educacaoempauta\/inspire-se\/escola-tecnica-cristo-redentor-lanca-ensino-medio-inovador\/#primaryimage\",\"url\":\"https:\/\/sinepe-rs.org.br\/educacaoempauta\/wp-content\/uploads\/2025\/01\/447_-_ETCR_-_Ensino_Medio_Integrado_inovador.jpg\",\"contentUrl\":\"https:\/\/sinepe-rs.org.br\/educacaoempauta\/wp-content\/uploads\/2025\/01\/447_-_ETCR_-_Ensino_Medio_Integrado_inovador.jpg\",\"width\":1366,\"height\":450,\"caption\":\"Modelo educacional combina disciplinas tradicionais, projetos personalizados e qualifica\u00e7\u00e3o profissional em sete \u00e1reas distintas\"},{\"@type\":\"BreadcrumbList\",\"@id\":\"https:\/\/sinepe-rs.org.br\/educacaoempauta\/inspire-se\/escola-tecnica-cristo-redentor-lanca-ensino-medio-inovador\/#breadcrumb\",\"itemListElement\":[{\"@type\":\"ListItem\",\"position\":1,\"name\":\"Home\",\"item\":\"https:\/\/sinepe-rs.org.br\/educacaoempauta\/\"},{\"@type\":\"ListItem\",\"position\":2,\"name\":\"Escola T\u00e9cnica Cristo Redentor lan\u00e7a Ensino M\u00e9dio inovador\"}]},{\"@type\":\"WebSite\",\"@id\":\"https:\/\/sinepe-rs.org.br\/educacaoempauta\/#website\",\"url\":\"https:\/\/sinepe-rs.org.br\/educacaoempauta\/\",\"name\":\"Educa\u00e7\u00e3o em Pauta: Portal de reportagens de Educa\u00e7\u00e3o\",\"description\":\"Sinepe-RS\",\"potentialAction\":[{\"@type\":\"SearchAction\",\"target\":{\"@type\":\"EntryPoint\",\"urlTemplate\":\"https:\/\/sinepe-rs.org.br\/educacaoempauta\/?s={search_term_string}\"},\"query-input\":{\"@type\":\"PropertyValueSpecification\",\"valueRequired\":true,\"valueName\":\"search_term_string\"}}],\"inLanguage\":\"pt-BR\"},{\"@type\":\"Person\",\"@id\":\"https:\/\/sinepe-rs.org.br\/educacaoempauta\/#\/schema\/person\/c542073558983d5792101d1b5240d841\",\"name\":\"Alexandra Zanela\",\"image\":{\"@type\":\"ImageObject\",\"inLanguage\":\"pt-BR\",\"@id\":\"https:\/\/sinepe-rs.org.br\/educacaoempauta\/#\/schema\/person\/image\/\",\"url\":\"https:\/\/secure.gravatar.com\/avatar\/aab8da397152551fad5132b4b20cb891945e7bc931de8d0d72495261a983a371?s=96&d=mm&r=g\",\"contentUrl\":\"https:\/\/secure.gravatar.com\/avatar\/aab8da397152551fad5132b4b20cb891945e7bc931de8d0d72495261a983a371?s=96&d=mm&r=g\",\"caption\":\"Alexandra Zanela\"},\"url\":\"https:\/\/sinepe-rs.org.br\/educacaoempauta\/author\/alexandra\/\"}]}<\/script>\n<!-- \/ Yoast SEO plugin. -->","yoast_head_json":{"title":"Escola T\u00e9cnica Cristo Redentor lan\u00e7a Ensino M\u00e9dio inovador","description":"Modelo educacional combina disciplinas tradicionais, projetos personalizados e qualifica\u00e7\u00e3o profissional em sete \u00e1reas distintas","robots":{"index":"index","follow":"follow","max-snippet":"max-snippet:-1","max-image-preview":"max-image-preview:large","max-video-preview":"max-video-preview:-1"},"canonical":"https:\/\/sinepe-rs.org.br\/educacaoempauta\/inspire-se\/escola-tecnica-cristo-redentor-lanca-ensino-medio-inovador\/","og_locale":"pt_BR","og_type":"article","og_title":"Escola T\u00e9cnica Cristo Redentor lan\u00e7a Ensino M\u00e9dio inovador","og_description":"Modelo educacional combina disciplinas tradicionais, projetos personalizados e qualifica\u00e7\u00e3o profissional em sete \u00e1reas distintas","og_url":"https:\/\/sinepe-rs.org.br\/educacaoempauta\/inspire-se\/escola-tecnica-cristo-redentor-lanca-ensino-medio-inovador\/","og_site_name":"Educa\u00e7\u00e3o em Pauta: Portal de reportagens de Educa\u00e7\u00e3o","article_published_time":"2025-01-21T09:57:00+00:00","article_modified_time":"2025-02-18T13:12:18+00:00","og_image":[{"width":1366,"height":450,"url":"https:\/\/sinepe-rs.org.br\/educacaoempauta\/wp-content\/uploads\/2025\/01\/447_-_ETCR_-_Ensino_Medio_Integrado_inovador.jpg","type":"image\/jpeg"}],"author":"Alexandra Zanela","twitter_card":"summary_large_image","twitter_misc":{"Escrito por":"Alexandra Zanela","Est. tempo de leitura":"6 minutos"},"schema":{"@context":"https:\/\/schema.org","@graph":[{"@type":"WebPage","@id":"https:\/\/sinepe-rs.org.br\/educacaoempauta\/inspire-se\/escola-tecnica-cristo-redentor-lanca-ensino-medio-inovador\/","url":"https:\/\/sinepe-rs.org.br\/educacaoempauta\/inspire-se\/escola-tecnica-cristo-redentor-lanca-ensino-medio-inovador\/","name":"Escola T\u00e9cnica Cristo Redentor lan\u00e7a Ensino M\u00e9dio inovador","isPartOf":{"@id":"https:\/\/sinepe-rs.org.br\/educacaoempauta\/#website"},"primaryImageOfPage":{"@id":"https:\/\/sinepe-rs.org.br\/educacaoempauta\/inspire-se\/escola-tecnica-cristo-redentor-lanca-ensino-medio-inovador\/#primaryimage"},"image":{"@id":"https:\/\/sinepe-rs.org.br\/educacaoempauta\/inspire-se\/escola-tecnica-cristo-redentor-lanca-ensino-medio-inovador\/#primaryimage"},"thumbnailUrl":"https:\/\/sinepe-rs.org.br\/educacaoempauta\/wp-content\/uploads\/2025\/01\/447_-_ETCR_-_Ensino_Medio_Integrado_inovador.jpg","datePublished":"2025-01-21T09:57:00+00:00","dateModified":"2025-02-18T13:12:18+00:00","author":{"@id":"https:\/\/sinepe-rs.org.br\/educacaoempauta\/#\/schema\/person\/c542073558983d5792101d1b5240d841"},"description":"Modelo educacional combina disciplinas tradicionais, projetos personalizados e qualifica\u00e7\u00e3o profissional em sete \u00e1reas distintas","breadcrumb":{"@id":"https:\/\/sinepe-rs.org.br\/educacaoempauta\/inspire-se\/escola-tecnica-cristo-redentor-lanca-ensino-medio-inovador\/#breadcrumb"},"inLanguage":"pt-BR","potentialAction":[{"@type":"ReadAction","target":["https:\/\/sinepe-rs.org.br\/educacaoempauta\/inspire-se\/escola-tecnica-cristo-redentor-lanca-ensino-medio-inovador\/"]}]},{"@type":"ImageObject","inLanguage":"pt-BR","@id":"https:\/\/sinepe-rs.org.br\/educacaoempauta\/inspire-se\/escola-tecnica-cristo-redentor-lanca-ensino-medio-inovador\/#primaryimage","url":"https:\/\/sinepe-rs.org.br\/educacaoempauta\/wp-content\/uploads\/2025\/01\/447_-_ETCR_-_Ensino_Medio_Integrado_inovador.jpg","contentUrl":"https:\/\/sinepe-rs.org.br\/educacaoempauta\/wp-content\/uploads\/2025\/01\/447_-_ETCR_-_Ensino_Medio_Integrado_inovador.jpg","width":1366,"height":450,"caption":"Modelo educacional combina disciplinas tradicionais, projetos personalizados e qualifica\u00e7\u00e3o profissional em sete \u00e1reas distintas"},{"@type":"BreadcrumbList","@id":"https:\/\/sinepe-rs.org.br\/educacaoempauta\/inspire-se\/escola-tecnica-cristo-redentor-lanca-ensino-medio-inovador\/#breadcrumb","itemListElement":[{"@type":"ListItem","position":1,"name":"Home","item":"https:\/\/sinepe-rs.org.br\/educacaoempauta\/"},{"@type":"ListItem","position":2,"name":"Escola T\u00e9cnica Cristo Redentor lan\u00e7a Ensino M\u00e9dio inovador"}]},{"@type":"WebSite","@id":"https:\/\/sinepe-rs.org.br\/educacaoempauta\/#website","url":"https:\/\/sinepe-rs.org.br\/educacaoempauta\/","name":"Educa\u00e7\u00e3o em Pauta: Portal de reportagens de Educa\u00e7\u00e3o","description":"Sinepe-RS","potentialAction":[{"@type":"SearchAction","target":{"@type":"EntryPoint","urlTemplate":"https:\/\/sinepe-rs.org.br\/educacaoempauta\/?s={search_term_string}"},"query-input":{"@type":"PropertyValueSpecification","valueRequired":true,"valueName":"search_term_string"}}],"inLanguage":"pt-BR"},{"@type":"Person","@id":"https:\/\/sinepe-rs.org.br\/educacaoempauta\/#\/schema\/person\/c542073558983d5792101d1b5240d841","name":"Alexandra Zanela","image":{"@type":"ImageObject","inLanguage":"pt-BR","@id":"https:\/\/sinepe-rs.org.br\/educacaoempauta\/#\/schema\/person\/image\/","url":"https:\/\/secure.gravatar.com\/avatar\/aab8da397152551fad5132b4b20cb891945e7bc931de8d0d72495261a983a371?s=96&d=mm&r=g","contentUrl":"https:\/\/secure.gravatar.com\/avatar\/aab8da397152551fad5132b4b20cb891945e7bc931de8d0d72495261a983a371?s=96&d=mm&r=g","caption":"Alexandra Zanela"},"url":"https:\/\/sinepe-rs.org.br\/educacaoempauta\/author\/alexandra\/"}]}},"_links":{"self":[{"href":"https:\/\/sinepe-rs.org.br\/educacaoempauta\/wp-json\/wp\/v2\/posts\/5332","targetHints":{"allow":["GET"]}}],"collection":[{"href":"https:\/\/sinepe-rs.org.br\/educacaoempauta\/wp-json\/wp\/v2\/posts"}],"about":[{"href":"https:\/\/sinepe-rs.org.br\/educacaoempauta\/wp-json\/wp\/v2\/types\/post"}],"author":[{"embeddable":true,"href":"https:\/\/sinepe-rs.org.br\/educacaoempauta\/wp-json\/wp\/v2\/users\/3"}],"replies":[{"embeddable":true,"href":"https:\/\/sinepe-rs.org.br\/educacaoempauta\/wp-json\/wp\/v2\/comments?post=5332"}],"version-history":[{"count":7,"href":"https:\/\/sinepe-rs.org.br\/educacaoempauta\/wp-json\/wp\/v2\/posts\/5332\/revisions"}],"predecessor-version":[{"id":5474,"href":"https:\/\/sinepe-rs.org.br\/educacaoempauta\/wp-json\/wp\/v2\/posts\/5332\/revisions\/5474"}],"wp:featuredmedia":[{"embeddable":true,"href":"https:\/\/sinepe-rs.org.br\/educacaoempauta\/wp-json\/wp\/v2\/media\/5333"}],"wp:attachment":[{"href":"https:\/\/sinepe-rs.org.br\/educacaoempauta\/wp-json\/wp\/v2\/media?parent=5332"}],"wp:term":[{"taxonomy":"category","embeddable":true,"href":"https:\/\/sinepe-rs.org.br\/educacaoempauta\/wp-json\/wp\/v2\/categories?post=5332"},{"taxonomy":"post_tag","embeddable":true,"href":"https:\/\/sinepe-rs.org.br\/educacaoempauta\/wp-json\/wp\/v2\/tags?post=5332"}],"curies":[{"name":"wp","href":"https:\/\/api.w.org\/{rel}","templated":true}]}}