{"id":5519,"date":"2025-03-11T07:16:00","date_gmt":"2025-03-11T10:16:00","guid":{"rendered":"https:\/\/sinepe-rs.org.br\/educacaoempauta\/?p=5519"},"modified":"2025-03-25T10:37:31","modified_gmt":"2025-03-25T13:37:31","slug":"adeus-celular-como-escolas-e-alunos-estao-se-adaptando-a-nova-lei","status":"publish","type":"post","link":"https:\/\/sinepe-rs.org.br\/educacaoempauta\/pedagogico\/adeus-celular-como-escolas-e-alunos-estao-se-adaptando-a-nova-lei\/","title":{"rendered":"Adeus, celular? Como escolas e alunos est\u00e3o se adaptando \u00e0 nova lei"},"content":{"rendered":"\n<p>Em janeiro de 2025, <mark style=\"background-color:#ff6900\" class=\"has-inline-color\">uma nova lei mudou a rotina das escolas em todo o Brasil.<\/mark> O presidente Luiz In\u00e1cio Lula da Silva sancionou a Lei 15.100\/25, que pro\u00edbe o uso de celulares e outros dispositivos eletr\u00f4nicos por alunos da Educa\u00e7\u00e3o Infantil, Ensino Fundamental e M\u00e9dio em institui\u00e7\u00f5es p\u00fablicas e privadas.<\/p>\n\n\n\n<p>A regra vale para todo o per\u00edodo escolar, incluindo os intervalos e recreios. Mas h\u00e1 exce\u00e7\u00f5es: o uso continua liberado para fins pedag\u00f3gicos, para estudantes com defici\u00eancia que precisam do recurso, para quest\u00f5es de sa\u00fade ou em casos de emerg\u00eancia.<\/p>\n\n\n\n<p>A ideia da <mark style=\"background-color:#ff6900\" class=\"has-inline-color\">nova medida \u00e9 proteger a sa\u00fade mental, f\u00edsica e emocional dos estudantes<\/mark>, e os especialistas apoiam essa mudan\u00e7a. Pesquisas mostram que 80% dos alunos sentem que o celular atrapalha a concentra\u00e7\u00e3o, especialmente em mat\u00e9rias como matem\u00e1tica. Al\u00e9m disso, o <mark style=\"background-color:#ff6900\" class=\"has-inline-color\">uso excessivo das redes sociais pode aumentar em 13% o risco de sintomas depressivos ao longo de dois anos<\/mark>.<br><br><strong>Leia tamb\u00e9m:<\/strong><\/p>\n\n\n\n<p><strong><a href=\"https:\/\/sinepe-rs.org.br\/educacaoempauta\/gestao\/os-impactos-da-lei-sobre-o-uso-de-celulares-no-ambiente-escolar\/\">>> Os impactos da lei sobre o uso de celulares no ambiente escolar<\/a><br><a href=\"https:\/\/sinepe-rs.org.br\/educacaoempauta\/inspire-se\/o-cerebro-conectado-como-as-telas-estao-transformando-nossa-mente\/\">>> O C\u00e9rebro Conectado: como as telas est\u00e3o transformando nossa mente<\/a><br><a href=\"https:\/\/sinepe-rs.org.br\/educacaoempauta\/tendencias\/geracao-beta-os-desafios-de-educar-estudantes-hiperconectados\/\">>> Gera\u00e7\u00e3o Beta: os desafios de educar estudantes hiperconectados<\/a><\/strong><\/p>\n\n\n\n<p>O <a href=\"https:\/\/www.gustavoadolfo.com.br\/\">Centro de Educa\u00e7\u00e3o B\u00e1sica Gustavo Adolfo<\/a>, em Lajeado, utiliza celulares como ferramenta pedag\u00f3gica desde 2013, mas com regras claras sobre seu uso em sala de aula: os aparelhos n\u00e3o saem das mochilas sem autoriza\u00e7\u00e3o do professor. Esse protocolo robusto para o uso de tecnologias facilitou a adapta\u00e7\u00e3o \u00e0s novas diretrizes. Com a nova lei, a \u00fanica mudan\u00e7a foi a proibi\u00e7\u00e3o do uso de celular, o que foi implementado de forma tranquila, com ades\u00e3o dos alunos e sem resist\u00eancia por parte dos pais, como conta o diretor da institui\u00e7\u00e3o, Edson Wieth\u00f6lter:<\/p>\n\n\n\n<p>\u201c<mark style=\"background-color:#ff6900\" class=\"has-inline-color\">No in\u00edcio do ano letivo, esse assunto j\u00e1 estava extremamente difundido nos meios sociais, pela imprensa<\/mark> e n\u00f3s n\u00e3o tivemos problema algum em adequar aquilo que j\u00e1 existia. Ou seja, a \u00fanica coisa que mudou foi a n\u00e3o permiss\u00e3o do uso de celular no recreio, e os alunos aderiram a isso com total propriedade. Conversamos com eles, debatemos com eles, qualificamos essa normativa e foi extremamente tranquilo, n\u00e3o tivemos nenhuma dificuldade\u201d.<\/p>\n\n\n\n<p>No<a href=\"https:\/\/colegios.redemarista.org.br\/rosario\"> Col\u00e9gio Marista Ros\u00e1rio<\/a>, de Porto Alegre, o uso excessivo de telas por crian\u00e7as e adolescentes era t\u00f3pico recorrente de debates, uma vez que pode comprometer o aprendizado e a socializa\u00e7\u00e3o dos estudantes, prejudicando o rendimento acad\u00eamico, restringindo o desenvolvimento de habilidades sociais essenciais. Isso colaborou na adapta\u00e7\u00e3o \u00e0 normativa legal:<\/p>\n\n\n\n<p>\u201cA escola considera muito positiva a proibi\u00e7\u00e3o do uso de celulares durante as aulas. <mark style=\"background-color:#ff6900\" class=\"has-inline-color\">Isso tem ajudado os estudantes a se concentrarem mais, participarem ativamente das atividades e melhorarem seu desempenho acad\u00eamico e suas rela\u00e7\u00f5es entre os diferentes grupos.<\/mark> Os estudantes rosarienses est\u00e3o reagindo positivamente \u00e0 nova regra, uma vez que o Col\u00e9gio j\u00e1 atuava frente a mat\u00e9ria. Estamos juntos mudando uma cultura. Sempre que h\u00e1 d\u00favidas, nossos estudantes se reportam aos educadores, seguindo as orienta\u00e7\u00f5es destes. Lideran\u00e7as de turma e Gr\u00eamio Estudantil t\u00eam se engajado em diferentes campanhas, juntamente com a escola\u201d, conta a vice-diretora Educacional, Vivian Bitello Monteiro.<\/p>\n\n\n\n<p><strong>Algumas estrat\u00e9gias<\/strong><\/p>\n\n\n\n<p>Mas muitas escolas enfrentam o desafio de apoiar os alunos nessa adapta\u00e7\u00e3o, que pode ser dif\u00edcil, j\u00e1 que <mark style=\"background-color:#ff6900\" class=\"has-inline-color\">os dispositivos m\u00f3veis fazem parte da rotina dos estudantes, tanto para comunica\u00e7\u00e3o quanto para entretenimento.<\/mark> No entanto, com algumas estrat\u00e9gias bem planejadas, \u00e9 poss\u00edvel tornar essa transi\u00e7\u00e3o mais tranquila e produtiva.<\/p>\n\n\n\n<p>O primeiro passo, segundo a pedagoga Eliege Ribeiro \u00e9 conversar com os alunos.<\/p>\n\n\n\n<p>\u201cMuitos alunos podem enxergar a proibi\u00e7\u00e3o como algo negativo. Por isso, \u00e9 importante que a escola esclare\u00e7a os benef\u00edcios da restri\u00e7\u00e3o, como a melhoria na concentra\u00e7\u00e3o, no desempenho acad\u00eamico e nas intera\u00e7\u00f5es sociais. Promover rodas de conversa ou palestras sobre o tema pode ajudar a conscientizar os estudantes sobre a import\u00e2ncia da medida &#8211; sugere.<\/p>\n\n\n\n<p>A pedagoga completa:<\/p>\n\n\n\n<p>\u201cNesses encontros, pode-se refor\u00e7ar o <mark style=\"background-color:#ff6900\" class=\"has-inline-color\">uso respons\u00e1vel da tecnologia<\/mark>. O objetivo n\u00e3o \u00e9 demonizar o celular, mas sim ensinar os alunos a us\u00e1-lo de maneira equilibrada. Oficinas sobre o uso saud\u00e1vel da tecnologia, educa\u00e7\u00e3o digital e at\u00e9 dicas de organiza\u00e7\u00e3o do tempo podem ajudar a construir h\u00e1bitos mais produtivos\u201d.<\/p>\n\n\n\n<p>Elige acrescenta que <mark style=\"background-color:#ff6900\" class=\"has-inline-color\">os educadores devem estar preparados para orientar os alunos e aplicar a regra de maneira consistente<\/mark>. Al\u00e9m disso, podem aproveitar a mudan\u00e7a para adotar metodologias mais din\u00e2micas, que envolvam debates, atividades em grupo e outras pr\u00e1ticas que mantenham os estudantes engajados sem a necessidade dos celulares.<\/p>\n\n\n\n<p>Al\u00e9m disso, a parceria entre escola e fam\u00edlia \u00e9 essencial para o sucesso da nova regra.<\/p>\n\n\n\n<p>\u201cOs respons\u00e1veis podem ser orientados sobre como refor\u00e7ar os limites do uso do celular em casa e estimular h\u00e1bitos saud\u00e1veis de estudo e lazer\u201d, diz a pedagoga.<\/p>\n\n\n\n<p><mark style=\"background-color:#ff6900\" class=\"has-inline-color\">Outra estrat\u00e9gia interessante para o \u201cdesmame\u201d das telas \u00e9 criar alternativas de entretenimento nos intervalos. <\/mark>A escola pode incentivar brincadeiras tradicionais, disponibilizar jogos de tabuleiro, estimular atividades esportivas e at\u00e9 criar espa\u00e7os de conviv\u00eancia para conversas e intera\u00e7\u00f5es entre os alunos. Esse plano foi adotado pelo Col\u00e9gio Ros\u00e1rio com muito sucesso.<\/p>\n\n\n\n<p>\u201cMuitos estudantes t\u00eam trazido jogos para se divertir juntos, e a escola tamb\u00e9m disponibiliza espa\u00e7os como o futebol de futmesa, fla-flu e ping-pong. Al\u00e9m disso, um projeto de esportes e uso da quadra durante o intervalo para promover ainda mais intera\u00e7\u00e3o est\u00e1 sendo estruturado. Outra novidade \u00e9 o intervalo musical, no qual oferecemos instrumentos para que os estudantes possam tocar e compartilhar seu talento tornando ainda mais relacionais atrav\u00e9s da m\u00fasica e da arte. A biblioteca, j\u00e1 era um recurso habitual em nosso espa\u00e7o. Nos intervalos, est\u00e1 sendo muito mais acessada, aumentando assim o \u00edndice de leitura e acesso a diferentes obras.&nbsp; Essas iniciativas visam fortalecer o engajamento, a socializa\u00e7\u00e3o e o bem-estar de todos\u201d, conta a professora Vivian.<\/p>\n\n\n\n<p>\u201c<mark style=\"background-color:#ff6900\" class=\"has-inline-color\">A adapta\u00e7\u00e3o pode levar algum tempo, mas, com estrat\u00e9gias bem planejadas, as escolas podem transformar essa mudan\u00e7a em uma oportunidade<\/mark> para fortalecer a concentra\u00e7\u00e3o, o aprendizado e as rela\u00e7\u00f5es interpessoais dos alunos\u201d, finaliza Eliege.<\/p>\n\n\n\n<p><strong>>> E na sua escola, quais pr\u00e1ticas est\u00e3o sendo adotadas para este momento de adapta\u00e7\u00e3o?<\/strong><\/p>\n\n\n\n<p><strong>Envie o relato para o e-mail<\/strong> <a href=\"mailto:educacaoempauta@sinepe-rs.org.br\">educacaoempauta@sinepe-rs.org.br<\/a><\/p>\n\n\n\n<p><\/p>\n","protected":false},"excerpt":{"rendered":"<p>Com a proibi\u00e7\u00e3o do uso de celulares durante o per\u00edodo escolar, institui\u00e7\u00f5es adotam estrat\u00e9gias para facilitar a transi\u00e7\u00e3o e fortalecer a concentra\u00e7\u00e3o e a socializa\u00e7\u00e3o dos estudantes<\/p>\n","protected":false},"author":3,"featured_media":5520,"comment_status":"closed","ping_status":"closed","sticky":false,"template":"","format":"standard","meta":{"footnotes":""},"categories":[6],"tags":[491,43],"class_list":["post-5519","post","type-post","status-publish","format-standard","has-post-thumbnail","hentry","category-pedagogico","tag-celular-em-sala-de-aula","tag-sinepe-rs-2"],"acf":[],"yoast_head":"<!-- This site is optimized with the Yoast SEO plugin v24.6 - https:\/\/yoast.com\/wordpress\/plugins\/seo\/ -->\n<title>Adeus, celular? Como escolas e alunos est\u00e3o se adaptando \u00e0 lei<\/title>\n<meta name=\"description\" content=\"Com a proibi\u00e7\u00e3o do uso de celulares em sala de aula, institui\u00e7\u00f5es adotam estrat\u00e9gias\" \/>\n<meta name=\"robots\" content=\"index, follow, max-snippet:-1, max-image-preview:large, max-video-preview:-1\" \/>\n<link rel=\"canonical\" href=\"https:\/\/sinepe-rs.org.br\/educacaoempauta\/pedagogico\/adeus-celular-como-escolas-e-alunos-estao-se-adaptando-a-nova-lei\/\" \/>\n<meta property=\"og:locale\" content=\"pt_BR\" \/>\n<meta property=\"og:type\" content=\"article\" \/>\n<meta property=\"og:title\" content=\"Adeus, celular? Como escolas e alunos est\u00e3o se adaptando \u00e0 lei\" \/>\n<meta property=\"og:description\" content=\"Com a proibi\u00e7\u00e3o do uso de celulares em sala de aula, institui\u00e7\u00f5es adotam estrat\u00e9gias\" \/>\n<meta property=\"og:url\" content=\"https:\/\/sinepe-rs.org.br\/educacaoempauta\/pedagogico\/adeus-celular-como-escolas-e-alunos-estao-se-adaptando-a-nova-lei\/\" \/>\n<meta property=\"og:site_name\" content=\"Educa\u00e7\u00e3o em Pauta: Portal de reportagens de Educa\u00e7\u00e3o\" \/>\n<meta property=\"article:published_time\" content=\"2025-03-11T10:16:00+00:00\" \/>\n<meta property=\"article:modified_time\" content=\"2025-03-25T13:37:31+00:00\" \/>\n<meta property=\"og:image\" content=\"https:\/\/sinepe-rs.org.br\/educacaoempauta\/wp-content\/uploads\/2025\/03\/sinepe_rs_edu-cacao_pauta_sem_celular.png\" \/>\n\t<meta property=\"og:image:width\" content=\"1366\" \/>\n\t<meta property=\"og:image:height\" content=\"450\" \/>\n\t<meta property=\"og:image:type\" content=\"image\/png\" \/>\n<meta name=\"author\" content=\"Alexandra Zanela\" \/>\n<meta name=\"twitter:card\" content=\"summary_large_image\" \/>\n<meta name=\"twitter:label1\" content=\"Escrito por\" \/>\n\t<meta name=\"twitter:data1\" content=\"Alexandra Zanela\" \/>\n\t<meta name=\"twitter:label2\" content=\"Est. tempo de leitura\" \/>\n\t<meta name=\"twitter:data2\" content=\"6 minutos\" \/>\n<script type=\"application\/ld+json\" class=\"yoast-schema-graph\">{\"@context\":\"https:\/\/schema.org\",\"@graph\":[{\"@type\":\"WebPage\",\"@id\":\"https:\/\/sinepe-rs.org.br\/educacaoempauta\/pedagogico\/adeus-celular-como-escolas-e-alunos-estao-se-adaptando-a-nova-lei\/\",\"url\":\"https:\/\/sinepe-rs.org.br\/educacaoempauta\/pedagogico\/adeus-celular-como-escolas-e-alunos-estao-se-adaptando-a-nova-lei\/\",\"name\":\"Adeus, celular? Como escolas e alunos est\u00e3o se adaptando \u00e0 lei\",\"isPartOf\":{\"@id\":\"https:\/\/sinepe-rs.org.br\/educacaoempauta\/#website\"},\"primaryImageOfPage\":{\"@id\":\"https:\/\/sinepe-rs.org.br\/educacaoempauta\/pedagogico\/adeus-celular-como-escolas-e-alunos-estao-se-adaptando-a-nova-lei\/#primaryimage\"},\"image\":{\"@id\":\"https:\/\/sinepe-rs.org.br\/educacaoempauta\/pedagogico\/adeus-celular-como-escolas-e-alunos-estao-se-adaptando-a-nova-lei\/#primaryimage\"},\"thumbnailUrl\":\"https:\/\/sinepe-rs.org.br\/educacaoempauta\/wp-content\/uploads\/2025\/03\/sinepe_rs_edu-cacao_pauta_sem_celular.png\",\"datePublished\":\"2025-03-11T10:16:00+00:00\",\"dateModified\":\"2025-03-25T13:37:31+00:00\",\"author\":{\"@id\":\"https:\/\/sinepe-rs.org.br\/educacaoempauta\/#\/schema\/person\/c542073558983d5792101d1b5240d841\"},\"description\":\"Com a proibi\u00e7\u00e3o do uso de celulares em sala de aula, institui\u00e7\u00f5es adotam estrat\u00e9gias\",\"breadcrumb\":{\"@id\":\"https:\/\/sinepe-rs.org.br\/educacaoempauta\/pedagogico\/adeus-celular-como-escolas-e-alunos-estao-se-adaptando-a-nova-lei\/#breadcrumb\"},\"inLanguage\":\"pt-BR\",\"potentialAction\":[{\"@type\":\"ReadAction\",\"target\":[\"https:\/\/sinepe-rs.org.br\/educacaoempauta\/pedagogico\/adeus-celular-como-escolas-e-alunos-estao-se-adaptando-a-nova-lei\/\"]}]},{\"@type\":\"ImageObject\",\"inLanguage\":\"pt-BR\",\"@id\":\"https:\/\/sinepe-rs.org.br\/educacaoempauta\/pedagogico\/adeus-celular-como-escolas-e-alunos-estao-se-adaptando-a-nova-lei\/#primaryimage\",\"url\":\"https:\/\/sinepe-rs.org.br\/educacaoempauta\/wp-content\/uploads\/2025\/03\/sinepe_rs_edu-cacao_pauta_sem_celular.png\",\"contentUrl\":\"https:\/\/sinepe-rs.org.br\/educacaoempauta\/wp-content\/uploads\/2025\/03\/sinepe_rs_edu-cacao_pauta_sem_celular.png\",\"width\":1366,\"height\":450,\"caption\":\"Adeus, celular? Como escolas e alunos est\u00e3o se adaptando \u00e0 nova lei\"},{\"@type\":\"BreadcrumbList\",\"@id\":\"https:\/\/sinepe-rs.org.br\/educacaoempauta\/pedagogico\/adeus-celular-como-escolas-e-alunos-estao-se-adaptando-a-nova-lei\/#breadcrumb\",\"itemListElement\":[{\"@type\":\"ListItem\",\"position\":1,\"name\":\"Home\",\"item\":\"https:\/\/sinepe-rs.org.br\/educacaoempauta\/\"},{\"@type\":\"ListItem\",\"position\":2,\"name\":\"Adeus, celular? Como escolas e alunos est\u00e3o se adaptando \u00e0 nova lei\"}]},{\"@type\":\"WebSite\",\"@id\":\"https:\/\/sinepe-rs.org.br\/educacaoempauta\/#website\",\"url\":\"https:\/\/sinepe-rs.org.br\/educacaoempauta\/\",\"name\":\"Educa\u00e7\u00e3o em Pauta: Portal de reportagens de Educa\u00e7\u00e3o\",\"description\":\"Sinepe-RS\",\"potentialAction\":[{\"@type\":\"SearchAction\",\"target\":{\"@type\":\"EntryPoint\",\"urlTemplate\":\"https:\/\/sinepe-rs.org.br\/educacaoempauta\/?s={search_term_string}\"},\"query-input\":{\"@type\":\"PropertyValueSpecification\",\"valueRequired\":true,\"valueName\":\"search_term_string\"}}],\"inLanguage\":\"pt-BR\"},{\"@type\":\"Person\",\"@id\":\"https:\/\/sinepe-rs.org.br\/educacaoempauta\/#\/schema\/person\/c542073558983d5792101d1b5240d841\",\"name\":\"Alexandra Zanela\",\"image\":{\"@type\":\"ImageObject\",\"inLanguage\":\"pt-BR\",\"@id\":\"https:\/\/sinepe-rs.org.br\/educacaoempauta\/#\/schema\/person\/image\/\",\"url\":\"https:\/\/secure.gravatar.com\/avatar\/aab8da397152551fad5132b4b20cb891945e7bc931de8d0d72495261a983a371?s=96&d=mm&r=g\",\"contentUrl\":\"https:\/\/secure.gravatar.com\/avatar\/aab8da397152551fad5132b4b20cb891945e7bc931de8d0d72495261a983a371?s=96&d=mm&r=g\",\"caption\":\"Alexandra Zanela\"},\"url\":\"https:\/\/sinepe-rs.org.br\/educacaoempauta\/author\/alexandra\/\"}]}<\/script>\n<!-- \/ Yoast SEO plugin. -->","yoast_head_json":{"title":"Adeus, celular? Como escolas e alunos est\u00e3o se adaptando \u00e0 lei","description":"Com a proibi\u00e7\u00e3o do uso de celulares em sala de aula, institui\u00e7\u00f5es adotam estrat\u00e9gias","robots":{"index":"index","follow":"follow","max-snippet":"max-snippet:-1","max-image-preview":"max-image-preview:large","max-video-preview":"max-video-preview:-1"},"canonical":"https:\/\/sinepe-rs.org.br\/educacaoempauta\/pedagogico\/adeus-celular-como-escolas-e-alunos-estao-se-adaptando-a-nova-lei\/","og_locale":"pt_BR","og_type":"article","og_title":"Adeus, celular? Como escolas e alunos est\u00e3o se adaptando \u00e0 lei","og_description":"Com a proibi\u00e7\u00e3o do uso de celulares em sala de aula, institui\u00e7\u00f5es adotam estrat\u00e9gias","og_url":"https:\/\/sinepe-rs.org.br\/educacaoempauta\/pedagogico\/adeus-celular-como-escolas-e-alunos-estao-se-adaptando-a-nova-lei\/","og_site_name":"Educa\u00e7\u00e3o em Pauta: Portal de reportagens de Educa\u00e7\u00e3o","article_published_time":"2025-03-11T10:16:00+00:00","article_modified_time":"2025-03-25T13:37:31+00:00","og_image":[{"width":1366,"height":450,"url":"https:\/\/sinepe-rs.org.br\/educacaoempauta\/wp-content\/uploads\/2025\/03\/sinepe_rs_edu-cacao_pauta_sem_celular.png","type":"image\/png"}],"author":"Alexandra Zanela","twitter_card":"summary_large_image","twitter_misc":{"Escrito por":"Alexandra Zanela","Est. tempo de leitura":"6 minutos"},"schema":{"@context":"https:\/\/schema.org","@graph":[{"@type":"WebPage","@id":"https:\/\/sinepe-rs.org.br\/educacaoempauta\/pedagogico\/adeus-celular-como-escolas-e-alunos-estao-se-adaptando-a-nova-lei\/","url":"https:\/\/sinepe-rs.org.br\/educacaoempauta\/pedagogico\/adeus-celular-como-escolas-e-alunos-estao-se-adaptando-a-nova-lei\/","name":"Adeus, celular? Como escolas e alunos est\u00e3o se adaptando \u00e0 lei","isPartOf":{"@id":"https:\/\/sinepe-rs.org.br\/educacaoempauta\/#website"},"primaryImageOfPage":{"@id":"https:\/\/sinepe-rs.org.br\/educacaoempauta\/pedagogico\/adeus-celular-como-escolas-e-alunos-estao-se-adaptando-a-nova-lei\/#primaryimage"},"image":{"@id":"https:\/\/sinepe-rs.org.br\/educacaoempauta\/pedagogico\/adeus-celular-como-escolas-e-alunos-estao-se-adaptando-a-nova-lei\/#primaryimage"},"thumbnailUrl":"https:\/\/sinepe-rs.org.br\/educacaoempauta\/wp-content\/uploads\/2025\/03\/sinepe_rs_edu-cacao_pauta_sem_celular.png","datePublished":"2025-03-11T10:16:00+00:00","dateModified":"2025-03-25T13:37:31+00:00","author":{"@id":"https:\/\/sinepe-rs.org.br\/educacaoempauta\/#\/schema\/person\/c542073558983d5792101d1b5240d841"},"description":"Com a proibi\u00e7\u00e3o do uso de celulares em sala de aula, institui\u00e7\u00f5es adotam estrat\u00e9gias","breadcrumb":{"@id":"https:\/\/sinepe-rs.org.br\/educacaoempauta\/pedagogico\/adeus-celular-como-escolas-e-alunos-estao-se-adaptando-a-nova-lei\/#breadcrumb"},"inLanguage":"pt-BR","potentialAction":[{"@type":"ReadAction","target":["https:\/\/sinepe-rs.org.br\/educacaoempauta\/pedagogico\/adeus-celular-como-escolas-e-alunos-estao-se-adaptando-a-nova-lei\/"]}]},{"@type":"ImageObject","inLanguage":"pt-BR","@id":"https:\/\/sinepe-rs.org.br\/educacaoempauta\/pedagogico\/adeus-celular-como-escolas-e-alunos-estao-se-adaptando-a-nova-lei\/#primaryimage","url":"https:\/\/sinepe-rs.org.br\/educacaoempauta\/wp-content\/uploads\/2025\/03\/sinepe_rs_edu-cacao_pauta_sem_celular.png","contentUrl":"https:\/\/sinepe-rs.org.br\/educacaoempauta\/wp-content\/uploads\/2025\/03\/sinepe_rs_edu-cacao_pauta_sem_celular.png","width":1366,"height":450,"caption":"Adeus, celular? Como escolas e alunos est\u00e3o se adaptando \u00e0 nova lei"},{"@type":"BreadcrumbList","@id":"https:\/\/sinepe-rs.org.br\/educacaoempauta\/pedagogico\/adeus-celular-como-escolas-e-alunos-estao-se-adaptando-a-nova-lei\/#breadcrumb","itemListElement":[{"@type":"ListItem","position":1,"name":"Home","item":"https:\/\/sinepe-rs.org.br\/educacaoempauta\/"},{"@type":"ListItem","position":2,"name":"Adeus, celular? Como escolas e alunos est\u00e3o se adaptando \u00e0 nova lei"}]},{"@type":"WebSite","@id":"https:\/\/sinepe-rs.org.br\/educacaoempauta\/#website","url":"https:\/\/sinepe-rs.org.br\/educacaoempauta\/","name":"Educa\u00e7\u00e3o em Pauta: Portal de reportagens de Educa\u00e7\u00e3o","description":"Sinepe-RS","potentialAction":[{"@type":"SearchAction","target":{"@type":"EntryPoint","urlTemplate":"https:\/\/sinepe-rs.org.br\/educacaoempauta\/?s={search_term_string}"},"query-input":{"@type":"PropertyValueSpecification","valueRequired":true,"valueName":"search_term_string"}}],"inLanguage":"pt-BR"},{"@type":"Person","@id":"https:\/\/sinepe-rs.org.br\/educacaoempauta\/#\/schema\/person\/c542073558983d5792101d1b5240d841","name":"Alexandra Zanela","image":{"@type":"ImageObject","inLanguage":"pt-BR","@id":"https:\/\/sinepe-rs.org.br\/educacaoempauta\/#\/schema\/person\/image\/","url":"https:\/\/secure.gravatar.com\/avatar\/aab8da397152551fad5132b4b20cb891945e7bc931de8d0d72495261a983a371?s=96&d=mm&r=g","contentUrl":"https:\/\/secure.gravatar.com\/avatar\/aab8da397152551fad5132b4b20cb891945e7bc931de8d0d72495261a983a371?s=96&d=mm&r=g","caption":"Alexandra Zanela"},"url":"https:\/\/sinepe-rs.org.br\/educacaoempauta\/author\/alexandra\/"}]}},"_links":{"self":[{"href":"https:\/\/sinepe-rs.org.br\/educacaoempauta\/wp-json\/wp\/v2\/posts\/5519","targetHints":{"allow":["GET"]}}],"collection":[{"href":"https:\/\/sinepe-rs.org.br\/educacaoempauta\/wp-json\/wp\/v2\/posts"}],"about":[{"href":"https:\/\/sinepe-rs.org.br\/educacaoempauta\/wp-json\/wp\/v2\/types\/post"}],"author":[{"embeddable":true,"href":"https:\/\/sinepe-rs.org.br\/educacaoempauta\/wp-json\/wp\/v2\/users\/3"}],"replies":[{"embeddable":true,"href":"https:\/\/sinepe-rs.org.br\/educacaoempauta\/wp-json\/wp\/v2\/comments?post=5519"}],"version-history":[{"count":5,"href":"https:\/\/sinepe-rs.org.br\/educacaoempauta\/wp-json\/wp\/v2\/posts\/5519\/revisions"}],"predecessor-version":[{"id":5579,"href":"https:\/\/sinepe-rs.org.br\/educacaoempauta\/wp-json\/wp\/v2\/posts\/5519\/revisions\/5579"}],"wp:featuredmedia":[{"embeddable":true,"href":"https:\/\/sinepe-rs.org.br\/educacaoempauta\/wp-json\/wp\/v2\/media\/5520"}],"wp:attachment":[{"href":"https:\/\/sinepe-rs.org.br\/educacaoempauta\/wp-json\/wp\/v2\/media?parent=5519"}],"wp:term":[{"taxonomy":"category","embeddable":true,"href":"https:\/\/sinepe-rs.org.br\/educacaoempauta\/wp-json\/wp\/v2\/categories?post=5519"},{"taxonomy":"post_tag","embeddable":true,"href":"https:\/\/sinepe-rs.org.br\/educacaoempauta\/wp-json\/wp\/v2\/tags?post=5519"}],"curies":[{"name":"wp","href":"https:\/\/api.w.org\/{rel}","templated":true}]}}