{"id":570,"date":"2022-03-15T19:18:50","date_gmt":"2022-03-15T22:18:50","guid":{"rendered":"https:\/\/sinepe-rs.org.br\/educacaoempauta\/?p=570"},"modified":"2022-06-28T12:16:19","modified_gmt":"2022-06-28T15:16:19","slug":"metaverso-e-educacao-do-que-estamos-falando","status":"publish","type":"post","link":"https:\/\/sinepe-rs.org.br\/educacaoempauta\/inspire-se\/metaverso-e-educacao-do-que-estamos-falando\/","title":{"rendered":"Metaverso e Educa\u00e7\u00e3o, do que estamos falando?"},"content":{"rendered":"\n<p>Desde o fim de 2021, a palavra <a rel=\"noreferrer noopener\" href=\"https:\/\/www.wired.com\/story\/what-is-the-metaverse\/\" target=\"_blank\"><strong>metaverso<\/strong><\/a> tem sido uma das <a href=\"https:\/\/trends.google.com.br\/trends\/explore?geo=BR&amp;q=metaverso\"><strong>mais buscadas da internet<\/strong><\/a>, e tornou-se mais comum ouvir falar da express\u00e3o em ve\u00edculos de comunica\u00e7\u00e3o mundo afora. O que sabemos, at\u00e9 ent\u00e3o, \u00e9 que se trata de um universo virtual onde as pessoas podem ser, fazer e construir o que quiserem, em um espa\u00e7o compartilhado, que pode ser acessado usando \u00f3culos especiais e outros equipamentos, como j\u00e1 \u00e9 comum em jogos. Mas, afinal, o que impactos o metaverso pode causar, por exemplo, na educa\u00e7\u00e3o b\u00e1sica ou superior?<\/p>\n\n\n\n<p>Para entender esse universo, conversamos com a pesquisadora em tecnologias educacionais e professora de Design Educacional da Universidade Federal de S\u00e3o Paulo (Unifesp), <a rel=\"noreferrer noopener\" href=\"https:\/\/www.linkedin.com\/in\/paula-carolei-a987b38\/?originalSubdomain=br\" target=\"_blank\"><strong>Paula Carolei<\/strong><\/a>. Segundo Paula, o metaverso tem potencial de ser utilizado pelas escolas como espa\u00e7o de experimenta\u00e7\u00e3o, estimulando a descoberta e a cria\u00e7\u00e3o autoral. Ao criar <a rel=\"noreferrer noopener\" href=\"https:\/\/www.cambridge.org\/elt\/blog\/2021\/11\/15\/metaverse-educational-potential\/\" target=\"_blank\"><strong>experi\u00eancias no metaverso<\/strong><\/a>, diz, a institui\u00e7\u00e3o pode possibilitar aos corpos docente e discente experi\u00eancias contextualizadas com a realidade, e os dados gerados podem ser utilizados para acompanhar as intera\u00e7\u00f5es e os processos de cria\u00e7\u00e3o, inclusive como meio de avalia\u00e7\u00e3o da aprendizagem.A pesquisadora Paula respondeu a algumas perguntas sobre o assunto:<\/p>\n\n\n\n<p><strong>1)Teremos aulas e escolas no metaverso? Isso pode ser vi\u00e1vel? Se sim, quando pode acontecer?<\/strong><\/p>\n\n\n\n<p>N\u00e3o acho que metaverso \u00e9 um lugar para reproduzir espa\u00e7o formais. Isso j\u00e1 foi tentado na \u00e9poca da onda do <a href=\"https:\/\/www.techtudo.com.br\/noticias\/2019\/11\/second-life-o-que-mudou-nos-16-anos-do-popular-game-online.ghtml\" target=\"_blank\" rel=\"noreferrer noopener\"><strong>Second Life<\/strong><\/a>, entre 2006 e 2009, e n\u00e3o funcionou. Pense num espa\u00e7o onde \u00e9 poss\u00edvel criar qualquer simula\u00e7\u00e3o ou proposta inovadora: por que reproduzir os limites dos espa\u00e7os f\u00edsicos? Isso \u00e9 desperd\u00edcio de potencial. As escolas podem usar o metaverso como espa\u00e7o de projetos, criar experi\u00eancias inovadoras, mas para qu\u00ea ter a escola l\u00e1? N\u00e3o vejo sentido nenhum. Escola n\u00e3o \u00e9 loja e nem \u00e9 um espa\u00e7o para expor marca. Escola \u00e9 espa\u00e7o de aprendizagem.<\/p>\n\n\n\n<p><strong>2) Se ocorrer na educa\u00e7\u00e3o, por onde deve come\u00e7ar primeiro: na educa\u00e7\u00e3o b\u00e1sica ou na Superior?<\/strong><\/p>\n\n\n\n<p>Vejo o metaverso com o potencial de espa\u00e7o de experimenta\u00e7\u00e3o. Al\u00e9m de pensar em tecnologia, temos que entender as pot\u00eancias pedag\u00f3gicas antes disso. Acho que projetos e experimenta\u00e7\u00f5es cabem em qualquer n\u00edvel de ensino: o que muda \u00e9 a complexidade das experi\u00eancias, os tipos de instru\u00e7\u00f5es e at\u00e9 os n\u00edveis de responsabilidades criados. A educa\u00e7\u00e3o b\u00e1sica exige maior cuidado com seguran\u00e7a e de uso respons\u00e1vel desses espa\u00e7os. O Ensino Superior pode ter estruturas mais robustas e participa\u00e7\u00e3o mais respons\u00e1vel do aluno.<\/p>\n\n\n\n<p><strong>3) Poderia antecipar algumas possibilidades nesse sentido, relacionadas aos impactos mais reais no dia a dia do ambiente escolar?<\/strong><\/p>\n\n\n\n<p>A maior revolu\u00e7\u00e3o n\u00e3o \u00e9 o metaverso como tecnologia, mas como conceito. \u00c9 transformar uma l\u00f3gica de exposi\u00e7\u00e3o e de material did\u00e1tico de consumo em propostas de cria\u00e7\u00e3o de ambientes mais explorat\u00f3rios e l\u00fadicos, que chamamos de &#8220;micromundos&#8221;. \u00c9 parar de explicar coisas aos alunos e criar uma ambi\u00eancia formativa, nos quais os alunos descubram, interajam, criem, proponham etc. Infelizmente ainda vejo experi\u00eancias usando metaverso que continuam expositivas e reprodutoras e n\u00e3o aproveitam o potencial do dele. Deveria ser uma revolu\u00e7\u00e3o em toda l\u00f3gica do ensino que, em vez de apresentar conte\u00fados, criaria possibilidade de experimenta\u00e7\u00e3o e explora\u00e7\u00e3o. A realidade virtual e os espa\u00e7os gamificados n\u00e3o conseguem manter a participa\u00e7\u00e3o do aluno o tempo todo. H\u00e1 esgotamento da pr\u00f3pria intera\u00e7\u00e3o em ambientes virtuais. A tela j\u00e1 \u00e9 cansativa. Tela com explora\u00e7\u00e3o n\u00e3o d\u00e1 para ser uma experi\u00eancia de quatro horas como aula. \u00c9 preciso ter espa\u00e7os de discuss\u00e3o, intera\u00e7\u00e3o e conviv\u00eancia.<\/p>\n\n\n\n<h2 class=\"wp-block-heading\"><strong>Para entender o conceito<\/strong><\/h2>\n\n\n\n<p>Segundo Paula, os metaversos j\u00e1 foram conhecidos como mundos digitais ou virtuais, que funcionam semelhantes a cen\u00e1rios de jogos, no qual, al\u00e9m de desafios espec\u00edficos e programados, as pessoas e\/ou institui\u00e7\u00f5es podem criar novos cen\u00e1rios para outros tipos&nbsp; de intera\u00e7\u00e3o e participa\u00e7\u00e3o.&nbsp;<\/p>\n\n\n\n<p>\u201c\u00c9 um espa\u00e7o que \u00e9 constru\u00eddo e reconstru\u00eddo pelos participantes\u201d, afirma. Esses mundos virtuais existem desde que come\u00e7ou a internet. No in\u00edcio eram ambientes textuais, em que se &#8220;descreviam&#8221; esses espa\u00e7os, ainda na d\u00e9cada de 1980 e 1990. Depois os gr\u00e1ficos foram ficando mais realistas, assim como aumentou a possibilidade de simula\u00e7\u00e3o, cen\u00e1rios com modelagem 3D, de cria\u00e7\u00e3o e movimenta\u00e7\u00e3o de avatar. Essa parte gr\u00e1fica tamb\u00e9m sempre demanda maior processamento computacional e maior velocidade da internet. Por isso, os modelos mais realistas, com realidade virtual, ainda s\u00e3o invi\u00e1veis em celulares ou em m\u00e1quinas de baixo processamento.<\/p>\n\n\n\n<p>As primeiras experimenta\u00e7\u00f5es desses ambientes foram em espa\u00e7os acad\u00eamicos e art\u00edsticos, com estruturas sociais e de constru\u00e7\u00f5es de espa\u00e7os virtuais. \u201cNos primeiros mundos virtuais n\u00e3o haviam interesses comerciais, diferentemente de hoje em dia, em que a monetiza\u00e7\u00e3o j\u00e1 existe, e esses espa\u00e7os que antes eram de cria\u00e7\u00e3o, conviv\u00eancia e experimenta\u00e7\u00e3o art\u00edsticas, passaram a ser vendidos como espa\u00e7os de consumo de imagem de marcas e empresas\u201d, reitera.<\/p>\n\n\n\n<p>A pesquisadora explica tamb\u00e9m que os metaversos nunca deixaram de existir. \u201cHouve uma onda de empresas no per\u00edodo de 2006 a 2009 e, depois, n\u00e3o se falou mais de forma ostensiva\u201d. Agora, complementa, o foco parece estar no interesse comercial, a partir da divulga\u00e7\u00e3o do desenvolvimento do <a href=\"https:\/\/www.insper.edu.br\/noticias\/por-que-o-facebook-virou-meta-quatro-razoes-para-entender-a-mudanca-de-nome\/\" target=\"_blank\" rel=\"noreferrer noopener\"><strong>Facebook, rebatizado como Meta<\/strong><\/a>.&nbsp;<\/p>\n\n\n\n<p>\u201cNessa&nbsp; nova onda de interesse, \u00e9 poss\u00edvel&nbsp; aproveitar a visibilidade para discutir e aprimorar aprendizagem por projeto e experimenta\u00e7\u00e3o. \u00c9 preciso ter claro que o interesse comercial do Facebook e de outras empresas \u00e9 usar os metaversos como fazem com as redes sociais, com interface para coleta de dados de intera\u00e7\u00e3o e de perfil de comportamento e consumo, que s\u00e3o vendidos para empresas\u201d.<\/p>\n\n\n\n<p><\/p>\n\n\n\n<p><strong>A experi\u00eancia de aprendizagem no metaverso (segundo o pr\u00f3prio Facebook, ops, Meta)<\/strong><\/p>\n\n\n\n<figure class=\"wp-block-embed is-type-video is-provider-youtube wp-block-embed-youtube wp-embed-aspect-16-9 wp-has-aspect-ratio\"><div class=\"wp-block-embed__wrapper\">\n<iframe loading=\"lazy\" title=\"Education in the metaverse\" width=\"500\" height=\"281\" src=\"https:\/\/www.youtube.com\/embed\/KLOcj5qvOio?feature=oembed\" frameborder=\"0\" allow=\"accelerometer; autoplay; clipboard-write; encrypted-media; gyroscope; picture-in-picture; web-share\" referrerpolicy=\"strict-origin-when-cross-origin\" allowfullscreen><\/iframe>\n<\/div><\/figure>\n\n\n\n<p>O diretor do Instituto para Inova\u00e7\u00e3o em Educa\u00e7\u00e3o da Unisinos, <a href=\"https:\/\/gborba2000.medium.com\/em-que-mundo-vivemos-66cf3e8c1ecf\" target=\"_blank\" rel=\"noreferrer noopener\"><strong>Gustavo Borba<\/strong><\/a>, lembra que toda a tecnologia que permite a aproxima\u00e7\u00e3o e a constru\u00e7\u00e3o de engajamento \u00e9 sempre positiva, por\u00e9m n\u00e3o pode-se desviar do olhar pedag\u00f3gico e de uma perspectiva plural.<\/p>\n\n\n\n<p>&#8220;Devemos discutir um processo de educa\u00e7\u00e3o plural, que considera diferentes cosmovis\u00f5es e que nasce na compreens\u00e3o dos pluriversos. Precisamos aprender e pensar coletivamente. A partir disso, ampliamos as possibilidades de nosso universo e podemos levar estas possibilidades para outros espa\u00e7os digitais, sem esquecer as quest\u00f5es fundamentais que precisamos resolver na nossa realidade&#8221;, explica.<\/p>\n\n\n\n<p>Professor e coordenador do Laborat\u00f3rio de Pesquisa em Mobilidade e Converg\u00eancia Midi\u00e1tica (Ubilab) da Escola de Comunica\u00e7\u00e3o, Artes e Design da PUCRS,<strong> <\/strong><a href=\"https:\/\/www.linkedin.com\/in\/pellanda\/?originalSubdomain=br\" target=\"_blank\" rel=\"noreferrer noopener\"><strong>Eduardo Pellanda<\/strong><\/a> acredita que o ensino on-line pode beneficiar-se de ambientes baseados em Metaverso, visto que \u00e9 poss\u00edvel simular espa\u00e7os f\u00edsicos e experi\u00eancias antes complicadas, e abusar da criatividade.&nbsp;<\/p>\n\n\n\n<p>\u201cN\u00e3o ficamos mais limitados ao ambiente bidimensional das videoconfer\u00eancias. Imagina que interessante ensinar estudantes de jornalismo a cobrirem guerras fazendo uma simula\u00e7\u00e3o antes de eles serem submetidos a tal situa\u00e7\u00e3o real\u201d, reflete.&nbsp;<\/p>\n\n\n\n<p>No Ubilab, explica Pellanda, o trabalho com realidade aumentada e realidade virtual ocorre h\u00e1 alguns anos, tendo como clientes de pesquisa empresas como a Globo e a DB Server. \u201cSempre tentamos buscar novas formas de comunica\u00e7\u00e3o que em alguns casos podem virar novos produtos. \u00c9 o caso espec\u00edfico da Globo, em que trabalhamos em uma interface de Realidade Aumentada. Buscamos entender como podemos usar esta tecnologia para buscar a interse\u00e7\u00e3o entre espa\u00e7os f\u00edsicos e virtuais\u201d, afirma.<\/p>\n","protected":false},"excerpt":{"rendered":"<p>Universo virtual que promete revolucionar a conviv\u00eancia entre as pessoas e encurtar dist\u00e2ncias tamb\u00e9m deve ser aplicado \u00e0 educa\u00e7\u00e3o. Falta saber como, exatamente, isso ocorrer\u00e1, e os potenciais benef\u00edcios para os estudantes<\/p>\n","protected":false},"author":1,"featured_media":571,"comment_status":"open","ping_status":"open","sticky":false,"template":"","format":"standard","meta":{"footnotes":""},"categories":[7],"tags":[49,43],"class_list":["post-570","post","type-post","status-publish","format-standard","has-post-thumbnail","hentry","category-inspire-se","tag-metaverso","tag-sinepe-rs-2"],"acf":[],"yoast_head":"<!-- This site is optimized with the Yoast SEO plugin v24.6 - https:\/\/yoast.com\/wordpress\/plugins\/seo\/ -->\n<title>Metaverso e Educa\u00e7\u00e3o, do que estamos falando? - Educa\u00e7\u00e3o em Pauta: Portal de reportagens de Educa\u00e7\u00e3o<\/title>\n<meta name=\"robots\" content=\"index, follow, max-snippet:-1, max-image-preview:large, max-video-preview:-1\" \/>\n<link rel=\"canonical\" href=\"https:\/\/sinepe-rs.org.br\/educacaoempauta\/inspire-se\/metaverso-e-educacao-do-que-estamos-falando\/\" \/>\n<meta property=\"og:locale\" content=\"pt_BR\" \/>\n<meta property=\"og:type\" content=\"article\" \/>\n<meta property=\"og:title\" content=\"Metaverso e Educa\u00e7\u00e3o, do que estamos falando? - Educa\u00e7\u00e3o em Pauta: Portal de reportagens de Educa\u00e7\u00e3o\" \/>\n<meta property=\"og:description\" content=\"Universo virtual que promete revolucionar a conviv\u00eancia entre as pessoas e encurtar dist\u00e2ncias tamb\u00e9m deve ser aplicado \u00e0 educa\u00e7\u00e3o. Falta saber como, exatamente, isso ocorrer\u00e1, e os potenciais benef\u00edcios para os estudantes\" \/>\n<meta property=\"og:url\" content=\"https:\/\/sinepe-rs.org.br\/educacaoempauta\/inspire-se\/metaverso-e-educacao-do-que-estamos-falando\/\" \/>\n<meta property=\"og:site_name\" content=\"Educa\u00e7\u00e3o em Pauta: Portal de reportagens de Educa\u00e7\u00e3o\" \/>\n<meta property=\"article:published_time\" content=\"2022-03-15T22:18:50+00:00\" \/>\n<meta property=\"article:modified_time\" content=\"2022-06-28T15:16:19+00:00\" \/>\n<meta property=\"og:image\" content=\"https:\/\/sinepe-rs.org.br\/educacaoempauta\/wp-content\/uploads\/2022\/03\/16-Metaverso-Depositphotos_407786988_L.jpg\" \/>\n\t<meta property=\"og:image:width\" content=\"2000\" \/>\n\t<meta property=\"og:image:height\" content=\"947\" \/>\n\t<meta property=\"og:image:type\" content=\"image\/jpeg\" \/>\n<meta name=\"author\" content=\"admin\" \/>\n<meta name=\"twitter:card\" content=\"summary_large_image\" \/>\n<meta name=\"twitter:label1\" content=\"Escrito por\" \/>\n\t<meta name=\"twitter:data1\" content=\"admin\" \/>\n\t<meta name=\"twitter:label2\" content=\"Est. tempo de leitura\" \/>\n\t<meta name=\"twitter:data2\" content=\"7 minutos\" \/>\n<script type=\"application\/ld+json\" class=\"yoast-schema-graph\">{\"@context\":\"https:\/\/schema.org\",\"@graph\":[{\"@type\":\"WebPage\",\"@id\":\"https:\/\/sinepe-rs.org.br\/educacaoempauta\/inspire-se\/metaverso-e-educacao-do-que-estamos-falando\/\",\"url\":\"https:\/\/sinepe-rs.org.br\/educacaoempauta\/inspire-se\/metaverso-e-educacao-do-que-estamos-falando\/\",\"name\":\"Metaverso e Educa\u00e7\u00e3o, do que estamos falando? - Educa\u00e7\u00e3o em Pauta: Portal de reportagens de Educa\u00e7\u00e3o\",\"isPartOf\":{\"@id\":\"https:\/\/sinepe-rs.org.br\/educacaoempauta\/#website\"},\"primaryImageOfPage\":{\"@id\":\"https:\/\/sinepe-rs.org.br\/educacaoempauta\/inspire-se\/metaverso-e-educacao-do-que-estamos-falando\/#primaryimage\"},\"image\":{\"@id\":\"https:\/\/sinepe-rs.org.br\/educacaoempauta\/inspire-se\/metaverso-e-educacao-do-que-estamos-falando\/#primaryimage\"},\"thumbnailUrl\":\"https:\/\/sinepe-rs.org.br\/educacaoempauta\/wp-content\/uploads\/2022\/03\/16-Metaverso-Depositphotos_407786988_L.jpg\",\"datePublished\":\"2022-03-15T22:18:50+00:00\",\"dateModified\":\"2022-06-28T15:16:19+00:00\",\"author\":{\"@id\":\"https:\/\/sinepe-rs.org.br\/educacaoempauta\/#\/schema\/person\/abdb0e2f9fd598d948c507465a0fb114\"},\"breadcrumb\":{\"@id\":\"https:\/\/sinepe-rs.org.br\/educacaoempauta\/inspire-se\/metaverso-e-educacao-do-que-estamos-falando\/#breadcrumb\"},\"inLanguage\":\"pt-BR\",\"potentialAction\":[{\"@type\":\"ReadAction\",\"target\":[\"https:\/\/sinepe-rs.org.br\/educacaoempauta\/inspire-se\/metaverso-e-educacao-do-que-estamos-falando\/\"]}]},{\"@type\":\"ImageObject\",\"inLanguage\":\"pt-BR\",\"@id\":\"https:\/\/sinepe-rs.org.br\/educacaoempauta\/inspire-se\/metaverso-e-educacao-do-que-estamos-falando\/#primaryimage\",\"url\":\"https:\/\/sinepe-rs.org.br\/educacaoempauta\/wp-content\/uploads\/2022\/03\/16-Metaverso-Depositphotos_407786988_L.jpg\",\"contentUrl\":\"https:\/\/sinepe-rs.org.br\/educacaoempauta\/wp-content\/uploads\/2022\/03\/16-Metaverso-Depositphotos_407786988_L.jpg\",\"width\":2000,\"height\":947,\"caption\":\"Boy Learning Math Using VR Glasses Standing On Blue Background With Formulas. Future Of School Education. Collage, Panorama, Empty Space\"},{\"@type\":\"BreadcrumbList\",\"@id\":\"https:\/\/sinepe-rs.org.br\/educacaoempauta\/inspire-se\/metaverso-e-educacao-do-que-estamos-falando\/#breadcrumb\",\"itemListElement\":[{\"@type\":\"ListItem\",\"position\":1,\"name\":\"Home\",\"item\":\"https:\/\/sinepe-rs.org.br\/educacaoempauta\/\"},{\"@type\":\"ListItem\",\"position\":2,\"name\":\"Metaverso e Educa\u00e7\u00e3o, do que estamos falando?\"}]},{\"@type\":\"WebSite\",\"@id\":\"https:\/\/sinepe-rs.org.br\/educacaoempauta\/#website\",\"url\":\"https:\/\/sinepe-rs.org.br\/educacaoempauta\/\",\"name\":\"Educa\u00e7\u00e3o em Pauta: Portal de reportagens de Educa\u00e7\u00e3o\",\"description\":\"Sinepe-RS\",\"potentialAction\":[{\"@type\":\"SearchAction\",\"target\":{\"@type\":\"EntryPoint\",\"urlTemplate\":\"https:\/\/sinepe-rs.org.br\/educacaoempauta\/?s={search_term_string}\"},\"query-input\":{\"@type\":\"PropertyValueSpecification\",\"valueRequired\":true,\"valueName\":\"search_term_string\"}}],\"inLanguage\":\"pt-BR\"},{\"@type\":\"Person\",\"@id\":\"https:\/\/sinepe-rs.org.br\/educacaoempauta\/#\/schema\/person\/abdb0e2f9fd598d948c507465a0fb114\",\"name\":\"admin\",\"image\":{\"@type\":\"ImageObject\",\"inLanguage\":\"pt-BR\",\"@id\":\"https:\/\/sinepe-rs.org.br\/educacaoempauta\/#\/schema\/person\/image\/\",\"url\":\"https:\/\/secure.gravatar.com\/avatar\/19e095e9181d747c467289c8900854f54710fbe263ca8977e02a7beec533d22c?s=96&d=mm&r=g\",\"contentUrl\":\"https:\/\/secure.gravatar.com\/avatar\/19e095e9181d747c467289c8900854f54710fbe263ca8977e02a7beec533d22c?s=96&d=mm&r=g\",\"caption\":\"admin\"},\"sameAs\":[\"https:\/\/sinepe-rs.org.br\/educacaoempauta\"],\"url\":\"https:\/\/sinepe-rs.org.br\/educacaoempauta\/author\/admin\/\"}]}<\/script>\n<!-- \/ Yoast SEO plugin. -->","yoast_head_json":{"title":"Metaverso e Educa\u00e7\u00e3o, do que estamos falando? - Educa\u00e7\u00e3o em Pauta: Portal de reportagens de Educa\u00e7\u00e3o","robots":{"index":"index","follow":"follow","max-snippet":"max-snippet:-1","max-image-preview":"max-image-preview:large","max-video-preview":"max-video-preview:-1"},"canonical":"https:\/\/sinepe-rs.org.br\/educacaoempauta\/inspire-se\/metaverso-e-educacao-do-que-estamos-falando\/","og_locale":"pt_BR","og_type":"article","og_title":"Metaverso e Educa\u00e7\u00e3o, do que estamos falando? - Educa\u00e7\u00e3o em Pauta: Portal de reportagens de Educa\u00e7\u00e3o","og_description":"Universo virtual que promete revolucionar a conviv\u00eancia entre as pessoas e encurtar dist\u00e2ncias tamb\u00e9m deve ser aplicado \u00e0 educa\u00e7\u00e3o. Falta saber como, exatamente, isso ocorrer\u00e1, e os potenciais benef\u00edcios para os estudantes","og_url":"https:\/\/sinepe-rs.org.br\/educacaoempauta\/inspire-se\/metaverso-e-educacao-do-que-estamos-falando\/","og_site_name":"Educa\u00e7\u00e3o em Pauta: Portal de reportagens de Educa\u00e7\u00e3o","article_published_time":"2022-03-15T22:18:50+00:00","article_modified_time":"2022-06-28T15:16:19+00:00","og_image":[{"width":2000,"height":947,"url":"https:\/\/sinepe-rs.org.br\/educacaoempauta\/wp-content\/uploads\/2022\/03\/16-Metaverso-Depositphotos_407786988_L.jpg","type":"image\/jpeg"}],"author":"admin","twitter_card":"summary_large_image","twitter_misc":{"Escrito por":"admin","Est. tempo de leitura":"7 minutos"},"schema":{"@context":"https:\/\/schema.org","@graph":[{"@type":"WebPage","@id":"https:\/\/sinepe-rs.org.br\/educacaoempauta\/inspire-se\/metaverso-e-educacao-do-que-estamos-falando\/","url":"https:\/\/sinepe-rs.org.br\/educacaoempauta\/inspire-se\/metaverso-e-educacao-do-que-estamos-falando\/","name":"Metaverso e Educa\u00e7\u00e3o, do que estamos falando? - Educa\u00e7\u00e3o em Pauta: Portal de reportagens de Educa\u00e7\u00e3o","isPartOf":{"@id":"https:\/\/sinepe-rs.org.br\/educacaoempauta\/#website"},"primaryImageOfPage":{"@id":"https:\/\/sinepe-rs.org.br\/educacaoempauta\/inspire-se\/metaverso-e-educacao-do-que-estamos-falando\/#primaryimage"},"image":{"@id":"https:\/\/sinepe-rs.org.br\/educacaoempauta\/inspire-se\/metaverso-e-educacao-do-que-estamos-falando\/#primaryimage"},"thumbnailUrl":"https:\/\/sinepe-rs.org.br\/educacaoempauta\/wp-content\/uploads\/2022\/03\/16-Metaverso-Depositphotos_407786988_L.jpg","datePublished":"2022-03-15T22:18:50+00:00","dateModified":"2022-06-28T15:16:19+00:00","author":{"@id":"https:\/\/sinepe-rs.org.br\/educacaoempauta\/#\/schema\/person\/abdb0e2f9fd598d948c507465a0fb114"},"breadcrumb":{"@id":"https:\/\/sinepe-rs.org.br\/educacaoempauta\/inspire-se\/metaverso-e-educacao-do-que-estamos-falando\/#breadcrumb"},"inLanguage":"pt-BR","potentialAction":[{"@type":"ReadAction","target":["https:\/\/sinepe-rs.org.br\/educacaoempauta\/inspire-se\/metaverso-e-educacao-do-que-estamos-falando\/"]}]},{"@type":"ImageObject","inLanguage":"pt-BR","@id":"https:\/\/sinepe-rs.org.br\/educacaoempauta\/inspire-se\/metaverso-e-educacao-do-que-estamos-falando\/#primaryimage","url":"https:\/\/sinepe-rs.org.br\/educacaoempauta\/wp-content\/uploads\/2022\/03\/16-Metaverso-Depositphotos_407786988_L.jpg","contentUrl":"https:\/\/sinepe-rs.org.br\/educacaoempauta\/wp-content\/uploads\/2022\/03\/16-Metaverso-Depositphotos_407786988_L.jpg","width":2000,"height":947,"caption":"Boy Learning Math Using VR Glasses Standing On Blue Background With Formulas. Future Of School Education. Collage, Panorama, Empty Space"},{"@type":"BreadcrumbList","@id":"https:\/\/sinepe-rs.org.br\/educacaoempauta\/inspire-se\/metaverso-e-educacao-do-que-estamos-falando\/#breadcrumb","itemListElement":[{"@type":"ListItem","position":1,"name":"Home","item":"https:\/\/sinepe-rs.org.br\/educacaoempauta\/"},{"@type":"ListItem","position":2,"name":"Metaverso e Educa\u00e7\u00e3o, do que estamos falando?"}]},{"@type":"WebSite","@id":"https:\/\/sinepe-rs.org.br\/educacaoempauta\/#website","url":"https:\/\/sinepe-rs.org.br\/educacaoempauta\/","name":"Educa\u00e7\u00e3o em Pauta: Portal de reportagens de Educa\u00e7\u00e3o","description":"Sinepe-RS","potentialAction":[{"@type":"SearchAction","target":{"@type":"EntryPoint","urlTemplate":"https:\/\/sinepe-rs.org.br\/educacaoempauta\/?s={search_term_string}"},"query-input":{"@type":"PropertyValueSpecification","valueRequired":true,"valueName":"search_term_string"}}],"inLanguage":"pt-BR"},{"@type":"Person","@id":"https:\/\/sinepe-rs.org.br\/educacaoempauta\/#\/schema\/person\/abdb0e2f9fd598d948c507465a0fb114","name":"admin","image":{"@type":"ImageObject","inLanguage":"pt-BR","@id":"https:\/\/sinepe-rs.org.br\/educacaoempauta\/#\/schema\/person\/image\/","url":"https:\/\/secure.gravatar.com\/avatar\/19e095e9181d747c467289c8900854f54710fbe263ca8977e02a7beec533d22c?s=96&d=mm&r=g","contentUrl":"https:\/\/secure.gravatar.com\/avatar\/19e095e9181d747c467289c8900854f54710fbe263ca8977e02a7beec533d22c?s=96&d=mm&r=g","caption":"admin"},"sameAs":["https:\/\/sinepe-rs.org.br\/educacaoempauta"],"url":"https:\/\/sinepe-rs.org.br\/educacaoempauta\/author\/admin\/"}]}},"_links":{"self":[{"href":"https:\/\/sinepe-rs.org.br\/educacaoempauta\/wp-json\/wp\/v2\/posts\/570","targetHints":{"allow":["GET"]}}],"collection":[{"href":"https:\/\/sinepe-rs.org.br\/educacaoempauta\/wp-json\/wp\/v2\/posts"}],"about":[{"href":"https:\/\/sinepe-rs.org.br\/educacaoempauta\/wp-json\/wp\/v2\/types\/post"}],"author":[{"embeddable":true,"href":"https:\/\/sinepe-rs.org.br\/educacaoempauta\/wp-json\/wp\/v2\/users\/1"}],"replies":[{"embeddable":true,"href":"https:\/\/sinepe-rs.org.br\/educacaoempauta\/wp-json\/wp\/v2\/comments?post=570"}],"version-history":[{"count":29,"href":"https:\/\/sinepe-rs.org.br\/educacaoempauta\/wp-json\/wp\/v2\/posts\/570\/revisions"}],"predecessor-version":[{"id":1568,"href":"https:\/\/sinepe-rs.org.br\/educacaoempauta\/wp-json\/wp\/v2\/posts\/570\/revisions\/1568"}],"wp:featuredmedia":[{"embeddable":true,"href":"https:\/\/sinepe-rs.org.br\/educacaoempauta\/wp-json\/wp\/v2\/media\/571"}],"wp:attachment":[{"href":"https:\/\/sinepe-rs.org.br\/educacaoempauta\/wp-json\/wp\/v2\/media?parent=570"}],"wp:term":[{"taxonomy":"category","embeddable":true,"href":"https:\/\/sinepe-rs.org.br\/educacaoempauta\/wp-json\/wp\/v2\/categories?post=570"},{"taxonomy":"post_tag","embeddable":true,"href":"https:\/\/sinepe-rs.org.br\/educacaoempauta\/wp-json\/wp\/v2\/tags?post=570"}],"curies":[{"name":"wp","href":"https:\/\/api.w.org\/{rel}","templated":true}]}}