{"id":5761,"date":"2025-04-25T06:37:00","date_gmt":"2025-04-25T09:37:00","guid":{"rendered":"https:\/\/sinepe-rs.org.br\/educacaoempauta\/?p=5761"},"modified":"2025-05-08T08:50:27","modified_gmt":"2025-05-08T11:50:27","slug":"o-que-esperar-da-proxima-decada-em-educacao-e-tecnologia","status":"publish","type":"post","link":"https:\/\/sinepe-rs.org.br\/educacaoempauta\/inspire-se\/o-que-esperar-da-proxima-decada-em-educacao-e-tecnologia\/","title":{"rendered":"O que esperar da pr\u00f3xima d\u00e9cada em educa\u00e7\u00e3o e tecnologia"},"content":{"rendered":"\n<p>Assim como a tecnologia apresenta in\u00fameras possibilidades de ensino e aprendizado, tamb\u00e9m nos sinaliza desafios \u00e0 frente. Telas e aplicativos de celular enviam convites para que os educadores saiam da zona de conforto e abrem diferentes portas para isso \u2013 como a inser\u00e7\u00e3o de mais conectividade e digitaliza\u00e7\u00e3o de curr\u00edculos e aulas. A tecnologia transforma, ainda, a intera\u00e7\u00e3o entre escolas, alunos e fam\u00edlias em diferentes n\u00edveis. Neste cen\u00e1rio, que pode o futuro nos reservar? Que propostas far\u00e3o parte dos processos de ensino e aprendizagem e como gestores e professores lidar\u00e3o com uma gera\u00e7\u00e3o cada vez mais conectada e influenciada pelo conte\u00fado das redes sociais?&nbsp;<\/p>\n\n\n\n<p>H\u00e1 d\u00favidas at\u00e9 mesmo sobre como estar\u00e1 este cen\u00e1rio em cinco ou dez anos. Futurista edutech, e p\u00f3s-doutor em Intelig\u00eancia Artificial Generativa, M\u00eddia e Conhecimento e pesquisador da <a href=\"https:\/\/en.ufsc.br\/structure\/\">Universidade Federal de Santa Catarina (UFSC)<\/a>, Marcelo Barcelos indica que <mark style=\"background-color:#ff6900\" class=\"has-inline-color has-black-color\">ser\u00e1 intensificado o desenvolvimento de sistemas de letramento digital compensat\u00f3rios<\/mark>, j\u00e1 que grande parte dos professores possui pouco conhecimentos espec\u00edficos, como edi\u00e7\u00e3o de v\u00eddeos, algo que poderia trazer os alunos de uma forma mais intensa para a sala de aula.&nbsp;<\/p>\n\n\n\n<p>\u201cOs smartphones, com todas as suas possibilidades, trazem dispers\u00e3o. A grande discuss\u00e3o do futuro, ao meu ver, \u00e9 como desenvolver instrumentos efetivos para que esses dispositivos estejam na escola e fa\u00e7am os alunos produzirem conhecimento a partir deles\u201d, orienta o futurista.<\/p>\n\n\n\n<p><mark style=\"background-color:#ff6900\" class=\"has-inline-color\">Uma alternativa para essa inclus\u00e3o de ferramentas tecnol\u00f3gicas com efetividade na educa\u00e7\u00e3o s\u00e3o os chamados Media Labs e Fab Labs<\/mark>, proposta que \u00e9 a base de um projeto de Barcelos. Os Fab Labs consistem em um laborat\u00f3rio maker, que transforma ferramentas anal\u00f3gicas visando a resolu\u00e7\u00e3o de problemas como o mobili\u00e1rio escolar e at\u00e9 o formato dos materiais usados em sala de aula. J\u00e1 os Media Labs promovem o uso de ferramentas gratuitas para ajudar na cria\u00e7\u00e3o e execu\u00e7\u00e3o de projetos. Isso seria, na vis\u00e3o do pesquisador, uma solu\u00e7\u00e3o para o gap que existe entre as possibilidades digitais \u00e0s quais os alunos t\u00eam acesso e as que o professor oferece.&nbsp;<\/p>\n\n\n\n<p>\u201cA ideia \u00e9 prototipar novas ferramentas a partir de outras que j\u00e1 existem. Pe\u00e7as de uma televis\u00e3o velha ou at\u00e9 um ferro de passar podem ganhar novas fun\u00e7\u00f5es e serem utilizadas para montar objetos que ser\u00e3o usados no pr\u00f3prio laborat\u00f3rio. Tamb\u00e9m \u00e9 um espa\u00e7o para propor a\u00e7\u00f5es para difundir as possibilidades de uso de ferramentas como Canva e o GoogleForms, por exemplo\u201d, prop\u00f5e o pesquisador.<\/p>\n\n\n\n<p>Barcelos afirma que os Labs tamb\u00e9m podem ser uma porta de entrada para profissionais de outras \u00e1reas colaborarem com a escola e tornarem o aprendizado e o desenvolvimento de projetos ainda mais cativantes e promissores. Convidar ou contratar, mesmo que por um curto per\u00edodo, programadores, artistas e at\u00e9 designers para desenvolverem propostas dentro das institui\u00e7\u00f5es traz vantagens para professores, alunos e at\u00e9 para a gest\u00e3o.&nbsp;<\/p>\n\n\n\n<p>\u201cPrecisamos perder esse medo de abrir a escola. Embora existam iniciativas muito interessantes, a escola ainda precisa olhar com mais aten\u00e7\u00e3o para os ecossistemas de inova\u00e7\u00e3o locais e os Labs podem ser ambientes importantes para essa intera\u00e7\u00e3o\u201d, avalia Barcelos.<\/p>\n\n\n\n<h2 class=\"wp-block-heading has-medium-font-size\"><strong>IA como apoio<\/strong><\/h2>\n\n\n\n<p>O pesquisador e doutor em comunica\u00e7\u00e3o pela <a href=\"https:\/\/www5.usp.br\/\" target=\"_blank\" rel=\"noreferrer noopener\">Universidade de S\u00e3o Paulo (USP)<\/a> Jos\u00e9 Moran ressalta que tecnologias mais sofisticadas e um mundo mais desafiador tornam o papel do professor mais complexo, por\u00e9m ainda mais relevante. <mark style=\"background-color:#ff6900\" class=\"has-inline-color\">Ter a capacidade de aprender sempre e reavaliar suas propostas de aprendizagem ser\u00e1 um diferencial do professor do futuro<\/mark>.&nbsp;<\/p>\n\n\n\n<p>Investir em uma evolu\u00e7\u00e3o intelectual, emocional e \u00e9tica \u00e9, segundo Moran, a base formadora para um professor que quer orientar, inspirar e encantar seus alunos. \u201cNa educa\u00e7\u00e3o b\u00e1sica, especialmente, o professor seguir\u00e1 sendo insubstitu\u00edvel. N\u00e3o pelo conte\u00fado em si, mas pela rela\u00e7\u00e3o que constr\u00f3i com os alunos, pela escuta, pela capacidade de despertar a curiosidade e de criar um ambiente de confian\u00e7a\u201d, delineia o professor.&nbsp;<\/p>\n\n\n\n<p>A intelig\u00eancia artificial, um tema cada vez mais em destaque dentro da educa\u00e7\u00e3o, tamb\u00e9m ter\u00e1 um papel importante dentro da educa\u00e7\u00e3o b\u00e1sica. Para Moran, <mark style=\"background-color:#ff6900\" class=\"has-inline-color\">a IA ir\u00e1 favorecer a personaliza\u00e7\u00e3o dos processos de aprendizagem, colaborando para que os estudantes aprendam no seu pr\u00f3prio ritmo e estilo<\/mark>. O papel dos tutores virtuais, j\u00e1 presentes em muitas plataformas de Ensino \u00e0 Dist\u00e2ncia (EAD) e tamb\u00e9m em institui\u00e7\u00f5es que oferecem o formato h\u00edbrido, ser\u00e1 o de complementar o trabalho dos professores e alunos, do planejamento \u00e0 avalia\u00e7\u00e3o. Acolhimento e inclus\u00e3o tamb\u00e9m ser\u00e3o beneficiados pela IA.<\/p>\n\n\n\n<p>De acordo com Moran, essa ferramenta pode ser \u00fatil para monitorar a sa\u00fade mental dos estudantes e docentes e ajudar a implementar decis\u00f5es no n\u00edvel pessoal e da gest\u00e3o. Tradutores autom\u00e1ticos e tecnologias assistivas podem ampliar o acesso ao ensino para estudantes com alguma defici\u00eancia ou de diferentes contextos lingu\u00edsticos. \u201cO conte\u00fado curricular ser\u00e1 muito mais estudado por plataformas personalizadas com IA e a parte mais criativa do desenvolvimento de compet\u00eancias acontecer\u00e1 em projetos de experimenta\u00e7\u00e3o em grupos\u201d, explica Moran.&nbsp;<\/p>\n\n\n\n<p><strong><mark style=\"background-color:#fcb900\" class=\"has-inline-color\">Leia tamb\u00e9m:<br><a href=\"https:\/\/sinepe-rs.org.br\/educacaoempauta\/tendencias\/como-a-inteligencia-artificial-ia-vai-mudar-o-trabalho-do-professor\/\" target=\"_blank\" rel=\"noreferrer noopener\">>>\u00a0 Como a Intelig\u00eancia Artificial vai mudar o trabalho do professor<\/a><br><a href=\"https:\/\/sinepe-rs.org.br\/educacaoempauta\/pedagogico\/ensino-por-competencia-e-avaliacao-continua-caminho-para-formacao-integral\/\" target=\"_blank\" rel=\"noreferrer noopener\">>> Ensino por compet\u00eancia e avalia\u00e7\u00e3o cont\u00ednua: uma forma\u00e7\u00e3o integral<\/a><br><a href=\"https:\/\/sinepe-rs.org.br\/educacaoempauta\/inspire-se\/um-novo-olhar-sobre-o-uso-de-telas\/\" target=\"_blank\" rel=\"noreferrer noopener\">>> Um novo olhar sobre o uso de telas<\/a><\/mark><\/strong><\/p>\n\n\n\n<h2 class=\"wp-block-heading has-medium-font-size\"><strong>Uni\u00e3o de saberes<\/strong><\/h2>\n\n\n\n<p>Observar com aten\u00e7\u00e3o como as quest\u00f5es sociais se apresentam na comunidade escolar tamb\u00e9m pode potencializar os processos de aprendizagem. A professora da Faculdade de Educa\u00e7\u00e3o da <a href=\"http:\/\/www.ufrgs.br\/ufrgs\/inicial\" target=\"_blank\" rel=\"noreferrer noopener\">Universidade Federal do Rio Grande do Sul (UFRGS)<\/a>, Iana Gomes de Lima, destaca que muitas institui\u00e7\u00f5es investem em iniciativas que tratam de temas como empoderamento feminino e valoriza\u00e7\u00e3o da cultura negra. Para ela, isso&nbsp;mostra o quanto o espa\u00e7o escolar \u00e9 um lugar de produ\u00e7\u00e3o de novos conhecimentos. \u201c\u00c9 importante que os professores, bem como as gest\u00f5es, se fortale\u00e7am em um trabalho coletivo, pensando em projetos que tratam desses temas. S\u00e3o assuntos importantes para diminuir as desigualdades sociais do nosso pa\u00eds e valorizar culturas que foram, por muito tempo, alijadas dos processos educacionais\u201d, pontua a professora.&nbsp;<\/p>\n\n\n\n<p><mark style=\"background-color:#ff6900\" class=\"has-inline-color\">Professores que atuam em conjunto para construir propostas que confluem fortalecem o desenvolvimento dessas tem\u00e1ticas e trazem respaldo para que novas ideias sejam colocadas em pr\u00e1tica<\/mark>. Essa seguran\u00e7a para trazer novidades para a sala de aula tamb\u00e9m tem seu peso no relacionamento das escolas com a fam\u00edlia. Na vis\u00e3o de Vanessa Rodrigues,&nbsp; diretora do <a href=\"https:\/\/www.redeicm.org.br\/madreimilda\/\" target=\"_blank\" rel=\"noreferrer noopener\">Col\u00e9gio Madre Imilda<\/a>, de Caxias do Sul, a tend\u00eancia \u00e9 que, nos pr\u00f3ximos anos, a escola se torne mais pr\u00f3xima dos pais e respons\u00e1veis. Isso se d\u00e1 a partir de novas demandas sociais e emocionais que impactam diretamente no ambiente escolar, como o <a href=\"https:\/\/sinepe-rs.org.br\/educacaoempauta\/gestao\/bullying-e-cyberbullying-combater-e-a-melhor-alternativa\/\">bullying <\/a>e os desastres clim\u00e1ticos.&nbsp;<\/p>\n\n\n\n<p>Dentro dessa proposta de gest\u00e3o, Vanessa acredita que o desafio maior \u00e9 conseguir engajamento dos estudantes unindo pr\u00e1ticas inovadoras e, por vezes, tecnol\u00f3gicas, com o conhecimento j\u00e1 existente dentro da ci\u00eancia do ensino, trazendo novos significados para o ato de ensinar.<\/p>\n\n\n\n<p>Ressignificar \u00e9 um verbo constante para a educa\u00e7\u00e3o do futuro. Colocar o aluno no centro do processo e propor uma aprendizagem ativa, conectada com os dilemas da sociedade contempor\u00e2nea \u00e9 um norte indicado pela coordenadora pedag\u00f3gica dos anos iniciais do Col\u00e9gio Marista Champagnat, Vanessa Ramos Guimar\u00e3es. Isso, no entanto, s\u00f3 \u00e9 poss\u00edvel se houver um reconhecimento do protagonismo do professor como um mediador de experi\u00eancias, que coloca seu foco n\u00e3o apenas nas tecnologias, mas em como utiliz\u00e1-las com um olhar pedag\u00f3gico.&nbsp;<\/p>\n\n\n\n<p>\u201c\u00c9 necess\u00e1rio que voltemos a ver o papel da escola como espa\u00e7o sist\u00eamico vivo, \u00e9tico e relacional. A pandemia escancarou essa urg\u00eancia: a escola como espa\u00e7o de conviv\u00eancia, troca, escuta e acolhimento, \u00e9 insubstitu\u00edvel. Ela \u00e9, antes de tudo, um lugar de sentido\u201d, afirma Vanessa.&nbsp;<\/p>\n\n\n\n<p>A coordenadora pedag\u00f3gica espera que, na pr\u00f3xima d\u00e9cada, <mark style=\"background-color:#ff6900\" class=\"has-inline-color\">a educa\u00e7\u00e3o priorize as rela\u00e7\u00f5es humanas e emp\u00e1ticas<\/mark>, o que implica no desenvolvimento de compet\u00eancias essenciais como empatia, pensamento cr\u00edtico, criatividade, colabora\u00e7\u00e3o e responsabilidade socioambiental.<\/p>\n\n\n\n<p>\u201cA educa\u00e7\u00e3o que precisamos hoje, e que desejamos para o amanh\u00e3, n\u00e3o \u00e9 apenas conectada. Ela \u00e9 fraterna\u201d.&nbsp;<\/p>\n\n\n\n<p><a href=\"mailto:educacaoempauta@sinepe-rs.org.br\" target=\"_blank\" rel=\"noreferrer noopener\">A sua institui\u00e7\u00e3o j\u00e1 est\u00e1 preparada para o futuro? Seu projeto ou iniciativa pode ser compartilhado no Educa\u00e7\u00e3o em Pauta. Clique aqui.<\/a><\/p>\n\n\n\n<p><\/p>\n","protected":false},"excerpt":{"rendered":"<p>Antecipando o Dia da Educa\u00e7\u00e3o, celebrado em 28 de abril, um futurista, dois gestores e dois pesquisadores relatam suas vis\u00f5es sobre os novos rumos do ensino e das escolas<\/p>\n","protected":false},"author":4,"featured_media":5763,"comment_status":"closed","ping_status":"closed","sticky":false,"template":"","format":"standard","meta":{"footnotes":""},"categories":[7],"tags":[160,61,43,78],"class_list":["post-5761","post","type-post","status-publish","format-standard","has-post-thumbnail","hentry","category-inspire-se","tag-aprendizagem","tag-educacao","tag-sinepe-rs-2","tag-tecnologia"],"acf":[],"yoast_head":"<!-- This site is optimized with the Yoast SEO plugin v24.6 - https:\/\/yoast.com\/wordpress\/plugins\/seo\/ -->\n<title>O que esperar da pr\u00f3xima d\u00e9cada em educa\u00e7\u00e3o e tecnologia<\/title>\n<meta name=\"description\" content=\"Antecipando o Dia da Educa\u00e7\u00e3o, especialistas relatam suas vis\u00f5es sobre os novos rumos do ensino e das escolas\" \/>\n<meta name=\"robots\" content=\"index, follow, max-snippet:-1, max-image-preview:large, max-video-preview:-1\" \/>\n<link rel=\"canonical\" href=\"https:\/\/sinepe-rs.org.br\/educacaoempauta\/inspire-se\/o-que-esperar-da-proxima-decada-em-educacao-e-tecnologia\/\" \/>\n<meta property=\"og:locale\" content=\"pt_BR\" \/>\n<meta property=\"og:type\" content=\"article\" \/>\n<meta property=\"og:title\" content=\"O que esperar da pr\u00f3xima d\u00e9cada em educa\u00e7\u00e3o e tecnologia\" \/>\n<meta property=\"og:description\" content=\"Antecipando o Dia da Educa\u00e7\u00e3o, especialistas relatam suas vis\u00f5es sobre os novos rumos do ensino e das escolas\" \/>\n<meta property=\"og:url\" content=\"https:\/\/sinepe-rs.org.br\/educacaoempauta\/inspire-se\/o-que-esperar-da-proxima-decada-em-educacao-e-tecnologia\/\" \/>\n<meta property=\"og:site_name\" content=\"Educa\u00e7\u00e3o em Pauta: Portal de reportagens de Educa\u00e7\u00e3o\" \/>\n<meta property=\"article:published_time\" content=\"2025-04-25T09:37:00+00:00\" \/>\n<meta property=\"article:modified_time\" content=\"2025-05-08T11:50:27+00:00\" \/>\n<meta property=\"og:image\" content=\"https:\/\/sinepe-rs.org.br\/educacaoempauta\/wp-content\/uploads\/2025\/04\/470_educacaoempauta_sinepeRS_tecnologiaeeducacao.jpg\" \/>\n\t<meta property=\"og:image:width\" content=\"1366\" \/>\n\t<meta property=\"og:image:height\" content=\"450\" \/>\n\t<meta property=\"og:image:type\" content=\"image\/jpeg\" \/>\n<meta name=\"author\" content=\"Eduardo Wolff\" \/>\n<meta name=\"twitter:card\" content=\"summary_large_image\" \/>\n<meta name=\"twitter:label1\" content=\"Escrito por\" \/>\n\t<meta name=\"twitter:data1\" content=\"Eduardo Wolff\" \/>\n\t<meta name=\"twitter:label2\" content=\"Est. tempo de leitura\" \/>\n\t<meta name=\"twitter:data2\" content=\"8 minutos\" \/>\n<script type=\"application\/ld+json\" class=\"yoast-schema-graph\">{\"@context\":\"https:\/\/schema.org\",\"@graph\":[{\"@type\":\"WebPage\",\"@id\":\"https:\/\/sinepe-rs.org.br\/educacaoempauta\/inspire-se\/o-que-esperar-da-proxima-decada-em-educacao-e-tecnologia\/\",\"url\":\"https:\/\/sinepe-rs.org.br\/educacaoempauta\/inspire-se\/o-que-esperar-da-proxima-decada-em-educacao-e-tecnologia\/\",\"name\":\"O que esperar da pr\u00f3xima d\u00e9cada em educa\u00e7\u00e3o e tecnologia\",\"isPartOf\":{\"@id\":\"https:\/\/sinepe-rs.org.br\/educacaoempauta\/#website\"},\"primaryImageOfPage\":{\"@id\":\"https:\/\/sinepe-rs.org.br\/educacaoempauta\/inspire-se\/o-que-esperar-da-proxima-decada-em-educacao-e-tecnologia\/#primaryimage\"},\"image\":{\"@id\":\"https:\/\/sinepe-rs.org.br\/educacaoempauta\/inspire-se\/o-que-esperar-da-proxima-decada-em-educacao-e-tecnologia\/#primaryimage\"},\"thumbnailUrl\":\"https:\/\/sinepe-rs.org.br\/educacaoempauta\/wp-content\/uploads\/2025\/04\/470_educacaoempauta_sinepeRS_tecnologiaeeducacao.jpg\",\"datePublished\":\"2025-04-25T09:37:00+00:00\",\"dateModified\":\"2025-05-08T11:50:27+00:00\",\"author\":{\"@id\":\"https:\/\/sinepe-rs.org.br\/educacaoempauta\/#\/schema\/person\/a9bb8c61d5b098df16c34ec9d7154a99\"},\"description\":\"Antecipando o Dia da Educa\u00e7\u00e3o, especialistas relatam suas vis\u00f5es sobre os novos rumos do ensino e das escolas\",\"breadcrumb\":{\"@id\":\"https:\/\/sinepe-rs.org.br\/educacaoempauta\/inspire-se\/o-que-esperar-da-proxima-decada-em-educacao-e-tecnologia\/#breadcrumb\"},\"inLanguage\":\"pt-BR\",\"potentialAction\":[{\"@type\":\"ReadAction\",\"target\":[\"https:\/\/sinepe-rs.org.br\/educacaoempauta\/inspire-se\/o-que-esperar-da-proxima-decada-em-educacao-e-tecnologia\/\"]}]},{\"@type\":\"ImageObject\",\"inLanguage\":\"pt-BR\",\"@id\":\"https:\/\/sinepe-rs.org.br\/educacaoempauta\/inspire-se\/o-que-esperar-da-proxima-decada-em-educacao-e-tecnologia\/#primaryimage\",\"url\":\"https:\/\/sinepe-rs.org.br\/educacaoempauta\/wp-content\/uploads\/2025\/04\/470_educacaoempauta_sinepeRS_tecnologiaeeducacao.jpg\",\"contentUrl\":\"https:\/\/sinepe-rs.org.br\/educacaoempauta\/wp-content\/uploads\/2025\/04\/470_educacaoempauta_sinepeRS_tecnologiaeeducacao.jpg\",\"width\":1366,\"height\":450,\"caption\":\"O que esperar da pr\u00f3xima d\u00e9cada em educa\u00e7\u00e3o e tecnologia\"},{\"@type\":\"BreadcrumbList\",\"@id\":\"https:\/\/sinepe-rs.org.br\/educacaoempauta\/inspire-se\/o-que-esperar-da-proxima-decada-em-educacao-e-tecnologia\/#breadcrumb\",\"itemListElement\":[{\"@type\":\"ListItem\",\"position\":1,\"name\":\"Home\",\"item\":\"https:\/\/sinepe-rs.org.br\/educacaoempauta\/\"},{\"@type\":\"ListItem\",\"position\":2,\"name\":\"O que esperar da pr\u00f3xima d\u00e9cada em educa\u00e7\u00e3o e tecnologia\"}]},{\"@type\":\"WebSite\",\"@id\":\"https:\/\/sinepe-rs.org.br\/educacaoempauta\/#website\",\"url\":\"https:\/\/sinepe-rs.org.br\/educacaoempauta\/\",\"name\":\"Educa\u00e7\u00e3o em Pauta: Portal de reportagens de Educa\u00e7\u00e3o\",\"description\":\"Sinepe-RS\",\"potentialAction\":[{\"@type\":\"SearchAction\",\"target\":{\"@type\":\"EntryPoint\",\"urlTemplate\":\"https:\/\/sinepe-rs.org.br\/educacaoempauta\/?s={search_term_string}\"},\"query-input\":{\"@type\":\"PropertyValueSpecification\",\"valueRequired\":true,\"valueName\":\"search_term_string\"}}],\"inLanguage\":\"pt-BR\"},{\"@type\":\"Person\",\"@id\":\"https:\/\/sinepe-rs.org.br\/educacaoempauta\/#\/schema\/person\/a9bb8c61d5b098df16c34ec9d7154a99\",\"name\":\"Eduardo Wolff\",\"image\":{\"@type\":\"ImageObject\",\"inLanguage\":\"pt-BR\",\"@id\":\"https:\/\/sinepe-rs.org.br\/educacaoempauta\/#\/schema\/person\/image\/\",\"url\":\"https:\/\/secure.gravatar.com\/avatar\/dc93e7510d4af8ae2514871724e1fbe69e43cadf2bc69fa120c919f4a599d7ca?s=96&d=mm&r=g\",\"contentUrl\":\"https:\/\/secure.gravatar.com\/avatar\/dc93e7510d4af8ae2514871724e1fbe69e43cadf2bc69fa120c919f4a599d7ca?s=96&d=mm&r=g\",\"caption\":\"Eduardo Wolff\"},\"url\":\"https:\/\/sinepe-rs.org.br\/educacaoempauta\/author\/eduardo\/\"}]}<\/script>\n<!-- \/ Yoast SEO plugin. -->","yoast_head_json":{"title":"O que esperar da pr\u00f3xima d\u00e9cada em educa\u00e7\u00e3o e tecnologia","description":"Antecipando o Dia da Educa\u00e7\u00e3o, especialistas relatam suas vis\u00f5es sobre os novos rumos do ensino e das escolas","robots":{"index":"index","follow":"follow","max-snippet":"max-snippet:-1","max-image-preview":"max-image-preview:large","max-video-preview":"max-video-preview:-1"},"canonical":"https:\/\/sinepe-rs.org.br\/educacaoempauta\/inspire-se\/o-que-esperar-da-proxima-decada-em-educacao-e-tecnologia\/","og_locale":"pt_BR","og_type":"article","og_title":"O que esperar da pr\u00f3xima d\u00e9cada em educa\u00e7\u00e3o e tecnologia","og_description":"Antecipando o Dia da Educa\u00e7\u00e3o, especialistas relatam suas vis\u00f5es sobre os novos rumos do ensino e das escolas","og_url":"https:\/\/sinepe-rs.org.br\/educacaoempauta\/inspire-se\/o-que-esperar-da-proxima-decada-em-educacao-e-tecnologia\/","og_site_name":"Educa\u00e7\u00e3o em Pauta: Portal de reportagens de Educa\u00e7\u00e3o","article_published_time":"2025-04-25T09:37:00+00:00","article_modified_time":"2025-05-08T11:50:27+00:00","og_image":[{"width":1366,"height":450,"url":"https:\/\/sinepe-rs.org.br\/educacaoempauta\/wp-content\/uploads\/2025\/04\/470_educacaoempauta_sinepeRS_tecnologiaeeducacao.jpg","type":"image\/jpeg"}],"author":"Eduardo Wolff","twitter_card":"summary_large_image","twitter_misc":{"Escrito por":"Eduardo Wolff","Est. tempo de leitura":"8 minutos"},"schema":{"@context":"https:\/\/schema.org","@graph":[{"@type":"WebPage","@id":"https:\/\/sinepe-rs.org.br\/educacaoempauta\/inspire-se\/o-que-esperar-da-proxima-decada-em-educacao-e-tecnologia\/","url":"https:\/\/sinepe-rs.org.br\/educacaoempauta\/inspire-se\/o-que-esperar-da-proxima-decada-em-educacao-e-tecnologia\/","name":"O que esperar da pr\u00f3xima d\u00e9cada em educa\u00e7\u00e3o e tecnologia","isPartOf":{"@id":"https:\/\/sinepe-rs.org.br\/educacaoempauta\/#website"},"primaryImageOfPage":{"@id":"https:\/\/sinepe-rs.org.br\/educacaoempauta\/inspire-se\/o-que-esperar-da-proxima-decada-em-educacao-e-tecnologia\/#primaryimage"},"image":{"@id":"https:\/\/sinepe-rs.org.br\/educacaoempauta\/inspire-se\/o-que-esperar-da-proxima-decada-em-educacao-e-tecnologia\/#primaryimage"},"thumbnailUrl":"https:\/\/sinepe-rs.org.br\/educacaoempauta\/wp-content\/uploads\/2025\/04\/470_educacaoempauta_sinepeRS_tecnologiaeeducacao.jpg","datePublished":"2025-04-25T09:37:00+00:00","dateModified":"2025-05-08T11:50:27+00:00","author":{"@id":"https:\/\/sinepe-rs.org.br\/educacaoempauta\/#\/schema\/person\/a9bb8c61d5b098df16c34ec9d7154a99"},"description":"Antecipando o Dia da Educa\u00e7\u00e3o, especialistas relatam suas vis\u00f5es sobre os novos rumos do ensino e das escolas","breadcrumb":{"@id":"https:\/\/sinepe-rs.org.br\/educacaoempauta\/inspire-se\/o-que-esperar-da-proxima-decada-em-educacao-e-tecnologia\/#breadcrumb"},"inLanguage":"pt-BR","potentialAction":[{"@type":"ReadAction","target":["https:\/\/sinepe-rs.org.br\/educacaoempauta\/inspire-se\/o-que-esperar-da-proxima-decada-em-educacao-e-tecnologia\/"]}]},{"@type":"ImageObject","inLanguage":"pt-BR","@id":"https:\/\/sinepe-rs.org.br\/educacaoempauta\/inspire-se\/o-que-esperar-da-proxima-decada-em-educacao-e-tecnologia\/#primaryimage","url":"https:\/\/sinepe-rs.org.br\/educacaoempauta\/wp-content\/uploads\/2025\/04\/470_educacaoempauta_sinepeRS_tecnologiaeeducacao.jpg","contentUrl":"https:\/\/sinepe-rs.org.br\/educacaoempauta\/wp-content\/uploads\/2025\/04\/470_educacaoempauta_sinepeRS_tecnologiaeeducacao.jpg","width":1366,"height":450,"caption":"O que esperar da pr\u00f3xima d\u00e9cada em educa\u00e7\u00e3o e tecnologia"},{"@type":"BreadcrumbList","@id":"https:\/\/sinepe-rs.org.br\/educacaoempauta\/inspire-se\/o-que-esperar-da-proxima-decada-em-educacao-e-tecnologia\/#breadcrumb","itemListElement":[{"@type":"ListItem","position":1,"name":"Home","item":"https:\/\/sinepe-rs.org.br\/educacaoempauta\/"},{"@type":"ListItem","position":2,"name":"O que esperar da pr\u00f3xima d\u00e9cada em educa\u00e7\u00e3o e tecnologia"}]},{"@type":"WebSite","@id":"https:\/\/sinepe-rs.org.br\/educacaoempauta\/#website","url":"https:\/\/sinepe-rs.org.br\/educacaoempauta\/","name":"Educa\u00e7\u00e3o em Pauta: Portal de reportagens de Educa\u00e7\u00e3o","description":"Sinepe-RS","potentialAction":[{"@type":"SearchAction","target":{"@type":"EntryPoint","urlTemplate":"https:\/\/sinepe-rs.org.br\/educacaoempauta\/?s={search_term_string}"},"query-input":{"@type":"PropertyValueSpecification","valueRequired":true,"valueName":"search_term_string"}}],"inLanguage":"pt-BR"},{"@type":"Person","@id":"https:\/\/sinepe-rs.org.br\/educacaoempauta\/#\/schema\/person\/a9bb8c61d5b098df16c34ec9d7154a99","name":"Eduardo Wolff","image":{"@type":"ImageObject","inLanguage":"pt-BR","@id":"https:\/\/sinepe-rs.org.br\/educacaoempauta\/#\/schema\/person\/image\/","url":"https:\/\/secure.gravatar.com\/avatar\/dc93e7510d4af8ae2514871724e1fbe69e43cadf2bc69fa120c919f4a599d7ca?s=96&d=mm&r=g","contentUrl":"https:\/\/secure.gravatar.com\/avatar\/dc93e7510d4af8ae2514871724e1fbe69e43cadf2bc69fa120c919f4a599d7ca?s=96&d=mm&r=g","caption":"Eduardo Wolff"},"url":"https:\/\/sinepe-rs.org.br\/educacaoempauta\/author\/eduardo\/"}]}},"_links":{"self":[{"href":"https:\/\/sinepe-rs.org.br\/educacaoempauta\/wp-json\/wp\/v2\/posts\/5761","targetHints":{"allow":["GET"]}}],"collection":[{"href":"https:\/\/sinepe-rs.org.br\/educacaoempauta\/wp-json\/wp\/v2\/posts"}],"about":[{"href":"https:\/\/sinepe-rs.org.br\/educacaoempauta\/wp-json\/wp\/v2\/types\/post"}],"author":[{"embeddable":true,"href":"https:\/\/sinepe-rs.org.br\/educacaoempauta\/wp-json\/wp\/v2\/users\/4"}],"replies":[{"embeddable":true,"href":"https:\/\/sinepe-rs.org.br\/educacaoempauta\/wp-json\/wp\/v2\/comments?post=5761"}],"version-history":[{"count":10,"href":"https:\/\/sinepe-rs.org.br\/educacaoempauta\/wp-json\/wp\/v2\/posts\/5761\/revisions"}],"predecessor-version":[{"id":5907,"href":"https:\/\/sinepe-rs.org.br\/educacaoempauta\/wp-json\/wp\/v2\/posts\/5761\/revisions\/5907"}],"wp:featuredmedia":[{"embeddable":true,"href":"https:\/\/sinepe-rs.org.br\/educacaoempauta\/wp-json\/wp\/v2\/media\/5763"}],"wp:attachment":[{"href":"https:\/\/sinepe-rs.org.br\/educacaoempauta\/wp-json\/wp\/v2\/media?parent=5761"}],"wp:term":[{"taxonomy":"category","embeddable":true,"href":"https:\/\/sinepe-rs.org.br\/educacaoempauta\/wp-json\/wp\/v2\/categories?post=5761"},{"taxonomy":"post_tag","embeddable":true,"href":"https:\/\/sinepe-rs.org.br\/educacaoempauta\/wp-json\/wp\/v2\/tags?post=5761"}],"curies":[{"name":"wp","href":"https:\/\/api.w.org\/{rel}","templated":true}]}}