{"id":5934,"date":"2025-05-14T07:06:00","date_gmt":"2025-05-14T10:06:00","guid":{"rendered":"https:\/\/sinepe-rs.org.br\/educacaoempauta\/?p=5934"},"modified":"2025-06-16T11:27:59","modified_gmt":"2025-06-16T14:27:59","slug":"o-que-a-bett-brasil-2025-revelou-sobre-o-futuro-da-educacao","status":"publish","type":"post","link":"https:\/\/sinepe-rs.org.br\/educacaoempauta\/tendencias\/o-que-a-bett-brasil-2025-revelou-sobre-o-futuro-da-educacao\/","title":{"rendered":"O que a Bett Brasil 2025 revelou sobre o futuro da educa\u00e7\u00e3o"},"content":{"rendered":"\n<div class=\"wp-block-media-text is-stacked-on-mobile\" style=\"grid-template-columns:16% auto\"><figure class=\"wp-block-media-text__media\"><img loading=\"lazy\" decoding=\"async\" width=\"996\" height=\"1024\" src=\"https:\/\/sinepe-rs.org.br\/educacaoempauta\/wp-content\/uploads\/2025\/05\/carine-fernandes-996x1024.jpg\" alt=\"\" class=\"wp-image-5942 size-full\" srcset=\"https:\/\/sinepe-rs.org.br\/educacaoempauta\/wp-content\/uploads\/2025\/05\/carine-fernandes-996x1024.jpg 996w, https:\/\/sinepe-rs.org.br\/educacaoempauta\/wp-content\/uploads\/2025\/05\/carine-fernandes-292x300.jpg 292w, https:\/\/sinepe-rs.org.br\/educacaoempauta\/wp-content\/uploads\/2025\/05\/carine-fernandes-768x790.jpg 768w, https:\/\/sinepe-rs.org.br\/educacaoempauta\/wp-content\/uploads\/2025\/05\/carine-fernandes-1494x1536.jpg 1494w, https:\/\/sinepe-rs.org.br\/educacaoempauta\/wp-content\/uploads\/2025\/05\/carine-fernandes-1992x2048.jpg 1992w\" sizes=\"auto, (max-width: 996px) 100vw, 996px\" \/><\/figure><div class=\"wp-block-media-text__content\">\n<p><em>Carine Fernandes, jornalista, mestre em Comunica\u00e7\u00e3o e assessora de imprensa do SINEPE\/RS<\/em><\/p>\n<\/div><\/div>\n\n\n\n<p><br>A <a href=\"https:\/\/brasil.bettshow.com\/\" target=\"_blank\" rel=\"noreferrer noopener\">Bett Brasil 2025<\/a> confirmou o que j\u00e1 era esperado: a Intelig\u00eancia Artificial deixou de ser tend\u00eancia para se tornar uma urg\u00eancia a ser discutida e utilizada nas escolas. Com 29 palestras dedicadas exclusivamente ao tema, o evento mostrou que o desafio agora n\u00e3o \u00e9 mais \u201cse\u201d a IA ser\u00e1 incorporada \u00e0 educa\u00e7\u00e3o, mas \u201ccomo\u201d ela ser\u00e1 integrada de forma \u00e9tica, pedag\u00f3gica e respons\u00e1vel, sem perder de vista aquilo que nos torna humanos \u2014 a capacidade de criar, errar e aprender com os pr\u00f3prios erros.<br><br>Uma das abordagens mais provocativas veio do especialista em IA generativa e literacia de prompt, Fernando Trevisani, que apresentou usos pr\u00e1ticos da tecnologia, desde a constru\u00e7\u00e3o de planejamentos de aula at\u00e9 a curadoria de conte\u00fados personalizados. A IA, argumenta ele, far\u00e1 todo o trabalho baseado em mem\u00f3ria, mas jamais substituir\u00e1 a criatividade, a inven\u00e7\u00e3o e a reflex\u00e3o cr\u00edtica \u2014 e, por isso mesmo, deve ser usada com intencionalidade. <mark style=\"background-color:#ff6900\" class=\"has-inline-color\">O conceito de \u201cliteracia de prompt\u201d \u2014 saber criar, interpretar e avaliar comandos \u2014 foi apontado como compet\u00eancia essencial para os educadores do presente, e n\u00e3o mais do futuro<\/mark>.<br><br>Mas a tecnologia, sozinha, n\u00e3o educa. Conforme lembrou Trevisani, nada \u00e9 mais desafiador do que a forma\u00e7\u00e3o de professores. A necessidade de investir em compet\u00eancias docentes na era digital, como entender os limites da IA e relacionar seu uso aos objetivos de aprendizagem, foi refor\u00e7ada tamb\u00e9m por George Stein, que resumiu bem: \u201cN\u00e3o somos professores, somos desenvolvedores de seres humanos pela lente de uma disciplina.\u201d<br><br>Outro destaque foi a an\u00e1lise sobre a gera\u00e7\u00e3o atual de estudantes, os chamados \u201cnativos algoritmos\u201d, que nasceram em meio a dados e dopamina. Como a escola compete com o celular e suas recompensas instant\u00e2neas? Como convencer um jovem de que o esfor\u00e7o vale mais do que o atalho? <mark style=\"background-color:#ff6900\" class=\"has-inline-color\">A resposta parece estar no equil\u00edbrio: ensinar a crian\u00e7a a pensar antes de usar a IA \u2014 e n\u00e3o ao contr\u00e1rio<\/mark>.<br><br>Al\u00e9m da IA, a Bett Brasil abordou outros temas centrais. O uso de dados educacionais, por exemplo, foi debatido sob a perspectiva da LGPD. Como usar dados de alunos para melhorar o aprendizado, sem ferir a privacidade? A resposta parece estar na transpar\u00eancia contratual com as fam\u00edlias e na constru\u00e7\u00e3o de uma cultura colaborativa de an\u00e1lise de dados dentro da escola, come\u00e7ando pelos professores.<br><br>Outro ponto que mereceu aten\u00e7\u00e3o foi a gest\u00e3o de crises. Em tempos de redes sociais e polariza\u00e7\u00f5es, a reputa\u00e7\u00e3o das institui\u00e7\u00f5es nunca foi t\u00e3o fr\u00e1gil. A recomenda\u00e7\u00e3o das especialistas em comunica\u00e7\u00e3o estrat\u00e9gica foi clara: \u00e9 quest\u00e3o de \u201cquando\u201d \u2014 e n\u00e3o \u201cse\u201d \u2014 uma crise ir\u00e1 acontecer. Por isso, <mark style=\"background-color:#ff6900\" class=\"has-inline-color\">planos de preven\u00e7\u00e3o, comit\u00eas internos, canais de ouvidoria e l\u00edderes preparados para comunicar s\u00e3o hoje t\u00e3o importantes quanto bons resultados acad\u00eamicos<\/mark>.<br><br>Outro eixo importante foi o ESG e a educa\u00e7\u00e3o clim\u00e1tica. Tha\u00eds Brianezi, professora da ECA-USP e membro do comit\u00ea consultivo da SECLIMA, apresentou uma pesquisa apoiada pela Fapesp que busca compreender o impacto da comunica\u00e7\u00e3o na educa\u00e7\u00e3o ambiental e clim\u00e1tica. O estudo refor\u00e7a que a escola tamb\u00e9m tem um papel formador no campo ambiental e social. Segundo ela, ainda enfrentamos um distanciamento hist\u00f3rico sobre o tema. <mark style=\"background-color:#ff6900\" class=\"has-inline-color\">Precisamos avan\u00e7ar no reconhecimento da import\u00e2ncia da educa\u00e7\u00e3o ambiental<\/mark>.<\/p>\n\n\n\n<p>A Bett Brasil 2025 deixou uma mensagem clara: <mark style=\"background-color:#ff6900\" class=\"has-inline-color\">n\u00e3o h\u00e1 mais espa\u00e7o para uma escola neutra diante das transforma\u00e7\u00f5es tecnol\u00f3gicas e sociais<\/mark>. O que est\u00e1 em jogo \u00e9 a forma\u00e7\u00e3o de cidad\u00e3os conscientes, capazes de usar a IA como ferramenta \u2014 e n\u00e3o como muleta \u2014, que entendem os dados como aliados da aprendizagem e reconhecem que a reputa\u00e7\u00e3o e a \u00e9tica s\u00e3o partes indissoci\u00e1veis da educa\u00e7\u00e3o.<br><br>Aqui est\u00e3o dez tend\u00eancias da educa\u00e7\u00e3o reveladas na Bett Brasil 2025:<\/p>\n\n\n\n<ol class=\"wp-block-list\">\n<li class=\"has-medium-font-size\">Integra\u00e7\u00e3o da IA como ferramenta pedag\u00f3gica e n\u00e3o substitutiva.<\/li>\n\n\n\n<li class=\"has-medium-font-size\">Forma\u00e7\u00e3o de professores em literacia de prompt e \u00e9tica digital.<\/li>\n\n\n\n<li class=\"has-medium-font-size\">Nova abordagem para vestibulares com curadoria inteligente de conte\u00fados com aux\u00edlio da IA.<\/li>\n\n\n\n<li class=\"has-medium-font-size\">Cria\u00e7\u00e3o de pol\u00edticas claras para uso de dados pedag\u00f3gicos, respeitando a LGPD.<\/li>\n\n\n\n<li class=\"has-medium-font-size\">Educa\u00e7\u00e3o clim\u00e1tica integrada ao curr\u00edculo por meio de projetos de educomunica\u00e7\u00e3o.<\/li>\n\n\n\n<li class=\"has-medium-font-size\">Gest\u00e3o de reputa\u00e7\u00e3o escolar como estrat\u00e9gia de valor institucional.<\/li>\n\n\n\n<li class=\"has-medium-font-size\">Forma\u00e7\u00e3o de alunos para atuarem como cidad\u00e3os digitais e cr\u00edticos.<\/li>\n\n\n\n<li class=\"has-medium-font-size\">Uso da IA para personaliza\u00e7\u00e3o da aprendizagem desde os anos iniciais.<\/li>\n\n\n\n<li class=\"has-medium-font-size\">Conscientiza\u00e7\u00e3o sobre o impacto dos algoritmos no comportamento e aten\u00e7\u00e3o.<\/li>\n\n\n\n<li class=\"has-medium-font-size\">Reposicionamento da escola como espa\u00e7o de constru\u00e7\u00e3o humana, n\u00e3o apenas de conte\u00fado.<\/li>\n<\/ol>\n\n\n\n<p><br>A escola do futuro, como vimos na Bett, ser\u00e1 cada vez mais h\u00edbrida, inteligente e humana \u2014 esse \u00e9 um caminho sem volta.<\/p>\n","protected":false},"excerpt":{"rendered":"<p>Da IA \u00e0 educa\u00e7\u00e3o clim\u00e1tica, este artigo re\u00fane os principais insights sobre o futuro da escola revelados durante o maior evento do setor na Am\u00e9rica Latina<\/p>\n","protected":false},"author":4,"featured_media":5955,"comment_status":"closed","ping_status":"closed","sticky":false,"template":"","format":"standard","meta":{"footnotes":""},"categories":[8],"tags":[802,157,282,43],"class_list":["post-5934","post","type-post","status-publish","format-standard","has-post-thumbnail","hentry","category-tendencias","tag-bett-brasil-2025","tag-esg","tag-inteligencia-artificial","tag-sinepe-rs-2"],"acf":[],"yoast_head":"<!-- This site is optimized with the Yoast SEO plugin v24.6 - https:\/\/yoast.com\/wordpress\/plugins\/seo\/ -->\n<title>O que a Bett Brasil 2025 revelou sobre o futuro da educa\u00e7\u00e3o - Educa\u00e7\u00e3o em Pauta: Portal de reportagens de Educa\u00e7\u00e3o<\/title>\n<meta name=\"description\" content=\"Da IA \u00e0 educa\u00e7\u00e3o clim\u00e1tica, este artigo re\u00fane os principais insights sobre o futuro da escola revelados durante o maior evento do setor na Am\u00e9rica Latina\" \/>\n<meta name=\"robots\" content=\"index, follow, max-snippet:-1, max-image-preview:large, max-video-preview:-1\" \/>\n<link rel=\"canonical\" href=\"https:\/\/sinepe-rs.org.br\/educacaoempauta\/tendencias\/o-que-a-bett-brasil-2025-revelou-sobre-o-futuro-da-educacao\/\" \/>\n<meta property=\"og:locale\" content=\"pt_BR\" \/>\n<meta property=\"og:type\" content=\"article\" \/>\n<meta property=\"og:title\" content=\"O que a Bett Brasil 2025 revelou sobre o futuro da educa\u00e7\u00e3o - Educa\u00e7\u00e3o em Pauta: Portal de reportagens de Educa\u00e7\u00e3o\" \/>\n<meta property=\"og:description\" content=\"Da IA \u00e0 educa\u00e7\u00e3o clim\u00e1tica, este artigo re\u00fane os principais insights sobre o futuro da escola revelados durante o maior evento do setor na Am\u00e9rica Latina\" \/>\n<meta property=\"og:url\" content=\"https:\/\/sinepe-rs.org.br\/educacaoempauta\/tendencias\/o-que-a-bett-brasil-2025-revelou-sobre-o-futuro-da-educacao\/\" \/>\n<meta property=\"og:site_name\" content=\"Educa\u00e7\u00e3o em Pauta: Portal de reportagens de Educa\u00e7\u00e3o\" \/>\n<meta property=\"article:published_time\" content=\"2025-05-14T10:06:00+00:00\" \/>\n<meta property=\"article:modified_time\" content=\"2025-06-16T14:27:59+00:00\" \/>\n<meta property=\"og:image\" content=\"https:\/\/sinepe-rs.org.br\/educacaoempauta\/wp-content\/uploads\/2025\/05\/490_educacaoempauta_sinepeRS_bett-brasil-1.jpg\" \/>\n\t<meta property=\"og:image:width\" content=\"1366\" \/>\n\t<meta property=\"og:image:height\" content=\"450\" \/>\n\t<meta property=\"og:image:type\" content=\"image\/jpeg\" \/>\n<meta name=\"author\" content=\"Eduardo Wolff\" \/>\n<meta name=\"twitter:card\" content=\"summary_large_image\" \/>\n<meta name=\"twitter:label1\" content=\"Escrito por\" \/>\n\t<meta name=\"twitter:data1\" content=\"Eduardo Wolff\" \/>\n\t<meta name=\"twitter:label2\" content=\"Est. tempo de leitura\" \/>\n\t<meta name=\"twitter:data2\" content=\"5 minutos\" \/>\n<script type=\"application\/ld+json\" class=\"yoast-schema-graph\">{\"@context\":\"https:\/\/schema.org\",\"@graph\":[{\"@type\":\"WebPage\",\"@id\":\"https:\/\/sinepe-rs.org.br\/educacaoempauta\/tendencias\/o-que-a-bett-brasil-2025-revelou-sobre-o-futuro-da-educacao\/\",\"url\":\"https:\/\/sinepe-rs.org.br\/educacaoempauta\/tendencias\/o-que-a-bett-brasil-2025-revelou-sobre-o-futuro-da-educacao\/\",\"name\":\"O que a Bett Brasil 2025 revelou sobre o futuro da educa\u00e7\u00e3o - Educa\u00e7\u00e3o em Pauta: Portal de reportagens de Educa\u00e7\u00e3o\",\"isPartOf\":{\"@id\":\"https:\/\/sinepe-rs.org.br\/educacaoempauta\/#website\"},\"primaryImageOfPage\":{\"@id\":\"https:\/\/sinepe-rs.org.br\/educacaoempauta\/tendencias\/o-que-a-bett-brasil-2025-revelou-sobre-o-futuro-da-educacao\/#primaryimage\"},\"image\":{\"@id\":\"https:\/\/sinepe-rs.org.br\/educacaoempauta\/tendencias\/o-que-a-bett-brasil-2025-revelou-sobre-o-futuro-da-educacao\/#primaryimage\"},\"thumbnailUrl\":\"https:\/\/sinepe-rs.org.br\/educacaoempauta\/wp-content\/uploads\/2025\/05\/490_educacaoempauta_sinepeRS_bett-brasil-1.jpg\",\"datePublished\":\"2025-05-14T10:06:00+00:00\",\"dateModified\":\"2025-06-16T14:27:59+00:00\",\"author\":{\"@id\":\"https:\/\/sinepe-rs.org.br\/educacaoempauta\/#\/schema\/person\/a9bb8c61d5b098df16c34ec9d7154a99\"},\"description\":\"Da IA \u00e0 educa\u00e7\u00e3o clim\u00e1tica, este artigo re\u00fane os principais insights sobre o futuro da escola revelados durante o maior evento do setor na Am\u00e9rica Latina\",\"breadcrumb\":{\"@id\":\"https:\/\/sinepe-rs.org.br\/educacaoempauta\/tendencias\/o-que-a-bett-brasil-2025-revelou-sobre-o-futuro-da-educacao\/#breadcrumb\"},\"inLanguage\":\"pt-BR\",\"potentialAction\":[{\"@type\":\"ReadAction\",\"target\":[\"https:\/\/sinepe-rs.org.br\/educacaoempauta\/tendencias\/o-que-a-bett-brasil-2025-revelou-sobre-o-futuro-da-educacao\/\"]}]},{\"@type\":\"ImageObject\",\"inLanguage\":\"pt-BR\",\"@id\":\"https:\/\/sinepe-rs.org.br\/educacaoempauta\/tendencias\/o-que-a-bett-brasil-2025-revelou-sobre-o-futuro-da-educacao\/#primaryimage\",\"url\":\"https:\/\/sinepe-rs.org.br\/educacaoempauta\/wp-content\/uploads\/2025\/05\/490_educacaoempauta_sinepeRS_bett-brasil-1.jpg\",\"contentUrl\":\"https:\/\/sinepe-rs.org.br\/educacaoempauta\/wp-content\/uploads\/2025\/05\/490_educacaoempauta_sinepeRS_bett-brasil-1.jpg\",\"width\":1366,\"height\":450,\"caption\":\"O que a Bett Brasil 2025 revelou sobre o futuro da educa\u00e7\u00e3o\"},{\"@type\":\"BreadcrumbList\",\"@id\":\"https:\/\/sinepe-rs.org.br\/educacaoempauta\/tendencias\/o-que-a-bett-brasil-2025-revelou-sobre-o-futuro-da-educacao\/#breadcrumb\",\"itemListElement\":[{\"@type\":\"ListItem\",\"position\":1,\"name\":\"Home\",\"item\":\"https:\/\/sinepe-rs.org.br\/educacaoempauta\/\"},{\"@type\":\"ListItem\",\"position\":2,\"name\":\"O que a Bett Brasil 2025 revelou sobre o futuro da educa\u00e7\u00e3o\"}]},{\"@type\":\"WebSite\",\"@id\":\"https:\/\/sinepe-rs.org.br\/educacaoempauta\/#website\",\"url\":\"https:\/\/sinepe-rs.org.br\/educacaoempauta\/\",\"name\":\"Educa\u00e7\u00e3o em Pauta: Portal de reportagens de Educa\u00e7\u00e3o\",\"description\":\"Sinepe-RS\",\"potentialAction\":[{\"@type\":\"SearchAction\",\"target\":{\"@type\":\"EntryPoint\",\"urlTemplate\":\"https:\/\/sinepe-rs.org.br\/educacaoempauta\/?s={search_term_string}\"},\"query-input\":{\"@type\":\"PropertyValueSpecification\",\"valueRequired\":true,\"valueName\":\"search_term_string\"}}],\"inLanguage\":\"pt-BR\"},{\"@type\":\"Person\",\"@id\":\"https:\/\/sinepe-rs.org.br\/educacaoempauta\/#\/schema\/person\/a9bb8c61d5b098df16c34ec9d7154a99\",\"name\":\"Eduardo Wolff\",\"image\":{\"@type\":\"ImageObject\",\"inLanguage\":\"pt-BR\",\"@id\":\"https:\/\/sinepe-rs.org.br\/educacaoempauta\/#\/schema\/person\/image\/\",\"url\":\"https:\/\/secure.gravatar.com\/avatar\/dc93e7510d4af8ae2514871724e1fbe69e43cadf2bc69fa120c919f4a599d7ca?s=96&d=mm&r=g\",\"contentUrl\":\"https:\/\/secure.gravatar.com\/avatar\/dc93e7510d4af8ae2514871724e1fbe69e43cadf2bc69fa120c919f4a599d7ca?s=96&d=mm&r=g\",\"caption\":\"Eduardo Wolff\"},\"url\":\"https:\/\/sinepe-rs.org.br\/educacaoempauta\/author\/eduardo\/\"}]}<\/script>\n<!-- \/ Yoast SEO plugin. -->","yoast_head_json":{"title":"O que a Bett Brasil 2025 revelou sobre o futuro da educa\u00e7\u00e3o - Educa\u00e7\u00e3o em Pauta: Portal de reportagens de Educa\u00e7\u00e3o","description":"Da IA \u00e0 educa\u00e7\u00e3o clim\u00e1tica, este artigo re\u00fane os principais insights sobre o futuro da escola revelados durante o maior evento do setor na Am\u00e9rica Latina","robots":{"index":"index","follow":"follow","max-snippet":"max-snippet:-1","max-image-preview":"max-image-preview:large","max-video-preview":"max-video-preview:-1"},"canonical":"https:\/\/sinepe-rs.org.br\/educacaoempauta\/tendencias\/o-que-a-bett-brasil-2025-revelou-sobre-o-futuro-da-educacao\/","og_locale":"pt_BR","og_type":"article","og_title":"O que a Bett Brasil 2025 revelou sobre o futuro da educa\u00e7\u00e3o - Educa\u00e7\u00e3o em Pauta: Portal de reportagens de Educa\u00e7\u00e3o","og_description":"Da IA \u00e0 educa\u00e7\u00e3o clim\u00e1tica, este artigo re\u00fane os principais insights sobre o futuro da escola revelados durante o maior evento do setor na Am\u00e9rica Latina","og_url":"https:\/\/sinepe-rs.org.br\/educacaoempauta\/tendencias\/o-que-a-bett-brasil-2025-revelou-sobre-o-futuro-da-educacao\/","og_site_name":"Educa\u00e7\u00e3o em Pauta: Portal de reportagens de Educa\u00e7\u00e3o","article_published_time":"2025-05-14T10:06:00+00:00","article_modified_time":"2025-06-16T14:27:59+00:00","og_image":[{"width":1366,"height":450,"url":"https:\/\/sinepe-rs.org.br\/educacaoempauta\/wp-content\/uploads\/2025\/05\/490_educacaoempauta_sinepeRS_bett-brasil-1.jpg","type":"image\/jpeg"}],"author":"Eduardo Wolff","twitter_card":"summary_large_image","twitter_misc":{"Escrito por":"Eduardo Wolff","Est. tempo de leitura":"5 minutos"},"schema":{"@context":"https:\/\/schema.org","@graph":[{"@type":"WebPage","@id":"https:\/\/sinepe-rs.org.br\/educacaoempauta\/tendencias\/o-que-a-bett-brasil-2025-revelou-sobre-o-futuro-da-educacao\/","url":"https:\/\/sinepe-rs.org.br\/educacaoempauta\/tendencias\/o-que-a-bett-brasil-2025-revelou-sobre-o-futuro-da-educacao\/","name":"O que a Bett Brasil 2025 revelou sobre o futuro da educa\u00e7\u00e3o - Educa\u00e7\u00e3o em Pauta: Portal de reportagens de Educa\u00e7\u00e3o","isPartOf":{"@id":"https:\/\/sinepe-rs.org.br\/educacaoempauta\/#website"},"primaryImageOfPage":{"@id":"https:\/\/sinepe-rs.org.br\/educacaoempauta\/tendencias\/o-que-a-bett-brasil-2025-revelou-sobre-o-futuro-da-educacao\/#primaryimage"},"image":{"@id":"https:\/\/sinepe-rs.org.br\/educacaoempauta\/tendencias\/o-que-a-bett-brasil-2025-revelou-sobre-o-futuro-da-educacao\/#primaryimage"},"thumbnailUrl":"https:\/\/sinepe-rs.org.br\/educacaoempauta\/wp-content\/uploads\/2025\/05\/490_educacaoempauta_sinepeRS_bett-brasil-1.jpg","datePublished":"2025-05-14T10:06:00+00:00","dateModified":"2025-06-16T14:27:59+00:00","author":{"@id":"https:\/\/sinepe-rs.org.br\/educacaoempauta\/#\/schema\/person\/a9bb8c61d5b098df16c34ec9d7154a99"},"description":"Da IA \u00e0 educa\u00e7\u00e3o clim\u00e1tica, este artigo re\u00fane os principais insights sobre o futuro da escola revelados durante o maior evento do setor na Am\u00e9rica Latina","breadcrumb":{"@id":"https:\/\/sinepe-rs.org.br\/educacaoempauta\/tendencias\/o-que-a-bett-brasil-2025-revelou-sobre-o-futuro-da-educacao\/#breadcrumb"},"inLanguage":"pt-BR","potentialAction":[{"@type":"ReadAction","target":["https:\/\/sinepe-rs.org.br\/educacaoempauta\/tendencias\/o-que-a-bett-brasil-2025-revelou-sobre-o-futuro-da-educacao\/"]}]},{"@type":"ImageObject","inLanguage":"pt-BR","@id":"https:\/\/sinepe-rs.org.br\/educacaoempauta\/tendencias\/o-que-a-bett-brasil-2025-revelou-sobre-o-futuro-da-educacao\/#primaryimage","url":"https:\/\/sinepe-rs.org.br\/educacaoempauta\/wp-content\/uploads\/2025\/05\/490_educacaoempauta_sinepeRS_bett-brasil-1.jpg","contentUrl":"https:\/\/sinepe-rs.org.br\/educacaoempauta\/wp-content\/uploads\/2025\/05\/490_educacaoempauta_sinepeRS_bett-brasil-1.jpg","width":1366,"height":450,"caption":"O que a Bett Brasil 2025 revelou sobre o futuro da educa\u00e7\u00e3o"},{"@type":"BreadcrumbList","@id":"https:\/\/sinepe-rs.org.br\/educacaoempauta\/tendencias\/o-que-a-bett-brasil-2025-revelou-sobre-o-futuro-da-educacao\/#breadcrumb","itemListElement":[{"@type":"ListItem","position":1,"name":"Home","item":"https:\/\/sinepe-rs.org.br\/educacaoempauta\/"},{"@type":"ListItem","position":2,"name":"O que a Bett Brasil 2025 revelou sobre o futuro da educa\u00e7\u00e3o"}]},{"@type":"WebSite","@id":"https:\/\/sinepe-rs.org.br\/educacaoempauta\/#website","url":"https:\/\/sinepe-rs.org.br\/educacaoempauta\/","name":"Educa\u00e7\u00e3o em Pauta: Portal de reportagens de Educa\u00e7\u00e3o","description":"Sinepe-RS","potentialAction":[{"@type":"SearchAction","target":{"@type":"EntryPoint","urlTemplate":"https:\/\/sinepe-rs.org.br\/educacaoempauta\/?s={search_term_string}"},"query-input":{"@type":"PropertyValueSpecification","valueRequired":true,"valueName":"search_term_string"}}],"inLanguage":"pt-BR"},{"@type":"Person","@id":"https:\/\/sinepe-rs.org.br\/educacaoempauta\/#\/schema\/person\/a9bb8c61d5b098df16c34ec9d7154a99","name":"Eduardo Wolff","image":{"@type":"ImageObject","inLanguage":"pt-BR","@id":"https:\/\/sinepe-rs.org.br\/educacaoempauta\/#\/schema\/person\/image\/","url":"https:\/\/secure.gravatar.com\/avatar\/dc93e7510d4af8ae2514871724e1fbe69e43cadf2bc69fa120c919f4a599d7ca?s=96&d=mm&r=g","contentUrl":"https:\/\/secure.gravatar.com\/avatar\/dc93e7510d4af8ae2514871724e1fbe69e43cadf2bc69fa120c919f4a599d7ca?s=96&d=mm&r=g","caption":"Eduardo Wolff"},"url":"https:\/\/sinepe-rs.org.br\/educacaoempauta\/author\/eduardo\/"}]}},"_links":{"self":[{"href":"https:\/\/sinepe-rs.org.br\/educacaoempauta\/wp-json\/wp\/v2\/posts\/5934","targetHints":{"allow":["GET"]}}],"collection":[{"href":"https:\/\/sinepe-rs.org.br\/educacaoempauta\/wp-json\/wp\/v2\/posts"}],"about":[{"href":"https:\/\/sinepe-rs.org.br\/educacaoempauta\/wp-json\/wp\/v2\/types\/post"}],"author":[{"embeddable":true,"href":"https:\/\/sinepe-rs.org.br\/educacaoempauta\/wp-json\/wp\/v2\/users\/4"}],"replies":[{"embeddable":true,"href":"https:\/\/sinepe-rs.org.br\/educacaoempauta\/wp-json\/wp\/v2\/comments?post=5934"}],"version-history":[{"count":23,"href":"https:\/\/sinepe-rs.org.br\/educacaoempauta\/wp-json\/wp\/v2\/posts\/5934\/revisions"}],"predecessor-version":[{"id":6220,"href":"https:\/\/sinepe-rs.org.br\/educacaoempauta\/wp-json\/wp\/v2\/posts\/5934\/revisions\/6220"}],"wp:featuredmedia":[{"embeddable":true,"href":"https:\/\/sinepe-rs.org.br\/educacaoempauta\/wp-json\/wp\/v2\/media\/5955"}],"wp:attachment":[{"href":"https:\/\/sinepe-rs.org.br\/educacaoempauta\/wp-json\/wp\/v2\/media?parent=5934"}],"wp:term":[{"taxonomy":"category","embeddable":true,"href":"https:\/\/sinepe-rs.org.br\/educacaoempauta\/wp-json\/wp\/v2\/categories?post=5934"},{"taxonomy":"post_tag","embeddable":true,"href":"https:\/\/sinepe-rs.org.br\/educacaoempauta\/wp-json\/wp\/v2\/tags?post=5934"}],"curies":[{"name":"wp","href":"https:\/\/api.w.org\/{rel}","templated":true}]}}