{"id":6154,"date":"2025-06-10T07:12:00","date_gmt":"2025-06-10T10:12:00","guid":{"rendered":"https:\/\/sinepe-rs.org.br\/educacaoempauta\/?p=6154"},"modified":"2025-06-26T08:55:47","modified_gmt":"2025-06-26T11:55:47","slug":"a-essencia-do-professor-e-aprender-para-ensinar-melhor-diz-idelfranio-moreira","status":"publish","type":"post","link":"https:\/\/sinepe-rs.org.br\/educacaoempauta\/com-a-palavra\/a-essencia-do-professor-e-aprender-para-ensinar-melhor-diz-idelfranio-moreira\/","title":{"rendered":"\u201cA ess\u00eancia \u00e9 aprender para ensinar melhor\u201d, diz Idelfranio Moreira"},"content":{"rendered":"\n<p>Cearense, professor, gestor e entusiasta da transforma\u00e7\u00e3o educacional com o uso consciente da tecnologia. Essa \u00e9 uma descri\u00e7\u00e3o breve da longa e empolgante carreira de <a href=\"https:\/\/www.instagram.com\/quase24haovivo\/\" target=\"_blank\" rel=\"noreferrer noopener\">Idelfranio Moreira<\/a>, considerado um dos principais nomes quando o assunto \u00e9 inova\u00e7\u00e3o na aprendizagem. Com mais de tr\u00eas d\u00e9cadas de experi\u00eancia, hoje ele atua como executivo de Inova\u00e7\u00f5es Educacionais no SAS Educa\u00e7\u00e3o, onde lidera projetos que unem tecnologia, pedagogia e estrat\u00e9gia para tornar a experi\u00eancia escolar mais personalizada, eficiente e conectada aos desafios contempor\u00e2neos.<\/p>\n\n\n\n<p>Professor de F\u00edsica em turmas de alto desempenho e com experi\u00eancia em gest\u00e3o escolar, Idelfranio transita com propriedade entre o ch\u00e3o da sala de aula e os espa\u00e7os de decis\u00e3o estrat\u00e9gica. Ao longo de sua trajet\u00f3ria, tem se dedicado a aproximar educadores do universo digital, desmistificando conceitos e propondo caminhos vi\u00e1veis para que a Intelig\u00eancia Artificial (IA) seja, de fato, uma aliada dentro das institui\u00e7\u00f5es de ensino.<\/p>\n\n\n\n<p>\u201c<mark style=\"background-color:#ff6900\" class=\"has-inline-color\">\u00c9 preciso pensar quais s\u00e3o os problemas importantes que eu tenho para resolver nas minhas rotinas e se existe uma intelig\u00eancia artificial para isso. Esse \u00e9 sempre o pensamento correto para come\u00e7ar a usar uma nova tecnologia<\/mark>\u201d, aponta o professor, que ser\u00e1 um dos palestrantes do <a href=\"https:\/\/sinepe-rs.org.br\/congresso\" target=\"_blank\" rel=\"noreferrer noopener\">18\u00ba Congresso do Ensino Privado<\/a>, promovido pelo SINEPE\/RS, nos dias 23, 24 e 25 de julho, no Centro de Eventos da PUCRS. Sua participa\u00e7\u00e3o promete provocar reflex\u00f5es importantes sobre o papel da IA no presente e no futuro da educa\u00e7\u00e3o.<\/p>\n\n\n\n<p><mark style=\"background-color:#fcb900\" class=\"has-inline-color\"><strong>Leia tamb\u00e9m:<\/strong><br><strong>>> <a href=\"https:\/\/sinepe-rs.org.br\/educacaoempauta\/pedagogico\/a-inteligencia-artificial-pode-substituir-o-papel-do-professor\/\" target=\"_blank\" rel=\"noreferrer noopener\">A Intelig\u00eancia Artificial pode substituir o papel do professor?<br><\/a>>> <a href=\"https:\/\/sinepe-rs.org.br\/educacaoempauta\/inspire-se\/o-que-esperar-da-proxima-decada-em-educacao-e-tecnologia\/\" target=\"_blank\" rel=\"noreferrer noopener\">O que esperar da pr\u00f3xima d\u00e9cada em educa\u00e7\u00e3o e tecnologia<br><\/a>>> <a href=\"https:\/\/sinepe-rs.org.br\/educacaoempauta\/gestao\/como-estimular-o-uso-de-tecnologias-digitais-pelos-professores\/\" target=\"_blank\" rel=\"noreferrer noopener\">Como estimular o uso de tecnologias digitais pelos professores<\/a><\/strong><\/mark><\/p>\n\n\n\n<p>Em entrevista para o <strong>Educa\u00e7\u00e3o em Pauta<\/strong>, Moreira compartilha sua vis\u00e3o sobre os usos \u00e9ticos e pr\u00e1ticos da tecnologia nas escolas, os impactos da IA no processo de aprendizagem e os desafios que os gestores educacionais precisam enfrentar para acompanhar as transforma\u00e7\u00f5es que j\u00e1 est\u00e3o em curso. Confira:<\/p>\n\n\n\n<p><strong>Ainda h\u00e1 muita d\u00favida, e at\u00e9 receio, por parte de alguns educadores em rela\u00e7\u00e3o \u00e0 Intelig\u00eancia Artificial. O que voc\u00ea diria para os gestores e professores que consideram a IA como algo distante ou amea\u00e7ador?<\/strong><\/p>\n\n\n\n<p>A reflex\u00e3o \u00e9 a seguinte: n\u00e3o \u00e9 distante, pelo contr\u00e1rio, nos atravessou e j\u00e1 est\u00e1 l\u00e1 na frente. Se a gente considerar que come\u00e7amos a ter a presen\u00e7a da tecnologia na educa\u00e7\u00e3o aqui no Brasil no come\u00e7o da d\u00e9cada de 1990, com os computadores pessoais e com a internet, e na virada para os anos 2000, com os celulares, os dispositivos mobile e, depois, os smartphones, temos a\u00ed um delay que exige que a gente corra atr\u00e1s. O ponto importante \u00e9 que a ado\u00e7\u00e3o das tecnologias e a disrup\u00e7\u00e3o que elas causam t\u00eam sido cada vez mais aceleradas. Hoje, com as intelig\u00eancias artificiais generativas, o que voc\u00ea tem que fazer? H\u00e1 um aplicativo instalado no seu dispositivo mobile, e voc\u00ea vai literalmente falar com ele. Ent\u00e3o, a grande quest\u00e3o \u00e9, do meu ponto de vista enquanto gestor e professor, correr atr\u00e1s de um mundo que est\u00e1 cada vez mais acelerado e em que a gente est\u00e1 ficando para tr\u00e1s. <mark style=\"background-color:#ff6900\" class=\"has-inline-color\">Tem um ponto de responsabilidade profissional gigante<\/mark>.<\/p>\n\n\n\n<p><strong>Na sua opini\u00e3o, por onde as escolas devem come\u00e7ar se quiserem entender e adotar a IA em seus processos pedag\u00f3gicos e administrativos?<\/strong><\/p>\n\n\n\n<p>As tecnologias oferecem um ponto de incremento de produtividade. Sabemos que a jornada do professor, independentemente do segmento em que ele atua e do componente curricular que ele trabalha, \u00e9 muito puxada, dentro e fora da sala de aula. \u00c9 preciso mostrar as intelig\u00eancias artificiais como ferramentas que podem melhorar e aumentar a produtividade nas tarefas que chamamos de algoritmiz\u00e1veis, como corre\u00e7\u00f5es de prova, levantamento de material para repert\u00f3rio, elabora\u00e7\u00e3o de planejamento pedag\u00f3gico e an\u00e1lise de dados. <mark style=\"background-color:#ff6900\" class=\"has-inline-color\">Isso permite que o professor consiga focar naquilo em que ele \u00e9 o diferencial<\/mark>. Acho que isso seria um pontap\u00e9. Lembrando que as intelig\u00eancias artificiais, assim como a eletricidade, por exemplo, \u00e9 o que a gente chama de tecnologia de prop\u00f3sito geral. Elas impactam todas as atividades. \u00c9 preciso pensar quais s\u00e3o os problemas importantes que eu tenho para resolver nas minhas rotinas e se existe uma intelig\u00eancia artificial para isso. Esse \u00e9 sempre o pensamento correto para come\u00e7ar a usar uma nova tecnologia.<\/p>\n\n\n\n<figure class=\"wp-block-embed is-type-video is-provider-youtube wp-block-embed-youtube wp-embed-aspect-16-9 wp-has-aspect-ratio\"><div class=\"wp-block-embed__wrapper\">\n<iframe loading=\"lazy\" title=\"Quase24h ao Vivo | 2024 | 9a edi\u00e7\u00e3o | NOITE\" width=\"500\" height=\"281\" src=\"https:\/\/www.youtube.com\/embed\/OwlHLq8Q0UE?feature=oembed\" frameborder=\"0\" allow=\"accelerometer; autoplay; clipboard-write; encrypted-media; gyroscope; picture-in-picture; web-share\" referrerpolicy=\"strict-origin-when-cross-origin\" allowfullscreen><\/iframe>\n<\/div><\/figure>\n\n\n\n<p><strong>Voc\u00ea acredita que a IA pode transformar o papel do professor em sala de aula? De que forma?<\/strong><\/p>\n\n\n\n<p>Eu acredito que o professor pode transformar o papel do professor em sala de aula, e n\u00e3o a tecnologia. Olhando em retrospectiva, as tecnologias, por si s\u00f3, n\u00e3o resolvem problemas, elas precisam ser compreendidas, interpretadas, aplicadas e dominadas. \u00c9 menos uma quest\u00e3o de tecnologia e mais uma quest\u00e3o de atualiza\u00e7\u00e3o profissional. N\u00f3s j\u00e1 entendemos que todos os cursos s\u00e3o aplicados e exigem muita atualiza\u00e7\u00e3o dos profissionais. A gente fala muito hoje em Life-Long-Learning, Life-Wide-Learning, Upskilling e Reskilling. Se o professor \u00e9 o profissional que forma todos os outros profissionais, ent\u00e3o \u00e9 o primeiro que precisa se beneficiar disso. <mark style=\"background-color:#ff6900\" class=\"has-inline-color\">\u00c9 reciclar habilidades que a gente j\u00e1 tem e aprender algumas novas, que certamente n\u00e3o eram necess\u00e1rias quando n\u00f3s come\u00e7amos<\/mark>. Mas o mundo mudou, est\u00e1 muito acelerado. Ele muda muito e muito r\u00e1pido. Ele capota!<\/p>\n\n\n\n<p><strong>Que tipo de ganho concreto na aprendizagem dos estudantes pode ser alcan\u00e7ado com o uso bem estruturado da IA?<\/strong><\/p>\n\n\n\n<p>Vou dar uma resposta bem focada numa ferramenta que \u00e9 muito conhecida de n\u00f3s professores, a Taxonomia de Bloom. Ela prop\u00f5e alguns n\u00edveis de demanda cognitiva para a gente come\u00e7ar com atividades, desde as mais simples, de ler, de reconhecer, de lembrar, passando por atividades como interpreta\u00e7\u00e3o, avalia\u00e7\u00e3o, at\u00e9 a cria\u00e7\u00e3o. Dizemos que o aprendizado de verdade acontece nos n\u00edveis mais altos de Bloom. Os n\u00edveis mais baixos s\u00e3o o que eu chamei de algoritmiz\u00e1vel. A leitura de informa\u00e7\u00e3o, a interpreta\u00e7\u00e3o de dados, podem ser ajudadas pelas intelig\u00eancias artificiais. Vamos pensar alguns exemplos pr\u00e1ticos. Eu sou um estudante e estou tentando aprender ingl\u00eas. A\u00ed eu me aventuro a ler um texto em ingl\u00eas e, em um determinado par\u00e1grafo, fico perdido. N\u00e3o conhe\u00e7o as palavras, vejo que o meu vocabul\u00e1rio precisa crescer. Eu tenho a op\u00e7\u00e3o de traduzir, mas hoje eu posso, por exemplo, colocar esse par\u00e1grafo que eu n\u00e3o consegui entender num chatbot e pedir para ele me explicar o par\u00e1grafo. Com essa nova explica\u00e7\u00e3o, com outras palavras, com outro vocabul\u00e1rio, eu consigo entender o significado sem precisar traduzir. <br><br>H\u00e1 v\u00e1rias possibilidades de cria\u00e7\u00f5es de din\u00e2micas para que o aluno consiga trabalhar. Isso poderia ser um bom pensamento de estruturar um uso de IA para os estudantes, que pode ser feito tanto a partir do planejamento pedag\u00f3gico do professor, como vale trabalhar com aluno a metacogni\u00e7\u00e3o, para ele entender esse processo de aprendizado. <mark style=\"background-color:#ff6900\" class=\"has-inline-color\">As IA generativas podem cumprir um papel muito importante e podem ser um grande ponto de partida.<\/mark> Lembrando que s\u00e3o crian\u00e7as e jovens e que, por si s\u00f3, teriam dificuldade de entender os melhores usos, de encontrar os melhores contextos, de dar as melhores aplica\u00e7\u00f5es, at\u00e9 de usos \u00e9ticos. Nesse ponto, \u00e9 preciso um preparo, uma supervis\u00e3o e um direcionamento do professor.<\/p>\n\n\n\n<p><strong>Na sua vis\u00e3o, quais s\u00e3o os principais desafios para integrar a IA de forma eficiente no contexto escolar brasileiro?<\/strong><\/p>\n\n\n\n<p>N\u00f3s estamos j\u00e1 vivendo um quarto do s\u00e9culo 21, com todas as possibilidades que ele trouxe, mas n\u00f3s ainda temos crian\u00e7as, jovens, estudantes, alunos que reclamam, porque t\u00eam que estudar o que t\u00eam que estudar, que acham que n\u00e3o v\u00e3o dar uso para aquele conhecimento. N\u00e3o \u00e9 assim mais que se entende o estudo, o aprendizado e o conhecimento. Tudo aquilo em que eu empenhar recurso mental, foco, esfor\u00e7o cognitivo para tentar entender, isso, em \u00faltimo grau, est\u00e1 formando sinapses na minha cabe\u00e7a. Quanto mais sinapses eu tenho, mais poder cognitivo eu ganho. N\u00e3o \u00e9 de reclamar disso ou daquilo ou de achar que o conhecimento tem que ser utilit\u00e1rio. \u00c9 um pensamento errado achar que, se o estudante quer fazer o curso de direito, vai precisar das aulas de hist\u00f3ria, mas n\u00e3o das de f\u00edsica. <br><br><mark style=\"background-color:#ff6900\" class=\"has-inline-color\">O que eu preciso, em qualquer carreira, \u00e9 de capacidade cognitiva, de habilidades de resolu\u00e7\u00e3o de problemas. Isso \u00e9 desenvolvido toda vez que eu estou estudando<\/mark>. Se o meu aluno entende a import\u00e2ncia de estudar, ele n\u00e3o vai pedir para o ChatGPT escrever uma reda\u00e7\u00e3o e vai entender que o trabalho dele \u00e9 se dedicar \u00e0 escrita de um texto, que \u00e9 o produto final de um processo em que ele ampliou sua capacidade cognitiva para ser aquilo que ele quiser ser.<\/p>\n\n\n\n<p><strong>Como voc\u00ea v\u00ea o papel da forma\u00e7\u00e3o continuada de professores diante dessa nova realidade tecnol\u00f3gica?<\/strong><\/p>\n\n\n\n<p>As transforma\u00e7\u00f5es que a gente tanto quer ver s\u00e3o menos t\u00e9cnicas e mais voltadas para o modo como se faz. \u00c9 uma quest\u00e3o de compreender o mundo como um todo, ouvir e ver o que est\u00e1 acontecendo. Porque esse mundo hoje est\u00e1 dentro da minha sala de aula, que \u00e9 bem diferente de quando eu comecei a dar aula, no meu caso espec\u00edfico, h\u00e1 32 anos. Esse entendimento desmistifica muitas das dores e permite ver as oportunidades. S\u00e3o tecnologias muito disruptivas, e <mark style=\"background-color:#ff6900\" class=\"has-inline-color\">quando um mercado sofre de disrup\u00e7\u00e3o, h\u00e1 profissionais que saem porque o mercado tira ou porque o profissional n\u00e3o quer se reinventar. As coisas n\u00e3o t\u00eam uma explica\u00e7\u00e3o simples, \u00e9 tudo multifatorial<\/mark>. S\u00e3o esses recursos tecnol\u00f3gicos que temos hoje que permitem uma forma\u00e7\u00e3o efetivamente continuada do professor, j\u00e1 que n\u00e3o dependemos de encontros apenas presenciais e s\u00edncronos para realizar forma\u00e7\u00f5es. Os recursos digitais que d\u00e3o oportunidade de cada professor seguir sua trilha, focar nas suas necessidades e seguir o seu tempo e o seu fluxo. \u00c9 um grande poder. E isso traz grandes responsabilidades. Professores podem dirigir suas forma\u00e7\u00f5es, e gestores e institui\u00e7\u00f5es devem fornecer oportunidades para isso. <br><br>Lembro de uma fala do escritor de fic\u00e7\u00e3o cient\u00edfica Arthur C. Clarke que diz que qualquer tecnologia muito disruptiva \u00e0s vezes \u00e9 indistingu\u00edvel de m\u00e1gica. <mark style=\"background-color:#ff6900\" class=\"has-inline-color\">Ainda h\u00e1 muitos professores que entendem a tecnologia como m\u00e1gica. O foco que eu tenho dado nas minhas forma\u00e7\u00f5es de professores \u00e9 mostrar que n\u00e3o tem m\u00e1gica nenhuma e que a gente pode correr atr\u00e1s<\/mark>.<\/p>\n\n\n\n<p><strong>O que mais tem te surpreendido nas experi\u00eancias com IA aplicadas \u00e0 educa\u00e7\u00e3o?<\/strong><\/p>\n\n\n\n<p>Atuo como executivo de inova\u00e7\u00f5es na SAS Educa\u00e7\u00e3o. N\u00f3s temos um case mundial de aplica\u00e7\u00f5es de intelig\u00eancia artificial para a educa\u00e7\u00e3o reconhecido pela OpenAI, criadora do ChatGPT, com a qual temos um acordo comercial. <mark style=\"background-color:#ff6900\" class=\"has-inline-color\">A maneira como temos pensado a IA passa por dar a oportunidade do professor rever as suas pr\u00e1ticas profissionais<\/mark>. O grande momento que estamos vivendo \u00e9 de entender o que \u00e9 que na nossa pr\u00e1tica profissional \u00e9 algoritimiz\u00e1vel. Isso tanto vale para o administrativo da escola como para o pedag\u00f3gico. Porque, se for algoritimiz\u00e1vel, certamente existe um software com intelig\u00eancia artificial que vai fazer aquilo muito melhor e mais r\u00e1pido do que eu e voc\u00ea. <br><br>E a\u00ed n\u00f3s vamos descobrir tamb\u00e9m o que n\u00e3o \u00e9 algoritimiz\u00e1vel, o que faz com que sejamos quem somos. Esse \u00e9 o ponto em que a gente est\u00e1 vivendo agora. E a minha surpresa tem vindo disso, de ver a aplicabilidade das ferramentas que temos desenvolvido e o impacto sobre o autoconhecimento da jornada profissional dos professores. Ainda est\u00e1 muito no in\u00edcio, temos muitas barreiras a serem vencidas, mas eu diria que o que mais tem me dado gosto de ver s\u00e3o essas auto-descobertas.<\/p>\n\n\n\n<p><strong>Sua participa\u00e7\u00e3o no 18\u00ba Congresso do Ensino Privado vem justamente para abordar essa intersec\u00e7\u00e3o entre educa\u00e7\u00e3o e tecnologia. Qual a import\u00e2ncia de debater o uso da IA em eventos como esse?<\/strong><\/p>\n\n\n\n<p>Fiquei muito contente quando recebi o convite para participar do Congresso, e mais ainda quando me encomendaram esse tema. Acredito que quando estamos conversando sobre isso, tentando entender, \u00e9 uma oportunidade de evoluirmos enquanto escola, tanto nos processos administrativos quanto nas propostas pedag\u00f3gicas. <mark style=\"background-color:#ff6900\" class=\"has-inline-color\">\u00c9 uma oportunidade de evoluirmos enquanto profissionais de educa\u00e7\u00e3o, adultos desta \u00e9poca, respons\u00e1veis pela educa\u00e7\u00e3o das nossas crian\u00e7as e jovens<\/mark>. E tamb\u00e9m \u00e9 uma oportunidade para essas crian\u00e7as e jovens compreenderem melhor o que \u00e9 o estudar e o que \u00e9 o aprender. Algo t\u00e3o necess\u00e1rio para sobreviver bem neste s\u00e9culo e, pensando para o impacto nas carreiras, por exemplo, que s\u00f3 vem crescendo ao longo dos anos, agora \u00e9 um momento em que se demanda muita excel\u00eancia de aprendizado. Debater esses temas nos d\u00e1 a oportunidade de evoluir, de nos tornarmos melhores, de aprendermos que essa \u00e9 a ess\u00eancia do professor: a gente busca sempre aprender mais para conseguir ensinar melhor.<\/p>\n\n\n\n<h2 class=\"wp-block-heading has-medium-font-size\"><strong>Sobre o Congresso<\/strong><\/h2>\n\n\n\n<p>O 18\u00ba Congresso do Ensino Privado Ga\u00facho ocorrer\u00e1 nos dias 23, 24 e 25 de julho, no Centro de Eventos da PUCRS, em Porto Alegre. O evento, que nesta edi\u00e7\u00e3o traz o tema \u201cRaz\u00e3o e Emo\u00e7\u00e3o: conectando aprendizagens\u201d, contar\u00e1 com as presen\u00e7as de palestrantes renomados nacional e internacionalmente. Para participar do Congresso, basta se inscrever no <a href=\"https:\/\/sinepe-rs.org.br\/congresso\/inscricoes\" target=\"_blank\" rel=\"noreferrer noopener\">site do evento<\/a>.<\/p>\n\n\n\n<p><\/p>\n","protected":false},"excerpt":{"rendered":"<p>Educador levar\u00e1 seu olhar humano sobre a tecnologia na educa\u00e7\u00e3o para o 18\u00ba Congresso do Ensino Privado, em julho, na PUCRS<\/p>\n","protected":false},"author":4,"featured_media":6153,"comment_status":"closed","ping_status":"closed","sticky":false,"template":"","format":"standard","meta":{"footnotes":""},"categories":[4],"tags":[795,812,330,43],"class_list":["post-6154","post","type-post","status-publish","format-standard","has-post-thumbnail","hentry","category-com-a-palavra","tag-congresso-do-ensino-privado-gaucho","tag-idelfranio-moreira","tag-inovacao-em-educacao","tag-sinepe-rs-2"],"acf":[],"yoast_head":"<!-- This site is optimized with the Yoast SEO plugin v24.6 - https:\/\/yoast.com\/wordpress\/plugins\/seo\/ -->\n<title>\u201cA ess\u00eancia \u00e9 aprender para ensinar melhor\u201d, diz Idelfranio Moreira - Educa\u00e7\u00e3o em Pauta: Portal de reportagens de Educa\u00e7\u00e3o<\/title>\n<meta name=\"description\" content=\"Educador levar\u00e1 seu olhar humano sobre a tecnologia na educa\u00e7\u00e3o para o 18\u00ba Congresso do Ensino Privado, em julho, na PUCRS\" \/>\n<meta name=\"robots\" content=\"index, follow, max-snippet:-1, max-image-preview:large, max-video-preview:-1\" \/>\n<link rel=\"canonical\" href=\"https:\/\/sinepe-rs.org.br\/educacaoempauta\/com-a-palavra\/a-essencia-do-professor-e-aprender-para-ensinar-melhor-diz-idelfranio-moreira\/\" \/>\n<meta property=\"og:locale\" content=\"pt_BR\" \/>\n<meta property=\"og:type\" content=\"article\" \/>\n<meta property=\"og:title\" content=\"\u201cA ess\u00eancia \u00e9 aprender para ensinar melhor\u201d, diz Idelfranio Moreira - Educa\u00e7\u00e3o em Pauta: Portal de reportagens de Educa\u00e7\u00e3o\" \/>\n<meta property=\"og:description\" content=\"Educador levar\u00e1 seu olhar humano sobre a tecnologia na educa\u00e7\u00e3o para o 18\u00ba Congresso do Ensino Privado, em julho, na PUCRS\" \/>\n<meta property=\"og:url\" content=\"https:\/\/sinepe-rs.org.br\/educacaoempauta\/com-a-palavra\/a-essencia-do-professor-e-aprender-para-ensinar-melhor-diz-idelfranio-moreira\/\" \/>\n<meta property=\"og:site_name\" content=\"Educa\u00e7\u00e3o em Pauta: Portal de reportagens de Educa\u00e7\u00e3o\" \/>\n<meta property=\"article:published_time\" content=\"2025-06-10T10:12:00+00:00\" \/>\n<meta property=\"article:modified_time\" content=\"2025-06-26T11:55:47+00:00\" \/>\n<meta property=\"og:image\" content=\"https:\/\/sinepe-rs.org.br\/educacaoempauta\/wp-content\/uploads\/2025\/06\/494_sinepers_padrinho_idelfraniomoreira.jpg\" \/>\n\t<meta property=\"og:image:width\" content=\"1366\" \/>\n\t<meta property=\"og:image:height\" content=\"450\" \/>\n\t<meta property=\"og:image:type\" content=\"image\/jpeg\" \/>\n<meta name=\"author\" content=\"Eduardo Wolff\" \/>\n<meta name=\"twitter:card\" content=\"summary_large_image\" \/>\n<meta name=\"twitter:label1\" content=\"Escrito por\" \/>\n\t<meta name=\"twitter:data1\" content=\"Eduardo Wolff\" \/>\n\t<meta name=\"twitter:label2\" content=\"Est. tempo de leitura\" \/>\n\t<meta name=\"twitter:data2\" content=\"12 minutos\" \/>\n<script type=\"application\/ld+json\" class=\"yoast-schema-graph\">{\"@context\":\"https:\/\/schema.org\",\"@graph\":[{\"@type\":\"WebPage\",\"@id\":\"https:\/\/sinepe-rs.org.br\/educacaoempauta\/com-a-palavra\/a-essencia-do-professor-e-aprender-para-ensinar-melhor-diz-idelfranio-moreira\/\",\"url\":\"https:\/\/sinepe-rs.org.br\/educacaoempauta\/com-a-palavra\/a-essencia-do-professor-e-aprender-para-ensinar-melhor-diz-idelfranio-moreira\/\",\"name\":\"\u201cA ess\u00eancia \u00e9 aprender para ensinar melhor\u201d, diz Idelfranio Moreira - Educa\u00e7\u00e3o em Pauta: Portal de reportagens de Educa\u00e7\u00e3o\",\"isPartOf\":{\"@id\":\"https:\/\/sinepe-rs.org.br\/educacaoempauta\/#website\"},\"primaryImageOfPage\":{\"@id\":\"https:\/\/sinepe-rs.org.br\/educacaoempauta\/com-a-palavra\/a-essencia-do-professor-e-aprender-para-ensinar-melhor-diz-idelfranio-moreira\/#primaryimage\"},\"image\":{\"@id\":\"https:\/\/sinepe-rs.org.br\/educacaoempauta\/com-a-palavra\/a-essencia-do-professor-e-aprender-para-ensinar-melhor-diz-idelfranio-moreira\/#primaryimage\"},\"thumbnailUrl\":\"https:\/\/sinepe-rs.org.br\/educacaoempauta\/wp-content\/uploads\/2025\/06\/494_sinepers_padrinho_idelfraniomoreira.jpg\",\"datePublished\":\"2025-06-10T10:12:00+00:00\",\"dateModified\":\"2025-06-26T11:55:47+00:00\",\"author\":{\"@id\":\"https:\/\/sinepe-rs.org.br\/educacaoempauta\/#\/schema\/person\/a9bb8c61d5b098df16c34ec9d7154a99\"},\"description\":\"Educador levar\u00e1 seu olhar humano sobre a tecnologia na educa\u00e7\u00e3o para o 18\u00ba Congresso do Ensino Privado, em julho, na PUCRS\",\"breadcrumb\":{\"@id\":\"https:\/\/sinepe-rs.org.br\/educacaoempauta\/com-a-palavra\/a-essencia-do-professor-e-aprender-para-ensinar-melhor-diz-idelfranio-moreira\/#breadcrumb\"},\"inLanguage\":\"pt-BR\",\"potentialAction\":[{\"@type\":\"ReadAction\",\"target\":[\"https:\/\/sinepe-rs.org.br\/educacaoempauta\/com-a-palavra\/a-essencia-do-professor-e-aprender-para-ensinar-melhor-diz-idelfranio-moreira\/\"]}]},{\"@type\":\"ImageObject\",\"inLanguage\":\"pt-BR\",\"@id\":\"https:\/\/sinepe-rs.org.br\/educacaoempauta\/com-a-palavra\/a-essencia-do-professor-e-aprender-para-ensinar-melhor-diz-idelfranio-moreira\/#primaryimage\",\"url\":\"https:\/\/sinepe-rs.org.br\/educacaoempauta\/wp-content\/uploads\/2025\/06\/494_sinepers_padrinho_idelfraniomoreira.jpg\",\"contentUrl\":\"https:\/\/sinepe-rs.org.br\/educacaoempauta\/wp-content\/uploads\/2025\/06\/494_sinepers_padrinho_idelfraniomoreira.jpg\",\"width\":1366,\"height\":450,\"caption\":\"\u201cA ess\u00eancia \u00e9 aprender para ensinar melhor\u201d, diz Idelfranio Moreira\"},{\"@type\":\"BreadcrumbList\",\"@id\":\"https:\/\/sinepe-rs.org.br\/educacaoempauta\/com-a-palavra\/a-essencia-do-professor-e-aprender-para-ensinar-melhor-diz-idelfranio-moreira\/#breadcrumb\",\"itemListElement\":[{\"@type\":\"ListItem\",\"position\":1,\"name\":\"Home\",\"item\":\"https:\/\/sinepe-rs.org.br\/educacaoempauta\/\"},{\"@type\":\"ListItem\",\"position\":2,\"name\":\"\u201cA ess\u00eancia \u00e9 aprender para ensinar melhor\u201d, diz Idelfranio Moreira\"}]},{\"@type\":\"WebSite\",\"@id\":\"https:\/\/sinepe-rs.org.br\/educacaoempauta\/#website\",\"url\":\"https:\/\/sinepe-rs.org.br\/educacaoempauta\/\",\"name\":\"Educa\u00e7\u00e3o em Pauta: Portal de reportagens de Educa\u00e7\u00e3o\",\"description\":\"Sinepe-RS\",\"potentialAction\":[{\"@type\":\"SearchAction\",\"target\":{\"@type\":\"EntryPoint\",\"urlTemplate\":\"https:\/\/sinepe-rs.org.br\/educacaoempauta\/?s={search_term_string}\"},\"query-input\":{\"@type\":\"PropertyValueSpecification\",\"valueRequired\":true,\"valueName\":\"search_term_string\"}}],\"inLanguage\":\"pt-BR\"},{\"@type\":\"Person\",\"@id\":\"https:\/\/sinepe-rs.org.br\/educacaoempauta\/#\/schema\/person\/a9bb8c61d5b098df16c34ec9d7154a99\",\"name\":\"Eduardo Wolff\",\"image\":{\"@type\":\"ImageObject\",\"inLanguage\":\"pt-BR\",\"@id\":\"https:\/\/sinepe-rs.org.br\/educacaoempauta\/#\/schema\/person\/image\/\",\"url\":\"https:\/\/secure.gravatar.com\/avatar\/dc93e7510d4af8ae2514871724e1fbe69e43cadf2bc69fa120c919f4a599d7ca?s=96&d=mm&r=g\",\"contentUrl\":\"https:\/\/secure.gravatar.com\/avatar\/dc93e7510d4af8ae2514871724e1fbe69e43cadf2bc69fa120c919f4a599d7ca?s=96&d=mm&r=g\",\"caption\":\"Eduardo Wolff\"},\"url\":\"https:\/\/sinepe-rs.org.br\/educacaoempauta\/author\/eduardo\/\"}]}<\/script>\n<!-- \/ Yoast SEO plugin. -->","yoast_head_json":{"title":"\u201cA ess\u00eancia \u00e9 aprender para ensinar melhor\u201d, diz Idelfranio Moreira - Educa\u00e7\u00e3o em Pauta: Portal de reportagens de Educa\u00e7\u00e3o","description":"Educador levar\u00e1 seu olhar humano sobre a tecnologia na educa\u00e7\u00e3o para o 18\u00ba Congresso do Ensino Privado, em julho, na PUCRS","robots":{"index":"index","follow":"follow","max-snippet":"max-snippet:-1","max-image-preview":"max-image-preview:large","max-video-preview":"max-video-preview:-1"},"canonical":"https:\/\/sinepe-rs.org.br\/educacaoempauta\/com-a-palavra\/a-essencia-do-professor-e-aprender-para-ensinar-melhor-diz-idelfranio-moreira\/","og_locale":"pt_BR","og_type":"article","og_title":"\u201cA ess\u00eancia \u00e9 aprender para ensinar melhor\u201d, diz Idelfranio Moreira - Educa\u00e7\u00e3o em Pauta: Portal de reportagens de Educa\u00e7\u00e3o","og_description":"Educador levar\u00e1 seu olhar humano sobre a tecnologia na educa\u00e7\u00e3o para o 18\u00ba Congresso do Ensino Privado, em julho, na PUCRS","og_url":"https:\/\/sinepe-rs.org.br\/educacaoempauta\/com-a-palavra\/a-essencia-do-professor-e-aprender-para-ensinar-melhor-diz-idelfranio-moreira\/","og_site_name":"Educa\u00e7\u00e3o em Pauta: Portal de reportagens de Educa\u00e7\u00e3o","article_published_time":"2025-06-10T10:12:00+00:00","article_modified_time":"2025-06-26T11:55:47+00:00","og_image":[{"width":1366,"height":450,"url":"https:\/\/sinepe-rs.org.br\/educacaoempauta\/wp-content\/uploads\/2025\/06\/494_sinepers_padrinho_idelfraniomoreira.jpg","type":"image\/jpeg"}],"author":"Eduardo Wolff","twitter_card":"summary_large_image","twitter_misc":{"Escrito por":"Eduardo Wolff","Est. tempo de leitura":"12 minutos"},"schema":{"@context":"https:\/\/schema.org","@graph":[{"@type":"WebPage","@id":"https:\/\/sinepe-rs.org.br\/educacaoempauta\/com-a-palavra\/a-essencia-do-professor-e-aprender-para-ensinar-melhor-diz-idelfranio-moreira\/","url":"https:\/\/sinepe-rs.org.br\/educacaoempauta\/com-a-palavra\/a-essencia-do-professor-e-aprender-para-ensinar-melhor-diz-idelfranio-moreira\/","name":"\u201cA ess\u00eancia \u00e9 aprender para ensinar melhor\u201d, diz Idelfranio Moreira - Educa\u00e7\u00e3o em Pauta: Portal de reportagens de Educa\u00e7\u00e3o","isPartOf":{"@id":"https:\/\/sinepe-rs.org.br\/educacaoempauta\/#website"},"primaryImageOfPage":{"@id":"https:\/\/sinepe-rs.org.br\/educacaoempauta\/com-a-palavra\/a-essencia-do-professor-e-aprender-para-ensinar-melhor-diz-idelfranio-moreira\/#primaryimage"},"image":{"@id":"https:\/\/sinepe-rs.org.br\/educacaoempauta\/com-a-palavra\/a-essencia-do-professor-e-aprender-para-ensinar-melhor-diz-idelfranio-moreira\/#primaryimage"},"thumbnailUrl":"https:\/\/sinepe-rs.org.br\/educacaoempauta\/wp-content\/uploads\/2025\/06\/494_sinepers_padrinho_idelfraniomoreira.jpg","datePublished":"2025-06-10T10:12:00+00:00","dateModified":"2025-06-26T11:55:47+00:00","author":{"@id":"https:\/\/sinepe-rs.org.br\/educacaoempauta\/#\/schema\/person\/a9bb8c61d5b098df16c34ec9d7154a99"},"description":"Educador levar\u00e1 seu olhar humano sobre a tecnologia na educa\u00e7\u00e3o para o 18\u00ba Congresso do Ensino Privado, em julho, na PUCRS","breadcrumb":{"@id":"https:\/\/sinepe-rs.org.br\/educacaoempauta\/com-a-palavra\/a-essencia-do-professor-e-aprender-para-ensinar-melhor-diz-idelfranio-moreira\/#breadcrumb"},"inLanguage":"pt-BR","potentialAction":[{"@type":"ReadAction","target":["https:\/\/sinepe-rs.org.br\/educacaoempauta\/com-a-palavra\/a-essencia-do-professor-e-aprender-para-ensinar-melhor-diz-idelfranio-moreira\/"]}]},{"@type":"ImageObject","inLanguage":"pt-BR","@id":"https:\/\/sinepe-rs.org.br\/educacaoempauta\/com-a-palavra\/a-essencia-do-professor-e-aprender-para-ensinar-melhor-diz-idelfranio-moreira\/#primaryimage","url":"https:\/\/sinepe-rs.org.br\/educacaoempauta\/wp-content\/uploads\/2025\/06\/494_sinepers_padrinho_idelfraniomoreira.jpg","contentUrl":"https:\/\/sinepe-rs.org.br\/educacaoempauta\/wp-content\/uploads\/2025\/06\/494_sinepers_padrinho_idelfraniomoreira.jpg","width":1366,"height":450,"caption":"\u201cA ess\u00eancia \u00e9 aprender para ensinar melhor\u201d, diz Idelfranio Moreira"},{"@type":"BreadcrumbList","@id":"https:\/\/sinepe-rs.org.br\/educacaoempauta\/com-a-palavra\/a-essencia-do-professor-e-aprender-para-ensinar-melhor-diz-idelfranio-moreira\/#breadcrumb","itemListElement":[{"@type":"ListItem","position":1,"name":"Home","item":"https:\/\/sinepe-rs.org.br\/educacaoempauta\/"},{"@type":"ListItem","position":2,"name":"\u201cA ess\u00eancia \u00e9 aprender para ensinar melhor\u201d, diz Idelfranio Moreira"}]},{"@type":"WebSite","@id":"https:\/\/sinepe-rs.org.br\/educacaoempauta\/#website","url":"https:\/\/sinepe-rs.org.br\/educacaoempauta\/","name":"Educa\u00e7\u00e3o em Pauta: Portal de reportagens de Educa\u00e7\u00e3o","description":"Sinepe-RS","potentialAction":[{"@type":"SearchAction","target":{"@type":"EntryPoint","urlTemplate":"https:\/\/sinepe-rs.org.br\/educacaoempauta\/?s={search_term_string}"},"query-input":{"@type":"PropertyValueSpecification","valueRequired":true,"valueName":"search_term_string"}}],"inLanguage":"pt-BR"},{"@type":"Person","@id":"https:\/\/sinepe-rs.org.br\/educacaoempauta\/#\/schema\/person\/a9bb8c61d5b098df16c34ec9d7154a99","name":"Eduardo Wolff","image":{"@type":"ImageObject","inLanguage":"pt-BR","@id":"https:\/\/sinepe-rs.org.br\/educacaoempauta\/#\/schema\/person\/image\/","url":"https:\/\/secure.gravatar.com\/avatar\/dc93e7510d4af8ae2514871724e1fbe69e43cadf2bc69fa120c919f4a599d7ca?s=96&d=mm&r=g","contentUrl":"https:\/\/secure.gravatar.com\/avatar\/dc93e7510d4af8ae2514871724e1fbe69e43cadf2bc69fa120c919f4a599d7ca?s=96&d=mm&r=g","caption":"Eduardo Wolff"},"url":"https:\/\/sinepe-rs.org.br\/educacaoempauta\/author\/eduardo\/"}]}},"_links":{"self":[{"href":"https:\/\/sinepe-rs.org.br\/educacaoempauta\/wp-json\/wp\/v2\/posts\/6154","targetHints":{"allow":["GET"]}}],"collection":[{"href":"https:\/\/sinepe-rs.org.br\/educacaoempauta\/wp-json\/wp\/v2\/posts"}],"about":[{"href":"https:\/\/sinepe-rs.org.br\/educacaoempauta\/wp-json\/wp\/v2\/types\/post"}],"author":[{"embeddable":true,"href":"https:\/\/sinepe-rs.org.br\/educacaoempauta\/wp-json\/wp\/v2\/users\/4"}],"replies":[{"embeddable":true,"href":"https:\/\/sinepe-rs.org.br\/educacaoempauta\/wp-json\/wp\/v2\/comments?post=6154"}],"version-history":[{"count":12,"href":"https:\/\/sinepe-rs.org.br\/educacaoempauta\/wp-json\/wp\/v2\/posts\/6154\/revisions"}],"predecessor-version":[{"id":6318,"href":"https:\/\/sinepe-rs.org.br\/educacaoempauta\/wp-json\/wp\/v2\/posts\/6154\/revisions\/6318"}],"wp:featuredmedia":[{"embeddable":true,"href":"https:\/\/sinepe-rs.org.br\/educacaoempauta\/wp-json\/wp\/v2\/media\/6153"}],"wp:attachment":[{"href":"https:\/\/sinepe-rs.org.br\/educacaoempauta\/wp-json\/wp\/v2\/media?parent=6154"}],"wp:term":[{"taxonomy":"category","embeddable":true,"href":"https:\/\/sinepe-rs.org.br\/educacaoempauta\/wp-json\/wp\/v2\/categories?post=6154"},{"taxonomy":"post_tag","embeddable":true,"href":"https:\/\/sinepe-rs.org.br\/educacaoempauta\/wp-json\/wp\/v2\/tags?post=6154"}],"curies":[{"name":"wp","href":"https:\/\/api.w.org\/{rel}","templated":true}]}}