{"id":6320,"date":"2025-07-01T07:11:00","date_gmt":"2025-07-01T10:11:00","guid":{"rendered":"https:\/\/sinepe-rs.org.br\/educacaoempauta\/?p=6320"},"modified":"2025-07-15T08:57:52","modified_gmt":"2025-07-15T11:57:52","slug":"quando-as-historias-em-quadrinhos-encontram-a-educacao","status":"publish","type":"post","link":"https:\/\/sinepe-rs.org.br\/educacaoempauta\/pedagogico\/quando-as-historias-em-quadrinhos-encontram-a-educacao\/","title":{"rendered":"Quando as Hist\u00f3rias em Quadrinhos encontram a educa\u00e7\u00e3o"},"content":{"rendered":"\n<p>O que uma tese de doutorado publicada em 2014 e a s\u00e9rie da Netflix <em><a href=\"https:\/\/www.netflix.com\/br\/title\/80216888\" target=\"_blank\" rel=\"noreferrer noopener\">O Eternauta<\/a><\/em>, lan\u00e7ada este ano, t\u00eam em comum? A resposta \u00e9: hist\u00f3rias em quadrinhos! Isso porque o professor norte-americano Nick Sousanis foi pioneiro ao apresentar sua tese em formato de HQ na Universidade de Columbia, que deu origem a publica\u00e7\u00e3o <em>Desaplanar<\/em>, que chegou aos leitores brasileiros pela editora Veneta. J\u00e1 a produ\u00e7\u00e3o argentina protagonizada por Ricardo Dar\u00edn \u00e9 inspirada no quadrinho hom\u00f4nimo escrito por H\u00e9ctor Germ\u00e1n Oesterheld com arte de Francisco Solano L\u00f3pez.<\/p>\n\n\n\n<p>Curiosidades \u00e0 parte, essa introdu\u00e7\u00e3o quer colocar os leitores do Educa\u00e7\u00e3o em Pauta para pensar: onde mais as hist\u00f3rias em quadrinhos podem ser uma fonte de inspira\u00e7\u00e3o? Uma resposta poss\u00edvel \u00e9: na sala de aula!<\/p>\n\n\n\n<p>Mas, antes, vamos brincar com o tempo e entender como tudo isso come\u00e7ou, bem ao gosto da Nona Arte? <mark style=\"background-color:#ff6900\" class=\"has-inline-color\">De acordo com o pesquisador, editor e roteirista Lielson Zeni, a origem dos quadrinhos \u00e9 bastante debatida pelos pesquisadores<\/mark>, pois, para chegar a um ponto de origem, \u00e9 preciso ter uma defini\u00e7\u00e3o bastante apurada do que seria uma HQ.<\/p>\n\n\n\n<p>\u201cHoje, a maior parte das discuss\u00f5es se satisfaz em apontar para <em>Histoire de Mr. Jabot<\/em>, do su\u00ed\u00e7o Rudolf T\u00f6pffer, de 1833, ou para o trabalho do ingl\u00eas William Hogarth, <em>A harlot\u2019s progress<\/em>, de 1731, como as primeiras hist\u00f3rias em quadrinhos. O que se pode considerar como um ponto razoavelmente pac\u00edfico \u00e9 que aquilo que se reconhece como uma hist\u00f3ria em quadrinhos hoje teve seu desenvolvimento sobretudo a partir do final do s\u00e9culo 19 e come\u00e7o do 20, com a expans\u00e3o das artes gr\u00e1ficas e o avan\u00e7o tecnol\u00f3gico da reprodu\u00e7\u00e3o em massa\u201d, esclarece.<\/p>\n\n\n\n<p>Levar os quadrinhos para a sala de aula \u00e9 uma tarefa que pode ter m\u00faltiplas fun\u00e7\u00f5es, desde a ilustra\u00e7\u00e3o de um fato hist\u00f3rico at\u00e9 a an\u00e1lise da linguagem e t\u00e9cnica de desenho utilizada pelo autor. Lielson, que lan\u00e7ou em 2023 a HQ <em>Damasco<\/em>, em parceria com o quadrinista Alexandre S. Louren\u00e7o, acredita que <mark style=\"background-color:#ff6900\" class=\"has-inline-color\">incentivar os estudantes a produzirem suas pr\u00f3prias hist\u00f3rias em quadrinhos permite que eles compreendam melhor a linguagem e a din\u00e2mica dessa m\u00eddia<\/mark>. \u201cA an\u00e1lise de algumas obras e a cria\u00e7\u00e3o levam a uma compreens\u00e3o mais profunda da leitura de quadrinhos, que \u00e9 muito peculiar, diferente da leitura de um livro, por exemplo\u201d, aponta.<\/p>\n\n\n\n<p>Um caminho semelhante \u00e9 destacado por Maria Clara Carneiro, professora do Departamento de Letras Estrangeiras Modernas da Universidade Federal de Santa Maria (<a href=\"https:\/\/www.ufsm.br\/\" target=\"_blank\" rel=\"noreferrer noopener\">UFSM<\/a>) e coordenadora de um grupo de pesquisa que promove oficinas de hist\u00f3rias em quadrinhos. Com mais de 15 anos de experi\u00eancia em pesquisa e tradu\u00e7\u00e3o, ela orienta que a observa\u00e7\u00e3o da p\u00e1gina, algo mais comum na literatura infantil, \u00e9 parte do processo de leitura dos quadrinhos, e isso pode ser explorado pelos professores de in\u00fameras formas.<\/p>\n\n\n\n<p>\u201cA gente costuma dizer que a alfabetiza\u00e7\u00e3o acaba com a nossa vontade de desenhar. Mas as letras s\u00e3o desenhos tamb\u00e9m. <mark style=\"background-color:#ff6900\" class=\"has-inline-color\">O professor pode explorar a forma, as cores e os tamanhos das fontes com os alunos<\/mark>. A p\u00e1gina do quadrinho \u00e9 para ser explorada em v\u00e1rias dire\u00e7\u00f5es e, a cada leitura, algo novo surge\u201d, lembra a professora, que recomenda a publica\u00e7\u00e3o <em>Imbat\u00edvel<\/em>, do autor Pascal Jousselin, em que o protagonista vai e volta no tempo e atravessa os quadros para cumprir suas miss\u00f5es de super-her\u00f3i.<\/p>\n\n\n\n<figure class=\"wp-block-image size-full\"><img loading=\"lazy\" decoding=\"async\" width=\"874\" height=\"643\" src=\"https:\/\/sinepe-rs.org.br\/educacaoempauta\/wp-content\/uploads\/2025\/06\/Grupo-de-Estudos-Quadrinhos-1.jpg\" alt=\"\" class=\"wp-image-6341\" srcset=\"https:\/\/sinepe-rs.org.br\/educacaoempauta\/wp-content\/uploads\/2025\/06\/Grupo-de-Estudos-Quadrinhos-1.jpg 874w, https:\/\/sinepe-rs.org.br\/educacaoempauta\/wp-content\/uploads\/2025\/06\/Grupo-de-Estudos-Quadrinhos-1-300x221.jpg 300w, https:\/\/sinepe-rs.org.br\/educacaoempauta\/wp-content\/uploads\/2025\/06\/Grupo-de-Estudos-Quadrinhos-1-768x565.jpg 768w\" sizes=\"auto, (max-width: 874px) 100vw, 874px\" \/><\/figure>\n\n\n\n<p class=\"has-small-font-size\"><em>Integrantes do grupo de pesquisa conduzido pela professora Maria Clara Carneiro, da UFSM, apresentando o projeto da Jornada Internacional de Hist\u00f3rias em Quadrinhos da USP, em S\u00e3o Paulo<\/em> | <em>Cr\u00e9ditos: Arquivo pessoal<\/em><\/p>\n\n\n\n<p>E por falar neles, que ganham tamb\u00e9m as telas do cinema em adapta\u00e7\u00f5es nem sempre fi\u00e9is \u00e0s vers\u00f5es em quadrinhos, buscar em Homem-Aranha e Superman inspira\u00e7\u00f5es para atrair a aten\u00e7\u00e3o dos estudantes para outras publica\u00e7\u00f5es pode ser uma alternativa interessante para os professores. Lielson afirma que os educadores devem provocar seus alunos sobre o que eles gostam de ler e, principalmente, sobre o que n\u00e3o gostam.<\/p>\n\n\n\n<p>\u201cMeus primeiros passos foram como cr\u00edtico de quadrinhos, escrevendo sobre o que as hist\u00f3rias me provocavam. Isso foi importante tanto para a minha pesquisa quanto para criar as minhas pr\u00f3prias hist\u00f3rias. Entender o que nos atrai nos leva para outras obras e expande nosso repert\u00f3rio, algo importante no per\u00edodo escolar\u201d, conclui Lielson.<\/p>\n\n\n\n<p><mark style=\"background-color:#fcb900\" class=\"has-inline-color\"><strong>Leia tamb\u00e9m:<br>&gt;&gt; <a href=\"https:\/\/sinepe-rs.org.br\/educacaoempauta\/inspire-se\/a-sala-de-aula-e-a-sala-escura\/\" target=\"_blank\" rel=\"noreferrer noopener\">A sala de aula e a sala escura<\/a><br>&gt;&gt; <a href=\"https:\/\/sinepe-rs.org.br\/educacaoempauta\/inspire-se\/alfabetizacao-um-mundo-a-ser-descoberto\/\" target=\"_blank\" rel=\"noreferrer noopener\">Alfabetiza\u00e7\u00e3o: um mundo a ser descoberto&nbsp;<\/a><br>&gt;&gt; <a href=\"https:\/\/sinepe-rs.org.br\/educacaoempauta\/pedagogico\/empatia-tambem-se-aprende-na-escola\/\">Empatia tamb\u00e9m se aprende na escola&nbsp;<\/a><\/strong><\/mark><\/p>\n\n\n\n<h2 class=\"wp-block-heading has-medium-font-size\"><strong>Pensar os quadrinhos<\/strong><\/h2>\n\n\n\n<p>Expandir o repert\u00f3rio e fazer os leitores de quadrinhos pensarem \u00e9 uma marca registrada do projeto <a href=\"http:\/\/www.formigaeletrica.com.br\">Formiga El\u00e9trica<\/a>. Iniciado em 2014,&nbsp; em S\u00e3o Paulo, como um site que publicava resenhas de livros, filmes e, \u00e9 claro, quadrinhos, hoje a iniciativa conta com um canal no YouTube e um podcast, o FormigaCast, onde quinzenalmente os editores se re\u00fanem para debater assuntos relevantes da cultura pop e tamb\u00e9m jogar luz sobre obras n\u00e3o t\u00e3o conhecidas do grande p\u00fablico.<\/p>\n\n\n\n<p>Fundador do Formiga El\u00e9trica, Daniel Fontana cresceu influenciado pelo irm\u00e3o para a leitura de quadrinhos. Ele acredita que a Nona Arte pode integrar o curr\u00edculo escolar por diferentes caminhos. \u201c<mark style=\"background-color:#ff6900\" class=\"has-inline-color\">\u00c9 preciso fazer os estudantes compreenderem a import\u00e2ncia da atividade como algo l\u00fadico. Em segundo, a validade das HQs como forma leg\u00edtima de arte e express\u00e3o. A partir disso, desenvolver a no\u00e7\u00e3o de storytelling, que \u00e9 absolutamente multidisciplinar e vai al\u00e9m da arte sequencial impressa ou audiovisual, aplic\u00e1vel em Marketing, apresenta\u00e7\u00e3o de projetos, etc<\/mark>. Depois disso, o interesse por roteiro e desenho pode surgir naturalmente nos estudantes\u201d, orienta.<\/p>\n\n\n\n<p>Raphael Ranieri, que tamb\u00e9m integra o grupo de editores do Formiga El\u00e9trica e foi professor por mais de uma d\u00e9cada, aponta que o hiperest\u00edmulo causado pelas telas precisa ser levado em considera\u00e7\u00e3o na hora de propor atividades que envolvem leitura de quadrinhos, j\u00e1 que a aten\u00e7\u00e3o dos estudantes, que integram uma gera\u00e7\u00e3o que utiliza cada vez mais cedo esses dispositivos, \u00e9 limitada. Por isso, incentivar o acesso a toda forma de arte abre uma porta importante n\u00e3o apenas para trazer conhecimento t\u00e9cnico e hist\u00f3rico.<\/p>\n\n\n\n<p>\u201c<mark style=\"background-color:#ff6900\" class=\"has-inline-color\">Quadrinhos, cinema, m\u00fasica ou mesmo literatura s\u00e3o uma forma de acessar intelig\u00eancias que normalmente n\u00e3o s\u00e3o trabalhadas, como a capacidade subjetiva, a intelig\u00eancia emocional e ferramentas mais avan\u00e7adas de comunica\u00e7\u00e3o<\/mark>. Os quadrinhos, por exemplo, s\u00e3o um \u00f3timo meio de entender como formas de comunica\u00e7\u00e3o verbais e n\u00e3o verbais interagem para formar um todo, uma capacidade fundamental em diversos aspectos da vida e at\u00e9 mesmo de futuras profiss\u00f5es\u201d, destaca Raphael. <\/p>\n\n\n\n<p>Ele acredita que uma das miss\u00f5es do Formiga El\u00e9trica \u00e9 utilizar o espa\u00e7o digital para trazer sugest\u00f5es que fogem do \u00f3bvio. \u201cVemos n\u00f3s mesmos menos como &#8216;detentores de conhecimentos obscuros&#8217; de cultura e mais como facilitadores para que as pessoas possam compartilhar desses conhecimentos\u201d, finaliza.<\/p>\n\n\n\n<figure class=\"wp-block-embed is-type-video is-provider-youtube wp-block-embed-youtube wp-embed-aspect-16-9 wp-has-aspect-ratio\"><div class=\"wp-block-embed__wrapper\">\n<iframe loading=\"lazy\" title=\"Silvestre (Wagner Willian) |  Formiga na Tela 268 _ Formiga El\u00e9trica\" width=\"500\" height=\"281\" src=\"https:\/\/www.youtube.com\/embed\/UKC9XLv0ymA?feature=oembed\" frameborder=\"0\" allow=\"accelerometer; autoplay; clipboard-write; encrypted-media; gyroscope; picture-in-picture; web-share\" referrerpolicy=\"strict-origin-when-cross-origin\" allowfullscreen><\/iframe>\n<\/div><\/figure>\n\n\n\n<p class=\"has-small-font-size\"><\/p>\n\n\n\n<h2 class=\"wp-block-heading has-medium-font-size\"><strong>Quadrinhos na sala<\/strong><\/h2>\n\n\n\n<p>Brincar com as diferentes formas de express\u00e3o, mostrando que \u00e9 poss\u00edvel transformar as hist\u00f3rias aprendidas em sala de aula. Foi com esse objetivo que o <a href=\"https:\/\/colegios.redemarista.org.br\/conceicao\" target=\"_blank\" rel=\"noreferrer noopener\">Col\u00e9gio Marista Concei\u00e7\u00e3o<\/a>, de Passo Fundo, encontrou nas hist\u00f3rias em quadrinhos uma forma de n\u00e3o apenas incentivar a leitura, mas colocar a criatividade dos alunos no centro da aprendizagem. Nas salas de aula, h\u00e1 um carrinho com livros e gibis, dando liberdade para os estudantes apreci\u00e1-los. Mas essa \u00e9 a ponta de um fio que puxa outra hist\u00f3ria.<\/p>\n\n\n\n<p>\u201cTransformamos narrativas trabalhadas nas aulas em quadrinhos, com os alunos trabalhando em duplas ou grupos. Dependendo da caracter\u00edstica da turma, tamb\u00e9m trabalhamos recontando hist\u00f3rias, em que a crian\u00e7a cria di\u00e1logos para os personagens, explora elementos visuais e at\u00e9 dramatiza\u00e7\u00f5es baseadas nos quadros das HQs\u201d, explica a professora Fernanda Carolina Petersen Machado.<\/p>\n\n\n\n<figure class=\"wp-block-image\"><img decoding=\"async\" src=\"https:\/\/lh7-rt.googleusercontent.com\/docsz\/AD_4nXe2P_56qjorPG7JPGuoLRK1VmJdk6RR-_xdljtT3hpoxE21Y8TurTEdykoubJ7by0if8bh4HOcFIVPQm-VYYj6A3ceVK6AV0qLZm475FOmIYUCEhXuxXhvGa4_ofLe6H63PZD-t?key=t6-DGqQtIgf4jGrHNB5AGA\" alt=\"\"\/><\/figure>\n\n\n\n<p class=\"has-small-font-size\"><em>Alunos dos terceiros anos do Col\u00e9gio Marista Concei\u00e7\u00e3o, de Passo Fundo, fazem releituras e atividades l\u00fadicas que envolvem HQs, que ficam dispon\u00edveis para os alunos dentro das salas de aula<\/em> | <em>Cr\u00e9ditos: Col\u00e9gio Marista Concei\u00e7\u00e3o \/ Divulga\u00e7\u00e3o<\/em><\/p>\n\n\n\n<p>Ao trabalhar com as turmas de terceiros anos do Ensino Fundamental da institui\u00e7\u00e3o, ela acredita que <mark style=\"background-color:#ff6900\" class=\"has-inline-color\">os quadrinhos s\u00e3o um material importante nesta etapa da vida escolar, onde os estudantes est\u00e3o consolidando o processo de alfabetiza\u00e7\u00e3o e aprimorando a flu\u00eancia da leitura<\/mark>. Por trazerem textos curtos, envolventes e visualmente atrativos, o formato captura a aten\u00e7\u00e3o dos alunos, que tamb\u00e9m desenvolvem a interpreta\u00e7\u00e3o da linguagem n\u00e3o verbal.<\/p>\n\n\n\n<p>\u201c\u00c9 muito legal observar as express\u00f5es faciais dos estudantes enquanto leem, \u00e9 poss\u00edvel ouvir at\u00e9 algumas gargalhadas\u201d, lembra Fernanda.<\/p>\n\n\n\n<p>Maria Clara Carneiro lembra que, nas oficinas de quadrinhos que promove, \u00e9 comum alguns participantes apontarem os gibis da Turma da M\u00f4nica como o in\u00edcio de seu interesse pela leitura. Com uma pesquisa de doutorado voltada para autores franceses de quadrinhos, ela avalia que aquela ideia de que esse formato \u00e9 uma leitura f\u00e1cil \u00e9 quebrada quando professores passam a ter acesso a obras como <mark style=\"background-color:#ff6900\" class=\"has-inline-color\"><em>Escuta Formosa M\u00e1rcia<\/em>, de Marcello Quintanilha, vencedor do Fauve D&#8217;or, principal festival de quadrinhos da Fran\u00e7a<\/mark>.<\/p>\n\n\n\n<p>A professora lembra que um quadrinho \u00e9, antes de tudo, uma produ\u00e7\u00e3o criativa e art\u00edstica, e o mercado brasileiro conta com in\u00fameras adapta\u00e7\u00f5es liter\u00e1rias nesse formato e autores que criam narrativas complexas e sofisticadas.<\/p>\n\n\n\n<p>\u201cQuem n\u00e3o tem o costume de ler um quadrinho, quando pega um quadrinho, por mais simples que seja, \u00e0s vezes fica meio perdido. A rela\u00e7\u00e3o com as cores, com a forma das letras. Entender essas rela\u00e7\u00f5es, lendo a imagem e a letra como imagem, ajuda o estudante a ler o mundo\u201d, conclui.<\/p>\n\n\n\n<p>E que tal come\u00e7ar a ler esse mundo hoje mesmo? Turma da M\u00f4nica, Quarteto Fant\u00e1stico e HQs de diversos autores brasileiros podem ser companheiros nessa viagem. O Educa\u00e7\u00e3o em Pauta convidou os entrevistados desta reportagem (e tamb\u00e9m a rep\u00f3rter que a escreveu) a sugerirem alguns quadrinhos imperd\u00edveis para usar em sala de aula e fugir do \u00f3bvio. Confira!<\/p>\n\n\n\n<h3 class=\"wp-block-heading has-medium-font-size\"><strong>Doze quadrinhos para usar em sala de aula:<\/strong><\/h3>\n\n\n<div class=\"wp-block-image\">\n<figure class=\"alignleft size-large is-resized\"><img loading=\"lazy\" decoding=\"async\" width=\"712\" height=\"1024\" src=\"https:\/\/sinepe-rs.org.br\/educacaoempauta\/wp-content\/uploads\/2025\/06\/chico-bento-arvorada-712x1024.jpg\" alt=\"\" class=\"wp-image-6349\" style=\"width:344px;height:auto\" srcset=\"https:\/\/sinepe-rs.org.br\/educacaoempauta\/wp-content\/uploads\/2025\/06\/chico-bento-arvorada-712x1024.jpg 712w, https:\/\/sinepe-rs.org.br\/educacaoempauta\/wp-content\/uploads\/2025\/06\/chico-bento-arvorada-209x300.jpg 209w, https:\/\/sinepe-rs.org.br\/educacaoempauta\/wp-content\/uploads\/2025\/06\/chico-bento-arvorada-768x1104.jpg 768w, https:\/\/sinepe-rs.org.br\/educacaoempauta\/wp-content\/uploads\/2025\/06\/chico-bento-arvorada.jpg 1045w\" sizes=\"auto, (max-width: 712px) 100vw, 712px\" \/><\/figure>\n<\/div>\n\n\n<p>:: <a href=\"https:\/\/www.amazon.com.br\/Graphic-MSP-Chico-Bento-Arvorada\/dp\/8542606329\/ref=asc_df_8542606329?mcid=92bcfe0f58ed3f8fae3bd2fa37b9b298&amp;tag=googleshopp00-20&amp;linkCode=df0&amp;hvadid=709883381713&amp;hvpos=&amp;hvnetw=g&amp;hvrand=16616627373859848288&amp;hvpone=&amp;hvptwo=&amp;hvqmt=&amp;hvdev=c&amp;hvdvcmdl=&amp;hvlocint=&amp;hvlocphy=1001686&amp;hvtargid=pla-460804270037&amp;psc=1&amp;language=pt_BR&amp;gad_source=1\" target=\"_blank\" rel=\"noreferrer noopener\"><strong>Chico Bento: Arvorada<\/strong><\/a>, de Orlandelli (Panini)<br>:: <a href=\"https:\/\/www.amazon.com.br\/Imbat%C3%ADvel-Justi%C3%A7a-legumes-Pascal-Jousselin\/dp\/6586959101\/ref=sr_1_1?__mk_pt_BR=%C3%85M%C3%85%C5%BD%C3%95%C3%91&amp;crid=37ED9C3JZGXY0&amp;dib=eyJ2IjoiMSJ9.WSyKbepP7Cf-7FsAPw1nGg.nDzs1dTMc4GkT718ax9YvumnlvUL721evJ8QKud0fI4&amp;dib_tag=se&amp;keywords=Imbat%C3%ADvel%3A+Justi%C3%A7a+e+legumes+frescos&amp;qid=1751306235&amp;s=books&amp;sprefix=imbat%C3%ADvel+justi%C3%A7a+e+legumes+frescos%2Cstripbooks%2C888&amp;sr=1-1\" target=\"_blank\" rel=\"noreferrer noopener\"><strong>Imbat\u00edvel: Justi\u00e7a e legumes frescos<\/strong><\/a>, de Pascal Jousselin (Nanabooks)<br>:: <a href=\"https:\/\/www.amazon.com.br\/Angola-Janga-Uma-Hist%C3%B3ria-Palmares\/dp\/8595710139\/ref=sr_1_1?__mk_pt_BR=%C3%85M%C3%85%C5%BD%C3%95%C3%91&amp;crid=21LU35FCEAOFZ&amp;dib=eyJ2IjoiMSJ9.z0WRq0yxokJIsd02ep1a0DQTyS1KqrwRnb2Vq0PejseusFRWLr_-utpslcwGiT1HYMaSZfWvXqEiqmiFnl55R-8aZTznMacDeDFTZ-3_SZ3ir98uQoeday4N7eS3_pKQJ8VYtzLKMlfHGGfzIGqEflnGujwT82e6ld0Pt3KTgDQKjT0AdL3wQnnVrqaNjgeWC--TIc1nLt8eoIdyS4OhdOMo8puvvH722YYQ62OydB8.LnsnyZZtPyUdGfL369-kkyAUwkqM9z9KaXOvjy3gquo&amp;dib_tag=se&amp;keywords=Angola+Janga&amp;qid=1751306272&amp;s=books&amp;sprefix=angola+janga%2Cstripbooks%2C308&amp;sr=1-1&amp;ufe=app_do%3Aamzn1.fos.6121c6c4-c969-43ae-92f7-cc248fc6181d\" target=\"_blank\" rel=\"noreferrer noopener\"><strong>Angola Janga<\/strong><\/a>, de Marcelo D\u2019Salete (Editora Veneta)<br>:: <a href=\"https:\/\/www.amazon.com.br\/Best-Spirit-TP-Will-Eisner\/dp\/1401207553\/ref=sr_1_1?__mk_pt_BR=%C3%85M%C3%85%C5%BD%C3%95%C3%91&amp;crid=3NQVY48GHPBZK&amp;dib=eyJ2IjoiMSJ9.GrkIHHHmnqBzogGyeCPW8kMVPYsti9jAsWuArh5YdDMf3mraAKYT-raJ6l1YVabXWouU5crREB7l_2GgbeUZqFUQMhMrx4-NbPokyQgMprBmXiuQzrLp4RgzKQopQlEbPPTMdCTRNdF01n_wvRN88abLtsooMMVvM2jL5YZK_avzFmPgIu7W8FPQHbZGpTBMPlhQTS1z5TVonf7iweYnNXBVUtXzpjr1WMlNYkvWzh4.GI_bdSRIUuMZRw5QLLqoLyCz4DMNDq4mmRHGw433xo4&amp;dib_tag=se&amp;keywords=The+Spirit&amp;qid=1751306301&amp;s=books&amp;sprefix=the+spirit%2Cstripbooks%2C350&amp;sr=1-1&amp;ufe=app_do%3Aamzn1.fos.6121c6c4-c969-43ae-92f7-cc248fc6181d\" target=\"_blank\" rel=\"noreferrer noopener\"><strong>The Spirit<\/strong><\/a>, de Will Eisner (DC Comics)<br>:: <a href=\"https:\/\/www.amazon.com.br\/Desaplanar-Nick-Sousanis\/dp\/8595710112\/ref=sr_1_1?__mk_pt_BR=%C3%85M%C3%85%C5%BD%C3%95%C3%91&amp;crid=31WBDG5DU3F3J&amp;dib=eyJ2IjoiMSJ9.suu7fXG2COiXaVrY7UikNA.XFYThHUx7WSXpbahcSZ_9MDElOGJ-65yP49GXGtlZ64&amp;dib_tag=se&amp;keywords=Desaplanar&amp;qid=1751306335&amp;s=books&amp;sprefix=desaplanar%2Cstripbooks%2C312&amp;sr=1-1&amp;ufe=app_do%3Aamzn1.fos.6d798eae-cadf-45de-946a-f477d47705b9\"><strong>Desaplanar<\/strong><\/a>, de Nick Sousanis (Editora Veneta)<br>:: <a href=\"https:\/\/www.amazon.com.br\/Livro-Damasco-Lacrado-Alexandre-Louren%C3%A7o\/dp\/6599616178\/ref=sr_1_1?__mk_pt_BR=%C3%85M%C3%85%C5%BD%C3%95%C3%91&amp;crid=XTY8A3OWKW89&amp;dib=eyJ2IjoiMSJ9.1Auqi3N4C5_gHmzB34qpztKbjxb5kKhGAY1OBsQ5RonCs8fm85UyrwPcz8PYYVNuRHnaElRFCsyGPBJvF2DQtxrK_iTsOBI3Aq5UEm3_a8eCEcZ_SmNbocFsRDnclFIrYpjn7Zq487ldoe2w91Uw0R3yvaJCZE4Tc4REc5YjU4INKB_C68eyD1hFx4K6ARQdGn1CdAgFzEL-5Z6tS18rg-32BHa8JFfAvdcMFZRGCQA.1pZrb26KGZAZh5LhzowmXQJ3bIn7jE9QsF1cKb9O1ZY&amp;dib_tag=se&amp;keywords=Damasco+zeni&amp;qid=1751306442&amp;s=books&amp;sprefix=damasco+zeni%2Cstripbooks%2C177&amp;sr=1-1&amp;ufe=app_do%3Aamzn1.fos.6d798eae-cadf-45de-946a-f477d47705b9\"><strong>Damasco<\/strong><\/a>, de Alexandre Louren\u00e7o e Lielson Zeni (Brasa Editora)<br>:: <a href=\"https:\/\/www.amazon.com.br\/Maestro-Cuco-Lenda-Wagner-Willian\/dp\/9898513780\/ref=sr_1_1?__mk_pt_BR=%C3%85M%C3%85%C5%BD%C3%95%C3%91&amp;crid=8TJ9R4CPJW7A&amp;dib=eyJ2IjoiMSJ9.Bi3X4gpY0O0SSKMOGsaisA.P3BI1oPJWCaqgehUrBMZAF8DZKa4VTXt9eraxpFVGd4&amp;dib_tag=se&amp;keywords=O+Maestro%2C+o+Cuco+e+a+Lenda&amp;qid=1751306571&amp;s=books&amp;sprefix=o+maestro+o+cuco+e+a+lenda%2Cstripbooks%2C328&amp;sr=1-1\"><strong>O Maestro, o Cuco e a Lenda<\/strong><\/a>, de Wagner Willian (Editora Texugo)<br>:: <a href=\"https:\/\/www.amazon.com.br\/Beco-Ros%C3%A1rio-Ana-Luiza-Koehler\/dp\/8595710724\/ref=sr_1_1?__mk_pt_BR=%C3%85M%C3%85%C5%BD%C3%95%C3%91&amp;crid=2BRX84DDCX4MW&amp;dib=eyJ2IjoiMSJ9.2Y_ouAtSnbzq-Rya6UCP26RaH3W7_eW9BgMnZZ1XSak.CgzB07TqPLWfGTvk5w4JBuhrfIrulbLWhlE77-TtSlg&amp;dib_tag=se&amp;keywords=Beco+do+Ros%C3%A1rio&amp;qid=1751306603&amp;s=books&amp;sprefix=beco+do+ros%C3%A1rio%2Cstripbooks%2C325&amp;sr=1-1&amp;ufe=app_do%3Aamzn1.fos.6d798eae-cadf-45de-946a-f477d47705b9\" target=\"_blank\" rel=\"noreferrer noopener\"><strong>Beco do Ros\u00e1rio<\/strong><\/a>, de Ana Luiza Koehler (Editora Veneta)<br>:: <a href=\"https:\/\/www.amazon.com.br\/Sobreviventes-fronteira-Fred-Rubim\/dp\/6599747558\/ref=sr_1_1?__mk_pt_BR=%C3%85M%C3%85%C5%BD%C3%95%C3%91&amp;crid=36Z83WDSE9OIF&amp;dib=eyJ2IjoiMSJ9.UePomBEM5MNEff8xv3htwbc6srW6YECljhcl7LizTISxIe-nJZ5tNLU8HUvyVV1sHh_cz4Tm0_3-y6Reno7J4AnRoxfoCzMyJ8neI6u7JsItC5jwQNMapwqGZNOAWpRgmXZ2tcKpYDLdW2TvWl6tYggF3kvIzhKVjGXjYvRynwLbWCIQrcd3G_wcmeql1U4fn6uZf6HafweyA75iei8UNZBba9aBoBhN1BNPh1EUrl4.ol8XyxUQZbwZYlLcZFQWRas521aPueKQY1bI5hz3Zi4&amp;dib_tag=se&amp;keywords=Sobreviventes+da+Fronteira&amp;qid=1751306631&amp;s=books&amp;sprefix=sobreviventes+da+fronteira%2Cstripbooks%2C328&amp;sr=1-1&amp;ufe=app_do%3Aamzn1.fos.6d798eae-cadf-45de-946a-f477d47705b9\"><strong>Sobreviventes da Fronteira<\/strong><\/a>, de Fred Rubim (Editora Hipot\u00e9tica)<br>:: <a href=\"https:\/\/www.instagram.com\/jessicagroke\/?igsh=N3NoOTRocHB5a2o3#\"><strong>Piracema<\/strong><\/a>, de J\u00e9ssica Groke (Editora Mino)<br>:: <a href=\"https:\/\/www.amazon.com.br\/%C3%82nsia-eterna-Ver%C3%B4nica-Berta\/dp\/8550407496\" target=\"_blank\" rel=\"noreferrer noopener\"><strong>\u00c2nsia Eterna<\/strong><\/a>, de Ver\u00f4nica Berta (SESI-SP Editora)<br>:: <a href=\"https:\/\/www.amazon.com.br\/Tungst%C3%AAnio-Marcello-Quintanilha-ebook\/dp\/B09B463J99\/ref=sr_1_3?__mk_pt_BR=%C3%85M%C3%85%C5%BD%C3%95%C3%91&amp;crid=ECBY1STNU5NS&amp;dib=eyJ2IjoiMSJ9.66UazJh7vxwllvBo3APucQZxXHpbQqsUksbP2FLJIAbhCupjYGfYppuPaPCfbEkAgp6we_y9wBaRKb4n_mh_TXxcN5i_srGeVCskvMAD95W4C2rTYUnf88CnKXbnhVFtLehOf9RaM99B110Ar5tboSe4ExT59XW5bfk8j_IN9hKD3azAAyw1FJu7AIigujgxAUAYYcl7tZhAjtmN8fUzLQXO773qNeLH-lu0PEOdlE0.ZrKh2vSC0dYv7TTfUsE7ARhAnFBjVc9wgByAry99SIM&amp;dib_tag=se&amp;keywords=Tungst%C3%AAnio&amp;qid=1751306742&amp;s=books&amp;sprefix=tungst%C3%AAnio%2Cstripbooks%2C339&amp;sr=1-3\"><strong>Tungst\u00eanio<\/strong><\/a>, de Marcello Quintanilha (Editora Veneta)<\/p>\n\n\n\n<p><\/p>\n","protected":false},"excerpt":{"rendered":"<p>Plof! Bam! Pow! Das onomatopeias aos enredos envolventes, pesquisadores destacam o potencial das HQs como aliadas da aprendizagem em sala de aula<\/p>\n","protected":false},"author":4,"featured_media":6340,"comment_status":"closed","ping_status":"closed","sticky":false,"template":"","format":"standard","meta":{"footnotes":""},"categories":[6],"tags":[819,820,43],"class_list":["post-6320","post","type-post","status-publish","format-standard","has-post-thumbnail","hentry","category-pedagogico","tag-historias-em-quadrinhos","tag-hqs","tag-sinepe-rs-2"],"acf":[],"yoast_head":"<!-- This site is optimized with the Yoast SEO plugin v24.6 - https:\/\/yoast.com\/wordpress\/plugins\/seo\/ -->\n<title>Quando as Hist\u00f3rias em Quadrinhos encontram a educa\u00e7\u00e3o - Educa\u00e7\u00e3o em Pauta: Portal de reportagens de Educa\u00e7\u00e3o<\/title>\n<meta name=\"description\" content=\"Plof! Bam! Pow! Das onomatopeias aos enredos envolventes, pesquisadores destacam o potencial das HQs como aliadas da aprendizagem em sala de aula\" \/>\n<meta name=\"robots\" content=\"index, follow, max-snippet:-1, max-image-preview:large, max-video-preview:-1\" \/>\n<link rel=\"canonical\" href=\"https:\/\/sinepe-rs.org.br\/educacaoempauta\/pedagogico\/quando-as-historias-em-quadrinhos-encontram-a-educacao\/\" \/>\n<meta property=\"og:locale\" content=\"pt_BR\" \/>\n<meta property=\"og:type\" content=\"article\" \/>\n<meta property=\"og:title\" content=\"Quando as Hist\u00f3rias em Quadrinhos encontram a educa\u00e7\u00e3o - Educa\u00e7\u00e3o em Pauta: Portal de reportagens de Educa\u00e7\u00e3o\" \/>\n<meta property=\"og:description\" content=\"Plof! Bam! Pow! Das onomatopeias aos enredos envolventes, pesquisadores destacam o potencial das HQs como aliadas da aprendizagem em sala de aula\" \/>\n<meta property=\"og:url\" content=\"https:\/\/sinepe-rs.org.br\/educacaoempauta\/pedagogico\/quando-as-historias-em-quadrinhos-encontram-a-educacao\/\" \/>\n<meta property=\"og:site_name\" content=\"Educa\u00e7\u00e3o em Pauta: Portal de reportagens de Educa\u00e7\u00e3o\" \/>\n<meta property=\"article:published_time\" content=\"2025-07-01T10:11:00+00:00\" \/>\n<meta property=\"article:modified_time\" content=\"2025-07-15T11:57:52+00:00\" \/>\n<meta property=\"og:image\" content=\"https:\/\/sinepe-rs.org.br\/educacaoempauta\/wp-content\/uploads\/2025\/06\/503_sinepers_padrinho_quadrinhosnaeducacao.jpg\" \/>\n\t<meta property=\"og:image:width\" content=\"1306\" \/>\n\t<meta property=\"og:image:height\" content=\"430\" \/>\n\t<meta property=\"og:image:type\" content=\"image\/jpeg\" \/>\n<meta name=\"author\" content=\"Eduardo Wolff\" \/>\n<meta name=\"twitter:card\" content=\"summary_large_image\" \/>\n<meta name=\"twitter:label1\" content=\"Escrito por\" \/>\n\t<meta name=\"twitter:data1\" content=\"Eduardo Wolff\" \/>\n\t<meta name=\"twitter:label2\" content=\"Est. tempo de leitura\" \/>\n\t<meta name=\"twitter:data2\" content=\"11 minutos\" \/>\n<script type=\"application\/ld+json\" class=\"yoast-schema-graph\">{\"@context\":\"https:\/\/schema.org\",\"@graph\":[{\"@type\":\"WebPage\",\"@id\":\"https:\/\/sinepe-rs.org.br\/educacaoempauta\/pedagogico\/quando-as-historias-em-quadrinhos-encontram-a-educacao\/\",\"url\":\"https:\/\/sinepe-rs.org.br\/educacaoempauta\/pedagogico\/quando-as-historias-em-quadrinhos-encontram-a-educacao\/\",\"name\":\"Quando as Hist\u00f3rias em Quadrinhos encontram a educa\u00e7\u00e3o - Educa\u00e7\u00e3o em Pauta: Portal de reportagens de Educa\u00e7\u00e3o\",\"isPartOf\":{\"@id\":\"https:\/\/sinepe-rs.org.br\/educacaoempauta\/#website\"},\"primaryImageOfPage\":{\"@id\":\"https:\/\/sinepe-rs.org.br\/educacaoempauta\/pedagogico\/quando-as-historias-em-quadrinhos-encontram-a-educacao\/#primaryimage\"},\"image\":{\"@id\":\"https:\/\/sinepe-rs.org.br\/educacaoempauta\/pedagogico\/quando-as-historias-em-quadrinhos-encontram-a-educacao\/#primaryimage\"},\"thumbnailUrl\":\"https:\/\/sinepe-rs.org.br\/educacaoempauta\/wp-content\/uploads\/2025\/06\/503_sinepers_padrinho_quadrinhosnaeducacao.jpg\",\"datePublished\":\"2025-07-01T10:11:00+00:00\",\"dateModified\":\"2025-07-15T11:57:52+00:00\",\"author\":{\"@id\":\"https:\/\/sinepe-rs.org.br\/educacaoempauta\/#\/schema\/person\/a9bb8c61d5b098df16c34ec9d7154a99\"},\"description\":\"Plof! Bam! Pow! Das onomatopeias aos enredos envolventes, pesquisadores destacam o potencial das HQs como aliadas da aprendizagem em sala de aula\",\"breadcrumb\":{\"@id\":\"https:\/\/sinepe-rs.org.br\/educacaoempauta\/pedagogico\/quando-as-historias-em-quadrinhos-encontram-a-educacao\/#breadcrumb\"},\"inLanguage\":\"pt-BR\",\"potentialAction\":[{\"@type\":\"ReadAction\",\"target\":[\"https:\/\/sinepe-rs.org.br\/educacaoempauta\/pedagogico\/quando-as-historias-em-quadrinhos-encontram-a-educacao\/\"]}]},{\"@type\":\"ImageObject\",\"inLanguage\":\"pt-BR\",\"@id\":\"https:\/\/sinepe-rs.org.br\/educacaoempauta\/pedagogico\/quando-as-historias-em-quadrinhos-encontram-a-educacao\/#primaryimage\",\"url\":\"https:\/\/sinepe-rs.org.br\/educacaoempauta\/wp-content\/uploads\/2025\/06\/503_sinepers_padrinho_quadrinhosnaeducacao.jpg\",\"contentUrl\":\"https:\/\/sinepe-rs.org.br\/educacaoempauta\/wp-content\/uploads\/2025\/06\/503_sinepers_padrinho_quadrinhosnaeducacao.jpg\",\"width\":1306,\"height\":430,\"caption\":\"Quando as Hist\u00f3rias em Quadrinhos encontram a educa\u00e7\u00e3o\"},{\"@type\":\"BreadcrumbList\",\"@id\":\"https:\/\/sinepe-rs.org.br\/educacaoempauta\/pedagogico\/quando-as-historias-em-quadrinhos-encontram-a-educacao\/#breadcrumb\",\"itemListElement\":[{\"@type\":\"ListItem\",\"position\":1,\"name\":\"Home\",\"item\":\"https:\/\/sinepe-rs.org.br\/educacaoempauta\/\"},{\"@type\":\"ListItem\",\"position\":2,\"name\":\"Quando as Hist\u00f3rias em Quadrinhos encontram a educa\u00e7\u00e3o\"}]},{\"@type\":\"WebSite\",\"@id\":\"https:\/\/sinepe-rs.org.br\/educacaoempauta\/#website\",\"url\":\"https:\/\/sinepe-rs.org.br\/educacaoempauta\/\",\"name\":\"Educa\u00e7\u00e3o em Pauta: Portal de reportagens de Educa\u00e7\u00e3o\",\"description\":\"Sinepe-RS\",\"potentialAction\":[{\"@type\":\"SearchAction\",\"target\":{\"@type\":\"EntryPoint\",\"urlTemplate\":\"https:\/\/sinepe-rs.org.br\/educacaoempauta\/?s={search_term_string}\"},\"query-input\":{\"@type\":\"PropertyValueSpecification\",\"valueRequired\":true,\"valueName\":\"search_term_string\"}}],\"inLanguage\":\"pt-BR\"},{\"@type\":\"Person\",\"@id\":\"https:\/\/sinepe-rs.org.br\/educacaoempauta\/#\/schema\/person\/a9bb8c61d5b098df16c34ec9d7154a99\",\"name\":\"Eduardo Wolff\",\"image\":{\"@type\":\"ImageObject\",\"inLanguage\":\"pt-BR\",\"@id\":\"https:\/\/sinepe-rs.org.br\/educacaoempauta\/#\/schema\/person\/image\/\",\"url\":\"https:\/\/secure.gravatar.com\/avatar\/dc93e7510d4af8ae2514871724e1fbe69e43cadf2bc69fa120c919f4a599d7ca?s=96&d=mm&r=g\",\"contentUrl\":\"https:\/\/secure.gravatar.com\/avatar\/dc93e7510d4af8ae2514871724e1fbe69e43cadf2bc69fa120c919f4a599d7ca?s=96&d=mm&r=g\",\"caption\":\"Eduardo Wolff\"},\"url\":\"https:\/\/sinepe-rs.org.br\/educacaoempauta\/author\/eduardo\/\"}]}<\/script>\n<!-- \/ Yoast SEO plugin. -->","yoast_head_json":{"title":"Quando as Hist\u00f3rias em Quadrinhos encontram a educa\u00e7\u00e3o - Educa\u00e7\u00e3o em Pauta: Portal de reportagens de Educa\u00e7\u00e3o","description":"Plof! Bam! Pow! Das onomatopeias aos enredos envolventes, pesquisadores destacam o potencial das HQs como aliadas da aprendizagem em sala de aula","robots":{"index":"index","follow":"follow","max-snippet":"max-snippet:-1","max-image-preview":"max-image-preview:large","max-video-preview":"max-video-preview:-1"},"canonical":"https:\/\/sinepe-rs.org.br\/educacaoempauta\/pedagogico\/quando-as-historias-em-quadrinhos-encontram-a-educacao\/","og_locale":"pt_BR","og_type":"article","og_title":"Quando as Hist\u00f3rias em Quadrinhos encontram a educa\u00e7\u00e3o - Educa\u00e7\u00e3o em Pauta: Portal de reportagens de Educa\u00e7\u00e3o","og_description":"Plof! Bam! Pow! Das onomatopeias aos enredos envolventes, pesquisadores destacam o potencial das HQs como aliadas da aprendizagem em sala de aula","og_url":"https:\/\/sinepe-rs.org.br\/educacaoempauta\/pedagogico\/quando-as-historias-em-quadrinhos-encontram-a-educacao\/","og_site_name":"Educa\u00e7\u00e3o em Pauta: Portal de reportagens de Educa\u00e7\u00e3o","article_published_time":"2025-07-01T10:11:00+00:00","article_modified_time":"2025-07-15T11:57:52+00:00","og_image":[{"width":1306,"height":430,"url":"https:\/\/sinepe-rs.org.br\/educacaoempauta\/wp-content\/uploads\/2025\/06\/503_sinepers_padrinho_quadrinhosnaeducacao.jpg","type":"image\/jpeg"}],"author":"Eduardo Wolff","twitter_card":"summary_large_image","twitter_misc":{"Escrito por":"Eduardo Wolff","Est. tempo de leitura":"11 minutos"},"schema":{"@context":"https:\/\/schema.org","@graph":[{"@type":"WebPage","@id":"https:\/\/sinepe-rs.org.br\/educacaoempauta\/pedagogico\/quando-as-historias-em-quadrinhos-encontram-a-educacao\/","url":"https:\/\/sinepe-rs.org.br\/educacaoempauta\/pedagogico\/quando-as-historias-em-quadrinhos-encontram-a-educacao\/","name":"Quando as Hist\u00f3rias em Quadrinhos encontram a educa\u00e7\u00e3o - Educa\u00e7\u00e3o em Pauta: Portal de reportagens de Educa\u00e7\u00e3o","isPartOf":{"@id":"https:\/\/sinepe-rs.org.br\/educacaoempauta\/#website"},"primaryImageOfPage":{"@id":"https:\/\/sinepe-rs.org.br\/educacaoempauta\/pedagogico\/quando-as-historias-em-quadrinhos-encontram-a-educacao\/#primaryimage"},"image":{"@id":"https:\/\/sinepe-rs.org.br\/educacaoempauta\/pedagogico\/quando-as-historias-em-quadrinhos-encontram-a-educacao\/#primaryimage"},"thumbnailUrl":"https:\/\/sinepe-rs.org.br\/educacaoempauta\/wp-content\/uploads\/2025\/06\/503_sinepers_padrinho_quadrinhosnaeducacao.jpg","datePublished":"2025-07-01T10:11:00+00:00","dateModified":"2025-07-15T11:57:52+00:00","author":{"@id":"https:\/\/sinepe-rs.org.br\/educacaoempauta\/#\/schema\/person\/a9bb8c61d5b098df16c34ec9d7154a99"},"description":"Plof! Bam! Pow! Das onomatopeias aos enredos envolventes, pesquisadores destacam o potencial das HQs como aliadas da aprendizagem em sala de aula","breadcrumb":{"@id":"https:\/\/sinepe-rs.org.br\/educacaoempauta\/pedagogico\/quando-as-historias-em-quadrinhos-encontram-a-educacao\/#breadcrumb"},"inLanguage":"pt-BR","potentialAction":[{"@type":"ReadAction","target":["https:\/\/sinepe-rs.org.br\/educacaoempauta\/pedagogico\/quando-as-historias-em-quadrinhos-encontram-a-educacao\/"]}]},{"@type":"ImageObject","inLanguage":"pt-BR","@id":"https:\/\/sinepe-rs.org.br\/educacaoempauta\/pedagogico\/quando-as-historias-em-quadrinhos-encontram-a-educacao\/#primaryimage","url":"https:\/\/sinepe-rs.org.br\/educacaoempauta\/wp-content\/uploads\/2025\/06\/503_sinepers_padrinho_quadrinhosnaeducacao.jpg","contentUrl":"https:\/\/sinepe-rs.org.br\/educacaoempauta\/wp-content\/uploads\/2025\/06\/503_sinepers_padrinho_quadrinhosnaeducacao.jpg","width":1306,"height":430,"caption":"Quando as Hist\u00f3rias em Quadrinhos encontram a educa\u00e7\u00e3o"},{"@type":"BreadcrumbList","@id":"https:\/\/sinepe-rs.org.br\/educacaoempauta\/pedagogico\/quando-as-historias-em-quadrinhos-encontram-a-educacao\/#breadcrumb","itemListElement":[{"@type":"ListItem","position":1,"name":"Home","item":"https:\/\/sinepe-rs.org.br\/educacaoempauta\/"},{"@type":"ListItem","position":2,"name":"Quando as Hist\u00f3rias em Quadrinhos encontram a educa\u00e7\u00e3o"}]},{"@type":"WebSite","@id":"https:\/\/sinepe-rs.org.br\/educacaoempauta\/#website","url":"https:\/\/sinepe-rs.org.br\/educacaoempauta\/","name":"Educa\u00e7\u00e3o em Pauta: Portal de reportagens de Educa\u00e7\u00e3o","description":"Sinepe-RS","potentialAction":[{"@type":"SearchAction","target":{"@type":"EntryPoint","urlTemplate":"https:\/\/sinepe-rs.org.br\/educacaoempauta\/?s={search_term_string}"},"query-input":{"@type":"PropertyValueSpecification","valueRequired":true,"valueName":"search_term_string"}}],"inLanguage":"pt-BR"},{"@type":"Person","@id":"https:\/\/sinepe-rs.org.br\/educacaoempauta\/#\/schema\/person\/a9bb8c61d5b098df16c34ec9d7154a99","name":"Eduardo Wolff","image":{"@type":"ImageObject","inLanguage":"pt-BR","@id":"https:\/\/sinepe-rs.org.br\/educacaoempauta\/#\/schema\/person\/image\/","url":"https:\/\/secure.gravatar.com\/avatar\/dc93e7510d4af8ae2514871724e1fbe69e43cadf2bc69fa120c919f4a599d7ca?s=96&d=mm&r=g","contentUrl":"https:\/\/secure.gravatar.com\/avatar\/dc93e7510d4af8ae2514871724e1fbe69e43cadf2bc69fa120c919f4a599d7ca?s=96&d=mm&r=g","caption":"Eduardo Wolff"},"url":"https:\/\/sinepe-rs.org.br\/educacaoempauta\/author\/eduardo\/"}]}},"_links":{"self":[{"href":"https:\/\/sinepe-rs.org.br\/educacaoempauta\/wp-json\/wp\/v2\/posts\/6320","targetHints":{"allow":["GET"]}}],"collection":[{"href":"https:\/\/sinepe-rs.org.br\/educacaoempauta\/wp-json\/wp\/v2\/posts"}],"about":[{"href":"https:\/\/sinepe-rs.org.br\/educacaoempauta\/wp-json\/wp\/v2\/types\/post"}],"author":[{"embeddable":true,"href":"https:\/\/sinepe-rs.org.br\/educacaoempauta\/wp-json\/wp\/v2\/users\/4"}],"replies":[{"embeddable":true,"href":"https:\/\/sinepe-rs.org.br\/educacaoempauta\/wp-json\/wp\/v2\/comments?post=6320"}],"version-history":[{"count":46,"href":"https:\/\/sinepe-rs.org.br\/educacaoempauta\/wp-json\/wp\/v2\/posts\/6320\/revisions"}],"predecessor-version":[{"id":6445,"href":"https:\/\/sinepe-rs.org.br\/educacaoempauta\/wp-json\/wp\/v2\/posts\/6320\/revisions\/6445"}],"wp:featuredmedia":[{"embeddable":true,"href":"https:\/\/sinepe-rs.org.br\/educacaoempauta\/wp-json\/wp\/v2\/media\/6340"}],"wp:attachment":[{"href":"https:\/\/sinepe-rs.org.br\/educacaoempauta\/wp-json\/wp\/v2\/media?parent=6320"}],"wp:term":[{"taxonomy":"category","embeddable":true,"href":"https:\/\/sinepe-rs.org.br\/educacaoempauta\/wp-json\/wp\/v2\/categories?post=6320"},{"taxonomy":"post_tag","embeddable":true,"href":"https:\/\/sinepe-rs.org.br\/educacaoempauta\/wp-json\/wp\/v2\/tags?post=6320"}],"curies":[{"name":"wp","href":"https:\/\/api.w.org\/{rel}","templated":true}]}}