{"id":6398,"date":"2025-07-08T07:17:00","date_gmt":"2025-07-08T10:17:00","guid":{"rendered":"https:\/\/sinepe-rs.org.br\/educacaoempauta\/?p=6398"},"modified":"2025-07-22T08:21:43","modified_gmt":"2025-07-22T11:21:43","slug":"o-futuro-chegou-e-ja-esta-na-sala-de-aula","status":"publish","type":"post","link":"https:\/\/sinepe-rs.org.br\/educacaoempauta\/inspire-se\/o-futuro-chegou-e-ja-esta-na-sala-de-aula\/","title":{"rendered":"O futuro chegou e j\u00e1 est\u00e1 na sala de aula"},"content":{"rendered":"\n<p>N\u00e3o h\u00e1 como evitar o uso da tecnologia em sala de aula. A proibi\u00e7\u00e3o de celulares acendeu um debate importante, mas que n\u00e3o significa a condena\u00e7\u00e3o de todo tipo de dispositivos ou telas. Trabalhar com uma gera\u00e7\u00e3o nativa digital exige que a escola se adapte para se manter atrativa e alcan\u00e7ar bons resultados pedag\u00f3gicos.<\/p>\n\n\n\n<p>Para dar conta de acompanhar essa revolu\u00e7\u00e3o, acelerada desde a chegada da intelig\u00eancia artificial generativa e acess\u00edvel, como o ChatGPT, \u00e9 preciso ter um time alinhado e qualificado. Por isso, antes de mais nada, \u00e9 importante compreender o que muda no papel do educador.<\/p>\n\n\n\n<p>\u201cA aula, hoje, \u00e9 quase uma coloca\u00e7\u00e3o em pr\u00e1tica n\u00e3o s\u00f3 de um plano de aula, mas tamb\u00e9m no sentido de preparar antes as coisas que se vai utilizar. <mark style=\"background-color:#ff6900\" class=\"has-inline-color\">Ela \u00e9 uma consequ\u00eancia dessa prepara\u00e7\u00e3o, uma parte pr\u00e1tica muito importante, mas que demanda cada vez mais tempo e recursos<\/mark>\u201d, entende o professor e pesquisador de Comunica\u00e7\u00e3o Digital da <a href=\"https:\/\/portal.pucrs.br\/\" target=\"_blank\" rel=\"noreferrer noopener\">PUCRS<\/a>, Andr\u00e9 Pase.<\/p>\n\n\n\n<p>Ter tempo e oportunidade para explorar todas as possibilidades que se abrem no mundo digital n\u00e3o \u00e9 simples. Por isso, cabe ao gestor criar esses momentos e espa\u00e7os. <mark style=\"background-color:#ff6900\" class=\"has-inline-color\">Mas a escola ainda precisa estar atenta a outro ponto: a desigualdade na rela\u00e7\u00e3o de cada estudante com a tecnologia<\/mark>. Dependendo, pode ser que um professor tenha na mesma turma estudantes com n\u00edveis de conhecimento muito distintos. Isso, segundo Pase, equivale a lidar com estudantes com diferen\u00e7a de idade e viv\u00eancias completamente diferentes, o que \u00e9 sempre um desafio para o projeto pedag\u00f3gico, que precisa ser revisitado anualmente para dar conta das demandas de cada fase da forma\u00e7\u00e3o dos alunos.<\/p>\n\n\n\n<h2 class=\"wp-block-heading has-medium-font-size\"><strong>Gamifica\u00e7\u00e3o<\/strong><\/h2>\n\n\n\n<p>Plataformas interativas caem no gosto dos estudantes, que recebem uma recompensa imediata pelo desempenho \u2013 e tamb\u00e9m dos professores, que t\u00eam ali uma ferramenta de feedback instant\u00e2neo sobre a performance de cada um e um diagn\u00f3stico sobre o que precisa ser aprimorado ou revisado. Esse \u00e9 um dos principais pontos da gamifica\u00e7\u00e3o, pois resolve um desafio constante do educador.<\/p>\n\n\n\n<p>Em uma turma de 30 alunos, haver\u00e1 uma m\u00e9dia de aprendizado, um grupo que desponta e merece a chance de continuar se desenvolvendo e outro que pode ter ficado um pouco para tr\u00e1s e deve ser trazido para o patamar dos demais. \u00c9 a\u00ed que entram essas plataformas, adaptando o processo \u00e0 curva de aprendizagem de cada um, j\u00e1 que muitas permitem certa personaliza\u00e7\u00e3o da jornada.<\/p>\n\n\n\n<p><mark style=\"background-color:#ff6900\" class=\"has-inline-color\">Na hora de escolher uma plataforma, \u00e9 importante observar atentamente a usabilidade do produto<\/mark>. A\u00ed entram fatores como a capacidade exigida dos dispositivos \u2013\u00a0 ou seja, se o sistema \u201croda\u201d em um aparelho n\u00e3o t\u00e3o moderno, para garantir que todos tenham acesso \u2013 e se a navega\u00e7\u00e3o \u00e9 intuitiva.<\/p>\n\n\n\n<p>Al\u00e9m disso, muitas vezes crian\u00e7as e adolescentes t\u00eam mais facilidade do que o professor, que acaba n\u00e3o conseguindo explorar t\u00e3o bem a ferramenta. Alguns sistemas tamb\u00e9m n\u00e3o oferecem vers\u00e3o para o educador, de modo que ele tamb\u00e9m pode enfrentar dificuldades durante o pr\u00f3prio processo de aprendizagem.<\/p>\n\n\n\n<p>\u201cO aluno tem uma destreza de uso que o professor talvez n\u00e3o tenha. E como n\u00e3o tem um livro com as respostas, vai ter que procurar, pedir para algu\u00e9m jogar, olhar no YouTube. Para muitos desses softwares falta aquele \u2018livro resolvido do professor\u2019, falta o programa ser amigo dele\u201d, comenta Pase.<\/p>\n\n\n\n<p>Outro componente a ser avaliado \u00e9 se o sistema traz o que o professor e a escola preveem no projeto pedag\u00f3gico. <mark style=\"background-color:#ff6900\" class=\"has-inline-color\">O programa precisa interagir com o maior n\u00famero de atividades e componentes curriculares poss\u00edvel<\/mark>.<\/p>\n\n\n\n<p>Por fim, h\u00e1 a quest\u00e3o estrutural e financeira. \u00c9 comum que as plataformas ofere\u00e7am vers\u00f5es gratuitas com funcionalidades limitadas ou, depois de um tempo, passem a cobrar pelo acesso. Pase explica que, no come\u00e7o, algumas empresas liberam o acesso para formar uma base de usu\u00e1rios e, aos poucos, passam a cobrar \u2013 ou a cobrar mais caro.<\/p>\n\n\n\n<p>Assegurar-se sobre o pre\u00e7o das licen\u00e7as e recursos de cada plano de assinatura \u00e9 fundamental. \u201cPor um lado \u00e9 um complicador, mas, por outro, \u00e9 oportunidade: muitas institui\u00e7\u00f5es, principalmente as redes de ensino, conseguem desenvolver uma solu\u00e7\u00e3o pr\u00f3pria e depois vender para outras escolas\u201d, destaca Pase.<\/p>\n\n\n\n<h2 class=\"wp-block-heading has-medium-font-size\"><strong>Espa\u00e7os gamer<\/strong><\/h2>\n\n\n\n<p>Para desenvolver as compet\u00eancias relacionadas ao mundo digital, muitas institui\u00e7\u00f5es j\u00e1 adotam espa\u00e7os exclusivos com essa finalidade. Eles podem receber nomes diferentes, como \u201cespa\u00e7o maker\u201d ou \u201csala gamer\u201d, mas t\u00eam o mesmo objetivo. Em geral, funcionam como um local dedicado a experimentar e simular situa\u00e7\u00f5es que ajudem a aprender \u2013 sobre a tecnologia propriamente dita ou qualquer outro assunto, com o apoio dela.<\/p>\n\n\n\n<p>Para Andr\u00e9 Pase, <mark style=\"background-color:#ff6900\" class=\"has-inline-color\">no mundo ideal o ensino dos saberes tecnol\u00f3gicos e digitais anda de forma totalmente integrada ao projeto pedag\u00f3gico<\/mark>. Mas, para isso, \u00e9 preciso que todos os professores estejam na mesma p\u00e1gina.<\/p>\n\n\n\n<p>\u201cQuando algu\u00e9m de matem\u00e1tica fala de l\u00f3gica e, mais adiante, no espa\u00e7o maker, se vai fazer uma ferramenta, isso tamb\u00e9m pode estar conectado. Os professores precisam estar muito mais conectados entre eles. Nem sempre se consegue, mas eu, no ensino da \u00e1rea computacional, preciso estar pensando com o professor de l\u00edngua portuguesa. Antes se tinha uma ideia de mundos diferentes, mas s\u00e3o muito juntos\u201d, defende o pesquisador.<\/p>\n\n\n\n<p>Para que f\u00f3rmulas, linguagens de programa\u00e7\u00e3o, an\u00e1lise sint\u00e1tica e vetores se entendam e fa\u00e7am sentido juntos, <mark style=\"background-color:#ff6900\" class=\"has-inline-color\">\u00e9 fundamental que a institui\u00e7\u00e3o de ensino desenvolva uma cultura digital, ou seja, que todo o conhecimento se desenvolva, tamb\u00e9m, sob a \u00f3ptica do mundo da tecnologia<\/mark>.<\/p>\n\n\n\n<p>\u201cUma cultura digital n\u00e3o nasce em um m\u00eas, mas em pr\u00e1ticas, com o tempo. A escola tem de se adaptar, pois n\u00e3o d\u00e1 para estar fora disso. Pede um esfor\u00e7o muito grande de todos, compartilhando saberes e entendendo que a estrat\u00e9gia que eu usei em um ano, talvez no outro n\u00e3o esteja de acordo para aqueles alunos\u201d, enfatiza Pase.<\/p>\n\n\n\n<h2 class=\"wp-block-heading has-medium-font-size\"><strong>Alunos desenvolvem rob\u00f4 do sil\u00eancio<\/strong><\/h2>\n\n\n\n<p>Lab Maker foi o nome que o <a href=\"https:\/\/www.redeicm.org.br\/imaculadaconceicao\/\" target=\"_blank\" rel=\"noreferrer noopener\">Col\u00e9gio Imaculada Concei\u00e7\u00e3o<\/a>, de Dois Irm\u00e3os, escolheu para seus espa\u00e7os dedicados \u00e0 tecnologia. S\u00e3o duas salas, que ficam sob a supervis\u00e3o do analista de TI Jo\u00e3o Victor Oliveira. Formado em Licenciatura em Computa\u00e7\u00e3o e especializado em M\u00eddias na Educa\u00e7\u00e3o, ele \u00e9 respons\u00e1vel por disponibilizar equipamentos e orientar os professores para realiza\u00e7\u00e3o de atividades.<\/p>\n\n\n\n<p>\u201c<mark style=\"background-color:#ff6900\" class=\"has-inline-color\">Eles s\u00e3o incentivados para que fa\u00e7am projetos, venham at\u00e9 os ambientes e usem os recursos<\/mark>. Podem usar a qualquer momento, estou aqui para auxiliar, deixar tudo pronto, e tamb\u00e9m posso atuar junto no projeto\u201d, conta Oliveira. Quando o desafio \u00e9 complexo demais para os estudantes, mas o efeito ser\u00e1 relevante para os estudos, ele mesmo se encarrega de montar ou desenvolver dispositivos. \u201cAt\u00e9 pela quest\u00e3o do tempo\u201d, justifica.<\/p>\n\n\n\n<p>O Lab Maker 1 \u00e9 o mais equipado, com corte a laser, impressora 3D, ferramentas, materiais de TI e um est\u00fadio para grava\u00e7\u00e3o de podcasts \u2013 com mesa de som, microfones, mesa e painel. \u201cOs experimentos acabam trazendo a cultura de tecnologia da institui\u00e7\u00e3o para o dia a dia das crian\u00e7as, por isso temos os espa\u00e7os e equipamentos que o col\u00e9gio oferece para produ\u00e7\u00e3o, grava\u00e7\u00e3o, desenvolvimento, e o Jo\u00e3o Victor \u00e9 parceiro para ir atr\u00e1s de coisas ousadas\u201d, comenta o respons\u00e1vel pelo Marketing do col\u00e9gio, Daniel Frohlich.<\/p>\n\n\n\n<p>Pode ser chamado de ousado o rob\u00f4 idealizado pelos estudantes do primeiro ano do Ensino Fundamental. Desafiados a criar algo inovador para a feira de tecnologia do col\u00e9gio, e <mark style=\"background-color:#ff6900\" class=\"has-inline-color\">cientes de que a professora vinha tendo problemas com o barulho em sala de aula, eles resolveram criar um rob\u00f4 que alertasse sempre que determinado volume fosse alcan\u00e7ado<\/mark>.<\/p>\n\n\n\n<p>Com a ajuda da professora, eles decidiram como seria a constru\u00e7\u00e3o, o formato e as funcionalidades do equipamento. Oliveira foi quem desenhou e cortou na impressora a laser, e programou um microcontrolador com sensor de ru\u00eddo. \u201c\u00c9 tipo um microfone, que eles escolheram ser o nariz do rob\u00f4. Ele capta o som do ambiente e alerta por meio de uma luz, que est\u00e1 sempre verde, mas fica vermelha quando o sensor detecta barulho acima do permitido, o que tamb\u00e9m pode ser calibrado\u201d, explica o analista de TI.<\/p>\n\n\n\n<p>O projeto ainda est\u00e1 em desenvolvimento, mas j\u00e1 funciona. Os estudantes j\u00e1 querem mais: por eles, o rob\u00f4 pode andar e falar \u2013 o que n\u00e3o est\u00e1 descartado para outro momento. O fato \u00e9 que muita gente j\u00e1 est\u00e1 interessada em contar com um robozinho que detecta volume excessivo em sua sala. \u201c\u00c9 algo \u00fatil para a escola\u201d, sa\u00fada Oliveira.<\/p>\n\n\n\n<p>Al\u00e9m da m\u00e3o na massa nos espa\u00e7os maker, os estudantes do Imaculada tamb\u00e9m contam com programas de ensino como Matific e Bernoulli. Eles oferecem atividades gamificadas sobre o que consta nos livros, desde Portugu\u00eas at\u00e9 o desenvolvimento socioemocional. \u201cEstamos sempre atentos a essas evolu\u00e7\u00f5es. \u00c0s vezes n\u00e3o temos o equipamento de ponta, mas ajuda a entender o processo\u201d, acredita Frohlich.<\/p>\n\n\n\n<figure class=\"wp-block-image size-large is-resized\"><img loading=\"lazy\" decoding=\"async\" width=\"1024\" height=\"577\" src=\"https:\/\/sinepe-rs.org.br\/educacaoempauta\/wp-content\/uploads\/2025\/07\/Colegio-Imaculada-Conceicao-1024x577.jpg\" alt=\"\" class=\"wp-image-6412\" style=\"width:829px;height:auto\" srcset=\"https:\/\/sinepe-rs.org.br\/educacaoempauta\/wp-content\/uploads\/2025\/07\/Colegio-Imaculada-Conceicao-1024x577.jpg 1024w, https:\/\/sinepe-rs.org.br\/educacaoempauta\/wp-content\/uploads\/2025\/07\/Colegio-Imaculada-Conceicao-300x169.jpg 300w, https:\/\/sinepe-rs.org.br\/educacaoempauta\/wp-content\/uploads\/2025\/07\/Colegio-Imaculada-Conceicao-768x432.jpg 768w, https:\/\/sinepe-rs.org.br\/educacaoempauta\/wp-content\/uploads\/2025\/07\/Colegio-Imaculada-Conceicao-1536x865.jpg 1536w, https:\/\/sinepe-rs.org.br\/educacaoempauta\/wp-content\/uploads\/2025\/07\/Colegio-Imaculada-Conceicao-2048x1153.jpg 2048w\" sizes=\"auto, (max-width: 1024px) 100vw, 1024px\" \/><\/figure>\n\n\n\n<p class=\"has-small-font-size\"><em>Alunos do col\u00e9gio realizam as atividades com rob\u00f3tica no Lab Maker | Cr\u00e9dito: Col\u00e9gio Imaculada Concei\u00e7\u00e3o\/Divulga\u00e7\u00e3o<\/em><\/p>\n\n\n\n<h2 class=\"wp-block-heading has-medium-font-size\"><strong>Pensamento Computacional<\/strong><\/h2>\n\n\n\n<p>J\u00e1 o <a href=\"https:\/\/santateresinha.nd.org.br\/\" target=\"_blank\" rel=\"noreferrer noopener\">Col\u00e9gio Santa Terezinha<\/a>, de Taquara, optou pela plataforma Zoom para que os estudantes estivessem mais inseridos na quest\u00e3o do pensamento computacional. Em parceria com a empresa, que presta um servi\u00e7o de consultoria, foi <mark style=\"background-color:#ff6900\" class=\"has-inline-color\">identificada a necessidade de trabalhar passo a passo, come\u00e7ando pelo planejamento e pela implementa\u00e7\u00e3o de um modelo, para, ent\u00e3o, ir \u00e0 pr\u00e1tica<\/mark>.<\/p>\n\n\n\n<p>A proposta da ferramenta \u00e9 andar lado a lado com os livros did\u00e1ticos \u2013 que, no caso do Santa Terezinha, s\u00e3o da editora FTD. \u201cO material de rob\u00f3tica nos atende muito bem. Conseguimos organizar de forma que os professores continuem trabalhando o mesmo assunto. O tema que definimos \u00e9 sustentabilidade: envolve muito as ci\u00eancias e a matem\u00e1tica, embora outros componentes tamb\u00e9m entrem\u201d, conta a coordenadora pedag\u00f3gica do Ensino Fundamental I e II do col\u00e9gio, Rita Severina Zotti.<\/p>\n\n\n\n<p>O local destinado a essas atividades \u00e9 uma sala ampla, planejada e pensada para ser atrativa aos estudantes, aliada com a quest\u00e3o tecnol\u00f3gica. Eles geralmente se re\u00fanem em grupos, acessam a plataforma Zoom e recebem uma esp\u00e9cie de roteiro para as atividades previamente planejadas pelo professor. \u201cCada dia \u00e9 diferente. Eles constroem algo para experimentar o que que leram, estudaram e desenvolveram em sala de aula\u201d, explica a vice-diretora da institui\u00e7\u00e3o, Carina Raquel Zimermann.<\/p>\n\n\n\n<p>Segundo Carina, o mais interessante \u00e9 a parte de programa\u00e7\u00e3o, na qual os estudantes se sentem desafiados. \u201cCriaram sistema solar com os equipamentos, contemplando rota\u00e7\u00e3o e transla\u00e7\u00e3o. Eles precisam fazer isso por meio de programa\u00e7\u00e3o. Aquele instrumento precisa fazer o que eles pretendem, para verem na pr\u00e1tica o que a professora ensinou em sala de aula\u201d, detalha.<\/p>\n\n\n\n<p>Para que os docentes explorem todas as potencialidades das ferramentas, eles contam com consultoria permanente da parceira, a Zoom. Al\u00e9m disso, tem uma profissional do pr\u00f3prio col\u00e9gio que cuida da sala e d\u00e1 suporte.<\/p>\n\n\n\n<p>\u201cNo in\u00edcio a gente tinha um pouco mais de dificuldade, agora percebe que os professores pegaram gosto, d\u00e3o aula bem mais tranquilos. Houve um pouco de resist\u00eancia, at\u00e9 entenderem como era o processo. <mark style=\"background-color:#ff6900\" class=\"has-inline-color\">Este ano, eles j\u00e1 perceberam que o material did\u00e1tico conversa muito com o que eles trabalham<\/mark>\u201d, conclui a coordenadora.<\/p>\n\n\n\n<h2 class=\"wp-block-heading has-medium-font-size\"><strong>Parceiros tecnol\u00f3gicos<\/strong><\/h2>\n\n\n\n<p>Conhe\u00e7a alguns dos sistemas de ensino que podem ajudar a inserir o pensamento computacional e a cultura digital na institui\u00e7\u00e3o:<\/p>\n\n\n\n<ul class=\"wp-block-list\">\n<li class=\"has-medium-font-size\"><strong>Matific<\/strong>: Citado pelo Col\u00e9gio Imaculada, oferece atividades de matem\u00e1tica de forma gamificada, por meio de jogos e desafios que ensinam conceitos como consumo consciente, planejamento financeiro e uma s\u00e9rie de temas ligados ao dia a dia. O site oferece uma <a href=\"https:\/\/www.matific.com\/api\/grade-selection\/\" target=\"_blank\" rel=\"noreferrer noopener\">\u00e1rea para experimentar<\/a>, de acordo com o ano de ensino.<br><br><\/li>\n\n\n\n<li class=\"has-medium-font-size\"><strong>Quizizz Modo Papel<\/strong>: <a href=\"https:\/\/wayground.com\/?lng=en\" target=\"_blank\" rel=\"noreferrer noopener\">Ferramenta<\/a> que combina gamifica\u00e7\u00e3o e IA, permitindo que alunos respondam a quizzes com cart\u00f5es impressos com QR codes, enquanto o professor utiliza um \u00fanico dispositivo para projetar as quest\u00f5es e registrar as respostas.<br><br><\/li>\n\n\n\n<li class=\"has-medium-font-size\"><strong>Tela Interativa<\/strong>: Desenvolvida pela <a href=\"https:\/\/teltex.com.br\/\" target=\"_blank\" rel=\"noreferrer noopener\">Teltex<\/a>, oferece in\u00fameras possibilidades. De videoconfer\u00eancias \u00e0 digitaliza\u00e7\u00e3o de QR Code para acesso r\u00e1pido do conte\u00fado na tela, passando por reconhecimento de movimentos corporais. A empresa tamb\u00e9m desenvolve e implementa outras tecnologias, como reconhecimento facial para controle de acesso e rob\u00f4s aut\u00f4nomos de patrulhamento, visando a ter ambientes escolares mais seguros e conectados.<br><br><\/li>\n\n\n\n<li class=\"has-medium-font-size\"><strong>Zoom<\/strong>: Utilizado pelo Col\u00e9gio Santa Terezinha, oferece um <a href=\"https:\/\/zoom.education\/nossas-solucoes-2\/\" target=\"_blank\" rel=\"noreferrer noopener\">arcabou\u00e7o de solu\u00e7\u00f5es<\/a> que unem a forma\u00e7\u00e3o t\u00e9cnica \u00e0 humana. Por meio de consultoria, desenvolve projetos que contemplam atividades, equipamentos e sistemas, tudo baseado no trip\u00e9 m\u00e3o na massa, progressividade e protagonismo.<br><br><\/li>\n<\/ul>\n\n\n\n<h3 class=\"wp-block-heading has-medium-font-size\"><strong>Tem mais\u2026<\/strong><\/h3>\n\n\n\n<p>Existem diversas outras ferramentas, cada uma adequada para determinado projeto. N\u00e3o deixe de montar um grupo de trabalho na escola e estudar todas essas possibilidades.<br><br>Na sua escola j\u00e1 utilizam alguma ferramenta que n\u00e3o foi citada neste texto? <a href=\"mailto:educacaoempauta@sinepe-rs.org.br\" target=\"_blank\" rel=\"noreferrer noopener\">Conte para n\u00f3s<\/a>. Sua hist\u00f3ria pode ser compartilhada aqui no Educa\u00e7\u00e3o em Pauta.<\/p>\n","protected":false},"excerpt":{"rendered":"<p>Escolas intensificam uso de plataformas digitais e espa\u00e7os dedicados \u00e0 rob\u00f3tica, pensamento computacional e cultura criativa<\/p>\n","protected":false},"author":4,"featured_media":6411,"comment_status":"closed","ping_status":"closed","sticky":false,"template":"","format":"standard","meta":{"footnotes":""},"categories":[7],"tags":[823,88,385,169,43],"class_list":["post-6398","post","type-post","status-publish","format-standard","has-post-thumbnail","hentry","category-inspire-se","tag-espacos-gamer","tag-gamificacao","tag-pensamento-computacional","tag-robotica","tag-sinepe-rs-2"],"acf":[],"yoast_head":"<!-- This site is optimized with the Yoast SEO plugin v24.6 - https:\/\/yoast.com\/wordpress\/plugins\/seo\/ -->\n<title>O futuro chegou e j\u00e1 est\u00e1 na sala de aula - Educa\u00e7\u00e3o em Pauta: Portal de reportagens de Educa\u00e7\u00e3o<\/title>\n<meta name=\"description\" content=\"Escolas intensificam uso de plataformas digitais e espa\u00e7os dedicados \u00e0 rob\u00f3tica, pensamento computacional e cultura criativa\" \/>\n<meta name=\"robots\" content=\"index, follow, max-snippet:-1, max-image-preview:large, max-video-preview:-1\" \/>\n<link rel=\"canonical\" href=\"https:\/\/sinepe-rs.org.br\/educacaoempauta\/inspire-se\/o-futuro-chegou-e-ja-esta-na-sala-de-aula\/\" \/>\n<meta property=\"og:locale\" content=\"pt_BR\" \/>\n<meta property=\"og:type\" content=\"article\" \/>\n<meta property=\"og:title\" content=\"O futuro chegou e j\u00e1 est\u00e1 na sala de aula - Educa\u00e7\u00e3o em Pauta: Portal de reportagens de Educa\u00e7\u00e3o\" \/>\n<meta property=\"og:description\" content=\"Escolas intensificam uso de plataformas digitais e espa\u00e7os dedicados \u00e0 rob\u00f3tica, pensamento computacional e cultura criativa\" \/>\n<meta property=\"og:url\" content=\"https:\/\/sinepe-rs.org.br\/educacaoempauta\/inspire-se\/o-futuro-chegou-e-ja-esta-na-sala-de-aula\/\" \/>\n<meta property=\"og:site_name\" content=\"Educa\u00e7\u00e3o em Pauta: Portal de reportagens de Educa\u00e7\u00e3o\" \/>\n<meta property=\"article:published_time\" content=\"2025-07-08T10:17:00+00:00\" \/>\n<meta property=\"article:modified_time\" content=\"2025-07-22T11:21:43+00:00\" \/>\n<meta property=\"og:image\" content=\"https:\/\/sinepe-rs.org.br\/educacaoempauta\/wp-content\/uploads\/2025\/07\/501_sinepers_padrinho_salamakeregamificacao.jpg\" \/>\n\t<meta property=\"og:image:width\" content=\"1366\" \/>\n\t<meta property=\"og:image:height\" content=\"450\" \/>\n\t<meta property=\"og:image:type\" content=\"image\/jpeg\" \/>\n<meta name=\"author\" content=\"Eduardo Wolff\" \/>\n<meta name=\"twitter:card\" content=\"summary_large_image\" \/>\n<meta name=\"twitter:label1\" content=\"Escrito por\" \/>\n\t<meta name=\"twitter:data1\" content=\"Eduardo Wolff\" \/>\n\t<meta name=\"twitter:label2\" content=\"Est. tempo de leitura\" \/>\n\t<meta name=\"twitter:data2\" content=\"12 minutos\" \/>\n<script type=\"application\/ld+json\" class=\"yoast-schema-graph\">{\"@context\":\"https:\/\/schema.org\",\"@graph\":[{\"@type\":\"WebPage\",\"@id\":\"https:\/\/sinepe-rs.org.br\/educacaoempauta\/inspire-se\/o-futuro-chegou-e-ja-esta-na-sala-de-aula\/\",\"url\":\"https:\/\/sinepe-rs.org.br\/educacaoempauta\/inspire-se\/o-futuro-chegou-e-ja-esta-na-sala-de-aula\/\",\"name\":\"O futuro chegou e j\u00e1 est\u00e1 na sala de aula - Educa\u00e7\u00e3o em Pauta: Portal de reportagens de Educa\u00e7\u00e3o\",\"isPartOf\":{\"@id\":\"https:\/\/sinepe-rs.org.br\/educacaoempauta\/#website\"},\"primaryImageOfPage\":{\"@id\":\"https:\/\/sinepe-rs.org.br\/educacaoempauta\/inspire-se\/o-futuro-chegou-e-ja-esta-na-sala-de-aula\/#primaryimage\"},\"image\":{\"@id\":\"https:\/\/sinepe-rs.org.br\/educacaoempauta\/inspire-se\/o-futuro-chegou-e-ja-esta-na-sala-de-aula\/#primaryimage\"},\"thumbnailUrl\":\"https:\/\/sinepe-rs.org.br\/educacaoempauta\/wp-content\/uploads\/2025\/07\/501_sinepers_padrinho_salamakeregamificacao.jpg\",\"datePublished\":\"2025-07-08T10:17:00+00:00\",\"dateModified\":\"2025-07-22T11:21:43+00:00\",\"author\":{\"@id\":\"https:\/\/sinepe-rs.org.br\/educacaoempauta\/#\/schema\/person\/a9bb8c61d5b098df16c34ec9d7154a99\"},\"description\":\"Escolas intensificam uso de plataformas digitais e espa\u00e7os dedicados \u00e0 rob\u00f3tica, pensamento computacional e cultura criativa\",\"breadcrumb\":{\"@id\":\"https:\/\/sinepe-rs.org.br\/educacaoempauta\/inspire-se\/o-futuro-chegou-e-ja-esta-na-sala-de-aula\/#breadcrumb\"},\"inLanguage\":\"pt-BR\",\"potentialAction\":[{\"@type\":\"ReadAction\",\"target\":[\"https:\/\/sinepe-rs.org.br\/educacaoempauta\/inspire-se\/o-futuro-chegou-e-ja-esta-na-sala-de-aula\/\"]}]},{\"@type\":\"ImageObject\",\"inLanguage\":\"pt-BR\",\"@id\":\"https:\/\/sinepe-rs.org.br\/educacaoempauta\/inspire-se\/o-futuro-chegou-e-ja-esta-na-sala-de-aula\/#primaryimage\",\"url\":\"https:\/\/sinepe-rs.org.br\/educacaoempauta\/wp-content\/uploads\/2025\/07\/501_sinepers_padrinho_salamakeregamificacao.jpg\",\"contentUrl\":\"https:\/\/sinepe-rs.org.br\/educacaoempauta\/wp-content\/uploads\/2025\/07\/501_sinepers_padrinho_salamakeregamificacao.jpg\",\"width\":1366,\"height\":450,\"caption\":\"O futuro chegou e j\u00e1 est\u00e1 na sala de aula\"},{\"@type\":\"BreadcrumbList\",\"@id\":\"https:\/\/sinepe-rs.org.br\/educacaoempauta\/inspire-se\/o-futuro-chegou-e-ja-esta-na-sala-de-aula\/#breadcrumb\",\"itemListElement\":[{\"@type\":\"ListItem\",\"position\":1,\"name\":\"Home\",\"item\":\"https:\/\/sinepe-rs.org.br\/educacaoempauta\/\"},{\"@type\":\"ListItem\",\"position\":2,\"name\":\"O futuro chegou e j\u00e1 est\u00e1 na sala de aula\"}]},{\"@type\":\"WebSite\",\"@id\":\"https:\/\/sinepe-rs.org.br\/educacaoempauta\/#website\",\"url\":\"https:\/\/sinepe-rs.org.br\/educacaoempauta\/\",\"name\":\"Educa\u00e7\u00e3o em Pauta: Portal de reportagens de Educa\u00e7\u00e3o\",\"description\":\"Sinepe-RS\",\"potentialAction\":[{\"@type\":\"SearchAction\",\"target\":{\"@type\":\"EntryPoint\",\"urlTemplate\":\"https:\/\/sinepe-rs.org.br\/educacaoempauta\/?s={search_term_string}\"},\"query-input\":{\"@type\":\"PropertyValueSpecification\",\"valueRequired\":true,\"valueName\":\"search_term_string\"}}],\"inLanguage\":\"pt-BR\"},{\"@type\":\"Person\",\"@id\":\"https:\/\/sinepe-rs.org.br\/educacaoempauta\/#\/schema\/person\/a9bb8c61d5b098df16c34ec9d7154a99\",\"name\":\"Eduardo Wolff\",\"image\":{\"@type\":\"ImageObject\",\"inLanguage\":\"pt-BR\",\"@id\":\"https:\/\/sinepe-rs.org.br\/educacaoempauta\/#\/schema\/person\/image\/\",\"url\":\"https:\/\/secure.gravatar.com\/avatar\/dc93e7510d4af8ae2514871724e1fbe69e43cadf2bc69fa120c919f4a599d7ca?s=96&d=mm&r=g\",\"contentUrl\":\"https:\/\/secure.gravatar.com\/avatar\/dc93e7510d4af8ae2514871724e1fbe69e43cadf2bc69fa120c919f4a599d7ca?s=96&d=mm&r=g\",\"caption\":\"Eduardo Wolff\"},\"url\":\"https:\/\/sinepe-rs.org.br\/educacaoempauta\/author\/eduardo\/\"}]}<\/script>\n<!-- \/ Yoast SEO plugin. -->","yoast_head_json":{"title":"O futuro chegou e j\u00e1 est\u00e1 na sala de aula - Educa\u00e7\u00e3o em Pauta: Portal de reportagens de Educa\u00e7\u00e3o","description":"Escolas intensificam uso de plataformas digitais e espa\u00e7os dedicados \u00e0 rob\u00f3tica, pensamento computacional e cultura criativa","robots":{"index":"index","follow":"follow","max-snippet":"max-snippet:-1","max-image-preview":"max-image-preview:large","max-video-preview":"max-video-preview:-1"},"canonical":"https:\/\/sinepe-rs.org.br\/educacaoempauta\/inspire-se\/o-futuro-chegou-e-ja-esta-na-sala-de-aula\/","og_locale":"pt_BR","og_type":"article","og_title":"O futuro chegou e j\u00e1 est\u00e1 na sala de aula - Educa\u00e7\u00e3o em Pauta: Portal de reportagens de Educa\u00e7\u00e3o","og_description":"Escolas intensificam uso de plataformas digitais e espa\u00e7os dedicados \u00e0 rob\u00f3tica, pensamento computacional e cultura criativa","og_url":"https:\/\/sinepe-rs.org.br\/educacaoempauta\/inspire-se\/o-futuro-chegou-e-ja-esta-na-sala-de-aula\/","og_site_name":"Educa\u00e7\u00e3o em Pauta: Portal de reportagens de Educa\u00e7\u00e3o","article_published_time":"2025-07-08T10:17:00+00:00","article_modified_time":"2025-07-22T11:21:43+00:00","og_image":[{"width":1366,"height":450,"url":"https:\/\/sinepe-rs.org.br\/educacaoempauta\/wp-content\/uploads\/2025\/07\/501_sinepers_padrinho_salamakeregamificacao.jpg","type":"image\/jpeg"}],"author":"Eduardo Wolff","twitter_card":"summary_large_image","twitter_misc":{"Escrito por":"Eduardo Wolff","Est. tempo de leitura":"12 minutos"},"schema":{"@context":"https:\/\/schema.org","@graph":[{"@type":"WebPage","@id":"https:\/\/sinepe-rs.org.br\/educacaoempauta\/inspire-se\/o-futuro-chegou-e-ja-esta-na-sala-de-aula\/","url":"https:\/\/sinepe-rs.org.br\/educacaoempauta\/inspire-se\/o-futuro-chegou-e-ja-esta-na-sala-de-aula\/","name":"O futuro chegou e j\u00e1 est\u00e1 na sala de aula - Educa\u00e7\u00e3o em Pauta: Portal de reportagens de Educa\u00e7\u00e3o","isPartOf":{"@id":"https:\/\/sinepe-rs.org.br\/educacaoempauta\/#website"},"primaryImageOfPage":{"@id":"https:\/\/sinepe-rs.org.br\/educacaoempauta\/inspire-se\/o-futuro-chegou-e-ja-esta-na-sala-de-aula\/#primaryimage"},"image":{"@id":"https:\/\/sinepe-rs.org.br\/educacaoempauta\/inspire-se\/o-futuro-chegou-e-ja-esta-na-sala-de-aula\/#primaryimage"},"thumbnailUrl":"https:\/\/sinepe-rs.org.br\/educacaoempauta\/wp-content\/uploads\/2025\/07\/501_sinepers_padrinho_salamakeregamificacao.jpg","datePublished":"2025-07-08T10:17:00+00:00","dateModified":"2025-07-22T11:21:43+00:00","author":{"@id":"https:\/\/sinepe-rs.org.br\/educacaoempauta\/#\/schema\/person\/a9bb8c61d5b098df16c34ec9d7154a99"},"description":"Escolas intensificam uso de plataformas digitais e espa\u00e7os dedicados \u00e0 rob\u00f3tica, pensamento computacional e cultura criativa","breadcrumb":{"@id":"https:\/\/sinepe-rs.org.br\/educacaoempauta\/inspire-se\/o-futuro-chegou-e-ja-esta-na-sala-de-aula\/#breadcrumb"},"inLanguage":"pt-BR","potentialAction":[{"@type":"ReadAction","target":["https:\/\/sinepe-rs.org.br\/educacaoempauta\/inspire-se\/o-futuro-chegou-e-ja-esta-na-sala-de-aula\/"]}]},{"@type":"ImageObject","inLanguage":"pt-BR","@id":"https:\/\/sinepe-rs.org.br\/educacaoempauta\/inspire-se\/o-futuro-chegou-e-ja-esta-na-sala-de-aula\/#primaryimage","url":"https:\/\/sinepe-rs.org.br\/educacaoempauta\/wp-content\/uploads\/2025\/07\/501_sinepers_padrinho_salamakeregamificacao.jpg","contentUrl":"https:\/\/sinepe-rs.org.br\/educacaoempauta\/wp-content\/uploads\/2025\/07\/501_sinepers_padrinho_salamakeregamificacao.jpg","width":1366,"height":450,"caption":"O futuro chegou e j\u00e1 est\u00e1 na sala de aula"},{"@type":"BreadcrumbList","@id":"https:\/\/sinepe-rs.org.br\/educacaoempauta\/inspire-se\/o-futuro-chegou-e-ja-esta-na-sala-de-aula\/#breadcrumb","itemListElement":[{"@type":"ListItem","position":1,"name":"Home","item":"https:\/\/sinepe-rs.org.br\/educacaoempauta\/"},{"@type":"ListItem","position":2,"name":"O futuro chegou e j\u00e1 est\u00e1 na sala de aula"}]},{"@type":"WebSite","@id":"https:\/\/sinepe-rs.org.br\/educacaoempauta\/#website","url":"https:\/\/sinepe-rs.org.br\/educacaoempauta\/","name":"Educa\u00e7\u00e3o em Pauta: Portal de reportagens de Educa\u00e7\u00e3o","description":"Sinepe-RS","potentialAction":[{"@type":"SearchAction","target":{"@type":"EntryPoint","urlTemplate":"https:\/\/sinepe-rs.org.br\/educacaoempauta\/?s={search_term_string}"},"query-input":{"@type":"PropertyValueSpecification","valueRequired":true,"valueName":"search_term_string"}}],"inLanguage":"pt-BR"},{"@type":"Person","@id":"https:\/\/sinepe-rs.org.br\/educacaoempauta\/#\/schema\/person\/a9bb8c61d5b098df16c34ec9d7154a99","name":"Eduardo Wolff","image":{"@type":"ImageObject","inLanguage":"pt-BR","@id":"https:\/\/sinepe-rs.org.br\/educacaoempauta\/#\/schema\/person\/image\/","url":"https:\/\/secure.gravatar.com\/avatar\/dc93e7510d4af8ae2514871724e1fbe69e43cadf2bc69fa120c919f4a599d7ca?s=96&d=mm&r=g","contentUrl":"https:\/\/secure.gravatar.com\/avatar\/dc93e7510d4af8ae2514871724e1fbe69e43cadf2bc69fa120c919f4a599d7ca?s=96&d=mm&r=g","caption":"Eduardo Wolff"},"url":"https:\/\/sinepe-rs.org.br\/educacaoempauta\/author\/eduardo\/"}]}},"_links":{"self":[{"href":"https:\/\/sinepe-rs.org.br\/educacaoempauta\/wp-json\/wp\/v2\/posts\/6398","targetHints":{"allow":["GET"]}}],"collection":[{"href":"https:\/\/sinepe-rs.org.br\/educacaoempauta\/wp-json\/wp\/v2\/posts"}],"about":[{"href":"https:\/\/sinepe-rs.org.br\/educacaoempauta\/wp-json\/wp\/v2\/types\/post"}],"author":[{"embeddable":true,"href":"https:\/\/sinepe-rs.org.br\/educacaoempauta\/wp-json\/wp\/v2\/users\/4"}],"replies":[{"embeddable":true,"href":"https:\/\/sinepe-rs.org.br\/educacaoempauta\/wp-json\/wp\/v2\/comments?post=6398"}],"version-history":[{"count":19,"href":"https:\/\/sinepe-rs.org.br\/educacaoempauta\/wp-json\/wp\/v2\/posts\/6398\/revisions"}],"predecessor-version":[{"id":6511,"href":"https:\/\/sinepe-rs.org.br\/educacaoempauta\/wp-json\/wp\/v2\/posts\/6398\/revisions\/6511"}],"wp:featuredmedia":[{"embeddable":true,"href":"https:\/\/sinepe-rs.org.br\/educacaoempauta\/wp-json\/wp\/v2\/media\/6411"}],"wp:attachment":[{"href":"https:\/\/sinepe-rs.org.br\/educacaoempauta\/wp-json\/wp\/v2\/media?parent=6398"}],"wp:term":[{"taxonomy":"category","embeddable":true,"href":"https:\/\/sinepe-rs.org.br\/educacaoempauta\/wp-json\/wp\/v2\/categories?post=6398"},{"taxonomy":"post_tag","embeddable":true,"href":"https:\/\/sinepe-rs.org.br\/educacaoempauta\/wp-json\/wp\/v2\/tags?post=6398"}],"curies":[{"name":"wp","href":"https:\/\/api.w.org\/{rel}","templated":true}]}}