{"id":6691,"date":"2025-09-09T07:05:00","date_gmt":"2025-09-09T10:05:00","guid":{"rendered":"https:\/\/sinepe-rs.org.br\/educacaoempauta\/?p=6691"},"modified":"2025-09-23T09:10:57","modified_gmt":"2025-09-23T12:10:57","slug":"artes-visuais-despertam-olhar-critico-e-imaginacao-nas-escolas","status":"publish","type":"post","link":"https:\/\/sinepe-rs.org.br\/educacaoempauta\/pedagogico\/artes-visuais-despertam-olhar-critico-e-imaginacao-nas-escolas\/","title":{"rendered":"Artes visuais despertam olhar cr\u00edtico e imagina\u00e7\u00e3o nas escolas"},"content":{"rendered":"\n<p>Muito al\u00e9m do ensino de cores e formas, <mark style=\"background-color:#ff6900\" class=\"has-inline-color\">as artes visuais s\u00e3o fundamentais nas escolas para desenvolver o olhar cr\u00edtico, ampliar repert\u00f3rios culturais e estimular a criatividade dos estudantes<\/mark>. Para que isso seja efetivo, contudo, \u00e9 imprescind\u00edvel integrar o componente curricular uma das linguagens da Arte, conforme previsto na Base Nacional Comum Curricular (BNCC), de forma org\u00e2nica, promovendo inclus\u00e3o, sensibilidade e um aprendizado que dialoga com as demais linguagens: artes visuais, dan\u00e7a, m\u00fasica, teatro e demais componentes. E isso come\u00e7a pela forma\u00e7\u00e3o dos professores.<br><br>Professora da Licenciatura em Artes Visuais da Universidade Federal do Rio Grande do Sul (UFRGS), Aline Nunes da Rosa aponta que propor essa abordagem da linguagem das artes visuais na Educa\u00e7\u00e3o B\u00e1sica de forma transversal \u00e9 interessante, mas pode ser problem\u00e1tica, visto que muitas institui\u00e7\u00f5es n\u00e3o contam com profissionais com forma\u00e7\u00e3o adequada.<br><br>\u201c\u00c9 essencial demarcar o lugar do componente curricular de arte dentro do curr\u00edculo escolar, j\u00e1 que muitas vezes ela \u00e9 considerada menos importante na proposta de algumas institui\u00e7\u00f5es\u201d, explica.<br><br>Coordenadora do projeto de pesquisa Nomadismos, que aborda estudos e pr\u00e1ticas que envolvem arte e educa\u00e7\u00e3o, a professora e artista tamb\u00e9m ministra a disciplina Introdu\u00e7\u00e3o ao Ensino das Artes Visuais, do primeiro semestre da UFRGS. A mat\u00e9ria foca em conceber a educa\u00e7\u00e3o art\u00edstica n\u00e3o como uma replica\u00e7\u00e3o de t\u00e9cnicas junto aos alunos, mas <mark style=\"background-color:#ff6900\" class=\"has-inline-color\">como um meio de sensibiliza\u00e7\u00e3o, aprendizagem dessas t\u00e9cnicas e compreens\u00e3o cr\u00edtica do mundo<\/mark>. Assim, quando os futuros professores chegarem \u00e0s escolas, poder\u00e3o usar o conhecimento adquirido para ampliar e diversificar o repert\u00f3rio visual dos estudantes, especialmente desta \u201cgera\u00e7\u00e3o imersa nas telas e que acaba tendo acesso a est\u00e9ticas restritas\u201d.<\/p>\n\n\n\n<p>\u201cEmbora as redes sociais apresentem novos artistas, \u00e9 crucial que os futuros professores busquem outras bases de pesquisa para nutrir sua cria\u00e7\u00e3o e expandir seus horizontes, incluindo artes de cunho decolonial, amer\u00edndias e afro-brasileiras\u201d, orienta Aline, que coordena, dentro do N\u00facleo de Artes Visuais da universidade, o Programa Institucional de Bolsas de Inicia\u00e7\u00e3o \u00e0 Doc\u00eancia (PIBID).<\/p>\n\n\n\n<p>Com acad\u00eamicos cada vez mais jovens chegando ao curso, Aline destaca que a iniciativa fortalece o conhecimento dos estudantes e os incentiva a ocupar o espa\u00e7o da escola, entendendo a import\u00e2ncia das artes na educa\u00e7\u00e3o b\u00e1sica, especialmente em um cen\u00e1rio de baixa procura por licenciaturas, como o que vive o Brasil.<\/p>\n\n\n\n<p>Para a professora, a arte permite a abertura para o impensado e o inimagin\u00e1vel, um lugar de liberdade que expande o sujeito no mundo, e as institui\u00e7\u00f5es devem ter isso em mente ao elaborarem seus curr\u00edculos.<\/p>\n\n\n\n<figure class=\"wp-block-image size-large\"><img loading=\"lazy\" decoding=\"async\" width=\"1024\" height=\"705\" src=\"https:\/\/sinepe-rs.org.br\/educacaoempauta\/wp-content\/uploads\/2025\/09\/INFO520_ArtesVisuaisNaEducacao_V2_SINPEPERS_Padrinho--1024x705.jpg\" alt=\"\" class=\"wp-image-6694\" srcset=\"https:\/\/sinepe-rs.org.br\/educacaoempauta\/wp-content\/uploads\/2025\/09\/INFO520_ArtesVisuaisNaEducacao_V2_SINPEPERS_Padrinho--1024x705.jpg 1024w, https:\/\/sinepe-rs.org.br\/educacaoempauta\/wp-content\/uploads\/2025\/09\/INFO520_ArtesVisuaisNaEducacao_V2_SINPEPERS_Padrinho--300x207.jpg 300w, https:\/\/sinepe-rs.org.br\/educacaoempauta\/wp-content\/uploads\/2025\/09\/INFO520_ArtesVisuaisNaEducacao_V2_SINPEPERS_Padrinho--768x529.jpg 768w, https:\/\/sinepe-rs.org.br\/educacaoempauta\/wp-content\/uploads\/2025\/09\/INFO520_ArtesVisuaisNaEducacao_V2_SINPEPERS_Padrinho-.jpg 1073w\" sizes=\"auto, (max-width: 1024px) 100vw, 1024px\" \/><\/figure>\n\n\n\n<p><mark style=\"background-color:#fcb900\" class=\"has-inline-color\"><strong>Leia tamb\u00e9m:<br>>> <\/strong><a href=\"https:\/\/sinepe-rs.org.br\/educacaoempauta\/pedagogico\/musica-como-instrumento-para-aprender-incluir-e-transformar\/\" target=\"_blank\" rel=\"noreferrer noopener\"><strong>M\u00fasica como instrumento para aprender, incluir e transformar<\/strong><br><\/a><strong>>> <\/strong><a href=\"https:\/\/sinepe-rs.org.br\/educacaoempauta\/pedagogico\/quando-as-historias-em-quadrinhos-encontram-a-educacao\/\" target=\"_blank\" rel=\"noreferrer noopener\"><strong>Quando as Hist\u00f3rias em Quadrinhos encontram a educa\u00e7\u00e3o<\/strong><br><\/a><strong>>><\/strong> <a href=\"https:\/\/sinepe-rs.org.br\/educacaoempauta\/pedagogico\/a-potencia-transformadora-do-uso-do-cinema-em-sala-de-aula\/\" target=\"_blank\" rel=\"noreferrer noopener\"><strong>A pot\u00eancia transformadora do uso do cinema em sala de aula<\/strong><\/a><\/mark><a href=\"https:\/\/sinepe-rs.org.br\/educacaoempauta\/pedagogico\/a-potencia-transformadora-do-uso-do-cinema-em-sala-de-aula\/\"><br><\/a><\/p>\n\n\n\n<h2 class=\"wp-block-heading has-medium-font-size\"><strong>Ferramenta para a sensibilidade<\/strong><\/h2>\n\n\n\n<p>Artista e professora do Col\u00e9gio de Aplica\u00e7\u00e3o da UFRGS, Fernanda Bulegon Gassen acredita que as compet\u00eancias exigidas pela Base Nacional Comum Curricular (BNCC) para os professores de arte v\u00e3o passar por transforma\u00e7\u00f5es, especialmente em termos de complexidade. Ela explica que cada etapa do processo de ensino apresenta uma expectativa e uma express\u00e3o espec\u00edfica, e que <mark style=\"background-color:#ff6900\" class=\"has-inline-color\">as propostas que envolvem observa\u00e7\u00e3o, reflex\u00e3o e elabora\u00e7\u00e3o pr\u00e1tica v\u00e3o aos poucos aproximando os alunos de como se constituiu um processo criativo, bem como fornecem ferramentas sens\u00edveis para entender como as obras de arte se colocam na sociedade<\/mark>.<\/p>\n\n\n\n<p>&#8220;Quando os estudantes s\u00e3o inclu\u00eddos em processos de estudo e cria\u00e7\u00e3o em arte desde os primeiros anos do Ensino Fundamental, as camadas cumulativas dessas experi\u00eancias n\u00e3o se dissipam&#8221;, afirma.<\/p>\n\n\n\n<p>A sensibilidade e a percep\u00e7\u00e3o est\u00e9tica, embora subjetivas, s\u00e3o fundamentais para a compreens\u00e3o do mundo, e as artes visuais podem ser uma ferramenta poderosa nesse desenvolvimento. Fernanda relata sua experi\u00eancia em um projeto integrado com professoras de m\u00fasica e teatro, onde a colabora\u00e7\u00e3o foi a palavra-chave.<\/p>\n\n\n\n<p>&#8220;Naquele contexto, fomos compreendendo que viver uma experi\u00eancia criativa coletiva, a constru\u00e7\u00e3o de um repert\u00f3rio, e colocar os alunos no interior de um processo criativo, compondo desde a ideia at\u00e9 o momento de colocar um objeto ou acontecimento no mundo, que ainda n\u00e3o existia, \u00e9 uma forma de ser ferramenta&#8221;, explica.<\/p>\n\n\n\n<p>Diante da crescente presen\u00e7a das tecnologias digitais dentro das escolas e na pr\u00f3pria vida dos educandos, surge o desafio de incorpor\u00e1-las ao ensino de artes visuais sem perder a ess\u00eancia da experi\u00eancia &#8220;m\u00e3o na massa&#8221;. Para a professora, essas ferramentas tecnol\u00f3gicas podem integrar planejamentos de aula e podem ter o mesmo espa\u00e7o que outras manifesta\u00e7\u00f5es ou t\u00e9cnicas. No entanto, ela alerta que <mark style=\"background-color:#ff6900\" class=\"has-inline-color\">a tecnologia precisa de forma\u00e7\u00e3o, estrutura f\u00edsica, e contextualiza\u00e7\u00e3o para ser implementada<\/mark> dentro do componente curricular de arte.<\/p>\n\n\n\n<p>&#8220;A experi\u00eancia de fazer no espa\u00e7o real \u00e9 essencial. Conseguir criar um objeto novo no mundo, com uma ideia, um papel e um l\u00e1pis, \u00e9 poderos\u00edssimo, e n\u00f3s, como professores, presenciamos isso&#8221;.<\/p>\n\n\n\n<p>Com tantos desafios trazidos por quem escolhe o ensino de artes como carreira, Fernanda argumenta que o espa\u00e7o educacional, muitas vezes, reflete o que artistas vivenciam em rela\u00e7\u00e3o \u00e0 valoriza\u00e7\u00e3o da cultura dentro da nossa sociedade. Apesar disso, a professora mant\u00e9m o foco no trabalho em sala de aula.<\/p>\n\n\n\n<p>\u201cEsse trabalho acontece formando seres abertos para as experi\u00eancias sens\u00edveis, com olhar em perspectiva, dando espa\u00e7o para a subjetividade dos estudantes&#8221;, sinaliza.<\/p>\n\n\n\n<h2 class=\"wp-block-heading has-medium-font-size\"><strong>Arte como linguagem essencial<\/strong><\/h2>\n\n\n\n<p>Diante desses apontamentos, as artes visuais, quando presentes de forma estruturada e sens\u00edvel no curr\u00edculo escolar, abrem caminhos para que os estudantes desenvolvam criatividade, pensamento cr\u00edtico e novas formas de express\u00e3o.&nbsp;<\/p>\n\n\n\n<p>Mais do que t\u00e9cnica, elas convidam ao olhar atento para o mundo e ao reconhecimento da diversidade cultural. Cabe \u00e0s institui\u00e7\u00f5es de ensino e aos educadores proporcionar esse espa\u00e7o, valorizando a arte como parte essencial da forma\u00e7\u00e3o humana. No final das contas, criar tamb\u00e9m \u00e9 aprender a existir com mais liberdade e sensibilidade.<\/p>\n\n\n\n<h2 class=\"wp-block-heading has-medium-font-size\"><br><strong>Confira 3 anima\u00e7\u00f5es que inspiram a cria\u00e7\u00e3o art\u00edstica:<\/strong><\/h2>\n\n\n\n<h3 class=\"wp-block-heading has-medium-font-size\"><br><strong>O menino e o mundo<\/strong><br><em>Dire\u00e7\u00e3o: Al\u00ea Abreu<\/em><\/h3>\n\n\n\n<div class=\"wp-block-media-text is-stacked-on-mobile\" style=\"grid-template-columns:25% auto\"><figure class=\"wp-block-media-text__media\"><img loading=\"lazy\" decoding=\"async\" width=\"686\" height=\"1024\" src=\"https:\/\/sinepe-rs.org.br\/educacaoempauta\/wp-content\/uploads\/2025\/09\/O-menino-e-o-mundo-1-686x1024.jpg\" alt=\"\" class=\"wp-image-6716 size-full\" srcset=\"https:\/\/sinepe-rs.org.br\/educacaoempauta\/wp-content\/uploads\/2025\/09\/O-menino-e-o-mundo-1-686x1024.jpg 686w, https:\/\/sinepe-rs.org.br\/educacaoempauta\/wp-content\/uploads\/2025\/09\/O-menino-e-o-mundo-1-201x300.jpg 201w, https:\/\/sinepe-rs.org.br\/educacaoempauta\/wp-content\/uploads\/2025\/09\/O-menino-e-o-mundo-1-768x1147.jpg 768w, https:\/\/sinepe-rs.org.br\/educacaoempauta\/wp-content\/uploads\/2025\/09\/O-menino-e-o-mundo-1-1029x1536.jpg 1029w, https:\/\/sinepe-rs.org.br\/educacaoempauta\/wp-content\/uploads\/2025\/09\/O-menino-e-o-mundo-1.jpg 1187w\" sizes=\"auto, (max-width: 686px) 100vw, 686px\" \/><\/figure><div class=\"wp-block-media-text__content\">\n<p>Explorando diferentes t\u00e9cnicas de anima\u00e7\u00e3o, a produ\u00e7\u00e3o brasileira conta a hist\u00f3ria de um menino em busca de seu pai. Com imagina\u00e7\u00e3o e criatividade, o filme \u00e9 um convite para pensar como um simples tra\u00e7o pode conter in\u00fameros significados. Dispon\u00edvel na plataforma <a href=\"https:\/\/globoplay.globo.com\/o-menino-e-o-mundo\/t\/pvqk1ZwjkF\/?origemId=91698\" target=\"_blank\" rel=\"noreferrer noopener\">Globoplay<\/a>.<\/p>\n<\/div><\/div>\n\n\n\n<h3 class=\"wp-block-heading has-medium-font-size\"><br><br><br><strong>Yellow Submarine<\/strong><br><em>Dire\u00e7\u00e3o: George Dunning<\/em><\/h3>\n\n\n\n<div class=\"wp-block-media-text is-stacked-on-mobile\" style=\"grid-template-columns:24% auto\"><figure class=\"wp-block-media-text__media\"><img loading=\"lazy\" decoding=\"async\" width=\"691\" height=\"1024\" src=\"https:\/\/sinepe-rs.org.br\/educacaoempauta\/wp-content\/uploads\/2025\/09\/yellow-submarine-1-691x1024.jpg\" alt=\"\" class=\"wp-image-6715 size-full\" srcset=\"https:\/\/sinepe-rs.org.br\/educacaoempauta\/wp-content\/uploads\/2025\/09\/yellow-submarine-1-691x1024.jpg 691w, https:\/\/sinepe-rs.org.br\/educacaoempauta\/wp-content\/uploads\/2025\/09\/yellow-submarine-1-203x300.jpg 203w, https:\/\/sinepe-rs.org.br\/educacaoempauta\/wp-content\/uploads\/2025\/09\/yellow-submarine-1-768x1138.jpg 768w, https:\/\/sinepe-rs.org.br\/educacaoempauta\/wp-content\/uploads\/2025\/09\/yellow-submarine-1-1037x1536.jpg 1037w, https:\/\/sinepe-rs.org.br\/educacaoempauta\/wp-content\/uploads\/2025\/09\/yellow-submarine-1-1382x2048.jpg 1382w, https:\/\/sinepe-rs.org.br\/educacaoempauta\/wp-content\/uploads\/2025\/09\/yellow-submarine-1-scaled.jpg 1728w\" sizes=\"auto, (max-width: 691px) 100vw, 691px\" \/><\/figure><div class=\"wp-block-media-text__content\">\n<p>Unindo as belas can\u00e7\u00f5es dos Beatles e um visual psicod\u00e9lico, o filme \u00e9 um convite para as possibilidades que as cores e formas podem trazer para o universo infantil. Divertido e repleto de cenas ic\u00f4nicas, pode ser um bom recurso para falar sobre artistas que transformaram a arte na d\u00e9cada de 1960. Dispon\u00edvel na plataforma <a href=\"https:\/\/tv.apple.com\/br\/movie\/yellow-submarine\/umc.cmc.66x1u0zuk1m6lt1m0zhteha2h?action=play\" target=\"_blank\" rel=\"noreferrer noopener\">Apple TV<\/a>.<\/p>\n<\/div><\/div>\n\n\n\n<h3 class=\"wp-block-heading has-medium-font-size\"><br><br><br><strong>Tarsilinha<\/strong><br><em>Dire\u00e7\u00e3o: C\u00e1tia Catunda e Kiko Mistrorigo<\/em><\/h3>\n\n\n\n<div class=\"wp-block-media-text is-stacked-on-mobile\" style=\"grid-template-columns:24% auto\"><figure class=\"wp-block-media-text__media\"><img loading=\"lazy\" decoding=\"async\" width=\"419\" height=\"625\" src=\"https:\/\/sinepe-rs.org.br\/educacaoempauta\/wp-content\/uploads\/2025\/09\/tarsilinha-1.jpg\" alt=\"\" class=\"wp-image-6714 size-full\" srcset=\"https:\/\/sinepe-rs.org.br\/educacaoempauta\/wp-content\/uploads\/2025\/09\/tarsilinha-1.jpg 419w, https:\/\/sinepe-rs.org.br\/educacaoempauta\/wp-content\/uploads\/2025\/09\/tarsilinha-1-201x300.jpg 201w\" sizes=\"auto, (max-width: 419px) 100vw, 419px\" \/><\/figure><div class=\"wp-block-media-text__content\">\n<p>Inspirados pela grande artista brasileira Tarsila do Amaral, a dupla de diretores experientes no universo infantil apresenta uma aventura de uma menina de 8 anos que, por meio de cores e formas, tenta recuperar a mem\u00f3ria de sua m\u00e3e em um mundo repleto de perigos e desafios. Dispon\u00edvel na plataforma <a href=\"https:\/\/www.primevideo.com\/dp\/amzn1.dv.gti.2b6d2116-4659-4bd4-85a5-627f449c79db?autoplay=0&amp;ref_=atv_cf_strg_wb\" target=\"_blank\" rel=\"noreferrer noopener\">Prime V\u00eddeo<\/a>.<\/p>\n<\/div><\/div>\n","protected":false},"excerpt":{"rendered":"<p>Com propostas que incentivam a frui\u00e7\u00e3o e a criatividade, linguagem deve estar presente no curr\u00edculo da Educa\u00e7\u00e3o B\u00e1sica<\/p>\n","protected":false},"author":4,"featured_media":6737,"comment_status":"closed","ping_status":"closed","sticky":false,"template":"","format":"standard","meta":{"footnotes":""},"categories":[6],"tags":[846,847,43],"class_list":["post-6691","post","type-post","status-publish","format-standard","has-post-thumbnail","hentry","category-pedagogico","tag-artes-visuais","tag-criatividade-nas-escolas","tag-sinepe-rs-2"],"acf":[],"yoast_head":"<!-- This site is optimized with the Yoast SEO plugin v24.6 - https:\/\/yoast.com\/wordpress\/plugins\/seo\/ -->\n<title>Artes visuais despertam olhar cr\u00edtico e imagina\u00e7\u00e3o nas escolas - Educa\u00e7\u00e3o em Pauta: Portal de reportagens de Educa\u00e7\u00e3o<\/title>\n<meta name=\"description\" content=\"Com propostas que incentivam a frui\u00e7\u00e3o e a criatividade, linguagem deve estar presente no curr\u00edculo da Educa\u00e7\u00e3o B\u00e1sica\" \/>\n<meta name=\"robots\" content=\"index, follow, max-snippet:-1, max-image-preview:large, max-video-preview:-1\" \/>\n<link rel=\"canonical\" href=\"https:\/\/sinepe-rs.org.br\/educacaoempauta\/pedagogico\/artes-visuais-despertam-olhar-critico-e-imaginacao-nas-escolas\/\" \/>\n<meta property=\"og:locale\" content=\"pt_BR\" \/>\n<meta property=\"og:type\" content=\"article\" \/>\n<meta property=\"og:title\" content=\"Artes visuais despertam olhar cr\u00edtico e imagina\u00e7\u00e3o nas escolas - Educa\u00e7\u00e3o em Pauta: Portal de reportagens de Educa\u00e7\u00e3o\" \/>\n<meta property=\"og:description\" content=\"Com propostas que incentivam a frui\u00e7\u00e3o e a criatividade, linguagem deve estar presente no curr\u00edculo da Educa\u00e7\u00e3o B\u00e1sica\" \/>\n<meta property=\"og:url\" content=\"https:\/\/sinepe-rs.org.br\/educacaoempauta\/pedagogico\/artes-visuais-despertam-olhar-critico-e-imaginacao-nas-escolas\/\" \/>\n<meta property=\"og:site_name\" content=\"Educa\u00e7\u00e3o em Pauta: Portal de reportagens de Educa\u00e7\u00e3o\" \/>\n<meta property=\"article:published_time\" content=\"2025-09-09T10:05:00+00:00\" \/>\n<meta property=\"article:modified_time\" content=\"2025-09-23T12:10:57+00:00\" \/>\n<meta property=\"og:image\" content=\"https:\/\/sinepe-rs.org.br\/educacaoempauta\/wp-content\/uploads\/2025\/09\/520_sinepers_padrinho_artes_visuais.jpg\" \/>\n\t<meta property=\"og:image:width\" content=\"1366\" \/>\n\t<meta property=\"og:image:height\" content=\"450\" \/>\n\t<meta property=\"og:image:type\" content=\"image\/jpeg\" \/>\n<meta name=\"author\" content=\"Eduardo Wolff\" \/>\n<meta name=\"twitter:card\" content=\"summary_large_image\" \/>\n<meta name=\"twitter:label1\" content=\"Escrito por\" \/>\n\t<meta name=\"twitter:data1\" content=\"Eduardo Wolff\" \/>\n\t<meta name=\"twitter:label2\" content=\"Est. tempo de leitura\" \/>\n\t<meta name=\"twitter:data2\" content=\"8 minutos\" \/>\n<script type=\"application\/ld+json\" class=\"yoast-schema-graph\">{\"@context\":\"https:\/\/schema.org\",\"@graph\":[{\"@type\":\"WebPage\",\"@id\":\"https:\/\/sinepe-rs.org.br\/educacaoempauta\/pedagogico\/artes-visuais-despertam-olhar-critico-e-imaginacao-nas-escolas\/\",\"url\":\"https:\/\/sinepe-rs.org.br\/educacaoempauta\/pedagogico\/artes-visuais-despertam-olhar-critico-e-imaginacao-nas-escolas\/\",\"name\":\"Artes visuais despertam olhar cr\u00edtico e imagina\u00e7\u00e3o nas escolas - Educa\u00e7\u00e3o em Pauta: Portal de reportagens de Educa\u00e7\u00e3o\",\"isPartOf\":{\"@id\":\"https:\/\/sinepe-rs.org.br\/educacaoempauta\/#website\"},\"primaryImageOfPage\":{\"@id\":\"https:\/\/sinepe-rs.org.br\/educacaoempauta\/pedagogico\/artes-visuais-despertam-olhar-critico-e-imaginacao-nas-escolas\/#primaryimage\"},\"image\":{\"@id\":\"https:\/\/sinepe-rs.org.br\/educacaoempauta\/pedagogico\/artes-visuais-despertam-olhar-critico-e-imaginacao-nas-escolas\/#primaryimage\"},\"thumbnailUrl\":\"https:\/\/sinepe-rs.org.br\/educacaoempauta\/wp-content\/uploads\/2025\/09\/520_sinepers_padrinho_artes_visuais.jpg\",\"datePublished\":\"2025-09-09T10:05:00+00:00\",\"dateModified\":\"2025-09-23T12:10:57+00:00\",\"author\":{\"@id\":\"https:\/\/sinepe-rs.org.br\/educacaoempauta\/#\/schema\/person\/a9bb8c61d5b098df16c34ec9d7154a99\"},\"description\":\"Com propostas que incentivam a frui\u00e7\u00e3o e a criatividade, linguagem deve estar presente no curr\u00edculo da Educa\u00e7\u00e3o B\u00e1sica\",\"breadcrumb\":{\"@id\":\"https:\/\/sinepe-rs.org.br\/educacaoempauta\/pedagogico\/artes-visuais-despertam-olhar-critico-e-imaginacao-nas-escolas\/#breadcrumb\"},\"inLanguage\":\"pt-BR\",\"potentialAction\":[{\"@type\":\"ReadAction\",\"target\":[\"https:\/\/sinepe-rs.org.br\/educacaoempauta\/pedagogico\/artes-visuais-despertam-olhar-critico-e-imaginacao-nas-escolas\/\"]}]},{\"@type\":\"ImageObject\",\"inLanguage\":\"pt-BR\",\"@id\":\"https:\/\/sinepe-rs.org.br\/educacaoempauta\/pedagogico\/artes-visuais-despertam-olhar-critico-e-imaginacao-nas-escolas\/#primaryimage\",\"url\":\"https:\/\/sinepe-rs.org.br\/educacaoempauta\/wp-content\/uploads\/2025\/09\/520_sinepers_padrinho_artes_visuais.jpg\",\"contentUrl\":\"https:\/\/sinepe-rs.org.br\/educacaoempauta\/wp-content\/uploads\/2025\/09\/520_sinepers_padrinho_artes_visuais.jpg\",\"width\":1366,\"height\":450,\"caption\":\"Artes visuais despertam olhar cr\u00edtico e imagina\u00e7\u00e3o nas escolas\"},{\"@type\":\"BreadcrumbList\",\"@id\":\"https:\/\/sinepe-rs.org.br\/educacaoempauta\/pedagogico\/artes-visuais-despertam-olhar-critico-e-imaginacao-nas-escolas\/#breadcrumb\",\"itemListElement\":[{\"@type\":\"ListItem\",\"position\":1,\"name\":\"Home\",\"item\":\"https:\/\/sinepe-rs.org.br\/educacaoempauta\/\"},{\"@type\":\"ListItem\",\"position\":2,\"name\":\"Artes visuais despertam olhar cr\u00edtico e imagina\u00e7\u00e3o nas escolas\"}]},{\"@type\":\"WebSite\",\"@id\":\"https:\/\/sinepe-rs.org.br\/educacaoempauta\/#website\",\"url\":\"https:\/\/sinepe-rs.org.br\/educacaoempauta\/\",\"name\":\"Educa\u00e7\u00e3o em Pauta: Portal de reportagens de Educa\u00e7\u00e3o\",\"description\":\"Sinepe-RS\",\"potentialAction\":[{\"@type\":\"SearchAction\",\"target\":{\"@type\":\"EntryPoint\",\"urlTemplate\":\"https:\/\/sinepe-rs.org.br\/educacaoempauta\/?s={search_term_string}\"},\"query-input\":{\"@type\":\"PropertyValueSpecification\",\"valueRequired\":true,\"valueName\":\"search_term_string\"}}],\"inLanguage\":\"pt-BR\"},{\"@type\":\"Person\",\"@id\":\"https:\/\/sinepe-rs.org.br\/educacaoempauta\/#\/schema\/person\/a9bb8c61d5b098df16c34ec9d7154a99\",\"name\":\"Eduardo Wolff\",\"image\":{\"@type\":\"ImageObject\",\"inLanguage\":\"pt-BR\",\"@id\":\"https:\/\/sinepe-rs.org.br\/educacaoempauta\/#\/schema\/person\/image\/\",\"url\":\"https:\/\/secure.gravatar.com\/avatar\/dc93e7510d4af8ae2514871724e1fbe69e43cadf2bc69fa120c919f4a599d7ca?s=96&d=mm&r=g\",\"contentUrl\":\"https:\/\/secure.gravatar.com\/avatar\/dc93e7510d4af8ae2514871724e1fbe69e43cadf2bc69fa120c919f4a599d7ca?s=96&d=mm&r=g\",\"caption\":\"Eduardo Wolff\"},\"url\":\"https:\/\/sinepe-rs.org.br\/educacaoempauta\/author\/eduardo\/\"}]}<\/script>\n<!-- \/ Yoast SEO plugin. -->","yoast_head_json":{"title":"Artes visuais despertam olhar cr\u00edtico e imagina\u00e7\u00e3o nas escolas - Educa\u00e7\u00e3o em Pauta: Portal de reportagens de Educa\u00e7\u00e3o","description":"Com propostas que incentivam a frui\u00e7\u00e3o e a criatividade, linguagem deve estar presente no curr\u00edculo da Educa\u00e7\u00e3o B\u00e1sica","robots":{"index":"index","follow":"follow","max-snippet":"max-snippet:-1","max-image-preview":"max-image-preview:large","max-video-preview":"max-video-preview:-1"},"canonical":"https:\/\/sinepe-rs.org.br\/educacaoempauta\/pedagogico\/artes-visuais-despertam-olhar-critico-e-imaginacao-nas-escolas\/","og_locale":"pt_BR","og_type":"article","og_title":"Artes visuais despertam olhar cr\u00edtico e imagina\u00e7\u00e3o nas escolas - Educa\u00e7\u00e3o em Pauta: Portal de reportagens de Educa\u00e7\u00e3o","og_description":"Com propostas que incentivam a frui\u00e7\u00e3o e a criatividade, linguagem deve estar presente no curr\u00edculo da Educa\u00e7\u00e3o B\u00e1sica","og_url":"https:\/\/sinepe-rs.org.br\/educacaoempauta\/pedagogico\/artes-visuais-despertam-olhar-critico-e-imaginacao-nas-escolas\/","og_site_name":"Educa\u00e7\u00e3o em Pauta: Portal de reportagens de Educa\u00e7\u00e3o","article_published_time":"2025-09-09T10:05:00+00:00","article_modified_time":"2025-09-23T12:10:57+00:00","og_image":[{"width":1366,"height":450,"url":"https:\/\/sinepe-rs.org.br\/educacaoempauta\/wp-content\/uploads\/2025\/09\/520_sinepers_padrinho_artes_visuais.jpg","type":"image\/jpeg"}],"author":"Eduardo Wolff","twitter_card":"summary_large_image","twitter_misc":{"Escrito por":"Eduardo Wolff","Est. tempo de leitura":"8 minutos"},"schema":{"@context":"https:\/\/schema.org","@graph":[{"@type":"WebPage","@id":"https:\/\/sinepe-rs.org.br\/educacaoempauta\/pedagogico\/artes-visuais-despertam-olhar-critico-e-imaginacao-nas-escolas\/","url":"https:\/\/sinepe-rs.org.br\/educacaoempauta\/pedagogico\/artes-visuais-despertam-olhar-critico-e-imaginacao-nas-escolas\/","name":"Artes visuais despertam olhar cr\u00edtico e imagina\u00e7\u00e3o nas escolas - Educa\u00e7\u00e3o em Pauta: Portal de reportagens de Educa\u00e7\u00e3o","isPartOf":{"@id":"https:\/\/sinepe-rs.org.br\/educacaoempauta\/#website"},"primaryImageOfPage":{"@id":"https:\/\/sinepe-rs.org.br\/educacaoempauta\/pedagogico\/artes-visuais-despertam-olhar-critico-e-imaginacao-nas-escolas\/#primaryimage"},"image":{"@id":"https:\/\/sinepe-rs.org.br\/educacaoempauta\/pedagogico\/artes-visuais-despertam-olhar-critico-e-imaginacao-nas-escolas\/#primaryimage"},"thumbnailUrl":"https:\/\/sinepe-rs.org.br\/educacaoempauta\/wp-content\/uploads\/2025\/09\/520_sinepers_padrinho_artes_visuais.jpg","datePublished":"2025-09-09T10:05:00+00:00","dateModified":"2025-09-23T12:10:57+00:00","author":{"@id":"https:\/\/sinepe-rs.org.br\/educacaoempauta\/#\/schema\/person\/a9bb8c61d5b098df16c34ec9d7154a99"},"description":"Com propostas que incentivam a frui\u00e7\u00e3o e a criatividade, linguagem deve estar presente no curr\u00edculo da Educa\u00e7\u00e3o B\u00e1sica","breadcrumb":{"@id":"https:\/\/sinepe-rs.org.br\/educacaoempauta\/pedagogico\/artes-visuais-despertam-olhar-critico-e-imaginacao-nas-escolas\/#breadcrumb"},"inLanguage":"pt-BR","potentialAction":[{"@type":"ReadAction","target":["https:\/\/sinepe-rs.org.br\/educacaoempauta\/pedagogico\/artes-visuais-despertam-olhar-critico-e-imaginacao-nas-escolas\/"]}]},{"@type":"ImageObject","inLanguage":"pt-BR","@id":"https:\/\/sinepe-rs.org.br\/educacaoempauta\/pedagogico\/artes-visuais-despertam-olhar-critico-e-imaginacao-nas-escolas\/#primaryimage","url":"https:\/\/sinepe-rs.org.br\/educacaoempauta\/wp-content\/uploads\/2025\/09\/520_sinepers_padrinho_artes_visuais.jpg","contentUrl":"https:\/\/sinepe-rs.org.br\/educacaoempauta\/wp-content\/uploads\/2025\/09\/520_sinepers_padrinho_artes_visuais.jpg","width":1366,"height":450,"caption":"Artes visuais despertam olhar cr\u00edtico e imagina\u00e7\u00e3o nas escolas"},{"@type":"BreadcrumbList","@id":"https:\/\/sinepe-rs.org.br\/educacaoempauta\/pedagogico\/artes-visuais-despertam-olhar-critico-e-imaginacao-nas-escolas\/#breadcrumb","itemListElement":[{"@type":"ListItem","position":1,"name":"Home","item":"https:\/\/sinepe-rs.org.br\/educacaoempauta\/"},{"@type":"ListItem","position":2,"name":"Artes visuais despertam olhar cr\u00edtico e imagina\u00e7\u00e3o nas escolas"}]},{"@type":"WebSite","@id":"https:\/\/sinepe-rs.org.br\/educacaoempauta\/#website","url":"https:\/\/sinepe-rs.org.br\/educacaoempauta\/","name":"Educa\u00e7\u00e3o em Pauta: Portal de reportagens de Educa\u00e7\u00e3o","description":"Sinepe-RS","potentialAction":[{"@type":"SearchAction","target":{"@type":"EntryPoint","urlTemplate":"https:\/\/sinepe-rs.org.br\/educacaoempauta\/?s={search_term_string}"},"query-input":{"@type":"PropertyValueSpecification","valueRequired":true,"valueName":"search_term_string"}}],"inLanguage":"pt-BR"},{"@type":"Person","@id":"https:\/\/sinepe-rs.org.br\/educacaoempauta\/#\/schema\/person\/a9bb8c61d5b098df16c34ec9d7154a99","name":"Eduardo Wolff","image":{"@type":"ImageObject","inLanguage":"pt-BR","@id":"https:\/\/sinepe-rs.org.br\/educacaoempauta\/#\/schema\/person\/image\/","url":"https:\/\/secure.gravatar.com\/avatar\/dc93e7510d4af8ae2514871724e1fbe69e43cadf2bc69fa120c919f4a599d7ca?s=96&d=mm&r=g","contentUrl":"https:\/\/secure.gravatar.com\/avatar\/dc93e7510d4af8ae2514871724e1fbe69e43cadf2bc69fa120c919f4a599d7ca?s=96&d=mm&r=g","caption":"Eduardo Wolff"},"url":"https:\/\/sinepe-rs.org.br\/educacaoempauta\/author\/eduardo\/"}]}},"_links":{"self":[{"href":"https:\/\/sinepe-rs.org.br\/educacaoempauta\/wp-json\/wp\/v2\/posts\/6691","targetHints":{"allow":["GET"]}}],"collection":[{"href":"https:\/\/sinepe-rs.org.br\/educacaoempauta\/wp-json\/wp\/v2\/posts"}],"about":[{"href":"https:\/\/sinepe-rs.org.br\/educacaoempauta\/wp-json\/wp\/v2\/types\/post"}],"author":[{"embeddable":true,"href":"https:\/\/sinepe-rs.org.br\/educacaoempauta\/wp-json\/wp\/v2\/users\/4"}],"replies":[{"embeddable":true,"href":"https:\/\/sinepe-rs.org.br\/educacaoempauta\/wp-json\/wp\/v2\/comments?post=6691"}],"version-history":[{"count":50,"href":"https:\/\/sinepe-rs.org.br\/educacaoempauta\/wp-json\/wp\/v2\/posts\/6691\/revisions"}],"predecessor-version":[{"id":6873,"href":"https:\/\/sinepe-rs.org.br\/educacaoempauta\/wp-json\/wp\/v2\/posts\/6691\/revisions\/6873"}],"wp:featuredmedia":[{"embeddable":true,"href":"https:\/\/sinepe-rs.org.br\/educacaoempauta\/wp-json\/wp\/v2\/media\/6737"}],"wp:attachment":[{"href":"https:\/\/sinepe-rs.org.br\/educacaoempauta\/wp-json\/wp\/v2\/media?parent=6691"}],"wp:term":[{"taxonomy":"category","embeddable":true,"href":"https:\/\/sinepe-rs.org.br\/educacaoempauta\/wp-json\/wp\/v2\/categories?post=6691"},{"taxonomy":"post_tag","embeddable":true,"href":"https:\/\/sinepe-rs.org.br\/educacaoempauta\/wp-json\/wp\/v2\/tags?post=6691"}],"curies":[{"name":"wp","href":"https:\/\/api.w.org\/{rel}","templated":true}]}}