{"id":6957,"date":"2025-10-07T07:02:00","date_gmt":"2025-10-07T10:02:00","guid":{"rendered":"https:\/\/sinepe-rs.org.br\/educacaoempauta\/?p=6957"},"modified":"2025-10-21T08:38:47","modified_gmt":"2025-10-21T11:38:47","slug":"escolas-mineiras-servem-de-inspiracao-em-missao-educacional-do-rs","status":"publish","type":"post","link":"https:\/\/sinepe-rs.org.br\/educacaoempauta\/sem-categoria\/escolas-mineiras-servem-de-inspiracao-em-missao-educacional-do-rs\/","title":{"rendered":"Escolas mineiras servem de inspira\u00e7\u00e3o em miss\u00e3o educacional do RS"},"content":{"rendered":"\n<p>\u201cA boa educa\u00e7\u00e3o \u00e9 moeda de ouro. Em toda parte, tem valor.\u201d A frase do fil\u00f3sofo e escritor padre Ant\u00f4nio Vieira ilustra o objetivo da Miss\u00e3o Educacional SINEPE\/RS, que esteve em Belo Horizonte (MG), de 10 a 12 de setembro, visitando escolas de refer\u00eancia em busca de um bem precioso: as boas pr\u00e1ticas na educa\u00e7\u00e3o.<\/p>\n\n\n\n<p>O grupo de 20 gestores, liderado pelo presidente do SINEPE\/RS, Oswaldo Dalpiaz, visitou as seguintes escolas: Bernoulli Educa\u00e7\u00e3o, Marista Dom Silv\u00e9rio, Escola da Serra, Instituto Educacional Manoel Pinheiro e Col\u00e9gio Santa Dorot\u00e9ia. As institui\u00e7\u00f5es se destacam pela abordagem do projeto pedag\u00f3gico, pela infraestrutura, pela gest\u00e3o inovadora ou at\u00e9 mesmo pela combina\u00e7\u00e3o de todos esses fatores.&nbsp;<\/p>\n\n\n\n<p>Saiba mais sobre cada institui\u00e7\u00e3o de ensino visitada:<\/p>\n\n\n\n<h2 class=\"wp-block-heading has-medium-font-size\"><strong>Bernoulli Educa\u00e7\u00e3o<\/strong><\/h2>\n\n\n\n<p>Funcionando em uma edifica\u00e7\u00e3o centen\u00e1ria, tombada como patrim\u00f4nio do munic\u00edpio desde 2022, o col\u00e9gio <a href=\"https:\/\/www.bernoulli.com.br\/colegio\/unidades\/cidade-jardim\/conheca\/\" target=\"_blank\" rel=\"noreferrer noopener\">Bernoulli Cidade Jardim<\/a> tem na estrutura f\u00edsica um de seus pontos fortes: a arquitetura neocl\u00e1ssica abriga espa\u00e7os amplos, iluminados e coloridos, onde se percebe a integra\u00e7\u00e3o entre o tradicional e o moderno. Segundo Rommel Domingos, um dos fundadores do Grupo Bernoulli Educa\u00e7\u00e3o, a valoriza\u00e7\u00e3o do espa\u00e7o f\u00edsico \u00e9 proposital para despertar nos alunos o gosto por estar na escola.<\/p>\n\n\n\n<p>Com uma \u00e1rea de 18 mil metros quadrados, o pr\u00e9dio re\u00fane laborat\u00f3rios de Qu\u00edmica, Biologia, F\u00edsica, Artes e Maker, al\u00e9m de duas bibliotecas com acervos liter\u00e1rios e material did\u00e1tico, tr\u00eas quadras descobertas, p\u00e1tios de conviv\u00eancia com \u00e1reas verdes e um audit\u00f3rio com capacidade para 300 pessoas, que preserva as caracter\u00edsticas arquitet\u00f4nicas originais do edif\u00edcio.<\/p>\n\n\n\n<p>A paleta de cores e a identidade visual da unidade tamb\u00e9m funcionam como ferramentas pedag\u00f3gicas, criando um ambiente l\u00fadico e inspirador. Cores claras e alegres, revestimentos que remetem \u00e0 natureza e formas do mundo real comp\u00f5em os espa\u00e7os, que ainda trazem elementos da cultura local, como a reprodu\u00e7\u00e3o da Igrejinha da Pampulha. A ac\u00fastica das salas de aula tamb\u00e9m foi planejada para favorecer o aprendizado.<\/p>\n\n\n\n<p>No Bernoulli Cidade Jardim, a figura do diretor \u00e9 central: ele atua como guardi\u00e3o do prop\u00f3sito que sustenta o projeto pedag\u00f3gico.<\/p>\n\n\n\n<p>Entre as pr\u00e1ticas de destaque est\u00e3o o treinamento cont\u00ednuo dos professores, a proximidade entre dire\u00e7\u00e3o, orientadores e fam\u00edlias, a presen\u00e7a de psic\u00f3logas no corpo de orienta\u00e7\u00e3o, a monitoria e supervis\u00e3o das aulas on-line, pesquisas de satisfa\u00e7\u00e3o, qualifica\u00e7\u00e3o da arquitetura curricular, pedagogia de projetos e o fortalecimento da \u00e1rea de Humanas como base para as demais.<\/p>\n\n\n\n<p>A proposta pedag\u00f3gica integra tecnologia ao aprendizado por meio de recursos como realidade aumentada, games, quizzes, simuladores e podcasts. Al\u00e9m disso, estimula o desenvolvimento de habilidades socioemocionais e cognitivas, como determina\u00e7\u00e3o, perseveran\u00e7a e respeito, dentro de uma educa\u00e7\u00e3o consciente.<\/p>\n\n\n\n<p>Pensado para acompanhar cada etapa da evolu\u00e7\u00e3o individual dos estudantes, o projeto pedag\u00f3gico do Bernoulli Cidade Jardim busca formar n\u00e3o apenas bons alunos, mas cidad\u00e3os preparados para os desafios do futuro.<\/p>\n\n\n\n<figure class=\"wp-block-image size-full\"><img loading=\"lazy\" decoding=\"async\" width=\"1000\" height=\"562\" src=\"https:\/\/sinepe-rs.org.br\/educacaoempauta\/wp-content\/uploads\/2025\/10\/539_sinepers_padrinho_missaobh_1.jpg\" alt=\"\" class=\"wp-image-6990\" srcset=\"https:\/\/sinepe-rs.org.br\/educacaoempauta\/wp-content\/uploads\/2025\/10\/539_sinepers_padrinho_missaobh_1.jpg 1000w, https:\/\/sinepe-rs.org.br\/educacaoempauta\/wp-content\/uploads\/2025\/10\/539_sinepers_padrinho_missaobh_1-300x169.jpg 300w, https:\/\/sinepe-rs.org.br\/educacaoempauta\/wp-content\/uploads\/2025\/10\/539_sinepers_padrinho_missaobh_1-768x432.jpg 768w\" sizes=\"auto, (max-width: 1000px) 100vw, 1000px\" \/><\/figure>\n\n\n\n<p class=\"has-small-font-size\"><em>Gestores das escolas do RS compartilharam experi\u00eancias e dialogaram com diretores de institui\u00e7\u00f5es de ensino mineiras | Cr\u00e9dito: Divulga\u00e7\u00e3o\/Sinepe-RS<\/em><\/p>\n\n\n\n<h2 class=\"wp-block-heading has-medium-font-size\"><strong>Col\u00e9gio Marista Dom Silv\u00e9rio<\/strong><\/h2>\n\n\n\n<p>Com 75 anos de atividades educacionais, o <a href=\"https:\/\/marista.edu.br\/domsilverio\/\" target=\"_blank\" rel=\"noreferrer noopener\">Col\u00e9gio Marista Dom Silv\u00e9rio<\/a> viveu, ap\u00f3s a pandemia de covid-19, uma retomada de crescimento sob a lideran\u00e7a do diretor Vanderlei Soela, pedagogo e psic\u00f3logo. Em cinco anos, a escola passou da 17\u00aa para a 5\u00aa posi\u00e7\u00e3o no Enem em Belo Horizonte, voltando a se posicionar entre as melhores da cidade.&nbsp;<\/p>\n\n\n\n<p>Entre as pr\u00e1ticas implementadas, destaca-se a ado\u00e7\u00e3o de um caderno de produ\u00e7\u00e3o textual desde o 2\u00ba ano do Ensino Fundamental, com uma aula de reda\u00e7\u00e3o semanal at\u00e9 o Ensino M\u00e9dio. A partir do 6\u00ba ano, passam a ser duas aulas por semana, com provas que priorizam quest\u00f5es abertas, estimulando racioc\u00ednio l\u00f3gico e posicionamento cr\u00edtico.<\/p>\n\n\n\n<p>Estudantes que ingressam no Marista Dom Silv\u00e9rio vindos de outras institui\u00e7\u00f5es realizam uma avalia\u00e7\u00e3o diagn\u00f3stica e, quando necess\u00e1rio, recebem monitorias em disciplinas-chave \u2014 Portugu\u00eas, Matem\u00e1tica, Ingl\u00eas, F\u00edsica e Qu\u00edmica \u2014 sem custos adicionais para as fam\u00edlias. Ao final de cada trimestre, h\u00e1 ainda a possibilidade de recupera\u00e7\u00e3o paralela, assegurando a consolida\u00e7\u00e3o dos conte\u00fados.<\/p>\n\n\n\n<p>A pandemia foi um divisor de \u00e1guas para a retomada do col\u00e9gio como refer\u00eancia em Belo Horizonte. Na \u00e9poca, a gest\u00e3o manteve o ritmo das aulas on-line de forma a se aproximar ao m\u00e1ximo da din\u00e2mica presencial: carga hor\u00e1ria di\u00e1ria completa, grade disciplinar integral e professores conduzindo as turmas ao vivo via aplicativo. Com a volta ao formato 100% presencial, a rotina foi prontamente restabelecida. A postura firme foi reconhecida e valorizada pelas fam\u00edlias.<\/p>\n\n\n\n<p>A institui\u00e7\u00e3o tamb\u00e9m refor\u00e7a a import\u00e2ncia da conviv\u00eancia coletiva em um ambiente saud\u00e1vel, marca central de sua proposta pedag\u00f3gica. Al\u00e9m disso, \u00e9 bil\u00edngue desde a Educa\u00e7\u00e3o Infantil, com aulas de Ci\u00eancias e Geografia em ingl\u00eas, e adota conte\u00fados interdisciplinares para abordar temas contempor\u00e2neos, como sa\u00fade mental.<\/p>\n\n\n\n<p>Na Educa\u00e7\u00e3o Infantil, o curr\u00edculo privilegia pr\u00e1ticas que colocam a crian\u00e7a no centro do processo educativo. Para isso, foi criada a Vila Marista, espa\u00e7o l\u00fadico que simula uma pequena cidade hist\u00f3rica do interior de Minas Gerais, com constru\u00e7\u00f5es como prefeitura, f\u00f3rum e correio \u2014 estruturas que remetem \u00e0 vida em sociedade e ampliam o aprendizado no universo infantil. Entre os destaques, est\u00e1 a r\u00e9plica da Igreja do \u00d3, de Sabar\u00e1.<\/p>\n\n\n\n<p><strong><mark style=\"background-color:#fcb900\" class=\"has-inline-color\">Leia tamb\u00e9m:<br>>> <a href=\"https:\/\/sinepe-rs.org.br\/educacaoempauta\/inspire-se\/o-futuro-chegou-e-ja-esta-na-sala-de-aula\/\">O futuro chegou e j\u00e1 est\u00e1 na sala de aula<\/a><br>>> <a href=\"https:\/\/sinepe-rs.org.br\/educacaoempauta\/inspire-se\/colegio-adota-educacao-baseada-em-resolucoes-de-problemas-reais\/\">Col\u00e9gio adota educa\u00e7\u00e3o baseada em resolu\u00e7\u00f5es de problemas reais<\/a><br>>> <a href=\"https:\/\/sinepe-rs.org.br\/educacaoempauta\/inspire-se\/escola-tecnica-cristo-redentor-lanca-ensino-medio-inovador\/\">Escola T\u00e9cnica Cristo Redentor lan\u00e7a Ensino M\u00e9dio inovador<\/a><\/mark><\/strong><\/p>\n\n\n\n<h2 class=\"wp-block-heading has-medium-font-size\"><strong>Escola da Serra<\/strong><\/h2>\n\n\n\n<p>A <a href=\"https:\/\/escoladaserra.com.br\/\" target=\"_blank\" rel=\"noreferrer noopener\">Escola da Serra<\/a>, reconhecida pelo Minist\u00e9rio da Educa\u00e7\u00e3o (MEC) como Refer\u00eancia para a Inova\u00e7\u00e3o e Criatividade na Educa\u00e7\u00e3o B\u00e1sica, atende 400 alunos e mant\u00e9m a filosofia de n\u00e3o ampliar esse n\u00famero para garantir a fidelidade \u00e0 sua proposta pedag\u00f3gica. Fundada pelo educador S\u00e9rgio Godinho Oliveira, tem como inspira\u00e7\u00e3o a Escola da Ponte, de Portugal.<\/p>\n\n\n\n<p>Sua metodologia valoriza a autonomia e o protagonismo do estudante no processo de aprendizagem. Entre as pr\u00e1ticas, destacam-se os Relat\u00f3rios de Desenvolvimento do Aluno, a organiza\u00e7\u00e3o curricular em Ciclos de Forma\u00e7\u00e3o em substitui\u00e7\u00e3o \u00e0s s\u00e9ries, os Sal\u00f5es de Aprendizagem que tomam o lugar das salas de aula tradicionais, a tutoria individual de cada estudante ao longo do ano e a avalia\u00e7\u00e3o baseada na aprendizagem plena dos conte\u00fados, sem m\u00e9dias num\u00e9ricas.<\/p>\n\n\n\n<p>A tutoria individual garante acompanhamento cont\u00ednuo e personalizado, atuando como elo entre escola e fam\u00edlia. O tutor compartilha informa\u00e7\u00f5es com pais e professores, sendo o principal interlocutor e coordenador de estrat\u00e9gias para o desenvolvimento dos alunos. Al\u00e9m disso, apoia a promo\u00e7\u00e3o da autonomia e das habilidades para a vida, estimulando o autoconhecimento por meio de uma rela\u00e7\u00e3o de confian\u00e7a.<\/p>\n\n\n\n<p>O pr\u00f3prio espa\u00e7o f\u00edsico tamb\u00e9m traduz essa filosofia: muros e ambientes internos s\u00e3o pintados pelos estudantes, refor\u00e7ando o protagonismo e a participa\u00e7\u00e3o ativa na vida escolar.<\/p>\n\n\n\n<h2 class=\"wp-block-heading has-medium-font-size\"><strong>Instituto Educacional Manoel Pinheiro<\/strong><\/h2>\n\n\n\n<p>Com 40 anos de hist\u00f3ria, o <a href=\"https:\/\/manoelpinheiro.com.br\/\" target=\"_blank\" rel=\"noreferrer noopener\">Instituto Educacional Manoel Pinheiro (IEMP)<\/a> aposta na inova\u00e7\u00e3o da gest\u00e3o como caminho para melhorar a qualidade do ensino e otimizar a estrutura f\u00edsica. Localizado em uma \u00e1rea residencial de Belo Horizonte, o col\u00e9gio trabalha conceitos como seguran\u00e7a, oportunidade e diferenciais competitivos para atrair fam\u00edlias.<\/p>\n\n\n\n<p>Entre as iniciativas, destacam-se os investimentos em infraestrutura \u2014 como salas maker, piscina em formato de navio e espa\u00e7os l\u00fadicos para a Educa\u00e7\u00e3o Infantil \u2014 al\u00e9m de parcerias estrat\u00e9gicas com institui\u00e7\u00f5es como Cambridge University, Bernoulli Sistema de Ensino e Minas T\u00eanis Clube.<\/p>\n\n\n\n<p>O IEMP tamb\u00e9m valoriza a cultura digital, preparando os estudantes para a cria\u00e7\u00e3o de conte\u00fado, edi\u00e7\u00e3o de v\u00eddeos e desenvolvimento de habilidades voltadas ao ambiente on-line.<\/p>\n\n\n\n<p>Por meio da rob\u00f3tica, os alunos fortalecem a aprendizagem interdisciplinar em Ci\u00eancias, Tecnologia, Engenharia, Artes e Matem\u00e1tica (STEAM), com incentivo \u00e0 experimenta\u00e7\u00e3o, \u00e0 an\u00e1lise de resultados e ao trabalho \u201cm\u00e3o na massa\u201d.<\/p>\n\n\n\n<h2 class=\"wp-block-heading has-medium-font-size\"><strong>Col\u00e9gio Santa Dorot\u00e9ia<\/strong><\/h2>\n\n\n\n<p>Pertencente \u00e0 Congrega\u00e7\u00e3o das Irm\u00e3s de Santa Doroteia, o <a href=\"https:\/\/santadoroteia.com.br\/\" target=\"_blank\" rel=\"noreferrer noopener\">Col\u00e9gio<\/a> ocupa uma \u00e1rea de 48 mil metros quadrados com ampla \u00e1rea verde. A institui\u00e7\u00e3o integra os princ\u00edpios da Base Nacional Comum Curricular (BNCC) aos valores crist\u00e3os e aposta em a\u00e7\u00f5es de solidariedade junto \u00e0 comunidade.<\/p>\n\n\n\n<p>Entre as pr\u00e1ticas est\u00e3o o treinamento de profissionais para situa\u00e7\u00f5es de emerg\u00eancia, o funcionamento de um Comit\u00ea de Gest\u00e3o de Risco, a produ\u00e7\u00e3o de protocolos contra bullying e cyberbullying, o incentivo ao pensamento computacional e \u00e0 aprendizagem autodidata, o investimento na metodologia STEAM e a cria\u00e7\u00e3o do Espa\u00e7o Ludus, voltado \u00e0 Educa\u00e7\u00e3o Infantil, que combina ludicidade com as diretrizes da BNCC em um ambiente semelhante a um parque de divers\u00f5es.<\/p>\n\n\n\n<p>O Espa\u00e7o Ludus dedicado exclusivamente \u00e0 Educa\u00e7\u00e3o Infantil, foi concebido para promover a conviv\u00eancia e aprendizagem na primeira inf\u00e2ncia de acordo com os direitos constantes na Base Nacional Comum Curricular. Semelhante a um parque de divers\u00f5es, \u00e9 um ambiente social e cultural mediador das m\u00faltiplas aprendizagens por meio de experi\u00eancias diversificadas: de intera\u00e7\u00e3o, socializa\u00e7\u00e3o, desafios cognitivos, jogos, arte e m\u00fasica. No Espa\u00e7o Ludus as crian\u00e7as t\u00eam os primeiros contatos com conceitos como cuidados com a sa\u00fade, consci\u00eancia ecol\u00f3gica, cidadania e valores humanos.&nbsp;<\/p>\n\n\n\n<h3 class=\"wp-block-heading has-medium-font-size\">Confira a rela\u00e7\u00e3o de gestores participantes da Miss\u00e3o:<\/h3>\n\n\n\n<ul class=\"wp-block-list has-medium-font-size\">\n<li style=\"font-size:16px\">Andr\u00e9 Paschoal Ribeiro (ASLB de Porto Alegre)<\/li>\n\n\n\n<li style=\"font-size:16px\">Marcia Regina Dos Santos (ASLB de Porto Alegre)<\/li>\n\n\n\n<li style=\"font-size:16px\">Carla Azevedo de Andrade (Escola M\u00e3e Admir\u00e1vel de Porto Alegre)<\/li>\n\n\n\n<li style=\"font-size:16px\">Ir. Maria S\u00f4nia (Col\u00e9gio Esp\u00edrito Santo de Canoas)<\/li>\n\n\n\n<li style=\"font-size:16px\">Ir. Elenar Luisa Berghahn (SEC de Porto Alegre)<\/li>\n\n\n\n<li style=\"font-size:16px\">Ernani Aranalde Neto (Col\u00e9gio Marista Ros\u00e1rio de Porto Alegre)<\/li>\n\n\n\n<li style=\"font-size:16px\">Eroni Mazzocchi Koppeeto (Escola Interativa de Flores da Cunha)<\/li>\n\n\n\n<li style=\"font-size:16px\">Liliane Silveira Dos Santos (Escola Martinho Lutero de Canoas)<\/li>\n\n\n\n<li style=\"font-size:16px\">Paula Martinazzo (Col\u00e9gio S\u00e3o Jos\u00e9 de Caxias do Sul)<\/li>\n\n\n\n<li style=\"font-size:16px\">Silvana Rita Pretto (Col\u00e9gio S\u00e3o Jos\u00e9 de Caxias do Sul)<\/li>\n\n\n\n<li style=\"font-size:16px\">Vanessa Rodrigues (Col\u00e9gio Madre Imilda de Caxias do Sul)<\/li>\n\n\n\n<li style=\"font-size:16px\">Nadia Silvestri Gon\u00e7alves (Escola Vin\u00edcius de Moraes de Porto Alegre)<\/li>\n\n\n\n<li style=\"font-size:16px\">Rosilene In\u00eas K\u00f6nig (Centro Gustavo Adolfo de Lajeado)<\/li>\n\n\n\n<li style=\"font-size:16px\">Tiago Lagemann (Centro Gustavo Adolfo de Lajeado)<\/li>\n\n\n\n<li style=\"font-size:16px\">Maria Helena Sch\u00fcler Luft (Instituto S\u00e3o Jos\u00e9 de Montenegro)<\/li>\n\n\n\n<li style=\"font-size:16px\">Monica Patricia Hensel Metz (Instituto S\u00e3o Jos\u00e9 de Montenegro)<\/li>\n\n\n\n<li style=\"font-size:16px\">Nestor Raschen (Col\u00e9gio Mau\u00e1 de Santa Cruz do Sul)<\/li>\n\n\n\n<li style=\"font-size:16px\">Ivan Renner (Col\u00e9gio Sinodal de S\u00e3o Leopoldo)<\/li>\n\n\n\n<li style=\"font-size:16px\">Daniela Roberta Haas (Escola Educar-se de Santa Cruz do Sul)<\/li>\n\n\n\n<li style=\"font-size:16px\">Silvia Betris Bender (Escola Educar-se de Santa Cruz do Sul)<\/li>\n<\/ul>\n","protected":false},"excerpt":{"rendered":"<p>Gestores de escolas ga\u00fachas conheceram pr\u00e1ticas pedag\u00f3gicas, de gest\u00e3o e infraestrutura de cinco escolas refer\u00eancia de Belo Horizonte<\/p>\n","protected":false},"author":4,"featured_media":6992,"comment_status":"closed","ping_status":"closed","sticky":false,"template":"","format":"standard","meta":{"footnotes":""},"categories":[1],"tags":[861,525,43],"class_list":["post-6957","post","type-post","status-publish","format-standard","has-post-thumbnail","hentry","category-sem-categoria","tag-escolas-inspiradoras","tag-missao-educacional","tag-sinepe-rs-2"],"acf":[],"yoast_head":"<!-- This site is optimized with the Yoast SEO plugin v24.6 - https:\/\/yoast.com\/wordpress\/plugins\/seo\/ -->\n<title>Escolas mineiras servem de inspira\u00e7\u00e3o em miss\u00e3o educacional do RS - Educa\u00e7\u00e3o em Pauta: Portal de reportagens de Educa\u00e7\u00e3o<\/title>\n<meta name=\"description\" content=\"Gestores de escolas ga\u00fachas conheceram pr\u00e1ticas pedag\u00f3gicas, de gest\u00e3o e infraestrutura de cinco escolas refer\u00eancia de Belo Horizonte\" \/>\n<meta name=\"robots\" content=\"index, follow, max-snippet:-1, max-image-preview:large, max-video-preview:-1\" \/>\n<link rel=\"canonical\" href=\"https:\/\/sinepe-rs.org.br\/educacaoempauta\/sem-categoria\/escolas-mineiras-servem-de-inspiracao-em-missao-educacional-do-rs\/\" \/>\n<meta property=\"og:locale\" content=\"pt_BR\" \/>\n<meta property=\"og:type\" content=\"article\" \/>\n<meta property=\"og:title\" content=\"Escolas mineiras servem de inspira\u00e7\u00e3o em miss\u00e3o educacional do RS - Educa\u00e7\u00e3o em Pauta: Portal de reportagens de Educa\u00e7\u00e3o\" \/>\n<meta property=\"og:description\" content=\"Gestores de escolas ga\u00fachas conheceram pr\u00e1ticas pedag\u00f3gicas, de gest\u00e3o e infraestrutura de cinco escolas refer\u00eancia de Belo Horizonte\" \/>\n<meta property=\"og:url\" content=\"https:\/\/sinepe-rs.org.br\/educacaoempauta\/sem-categoria\/escolas-mineiras-servem-de-inspiracao-em-missao-educacional-do-rs\/\" \/>\n<meta property=\"og:site_name\" content=\"Educa\u00e7\u00e3o em Pauta: Portal de reportagens de Educa\u00e7\u00e3o\" \/>\n<meta property=\"article:published_time\" content=\"2025-10-07T10:02:00+00:00\" \/>\n<meta property=\"article:modified_time\" content=\"2025-10-21T11:38:47+00:00\" \/>\n<meta property=\"og:image\" content=\"https:\/\/sinepe-rs.org.br\/educacaoempauta\/wp-content\/uploads\/2025\/10\/539_sinepers_padrinho_missaobh.jpg\" \/>\n\t<meta property=\"og:image:width\" content=\"1366\" \/>\n\t<meta property=\"og:image:height\" content=\"450\" \/>\n\t<meta property=\"og:image:type\" content=\"image\/jpeg\" \/>\n<meta name=\"author\" content=\"Eduardo Wolff\" \/>\n<meta name=\"twitter:card\" content=\"summary_large_image\" \/>\n<meta name=\"twitter:label1\" content=\"Escrito por\" \/>\n\t<meta name=\"twitter:data1\" content=\"Eduardo Wolff\" \/>\n\t<meta name=\"twitter:label2\" content=\"Est. tempo de leitura\" \/>\n\t<meta name=\"twitter:data2\" content=\"10 minutos\" \/>\n<script type=\"application\/ld+json\" class=\"yoast-schema-graph\">{\"@context\":\"https:\/\/schema.org\",\"@graph\":[{\"@type\":\"WebPage\",\"@id\":\"https:\/\/sinepe-rs.org.br\/educacaoempauta\/sem-categoria\/escolas-mineiras-servem-de-inspiracao-em-missao-educacional-do-rs\/\",\"url\":\"https:\/\/sinepe-rs.org.br\/educacaoempauta\/sem-categoria\/escolas-mineiras-servem-de-inspiracao-em-missao-educacional-do-rs\/\",\"name\":\"Escolas mineiras servem de inspira\u00e7\u00e3o em miss\u00e3o educacional do RS - Educa\u00e7\u00e3o em Pauta: Portal de reportagens de Educa\u00e7\u00e3o\",\"isPartOf\":{\"@id\":\"https:\/\/sinepe-rs.org.br\/educacaoempauta\/#website\"},\"primaryImageOfPage\":{\"@id\":\"https:\/\/sinepe-rs.org.br\/educacaoempauta\/sem-categoria\/escolas-mineiras-servem-de-inspiracao-em-missao-educacional-do-rs\/#primaryimage\"},\"image\":{\"@id\":\"https:\/\/sinepe-rs.org.br\/educacaoempauta\/sem-categoria\/escolas-mineiras-servem-de-inspiracao-em-missao-educacional-do-rs\/#primaryimage\"},\"thumbnailUrl\":\"https:\/\/sinepe-rs.org.br\/educacaoempauta\/wp-content\/uploads\/2025\/10\/539_sinepers_padrinho_missaobh.jpg\",\"datePublished\":\"2025-10-07T10:02:00+00:00\",\"dateModified\":\"2025-10-21T11:38:47+00:00\",\"author\":{\"@id\":\"https:\/\/sinepe-rs.org.br\/educacaoempauta\/#\/schema\/person\/a9bb8c61d5b098df16c34ec9d7154a99\"},\"description\":\"Gestores de escolas ga\u00fachas conheceram pr\u00e1ticas pedag\u00f3gicas, de gest\u00e3o e infraestrutura de cinco escolas refer\u00eancia de Belo Horizonte\",\"breadcrumb\":{\"@id\":\"https:\/\/sinepe-rs.org.br\/educacaoempauta\/sem-categoria\/escolas-mineiras-servem-de-inspiracao-em-missao-educacional-do-rs\/#breadcrumb\"},\"inLanguage\":\"pt-BR\",\"potentialAction\":[{\"@type\":\"ReadAction\",\"target\":[\"https:\/\/sinepe-rs.org.br\/educacaoempauta\/sem-categoria\/escolas-mineiras-servem-de-inspiracao-em-missao-educacional-do-rs\/\"]}]},{\"@type\":\"ImageObject\",\"inLanguage\":\"pt-BR\",\"@id\":\"https:\/\/sinepe-rs.org.br\/educacaoempauta\/sem-categoria\/escolas-mineiras-servem-de-inspiracao-em-missao-educacional-do-rs\/#primaryimage\",\"url\":\"https:\/\/sinepe-rs.org.br\/educacaoempauta\/wp-content\/uploads\/2025\/10\/539_sinepers_padrinho_missaobh.jpg\",\"contentUrl\":\"https:\/\/sinepe-rs.org.br\/educacaoempauta\/wp-content\/uploads\/2025\/10\/539_sinepers_padrinho_missaobh.jpg\",\"width\":1366,\"height\":450,\"caption\":\"Escolas mineiras servem de inspira\u00e7\u00e3o em miss\u00e3o educacional do RS\"},{\"@type\":\"BreadcrumbList\",\"@id\":\"https:\/\/sinepe-rs.org.br\/educacaoempauta\/sem-categoria\/escolas-mineiras-servem-de-inspiracao-em-missao-educacional-do-rs\/#breadcrumb\",\"itemListElement\":[{\"@type\":\"ListItem\",\"position\":1,\"name\":\"Home\",\"item\":\"https:\/\/sinepe-rs.org.br\/educacaoempauta\/\"},{\"@type\":\"ListItem\",\"position\":2,\"name\":\"Escolas mineiras servem de inspira\u00e7\u00e3o em miss\u00e3o educacional do RS\"}]},{\"@type\":\"WebSite\",\"@id\":\"https:\/\/sinepe-rs.org.br\/educacaoempauta\/#website\",\"url\":\"https:\/\/sinepe-rs.org.br\/educacaoempauta\/\",\"name\":\"Educa\u00e7\u00e3o em Pauta: Portal de reportagens de Educa\u00e7\u00e3o\",\"description\":\"Sinepe-RS\",\"potentialAction\":[{\"@type\":\"SearchAction\",\"target\":{\"@type\":\"EntryPoint\",\"urlTemplate\":\"https:\/\/sinepe-rs.org.br\/educacaoempauta\/?s={search_term_string}\"},\"query-input\":{\"@type\":\"PropertyValueSpecification\",\"valueRequired\":true,\"valueName\":\"search_term_string\"}}],\"inLanguage\":\"pt-BR\"},{\"@type\":\"Person\",\"@id\":\"https:\/\/sinepe-rs.org.br\/educacaoempauta\/#\/schema\/person\/a9bb8c61d5b098df16c34ec9d7154a99\",\"name\":\"Eduardo Wolff\",\"image\":{\"@type\":\"ImageObject\",\"inLanguage\":\"pt-BR\",\"@id\":\"https:\/\/sinepe-rs.org.br\/educacaoempauta\/#\/schema\/person\/image\/\",\"url\":\"https:\/\/secure.gravatar.com\/avatar\/dc93e7510d4af8ae2514871724e1fbe69e43cadf2bc69fa120c919f4a599d7ca?s=96&d=mm&r=g\",\"contentUrl\":\"https:\/\/secure.gravatar.com\/avatar\/dc93e7510d4af8ae2514871724e1fbe69e43cadf2bc69fa120c919f4a599d7ca?s=96&d=mm&r=g\",\"caption\":\"Eduardo Wolff\"},\"url\":\"https:\/\/sinepe-rs.org.br\/educacaoempauta\/author\/eduardo\/\"}]}<\/script>\n<!-- \/ Yoast SEO plugin. -->","yoast_head_json":{"title":"Escolas mineiras servem de inspira\u00e7\u00e3o em miss\u00e3o educacional do RS - Educa\u00e7\u00e3o em Pauta: Portal de reportagens de Educa\u00e7\u00e3o","description":"Gestores de escolas ga\u00fachas conheceram pr\u00e1ticas pedag\u00f3gicas, de gest\u00e3o e infraestrutura de cinco escolas refer\u00eancia de Belo Horizonte","robots":{"index":"index","follow":"follow","max-snippet":"max-snippet:-1","max-image-preview":"max-image-preview:large","max-video-preview":"max-video-preview:-1"},"canonical":"https:\/\/sinepe-rs.org.br\/educacaoempauta\/sem-categoria\/escolas-mineiras-servem-de-inspiracao-em-missao-educacional-do-rs\/","og_locale":"pt_BR","og_type":"article","og_title":"Escolas mineiras servem de inspira\u00e7\u00e3o em miss\u00e3o educacional do RS - Educa\u00e7\u00e3o em Pauta: Portal de reportagens de Educa\u00e7\u00e3o","og_description":"Gestores de escolas ga\u00fachas conheceram pr\u00e1ticas pedag\u00f3gicas, de gest\u00e3o e infraestrutura de cinco escolas refer\u00eancia de Belo Horizonte","og_url":"https:\/\/sinepe-rs.org.br\/educacaoempauta\/sem-categoria\/escolas-mineiras-servem-de-inspiracao-em-missao-educacional-do-rs\/","og_site_name":"Educa\u00e7\u00e3o em Pauta: Portal de reportagens de Educa\u00e7\u00e3o","article_published_time":"2025-10-07T10:02:00+00:00","article_modified_time":"2025-10-21T11:38:47+00:00","og_image":[{"width":1366,"height":450,"url":"https:\/\/sinepe-rs.org.br\/educacaoempauta\/wp-content\/uploads\/2025\/10\/539_sinepers_padrinho_missaobh.jpg","type":"image\/jpeg"}],"author":"Eduardo Wolff","twitter_card":"summary_large_image","twitter_misc":{"Escrito por":"Eduardo Wolff","Est. tempo de leitura":"10 minutos"},"schema":{"@context":"https:\/\/schema.org","@graph":[{"@type":"WebPage","@id":"https:\/\/sinepe-rs.org.br\/educacaoempauta\/sem-categoria\/escolas-mineiras-servem-de-inspiracao-em-missao-educacional-do-rs\/","url":"https:\/\/sinepe-rs.org.br\/educacaoempauta\/sem-categoria\/escolas-mineiras-servem-de-inspiracao-em-missao-educacional-do-rs\/","name":"Escolas mineiras servem de inspira\u00e7\u00e3o em miss\u00e3o educacional do RS - Educa\u00e7\u00e3o em Pauta: Portal de reportagens de Educa\u00e7\u00e3o","isPartOf":{"@id":"https:\/\/sinepe-rs.org.br\/educacaoempauta\/#website"},"primaryImageOfPage":{"@id":"https:\/\/sinepe-rs.org.br\/educacaoempauta\/sem-categoria\/escolas-mineiras-servem-de-inspiracao-em-missao-educacional-do-rs\/#primaryimage"},"image":{"@id":"https:\/\/sinepe-rs.org.br\/educacaoempauta\/sem-categoria\/escolas-mineiras-servem-de-inspiracao-em-missao-educacional-do-rs\/#primaryimage"},"thumbnailUrl":"https:\/\/sinepe-rs.org.br\/educacaoempauta\/wp-content\/uploads\/2025\/10\/539_sinepers_padrinho_missaobh.jpg","datePublished":"2025-10-07T10:02:00+00:00","dateModified":"2025-10-21T11:38:47+00:00","author":{"@id":"https:\/\/sinepe-rs.org.br\/educacaoempauta\/#\/schema\/person\/a9bb8c61d5b098df16c34ec9d7154a99"},"description":"Gestores de escolas ga\u00fachas conheceram pr\u00e1ticas pedag\u00f3gicas, de gest\u00e3o e infraestrutura de cinco escolas refer\u00eancia de Belo Horizonte","breadcrumb":{"@id":"https:\/\/sinepe-rs.org.br\/educacaoempauta\/sem-categoria\/escolas-mineiras-servem-de-inspiracao-em-missao-educacional-do-rs\/#breadcrumb"},"inLanguage":"pt-BR","potentialAction":[{"@type":"ReadAction","target":["https:\/\/sinepe-rs.org.br\/educacaoempauta\/sem-categoria\/escolas-mineiras-servem-de-inspiracao-em-missao-educacional-do-rs\/"]}]},{"@type":"ImageObject","inLanguage":"pt-BR","@id":"https:\/\/sinepe-rs.org.br\/educacaoempauta\/sem-categoria\/escolas-mineiras-servem-de-inspiracao-em-missao-educacional-do-rs\/#primaryimage","url":"https:\/\/sinepe-rs.org.br\/educacaoempauta\/wp-content\/uploads\/2025\/10\/539_sinepers_padrinho_missaobh.jpg","contentUrl":"https:\/\/sinepe-rs.org.br\/educacaoempauta\/wp-content\/uploads\/2025\/10\/539_sinepers_padrinho_missaobh.jpg","width":1366,"height":450,"caption":"Escolas mineiras servem de inspira\u00e7\u00e3o em miss\u00e3o educacional do RS"},{"@type":"BreadcrumbList","@id":"https:\/\/sinepe-rs.org.br\/educacaoempauta\/sem-categoria\/escolas-mineiras-servem-de-inspiracao-em-missao-educacional-do-rs\/#breadcrumb","itemListElement":[{"@type":"ListItem","position":1,"name":"Home","item":"https:\/\/sinepe-rs.org.br\/educacaoempauta\/"},{"@type":"ListItem","position":2,"name":"Escolas mineiras servem de inspira\u00e7\u00e3o em miss\u00e3o educacional do RS"}]},{"@type":"WebSite","@id":"https:\/\/sinepe-rs.org.br\/educacaoempauta\/#website","url":"https:\/\/sinepe-rs.org.br\/educacaoempauta\/","name":"Educa\u00e7\u00e3o em Pauta: Portal de reportagens de Educa\u00e7\u00e3o","description":"Sinepe-RS","potentialAction":[{"@type":"SearchAction","target":{"@type":"EntryPoint","urlTemplate":"https:\/\/sinepe-rs.org.br\/educacaoempauta\/?s={search_term_string}"},"query-input":{"@type":"PropertyValueSpecification","valueRequired":true,"valueName":"search_term_string"}}],"inLanguage":"pt-BR"},{"@type":"Person","@id":"https:\/\/sinepe-rs.org.br\/educacaoempauta\/#\/schema\/person\/a9bb8c61d5b098df16c34ec9d7154a99","name":"Eduardo Wolff","image":{"@type":"ImageObject","inLanguage":"pt-BR","@id":"https:\/\/sinepe-rs.org.br\/educacaoempauta\/#\/schema\/person\/image\/","url":"https:\/\/secure.gravatar.com\/avatar\/dc93e7510d4af8ae2514871724e1fbe69e43cadf2bc69fa120c919f4a599d7ca?s=96&d=mm&r=g","contentUrl":"https:\/\/secure.gravatar.com\/avatar\/dc93e7510d4af8ae2514871724e1fbe69e43cadf2bc69fa120c919f4a599d7ca?s=96&d=mm&r=g","caption":"Eduardo Wolff"},"url":"https:\/\/sinepe-rs.org.br\/educacaoempauta\/author\/eduardo\/"}]}},"_links":{"self":[{"href":"https:\/\/sinepe-rs.org.br\/educacaoempauta\/wp-json\/wp\/v2\/posts\/6957","targetHints":{"allow":["GET"]}}],"collection":[{"href":"https:\/\/sinepe-rs.org.br\/educacaoempauta\/wp-json\/wp\/v2\/posts"}],"about":[{"href":"https:\/\/sinepe-rs.org.br\/educacaoempauta\/wp-json\/wp\/v2\/types\/post"}],"author":[{"embeddable":true,"href":"https:\/\/sinepe-rs.org.br\/educacaoempauta\/wp-json\/wp\/v2\/users\/4"}],"replies":[{"embeddable":true,"href":"https:\/\/sinepe-rs.org.br\/educacaoempauta\/wp-json\/wp\/v2\/comments?post=6957"}],"version-history":[{"count":36,"href":"https:\/\/sinepe-rs.org.br\/educacaoempauta\/wp-json\/wp\/v2\/posts\/6957\/revisions"}],"predecessor-version":[{"id":7128,"href":"https:\/\/sinepe-rs.org.br\/educacaoempauta\/wp-json\/wp\/v2\/posts\/6957\/revisions\/7128"}],"wp:featuredmedia":[{"embeddable":true,"href":"https:\/\/sinepe-rs.org.br\/educacaoempauta\/wp-json\/wp\/v2\/media\/6992"}],"wp:attachment":[{"href":"https:\/\/sinepe-rs.org.br\/educacaoempauta\/wp-json\/wp\/v2\/media?parent=6957"}],"wp:term":[{"taxonomy":"category","embeddable":true,"href":"https:\/\/sinepe-rs.org.br\/educacaoempauta\/wp-json\/wp\/v2\/categories?post=6957"},{"taxonomy":"post_tag","embeddable":true,"href":"https:\/\/sinepe-rs.org.br\/educacaoempauta\/wp-json\/wp\/v2\/tags?post=6957"}],"curies":[{"name":"wp","href":"https:\/\/api.w.org\/{rel}","templated":true}]}}