{"id":7037,"date":"2025-10-14T07:02:00","date_gmt":"2025-10-14T10:02:00","guid":{"rendered":"https:\/\/sinepe-rs.org.br\/educacaoempauta\/?p=7037"},"modified":"2025-10-28T08:55:17","modified_gmt":"2025-10-28T11:55:17","slug":"do-mimeografo-a-inteligencia-artificial-o-professor-se-reinventa","status":"publish","type":"post","link":"https:\/\/sinepe-rs.org.br\/educacaoempauta\/inspire-se\/do-mimeografo-a-inteligencia-artificial-o-professor-se-reinventa\/","title":{"rendered":"Do mime\u00f3grafo \u00e0 intelig\u00eancia artificial, o professor se reinventa"},"content":{"rendered":"\n<p>O professor \u00e9 um verdadeiro contador de hist\u00f3rias. N\u00e3o importa o componente curricular que lhe \u00e9 atribu\u00eddo, a figura do docente inspira estudantes para o resto da vida. Por isso, nada melhor do que uma boa hist\u00f3ria para comemorar o Dia do Professor. O portal Educa\u00e7\u00e3o em Pauta resolveu homenagear aqueles que buscam, incessantemente, novas formas de cativar a audi\u00eancia, se mantendo atualizados em rela\u00e7\u00e3o \u00e0s novas tecnologias.<\/p>\n\n\n\n<p>Com 45 anos de sala de aula, a professora de Biologia e Matem\u00e1tica Virginia Theil, do Col\u00e9gio Sinodal Alfredo Simon, de Pelotas, lembra de quando come\u00e7ou. Os momentos marcantes de sua trajet\u00f3ria s\u00e3o guardados com o mesmo carinho com que mant\u00e9m muito bem preservado o mime\u00f3grafo que ganhou h\u00e1 algumas d\u00e9cadas.<\/p>\n\n\n\n<p>\u201cComo eu trabalhava muitas horas e ainda fazia faculdade, minha demanda era muito grande. N\u00e3o dava tempo de chegar na escola e pedir para \u2018rodar\u2019 os materiais. Quando casei, meu marido me deu de presente\u201d, conta.<\/p>\n\n\n\n<p>Al\u00e9m disso, o cen\u00e1rio era composto pelos tradicionais \u201cquadro verde e aquele giz duro\u201d, como define. Na rede p\u00fablica, as dificuldades eram ainda maiores. Os estudantes n\u00e3o dispunham de livros individuais e as provas eram escritas no quadro, depois copiadas por cada um no papel alma\u00e7o.<\/p>\n\n\n\n<h2 class=\"wp-block-heading has-medium-font-size\"><strong>Acompanhando as tend\u00eancias<\/strong><\/h2>\n\n\n\n<p>Ela lembra que a primeira atividade digital utilizada junto aos estudantes foi com a linguagem de programa\u00e7\u00e3o Logo. Esta certamente foi uma das primeiras ferramentas desenvolvidas com finalidade pedag\u00f3gica e, al\u00e9m de familiarizar com o uso dos computadores, ajudava no ensino da matem\u00e1tica. Virginia aplicava para trabalhar o plano cartesiano, por exemplo.<\/p>\n\n\n\n<p>Conforme o tempo passava, as tecnologias iam se substituindo \u2013 e Virginia se mantinha alerta. \u201cAos poucos, apareceram as coisas. O xerox, mas tamb\u00e9m era um material ainda caro. Depois, o computador, peguei aquele primeiro, usei disquete, CD e depois o <em>pen drive<\/em>\u201d, lista a professora.&nbsp;<\/p>\n\n\n\n<p>At\u00e9 que veio a pandemia, em 2020, e m\u00eddias alternativas para armazenar e apresentar conte\u00fados j\u00e1 n\u00e3o eram suficientes.<mark style=\"background-color:#ff6900\" class=\"has-inline-color\"> O distanciamento social exigiu que os professores encontrassem formas de dar aula, exerc\u00edcios e at\u00e9 avalia\u00e7\u00f5es de forma remota, com o menor preju\u00edzo poss\u00edvel ao desenvolvimento dos estudantes<\/mark>. \u201cAntes era aquele uso mais simples, mas depois da pandemia deu uma virada e acho que o povo agora tenta acompanhar isso. O professor precisa estar atento a estas quest\u00f5es\u201d, destaca.<\/p>\n\n\n\n<p>T\u00e3o perto e t\u00e3o longe: a ajuda veio do pr\u00f3prio genro, mas que morava em Portugal. Em meio a um doutorado em Ci\u00eancia da Computa\u00e7\u00e3o, ele tamb\u00e9m se via diante de muitos c\u00e1lculos e precisava aprender tudo isso de forma remota. \u201cEu n\u00e3o tinha lousa digital e tinha horror de gravar v\u00eddeo. Ent\u00e3o pensei: \u2018pelo amor de Deus, essa gente vai ter que me socorrer\u2019\u201d, diverte-se Virginia.<\/p>\n\n\n\n<p>Ao buscar ajuda dos universit\u00e1rios (literalmente), descobriu que eles utilizavam um aplicativo que transforma o smartphone em uma webcam, o Droidcam. Ent\u00e3o ela utilizava uma lousa branca no colo, onde escrevia enquanto explicava os conte\u00fados, como se estivesse em um quadro na parede. <mark style=\"background-color:#ff6900\" class=\"has-inline-color\">Era uma aula com vis\u00e3o em primeira pessoa, igual aos jogos com que grande parte dos adolescentes est\u00e3o habituados<\/mark>.&nbsp;<\/p>\n\n\n\n<p>O resultado, segundo ela, \u00e9 que at\u00e9 hoje aqueles estudantes lembram que ela foi a \u00fanica professora que escrevia em um quadro durante a pandemia e pedem a volta da lousa branca. Fruto da irresigna\u00e7\u00e3o diante da dificuldade, tendo buscado alternativas para que a aula continuasse sendo produtiva.<\/p>\n\n\n\n<p>\u201cMudou a forma de ser aluno e de ser professor. De 2010 para c\u00e1 tivemos uma mudan\u00e7a muito r\u00e1pida, algo que n\u00e3o aconteceu, digamos, nos 20 anos anteriores. <mark style=\"background-color:#ff6900\" class=\"has-inline-color\">\u00c9 fundamental que o professor esteja sempre em forma\u00e7\u00e3o. Se fores te acomodar com o que aprendeste na gradua\u00e7\u00e3o ou na especializa\u00e7\u00e3o, tu vais te dar mal<\/mark>\u201d, alerta.<\/p>\n\n\n\n<p><mark style=\"background-color:#fcb900\" class=\"has-inline-color\"><strong>Leia tamb\u00e9m:<\/strong><br><strong>&gt;&gt; <\/strong><a href=\"https:\/\/sinepe-rs.org.br\/educacaoempauta\/tendencias\/como-a-inteligencia-artificial-se-tornou-um-potente-auxiliar-para-professores\/\" target=\"_blank\" rel=\"noreferrer noopener\"><strong>Como a intelig\u00eancia artificial se tornou um potente auxiliar para professores<br><\/strong><\/a><strong>&gt;&gt; <\/strong><a href=\"https:\/\/sinepe-rs.org.br\/educacaoempauta\/inspire-se\/como-uma-professora-usou-robos-reciclaveis-para-democratizar-o-ensino\/\" target=\"_blank\" rel=\"noreferrer noopener\"><strong>Como uma professora usou rob\u00f4s recicl\u00e1veis para democratizar o ensino<br><\/strong><\/a><strong>&gt;&gt; <\/strong><a href=\"https:\/\/sinepe-rs.org.br\/educacaoempauta\/gestao\/como-estimular-o-uso-de-tecnologias-digitais-pelos-professores\/\" target=\"_blank\" rel=\"noreferrer noopener\"><strong>Como estimular o uso de tecnologias digitais pelos professores<\/strong><\/a><\/mark><\/p>\n\n\n\n<h2 class=\"wp-block-heading has-medium-font-size\"><strong>Foco no resultado pedag\u00f3gico<\/strong><\/h2>\n\n\n\n<p>O Col\u00e9gio Sinodal Alfredo Simon conta com a plataforma Somos, que traz quest\u00f5es dissertativas, objetivas, jogos, atividades diversificadas e conte\u00fados multim\u00eddia. Tamb\u00e9m h\u00e1 duas telas interativas \u00e0 disposi\u00e7\u00e3o dos professores e terminais port\u00e1teis com computadores, que podem ser levados at\u00e9 as salas de aula.<\/p>\n\n\n\n<p>\u201c<mark style=\"background-color:#ff6900\" class=\"has-inline-color\">Nada se pode usar em exagero. N\u00e3o pode ser o jogo pelo jogo<\/mark>. Tem que fazer depois de trabalhar o conte\u00fado, que a cada quest\u00e3o d\u00ea uma conclus\u00e3o, um relat\u00f3rio. Os estudantes gostam muito da tela interativa em geometria, por exemplo. Muitas vezes, a mesma atividade funciona para uma turma e n\u00e3o para outra. Muitos dizem que preferem uma folha de exerc\u00edcio\u201d, relata Virginia.<\/p>\n\n\n\n<p>A coordenadora de Tecnologias Educacionais na TI Corporativa dos Jesu\u00edtas do Brasil, M\u00f4nica Py, segue a mesma linha. Para ela, a tecnologia educacional serve como um apoio para os processos de ensino-aprendizagem.&nbsp;<\/p>\n\n\n\n<p>\u201cQuando a gente pensa em uma atividade, espera um resultado apoiado pela tecnologia. A gente quer a intencionalidade pedag\u00f3gica disso tudo, que vai nos mostrar o processo do indiv\u00edduo. <mark style=\"background-color:#ff6900\" class=\"has-inline-color\">A escolha da tecnologia \u00e9 o meio. O fim est\u00e1 l\u00e1 na frente, onde se consegue enxergar, dada a estrutura curricular, como o aluno desenvolveu aquela compet\u00eancia<\/mark>\u201d, entende.<\/p>\n\n\n\n<p>O suporte tecnol\u00f3gico ajuda, por exemplo, a atender diferentes tipos de estudantes. Enquanto alguns aprendem de forma mais visual, outros s\u00e3o mais auditivos ou cin\u00e9ticos. Diferentemente do papel alma\u00e7o de que Virginia se recorda, o digital veio para potencializar e ajudar a engajar o aluno dentro de um contexto de aprendizagem.<\/p>\n\n\n\n<p>J<mark style=\"background-color:#ff6900\" class=\"has-inline-color\">\u00e1 \u00e0 institui\u00e7\u00e3o, como um todo, cabe desenvolver um ecossistema em que os entes tenham uma experi\u00eancia diferenciada com essa tecnologia<\/mark>. Segundo M\u00f4nica, \u00e9 preciso entregar mais do que se fazia em tempos passados. As fam\u00edlias querem acessar informa\u00e7\u00f5es via dispositivo m\u00f3vel, conferindo como aquele estudante performou naquele dia e ter feedbacks das atividades.<\/p>\n\n\n\n<h2 class=\"wp-block-heading has-medium-font-size\"><strong>Sensibilizando professores<\/strong><\/h2>\n\n\n\n<p>Se os estudantes precisam ser engajados na din\u00e2mica das aulas, antes disso os docentes tamb\u00e9m precisam estar dispostos a adotar ferramentas digitais e potencializadoras dessa conex\u00e3o interpessoal e intergeracional. Com quase 25 anos de experi\u00eancia como professora e 15 como gestora, M\u00f4nica acredita mais em um processo estrutural das institui\u00e7\u00f5es do que em uma sensibiliza\u00e7\u00e3o individual.<\/p>\n\n\n\n<p>\u201cIsso nos leva sempre a uma cultura na institui\u00e7\u00e3o. A cultura, pela natureza dela, n\u00e3o \u00e9 da noite para o dia, tem de ser constru\u00edda, para ent\u00e3o levar alguns profissionais com olhar mais tecnol\u00f3gico, aberto, a passar por essas oportunidades. Outros, n\u00e3o tanto\u201d, pondera.<\/p>\n\n\n\n<p>Esse movimento tamb\u00e9m n\u00e3o \u00e9 uniforme. Ela lembra do uso do smartphone, com aplicativos e plataformas educativas. O uso foi incentivado por muito tempo e, hoje, j\u00e1 se constr\u00f3i o entendimento contr\u00e1rio, com a proibi\u00e7\u00e3o do uso dos dispositivos nas escolas \u2013 exceto para algumas atividades pedag\u00f3gicas, obviamente, mas o acesso se tornou muito mais restrito. Outros pa\u00edses, como a Su\u00e9cia, avan\u00e7aram para a digitaliza\u00e7\u00e3o absoluta do ensino e, tempos depois, tamb\u00e9m recuaram estrategicamente.<\/p>\n\n\n\n<p>Por fim, h\u00e1 a pluralidade entre os pr\u00f3prios professores. Cada um carrega um hist\u00f3rico e um conjunto de compet\u00eancias que define muito a forma como se relacionam com tecnologias digitais. Al\u00e9m de n\u00e3o estarem no mesmo n\u00edvel, em fun\u00e7\u00e3o disso, muitos relutam \u00e0 ideia de acompanhar as novas tend\u00eancias.<\/p>\n\n\n\n<p>\u201cNo dia a dia, a gente n\u00e3o tinha acesso \u00e0 informa\u00e7\u00e3o, depois veio a internet, em casa, depois na m\u00e3o, no celular. Os professores mais antigos t\u00eam essa mentalidade, mas n\u00e3o adianta fazer uma forma\u00e7\u00e3o no come\u00e7o do ano e l\u00e1 no final, cobrar o resultado\u201d, aponta M\u00f4nica Py.&nbsp;<\/p>\n\n\n\n<p><strong>&gt;&gt;<\/strong> <a href=\"https:\/\/www.sinepersplay.com.br\/app\/gestao\/o-digital-na-vida-de-gestores-e-educadores\" target=\"_blank\" rel=\"noreferrer noopener\">Confira, nesta aula do SINEPE\/RS Play, como gestores e educadores podem aproveitar o m\u00e1ximo das potencialidades que as tecnologias digitais oferecem<\/a><\/p>\n\n\n\n<h2 class=\"wp-block-heading has-medium-font-size\"><strong>Intelig\u00eancia Artificial \u00e9 a nova fronteira<\/strong><\/h2>\n\n\n\n<p>Entre os avan\u00e7os vistos nos \u00faltimos anos, o que mais chamou a aten\u00e7\u00e3o da sociedade, como um todo, foi a Intelig\u00eancia Artificial (IA). Na educa\u00e7\u00e3o n\u00e3o \u00e9 diferente. A professora de Tecnologia da Informa\u00e7\u00e3o no curso de Pedagogia da Uniftec, St\u00e9fani Mano Valmini, v\u00ea a intensifica\u00e7\u00e3o do uso da IA como o principal foco de inova\u00e7\u00e3o no radar dos educadores.<\/p>\n\n\n\n<p>Para form\u00e1-los, St\u00e9fani, que tamb\u00e9m d\u00e1 aula de rob\u00f3tica para crian\u00e7as de 4 e 5 anos na Escola de Educa\u00e7\u00e3o Infantil Pequeno Ser, de Caxias do Sul, acredita que \u00e9 preciso pensar sobre as mudan\u00e7as que as m\u00e1quinas podem promover e o que ainda \u00e9 humano, focando nessas atividades. \u201c<mark style=\"background-color:#ff6900\" class=\"has-inline-color\">Como n\u00e3o existe f\u00f3rmula m\u00e1gica, o principal ponto \u00e9 mostrar as possibilidades, trazendo aplica\u00e7\u00f5es pr\u00e1ticas de como podem usar ferramentas no trabalho e com os alunos. N\u00e3o proibindo, mas instigando o uso cr\u00edtico<\/mark>\u201d, explica.<\/p>\n\n\n\n<p>Al\u00e9m de ferramentas, os professores tamb\u00e9m aplicam conceitos da era digital em sala de aula. Isso ajuda para que tudo fa\u00e7a sentido, j\u00e1 que os estudantes nasceram nesse contexto e compreendem o mundo de uma forma diferente da l\u00f3gica que existia na era anal\u00f3gica p\u00f3s-revolu\u00e7\u00e3o industrial. \u201cEu trabalho resolu\u00e7\u00e3o de problemas e pensamento computacional, independentemente da carreira que quiserem seguir. As pr\u00e1ticas est\u00e3o imbricadas nesses conceitos, utilizamos para tudo\u201d, exemplifica St\u00e9fani.<\/p>\n\n\n\n<p>Virgina j\u00e1 est\u00e1 de olho na IA, mas sempre de forma cr\u00edtica. \u201cEste ano os alunos far\u00e3o uma linha do tempo, sobre determinado assunto. Neste trimestre, devem fazer um folder com hist\u00f3ria em quadrinhos desse mesmo tema, e queriam usar IA. Eu disse que podem, mas que a gente precisa saber como pedir a ela e que o projeto tinha um objetivo, essa HQ precisava estar alinhada com o objetivo da pesquisa\u201d, relata.<\/p>\n\n\n\n<p>Entre as ferramentas, ela tem utilizado o <a href=\"https:\/\/www.liveworksheets.com\/\" target=\"_blank\" rel=\"noreferrer noopener\">LiveWorksheets<\/a>, sistema que re\u00fane uma s\u00e9rie de possibilidades \u2013 como trabalhos em grupo, inclusive online, avalia\u00e7\u00f5es, exerc\u00edcios de fixa\u00e7\u00e3o e comunica\u00e7\u00e3o com uma caixa de mensagens pr\u00f3pria do aplicativo. \u201cDando uma vasculhada, a gente acha muita coisa. <mark style=\"background-color:#ff6900\" class=\"has-inline-color\">O importante \u00e9 lembrar que a tecnologia \u00e9 uma ferramenta, n\u00e3o a solu\u00e7\u00e3o para a aprendizagem<\/mark>. Ajuda o professor no seu trabalho e na sala de aula. Hoje \u00e9 muito mais f\u00e1cil fazer prova digitando do que escrevendo em uma matriz de mime\u00f3grafo\u201d, conclui a professora.<\/p>\n\n\n\n<figure class=\"wp-block-image size-full\"><img loading=\"lazy\" decoding=\"async\" width=\"964\" height=\"911\" src=\"https:\/\/sinepe-rs.org.br\/educacaoempauta\/wp-content\/uploads\/2025\/10\/INFO-Principais-desafios-das-tecnologias-educacionais.jpg\" alt=\"\" class=\"wp-image-7043\" srcset=\"https:\/\/sinepe-rs.org.br\/educacaoempauta\/wp-content\/uploads\/2025\/10\/INFO-Principais-desafios-das-tecnologias-educacionais.jpg 964w, https:\/\/sinepe-rs.org.br\/educacaoempauta\/wp-content\/uploads\/2025\/10\/INFO-Principais-desafios-das-tecnologias-educacionais-300x284.jpg 300w, https:\/\/sinepe-rs.org.br\/educacaoempauta\/wp-content\/uploads\/2025\/10\/INFO-Principais-desafios-das-tecnologias-educacionais-768x726.jpg 768w\" sizes=\"auto, (max-width: 964px) 100vw, 964px\" \/><\/figure>\n\n\n\n<h3 class=\"wp-block-heading has-medium-font-size\"><strong>&gt;&gt; Conta para a gente<\/strong><\/h3>\n\n\n\n<p>A sua institui\u00e7\u00e3o de ensino possui iniciativas de sucesso voltadas para a inclus\u00e3o escolar? Ent\u00e3o, a sua hist\u00f3ria pode ser compartilhada aqui no Educa\u00e7\u00e3o em Pauta. <a href=\"mailto:educacaoempauta@sinepe-rs.org.br\" target=\"_blank\" rel=\"noreferrer noopener\">Clique aqui.<\/a><\/p>\n","protected":false},"excerpt":{"rendered":"<p>Docentes acompanham a evolu\u00e7\u00e3o tecnol\u00f3gica para manter as aulas interessantes, mostrando que inovar \u00e9 para todos<\/p>\n","protected":false},"author":4,"featured_media":7042,"comment_status":"closed","ping_status":"closed","sticky":false,"template":"","format":"standard","meta":{"footnotes":""},"categories":[7],"tags":[204,92,43],"class_list":["post-7037","post","type-post","status-publish","format-standard","has-post-thumbnail","hentry","category-inspire-se","tag-dia-do-professor","tag-formacao-continuada","tag-sinepe-rs-2"],"acf":[],"yoast_head":"<!-- This site is optimized with the Yoast SEO plugin v24.6 - https:\/\/yoast.com\/wordpress\/plugins\/seo\/ -->\n<title>Do mime\u00f3grafo \u00e0 intelig\u00eancia artificial, o professor se reinventa - Educa\u00e7\u00e3o em Pauta: Portal de reportagens de Educa\u00e7\u00e3o<\/title>\n<meta name=\"description\" content=\"Docentes acompanham a evolu\u00e7\u00e3o tecnol\u00f3gica para manter as aulas interessantes, mostrando que inovar \u00e9 para todos\" \/>\n<meta name=\"robots\" content=\"index, follow, max-snippet:-1, max-image-preview:large, max-video-preview:-1\" \/>\n<link rel=\"canonical\" href=\"https:\/\/sinepe-rs.org.br\/educacaoempauta\/inspire-se\/do-mimeografo-a-inteligencia-artificial-o-professor-se-reinventa\/\" \/>\n<meta property=\"og:locale\" content=\"pt_BR\" \/>\n<meta property=\"og:type\" content=\"article\" \/>\n<meta property=\"og:title\" content=\"Do mime\u00f3grafo \u00e0 intelig\u00eancia artificial, o professor se reinventa - Educa\u00e7\u00e3o em Pauta: Portal de reportagens de Educa\u00e7\u00e3o\" \/>\n<meta property=\"og:description\" content=\"Docentes acompanham a evolu\u00e7\u00e3o tecnol\u00f3gica para manter as aulas interessantes, mostrando que inovar \u00e9 para todos\" \/>\n<meta property=\"og:url\" content=\"https:\/\/sinepe-rs.org.br\/educacaoempauta\/inspire-se\/do-mimeografo-a-inteligencia-artificial-o-professor-se-reinventa\/\" \/>\n<meta property=\"og:site_name\" content=\"Educa\u00e7\u00e3o em Pauta: Portal de reportagens de Educa\u00e7\u00e3o\" \/>\n<meta property=\"article:published_time\" content=\"2025-10-14T10:02:00+00:00\" \/>\n<meta property=\"article:modified_time\" content=\"2025-10-28T11:55:17+00:00\" \/>\n<meta property=\"og:image\" content=\"https:\/\/sinepe-rs.org.br\/educacaoempauta\/wp-content\/uploads\/2025\/10\/532_sinepers_padrinho_diadoprofessor.jpg\" \/>\n\t<meta property=\"og:image:width\" content=\"1366\" \/>\n\t<meta property=\"og:image:height\" content=\"450\" \/>\n\t<meta property=\"og:image:type\" content=\"image\/jpeg\" \/>\n<meta name=\"author\" content=\"Eduardo Wolff\" \/>\n<meta name=\"twitter:card\" content=\"summary_large_image\" \/>\n<meta name=\"twitter:label1\" content=\"Escrito por\" \/>\n\t<meta name=\"twitter:data1\" content=\"Eduardo Wolff\" \/>\n\t<meta name=\"twitter:label2\" content=\"Est. tempo de leitura\" \/>\n\t<meta name=\"twitter:data2\" content=\"10 minutos\" \/>\n<script type=\"application\/ld+json\" class=\"yoast-schema-graph\">{\"@context\":\"https:\/\/schema.org\",\"@graph\":[{\"@type\":\"WebPage\",\"@id\":\"https:\/\/sinepe-rs.org.br\/educacaoempauta\/inspire-se\/do-mimeografo-a-inteligencia-artificial-o-professor-se-reinventa\/\",\"url\":\"https:\/\/sinepe-rs.org.br\/educacaoempauta\/inspire-se\/do-mimeografo-a-inteligencia-artificial-o-professor-se-reinventa\/\",\"name\":\"Do mime\u00f3grafo \u00e0 intelig\u00eancia artificial, o professor se reinventa - Educa\u00e7\u00e3o em Pauta: Portal de reportagens de Educa\u00e7\u00e3o\",\"isPartOf\":{\"@id\":\"https:\/\/sinepe-rs.org.br\/educacaoempauta\/#website\"},\"primaryImageOfPage\":{\"@id\":\"https:\/\/sinepe-rs.org.br\/educacaoempauta\/inspire-se\/do-mimeografo-a-inteligencia-artificial-o-professor-se-reinventa\/#primaryimage\"},\"image\":{\"@id\":\"https:\/\/sinepe-rs.org.br\/educacaoempauta\/inspire-se\/do-mimeografo-a-inteligencia-artificial-o-professor-se-reinventa\/#primaryimage\"},\"thumbnailUrl\":\"https:\/\/sinepe-rs.org.br\/educacaoempauta\/wp-content\/uploads\/2025\/10\/532_sinepers_padrinho_diadoprofessor.jpg\",\"datePublished\":\"2025-10-14T10:02:00+00:00\",\"dateModified\":\"2025-10-28T11:55:17+00:00\",\"author\":{\"@id\":\"https:\/\/sinepe-rs.org.br\/educacaoempauta\/#\/schema\/person\/a9bb8c61d5b098df16c34ec9d7154a99\"},\"description\":\"Docentes acompanham a evolu\u00e7\u00e3o tecnol\u00f3gica para manter as aulas interessantes, mostrando que inovar \u00e9 para todos\",\"breadcrumb\":{\"@id\":\"https:\/\/sinepe-rs.org.br\/educacaoempauta\/inspire-se\/do-mimeografo-a-inteligencia-artificial-o-professor-se-reinventa\/#breadcrumb\"},\"inLanguage\":\"pt-BR\",\"potentialAction\":[{\"@type\":\"ReadAction\",\"target\":[\"https:\/\/sinepe-rs.org.br\/educacaoempauta\/inspire-se\/do-mimeografo-a-inteligencia-artificial-o-professor-se-reinventa\/\"]}]},{\"@type\":\"ImageObject\",\"inLanguage\":\"pt-BR\",\"@id\":\"https:\/\/sinepe-rs.org.br\/educacaoempauta\/inspire-se\/do-mimeografo-a-inteligencia-artificial-o-professor-se-reinventa\/#primaryimage\",\"url\":\"https:\/\/sinepe-rs.org.br\/educacaoempauta\/wp-content\/uploads\/2025\/10\/532_sinepers_padrinho_diadoprofessor.jpg\",\"contentUrl\":\"https:\/\/sinepe-rs.org.br\/educacaoempauta\/wp-content\/uploads\/2025\/10\/532_sinepers_padrinho_diadoprofessor.jpg\",\"width\":1366,\"height\":450,\"caption\":\"Do mime\u00f3grafo \u00e0 intelig\u00eancia artificial, o professor se reinventa\"},{\"@type\":\"BreadcrumbList\",\"@id\":\"https:\/\/sinepe-rs.org.br\/educacaoempauta\/inspire-se\/do-mimeografo-a-inteligencia-artificial-o-professor-se-reinventa\/#breadcrumb\",\"itemListElement\":[{\"@type\":\"ListItem\",\"position\":1,\"name\":\"Home\",\"item\":\"https:\/\/sinepe-rs.org.br\/educacaoempauta\/\"},{\"@type\":\"ListItem\",\"position\":2,\"name\":\"Do mime\u00f3grafo \u00e0 intelig\u00eancia artificial, o professor se reinventa\"}]},{\"@type\":\"WebSite\",\"@id\":\"https:\/\/sinepe-rs.org.br\/educacaoempauta\/#website\",\"url\":\"https:\/\/sinepe-rs.org.br\/educacaoempauta\/\",\"name\":\"Educa\u00e7\u00e3o em Pauta: Portal de reportagens de Educa\u00e7\u00e3o\",\"description\":\"Sinepe-RS\",\"potentialAction\":[{\"@type\":\"SearchAction\",\"target\":{\"@type\":\"EntryPoint\",\"urlTemplate\":\"https:\/\/sinepe-rs.org.br\/educacaoempauta\/?s={search_term_string}\"},\"query-input\":{\"@type\":\"PropertyValueSpecification\",\"valueRequired\":true,\"valueName\":\"search_term_string\"}}],\"inLanguage\":\"pt-BR\"},{\"@type\":\"Person\",\"@id\":\"https:\/\/sinepe-rs.org.br\/educacaoempauta\/#\/schema\/person\/a9bb8c61d5b098df16c34ec9d7154a99\",\"name\":\"Eduardo Wolff\",\"image\":{\"@type\":\"ImageObject\",\"inLanguage\":\"pt-BR\",\"@id\":\"https:\/\/sinepe-rs.org.br\/educacaoempauta\/#\/schema\/person\/image\/\",\"url\":\"https:\/\/secure.gravatar.com\/avatar\/dc93e7510d4af8ae2514871724e1fbe69e43cadf2bc69fa120c919f4a599d7ca?s=96&d=mm&r=g\",\"contentUrl\":\"https:\/\/secure.gravatar.com\/avatar\/dc93e7510d4af8ae2514871724e1fbe69e43cadf2bc69fa120c919f4a599d7ca?s=96&d=mm&r=g\",\"caption\":\"Eduardo Wolff\"},\"url\":\"https:\/\/sinepe-rs.org.br\/educacaoempauta\/author\/eduardo\/\"}]}<\/script>\n<!-- \/ Yoast SEO plugin. -->","yoast_head_json":{"title":"Do mime\u00f3grafo \u00e0 intelig\u00eancia artificial, o professor se reinventa - Educa\u00e7\u00e3o em Pauta: Portal de reportagens de Educa\u00e7\u00e3o","description":"Docentes acompanham a evolu\u00e7\u00e3o tecnol\u00f3gica para manter as aulas interessantes, mostrando que inovar \u00e9 para todos","robots":{"index":"index","follow":"follow","max-snippet":"max-snippet:-1","max-image-preview":"max-image-preview:large","max-video-preview":"max-video-preview:-1"},"canonical":"https:\/\/sinepe-rs.org.br\/educacaoempauta\/inspire-se\/do-mimeografo-a-inteligencia-artificial-o-professor-se-reinventa\/","og_locale":"pt_BR","og_type":"article","og_title":"Do mime\u00f3grafo \u00e0 intelig\u00eancia artificial, o professor se reinventa - Educa\u00e7\u00e3o em Pauta: Portal de reportagens de Educa\u00e7\u00e3o","og_description":"Docentes acompanham a evolu\u00e7\u00e3o tecnol\u00f3gica para manter as aulas interessantes, mostrando que inovar \u00e9 para todos","og_url":"https:\/\/sinepe-rs.org.br\/educacaoempauta\/inspire-se\/do-mimeografo-a-inteligencia-artificial-o-professor-se-reinventa\/","og_site_name":"Educa\u00e7\u00e3o em Pauta: Portal de reportagens de Educa\u00e7\u00e3o","article_published_time":"2025-10-14T10:02:00+00:00","article_modified_time":"2025-10-28T11:55:17+00:00","og_image":[{"width":1366,"height":450,"url":"https:\/\/sinepe-rs.org.br\/educacaoempauta\/wp-content\/uploads\/2025\/10\/532_sinepers_padrinho_diadoprofessor.jpg","type":"image\/jpeg"}],"author":"Eduardo Wolff","twitter_card":"summary_large_image","twitter_misc":{"Escrito por":"Eduardo Wolff","Est. tempo de leitura":"10 minutos"},"schema":{"@context":"https:\/\/schema.org","@graph":[{"@type":"WebPage","@id":"https:\/\/sinepe-rs.org.br\/educacaoempauta\/inspire-se\/do-mimeografo-a-inteligencia-artificial-o-professor-se-reinventa\/","url":"https:\/\/sinepe-rs.org.br\/educacaoempauta\/inspire-se\/do-mimeografo-a-inteligencia-artificial-o-professor-se-reinventa\/","name":"Do mime\u00f3grafo \u00e0 intelig\u00eancia artificial, o professor se reinventa - Educa\u00e7\u00e3o em Pauta: Portal de reportagens de Educa\u00e7\u00e3o","isPartOf":{"@id":"https:\/\/sinepe-rs.org.br\/educacaoempauta\/#website"},"primaryImageOfPage":{"@id":"https:\/\/sinepe-rs.org.br\/educacaoempauta\/inspire-se\/do-mimeografo-a-inteligencia-artificial-o-professor-se-reinventa\/#primaryimage"},"image":{"@id":"https:\/\/sinepe-rs.org.br\/educacaoempauta\/inspire-se\/do-mimeografo-a-inteligencia-artificial-o-professor-se-reinventa\/#primaryimage"},"thumbnailUrl":"https:\/\/sinepe-rs.org.br\/educacaoempauta\/wp-content\/uploads\/2025\/10\/532_sinepers_padrinho_diadoprofessor.jpg","datePublished":"2025-10-14T10:02:00+00:00","dateModified":"2025-10-28T11:55:17+00:00","author":{"@id":"https:\/\/sinepe-rs.org.br\/educacaoempauta\/#\/schema\/person\/a9bb8c61d5b098df16c34ec9d7154a99"},"description":"Docentes acompanham a evolu\u00e7\u00e3o tecnol\u00f3gica para manter as aulas interessantes, mostrando que inovar \u00e9 para todos","breadcrumb":{"@id":"https:\/\/sinepe-rs.org.br\/educacaoempauta\/inspire-se\/do-mimeografo-a-inteligencia-artificial-o-professor-se-reinventa\/#breadcrumb"},"inLanguage":"pt-BR","potentialAction":[{"@type":"ReadAction","target":["https:\/\/sinepe-rs.org.br\/educacaoempauta\/inspire-se\/do-mimeografo-a-inteligencia-artificial-o-professor-se-reinventa\/"]}]},{"@type":"ImageObject","inLanguage":"pt-BR","@id":"https:\/\/sinepe-rs.org.br\/educacaoempauta\/inspire-se\/do-mimeografo-a-inteligencia-artificial-o-professor-se-reinventa\/#primaryimage","url":"https:\/\/sinepe-rs.org.br\/educacaoempauta\/wp-content\/uploads\/2025\/10\/532_sinepers_padrinho_diadoprofessor.jpg","contentUrl":"https:\/\/sinepe-rs.org.br\/educacaoempauta\/wp-content\/uploads\/2025\/10\/532_sinepers_padrinho_diadoprofessor.jpg","width":1366,"height":450,"caption":"Do mime\u00f3grafo \u00e0 intelig\u00eancia artificial, o professor se reinventa"},{"@type":"BreadcrumbList","@id":"https:\/\/sinepe-rs.org.br\/educacaoempauta\/inspire-se\/do-mimeografo-a-inteligencia-artificial-o-professor-se-reinventa\/#breadcrumb","itemListElement":[{"@type":"ListItem","position":1,"name":"Home","item":"https:\/\/sinepe-rs.org.br\/educacaoempauta\/"},{"@type":"ListItem","position":2,"name":"Do mime\u00f3grafo \u00e0 intelig\u00eancia artificial, o professor se reinventa"}]},{"@type":"WebSite","@id":"https:\/\/sinepe-rs.org.br\/educacaoempauta\/#website","url":"https:\/\/sinepe-rs.org.br\/educacaoempauta\/","name":"Educa\u00e7\u00e3o em Pauta: Portal de reportagens de Educa\u00e7\u00e3o","description":"Sinepe-RS","potentialAction":[{"@type":"SearchAction","target":{"@type":"EntryPoint","urlTemplate":"https:\/\/sinepe-rs.org.br\/educacaoempauta\/?s={search_term_string}"},"query-input":{"@type":"PropertyValueSpecification","valueRequired":true,"valueName":"search_term_string"}}],"inLanguage":"pt-BR"},{"@type":"Person","@id":"https:\/\/sinepe-rs.org.br\/educacaoempauta\/#\/schema\/person\/a9bb8c61d5b098df16c34ec9d7154a99","name":"Eduardo Wolff","image":{"@type":"ImageObject","inLanguage":"pt-BR","@id":"https:\/\/sinepe-rs.org.br\/educacaoempauta\/#\/schema\/person\/image\/","url":"https:\/\/secure.gravatar.com\/avatar\/dc93e7510d4af8ae2514871724e1fbe69e43cadf2bc69fa120c919f4a599d7ca?s=96&d=mm&r=g","contentUrl":"https:\/\/secure.gravatar.com\/avatar\/dc93e7510d4af8ae2514871724e1fbe69e43cadf2bc69fa120c919f4a599d7ca?s=96&d=mm&r=g","caption":"Eduardo Wolff"},"url":"https:\/\/sinepe-rs.org.br\/educacaoempauta\/author\/eduardo\/"}]}},"_links":{"self":[{"href":"https:\/\/sinepe-rs.org.br\/educacaoempauta\/wp-json\/wp\/v2\/posts\/7037","targetHints":{"allow":["GET"]}}],"collection":[{"href":"https:\/\/sinepe-rs.org.br\/educacaoempauta\/wp-json\/wp\/v2\/posts"}],"about":[{"href":"https:\/\/sinepe-rs.org.br\/educacaoempauta\/wp-json\/wp\/v2\/types\/post"}],"author":[{"embeddable":true,"href":"https:\/\/sinepe-rs.org.br\/educacaoempauta\/wp-json\/wp\/v2\/users\/4"}],"replies":[{"embeddable":true,"href":"https:\/\/sinepe-rs.org.br\/educacaoempauta\/wp-json\/wp\/v2\/comments?post=7037"}],"version-history":[{"count":7,"href":"https:\/\/sinepe-rs.org.br\/educacaoempauta\/wp-json\/wp\/v2\/posts\/7037\/revisions"}],"predecessor-version":[{"id":7152,"href":"https:\/\/sinepe-rs.org.br\/educacaoempauta\/wp-json\/wp\/v2\/posts\/7037\/revisions\/7152"}],"wp:featuredmedia":[{"embeddable":true,"href":"https:\/\/sinepe-rs.org.br\/educacaoempauta\/wp-json\/wp\/v2\/media\/7042"}],"wp:attachment":[{"href":"https:\/\/sinepe-rs.org.br\/educacaoempauta\/wp-json\/wp\/v2\/media?parent=7037"}],"wp:term":[{"taxonomy":"category","embeddable":true,"href":"https:\/\/sinepe-rs.org.br\/educacaoempauta\/wp-json\/wp\/v2\/categories?post=7037"},{"taxonomy":"post_tag","embeddable":true,"href":"https:\/\/sinepe-rs.org.br\/educacaoempauta\/wp-json\/wp\/v2\/tags?post=7037"}],"curies":[{"name":"wp","href":"https:\/\/api.w.org\/{rel}","templated":true}]}}