{"id":7235,"date":"2025-11-13T07:08:00","date_gmt":"2025-11-13T10:08:00","guid":{"rendered":"https:\/\/sinepe-rs.org.br\/educacaoempauta\/?p=7235"},"modified":"2025-11-27T10:17:55","modified_gmt":"2025-11-27T13:17:55","slug":"escolas-investem-em-arquitetura-para-fazer-dos-ambientes-parte-do-aprendizado","status":"publish","type":"post","link":"https:\/\/sinepe-rs.org.br\/educacaoempauta\/inspire-se\/escolas-investem-em-arquitetura-para-fazer-dos-ambientes-parte-do-aprendizado\/","title":{"rendered":"Escolas investem em arquitetura para fazer dos ambientes parte do aprendizado"},"content":{"rendered":"\n<p>Apesar de ser algo que s\u00f3 \u00e9 notado na fase adulta, o ambiente em que estamos influ\u00eancia desde o in\u00edcio da nossa vida. Se um local de trabalho legal, arejado e iluminado d\u00e1 mais \u00e2nimo, assim como um quarto de beb\u00ea com cores claras, luz baixa e sil\u00eancio auxilia no h\u00e1bito do sono, a escola tamb\u00e9m tem na sua arquitetura um impacto.<\/p>\n\n\n\n<p>A ideia de &#8220;arquitetura como terceiro educador&#8221; vem da pedagogia Reggio Emilia e defende que o ambiente f\u00edsico de uma escola \u00e9 t\u00e3o importante para o desenvolvimento da crian\u00e7a quanto a figura do professor (o primeiro educador) e dos pais (o segundo educador). <mark style=\"background-color:#ff6900\" class=\"has-inline-color\">Espa\u00e7os projetados para serem flex\u00edveis, colaborativos e inspiradores estimulam a curiosidade, a autonomia e a intera\u00e7\u00e3o, transformando a escola em um laborat\u00f3rio de descobertas<\/mark>.<\/p>\n\n\n\n<p>A discuss\u00e3o sobre o ambiente f\u00edsico como &#8220;terceiro educador&#8221; ganha profundidade ao olharmos para os aspectos t\u00e9cnicos e conceituais que transformam um simples pr\u00e9dio escolar em uma ferramenta de ensino. O professor Nicolas Palermo, da Faculdade de Arquitetura da Universidade Federal do Rio Grande do Sul (UFRGS), detalha os pilares de um design escolar intencional.<\/p>\n\n\n\n<p>&#8220;Alguns estudiosos falam em arquitetura did\u00e1tica, que seria aquela na qual se pode ler de maneira clara e visual quais as diretrizes com as quais foi pensada. Tamb\u00e9m seria poss\u00edvel falar em arquitetura docente, que de maneira mais neutra e ampla qualifica edif\u00edcios ou projetos dedicados ao ensino&#8221;, explica.<\/p>\n\n\n\n<p>Em rela\u00e7\u00e3o ao custo-benef\u00edcio de grandes reformas ou novos projetos, Palermo afirma que, embora a inova\u00e7\u00e3o arquitet\u00f4nica seja um diferencial competitivo para escolas e universidades no mercado, o foco principal \u00e9 pedag\u00f3gico. &#8220;Al\u00e9m de procurar destaque no mercado, esses investimentos visam efetivamente melhorar as condi\u00e7\u00f5es de aprendizagem e trabalho para alunos, docentes e colaboradores&#8221;, finaliza.<\/p>\n\n\n\n<h2 class=\"wp-block-heading has-medium-font-size\"><strong>&#8220;Higieniza\u00e7\u00e3o&#8221; dos ambientes<\/strong><\/h2>\n\n\n\n<p>O ponto de partida \u00e9 o bem-estar f\u00edsico, que impacta a concentra\u00e7\u00e3o. Palermo destaca a import\u00e2ncia de elementos b\u00e1sicos para &#8220;higienizar&#8221; os ambientes.<\/p>\n\n\n\n<p>&#8220;Primeiramente, \u00e9 necess\u00e1rio que os espa\u00e7os de ensino tenham boa ilumina\u00e7\u00e3o natural e ventila\u00e7\u00e3o cruzada \u2013 aquela proveniente de duas janelas colocadas em paredes opostas. Ambos higienizam os ambientes de sala de aula. A insola\u00e7\u00e3o, se bem controlada, oferece a luminosidade perfeita para o trabalho dos alunos&#8221;, comenta.<\/p>\n\n\n\n<p>Al\u00e9m da funcionalidade, o fator est\u00e9tico e o tato s\u00e3o fundamentais para a cria\u00e7\u00e3o de um ambiente acolhedor. &#8220;A qualidade espacial vir\u00e1 de planos opacos (paredes, pisos e tetos) tratados devidamente com <mark style=\"background-color:#ff6900\" class=\"has-inline-color\">acabamentos como a madeira ou cores que tragam sensa\u00e7\u00e3o de aconchego<\/mark>&#8220;, explica. Esses elementos, segundo ele, s\u00e3o capazes de instigar a criatividade, dando ao mesmo tempo certa sensa\u00e7\u00e3o de tranquilidade.<\/p>\n\n\n\n<h2 class=\"wp-block-heading has-medium-font-size\"><strong>Flexibilidade e autonomia<\/strong><\/h2>\n\n\n\n<p>O mobili\u00e1rio e a organiza\u00e7\u00e3o interna da sala s\u00e3o os instrumentos mais diretos para fomentar a colabora\u00e7\u00e3o. O professor enfatiza a necessidade de flexibilidade.<\/p>\n\n\n\n<p>&#8220;O mobili\u00e1rio deve ser flex\u00edvel, isto \u00e9, permitir que se possa adotar diferentes configura\u00e7\u00f5es. Por exemplo: mesas que podem ser colocadas separadas para que todos os alunos se sentem separados ao prestar um exame, mas que tamb\u00e9m permitem ser agrupadas, formando grandes tampos para desenvolvimento de trabalhos coletivos&#8221;, ressalta.<\/p>\n\n\n\n<p><mark style=\"background-color:#ff6900\" class=\"has-inline-color\">Essa capacidade de reconfigura\u00e7\u00e3o estimula a integra\u00e7\u00e3o e a troca de saberes. Paralelamente, a organiza\u00e7\u00e3o de materiais deve refor\u00e7ar a autonomia<\/mark>. &#8220;Estantes e prateleiras que oferecem livre acesso a livros e materiais pedag\u00f3gicos estimulam nos alunos a determina\u00e7\u00e3o e a autonomia para que resolvam problemas ou desafios propostos em aula&#8221;, sugere Palermo.<\/p>\n\n\n\n<h2 class=\"wp-block-heading has-medium-font-size\"><strong>Neuroci\u00eancia e natureza<\/strong><\/h2>\n\n\n\n<p>Embora a rela\u00e7\u00e3o entre cores, luz e estado emocional seja estudada por arquitetos desde o in\u00edcio do s\u00e9culo 20, seus benef\u00edcios ao corpo e \u00e0 mente s\u00e3o hoje confirmados pela neuroci\u00eancia. A conex\u00e3o com o exterior \u00e9 igualmente crucial.<\/p>\n\n\n\n<p>&#8220;A presen\u00e7a de vegeta\u00e7\u00e3o em p\u00e1tios ou jardins externos cont\u00edguos aos espa\u00e7os docentes (e vis\u00edveis desde estes) \u00e9 bastante importante. <mark style=\"background-color:#ff6900\" class=\"has-inline-color\">\u00c9 fundamental que os alunos tenham acesso direto a \u00e1rvores, canteiros e hortas. Al\u00e9m de proporcionar bem-estar, ajudam a estreitar a rela\u00e7\u00e3o com o meio-ambiente<\/mark>&#8220;, destaca.<\/p>\n\n\n\n<p><mark style=\"background-color:#fcb900\" class=\"has-inline-color\"><strong>Leia tamb\u00e9m:<\/strong><br><strong>&gt;&gt; <\/strong><a href=\"https:\/\/sinepe-rs.org.br\/educacaoempauta\/sem-categoria\/escolas-mineiras-servem-de-inspiracao-em-missao-educacional-do-rs\/\" target=\"_blank\" rel=\"noreferrer noopener\"><strong>Escolas mineiras servem de inspira\u00e7\u00e3o em miss\u00e3o educacional do RS<\/strong><\/a><br><strong>&gt;&gt; <\/strong><a href=\"https:\/\/sinepe-rs.org.br\/educacaoempauta\/inspire-se\/colegio-adota-educacao-baseada-em-resolucoes-de-problemas-reais\/\" target=\"_blank\" rel=\"noreferrer noopener\"><strong>Col\u00e9gio adota educa\u00e7\u00e3o baseada em resolu\u00e7\u00f5es de problemas reais<\/strong><\/a><br><strong>&gt;&gt; <\/strong><a href=\"https:\/\/sinepe-rs.org.br\/educacaoempauta\/inspire-se\/escolas-criam-formas-criativas-para-estimular-a-aprendizagem\/\" target=\"_blank\" rel=\"noreferrer noopener\"><strong>Escolas criam formas criativas para estimular a aprendizagem<\/strong><\/a><\/mark><\/p>\n\n\n\n<h2 class=\"wp-block-heading has-medium-font-size\"><strong>Arquitetura como proposta pedag\u00f3gica<\/strong><\/h2>\n\n\n\n<p>A aplica\u00e7\u00e3o pr\u00e1tica da arquitetura como \u201cterceiro educador\u201d j\u00e1 \u00e9 uma realidade em diversas institui\u00e7\u00f5es do Rio Grande do Sul, seja na capital ou no interior. Um dos exemplos mais recentes \u00e9 a inaugura\u00e7\u00e3o do novo pr\u00e9dio exclusivo para a Educa\u00e7\u00e3o Infantil do Col\u00e9gio Farroupilha, em Porto Alegre, prevista para fevereiro de 2026.<\/p>\n\n\n\n<p>A iniciativa do Farroupilha, que celebra seus 140 anos, materializa o conceito discutido pelo professor da UFRGS. O novo edif\u00edcio de 27 mil metros quadrados foi projetado n\u00e3o apenas para abrigar alunos, mas para atuar como um agente ativo de aprendizagem.<\/p>\n\n\n\n<p>&#8220;<mark style=\"background-color:#ff6900\" class=\"has-inline-color\">O projeto foi cuidadosamente elaborado com a participa\u00e7\u00e3o dos professores para promover o desenvolvimento integral das crian\u00e7as<\/mark>. Buscamos tamb\u00e9m refer\u00eancias no mundo, como Finl\u00e2ndia e It\u00e1lia&#8221;, explica a diretora-geral do Col\u00e9gio Farroupilha, Mar\u00edcia Ferri.<\/p>\n\n\n\n<p>Cada uma das 22 salas de aula ter\u00e1 piso aquecido, uma varanda com deck e um gramado particular. Al\u00e9m disso, espa\u00e7os l\u00fadicos e provocadores foram criados com prop\u00f3sito pedag\u00f3gico, como a cozinha de lama, o minianfiteatro e a casa na \u00e1rvore.<\/p>\n\n\n\n<p>O terra\u00e7o funcionar\u00e1 como uma grande &#8220;pra\u00e7a&#8221; de conviv\u00eancia, incluindo um chafariz com \u00e1gua aquecida, ponte de cordas e a minicidade (com restaurante, pet shop e cl\u00ednica m\u00e9dica) para estimular o desenvolvimento da cidadania e a compreens\u00e3o do mundo. Em linha com a import\u00e2ncia da biofilia, haver\u00e1 uma horta que receber\u00e1 os cuidados das pr\u00f3prias crian\u00e7as, fornecendo alimentos a serem consumidos por elas, estreitando a rela\u00e7\u00e3o com o meio ambiente e o ciclo alimentar.<\/p>\n\n\n<div class=\"wp-block-image\">\n<figure class=\"aligncenter size-full is-resized\"><img loading=\"lazy\" decoding=\"async\" width=\"330\" height=\"330\" src=\"https:\/\/sinepe-rs.org.br\/educacaoempauta\/wp-content\/uploads\/2025\/11\/colegio-farroupilha-2.jpg\" alt=\"\" class=\"wp-image-7246\" style=\"width:519px;height:auto\" srcset=\"https:\/\/sinepe-rs.org.br\/educacaoempauta\/wp-content\/uploads\/2025\/11\/colegio-farroupilha-2.jpg 330w, https:\/\/sinepe-rs.org.br\/educacaoempauta\/wp-content\/uploads\/2025\/11\/colegio-farroupilha-2-300x300.jpg 300w, https:\/\/sinepe-rs.org.br\/educacaoempauta\/wp-content\/uploads\/2025\/11\/colegio-farroupilha-2-150x150.jpg 150w\" sizes=\"auto, (max-width: 330px) 100vw, 330px\" \/><\/figure>\n<\/div>\n\n\n<p class=\"has-text-align-center has-small-font-size\"><em>Proje\u00e7\u00e3o do novo pr\u00e9dio que est\u00e1 sendo constru\u00eddo na capital ga\u00facha | Col\u00e9gio Farroupilha\/Divulga\u00e7\u00e3o<\/em><\/p>\n\n\n\n<p>O investimento do Col\u00e9gio Farroupilha na nova estrutura n\u00e3o se limita ao design pedag\u00f3gico; <mark style=\"background-color:#ff6900\" class=\"has-inline-color\">ele se estende ao compromisso com a sa\u00fade e a sustentabilidade, buscando o alinhamento com padr\u00f5es internacionais de excel\u00eancia<\/mark>. Uma das pr\u00e1ticas adotadas \u00e9 a implementa\u00e7\u00e3o de um dos sistemas de tratamento de efluentes mais avan\u00e7ados, disponibilizando \u00e1gua de reuso de excelente qualidade para irriga\u00e7\u00e3o, limpeza e sanit\u00e1rios.<\/p>\n\n\n\n<p>O edif\u00edcio foi planejado para receber a certifica\u00e7\u00e3o Leadership in Energy and Environmental Design (LEED), atestando seu design e constru\u00e7\u00e3o sustent\u00e1veis e de baixo impacto ambiental.<br><\/p>\n\n\n\n<h2 class=\"wp-block-heading has-medium-font-size\"><strong>Pr\u00e9dio educacional \u201cdos sonhos\u201d<\/strong><\/h2>\n\n\n\n<p>O interior do estado tamb\u00e9m demonstra a concretiza\u00e7\u00e3o de um design pedag\u00f3gico intencional. A Escola Santa M\u00f4nica, de Pelotas, exemplifica como a constru\u00e7\u00e3o do zero permite uma arquitetura totalmente alinhada \u00e0 filosofia de ensino.<\/p>\n\n\n\n<p>O diretor da institui\u00e7\u00e3o de ensino, Enio Ferreira, relata que a \u00faltima unidade, agora com oito anos de funcionamento, partiu da ambi\u00e7\u00e3o de construir um &#8220;pr\u00e9dio educacional dos sonhos&#8221; em um espa\u00e7o de 40 mil metros quadrados. A experi\u00eancia de modificar pr\u00e9dios antigos deu lugar a um projeto focado em m\u00e1xima efici\u00eancia e conforto, partindo das condi\u00e7\u00f5es ideais de localiza\u00e7\u00e3o. &#8220;O foco era posi\u00e7\u00e3o solar, posi\u00e7\u00e3o dos ventos, fazer um pr\u00e9dio com autonomia de totalmente para a sustentabilidade, onde ele tivesse conforto t\u00e9rmico, ac\u00fastico, conforto de luz&#8221;, comenta Ferreira.<\/p>\n\n\n\n<figure class=\"wp-block-embed is-type-video is-provider-youtube wp-block-embed-youtube wp-embed-aspect-16-9 wp-has-aspect-ratio\"><div class=\"wp-block-embed__wrapper\">\n<iframe loading=\"lazy\" title=\"Escola Santa M\u00f4nica - Unidade Altos do Laranjal | 5 ANOS |\" width=\"500\" height=\"281\" src=\"https:\/\/www.youtube.com\/embed\/i6iS2sc9H60?start=125&#038;feature=oembed\" frameborder=\"0\" allow=\"accelerometer; autoplay; clipboard-write; encrypted-media; gyroscope; picture-in-picture; web-share\" referrerpolicy=\"strict-origin-when-cross-origin\" allowfullscreen><\/iframe>\n<\/div><\/figure>\n\n\n\n<p>O projeto materializou essa vis\u00e3o por meio de uma constru\u00e7\u00e3o mista, utilizando alvenaria e <em>drywall<\/em>, com tetos de forro ac\u00fastico e isolamento termoac\u00fastico. <mark style=\"background-color:#ff6900\" class=\"has-inline-color\">A meta era &#8220;despontar no aluno a maior tranquilidade&#8221; e garantir que o pr\u00e9dio estivesse integrado ao contexto verde de Pelotas, um ambiente prop\u00edcio \u00e0 aprendizagem<\/mark>.<\/p>\n\n\n\n<p>O grande diferencial dessa unidade est\u00e1 na organiza\u00e7\u00e3o did\u00e1tica do espa\u00e7o, que \u00e9 segmentado em &#8220;universos&#8221; que acompanham o ciclo de desenvolvimento do aluno:&nbsp;<\/p>\n\n\n\n<ul class=\"wp-block-list\">\n<li class=\"has-medium-font-size\"><strong>Universo do Descobrimento (Educa\u00e7\u00e3o Infantil)<\/strong>: destinado aos anos iniciais, o bloco \u00e9 pensado para atrair e confortar a crian\u00e7a que chega \u00e0 escola. Ele foi constru\u00eddo todo para trazer este ambiente de conforto, atrativo e colorido, realmente para a crian\u00e7a se sentir muito bem.<br><br><\/li>\n\n\n\n<li class=\"has-medium-font-size\"><strong>Universo do Conhecimento (Ensino Fundamental e M\u00e9dio)<\/strong>: as salas de aula regulares, onde acontece a maior parte do ciclo de 12 anos, s\u00e3o dedicadas ao aprofundamento do conte\u00fado.<br><br><\/li>\n\n\n\n<li class=\"has-medium-font-size\"><strong>Universo das Habilidades e Compet\u00eancias (Salas Tem\u00e1ticas e Laborat\u00f3rios)<\/strong>: este bloco concentra os espa\u00e7os pr\u00e1ticos e de desenvolvimento de soft skills, refor\u00e7ando a autonomia e a cultura maker: laborat\u00f3rios de ci\u00eancias, laborat\u00f3rios espec\u00edficos, espa\u00e7os de inova\u00e7\u00e3o, sala multissensorial e espa\u00e7os de multiconviv\u00eancia.<\/li>\n<\/ul>\n\n\n\n<p><br>Complementando a arquitetura interna, h\u00e1 um forte investimento nas \u00e1reas externas, fundamentais para o desenvolvimento integral e o lazer. Toda a \u00e1rea verde da institui\u00e7\u00e3o \u00e9 utilizada pedagogicamente, contemplando a Horta Pedag\u00f3gica e a Fazendinha, criando um universo escolar multidisciplinar e integrado.<\/p>\n\n\n\n<p><\/p>\n\n\n\n<figure class=\"wp-block-image size-full\"><img loading=\"lazy\" decoding=\"async\" width=\"935\" height=\"607\" src=\"https:\/\/sinepe-rs.org.br\/educacaoempauta\/wp-content\/uploads\/2025\/11\/INFO-3-orientacoes-para-um-ambiente-escolar.jpg\" alt=\"\" class=\"wp-image-7236\" srcset=\"https:\/\/sinepe-rs.org.br\/educacaoempauta\/wp-content\/uploads\/2025\/11\/INFO-3-orientacoes-para-um-ambiente-escolar.jpg 935w, https:\/\/sinepe-rs.org.br\/educacaoempauta\/wp-content\/uploads\/2025\/11\/INFO-3-orientacoes-para-um-ambiente-escolar-300x195.jpg 300w, https:\/\/sinepe-rs.org.br\/educacaoempauta\/wp-content\/uploads\/2025\/11\/INFO-3-orientacoes-para-um-ambiente-escolar-768x499.jpg 768w\" sizes=\"auto, (max-width: 935px) 100vw, 935px\" \/><\/figure>\n\n\n\n<h3 class=\"wp-block-heading has-medium-font-size\"><strong>&gt;&gt; Conta para a gente<\/strong><\/h3>\n\n\n\n<p>A sua institui\u00e7\u00e3o de ensino possui iniciativas de sucesso relacionadas \u00e0 reformula\u00e7\u00e3o na estrutura f\u00edsica? Ent\u00e3o, a sua hist\u00f3ria pode ser compartilhada aqui no Educa\u00e7\u00e3o em Pauta. <a href=\"mailto:educacaoempauta@sinepe-rs.org.br\" target=\"_blank\" rel=\"noreferrer noopener\">Clique aqui.<\/a><\/p>\n\n\n\n<p><\/p>\n","protected":false},"excerpt":{"rendered":"<p>Institui\u00e7\u00f5es de ensino ga\u00fachas v\u00eam passando por reformula\u00e7\u00e3o na estrutura f\u00edsica para contribuir na aprendizagem por meio do ambiente<\/p>\n","protected":false},"author":4,"featured_media":7237,"comment_status":"closed","ping_status":"closed","sticky":false,"template":"","format":"standard","meta":{"footnotes":""},"categories":[7],"tags":[873,43,874],"class_list":["post-7235","post","type-post","status-publish","format-standard","has-post-thumbnail","hentry","category-inspire-se","tag-arquitetura-escolar","tag-sinepe-rs-2","tag-terceiro-educador"],"acf":[],"yoast_head":"<!-- This site is optimized with the Yoast SEO plugin v24.6 - https:\/\/yoast.com\/wordpress\/plugins\/seo\/ -->\n<title>Como a arquitetura ajuda ambiente escolar a ser parte do ensino<\/title>\n<meta name=\"description\" content=\"Escolas ga\u00fachas v\u00eam passando por reformula\u00e7\u00e3o de estruturas f\u00edsicas para que espa\u00e7os contribuam na aprendizagem dos estudantes\" \/>\n<meta name=\"robots\" content=\"index, follow, max-snippet:-1, max-image-preview:large, max-video-preview:-1\" \/>\n<link rel=\"canonical\" href=\"https:\/\/sinepe-rs.org.br\/educacaoempauta\/inspire-se\/escolas-investem-em-arquitetura-para-fazer-dos-ambientes-parte-do-aprendizado\/\" \/>\n<meta property=\"og:locale\" content=\"pt_BR\" \/>\n<meta property=\"og:type\" content=\"article\" \/>\n<meta property=\"og:title\" content=\"Como a arquitetura ajuda ambiente escolar a ser parte do ensino\" \/>\n<meta property=\"og:description\" content=\"Escolas ga\u00fachas v\u00eam passando por reformula\u00e7\u00e3o de estruturas f\u00edsicas para que espa\u00e7os contribuam na aprendizagem dos estudantes\" \/>\n<meta property=\"og:url\" content=\"https:\/\/sinepe-rs.org.br\/educacaoempauta\/inspire-se\/escolas-investem-em-arquitetura-para-fazer-dos-ambientes-parte-do-aprendizado\/\" \/>\n<meta property=\"og:site_name\" content=\"Educa\u00e7\u00e3o em Pauta: Portal de reportagens de Educa\u00e7\u00e3o\" \/>\n<meta property=\"article:published_time\" content=\"2025-11-13T10:08:00+00:00\" \/>\n<meta property=\"article:modified_time\" content=\"2025-11-27T13:17:55+00:00\" \/>\n<meta property=\"og:image\" content=\"https:\/\/sinepe-rs.org.br\/educacaoempauta\/wp-content\/uploads\/2025\/11\/530_sinepers_padrinho_arquiteturaescolar.png\" \/>\n\t<meta property=\"og:image:width\" content=\"1366\" \/>\n\t<meta property=\"og:image:height\" content=\"450\" \/>\n\t<meta property=\"og:image:type\" content=\"image\/png\" \/>\n<meta name=\"author\" content=\"Eduardo Wolff\" \/>\n<meta name=\"twitter:card\" content=\"summary_large_image\" \/>\n<meta name=\"twitter:label1\" content=\"Escrito por\" \/>\n\t<meta name=\"twitter:data1\" content=\"Eduardo Wolff\" \/>\n\t<meta name=\"twitter:label2\" content=\"Est. tempo de leitura\" \/>\n\t<meta name=\"twitter:data2\" content=\"9 minutos\" \/>\n<script type=\"application\/ld+json\" class=\"yoast-schema-graph\">{\"@context\":\"https:\/\/schema.org\",\"@graph\":[{\"@type\":\"WebPage\",\"@id\":\"https:\/\/sinepe-rs.org.br\/educacaoempauta\/inspire-se\/escolas-investem-em-arquitetura-para-fazer-dos-ambientes-parte-do-aprendizado\/\",\"url\":\"https:\/\/sinepe-rs.org.br\/educacaoempauta\/inspire-se\/escolas-investem-em-arquitetura-para-fazer-dos-ambientes-parte-do-aprendizado\/\",\"name\":\"Como a arquitetura ajuda ambiente escolar a ser parte do ensino\",\"isPartOf\":{\"@id\":\"https:\/\/sinepe-rs.org.br\/educacaoempauta\/#website\"},\"primaryImageOfPage\":{\"@id\":\"https:\/\/sinepe-rs.org.br\/educacaoempauta\/inspire-se\/escolas-investem-em-arquitetura-para-fazer-dos-ambientes-parte-do-aprendizado\/#primaryimage\"},\"image\":{\"@id\":\"https:\/\/sinepe-rs.org.br\/educacaoempauta\/inspire-se\/escolas-investem-em-arquitetura-para-fazer-dos-ambientes-parte-do-aprendizado\/#primaryimage\"},\"thumbnailUrl\":\"https:\/\/sinepe-rs.org.br\/educacaoempauta\/wp-content\/uploads\/2025\/11\/530_sinepers_padrinho_arquiteturaescolar.png\",\"datePublished\":\"2025-11-13T10:08:00+00:00\",\"dateModified\":\"2025-11-27T13:17:55+00:00\",\"author\":{\"@id\":\"https:\/\/sinepe-rs.org.br\/educacaoempauta\/#\/schema\/person\/a9bb8c61d5b098df16c34ec9d7154a99\"},\"description\":\"Escolas ga\u00fachas v\u00eam passando por reformula\u00e7\u00e3o de estruturas f\u00edsicas para que espa\u00e7os contribuam na aprendizagem dos estudantes\",\"breadcrumb\":{\"@id\":\"https:\/\/sinepe-rs.org.br\/educacaoempauta\/inspire-se\/escolas-investem-em-arquitetura-para-fazer-dos-ambientes-parte-do-aprendizado\/#breadcrumb\"},\"inLanguage\":\"pt-BR\",\"potentialAction\":[{\"@type\":\"ReadAction\",\"target\":[\"https:\/\/sinepe-rs.org.br\/educacaoempauta\/inspire-se\/escolas-investem-em-arquitetura-para-fazer-dos-ambientes-parte-do-aprendizado\/\"]}]},{\"@type\":\"ImageObject\",\"inLanguage\":\"pt-BR\",\"@id\":\"https:\/\/sinepe-rs.org.br\/educacaoempauta\/inspire-se\/escolas-investem-em-arquitetura-para-fazer-dos-ambientes-parte-do-aprendizado\/#primaryimage\",\"url\":\"https:\/\/sinepe-rs.org.br\/educacaoempauta\/wp-content\/uploads\/2025\/11\/530_sinepers_padrinho_arquiteturaescolar.png\",\"contentUrl\":\"https:\/\/sinepe-rs.org.br\/educacaoempauta\/wp-content\/uploads\/2025\/11\/530_sinepers_padrinho_arquiteturaescolar.png\",\"width\":1366,\"height\":450,\"caption\":\"Escolas investem em arquitetura para fazer dos ambientes parte do aprendizado\"},{\"@type\":\"BreadcrumbList\",\"@id\":\"https:\/\/sinepe-rs.org.br\/educacaoempauta\/inspire-se\/escolas-investem-em-arquitetura-para-fazer-dos-ambientes-parte-do-aprendizado\/#breadcrumb\",\"itemListElement\":[{\"@type\":\"ListItem\",\"position\":1,\"name\":\"Home\",\"item\":\"https:\/\/sinepe-rs.org.br\/educacaoempauta\/\"},{\"@type\":\"ListItem\",\"position\":2,\"name\":\"Escolas investem em arquitetura para fazer dos ambientes parte do aprendizado\"}]},{\"@type\":\"WebSite\",\"@id\":\"https:\/\/sinepe-rs.org.br\/educacaoempauta\/#website\",\"url\":\"https:\/\/sinepe-rs.org.br\/educacaoempauta\/\",\"name\":\"Educa\u00e7\u00e3o em Pauta: Portal de reportagens de Educa\u00e7\u00e3o\",\"description\":\"Sinepe-RS\",\"potentialAction\":[{\"@type\":\"SearchAction\",\"target\":{\"@type\":\"EntryPoint\",\"urlTemplate\":\"https:\/\/sinepe-rs.org.br\/educacaoempauta\/?s={search_term_string}\"},\"query-input\":{\"@type\":\"PropertyValueSpecification\",\"valueRequired\":true,\"valueName\":\"search_term_string\"}}],\"inLanguage\":\"pt-BR\"},{\"@type\":\"Person\",\"@id\":\"https:\/\/sinepe-rs.org.br\/educacaoempauta\/#\/schema\/person\/a9bb8c61d5b098df16c34ec9d7154a99\",\"name\":\"Eduardo Wolff\",\"image\":{\"@type\":\"ImageObject\",\"inLanguage\":\"pt-BR\",\"@id\":\"https:\/\/sinepe-rs.org.br\/educacaoempauta\/#\/schema\/person\/image\/\",\"url\":\"https:\/\/secure.gravatar.com\/avatar\/dc93e7510d4af8ae2514871724e1fbe69e43cadf2bc69fa120c919f4a599d7ca?s=96&d=mm&r=g\",\"contentUrl\":\"https:\/\/secure.gravatar.com\/avatar\/dc93e7510d4af8ae2514871724e1fbe69e43cadf2bc69fa120c919f4a599d7ca?s=96&d=mm&r=g\",\"caption\":\"Eduardo Wolff\"},\"url\":\"https:\/\/sinepe-rs.org.br\/educacaoempauta\/author\/eduardo\/\"}]}<\/script>\n<!-- \/ Yoast SEO plugin. -->","yoast_head_json":{"title":"Como a arquitetura ajuda ambiente escolar a ser parte do ensino","description":"Escolas ga\u00fachas v\u00eam passando por reformula\u00e7\u00e3o de estruturas f\u00edsicas para que espa\u00e7os contribuam na aprendizagem dos estudantes","robots":{"index":"index","follow":"follow","max-snippet":"max-snippet:-1","max-image-preview":"max-image-preview:large","max-video-preview":"max-video-preview:-1"},"canonical":"https:\/\/sinepe-rs.org.br\/educacaoempauta\/inspire-se\/escolas-investem-em-arquitetura-para-fazer-dos-ambientes-parte-do-aprendizado\/","og_locale":"pt_BR","og_type":"article","og_title":"Como a arquitetura ajuda ambiente escolar a ser parte do ensino","og_description":"Escolas ga\u00fachas v\u00eam passando por reformula\u00e7\u00e3o de estruturas f\u00edsicas para que espa\u00e7os contribuam na aprendizagem dos estudantes","og_url":"https:\/\/sinepe-rs.org.br\/educacaoempauta\/inspire-se\/escolas-investem-em-arquitetura-para-fazer-dos-ambientes-parte-do-aprendizado\/","og_site_name":"Educa\u00e7\u00e3o em Pauta: Portal de reportagens de Educa\u00e7\u00e3o","article_published_time":"2025-11-13T10:08:00+00:00","article_modified_time":"2025-11-27T13:17:55+00:00","og_image":[{"width":1366,"height":450,"url":"https:\/\/sinepe-rs.org.br\/educacaoempauta\/wp-content\/uploads\/2025\/11\/530_sinepers_padrinho_arquiteturaescolar.png","type":"image\/png"}],"author":"Eduardo Wolff","twitter_card":"summary_large_image","twitter_misc":{"Escrito por":"Eduardo Wolff","Est. tempo de leitura":"9 minutos"},"schema":{"@context":"https:\/\/schema.org","@graph":[{"@type":"WebPage","@id":"https:\/\/sinepe-rs.org.br\/educacaoempauta\/inspire-se\/escolas-investem-em-arquitetura-para-fazer-dos-ambientes-parte-do-aprendizado\/","url":"https:\/\/sinepe-rs.org.br\/educacaoempauta\/inspire-se\/escolas-investem-em-arquitetura-para-fazer-dos-ambientes-parte-do-aprendizado\/","name":"Como a arquitetura ajuda ambiente escolar a ser parte do ensino","isPartOf":{"@id":"https:\/\/sinepe-rs.org.br\/educacaoempauta\/#website"},"primaryImageOfPage":{"@id":"https:\/\/sinepe-rs.org.br\/educacaoempauta\/inspire-se\/escolas-investem-em-arquitetura-para-fazer-dos-ambientes-parte-do-aprendizado\/#primaryimage"},"image":{"@id":"https:\/\/sinepe-rs.org.br\/educacaoempauta\/inspire-se\/escolas-investem-em-arquitetura-para-fazer-dos-ambientes-parte-do-aprendizado\/#primaryimage"},"thumbnailUrl":"https:\/\/sinepe-rs.org.br\/educacaoempauta\/wp-content\/uploads\/2025\/11\/530_sinepers_padrinho_arquiteturaescolar.png","datePublished":"2025-11-13T10:08:00+00:00","dateModified":"2025-11-27T13:17:55+00:00","author":{"@id":"https:\/\/sinepe-rs.org.br\/educacaoempauta\/#\/schema\/person\/a9bb8c61d5b098df16c34ec9d7154a99"},"description":"Escolas ga\u00fachas v\u00eam passando por reformula\u00e7\u00e3o de estruturas f\u00edsicas para que espa\u00e7os contribuam na aprendizagem dos estudantes","breadcrumb":{"@id":"https:\/\/sinepe-rs.org.br\/educacaoempauta\/inspire-se\/escolas-investem-em-arquitetura-para-fazer-dos-ambientes-parte-do-aprendizado\/#breadcrumb"},"inLanguage":"pt-BR","potentialAction":[{"@type":"ReadAction","target":["https:\/\/sinepe-rs.org.br\/educacaoempauta\/inspire-se\/escolas-investem-em-arquitetura-para-fazer-dos-ambientes-parte-do-aprendizado\/"]}]},{"@type":"ImageObject","inLanguage":"pt-BR","@id":"https:\/\/sinepe-rs.org.br\/educacaoempauta\/inspire-se\/escolas-investem-em-arquitetura-para-fazer-dos-ambientes-parte-do-aprendizado\/#primaryimage","url":"https:\/\/sinepe-rs.org.br\/educacaoempauta\/wp-content\/uploads\/2025\/11\/530_sinepers_padrinho_arquiteturaescolar.png","contentUrl":"https:\/\/sinepe-rs.org.br\/educacaoempauta\/wp-content\/uploads\/2025\/11\/530_sinepers_padrinho_arquiteturaescolar.png","width":1366,"height":450,"caption":"Escolas investem em arquitetura para fazer dos ambientes parte do aprendizado"},{"@type":"BreadcrumbList","@id":"https:\/\/sinepe-rs.org.br\/educacaoempauta\/inspire-se\/escolas-investem-em-arquitetura-para-fazer-dos-ambientes-parte-do-aprendizado\/#breadcrumb","itemListElement":[{"@type":"ListItem","position":1,"name":"Home","item":"https:\/\/sinepe-rs.org.br\/educacaoempauta\/"},{"@type":"ListItem","position":2,"name":"Escolas investem em arquitetura para fazer dos ambientes parte do aprendizado"}]},{"@type":"WebSite","@id":"https:\/\/sinepe-rs.org.br\/educacaoempauta\/#website","url":"https:\/\/sinepe-rs.org.br\/educacaoempauta\/","name":"Educa\u00e7\u00e3o em Pauta: Portal de reportagens de Educa\u00e7\u00e3o","description":"Sinepe-RS","potentialAction":[{"@type":"SearchAction","target":{"@type":"EntryPoint","urlTemplate":"https:\/\/sinepe-rs.org.br\/educacaoempauta\/?s={search_term_string}"},"query-input":{"@type":"PropertyValueSpecification","valueRequired":true,"valueName":"search_term_string"}}],"inLanguage":"pt-BR"},{"@type":"Person","@id":"https:\/\/sinepe-rs.org.br\/educacaoempauta\/#\/schema\/person\/a9bb8c61d5b098df16c34ec9d7154a99","name":"Eduardo Wolff","image":{"@type":"ImageObject","inLanguage":"pt-BR","@id":"https:\/\/sinepe-rs.org.br\/educacaoempauta\/#\/schema\/person\/image\/","url":"https:\/\/secure.gravatar.com\/avatar\/dc93e7510d4af8ae2514871724e1fbe69e43cadf2bc69fa120c919f4a599d7ca?s=96&d=mm&r=g","contentUrl":"https:\/\/secure.gravatar.com\/avatar\/dc93e7510d4af8ae2514871724e1fbe69e43cadf2bc69fa120c919f4a599d7ca?s=96&d=mm&r=g","caption":"Eduardo Wolff"},"url":"https:\/\/sinepe-rs.org.br\/educacaoempauta\/author\/eduardo\/"}]}},"_links":{"self":[{"href":"https:\/\/sinepe-rs.org.br\/educacaoempauta\/wp-json\/wp\/v2\/posts\/7235","targetHints":{"allow":["GET"]}}],"collection":[{"href":"https:\/\/sinepe-rs.org.br\/educacaoempauta\/wp-json\/wp\/v2\/posts"}],"about":[{"href":"https:\/\/sinepe-rs.org.br\/educacaoempauta\/wp-json\/wp\/v2\/types\/post"}],"author":[{"embeddable":true,"href":"https:\/\/sinepe-rs.org.br\/educacaoempauta\/wp-json\/wp\/v2\/users\/4"}],"replies":[{"embeddable":true,"href":"https:\/\/sinepe-rs.org.br\/educacaoempauta\/wp-json\/wp\/v2\/comments?post=7235"}],"version-history":[{"count":23,"href":"https:\/\/sinepe-rs.org.br\/educacaoempauta\/wp-json\/wp\/v2\/posts\/7235\/revisions"}],"predecessor-version":[{"id":7349,"href":"https:\/\/sinepe-rs.org.br\/educacaoempauta\/wp-json\/wp\/v2\/posts\/7235\/revisions\/7349"}],"wp:featuredmedia":[{"embeddable":true,"href":"https:\/\/sinepe-rs.org.br\/educacaoempauta\/wp-json\/wp\/v2\/media\/7237"}],"wp:attachment":[{"href":"https:\/\/sinepe-rs.org.br\/educacaoempauta\/wp-json\/wp\/v2\/media?parent=7235"}],"wp:term":[{"taxonomy":"category","embeddable":true,"href":"https:\/\/sinepe-rs.org.br\/educacaoempauta\/wp-json\/wp\/v2\/categories?post=7235"},{"taxonomy":"post_tag","embeddable":true,"href":"https:\/\/sinepe-rs.org.br\/educacaoempauta\/wp-json\/wp\/v2\/tags?post=7235"}],"curies":[{"name":"wp","href":"https:\/\/api.w.org\/{rel}","templated":true}]}}