{"id":7359,"date":"2025-12-02T11:00:00","date_gmt":"2025-12-02T14:00:00","guid":{"rendered":"https:\/\/sinepe-rs.org.br\/educacaoempauta\/?p=7359"},"modified":"2025-12-16T09:07:48","modified_gmt":"2025-12-16T12:07:48","slug":"sinepe-rs-77-anos-segredo-da-longevidade-e-a-capacidade-de-se-adaptar","status":"publish","type":"post","link":"https:\/\/sinepe-rs.org.br\/educacaoempauta\/inspire-se\/sinepe-rs-77-anos-segredo-da-longevidade-e-a-capacidade-de-se-adaptar\/","title":{"rendered":"SINEPE\/RS 77 anos: segredo da longevidade \u00e9 a capacidade de se adaptar"},"content":{"rendered":"\n<p>Neste 3 de dezembro, <mark style=\"background-color:#ff6900\" class=\"has-inline-color\">o SINEPE\/RS completa 77 anos<\/mark>. Mais do que celebrar uma data, a entidade marca a consolida\u00e7\u00e3o de uma trajet\u00f3ria definida pela capacidade de adapta\u00e7\u00e3o. Se em 1948, ano de sua funda\u00e7\u00e3o, o prop\u00f3sito central era regular as quest\u00f5es trabalhistas entre col\u00e9gios e professores, hoje, em 2025, <mark style=\"background-color:#ff6900\" class=\"has-inline-color\">a institui\u00e7\u00e3o se posiciona como um centro de intelig\u00eancia focado na sustentabilidade das escolas, nas novas teorias de aprendizagem e na seguran\u00e7a jur\u00eddica do setor<\/mark>.<\/p>\n\n\n\n<p>Para o presidente Oswaldo Dalpiaz, a evolu\u00e7\u00e3o segue a l\u00f3gica darwiniana: sobrevive quem melhor se adapta. &#8220;<mark style=\"background-color:#ff6900\" class=\"has-inline-color\">O Sindicato sempre privilegiou duas coisas: a convic\u00e7\u00e3o inegoci\u00e1vel sobre seus valores e princ\u00edpios e, ao mesmo tempo, a flexibilidade na a\u00e7\u00e3o para acompanhar a cultura e o tempo<\/mark>&#8220;, define.<\/p>\n\n\n\n<h2 class=\"wp-block-heading has-medium-font-size\"><strong><strong>Refer\u00eancia para o Brasil<\/strong><\/strong><\/h2>\n\n\n\n<p>Essa postura ativa transformou o sindicato ga\u00facho em um modelo para o restante do pa\u00eds. O SINEPE\/RS n\u00e3o apenas integra a Federa\u00e7\u00e3o Nacional das Escolas Particulares (Fenep), mas lidera debates que transbordam as fronteiras do Estado. &#8220;Casos como a gest\u00e3o da pandemia e das enchentes tornaram-se exemplos \u00fanicos que sa\u00edram do RS para o Brasil todo&#8221;, destaca a presidente da Fenep, Amabile Pacios.<\/p>\n\n\n\n<p>A percep\u00e7\u00e3o \u00e9 compartilhada por outras lideran\u00e7as nacionais. Winder Almeida, presidente do SINEPE\/MG, descreve a <mark style=\"background-color:#ff6900\" class=\"has-inline-color\">entidade ga\u00facha como um &#8220;farol de viv\u00eancias&#8221;, destacando a influ\u00eancia pol\u00edtica e institucional do grupo<\/mark>. J\u00e1 Anna Lydia Collares, presidente do SINEPE\/RJ, refor\u00e7a a solidez da atua\u00e7\u00e3o ga\u00facha: &#8220;Sua atua\u00e7\u00e3o combina firmeza e di\u00e1logo qualificado, sempre com equil\u00edbrio e responsabilidade. <mark style=\"background-color:#ff6900\" class=\"has-inline-color\">\u00c9 uma refer\u00eancia de organiza\u00e7\u00e3o que inspira outros sindicatos, inclusive o do Rio de Janeiro<\/mark>&#8220;.<\/p>\n\n\n\n<h2 class=\"wp-block-heading has-medium-font-size\"><strong>Protagonismo nas pol\u00edticas educacionais<\/strong><\/h2>\n\n\n\n<p>Mais do que uma entidade de classe, o SINEPE\/RS assumiu um papel central na defini\u00e7\u00e3o dos rumos da educa\u00e7\u00e3o. F\u00e1tima Ehlert, presidente do Conselho Estadual de Educa\u00e7\u00e3o (CEEd\/RS), ressalta que <mark style=\"background-color:#ff6900\" class=\"has-inline-color\">o crescimento da entidade demonstra sua &#8220;capacidade de dialogar e apoiar os associados na defini\u00e7\u00e3o das pol\u00edticas educacionais&#8221;<\/mark>.<\/p>\n\n\n\n<p>Esse protagonismo \u00e9 vis\u00edvel na transi\u00e7\u00e3o de um perfil apenas reivindicat\u00f3rio para um perfil propositivo. Segundo Jonas R\u00fcckert, diretor executivo da Rede Sinodal, <mark style=\"background-color:#ff6900\" class=\"has-inline-color\">o sindicato atua hoje com foco no &#8220;direito ao ensino de qualidade&#8221;, pautando temas que impactam diretamente a sala de aula e a gest\u00e3o<\/mark>. Cristiane Corrales, promotora de Justi\u00e7a do Minist\u00e9rio P\u00fablico, complementa que a entidade se tornou <mark style=\"background-color:#ff6900\" class=\"has-inline-color\">fundamental na articula\u00e7\u00e3o com a rede de prote\u00e7\u00e3o e \u00f3rg\u00e3os p\u00fablicos, buscando solu\u00e7\u00f5es conjuntas para os desafios complexos da educa\u00e7\u00e3o<\/mark>.<\/p>\n\n\n\n<p><mark style=\"background-color:#fcb900\" class=\"has-inline-color\"><strong>Leia tamb\u00e9m:<\/strong><\/mark><br><strong><a href=\"https:\/\/sinepe-rs.org.br\/educacaoempauta\/com-a-palavra\/da-alfabetizacao-a-inclusao-dalpiaz-aponta-rumos-do-ensino-privado\/\" target=\"_blank\" rel=\"noreferrer noopener\"><mark style=\"background-color:#fcb900\" class=\"has-inline-color\">>> Da alfabetiza\u00e7\u00e3o \u00e0 inclus\u00e3o, Dalpiaz aponta rumos do ensino privado<\/mark><\/a><br><a href=\"https:\/\/sinepe-rs.org.br\/educacaoempauta\/inspire-se\/educacao-em-pauta-completa-3-anos\/\"><mark style=\"background-color:#fcb900\" class=\"has-inline-color\">>> Educa\u00e7\u00e3o em Pauta completa 3 anos<\/mark><\/a><\/strong><\/p>\n\n\n\n<h2 class=\"wp-block-heading has-medium-font-size\"><strong>Pioneirismo e inova\u00e7\u00e3o<\/strong><\/h2>\n\n\n\n<p>A moderniza\u00e7\u00e3o do sindicato passa, obrigatoriamente, pela tecnologia e pela oferta de servi\u00e7os que resolvem as dores da escola. <mark style=\"background-color:#ff6900\" class=\"has-inline-color\">O SINEPE\/RS foi pioneiro ao transformar a comunica\u00e7\u00e3o em ferramenta de gest\u00e3o, criando o portal <a href=\"https:\/\/sinepe-rs.org.br\/educacaoempauta\/\">Educa\u00e7\u00e3o em Pauta<\/a> e a plataforma de v\u00eddeos <a href=\"https:\/\/www.sinepersplay.com.br\/\">Sinepe Play<\/a>.<\/mark><\/p>\n\n\n\n<p>&#8220;O Sinepe Play tem a perspectiva do tempo curto, organizando v\u00eddeos de at\u00e9 20 minutos sobre assuntos pertinentes \u00e0 rotina escolar, para auxiliar na capacita\u00e7\u00e3o dos profissionais&#8221;, explica Dalpiaz.<\/p>\n\n\n\n<p>Outro marco dessa nova fase \u00e9 o <a href=\"https:\/\/premios.sinepe-rs.org.br\/\"><strong>Pr\u00eamio Inova\u00e7\u00e3o SINEPE\/RS<\/strong><\/a>. A premia\u00e7\u00e3o existe h\u00e1 mais de 20 anos, mas em 2022 assumiu novo formato, voltado \u00e0 valoriza\u00e7\u00e3o de pr\u00e1ticas inovadoras na educa\u00e7\u00e3o. Neste ano, o Pr\u00eamio recebeu 132 trabalhos inscritos. O sucesso do formato ga\u00facho cruzou fronteiras e serviu de base para a cria\u00e7\u00e3o do &#8220;Pr\u00eamio Projeto Brilhante&#8221;, do SINEPE\/MG. &#8220;O pr\u00eamio movimenta as escolas para uma competitividade sadia e incentiva absurdamente o nosso desenvolvimento&#8221;, afirma o presidente da entidade mineira.<\/p>\n\n\n\n<h2 class=\"wp-block-heading has-medium-font-size\"><\/h2>\n\n\n\n<h2 class=\"wp-block-heading has-medium-font-size\"><strong>Novos comit\u00eas para 2026<\/strong><\/h2>\n\n\n\n<p>Honrando o passado, mas com o olhar no futuro, a diretoria j\u00e1 projeta os pr\u00f3ximos passos. O foco para 2026 ser\u00e1 apoiar as escolas na apropria\u00e7\u00e3o de novas tecnologias e na melhoria dos processos de gest\u00e3o. Para isso, a estrutura interna ser\u00e1 ampliada.<\/p>\n\n\n\n<p>&#8220;<mark style=\"background-color:#ff6900\" class=\"has-inline-color\">Atualmente temos os comit\u00eas Jur\u00eddico e Pedag\u00f3gico. Para o ano que vem, teremos quatro: somam-se a eles o Comit\u00ea para o Ensino Profissionalizante e o Comit\u00ea para o Ensino Superior<\/mark>&#8220;, anuncia Dalpiaz.<\/p>\n\n\n\n<p>O objetivo final permanece o mesmo de 77 anos atr\u00e1s: garantir que as institui\u00e7\u00f5es de ensino privadas tenham condi\u00e7\u00f5es, liberdade e seguran\u00e7a para exercer sua miss\u00e3o de humanizar a sociedade atrav\u00e9s do conhecimento.<\/p>\n","protected":false},"excerpt":{"rendered":"<p>Fidelidade aos valores e flexibilidade na a\u00e7\u00e3o tornaram o sindicato ga\u00facho refer\u00eancia nacional em representatividade e inova\u00e7\u00e3o no cen\u00e1rio da educa\u00e7\u00e3o<\/p>\n","protected":false},"author":4,"featured_media":7360,"comment_status":"closed","ping_status":"closed","sticky":false,"template":"","format":"standard","meta":{"footnotes":""},"categories":[7],"tags":[160,61,17,43],"class_list":["post-7359","post","type-post","status-publish","format-standard","has-post-thumbnail","hentry","category-inspire-se","tag-aprendizagem","tag-educacao","tag-gestao","tag-sinepe-rs-2"],"acf":[],"yoast_head":"<!-- This site is optimized with the Yoast SEO plugin v24.6 - https:\/\/yoast.com\/wordpress\/plugins\/seo\/ -->\n<title>SINEPE\/RS 77 anos: segredo \u00e9 a capacidade de se adaptar<\/title>\n<meta name=\"description\" content=\"Fidelidade aos valores e flexibilidade na a\u00e7\u00e3o tornaram o sindicato ga\u00facho refer\u00eancia nacional em representatividade e inova\u00e7\u00e3o no cen\u00e1rio da educa\u00e7\u00e3o\" \/>\n<meta name=\"robots\" content=\"index, follow, max-snippet:-1, max-image-preview:large, max-video-preview:-1\" \/>\n<link rel=\"canonical\" href=\"https:\/\/sinepe-rs.org.br\/educacaoempauta\/inspire-se\/sinepe-rs-77-anos-segredo-da-longevidade-e-a-capacidade-de-se-adaptar\/\" \/>\n<meta property=\"og:locale\" content=\"pt_BR\" \/>\n<meta property=\"og:type\" content=\"article\" \/>\n<meta property=\"og:title\" content=\"SINEPE\/RS 77 anos: segredo da longevidade \u00e9 a capacidade de se adaptar\" \/>\n<meta property=\"og:description\" content=\"Fidelidade aos valores e flexibilidade na a\u00e7\u00e3o tornaram o sindicato ga\u00facho refer\u00eancia nacional em representatividade e inova\u00e7\u00e3o no cen\u00e1rio da educa\u00e7\u00e3o\" \/>\n<meta property=\"og:url\" content=\"https:\/\/sinepe-rs.org.br\/educacaoempauta\/inspire-se\/sinepe-rs-77-anos-segredo-da-longevidade-e-a-capacidade-de-se-adaptar\/\" \/>\n<meta property=\"og:site_name\" content=\"Educa\u00e7\u00e3o em Pauta: Portal de reportagens de Educa\u00e7\u00e3o\" \/>\n<meta property=\"article:published_time\" content=\"2025-12-02T14:00:00+00:00\" \/>\n<meta property=\"article:modified_time\" content=\"2025-12-16T12:07:48+00:00\" \/>\n<meta property=\"og:image\" content=\"https:\/\/sinepe-rs.org.br\/educacaoempauta\/wp-content\/uploads\/2025\/12\/VRC_3344-1-scaled.jpg\" \/>\n\t<meta property=\"og:image:width\" content=\"2560\" \/>\n\t<meta property=\"og:image:height\" content=\"1703\" \/>\n\t<meta property=\"og:image:type\" content=\"image\/jpeg\" \/>\n<meta name=\"author\" content=\"Eduardo Wolff\" \/>\n<meta name=\"twitter:card\" content=\"summary_large_image\" \/>\n<meta name=\"twitter:label1\" content=\"Escrito por\" \/>\n\t<meta name=\"twitter:data1\" content=\"Eduardo Wolff\" \/>\n\t<meta name=\"twitter:label2\" content=\"Est. tempo de leitura\" \/>\n\t<meta name=\"twitter:data2\" content=\"4 minutos\" \/>\n<script type=\"application\/ld+json\" class=\"yoast-schema-graph\">{\"@context\":\"https:\/\/schema.org\",\"@graph\":[{\"@type\":\"WebPage\",\"@id\":\"https:\/\/sinepe-rs.org.br\/educacaoempauta\/inspire-se\/sinepe-rs-77-anos-segredo-da-longevidade-e-a-capacidade-de-se-adaptar\/\",\"url\":\"https:\/\/sinepe-rs.org.br\/educacaoempauta\/inspire-se\/sinepe-rs-77-anos-segredo-da-longevidade-e-a-capacidade-de-se-adaptar\/\",\"name\":\"SINEPE\/RS 77 anos: segredo \u00e9 a capacidade de se adaptar\",\"isPartOf\":{\"@id\":\"https:\/\/sinepe-rs.org.br\/educacaoempauta\/#website\"},\"primaryImageOfPage\":{\"@id\":\"https:\/\/sinepe-rs.org.br\/educacaoempauta\/inspire-se\/sinepe-rs-77-anos-segredo-da-longevidade-e-a-capacidade-de-se-adaptar\/#primaryimage\"},\"image\":{\"@id\":\"https:\/\/sinepe-rs.org.br\/educacaoempauta\/inspire-se\/sinepe-rs-77-anos-segredo-da-longevidade-e-a-capacidade-de-se-adaptar\/#primaryimage\"},\"thumbnailUrl\":\"https:\/\/sinepe-rs.org.br\/educacaoempauta\/wp-content\/uploads\/2025\/12\/VRC_3344-1-scaled.jpg\",\"datePublished\":\"2025-12-02T14:00:00+00:00\",\"dateModified\":\"2025-12-16T12:07:48+00:00\",\"author\":{\"@id\":\"https:\/\/sinepe-rs.org.br\/educacaoempauta\/#\/schema\/person\/a9bb8c61d5b098df16c34ec9d7154a99\"},\"description\":\"Fidelidade aos valores e flexibilidade na a\u00e7\u00e3o tornaram o sindicato ga\u00facho refer\u00eancia nacional em representatividade e inova\u00e7\u00e3o no cen\u00e1rio da educa\u00e7\u00e3o\",\"breadcrumb\":{\"@id\":\"https:\/\/sinepe-rs.org.br\/educacaoempauta\/inspire-se\/sinepe-rs-77-anos-segredo-da-longevidade-e-a-capacidade-de-se-adaptar\/#breadcrumb\"},\"inLanguage\":\"pt-BR\",\"potentialAction\":[{\"@type\":\"ReadAction\",\"target\":[\"https:\/\/sinepe-rs.org.br\/educacaoempauta\/inspire-se\/sinepe-rs-77-anos-segredo-da-longevidade-e-a-capacidade-de-se-adaptar\/\"]}]},{\"@type\":\"ImageObject\",\"inLanguage\":\"pt-BR\",\"@id\":\"https:\/\/sinepe-rs.org.br\/educacaoempauta\/inspire-se\/sinepe-rs-77-anos-segredo-da-longevidade-e-a-capacidade-de-se-adaptar\/#primaryimage\",\"url\":\"https:\/\/sinepe-rs.org.br\/educacaoempauta\/wp-content\/uploads\/2025\/12\/VRC_3344-1-scaled.jpg\",\"contentUrl\":\"https:\/\/sinepe-rs.org.br\/educacaoempauta\/wp-content\/uploads\/2025\/12\/VRC_3344-1-scaled.jpg\",\"width\":2560,\"height\":1703},{\"@type\":\"BreadcrumbList\",\"@id\":\"https:\/\/sinepe-rs.org.br\/educacaoempauta\/inspire-se\/sinepe-rs-77-anos-segredo-da-longevidade-e-a-capacidade-de-se-adaptar\/#breadcrumb\",\"itemListElement\":[{\"@type\":\"ListItem\",\"position\":1,\"name\":\"Home\",\"item\":\"https:\/\/sinepe-rs.org.br\/educacaoempauta\/\"},{\"@type\":\"ListItem\",\"position\":2,\"name\":\"SINEPE\/RS 77 anos: segredo da longevidade \u00e9 a capacidade de se adaptar\"}]},{\"@type\":\"WebSite\",\"@id\":\"https:\/\/sinepe-rs.org.br\/educacaoempauta\/#website\",\"url\":\"https:\/\/sinepe-rs.org.br\/educacaoempauta\/\",\"name\":\"Educa\u00e7\u00e3o em Pauta: Portal de reportagens de Educa\u00e7\u00e3o\",\"description\":\"Sinepe-RS\",\"potentialAction\":[{\"@type\":\"SearchAction\",\"target\":{\"@type\":\"EntryPoint\",\"urlTemplate\":\"https:\/\/sinepe-rs.org.br\/educacaoempauta\/?s={search_term_string}\"},\"query-input\":{\"@type\":\"PropertyValueSpecification\",\"valueRequired\":true,\"valueName\":\"search_term_string\"}}],\"inLanguage\":\"pt-BR\"},{\"@type\":\"Person\",\"@id\":\"https:\/\/sinepe-rs.org.br\/educacaoempauta\/#\/schema\/person\/a9bb8c61d5b098df16c34ec9d7154a99\",\"name\":\"Eduardo Wolff\",\"image\":{\"@type\":\"ImageObject\",\"inLanguage\":\"pt-BR\",\"@id\":\"https:\/\/sinepe-rs.org.br\/educacaoempauta\/#\/schema\/person\/image\/\",\"url\":\"https:\/\/secure.gravatar.com\/avatar\/dc93e7510d4af8ae2514871724e1fbe69e43cadf2bc69fa120c919f4a599d7ca?s=96&d=mm&r=g\",\"contentUrl\":\"https:\/\/secure.gravatar.com\/avatar\/dc93e7510d4af8ae2514871724e1fbe69e43cadf2bc69fa120c919f4a599d7ca?s=96&d=mm&r=g\",\"caption\":\"Eduardo Wolff\"},\"url\":\"https:\/\/sinepe-rs.org.br\/educacaoempauta\/author\/eduardo\/\"}]}<\/script>\n<!-- \/ Yoast SEO plugin. -->","yoast_head_json":{"title":"SINEPE\/RS 77 anos: segredo \u00e9 a capacidade de se adaptar","description":"Fidelidade aos valores e flexibilidade na a\u00e7\u00e3o tornaram o sindicato ga\u00facho refer\u00eancia nacional em representatividade e inova\u00e7\u00e3o no cen\u00e1rio da educa\u00e7\u00e3o","robots":{"index":"index","follow":"follow","max-snippet":"max-snippet:-1","max-image-preview":"max-image-preview:large","max-video-preview":"max-video-preview:-1"},"canonical":"https:\/\/sinepe-rs.org.br\/educacaoempauta\/inspire-se\/sinepe-rs-77-anos-segredo-da-longevidade-e-a-capacidade-de-se-adaptar\/","og_locale":"pt_BR","og_type":"article","og_title":"SINEPE\/RS 77 anos: segredo da longevidade \u00e9 a capacidade de se adaptar","og_description":"Fidelidade aos valores e flexibilidade na a\u00e7\u00e3o tornaram o sindicato ga\u00facho refer\u00eancia nacional em representatividade e inova\u00e7\u00e3o no cen\u00e1rio da educa\u00e7\u00e3o","og_url":"https:\/\/sinepe-rs.org.br\/educacaoempauta\/inspire-se\/sinepe-rs-77-anos-segredo-da-longevidade-e-a-capacidade-de-se-adaptar\/","og_site_name":"Educa\u00e7\u00e3o em Pauta: Portal de reportagens de Educa\u00e7\u00e3o","article_published_time":"2025-12-02T14:00:00+00:00","article_modified_time":"2025-12-16T12:07:48+00:00","og_image":[{"width":2560,"height":1703,"url":"https:\/\/sinepe-rs.org.br\/educacaoempauta\/wp-content\/uploads\/2025\/12\/VRC_3344-1-scaled.jpg","type":"image\/jpeg"}],"author":"Eduardo Wolff","twitter_card":"summary_large_image","twitter_misc":{"Escrito por":"Eduardo Wolff","Est. tempo de leitura":"4 minutos"},"schema":{"@context":"https:\/\/schema.org","@graph":[{"@type":"WebPage","@id":"https:\/\/sinepe-rs.org.br\/educacaoempauta\/inspire-se\/sinepe-rs-77-anos-segredo-da-longevidade-e-a-capacidade-de-se-adaptar\/","url":"https:\/\/sinepe-rs.org.br\/educacaoempauta\/inspire-se\/sinepe-rs-77-anos-segredo-da-longevidade-e-a-capacidade-de-se-adaptar\/","name":"SINEPE\/RS 77 anos: segredo \u00e9 a capacidade de se adaptar","isPartOf":{"@id":"https:\/\/sinepe-rs.org.br\/educacaoempauta\/#website"},"primaryImageOfPage":{"@id":"https:\/\/sinepe-rs.org.br\/educacaoempauta\/inspire-se\/sinepe-rs-77-anos-segredo-da-longevidade-e-a-capacidade-de-se-adaptar\/#primaryimage"},"image":{"@id":"https:\/\/sinepe-rs.org.br\/educacaoempauta\/inspire-se\/sinepe-rs-77-anos-segredo-da-longevidade-e-a-capacidade-de-se-adaptar\/#primaryimage"},"thumbnailUrl":"https:\/\/sinepe-rs.org.br\/educacaoempauta\/wp-content\/uploads\/2025\/12\/VRC_3344-1-scaled.jpg","datePublished":"2025-12-02T14:00:00+00:00","dateModified":"2025-12-16T12:07:48+00:00","author":{"@id":"https:\/\/sinepe-rs.org.br\/educacaoempauta\/#\/schema\/person\/a9bb8c61d5b098df16c34ec9d7154a99"},"description":"Fidelidade aos valores e flexibilidade na a\u00e7\u00e3o tornaram o sindicato ga\u00facho refer\u00eancia nacional em representatividade e inova\u00e7\u00e3o no cen\u00e1rio da educa\u00e7\u00e3o","breadcrumb":{"@id":"https:\/\/sinepe-rs.org.br\/educacaoempauta\/inspire-se\/sinepe-rs-77-anos-segredo-da-longevidade-e-a-capacidade-de-se-adaptar\/#breadcrumb"},"inLanguage":"pt-BR","potentialAction":[{"@type":"ReadAction","target":["https:\/\/sinepe-rs.org.br\/educacaoempauta\/inspire-se\/sinepe-rs-77-anos-segredo-da-longevidade-e-a-capacidade-de-se-adaptar\/"]}]},{"@type":"ImageObject","inLanguage":"pt-BR","@id":"https:\/\/sinepe-rs.org.br\/educacaoempauta\/inspire-se\/sinepe-rs-77-anos-segredo-da-longevidade-e-a-capacidade-de-se-adaptar\/#primaryimage","url":"https:\/\/sinepe-rs.org.br\/educacaoempauta\/wp-content\/uploads\/2025\/12\/VRC_3344-1-scaled.jpg","contentUrl":"https:\/\/sinepe-rs.org.br\/educacaoempauta\/wp-content\/uploads\/2025\/12\/VRC_3344-1-scaled.jpg","width":2560,"height":1703},{"@type":"BreadcrumbList","@id":"https:\/\/sinepe-rs.org.br\/educacaoempauta\/inspire-se\/sinepe-rs-77-anos-segredo-da-longevidade-e-a-capacidade-de-se-adaptar\/#breadcrumb","itemListElement":[{"@type":"ListItem","position":1,"name":"Home","item":"https:\/\/sinepe-rs.org.br\/educacaoempauta\/"},{"@type":"ListItem","position":2,"name":"SINEPE\/RS 77 anos: segredo da longevidade \u00e9 a capacidade de se adaptar"}]},{"@type":"WebSite","@id":"https:\/\/sinepe-rs.org.br\/educacaoempauta\/#website","url":"https:\/\/sinepe-rs.org.br\/educacaoempauta\/","name":"Educa\u00e7\u00e3o em Pauta: Portal de reportagens de Educa\u00e7\u00e3o","description":"Sinepe-RS","potentialAction":[{"@type":"SearchAction","target":{"@type":"EntryPoint","urlTemplate":"https:\/\/sinepe-rs.org.br\/educacaoempauta\/?s={search_term_string}"},"query-input":{"@type":"PropertyValueSpecification","valueRequired":true,"valueName":"search_term_string"}}],"inLanguage":"pt-BR"},{"@type":"Person","@id":"https:\/\/sinepe-rs.org.br\/educacaoempauta\/#\/schema\/person\/a9bb8c61d5b098df16c34ec9d7154a99","name":"Eduardo Wolff","image":{"@type":"ImageObject","inLanguage":"pt-BR","@id":"https:\/\/sinepe-rs.org.br\/educacaoempauta\/#\/schema\/person\/image\/","url":"https:\/\/secure.gravatar.com\/avatar\/dc93e7510d4af8ae2514871724e1fbe69e43cadf2bc69fa120c919f4a599d7ca?s=96&d=mm&r=g","contentUrl":"https:\/\/secure.gravatar.com\/avatar\/dc93e7510d4af8ae2514871724e1fbe69e43cadf2bc69fa120c919f4a599d7ca?s=96&d=mm&r=g","caption":"Eduardo Wolff"},"url":"https:\/\/sinepe-rs.org.br\/educacaoempauta\/author\/eduardo\/"}]}},"_links":{"self":[{"href":"https:\/\/sinepe-rs.org.br\/educacaoempauta\/wp-json\/wp\/v2\/posts\/7359","targetHints":{"allow":["GET"]}}],"collection":[{"href":"https:\/\/sinepe-rs.org.br\/educacaoempauta\/wp-json\/wp\/v2\/posts"}],"about":[{"href":"https:\/\/sinepe-rs.org.br\/educacaoempauta\/wp-json\/wp\/v2\/types\/post"}],"author":[{"embeddable":true,"href":"https:\/\/sinepe-rs.org.br\/educacaoempauta\/wp-json\/wp\/v2\/users\/4"}],"replies":[{"embeddable":true,"href":"https:\/\/sinepe-rs.org.br\/educacaoempauta\/wp-json\/wp\/v2\/comments?post=7359"}],"version-history":[{"count":5,"href":"https:\/\/sinepe-rs.org.br\/educacaoempauta\/wp-json\/wp\/v2\/posts\/7359\/revisions"}],"predecessor-version":[{"id":7497,"href":"https:\/\/sinepe-rs.org.br\/educacaoempauta\/wp-json\/wp\/v2\/posts\/7359\/revisions\/7497"}],"wp:featuredmedia":[{"embeddable":true,"href":"https:\/\/sinepe-rs.org.br\/educacaoempauta\/wp-json\/wp\/v2\/media\/7360"}],"wp:attachment":[{"href":"https:\/\/sinepe-rs.org.br\/educacaoempauta\/wp-json\/wp\/v2\/media?parent=7359"}],"wp:term":[{"taxonomy":"category","embeddable":true,"href":"https:\/\/sinepe-rs.org.br\/educacaoempauta\/wp-json\/wp\/v2\/categories?post=7359"},{"taxonomy":"post_tag","embeddable":true,"href":"https:\/\/sinepe-rs.org.br\/educacaoempauta\/wp-json\/wp\/v2\/tags?post=7359"}],"curies":[{"name":"wp","href":"https:\/\/api.w.org\/{rel}","templated":true}]}}