{"id":7387,"date":"2025-12-09T07:02:00","date_gmt":"2025-12-09T10:02:00","guid":{"rendered":"https:\/\/sinepe-rs.org.br\/educacaoempauta\/?p=7387"},"modified":"2026-01-06T09:01:04","modified_gmt":"2026-01-06T12:01:04","slug":"academia-e-mercado-de-trabalho-se-unem-para-aprimorar-formacao","status":"publish","type":"post","link":"https:\/\/sinepe-rs.org.br\/educacaoempauta\/inspire-se\/academia-e-mercado-de-trabalho-se-unem-para-aprimorar-formacao\/","title":{"rendered":"Academia e mercado de trabalho se unem para aprimorar forma\u00e7\u00e3o"},"content":{"rendered":"\n<p>O come\u00e7o da vida profissional n\u00e3o costuma ser f\u00e1cil. O dilema entre provar experi\u00eancia para garantir uma oportunidade e, ao mesmo tempo, precisar de uma oportunidade para ganhar experi\u00eancia faz com que muitos estudantes patinem um pouco antes de ingressar na carreira. Se as institui\u00e7\u00f5es de ensino n\u00e3o conseguem oferecer a experi\u00eancia pr\u00e1tica completa, tampouco as empresas, na outra ponta, t\u00eam tempo e estrutura para ensinar o que os colaboradores precisam dominar.<\/p>\n\n\n\n<p>A solu\u00e7\u00e3o \u00e9 unir os dois lados, como fazem John Deere e FAHOR, em Horizontina. A empresa de m\u00e1quinas agr\u00edcolas \u2013 que tem rela\u00e7\u00e3o umbilical com a cidade no Brasil \u2013 e a faculdade fundada h\u00e1 25 anos, tamb\u00e9m no munic\u00edpio, firmaram parceria para que os estudantes tenham acesso a est\u00e1gios e, especialmente, a equipamentos reais e de ponta para estudar.<\/p>\n\n\n\n<p>O surgimento da pr\u00f3pria faculdade \u00e9 uma consequ\u00eancia da presen\u00e7a da SLC, empresa que lan\u00e7ou a primeira colheitadeira automotriz do Brasil, em 1965. Foi um marco t\u00e3o importante que 5 de novembro, data da apresenta\u00e7\u00e3o, foi definido em lei como o Dia da Inova\u00e7\u00e3o e do Empreendedorismo em Horizontina.<\/p>\n\n\n\n<p>\u201cAs fam\u00edlias que eram donas da empresa sempre ajudaram o col\u00e9gio Frederico Jorge Logemann, de onde surgem cursos t\u00e9cnicos e a faculdade. No curso t\u00e9cnico em mec\u00e2nica, por exemplo, a SLC pagou as mensalidades dos alunos por muitos anos\u201d, conta o vice-diretor da FAHOR, Marcelo Blume.<\/p>\n\n\n\n<h2 class=\"wp-block-heading has-medium-font-size\"><strong>Uni\u00e3o da comunidade<\/strong><\/h2>\n\n\n\n<p>Crescer em parceria, portanto, faz parte do DNA das duas institui\u00e7\u00f5es. Ali\u00e1s, da regi\u00e3o. Hoje, a FAHOR tem nada menos do que 264 conv\u00eanios ativos com empresas que oferecem est\u00e1gio e emprego aos estudantes. A pr\u00f3pria institui\u00e7\u00e3o recebe a informa\u00e7\u00e3o, formata o an\u00fancio e divulga entre as turmas. Quando se trata de uma oportunidade para quem j\u00e1 est\u00e1 formado, todos os egressos que aceitam continuar no mailing da FAHOR s\u00e3o alcan\u00e7ados.<\/p>\n\n\n\n<p>\u201cDesde a forma\u00e7\u00e3o da primeira turma, todos seguem recebendo as vagas de emprego. \u00c0s vezes a pessoa quer trocar de trabalho ou procura uma oportunidade, quer subir de n\u00edvel, mudar de cidade\u201d, cogita Blume.<\/p>\n\n\n\n<p>Segundo o vice-diretor, h\u00e1 muito mais vagas de trabalho e est\u00e1gio do que alunos. Para se ter uma ideia, <mark style=\"background-color:#ff6900\" class=\"has-inline-color\">tem gente que passou no vestibular para iniciar a gradua\u00e7\u00e3o em 2026 e j\u00e1 solicitou o comprovante de matr\u00edcula para se candidatar a uma vaga de est\u00e1gio, que ser\u00e1 iniciado antes mesmo das aulas<\/mark>.<\/p>\n\n\n\n<p>No \u00faltimo vestibular, a John Deere chamou, selecionou e contratou 11 estudantes que haviam passado na prova, mas ainda n\u00e3o haviam assistido a nenhuma aula. \u201cTempos atr\u00e1s, [a oferta de vagas] era para quem estava no fim do curso. Nas outras empresas tamb\u00e9m tem muita vaga, inclusive em outros ramos\u201d, explica Blume.<\/p>\n\n\n\n<p>Al\u00e9m da \u00e1rea de engenharia, que abastece as ind\u00fastrias da regi\u00e3o, o curso de Economia tamb\u00e9m \u00e9 bastante procurado por estudantes e empresas parceiras. As cooperativas de cr\u00e9dito est\u00e3o entre as mais atuantes, com cursos <em>in company <\/em>e at\u00e9 mesmo<mark style=\"background-color:#ff6900\" class=\"has-inline-color\"> a cria\u00e7\u00e3o de componentes curriculares alinhados com o que se pratica no mercado<\/mark>, de acordo com as especificidades dessas institui\u00e7\u00f5es. Sicredi e Cresol, por exemplo, j\u00e1 comp\u00f5em o ecossistema \u2013 e o Sicoob aderiu recentemente.<\/p>\n\n\n\n<p>\u201cPor meio das compet\u00eancias do curso de Economia, montamos curso para certifica\u00e7\u00e3o de investidores, que os profissionais da \u00e1rea financeira precisam ter, al\u00e9m de MBAs em gest\u00e3o de cooperativa de cr\u00e9dito, que j\u00e1 realizamos em cidades como Tr\u00eas de Maio, Santa Rosa e Teut\u00f4nia\u201d, explica Blume.<\/p>\n\n\n\n<p><mark style=\"background-color:#fcb900\" class=\"has-inline-color\"><strong>Leia tamb\u00e9m:<br>&gt;&gt; <a href=\"https:\/\/sinepe-rs.org.br\/educacaoempauta\/gestao\/esg-nas-escolas-e-possivel-e-necessario\/\" target=\"_blank\" rel=\"noreferrer noopener\">ESG nas escolas \u00e9 poss\u00edvel e necess\u00e1rio<br><\/a>&gt;&gt; <a href=\"https:\/\/sinepe-rs.org.br\/educacaoempauta\/tendencias\/qual-sera-o-futuro-da-educacao\/\" target=\"_blank\" rel=\"noreferrer noopener\">Qual ser\u00e1 o futuro da educa\u00e7\u00e3o?<br><\/a>&gt;&gt; <a href=\"https:\/\/sinepe-rs.org.br\/educacaoempauta\/gestao\/formacao-tecnica-e-profissional-no-ensino-medio-fortalece-parcerias-publico-privadas\/\">Forma\u00e7\u00e3o t\u00e9cnica e profissional no Ensino M\u00e9dio fortalece PPP<\/a><\/strong><\/mark><\/p>\n\n\n\n<h2 class=\"wp-block-heading has-medium-font-size\"><br><strong>M\u00e1quinas e bancadas<\/strong><\/h2>\n\n\n\n<p>No caso da John Deere, a parceria ganhou contornos ainda mais pr\u00e1ticos, inclusive com maquin\u00e1rios se deslocando para o campus. A rela\u00e7\u00e3o \u00e9 uma troca em que todos ganham: os acad\u00eamicos de cursos de engenharia da FAHOR podem entender o funcionamento de equipamentos de ponta e tamb\u00e9m manusear componentes como motores, em bancadas especialmente montadas para essa finalidade. Em contrapartida, a empresa \u2013 que comprou a f\u00e1brica de colheitadeiras da SLC, fundada na cidade \u2013 pode treinar vendedores e t\u00e9cnicos no mesmo espa\u00e7o, capacitando equipes de diversos pa\u00edses da Am\u00e9rica do Sul.<\/p>\n\n\n\n<p>Tudo come\u00e7ou com um centro de treinamento da pr\u00f3pria empresa, mas que, em 2012, foi transferido para o campus da FAHOR. \u201cFuncionou legal, mas ficou na mesma durante uns 10 anos. A empresa viu que o desempenho era bom e come\u00e7ou a discutir a amplia\u00e7\u00e3o, que foi iniciada em 2023. Hoje, temos uma amplia\u00e7\u00e3o de pr\u00e9dio, laborat\u00f3rio, n\u00famero de instrutores e \u00e1rea de a\u00e7\u00e3o\u201d, destaca Blume.<\/p>\n\n\n<div class=\"wp-block-image\">\n<figure class=\"alignright size-large is-resized\"><img loading=\"lazy\" decoding=\"async\" width=\"768\" height=\"1024\" src=\"https:\/\/sinepe-rs.org.br\/educacaoempauta\/wp-content\/uploads\/2025\/12\/Lucas_Breunig_Acervo_Pessoal-1-768x1024.jpeg\" alt=\"\" class=\"wp-image-7396\" style=\"aspect-ratio:0.7500044934126571;width:535px;height:auto\" srcset=\"https:\/\/sinepe-rs.org.br\/educacaoempauta\/wp-content\/uploads\/2025\/12\/Lucas_Breunig_Acervo_Pessoal-1-768x1024.jpeg 768w, https:\/\/sinepe-rs.org.br\/educacaoempauta\/wp-content\/uploads\/2025\/12\/Lucas_Breunig_Acervo_Pessoal-1-225x300.jpeg 225w, https:\/\/sinepe-rs.org.br\/educacaoempauta\/wp-content\/uploads\/2025\/12\/Lucas_Breunig_Acervo_Pessoal-1.jpeg 960w\" sizes=\"auto, (max-width: 768px) 100vw, 768px\" \/><figcaption class=\"wp-element-caption\">Centro de Treinamento da John Deere | Cr\u00e9dito: Lucas Breunig\/Acervo Pessoal<\/figcaption><\/figure>\n<\/div>\n\n\n<p>S\u00e3o seis instrutores e oito laborat\u00f3rios dedicados ao treinamento das equipes da rede autorizada da John Deere, que tamb\u00e9m ficam \u00e0 disposi\u00e7\u00e3o dos estudantes. Somam-se a eles mais de 20 m\u00e1quinas com tecnologia de ponta, entre elas sete colheitadeiras, 10 tratores, tr\u00eas pulverizadores e tr\u00eas plantadeiras. Todas s\u00e3o dedicadas ao ensino do manuseio e das funcionalidades. \u00c9 nas bancadas que o monta-e-desmonta acontece, com oito tipos diferentes de motores, que contemplam v\u00e1rias linhas de plantio.<\/p>\n\n\n\n<p>Essa estrutura atende cerca de 400 concession\u00e1rias no Brasil, Argentina, Paraguai, Uruguai, Bol\u00edvia e Chile \u2013 entre outros pa\u00edses com menor participa\u00e7\u00e3o. Isso porque a John Deere estabelece um m\u00ednimo de cursos que os funcion\u00e1rios precisam ter para se manter ativos. Al\u00e9m disso, um concession\u00e1rio s\u00f3 pode vender determinado modelo depois que os funcion\u00e1rios estiverem treinados para explicar e prestar suporte aos clientes dentro daquelas particularidades. \u201cSempre que \u00e9 lan\u00e7ado um produto novo, tem que treinar \u2013 e cada vez que entra um funcion\u00e1rio novo, tamb\u00e9m\u201d, ressalta o vice-diretor da FAHOR.<\/p>\n\n\n\n<h2 class=\"wp-block-heading has-medium-font-size\"><strong>Vantagem na forma\u00e7\u00e3o<\/strong><\/h2>\n\n\n\n<p>Lucas Breunig, 18 anos, est\u00e1 no segundo semestre de engenharia. Ele \u00e9 mais um dos que entraram na gradua\u00e7\u00e3o com est\u00e1gio garantido, com bolsa para estudar \u00e0 noite e desenvolver atividades no centro de treinamentos da John Deere \u00e0 tarde. Dois meses depois, j\u00e1 estava efetivado \u2013 passando a trabalhar em turno integral. <mark style=\"background-color:#ff6900\" class=\"has-inline-color\">As fun\u00e7\u00f5es ainda s\u00e3o mais administrativas do que t\u00e9cnicas, mas a imers\u00e3o \u00e9 real<\/mark>.<\/p>\n\n\n\n<p>\u201cOs t\u00e9cnicos v\u00eam fazer treinamento e os instrutores pegam um trator, por exemplo, e colocam falhas que acontecem na vida real para que eles tentem resolver. A ideia \u00e9 mostrar caminhos para achar solu\u00e7\u00f5es mais rapidamente. Estudam a parte el\u00e9trica e a hidr\u00e1ulica para saber o que pode acontecer. Como eu tenho interesse, absorvo muita coisa que eu sei que vai me ajudar bastante na faculdade\u201d, detalha o estudante sobre o dia a dia no CT.<\/p>\n\n\n\n<p>Lucas conta que j\u00e1 aprendeu muito sobre essas \u00e1reas e, ciente de que vai ter componentes curriculares como el\u00e9trica, hidr\u00e1ulica, mec\u00e2nica e c\u00e1lculo, se sente mais preparado do que se n\u00e3o tivesse onde praticar. A rela\u00e7\u00e3o com os instrutores, segundo ele, tamb\u00e9m \u00e9 um diferencial, pois pode tirar d\u00favidas o tempo todo. \u201cEu sou da parte administrativa, mas o que tiver para fazer, eu fa\u00e7o. Colocar \u00e1gua no pulverizador para fazer teste, por exemplo\u201d, ilustra.<\/p>\n\n\n\n<p>Tudo isso faz parte da rotina como funcion\u00e1rio do CT. Enquanto aluno, Lucas e os colegas tamb\u00e9m t\u00eam acesso a tudo que a John Deere mant\u00e9m na estrutura. Sempre que querem utilizar as bancadas e m\u00e1quinas, assim como desfrutar da orienta\u00e7\u00e3o dos instrutores, basta que n\u00e3o estejam ocupados com os cursos.<\/p>\n\n\n\n<p>At\u00e9 mesmo os aparelhos de SmartTV interativos que comp\u00f5em o centro de treinamento s\u00e3o utilizados pelos professores, nas mais diversas atividades, para explicar os conte\u00fados. O equipamento permite que eles congelem a imagem, fa\u00e7am marca\u00e7\u00f5es na pr\u00f3pria tela e passem informa\u00e7\u00f5es em formato multim\u00eddia.<\/p>\n\n\n\n<p>\u201cJ\u00e1 estou usando f\u00f3rmulas que aprendi aqui, mas sei que vai me ajudar ainda mais daqui para a frente, do terceiro semestre em diante. Em F\u00edsica e Mec\u00e2nica, por exemplo, estou recebendo uma base boa. Quando for criar projetos da faculdade, isso vai me ajudar bastante\u201d, acredita Lucas.<\/p>\n\n\n\n<p>Enquanto conversava com <strong>Educa\u00e7\u00e3o em Pauta<\/strong>, o estudante estava no CT. No momento, ele \u00e9 o \u00fanico da equipe que ainda n\u00e3o concluiu a gradua\u00e7\u00e3o. Isso n\u00e3o quer dizer que a presen\u00e7a de acad\u00eamicos fique limitada: durante o dia, \u00e9 comum que outros alunos da FAHOR passem pelo espa\u00e7o para ver novidades e tirar d\u00favidas.<\/p>\n\n\n\n<p>\u201cPor estar no CT, vendo os instrutores, me d\u00e1 uma inspira\u00e7\u00e3o de querer continuar aqui. Admiro o trabalho deles e gosto do que fazem. Seguir por esse caminho \u00e9 a minha ideia. Tamb\u00e9m acredito que estar no CT adquirindo conhecimento t\u00e9cnico pode me abrir portas na f\u00e1brica, caso eu queira ir\u201d, projeta o estudante.<\/p>\n\n\n\n<h3 class=\"wp-block-heading has-medium-font-size\"><strong>&gt;&gt; Conta para a gente<\/strong><\/h3>\n\n\n\n<p>A sua institui\u00e7\u00e3o de ensino tamb\u00e9m faz parcerias estrat\u00e9gicas com empresas do mercado de trabalho? Ent\u00e3o, a sua hist\u00f3ria pode ser compartilhada aqui no Educa\u00e7\u00e3o em Pauta. <a href=\"mailto:educacaoempauta@sinepe-rs.org.br\" target=\"_blank\" rel=\"noreferrer noopener\">Clique aqui<\/a>.<\/p>\n\n\n\n<p><\/p>\n","protected":false},"excerpt":{"rendered":"<p>Parceria entre FAHOR e John Deere, em Horizontina, cria sinergia entre academia e ind\u00fastria em que todos saem ganhando<\/p>\n","protected":false},"author":4,"featured_media":7394,"comment_status":"closed","ping_status":"closed","sticky":false,"template":"","format":"standard","meta":{"footnotes":""},"categories":[7],"tags":[879,63,43],"class_list":["post-7387","post","type-post","status-publish","format-standard","has-post-thumbnail","hentry","category-inspire-se","tag-formacao-profissional","tag-mercado-de-trabalho","tag-sinepe-rs-2"],"acf":[],"yoast_head":"<!-- This site is optimized with the Yoast SEO plugin v24.6 - https:\/\/yoast.com\/wordpress\/plugins\/seo\/ -->\n<title>Academia e mercado de trabalho se unem para aprimorar forma\u00e7\u00e3o - Educa\u00e7\u00e3o em Pauta: Portal de reportagens de Educa\u00e7\u00e3o<\/title>\n<meta name=\"description\" content=\"Parceria entre FAHOR e John Deere, em Horizontina, cria sinergia entre academia e ind\u00fastria em que todos saem ganhando\" \/>\n<meta name=\"robots\" content=\"index, follow, max-snippet:-1, max-image-preview:large, max-video-preview:-1\" \/>\n<link rel=\"canonical\" href=\"https:\/\/sinepe-rs.org.br\/educacaoempauta\/inspire-se\/academia-e-mercado-de-trabalho-se-unem-para-aprimorar-formacao\/\" \/>\n<meta property=\"og:locale\" content=\"pt_BR\" \/>\n<meta property=\"og:type\" content=\"article\" \/>\n<meta property=\"og:title\" content=\"Academia e mercado de trabalho se unem para aprimorar forma\u00e7\u00e3o - Educa\u00e7\u00e3o em Pauta: Portal de reportagens de Educa\u00e7\u00e3o\" \/>\n<meta property=\"og:description\" content=\"Parceria entre FAHOR e John Deere, em Horizontina, cria sinergia entre academia e ind\u00fastria em que todos saem ganhando\" \/>\n<meta property=\"og:url\" content=\"https:\/\/sinepe-rs.org.br\/educacaoempauta\/inspire-se\/academia-e-mercado-de-trabalho-se-unem-para-aprimorar-formacao\/\" \/>\n<meta property=\"og:site_name\" content=\"Educa\u00e7\u00e3o em Pauta: Portal de reportagens de Educa\u00e7\u00e3o\" \/>\n<meta property=\"article:published_time\" content=\"2025-12-09T10:02:00+00:00\" \/>\n<meta property=\"article:modified_time\" content=\"2026-01-06T12:01:04+00:00\" \/>\n<meta property=\"og:image\" content=\"https:\/\/sinepe-rs.org.br\/educacaoempauta\/wp-content\/uploads\/2025\/12\/546_sinepers_padrinho_parceriafahorjohndeere.png\" \/>\n\t<meta property=\"og:image:width\" content=\"1366\" \/>\n\t<meta property=\"og:image:height\" content=\"450\" \/>\n\t<meta property=\"og:image:type\" content=\"image\/png\" \/>\n<meta name=\"author\" content=\"Eduardo Wolff\" \/>\n<meta name=\"twitter:card\" content=\"summary_large_image\" \/>\n<meta name=\"twitter:label1\" content=\"Escrito por\" \/>\n\t<meta name=\"twitter:data1\" content=\"Eduardo Wolff\" \/>\n\t<meta name=\"twitter:label2\" content=\"Est. tempo de leitura\" \/>\n\t<meta name=\"twitter:data2\" content=\"9 minutos\" \/>\n<script type=\"application\/ld+json\" class=\"yoast-schema-graph\">{\"@context\":\"https:\/\/schema.org\",\"@graph\":[{\"@type\":\"WebPage\",\"@id\":\"https:\/\/sinepe-rs.org.br\/educacaoempauta\/inspire-se\/academia-e-mercado-de-trabalho-se-unem-para-aprimorar-formacao\/\",\"url\":\"https:\/\/sinepe-rs.org.br\/educacaoempauta\/inspire-se\/academia-e-mercado-de-trabalho-se-unem-para-aprimorar-formacao\/\",\"name\":\"Academia e mercado de trabalho se unem para aprimorar forma\u00e7\u00e3o - Educa\u00e7\u00e3o em Pauta: Portal de reportagens de Educa\u00e7\u00e3o\",\"isPartOf\":{\"@id\":\"https:\/\/sinepe-rs.org.br\/educacaoempauta\/#website\"},\"primaryImageOfPage\":{\"@id\":\"https:\/\/sinepe-rs.org.br\/educacaoempauta\/inspire-se\/academia-e-mercado-de-trabalho-se-unem-para-aprimorar-formacao\/#primaryimage\"},\"image\":{\"@id\":\"https:\/\/sinepe-rs.org.br\/educacaoempauta\/inspire-se\/academia-e-mercado-de-trabalho-se-unem-para-aprimorar-formacao\/#primaryimage\"},\"thumbnailUrl\":\"https:\/\/sinepe-rs.org.br\/educacaoempauta\/wp-content\/uploads\/2025\/12\/546_sinepers_padrinho_parceriafahorjohndeere.png\",\"datePublished\":\"2025-12-09T10:02:00+00:00\",\"dateModified\":\"2026-01-06T12:01:04+00:00\",\"author\":{\"@id\":\"https:\/\/sinepe-rs.org.br\/educacaoempauta\/#\/schema\/person\/a9bb8c61d5b098df16c34ec9d7154a99\"},\"description\":\"Parceria entre FAHOR e John Deere, em Horizontina, cria sinergia entre academia e ind\u00fastria em que todos saem ganhando\",\"breadcrumb\":{\"@id\":\"https:\/\/sinepe-rs.org.br\/educacaoempauta\/inspire-se\/academia-e-mercado-de-trabalho-se-unem-para-aprimorar-formacao\/#breadcrumb\"},\"inLanguage\":\"pt-BR\",\"potentialAction\":[{\"@type\":\"ReadAction\",\"target\":[\"https:\/\/sinepe-rs.org.br\/educacaoempauta\/inspire-se\/academia-e-mercado-de-trabalho-se-unem-para-aprimorar-formacao\/\"]}]},{\"@type\":\"ImageObject\",\"inLanguage\":\"pt-BR\",\"@id\":\"https:\/\/sinepe-rs.org.br\/educacaoempauta\/inspire-se\/academia-e-mercado-de-trabalho-se-unem-para-aprimorar-formacao\/#primaryimage\",\"url\":\"https:\/\/sinepe-rs.org.br\/educacaoempauta\/wp-content\/uploads\/2025\/12\/546_sinepers_padrinho_parceriafahorjohndeere.png\",\"contentUrl\":\"https:\/\/sinepe-rs.org.br\/educacaoempauta\/wp-content\/uploads\/2025\/12\/546_sinepers_padrinho_parceriafahorjohndeere.png\",\"width\":1366,\"height\":450,\"caption\":\"Academia e mercado de trabalho se unem para aprimorar forma\u00e7\u00e3o\"},{\"@type\":\"BreadcrumbList\",\"@id\":\"https:\/\/sinepe-rs.org.br\/educacaoempauta\/inspire-se\/academia-e-mercado-de-trabalho-se-unem-para-aprimorar-formacao\/#breadcrumb\",\"itemListElement\":[{\"@type\":\"ListItem\",\"position\":1,\"name\":\"Home\",\"item\":\"https:\/\/sinepe-rs.org.br\/educacaoempauta\/\"},{\"@type\":\"ListItem\",\"position\":2,\"name\":\"Academia e mercado de trabalho se unem para aprimorar forma\u00e7\u00e3o\"}]},{\"@type\":\"WebSite\",\"@id\":\"https:\/\/sinepe-rs.org.br\/educacaoempauta\/#website\",\"url\":\"https:\/\/sinepe-rs.org.br\/educacaoempauta\/\",\"name\":\"Educa\u00e7\u00e3o em Pauta: Portal de reportagens de Educa\u00e7\u00e3o\",\"description\":\"Sinepe-RS\",\"potentialAction\":[{\"@type\":\"SearchAction\",\"target\":{\"@type\":\"EntryPoint\",\"urlTemplate\":\"https:\/\/sinepe-rs.org.br\/educacaoempauta\/?s={search_term_string}\"},\"query-input\":{\"@type\":\"PropertyValueSpecification\",\"valueRequired\":true,\"valueName\":\"search_term_string\"}}],\"inLanguage\":\"pt-BR\"},{\"@type\":\"Person\",\"@id\":\"https:\/\/sinepe-rs.org.br\/educacaoempauta\/#\/schema\/person\/a9bb8c61d5b098df16c34ec9d7154a99\",\"name\":\"Eduardo Wolff\",\"image\":{\"@type\":\"ImageObject\",\"inLanguage\":\"pt-BR\",\"@id\":\"https:\/\/sinepe-rs.org.br\/educacaoempauta\/#\/schema\/person\/image\/\",\"url\":\"https:\/\/secure.gravatar.com\/avatar\/dc93e7510d4af8ae2514871724e1fbe69e43cadf2bc69fa120c919f4a599d7ca?s=96&d=mm&r=g\",\"contentUrl\":\"https:\/\/secure.gravatar.com\/avatar\/dc93e7510d4af8ae2514871724e1fbe69e43cadf2bc69fa120c919f4a599d7ca?s=96&d=mm&r=g\",\"caption\":\"Eduardo Wolff\"},\"url\":\"https:\/\/sinepe-rs.org.br\/educacaoempauta\/author\/eduardo\/\"}]}<\/script>\n<!-- \/ Yoast SEO plugin. -->","yoast_head_json":{"title":"Academia e mercado de trabalho se unem para aprimorar forma\u00e7\u00e3o - Educa\u00e7\u00e3o em Pauta: Portal de reportagens de Educa\u00e7\u00e3o","description":"Parceria entre FAHOR e John Deere, em Horizontina, cria sinergia entre academia e ind\u00fastria em que todos saem ganhando","robots":{"index":"index","follow":"follow","max-snippet":"max-snippet:-1","max-image-preview":"max-image-preview:large","max-video-preview":"max-video-preview:-1"},"canonical":"https:\/\/sinepe-rs.org.br\/educacaoempauta\/inspire-se\/academia-e-mercado-de-trabalho-se-unem-para-aprimorar-formacao\/","og_locale":"pt_BR","og_type":"article","og_title":"Academia e mercado de trabalho se unem para aprimorar forma\u00e7\u00e3o - Educa\u00e7\u00e3o em Pauta: Portal de reportagens de Educa\u00e7\u00e3o","og_description":"Parceria entre FAHOR e John Deere, em Horizontina, cria sinergia entre academia e ind\u00fastria em que todos saem ganhando","og_url":"https:\/\/sinepe-rs.org.br\/educacaoempauta\/inspire-se\/academia-e-mercado-de-trabalho-se-unem-para-aprimorar-formacao\/","og_site_name":"Educa\u00e7\u00e3o em Pauta: Portal de reportagens de Educa\u00e7\u00e3o","article_published_time":"2025-12-09T10:02:00+00:00","article_modified_time":"2026-01-06T12:01:04+00:00","og_image":[{"width":1366,"height":450,"url":"https:\/\/sinepe-rs.org.br\/educacaoempauta\/wp-content\/uploads\/2025\/12\/546_sinepers_padrinho_parceriafahorjohndeere.png","type":"image\/png"}],"author":"Eduardo Wolff","twitter_card":"summary_large_image","twitter_misc":{"Escrito por":"Eduardo Wolff","Est. tempo de leitura":"9 minutos"},"schema":{"@context":"https:\/\/schema.org","@graph":[{"@type":"WebPage","@id":"https:\/\/sinepe-rs.org.br\/educacaoempauta\/inspire-se\/academia-e-mercado-de-trabalho-se-unem-para-aprimorar-formacao\/","url":"https:\/\/sinepe-rs.org.br\/educacaoempauta\/inspire-se\/academia-e-mercado-de-trabalho-se-unem-para-aprimorar-formacao\/","name":"Academia e mercado de trabalho se unem para aprimorar forma\u00e7\u00e3o - Educa\u00e7\u00e3o em Pauta: Portal de reportagens de Educa\u00e7\u00e3o","isPartOf":{"@id":"https:\/\/sinepe-rs.org.br\/educacaoempauta\/#website"},"primaryImageOfPage":{"@id":"https:\/\/sinepe-rs.org.br\/educacaoempauta\/inspire-se\/academia-e-mercado-de-trabalho-se-unem-para-aprimorar-formacao\/#primaryimage"},"image":{"@id":"https:\/\/sinepe-rs.org.br\/educacaoempauta\/inspire-se\/academia-e-mercado-de-trabalho-se-unem-para-aprimorar-formacao\/#primaryimage"},"thumbnailUrl":"https:\/\/sinepe-rs.org.br\/educacaoempauta\/wp-content\/uploads\/2025\/12\/546_sinepers_padrinho_parceriafahorjohndeere.png","datePublished":"2025-12-09T10:02:00+00:00","dateModified":"2026-01-06T12:01:04+00:00","author":{"@id":"https:\/\/sinepe-rs.org.br\/educacaoempauta\/#\/schema\/person\/a9bb8c61d5b098df16c34ec9d7154a99"},"description":"Parceria entre FAHOR e John Deere, em Horizontina, cria sinergia entre academia e ind\u00fastria em que todos saem ganhando","breadcrumb":{"@id":"https:\/\/sinepe-rs.org.br\/educacaoempauta\/inspire-se\/academia-e-mercado-de-trabalho-se-unem-para-aprimorar-formacao\/#breadcrumb"},"inLanguage":"pt-BR","potentialAction":[{"@type":"ReadAction","target":["https:\/\/sinepe-rs.org.br\/educacaoempauta\/inspire-se\/academia-e-mercado-de-trabalho-se-unem-para-aprimorar-formacao\/"]}]},{"@type":"ImageObject","inLanguage":"pt-BR","@id":"https:\/\/sinepe-rs.org.br\/educacaoempauta\/inspire-se\/academia-e-mercado-de-trabalho-se-unem-para-aprimorar-formacao\/#primaryimage","url":"https:\/\/sinepe-rs.org.br\/educacaoempauta\/wp-content\/uploads\/2025\/12\/546_sinepers_padrinho_parceriafahorjohndeere.png","contentUrl":"https:\/\/sinepe-rs.org.br\/educacaoempauta\/wp-content\/uploads\/2025\/12\/546_sinepers_padrinho_parceriafahorjohndeere.png","width":1366,"height":450,"caption":"Academia e mercado de trabalho se unem para aprimorar forma\u00e7\u00e3o"},{"@type":"BreadcrumbList","@id":"https:\/\/sinepe-rs.org.br\/educacaoempauta\/inspire-se\/academia-e-mercado-de-trabalho-se-unem-para-aprimorar-formacao\/#breadcrumb","itemListElement":[{"@type":"ListItem","position":1,"name":"Home","item":"https:\/\/sinepe-rs.org.br\/educacaoempauta\/"},{"@type":"ListItem","position":2,"name":"Academia e mercado de trabalho se unem para aprimorar forma\u00e7\u00e3o"}]},{"@type":"WebSite","@id":"https:\/\/sinepe-rs.org.br\/educacaoempauta\/#website","url":"https:\/\/sinepe-rs.org.br\/educacaoempauta\/","name":"Educa\u00e7\u00e3o em Pauta: Portal de reportagens de Educa\u00e7\u00e3o","description":"Sinepe-RS","potentialAction":[{"@type":"SearchAction","target":{"@type":"EntryPoint","urlTemplate":"https:\/\/sinepe-rs.org.br\/educacaoempauta\/?s={search_term_string}"},"query-input":{"@type":"PropertyValueSpecification","valueRequired":true,"valueName":"search_term_string"}}],"inLanguage":"pt-BR"},{"@type":"Person","@id":"https:\/\/sinepe-rs.org.br\/educacaoempauta\/#\/schema\/person\/a9bb8c61d5b098df16c34ec9d7154a99","name":"Eduardo Wolff","image":{"@type":"ImageObject","inLanguage":"pt-BR","@id":"https:\/\/sinepe-rs.org.br\/educacaoempauta\/#\/schema\/person\/image\/","url":"https:\/\/secure.gravatar.com\/avatar\/dc93e7510d4af8ae2514871724e1fbe69e43cadf2bc69fa120c919f4a599d7ca?s=96&d=mm&r=g","contentUrl":"https:\/\/secure.gravatar.com\/avatar\/dc93e7510d4af8ae2514871724e1fbe69e43cadf2bc69fa120c919f4a599d7ca?s=96&d=mm&r=g","caption":"Eduardo Wolff"},"url":"https:\/\/sinepe-rs.org.br\/educacaoempauta\/author\/eduardo\/"}]}},"_links":{"self":[{"href":"https:\/\/sinepe-rs.org.br\/educacaoempauta\/wp-json\/wp\/v2\/posts\/7387","targetHints":{"allow":["GET"]}}],"collection":[{"href":"https:\/\/sinepe-rs.org.br\/educacaoempauta\/wp-json\/wp\/v2\/posts"}],"about":[{"href":"https:\/\/sinepe-rs.org.br\/educacaoempauta\/wp-json\/wp\/v2\/types\/post"}],"author":[{"embeddable":true,"href":"https:\/\/sinepe-rs.org.br\/educacaoempauta\/wp-json\/wp\/v2\/users\/4"}],"replies":[{"embeddable":true,"href":"https:\/\/sinepe-rs.org.br\/educacaoempauta\/wp-json\/wp\/v2\/comments?post=7387"}],"version-history":[{"count":34,"href":"https:\/\/sinepe-rs.org.br\/educacaoempauta\/wp-json\/wp\/v2\/posts\/7387\/revisions"}],"predecessor-version":[{"id":7556,"href":"https:\/\/sinepe-rs.org.br\/educacaoempauta\/wp-json\/wp\/v2\/posts\/7387\/revisions\/7556"}],"wp:featuredmedia":[{"embeddable":true,"href":"https:\/\/sinepe-rs.org.br\/educacaoempauta\/wp-json\/wp\/v2\/media\/7394"}],"wp:attachment":[{"href":"https:\/\/sinepe-rs.org.br\/educacaoempauta\/wp-json\/wp\/v2\/media?parent=7387"}],"wp:term":[{"taxonomy":"category","embeddable":true,"href":"https:\/\/sinepe-rs.org.br\/educacaoempauta\/wp-json\/wp\/v2\/categories?post=7387"},{"taxonomy":"post_tag","embeddable":true,"href":"https:\/\/sinepe-rs.org.br\/educacaoempauta\/wp-json\/wp\/v2\/tags?post=7387"}],"curies":[{"name":"wp","href":"https:\/\/api.w.org\/{rel}","templated":true}]}}