{"id":7557,"date":"2026-01-08T07:01:00","date_gmt":"2026-01-08T10:01:00","guid":{"rendered":"https:\/\/sinepe-rs.org.br\/educacaoempauta\/?p=7557"},"modified":"2026-01-22T09:04:40","modified_gmt":"2026-01-22T12:04:40","slug":"vencer-a-cultura-da-pressa-e-uma-chave-para-cuidar-da-saude-mental","status":"publish","type":"post","link":"https:\/\/sinepe-rs.org.br\/educacaoempauta\/tendencias\/vencer-a-cultura-da-pressa-e-uma-chave-para-cuidar-da-saude-mental\/","title":{"rendered":"Vencer a cultura da pressa \u00e9 uma chave para cuidar da sa\u00fade mental"},"content":{"rendered":"\n<p>Se a tecnologia nos aproxima e, cada vez mais, facilita tarefas do dia a dia, na mesma propor\u00e7\u00e3o ela aumenta a velocidade da vida. Acelerar \u00e1udios, consumir conte\u00fados r\u00e1pidos e rasos virou sintoma de uma sociedade que transformou o &#8220;estar ocupado 24\/7&#8221; em sin\u00f4nimo de sucesso.<br><br>A psic\u00f3loga especialista em sa\u00fade do trabalhador e professora da UniRitter Aline Soares prop\u00f5e a reflex\u00e3o sobre a cultura da pressa, que pode promover a intensifica\u00e7\u00e3o e a sobrecarga no trabalho. Ela destaca que as intelig\u00eancias artificiais auxiliam para que se tenha mais qualidade de vida, mas, no momento que agilizam processos, acabam exigindo de uma pessoa que ela multiplique sua carga de trabalho sem multiplicar a carga hor\u00e1ria. \u201cA busca por produtividade e, consequentemente, uma competitividade que leva \u00e0 redu\u00e7\u00e3o de prazos e aumento de metas, exige desse trabalhador que ele fa\u00e7a muito mais coisas em menos tempo&#8221;, alerta.<\/p>\n\n\n\n<p>Aline ressalta que os <mark style=\"background-color:#ff6900\" class=\"has-inline-color\">indicadores de desempenho refor\u00e7am a ideia de que n\u00fameros viraram sin\u00f4nimo de efici\u00eancia, causando consequ\u00eancias at\u00e9 mesmo em \u00e1reas nas quais o foco deveria ser qualidade \u2013 e n\u00e3o quantidade \u2013, como na aten\u00e7\u00e3o prim\u00e1ria em sa\u00fade<\/mark>. \u201cA hiperconectividade acaba extravasando as \u00e1reas da vida das pessoas. Essa exig\u00eancia de respostas imediatas, de recebimento de WhatsApp a qualquer hora e em qualquer dia, elimina os espa\u00e7os de pausa, reflex\u00e3o e criatividade, que s\u00e3o t\u00e3o importantes\u201d, aponta.<br><br>A naturaliza\u00e7\u00e3o da l\u00f3gica produtivista como sin\u00f4nimo de sucesso n\u00e3o \u00e9 um movimento s\u00f3 do mercado de trabalho e das empresas, mas tamb\u00e9m social, de forma gradual e inconsciente. \u201cIsso incorpora a acelera\u00e7\u00e3o como algo ideal na nossa cultura\u201d, sinaliza Aline.<\/p>\n\n\n\n<h2 class=\"wp-block-heading has-medium-font-size\"><strong><strong>Nativos digitais e o poder de dizer &#8220;n\u00e3o<\/strong><\/strong>&#8220;<\/h2>\n\n\n\n<p>Alunos que est\u00e3o cursando o Ensino Fundamental e, principalmente, o Ensino M\u00e9dio j\u00e1 refletem sobre o que querem ser quando crescerem. Se a l\u00f3gica do mercado de trabalho n\u00e3o mudar a m\u00e9dio prazo, como prepar\u00e1-los?<br><br>O economista e professor da Fadergs Jorge Ussan comenta que a receita mistura educa\u00e7\u00e3o de qualidade e desenvolvimento das habilidades cognitivas que lhes permitam se adaptar. \u201cA gente acha que existem coisas que v\u00e3o revolucionar, mas n\u00e3o. As crian\u00e7as aprendem o que elas veem. Os imersos no mundo digital v\u00e3o ter mais flexibilidade do que seus pais, do que seus av\u00f3s, mas ainda ser\u00e3o seres humanos&#8221;, reflete.<br><br>Para Aline, <mark style=\"background-color:#ff6900\" class=\"has-inline-color\">a rela\u00e7\u00e3o dos pais com o trabalho reflete na vis\u00e3o e no comportamento dos jovens no mercado de trabalho<\/mark>, que j\u00e1 entendem que podem dizer \u201cn\u00e3o\u201d. Por\u00e9m ainda t\u00eam na sua forma\u00e7\u00e3o a entrega das provas, dos trabalhos, da m\u00e9trica e da produtividade.<br><br><mark style=\"background-color:#ff6900\" class=\"has-inline-color\">As redes sociais criam uma press\u00e3o cont\u00ednua que invade a vida pessoal. N\u00e3o \u00e9 s\u00f3 o trabalho, mas acabam vindo com uma sobrecarga de exig\u00eancia que \u00e9 de hobby, de beleza, de relacionamentos com sucesso<\/mark>. At\u00e9 mesmo o descanso \u00e9 visto como uma produ\u00e7\u00e3o. \u201cO descansar tamb\u00e9m \u00e9 medido como uma m\u00e9trica. E isso, do ponto de vista da sa\u00fade mental, \u00e9 muito grave. Ent\u00e3o, os nativos digitais t\u00eam uma viv\u00eancia diferente em rela\u00e7\u00e3o a outros que est\u00e3o no mercado de trabalho e que s\u00e3o de outras gera\u00e7\u00f5es&#8221;, alerta.<\/p>\n\n\n\n<p><mark style=\"background-color:#fcb900\" class=\"has-inline-color\"><strong>Leia tamb\u00e9m:<br>>> <a href=\"https:\/\/sinepe-rs.org.br\/educacaoempauta\/pedagogico\/atividade-fisica-torna-se-aliada-da-saude-mental-dos-estudantes\/\">Atividade f\u00edsica torna-se aliada da sa\u00fade mental dos estudantes<br><\/a>>> <a href=\"https:\/\/sinepe-rs.org.br\/educacaoempauta\/inspire-se\/telas-e-bem-estar-o-que-realmente-afeta-a-saude-emocional-dos-jovens\/\">Telas e bem-estar: o que realmente afeta a sa\u00fade emocional dos jovens<br><\/a>>> <a href=\"https:\/\/sinepe-rs.org.br\/educacaoempauta\/com-a-palavra\/especialista-faz-reflexoes-sobre-violencia-sentido-da-vida-e-papel-das-escolas\/\">Leo Fraiman: \u201cPassou da hora de a gente rever os curr\u00edculos escolares\u201d<\/a><\/strong><\/mark><\/p>\n\n\n\n<h2 class=\"wp-block-heading has-medium-font-size\"><strong>A reconquista da consci\u00eancia<\/strong><\/h2>\n\n\n\n<p>L\u00e1 no in\u00edcio da reportagem ficou uma quest\u00e3o para reflex\u00e3o: <em>tem mesmo que ser assim sempre? <\/em>A resposta cada um ter\u00e1 para si, desenvolvendo consci\u00eancia da realidade e como vai lidar com ela.<br><br>Apesar da identifica\u00e7\u00e3o de que a l\u00f3gica produtivista est\u00e1 inserida no nosso inconsciente e na sociedade, Aline tamb\u00e9m traz como um alento alguns sinais de busca de qualidade de vida. A Covid-19 trouxe uma luz para a quest\u00e3o da sa\u00fade mental dentro das empresas e das organiza\u00e7\u00f5es. \u201c<mark style=\"background-color:#ff6900\" class=\"has-inline-color\">Enfrentar essa l\u00f3gica produtivista passa por uma mudan\u00e7a de cultura, mas tem coisas que talvez possamos iniciar, como reconhecer o valor do descanso como parte de uma produ\u00e7\u00e3o saud\u00e1vel<\/mark>,\u201d orienta.<\/p>\n\n\n\n<h2 class=\"wp-block-heading has-medium-font-size\"><strong>Menos agenda, mais imagina\u00e7\u00e3o<\/strong><\/h2>\n\n\n\n<p>Viver melhor permite orientar e dar bons exemplos para as crian\u00e7as e jovens nativos digitais, que est\u00e3o crescendo e sendo formados para a vida adulta e o mercado de trabalho neste contexto de acelera\u00e7\u00e3o. \u201cEnsinar o valor do \u00f3cio e da pausa para as crian\u00e7as \u00e9 importante\u201d, comenta Aline.&nbsp;<\/p>\n\n\n\n<p>A crian\u00e7a precisa de uma agenda para brincar, para n\u00e3o fazer nada e imaginar. Se \u00e9 almejado um futuro de crian\u00e7as e jovens que compreendam como \u00e9 fundamental cuidar da sa\u00fade mental, cabe ao adulto ter senso cr\u00edtico e perceber que \u00e9 importante que tamb\u00e9m fa\u00e7a isso. \u201cPequenos exemplos do dia a dia, nos quais eu consigo trabalhar essa quest\u00e3o do valor da qualidade ao inv\u00e9s da quantidade [s\u00e3o importantes]&#8221;, recomenda a psic\u00f3loga.&nbsp;<\/p>\n\n\n\n<figure class=\"wp-block-image size-large\"><img loading=\"lazy\" decoding=\"async\" width=\"1024\" height=\"806\" src=\"https:\/\/sinepe-rs.org.br\/educacaoempauta\/wp-content\/uploads\/2026\/01\/image-1024x806.jpeg\" alt=\"\" class=\"wp-image-7558\" srcset=\"https:\/\/sinepe-rs.org.br\/educacaoempauta\/wp-content\/uploads\/2026\/01\/image-1024x806.jpeg 1024w, https:\/\/sinepe-rs.org.br\/educacaoempauta\/wp-content\/uploads\/2026\/01\/image-300x236.jpeg 300w, https:\/\/sinepe-rs.org.br\/educacaoempauta\/wp-content\/uploads\/2026\/01\/image-768x604.jpeg 768w, https:\/\/sinepe-rs.org.br\/educacaoempauta\/wp-content\/uploads\/2026\/01\/image.jpeg 1158w\" sizes=\"auto, (max-width: 1024px) 100vw, 1024px\" \/><\/figure>\n\n\n\n<h3 class=\"wp-block-heading has-medium-font-size\"><strong>&gt;&gt; Conta para a gente<\/strong><\/h3>\n\n\n\n<p>A sua institui\u00e7\u00e3o de ensino possui iniciativas que estimulem o senso cr\u00edtico sobre a rela\u00e7\u00e3o com a tecnologia no mundo contempor\u00e2neo, o mercado de trabalho e o dia a dia da sociedade? Ent\u00e3o, a sua hist\u00f3ria pode ser compartilhada aqui no Educa\u00e7\u00e3o em Pauta. <a href=\"mailto:educacaoempauta@sinepe-rs.org.br\" target=\"_blank\" rel=\"noreferrer noopener\">Clique aqui.<\/a><\/p>\n\n\n\n<p><\/p>\n","protected":false},"excerpt":{"rendered":"<p>Entenda por que definir limites pessoais virou a compet\u00eancia mais valiosa para o profissional moderno<\/p>\n","protected":false},"author":4,"featured_media":7566,"comment_status":"closed","ping_status":"closed","sticky":false,"template":"","format":"standard","meta":{"footnotes":""},"categories":[8],"tags":[192,43],"class_list":["post-7557","post","type-post","status-publish","format-standard","has-post-thumbnail","hentry","category-tendencias","tag-saude-mental","tag-sinepe-rs-2"],"acf":[],"yoast_head":"<!-- This site is optimized with the Yoast SEO plugin v24.6 - https:\/\/yoast.com\/wordpress\/plugins\/seo\/ -->\n<title>Vencer a cultura da pressa \u00e9 uma chave para cuidar da sa\u00fade mental - Educa\u00e7\u00e3o em Pauta: Portal de reportagens de Educa\u00e7\u00e3o<\/title>\n<meta name=\"description\" content=\"Entenda por que definir limites pessoais virou a compet\u00eancia mais valiosa para o profissional moderno\" \/>\n<meta name=\"robots\" content=\"index, follow, max-snippet:-1, max-image-preview:large, max-video-preview:-1\" \/>\n<link rel=\"canonical\" href=\"https:\/\/sinepe-rs.org.br\/educacaoempauta\/tendencias\/vencer-a-cultura-da-pressa-e-uma-chave-para-cuidar-da-saude-mental\/\" \/>\n<meta property=\"og:locale\" content=\"pt_BR\" \/>\n<meta property=\"og:type\" content=\"article\" \/>\n<meta property=\"og:title\" content=\"Vencer a cultura da pressa \u00e9 uma chave para cuidar da sa\u00fade mental - Educa\u00e7\u00e3o em Pauta: Portal de reportagens de Educa\u00e7\u00e3o\" \/>\n<meta property=\"og:description\" content=\"Entenda por que definir limites pessoais virou a compet\u00eancia mais valiosa para o profissional moderno\" \/>\n<meta property=\"og:url\" content=\"https:\/\/sinepe-rs.org.br\/educacaoempauta\/tendencias\/vencer-a-cultura-da-pressa-e-uma-chave-para-cuidar-da-saude-mental\/\" \/>\n<meta property=\"og:site_name\" content=\"Educa\u00e7\u00e3o em Pauta: Portal de reportagens de Educa\u00e7\u00e3o\" \/>\n<meta property=\"article:published_time\" content=\"2026-01-08T10:01:00+00:00\" \/>\n<meta property=\"article:modified_time\" content=\"2026-01-22T12:04:40+00:00\" \/>\n<meta property=\"og:image\" content=\"https:\/\/sinepe-rs.org.br\/educacaoempauta\/wp-content\/uploads\/2026\/01\/554_sinepers_padrinho_culturadapressa.png\" \/>\n\t<meta property=\"og:image:width\" content=\"1366\" \/>\n\t<meta property=\"og:image:height\" content=\"450\" \/>\n\t<meta property=\"og:image:type\" content=\"image\/png\" \/>\n<meta name=\"author\" content=\"Eduardo Wolff\" \/>\n<meta name=\"twitter:card\" content=\"summary_large_image\" \/>\n<meta name=\"twitter:label1\" content=\"Escrito por\" \/>\n\t<meta name=\"twitter:data1\" content=\"Eduardo Wolff\" \/>\n\t<meta name=\"twitter:label2\" content=\"Est. tempo de leitura\" \/>\n\t<meta name=\"twitter:data2\" content=\"6 minutos\" \/>\n<script type=\"application\/ld+json\" class=\"yoast-schema-graph\">{\"@context\":\"https:\/\/schema.org\",\"@graph\":[{\"@type\":\"WebPage\",\"@id\":\"https:\/\/sinepe-rs.org.br\/educacaoempauta\/tendencias\/vencer-a-cultura-da-pressa-e-uma-chave-para-cuidar-da-saude-mental\/\",\"url\":\"https:\/\/sinepe-rs.org.br\/educacaoempauta\/tendencias\/vencer-a-cultura-da-pressa-e-uma-chave-para-cuidar-da-saude-mental\/\",\"name\":\"Vencer a cultura da pressa \u00e9 uma chave para cuidar da sa\u00fade mental - Educa\u00e7\u00e3o em Pauta: Portal de reportagens de Educa\u00e7\u00e3o\",\"isPartOf\":{\"@id\":\"https:\/\/sinepe-rs.org.br\/educacaoempauta\/#website\"},\"primaryImageOfPage\":{\"@id\":\"https:\/\/sinepe-rs.org.br\/educacaoempauta\/tendencias\/vencer-a-cultura-da-pressa-e-uma-chave-para-cuidar-da-saude-mental\/#primaryimage\"},\"image\":{\"@id\":\"https:\/\/sinepe-rs.org.br\/educacaoempauta\/tendencias\/vencer-a-cultura-da-pressa-e-uma-chave-para-cuidar-da-saude-mental\/#primaryimage\"},\"thumbnailUrl\":\"https:\/\/sinepe-rs.org.br\/educacaoempauta\/wp-content\/uploads\/2026\/01\/554_sinepers_padrinho_culturadapressa.png\",\"datePublished\":\"2026-01-08T10:01:00+00:00\",\"dateModified\":\"2026-01-22T12:04:40+00:00\",\"author\":{\"@id\":\"https:\/\/sinepe-rs.org.br\/educacaoempauta\/#\/schema\/person\/a9bb8c61d5b098df16c34ec9d7154a99\"},\"description\":\"Entenda por que definir limites pessoais virou a compet\u00eancia mais valiosa para o profissional moderno\",\"breadcrumb\":{\"@id\":\"https:\/\/sinepe-rs.org.br\/educacaoempauta\/tendencias\/vencer-a-cultura-da-pressa-e-uma-chave-para-cuidar-da-saude-mental\/#breadcrumb\"},\"inLanguage\":\"pt-BR\",\"potentialAction\":[{\"@type\":\"ReadAction\",\"target\":[\"https:\/\/sinepe-rs.org.br\/educacaoempauta\/tendencias\/vencer-a-cultura-da-pressa-e-uma-chave-para-cuidar-da-saude-mental\/\"]}]},{\"@type\":\"ImageObject\",\"inLanguage\":\"pt-BR\",\"@id\":\"https:\/\/sinepe-rs.org.br\/educacaoempauta\/tendencias\/vencer-a-cultura-da-pressa-e-uma-chave-para-cuidar-da-saude-mental\/#primaryimage\",\"url\":\"https:\/\/sinepe-rs.org.br\/educacaoempauta\/wp-content\/uploads\/2026\/01\/554_sinepers_padrinho_culturadapressa.png\",\"contentUrl\":\"https:\/\/sinepe-rs.org.br\/educacaoempauta\/wp-content\/uploads\/2026\/01\/554_sinepers_padrinho_culturadapressa.png\",\"width\":1366,\"height\":450,\"caption\":\"Vencer a cultura da pressa \u00e9 uma chave para cuidar da sa\u00fade mental\"},{\"@type\":\"BreadcrumbList\",\"@id\":\"https:\/\/sinepe-rs.org.br\/educacaoempauta\/tendencias\/vencer-a-cultura-da-pressa-e-uma-chave-para-cuidar-da-saude-mental\/#breadcrumb\",\"itemListElement\":[{\"@type\":\"ListItem\",\"position\":1,\"name\":\"Home\",\"item\":\"https:\/\/sinepe-rs.org.br\/educacaoempauta\/\"},{\"@type\":\"ListItem\",\"position\":2,\"name\":\"Vencer a cultura da pressa \u00e9 uma chave para cuidar da sa\u00fade mental\"}]},{\"@type\":\"WebSite\",\"@id\":\"https:\/\/sinepe-rs.org.br\/educacaoempauta\/#website\",\"url\":\"https:\/\/sinepe-rs.org.br\/educacaoempauta\/\",\"name\":\"Educa\u00e7\u00e3o em Pauta: Portal de reportagens de Educa\u00e7\u00e3o\",\"description\":\"Sinepe-RS\",\"potentialAction\":[{\"@type\":\"SearchAction\",\"target\":{\"@type\":\"EntryPoint\",\"urlTemplate\":\"https:\/\/sinepe-rs.org.br\/educacaoempauta\/?s={search_term_string}\"},\"query-input\":{\"@type\":\"PropertyValueSpecification\",\"valueRequired\":true,\"valueName\":\"search_term_string\"}}],\"inLanguage\":\"pt-BR\"},{\"@type\":\"Person\",\"@id\":\"https:\/\/sinepe-rs.org.br\/educacaoempauta\/#\/schema\/person\/a9bb8c61d5b098df16c34ec9d7154a99\",\"name\":\"Eduardo Wolff\",\"image\":{\"@type\":\"ImageObject\",\"inLanguage\":\"pt-BR\",\"@id\":\"https:\/\/sinepe-rs.org.br\/educacaoempauta\/#\/schema\/person\/image\/\",\"url\":\"https:\/\/secure.gravatar.com\/avatar\/dc93e7510d4af8ae2514871724e1fbe69e43cadf2bc69fa120c919f4a599d7ca?s=96&d=mm&r=g\",\"contentUrl\":\"https:\/\/secure.gravatar.com\/avatar\/dc93e7510d4af8ae2514871724e1fbe69e43cadf2bc69fa120c919f4a599d7ca?s=96&d=mm&r=g\",\"caption\":\"Eduardo Wolff\"},\"url\":\"https:\/\/sinepe-rs.org.br\/educacaoempauta\/author\/eduardo\/\"}]}<\/script>\n<!-- \/ Yoast SEO plugin. -->","yoast_head_json":{"title":"Vencer a cultura da pressa \u00e9 uma chave para cuidar da sa\u00fade mental - Educa\u00e7\u00e3o em Pauta: Portal de reportagens de Educa\u00e7\u00e3o","description":"Entenda por que definir limites pessoais virou a compet\u00eancia mais valiosa para o profissional moderno","robots":{"index":"index","follow":"follow","max-snippet":"max-snippet:-1","max-image-preview":"max-image-preview:large","max-video-preview":"max-video-preview:-1"},"canonical":"https:\/\/sinepe-rs.org.br\/educacaoempauta\/tendencias\/vencer-a-cultura-da-pressa-e-uma-chave-para-cuidar-da-saude-mental\/","og_locale":"pt_BR","og_type":"article","og_title":"Vencer a cultura da pressa \u00e9 uma chave para cuidar da sa\u00fade mental - Educa\u00e7\u00e3o em Pauta: Portal de reportagens de Educa\u00e7\u00e3o","og_description":"Entenda por que definir limites pessoais virou a compet\u00eancia mais valiosa para o profissional moderno","og_url":"https:\/\/sinepe-rs.org.br\/educacaoempauta\/tendencias\/vencer-a-cultura-da-pressa-e-uma-chave-para-cuidar-da-saude-mental\/","og_site_name":"Educa\u00e7\u00e3o em Pauta: Portal de reportagens de Educa\u00e7\u00e3o","article_published_time":"2026-01-08T10:01:00+00:00","article_modified_time":"2026-01-22T12:04:40+00:00","og_image":[{"width":1366,"height":450,"url":"https:\/\/sinepe-rs.org.br\/educacaoempauta\/wp-content\/uploads\/2026\/01\/554_sinepers_padrinho_culturadapressa.png","type":"image\/png"}],"author":"Eduardo Wolff","twitter_card":"summary_large_image","twitter_misc":{"Escrito por":"Eduardo Wolff","Est. tempo de leitura":"6 minutos"},"schema":{"@context":"https:\/\/schema.org","@graph":[{"@type":"WebPage","@id":"https:\/\/sinepe-rs.org.br\/educacaoempauta\/tendencias\/vencer-a-cultura-da-pressa-e-uma-chave-para-cuidar-da-saude-mental\/","url":"https:\/\/sinepe-rs.org.br\/educacaoempauta\/tendencias\/vencer-a-cultura-da-pressa-e-uma-chave-para-cuidar-da-saude-mental\/","name":"Vencer a cultura da pressa \u00e9 uma chave para cuidar da sa\u00fade mental - Educa\u00e7\u00e3o em Pauta: Portal de reportagens de Educa\u00e7\u00e3o","isPartOf":{"@id":"https:\/\/sinepe-rs.org.br\/educacaoempauta\/#website"},"primaryImageOfPage":{"@id":"https:\/\/sinepe-rs.org.br\/educacaoempauta\/tendencias\/vencer-a-cultura-da-pressa-e-uma-chave-para-cuidar-da-saude-mental\/#primaryimage"},"image":{"@id":"https:\/\/sinepe-rs.org.br\/educacaoempauta\/tendencias\/vencer-a-cultura-da-pressa-e-uma-chave-para-cuidar-da-saude-mental\/#primaryimage"},"thumbnailUrl":"https:\/\/sinepe-rs.org.br\/educacaoempauta\/wp-content\/uploads\/2026\/01\/554_sinepers_padrinho_culturadapressa.png","datePublished":"2026-01-08T10:01:00+00:00","dateModified":"2026-01-22T12:04:40+00:00","author":{"@id":"https:\/\/sinepe-rs.org.br\/educacaoempauta\/#\/schema\/person\/a9bb8c61d5b098df16c34ec9d7154a99"},"description":"Entenda por que definir limites pessoais virou a compet\u00eancia mais valiosa para o profissional moderno","breadcrumb":{"@id":"https:\/\/sinepe-rs.org.br\/educacaoempauta\/tendencias\/vencer-a-cultura-da-pressa-e-uma-chave-para-cuidar-da-saude-mental\/#breadcrumb"},"inLanguage":"pt-BR","potentialAction":[{"@type":"ReadAction","target":["https:\/\/sinepe-rs.org.br\/educacaoempauta\/tendencias\/vencer-a-cultura-da-pressa-e-uma-chave-para-cuidar-da-saude-mental\/"]}]},{"@type":"ImageObject","inLanguage":"pt-BR","@id":"https:\/\/sinepe-rs.org.br\/educacaoempauta\/tendencias\/vencer-a-cultura-da-pressa-e-uma-chave-para-cuidar-da-saude-mental\/#primaryimage","url":"https:\/\/sinepe-rs.org.br\/educacaoempauta\/wp-content\/uploads\/2026\/01\/554_sinepers_padrinho_culturadapressa.png","contentUrl":"https:\/\/sinepe-rs.org.br\/educacaoempauta\/wp-content\/uploads\/2026\/01\/554_sinepers_padrinho_culturadapressa.png","width":1366,"height":450,"caption":"Vencer a cultura da pressa \u00e9 uma chave para cuidar da sa\u00fade mental"},{"@type":"BreadcrumbList","@id":"https:\/\/sinepe-rs.org.br\/educacaoempauta\/tendencias\/vencer-a-cultura-da-pressa-e-uma-chave-para-cuidar-da-saude-mental\/#breadcrumb","itemListElement":[{"@type":"ListItem","position":1,"name":"Home","item":"https:\/\/sinepe-rs.org.br\/educacaoempauta\/"},{"@type":"ListItem","position":2,"name":"Vencer a cultura da pressa \u00e9 uma chave para cuidar da sa\u00fade mental"}]},{"@type":"WebSite","@id":"https:\/\/sinepe-rs.org.br\/educacaoempauta\/#website","url":"https:\/\/sinepe-rs.org.br\/educacaoempauta\/","name":"Educa\u00e7\u00e3o em Pauta: Portal de reportagens de Educa\u00e7\u00e3o","description":"Sinepe-RS","potentialAction":[{"@type":"SearchAction","target":{"@type":"EntryPoint","urlTemplate":"https:\/\/sinepe-rs.org.br\/educacaoempauta\/?s={search_term_string}"},"query-input":{"@type":"PropertyValueSpecification","valueRequired":true,"valueName":"search_term_string"}}],"inLanguage":"pt-BR"},{"@type":"Person","@id":"https:\/\/sinepe-rs.org.br\/educacaoempauta\/#\/schema\/person\/a9bb8c61d5b098df16c34ec9d7154a99","name":"Eduardo Wolff","image":{"@type":"ImageObject","inLanguage":"pt-BR","@id":"https:\/\/sinepe-rs.org.br\/educacaoempauta\/#\/schema\/person\/image\/","url":"https:\/\/secure.gravatar.com\/avatar\/dc93e7510d4af8ae2514871724e1fbe69e43cadf2bc69fa120c919f4a599d7ca?s=96&d=mm&r=g","contentUrl":"https:\/\/secure.gravatar.com\/avatar\/dc93e7510d4af8ae2514871724e1fbe69e43cadf2bc69fa120c919f4a599d7ca?s=96&d=mm&r=g","caption":"Eduardo Wolff"},"url":"https:\/\/sinepe-rs.org.br\/educacaoempauta\/author\/eduardo\/"}]}},"_links":{"self":[{"href":"https:\/\/sinepe-rs.org.br\/educacaoempauta\/wp-json\/wp\/v2\/posts\/7557","targetHints":{"allow":["GET"]}}],"collection":[{"href":"https:\/\/sinepe-rs.org.br\/educacaoempauta\/wp-json\/wp\/v2\/posts"}],"about":[{"href":"https:\/\/sinepe-rs.org.br\/educacaoempauta\/wp-json\/wp\/v2\/types\/post"}],"author":[{"embeddable":true,"href":"https:\/\/sinepe-rs.org.br\/educacaoempauta\/wp-json\/wp\/v2\/users\/4"}],"replies":[{"embeddable":true,"href":"https:\/\/sinepe-rs.org.br\/educacaoempauta\/wp-json\/wp\/v2\/comments?post=7557"}],"version-history":[{"count":10,"href":"https:\/\/sinepe-rs.org.br\/educacaoempauta\/wp-json\/wp\/v2\/posts\/7557\/revisions"}],"predecessor-version":[{"id":7673,"href":"https:\/\/sinepe-rs.org.br\/educacaoempauta\/wp-json\/wp\/v2\/posts\/7557\/revisions\/7673"}],"wp:featuredmedia":[{"embeddable":true,"href":"https:\/\/sinepe-rs.org.br\/educacaoempauta\/wp-json\/wp\/v2\/media\/7566"}],"wp:attachment":[{"href":"https:\/\/sinepe-rs.org.br\/educacaoempauta\/wp-json\/wp\/v2\/media?parent=7557"}],"wp:term":[{"taxonomy":"category","embeddable":true,"href":"https:\/\/sinepe-rs.org.br\/educacaoempauta\/wp-json\/wp\/v2\/categories?post=7557"},{"taxonomy":"post_tag","embeddable":true,"href":"https:\/\/sinepe-rs.org.br\/educacaoempauta\/wp-json\/wp\/v2\/tags?post=7557"}],"curies":[{"name":"wp","href":"https:\/\/api.w.org\/{rel}","templated":true}]}}