{"id":8044,"date":"2026-04-02T07:03:00","date_gmt":"2026-04-02T10:03:00","guid":{"rendered":"https:\/\/sinepe-rs.org.br\/educacaoempauta\/?p=8044"},"modified":"2026-04-17T09:09:43","modified_gmt":"2026-04-17T12:09:43","slug":"educacao-fiscal-nas-escolas-desenvolve-a-consciencia-social-dos-estudantes","status":"publish","type":"post","link":"https:\/\/sinepe-rs.org.br\/educacaoempauta\/pedagogico\/educacao-fiscal-nas-escolas-desenvolve-a-consciencia-social-dos-estudantes\/","title":{"rendered":"Educa\u00e7\u00e3o Fiscal nas escolas desenvolve a consci\u00eancia social dos estudantes"},"content":{"rendered":"\n<p>Tema transversal que vem ganhando cada vez mais espa\u00e7o na forma\u00e7\u00e3o de estudantes \u2014 e futuros contribuintes \u2014, a Educa\u00e7\u00e3o Fiscal promove a conscientiza\u00e7\u00e3o dos jovens sobre a fun\u00e7\u00e3o social dos tributos, a qualidade do gasto p\u00fablico e estimula o acompanhamento do retorno dos impostos em servi\u00e7os para a sociedade. <mark style=\"background-color:#ff6900\" class=\"has-inline-color\">O aprendizado sobre o tema ajuda a formar cidad\u00e3os mais conscientes, fortalecendo a democracia e pavimentando o caminho para a constru\u00e7\u00e3o de um futuro mais justo<\/mark>.\u00a0<\/p>\n\n\n\n<p>No Brasil, h\u00e1 diversas iniciativas que integram a Uni\u00e3o, Estados e munic\u00edpios no fomento ao debate do tema em sala de aula, como o Programa Nacional de Educa\u00e7\u00e3o Fiscal (PNEF), institu\u00eddo pela Portaria Interministerial n\u00ba 413\/2002. No Rio Grande do Sul, o <a href=\"http:\/\/www.educacaofiscal.rs.gov.br\/\" target=\"_blank\" rel=\"noreferrer noopener\">Programa Estadual de Educa\u00e7\u00e3o Fiscal (PEF\/RS)<\/a>, que \u00e9 reconhecido nacionalmente, integra uma s\u00e9rie de iniciativas que buscam estimular a cidadania fiscal nas escolas. Em 2025, a prefeitura de Porto Alegre tamb\u00e9m lan\u00e7ou um <a href=\"https:\/\/prefeitura.poa.br\/smf\/educacao-fiscal\" target=\"_blank\" rel=\"noreferrer noopener\">portal<\/a> com diversos materiais informativos, como v\u00eddeos e infogr\u00e1ficos, para facilitar a compreens\u00e3o sobre o recolhimento, a aplica\u00e7\u00e3o e a fiscaliza\u00e7\u00e3o dos tributos.\u00a0\u00a0<\/p>\n\n\n\n<p>A auditora fiscal e chefe da se\u00e7\u00e3o Programa de Integra\u00e7\u00e3o Tribut\u00e1ria (PIT) da Receita Estadual do RS, Ana Carolina Bernardini, sublinha que a Educa\u00e7\u00e3o Fiscal \u00e9 t\u00e3o importante quanto a <a href=\"https:\/\/sinepe-rs.org.br\/educacaoempauta\/inspire-se\/por-que-a-educacao-financeira-ajuda-a-formar-cidadaos-mais-conscientes\/\" target=\"_blank\" rel=\"noreferrer noopener\">Educa\u00e7\u00e3o Financeira<\/a>. Ela frisa que o foco n\u00e3o \u00e9 o aspecto t\u00e9cnico do Direito Tribut\u00e1rio, mas sim o entendimento de que os impostos arrecadados sustentam bens e servi\u00e7os ofertados a toda a sociedade, especialmente \u00e0 parcela mais vulner\u00e1vel, independentemente de o contribuinte individual utilizar pessoalmente todos esses servi\u00e7os (como o SUS ou a escola p\u00fablica).<\/p>\n\n\n\n<p>\u201c<mark style=\"background-color:#ff6900\" class=\"has-inline-color\">Temos que explicar para os estudantes a correla\u00e7\u00e3o entre os servi\u00e7os que eles usam e o que \u00e9 o imposto que eles pagam<\/mark>. A diferen\u00e7a do imposto que \u00e9 pago no mercado, que \u00e9 sobre o consumo, e o imposto que \u00e9 cobrado sobre patrim\u00f4nio. Por exemplo, o pai desse estudante paga o IPVA referente ao carro. Em casa, ele paga o IPTU\u201d, pontua.\u00a0<\/p>\n\n\n\n<p><strong><mark style=\"background-color:#fcb900\" class=\"has-inline-color\">Leia tamb\u00e9m:<br>>> <a href=\"https:\/\/sinepe-rs.org.br\/educacaoempauta\/inspire-se\/por-que-a-educacao-financeira-ajuda-a-formar-cidadaos-mais-conscientes\/\" target=\"_blank\" rel=\"noreferrer noopener\">Como a Educa\u00e7\u00e3o Financeira ajuda a formar cidad\u00e3os mais conscientes<br><\/a>>> <a href=\"https:\/\/sinepe-rs.org.br\/educacaoempauta\/pedagogico\/bncc-computacao-implementacao-escolas\/\" target=\"_blank\" rel=\"noreferrer noopener\">Caminhos para a implementa\u00e7\u00e3o do ensino computacional nas escolas<br><\/a>>> <a href=\"https:\/\/sinepe-rs.org.br\/educacaoempauta\/gestao\/como-estimular-o-uso-de-tecnologias-digitais-pelos-professores\/\" target=\"_blank\" rel=\"noreferrer noopener\">Como estimular o uso de tecnologias digitais pelos professores<\/a><\/mark><\/strong><\/p>\n\n\n\n<p>Ela ressalta que o projeto do Estado utiliza metodologia l\u00fadica, como brincadeiras de &#8220;mercadinho&#8221; na Educa\u00e7\u00e3o Infantil e explora temas pr\u00f3ximos \u00e0 realidade do aluno, como a merenda escolar, para introduzir o tema. Ela tamb\u00e9m destaca a import\u00e2ncia da integra\u00e7\u00e3o do tema a componentes curriculares como Portugu\u00eas e Matem\u00e1tica.<\/p>\n\n\n\n<h2 class=\"wp-block-heading has-medium-font-size\"><strong>Desafios e integra\u00e7\u00e3o \u00e0 BNCC<\/strong><\/h2>\n\n\n\n<p>Ana comenta que um dos principais desafios para a implementa\u00e7\u00e3o da Educa\u00e7\u00e3o Fiscal \u00e9 a sobrecarga dos professores. Para mitigar isso, existe um esfor\u00e7o nacional, por meio de grupos t\u00e9cnicos como o GT66 &#8211; Educa\u00e7\u00e3o Fiscal, que \u00e9 um grupo de trabalho integrante da Comiss\u00e3o T\u00e9cnica Permanente do ICMS (COTEPE\/ICMS), para alinhar os conte\u00fados de Educa\u00e7\u00e3o Fiscal \u00e0 Base Nacional Comum Curricular (BNCC).&nbsp;<\/p>\n\n\n\n<p>Esse trabalho visa fornecer aos professores um guia pr\u00e1tico que indique exatamente onde e como inserir o tema em seus planos de aula, <mark style=\"background-color:#ff6900\" class=\"has-inline-color\">transformando a Educa\u00e7\u00e3o Fiscal em uma ferramenta de apoio pedag\u00f3gico em vez de uma carga extra de trabalho<\/mark>.<\/p>\n\n\n\n<h2 class=\"wp-block-heading has-medium-font-size\"><strong>Metodologias&nbsp;<\/strong><\/h2>\n\n\n\n<p>O professor de Matem\u00e1tica do Col\u00e9gio Marista Ros\u00e1rio, de Porto Alegre, Gabriel Gomes Rocha, conta que a escola desenvolve dois projetos no Ensino Fundamental e no Ensino M\u00e9dio que abordam a rela\u00e7\u00e3o entre finan\u00e7as, impostos e servi\u00e7os p\u00fablicos. S\u00e3o eles: o Itiner\u00e1rio Formativo de Aprofundamento em Educa\u00e7\u00e3o Financeira, voltado ao Ensino M\u00e9dio, e o Clube de Educa\u00e7\u00e3o Financeira, destinado ao Ensino Fundamental.&nbsp;<\/p>\n\n\n\n<p>No Itiner\u00e1rio de Educa\u00e7\u00e3o Financeira, os estudantes do Ensino M\u00e9dio problematizam temas que v\u00e3o desde o or\u00e7amento familiar at\u00e9 os impactos globais do consumo, incluindo discuss\u00f5es sobre tributa\u00e7\u00e3o, servi\u00e7os p\u00fablicos e gest\u00e3o financeira no contexto do empreendedorismo.&nbsp;<\/p>\n\n\n\n<p>J\u00e1 no Clube de Educa\u00e7\u00e3o Financeira, os estudantes do Ensino Fundamental s\u00e3o introduzidos no universo das finan\u00e7as pessoais. <mark style=\"background-color:#ff6900\" class=\"has-inline-color\">As atividades buscam organiz\u00e1-los e situ\u00e1-los como protagonistas na compreens\u00e3o do or\u00e7amento familiar<\/mark>, relacionando esse processo a diferentes \u00e1reas do conhecimento, de modo que a Educa\u00e7\u00e3o Financeira seja reconhecida como tema transversal e conectado \u00e0 realidade social e comunit\u00e1ria. Rocha explica que professores de diferentes disciplinas s\u00e3o convidados a participar das atividades com o intuito de promover a transversalidade dos estudos.<br><\/p>\n\n\n\n<figure class=\"wp-block-image size-large\"><img loading=\"lazy\" decoding=\"async\" width=\"1024\" height=\"768\" src=\"https:\/\/sinepe-rs.org.br\/educacaoempauta\/wp-content\/uploads\/2026\/04\/image-1024x768.jpeg\" alt=\"\" class=\"wp-image-8045\" srcset=\"https:\/\/sinepe-rs.org.br\/educacaoempauta\/wp-content\/uploads\/2026\/04\/image-1024x768.jpeg 1024w, https:\/\/sinepe-rs.org.br\/educacaoempauta\/wp-content\/uploads\/2026\/04\/image-300x225.jpeg 300w, https:\/\/sinepe-rs.org.br\/educacaoempauta\/wp-content\/uploads\/2026\/04\/image-768x576.jpeg 768w, https:\/\/sinepe-rs.org.br\/educacaoempauta\/wp-content\/uploads\/2026\/04\/image-1536x1152.jpeg 1536w, https:\/\/sinepe-rs.org.br\/educacaoempauta\/wp-content\/uploads\/2026\/04\/image.jpeg 1600w\" sizes=\"auto, (max-width: 1024px) 100vw, 1024px\" \/><figcaption class=\"wp-element-caption\"><em>Alunos do Marista Ros\u00e1rio participam do Clube de Educa\u00e7\u00e3o Financeira | Cr\u00e9dito: Col\u00e9gio Marista Ros\u00e1rio, divulga\u00e7\u00e3o<\/em><\/figcaption><\/figure>\n\n\n\n<p><\/p>\n\n\n\n<p>Em Hist\u00f3ria, por exemplo, a professora desenvolveu uma aula sobre a origem das moedas e das primeiras formas de organiza\u00e7\u00e3o econ\u00f4mica. Em Geografia, o professor abordou o surgimento das bolsas de valores e dos investimentos no contexto das din\u00e2micas econ\u00f4micas globais. \u201cAl\u00e9m disso, o vice-diretor administrativo participou das atividades apresentando aspectos da administra\u00e7\u00e3o da escola, permitindo que os estudantes compreendessem, na pr\u00e1tica, a gest\u00e3o de recursos e sua rela\u00e7\u00e3o com servi\u00e7os oferecidos \u00e0 comunidade escolar\u201d, relata Rocha.<\/p>\n\n\n\n<p>Ele frisa que a escola participou da Olimp\u00edada Brasileira de Educa\u00e7\u00e3o Financeira, do Congresso Ga\u00facho de Educa\u00e7\u00e3o Financeira e que realiza sa\u00eddas pedag\u00f3gicas com os estudantes para ambientes de investimento e inova\u00e7\u00e3o como o Instituto Caldeira e o <em>Investment Center<\/em>.&nbsp;<\/p>\n\n\n\n<p>\u201c<mark style=\"background-color:#ff6900\" class=\"has-inline-color\">A Educa\u00e7\u00e3o Fiscal ajuda os alunos a entender que o dinheiro p\u00fablico \u00e9 de todos e deve ser bem utilizado para o bem comum<\/mark>. Ao aprender sobre impostos e gastos p\u00fablicos, eles passam a valorizar o patrim\u00f4nio p\u00fablico, a import\u00e2ncia de acompanhar como os recursos s\u00e3o usados e a desenvolver atitudes contr\u00e1rias \u00e0 corrup\u00e7\u00e3o\u201d, ressalta.\u00a0<\/p>\n\n\n\n<h2 class=\"wp-block-heading has-medium-font-size\"><strong>Brincando e aprendendo<\/strong><\/h2>\n\n\n\n<p>Diversos munic\u00edpios ga\u00fachos estudam a Educa\u00e7\u00e3o Fiscal em sala de aula. Ana Carolina Bernardini cita como exemplo a cidade de Vale Real em que, durante uma din\u00e2mica, os estudantes simularam o papel de prefeitos para entender as dificuldades das decis\u00f5es or\u00e7ament\u00e1rias e as leis que imp\u00f5em limites de gastos. J\u00e1 em Sapucaia do Sul, uma professora desenvolveu o jogo &#8220;Cidad\u00e3o Consciente&#8221;, que utiliza um tabuleiro para ensinar o tema de forma l\u00fadica. A iniciativa foi inscrita e premiada em feiras cient\u00edficas.<\/p>\n\n\n\n<p>Rosa Angela Chieza, professora da Universidade Federal do Rio Grande do Sul (UFRGS) e coordenadora do projeto de extens\u00e3o &#8220;Justi\u00e7a Fiscal e Cidadania&#8221; pesquisa sobre temas como or\u00e7amento, educa\u00e7\u00e3o e a Lei de Responsabilidade Fiscal. Economista de forma\u00e7\u00e3o e especialista em finan\u00e7as p\u00fablicas, a professora defende o uso de linguagem simples e da educa\u00e7\u00e3o popular para tratar da Educa\u00e7\u00e3o Fiscal com estudantes.\u00a0<\/p>\n\n\n\n<p>Ela cita como exemplo o uso de &#8220;barrinhas de cereais&#8221; para ilustrar a desigualdade de renda e riqueza no Brasil: ao distribuir os recursos de forma desproporcional entre os alunos e tributar mais pesadamente aqueles que possuem menos, cria-se uma percep\u00e7\u00e3o imediata de injusti\u00e7a social. Rosa explica que o objetivo dessa abordagem n\u00e3o \u00e9 criminalizar o tributo, mas demonstrar que ele \u00e9 essencial para a exist\u00eancia do Estado e para a manuten\u00e7\u00e3o da sociedade, combatendo a ideia de que o imposto \u00e9 um fardo desnecess\u00e1rio.<\/p>\n\n\n\n<p><mark style=\"background-color:#ff6900\" class=\"has-inline-color\">Tamb\u00e9m defende que as escolas devem levar os alunos para al\u00e9m da sala de aula, promovendo visitas \u00e0s C\u00e2maras de Vereadores, para que se familiarizem com as audi\u00eancias p\u00fablicas de elabora\u00e7\u00e3o e presta\u00e7\u00e3o de contas<\/mark> (que ocorrem em fevereiro, maio e setembro). Ela exemplifica como a Educa\u00e7\u00e3o Fiscal pode ser interdisciplinar:<br><\/p>\n\n\n\n<ul class=\"wp-block-list\">\n<li class=\"has-medium-font-size\">A matem\u00e1tica pode trabalhar com a participa\u00e7\u00e3o relativa dos tributos;\u00a0<br><br><\/li>\n\n\n\n<li class=\"has-medium-font-size\">Portugu\u00eas, Hist\u00f3ria e Geografia podem analisar o contexto social e a ret\u00f3rica pol\u00edtica.\u00a0<\/li>\n<\/ul>\n\n\n\n<p><br>Segundo a professora, o objetivo \u00e9 evitar um ensino &#8220;chato&#8221; ou puramente t\u00e9cnico, conectando os conceitos \u00e0 realidade do estudante.<\/p>\n\n\n\n<p>Outro exemplo de abordagem \u00e9 o projeto &#8220;<a href=\"https:\/\/www.rodrigomunari.com.br\/product-page\/sapi%C3%AAncia-e-enrolado\" target=\"_blank\" rel=\"noreferrer noopener\">Sapi\u00eancia e Enrolado<\/a>&#8220;, que percorreu 70 munic\u00edpios ga\u00fachos. O livro de Rodrigo Munari, que d\u00e1 base ao projeto, narra a hist\u00f3ria de duas cidades separadas por um rio: Sapi\u00eancia, que possui consci\u00eancia coletiva e Educa\u00e7\u00e3o Fiscal para reconstruir a cidade ap\u00f3s uma enchente, e Enrolado, que carece dessa percep\u00e7\u00e3o. O projeto inclui apresenta\u00e7\u00f5es musicais interativas e <a href=\"https:\/\/www.youtube.com\/watch?v=euR7klxETTo\" target=\"_blank\" rel=\"noreferrer noopener\">v\u00eddeos no YouTube<\/a>, permitindo que as crian\u00e7as absorvam conceitos de justi\u00e7a fiscal e fiscaliza\u00e7\u00e3o social de forma l\u00fadica.<\/p>\n\n\n\n<p>O Programa Estadual de Educa\u00e7\u00e3o Fiscal tamb\u00e9m oferece capacita\u00e7\u00f5es para professores da rede p\u00fablica e privada que buscam aprimorar seus conhecimentos sobre o tema. Entre 18 de fevereiro e 28 de mar\u00e7o de 2026, ocorre o Curso Educa\u00e7\u00e3o Fiscal na BNCC, que apresenta mais de 60 pr\u00e1ticas pedag\u00f3gicas realizadas em munic\u00edpios ga\u00fachos, al\u00e9m de disponibilizar diversos materiais de apoio. S\u00e3o aceitas apenas tr\u00eas inscri\u00e7\u00f5es por munic\u00edpio, que podem ser feitas via <a href=\"https:\/\/docs.google.com\/forms\/d\/1zQ3LomLRGO8s_lf8qa5mPc1DNXbC9OwidKhJ4FfI8Zw\/viewform?edit_requested=true\" target=\"_blank\" rel=\"noreferrer noopener\">formul\u00e1rio on-line<\/a>.<\/p>\n\n\n\n<h2 class=\"wp-block-heading has-medium-font-size\"><strong>Informa\u00e7\u00e3o e fiscaliza\u00e7\u00e3o&nbsp;<\/strong><\/h2>\n\n\n\n<p>Ana Carolina Bernardini comenta que muitos erros cometidos pelos contribuintes se devem \u00e0 falta de informa\u00e7\u00e3o. Nesse sentido, ela aposta na <mark style=\"background-color:#ff6900\" class=\"has-inline-color\">Educa\u00e7\u00e3o Fiscal como uma ferramenta de orienta\u00e7\u00e3o n\u00e3o apenas para o contribuinte, mas para a sociedade como um todo, combatendo fal\u00e1cias e promovendo a responsabilidade social<\/mark>.<\/p>\n\n\n\n<p>A especialista refor\u00e7a a import\u00e2ncia do controle social e da fiscaliza\u00e7\u00e3o do gasto p\u00fablico. Ela compara a sociedade na qual estamos inseridos a um condom\u00ednio, em que o imposto deve ser visto como uma &#8220;vaquinha&#8221; coletiva para o bem comum. Desse modo, assim como um morador questiona aumentos de taxas ou mudan\u00e7as de servi\u00e7os em seu pr\u00e9dio, o cidad\u00e3o deve utilizar os instrumentos de transpar\u00eancia para fiscalizar se o recurso p\u00fablico est\u00e1 sendo bem aplicado, em vez de simplesmente adotar o discurso de que &#8220;imposto \u00e9 roubo&#8221;.<\/p>\n\n\n\n<p>\u201c\u00c9 preciso questionar: em qual \u2018condom\u00ednio Brasil\u2019 n\u00f3s queremos morar? Costumamos nos comparar com outros pa\u00edses como Estados Unidos, por exemplo. L\u00e1, eles t\u00eam uma carga tribut\u00e1ria de 26% do PIB, aproximadamente, enquanto no Brasil temos uma carga de 32%.<\/p>\n\n\n\n<p>Mas a\u00ed, temos que refletir sobre os servi\u00e7os p\u00fablicos que temos, como o SUS, que atende a todos, gratuitamente, al\u00e9m de universidades p\u00fablicas\u201d, comenta, acrescentando que pa\u00edses europeus como Su\u00e9cia, Fran\u00e7a, Dinamarca e B\u00e9lgica possuem cargas tribut\u00e1rias superiores a 40% do PIB para manter seus elevados padr\u00f5es de bem-estar social.<\/p>\n\n\n\n<p>Rosa Angela Chieza pontua que, em comunidades descentralizadas, como o bairro Lomba do Pinheiro, em Porto Alegre, o debate sobre tributos comumente evolui para questionamentos sobre a aus\u00eancia de servi\u00e7os b\u00e1sicos, como coleta de lixo e creches. Em seu ponto de vista, a resposta pedag\u00f3gica consiste em &#8220;abrir o or\u00e7amento&#8221; para mostrar quem paga a conta e como a m\u00e1 distribui\u00e7\u00e3o dos recursos p\u00fablicos afeta diretamente a comunidade local.<\/p>\n\n\n\n<p>A pesquisadora tamb\u00e9m prop\u00f5e que <mark style=\"background-color:#ff6900\" class=\"has-inline-color\">as escolas privadas envolvam os pais e respons\u00e1veis legais em discuss\u00f5es sobre os problemas do bairro e o acompanhamento de obras p\u00fablicas<\/mark>. O objetivo, segundo ela, \u00e9 transformar a escola em um centro de fortalecimento da cidadania, utilizando casos reais de fiscaliza\u00e7\u00e3o or\u00e7ament\u00e1ria para engajar a comunidade.<\/p>\n\n\n\n<h2 class=\"wp-block-heading has-medium-font-size\"><strong>\u00c9tica e combate \u00e0 corrup\u00e7\u00e3o<\/strong><\/h2>\n\n\n\n<p>\u00c1lvaro Lu\u00eds Gon\u00e7alves Santos, auditor da Contadoria e Auditoria Geral do Estado (CAGE), coordena o Projeto Escola \u00cdntegra, que aborda junto a estudantes da rede p\u00fablica, temas como combate \u00e0 corrup\u00e7\u00e3o, integridade, \u00e9tica e honestidade. Diferente do PEF\/RS, que \u00e9 voltado a alunos do Ensino Fundamental, o Escola \u00cdntegra, que est\u00e1 no seu quarto ano, atende estudantes do Ensino M\u00e9dio e concentra-se na despesa p\u00fablica e transpar\u00eancia.<\/p>\n\n\n\n<p>O projeto premia alunos, que podem inscrever manifesta\u00e7\u00f5es art\u00edsticas de qualquer g\u00eanero \u2014 como desenhos, m\u00fasicas, v\u00eddeos e at\u00e9 jogos eletr\u00f4nicos \u2014 desde que respeitem a tem\u00e1tica de \u00e9tica e combate \u00e0 corrup\u00e7\u00e3o. Alguns exemplos incluem jogos gamificados que simulam decis\u00f5es \u00e9ticas no cotidiano escolar ou investiga\u00e7\u00f5es de casos de corrup\u00e7\u00e3o.<\/p>\n\n\n\n<p>Santos explica que o trabalho feito no Rio Grande do Sul se alinha aos esfor\u00e7os do Brasil para ingressar na Organiza\u00e7\u00e3o para a Coopera\u00e7\u00e3o e Desenvolvimento Econ\u00f4mico (OCDE), adotando o conceito de munir os jovens com conhecimentos para que sejam agentes de transforma\u00e7\u00e3o. Ele comenta que um dos t\u00f3picos abordados com os estudantes \u00e9 a Lei Anticorrup\u00e7\u00e3o (12.846\/2013) em conson\u00e2ncia com o Manual de Integridade da OCDE. A abordagem busca conectar a \u00e9tica macro (combate \u00e0 grande corrup\u00e7\u00e3o) com o microcosmo do aluno. Atos como depredar o patrim\u00f4nio p\u00fablico geram preju\u00edzos ao er\u00e1rio similares \u00e0 corrup\u00e7\u00e3o, pois drenam recursos que deveriam ir para sa\u00fade e seguran\u00e7a, por exemplo.<\/p>\n\n\n\n<p>\u201cEsses jovens de hoje ser\u00e3o os futuros empres\u00e1rios, servidores p\u00fablicos, quem sabe os futuros governadores, presidentes da rep\u00fablica, pol\u00edticos, deputados. Por isso, n\u00e3o adianta eles s\u00f3 criticarem algum problema que possa existir em Bras\u00edlia ou no Estado e n\u00e3o se atentarem ao micropoder que eles t\u00eam. <mark style=\"background-color:#ff6900\" class=\"has-inline-color\">Eles precisam enxergar a \u00e9tica como algo importante, como mote de decis\u00f5es di\u00e1rias deles, que tem que ser levada em conta em cada decis\u00e3o, em cada atitude que eles tomarem<\/mark>\u201d, sublinha o coordenador.<\/p>\n\n\n\n<p>Rosa Angela Chieza aponta a nota fiscal como um importante instrumento de combate \u00e0 corrup\u00e7\u00e3o. Ela tamb\u00e9m caracteriza a corrup\u00e7\u00e3o dividindo-a em duas frentes: o desvio que ocorre antes de o dinheiro entrar nos cofres p\u00fablicos (sonega\u00e7\u00e3o) e o desvio que ocorre depois (malversa\u00e7\u00e3o de verbas). Para ela, \u00e9 preciso discutir sobre a sonega\u00e7\u00e3o fiscal, abordando a forma\u00e7\u00e3o \u00e9tica por meio do bin\u00f4mio \u201cdireitos e deveres\u201d. Ela parafraseia o soci\u00f3logo Zygmunt Bauman em sua m\u00e1xima &#8220;o indiv\u00edduo \u00e9 o pior inimigo do cidad\u00e3o&#8221;.<\/p>\n\n\n\n<figure class=\"wp-block-image size-large\"><img loading=\"lazy\" decoding=\"async\" width=\"1024\" height=\"576\" src=\"https:\/\/sinepe-rs.org.br\/educacaoempauta\/wp-content\/uploads\/2026\/04\/infografico-educacao-fiscal-1-1024x576.jpg\" alt=\"\" class=\"wp-image-8057\" srcset=\"https:\/\/sinepe-rs.org.br\/educacaoempauta\/wp-content\/uploads\/2026\/04\/infografico-educacao-fiscal-1-1024x576.jpg 1024w, https:\/\/sinepe-rs.org.br\/educacaoempauta\/wp-content\/uploads\/2026\/04\/infografico-educacao-fiscal-1-300x169.jpg 300w, https:\/\/sinepe-rs.org.br\/educacaoempauta\/wp-content\/uploads\/2026\/04\/infografico-educacao-fiscal-1-768x432.jpg 768w, https:\/\/sinepe-rs.org.br\/educacaoempauta\/wp-content\/uploads\/2026\/04\/infografico-educacao-fiscal-1-1536x864.jpg 1536w, https:\/\/sinepe-rs.org.br\/educacaoempauta\/wp-content\/uploads\/2026\/04\/infografico-educacao-fiscal-1-2048x1152.jpg 2048w\" sizes=\"auto, (max-width: 1024px) 100vw, 1024px\" \/><\/figure>\n","protected":false},"excerpt":{"rendered":"<p>Educadores e auditores sugerem estrat\u00e9gias e atividades l\u00fadicas para abordar em sala de aula temas como a fun\u00e7\u00e3o social dos tributos, a nota fiscal e o combate \u00e0 corrup\u00e7\u00e3o\u00a0<\/p>\n","protected":false},"author":4,"featured_media":8063,"comment_status":"closed","ping_status":"closed","sticky":false,"template":"","format":"standard","meta":{"footnotes":""},"categories":[6],"tags":[189,906,43],"class_list":["post-8044","post","type-post","status-publish","format-standard","has-post-thumbnail","hentry","category-pedagogico","tag-educacao-financeira","tag-educacao-fiscal","tag-sinepe-rs-2"],"acf":[],"yoast_head":"<!-- This site is optimized with the Yoast SEO plugin v24.6 - https:\/\/yoast.com\/wordpress\/plugins\/seo\/ -->\n<title>Educa\u00e7\u00e3o Fiscal nas escolas desenvolve a consci\u00eancia social dos estudantes - Educa\u00e7\u00e3o em Pauta: Portal de reportagens de Educa\u00e7\u00e3o<\/title>\n<meta name=\"description\" content=\"Educadores e auditores sugerem estrat\u00e9gias e atividades l\u00fadicas para abordar em sala de aula temas como a fun\u00e7\u00e3o social dos tributos, a nota fiscal e o combate \u00e0 corrup\u00e7\u00e3o\u00a0\" \/>\n<meta name=\"robots\" content=\"index, follow, max-snippet:-1, max-image-preview:large, max-video-preview:-1\" \/>\n<link rel=\"canonical\" href=\"https:\/\/sinepe-rs.org.br\/educacaoempauta\/pedagogico\/educacao-fiscal-nas-escolas-desenvolve-a-consciencia-social-dos-estudantes\/\" \/>\n<meta property=\"og:locale\" content=\"pt_BR\" \/>\n<meta property=\"og:type\" content=\"article\" \/>\n<meta property=\"og:title\" content=\"Educa\u00e7\u00e3o Fiscal nas escolas desenvolve a consci\u00eancia social dos estudantes - Educa\u00e7\u00e3o em Pauta: Portal de reportagens de Educa\u00e7\u00e3o\" \/>\n<meta property=\"og:description\" content=\"Educadores e auditores sugerem estrat\u00e9gias e atividades l\u00fadicas para abordar em sala de aula temas como a fun\u00e7\u00e3o social dos tributos, a nota fiscal e o combate \u00e0 corrup\u00e7\u00e3o\u00a0\" \/>\n<meta property=\"og:url\" content=\"https:\/\/sinepe-rs.org.br\/educacaoempauta\/pedagogico\/educacao-fiscal-nas-escolas-desenvolve-a-consciencia-social-dos-estudantes\/\" \/>\n<meta property=\"og:site_name\" content=\"Educa\u00e7\u00e3o em Pauta: Portal de reportagens de Educa\u00e7\u00e3o\" \/>\n<meta property=\"article:published_time\" content=\"2026-04-02T10:03:00+00:00\" \/>\n<meta property=\"article:modified_time\" content=\"2026-04-17T12:09:43+00:00\" \/>\n<meta property=\"og:image\" content=\"https:\/\/sinepe-rs.org.br\/educacaoempauta\/wp-content\/uploads\/2026\/04\/576_SinpeRS_EducacaoFiscal.jpg\" \/>\n\t<meta property=\"og:image:width\" content=\"1366\" \/>\n\t<meta property=\"og:image:height\" content=\"450\" \/>\n\t<meta property=\"og:image:type\" content=\"image\/jpeg\" \/>\n<meta name=\"author\" content=\"Eduardo Wolff\" \/>\n<meta name=\"twitter:card\" content=\"summary_large_image\" \/>\n<meta name=\"twitter:label1\" content=\"Escrito por\" \/>\n\t<meta name=\"twitter:data1\" content=\"Eduardo Wolff\" \/>\n\t<meta name=\"twitter:label2\" content=\"Est. tempo de leitura\" \/>\n\t<meta name=\"twitter:data2\" content=\"13 minutos\" \/>\n<script type=\"application\/ld+json\" class=\"yoast-schema-graph\">{\"@context\":\"https:\/\/schema.org\",\"@graph\":[{\"@type\":\"WebPage\",\"@id\":\"https:\/\/sinepe-rs.org.br\/educacaoempauta\/pedagogico\/educacao-fiscal-nas-escolas-desenvolve-a-consciencia-social-dos-estudantes\/\",\"url\":\"https:\/\/sinepe-rs.org.br\/educacaoempauta\/pedagogico\/educacao-fiscal-nas-escolas-desenvolve-a-consciencia-social-dos-estudantes\/\",\"name\":\"Educa\u00e7\u00e3o Fiscal nas escolas desenvolve a consci\u00eancia social dos estudantes - Educa\u00e7\u00e3o em Pauta: Portal de reportagens de Educa\u00e7\u00e3o\",\"isPartOf\":{\"@id\":\"https:\/\/sinepe-rs.org.br\/educacaoempauta\/#website\"},\"primaryImageOfPage\":{\"@id\":\"https:\/\/sinepe-rs.org.br\/educacaoempauta\/pedagogico\/educacao-fiscal-nas-escolas-desenvolve-a-consciencia-social-dos-estudantes\/#primaryimage\"},\"image\":{\"@id\":\"https:\/\/sinepe-rs.org.br\/educacaoempauta\/pedagogico\/educacao-fiscal-nas-escolas-desenvolve-a-consciencia-social-dos-estudantes\/#primaryimage\"},\"thumbnailUrl\":\"https:\/\/sinepe-rs.org.br\/educacaoempauta\/wp-content\/uploads\/2026\/04\/576_SinpeRS_EducacaoFiscal.jpg\",\"datePublished\":\"2026-04-02T10:03:00+00:00\",\"dateModified\":\"2026-04-17T12:09:43+00:00\",\"author\":{\"@id\":\"https:\/\/sinepe-rs.org.br\/educacaoempauta\/#\/schema\/person\/a9bb8c61d5b098df16c34ec9d7154a99\"},\"description\":\"Educadores e auditores sugerem estrat\u00e9gias e atividades l\u00fadicas para abordar em sala de aula temas como a fun\u00e7\u00e3o social dos tributos, a nota fiscal e o combate \u00e0 corrup\u00e7\u00e3o\u00a0\",\"breadcrumb\":{\"@id\":\"https:\/\/sinepe-rs.org.br\/educacaoempauta\/pedagogico\/educacao-fiscal-nas-escolas-desenvolve-a-consciencia-social-dos-estudantes\/#breadcrumb\"},\"inLanguage\":\"pt-BR\",\"potentialAction\":[{\"@type\":\"ReadAction\",\"target\":[\"https:\/\/sinepe-rs.org.br\/educacaoempauta\/pedagogico\/educacao-fiscal-nas-escolas-desenvolve-a-consciencia-social-dos-estudantes\/\"]}]},{\"@type\":\"ImageObject\",\"inLanguage\":\"pt-BR\",\"@id\":\"https:\/\/sinepe-rs.org.br\/educacaoempauta\/pedagogico\/educacao-fiscal-nas-escolas-desenvolve-a-consciencia-social-dos-estudantes\/#primaryimage\",\"url\":\"https:\/\/sinepe-rs.org.br\/educacaoempauta\/wp-content\/uploads\/2026\/04\/576_SinpeRS_EducacaoFiscal.jpg\",\"contentUrl\":\"https:\/\/sinepe-rs.org.br\/educacaoempauta\/wp-content\/uploads\/2026\/04\/576_SinpeRS_EducacaoFiscal.jpg\",\"width\":1366,\"height\":450,\"caption\":\"Educa\u00e7\u00e3o Fiscal nas escolas desenvolve a consci\u00eancia social dos estudantes\"},{\"@type\":\"BreadcrumbList\",\"@id\":\"https:\/\/sinepe-rs.org.br\/educacaoempauta\/pedagogico\/educacao-fiscal-nas-escolas-desenvolve-a-consciencia-social-dos-estudantes\/#breadcrumb\",\"itemListElement\":[{\"@type\":\"ListItem\",\"position\":1,\"name\":\"Home\",\"item\":\"https:\/\/sinepe-rs.org.br\/educacaoempauta\/\"},{\"@type\":\"ListItem\",\"position\":2,\"name\":\"Educa\u00e7\u00e3o Fiscal nas escolas desenvolve a consci\u00eancia social dos estudantes\"}]},{\"@type\":\"WebSite\",\"@id\":\"https:\/\/sinepe-rs.org.br\/educacaoempauta\/#website\",\"url\":\"https:\/\/sinepe-rs.org.br\/educacaoempauta\/\",\"name\":\"Educa\u00e7\u00e3o em Pauta: Portal de reportagens de Educa\u00e7\u00e3o\",\"description\":\"Sinepe-RS\",\"potentialAction\":[{\"@type\":\"SearchAction\",\"target\":{\"@type\":\"EntryPoint\",\"urlTemplate\":\"https:\/\/sinepe-rs.org.br\/educacaoempauta\/?s={search_term_string}\"},\"query-input\":{\"@type\":\"PropertyValueSpecification\",\"valueRequired\":true,\"valueName\":\"search_term_string\"}}],\"inLanguage\":\"pt-BR\"},{\"@type\":\"Person\",\"@id\":\"https:\/\/sinepe-rs.org.br\/educacaoempauta\/#\/schema\/person\/a9bb8c61d5b098df16c34ec9d7154a99\",\"name\":\"Eduardo Wolff\",\"image\":{\"@type\":\"ImageObject\",\"inLanguage\":\"pt-BR\",\"@id\":\"https:\/\/sinepe-rs.org.br\/educacaoempauta\/#\/schema\/person\/image\/\",\"url\":\"https:\/\/secure.gravatar.com\/avatar\/dc93e7510d4af8ae2514871724e1fbe69e43cadf2bc69fa120c919f4a599d7ca?s=96&d=mm&r=g\",\"contentUrl\":\"https:\/\/secure.gravatar.com\/avatar\/dc93e7510d4af8ae2514871724e1fbe69e43cadf2bc69fa120c919f4a599d7ca?s=96&d=mm&r=g\",\"caption\":\"Eduardo Wolff\"},\"url\":\"https:\/\/sinepe-rs.org.br\/educacaoempauta\/author\/eduardo\/\"}]}<\/script>\n<!-- \/ Yoast SEO plugin. -->","yoast_head_json":{"title":"Educa\u00e7\u00e3o Fiscal nas escolas desenvolve a consci\u00eancia social dos estudantes - Educa\u00e7\u00e3o em Pauta: Portal de reportagens de Educa\u00e7\u00e3o","description":"Educadores e auditores sugerem estrat\u00e9gias e atividades l\u00fadicas para abordar em sala de aula temas como a fun\u00e7\u00e3o social dos tributos, a nota fiscal e o combate \u00e0 corrup\u00e7\u00e3o\u00a0","robots":{"index":"index","follow":"follow","max-snippet":"max-snippet:-1","max-image-preview":"max-image-preview:large","max-video-preview":"max-video-preview:-1"},"canonical":"https:\/\/sinepe-rs.org.br\/educacaoempauta\/pedagogico\/educacao-fiscal-nas-escolas-desenvolve-a-consciencia-social-dos-estudantes\/","og_locale":"pt_BR","og_type":"article","og_title":"Educa\u00e7\u00e3o Fiscal nas escolas desenvolve a consci\u00eancia social dos estudantes - Educa\u00e7\u00e3o em Pauta: Portal de reportagens de Educa\u00e7\u00e3o","og_description":"Educadores e auditores sugerem estrat\u00e9gias e atividades l\u00fadicas para abordar em sala de aula temas como a fun\u00e7\u00e3o social dos tributos, a nota fiscal e o combate \u00e0 corrup\u00e7\u00e3o\u00a0","og_url":"https:\/\/sinepe-rs.org.br\/educacaoempauta\/pedagogico\/educacao-fiscal-nas-escolas-desenvolve-a-consciencia-social-dos-estudantes\/","og_site_name":"Educa\u00e7\u00e3o em Pauta: Portal de reportagens de Educa\u00e7\u00e3o","article_published_time":"2026-04-02T10:03:00+00:00","article_modified_time":"2026-04-17T12:09:43+00:00","og_image":[{"width":1366,"height":450,"url":"https:\/\/sinepe-rs.org.br\/educacaoempauta\/wp-content\/uploads\/2026\/04\/576_SinpeRS_EducacaoFiscal.jpg","type":"image\/jpeg"}],"author":"Eduardo Wolff","twitter_card":"summary_large_image","twitter_misc":{"Escrito por":"Eduardo Wolff","Est. tempo de leitura":"13 minutos"},"schema":{"@context":"https:\/\/schema.org","@graph":[{"@type":"WebPage","@id":"https:\/\/sinepe-rs.org.br\/educacaoempauta\/pedagogico\/educacao-fiscal-nas-escolas-desenvolve-a-consciencia-social-dos-estudantes\/","url":"https:\/\/sinepe-rs.org.br\/educacaoempauta\/pedagogico\/educacao-fiscal-nas-escolas-desenvolve-a-consciencia-social-dos-estudantes\/","name":"Educa\u00e7\u00e3o Fiscal nas escolas desenvolve a consci\u00eancia social dos estudantes - Educa\u00e7\u00e3o em Pauta: Portal de reportagens de Educa\u00e7\u00e3o","isPartOf":{"@id":"https:\/\/sinepe-rs.org.br\/educacaoempauta\/#website"},"primaryImageOfPage":{"@id":"https:\/\/sinepe-rs.org.br\/educacaoempauta\/pedagogico\/educacao-fiscal-nas-escolas-desenvolve-a-consciencia-social-dos-estudantes\/#primaryimage"},"image":{"@id":"https:\/\/sinepe-rs.org.br\/educacaoempauta\/pedagogico\/educacao-fiscal-nas-escolas-desenvolve-a-consciencia-social-dos-estudantes\/#primaryimage"},"thumbnailUrl":"https:\/\/sinepe-rs.org.br\/educacaoempauta\/wp-content\/uploads\/2026\/04\/576_SinpeRS_EducacaoFiscal.jpg","datePublished":"2026-04-02T10:03:00+00:00","dateModified":"2026-04-17T12:09:43+00:00","author":{"@id":"https:\/\/sinepe-rs.org.br\/educacaoempauta\/#\/schema\/person\/a9bb8c61d5b098df16c34ec9d7154a99"},"description":"Educadores e auditores sugerem estrat\u00e9gias e atividades l\u00fadicas para abordar em sala de aula temas como a fun\u00e7\u00e3o social dos tributos, a nota fiscal e o combate \u00e0 corrup\u00e7\u00e3o\u00a0","breadcrumb":{"@id":"https:\/\/sinepe-rs.org.br\/educacaoempauta\/pedagogico\/educacao-fiscal-nas-escolas-desenvolve-a-consciencia-social-dos-estudantes\/#breadcrumb"},"inLanguage":"pt-BR","potentialAction":[{"@type":"ReadAction","target":["https:\/\/sinepe-rs.org.br\/educacaoempauta\/pedagogico\/educacao-fiscal-nas-escolas-desenvolve-a-consciencia-social-dos-estudantes\/"]}]},{"@type":"ImageObject","inLanguage":"pt-BR","@id":"https:\/\/sinepe-rs.org.br\/educacaoempauta\/pedagogico\/educacao-fiscal-nas-escolas-desenvolve-a-consciencia-social-dos-estudantes\/#primaryimage","url":"https:\/\/sinepe-rs.org.br\/educacaoempauta\/wp-content\/uploads\/2026\/04\/576_SinpeRS_EducacaoFiscal.jpg","contentUrl":"https:\/\/sinepe-rs.org.br\/educacaoempauta\/wp-content\/uploads\/2026\/04\/576_SinpeRS_EducacaoFiscal.jpg","width":1366,"height":450,"caption":"Educa\u00e7\u00e3o Fiscal nas escolas desenvolve a consci\u00eancia social dos estudantes"},{"@type":"BreadcrumbList","@id":"https:\/\/sinepe-rs.org.br\/educacaoempauta\/pedagogico\/educacao-fiscal-nas-escolas-desenvolve-a-consciencia-social-dos-estudantes\/#breadcrumb","itemListElement":[{"@type":"ListItem","position":1,"name":"Home","item":"https:\/\/sinepe-rs.org.br\/educacaoempauta\/"},{"@type":"ListItem","position":2,"name":"Educa\u00e7\u00e3o Fiscal nas escolas desenvolve a consci\u00eancia social dos estudantes"}]},{"@type":"WebSite","@id":"https:\/\/sinepe-rs.org.br\/educacaoempauta\/#website","url":"https:\/\/sinepe-rs.org.br\/educacaoempauta\/","name":"Educa\u00e7\u00e3o em Pauta: Portal de reportagens de Educa\u00e7\u00e3o","description":"Sinepe-RS","potentialAction":[{"@type":"SearchAction","target":{"@type":"EntryPoint","urlTemplate":"https:\/\/sinepe-rs.org.br\/educacaoempauta\/?s={search_term_string}"},"query-input":{"@type":"PropertyValueSpecification","valueRequired":true,"valueName":"search_term_string"}}],"inLanguage":"pt-BR"},{"@type":"Person","@id":"https:\/\/sinepe-rs.org.br\/educacaoempauta\/#\/schema\/person\/a9bb8c61d5b098df16c34ec9d7154a99","name":"Eduardo Wolff","image":{"@type":"ImageObject","inLanguage":"pt-BR","@id":"https:\/\/sinepe-rs.org.br\/educacaoempauta\/#\/schema\/person\/image\/","url":"https:\/\/secure.gravatar.com\/avatar\/dc93e7510d4af8ae2514871724e1fbe69e43cadf2bc69fa120c919f4a599d7ca?s=96&d=mm&r=g","contentUrl":"https:\/\/secure.gravatar.com\/avatar\/dc93e7510d4af8ae2514871724e1fbe69e43cadf2bc69fa120c919f4a599d7ca?s=96&d=mm&r=g","caption":"Eduardo Wolff"},"url":"https:\/\/sinepe-rs.org.br\/educacaoempauta\/author\/eduardo\/"}]}},"_links":{"self":[{"href":"https:\/\/sinepe-rs.org.br\/educacaoempauta\/wp-json\/wp\/v2\/posts\/8044","targetHints":{"allow":["GET"]}}],"collection":[{"href":"https:\/\/sinepe-rs.org.br\/educacaoempauta\/wp-json\/wp\/v2\/posts"}],"about":[{"href":"https:\/\/sinepe-rs.org.br\/educacaoempauta\/wp-json\/wp\/v2\/types\/post"}],"author":[{"embeddable":true,"href":"https:\/\/sinepe-rs.org.br\/educacaoempauta\/wp-json\/wp\/v2\/users\/4"}],"replies":[{"embeddable":true,"href":"https:\/\/sinepe-rs.org.br\/educacaoempauta\/wp-json\/wp\/v2\/comments?post=8044"}],"version-history":[{"count":20,"href":"https:\/\/sinepe-rs.org.br\/educacaoempauta\/wp-json\/wp\/v2\/posts\/8044\/revisions"}],"predecessor-version":[{"id":8147,"href":"https:\/\/sinepe-rs.org.br\/educacaoempauta\/wp-json\/wp\/v2\/posts\/8044\/revisions\/8147"}],"wp:featuredmedia":[{"embeddable":true,"href":"https:\/\/sinepe-rs.org.br\/educacaoempauta\/wp-json\/wp\/v2\/media\/8063"}],"wp:attachment":[{"href":"https:\/\/sinepe-rs.org.br\/educacaoempauta\/wp-json\/wp\/v2\/media?parent=8044"}],"wp:term":[{"taxonomy":"category","embeddable":true,"href":"https:\/\/sinepe-rs.org.br\/educacaoempauta\/wp-json\/wp\/v2\/categories?post=8044"},{"taxonomy":"post_tag","embeddable":true,"href":"https:\/\/sinepe-rs.org.br\/educacaoempauta\/wp-json\/wp\/v2\/tags?post=8044"}],"curies":[{"name":"wp","href":"https:\/\/api.w.org\/{rel}","templated":true}]}}