{"id":8993,"date":"2026-09-03T07:01:00","date_gmt":"2026-09-03T10:01:00","guid":{"rendered":"https:\/\/sinepe-rs.org.br\/educacaoempauta\/?p=8993"},"modified":"2026-09-02T09:15:40","modified_gmt":"2026-09-02T12:15:40","slug":"professores-e-criadores-de-conteudo-unem-forcas-na-educacao","status":"publish","type":"post","link":"https:\/\/sinepe-rs.org.br\/educacaoempauta\/inspire-se\/professores-e-criadores-de-conteudo-unem-forcas-na-educacao\/","title":{"rendered":"Professores e criadores de conte\u00fado unem for\u00e7as na educa\u00e7\u00e3o"},"content":{"rendered":"\n<p>\u201cVoc\u00ea sabe que a mam\u00e3e do canguru guarda o filhote na bolsa, mas voc\u00ea sabia que ele nasce assim?\u201d \u00c9 com essa provoca\u00e7\u00e3o \u2013 acompanhada da imagem surpreendente de um rec\u00e9m-nascido t\u00e3o pequeno que lembra um ursinho de goma \u2013 que a bi\u00f3loga Eduarda Melo d\u00e1 in\u00edcio a um de seus v\u00eddeos no perfil <a href=\"https:\/\/www.instagram.com\/biologueirinhaa\/\" target=\"_blank\" rel=\"noreferrer noopener\">Biologueirinha<\/a>. Nas redes sociais, ela traduz conceitos cient\u00edficos complexos em explica\u00e7\u00f5es din\u00e2micas e acess\u00edveis. O que antes parecia uma disputa pela aten\u00e7\u00e3o dos alunos vem se convertendo em algo muito mais promissor: uma alian\u00e7a estrat\u00e9gica entre criadores de conte\u00fado voltados \u00e0 educa\u00e7\u00e3o e professores.<\/p>\n\n\n\n<p>Longe de substituir o livro did\u00e1tico ou o papel do docente, essa converg\u00eancia revela um novo cap\u00edtulo no ensino: a curadoria pedag\u00f3gica. Se por um lado os v\u00eddeos curtos despertam o encantamento e a curiosidade inicial dos estudantes, por outro, <mark style=\"background-color:#ff6900\" class=\"has-inline-color\">a escola e os educadores podem contribuir significativamente para transformar esse entusiasmo em investiga\u00e7\u00e3o cient\u00edfica e reflex\u00e3o cr\u00edtica.&nbsp;<\/mark><\/p>\n\n\n\n<p>A professora adjunta da Faculdade de Educa\u00e7\u00e3o da UFRGS Patr\u00edcia Fernanda da Silva aponta que o desafio n\u00e3o \u00e9 competir com o ritmo das m\u00eddias digitais, mas usar o repert\u00f3rio que os alunos j\u00e1 consomem nas redes como ponto de partida para debates muito mais profundos em sala de aula. \u201cN\u00f3s n\u00e3o precisamos competir com o influenciador. O criador muitas vezes traz o tema de forma mais atrativa e engajadora; <mark style=\"background-color:#ff6900\" class=\"has-inline-color\">o papel do professor \u00e9 pegar esse gancho e trazer o debate para o contexto cient\u00edfico, hist\u00f3rico, social e \u00e9tico, fazendo as perguntas certas<\/mark>\u201d, afirma a docente.&nbsp;<\/p>\n\n\n\n<p>O primeiro passo para integrar os materiais digitais \u00e0s aulas exige uma avalia\u00e7\u00e3o criteriosa por parte dos professores. Diante do grande volume de produ\u00e7\u00f5es nas redes, os docentes precisam diferenciar m\u00e9tricas de engajamento do verdadeiro rigor te\u00f3rico. &#8220;<mark style=\"background-color:#ff6900\" class=\"has-inline-color\">N\u00f3s n\u00e3o podemos confundir popularidade com autoridade cient\u00edfica.<\/mark> Ter muitos seguidores, ter muitas visualiza\u00e7\u00f5es e curtidas n\u00e3o significa que aquele conte\u00fado tenha rigor acad\u00eamico\u201d, destaca Patr\u00edcia. Segundo ela, o professor precisa primeiro investigar quem \u00e9 o criador, qual \u00e9 a sua forma\u00e7\u00e3o e, principalmente, se aquela forma\u00e7\u00e3o \u00e9 pertinente ao tema que ele est\u00e1 abordando.<\/p>\n\n\n\n<p>Da mesma forma, a coordenadora do curso de Pedagogia da PUCRS, Rosane Zimmer, ressalta que o educador precisa desenvolver uma dupla compet\u00eancia para realizar essa sele\u00e7\u00e3o com seguran\u00e7a: dom\u00ednio fluente da sua disciplina e conhecimento sobre como a informa\u00e7\u00e3o \u00e9 produzida nos meios virtuais.<\/p>\n\n\n\n<p>&#8220;O professor n\u00e3o pode fazer o mesmo papel do estudante, que apenas consome o recorte superficial; ele precisa navegar, analisar o perfil do criador e fazer uma curadoria aprofundada\u201d, aponta Rosane.&nbsp;&nbsp;<\/p>\n\n\n\n<h2 class=\"wp-block-heading\"><strong>Conte\u00fado digital como disparador de debates&nbsp;<\/strong><\/h2>\n\n\n\n<p>Para os criadores de conte\u00fado, usar uma linguagem simples \u00e9 a melhor forma de aproximar a ci\u00eancia da rotina dos estudantes. Ao roteirizar seus v\u00eddeos \u2013 <a href=\"https:\/\/www.instagram.com\/biologueirinhaa\/\" target=\"_blank\" rel=\"noreferrer noopener\">centrados em temas sobre a fauna, curiosidades do reino animal e fen\u00f4menos evolutivos<\/a> \u2013, Eduarda Melo procura evitar termos t\u00e9cnicos complicados para despertar a curiosidade do p\u00fablico antes de entregar o conceito cient\u00edfico. &#8220;Eu tento explicar o processo em vez de dar o nome do processo. O meu &#8216;superpoder&#8217; \u00e9 pegar um neg\u00f3cio que pode parecer imposs\u00edvel e transformar numa coisa que vai instigar. E essa explica\u00e7\u00e3o vai ser cient\u00edfica&#8221;, conta a bi\u00f3loga formada pela Universidade Federal Fluminense (UFF).<\/p>\n\n\n\n<figure class=\"wp-block-image size-full is-resized\"><img loading=\"lazy\" decoding=\"async\" width=\"561\" height=\"438\" src=\"https:\/\/sinepe-rs.org.br\/educacaoempauta\/wp-content\/uploads\/2026\/09\/image.png\" alt=\"\" class=\"wp-image-8994\" style=\"aspect-ratio:1.2808295528191833;width:781px;height:auto\" srcset=\"https:\/\/sinepe-rs.org.br\/educacaoempauta\/wp-content\/uploads\/2026\/09\/image.png 561w, https:\/\/sinepe-rs.org.br\/educacaoempauta\/wp-content\/uploads\/2026\/09\/image-300x234.png 300w\" sizes=\"auto, (max-width: 561px) 100vw, 561px\" \/><figcaption class=\"wp-element-caption\"><em>Com foco no reino animal, v\u00eddeos da bi\u00f3loga alcan\u00e7am quase meio milh\u00e3o de visualiza\u00e7\u00f5es<\/em> | Cr\u00e9dito: <em>Reprodu\u00e7\u00e3o Instagram&nbsp;<\/em><\/figcaption><\/figure>\n\n\n\n<p>Para ela, na sala de aula, <mark style=\"background-color:#ff6900\" class=\"has-inline-color\">esse tipo de material pode funcionar como um gancho para introduzir o conte\u00fado curricular.<\/mark> &#8220;O v\u00eddeo serve de introdu\u00e7\u00e3o a um tema que j\u00e1 vai tirar a crian\u00e7a do zero. O professor vai pegar o aluno j\u00e1 um pouquinho pronto e dizer: &#8216;Gente, voc\u00eas viram esse v\u00eddeo? Agora vamos conversar melhor sobre ele\u201d, pontua Eduarda.<\/p>\n\n\n\n<p>Essa utiliza\u00e7\u00e3o \u00e9 validada pelas especialistas, desde que o v\u00eddeo n\u00e3o substitua a aula do professor. Para explicar esse cuidado, a professora Rosane Zimmer recorre ao conceito de \u201ctransposi\u00e7\u00e3o did\u00e1tica\u201d, formulado pelo te\u00f3rico franc\u00eas Yves Chevallard. A teoria descreve o caminho que o conhecimento cient\u00edfico precisa percorrer at\u00e9 se transformar em um saber escolar. Na internet, como essa adapta\u00e7\u00e3o \u00e9 feita para caber em v\u00eddeos muito curtos, a informa\u00e7\u00e3o corre o risco de se tornar superficial se o docente n\u00e3o fizer a devida contextualiza\u00e7\u00e3o pedag\u00f3gica em aula.<\/p>\n\n\n\n<p>&#8220;Um v\u00eddeo de um minuto, dois minutos \u00e9 raso. Ele pode ser usado como uma ilustra\u00e7\u00e3o ou para abrir um debate, mas esse of\u00edcio do conhecimento \u00e9 do professor. A curadoria n\u00e3o \u00e9 simplesmente fazer a transposi\u00e7\u00e3o, pegar o v\u00eddeo, passar e estar pronto. \u00c9 um peda\u00e7o, tem que ter uma sequ\u00eancia pedag\u00f3gica&#8221;, explica a docente.<\/p>\n\n\n\n<p>Para evitar que a exibi\u00e7\u00e3o de conte\u00fados digitais mantenha o aluno em uma postura passiva, Patr\u00edcia orienta que <mark style=\"background-color:#ff6900\" class=\"has-inline-color\">a media\u00e7\u00e3o do professor deve propor um olhar investigativo sobre a pr\u00f3pria publica\u00e7\u00e3o.<\/mark> &#8220;Se eu colocar um v\u00eddeo, o aluno vai assistir e depois responder perguntas; ele vai continuar no consumo passivo. Mas, se eu transformar aquele conte\u00fado em um objeto de investiga\u00e7\u00e3o, isso muda de perspectiva. Podemos perguntar: quais as evid\u00eancias que o autor tem? Quem \u00e9 aquele autor? As fontes que ele citou s\u00e3o verdadeiras? Existem outras fontes que confirmam ou contradizem essa informa\u00e7\u00e3o?\u201d, pondera.&nbsp;<\/p>\n\n\n\n<p><strong><mark style=\"background-color:#fcb900\" class=\"has-inline-color\">Leia tamb\u00e9m:<br>>> <a href=\"https:\/\/sinepe-rs.org.br\/educacaoempauta\/pedagogico\/entre-o-tiktok-e-a-licao-o-desafio-de-educar-na-era-digital\/\" target=\"_blank\" rel=\"noreferrer noopener\">Entre o TikTok e a Li\u00e7\u00e3o: o desafio de educar na era digital<\/a><br>>> <a href=\"https:\/\/sinepe-rs.org.br\/educacaoempauta\/inspire-se\/escola-santa-monica-une-tendencias-digitais-e-acoes-presenciais\/\" target=\"_blank\" rel=\"noreferrer noopener\">Escola Santa M\u00f4nica une tend\u00eancias digitais e a\u00e7\u00f5es presenciais<\/a><br>>> <a href=\"https:\/\/sinepe-rs.org.br\/educacaoempauta\/inspire-se\/telas-e-bem-estar-o-que-realmente-afeta-a-saude-emocional-dos-jovens\/\" target=\"_blank\" rel=\"noreferrer noopener\">Telas e bem-estar: o que realmente afeta a sa\u00fade emocional dos jovens<\/a><\/mark><\/strong><\/p>\n\n\n\n<h2 class=\"wp-block-heading\"><strong>Diversidade de vozes&nbsp;<\/strong><\/h2>\n\n\n\n<p>Al\u00e9m de servir como objeto de checagem, <mark style=\"background-color:#ff6900\" class=\"has-inline-color\">a curadoria digital permite diversificar o repert\u00f3rio e trazer representatividade para a sala de aula.<\/mark> \u00c9 o caso do trabalho desenvolvido por Kananda Eller. Formada em Qu\u00edmica e mestre em Ensino de Ci\u00eancias Ambientais pela Universidade de S\u00e3o Paulo (USP), a comunicadora criou o projeto <a href=\"https:\/\/www.instagram.com\/deusacientista\/\" target=\"_blank\" rel=\"noreferrer noopener\">Deusa Cientista<\/a>, canal em que resgata a hist\u00f3ria da ci\u00eancia, a ci\u00eancia afro-brasileira, a ci\u00eancia ind\u00edgena e as contribui\u00e7\u00f5es de pesquisadores negros e mulheres historicamente invisibilizados.<\/p>\n\n\n\n<p>&#8220;Nos meus conte\u00fados, eu busco descentralizar o conhecimento cient\u00edfico vindo do continente europeu para trazer essa realidade para o Brasil. Isso \u00e9 um fator n\u00e3o s\u00f3 inovador, como de formar um pensamento cr\u00edtico nessas novas gera\u00e7\u00f5es, que possam buscar teorias, te\u00f3ricos e refer\u00eancias que se aproximem mais da realidade delas&#8221;, conta Kananda.&nbsp;<\/p>\n\n\n\n<figure class=\"wp-block-image size-full\"><img loading=\"lazy\" decoding=\"async\" width=\"828\" height=\"581\" src=\"https:\/\/sinepe-rs.org.br\/educacaoempauta\/wp-content\/uploads\/2026\/09\/image-1.png\" alt=\"\" class=\"wp-image-8995\" srcset=\"https:\/\/sinepe-rs.org.br\/educacaoempauta\/wp-content\/uploads\/2026\/09\/image-1.png 828w, https:\/\/sinepe-rs.org.br\/educacaoempauta\/wp-content\/uploads\/2026\/09\/image-1-300x211.png 300w, https:\/\/sinepe-rs.org.br\/educacaoempauta\/wp-content\/uploads\/2026\/09\/image-1-768x539.png 768w\" sizes=\"auto, (max-width: 828px) 100vw, 828px\" \/><figcaption class=\"wp-element-caption\"><em>V\u00eddeo de Kananda sobre o primeiro presidente negro do Brasil conta com quase 50 mil visualiza\u00e7\u00f5es | Cr\u00e9dito: Reprodu\u00e7\u00e3o Instagram&nbsp;<\/em><\/figcaption><\/figure>\n\n\n\n<p>Para a pesquisadora, <mark style=\"background-color:#ff6900\" class=\"has-inline-color\">o papel das plataformas digitais \u00e9 acender o interesse pelo saber formal, funcionando como uma ponte para o estudo aprofundado.<\/mark> &#8220;Costumo dizer que eu tenho um conte\u00fado que n\u00e3o substitui a sala de aula, a pesquisa, o trabalho do estudante; ele \u00e9 uma luz que mostra qual \u00e9 o caminho. \u00c0s vezes a indiferen\u00e7a ou a falta de interesse vira curiosidade, que \u00e9 a alma de todo pesquisador e cientista\u201d, acredita.&nbsp;<\/p>\n\n\n\n<p>Embora a aproxima\u00e7\u00e3o com divulgadores cient\u00edficos traga frescor ao ensino, ela tamb\u00e9m exp\u00f5e o desafio do letramento midi\u00e1tico. A criadora Eduarda Melo relata que percebe em parte do seu p\u00fablico uma transfer\u00eancia de confian\u00e7a cega: em vez de desenvolverem o senso cr\u00edtico, muitos jovens passam apenas a acreditar de forma incondicional nos criadores educativos.&nbsp;<\/p>\n\n\n\n<p>&#8220;Eles deixaram de confiar cegamente na galera da desinforma\u00e7\u00e3o e passaram a confiar em mim e em outros criadores. Claro que \u00e9 um problema menor, porque a gente se preocupa com o embasamento, mas a parte dif\u00edcil a gente ainda n\u00e3o conseguiu chegar totalmente l\u00e1, que \u00e9 o desenvolvimento desse senso de questionamento, de desconfiar antes de se certificar&#8221;, destaca.<\/p>\n\n\n\n<p>Essa urg\u00eancia de comunicar com clareza ganhou for\u00e7a durante a pandemia de covid-19, quando o avan\u00e7o da desinforma\u00e7\u00e3o provou que o distanciamento da academia tem um pre\u00e7o alto. Kananda observa que traduzir o rigor conceitual para uma linguagem acess\u00edvel deixou de ser uma escolha para virar uma necessidade. Do contr\u00e1rio, para ela, o apag\u00e3o cient\u00edfico afeta o desenvolvimento do pa\u00eds. &#8220;A ci\u00eancia pode perder o seu papel, que \u00e9 trazer solu\u00e7\u00f5es para a sociedade, e pode perder com investimentos tamb\u00e9m&#8221;, alerta a qu\u00edmica. Para ela, abandonar o pedestal acad\u00eamico \u00e9 o \u00fanico caminho vi\u00e1vel. &#8220;N\u00e3o existe um outro futuro que n\u00e3o seja se aproximar da sociedade&#8221;, conclui.<\/p>\n\n\n\n<p>\u00c9 justamente nessa divis\u00e3o de pap\u00e9is que a curadoria digital ganha for\u00e7a no ensino. <mark style=\"background-color:#ff6900\" class=\"has-inline-color\">Enquanto o divulgador cient\u00edfico usa o feed para resgatar o encantamento da juventude de forma r\u00e1pida e atrativa, a escola entra para garantir a densidade que a tela n\u00e3o permite.<\/mark>&nbsp;<\/p>\n\n\n\n<p>Para a professora Rosane Zimmer, a sala de aula n\u00e3o deve ser ref\u00e9m do ritmo fren\u00e9tico da internet. &#8220;O papel da escola dentro da sociedade \u00e9 dar uma freada em rela\u00e7\u00e3o a essa velocidade e n\u00e3o replicar o que a gente comumente faz&#8221;, pontua. Nesse contexto, transformar uma simples curiosidade em conhecimento real exige um recurso escasso no mundo digital. &#8220;Observar, analisar, ouvir e comparar precisa de tempo. E esse \u00e9 o nosso papel&#8221;, conclui a pedagoga.<\/p>\n","protected":false},"excerpt":{"rendered":"<p>Em vez de disputar aten\u00e7\u00e3o com as telas, docentes podem utilizar v\u00eddeos curtos sobre ci\u00eancia como disparadores para a pesquisa e o pensamento cr\u00edtico<\/p>\n","protected":false},"author":4,"featured_media":9002,"comment_status":"closed","ping_status":"closed","sticky":false,"template":"","format":"standard","meta":{"footnotes":""},"categories":[7],"tags":[974,973,43],"class_list":["post-8993","post","type-post","status-publish","format-standard","has-post-thumbnail","hentry","category-inspire-se","tag-criadores-de-conteudo","tag-criadores-de-conteudo-na-educacao","tag-sinepe-rs-2"],"acf":[],"yoast_head":"<!-- This site is optimized with the Yoast SEO plugin v24.6 - https:\/\/yoast.com\/wordpress\/plugins\/seo\/ -->\n<title>Professores e criadores de conte\u00fado unem for\u00e7as na educa\u00e7\u00e3o - Educa\u00e7\u00e3o em Pauta: Portal de reportagens de Educa\u00e7\u00e3o<\/title>\n<meta name=\"description\" content=\"Em vez de disputar aten\u00e7\u00e3o com as telas, docentes podem utilizar v\u00eddeos curtos sobre ci\u00eancia como disparadores para a pesquisa e o pensamento cr\u00edtico\" \/>\n<meta name=\"robots\" content=\"index, follow, max-snippet:-1, max-image-preview:large, max-video-preview:-1\" \/>\n<link rel=\"canonical\" href=\"https:\/\/sinepe-rs.org.br\/educacaoempauta\/inspire-se\/professores-e-criadores-de-conteudo-unem-forcas-na-educacao\/\" \/>\n<meta property=\"og:locale\" content=\"pt_BR\" \/>\n<meta property=\"og:type\" content=\"article\" \/>\n<meta property=\"og:title\" content=\"Professores e criadores de conte\u00fado unem for\u00e7as na educa\u00e7\u00e3o - Educa\u00e7\u00e3o em Pauta: Portal de reportagens de Educa\u00e7\u00e3o\" \/>\n<meta property=\"og:description\" content=\"Em vez de disputar aten\u00e7\u00e3o com as telas, docentes podem utilizar v\u00eddeos curtos sobre ci\u00eancia como disparadores para a pesquisa e o pensamento cr\u00edtico\" \/>\n<meta property=\"og:url\" content=\"https:\/\/sinepe-rs.org.br\/educacaoempauta\/inspire-se\/professores-e-criadores-de-conteudo-unem-forcas-na-educacao\/\" \/>\n<meta property=\"og:site_name\" content=\"Educa\u00e7\u00e3o em Pauta: Portal de reportagens de Educa\u00e7\u00e3o\" \/>\n<meta property=\"article:published_time\" content=\"2026-09-03T10:01:00+00:00\" \/>\n<meta property=\"og:image\" content=\"https:\/\/sinepe-rs.org.br\/educacaoempauta\/wp-content\/uploads\/2026\/09\/634_sinepers_criadoresdeconteudos.jpg\" \/>\n\t<meta property=\"og:image:width\" content=\"1366\" \/>\n\t<meta property=\"og:image:height\" content=\"450\" \/>\n\t<meta property=\"og:image:type\" content=\"image\/jpeg\" \/>\n<meta name=\"author\" content=\"Eduardo Wolff\" \/>\n<meta name=\"twitter:card\" content=\"summary_large_image\" \/>\n<meta name=\"twitter:label1\" content=\"Escrito por\" \/>\n\t<meta name=\"twitter:data1\" content=\"Eduardo Wolff\" \/>\n\t<meta name=\"twitter:label2\" content=\"Est. tempo de leitura\" \/>\n\t<meta name=\"twitter:data2\" content=\"9 minutos\" \/>\n<script type=\"application\/ld+json\" class=\"yoast-schema-graph\">{\"@context\":\"https:\/\/schema.org\",\"@graph\":[{\"@type\":\"WebPage\",\"@id\":\"https:\/\/sinepe-rs.org.br\/educacaoempauta\/inspire-se\/professores-e-criadores-de-conteudo-unem-forcas-na-educacao\/\",\"url\":\"https:\/\/sinepe-rs.org.br\/educacaoempauta\/inspire-se\/professores-e-criadores-de-conteudo-unem-forcas-na-educacao\/\",\"name\":\"Professores e criadores de conte\u00fado unem for\u00e7as na educa\u00e7\u00e3o - Educa\u00e7\u00e3o em Pauta: Portal de reportagens de Educa\u00e7\u00e3o\",\"isPartOf\":{\"@id\":\"https:\/\/sinepe-rs.org.br\/educacaoempauta\/#website\"},\"primaryImageOfPage\":{\"@id\":\"https:\/\/sinepe-rs.org.br\/educacaoempauta\/inspire-se\/professores-e-criadores-de-conteudo-unem-forcas-na-educacao\/#primaryimage\"},\"image\":{\"@id\":\"https:\/\/sinepe-rs.org.br\/educacaoempauta\/inspire-se\/professores-e-criadores-de-conteudo-unem-forcas-na-educacao\/#primaryimage\"},\"thumbnailUrl\":\"https:\/\/sinepe-rs.org.br\/educacaoempauta\/wp-content\/uploads\/2026\/09\/634_sinepers_criadoresdeconteudos.jpg\",\"datePublished\":\"2026-09-03T10:01:00+00:00\",\"author\":{\"@id\":\"https:\/\/sinepe-rs.org.br\/educacaoempauta\/#\/schema\/person\/a9bb8c61d5b098df16c34ec9d7154a99\"},\"description\":\"Em vez de disputar aten\u00e7\u00e3o com as telas, docentes podem utilizar v\u00eddeos curtos sobre ci\u00eancia como disparadores para a pesquisa e o pensamento cr\u00edtico\",\"breadcrumb\":{\"@id\":\"https:\/\/sinepe-rs.org.br\/educacaoempauta\/inspire-se\/professores-e-criadores-de-conteudo-unem-forcas-na-educacao\/#breadcrumb\"},\"inLanguage\":\"pt-BR\",\"potentialAction\":[{\"@type\":\"ReadAction\",\"target\":[\"https:\/\/sinepe-rs.org.br\/educacaoempauta\/inspire-se\/professores-e-criadores-de-conteudo-unem-forcas-na-educacao\/\"]}]},{\"@type\":\"ImageObject\",\"inLanguage\":\"pt-BR\",\"@id\":\"https:\/\/sinepe-rs.org.br\/educacaoempauta\/inspire-se\/professores-e-criadores-de-conteudo-unem-forcas-na-educacao\/#primaryimage\",\"url\":\"https:\/\/sinepe-rs.org.br\/educacaoempauta\/wp-content\/uploads\/2026\/09\/634_sinepers_criadoresdeconteudos.jpg\",\"contentUrl\":\"https:\/\/sinepe-rs.org.br\/educacaoempauta\/wp-content\/uploads\/2026\/09\/634_sinepers_criadoresdeconteudos.jpg\",\"width\":1366,\"height\":450,\"caption\":\"Professores e criadores de conte\u00fado unem for\u00e7as na educa\u00e7\u00e3o\"},{\"@type\":\"BreadcrumbList\",\"@id\":\"https:\/\/sinepe-rs.org.br\/educacaoempauta\/inspire-se\/professores-e-criadores-de-conteudo-unem-forcas-na-educacao\/#breadcrumb\",\"itemListElement\":[{\"@type\":\"ListItem\",\"position\":1,\"name\":\"Home\",\"item\":\"https:\/\/sinepe-rs.org.br\/educacaoempauta\/\"},{\"@type\":\"ListItem\",\"position\":2,\"name\":\"Professores e criadores de conte\u00fado unem for\u00e7as na educa\u00e7\u00e3o\"}]},{\"@type\":\"WebSite\",\"@id\":\"https:\/\/sinepe-rs.org.br\/educacaoempauta\/#website\",\"url\":\"https:\/\/sinepe-rs.org.br\/educacaoempauta\/\",\"name\":\"Educa\u00e7\u00e3o em Pauta: Portal de reportagens de Educa\u00e7\u00e3o\",\"description\":\"Sinepe-RS\",\"potentialAction\":[{\"@type\":\"SearchAction\",\"target\":{\"@type\":\"EntryPoint\",\"urlTemplate\":\"https:\/\/sinepe-rs.org.br\/educacaoempauta\/?s={search_term_string}\"},\"query-input\":{\"@type\":\"PropertyValueSpecification\",\"valueRequired\":true,\"valueName\":\"search_term_string\"}}],\"inLanguage\":\"pt-BR\"},{\"@type\":\"Person\",\"@id\":\"https:\/\/sinepe-rs.org.br\/educacaoempauta\/#\/schema\/person\/a9bb8c61d5b098df16c34ec9d7154a99\",\"name\":\"Eduardo Wolff\",\"image\":{\"@type\":\"ImageObject\",\"inLanguage\":\"pt-BR\",\"@id\":\"https:\/\/sinepe-rs.org.br\/educacaoempauta\/#\/schema\/person\/image\/\",\"url\":\"https:\/\/secure.gravatar.com\/avatar\/dc93e7510d4af8ae2514871724e1fbe69e43cadf2bc69fa120c919f4a599d7ca?s=96&d=mm&r=g\",\"contentUrl\":\"https:\/\/secure.gravatar.com\/avatar\/dc93e7510d4af8ae2514871724e1fbe69e43cadf2bc69fa120c919f4a599d7ca?s=96&d=mm&r=g\",\"caption\":\"Eduardo Wolff\"},\"url\":\"https:\/\/sinepe-rs.org.br\/educacaoempauta\/author\/eduardo\/\"}]}<\/script>\n<!-- \/ Yoast SEO plugin. -->","yoast_head_json":{"title":"Professores e criadores de conte\u00fado unem for\u00e7as na educa\u00e7\u00e3o - Educa\u00e7\u00e3o em Pauta: Portal de reportagens de Educa\u00e7\u00e3o","description":"Em vez de disputar aten\u00e7\u00e3o com as telas, docentes podem utilizar v\u00eddeos curtos sobre ci\u00eancia como disparadores para a pesquisa e o pensamento cr\u00edtico","robots":{"index":"index","follow":"follow","max-snippet":"max-snippet:-1","max-image-preview":"max-image-preview:large","max-video-preview":"max-video-preview:-1"},"canonical":"https:\/\/sinepe-rs.org.br\/educacaoempauta\/inspire-se\/professores-e-criadores-de-conteudo-unem-forcas-na-educacao\/","og_locale":"pt_BR","og_type":"article","og_title":"Professores e criadores de conte\u00fado unem for\u00e7as na educa\u00e7\u00e3o - Educa\u00e7\u00e3o em Pauta: Portal de reportagens de Educa\u00e7\u00e3o","og_description":"Em vez de disputar aten\u00e7\u00e3o com as telas, docentes podem utilizar v\u00eddeos curtos sobre ci\u00eancia como disparadores para a pesquisa e o pensamento cr\u00edtico","og_url":"https:\/\/sinepe-rs.org.br\/educacaoempauta\/inspire-se\/professores-e-criadores-de-conteudo-unem-forcas-na-educacao\/","og_site_name":"Educa\u00e7\u00e3o em Pauta: Portal de reportagens de Educa\u00e7\u00e3o","article_published_time":"2026-09-03T10:01:00+00:00","og_image":[{"width":1366,"height":450,"url":"https:\/\/sinepe-rs.org.br\/educacaoempauta\/wp-content\/uploads\/2026\/09\/634_sinepers_criadoresdeconteudos.jpg","type":"image\/jpeg"}],"author":"Eduardo Wolff","twitter_card":"summary_large_image","twitter_misc":{"Escrito por":"Eduardo Wolff","Est. tempo de leitura":"9 minutos"},"schema":{"@context":"https:\/\/schema.org","@graph":[{"@type":"WebPage","@id":"https:\/\/sinepe-rs.org.br\/educacaoempauta\/inspire-se\/professores-e-criadores-de-conteudo-unem-forcas-na-educacao\/","url":"https:\/\/sinepe-rs.org.br\/educacaoempauta\/inspire-se\/professores-e-criadores-de-conteudo-unem-forcas-na-educacao\/","name":"Professores e criadores de conte\u00fado unem for\u00e7as na educa\u00e7\u00e3o - Educa\u00e7\u00e3o em Pauta: Portal de reportagens de Educa\u00e7\u00e3o","isPartOf":{"@id":"https:\/\/sinepe-rs.org.br\/educacaoempauta\/#website"},"primaryImageOfPage":{"@id":"https:\/\/sinepe-rs.org.br\/educacaoempauta\/inspire-se\/professores-e-criadores-de-conteudo-unem-forcas-na-educacao\/#primaryimage"},"image":{"@id":"https:\/\/sinepe-rs.org.br\/educacaoempauta\/inspire-se\/professores-e-criadores-de-conteudo-unem-forcas-na-educacao\/#primaryimage"},"thumbnailUrl":"https:\/\/sinepe-rs.org.br\/educacaoempauta\/wp-content\/uploads\/2026\/09\/634_sinepers_criadoresdeconteudos.jpg","datePublished":"2026-09-03T10:01:00+00:00","author":{"@id":"https:\/\/sinepe-rs.org.br\/educacaoempauta\/#\/schema\/person\/a9bb8c61d5b098df16c34ec9d7154a99"},"description":"Em vez de disputar aten\u00e7\u00e3o com as telas, docentes podem utilizar v\u00eddeos curtos sobre ci\u00eancia como disparadores para a pesquisa e o pensamento cr\u00edtico","breadcrumb":{"@id":"https:\/\/sinepe-rs.org.br\/educacaoempauta\/inspire-se\/professores-e-criadores-de-conteudo-unem-forcas-na-educacao\/#breadcrumb"},"inLanguage":"pt-BR","potentialAction":[{"@type":"ReadAction","target":["https:\/\/sinepe-rs.org.br\/educacaoempauta\/inspire-se\/professores-e-criadores-de-conteudo-unem-forcas-na-educacao\/"]}]},{"@type":"ImageObject","inLanguage":"pt-BR","@id":"https:\/\/sinepe-rs.org.br\/educacaoempauta\/inspire-se\/professores-e-criadores-de-conteudo-unem-forcas-na-educacao\/#primaryimage","url":"https:\/\/sinepe-rs.org.br\/educacaoempauta\/wp-content\/uploads\/2026\/09\/634_sinepers_criadoresdeconteudos.jpg","contentUrl":"https:\/\/sinepe-rs.org.br\/educacaoempauta\/wp-content\/uploads\/2026\/09\/634_sinepers_criadoresdeconteudos.jpg","width":1366,"height":450,"caption":"Professores e criadores de conte\u00fado unem for\u00e7as na educa\u00e7\u00e3o"},{"@type":"BreadcrumbList","@id":"https:\/\/sinepe-rs.org.br\/educacaoempauta\/inspire-se\/professores-e-criadores-de-conteudo-unem-forcas-na-educacao\/#breadcrumb","itemListElement":[{"@type":"ListItem","position":1,"name":"Home","item":"https:\/\/sinepe-rs.org.br\/educacaoempauta\/"},{"@type":"ListItem","position":2,"name":"Professores e criadores de conte\u00fado unem for\u00e7as na educa\u00e7\u00e3o"}]},{"@type":"WebSite","@id":"https:\/\/sinepe-rs.org.br\/educacaoempauta\/#website","url":"https:\/\/sinepe-rs.org.br\/educacaoempauta\/","name":"Educa\u00e7\u00e3o em Pauta: Portal de reportagens de Educa\u00e7\u00e3o","description":"Sinepe-RS","potentialAction":[{"@type":"SearchAction","target":{"@type":"EntryPoint","urlTemplate":"https:\/\/sinepe-rs.org.br\/educacaoempauta\/?s={search_term_string}"},"query-input":{"@type":"PropertyValueSpecification","valueRequired":true,"valueName":"search_term_string"}}],"inLanguage":"pt-BR"},{"@type":"Person","@id":"https:\/\/sinepe-rs.org.br\/educacaoempauta\/#\/schema\/person\/a9bb8c61d5b098df16c34ec9d7154a99","name":"Eduardo Wolff","image":{"@type":"ImageObject","inLanguage":"pt-BR","@id":"https:\/\/sinepe-rs.org.br\/educacaoempauta\/#\/schema\/person\/image\/","url":"https:\/\/secure.gravatar.com\/avatar\/dc93e7510d4af8ae2514871724e1fbe69e43cadf2bc69fa120c919f4a599d7ca?s=96&d=mm&r=g","contentUrl":"https:\/\/secure.gravatar.com\/avatar\/dc93e7510d4af8ae2514871724e1fbe69e43cadf2bc69fa120c919f4a599d7ca?s=96&d=mm&r=g","caption":"Eduardo Wolff"},"url":"https:\/\/sinepe-rs.org.br\/educacaoempauta\/author\/eduardo\/"}]}},"_links":{"self":[{"href":"https:\/\/sinepe-rs.org.br\/educacaoempauta\/wp-json\/wp\/v2\/posts\/8993","targetHints":{"allow":["GET"]}}],"collection":[{"href":"https:\/\/sinepe-rs.org.br\/educacaoempauta\/wp-json\/wp\/v2\/posts"}],"about":[{"href":"https:\/\/sinepe-rs.org.br\/educacaoempauta\/wp-json\/wp\/v2\/types\/post"}],"author":[{"embeddable":true,"href":"https:\/\/sinepe-rs.org.br\/educacaoempauta\/wp-json\/wp\/v2\/users\/4"}],"replies":[{"embeddable":true,"href":"https:\/\/sinepe-rs.org.br\/educacaoempauta\/wp-json\/wp\/v2\/comments?post=8993"}],"version-history":[{"count":12,"href":"https:\/\/sinepe-rs.org.br\/educacaoempauta\/wp-json\/wp\/v2\/posts\/8993\/revisions"}],"predecessor-version":[{"id":9008,"href":"https:\/\/sinepe-rs.org.br\/educacaoempauta\/wp-json\/wp\/v2\/posts\/8993\/revisions\/9008"}],"wp:featuredmedia":[{"embeddable":true,"href":"https:\/\/sinepe-rs.org.br\/educacaoempauta\/wp-json\/wp\/v2\/media\/9002"}],"wp:attachment":[{"href":"https:\/\/sinepe-rs.org.br\/educacaoempauta\/wp-json\/wp\/v2\/media?parent=8993"}],"wp:term":[{"taxonomy":"category","embeddable":true,"href":"https:\/\/sinepe-rs.org.br\/educacaoempauta\/wp-json\/wp\/v2\/categories?post=8993"},{"taxonomy":"post_tag","embeddable":true,"href":"https:\/\/sinepe-rs.org.br\/educacaoempauta\/wp-json\/wp\/v2\/tags?post=8993"}],"curies":[{"name":"wp","href":"https:\/\/api.w.org\/{rel}","templated":true}]}}